{"id":1018,"date":"2025-08-09T13:00:00","date_gmt":"2025-08-09T13:00:00","guid":{"rendered":"https:\/\/conectagrao.com.br\/blog\/?p=1018"},"modified":"2025-08-09T03:26:01","modified_gmt":"2025-08-09T03:26:01","slug":"whatsapp-no-agro-agricultores-fecham-negocios-todos-os-dias","status":"publish","type":"post","link":"https:\/\/conectagrao.com.br\/blog\/whatsapp-no-agro-agricultores-fecham-negocios-todos-os-dias\/","title":{"rendered":"WhatsApp no Agro: Agricultores Fecham Neg\u00f3cios Todos os Dias"},"content":{"rendered":"\n<p>H\u00e1 alguns anos, o WhatsApp era apenas um aplicativo de mensagens para conversar com amigos e familiares. Hoje, por\u00e9m<strong>,<\/strong> ele \u00e9 uma das principais ferramentas de neg\u00f3cios no agroneg\u00f3cio brasileiro. De fato, de pequenos produtores a grandes cooperativas, todos est\u00e3o encontrando no aplicativo um canal direto, r\u00e1pido e eficiente para fechar vendas, negociar insumos e at\u00e9 contratar servi\u00e7os.<\/p>\n\n\n\n<p>O mais interessante \u00e9 que essa transforma\u00e7\u00e3o n\u00e3o veio de cima para baixo. Pelo contr\u00e1rio, nasceu no pr\u00f3prio campo, com agricultores descobrindo que poderiam usar o celular para muito mais do que mandar mensagens.<\/p>\n\n\n\n<h2 class=\"wp-block-heading\">O novo \u201ctelefone fixo\u201d do produtor rural<\/h2>\n\n\n\n<p>No passado, fechar neg\u00f3cio no agro exigia visitas presenciais, telefonemas e muitas horas de estrada. Agora, com o WhatsApp, as dist\u00e2ncias encurtaram e o contato se tornou quase imediato.<\/p>\n\n\n\n<p>Atualmente, por exemplo, \u00e9 comum ver produtores que:<\/p>\n\n\n\n<ul class=\"wp-block-list\">\n<li><strong>Negociam lotes de gr\u00e3os<\/strong> diretamente com compradores, enviando fotos e v\u00eddeos da colheita.<\/li>\n\n\n\n<li><strong>Compram insumos<\/strong> com fornecedores que mandam cota\u00e7\u00f5es e condi\u00e7\u00f5es em tempo real.<\/li>\n\n\n\n<li><strong>Participam de grupos de neg\u00f3cios<\/strong>, onde oportunidades surgem a qualquer hora do dia.<\/li>\n\n\n\n<li><strong>Organizam fretes<\/strong> com transportadores que tamb\u00e9m est\u00e3o na rede.<\/li>\n<\/ul>\n\n\n\n<p>Segundo dados da <strong>Meta<\/strong> (empresa dona do WhatsApp), mais de <strong>5 bilh\u00f5es de mensagens<\/strong> s\u00e3o trocadas todos os dias entre empresas e clientes pelo aplicativo. <strong>No caso do agro,<\/strong> esse movimento se intensifica ainda mais durante per\u00edodos de safra e plantio.<\/p>\n\n\n\n<h2 class=\"wp-block-heading\">Casos reais de uso no campo<\/h2>\n\n\n\n<p><strong>Durante a \u00faltima safra de soja no Mato Grosso, por exemplo,<\/strong> um grupo de produtores usou o WhatsApp para organizar uma <strong>compra coletiva de defensivos agr\u00edcolas<\/strong>. Em menos de 48 horas, eles fecharam um pedido de mais de <strong>R$ 800 mil<\/strong> em produtos, garantindo pre\u00e7os mais baixos e log\u00edstica otimizada.<\/p>\n\n\n\n<p><strong>J\u00e1 em Minas Gerais,<\/strong> produtores de caf\u00e9 est\u00e3o utilizando o recurso de <strong>lista de transmiss\u00e3o<\/strong> para enviar <strong>boletins semanais de pre\u00e7os e disponibilidade<\/strong> para compradores. Dessa forma, todos permanecem informados sem depender exclusivamente de feiras ou visitas presenciais.<\/p>\n\n\n\n<h2 class=\"wp-block-heading\">Vantagens que fazem diferen\u00e7a<\/h2>\n\n\n\n<p>O sucesso do WhatsApp no agro vem de um conjunto de fatores e, <strong>consequentemente,<\/strong> impacta diretamente a competitividade dos produtores:<\/p>\n\n\n\n<ol class=\"wp-block-list\">\n<li><strong>Rapidez na comunica\u00e7\u00e3o<\/strong> \u2014 Mensagens chegam na hora, sem burocracia.<\/li>\n\n\n\n<li><strong>Registro das conversas<\/strong> \u2014 Facilita o acompanhamento e evita mal-entendidos.<\/li>\n\n\n\n<li><strong>Compartilhamento multim\u00eddia<\/strong> \u2014 Fotos, v\u00eddeos e documentos ajudam a mostrar a qualidade do produto.<\/li>\n\n\n\n<li><strong>Baixo custo<\/strong> \u2014 N\u00e3o exige grandes investimentos em tecnologia.<\/li>\n\n\n\n<li><strong>Acesso mesmo em \u00e1reas remotas<\/strong> \u2014 Funciona com internet m\u00f3vel de baixa velocidade.<\/li>\n<\/ol>\n\n\n\n<div style=\"border: 2px solid #ff9800; border-radius: 10px; padding: 20px; background: #ffffff; box-shadow: 0 4px 12px rgba(0,0,0,0.1); font-family: Arial, sans-serif; width: 100%; max-width: 100%; margin: 20px 0; text-align: center; box-sizing: border-box;\">\n  \n  <h3 style=\"color: #ff9800; font-size: 24px; margin-top: 0; margin-bottom: 15px;\">\n    <span style=\"display: none;\" class=\"whatsapp-icon\">\n      <img decoding=\"async\" src=\"https:\/\/e7.pngegg.com\/pngimages\/347\/373\/png-clipart-computer-icons-whatsapp-whatsapp-text-trademark-thumbnail.png\" alt=\"WhatsApp\" style=\"width: 40px; height: 40px; border-radius: 50%; object-fit: cover;\">\n    <\/span>\n  <\/h3>\n  \n  <div style=\"display: flex; justify-content: center; align-items: center; flex-wrap: wrap; margin-bottom: 10px;\">\n    <div style=\"text-align: center; margin-right: 10px;\"> <!-- Reduzido o margin-right -->\n      <p style=\"font-size: 16px; color: #333; line-height: 1.5; margin: 0;\">\n        \ud83d\udcf0 Not\u00edcias &#038; Mercado | \ud83d\udd14 Novidades <span class=\"desktop-separator\">|<\/span>\n      <\/p>\n    <\/div>\n    <div style=\"text-align: center;\">\n      <p style=\"font-size: 16px; color: #333; line-height: 1.5; margin: 0;\">\n        \u26c5 Clima | \ud83d\ude80 Tecnologia | \ud83d\udcf1 Blog\n      <\/p>\n    <\/div>\n  <\/div>\n  \n  <a href=\"https:\/\/www.whatsapp.com\/channel\/0029VaLMT22GOj9f6eVOpJ0N\" target=\"_blank\" style=\"background: #25D366; color: #fff; padding: 10px 20px; font-size: 16px; font-weight: bold; text-decoration: none; border-radius: 30px; display: inline-block; transition: all 0.3s; position: relative;\">\n    <img decoding=\"async\" src=\"https:\/\/upload.wikimedia.org\/wikipedia\/commons\/6\/6b\/WhatsApp.svg\" alt=\"WhatsApp\" style=\"width: 20px; height: 20px; vertical-align: middle; margin-right: 5px;\">\n    Entrar no Canal\n  <\/a>\n  \n  <p style=\"font-size: 12px; color: #666; margin-top: 15px; font-weight: bold;\">\n    Sua conex\u00e3o com as melhores informa\u00e7\u00f5es do agroneg\u00f3cio!\n  <\/p>\n<\/div>\n\n<style>\n@media (max-width: 768px) {\n  .desktop-separator {\n    display: none; \/* Ocultar o separador \"|\" em dispositivos m\u00f3veis *\/\n  }\n  h3 {\n    font-size: 20px; \/* Diminuir o tamanho da fonte do t\u00edtulo em dispositivos m\u00f3veis *\/\n  }\n  p {\n    font-size: 14px; \/* Diminuir o tamanho da fonte dos par\u00e1grafos em dispositivos m\u00f3veis *\/\n  }\n  a {\n    font-size: 14px; \/* Diminuir o tamanho da fonte do bot\u00e3o em dispositivos m\u00f3veis *\/\n    padding: 8px 15px; \/* Ajustar o padding do bot\u00e3o em dispositivos m\u00f3veis *\/\n  }\n}\n<\/style>\n\n\n\n<h2 class=\"wp-block-heading\">E a seguran\u00e7a nas negocia\u00e7\u00f5es?<\/h2>\n\n\n\n<p>Apesar da facilidade, <strong>\u00e9 <\/strong>importante destacar que \u00e9 preciso cuidado. Especialistas recomendam:<\/p>\n\n\n\n<ul class=\"wp-block-list\">\n<li>Confirmar a identidade da outra parte antes de fechar neg\u00f3cios.<\/li>\n\n\n\n<li>Usar contratos formais, mesmo que a negocia\u00e7\u00e3o inicial seja pelo aplicativo.<\/li>\n\n\n\n<li>Evitar compartilhar dados sens\u00edveis em grupos p\u00fablicos.<\/li>\n\n\n\n<li>Aproveitar recursos como verifica\u00e7\u00e3o em duas etapas para proteger a conta.<\/li>\n<\/ul>\n\n\n\n<p>Assim, o produtor garante agilidade sem abrir m\u00e3o da seguran\u00e7a.<\/p>\n\n\n\n<h2 class=\"wp-block-heading\">Tend\u00eancia que veio para ficar<\/h2>\n\n\n\n<p>O WhatsApp j\u00e1 ultrapassou a fase de \u201cferramenta improvisada\u201d no agro. Atualmente, ele \u00e9 parte da estrat\u00e9gia comercial de muitos produtores. Al\u00e9m disso, cooperativas e revendas est\u00e3o criando grupos segmentados, enviando ofertas personalizadas e at\u00e9 integrando <strong>sistemas de gest\u00e3o agr\u00edcola<\/strong> com o aplicativo.<\/p>\n\n\n\n<p>Para o produtor, isso significa mais oportunidades, negocia\u00e7\u00f5es mais r\u00e1pidas e maior poder de decis\u00e3o sobre quando e como vender ou comprar.<\/p>\n\n\n\n<h2 class=\"wp-block-heading\">O agro mais conectado<\/h2>\n\n\n\n<p>A ado\u00e7\u00e3o do WhatsApp como canal de neg\u00f3cios no campo \u00e9 um exemplo claro de como a tecnologia pode se adaptar \u00e0 realidade rural. Com isso, sem precisar de investimentos altos, agricultores est\u00e3o transformando um simples aplicativo em uma ponte di\u00e1ria para novos neg\u00f3cios. Os altos, agricultores est\u00e3o transformando um simples aplicativo em uma ponte di\u00e1ria para novos neg\u00f3cios.<\/p>\n","protected":false},"excerpt":{"rendered":"<p>H\u00e1 alguns anos, o WhatsApp era apenas um aplicativo de mensagens para conversar com amigos e familiares. Hoje, por\u00e9m, ele \u00e9 uma das principais ferramentas de neg\u00f3cios no agroneg\u00f3cio brasileiro. De fato, de pequenos produtores a grandes cooperativas, todos est\u00e3o encontrando no aplicativo um canal direto, r\u00e1pido e eficiente para fechar vendas, negociar insumos e [&hellip;]<\/p>\n","protected":false},"author":1,"featured_media":1019,"comment_status":"open","ping_status":"open","sticky":false,"template":"","format":"standard","meta":{"_coblocks_attr":"","_coblocks_dimensions":"","_coblocks_responsive_height":"","_coblocks_accordion_ie_support":"","_uag_custom_page_level_css":"","footnotes":""},"categories":[1,30],"tags":[],"class_list":["post-1018","post","type-post","status-publish","format-standard","has-post-thumbnail","hentry","category-blog","category-tecnologia"],"yoast_head":"<!-- This site is optimized with the Yoast SEO plugin v27.4 - https:\/\/yoast.com\/product\/yoast-seo-wordpress\/ -->\n<title>WhatsApp no Agro: Agricultores Fecham Neg\u00f3cios Todos os Dias - ConectaGr\u00e3o<\/title>\n<meta name=\"description\" content=\"Como produtores rurais est\u00e3o transformando o WhatsApp em uma ferramenta poderosa para vender, comprar e negociar no agro todos os dias.\" \/>\n<meta name=\"robots\" content=\"index, follow, max-snippet:-1, max-image-preview:large, max-video-preview:-1\" \/>\n<link rel=\"canonical\" href=\"https:\/\/conectagrao.com.br\/blog\/whatsapp-no-agro-agricultores-fecham-negocios-todos-os-dias\/\" \/>\n<meta property=\"og:locale\" content=\"pt_BR\" \/>\n<meta property=\"og:type\" content=\"article\" \/>\n<meta property=\"og:title\" content=\"WhatsApp no Agro: Agricultores Fecham Neg\u00f3cios Todos os Dias - ConectaGr\u00e3o\" \/>\n<meta property=\"og:description\" content=\"Como produtores rurais est\u00e3o transformando o WhatsApp em uma ferramenta poderosa para vender, comprar e negociar no agro todos os dias.\" \/>\n<meta property=\"og:url\" content=\"https:\/\/conectagrao.com.br\/blog\/whatsapp-no-agro-agricultores-fecham-negocios-todos-os-dias\/\" \/>\n<meta property=\"og:site_name\" content=\"ConectaGr\u00e3o\" \/>\n<meta property=\"article:publisher\" content=\"https:\/\/www.facebook.com\/conectagrao\/\" \/>\n<meta property=\"article:author\" content=\"https:\/\/www.facebook.com\/share\/1A5mH5g3LK\/\" \/>\n<meta property=\"article:published_time\" content=\"2025-08-09T13:00:00+00:00\" \/>\n<meta property=\"og:image\" content=\"https:\/\/conectagrao.com.br\/blog\/wp-content\/uploads\/2025\/08\/WhatsApp-no-AgroAgricultores-Fecham-Negocios-Todos-os-Dias.jpeg\" \/>\n\t<meta property=\"og:image:width\" content=\"2560\" \/>\n\t<meta property=\"og:image:height\" content=\"1707\" \/>\n\t<meta property=\"og:image:type\" content=\"image\/jpeg\" \/>\n<meta name=\"author\" content=\"conectagrao\" \/>\n<meta name=\"twitter:card\" content=\"summary_large_image\" \/>\n<meta name=\"twitter:label1\" content=\"Escrito por\" \/>\n\t<meta name=\"twitter:data1\" content=\"conectagrao\" \/>\n\t<meta name=\"twitter:label2\" content=\"Est. tempo de leitura\" \/>\n\t<meta name=\"twitter:data2\" content=\"5 minutos\" \/>\n<script type=\"application\/ld+json\" class=\"yoast-schema-graph\">{\"@context\":\"https:\\\/\\\/schema.org\",\"@graph\":[{\"@type\":\"Article\",\"@id\":\"https:\\\/\\\/conectagrao.com.br\\\/blog\\\/whatsapp-no-agro-agricultores-fecham-negocios-todos-os-dias\\\/#article\",\"isPartOf\":{\"@id\":\"https:\\\/\\\/conectagrao.com.br\\\/blog\\\/whatsapp-no-agro-agricultores-fecham-negocios-todos-os-dias\\\/\"},\"author\":{\"name\":\"conectagrao\",\"@id\":\"https:\\\/\\\/conectagrao.com.br\\\/blog\\\/#\\\/schema\\\/person\\\/ba64f63526cab8efbf8b1f8198926135\"},\"headline\":\"WhatsApp no Agro: Agricultores Fecham Neg\u00f3cios Todos os Dias\",\"datePublished\":\"2025-08-09T13:00:00+00:00\",\"mainEntityOfPage\":{\"@id\":\"https:\\\/\\\/conectagrao.com.br\\\/blog\\\/whatsapp-no-agro-agricultores-fecham-negocios-todos-os-dias\\\/\"},\"wordCount\":672,\"commentCount\":0,\"publisher\":{\"@id\":\"https:\\\/\\\/conectagrao.com.br\\\/blog\\\/#organization\"},\"image\":{\"@id\":\"https:\\\/\\\/conectagrao.com.br\\\/blog\\\/whatsapp-no-agro-agricultores-fecham-negocios-todos-os-dias\\\/#primaryimage\"},\"thumbnailUrl\":\"https:\\\/\\\/conectagrao.com.br\\\/blog\\\/wp-content\\\/uploads\\\/2025\\\/08\\\/WhatsApp-no-AgroAgricultores-Fecham-Negocios-Todos-os-Dias.jpeg\",\"articleSection\":[\"Blog\",\"Tecnologia &amp; Maquinas\"],\"inLanguage\":\"pt-BR\",\"potentialAction\":[{\"@type\":\"CommentAction\",\"name\":\"Comment\",\"target\":[\"https:\\\/\\\/conectagrao.com.br\\\/blog\\\/whatsapp-no-agro-agricultores-fecham-negocios-todos-os-dias\\\/#respond\"]}]},{\"@type\":\"WebPage\",\"@id\":\"https:\\\/\\\/conectagrao.com.br\\\/blog\\\/whatsapp-no-agro-agricultores-fecham-negocios-todos-os-dias\\\/\",\"url\":\"https:\\\/\\\/conectagrao.com.br\\\/blog\\\/whatsapp-no-agro-agricultores-fecham-negocios-todos-os-dias\\\/\",\"name\":\"WhatsApp no Agro: Agricultores Fecham Neg\u00f3cios Todos os Dias - ConectaGr\u00e3o\",\"isPartOf\":{\"@id\":\"https:\\\/\\\/conectagrao.com.br\\\/blog\\\/#website\"},\"primaryImageOfPage\":{\"@id\":\"https:\\\/\\\/conectagrao.com.br\\\/blog\\\/whatsapp-no-agro-agricultores-fecham-negocios-todos-os-dias\\\/#primaryimage\"},\"image\":{\"@id\":\"https:\\\/\\\/conectagrao.com.br\\\/blog\\\/whatsapp-no-agro-agricultores-fecham-negocios-todos-os-dias\\\/#primaryimage\"},\"thumbnailUrl\":\"https:\\\/\\\/conectagrao.com.br\\\/blog\\\/wp-content\\\/uploads\\\/2025\\\/08\\\/WhatsApp-no-AgroAgricultores-Fecham-Negocios-Todos-os-Dias.jpeg\",\"datePublished\":\"2025-08-09T13:00:00+00:00\",\"description\":\"Como produtores rurais est\u00e3o transformando o WhatsApp em uma ferramenta poderosa para vender, comprar e negociar no agro todos os dias.\",\"breadcrumb\":{\"@id\":\"https:\\\/\\\/conectagrao.com.br\\\/blog\\\/whatsapp-no-agro-agricultores-fecham-negocios-todos-os-dias\\\/#breadcrumb\"},\"inLanguage\":\"pt-BR\",\"potentialAction\":[{\"@type\":\"ReadAction\",\"target\":[\"https:\\\/\\\/conectagrao.com.br\\\/blog\\\/whatsapp-no-agro-agricultores-fecham-negocios-todos-os-dias\\\/\"]}]},{\"@type\":\"ImageObject\",\"inLanguage\":\"pt-BR\",\"@id\":\"https:\\\/\\\/conectagrao.com.br\\\/blog\\\/whatsapp-no-agro-agricultores-fecham-negocios-todos-os-dias\\\/#primaryimage\",\"url\":\"https:\\\/\\\/conectagrao.com.br\\\/blog\\\/wp-content\\\/uploads\\\/2025\\\/08\\\/WhatsApp-no-AgroAgricultores-Fecham-Negocios-Todos-os-Dias.jpeg\",\"contentUrl\":\"https:\\\/\\\/conectagrao.com.br\\\/blog\\\/wp-content\\\/uploads\\\/2025\\\/08\\\/WhatsApp-no-AgroAgricultores-Fecham-Negocios-Todos-os-Dias.jpeg\",\"width\":2560,\"height\":1707,\"caption\":\"WhatsApp no Agro: Agricultores Fecham Neg\u00f3cios Todos os Dias\"},{\"@type\":\"BreadcrumbList\",\"@id\":\"https:\\\/\\\/conectagrao.com.br\\\/blog\\\/whatsapp-no-agro-agricultores-fecham-negocios-todos-os-dias\\\/#breadcrumb\",\"itemListElement\":[{\"@type\":\"ListItem\",\"position\":1,\"name\":\"In\u00edcio\",\"item\":\"https:\\\/\\\/conectagrao.com.br\\\/blog\\\/\"},{\"@type\":\"ListItem\",\"position\":2,\"name\":\"WhatsApp no Agro: Agricultores Fecham Neg\u00f3cios Todos os Dias\"}]},{\"@type\":\"WebSite\",\"@id\":\"https:\\\/\\\/conectagrao.com.br\\\/blog\\\/#website\",\"url\":\"https:\\\/\\\/conectagrao.com.br\\\/blog\\\/\",\"name\":\"ConectaGr\u00e3o\",\"description\":\"Conectando o futuro com o agroneg\u00f3cio.\",\"publisher\":{\"@id\":\"https:\\\/\\\/conectagrao.com.br\\\/blog\\\/#organization\"},\"alternateName\":\"conectagrao\",\"potentialAction\":[{\"@type\":\"SearchAction\",\"target\":{\"@type\":\"EntryPoint\",\"urlTemplate\":\"https:\\\/\\\/conectagrao.com.br\\\/blog\\\/?s={search_term_string}\"},\"query-input\":{\"@type\":\"PropertyValueSpecification\",\"valueRequired\":true,\"valueName\":\"search_term_string\"}}],\"inLanguage\":\"pt-BR\"},{\"@type\":\"Organization\",\"@id\":\"https:\\\/\\\/conectagrao.com.br\\\/blog\\\/#organization\",\"name\":\"ConectaGr\u00e3o\",\"alternateName\":\"conectagrao\",\"url\":\"https:\\\/\\\/conectagrao.com.br\\\/blog\\\/\",\"logo\":{\"@type\":\"ImageObject\",\"inLanguage\":\"pt-BR\",\"@id\":\"https:\\\/\\\/conectagrao.com.br\\\/blog\\\/#\\\/schema\\\/logo\\\/image\\\/\",\"url\":\"https:\\\/\\\/conectagrao.com.br\\\/blog\\\/wp-content\\\/uploads\\\/2025\\\/07\\\/ConectaGrao-6.png\",\"contentUrl\":\"https:\\\/\\\/conectagrao.com.br\\\/blog\\\/wp-content\\\/uploads\\\/2025\\\/07\\\/ConectaGrao-6.png\",\"width\":447,\"height\":559,\"caption\":\"ConectaGr\u00e3o\"},\"image\":{\"@id\":\"https:\\\/\\\/conectagrao.com.br\\\/blog\\\/#\\\/schema\\\/logo\\\/image\\\/\"},\"sameAs\":[\"https:\\\/\\\/www.facebook.com\\\/conectagrao\\\/\",\"https:\\\/\\\/www.tiktok.com\\\/@conectagrao?_t=ZM-8xPuS2d6MFB&_r=1\",\"https:\\\/\\\/www.threads.com\\\/@conectagrao\",\"https:\\\/\\\/www.youtube.com\\\/@conectagrao\",\"https:\\\/\\\/www.instagram.com\\\/conectagrao\"]},{\"@type\":\"Person\",\"@id\":\"https:\\\/\\\/conectagrao.com.br\\\/blog\\\/#\\\/schema\\\/person\\\/ba64f63526cab8efbf8b1f8198926135\",\"name\":\"conectagrao\",\"image\":{\"@type\":\"ImageObject\",\"inLanguage\":\"pt-BR\",\"@id\":\"https:\\\/\\\/secure.gravatar.com\\\/avatar\\\/fb3dc2cba7f544171abec58358591c995847240e6fd4f1f7a4a8159970dca59e?s=96&d=mm&r=g\",\"url\":\"https:\\\/\\\/secure.gravatar.com\\\/avatar\\\/fb3dc2cba7f544171abec58358591c995847240e6fd4f1f7a4a8159970dca59e?s=96&d=mm&r=g\",\"contentUrl\":\"https:\\\/\\\/secure.gravatar.com\\\/avatar\\\/fb3dc2cba7f544171abec58358591c995847240e6fd4f1f7a4a8159970dca59e?s=96&d=mm&r=g\",\"caption\":\"conectagrao\"},\"description\":\"ConectaGr\u00e3o\u00ae \u00e9 uma plataforma digital que conecta produtores, empresas e compradores do agroneg\u00f3cio, oferecendo an\u00e1lises de mercado, cota\u00e7\u00f5es, ferramentas e conte\u00fados gratuitos para facilitar o dia a dia no campo. Fundada por Genecir Jacoboski e Kao\u00ea T. Rauch a ConectaGr\u00e3o\u00ae tem como miss\u00e3o valorizar o produtor e aproximar o campo do mercado com tecnologia, informa\u00e7\u00e3o e inova\u00e7\u00e3o.\",\"sameAs\":[\"https:\\\/\\\/conectagrao.com.br\\\/blog\",\"https:\\\/\\\/www.facebook.com\\\/share\\\/1A5mH5g3LK\\\/\",\"https:\\\/\\\/www.instagram.com\\\/conectagrao?igsh=azQ1dXBndnp4dzZw\",\"https:\\\/\\\/youtube.com\\\/@conectagrao?si=QnGS_Zm7Cuj1pznt\"],\"url\":\"https:\\\/\\\/conectagrao.com.br\\\/blog\\\/author\\\/conectagrao\\\/\"}]}<\/script>\n<!-- \/ Yoast SEO plugin. -->","yoast_head_json":{"title":"WhatsApp no Agro: Agricultores Fecham Neg\u00f3cios Todos os Dias - ConectaGr\u00e3o","description":"Como produtores rurais est\u00e3o transformando o WhatsApp em uma ferramenta poderosa para vender, comprar e negociar no agro todos os dias.","robots":{"index":"index","follow":"follow","max-snippet":"max-snippet:-1","max-image-preview":"max-image-preview:large","max-video-preview":"max-video-preview:-1"},"canonical":"https:\/\/conectagrao.com.br\/blog\/whatsapp-no-agro-agricultores-fecham-negocios-todos-os-dias\/","og_locale":"pt_BR","og_type":"article","og_title":"WhatsApp no Agro: Agricultores Fecham Neg\u00f3cios Todos os Dias - ConectaGr\u00e3o","og_description":"Como produtores rurais est\u00e3o transformando o WhatsApp em uma ferramenta poderosa para vender, comprar e negociar no agro todos os dias.","og_url":"https:\/\/conectagrao.com.br\/blog\/whatsapp-no-agro-agricultores-fecham-negocios-todos-os-dias\/","og_site_name":"ConectaGr\u00e3o","article_publisher":"https:\/\/www.facebook.com\/conectagrao\/","article_author":"https:\/\/www.facebook.com\/share\/1A5mH5g3LK\/","article_published_time":"2025-08-09T13:00:00+00:00","og_image":[{"width":2560,"height":1707,"url":"https:\/\/conectagrao.com.br\/blog\/wp-content\/uploads\/2025\/08\/WhatsApp-no-AgroAgricultores-Fecham-Negocios-Todos-os-Dias.jpeg","type":"image\/jpeg"}],"author":"conectagrao","twitter_card":"summary_large_image","twitter_misc":{"Escrito por":"conectagrao","Est. tempo de leitura":"5 minutos"},"schema":{"@context":"https:\/\/schema.org","@graph":[{"@type":"Article","@id":"https:\/\/conectagrao.com.br\/blog\/whatsapp-no-agro-agricultores-fecham-negocios-todos-os-dias\/#article","isPartOf":{"@id":"https:\/\/conectagrao.com.br\/blog\/whatsapp-no-agro-agricultores-fecham-negocios-todos-os-dias\/"},"author":{"name":"conectagrao","@id":"https:\/\/conectagrao.com.br\/blog\/#\/schema\/person\/ba64f63526cab8efbf8b1f8198926135"},"headline":"WhatsApp no Agro: Agricultores Fecham Neg\u00f3cios Todos os Dias","datePublished":"2025-08-09T13:00:00+00:00","mainEntityOfPage":{"@id":"https:\/\/conectagrao.com.br\/blog\/whatsapp-no-agro-agricultores-fecham-negocios-todos-os-dias\/"},"wordCount":672,"commentCount":0,"publisher":{"@id":"https:\/\/conectagrao.com.br\/blog\/#organization"},"image":{"@id":"https:\/\/conectagrao.com.br\/blog\/whatsapp-no-agro-agricultores-fecham-negocios-todos-os-dias\/#primaryimage"},"thumbnailUrl":"https:\/\/conectagrao.com.br\/blog\/wp-content\/uploads\/2025\/08\/WhatsApp-no-AgroAgricultores-Fecham-Negocios-Todos-os-Dias.jpeg","articleSection":["Blog","Tecnologia &amp; Maquinas"],"inLanguage":"pt-BR","potentialAction":[{"@type":"CommentAction","name":"Comment","target":["https:\/\/conectagrao.com.br\/blog\/whatsapp-no-agro-agricultores-fecham-negocios-todos-os-dias\/#respond"]}]},{"@type":"WebPage","@id":"https:\/\/conectagrao.com.br\/blog\/whatsapp-no-agro-agricultores-fecham-negocios-todos-os-dias\/","url":"https:\/\/conectagrao.com.br\/blog\/whatsapp-no-agro-agricultores-fecham-negocios-todos-os-dias\/","name":"WhatsApp no Agro: Agricultores Fecham Neg\u00f3cios Todos os Dias - ConectaGr\u00e3o","isPartOf":{"@id":"https:\/\/conectagrao.com.br\/blog\/#website"},"primaryImageOfPage":{"@id":"https:\/\/conectagrao.com.br\/blog\/whatsapp-no-agro-agricultores-fecham-negocios-todos-os-dias\/#primaryimage"},"image":{"@id":"https:\/\/conectagrao.com.br\/blog\/whatsapp-no-agro-agricultores-fecham-negocios-todos-os-dias\/#primaryimage"},"thumbnailUrl":"https:\/\/conectagrao.com.br\/blog\/wp-content\/uploads\/2025\/08\/WhatsApp-no-AgroAgricultores-Fecham-Negocios-Todos-os-Dias.jpeg","datePublished":"2025-08-09T13:00:00+00:00","description":"Como produtores rurais est\u00e3o transformando o WhatsApp em uma ferramenta poderosa para vender, comprar e negociar no agro todos os dias.","breadcrumb":{"@id":"https:\/\/conectagrao.com.br\/blog\/whatsapp-no-agro-agricultores-fecham-negocios-todos-os-dias\/#breadcrumb"},"inLanguage":"pt-BR","potentialAction":[{"@type":"ReadAction","target":["https:\/\/conectagrao.com.br\/blog\/whatsapp-no-agro-agricultores-fecham-negocios-todos-os-dias\/"]}]},{"@type":"ImageObject","inLanguage":"pt-BR","@id":"https:\/\/conectagrao.com.br\/blog\/whatsapp-no-agro-agricultores-fecham-negocios-todos-os-dias\/#primaryimage","url":"https:\/\/conectagrao.com.br\/blog\/wp-content\/uploads\/2025\/08\/WhatsApp-no-AgroAgricultores-Fecham-Negocios-Todos-os-Dias.jpeg","contentUrl":"https:\/\/conectagrao.com.br\/blog\/wp-content\/uploads\/2025\/08\/WhatsApp-no-AgroAgricultores-Fecham-Negocios-Todos-os-Dias.jpeg","width":2560,"height":1707,"caption":"WhatsApp no Agro: Agricultores Fecham Neg\u00f3cios Todos os Dias"},{"@type":"BreadcrumbList","@id":"https:\/\/conectagrao.com.br\/blog\/whatsapp-no-agro-agricultores-fecham-negocios-todos-os-dias\/#breadcrumb","itemListElement":[{"@type":"ListItem","position":1,"name":"In\u00edcio","item":"https:\/\/conectagrao.com.br\/blog\/"},{"@type":"ListItem","position":2,"name":"WhatsApp no Agro: Agricultores Fecham Neg\u00f3cios Todos os Dias"}]},{"@type":"WebSite","@id":"https:\/\/conectagrao.com.br\/blog\/#website","url":"https:\/\/conectagrao.com.br\/blog\/","name":"ConectaGr\u00e3o","description":"Conectando o futuro com o agroneg\u00f3cio.","publisher":{"@id":"https:\/\/conectagrao.com.br\/blog\/#organization"},"alternateName":"conectagrao","potentialAction":[{"@type":"SearchAction","target":{"@type":"EntryPoint","urlTemplate":"https:\/\/conectagrao.com.br\/blog\/?s={search_term_string}"},"query-input":{"@type":"PropertyValueSpecification","valueRequired":true,"valueName":"search_term_string"}}],"inLanguage":"pt-BR"},{"@type":"Organization","@id":"https:\/\/conectagrao.com.br\/blog\/#organization","name":"ConectaGr\u00e3o","alternateName":"conectagrao","url":"https:\/\/conectagrao.com.br\/blog\/","logo":{"@type":"ImageObject","inLanguage":"pt-BR","@id":"https:\/\/conectagrao.com.br\/blog\/#\/schema\/logo\/image\/","url":"https:\/\/conectagrao.com.br\/blog\/wp-content\/uploads\/2025\/07\/ConectaGrao-6.png","contentUrl":"https:\/\/conectagrao.com.br\/blog\/wp-content\/uploads\/2025\/07\/ConectaGrao-6.png","width":447,"height":559,"caption":"ConectaGr\u00e3o"},"image":{"@id":"https:\/\/conectagrao.com.br\/blog\/#\/schema\/logo\/image\/"},"sameAs":["https:\/\/www.facebook.com\/conectagrao\/","https:\/\/www.tiktok.com\/@conectagrao?_t=ZM-8xPuS2d6MFB&_r=1","https:\/\/www.threads.com\/@conectagrao","https:\/\/www.youtube.com\/@conectagrao","https:\/\/www.instagram.com\/conectagrao"]},{"@type":"Person","@id":"https:\/\/conectagrao.com.br\/blog\/#\/schema\/person\/ba64f63526cab8efbf8b1f8198926135","name":"conectagrao","image":{"@type":"ImageObject","inLanguage":"pt-BR","@id":"https:\/\/secure.gravatar.com\/avatar\/fb3dc2cba7f544171abec58358591c995847240e6fd4f1f7a4a8159970dca59e?s=96&d=mm&r=g","url":"https:\/\/secure.gravatar.com\/avatar\/fb3dc2cba7f544171abec58358591c995847240e6fd4f1f7a4a8159970dca59e?s=96&d=mm&r=g","contentUrl":"https:\/\/secure.gravatar.com\/avatar\/fb3dc2cba7f544171abec58358591c995847240e6fd4f1f7a4a8159970dca59e?s=96&d=mm&r=g","caption":"conectagrao"},"description":"ConectaGr\u00e3o\u00ae \u00e9 uma plataforma digital que conecta produtores, empresas e compradores do agroneg\u00f3cio, oferecendo an\u00e1lises de mercado, cota\u00e7\u00f5es, ferramentas e conte\u00fados gratuitos para facilitar o dia a dia no campo. Fundada por Genecir Jacoboski e Kao\u00ea T. Rauch a ConectaGr\u00e3o\u00ae tem como miss\u00e3o valorizar o produtor e aproximar o campo do mercado com tecnologia, informa\u00e7\u00e3o e inova\u00e7\u00e3o.","sameAs":["https:\/\/conectagrao.com.br\/blog","https:\/\/www.facebook.com\/share\/1A5mH5g3LK\/","https:\/\/www.instagram.com\/conectagrao?igsh=azQ1dXBndnp4dzZw","https:\/\/youtube.com\/@conectagrao?si=QnGS_Zm7Cuj1pznt"],"url":"https:\/\/conectagrao.com.br\/blog\/author\/conectagrao\/"}]}},"uagb_featured_image_src":{"full":["https:\/\/conectagrao.com.br\/blog\/wp-content\/uploads\/2025\/08\/WhatsApp-no-AgroAgricultores-Fecham-Negocios-Todos-os-Dias.jpeg",2560,1707,false],"thumbnail":["https:\/\/conectagrao.com.br\/blog\/wp-content\/uploads\/2025\/08\/WhatsApp-no-AgroAgricultores-Fecham-Negocios-Todos-os-Dias-150x150.jpeg",150,150,true],"medium":["https:\/\/conectagrao.com.br\/blog\/wp-content\/uploads\/2025\/08\/WhatsApp-no-AgroAgricultores-Fecham-Negocios-Todos-os-Dias-300x200.jpeg",300,200,true],"medium_large":["https:\/\/conectagrao.com.br\/blog\/wp-content\/uploads\/2025\/08\/WhatsApp-no-AgroAgricultores-Fecham-Negocios-Todos-os-Dias-768x512.jpeg",640,427,true],"large":["https:\/\/conectagrao.com.br\/blog\/wp-content\/uploads\/2025\/08\/WhatsApp-no-AgroAgricultores-Fecham-Negocios-Todos-os-Dias-1024x683.jpeg",640,427,true],"1536x1536":["https:\/\/conectagrao.com.br\/blog\/wp-content\/uploads\/2025\/08\/WhatsApp-no-AgroAgricultores-Fecham-Negocios-Todos-os-Dias-1536x1024.jpeg",1536,1024,true],"2048x2048":["https:\/\/conectagrao.com.br\/blog\/wp-content\/uploads\/2025\/08\/WhatsApp-no-AgroAgricultores-Fecham-Negocios-Todos-os-Dias-2048x1366.jpeg",2048,1366,true],"cvmm-medium":["https:\/\/conectagrao.com.br\/blog\/wp-content\/uploads\/2025\/08\/WhatsApp-no-AgroAgricultores-Fecham-Negocios-Todos-os-Dias-300x300.jpeg",300,300,true],"cvmm-medium-plus":["https:\/\/conectagrao.com.br\/blog\/wp-content\/uploads\/2025\/08\/WhatsApp-no-AgroAgricultores-Fecham-Negocios-Todos-os-Dias-305x207.jpeg",305,207,true],"cvmm-portrait":["https:\/\/conectagrao.com.br\/blog\/wp-content\/uploads\/2025\/08\/WhatsApp-no-AgroAgricultores-Fecham-Negocios-Todos-os-Dias-400x600.jpeg",400,600,true],"cvmm-medium-square":["https:\/\/conectagrao.com.br\/blog\/wp-content\/uploads\/2025\/08\/WhatsApp-no-AgroAgricultores-Fecham-Negocios-Todos-os-Dias-600x600.jpeg",600,600,true],"cvmm-large":["https:\/\/conectagrao.com.br\/blog\/wp-content\/uploads\/2025\/08\/WhatsApp-no-AgroAgricultores-Fecham-Negocios-Todos-os-Dias-1024x1024.jpeg",1024,1024,true],"cvmm-small":["https:\/\/conectagrao.com.br\/blog\/wp-content\/uploads\/2025\/08\/WhatsApp-no-AgroAgricultores-Fecham-Negocios-Todos-os-Dias-130x95.jpeg",130,95,true],"news-portal-block-medium":["https:\/\/conectagrao.com.br\/blog\/wp-content\/uploads\/2025\/08\/WhatsApp-no-AgroAgricultores-Fecham-Negocios-Todos-os-Dias-305x207.jpeg",305,207,true],"news-portal-block-thumb":["https:\/\/conectagrao.com.br\/blog\/wp-content\/uploads\/2025\/08\/WhatsApp-no-AgroAgricultores-Fecham-Negocios-Todos-os-Dias-136x102.jpeg",136,102,true],"news-portal-slider-medium":["https:\/\/conectagrao.com.br\/blog\/wp-content\/uploads\/2025\/08\/WhatsApp-no-AgroAgricultores-Fecham-Negocios-Todos-os-Dias-622x420.jpeg",622,420,true],"news-portal-carousel-portrait":["https:\/\/conectagrao.com.br\/blog\/wp-content\/uploads\/2025\/08\/WhatsApp-no-AgroAgricultores-Fecham-Negocios-Todos-os-Dias-400x600.jpeg",400,600,true],"news-portal-alternate-grid":["https:\/\/conectagrao.com.br\/blog\/wp-content\/uploads\/2025\/08\/WhatsApp-no-AgroAgricultores-Fecham-Negocios-Todos-os-Dias-340x316.jpeg",340,316,true],"web-stories-poster-portrait":["https:\/\/conectagrao.com.br\/blog\/wp-content\/uploads\/2025\/08\/WhatsApp-no-AgroAgricultores-Fecham-Negocios-Todos-os-Dias-640x853.jpeg",640,853,true],"web-stories-publisher-logo":["https:\/\/conectagrao.com.br\/blog\/wp-content\/uploads\/2025\/08\/WhatsApp-no-AgroAgricultores-Fecham-Negocios-Todos-os-Dias-96x96.jpeg",96,96,true],"web-stories-thumbnail":["https:\/\/conectagrao.com.br\/blog\/wp-content\/uploads\/2025\/08\/WhatsApp-no-AgroAgricultores-Fecham-Negocios-Todos-os-Dias-150x100.jpeg",150,100,true]},"uagb_author_info":{"display_name":"conectagrao","author_link":"https:\/\/conectagrao.com.br\/blog\/author\/conectagrao\/"},"uagb_comment_info":0,"uagb_excerpt":"H\u00e1 alguns anos, o WhatsApp era apenas um aplicativo de mensagens para conversar com amigos e familiares. Hoje, por\u00e9m, ele \u00e9 uma das principais ferramentas de neg\u00f3cios no agroneg\u00f3cio brasileiro. De fato, de pequenos produtores a grandes cooperativas, todos est\u00e3o encontrando no aplicativo um canal direto, r\u00e1pido e eficiente para fechar vendas, negociar insumos e&hellip;","blog_post_layout_featured_media_urls":{"thumbnail":["https:\/\/conectagrao.com.br\/blog\/wp-content\/uploads\/2025\/08\/WhatsApp-no-AgroAgricultores-Fecham-Negocios-Todos-os-Dias-150x150.jpeg",150,150,true],"full":["https:\/\/conectagrao.com.br\/blog\/wp-content\/uploads\/2025\/08\/WhatsApp-no-AgroAgricultores-Fecham-Negocios-Todos-os-Dias.jpeg",2560,1707,false]},"categories_names":{"1":{"name":"Blog","link":"https:\/\/conectagrao.com.br\/blog\/blog\/"},"30":{"name":"Tecnologia &amp; Maquinas","link":"https:\/\/conectagrao.com.br\/blog\/tecnologia\/"}},"tags_names":[],"comments_number":"0","wpmagazine_modules_lite_featured_media_urls":{"thumbnail":["https:\/\/conectagrao.com.br\/blog\/wp-content\/uploads\/2025\/08\/WhatsApp-no-AgroAgricultores-Fecham-Negocios-Todos-os-Dias-150x150.jpeg",150,150,true],"cvmm-medium":["https:\/\/conectagrao.com.br\/blog\/wp-content\/uploads\/2025\/08\/WhatsApp-no-AgroAgricultores-Fecham-Negocios-Todos-os-Dias-300x300.jpeg",300,300,true],"cvmm-medium-plus":["https:\/\/conectagrao.com.br\/blog\/wp-content\/uploads\/2025\/08\/WhatsApp-no-AgroAgricultores-Fecham-Negocios-Todos-os-Dias-305x207.jpeg",305,207,true],"cvmm-portrait":["https:\/\/conectagrao.com.br\/blog\/wp-content\/uploads\/2025\/08\/WhatsApp-no-AgroAgricultores-Fecham-Negocios-Todos-os-Dias-400x600.jpeg",400,600,true],"cvmm-medium-square":["https:\/\/conectagrao.com.br\/blog\/wp-content\/uploads\/2025\/08\/WhatsApp-no-AgroAgricultores-Fecham-Negocios-Todos-os-Dias-600x600.jpeg",600,600,true],"cvmm-large":["https:\/\/conectagrao.com.br\/blog\/wp-content\/uploads\/2025\/08\/WhatsApp-no-AgroAgricultores-Fecham-Negocios-Todos-os-Dias-1024x1024.jpeg",1024,1024,true],"cvmm-small":["https:\/\/conectagrao.com.br\/blog\/wp-content\/uploads\/2025\/08\/WhatsApp-no-AgroAgricultores-Fecham-Negocios-Todos-os-Dias-130x95.jpeg",130,95,true],"full":["https:\/\/conectagrao.com.br\/blog\/wp-content\/uploads\/2025\/08\/WhatsApp-no-AgroAgricultores-Fecham-Negocios-Todos-os-Dias.jpeg",2560,1707,false]},"_links":{"self":[{"href":"https:\/\/conectagrao.com.br\/blog\/wp-json\/wp\/v2\/posts\/1018","targetHints":{"allow":["GET"]}}],"collection":[{"href":"https:\/\/conectagrao.com.br\/blog\/wp-json\/wp\/v2\/posts"}],"about":[{"href":"https:\/\/conectagrao.com.br\/blog\/wp-json\/wp\/v2\/types\/post"}],"author":[{"embeddable":true,"href":"https:\/\/conectagrao.com.br\/blog\/wp-json\/wp\/v2\/users\/1"}],"replies":[{"embeddable":true,"href":"https:\/\/conectagrao.com.br\/blog\/wp-json\/wp\/v2\/comments?post=1018"}],"version-history":[{"count":1,"href":"https:\/\/conectagrao.com.br\/blog\/wp-json\/wp\/v2\/posts\/1018\/revisions"}],"predecessor-version":[{"id":1020,"href":"https:\/\/conectagrao.com.br\/blog\/wp-json\/wp\/v2\/posts\/1018\/revisions\/1020"}],"wp:featuredmedia":[{"embeddable":true,"href":"https:\/\/conectagrao.com.br\/blog\/wp-json\/wp\/v2\/media\/1019"}],"wp:attachment":[{"href":"https:\/\/conectagrao.com.br\/blog\/wp-json\/wp\/v2\/media?parent=1018"}],"wp:term":[{"taxonomy":"category","embeddable":true,"href":"https:\/\/conectagrao.com.br\/blog\/wp-json\/wp\/v2\/categories?post=1018"},{"taxonomy":"post_tag","embeddable":true,"href":"https:\/\/conectagrao.com.br\/blog\/wp-json\/wp\/v2\/tags?post=1018"}],"curies":[{"name":"wp","href":"https:\/\/api.w.org\/{rel}","templated":true}]}}