{"id":1021,"date":"2025-08-12T16:20:48","date_gmt":"2025-08-12T16:20:48","guid":{"rendered":"https:\/\/conectagrao.com.br\/blog\/?p=1021"},"modified":"2025-08-12T16:20:50","modified_gmt":"2025-08-12T16:20:50","slug":"microclima-o-que-e-e-por-que-ele-importa-para-o-produtor-rural","status":"publish","type":"post","link":"https:\/\/conectagrao.com.br\/blog\/microclima-o-que-e-e-por-que-ele-importa-para-o-produtor-rural\/","title":{"rendered":"Microclima: O que \u00e9 e por que ele importa para o produtor rural"},"content":{"rendered":"\n<p><br>O microclima \u00e9 um conceito essencial para os produtores rurais brasileiros, pois influencia diretamente a escolha de culturas, a produtividade e a sustentabilidade. Este artigo explora o que \u00e9 microclima, como ele afeta a agricultura em diferentes regi\u00f5es do Brasil, e quais pr\u00e1ticas, como sistemas agroflorestais e irriga\u00e7\u00e3o, ajudam a otimiz\u00e1-lo. Com base em dados de institui\u00e7\u00f5es como Embrapa e IBGE, apresentamos exemplos pr\u00e1ticos, tecnologias modernas e os desafios enfrentados pelos agricultores. Ideal para estudantes, pesquisadores e produtores que buscam maximizar resultados no campo.<\/p>\n\n\n\n<h2 class=\"wp-block-heading\">Introdu\u00e7\u00e3o<\/h2>\n\n\n\n<p>No Brasil, onde a agropecu\u00e1ria responde por cerca de 25% do PIB nacional, entender o clima \u00e9 vital para o sucesso no campo. Por\u00e9m, e se o clima que realmente importa n\u00e3o for o das grandes regi\u00f5es, como o Tropical ou o Semi\u00e1rido, mas algo muito mais local? O microclima, definido por varia\u00e7\u00f5es clim\u00e1ticas em pequenas \u00e1reas, pode determinar o sucesso ou o fracasso de uma safra.<\/p>\n\n\n\n<p>Al\u00e9m disso, dados do IBGE mostram que a produ\u00e7\u00e3o agr\u00edcola brasileira, como soja e milho, depende de condi\u00e7\u00f5es espec\u00edficas que variam de uma fazenda para outra. Assim, a quest\u00e3o que se imp\u00f5e \u00e9: como os produtores podem usar o microclima a seu favor para aumentar a produtividade e enfrentar as mudan\u00e7as clim\u00e1ticas?<\/p>\n\n\n\n<h2 class=\"wp-block-heading\">O que \u00e9 Microclima?<\/h2>\n\n\n\n<p>O microclima refere-se \u00e0s condi\u00e7\u00f5es clim\u00e1ticas espec\u00edficas de uma \u00e1rea pequena, como uma propriedade rural, um pomar ou at\u00e9 um canteiro, que diferem do clima regional predominante. Enquanto o macroclima abrange grandes \u00e1reas, como o clima Equatorial da Amaz\u00f4nia, o microclima \u00e9 influenciado por fatores locais, como topografia, vegeta\u00e7\u00e3o, corpos d\u2019\u00e1gua e atividades humanas.<\/p>\n\n\n\n<p>Por exemplo, um estudo da Embrapa Meio Ambiente, realizado em Jaguari\u00fana (SP) em 2023, mostrou que sistemas agroflorestais (SAFs) reduzem a temperatura do ar em at\u00e9 15\u00baC em rela\u00e7\u00e3o a \u00e1reas de monocultivo a pleno sol, aumentando a umidade relativa. No Brasil, onde a diversidade geogr\u00e1fica \u00e9 imensa, microclimas podem variar drasticamente em poucos metros, impactando diretamente as decis\u00f5es agr\u00edcolas.<\/p>\n\n\n\n<p>Essas varia\u00e7\u00f5es s\u00e3o causadas, sobretudo, por elementos como a presen\u00e7a de \u00e1rvores, que proporcionam sombra e umidade, ou solos expostos, que ret\u00eam mais calor. Corpos d\u2019\u00e1gua, como rios e represas, tamb\u00e9m moderam temperaturas, criando ambientes mais frescos. Por outro lado, a urbaniza\u00e7\u00e3o pode gerar microclimas mais quentes, como as ilhas de calor observadas em cidades como S\u00e3o Paulo, onde o Parque Ibirapuera mant\u00e9m temperaturas mais amenas devido \u00e0 vegeta\u00e7\u00e3o. Compreender essas nuances, portanto, permite ao produtor rural escolher culturas adequadas e adotar pr\u00e1ticas que maximizem a produtividade.<\/p>\n\n\n\n<h2 class=\"wp-block-heading\">Import\u00e2ncia do Microclima na Agricultura Brasileira<\/h2>\n\n\n\n<p>O microclima desempenha um papel crucial na agricultura, especialmente em um pa\u00eds como o Brasil, onde a produ\u00e7\u00e3o \u00e9 extremamente diversa e abrange culturas como soja, milho, caf\u00e9, citros e cana-de-a\u00e7\u00facar. Dessa forma, a escolha de cultivares adaptadas a condi\u00e7\u00f5es espec\u00edficas de temperatura, umidade e luminosidade pode aumentar significativamente os rendimentos.<\/p>\n\n\n\n<p>Por exemplo, em regi\u00f5es do Cerrado, como Mato Grosso, onde a soja \u00e9 predominante, microclimas mais frescos e \u00famidos, criados por SAFs, ajudam a reduzir o estresse h\u00eddrico das plantas durante per\u00edodos de seca. Um estudo da Embrapa Agropecu\u00e1ria Oeste, em Dourados (MS), mostrou que SAFs estabilizam a temperatura do solo, aumentando a umidade dispon\u00edvel para as culturas.<\/p>\n\n\n\n<p>Al\u00e9m disso, microclimas influenciam diretamente a incid\u00eancia de pragas e doen\u00e7as. \u00c1reas com maior umidade e sombra, por exemplo, podem reduzir a prolifera\u00e7\u00e3o de pragas como o mosquito <em>Aedes albopictus<\/em>. Em um contexto de mudan\u00e7as clim\u00e1ticas, onde eventos extremos como ondas de calor e estiagens se tornam mais frequentes, o manejo do microclima passa a ser uma ferramenta essencial para a resili\u00eancia agr\u00edcola.<\/p>\n\n\n\n<p>A produtividade tamb\u00e9m \u00e9 afetada de maneira direta. Dados do IBGE indicam que, em 2022, a produ\u00e7\u00e3o de gr\u00e3os no Brasil atingiu 271 milh\u00f5es de toneladas, mas varia\u00e7\u00f5es microclim\u00e1ticas podem causar perdas significativas. Assim, o microclima n\u00e3o \u00e9 apenas um detalhe, mas um fator determinante para a sustentabilidade e o lucro no campo.<\/p>\n\n\n\n<h2 class=\"wp-block-heading\">Pr\u00e1ticas de Manejo do Microclima no Brasil<\/h2>\n\n\n\n<p>Os produtores brasileiros t\u00eam adotado pr\u00e1ticas inovadoras para gerenciar microclimas e melhorar a produtividade. Entre as mais promissoras, destaca-se o uso de sistemas agroflorestais (SAFs), que combinam \u00e1rvores, culturas agr\u00edcolas e, em alguns casos, animais.<\/p>\n\n\n\n<p>A Embrapa Agropecu\u00e1ria Oeste demonstrou que SAFs reduzem a temperatura do ar entre 2\u00baC e 15\u00baC durante o meio-dia, criando um ambiente mais est\u00e1vel para as plantas. Essas pr\u00e1ticas tamb\u00e9m aumentam a biodiversidade, promovendo polinizadores e inimigos naturais de pragas.<\/p>\n\n\n\n<p>Outra t\u00e9cnica \u00e9 a irriga\u00e7\u00e3o estrat\u00e9gica. Sistemas como a irriga\u00e7\u00e3o por aspers\u00e3o ajudam a equilibrar a umidade do solo em microclimas secos. Al\u00e9m disso, o plantio espa\u00e7ado tamb\u00e9m \u00e9 usado para permitir maior circula\u00e7\u00e3o de ar e acesso \u00e0 \u00e1gua.<\/p>\n\n\n\n<p>Por fim, a escolha de esp\u00e9cies adaptadas ao microclima local \u00e9 fundamental para o sucesso agr\u00edcola.<\/p>\n\n\n\n<h2 class=\"wp-block-heading\">Tecnologias para Monitoramento de Microclimas<\/h2>\n\n\n\n<p>A tecnologia tem revolucionado o manejo de microclimas no Brasil. Hoje, drones agr\u00edcolas equipados com sensores de temperatura, umidade e radia\u00e7\u00e3o solar permitem mapear varia\u00e7\u00f5es microclim\u00e1ticas em tempo real.<\/p>\n\n\n\n<p>Al\u00e9m disso, aplicativos meteorol\u00f3gicos como ClimaTempo, AgroClima Pro, Weather Underground, AccuWeather e INMET oferecem dados essenciais para decis\u00f5es de manejo. Combinados com sensores de solo e esta\u00e7\u00f5es meteorol\u00f3gicas port\u00e1teis, esses recursos permitem determinar o momento ideal para irriga\u00e7\u00e3o ou plantio.<\/p>\n\n\n\n<p>Ferramentas como o ZARC (Zoneamento Agr\u00edcola de Risco Clim\u00e1tico) tamb\u00e9m consideram microclimas para orientar o plantio.<\/p>\n\n\n\n<h2 class=\"wp-block-heading\">Varia\u00e7\u00f5es Regionais de Microclima no Brasil<\/h2>\n\n\n\n<p>O Brasil possui cinco grandes tipos clim\u00e1ticos, cada um com microclimas distintos que influenciam diretamente a agricultura:<\/p>\n\n\n\n<ul class=\"wp-block-list\">\n<li><strong>Tropical<\/strong> \u2013 predominante no Centro-Oeste, com microclimas variando de \u00e1reas \u00famidas em SAFs a solos expostos em monocultivos.<\/li>\n\n\n\n<li><strong>Equatorial<\/strong> \u2013 t\u00edpico da Amaz\u00f4nia, com alta umidade e adequado para culturas como cacau.<\/li>\n\n\n\n<li><strong>Semi\u00e1rido<\/strong> \u2013 caracter\u00edstico da Caatinga, exigindo irriga\u00e7\u00e3o para culturas como mel\u00e3o.<\/li>\n\n\n\n<li><strong>Tropical de Altitude<\/strong> \u2013 encontrado em serras de SP e MG, ideal para caf\u00e9 e hortali\u00e7as.<\/li>\n\n\n\n<li><strong>Subtropical<\/strong> \u2013 predominante no Sul, beneficiando culturas como ma\u00e7\u00e3 e uva.<\/li>\n<\/ul>\n\n\n\n<figure class=\"wp-block-image size-full\"><img fetchpriority=\"high\" decoding=\"async\" width=\"960\" height=\"720\" src=\"https:\/\/conectagrao.com.br\/blog\/wp-content\/uploads\/2025\/08\/Tipos-de-Climas.jpg\" alt=\"\" class=\"wp-image-1093\" srcset=\"https:\/\/conectagrao.com.br\/blog\/wp-content\/uploads\/2025\/08\/Tipos-de-Climas.jpg 960w, https:\/\/conectagrao.com.br\/blog\/wp-content\/uploads\/2025\/08\/Tipos-de-Climas-300x225.jpg 300w, https:\/\/conectagrao.com.br\/blog\/wp-content\/uploads\/2025\/08\/Tipos-de-Climas-768x576.jpg 768w, https:\/\/conectagrao.com.br\/blog\/wp-content\/uploads\/2025\/08\/Tipos-de-Climas-136x102.jpg 136w, https:\/\/conectagrao.com.br\/blog\/wp-content\/uploads\/2025\/08\/Tipos-de-Climas-150x113.jpg 150w\" sizes=\"(max-width: 960px) 100vw, 960px\" \/><\/figure>\n\n\n\n<h2 class=\"wp-block-heading\">Benef\u00edcios Ambientais e Econ\u00f4micos<\/h2>\n\n\n\n<p>O manejo adequado do microclima gera ganhos ambientais e econ\u00f4micos expressivos. SAFs, por exemplo, aumentam a biodiversidade, promovem a ciclagem de nutrientes e reduzem a eros\u00e3o.<\/p>\n\n\n\n<p>Do ponto de vista econ\u00f4mico, o manejo do microclima reduz custos com insumos e aumenta a estabilidade da produ\u00e7\u00e3o, al\u00e9m de contribuir para a preserva\u00e7\u00e3o ambiental.<\/p>\n\n\n\n<h2 class=\"wp-block-heading\">Desafios no Manejo de Microclimas<\/h2>\n\n\n\n<p>Apesar dos benef\u00edcios, o gerenciamento de microclimas enfrenta desafios. A variabilidade clim\u00e1tica local exige monitoramento constante, e pequenos produtores, especialmente no Nordeste, t\u00eam dificuldades financeiras para adotar tecnologias mais avan\u00e7adas.<\/p>\n\n\n\n<p>A resist\u00eancia cultural \u00e0 ado\u00e7\u00e3o de novas pr\u00e1ticas tamb\u00e9m \u00e9 um obst\u00e1culo. Entretanto, programas de incentivo e capacita\u00e7\u00e3o t\u00e9cnica podem ajudar a superar essas barreiras, permitindo que mais produtores aproveitem o potencial do microclima.<\/p>\n\n\n\n<h2 class=\"wp-block-heading\"><strong>Conclui se que:<\/strong><\/h2>\n\n\n\n<p><br>O microclima \u00e9 mais do que um detalhe t\u00e9cnico; \u00e9, portanto, uma ferramenta poderosa para o produtor rural brasileiro. Com pr\u00e1ticas como sistemas agroflorestais, irriga\u00e7\u00e3o estrat\u00e9gica e monitoramento tecnol\u00f3gico, \u00e9 poss\u00edvel transformar desafios clim\u00e1ticos em oportunidades concretas de maior produtividade e sustentabilidade. Al\u00e9m disso, em um pa\u00eds onde a agricultura \u00e9 pilar econ\u00f4mico, entender e gerenciar microclimas pode, de fato, fazer a diferen\u00e7a entre o sucesso e a estagna\u00e7\u00e3o.<\/p>\n\n\n\n<p>Assim, ao explorar ferramentas como o ZARC ou aplicativos como ClimaTempo, o produtor amplia suas chances de tomar decis\u00f5es assertivas. Desse modo, aplicar essas estrat\u00e9gias de forma planejada pode trazer benef\u00edcios tanto no curto quanto no longo prazo. Para finalizar, para obter ainda mais resultados positivos, recomendamos que voc\u00ea leia tamb\u00e9m nossos outros artigos sobre agricultura sustent\u00e1vel, pois eles oferecem dicas pr\u00e1ticas e complementares que podem fortalecer o manejo da sua propriedade.<\/p>\n\n\n\n<h2 class=\"wp-block-heading\">Perguntas frequentes:<\/h2>\n\n\n\n<div class=\"schema-faq wp-block-yoast-faq-block\"><div class=\"schema-faq-section\" id=\"faq-question-1754793181585\"><strong class=\"schema-faq-question\"><strong>1. O que diferencia um microclima de um macroclima?<\/strong><\/strong> <p class=\"schema-faq-answer\">O microclima refere-se \u00e0s condi\u00e7\u00f5es clim\u00e1ticas de uma \u00e1rea pequena, como uma propriedade rural, influenciadas por fatores como vegeta\u00e7\u00e3o, solo e topografia. J\u00e1 o macroclima abrange regi\u00f5es maiores, como o clima Tropical do Centro-Oeste. Por exemplo, no Mato Grosso, um SAF pode criar um microclima mais fresco e \u00famido, enquanto o macroclima regional \u00e9 quente e seco. Compreender essa diferen\u00e7a ajuda os produtores a adaptar o manejo \u00e0s condi\u00e7\u00f5es locais, otimizando a escolha de culturas e pr\u00e1ticas agr\u00edcolas.<\/p> <\/div> <div class=\"schema-faq-section\" id=\"faq-question-1754966869380\"><strong class=\"schema-faq-question\"><strong>2. Como os microclimas afetam a escolha de culturas?<\/strong><\/strong> <p class=\"schema-faq-answer\">Microclimas determinam quais culturas s\u00e3o mais vi\u00e1veis em uma propriedade. Em microclimas \u00famidos, como os criados por SAFs em Dourados (MS), culturas como citros e palmito prosperam, enquanto \u00e1reas expostas ao sol intenso favorecem cultivares resistentes \u00e0 seca, como a soja BRS 284 da Embrapa. Dados do IBGE mostram que a escolha correta de culturas pode aumentar a produtividade em at\u00e9 20% em algumas regi\u00f5es.<\/p> <\/div> <div class=\"schema-faq-section\" id=\"faq-question-1754967185750\"><strong class=\"schema-faq-question\"><strong>5. Quais s\u00e3o os desafios para pequenos produtores no manejo de microclimas?<\/strong><\/strong> <p class=\"schema-faq-answer\">Pequenos produtores enfrentam barreiras financeiras e t\u00e9cnicas, como o alto custo de drones e a falta de capacita\u00e7\u00e3o. Um estudo da UFV mostrou que 50% dos agricultores mineiros t\u00eam conhecimento incompleto sobre microclimas, dificultando a ado\u00e7\u00e3o de pr\u00e1ticas modernas. Programas do Sebrae e da Embrapa buscam superar isso com treinamentos e assist\u00eancia t\u00e9cnica.<\/p> <\/div> <\/div>\n\n\n\n<p><strong>Refer\u00eancias<\/strong><\/p>\n\n\n\n<ul class=\"wp-block-list\">\n<li>Embrapa. (2023). <em>Estudo revela impacto positivo de sistemas agroflorestais na regula\u00e7\u00e3o do microclima<\/em>. Dispon\u00edvel em: https:\/\/www.embrapa.br<\/li>\n\n\n\n<li>IBGE. (2022). <em>Produ\u00e7\u00e3o Agropecu\u00e1ria no Brasil<\/em>. Dispon\u00edvel em: https:\/\/www.ibge.gov.br<\/li>\n\n\n\n<li>UFSCar. (2025). <em>Microclimas: O que \u00e9 e sua import\u00e2ncia na agricultura<\/em>. Dispon\u00edvel em: https:\/\/www.ufscar.br<\/li>\n\n\n\n<li>eCycle. (2023). <em>Microclima: o que \u00e9, import\u00e2ncia e impactos<\/em>. Dispon\u00edvel em: https:\/\/www.ecycle.com.br<\/li>\n\n\n\n<li>Irrigat. (2023). <em>Microclima: consequ\u00eancias na agricultura<\/em>. Dispon\u00edvel em: https:\/\/www.irrigat.com.br<\/li>\n<\/ul>\n","protected":false},"excerpt":{"rendered":"<p>O microclima \u00e9 um conceito essencial para os produtores rurais brasileiros, pois influencia diretamente a escolha de culturas, a produtividade e a sustentabilidade. Este artigo explora o que \u00e9 microclima, como ele afeta a agricultura em diferentes regi\u00f5es do Brasil, e quais pr\u00e1ticas, como sistemas agroflorestais e irriga\u00e7\u00e3o, ajudam a otimiz\u00e1-lo. Com base em dados [&hellip;]<\/p>\n","protected":false},"author":1,"featured_media":1092,"comment_status":"open","ping_status":"open","sticky":false,"template":"","format":"standard","meta":{"_coblocks_attr":"","_coblocks_dimensions":"","_coblocks_responsive_height":"","_coblocks_accordion_ie_support":"","_uag_custom_page_level_css":"","footnotes":""},"categories":[1,27],"tags":[166,173,174,175,168,165,169,172,171,167,170],"class_list":["post-1021","post","type-post","status-publish","format-standard","has-post-thumbnail","hentry","category-blog","category-clima","tag-agricultura-brasileira","tag-agricultura-de-precisao","tag-biodiversidade","tag-clima-tropical","tag-irrigacao","tag-microclima","tag-monitoramento-climatico","tag-mudancas-climaticas","tag-produtividade-agricola","tag-sistemas-agroflorestais","tag-sustentabilidade"],"yoast_head":"<!-- This site is optimized with the Yoast SEO plugin v27.4 - https:\/\/yoast.com\/product\/yoast-seo-wordpress\/ -->\n<title>Microclima: O que \u00e9 e por que ele importa para o produtor rural - ConectaGr\u00e3o<\/title>\n<meta name=\"description\" content=\"Entenda o que \u00e9 microclima e sua import\u00e2ncia para a agricultura brasileira. Descubra como ele influencia a produtividade no campo\" \/>\n<meta name=\"robots\" content=\"index, follow, max-snippet:-1, max-image-preview:large, max-video-preview:-1\" \/>\n<link rel=\"canonical\" href=\"https:\/\/conectagrao.com.br\/blog\/microclima-o-que-e-e-por-que-ele-importa-para-o-produtor-rural\/\" \/>\n<meta property=\"og:locale\" content=\"pt_BR\" \/>\n<meta property=\"og:type\" content=\"article\" \/>\n<meta property=\"og:title\" content=\"Microclima: O que \u00e9 e por que ele importa para o produtor rural - ConectaGr\u00e3o\" \/>\n<meta property=\"og:description\" content=\"Entenda o que \u00e9 microclima e sua import\u00e2ncia para a agricultura brasileira. Descubra como ele influencia a produtividade no campo\" \/>\n<meta property=\"og:url\" content=\"https:\/\/conectagrao.com.br\/blog\/microclima-o-que-e-e-por-que-ele-importa-para-o-produtor-rural\/\" \/>\n<meta property=\"og:site_name\" content=\"ConectaGr\u00e3o\" \/>\n<meta property=\"article:publisher\" content=\"https:\/\/www.facebook.com\/conectagrao\/\" \/>\n<meta property=\"article:author\" content=\"https:\/\/www.facebook.com\/share\/1A5mH5g3LK\/\" \/>\n<meta property=\"article:published_time\" content=\"2025-08-12T16:20:48+00:00\" \/>\n<meta property=\"article:modified_time\" content=\"2025-08-12T16:20:50+00:00\" \/>\n<meta property=\"og:image\" content=\"https:\/\/conectagrao.com.br\/blog\/wp-content\/uploads\/2025\/08\/microclima.webp\" \/>\n\t<meta property=\"og:image:width\" content=\"1600\" \/>\n\t<meta property=\"og:image:height\" content=\"1067\" \/>\n\t<meta property=\"og:image:type\" content=\"image\/webp\" \/>\n<meta name=\"author\" content=\"conectagrao\" \/>\n<meta name=\"twitter:card\" content=\"summary_large_image\" \/>\n<meta name=\"twitter:label1\" content=\"Escrito por\" \/>\n\t<meta name=\"twitter:data1\" content=\"conectagrao\" \/>\n\t<meta name=\"twitter:label2\" content=\"Est. tempo de leitura\" \/>\n\t<meta name=\"twitter:data2\" content=\"9 minutos\" \/>\n<script type=\"application\/ld+json\" class=\"yoast-schema-graph\">{\"@context\":\"https:\\\/\\\/schema.org\",\"@graph\":[{\"@type\":\"Article\",\"@id\":\"https:\\\/\\\/conectagrao.com.br\\\/blog\\\/microclima-o-que-e-e-por-que-ele-importa-para-o-produtor-rural\\\/#article\",\"isPartOf\":{\"@id\":\"https:\\\/\\\/conectagrao.com.br\\\/blog\\\/microclima-o-que-e-e-por-que-ele-importa-para-o-produtor-rural\\\/\"},\"author\":{\"name\":\"conectagrao\",\"@id\":\"https:\\\/\\\/conectagrao.com.br\\\/blog\\\/#\\\/schema\\\/person\\\/ba64f63526cab8efbf8b1f8198926135\"},\"headline\":\"Microclima: O que \u00e9 e por que ele importa para o produtor rural\",\"datePublished\":\"2025-08-12T16:20:48+00:00\",\"dateModified\":\"2025-08-12T16:20:50+00:00\",\"mainEntityOfPage\":{\"@id\":\"https:\\\/\\\/conectagrao.com.br\\\/blog\\\/microclima-o-que-e-e-por-que-ele-importa-para-o-produtor-rural\\\/\"},\"wordCount\":1684,\"commentCount\":0,\"publisher\":{\"@id\":\"https:\\\/\\\/conectagrao.com.br\\\/blog\\\/#organization\"},\"image\":{\"@id\":\"https:\\\/\\\/conectagrao.com.br\\\/blog\\\/microclima-o-que-e-e-por-que-ele-importa-para-o-produtor-rural\\\/#primaryimage\"},\"thumbnailUrl\":\"https:\\\/\\\/conectagrao.com.br\\\/blog\\\/wp-content\\\/uploads\\\/2025\\\/08\\\/microclima.webp\",\"keywords\":[\"agricultura brasileira\",\"agricultura de precis\u00e3o\",\"biodiversidade\",\"clima tropical\",\"irriga\u00e7\u00e3o\",\"microclima\",\"monitoramento clim\u00e1tico\",\"mudan\u00e7as clim\u00e1ticas\",\"produtividade agr\u00edcola\",\"sistemas agroflorestais\",\"sustentabilidade\"],\"articleSection\":[\"Blog\",\"Clima\"],\"inLanguage\":\"pt-BR\",\"potentialAction\":[{\"@type\":\"CommentAction\",\"name\":\"Comment\",\"target\":[\"https:\\\/\\\/conectagrao.com.br\\\/blog\\\/microclima-o-que-e-e-por-que-ele-importa-para-o-produtor-rural\\\/#respond\"]}]},{\"@type\":[\"WebPage\",\"FAQPage\"],\"@id\":\"https:\\\/\\\/conectagrao.com.br\\\/blog\\\/microclima-o-que-e-e-por-que-ele-importa-para-o-produtor-rural\\\/\",\"url\":\"https:\\\/\\\/conectagrao.com.br\\\/blog\\\/microclima-o-que-e-e-por-que-ele-importa-para-o-produtor-rural\\\/\",\"name\":\"Microclima: O que \u00e9 e por que ele importa para o produtor rural - ConectaGr\u00e3o\",\"isPartOf\":{\"@id\":\"https:\\\/\\\/conectagrao.com.br\\\/blog\\\/#website\"},\"primaryImageOfPage\":{\"@id\":\"https:\\\/\\\/conectagrao.com.br\\\/blog\\\/microclima-o-que-e-e-por-que-ele-importa-para-o-produtor-rural\\\/#primaryimage\"},\"image\":{\"@id\":\"https:\\\/\\\/conectagrao.com.br\\\/blog\\\/microclima-o-que-e-e-por-que-ele-importa-para-o-produtor-rural\\\/#primaryimage\"},\"thumbnailUrl\":\"https:\\\/\\\/conectagrao.com.br\\\/blog\\\/wp-content\\\/uploads\\\/2025\\\/08\\\/microclima.webp\",\"datePublished\":\"2025-08-12T16:20:48+00:00\",\"dateModified\":\"2025-08-12T16:20:50+00:00\",\"description\":\"Entenda o que \u00e9 microclima e sua import\u00e2ncia para a agricultura brasileira. Descubra como ele influencia a produtividade no campo\",\"breadcrumb\":{\"@id\":\"https:\\\/\\\/conectagrao.com.br\\\/blog\\\/microclima-o-que-e-e-por-que-ele-importa-para-o-produtor-rural\\\/#breadcrumb\"},\"mainEntity\":[{\"@id\":\"https:\\\/\\\/conectagrao.com.br\\\/blog\\\/microclima-o-que-e-e-por-que-ele-importa-para-o-produtor-rural\\\/#faq-question-1754793181585\"},{\"@id\":\"https:\\\/\\\/conectagrao.com.br\\\/blog\\\/microclima-o-que-e-e-por-que-ele-importa-para-o-produtor-rural\\\/#faq-question-1754966869380\"},{\"@id\":\"https:\\\/\\\/conectagrao.com.br\\\/blog\\\/microclima-o-que-e-e-por-que-ele-importa-para-o-produtor-rural\\\/#faq-question-1754967185750\"}],\"inLanguage\":\"pt-BR\",\"potentialAction\":[{\"@type\":\"ReadAction\",\"target\":[\"https:\\\/\\\/conectagrao.com.br\\\/blog\\\/microclima-o-que-e-e-por-que-ele-importa-para-o-produtor-rural\\\/\"]}]},{\"@type\":\"ImageObject\",\"inLanguage\":\"pt-BR\",\"@id\":\"https:\\\/\\\/conectagrao.com.br\\\/blog\\\/microclima-o-que-e-e-por-que-ele-importa-para-o-produtor-rural\\\/#primaryimage\",\"url\":\"https:\\\/\\\/conectagrao.com.br\\\/blog\\\/wp-content\\\/uploads\\\/2025\\\/08\\\/microclima.webp\",\"contentUrl\":\"https:\\\/\\\/conectagrao.com.br\\\/blog\\\/wp-content\\\/uploads\\\/2025\\\/08\\\/microclima.webp\",\"width\":1600,\"height\":1067},{\"@type\":\"BreadcrumbList\",\"@id\":\"https:\\\/\\\/conectagrao.com.br\\\/blog\\\/microclima-o-que-e-e-por-que-ele-importa-para-o-produtor-rural\\\/#breadcrumb\",\"itemListElement\":[{\"@type\":\"ListItem\",\"position\":1,\"name\":\"In\u00edcio\",\"item\":\"https:\\\/\\\/conectagrao.com.br\\\/blog\\\/\"},{\"@type\":\"ListItem\",\"position\":2,\"name\":\"Microclima: O que \u00e9 e por que ele importa para o produtor rural\"}]},{\"@type\":\"WebSite\",\"@id\":\"https:\\\/\\\/conectagrao.com.br\\\/blog\\\/#website\",\"url\":\"https:\\\/\\\/conectagrao.com.br\\\/blog\\\/\",\"name\":\"ConectaGr\u00e3o\",\"description\":\"Conectando o futuro com o agroneg\u00f3cio.\",\"publisher\":{\"@id\":\"https:\\\/\\\/conectagrao.com.br\\\/blog\\\/#organization\"},\"alternateName\":\"conectagrao\",\"potentialAction\":[{\"@type\":\"SearchAction\",\"target\":{\"@type\":\"EntryPoint\",\"urlTemplate\":\"https:\\\/\\\/conectagrao.com.br\\\/blog\\\/?s={search_term_string}\"},\"query-input\":{\"@type\":\"PropertyValueSpecification\",\"valueRequired\":true,\"valueName\":\"search_term_string\"}}],\"inLanguage\":\"pt-BR\"},{\"@type\":\"Organization\",\"@id\":\"https:\\\/\\\/conectagrao.com.br\\\/blog\\\/#organization\",\"name\":\"ConectaGr\u00e3o\",\"alternateName\":\"conectagrao\",\"url\":\"https:\\\/\\\/conectagrao.com.br\\\/blog\\\/\",\"logo\":{\"@type\":\"ImageObject\",\"inLanguage\":\"pt-BR\",\"@id\":\"https:\\\/\\\/conectagrao.com.br\\\/blog\\\/#\\\/schema\\\/logo\\\/image\\\/\",\"url\":\"https:\\\/\\\/conectagrao.com.br\\\/blog\\\/wp-content\\\/uploads\\\/2025\\\/07\\\/ConectaGrao-6.png\",\"contentUrl\":\"https:\\\/\\\/conectagrao.com.br\\\/blog\\\/wp-content\\\/uploads\\\/2025\\\/07\\\/ConectaGrao-6.png\",\"width\":447,\"height\":559,\"caption\":\"ConectaGr\u00e3o\"},\"image\":{\"@id\":\"https:\\\/\\\/conectagrao.com.br\\\/blog\\\/#\\\/schema\\\/logo\\\/image\\\/\"},\"sameAs\":[\"https:\\\/\\\/www.facebook.com\\\/conectagrao\\\/\",\"https:\\\/\\\/www.tiktok.com\\\/@conectagrao?_t=ZM-8xPuS2d6MFB&_r=1\",\"https:\\\/\\\/www.threads.com\\\/@conectagrao\",\"https:\\\/\\\/www.youtube.com\\\/@conectagrao\",\"https:\\\/\\\/www.instagram.com\\\/conectagrao\"]},{\"@type\":\"Person\",\"@id\":\"https:\\\/\\\/conectagrao.com.br\\\/blog\\\/#\\\/schema\\\/person\\\/ba64f63526cab8efbf8b1f8198926135\",\"name\":\"conectagrao\",\"image\":{\"@type\":\"ImageObject\",\"inLanguage\":\"pt-BR\",\"@id\":\"https:\\\/\\\/secure.gravatar.com\\\/avatar\\\/fb3dc2cba7f544171abec58358591c995847240e6fd4f1f7a4a8159970dca59e?s=96&d=mm&r=g\",\"url\":\"https:\\\/\\\/secure.gravatar.com\\\/avatar\\\/fb3dc2cba7f544171abec58358591c995847240e6fd4f1f7a4a8159970dca59e?s=96&d=mm&r=g\",\"contentUrl\":\"https:\\\/\\\/secure.gravatar.com\\\/avatar\\\/fb3dc2cba7f544171abec58358591c995847240e6fd4f1f7a4a8159970dca59e?s=96&d=mm&r=g\",\"caption\":\"conectagrao\"},\"description\":\"ConectaGr\u00e3o\u00ae \u00e9 uma plataforma digital que conecta produtores, empresas e compradores do agroneg\u00f3cio, oferecendo an\u00e1lises de mercado, cota\u00e7\u00f5es, ferramentas e conte\u00fados gratuitos para facilitar o dia a dia no campo. Fundada por Genecir Jacoboski e Kao\u00ea T. Rauch a ConectaGr\u00e3o\u00ae tem como miss\u00e3o valorizar o produtor e aproximar o campo do mercado com tecnologia, informa\u00e7\u00e3o e inova\u00e7\u00e3o.\",\"sameAs\":[\"https:\\\/\\\/conectagrao.com.br\\\/blog\",\"https:\\\/\\\/www.facebook.com\\\/share\\\/1A5mH5g3LK\\\/\",\"https:\\\/\\\/www.instagram.com\\\/conectagrao?igsh=azQ1dXBndnp4dzZw\",\"https:\\\/\\\/youtube.com\\\/@conectagrao?si=QnGS_Zm7Cuj1pznt\"],\"url\":\"https:\\\/\\\/conectagrao.com.br\\\/blog\\\/author\\\/conectagrao\\\/\"},{\"@type\":\"Question\",\"@id\":\"https:\\\/\\\/conectagrao.com.br\\\/blog\\\/microclima-o-que-e-e-por-que-ele-importa-para-o-produtor-rural\\\/#faq-question-1754793181585\",\"position\":1,\"url\":\"https:\\\/\\\/conectagrao.com.br\\\/blog\\\/microclima-o-que-e-e-por-que-ele-importa-para-o-produtor-rural\\\/#faq-question-1754793181585\",\"name\":\"1. O que diferencia um microclima de um macroclima?\",\"answerCount\":1,\"acceptedAnswer\":{\"@type\":\"Answer\",\"text\":\"O microclima refere-se \u00e0s condi\u00e7\u00f5es clim\u00e1ticas de uma \u00e1rea pequena, como uma propriedade rural, influenciadas por fatores como vegeta\u00e7\u00e3o, solo e topografia. J\u00e1 o macroclima abrange regi\u00f5es maiores, como o clima Tropical do Centro-Oeste. Por exemplo, no Mato Grosso, um SAF pode criar um microclima mais fresco e \u00famido, enquanto o macroclima regional \u00e9 quente e seco. Compreender essa diferen\u00e7a ajuda os produtores a adaptar o manejo \u00e0s condi\u00e7\u00f5es locais, otimizando a escolha de culturas e pr\u00e1ticas agr\u00edcolas.\",\"inLanguage\":\"pt-BR\"},\"inLanguage\":\"pt-BR\"},{\"@type\":\"Question\",\"@id\":\"https:\\\/\\\/conectagrao.com.br\\\/blog\\\/microclima-o-que-e-e-por-que-ele-importa-para-o-produtor-rural\\\/#faq-question-1754966869380\",\"position\":2,\"url\":\"https:\\\/\\\/conectagrao.com.br\\\/blog\\\/microclima-o-que-e-e-por-que-ele-importa-para-o-produtor-rural\\\/#faq-question-1754966869380\",\"name\":\"2. Como os microclimas afetam a escolha de culturas?\",\"answerCount\":1,\"acceptedAnswer\":{\"@type\":\"Answer\",\"text\":\"Microclimas determinam quais culturas s\u00e3o mais vi\u00e1veis em uma propriedade. Em microclimas \u00famidos, como os criados por SAFs em Dourados (MS), culturas como citros e palmito prosperam, enquanto \u00e1reas expostas ao sol intenso favorecem cultivares resistentes \u00e0 seca, como a soja BRS 284 da Embrapa. Dados do IBGE mostram que a escolha correta de culturas pode aumentar a produtividade em at\u00e9 20% em algumas regi\u00f5es.\",\"inLanguage\":\"pt-BR\"},\"inLanguage\":\"pt-BR\"},{\"@type\":\"Question\",\"@id\":\"https:\\\/\\\/conectagrao.com.br\\\/blog\\\/microclima-o-que-e-e-por-que-ele-importa-para-o-produtor-rural\\\/#faq-question-1754967185750\",\"position\":3,\"url\":\"https:\\\/\\\/conectagrao.com.br\\\/blog\\\/microclima-o-que-e-e-por-que-ele-importa-para-o-produtor-rural\\\/#faq-question-1754967185750\",\"name\":\"5. Quais s\u00e3o os desafios para pequenos produtores no manejo de microclimas?\",\"answerCount\":1,\"acceptedAnswer\":{\"@type\":\"Answer\",\"text\":\"Pequenos produtores enfrentam barreiras financeiras e t\u00e9cnicas, como o alto custo de drones e a falta de capacita\u00e7\u00e3o. Um estudo da UFV mostrou que 50% dos agricultores mineiros t\u00eam conhecimento incompleto sobre microclimas, dificultando a ado\u00e7\u00e3o de pr\u00e1ticas modernas. Programas do Sebrae e da Embrapa buscam superar isso com treinamentos e assist\u00eancia t\u00e9cnica.\",\"inLanguage\":\"pt-BR\"},\"inLanguage\":\"pt-BR\"}]}<\/script>\n<!-- \/ Yoast SEO plugin. -->","yoast_head_json":{"title":"Microclima: O que \u00e9 e por que ele importa para o produtor rural - ConectaGr\u00e3o","description":"Entenda o que \u00e9 microclima e sua import\u00e2ncia para a agricultura brasileira. Descubra como ele influencia a produtividade no campo","robots":{"index":"index","follow":"follow","max-snippet":"max-snippet:-1","max-image-preview":"max-image-preview:large","max-video-preview":"max-video-preview:-1"},"canonical":"https:\/\/conectagrao.com.br\/blog\/microclima-o-que-e-e-por-que-ele-importa-para-o-produtor-rural\/","og_locale":"pt_BR","og_type":"article","og_title":"Microclima: O que \u00e9 e por que ele importa para o produtor rural - ConectaGr\u00e3o","og_description":"Entenda o que \u00e9 microclima e sua import\u00e2ncia para a agricultura brasileira. Descubra como ele influencia a produtividade no campo","og_url":"https:\/\/conectagrao.com.br\/blog\/microclima-o-que-e-e-por-que-ele-importa-para-o-produtor-rural\/","og_site_name":"ConectaGr\u00e3o","article_publisher":"https:\/\/www.facebook.com\/conectagrao\/","article_author":"https:\/\/www.facebook.com\/share\/1A5mH5g3LK\/","article_published_time":"2025-08-12T16:20:48+00:00","article_modified_time":"2025-08-12T16:20:50+00:00","og_image":[{"width":1600,"height":1067,"url":"https:\/\/conectagrao.com.br\/blog\/wp-content\/uploads\/2025\/08\/microclima.webp","type":"image\/webp"}],"author":"conectagrao","twitter_card":"summary_large_image","twitter_misc":{"Escrito por":"conectagrao","Est. tempo de leitura":"9 minutos"},"schema":{"@context":"https:\/\/schema.org","@graph":[{"@type":"Article","@id":"https:\/\/conectagrao.com.br\/blog\/microclima-o-que-e-e-por-que-ele-importa-para-o-produtor-rural\/#article","isPartOf":{"@id":"https:\/\/conectagrao.com.br\/blog\/microclima-o-que-e-e-por-que-ele-importa-para-o-produtor-rural\/"},"author":{"name":"conectagrao","@id":"https:\/\/conectagrao.com.br\/blog\/#\/schema\/person\/ba64f63526cab8efbf8b1f8198926135"},"headline":"Microclima: O que \u00e9 e por que ele importa para o produtor rural","datePublished":"2025-08-12T16:20:48+00:00","dateModified":"2025-08-12T16:20:50+00:00","mainEntityOfPage":{"@id":"https:\/\/conectagrao.com.br\/blog\/microclima-o-que-e-e-por-que-ele-importa-para-o-produtor-rural\/"},"wordCount":1684,"commentCount":0,"publisher":{"@id":"https:\/\/conectagrao.com.br\/blog\/#organization"},"image":{"@id":"https:\/\/conectagrao.com.br\/blog\/microclima-o-que-e-e-por-que-ele-importa-para-o-produtor-rural\/#primaryimage"},"thumbnailUrl":"https:\/\/conectagrao.com.br\/blog\/wp-content\/uploads\/2025\/08\/microclima.webp","keywords":["agricultura brasileira","agricultura de precis\u00e3o","biodiversidade","clima tropical","irriga\u00e7\u00e3o","microclima","monitoramento clim\u00e1tico","mudan\u00e7as clim\u00e1ticas","produtividade agr\u00edcola","sistemas agroflorestais","sustentabilidade"],"articleSection":["Blog","Clima"],"inLanguage":"pt-BR","potentialAction":[{"@type":"CommentAction","name":"Comment","target":["https:\/\/conectagrao.com.br\/blog\/microclima-o-que-e-e-por-que-ele-importa-para-o-produtor-rural\/#respond"]}]},{"@type":["WebPage","FAQPage"],"@id":"https:\/\/conectagrao.com.br\/blog\/microclima-o-que-e-e-por-que-ele-importa-para-o-produtor-rural\/","url":"https:\/\/conectagrao.com.br\/blog\/microclima-o-que-e-e-por-que-ele-importa-para-o-produtor-rural\/","name":"Microclima: O que \u00e9 e por que ele importa para o produtor rural - ConectaGr\u00e3o","isPartOf":{"@id":"https:\/\/conectagrao.com.br\/blog\/#website"},"primaryImageOfPage":{"@id":"https:\/\/conectagrao.com.br\/blog\/microclima-o-que-e-e-por-que-ele-importa-para-o-produtor-rural\/#primaryimage"},"image":{"@id":"https:\/\/conectagrao.com.br\/blog\/microclima-o-que-e-e-por-que-ele-importa-para-o-produtor-rural\/#primaryimage"},"thumbnailUrl":"https:\/\/conectagrao.com.br\/blog\/wp-content\/uploads\/2025\/08\/microclima.webp","datePublished":"2025-08-12T16:20:48+00:00","dateModified":"2025-08-12T16:20:50+00:00","description":"Entenda o que \u00e9 microclima e sua import\u00e2ncia para a agricultura brasileira. Descubra como ele influencia a produtividade no campo","breadcrumb":{"@id":"https:\/\/conectagrao.com.br\/blog\/microclima-o-que-e-e-por-que-ele-importa-para-o-produtor-rural\/#breadcrumb"},"mainEntity":[{"@id":"https:\/\/conectagrao.com.br\/blog\/microclima-o-que-e-e-por-que-ele-importa-para-o-produtor-rural\/#faq-question-1754793181585"},{"@id":"https:\/\/conectagrao.com.br\/blog\/microclima-o-que-e-e-por-que-ele-importa-para-o-produtor-rural\/#faq-question-1754966869380"},{"@id":"https:\/\/conectagrao.com.br\/blog\/microclima-o-que-e-e-por-que-ele-importa-para-o-produtor-rural\/#faq-question-1754967185750"}],"inLanguage":"pt-BR","potentialAction":[{"@type":"ReadAction","target":["https:\/\/conectagrao.com.br\/blog\/microclima-o-que-e-e-por-que-ele-importa-para-o-produtor-rural\/"]}]},{"@type":"ImageObject","inLanguage":"pt-BR","@id":"https:\/\/conectagrao.com.br\/blog\/microclima-o-que-e-e-por-que-ele-importa-para-o-produtor-rural\/#primaryimage","url":"https:\/\/conectagrao.com.br\/blog\/wp-content\/uploads\/2025\/08\/microclima.webp","contentUrl":"https:\/\/conectagrao.com.br\/blog\/wp-content\/uploads\/2025\/08\/microclima.webp","width":1600,"height":1067},{"@type":"BreadcrumbList","@id":"https:\/\/conectagrao.com.br\/blog\/microclima-o-que-e-e-por-que-ele-importa-para-o-produtor-rural\/#breadcrumb","itemListElement":[{"@type":"ListItem","position":1,"name":"In\u00edcio","item":"https:\/\/conectagrao.com.br\/blog\/"},{"@type":"ListItem","position":2,"name":"Microclima: O que \u00e9 e por que ele importa para o produtor rural"}]},{"@type":"WebSite","@id":"https:\/\/conectagrao.com.br\/blog\/#website","url":"https:\/\/conectagrao.com.br\/blog\/","name":"ConectaGr\u00e3o","description":"Conectando o futuro com o agroneg\u00f3cio.","publisher":{"@id":"https:\/\/conectagrao.com.br\/blog\/#organization"},"alternateName":"conectagrao","potentialAction":[{"@type":"SearchAction","target":{"@type":"EntryPoint","urlTemplate":"https:\/\/conectagrao.com.br\/blog\/?s={search_term_string}"},"query-input":{"@type":"PropertyValueSpecification","valueRequired":true,"valueName":"search_term_string"}}],"inLanguage":"pt-BR"},{"@type":"Organization","@id":"https:\/\/conectagrao.com.br\/blog\/#organization","name":"ConectaGr\u00e3o","alternateName":"conectagrao","url":"https:\/\/conectagrao.com.br\/blog\/","logo":{"@type":"ImageObject","inLanguage":"pt-BR","@id":"https:\/\/conectagrao.com.br\/blog\/#\/schema\/logo\/image\/","url":"https:\/\/conectagrao.com.br\/blog\/wp-content\/uploads\/2025\/07\/ConectaGrao-6.png","contentUrl":"https:\/\/conectagrao.com.br\/blog\/wp-content\/uploads\/2025\/07\/ConectaGrao-6.png","width":447,"height":559,"caption":"ConectaGr\u00e3o"},"image":{"@id":"https:\/\/conectagrao.com.br\/blog\/#\/schema\/logo\/image\/"},"sameAs":["https:\/\/www.facebook.com\/conectagrao\/","https:\/\/www.tiktok.com\/@conectagrao?_t=ZM-8xPuS2d6MFB&_r=1","https:\/\/www.threads.com\/@conectagrao","https:\/\/www.youtube.com\/@conectagrao","https:\/\/www.instagram.com\/conectagrao"]},{"@type":"Person","@id":"https:\/\/conectagrao.com.br\/blog\/#\/schema\/person\/ba64f63526cab8efbf8b1f8198926135","name":"conectagrao","image":{"@type":"ImageObject","inLanguage":"pt-BR","@id":"https:\/\/secure.gravatar.com\/avatar\/fb3dc2cba7f544171abec58358591c995847240e6fd4f1f7a4a8159970dca59e?s=96&d=mm&r=g","url":"https:\/\/secure.gravatar.com\/avatar\/fb3dc2cba7f544171abec58358591c995847240e6fd4f1f7a4a8159970dca59e?s=96&d=mm&r=g","contentUrl":"https:\/\/secure.gravatar.com\/avatar\/fb3dc2cba7f544171abec58358591c995847240e6fd4f1f7a4a8159970dca59e?s=96&d=mm&r=g","caption":"conectagrao"},"description":"ConectaGr\u00e3o\u00ae \u00e9 uma plataforma digital que conecta produtores, empresas e compradores do agroneg\u00f3cio, oferecendo an\u00e1lises de mercado, cota\u00e7\u00f5es, ferramentas e conte\u00fados gratuitos para facilitar o dia a dia no campo. Fundada por Genecir Jacoboski e Kao\u00ea T. Rauch a ConectaGr\u00e3o\u00ae tem como miss\u00e3o valorizar o produtor e aproximar o campo do mercado com tecnologia, informa\u00e7\u00e3o e inova\u00e7\u00e3o.","sameAs":["https:\/\/conectagrao.com.br\/blog","https:\/\/www.facebook.com\/share\/1A5mH5g3LK\/","https:\/\/www.instagram.com\/conectagrao?igsh=azQ1dXBndnp4dzZw","https:\/\/youtube.com\/@conectagrao?si=QnGS_Zm7Cuj1pznt"],"url":"https:\/\/conectagrao.com.br\/blog\/author\/conectagrao\/"},{"@type":"Question","@id":"https:\/\/conectagrao.com.br\/blog\/microclima-o-que-e-e-por-que-ele-importa-para-o-produtor-rural\/#faq-question-1754793181585","position":1,"url":"https:\/\/conectagrao.com.br\/blog\/microclima-o-que-e-e-por-que-ele-importa-para-o-produtor-rural\/#faq-question-1754793181585","name":"1. O que diferencia um microclima de um macroclima?","answerCount":1,"acceptedAnswer":{"@type":"Answer","text":"O microclima refere-se \u00e0s condi\u00e7\u00f5es clim\u00e1ticas de uma \u00e1rea pequena, como uma propriedade rural, influenciadas por fatores como vegeta\u00e7\u00e3o, solo e topografia. J\u00e1 o macroclima abrange regi\u00f5es maiores, como o clima Tropical do Centro-Oeste. Por exemplo, no Mato Grosso, um SAF pode criar um microclima mais fresco e \u00famido, enquanto o macroclima regional \u00e9 quente e seco. Compreender essa diferen\u00e7a ajuda os produtores a adaptar o manejo \u00e0s condi\u00e7\u00f5es locais, otimizando a escolha de culturas e pr\u00e1ticas agr\u00edcolas.","inLanguage":"pt-BR"},"inLanguage":"pt-BR"},{"@type":"Question","@id":"https:\/\/conectagrao.com.br\/blog\/microclima-o-que-e-e-por-que-ele-importa-para-o-produtor-rural\/#faq-question-1754966869380","position":2,"url":"https:\/\/conectagrao.com.br\/blog\/microclima-o-que-e-e-por-que-ele-importa-para-o-produtor-rural\/#faq-question-1754966869380","name":"2. Como os microclimas afetam a escolha de culturas?","answerCount":1,"acceptedAnswer":{"@type":"Answer","text":"Microclimas determinam quais culturas s\u00e3o mais vi\u00e1veis em uma propriedade. Em microclimas \u00famidos, como os criados por SAFs em Dourados (MS), culturas como citros e palmito prosperam, enquanto \u00e1reas expostas ao sol intenso favorecem cultivares resistentes \u00e0 seca, como a soja BRS 284 da Embrapa. Dados do IBGE mostram que a escolha correta de culturas pode aumentar a produtividade em at\u00e9 20% em algumas regi\u00f5es.","inLanguage":"pt-BR"},"inLanguage":"pt-BR"},{"@type":"Question","@id":"https:\/\/conectagrao.com.br\/blog\/microclima-o-que-e-e-por-que-ele-importa-para-o-produtor-rural\/#faq-question-1754967185750","position":3,"url":"https:\/\/conectagrao.com.br\/blog\/microclima-o-que-e-e-por-que-ele-importa-para-o-produtor-rural\/#faq-question-1754967185750","name":"5. Quais s\u00e3o os desafios para pequenos produtores no manejo de microclimas?","answerCount":1,"acceptedAnswer":{"@type":"Answer","text":"Pequenos produtores enfrentam barreiras financeiras e t\u00e9cnicas, como o alto custo de drones e a falta de capacita\u00e7\u00e3o. Um estudo da UFV mostrou que 50% dos agricultores mineiros t\u00eam conhecimento incompleto sobre microclimas, dificultando a ado\u00e7\u00e3o de pr\u00e1ticas modernas. Programas do Sebrae e da Embrapa buscam superar isso com treinamentos e assist\u00eancia t\u00e9cnica.","inLanguage":"pt-BR"},"inLanguage":"pt-BR"}]}},"uagb_featured_image_src":{"full":["https:\/\/conectagrao.com.br\/blog\/wp-content\/uploads\/2025\/08\/microclima.webp",1600,1067,false],"thumbnail":["https:\/\/conectagrao.com.br\/blog\/wp-content\/uploads\/2025\/08\/microclima-150x150.webp",150,150,true],"medium":["https:\/\/conectagrao.com.br\/blog\/wp-content\/uploads\/2025\/08\/microclima-300x200.webp",300,200,true],"medium_large":["https:\/\/conectagrao.com.br\/blog\/wp-content\/uploads\/2025\/08\/microclima-768x512.webp",640,427,true],"large":["https:\/\/conectagrao.com.br\/blog\/wp-content\/uploads\/2025\/08\/microclima-1024x683.webp",640,427,true],"1536x1536":["https:\/\/conectagrao.com.br\/blog\/wp-content\/uploads\/2025\/08\/microclima-1536x1024.webp",1536,1024,true],"2048x2048":["https:\/\/conectagrao.com.br\/blog\/wp-content\/uploads\/2025\/08\/microclima.webp",1600,1067,false],"cvmm-medium":["https:\/\/conectagrao.com.br\/blog\/wp-content\/uploads\/2025\/08\/microclima-300x300.webp",300,300,true],"cvmm-medium-plus":["https:\/\/conectagrao.com.br\/blog\/wp-content\/uploads\/2025\/08\/microclima-305x207.webp",305,207,true],"cvmm-portrait":["https:\/\/conectagrao.com.br\/blog\/wp-content\/uploads\/2025\/08\/microclima-400x600.webp",400,600,true],"cvmm-medium-square":["https:\/\/conectagrao.com.br\/blog\/wp-content\/uploads\/2025\/08\/microclima-600x600.webp",600,600,true],"cvmm-large":["https:\/\/conectagrao.com.br\/blog\/wp-content\/uploads\/2025\/08\/microclima-1024x1024.webp",1024,1024,true],"cvmm-small":["https:\/\/conectagrao.com.br\/blog\/wp-content\/uploads\/2025\/08\/microclima-130x95.webp",130,95,true],"news-portal-block-medium":["https:\/\/conectagrao.com.br\/blog\/wp-content\/uploads\/2025\/08\/microclima-305x207.webp",305,207,true],"news-portal-block-thumb":["https:\/\/conectagrao.com.br\/blog\/wp-content\/uploads\/2025\/08\/microclima-136x102.webp",136,102,true],"news-portal-slider-medium":["https:\/\/conectagrao.com.br\/blog\/wp-content\/uploads\/2025\/08\/microclima-622x420.webp",622,420,true],"news-portal-carousel-portrait":["https:\/\/conectagrao.com.br\/blog\/wp-content\/uploads\/2025\/08\/microclima-400x600.webp",400,600,true],"news-portal-alternate-grid":["https:\/\/conectagrao.com.br\/blog\/wp-content\/uploads\/2025\/08\/microclima-340x316.webp",340,316,true],"web-stories-poster-portrait":["https:\/\/conectagrao.com.br\/blog\/wp-content\/uploads\/2025\/08\/microclima-640x853.webp",640,853,true],"web-stories-publisher-logo":["https:\/\/conectagrao.com.br\/blog\/wp-content\/uploads\/2025\/08\/microclima-96x96.webp",96,96,true],"web-stories-thumbnail":["https:\/\/conectagrao.com.br\/blog\/wp-content\/uploads\/2025\/08\/microclima-150x100.webp",150,100,true]},"uagb_author_info":{"display_name":"conectagrao","author_link":"https:\/\/conectagrao.com.br\/blog\/author\/conectagrao\/"},"uagb_comment_info":0,"uagb_excerpt":"O microclima \u00e9 um conceito essencial para os produtores rurais brasileiros, pois influencia diretamente a escolha de culturas, a produtividade e a sustentabilidade. Este artigo explora o que \u00e9 microclima, como ele afeta a agricultura em diferentes regi\u00f5es do Brasil, e quais pr\u00e1ticas, como sistemas agroflorestais e irriga\u00e7\u00e3o, ajudam a otimiz\u00e1-lo. Com base em dados&hellip;","blog_post_layout_featured_media_urls":{"thumbnail":["https:\/\/conectagrao.com.br\/blog\/wp-content\/uploads\/2025\/08\/microclima-150x150.webp",150,150,true],"full":["https:\/\/conectagrao.com.br\/blog\/wp-content\/uploads\/2025\/08\/microclima.webp",1600,1067,false]},"categories_names":{"1":{"name":"Blog","link":"https:\/\/conectagrao.com.br\/blog\/blog\/"},"27":{"name":"Clima","link":"https:\/\/conectagrao.com.br\/blog\/clima\/"}},"tags_names":{"166":{"name":"agricultura brasileira","link":"https:\/\/conectagrao.com.br\/blog\/tag\/agricultura-brasileira\/"},"173":{"name":"agricultura de precis\u00e3o","link":"https:\/\/conectagrao.com.br\/blog\/tag\/agricultura-de-precisao\/"},"174":{"name":"biodiversidade","link":"https:\/\/conectagrao.com.br\/blog\/tag\/biodiversidade\/"},"175":{"name":"clima tropical","link":"https:\/\/conectagrao.com.br\/blog\/tag\/clima-tropical\/"},"168":{"name":"irriga\u00e7\u00e3o","link":"https:\/\/conectagrao.com.br\/blog\/tag\/irrigacao\/"},"165":{"name":"microclima","link":"https:\/\/conectagrao.com.br\/blog\/tag\/microclima\/"},"169":{"name":"monitoramento clim\u00e1tico","link":"https:\/\/conectagrao.com.br\/blog\/tag\/monitoramento-climatico\/"},"172":{"name":"mudan\u00e7as clim\u00e1ticas","link":"https:\/\/conectagrao.com.br\/blog\/tag\/mudancas-climaticas\/"},"171":{"name":"produtividade agr\u00edcola","link":"https:\/\/conectagrao.com.br\/blog\/tag\/produtividade-agricola\/"},"167":{"name":"sistemas agroflorestais","link":"https:\/\/conectagrao.com.br\/blog\/tag\/sistemas-agroflorestais\/"},"170":{"name":"sustentabilidade","link":"https:\/\/conectagrao.com.br\/blog\/tag\/sustentabilidade\/"}},"comments_number":"0","wpmagazine_modules_lite_featured_media_urls":{"thumbnail":["https:\/\/conectagrao.com.br\/blog\/wp-content\/uploads\/2025\/08\/microclima-150x150.webp",150,150,true],"cvmm-medium":["https:\/\/conectagrao.com.br\/blog\/wp-content\/uploads\/2025\/08\/microclima-300x300.webp",300,300,true],"cvmm-medium-plus":["https:\/\/conectagrao.com.br\/blog\/wp-content\/uploads\/2025\/08\/microclima-305x207.webp",305,207,true],"cvmm-portrait":["https:\/\/conectagrao.com.br\/blog\/wp-content\/uploads\/2025\/08\/microclima-400x600.webp",400,600,true],"cvmm-medium-square":["https:\/\/conectagrao.com.br\/blog\/wp-content\/uploads\/2025\/08\/microclima-600x600.webp",600,600,true],"cvmm-large":["https:\/\/conectagrao.com.br\/blog\/wp-content\/uploads\/2025\/08\/microclima-1024x1024.webp",1024,1024,true],"cvmm-small":["https:\/\/conectagrao.com.br\/blog\/wp-content\/uploads\/2025\/08\/microclima-130x95.webp",130,95,true],"full":["https:\/\/conectagrao.com.br\/blog\/wp-content\/uploads\/2025\/08\/microclima.webp",1600,1067,false]},"_links":{"self":[{"href":"https:\/\/conectagrao.com.br\/blog\/wp-json\/wp\/v2\/posts\/1021","targetHints":{"allow":["GET"]}}],"collection":[{"href":"https:\/\/conectagrao.com.br\/blog\/wp-json\/wp\/v2\/posts"}],"about":[{"href":"https:\/\/conectagrao.com.br\/blog\/wp-json\/wp\/v2\/types\/post"}],"author":[{"embeddable":true,"href":"https:\/\/conectagrao.com.br\/blog\/wp-json\/wp\/v2\/users\/1"}],"replies":[{"embeddable":true,"href":"https:\/\/conectagrao.com.br\/blog\/wp-json\/wp\/v2\/comments?post=1021"}],"version-history":[{"count":3,"href":"https:\/\/conectagrao.com.br\/blog\/wp-json\/wp\/v2\/posts\/1021\/revisions"}],"predecessor-version":[{"id":1094,"href":"https:\/\/conectagrao.com.br\/blog\/wp-json\/wp\/v2\/posts\/1021\/revisions\/1094"}],"wp:featuredmedia":[{"embeddable":true,"href":"https:\/\/conectagrao.com.br\/blog\/wp-json\/wp\/v2\/media\/1092"}],"wp:attachment":[{"href":"https:\/\/conectagrao.com.br\/blog\/wp-json\/wp\/v2\/media?parent=1021"}],"wp:term":[{"taxonomy":"category","embeddable":true,"href":"https:\/\/conectagrao.com.br\/blog\/wp-json\/wp\/v2\/categories?post=1021"},{"taxonomy":"post_tag","embeddable":true,"href":"https:\/\/conectagrao.com.br\/blog\/wp-json\/wp\/v2\/tags?post=1021"}],"curies":[{"name":"wp","href":"https:\/\/api.w.org\/{rel}","templated":true}]}}