{"id":1091,"date":"2025-09-01T08:00:00","date_gmt":"2025-09-01T08:00:00","guid":{"rendered":"https:\/\/conectagrao.com.br\/blog\/?p=1091"},"modified":"2025-09-01T04:14:55","modified_gmt":"2025-09-01T04:14:55","slug":"como-o-windy-revoluciona-a-previsao-do-tempo-no-agronegocio","status":"publish","type":"post","link":"https:\/\/conectagrao.com.br\/blog\/como-o-windy-revoluciona-a-previsao-do-tempo-no-agronegocio\/","title":{"rendered":"Como o Windy revoluciona a previs\u00e3o do tempo no agroneg\u00f3cio"},"content":{"rendered":"\n<p>No agroneg\u00f3cio, cada decis\u00e3o depende do clima. Afinal, o produtor precisa avaliar a melhor hora para plantar, colher, pulverizar e at\u00e9 mesmo irrigar. Nesse cen\u00e1rio, a precis\u00e3o meteorol\u00f3gica n\u00e3o \u00e9 apenas importante: ela \u00e9 vital. E \u00e9 justamente a\u00ed que entra o <strong>Windy<\/strong>, uma das ferramentas mais modernas e completas de previs\u00e3o do tempo dispon\u00edveis atualmente.<\/p>\n\n\n\n<p>Mais do que um simples aplicativo, o Windy se consolidou como aliado estrat\u00e9gico do agricultor brasileiro. Isso acontece porque, ao reunir dados em tempo real e modelos clim\u00e1ticos avan\u00e7ados, ele oferece informa\u00e7\u00f5es que transformam o planejamento e a gest\u00e3o no campo.<\/p>\n\n\n\n<h2 class=\"wp-block-heading\">O que \u00e9 o Windy e por que ele se destaca? <\/h2>\n\n\n\n<p>O Windy \u00e9 uma plataforma global de monitoramento meteorol\u00f3gico. Diferente dos aplicativos tradicionais, que mostram apenas temperatura e chuva, ele apresenta mapas interativos com dados de vento, umidade, press\u00e3o atmosf\u00e9rica, radar de chuva e at\u00e9 risco de tempestades.<\/p>\n\n\n\n<p>Portanto, enquanto outros aplicativos entregam previs\u00f5es simplificadas, o Windy coloca nas m\u00e3os do produtor uma verdadeira central de informa\u00e7\u00f5es clim\u00e1ticas.<\/p>\n\n\n\n<h2 class=\"wp-block-heading\">Como o Windy auxilia o agroneg\u00f3cio brasileiro <\/h2>\n\n\n\n<p>No Brasil, onde as condi\u00e7\u00f5es clim\u00e1ticas variam intensamente entre regi\u00f5es e safras, a plataforma se torna ainda mais valiosa. Entre as principais formas de uso, destacam-se:<\/p>\n\n\n\n<ol class=\"wp-block-list\">\n<li><strong>Planejamento de pulveriza\u00e7\u00f5es<\/strong> \n<ul class=\"wp-block-list\">\n<li>Como o Windy mostra velocidade e dire\u00e7\u00e3o do vento em diferentes camadas da atmosfera, o agricultor consegue escolher o momento ideal para reduzir riscos de deriva.<\/li>\n<\/ul>\n<\/li>\n\n\n\n<li><strong>Gest\u00e3o da irriga\u00e7\u00e3o<\/strong> \n<ul class=\"wp-block-list\">\n<li>A previs\u00e3o de chuvas ajuda a evitar desperd\u00edcio de \u00e1gua e energia, tornando o uso da irriga\u00e7\u00e3o mais eficiente.<\/li>\n<\/ul>\n<\/li>\n\n\n\n<li><strong>Preven\u00e7\u00e3o de perdas na colheita<\/strong> \n<ul class=\"wp-block-list\">\n<li>Com alertas de tempestades, geadas e granizo, o produtor consegue se antecipar e reduzir preju\u00edzos.<\/li>\n<\/ul>\n<\/li>\n\n\n\n<li><strong>Seguran\u00e7a no transporte de gr\u00e3os<\/strong> \n<ul class=\"wp-block-list\">\n<li>Informa\u00e7\u00f5es sobre chuva intensa e condi\u00e7\u00f5es de estrada contribuem para melhor log\u00edstica e menor risco de acidentes.<\/li>\n<\/ul>\n<\/li>\n<\/ol>\n\n\n\n<h2 class=\"wp-block-heading\">Vantagens do Windy em rela\u00e7\u00e3o a outros aplicativos <\/h2>\n\n\n\n<p>O grande diferencial do Windy est\u00e1 na profundidade dos dados. Al\u00e9m disso, ele combina diferentes modelos meteorol\u00f3gicos globais, como ECMWF e GFS, oferecendo previs\u00f5es mais robustas.<\/p>\n\n\n\n<p>Entre os principais benef\u00edcios est\u00e3o:<\/p>\n\n\n\n<ul class=\"wp-block-list\">\n<li><strong>Mapas em tempo real altamente visuais e intuitivos<\/strong>;<\/li>\n\n\n\n<li><strong>Dados clim\u00e1ticos por hora, at\u00e9 10 dias \u00e0 frente<\/strong>;<\/li>\n\n\n\n<li><strong>Modelos m\u00faltiplos de previs\u00e3o, aumentando a confiabilidade<\/strong>;<\/li>\n\n\n\n<li><strong>Camadas espec\u00edficas para agricultura, como umidade do solo e \u00edndice de evapotranspira\u00e7\u00e3o<\/strong>;<\/li>\n\n\n\n<li><strong>Acesso gratuito e vers\u00e3o premium com recursos ainda mais avan\u00e7ados<\/strong>.<\/li>\n<\/ul>\n\n\n\n<p>Assim, o agricultor deixa de depender de previs\u00f5es generalistas e passa a ter uma vis\u00e3o t\u00e9cnica e detalhada, ideal para tomadas de decis\u00e3o no campo.<\/p>\n\n\n\n<h2 class=\"wp-block-heading\">O futuro da previs\u00e3o do tempo no agroneg\u00f3cio brasileiro <\/h2>\n\n\n\n<p>Com o avan\u00e7o da agricultura digital, o Windy deve ganhar ainda mais espa\u00e7o no Brasil. Isso porque a tend\u00eancia \u00e9 integrar aplicativos como ele a sistemas de <strong>climate-smart agriculture<\/strong>, em que dados meteorol\u00f3gicos dialogam com sensores de solo, drones e m\u00e1quinas agr\u00edcolas conectadas.<\/p>\n\n\n\n<p>Portanto, a previs\u00e3o do tempo deixa de ser apenas uma informa\u00e7\u00e3o complementar e se torna parte essencial da intelig\u00eancia operacional da fazenda.<\/p>\n\n\n\n<div style=\"border: 2px solid #ff9800; border-radius: 10px; padding: 20px; background: #ffffff; box-shadow: 0 4px 12px rgba(0,0,0,0.1); font-family: Arial, sans-serif; width: 100%; max-width: 100%; margin: 20px 0; text-align: center; box-sizing: border-box;\">\n  \n  <h3 style=\"color: #ff9800; font-size: 24px; margin-top: 0; margin-bottom: 15px;\">\n    <span style=\"display: none;\" class=\"whatsapp-icon\">\n      <img decoding=\"async\" src=\"https:\/\/e7.pngegg.com\/pngimages\/347\/373\/png-clipart-computer-icons-whatsapp-whatsapp-text-trademark-thumbnail.png\" alt=\"WhatsApp\" style=\"width: 40px; height: 40px; border-radius: 50%; object-fit: cover;\">\n    <\/span>\n  <\/h3>\n  \n  <div style=\"display: flex; justify-content: center; align-items: center; flex-wrap: wrap; margin-bottom: 10px;\">\n    <div style=\"text-align: center; margin-right: 10px;\"> <!-- Reduzido o margin-right -->\n      <p style=\"font-size: 16px; color: #333; line-height: 1.5; margin: 0;\">\n        \ud83d\udcf0 Not\u00edcias &#038; Mercado | \ud83d\udd14 Novidades <span class=\"desktop-separator\">|<\/span>\n      <\/p>\n    <\/div>\n    <div style=\"text-align: center;\">\n      <p style=\"font-size: 16px; color: #333; line-height: 1.5; margin: 0;\">\n        \u26c5 Clima | \ud83d\ude80 Tecnologia | \ud83d\udcf1 Blog\n      <\/p>\n    <\/div>\n  <\/div>\n  \n  <a href=\"https:\/\/www.whatsapp.com\/channel\/0029VaLMT22GOj9f6eVOpJ0N\" target=\"_blank\" style=\"background: #25D366; color: #fff; padding: 10px 20px; font-size: 16px; font-weight: bold; text-decoration: none; border-radius: 30px; display: inline-block; transition: all 0.3s; position: relative;\">\n    <img decoding=\"async\" src=\"https:\/\/upload.wikimedia.org\/wikipedia\/commons\/6\/6b\/WhatsApp.svg\" alt=\"WhatsApp\" style=\"width: 20px; height: 20px; vertical-align: middle; margin-right: 5px;\">\n    Entrar no Canal\n  <\/a>\n  \n  <p style=\"font-size: 12px; color: #666; margin-top: 15px; font-weight: bold;\">\n    Sua conex\u00e3o com as melhores informa\u00e7\u00f5es do agroneg\u00f3cio!\n  <\/p>\n<\/div>\n\n<style>\n@media (max-width: 768px) {\n  .desktop-separator {\n    display: none; \/* Ocultar o separador \"|\" em dispositivos m\u00f3veis *\/\n  }\n  h3 {\n    font-size: 20px; \/* Diminuir o tamanho da fonte do t\u00edtulo em dispositivos m\u00f3veis *\/\n  }\n  p {\n    font-size: 14px; \/* Diminuir o tamanho da fonte dos par\u00e1grafos em dispositivos m\u00f3veis *\/\n  }\n  a {\n    font-size: 14px; \/* Diminuir o tamanho da fonte do bot\u00e3o em dispositivos m\u00f3veis *\/\n    padding: 8px 15px; \/* Ajustar o padding do bot\u00e3o em dispositivos m\u00f3veis *\/\n  }\n}\n<\/style>\n\n\n\n<h2 class=\"wp-block-heading\">Uma ferramenta indispens\u00e1vel para o campo <\/h2>\n\n\n\n<p>O <strong>Windy<\/strong> n\u00e3o \u00e9 apenas um aplicativo de clima: \u00e9 uma revolu\u00e7\u00e3o na forma como o agroneg\u00f3cio enxerga o tempo. Ao oferecer previs\u00f5es detalhadas, mapas din\u00e2micos e m\u00faltiplos modelos de an\u00e1lise, ele garante mais precis\u00e3o, efici\u00eancia e sustentabilidade nas decis\u00f5es do dia a dia rural.<\/p>\n\n\n\n<p>Em um pa\u00eds onde o clima pode definir a produtividade de uma safra, contar com o Windy significa reduzir riscos, economizar recursos e fortalecer a competitividade do agroneg\u00f3cio brasileiro.<\/p>\n","protected":false},"excerpt":{"rendered":"<p>O Windy est\u00e1 transformando a previs\u00e3o do tempo no agroneg\u00f3cio brasileiro. Com mapas interativos, m\u00faltiplos modelos clim\u00e1ticos e dados em tempo real, a ferramenta ajuda produtores a planejar pulveriza\u00e7\u00f5es, irriga\u00e7\u00e3o, colheitas e log\u00edstica. Uma revolu\u00e7\u00e3o que torna o campo mais eficiente e sustent\u00e1vel.<\/p>\n","protected":false},"author":1,"featured_media":1204,"comment_status":"open","ping_status":"open","sticky":false,"template":"","format":"standard","meta":{"_coblocks_attr":"","_coblocks_dimensions":"","_coblocks_responsive_height":"","_coblocks_accordion_ie_support":"","_uag_custom_page_level_css":"","footnotes":""},"categories":[1,27],"tags":[242,244,243,241,209,180],"class_list":["post-1091","post","type-post","status-publish","format-standard","has-post-thumbnail","hentry","category-blog","category-clima","tag-agricultura-digital","tag-clima-no-brasil","tag-meteorologia-para-agronegocio","tag-previsao-do-tempo-agricola","tag-tecnologia-no-campo","tag-windy"],"yoast_head":"<!-- This site is optimized with the Yoast SEO plugin v27.4 - https:\/\/yoast.com\/product\/yoast-seo-wordpress\/ -->\n<title>Como o Windy revoluciona a previs\u00e3o do tempo no agroneg\u00f3cio - ConectaGr\u00e3o<\/title>\n<meta name=\"description\" content=\"Descubra como o Windy revoluciona a previs\u00e3o do tempo para o agroneg\u00f3cio brasileiro, garantindo mais precis\u00e3o, efici\u00eancia no campo.\" \/>\n<meta name=\"robots\" content=\"index, follow, max-snippet:-1, max-image-preview:large, max-video-preview:-1\" \/>\n<link rel=\"canonical\" href=\"https:\/\/conectagrao.com.br\/blog\/como-o-windy-revoluciona-a-previsao-do-tempo-no-agronegocio\/\" \/>\n<meta property=\"og:locale\" content=\"pt_BR\" \/>\n<meta property=\"og:type\" content=\"article\" \/>\n<meta property=\"og:title\" content=\"Como o Windy revoluciona a previs\u00e3o do tempo no agroneg\u00f3cio - ConectaGr\u00e3o\" \/>\n<meta property=\"og:description\" content=\"Descubra como o Windy revoluciona a previs\u00e3o do tempo para o agroneg\u00f3cio brasileiro, garantindo mais precis\u00e3o, efici\u00eancia no campo.\" \/>\n<meta property=\"og:url\" content=\"https:\/\/conectagrao.com.br\/blog\/como-o-windy-revoluciona-a-previsao-do-tempo-no-agronegocio\/\" \/>\n<meta property=\"og:site_name\" content=\"ConectaGr\u00e3o\" \/>\n<meta property=\"article:publisher\" content=\"https:\/\/www.facebook.com\/conectagrao\/\" \/>\n<meta property=\"article:author\" content=\"https:\/\/www.facebook.com\/share\/1A5mH5g3LK\/\" \/>\n<meta property=\"article:published_time\" content=\"2025-09-01T08:00:00+00:00\" \/>\n<meta property=\"og:image\" content=\"https:\/\/conectagrao.com.br\/blog\/wp-content\/uploads\/2025\/09\/windy-capa.jpg\" \/>\n\t<meta property=\"og:image:width\" content=\"1706\" \/>\n\t<meta property=\"og:image:height\" content=\"960\" \/>\n\t<meta property=\"og:image:type\" content=\"image\/jpeg\" \/>\n<meta name=\"author\" content=\"conectagrao\" \/>\n<meta name=\"twitter:card\" content=\"summary_large_image\" \/>\n<meta name=\"twitter:label1\" content=\"Escrito por\" \/>\n\t<meta name=\"twitter:data1\" content=\"conectagrao\" \/>\n\t<meta name=\"twitter:label2\" content=\"Est. tempo de leitura\" \/>\n\t<meta name=\"twitter:data2\" content=\"4 minutos\" \/>\n<script type=\"application\/ld+json\" class=\"yoast-schema-graph\">{\"@context\":\"https:\\\/\\\/schema.org\",\"@graph\":[{\"@type\":\"Article\",\"@id\":\"https:\\\/\\\/conectagrao.com.br\\\/blog\\\/como-o-windy-revoluciona-a-previsao-do-tempo-no-agronegocio\\\/#article\",\"isPartOf\":{\"@id\":\"https:\\\/\\\/conectagrao.com.br\\\/blog\\\/como-o-windy-revoluciona-a-previsao-do-tempo-no-agronegocio\\\/\"},\"author\":{\"name\":\"conectagrao\",\"@id\":\"https:\\\/\\\/conectagrao.com.br\\\/blog\\\/#\\\/schema\\\/person\\\/ba64f63526cab8efbf8b1f8198926135\"},\"headline\":\"Como o Windy revoluciona a previs\u00e3o do tempo no agroneg\u00f3cio\",\"datePublished\":\"2025-09-01T08:00:00+00:00\",\"mainEntityOfPage\":{\"@id\":\"https:\\\/\\\/conectagrao.com.br\\\/blog\\\/como-o-windy-revoluciona-a-previsao-do-tempo-no-agronegocio\\\/\"},\"wordCount\":658,\"commentCount\":0,\"publisher\":{\"@id\":\"https:\\\/\\\/conectagrao.com.br\\\/blog\\\/#organization\"},\"image\":{\"@id\":\"https:\\\/\\\/conectagrao.com.br\\\/blog\\\/como-o-windy-revoluciona-a-previsao-do-tempo-no-agronegocio\\\/#primaryimage\"},\"thumbnailUrl\":\"https:\\\/\\\/conectagrao.com.br\\\/blog\\\/wp-content\\\/uploads\\\/2025\\\/09\\\/windy-capa.jpg\",\"keywords\":[\"agricultura digital\",\"clima no Brasil\",\"meteorologia para agroneg\u00f3cio\",\"previs\u00e3o do tempo agr\u00edcola\",\"Tecnologia No Campo\",\"Windy\"],\"articleSection\":[\"Blog\",\"Clima\"],\"inLanguage\":\"pt-BR\",\"potentialAction\":[{\"@type\":\"CommentAction\",\"name\":\"Comment\",\"target\":[\"https:\\\/\\\/conectagrao.com.br\\\/blog\\\/como-o-windy-revoluciona-a-previsao-do-tempo-no-agronegocio\\\/#respond\"]}]},{\"@type\":\"WebPage\",\"@id\":\"https:\\\/\\\/conectagrao.com.br\\\/blog\\\/como-o-windy-revoluciona-a-previsao-do-tempo-no-agronegocio\\\/\",\"url\":\"https:\\\/\\\/conectagrao.com.br\\\/blog\\\/como-o-windy-revoluciona-a-previsao-do-tempo-no-agronegocio\\\/\",\"name\":\"Como o Windy revoluciona a previs\u00e3o do tempo no agroneg\u00f3cio - ConectaGr\u00e3o\",\"isPartOf\":{\"@id\":\"https:\\\/\\\/conectagrao.com.br\\\/blog\\\/#website\"},\"primaryImageOfPage\":{\"@id\":\"https:\\\/\\\/conectagrao.com.br\\\/blog\\\/como-o-windy-revoluciona-a-previsao-do-tempo-no-agronegocio\\\/#primaryimage\"},\"image\":{\"@id\":\"https:\\\/\\\/conectagrao.com.br\\\/blog\\\/como-o-windy-revoluciona-a-previsao-do-tempo-no-agronegocio\\\/#primaryimage\"},\"thumbnailUrl\":\"https:\\\/\\\/conectagrao.com.br\\\/blog\\\/wp-content\\\/uploads\\\/2025\\\/09\\\/windy-capa.jpg\",\"datePublished\":\"2025-09-01T08:00:00+00:00\",\"description\":\"Descubra como o Windy revoluciona a previs\u00e3o do tempo para o agroneg\u00f3cio brasileiro, garantindo mais precis\u00e3o, efici\u00eancia no campo.\",\"breadcrumb\":{\"@id\":\"https:\\\/\\\/conectagrao.com.br\\\/blog\\\/como-o-windy-revoluciona-a-previsao-do-tempo-no-agronegocio\\\/#breadcrumb\"},\"inLanguage\":\"pt-BR\",\"potentialAction\":[{\"@type\":\"ReadAction\",\"target\":[\"https:\\\/\\\/conectagrao.com.br\\\/blog\\\/como-o-windy-revoluciona-a-previsao-do-tempo-no-agronegocio\\\/\"]}]},{\"@type\":\"ImageObject\",\"inLanguage\":\"pt-BR\",\"@id\":\"https:\\\/\\\/conectagrao.com.br\\\/blog\\\/como-o-windy-revoluciona-a-previsao-do-tempo-no-agronegocio\\\/#primaryimage\",\"url\":\"https:\\\/\\\/conectagrao.com.br\\\/blog\\\/wp-content\\\/uploads\\\/2025\\\/09\\\/windy-capa.jpg\",\"contentUrl\":\"https:\\\/\\\/conectagrao.com.br\\\/blog\\\/wp-content\\\/uploads\\\/2025\\\/09\\\/windy-capa.jpg\",\"width\":1706,\"height\":960},{\"@type\":\"BreadcrumbList\",\"@id\":\"https:\\\/\\\/conectagrao.com.br\\\/blog\\\/como-o-windy-revoluciona-a-previsao-do-tempo-no-agronegocio\\\/#breadcrumb\",\"itemListElement\":[{\"@type\":\"ListItem\",\"position\":1,\"name\":\"In\u00edcio\",\"item\":\"https:\\\/\\\/conectagrao.com.br\\\/blog\\\/\"},{\"@type\":\"ListItem\",\"position\":2,\"name\":\"Como o Windy revoluciona a previs\u00e3o do tempo no agroneg\u00f3cio\"}]},{\"@type\":\"WebSite\",\"@id\":\"https:\\\/\\\/conectagrao.com.br\\\/blog\\\/#website\",\"url\":\"https:\\\/\\\/conectagrao.com.br\\\/blog\\\/\",\"name\":\"ConectaGr\u00e3o\",\"description\":\"Conectando o futuro com o agroneg\u00f3cio.\",\"publisher\":{\"@id\":\"https:\\\/\\\/conectagrao.com.br\\\/blog\\\/#organization\"},\"alternateName\":\"conectagrao\",\"potentialAction\":[{\"@type\":\"SearchAction\",\"target\":{\"@type\":\"EntryPoint\",\"urlTemplate\":\"https:\\\/\\\/conectagrao.com.br\\\/blog\\\/?s={search_term_string}\"},\"query-input\":{\"@type\":\"PropertyValueSpecification\",\"valueRequired\":true,\"valueName\":\"search_term_string\"}}],\"inLanguage\":\"pt-BR\"},{\"@type\":\"Organization\",\"@id\":\"https:\\\/\\\/conectagrao.com.br\\\/blog\\\/#organization\",\"name\":\"ConectaGr\u00e3o\",\"alternateName\":\"conectagrao\",\"url\":\"https:\\\/\\\/conectagrao.com.br\\\/blog\\\/\",\"logo\":{\"@type\":\"ImageObject\",\"inLanguage\":\"pt-BR\",\"@id\":\"https:\\\/\\\/conectagrao.com.br\\\/blog\\\/#\\\/schema\\\/logo\\\/image\\\/\",\"url\":\"https:\\\/\\\/conectagrao.com.br\\\/blog\\\/wp-content\\\/uploads\\\/2025\\\/07\\\/ConectaGrao-6.png\",\"contentUrl\":\"https:\\\/\\\/conectagrao.com.br\\\/blog\\\/wp-content\\\/uploads\\\/2025\\\/07\\\/ConectaGrao-6.png\",\"width\":447,\"height\":559,\"caption\":\"ConectaGr\u00e3o\"},\"image\":{\"@id\":\"https:\\\/\\\/conectagrao.com.br\\\/blog\\\/#\\\/schema\\\/logo\\\/image\\\/\"},\"sameAs\":[\"https:\\\/\\\/www.facebook.com\\\/conectagrao\\\/\",\"https:\\\/\\\/www.tiktok.com\\\/@conectagrao?_t=ZM-8xPuS2d6MFB&_r=1\",\"https:\\\/\\\/www.threads.com\\\/@conectagrao\",\"https:\\\/\\\/www.youtube.com\\\/@conectagrao\",\"https:\\\/\\\/www.instagram.com\\\/conectagrao\"]},{\"@type\":\"Person\",\"@id\":\"https:\\\/\\\/conectagrao.com.br\\\/blog\\\/#\\\/schema\\\/person\\\/ba64f63526cab8efbf8b1f8198926135\",\"name\":\"conectagrao\",\"image\":{\"@type\":\"ImageObject\",\"inLanguage\":\"pt-BR\",\"@id\":\"https:\\\/\\\/secure.gravatar.com\\\/avatar\\\/fb3dc2cba7f544171abec58358591c995847240e6fd4f1f7a4a8159970dca59e?s=96&d=mm&r=g\",\"url\":\"https:\\\/\\\/secure.gravatar.com\\\/avatar\\\/fb3dc2cba7f544171abec58358591c995847240e6fd4f1f7a4a8159970dca59e?s=96&d=mm&r=g\",\"contentUrl\":\"https:\\\/\\\/secure.gravatar.com\\\/avatar\\\/fb3dc2cba7f544171abec58358591c995847240e6fd4f1f7a4a8159970dca59e?s=96&d=mm&r=g\",\"caption\":\"conectagrao\"},\"description\":\"ConectaGr\u00e3o\u00ae \u00e9 uma plataforma digital que conecta produtores, empresas e compradores do agroneg\u00f3cio, oferecendo an\u00e1lises de mercado, cota\u00e7\u00f5es, ferramentas e conte\u00fados gratuitos para facilitar o dia a dia no campo. Fundada por Genecir Jacoboski e Kao\u00ea T. Rauch a ConectaGr\u00e3o\u00ae tem como miss\u00e3o valorizar o produtor e aproximar o campo do mercado com tecnologia, informa\u00e7\u00e3o e inova\u00e7\u00e3o.\",\"sameAs\":[\"https:\\\/\\\/conectagrao.com.br\\\/blog\",\"https:\\\/\\\/www.facebook.com\\\/share\\\/1A5mH5g3LK\\\/\",\"https:\\\/\\\/www.instagram.com\\\/conectagrao?igsh=azQ1dXBndnp4dzZw\",\"https:\\\/\\\/youtube.com\\\/@conectagrao?si=QnGS_Zm7Cuj1pznt\"],\"url\":\"https:\\\/\\\/conectagrao.com.br\\\/blog\\\/author\\\/conectagrao\\\/\"}]}<\/script>\n<!-- \/ Yoast SEO plugin. -->","yoast_head_json":{"title":"Como o Windy revoluciona a previs\u00e3o do tempo no agroneg\u00f3cio - ConectaGr\u00e3o","description":"Descubra como o Windy revoluciona a previs\u00e3o do tempo para o agroneg\u00f3cio brasileiro, garantindo mais precis\u00e3o, efici\u00eancia no campo.","robots":{"index":"index","follow":"follow","max-snippet":"max-snippet:-1","max-image-preview":"max-image-preview:large","max-video-preview":"max-video-preview:-1"},"canonical":"https:\/\/conectagrao.com.br\/blog\/como-o-windy-revoluciona-a-previsao-do-tempo-no-agronegocio\/","og_locale":"pt_BR","og_type":"article","og_title":"Como o Windy revoluciona a previs\u00e3o do tempo no agroneg\u00f3cio - ConectaGr\u00e3o","og_description":"Descubra como o Windy revoluciona a previs\u00e3o do tempo para o agroneg\u00f3cio brasileiro, garantindo mais precis\u00e3o, efici\u00eancia no campo.","og_url":"https:\/\/conectagrao.com.br\/blog\/como-o-windy-revoluciona-a-previsao-do-tempo-no-agronegocio\/","og_site_name":"ConectaGr\u00e3o","article_publisher":"https:\/\/www.facebook.com\/conectagrao\/","article_author":"https:\/\/www.facebook.com\/share\/1A5mH5g3LK\/","article_published_time":"2025-09-01T08:00:00+00:00","og_image":[{"width":1706,"height":960,"url":"https:\/\/conectagrao.com.br\/blog\/wp-content\/uploads\/2025\/09\/windy-capa.jpg","type":"image\/jpeg"}],"author":"conectagrao","twitter_card":"summary_large_image","twitter_misc":{"Escrito por":"conectagrao","Est. tempo de leitura":"4 minutos"},"schema":{"@context":"https:\/\/schema.org","@graph":[{"@type":"Article","@id":"https:\/\/conectagrao.com.br\/blog\/como-o-windy-revoluciona-a-previsao-do-tempo-no-agronegocio\/#article","isPartOf":{"@id":"https:\/\/conectagrao.com.br\/blog\/como-o-windy-revoluciona-a-previsao-do-tempo-no-agronegocio\/"},"author":{"name":"conectagrao","@id":"https:\/\/conectagrao.com.br\/blog\/#\/schema\/person\/ba64f63526cab8efbf8b1f8198926135"},"headline":"Como o Windy revoluciona a previs\u00e3o do tempo no agroneg\u00f3cio","datePublished":"2025-09-01T08:00:00+00:00","mainEntityOfPage":{"@id":"https:\/\/conectagrao.com.br\/blog\/como-o-windy-revoluciona-a-previsao-do-tempo-no-agronegocio\/"},"wordCount":658,"commentCount":0,"publisher":{"@id":"https:\/\/conectagrao.com.br\/blog\/#organization"},"image":{"@id":"https:\/\/conectagrao.com.br\/blog\/como-o-windy-revoluciona-a-previsao-do-tempo-no-agronegocio\/#primaryimage"},"thumbnailUrl":"https:\/\/conectagrao.com.br\/blog\/wp-content\/uploads\/2025\/09\/windy-capa.jpg","keywords":["agricultura digital","clima no Brasil","meteorologia para agroneg\u00f3cio","previs\u00e3o do tempo agr\u00edcola","Tecnologia No Campo","Windy"],"articleSection":["Blog","Clima"],"inLanguage":"pt-BR","potentialAction":[{"@type":"CommentAction","name":"Comment","target":["https:\/\/conectagrao.com.br\/blog\/como-o-windy-revoluciona-a-previsao-do-tempo-no-agronegocio\/#respond"]}]},{"@type":"WebPage","@id":"https:\/\/conectagrao.com.br\/blog\/como-o-windy-revoluciona-a-previsao-do-tempo-no-agronegocio\/","url":"https:\/\/conectagrao.com.br\/blog\/como-o-windy-revoluciona-a-previsao-do-tempo-no-agronegocio\/","name":"Como o Windy revoluciona a previs\u00e3o do tempo no agroneg\u00f3cio - ConectaGr\u00e3o","isPartOf":{"@id":"https:\/\/conectagrao.com.br\/blog\/#website"},"primaryImageOfPage":{"@id":"https:\/\/conectagrao.com.br\/blog\/como-o-windy-revoluciona-a-previsao-do-tempo-no-agronegocio\/#primaryimage"},"image":{"@id":"https:\/\/conectagrao.com.br\/blog\/como-o-windy-revoluciona-a-previsao-do-tempo-no-agronegocio\/#primaryimage"},"thumbnailUrl":"https:\/\/conectagrao.com.br\/blog\/wp-content\/uploads\/2025\/09\/windy-capa.jpg","datePublished":"2025-09-01T08:00:00+00:00","description":"Descubra como o Windy revoluciona a previs\u00e3o do tempo para o agroneg\u00f3cio brasileiro, garantindo mais precis\u00e3o, efici\u00eancia no campo.","breadcrumb":{"@id":"https:\/\/conectagrao.com.br\/blog\/como-o-windy-revoluciona-a-previsao-do-tempo-no-agronegocio\/#breadcrumb"},"inLanguage":"pt-BR","potentialAction":[{"@type":"ReadAction","target":["https:\/\/conectagrao.com.br\/blog\/como-o-windy-revoluciona-a-previsao-do-tempo-no-agronegocio\/"]}]},{"@type":"ImageObject","inLanguage":"pt-BR","@id":"https:\/\/conectagrao.com.br\/blog\/como-o-windy-revoluciona-a-previsao-do-tempo-no-agronegocio\/#primaryimage","url":"https:\/\/conectagrao.com.br\/blog\/wp-content\/uploads\/2025\/09\/windy-capa.jpg","contentUrl":"https:\/\/conectagrao.com.br\/blog\/wp-content\/uploads\/2025\/09\/windy-capa.jpg","width":1706,"height":960},{"@type":"BreadcrumbList","@id":"https:\/\/conectagrao.com.br\/blog\/como-o-windy-revoluciona-a-previsao-do-tempo-no-agronegocio\/#breadcrumb","itemListElement":[{"@type":"ListItem","position":1,"name":"In\u00edcio","item":"https:\/\/conectagrao.com.br\/blog\/"},{"@type":"ListItem","position":2,"name":"Como o Windy revoluciona a previs\u00e3o do tempo no agroneg\u00f3cio"}]},{"@type":"WebSite","@id":"https:\/\/conectagrao.com.br\/blog\/#website","url":"https:\/\/conectagrao.com.br\/blog\/","name":"ConectaGr\u00e3o","description":"Conectando o futuro com o agroneg\u00f3cio.","publisher":{"@id":"https:\/\/conectagrao.com.br\/blog\/#organization"},"alternateName":"conectagrao","potentialAction":[{"@type":"SearchAction","target":{"@type":"EntryPoint","urlTemplate":"https:\/\/conectagrao.com.br\/blog\/?s={search_term_string}"},"query-input":{"@type":"PropertyValueSpecification","valueRequired":true,"valueName":"search_term_string"}}],"inLanguage":"pt-BR"},{"@type":"Organization","@id":"https:\/\/conectagrao.com.br\/blog\/#organization","name":"ConectaGr\u00e3o","alternateName":"conectagrao","url":"https:\/\/conectagrao.com.br\/blog\/","logo":{"@type":"ImageObject","inLanguage":"pt-BR","@id":"https:\/\/conectagrao.com.br\/blog\/#\/schema\/logo\/image\/","url":"https:\/\/conectagrao.com.br\/blog\/wp-content\/uploads\/2025\/07\/ConectaGrao-6.png","contentUrl":"https:\/\/conectagrao.com.br\/blog\/wp-content\/uploads\/2025\/07\/ConectaGrao-6.png","width":447,"height":559,"caption":"ConectaGr\u00e3o"},"image":{"@id":"https:\/\/conectagrao.com.br\/blog\/#\/schema\/logo\/image\/"},"sameAs":["https:\/\/www.facebook.com\/conectagrao\/","https:\/\/www.tiktok.com\/@conectagrao?_t=ZM-8xPuS2d6MFB&_r=1","https:\/\/www.threads.com\/@conectagrao","https:\/\/www.youtube.com\/@conectagrao","https:\/\/www.instagram.com\/conectagrao"]},{"@type":"Person","@id":"https:\/\/conectagrao.com.br\/blog\/#\/schema\/person\/ba64f63526cab8efbf8b1f8198926135","name":"conectagrao","image":{"@type":"ImageObject","inLanguage":"pt-BR","@id":"https:\/\/secure.gravatar.com\/avatar\/fb3dc2cba7f544171abec58358591c995847240e6fd4f1f7a4a8159970dca59e?s=96&d=mm&r=g","url":"https:\/\/secure.gravatar.com\/avatar\/fb3dc2cba7f544171abec58358591c995847240e6fd4f1f7a4a8159970dca59e?s=96&d=mm&r=g","contentUrl":"https:\/\/secure.gravatar.com\/avatar\/fb3dc2cba7f544171abec58358591c995847240e6fd4f1f7a4a8159970dca59e?s=96&d=mm&r=g","caption":"conectagrao"},"description":"ConectaGr\u00e3o\u00ae \u00e9 uma plataforma digital que conecta produtores, empresas e compradores do agroneg\u00f3cio, oferecendo an\u00e1lises de mercado, cota\u00e7\u00f5es, ferramentas e conte\u00fados gratuitos para facilitar o dia a dia no campo. Fundada por Genecir Jacoboski e Kao\u00ea T. Rauch a ConectaGr\u00e3o\u00ae tem como miss\u00e3o valorizar o produtor e aproximar o campo do mercado com tecnologia, informa\u00e7\u00e3o e inova\u00e7\u00e3o.","sameAs":["https:\/\/conectagrao.com.br\/blog","https:\/\/www.facebook.com\/share\/1A5mH5g3LK\/","https:\/\/www.instagram.com\/conectagrao?igsh=azQ1dXBndnp4dzZw","https:\/\/youtube.com\/@conectagrao?si=QnGS_Zm7Cuj1pznt"],"url":"https:\/\/conectagrao.com.br\/blog\/author\/conectagrao\/"}]}},"uagb_featured_image_src":{"full":["https:\/\/conectagrao.com.br\/blog\/wp-content\/uploads\/2025\/09\/windy-capa.jpg",1706,960,false],"thumbnail":["https:\/\/conectagrao.com.br\/blog\/wp-content\/uploads\/2025\/09\/windy-capa-150x150.jpg",150,150,true],"medium":["https:\/\/conectagrao.com.br\/blog\/wp-content\/uploads\/2025\/09\/windy-capa-300x169.jpg",300,169,true],"medium_large":["https:\/\/conectagrao.com.br\/blog\/wp-content\/uploads\/2025\/09\/windy-capa-768x432.jpg",640,360,true],"large":["https:\/\/conectagrao.com.br\/blog\/wp-content\/uploads\/2025\/09\/windy-capa-1024x576.jpg",640,360,true],"1536x1536":["https:\/\/conectagrao.com.br\/blog\/wp-content\/uploads\/2025\/09\/windy-capa-1536x864.jpg",1536,864,true],"2048x2048":["https:\/\/conectagrao.com.br\/blog\/wp-content\/uploads\/2025\/09\/windy-capa.jpg",1706,960,false],"cvmm-medium":["https:\/\/conectagrao.com.br\/blog\/wp-content\/uploads\/2025\/09\/windy-capa-300x300.jpg",300,300,true],"cvmm-medium-plus":["https:\/\/conectagrao.com.br\/blog\/wp-content\/uploads\/2025\/09\/windy-capa-305x207.jpg",305,207,true],"cvmm-portrait":["https:\/\/conectagrao.com.br\/blog\/wp-content\/uploads\/2025\/09\/windy-capa-400x600.jpg",400,600,true],"cvmm-medium-square":["https:\/\/conectagrao.com.br\/blog\/wp-content\/uploads\/2025\/09\/windy-capa-600x600.jpg",600,600,true],"cvmm-large":["https:\/\/conectagrao.com.br\/blog\/wp-content\/uploads\/2025\/09\/windy-capa-1024x960.jpg",1024,960,true],"cvmm-small":["https:\/\/conectagrao.com.br\/blog\/wp-content\/uploads\/2025\/09\/windy-capa-130x95.jpg",130,95,true],"news-portal-block-medium":["https:\/\/conectagrao.com.br\/blog\/wp-content\/uploads\/2025\/09\/windy-capa-305x207.jpg",305,207,true],"news-portal-block-thumb":["https:\/\/conectagrao.com.br\/blog\/wp-content\/uploads\/2025\/09\/windy-capa-136x102.jpg",136,102,true],"news-portal-slider-medium":["https:\/\/conectagrao.com.br\/blog\/wp-content\/uploads\/2025\/09\/windy-capa-622x420.jpg",622,420,true],"news-portal-carousel-portrait":["https:\/\/conectagrao.com.br\/blog\/wp-content\/uploads\/2025\/09\/windy-capa-400x600.jpg",400,600,true],"news-portal-alternate-grid":["https:\/\/conectagrao.com.br\/blog\/wp-content\/uploads\/2025\/09\/windy-capa-340x316.jpg",340,316,true],"web-stories-poster-portrait":["https:\/\/conectagrao.com.br\/blog\/wp-content\/uploads\/2025\/09\/windy-capa-640x853.jpg",640,853,true],"web-stories-publisher-logo":["https:\/\/conectagrao.com.br\/blog\/wp-content\/uploads\/2025\/09\/windy-capa-96x96.jpg",96,96,true],"web-stories-thumbnail":["https:\/\/conectagrao.com.br\/blog\/wp-content\/uploads\/2025\/09\/windy-capa-150x84.jpg",150,84,true]},"uagb_author_info":{"display_name":"conectagrao","author_link":"https:\/\/conectagrao.com.br\/blog\/author\/conectagrao\/"},"uagb_comment_info":0,"uagb_excerpt":"O Windy est\u00e1 transformando a previs\u00e3o do tempo no agroneg\u00f3cio brasileiro. Com mapas interativos, m\u00faltiplos modelos clim\u00e1ticos e dados em tempo real, a ferramenta ajuda produtores a planejar pulveriza\u00e7\u00f5es, irriga\u00e7\u00e3o, colheitas e log\u00edstica. Uma revolu\u00e7\u00e3o que torna o campo mais eficiente e sustent\u00e1vel.","blog_post_layout_featured_media_urls":{"thumbnail":["https:\/\/conectagrao.com.br\/blog\/wp-content\/uploads\/2025\/09\/windy-capa-150x150.jpg",150,150,true],"full":["https:\/\/conectagrao.com.br\/blog\/wp-content\/uploads\/2025\/09\/windy-capa.jpg",1706,960,false]},"categories_names":{"1":{"name":"Blog","link":"https:\/\/conectagrao.com.br\/blog\/blog\/"},"27":{"name":"Clima","link":"https:\/\/conectagrao.com.br\/blog\/clima\/"}},"tags_names":{"242":{"name":"agricultura digital","link":"https:\/\/conectagrao.com.br\/blog\/tag\/agricultura-digital\/"},"244":{"name":"clima no Brasil","link":"https:\/\/conectagrao.com.br\/blog\/tag\/clima-no-brasil\/"},"243":{"name":"meteorologia para agroneg\u00f3cio","link":"https:\/\/conectagrao.com.br\/blog\/tag\/meteorologia-para-agronegocio\/"},"241":{"name":"previs\u00e3o do tempo agr\u00edcola","link":"https:\/\/conectagrao.com.br\/blog\/tag\/previsao-do-tempo-agricola\/"},"209":{"name":"Tecnologia No Campo","link":"https:\/\/conectagrao.com.br\/blog\/tag\/tecnologia-no-campo\/"},"180":{"name":"Windy","link":"https:\/\/conectagrao.com.br\/blog\/tag\/windy\/"}},"comments_number":"0","wpmagazine_modules_lite_featured_media_urls":{"thumbnail":["https:\/\/conectagrao.com.br\/blog\/wp-content\/uploads\/2025\/09\/windy-capa-150x150.jpg",150,150,true],"cvmm-medium":["https:\/\/conectagrao.com.br\/blog\/wp-content\/uploads\/2025\/09\/windy-capa-300x300.jpg",300,300,true],"cvmm-medium-plus":["https:\/\/conectagrao.com.br\/blog\/wp-content\/uploads\/2025\/09\/windy-capa-305x207.jpg",305,207,true],"cvmm-portrait":["https:\/\/conectagrao.com.br\/blog\/wp-content\/uploads\/2025\/09\/windy-capa-400x600.jpg",400,600,true],"cvmm-medium-square":["https:\/\/conectagrao.com.br\/blog\/wp-content\/uploads\/2025\/09\/windy-capa-600x600.jpg",600,600,true],"cvmm-large":["https:\/\/conectagrao.com.br\/blog\/wp-content\/uploads\/2025\/09\/windy-capa-1024x960.jpg",1024,960,true],"cvmm-small":["https:\/\/conectagrao.com.br\/blog\/wp-content\/uploads\/2025\/09\/windy-capa-130x95.jpg",130,95,true],"full":["https:\/\/conectagrao.com.br\/blog\/wp-content\/uploads\/2025\/09\/windy-capa.jpg",1706,960,false]},"_links":{"self":[{"href":"https:\/\/conectagrao.com.br\/blog\/wp-json\/wp\/v2\/posts\/1091","targetHints":{"allow":["GET"]}}],"collection":[{"href":"https:\/\/conectagrao.com.br\/blog\/wp-json\/wp\/v2\/posts"}],"about":[{"href":"https:\/\/conectagrao.com.br\/blog\/wp-json\/wp\/v2\/types\/post"}],"author":[{"embeddable":true,"href":"https:\/\/conectagrao.com.br\/blog\/wp-json\/wp\/v2\/users\/1"}],"replies":[{"embeddable":true,"href":"https:\/\/conectagrao.com.br\/blog\/wp-json\/wp\/v2\/comments?post=1091"}],"version-history":[{"count":1,"href":"https:\/\/conectagrao.com.br\/blog\/wp-json\/wp\/v2\/posts\/1091\/revisions"}],"predecessor-version":[{"id":1203,"href":"https:\/\/conectagrao.com.br\/blog\/wp-json\/wp\/v2\/posts\/1091\/revisions\/1203"}],"wp:featuredmedia":[{"embeddable":true,"href":"https:\/\/conectagrao.com.br\/blog\/wp-json\/wp\/v2\/media\/1204"}],"wp:attachment":[{"href":"https:\/\/conectagrao.com.br\/blog\/wp-json\/wp\/v2\/media?parent=1091"}],"wp:term":[{"taxonomy":"category","embeddable":true,"href":"https:\/\/conectagrao.com.br\/blog\/wp-json\/wp\/v2\/categories?post=1091"},{"taxonomy":"post_tag","embeddable":true,"href":"https:\/\/conectagrao.com.br\/blog\/wp-json\/wp\/v2\/tags?post=1091"}],"curies":[{"name":"wp","href":"https:\/\/api.w.org\/{rel}","templated":true}]}}