{"id":1121,"date":"2025-08-16T02:24:20","date_gmt":"2025-08-16T02:24:20","guid":{"rendered":"https:\/\/conectagrao.com.br\/blog\/?p=1121"},"modified":"2025-08-16T02:24:30","modified_gmt":"2025-08-16T02:24:30","slug":"por-que-a-mosca-branca-no-algodao-se-multiplica-em-determinadas-epocas","status":"publish","type":"post","link":"https:\/\/conectagrao.com.br\/blog\/por-que-a-mosca-branca-no-algodao-se-multiplica-em-determinadas-epocas\/","title":{"rendered":"Por que a mosca-branca no algod\u00e3o se multiplica em determinadas \u00e9pocas?"},"content":{"rendered":"\n<p>A <strong>mosca-branca no algod\u00e3o (Bemisia tabaci)<\/strong> \u00e9 uma das pragas mais desafiadoras para o produtor. Pequena, de reprodu\u00e7\u00e3o r\u00e1pida e altamente adapt\u00e1vel, ela pode transformar-se em um problema devastador em poucas semanas. <strong>Mas por que sua popula\u00e7\u00e3o explode em determinadas \u00e9pocas do ano?<\/strong> A resposta envolve clima, ciclo da cultura, plantas hospedeiras e manejo adotado.<\/p>\n\n\n\n<h2 class=\"wp-block-heading\"><strong>Um inseto de ciclo r\u00e1pido<\/strong><\/h2>\n\n\n\n<p>Antes de tudo, \u00e9 importante entender como a praga se desenvolve. A mosca-branca apresenta um <strong>ciclo de vida curto<\/strong>, que varia de <strong>20 a 25 dias<\/strong>. Cada f\u00eamea pode colocar <strong>at\u00e9 200 ovos<\/strong>. <strong>Ou seja<\/strong>, em condi\u00e7\u00f5es favor\u00e1veis, v\u00e1rias gera\u00e7\u00f5es se sobrep\u00f5em dentro da mesma safra.<br>Consequentemente, a popula\u00e7\u00e3o cresce de forma exponencial em pouco tempo.<\/p>\n\n\n\n<h2 class=\"wp-block-heading\"><strong>Clima: o motor da multiplica\u00e7\u00e3o<\/strong><\/h2>\n\n\n\n<p>O clima \u00e9 o primeiro fator que acelera a infesta\u00e7\u00e3o. A mosca-branca se desenvolve melhor em ambientes quentes e secos.<\/p>\n\n\n\n<ul class=\"wp-block-list\">\n<li><strong>Temperaturas entre 25\u00b0C e 32\u00b0C<\/strong> aceleram o ciclo;<\/li>\n\n\n\n<li><strong>Baixa umidade relativa<\/strong> favorece a sobreviv\u00eancia das ninfas;<\/li>\n\n\n\n<li><strong>No entanto<\/strong>, chuvas fortes reduzem a popula\u00e7\u00e3o porque lavam ovos e ninfas das folhas.<\/li>\n<\/ul>\n\n\n\n<p> Portanto, em regi\u00f5es como o Cerrado, onde h\u00e1 longos per\u00edodos de estiagem e calor, os surtos de mosca-branca no algod\u00e3o s\u00e3o mais frequentes e intensos.<\/p>\n\n\n\n<h2 class=\"wp-block-heading\"><strong>Calend\u00e1rio agr\u00edcola e sobreposi\u00e7\u00e3o de culturas<\/strong><\/h2>\n\n\n\n<p>Outro fator decisivo \u00e9 o calend\u00e1rio agr\u00edcola. O algod\u00e3o n\u00e3o \u00e9 a \u00fanica fonte de alimento da praga. Na verdade, ela tamb\u00e9m se hospeda em soja, feij\u00e3o, tomate e ab\u00f3bora.<br>Assim, quando h\u00e1 <strong>sobreposi\u00e7\u00e3o de safras<\/strong>, a mosca-branca encontra alimento cont\u00ednuo.<br>Por isso, no fim do ciclo da soja, a praga costuma migrar para o algod\u00e3o rec\u00e9m-plantado, provocando infesta\u00e7\u00f5es severas.<\/p>\n\n\n\n<h2 class=\"wp-block-heading\"><strong>Hospedeiros alternativos: as daninhas como ref\u00fagio<\/strong><\/h2>\n\n\n\n<p>Al\u00e9m das grandes culturas, a mosca-branca sobrevive em <strong>plantas daninhas<\/strong> como buva, corda-de-viola e leiteiro. Esses ref\u00fagios garantem a sobreviv\u00eancia da praga mesmo fora de \u00e9poca.<br>Assim, quando surgem condi\u00e7\u00f5es clim\u00e1ticas ideais, a infesta\u00e7\u00e3o come\u00e7a rapidamente e encontra a lavoura vulner\u00e1vel.<\/p>\n\n\n\n<h2 class=\"wp-block-heading\"><strong>O impacto na lavoura de algod\u00e3o<\/strong><\/h2>\n\n\n\n<p>A mosca-branca causa <strong>danos diretos<\/strong> ao sugar a seiva da planta, o que enfraquece o algod\u00e3o e favorece a fumagina. Al\u00e9m disso, os <strong>danos indiretos<\/strong> s\u00e3o ainda mais graves: a transmiss\u00e3o de viroses como o <strong>enrolamento das folhas do algod\u00e3o<\/strong>, que pode reduzir em at\u00e9 <strong>30% a produtividade<\/strong>.<br>Logo, quanto maior a popula\u00e7\u00e3o em \u00e9pocas cr\u00edticas, maiores ser\u00e3o os preju\u00edzos.<\/p>\n\n\n\n<h2 class=\"wp-block-heading\"><strong>Manejo inteligente: quebrando o ciclo da praga<\/strong><\/h2>\n\n\n\n<p>Controlar a mosca-branca no algod\u00e3o exige um <strong>Manejo Integrado de Pragas (MIP)<\/strong>. Dessa forma, o produtor consegue atuar em diferentes pontos do ciclo:<\/p>\n\n\n\n<ul class=\"wp-block-list\">\n<li><strong>Monitoramento constante<\/strong> com armadilhas e inspe\u00e7\u00f5es semanais;<\/li>\n\n\n\n<li><strong>Plantio escalonado e rota\u00e7\u00e3o de culturas<\/strong> para reduzir sobreposi\u00e7\u00e3o com soja e feij\u00e3o;<\/li>\n\n\n\n<li><strong>Elimina\u00e7\u00e3o de plantas daninhas hospedeiras<\/strong>, diminuindo ref\u00fagios;<\/li>\n\n\n\n<li><strong>Controle biol\u00f3gico<\/strong>, com parasitoides (<em>Encarsia formosa<\/em>) e predadores (joaninhas, crisop\u00eddeos);<\/li>\n\n\n\n<li><strong>Uso criterioso de inseticidas<\/strong>, evitando repeti\u00e7\u00e3o da mesma mol\u00e9cula e atrasando resist\u00eancia.<\/li>\n<\/ul>\n\n\n\n<p>Portanto, o segredo n\u00e3o est\u00e1 em uma \u00fanica solu\u00e7\u00e3o, mas em um <strong>conjunto de pr\u00e1ticas integradas<\/strong> que dificultam a multiplica\u00e7\u00e3o da praga.<\/p>\n\n\n\n<p>A multiplica\u00e7\u00e3o da <strong>mosca-branca no algod\u00e3o<\/strong> em determinadas \u00e9pocas est\u00e1 diretamente relacionada a <strong>condi\u00e7\u00f5es clim\u00e1ticas favor\u00e1veis, sobreposi\u00e7\u00e3o de culturas e presen\u00e7a de hospedeiros alternativos<\/strong>. <strong>E<\/strong>m resumo, compreender esses fatores \u00e9 essencial para antecipar surtos, proteger a lavoura e manter a rentabilidade.<\/p>\n","protected":false},"excerpt":{"rendered":"<p>A mosca-branca no algod\u00e3o multiplica-se em \u00e9pocas espec\u00edficas devido ao clima, sobreposi\u00e7\u00e3o de culturas e plantas hospedeiras. Essa praga causa preju\u00edzos diretos e transmite viroses. O manejo integrado \u00e9 a solu\u00e7\u00e3o para reduzir os danos e proteger a produtividade.<\/p>\n","protected":false},"author":1,"featured_media":1122,"comment_status":"open","ping_status":"open","sticky":false,"template":"","format":"standard","meta":{"_coblocks_attr":"","_coblocks_dimensions":"","_coblocks_responsive_height":"","_coblocks_accordion_ie_support":"","_uag_custom_page_level_css":"","footnotes":""},"categories":[1,31],"tags":[113,191,192,135,189,190],"class_list":["post-1121","post","type-post","status-publish","format-standard","has-post-thumbnail","hentry","category-blog","category-pragas","tag-agronegocio-brasileiro","tag-clima-e-pragas-agricolas","tag-controle-de-insetos-no-campo","tag-manejo-integrado-de-pragas","tag-mosca-branca-no-algodao","tag-pragas-do-algodao"],"yoast_head":"<!-- This site is optimized with the Yoast SEO plugin v27.4 - https:\/\/yoast.com\/product\/yoast-seo-wordpress\/ -->\n<title>Por que a mosca-branca no algod\u00e3o se multiplica em determinadas \u00e9pocas? - ConectaGr\u00e3o<\/title>\n<meta name=\"description\" content=\"Descubra por que a mosca-branca no algod\u00e3o se multiplica em determinadas \u00e9pocas e como o manejo integrado pode reduzir os preju\u00edzos.\" \/>\n<meta name=\"robots\" content=\"index, follow, max-snippet:-1, max-image-preview:large, max-video-preview:-1\" \/>\n<link rel=\"canonical\" href=\"https:\/\/conectagrao.com.br\/blog\/por-que-a-mosca-branca-no-algodao-se-multiplica-em-determinadas-epocas\/\" \/>\n<meta property=\"og:locale\" content=\"pt_BR\" \/>\n<meta property=\"og:type\" content=\"article\" \/>\n<meta property=\"og:title\" content=\"Por que a mosca-branca no algod\u00e3o se multiplica em determinadas \u00e9pocas? - ConectaGr\u00e3o\" \/>\n<meta property=\"og:description\" content=\"Descubra por que a mosca-branca no algod\u00e3o se multiplica em determinadas \u00e9pocas e como o manejo integrado pode reduzir os preju\u00edzos.\" \/>\n<meta property=\"og:url\" content=\"https:\/\/conectagrao.com.br\/blog\/por-que-a-mosca-branca-no-algodao-se-multiplica-em-determinadas-epocas\/\" \/>\n<meta property=\"og:site_name\" content=\"ConectaGr\u00e3o\" \/>\n<meta property=\"article:publisher\" content=\"https:\/\/www.facebook.com\/conectagrao\/\" \/>\n<meta property=\"article:author\" content=\"https:\/\/www.facebook.com\/share\/1A5mH5g3LK\/\" \/>\n<meta property=\"article:published_time\" content=\"2025-08-16T02:24:20+00:00\" \/>\n<meta property=\"article:modified_time\" content=\"2025-08-16T02:24:30+00:00\" \/>\n<meta property=\"og:image\" content=\"https:\/\/conectagrao.com.br\/blog\/wp-content\/uploads\/2025\/08\/mosca-branca.webp\" \/>\n\t<meta property=\"og:image:width\" content=\"1200\" \/>\n\t<meta property=\"og:image:height\" content=\"794\" \/>\n\t<meta property=\"og:image:type\" content=\"image\/webp\" \/>\n<meta name=\"author\" content=\"conectagrao\" \/>\n<meta name=\"twitter:card\" content=\"summary_large_image\" \/>\n<meta name=\"twitter:label1\" content=\"Escrito por\" \/>\n\t<meta name=\"twitter:data1\" content=\"conectagrao\" \/>\n\t<meta name=\"twitter:label2\" content=\"Est. tempo de leitura\" \/>\n\t<meta name=\"twitter:data2\" content=\"4 minutos\" \/>\n<script type=\"application\/ld+json\" class=\"yoast-schema-graph\">{\"@context\":\"https:\\\/\\\/schema.org\",\"@graph\":[{\"@type\":\"Article\",\"@id\":\"https:\\\/\\\/conectagrao.com.br\\\/blog\\\/por-que-a-mosca-branca-no-algodao-se-multiplica-em-determinadas-epocas\\\/#article\",\"isPartOf\":{\"@id\":\"https:\\\/\\\/conectagrao.com.br\\\/blog\\\/por-que-a-mosca-branca-no-algodao-se-multiplica-em-determinadas-epocas\\\/\"},\"author\":{\"name\":\"conectagrao\",\"@id\":\"https:\\\/\\\/conectagrao.com.br\\\/blog\\\/#\\\/schema\\\/person\\\/ba64f63526cab8efbf8b1f8198926135\"},\"headline\":\"Por que a mosca-branca no algod\u00e3o se multiplica em determinadas \u00e9pocas?\",\"datePublished\":\"2025-08-16T02:24:20+00:00\",\"dateModified\":\"2025-08-16T02:24:30+00:00\",\"mainEntityOfPage\":{\"@id\":\"https:\\\/\\\/conectagrao.com.br\\\/blog\\\/por-que-a-mosca-branca-no-algodao-se-multiplica-em-determinadas-epocas\\\/\"},\"wordCount\":597,\"commentCount\":0,\"publisher\":{\"@id\":\"https:\\\/\\\/conectagrao.com.br\\\/blog\\\/#organization\"},\"image\":{\"@id\":\"https:\\\/\\\/conectagrao.com.br\\\/blog\\\/por-que-a-mosca-branca-no-algodao-se-multiplica-em-determinadas-epocas\\\/#primaryimage\"},\"thumbnailUrl\":\"https:\\\/\\\/conectagrao.com.br\\\/blog\\\/wp-content\\\/uploads\\\/2025\\\/08\\\/mosca-branca.webp\",\"keywords\":[\"Agroneg\u00f3cio brasileiro\",\"clima e pragas agr\u00edcolas\",\"controle de insetos no campo\",\"manejo integrado de pragas\",\"mosca-branca no algod\u00e3o\",\"pragas do algod\u00e3o\"],\"articleSection\":[\"Blog\",\"Pragas &amp; Doen\u00e7as\"],\"inLanguage\":\"pt-BR\",\"potentialAction\":[{\"@type\":\"CommentAction\",\"name\":\"Comment\",\"target\":[\"https:\\\/\\\/conectagrao.com.br\\\/blog\\\/por-que-a-mosca-branca-no-algodao-se-multiplica-em-determinadas-epocas\\\/#respond\"]}]},{\"@type\":\"WebPage\",\"@id\":\"https:\\\/\\\/conectagrao.com.br\\\/blog\\\/por-que-a-mosca-branca-no-algodao-se-multiplica-em-determinadas-epocas\\\/\",\"url\":\"https:\\\/\\\/conectagrao.com.br\\\/blog\\\/por-que-a-mosca-branca-no-algodao-se-multiplica-em-determinadas-epocas\\\/\",\"name\":\"Por que a mosca-branca no algod\u00e3o se multiplica em determinadas \u00e9pocas? - ConectaGr\u00e3o\",\"isPartOf\":{\"@id\":\"https:\\\/\\\/conectagrao.com.br\\\/blog\\\/#website\"},\"primaryImageOfPage\":{\"@id\":\"https:\\\/\\\/conectagrao.com.br\\\/blog\\\/por-que-a-mosca-branca-no-algodao-se-multiplica-em-determinadas-epocas\\\/#primaryimage\"},\"image\":{\"@id\":\"https:\\\/\\\/conectagrao.com.br\\\/blog\\\/por-que-a-mosca-branca-no-algodao-se-multiplica-em-determinadas-epocas\\\/#primaryimage\"},\"thumbnailUrl\":\"https:\\\/\\\/conectagrao.com.br\\\/blog\\\/wp-content\\\/uploads\\\/2025\\\/08\\\/mosca-branca.webp\",\"datePublished\":\"2025-08-16T02:24:20+00:00\",\"dateModified\":\"2025-08-16T02:24:30+00:00\",\"description\":\"Descubra por que a mosca-branca no algod\u00e3o se multiplica em determinadas \u00e9pocas e como o manejo integrado pode reduzir os preju\u00edzos.\",\"breadcrumb\":{\"@id\":\"https:\\\/\\\/conectagrao.com.br\\\/blog\\\/por-que-a-mosca-branca-no-algodao-se-multiplica-em-determinadas-epocas\\\/#breadcrumb\"},\"inLanguage\":\"pt-BR\",\"potentialAction\":[{\"@type\":\"ReadAction\",\"target\":[\"https:\\\/\\\/conectagrao.com.br\\\/blog\\\/por-que-a-mosca-branca-no-algodao-se-multiplica-em-determinadas-epocas\\\/\"]}]},{\"@type\":\"ImageObject\",\"inLanguage\":\"pt-BR\",\"@id\":\"https:\\\/\\\/conectagrao.com.br\\\/blog\\\/por-que-a-mosca-branca-no-algodao-se-multiplica-em-determinadas-epocas\\\/#primaryimage\",\"url\":\"https:\\\/\\\/conectagrao.com.br\\\/blog\\\/wp-content\\\/uploads\\\/2025\\\/08\\\/mosca-branca.webp\",\"contentUrl\":\"https:\\\/\\\/conectagrao.com.br\\\/blog\\\/wp-content\\\/uploads\\\/2025\\\/08\\\/mosca-branca.webp\",\"width\":1200,\"height\":794},{\"@type\":\"BreadcrumbList\",\"@id\":\"https:\\\/\\\/conectagrao.com.br\\\/blog\\\/por-que-a-mosca-branca-no-algodao-se-multiplica-em-determinadas-epocas\\\/#breadcrumb\",\"itemListElement\":[{\"@type\":\"ListItem\",\"position\":1,\"name\":\"In\u00edcio\",\"item\":\"https:\\\/\\\/conectagrao.com.br\\\/blog\\\/\"},{\"@type\":\"ListItem\",\"position\":2,\"name\":\"Por que a mosca-branca no algod\u00e3o se multiplica em determinadas \u00e9pocas?\"}]},{\"@type\":\"WebSite\",\"@id\":\"https:\\\/\\\/conectagrao.com.br\\\/blog\\\/#website\",\"url\":\"https:\\\/\\\/conectagrao.com.br\\\/blog\\\/\",\"name\":\"ConectaGr\u00e3o\",\"description\":\"Conectando o futuro com o agroneg\u00f3cio.\",\"publisher\":{\"@id\":\"https:\\\/\\\/conectagrao.com.br\\\/blog\\\/#organization\"},\"alternateName\":\"conectagrao\",\"potentialAction\":[{\"@type\":\"SearchAction\",\"target\":{\"@type\":\"EntryPoint\",\"urlTemplate\":\"https:\\\/\\\/conectagrao.com.br\\\/blog\\\/?s={search_term_string}\"},\"query-input\":{\"@type\":\"PropertyValueSpecification\",\"valueRequired\":true,\"valueName\":\"search_term_string\"}}],\"inLanguage\":\"pt-BR\"},{\"@type\":\"Organization\",\"@id\":\"https:\\\/\\\/conectagrao.com.br\\\/blog\\\/#organization\",\"name\":\"ConectaGr\u00e3o\",\"alternateName\":\"conectagrao\",\"url\":\"https:\\\/\\\/conectagrao.com.br\\\/blog\\\/\",\"logo\":{\"@type\":\"ImageObject\",\"inLanguage\":\"pt-BR\",\"@id\":\"https:\\\/\\\/conectagrao.com.br\\\/blog\\\/#\\\/schema\\\/logo\\\/image\\\/\",\"url\":\"https:\\\/\\\/conectagrao.com.br\\\/blog\\\/wp-content\\\/uploads\\\/2025\\\/07\\\/ConectaGrao-6.png\",\"contentUrl\":\"https:\\\/\\\/conectagrao.com.br\\\/blog\\\/wp-content\\\/uploads\\\/2025\\\/07\\\/ConectaGrao-6.png\",\"width\":447,\"height\":559,\"caption\":\"ConectaGr\u00e3o\"},\"image\":{\"@id\":\"https:\\\/\\\/conectagrao.com.br\\\/blog\\\/#\\\/schema\\\/logo\\\/image\\\/\"},\"sameAs\":[\"https:\\\/\\\/www.facebook.com\\\/conectagrao\\\/\",\"https:\\\/\\\/www.tiktok.com\\\/@conectagrao?_t=ZM-8xPuS2d6MFB&_r=1\",\"https:\\\/\\\/www.threads.com\\\/@conectagrao\",\"https:\\\/\\\/www.youtube.com\\\/@conectagrao\",\"https:\\\/\\\/www.instagram.com\\\/conectagrao\"]},{\"@type\":\"Person\",\"@id\":\"https:\\\/\\\/conectagrao.com.br\\\/blog\\\/#\\\/schema\\\/person\\\/ba64f63526cab8efbf8b1f8198926135\",\"name\":\"conectagrao\",\"image\":{\"@type\":\"ImageObject\",\"inLanguage\":\"pt-BR\",\"@id\":\"https:\\\/\\\/secure.gravatar.com\\\/avatar\\\/fb3dc2cba7f544171abec58358591c995847240e6fd4f1f7a4a8159970dca59e?s=96&d=mm&r=g\",\"url\":\"https:\\\/\\\/secure.gravatar.com\\\/avatar\\\/fb3dc2cba7f544171abec58358591c995847240e6fd4f1f7a4a8159970dca59e?s=96&d=mm&r=g\",\"contentUrl\":\"https:\\\/\\\/secure.gravatar.com\\\/avatar\\\/fb3dc2cba7f544171abec58358591c995847240e6fd4f1f7a4a8159970dca59e?s=96&d=mm&r=g\",\"caption\":\"conectagrao\"},\"description\":\"ConectaGr\u00e3o\u00ae \u00e9 uma plataforma digital que conecta produtores, empresas e compradores do agroneg\u00f3cio, oferecendo an\u00e1lises de mercado, cota\u00e7\u00f5es, ferramentas e conte\u00fados gratuitos para facilitar o dia a dia no campo. Fundada por Genecir Jacoboski e Kao\u00ea T. Rauch a ConectaGr\u00e3o\u00ae tem como miss\u00e3o valorizar o produtor e aproximar o campo do mercado com tecnologia, informa\u00e7\u00e3o e inova\u00e7\u00e3o.\",\"sameAs\":[\"https:\\\/\\\/conectagrao.com.br\\\/blog\",\"https:\\\/\\\/www.facebook.com\\\/share\\\/1A5mH5g3LK\\\/\",\"https:\\\/\\\/www.instagram.com\\\/conectagrao?igsh=azQ1dXBndnp4dzZw\",\"https:\\\/\\\/youtube.com\\\/@conectagrao?si=QnGS_Zm7Cuj1pznt\"],\"url\":\"https:\\\/\\\/conectagrao.com.br\\\/blog\\\/author\\\/conectagrao\\\/\"}]}<\/script>\n<!-- \/ Yoast SEO plugin. -->","yoast_head_json":{"title":"Por que a mosca-branca no algod\u00e3o se multiplica em determinadas \u00e9pocas? - ConectaGr\u00e3o","description":"Descubra por que a mosca-branca no algod\u00e3o se multiplica em determinadas \u00e9pocas e como o manejo integrado pode reduzir os preju\u00edzos.","robots":{"index":"index","follow":"follow","max-snippet":"max-snippet:-1","max-image-preview":"max-image-preview:large","max-video-preview":"max-video-preview:-1"},"canonical":"https:\/\/conectagrao.com.br\/blog\/por-que-a-mosca-branca-no-algodao-se-multiplica-em-determinadas-epocas\/","og_locale":"pt_BR","og_type":"article","og_title":"Por que a mosca-branca no algod\u00e3o se multiplica em determinadas \u00e9pocas? - ConectaGr\u00e3o","og_description":"Descubra por que a mosca-branca no algod\u00e3o se multiplica em determinadas \u00e9pocas e como o manejo integrado pode reduzir os preju\u00edzos.","og_url":"https:\/\/conectagrao.com.br\/blog\/por-que-a-mosca-branca-no-algodao-se-multiplica-em-determinadas-epocas\/","og_site_name":"ConectaGr\u00e3o","article_publisher":"https:\/\/www.facebook.com\/conectagrao\/","article_author":"https:\/\/www.facebook.com\/share\/1A5mH5g3LK\/","article_published_time":"2025-08-16T02:24:20+00:00","article_modified_time":"2025-08-16T02:24:30+00:00","og_image":[{"width":1200,"height":794,"url":"https:\/\/conectagrao.com.br\/blog\/wp-content\/uploads\/2025\/08\/mosca-branca.webp","type":"image\/webp"}],"author":"conectagrao","twitter_card":"summary_large_image","twitter_misc":{"Escrito por":"conectagrao","Est. tempo de leitura":"4 minutos"},"schema":{"@context":"https:\/\/schema.org","@graph":[{"@type":"Article","@id":"https:\/\/conectagrao.com.br\/blog\/por-que-a-mosca-branca-no-algodao-se-multiplica-em-determinadas-epocas\/#article","isPartOf":{"@id":"https:\/\/conectagrao.com.br\/blog\/por-que-a-mosca-branca-no-algodao-se-multiplica-em-determinadas-epocas\/"},"author":{"name":"conectagrao","@id":"https:\/\/conectagrao.com.br\/blog\/#\/schema\/person\/ba64f63526cab8efbf8b1f8198926135"},"headline":"Por que a mosca-branca no algod\u00e3o se multiplica em determinadas \u00e9pocas?","datePublished":"2025-08-16T02:24:20+00:00","dateModified":"2025-08-16T02:24:30+00:00","mainEntityOfPage":{"@id":"https:\/\/conectagrao.com.br\/blog\/por-que-a-mosca-branca-no-algodao-se-multiplica-em-determinadas-epocas\/"},"wordCount":597,"commentCount":0,"publisher":{"@id":"https:\/\/conectagrao.com.br\/blog\/#organization"},"image":{"@id":"https:\/\/conectagrao.com.br\/blog\/por-que-a-mosca-branca-no-algodao-se-multiplica-em-determinadas-epocas\/#primaryimage"},"thumbnailUrl":"https:\/\/conectagrao.com.br\/blog\/wp-content\/uploads\/2025\/08\/mosca-branca.webp","keywords":["Agroneg\u00f3cio brasileiro","clima e pragas agr\u00edcolas","controle de insetos no campo","manejo integrado de pragas","mosca-branca no algod\u00e3o","pragas do algod\u00e3o"],"articleSection":["Blog","Pragas &amp; Doen\u00e7as"],"inLanguage":"pt-BR","potentialAction":[{"@type":"CommentAction","name":"Comment","target":["https:\/\/conectagrao.com.br\/blog\/por-que-a-mosca-branca-no-algodao-se-multiplica-em-determinadas-epocas\/#respond"]}]},{"@type":"WebPage","@id":"https:\/\/conectagrao.com.br\/blog\/por-que-a-mosca-branca-no-algodao-se-multiplica-em-determinadas-epocas\/","url":"https:\/\/conectagrao.com.br\/blog\/por-que-a-mosca-branca-no-algodao-se-multiplica-em-determinadas-epocas\/","name":"Por que a mosca-branca no algod\u00e3o se multiplica em determinadas \u00e9pocas? - ConectaGr\u00e3o","isPartOf":{"@id":"https:\/\/conectagrao.com.br\/blog\/#website"},"primaryImageOfPage":{"@id":"https:\/\/conectagrao.com.br\/blog\/por-que-a-mosca-branca-no-algodao-se-multiplica-em-determinadas-epocas\/#primaryimage"},"image":{"@id":"https:\/\/conectagrao.com.br\/blog\/por-que-a-mosca-branca-no-algodao-se-multiplica-em-determinadas-epocas\/#primaryimage"},"thumbnailUrl":"https:\/\/conectagrao.com.br\/blog\/wp-content\/uploads\/2025\/08\/mosca-branca.webp","datePublished":"2025-08-16T02:24:20+00:00","dateModified":"2025-08-16T02:24:30+00:00","description":"Descubra por que a mosca-branca no algod\u00e3o se multiplica em determinadas \u00e9pocas e como o manejo integrado pode reduzir os preju\u00edzos.","breadcrumb":{"@id":"https:\/\/conectagrao.com.br\/blog\/por-que-a-mosca-branca-no-algodao-se-multiplica-em-determinadas-epocas\/#breadcrumb"},"inLanguage":"pt-BR","potentialAction":[{"@type":"ReadAction","target":["https:\/\/conectagrao.com.br\/blog\/por-que-a-mosca-branca-no-algodao-se-multiplica-em-determinadas-epocas\/"]}]},{"@type":"ImageObject","inLanguage":"pt-BR","@id":"https:\/\/conectagrao.com.br\/blog\/por-que-a-mosca-branca-no-algodao-se-multiplica-em-determinadas-epocas\/#primaryimage","url":"https:\/\/conectagrao.com.br\/blog\/wp-content\/uploads\/2025\/08\/mosca-branca.webp","contentUrl":"https:\/\/conectagrao.com.br\/blog\/wp-content\/uploads\/2025\/08\/mosca-branca.webp","width":1200,"height":794},{"@type":"BreadcrumbList","@id":"https:\/\/conectagrao.com.br\/blog\/por-que-a-mosca-branca-no-algodao-se-multiplica-em-determinadas-epocas\/#breadcrumb","itemListElement":[{"@type":"ListItem","position":1,"name":"In\u00edcio","item":"https:\/\/conectagrao.com.br\/blog\/"},{"@type":"ListItem","position":2,"name":"Por que a mosca-branca no algod\u00e3o se multiplica em determinadas \u00e9pocas?"}]},{"@type":"WebSite","@id":"https:\/\/conectagrao.com.br\/blog\/#website","url":"https:\/\/conectagrao.com.br\/blog\/","name":"ConectaGr\u00e3o","description":"Conectando o futuro com o agroneg\u00f3cio.","publisher":{"@id":"https:\/\/conectagrao.com.br\/blog\/#organization"},"alternateName":"conectagrao","potentialAction":[{"@type":"SearchAction","target":{"@type":"EntryPoint","urlTemplate":"https:\/\/conectagrao.com.br\/blog\/?s={search_term_string}"},"query-input":{"@type":"PropertyValueSpecification","valueRequired":true,"valueName":"search_term_string"}}],"inLanguage":"pt-BR"},{"@type":"Organization","@id":"https:\/\/conectagrao.com.br\/blog\/#organization","name":"ConectaGr\u00e3o","alternateName":"conectagrao","url":"https:\/\/conectagrao.com.br\/blog\/","logo":{"@type":"ImageObject","inLanguage":"pt-BR","@id":"https:\/\/conectagrao.com.br\/blog\/#\/schema\/logo\/image\/","url":"https:\/\/conectagrao.com.br\/blog\/wp-content\/uploads\/2025\/07\/ConectaGrao-6.png","contentUrl":"https:\/\/conectagrao.com.br\/blog\/wp-content\/uploads\/2025\/07\/ConectaGrao-6.png","width":447,"height":559,"caption":"ConectaGr\u00e3o"},"image":{"@id":"https:\/\/conectagrao.com.br\/blog\/#\/schema\/logo\/image\/"},"sameAs":["https:\/\/www.facebook.com\/conectagrao\/","https:\/\/www.tiktok.com\/@conectagrao?_t=ZM-8xPuS2d6MFB&_r=1","https:\/\/www.threads.com\/@conectagrao","https:\/\/www.youtube.com\/@conectagrao","https:\/\/www.instagram.com\/conectagrao"]},{"@type":"Person","@id":"https:\/\/conectagrao.com.br\/blog\/#\/schema\/person\/ba64f63526cab8efbf8b1f8198926135","name":"conectagrao","image":{"@type":"ImageObject","inLanguage":"pt-BR","@id":"https:\/\/secure.gravatar.com\/avatar\/fb3dc2cba7f544171abec58358591c995847240e6fd4f1f7a4a8159970dca59e?s=96&d=mm&r=g","url":"https:\/\/secure.gravatar.com\/avatar\/fb3dc2cba7f544171abec58358591c995847240e6fd4f1f7a4a8159970dca59e?s=96&d=mm&r=g","contentUrl":"https:\/\/secure.gravatar.com\/avatar\/fb3dc2cba7f544171abec58358591c995847240e6fd4f1f7a4a8159970dca59e?s=96&d=mm&r=g","caption":"conectagrao"},"description":"ConectaGr\u00e3o\u00ae \u00e9 uma plataforma digital que conecta produtores, empresas e compradores do agroneg\u00f3cio, oferecendo an\u00e1lises de mercado, cota\u00e7\u00f5es, ferramentas e conte\u00fados gratuitos para facilitar o dia a dia no campo. Fundada por Genecir Jacoboski e Kao\u00ea T. Rauch a ConectaGr\u00e3o\u00ae tem como miss\u00e3o valorizar o produtor e aproximar o campo do mercado com tecnologia, informa\u00e7\u00e3o e inova\u00e7\u00e3o.","sameAs":["https:\/\/conectagrao.com.br\/blog","https:\/\/www.facebook.com\/share\/1A5mH5g3LK\/","https:\/\/www.instagram.com\/conectagrao?igsh=azQ1dXBndnp4dzZw","https:\/\/youtube.com\/@conectagrao?si=QnGS_Zm7Cuj1pznt"],"url":"https:\/\/conectagrao.com.br\/blog\/author\/conectagrao\/"}]}},"uagb_featured_image_src":{"full":["https:\/\/conectagrao.com.br\/blog\/wp-content\/uploads\/2025\/08\/mosca-branca.webp",1200,794,false],"thumbnail":["https:\/\/conectagrao.com.br\/blog\/wp-content\/uploads\/2025\/08\/mosca-branca-150x150.webp",150,150,true],"medium":["https:\/\/conectagrao.com.br\/blog\/wp-content\/uploads\/2025\/08\/mosca-branca-300x199.webp",300,199,true],"medium_large":["https:\/\/conectagrao.com.br\/blog\/wp-content\/uploads\/2025\/08\/mosca-branca-768x508.webp",640,423,true],"large":["https:\/\/conectagrao.com.br\/blog\/wp-content\/uploads\/2025\/08\/mosca-branca-1024x678.webp",640,424,true],"1536x1536":["https:\/\/conectagrao.com.br\/blog\/wp-content\/uploads\/2025\/08\/mosca-branca.webp",1200,794,false],"2048x2048":["https:\/\/conectagrao.com.br\/blog\/wp-content\/uploads\/2025\/08\/mosca-branca.webp",1200,794,false],"cvmm-medium":["https:\/\/conectagrao.com.br\/blog\/wp-content\/uploads\/2025\/08\/mosca-branca-300x300.webp",300,300,true],"cvmm-medium-plus":["https:\/\/conectagrao.com.br\/blog\/wp-content\/uploads\/2025\/08\/mosca-branca-305x207.webp",305,207,true],"cvmm-portrait":["https:\/\/conectagrao.com.br\/blog\/wp-content\/uploads\/2025\/08\/mosca-branca-400x600.webp",400,600,true],"cvmm-medium-square":["https:\/\/conectagrao.com.br\/blog\/wp-content\/uploads\/2025\/08\/mosca-branca-600x600.webp",600,600,true],"cvmm-large":["https:\/\/conectagrao.com.br\/blog\/wp-content\/uploads\/2025\/08\/mosca-branca-1024x794.webp",1024,794,true],"cvmm-small":["https:\/\/conectagrao.com.br\/blog\/wp-content\/uploads\/2025\/08\/mosca-branca-130x95.webp",130,95,true],"news-portal-block-medium":["https:\/\/conectagrao.com.br\/blog\/wp-content\/uploads\/2025\/08\/mosca-branca-305x207.webp",305,207,true],"news-portal-block-thumb":["https:\/\/conectagrao.com.br\/blog\/wp-content\/uploads\/2025\/08\/mosca-branca-136x102.webp",136,102,true],"news-portal-slider-medium":["https:\/\/conectagrao.com.br\/blog\/wp-content\/uploads\/2025\/08\/mosca-branca-622x420.webp",622,420,true],"news-portal-carousel-portrait":["https:\/\/conectagrao.com.br\/blog\/wp-content\/uploads\/2025\/08\/mosca-branca-400x600.webp",400,600,true],"news-portal-alternate-grid":["https:\/\/conectagrao.com.br\/blog\/wp-content\/uploads\/2025\/08\/mosca-branca-340x316.webp",340,316,true],"web-stories-poster-portrait":["https:\/\/conectagrao.com.br\/blog\/wp-content\/uploads\/2025\/08\/mosca-branca-640x794.webp",640,794,true],"web-stories-publisher-logo":["https:\/\/conectagrao.com.br\/blog\/wp-content\/uploads\/2025\/08\/mosca-branca-96x96.webp",96,96,true],"web-stories-thumbnail":["https:\/\/conectagrao.com.br\/blog\/wp-content\/uploads\/2025\/08\/mosca-branca-150x99.webp",150,99,true]},"uagb_author_info":{"display_name":"conectagrao","author_link":"https:\/\/conectagrao.com.br\/blog\/author\/conectagrao\/"},"uagb_comment_info":0,"uagb_excerpt":"A mosca-branca no algod\u00e3o multiplica-se em \u00e9pocas espec\u00edficas devido ao clima, sobreposi\u00e7\u00e3o de culturas e plantas hospedeiras. Essa praga causa preju\u00edzos diretos e transmite viroses. O manejo integrado \u00e9 a solu\u00e7\u00e3o para reduzir os danos e proteger a produtividade.","blog_post_layout_featured_media_urls":{"thumbnail":["https:\/\/conectagrao.com.br\/blog\/wp-content\/uploads\/2025\/08\/mosca-branca-150x150.webp",150,150,true],"full":["https:\/\/conectagrao.com.br\/blog\/wp-content\/uploads\/2025\/08\/mosca-branca.webp",1200,794,false]},"categories_names":{"1":{"name":"Blog","link":"https:\/\/conectagrao.com.br\/blog\/blog\/"},"31":{"name":"Pragas &amp; Doen\u00e7as","link":"https:\/\/conectagrao.com.br\/blog\/pragas\/"}},"tags_names":{"113":{"name":"Agroneg\u00f3cio brasileiro","link":"https:\/\/conectagrao.com.br\/blog\/tag\/agronegocio-brasileiro\/"},"191":{"name":"clima e pragas agr\u00edcolas","link":"https:\/\/conectagrao.com.br\/blog\/tag\/clima-e-pragas-agricolas\/"},"192":{"name":"controle de insetos no campo","link":"https:\/\/conectagrao.com.br\/blog\/tag\/controle-de-insetos-no-campo\/"},"135":{"name":"manejo integrado de pragas","link":"https:\/\/conectagrao.com.br\/blog\/tag\/manejo-integrado-de-pragas\/"},"189":{"name":"mosca-branca no algod\u00e3o","link":"https:\/\/conectagrao.com.br\/blog\/tag\/mosca-branca-no-algodao\/"},"190":{"name":"pragas do algod\u00e3o","link":"https:\/\/conectagrao.com.br\/blog\/tag\/pragas-do-algodao\/"}},"comments_number":"0","wpmagazine_modules_lite_featured_media_urls":{"thumbnail":["https:\/\/conectagrao.com.br\/blog\/wp-content\/uploads\/2025\/08\/mosca-branca-150x150.webp",150,150,true],"cvmm-medium":["https:\/\/conectagrao.com.br\/blog\/wp-content\/uploads\/2025\/08\/mosca-branca-300x300.webp",300,300,true],"cvmm-medium-plus":["https:\/\/conectagrao.com.br\/blog\/wp-content\/uploads\/2025\/08\/mosca-branca-305x207.webp",305,207,true],"cvmm-portrait":["https:\/\/conectagrao.com.br\/blog\/wp-content\/uploads\/2025\/08\/mosca-branca-400x600.webp",400,600,true],"cvmm-medium-square":["https:\/\/conectagrao.com.br\/blog\/wp-content\/uploads\/2025\/08\/mosca-branca-600x600.webp",600,600,true],"cvmm-large":["https:\/\/conectagrao.com.br\/blog\/wp-content\/uploads\/2025\/08\/mosca-branca-1024x794.webp",1024,794,true],"cvmm-small":["https:\/\/conectagrao.com.br\/blog\/wp-content\/uploads\/2025\/08\/mosca-branca-130x95.webp",130,95,true],"full":["https:\/\/conectagrao.com.br\/blog\/wp-content\/uploads\/2025\/08\/mosca-branca.webp",1200,794,false]},"_links":{"self":[{"href":"https:\/\/conectagrao.com.br\/blog\/wp-json\/wp\/v2\/posts\/1121","targetHints":{"allow":["GET"]}}],"collection":[{"href":"https:\/\/conectagrao.com.br\/blog\/wp-json\/wp\/v2\/posts"}],"about":[{"href":"https:\/\/conectagrao.com.br\/blog\/wp-json\/wp\/v2\/types\/post"}],"author":[{"embeddable":true,"href":"https:\/\/conectagrao.com.br\/blog\/wp-json\/wp\/v2\/users\/1"}],"replies":[{"embeddable":true,"href":"https:\/\/conectagrao.com.br\/blog\/wp-json\/wp\/v2\/comments?post=1121"}],"version-history":[{"count":1,"href":"https:\/\/conectagrao.com.br\/blog\/wp-json\/wp\/v2\/posts\/1121\/revisions"}],"predecessor-version":[{"id":1123,"href":"https:\/\/conectagrao.com.br\/blog\/wp-json\/wp\/v2\/posts\/1121\/revisions\/1123"}],"wp:featuredmedia":[{"embeddable":true,"href":"https:\/\/conectagrao.com.br\/blog\/wp-json\/wp\/v2\/media\/1122"}],"wp:attachment":[{"href":"https:\/\/conectagrao.com.br\/blog\/wp-json\/wp\/v2\/media?parent=1121"}],"wp:term":[{"taxonomy":"category","embeddable":true,"href":"https:\/\/conectagrao.com.br\/blog\/wp-json\/wp\/v2\/categories?post=1121"},{"taxonomy":"post_tag","embeddable":true,"href":"https:\/\/conectagrao.com.br\/blog\/wp-json\/wp\/v2\/tags?post=1121"}],"curies":[{"name":"wp","href":"https:\/\/api.w.org\/{rel}","templated":true}]}}