{"id":1160,"date":"2025-08-20T02:40:47","date_gmt":"2025-08-20T02:40:47","guid":{"rendered":"https:\/\/conectagrao.com.br\/blog\/?p=1160"},"modified":"2025-08-20T02:40:49","modified_gmt":"2025-08-20T02:40:49","slug":"helicoverpa-armigera-na-cultura-da-soja","status":"publish","type":"post","link":"https:\/\/conectagrao.com.br\/blog\/helicoverpa-armigera-na-cultura-da-soja\/","title":{"rendered":"Helicoverpa armigera na cultura da soja"},"content":{"rendered":"\n<p>A <strong>Helicoverpa armigera<\/strong> na <strong>cultura da soja<\/strong> \u00e9 considerada uma das pragas mais destrutivas da agricultura mundial e, no Brasil, tornou-se um desafio estrat\u00e9gico para produtores e t\u00e9cnicos. Desde sua identifica\u00e7\u00e3o no pa\u00eds da <strong>Helicoverpa armigera<\/strong>, que ataca a soja, \u00e9 considerada uma das pragas mais destrutivas da agricultura mundial e, no Brasil, tornou-se um desafio estrat\u00e9gico para produtores e t\u00e9cnicos. Assim desde sua identifica\u00e7\u00e3o no pa\u00eds em 2013, a lagarta trouxe preju\u00edzos bilion\u00e1rios \u00e0 cultura da soja e a outras culturas, como milho e algod\u00e3o.<\/p>\n\n\n\n<p>Al\u00e9m disso, o impacto vai al\u00e9m do campo: afeta diretamente os custos de produ\u00e7\u00e3o, a competitividade no mercado internacional e at\u00e9 a forma\u00e7\u00e3o de pre\u00e7os das commodities agr\u00edcolas. Portanto, \u00e9 fundamental compreender todos os aspectos dessa praga. Neste artigo, vamos aprofundar como a <strong>Helicoverpa armigera<\/strong>, especificamente na cultura da soja, se desenvolve, os fatores clim\u00e1ticos que favorecem sua ocorr\u00eancia, os principais m\u00e9todos de controle recomendados pela <strong>Embrapa<\/strong> e como os produtores podem proteger sua rentabilidade.<\/p>\n\n\n\n<h2 class=\"wp-block-heading\">O que \u00e9 a Helicoverpa armigera?<\/h2>\n\n\n\n<p>A <strong>Helicoverpa armigera<\/strong> \u00e9 uma mariposa da fam\u00edlia Noctuidae, origin\u00e1ria da \u00c1sia, mas hoje presente em diversos continentes. Suas lagartas apresentam comportamento <strong>altamente pol\u00edfago<\/strong>, ou seja, alimentam-se de v\u00e1rias culturas agr\u00edcolas, sendo, principalmente, a soja uma de suas hospedeiras no Brasil.<\/p>\n\n\n\n<h3 class=\"wp-block-heading\">Principais caracter\u00edsticas:<\/h3>\n\n\n\n<ul class=\"wp-block-list\">\n<li><strong>Ciclo de vida curto<\/strong>: pode completar uma gera\u00e7\u00e3o em apenas 30 dias, dependendo da temperatura.<\/li>\n\n\n\n<li><strong>Fecundidade elevada<\/strong>: uma f\u00eamea deposita at\u00e9 1.500 ovos, o que favorece infesta\u00e7\u00f5es r\u00e1pidas.<\/li>\n\n\n\n<li><strong>Grande capacidade de dispers\u00e3o<\/strong>: adultos voam longas dist\u00e2ncias, ampliando \u00e1reas infestadas.<\/li>\n\n\n\n<li><strong>Resist\u00eancia a inseticidas<\/strong>: apresenta hist\u00f3rico de sele\u00e7\u00e3o r\u00e1pida a produtos qu\u00edmicos, exigindo manejo integrado.<\/li>\n<\/ul>\n\n\n<div class=\"wp-block-image\">\n<figure class=\"aligncenter size-full is-resized\"><img fetchpriority=\"high\" decoding=\"async\" width=\"740\" height=\"680\" src=\"https:\/\/conectagrao.com.br\/blog\/wp-content\/uploads\/2025\/08\/ciclo-de-vida-helicoverpa-armigera-1.jpg\" alt=\"\" class=\"wp-image-1164\" style=\"aspect-ratio:1.0882493574801266;width:436px;height:auto\" srcset=\"https:\/\/conectagrao.com.br\/blog\/wp-content\/uploads\/2025\/08\/ciclo-de-vida-helicoverpa-armigera-1.jpg 740w, https:\/\/conectagrao.com.br\/blog\/wp-content\/uploads\/2025\/08\/ciclo-de-vida-helicoverpa-armigera-1-300x276.jpg 300w, https:\/\/conectagrao.com.br\/blog\/wp-content\/uploads\/2025\/08\/ciclo-de-vida-helicoverpa-armigera-1-150x138.jpg 150w\" sizes=\"(max-width: 740px) 100vw, 740px\" \/><\/figure>\n<\/div>\n\n\n<p>Al\u00e9m disso, a combina\u00e7\u00e3o de todos esses fatores torna a praga especialmente complexa de controlar.<\/p>\n\n\n\n<h2 class=\"wp-block-heading\">Danos da Helicoverpa armigera na soja<\/h2>\n\n\n\n<p>Os preju\u00edzos causados por essa praga podem ser devastadores quando o monitoramento e controle n\u00e3o s\u00e3o realizados corretamente.<\/p>\n\n\n\n<h3 class=\"wp-block-heading\">Sintomas e danos observados:<\/h3>\n\n\n\n<ul class=\"wp-block-list\">\n<li><strong>Ataque a folhas jovens<\/strong>, reduzindo a \u00e1rea fotossint\u00e9tica.<\/li>\n\n\n\n<li><strong>Perfura\u00e7\u00e3o de vagens e gr\u00e3os<\/strong>, resultando em perdas diretas de produtividade.<\/li>\n\n\n\n<li><strong>Desuniformidade na lavoura<\/strong>, causada pela alimenta\u00e7\u00e3o seletiva das lagartas.<\/li>\n\n\n\n<li><strong>Aumento no custo de produ\u00e7\u00e3o<\/strong>, devido \u00e0 necessidade de aplica\u00e7\u00f5es repetidas de defensivos.<\/li>\n<\/ul>\n\n\n\n<figure class=\"wp-block-gallery has-nested-images columns-default is-cropped wp-block-gallery-1 is-layout-flex wp-block-gallery-is-layout-flex\">\n<figure class=\"wp-block-image size-large\"><img decoding=\"async\" width=\"549\" height=\"409\" data-id=\"1165\" src=\"https:\/\/conectagrao.com.br\/blog\/wp-content\/uploads\/2025\/08\/lagarta-2.png\" alt=\"\" class=\"wp-image-1165\" srcset=\"https:\/\/conectagrao.com.br\/blog\/wp-content\/uploads\/2025\/08\/lagarta-2.png 549w, https:\/\/conectagrao.com.br\/blog\/wp-content\/uploads\/2025\/08\/lagarta-2-300x223.png 300w, https:\/\/conectagrao.com.br\/blog\/wp-content\/uploads\/2025\/08\/lagarta-2-136x102.png 136w, https:\/\/conectagrao.com.br\/blog\/wp-content\/uploads\/2025\/08\/lagarta-2-150x112.png 150w\" sizes=\"(max-width: 549px) 100vw, 549px\" \/><figcaption class=\"wp-element-caption\">Dano nas folhas<\/figcaption><\/figure>\n\n\n\n<figure class=\"wp-block-image size-large\"><img decoding=\"async\" width=\"374\" height=\"197\" data-id=\"1166\" src=\"https:\/\/conectagrao.com.br\/blog\/wp-content\/uploads\/2025\/08\/26-BACILLUS-Dano-causado-na-vagem-Foto-Grupo-Cultivar.png\" alt=\"\" class=\"wp-image-1166\" srcset=\"https:\/\/conectagrao.com.br\/blog\/wp-content\/uploads\/2025\/08\/26-BACILLUS-Dano-causado-na-vagem-Foto-Grupo-Cultivar.png 374w, https:\/\/conectagrao.com.br\/blog\/wp-content\/uploads\/2025\/08\/26-BACILLUS-Dano-causado-na-vagem-Foto-Grupo-Cultivar-300x158.png 300w, https:\/\/conectagrao.com.br\/blog\/wp-content\/uploads\/2025\/08\/26-BACILLUS-Dano-causado-na-vagem-Foto-Grupo-Cultivar-150x79.png 150w\" sizes=\"(max-width: 374px) 100vw, 374px\" \/><figcaption class=\"wp-element-caption\">Dano nas vagens <\/figcaption><\/figure>\n<\/figure>\n\n\n\n<p>Segundo a <strong>CONAB (Companhia Nacional de Abastecimento)<\/strong>, a presen\u00e7a da lagarta pode reduzir a produtividade da soja em at\u00e9 <strong>30% em \u00e1reas n\u00e3o manejadas<\/strong>. Portanto, os preju\u00edzos anuais no Brasil podem ultrapassar <strong>R$ 2 bilh\u00f5es<\/strong>.<\/p>\n\n\n\n<h2 class=\"wp-block-heading\">Clima e fatores que favorecem a praga<\/h2>\n\n\n\n<p>O desenvolvimento da <strong>Helicoverpa armigera<\/strong>, quando ataca a soja, est\u00e1 diretamente ligado \u00e0s condi\u00e7\u00f5es ambientais.<\/p>\n\n\n\n<h3 class=\"wp-block-heading\">Condi\u00e7\u00f5es ideais:<\/h3>\n\n\n\n<ul class=\"wp-block-list\">\n<li><strong>Temperaturas entre 20 \u00b0C e 30 \u00b0C<\/strong> aceleram o ciclo da lagarta.<\/li>\n\n\n\n<li><strong>Alta umidade relativa<\/strong> favorece a sobreviv\u00eancia das larvas.<\/li>\n\n\n\n<li><strong>Disponibilidade cont\u00ednua de hospedeiros<\/strong> (soja, milho, algod\u00e3o) mant\u00e9m a praga ativa o ano todo.<\/li>\n\n\n\n<li><strong>Veranicos e mudan\u00e7as clim\u00e1ticas<\/strong> podem favorecer picos populacionais em determinados per\u00edodos da safra.<\/li>\n<\/ul>\n\n\n\n<p>De fato, em regi\u00f5es como o <strong>Centro-Oeste<\/strong>, onde h\u00e1 sucess\u00e3o de culturas, a praga encontra alimento dispon\u00edvel praticamente durante todo o ano, aumentando a press\u00e3o sobre os produtores.<\/p>\n\n\n\n<h2 class=\"wp-block-heading\">Manejo integrado da Helicoverpa armigera<\/h2>\n\n\n\n<p>O controle dessa praga deve seguir os princ\u00edpios do <strong>Manejo Integrado de Pragas (MIP)<\/strong>, combinando diferentes ferramentas para reduzir popula\u00e7\u00f5es e evitar resist\u00eancia.<\/p>\n\n\n\n<h3 class=\"wp-block-heading\">Estrat\u00e9gias recomendadas:<\/h3>\n\n\n\n<h4 class=\"wp-block-heading\">1. Monitoramento constante<\/h4>\n\n\n\n<ul class=\"wp-block-list\">\n<li>Uso de <strong>armadilhas de ferom\u00f4nio<\/strong> para detectar adultos.<\/li>\n\n\n\n<li><strong>Amostragem semanal<\/strong> em campo para identificar ovos e lagartas iniciais.<\/li>\n\n\n\n<li>Decis\u00e3o de controle baseada no <strong>n\u00edvel de a\u00e7\u00e3o<\/strong> recomendado pela <strong>Embrapa<\/strong>.<\/li>\n<\/ul>\n\n\n\n<p>Al\u00e9m disso, o monitoramento cont\u00ednuo permite interven\u00e7\u00f5es mais eficientes, evitando desperd\u00edcio de insumos.<\/p>\n\n\n\n<h4 class=\"wp-block-heading\">2. Controle biol\u00f3gico<\/h4>\n\n\n\n<ul class=\"wp-block-list\">\n<li>Utiliza\u00e7\u00e3o de inimigos naturais como <strong>Trichogramma pretiosum<\/strong> (parasitoide de ovos).<\/li>\n\n\n\n<li>Aplica\u00e7\u00e3o de bioinseticidas \u00e0 base de <strong>Bacillus thuringiensis (Bt)<\/strong> e <strong>v\u00edrus espec\u00edficos (NPV)<\/strong>.<\/li>\n<\/ul>\n\n\n\n<h4 class=\"wp-block-heading\">3. Soja Bt<\/h4>\n\n\n\n<ul class=\"wp-block-list\">\n<li>O cultivo de <strong>soja geneticamente modificada com prote\u00ednas Bt<\/strong> auxilia na redu\u00e7\u00e3o populacional, mas deve ser utilizado com <strong>ref\u00fagio estruturado<\/strong> para evitar resist\u00eancia.<\/li>\n<\/ul>\n\n\n\n<h4 class=\"wp-block-heading\">4. Controle qu\u00edmico racional<\/h4>\n\n\n\n<ul class=\"wp-block-list\">\n<li>Uso de inseticidas seletivos, preferindo <strong>misturas e modos de a\u00e7\u00e3o diferentes<\/strong>.<\/li>\n\n\n\n<li>Respeitar o <strong>intervalo entre aplica\u00e7\u00f5es<\/strong> e o n\u00edvel de controle econ\u00f4mico.<\/li>\n<\/ul>\n\n\n\n<h4 class=\"wp-block-heading\">5. Boas pr\u00e1ticas de manejo<\/h4>\n\n\n\n<ul class=\"wp-block-list\">\n<li><strong>Elimina\u00e7\u00e3o de plantas volunt\u00e1rias<\/strong> (\u201ctigueras\u201d), que servem de hospedeiro.<\/li>\n\n\n\n<li><strong>Rota\u00e7\u00e3o de culturas<\/strong> para quebrar o ciclo da praga.<\/li>\n\n\n\n<li>Sincroniza\u00e7\u00e3o da semeadura para reduzir \u00e1reas com est\u00e1gios fenol\u00f3gicos desuniformes.<\/li>\n<\/ul>\n\n\n\n<p>Sem d\u00favida, a integra\u00e7\u00e3o dessas estrat\u00e9gias \u00e9 essencial para um manejo sustent\u00e1vel e eficiente.<\/p>\n\n\n\n<h2 class=\"wp-block-heading\">Impacto econ\u00f4mico e no mercado de commodities<\/h2>\n\n\n\n<p>A presen\u00e7a da <strong>Helicoverpa armigera<\/strong>, quando ataca a soja, n\u00e3o afeta apenas o produtor, mas toda a cadeia do agroneg\u00f3cio.<\/p>\n\n\n\n<ul class=\"wp-block-list\">\n<li><strong>Aumento nos custos de produ\u00e7\u00e3o<\/strong>: mais aplica\u00e7\u00f5es de defensivos e investimentos em tecnologia.<\/li>\n\n\n\n<li><strong>Redu\u00e7\u00e3o de produtividade<\/strong>: queda na oferta interna e nos volumes export\u00e1veis.<\/li>\n\n\n\n<li><strong>Influ\u00eancia no pre\u00e7o da soja<\/strong>: oscila\u00e7\u00f5es no mercado spot e futuro devido \u00e0 incerteza de oferta.<\/li>\n\n\n\n<li><strong>Competitividade internacional<\/strong>: pa\u00edses importadores exigem gr\u00e3os com qualidade fitossanit\u00e1ria garantida.<\/li>\n<\/ul>\n\n\n\n<p>Segundo a <strong>FAO (Organiza\u00e7\u00e3o das Na\u00e7\u00f5es Unidas para Agricultura e Alimenta\u00e7\u00e3o)<\/strong>, a lagarta j\u00e1 \u00e9 considerada um risco fitossanit\u00e1rio global. No Brasil, portanto, o combate eficaz \u00e9 tamb\u00e9m uma quest\u00e3o de <strong>seguran\u00e7a alimentar<\/strong>.<\/p>\n\n\n\n<h2 class=\"wp-block-heading\">Conclus\u00e3o<\/h2>\n\n\n\n<p>A <strong>Helicoverpa armigera na soja<\/strong> representa um desafio complexo para a agricultura brasileira. Logo sua alta adaptabilidade, resist\u00eancia a inseticidas e capacidade de causar perdas significativas exigem uma abordagem integrada, baseada em ci\u00eancia, tecnologia e manejo sustent\u00e1vel.<\/p>\n\n\n\n<p>Para o produtor, a chave \u00e9 investir em <strong>monitoramento constante, controle biol\u00f3gico, uso racional de defensivos e ado\u00e7\u00e3o de biotecnologias<\/strong>. Al\u00e9m disso, o acompanhamento t\u00e9cnico especializado \u00e9 essencial para tomar decis\u00f5es assertivas e preservar a rentabilidade.<\/p>\n\n\n\n<p><\/p>\n","protected":false},"excerpt":{"rendered":"<p>Proteja sua lavoura de soja contra a Helicoverpa armigera. Descubra como o clima favorece essa praga, quais os danos mais comuns e as melhores estrat\u00e9gias de manejo integrado. Acesse agora o Blog da ConectaGr\u00e3o e fique \u00e0 frente no agroneg\u00f3cio!<\/p>\n","protected":false},"author":1,"featured_media":1161,"comment_status":"open","ping_status":"open","sticky":false,"template":"","format":"standard","meta":{"_coblocks_attr":"","_coblocks_dimensions":"","_coblocks_responsive_height":"","_coblocks_accordion_ie_support":"","_uag_custom_page_level_css":"","footnotes":""},"categories":[1,31],"tags":[206,204,201,203,135,207,202,122],"class_list":["post-1160","post","type-post","status-publish","format-standard","has-post-thumbnail","hentry","category-blog","category-pragas","tag-agricultura-sustentavel","tag-controle-biologico-na-soja","tag-helicoverpa-armigera-na-soja","tag-lagarta-da-soja","tag-manejo-integrado-de-pragas","tag-perdas-na-soja","tag-pragas-da-soja","tag-produtividade-no-campo"],"yoast_head":"<!-- This site is optimized with the Yoast SEO plugin v27.4 - https:\/\/yoast.com\/product\/yoast-seo-wordpress\/ -->\n<title>Helicoverpa armigera na cultura da soja - ConectaGr\u00e3o<\/title>\n<meta name=\"description\" content=\"Helicoverpa armigera na soja: entenda os danos, condi\u00e7\u00f5es favor\u00e1veis, estrat\u00e9gias de manejo integrado e impacto econ\u00f4mico para o agroneg\u00f3cio.\" \/>\n<meta name=\"robots\" content=\"index, follow, max-snippet:-1, max-image-preview:large, max-video-preview:-1\" \/>\n<link rel=\"canonical\" href=\"https:\/\/conectagrao.com.br\/blog\/helicoverpa-armigera-na-cultura-da-soja\/\" \/>\n<meta property=\"og:locale\" content=\"pt_BR\" \/>\n<meta property=\"og:type\" content=\"article\" \/>\n<meta property=\"og:title\" content=\"Helicoverpa armigera na cultura da soja - ConectaGr\u00e3o\" \/>\n<meta property=\"og:description\" content=\"Helicoverpa armigera na soja: entenda os danos, condi\u00e7\u00f5es favor\u00e1veis, estrat\u00e9gias de manejo integrado e impacto econ\u00f4mico para o agroneg\u00f3cio.\" \/>\n<meta property=\"og:url\" content=\"https:\/\/conectagrao.com.br\/blog\/helicoverpa-armigera-na-cultura-da-soja\/\" \/>\n<meta property=\"og:site_name\" content=\"ConectaGr\u00e3o\" \/>\n<meta property=\"article:publisher\" content=\"https:\/\/www.facebook.com\/conectagrao\/\" \/>\n<meta property=\"article:author\" content=\"https:\/\/www.facebook.com\/share\/1A5mH5g3LK\/\" \/>\n<meta property=\"article:published_time\" content=\"2025-08-20T02:40:47+00:00\" \/>\n<meta property=\"article:modified_time\" content=\"2025-08-20T02:40:49+00:00\" \/>\n<meta property=\"og:image\" content=\"https:\/\/conectagrao.com.br\/blog\/wp-content\/uploads\/2025\/08\/helicoverpa.jpg\" \/>\n\t<meta property=\"og:image:width\" content=\"1920\" \/>\n\t<meta property=\"og:image:height\" content=\"1080\" \/>\n\t<meta property=\"og:image:type\" content=\"image\/jpeg\" \/>\n<meta name=\"author\" content=\"conectagrao\" \/>\n<meta name=\"twitter:card\" content=\"summary_large_image\" \/>\n<meta name=\"twitter:label1\" content=\"Escrito por\" \/>\n\t<meta name=\"twitter:data1\" content=\"conectagrao\" \/>\n\t<meta name=\"twitter:label2\" content=\"Est. tempo de leitura\" \/>\n\t<meta name=\"twitter:data2\" content=\"6 minutos\" \/>\n<script type=\"application\/ld+json\" class=\"yoast-schema-graph\">{\"@context\":\"https:\\\/\\\/schema.org\",\"@graph\":[{\"@type\":\"Article\",\"@id\":\"https:\\\/\\\/conectagrao.com.br\\\/blog\\\/helicoverpa-armigera-na-cultura-da-soja\\\/#article\",\"isPartOf\":{\"@id\":\"https:\\\/\\\/conectagrao.com.br\\\/blog\\\/helicoverpa-armigera-na-cultura-da-soja\\\/\"},\"author\":{\"name\":\"conectagrao\",\"@id\":\"https:\\\/\\\/conectagrao.com.br\\\/blog\\\/#\\\/schema\\\/person\\\/ba64f63526cab8efbf8b1f8198926135\"},\"headline\":\"Helicoverpa armigera na cultura da soja\",\"datePublished\":\"2025-08-20T02:40:47+00:00\",\"dateModified\":\"2025-08-20T02:40:49+00:00\",\"mainEntityOfPage\":{\"@id\":\"https:\\\/\\\/conectagrao.com.br\\\/blog\\\/helicoverpa-armigera-na-cultura-da-soja\\\/\"},\"wordCount\":983,\"commentCount\":0,\"publisher\":{\"@id\":\"https:\\\/\\\/conectagrao.com.br\\\/blog\\\/#organization\"},\"image\":{\"@id\":\"https:\\\/\\\/conectagrao.com.br\\\/blog\\\/helicoverpa-armigera-na-cultura-da-soja\\\/#primaryimage\"},\"thumbnailUrl\":\"https:\\\/\\\/conectagrao.com.br\\\/blog\\\/wp-content\\\/uploads\\\/2025\\\/08\\\/helicoverpa.jpg\",\"keywords\":[\"Agricultura sustent\u00e1vel\",\"Controle biol\u00f3gico na soja\",\"Helicoverpa armigera na soja\",\"Lagarta da soja\",\"manejo integrado de pragas\",\"Perdas na soja\",\"Pragas da soja\",\"produtividade no campo\"],\"articleSection\":[\"Blog\",\"Pragas &amp; Doen\u00e7as\"],\"inLanguage\":\"pt-BR\",\"potentialAction\":[{\"@type\":\"CommentAction\",\"name\":\"Comment\",\"target\":[\"https:\\\/\\\/conectagrao.com.br\\\/blog\\\/helicoverpa-armigera-na-cultura-da-soja\\\/#respond\"]}]},{\"@type\":\"WebPage\",\"@id\":\"https:\\\/\\\/conectagrao.com.br\\\/blog\\\/helicoverpa-armigera-na-cultura-da-soja\\\/\",\"url\":\"https:\\\/\\\/conectagrao.com.br\\\/blog\\\/helicoverpa-armigera-na-cultura-da-soja\\\/\",\"name\":\"Helicoverpa armigera na cultura da soja - ConectaGr\u00e3o\",\"isPartOf\":{\"@id\":\"https:\\\/\\\/conectagrao.com.br\\\/blog\\\/#website\"},\"primaryImageOfPage\":{\"@id\":\"https:\\\/\\\/conectagrao.com.br\\\/blog\\\/helicoverpa-armigera-na-cultura-da-soja\\\/#primaryimage\"},\"image\":{\"@id\":\"https:\\\/\\\/conectagrao.com.br\\\/blog\\\/helicoverpa-armigera-na-cultura-da-soja\\\/#primaryimage\"},\"thumbnailUrl\":\"https:\\\/\\\/conectagrao.com.br\\\/blog\\\/wp-content\\\/uploads\\\/2025\\\/08\\\/helicoverpa.jpg\",\"datePublished\":\"2025-08-20T02:40:47+00:00\",\"dateModified\":\"2025-08-20T02:40:49+00:00\",\"description\":\"Helicoverpa armigera na soja: entenda os danos, condi\u00e7\u00f5es favor\u00e1veis, estrat\u00e9gias de manejo integrado e impacto econ\u00f4mico para o agroneg\u00f3cio.\",\"breadcrumb\":{\"@id\":\"https:\\\/\\\/conectagrao.com.br\\\/blog\\\/helicoverpa-armigera-na-cultura-da-soja\\\/#breadcrumb\"},\"inLanguage\":\"pt-BR\",\"potentialAction\":[{\"@type\":\"ReadAction\",\"target\":[\"https:\\\/\\\/conectagrao.com.br\\\/blog\\\/helicoverpa-armigera-na-cultura-da-soja\\\/\"]}]},{\"@type\":\"ImageObject\",\"inLanguage\":\"pt-BR\",\"@id\":\"https:\\\/\\\/conectagrao.com.br\\\/blog\\\/helicoverpa-armigera-na-cultura-da-soja\\\/#primaryimage\",\"url\":\"https:\\\/\\\/conectagrao.com.br\\\/blog\\\/wp-content\\\/uploads\\\/2025\\\/08\\\/helicoverpa.jpg\",\"contentUrl\":\"https:\\\/\\\/conectagrao.com.br\\\/blog\\\/wp-content\\\/uploads\\\/2025\\\/08\\\/helicoverpa.jpg\",\"width\":1920,\"height\":1080},{\"@type\":\"BreadcrumbList\",\"@id\":\"https:\\\/\\\/conectagrao.com.br\\\/blog\\\/helicoverpa-armigera-na-cultura-da-soja\\\/#breadcrumb\",\"itemListElement\":[{\"@type\":\"ListItem\",\"position\":1,\"name\":\"In\u00edcio\",\"item\":\"https:\\\/\\\/conectagrao.com.br\\\/blog\\\/\"},{\"@type\":\"ListItem\",\"position\":2,\"name\":\"Helicoverpa armigera na cultura da soja\"}]},{\"@type\":\"WebSite\",\"@id\":\"https:\\\/\\\/conectagrao.com.br\\\/blog\\\/#website\",\"url\":\"https:\\\/\\\/conectagrao.com.br\\\/blog\\\/\",\"name\":\"ConectaGr\u00e3o\",\"description\":\"Conectando o futuro com o agroneg\u00f3cio.\",\"publisher\":{\"@id\":\"https:\\\/\\\/conectagrao.com.br\\\/blog\\\/#organization\"},\"alternateName\":\"conectagrao\",\"potentialAction\":[{\"@type\":\"SearchAction\",\"target\":{\"@type\":\"EntryPoint\",\"urlTemplate\":\"https:\\\/\\\/conectagrao.com.br\\\/blog\\\/?s={search_term_string}\"},\"query-input\":{\"@type\":\"PropertyValueSpecification\",\"valueRequired\":true,\"valueName\":\"search_term_string\"}}],\"inLanguage\":\"pt-BR\"},{\"@type\":\"Organization\",\"@id\":\"https:\\\/\\\/conectagrao.com.br\\\/blog\\\/#organization\",\"name\":\"ConectaGr\u00e3o\",\"alternateName\":\"conectagrao\",\"url\":\"https:\\\/\\\/conectagrao.com.br\\\/blog\\\/\",\"logo\":{\"@type\":\"ImageObject\",\"inLanguage\":\"pt-BR\",\"@id\":\"https:\\\/\\\/conectagrao.com.br\\\/blog\\\/#\\\/schema\\\/logo\\\/image\\\/\",\"url\":\"https:\\\/\\\/conectagrao.com.br\\\/blog\\\/wp-content\\\/uploads\\\/2025\\\/07\\\/ConectaGrao-6.png\",\"contentUrl\":\"https:\\\/\\\/conectagrao.com.br\\\/blog\\\/wp-content\\\/uploads\\\/2025\\\/07\\\/ConectaGrao-6.png\",\"width\":447,\"height\":559,\"caption\":\"ConectaGr\u00e3o\"},\"image\":{\"@id\":\"https:\\\/\\\/conectagrao.com.br\\\/blog\\\/#\\\/schema\\\/logo\\\/image\\\/\"},\"sameAs\":[\"https:\\\/\\\/www.facebook.com\\\/conectagrao\\\/\",\"https:\\\/\\\/www.tiktok.com\\\/@conectagrao?_t=ZM-8xPuS2d6MFB&_r=1\",\"https:\\\/\\\/www.threads.com\\\/@conectagrao\",\"https:\\\/\\\/www.youtube.com\\\/@conectagrao\",\"https:\\\/\\\/www.instagram.com\\\/conectagrao\"]},{\"@type\":\"Person\",\"@id\":\"https:\\\/\\\/conectagrao.com.br\\\/blog\\\/#\\\/schema\\\/person\\\/ba64f63526cab8efbf8b1f8198926135\",\"name\":\"conectagrao\",\"image\":{\"@type\":\"ImageObject\",\"inLanguage\":\"pt-BR\",\"@id\":\"https:\\\/\\\/secure.gravatar.com\\\/avatar\\\/fb3dc2cba7f544171abec58358591c995847240e6fd4f1f7a4a8159970dca59e?s=96&d=mm&r=g\",\"url\":\"https:\\\/\\\/secure.gravatar.com\\\/avatar\\\/fb3dc2cba7f544171abec58358591c995847240e6fd4f1f7a4a8159970dca59e?s=96&d=mm&r=g\",\"contentUrl\":\"https:\\\/\\\/secure.gravatar.com\\\/avatar\\\/fb3dc2cba7f544171abec58358591c995847240e6fd4f1f7a4a8159970dca59e?s=96&d=mm&r=g\",\"caption\":\"conectagrao\"},\"description\":\"ConectaGr\u00e3o\u00ae \u00e9 uma plataforma digital que conecta produtores, empresas e compradores do agroneg\u00f3cio, oferecendo an\u00e1lises de mercado, cota\u00e7\u00f5es, ferramentas e conte\u00fados gratuitos para facilitar o dia a dia no campo. Fundada por Genecir Jacoboski e Kao\u00ea T. Rauch a ConectaGr\u00e3o\u00ae tem como miss\u00e3o valorizar o produtor e aproximar o campo do mercado com tecnologia, informa\u00e7\u00e3o e inova\u00e7\u00e3o.\",\"sameAs\":[\"https:\\\/\\\/conectagrao.com.br\\\/blog\",\"https:\\\/\\\/www.facebook.com\\\/share\\\/1A5mH5g3LK\\\/\",\"https:\\\/\\\/www.instagram.com\\\/conectagrao?igsh=azQ1dXBndnp4dzZw\",\"https:\\\/\\\/youtube.com\\\/@conectagrao?si=QnGS_Zm7Cuj1pznt\"],\"url\":\"https:\\\/\\\/conectagrao.com.br\\\/blog\\\/author\\\/conectagrao\\\/\"}]}<\/script>\n<!-- \/ Yoast SEO plugin. -->","yoast_head_json":{"title":"Helicoverpa armigera na cultura da soja - ConectaGr\u00e3o","description":"Helicoverpa armigera na soja: entenda os danos, condi\u00e7\u00f5es favor\u00e1veis, estrat\u00e9gias de manejo integrado e impacto econ\u00f4mico para o agroneg\u00f3cio.","robots":{"index":"index","follow":"follow","max-snippet":"max-snippet:-1","max-image-preview":"max-image-preview:large","max-video-preview":"max-video-preview:-1"},"canonical":"https:\/\/conectagrao.com.br\/blog\/helicoverpa-armigera-na-cultura-da-soja\/","og_locale":"pt_BR","og_type":"article","og_title":"Helicoverpa armigera na cultura da soja - ConectaGr\u00e3o","og_description":"Helicoverpa armigera na soja: entenda os danos, condi\u00e7\u00f5es favor\u00e1veis, estrat\u00e9gias de manejo integrado e impacto econ\u00f4mico para o agroneg\u00f3cio.","og_url":"https:\/\/conectagrao.com.br\/blog\/helicoverpa-armigera-na-cultura-da-soja\/","og_site_name":"ConectaGr\u00e3o","article_publisher":"https:\/\/www.facebook.com\/conectagrao\/","article_author":"https:\/\/www.facebook.com\/share\/1A5mH5g3LK\/","article_published_time":"2025-08-20T02:40:47+00:00","article_modified_time":"2025-08-20T02:40:49+00:00","og_image":[{"width":1920,"height":1080,"url":"https:\/\/conectagrao.com.br\/blog\/wp-content\/uploads\/2025\/08\/helicoverpa.jpg","type":"image\/jpeg"}],"author":"conectagrao","twitter_card":"summary_large_image","twitter_misc":{"Escrito por":"conectagrao","Est. tempo de leitura":"6 minutos"},"schema":{"@context":"https:\/\/schema.org","@graph":[{"@type":"Article","@id":"https:\/\/conectagrao.com.br\/blog\/helicoverpa-armigera-na-cultura-da-soja\/#article","isPartOf":{"@id":"https:\/\/conectagrao.com.br\/blog\/helicoverpa-armigera-na-cultura-da-soja\/"},"author":{"name":"conectagrao","@id":"https:\/\/conectagrao.com.br\/blog\/#\/schema\/person\/ba64f63526cab8efbf8b1f8198926135"},"headline":"Helicoverpa armigera na cultura da soja","datePublished":"2025-08-20T02:40:47+00:00","dateModified":"2025-08-20T02:40:49+00:00","mainEntityOfPage":{"@id":"https:\/\/conectagrao.com.br\/blog\/helicoverpa-armigera-na-cultura-da-soja\/"},"wordCount":983,"commentCount":0,"publisher":{"@id":"https:\/\/conectagrao.com.br\/blog\/#organization"},"image":{"@id":"https:\/\/conectagrao.com.br\/blog\/helicoverpa-armigera-na-cultura-da-soja\/#primaryimage"},"thumbnailUrl":"https:\/\/conectagrao.com.br\/blog\/wp-content\/uploads\/2025\/08\/helicoverpa.jpg","keywords":["Agricultura sustent\u00e1vel","Controle biol\u00f3gico na soja","Helicoverpa armigera na soja","Lagarta da soja","manejo integrado de pragas","Perdas na soja","Pragas da soja","produtividade no campo"],"articleSection":["Blog","Pragas &amp; Doen\u00e7as"],"inLanguage":"pt-BR","potentialAction":[{"@type":"CommentAction","name":"Comment","target":["https:\/\/conectagrao.com.br\/blog\/helicoverpa-armigera-na-cultura-da-soja\/#respond"]}]},{"@type":"WebPage","@id":"https:\/\/conectagrao.com.br\/blog\/helicoverpa-armigera-na-cultura-da-soja\/","url":"https:\/\/conectagrao.com.br\/blog\/helicoverpa-armigera-na-cultura-da-soja\/","name":"Helicoverpa armigera na cultura da soja - ConectaGr\u00e3o","isPartOf":{"@id":"https:\/\/conectagrao.com.br\/blog\/#website"},"primaryImageOfPage":{"@id":"https:\/\/conectagrao.com.br\/blog\/helicoverpa-armigera-na-cultura-da-soja\/#primaryimage"},"image":{"@id":"https:\/\/conectagrao.com.br\/blog\/helicoverpa-armigera-na-cultura-da-soja\/#primaryimage"},"thumbnailUrl":"https:\/\/conectagrao.com.br\/blog\/wp-content\/uploads\/2025\/08\/helicoverpa.jpg","datePublished":"2025-08-20T02:40:47+00:00","dateModified":"2025-08-20T02:40:49+00:00","description":"Helicoverpa armigera na soja: entenda os danos, condi\u00e7\u00f5es favor\u00e1veis, estrat\u00e9gias de manejo integrado e impacto econ\u00f4mico para o agroneg\u00f3cio.","breadcrumb":{"@id":"https:\/\/conectagrao.com.br\/blog\/helicoverpa-armigera-na-cultura-da-soja\/#breadcrumb"},"inLanguage":"pt-BR","potentialAction":[{"@type":"ReadAction","target":["https:\/\/conectagrao.com.br\/blog\/helicoverpa-armigera-na-cultura-da-soja\/"]}]},{"@type":"ImageObject","inLanguage":"pt-BR","@id":"https:\/\/conectagrao.com.br\/blog\/helicoverpa-armigera-na-cultura-da-soja\/#primaryimage","url":"https:\/\/conectagrao.com.br\/blog\/wp-content\/uploads\/2025\/08\/helicoverpa.jpg","contentUrl":"https:\/\/conectagrao.com.br\/blog\/wp-content\/uploads\/2025\/08\/helicoverpa.jpg","width":1920,"height":1080},{"@type":"BreadcrumbList","@id":"https:\/\/conectagrao.com.br\/blog\/helicoverpa-armigera-na-cultura-da-soja\/#breadcrumb","itemListElement":[{"@type":"ListItem","position":1,"name":"In\u00edcio","item":"https:\/\/conectagrao.com.br\/blog\/"},{"@type":"ListItem","position":2,"name":"Helicoverpa armigera na cultura da soja"}]},{"@type":"WebSite","@id":"https:\/\/conectagrao.com.br\/blog\/#website","url":"https:\/\/conectagrao.com.br\/blog\/","name":"ConectaGr\u00e3o","description":"Conectando o futuro com o agroneg\u00f3cio.","publisher":{"@id":"https:\/\/conectagrao.com.br\/blog\/#organization"},"alternateName":"conectagrao","potentialAction":[{"@type":"SearchAction","target":{"@type":"EntryPoint","urlTemplate":"https:\/\/conectagrao.com.br\/blog\/?s={search_term_string}"},"query-input":{"@type":"PropertyValueSpecification","valueRequired":true,"valueName":"search_term_string"}}],"inLanguage":"pt-BR"},{"@type":"Organization","@id":"https:\/\/conectagrao.com.br\/blog\/#organization","name":"ConectaGr\u00e3o","alternateName":"conectagrao","url":"https:\/\/conectagrao.com.br\/blog\/","logo":{"@type":"ImageObject","inLanguage":"pt-BR","@id":"https:\/\/conectagrao.com.br\/blog\/#\/schema\/logo\/image\/","url":"https:\/\/conectagrao.com.br\/blog\/wp-content\/uploads\/2025\/07\/ConectaGrao-6.png","contentUrl":"https:\/\/conectagrao.com.br\/blog\/wp-content\/uploads\/2025\/07\/ConectaGrao-6.png","width":447,"height":559,"caption":"ConectaGr\u00e3o"},"image":{"@id":"https:\/\/conectagrao.com.br\/blog\/#\/schema\/logo\/image\/"},"sameAs":["https:\/\/www.facebook.com\/conectagrao\/","https:\/\/www.tiktok.com\/@conectagrao?_t=ZM-8xPuS2d6MFB&_r=1","https:\/\/www.threads.com\/@conectagrao","https:\/\/www.youtube.com\/@conectagrao","https:\/\/www.instagram.com\/conectagrao"]},{"@type":"Person","@id":"https:\/\/conectagrao.com.br\/blog\/#\/schema\/person\/ba64f63526cab8efbf8b1f8198926135","name":"conectagrao","image":{"@type":"ImageObject","inLanguage":"pt-BR","@id":"https:\/\/secure.gravatar.com\/avatar\/fb3dc2cba7f544171abec58358591c995847240e6fd4f1f7a4a8159970dca59e?s=96&d=mm&r=g","url":"https:\/\/secure.gravatar.com\/avatar\/fb3dc2cba7f544171abec58358591c995847240e6fd4f1f7a4a8159970dca59e?s=96&d=mm&r=g","contentUrl":"https:\/\/secure.gravatar.com\/avatar\/fb3dc2cba7f544171abec58358591c995847240e6fd4f1f7a4a8159970dca59e?s=96&d=mm&r=g","caption":"conectagrao"},"description":"ConectaGr\u00e3o\u00ae \u00e9 uma plataforma digital que conecta produtores, empresas e compradores do agroneg\u00f3cio, oferecendo an\u00e1lises de mercado, cota\u00e7\u00f5es, ferramentas e conte\u00fados gratuitos para facilitar o dia a dia no campo. Fundada por Genecir Jacoboski e Kao\u00ea T. Rauch a ConectaGr\u00e3o\u00ae tem como miss\u00e3o valorizar o produtor e aproximar o campo do mercado com tecnologia, informa\u00e7\u00e3o e inova\u00e7\u00e3o.","sameAs":["https:\/\/conectagrao.com.br\/blog","https:\/\/www.facebook.com\/share\/1A5mH5g3LK\/","https:\/\/www.instagram.com\/conectagrao?igsh=azQ1dXBndnp4dzZw","https:\/\/youtube.com\/@conectagrao?si=QnGS_Zm7Cuj1pznt"],"url":"https:\/\/conectagrao.com.br\/blog\/author\/conectagrao\/"}]}},"uagb_featured_image_src":{"full":["https:\/\/conectagrao.com.br\/blog\/wp-content\/uploads\/2025\/08\/helicoverpa.jpg",1920,1080,false],"thumbnail":["https:\/\/conectagrao.com.br\/blog\/wp-content\/uploads\/2025\/08\/helicoverpa-150x150.jpg",150,150,true],"medium":["https:\/\/conectagrao.com.br\/blog\/wp-content\/uploads\/2025\/08\/helicoverpa-300x169.jpg",300,169,true],"medium_large":["https:\/\/conectagrao.com.br\/blog\/wp-content\/uploads\/2025\/08\/helicoverpa-768x432.jpg",640,360,true],"large":["https:\/\/conectagrao.com.br\/blog\/wp-content\/uploads\/2025\/08\/helicoverpa-1024x576.jpg",640,360,true],"1536x1536":["https:\/\/conectagrao.com.br\/blog\/wp-content\/uploads\/2025\/08\/helicoverpa-1536x864.jpg",1536,864,true],"2048x2048":["https:\/\/conectagrao.com.br\/blog\/wp-content\/uploads\/2025\/08\/helicoverpa.jpg",1920,1080,false],"cvmm-medium":["https:\/\/conectagrao.com.br\/blog\/wp-content\/uploads\/2025\/08\/helicoverpa-300x300.jpg",300,300,true],"cvmm-medium-plus":["https:\/\/conectagrao.com.br\/blog\/wp-content\/uploads\/2025\/08\/helicoverpa-305x207.jpg",305,207,true],"cvmm-portrait":["https:\/\/conectagrao.com.br\/blog\/wp-content\/uploads\/2025\/08\/helicoverpa-400x600.jpg",400,600,true],"cvmm-medium-square":["https:\/\/conectagrao.com.br\/blog\/wp-content\/uploads\/2025\/08\/helicoverpa-600x600.jpg",600,600,true],"cvmm-large":["https:\/\/conectagrao.com.br\/blog\/wp-content\/uploads\/2025\/08\/helicoverpa-1024x1024.jpg",1024,1024,true],"cvmm-small":["https:\/\/conectagrao.com.br\/blog\/wp-content\/uploads\/2025\/08\/helicoverpa-130x95.jpg",130,95,true],"news-portal-block-medium":["https:\/\/conectagrao.com.br\/blog\/wp-content\/uploads\/2025\/08\/helicoverpa-305x207.jpg",305,207,true],"news-portal-block-thumb":["https:\/\/conectagrao.com.br\/blog\/wp-content\/uploads\/2025\/08\/helicoverpa-136x102.jpg",136,102,true],"news-portal-slider-medium":["https:\/\/conectagrao.com.br\/blog\/wp-content\/uploads\/2025\/08\/helicoverpa-622x420.jpg",622,420,true],"news-portal-carousel-portrait":["https:\/\/conectagrao.com.br\/blog\/wp-content\/uploads\/2025\/08\/helicoverpa-400x600.jpg",400,600,true],"news-portal-alternate-grid":["https:\/\/conectagrao.com.br\/blog\/wp-content\/uploads\/2025\/08\/helicoverpa-340x316.jpg",340,316,true],"web-stories-poster-portrait":["https:\/\/conectagrao.com.br\/blog\/wp-content\/uploads\/2025\/08\/helicoverpa-640x853.jpg",640,853,true],"web-stories-publisher-logo":["https:\/\/conectagrao.com.br\/blog\/wp-content\/uploads\/2025\/08\/helicoverpa-96x96.jpg",96,96,true],"web-stories-thumbnail":["https:\/\/conectagrao.com.br\/blog\/wp-content\/uploads\/2025\/08\/helicoverpa-150x84.jpg",150,84,true]},"uagb_author_info":{"display_name":"conectagrao","author_link":"https:\/\/conectagrao.com.br\/blog\/author\/conectagrao\/"},"uagb_comment_info":0,"uagb_excerpt":"Proteja sua lavoura de soja contra a Helicoverpa armigera. Descubra como o clima favorece essa praga, quais os danos mais comuns e as melhores estrat\u00e9gias de manejo integrado. Acesse agora o Blog da ConectaGr\u00e3o e fique \u00e0 frente no agroneg\u00f3cio!","blog_post_layout_featured_media_urls":{"thumbnail":["https:\/\/conectagrao.com.br\/blog\/wp-content\/uploads\/2025\/08\/helicoverpa-150x150.jpg",150,150,true],"full":["https:\/\/conectagrao.com.br\/blog\/wp-content\/uploads\/2025\/08\/helicoverpa.jpg",1920,1080,false]},"categories_names":{"1":{"name":"Blog","link":"https:\/\/conectagrao.com.br\/blog\/blog\/"},"31":{"name":"Pragas &amp; Doen\u00e7as","link":"https:\/\/conectagrao.com.br\/blog\/pragas\/"}},"tags_names":{"206":{"name":"Agricultura sustent\u00e1vel","link":"https:\/\/conectagrao.com.br\/blog\/tag\/agricultura-sustentavel\/"},"204":{"name":"Controle biol\u00f3gico na soja","link":"https:\/\/conectagrao.com.br\/blog\/tag\/controle-biologico-na-soja\/"},"201":{"name":"Helicoverpa armigera na soja","link":"https:\/\/conectagrao.com.br\/blog\/tag\/helicoverpa-armigera-na-soja\/"},"203":{"name":"Lagarta da soja","link":"https:\/\/conectagrao.com.br\/blog\/tag\/lagarta-da-soja\/"},"135":{"name":"manejo integrado de pragas","link":"https:\/\/conectagrao.com.br\/blog\/tag\/manejo-integrado-de-pragas\/"},"207":{"name":"Perdas na soja","link":"https:\/\/conectagrao.com.br\/blog\/tag\/perdas-na-soja\/"},"202":{"name":"Pragas da soja","link":"https:\/\/conectagrao.com.br\/blog\/tag\/pragas-da-soja\/"},"122":{"name":"produtividade no campo","link":"https:\/\/conectagrao.com.br\/blog\/tag\/produtividade-no-campo\/"}},"comments_number":"0","wpmagazine_modules_lite_featured_media_urls":{"thumbnail":["https:\/\/conectagrao.com.br\/blog\/wp-content\/uploads\/2025\/08\/helicoverpa-150x150.jpg",150,150,true],"cvmm-medium":["https:\/\/conectagrao.com.br\/blog\/wp-content\/uploads\/2025\/08\/helicoverpa-300x300.jpg",300,300,true],"cvmm-medium-plus":["https:\/\/conectagrao.com.br\/blog\/wp-content\/uploads\/2025\/08\/helicoverpa-305x207.jpg",305,207,true],"cvmm-portrait":["https:\/\/conectagrao.com.br\/blog\/wp-content\/uploads\/2025\/08\/helicoverpa-400x600.jpg",400,600,true],"cvmm-medium-square":["https:\/\/conectagrao.com.br\/blog\/wp-content\/uploads\/2025\/08\/helicoverpa-600x600.jpg",600,600,true],"cvmm-large":["https:\/\/conectagrao.com.br\/blog\/wp-content\/uploads\/2025\/08\/helicoverpa-1024x1024.jpg",1024,1024,true],"cvmm-small":["https:\/\/conectagrao.com.br\/blog\/wp-content\/uploads\/2025\/08\/helicoverpa-130x95.jpg",130,95,true],"full":["https:\/\/conectagrao.com.br\/blog\/wp-content\/uploads\/2025\/08\/helicoverpa.jpg",1920,1080,false]},"_links":{"self":[{"href":"https:\/\/conectagrao.com.br\/blog\/wp-json\/wp\/v2\/posts\/1160","targetHints":{"allow":["GET"]}}],"collection":[{"href":"https:\/\/conectagrao.com.br\/blog\/wp-json\/wp\/v2\/posts"}],"about":[{"href":"https:\/\/conectagrao.com.br\/blog\/wp-json\/wp\/v2\/types\/post"}],"author":[{"embeddable":true,"href":"https:\/\/conectagrao.com.br\/blog\/wp-json\/wp\/v2\/users\/1"}],"replies":[{"embeddable":true,"href":"https:\/\/conectagrao.com.br\/blog\/wp-json\/wp\/v2\/comments?post=1160"}],"version-history":[{"count":2,"href":"https:\/\/conectagrao.com.br\/blog\/wp-json\/wp\/v2\/posts\/1160\/revisions"}],"predecessor-version":[{"id":1194,"href":"https:\/\/conectagrao.com.br\/blog\/wp-json\/wp\/v2\/posts\/1160\/revisions\/1194"}],"wp:featuredmedia":[{"embeddable":true,"href":"https:\/\/conectagrao.com.br\/blog\/wp-json\/wp\/v2\/media\/1161"}],"wp:attachment":[{"href":"https:\/\/conectagrao.com.br\/blog\/wp-json\/wp\/v2\/media?parent=1160"}],"wp:term":[{"taxonomy":"category","embeddable":true,"href":"https:\/\/conectagrao.com.br\/blog\/wp-json\/wp\/v2\/categories?post=1160"},{"taxonomy":"post_tag","embeddable":true,"href":"https:\/\/conectagrao.com.br\/blog\/wp-json\/wp\/v2\/tags?post=1160"}],"curies":[{"name":"wp","href":"https:\/\/api.w.org\/{rel}","templated":true}]}}