{"id":1179,"date":"2025-08-27T01:06:31","date_gmt":"2025-08-27T01:06:31","guid":{"rendered":"https:\/\/conectagrao.com.br\/blog\/?p=1179"},"modified":"2025-08-27T01:06:34","modified_gmt":"2025-08-27T01:06:34","slug":"conectagrao-com-br-blog-colheitadeira-de-cana-de-acucar","status":"publish","type":"post","link":"https:\/\/conectagrao.com.br\/blog\/conectagrao-com-br-blog-colheitadeira-de-cana-de-acucar\/","title":{"rendered":"Como a Colheitadeira de Cana de A\u00e7\u00facar Revoluciona a Produ\u00e7\u00e3o no Brasil"},"content":{"rendered":"\n<p>A <strong>colheitadeira de cana-de-a\u00e7\u00facar<\/strong> \u00e9 uma das m\u00e1quinas mais emblem\u00e1ticas e complexas do agroneg\u00f3cio brasileiro. Ela \u00e9 essencial para o setor sucroenerg\u00e9tico, pois revolucionou a forma como a cana \u00e9 colhida, substituindo o corte manual e garantindo maior efici\u00eancia operacional. Hoje, em estados como S\u00e3o Paulo, Mato Grosso do Sul, Goi\u00e1s e Minas Gerais, praticamente 100% da colheita \u00e9 mecanizada, sem uso de queimadas. Isso ocorre em atendimento \u00e0 legisla\u00e7\u00e3o ambiental e \u00e0 crescente demanda por sustentabilidade.<\/p>\n\n\n\n<p>Mas afinal, como funciona uma colheitadeira de cana? Quais os principais modelos, custos e impactos para produtores e usinas? Neste artigo da <strong>ConectaGr\u00e3o<\/strong>, vamos explorar todos os pontos que voc\u00ea, produtor, t\u00e9cnico agr\u00edcola ou investidor, precisa conhecer para tomar decis\u00f5es mais assertivas.<\/p>\n\n\n\n<h2 class=\"wp-block-heading\">O que \u00e9 uma Colheitadeira de Cana-de-A\u00e7\u00facar?<\/h2>\n\n\n\n<p>A <strong>colheitadeira de cana-de-a\u00e7\u00facar<\/strong> \u00e9 uma m\u00e1quina agr\u00edcola de grande porte, projetada para executar de forma mecanizada todas as etapas da colheita. Assim, ela consegue:<\/p>\n\n\n\n<ul class=\"wp-block-list\">\n<li>Cortar a base dos colmos.<\/li>\n\n\n\n<li>Derrubar e tombar a cana.<\/li>\n\n\n\n<li>Picar em peda\u00e7os uniformes (toletes).<\/li>\n\n\n\n<li>Limpar a palha e impurezas.<\/li>\n\n\n\n<li>Descarregar diretamente em caminh\u00f5es transbordos.<\/li>\n<\/ul>\n\n\n\n<p>De acordo com a <strong><a href=\"https:\/\/www.conab.gov.br\/\">CONAB<\/a> (2024)<\/strong>, a mecaniza\u00e7\u00e3o elevou significativamente a efici\u00eancia da colheita brasileira. Al\u00e9m disso, ela permitiu maior competitividade no mercado internacional de a\u00e7\u00facar e etanol.<\/p>\n\n\n\n<h2 class=\"wp-block-heading\">Principais Marcas e Modelos de Colheitadeiras<\/h2>\n\n\n\n<p>O mercado brasileiro \u00e9 dominado por duas gigantes. Entretanto, algumas marcas nacionais tamb\u00e9m merecem destaque.<\/p>\n\n\n\n<h3 class=\"wp-block-heading\"><strong>John Deere<\/strong><\/h3>\n\n\n\n<ul class=\"wp-block-list\">\n<li>Modelos: <strong>CH570, CH670, 3520 e 3522<\/strong>.<\/li>\n\n\n\n<li>Destaques: robustez, telemetria avan\u00e7ada e conforto para o operador.<\/li>\n\n\n\n<li>Portanto, \u00e9 ideal para grandes \u00e1reas e usinas com alto volume de colheita.<\/li>\n<\/ul>\n\n\n\n<figure class=\"wp-block-gallery has-nested-images columns-default is-cropped wp-block-gallery-1 is-layout-flex wp-block-gallery-is-layout-flex\">\n<figure class=\"wp-block-image size-full\"><img fetchpriority=\"high\" decoding=\"async\" width=\"599\" height=\"432\" data-id=\"1183\" src=\"https:\/\/conectagrao.com.br\/blog\/wp-content\/uploads\/2025\/08\/colhedora_cana_ch670.jpg\" alt=\"\" class=\"wp-image-1183\" srcset=\"https:\/\/conectagrao.com.br\/blog\/wp-content\/uploads\/2025\/08\/colhedora_cana_ch670.jpg 599w, https:\/\/conectagrao.com.br\/blog\/wp-content\/uploads\/2025\/08\/colhedora_cana_ch670-300x216.jpg 300w, https:\/\/conectagrao.com.br\/blog\/wp-content\/uploads\/2025\/08\/colhedora_cana_ch670-130x95.jpg 130w, https:\/\/conectagrao.com.br\/blog\/wp-content\/uploads\/2025\/08\/colhedora_cana_ch670-150x108.jpg 150w\" sizes=\"(max-width: 599px) 100vw, 599px\" \/><figcaption class=\"wp-element-caption\">Serie CH670<\/figcaption><\/figure>\n\n\n\n<figure class=\"wp-block-image size-large\"><img decoding=\"async\" width=\"1024\" height=\"729\" data-id=\"1184\" src=\"https:\/\/conectagrao.com.br\/blog\/wp-content\/uploads\/2025\/08\/3522.jpg\" alt=\"\" class=\"wp-image-1184\" srcset=\"https:\/\/conectagrao.com.br\/blog\/wp-content\/uploads\/2025\/08\/3522.jpg 1024w, https:\/\/conectagrao.com.br\/blog\/wp-content\/uploads\/2025\/08\/3522-300x214.jpg 300w, https:\/\/conectagrao.com.br\/blog\/wp-content\/uploads\/2025\/08\/3522-768x547.jpg 768w, https:\/\/conectagrao.com.br\/blog\/wp-content\/uploads\/2025\/08\/3522-150x107.jpg 150w\" sizes=\"(max-width: 1024px) 100vw, 1024px\" \/><figcaption class=\"wp-element-caption\">Serie 3522<\/figcaption><\/figure>\n<\/figure>\n\n\n\n<h3 class=\"wp-block-heading\"><strong>Case IH (Austoft)<\/strong><\/h3>\n\n\n\n<ul class=\"wp-block-list\">\n<li>Modelos: <strong>8000, 8810, 8800 Multi-row<\/strong>.<\/li>\n\n\n\n<li>Pioneira no desenvolvimento de colheitadeiras modernas.<\/li>\n\n\n\n<li>Dessa forma, \u00e9 reconhecida pela efici\u00eancia em terrenos variados.<\/li>\n<\/ul>\n\n\n\n<figure class=\"wp-block-gallery has-nested-images columns-default is-cropped wp-block-gallery-2 is-layout-flex wp-block-gallery-is-layout-flex\">\n<figure class=\"wp-block-image size-large\"><img decoding=\"async\" width=\"1024\" height=\"683\" data-id=\"1185\" src=\"https:\/\/conectagrao.com.br\/blog\/wp-content\/uploads\/2025\/08\/Case-IH-Austoft-8010-3-1024x683.jpg\" alt=\"\" class=\"wp-image-1185\" srcset=\"https:\/\/conectagrao.com.br\/blog\/wp-content\/uploads\/2025\/08\/Case-IH-Austoft-8010-3-1024x683.jpg 1024w, https:\/\/conectagrao.com.br\/blog\/wp-content\/uploads\/2025\/08\/Case-IH-Austoft-8010-3-300x200.jpg 300w, https:\/\/conectagrao.com.br\/blog\/wp-content\/uploads\/2025\/08\/Case-IH-Austoft-8010-3-768x512.jpg 768w, https:\/\/conectagrao.com.br\/blog\/wp-content\/uploads\/2025\/08\/Case-IH-Austoft-8010-3-1536x1024.jpg 1536w, https:\/\/conectagrao.com.br\/blog\/wp-content\/uploads\/2025\/08\/Case-IH-Austoft-8010-3-2048x1365.jpg 2048w, https:\/\/conectagrao.com.br\/blog\/wp-content\/uploads\/2025\/08\/Case-IH-Austoft-8010-3-150x100.jpg 150w\" sizes=\"(max-width: 1024px) 100vw, 1024px\" \/><figcaption class=\"wp-element-caption\">Austoft 8000<\/figcaption><\/figure>\n\n\n\n<figure class=\"wp-block-image size-large\"><img loading=\"lazy\" decoding=\"async\" width=\"368\" height=\"218\" data-id=\"1186\" src=\"https:\/\/conectagrao.com.br\/blog\/wp-content\/uploads\/2025\/08\/colheitadeira-de-cana-a8800-multi-row.jpg\" alt=\"\" class=\"wp-image-1186\" srcset=\"https:\/\/conectagrao.com.br\/blog\/wp-content\/uploads\/2025\/08\/colheitadeira-de-cana-a8800-multi-row.jpg 368w, https:\/\/conectagrao.com.br\/blog\/wp-content\/uploads\/2025\/08\/colheitadeira-de-cana-a8800-multi-row-300x178.jpg 300w, https:\/\/conectagrao.com.br\/blog\/wp-content\/uploads\/2025\/08\/colheitadeira-de-cana-a8800-multi-row-150x89.jpg 150w\" sizes=\"(max-width: 368px) 100vw, 368px\" \/><figcaption class=\"wp-element-caption\">austoft 8800 multi row<\/figcaption><\/figure>\n<\/figure>\n\n\n\n<h3 class=\"wp-block-heading\"><strong>Santal (AGCO<\/strong><\/h3>\n\n\n\n<ul class=\"wp-block-list\">\n<li>Marca brasileira com tradi\u00e7\u00e3o no setor.<\/li>\n\n\n\n<li>Possui modelos adaptados \u00e0 realidade nacional.<\/li>\n<\/ul>\n\n\n\n<figure class=\"wp-block-gallery has-nested-images columns-default is-cropped wp-block-gallery-3 is-layout-flex wp-block-gallery-is-layout-flex\">\n<figure class=\"wp-block-image size-large\"><img loading=\"lazy\" decoding=\"async\" width=\"660\" height=\"371\" data-id=\"1187\" src=\"https:\/\/conectagrao.com.br\/blog\/wp-content\/uploads\/2025\/08\/colheitadeira-de-cana-santal.jpg\" alt=\"\" class=\"wp-image-1187\" srcset=\"https:\/\/conectagrao.com.br\/blog\/wp-content\/uploads\/2025\/08\/colheitadeira-de-cana-santal.jpg 660w, https:\/\/conectagrao.com.br\/blog\/wp-content\/uploads\/2025\/08\/colheitadeira-de-cana-santal-300x169.jpg 300w, https:\/\/conectagrao.com.br\/blog\/wp-content\/uploads\/2025\/08\/colheitadeira-de-cana-santal-150x84.jpg 150w\" sizes=\"(max-width: 660px) 100vw, 660px\" \/><figcaption class=\"wp-element-caption\">Serie Santal<\/figcaption><\/figure>\n\n\n\n<figure class=\"wp-block-image size-large\"><img loading=\"lazy\" decoding=\"async\" width=\"800\" height=\"600\" data-id=\"1188\" src=\"https:\/\/conectagrao.com.br\/blog\/wp-content\/uploads\/2025\/08\/109_def12891-47a1-4d41-aec6-03abafd91153_800x.webp\" alt=\"\" class=\"wp-image-1188\" srcset=\"https:\/\/conectagrao.com.br\/blog\/wp-content\/uploads\/2025\/08\/109_def12891-47a1-4d41-aec6-03abafd91153_800x.webp 800w, https:\/\/conectagrao.com.br\/blog\/wp-content\/uploads\/2025\/08\/109_def12891-47a1-4d41-aec6-03abafd91153_800x-300x225.webp 300w, https:\/\/conectagrao.com.br\/blog\/wp-content\/uploads\/2025\/08\/109_def12891-47a1-4d41-aec6-03abafd91153_800x-768x576.webp 768w, https:\/\/conectagrao.com.br\/blog\/wp-content\/uploads\/2025\/08\/109_def12891-47a1-4d41-aec6-03abafd91153_800x-136x102.webp 136w, https:\/\/conectagrao.com.br\/blog\/wp-content\/uploads\/2025\/08\/109_def12891-47a1-4d41-aec6-03abafd91153_800x-150x113.webp 150w\" sizes=\"(max-width: 800px) 100vw, 800px\" \/><figcaption class=\"wp-element-caption\">Santal <a href=\"https:\/\/www.google.com\/url?sa=i&amp;url=https%3A%2F%2Fcatalogoeservico.com.br%2Fproducts%2Fmanual-de-oficina-santal-s5010-e-p-2014-colhedora-de-cana&amp;psig=AOvVaw2r4pgup29zIKIKCTJkbvZL&amp;ust=1756342402740000&amp;source=images&amp;cd=vfe&amp;opi=89978449&amp;ved=0CBgQjhxqFwoTCOjRmrrjqY8DFQAAAAAdAAAAABAf\" target=\"_blank\" rel=\"noreferrer noopener\">S5010<\/a><\/figcaption><\/figure>\n<\/figure>\n\n\n\n<p>Al\u00e9m delas, existem marcas regionais e fabricantes internacionais. No entanto, John Deere e Case IH s\u00e3o l\u00edderes absolutos no Brasil.<\/p>\n\n\n\n<h2 class=\"wp-block-heading\">Como Funciona uma Colheitadeira de Cana<\/h2>\n\n\n\n<p>A opera\u00e7\u00e3o da m\u00e1quina envolve diversos componentes que trabalham em sincronia. Assim, o processo ocorre em etapas:<\/p>\n\n\n\n<ol class=\"wp-block-list\">\n<li><strong>Cortador de base<\/strong> \u2192 corta os colmos rente ao solo.<\/li>\n\n\n\n<li><strong>Rolos alimentadores<\/strong> \u2192 conduzem a cana para o interior da m\u00e1quina.<\/li>\n\n\n\n<li><strong>Picador<\/strong> \u2192 fatia a cana em toletes de 20\u201330 cm.<\/li>\n\n\n\n<li><strong>Extratores prim\u00e1rio e secund\u00e1rio<\/strong> \u2192 retiram folhas, palha e impurezas.<\/li>\n\n\n\n<li><strong>Tubo de descarga<\/strong> \u2192 lan\u00e7a a cana limpa no ve\u00edculo ao lado.<\/li>\n<\/ol>\n\n\n\n<p>Esse processo garante maior pureza da mat\u00e9ria-prima. Consequentemente, h\u00e1 redu\u00e7\u00e3o das impurezas vegetais e minerais que impactam a qualidade industrial.<\/p>\n\n\n\n<h2 class=\"wp-block-heading\">Vantagens da Colheitadeira de Cana<\/h2>\n\n\n\n<p>Entre os principais benef\u00edcios, podemos destacar:<\/p>\n\n\n\n<ul class=\"wp-block-list\">\n<li><strong>Produtividade<\/strong>: uma \u00fanica m\u00e1quina pode colher at\u00e9 <strong>1.000 toneladas\/dia<\/strong>.<\/li>\n\n\n\n<li><strong>Sustentabilidade<\/strong>: colheita de cana crua, sem queima.<\/li>\n\n\n\n<li><strong>Redu\u00e7\u00e3o de m\u00e3o de obra<\/strong>: substitui at\u00e9 100 trabalhadores manuais.<\/li>\n\n\n\n<li><strong>Efici\u00eancia log\u00edstica<\/strong>: integra\u00e7\u00e3o direta com caminh\u00f5es transbordos.<\/li>\n\n\n\n<li><strong>Seguran\u00e7a<\/strong>: menor risco de acidentes em compara\u00e7\u00e3o ao corte manual.<\/li>\n<\/ul>\n\n\n\n<p>Al\u00e9m disso, o uso cont\u00ednuo dessas m\u00e1quinas proporciona maior regularidade no fornecimento de mat\u00e9ria-prima \u00e0s usinas.<\/p>\n\n\n\n<h2 class=\"wp-block-heading\">Desafios e Desvantagens<\/h2>\n\n\n\n<p>Apesar das vantagens, existem tamb\u00e9m limita\u00e7\u00f5es importantes:<\/p>\n\n\n\n<ul class=\"wp-block-list\">\n<li><strong>Custo elevado<\/strong>: colheitadeiras novas custam entre <strong>R$ 1,5 e R$ 2,5 milh\u00f5es<\/strong>.<\/li>\n\n\n\n<li><strong>Alto consumo de combust\u00edvel<\/strong>: de 150 a 250 litros de diesel\/dia.<\/li>\n\n\n\n<li><strong>Manuten\u00e7\u00e3o cara<\/strong>: facas, correntes e rolamentos sofrem desgaste constante.<\/li>\n\n\n\n<li><strong>Compacta\u00e7\u00e3o do solo<\/strong>: exige manejo adequado e rota\u00e7\u00e3o de tr\u00e1fego.<\/li>\n\n\n\n<li><strong>Necessidade de capacita\u00e7\u00e3o<\/strong>: operadores precisam de treinamento avan\u00e7ado.<\/li>\n<\/ul>\n\n\n\n<p>Segundo a <strong><a href=\"https:\/\/www.embrapa.br\/\">EMBRAPA<\/a> (2023)<\/strong>, a compacta\u00e7\u00e3o causada por m\u00e1quinas pesadas pode reduzir em at\u00e9 12% a produtividade da cana-de-a\u00e7\u00facar se n\u00e3o houver corre\u00e7\u00e3o com subsolagem. Portanto, o planejamento do tr\u00e1fego \u00e9 indispens\u00e1vel.<\/p>\n\n\n\n<h2 class=\"wp-block-heading\">Custos de Opera\u00e7\u00e3o e Manuten\u00e7\u00e3o<\/h2>\n\n\n\n<ul class=\"wp-block-list\">\n<li><strong>Compra<\/strong>: R$ 1,5 a R$ 2,5 milh\u00f5es (novas) ou R$ 400 mil a R$ 1,2 milh\u00e3o (usadas).<\/li>\n\n\n\n<li><strong>Custo operacional m\u00e9dio<\/strong>: R$ 60 a R$ 100\/tonelada colhida.<\/li>\n\n\n\n<li><strong>Vida \u00fatil<\/strong>: de 6 a 10 anos, dependendo do manejo e manuten\u00e7\u00e3o.<\/li>\n<\/ul>\n\n\n\n<p>Assim, muitos pequenos e m\u00e9dios produtores optam por <strong>terceirizar o servi\u00e7o de colheita<\/strong> junto a usinas ou prestadores. Dessa forma, reduzem o impacto do investimento inicial.<\/p>\n\n\n\n<h2 class=\"wp-block-heading\">Tecnologias Embarcadas<\/h2>\n\n\n\n<p>As colheitadeiras modernas v\u00eam equipadas com tecnologias que aumentam a precis\u00e3o e reduzem perdas. Entre elas:<\/p>\n\n\n\n<ul class=\"wp-block-list\">\n<li><strong>GPS e piloto autom\u00e1tico<\/strong> \u2192 alinhamento perfeito entre fileiras.<\/li>\n\n\n\n<li><strong>Telemetria em tempo real<\/strong> \u2192 acompanhamento da performance pela usina.<\/li>\n\n\n\n<li><strong>Sensores de perdas<\/strong> \u2192 monitoram a quantidade de cana deixada no campo.<\/li>\n\n\n\n<li><strong>Cabine inteligente<\/strong> \u2192 ergonomia, climatiza\u00e7\u00e3o e melhor visibilidade.<\/li>\n<\/ul>\n\n\n\n<p>Portanto, essas inova\u00e7\u00f5es est\u00e3o alinhadas ao conceito de <strong>Agricultura 4.0<\/strong>, que integra conectividade e an\u00e1lise de dados no campo.<\/p>\n\n\n\n<h2 class=\"wp-block-heading\">Impactos da Colheita Mecanizada no Brasil<\/h2>\n\n\n\n<p>Os efeitos da mecaniza\u00e7\u00e3o s\u00e3o vis\u00edveis em diferentes \u00e1reas:<\/p>\n\n\n\n<ul class=\"wp-block-list\">\n<li><strong>Ambientais<\/strong>: redu\u00e7\u00e3o de queimadas e maior retorno de palha ao solo.<\/li>\n\n\n\n<li><strong>Sociais<\/strong>: diminui\u00e7\u00e3o do emprego no corte manual, exigindo requalifica\u00e7\u00e3o da m\u00e3o de obra.<\/li>\n\n\n\n<li><strong>Econ\u00f4micos<\/strong>: aumento da competitividade brasileira no mercado global de a\u00e7\u00facar e etanol.<\/li>\n\n\n\n<li><strong>Log\u00edsticos<\/strong>: necessidade de frotas de transbordo e caminh\u00f5es sincronizados.<\/li>\n<\/ul>\n\n\n\n<p>Segundo o <strong>IBGE (2022)<\/strong>, o Brasil colheu mais de <strong>640 milh\u00f5es de toneladas de cana<\/strong>, com mais de 95% mecanizada. Isso demonstra a import\u00e2ncia crescente da tecnologia no setor.<\/p>\n\n\n\n<h2 class=\"wp-block-heading\">Conclus\u00e3o<\/h2>\n\n\n\n<p>A <strong>colheitadeira de cana-de-a\u00e7\u00facar<\/strong> \u00e9 muito mais que uma m\u00e1quina: logo \u00e9 um pilar estrat\u00e9gico para o setor sucroenerg\u00e9tico brasileiro. Logo com alta tecnologia, capacidade produtiva e impacto direto na sustentabilidade, ela se tornou indispens\u00e1vel para usinas e grandes produtores.<\/p>\n\n\n\n<p>Por outro lado, o alto custo de aquisi\u00e7\u00e3o e a necessidade de operadores qualificados s\u00e3o barreiras que exigem planejamento. Portanto, muitas vezes \u00e9 necess\u00e1rio recorrer a parcerias com prestadores de servi\u00e7o.<\/p>\n","protected":false},"excerpt":{"rendered":"<p>Descubra como funcionam as colheitadeiras de cana-de-a\u00e7\u00facar, principais marcas, tecnologias e impacto na produtividade do setor sucroenerg\u00e9tico.<\/p>\n","protected":false},"author":2,"featured_media":1181,"comment_status":"open","ping_status":"open","sticky":false,"template":"","format":"standard","meta":{"_coblocks_attr":"","_coblocks_dimensions":"","_coblocks_responsive_height":"","_coblocks_accordion_ie_support":"","_uag_custom_page_level_css":"","footnotes":""},"categories":[1,30],"tags":[224,225,220,219,226,221,218,217],"class_list":["post-1179","post","type-post","status-publish","format-standard","has-post-thumbnail","hentry","category-blog","category-tecnologia","tag-agco-cana-de-acucar","tag-case-ih-colheitadeira-cana","tag-colheitadeira-de-cana","tag-colheitadeira-de-cana-de-acucar","tag-john-deere-colheitadeira-cana","tag-maquinas-agricolas-cana","tag-mecanizacao-da-colheita","tag-tecnologia-agricola-cana"],"yoast_head":"<!-- This site is optimized with the Yoast SEO plugin v27.4 - https:\/\/yoast.com\/product\/yoast-seo-wordpress\/ -->\n<title>Como a Colheitadeira de Cana de A\u00e7\u00facar Revoluciona a Produ\u00e7\u00e3o no Brasil - ConectaGr\u00e3o<\/title>\n<meta name=\"description\" content=\"Colheitadeira de cana-de-a\u00e7\u00facar: conhe\u00e7a funcionamento, marcas, vantagens e desafios dessa m\u00e1quina essencial para o setor sucroenerg\u00e9tico.\" \/>\n<meta name=\"robots\" content=\"index, follow, max-snippet:-1, max-image-preview:large, max-video-preview:-1\" \/>\n<link rel=\"canonical\" href=\"https:\/\/conectagrao.com.br\/blog\/conectagrao-com-br-blog-colheitadeira-de-cana-de-acucar\/\" \/>\n<meta property=\"og:locale\" content=\"pt_BR\" \/>\n<meta property=\"og:type\" content=\"article\" \/>\n<meta property=\"og:title\" content=\"Como a Colheitadeira de Cana de A\u00e7\u00facar Revoluciona a Produ\u00e7\u00e3o no Brasil - ConectaGr\u00e3o\" \/>\n<meta property=\"og:description\" content=\"Colheitadeira de cana-de-a\u00e7\u00facar: conhe\u00e7a funcionamento, marcas, vantagens e desafios dessa m\u00e1quina essencial para o setor sucroenerg\u00e9tico.\" \/>\n<meta property=\"og:url\" content=\"https:\/\/conectagrao.com.br\/blog\/conectagrao-com-br-blog-colheitadeira-de-cana-de-acucar\/\" \/>\n<meta property=\"og:site_name\" content=\"ConectaGr\u00e3o\" \/>\n<meta property=\"article:publisher\" content=\"https:\/\/www.facebook.com\/conectagrao\/\" \/>\n<meta property=\"article:published_time\" content=\"2025-08-27T01:06:31+00:00\" \/>\n<meta property=\"article:modified_time\" content=\"2025-08-27T01:06:34+00:00\" \/>\n<meta property=\"og:image\" content=\"https:\/\/conectagrao.com.br\/blog\/wp-content\/uploads\/2025\/08\/colheita-cana-acucar.jpg\" \/>\n\t<meta property=\"og:image:width\" content=\"1200\" \/>\n\t<meta property=\"og:image:height\" content=\"800\" \/>\n\t<meta property=\"og:image:type\" content=\"image\/jpeg\" \/>\n<meta name=\"author\" content=\"Kao\u00ea Rauch\" \/>\n<meta name=\"twitter:card\" content=\"summary_large_image\" \/>\n<meta name=\"twitter:label1\" content=\"Escrito por\" \/>\n\t<meta name=\"twitter:data1\" content=\"Kao\u00ea Rauch\" \/>\n\t<meta name=\"twitter:label2\" content=\"Est. tempo de leitura\" \/>\n\t<meta name=\"twitter:data2\" content=\"7 minutos\" \/>\n<script type=\"application\/ld+json\" class=\"yoast-schema-graph\">{\"@context\":\"https:\\\/\\\/schema.org\",\"@graph\":[{\"@type\":\"Article\",\"@id\":\"https:\\\/\\\/conectagrao.com.br\\\/blog\\\/conectagrao-com-br-blog-colheitadeira-de-cana-de-acucar\\\/#article\",\"isPartOf\":{\"@id\":\"https:\\\/\\\/conectagrao.com.br\\\/blog\\\/conectagrao-com-br-blog-colheitadeira-de-cana-de-acucar\\\/\"},\"author\":{\"name\":\"Kao\u00ea Rauch\",\"@id\":\"https:\\\/\\\/conectagrao.com.br\\\/blog\\\/#\\\/schema\\\/person\\\/0110c2a65e3fe8c1eb38193d9f186a59\"},\"headline\":\"Como a Colheitadeira de Cana de A\u00e7\u00facar Revoluciona a Produ\u00e7\u00e3o no Brasil\",\"datePublished\":\"2025-08-27T01:06:31+00:00\",\"dateModified\":\"2025-08-27T01:06:34+00:00\",\"mainEntityOfPage\":{\"@id\":\"https:\\\/\\\/conectagrao.com.br\\\/blog\\\/conectagrao-com-br-blog-colheitadeira-de-cana-de-acucar\\\/\"},\"wordCount\":959,\"commentCount\":0,\"publisher\":{\"@id\":\"https:\\\/\\\/conectagrao.com.br\\\/blog\\\/#organization\"},\"image\":{\"@id\":\"https:\\\/\\\/conectagrao.com.br\\\/blog\\\/conectagrao-com-br-blog-colheitadeira-de-cana-de-acucar\\\/#primaryimage\"},\"thumbnailUrl\":\"https:\\\/\\\/conectagrao.com.br\\\/blog\\\/wp-content\\\/uploads\\\/2025\\\/08\\\/colheita-cana-acucar.jpg\",\"keywords\":[\"AGCO cana-de-a\u00e7\u00facar\",\"Case IH colheitadeira cana\",\"colheitadeira de cana\",\"colheitadeira de cana-de-a\u00e7\u00facar\",\"John Deere colheitadeira cana\",\"m\u00e1quinas agr\u00edcolas cana\",\"mecaniza\u00e7\u00e3o da colheita\",\"tecnologia agr\u00edcola cana\"],\"articleSection\":[\"Blog\",\"Tecnologia &amp; Maquinas\"],\"inLanguage\":\"pt-BR\",\"potentialAction\":[{\"@type\":\"CommentAction\",\"name\":\"Comment\",\"target\":[\"https:\\\/\\\/conectagrao.com.br\\\/blog\\\/conectagrao-com-br-blog-colheitadeira-de-cana-de-acucar\\\/#respond\"]}]},{\"@type\":\"WebPage\",\"@id\":\"https:\\\/\\\/conectagrao.com.br\\\/blog\\\/conectagrao-com-br-blog-colheitadeira-de-cana-de-acucar\\\/\",\"url\":\"https:\\\/\\\/conectagrao.com.br\\\/blog\\\/conectagrao-com-br-blog-colheitadeira-de-cana-de-acucar\\\/\",\"name\":\"Como a Colheitadeira de Cana de A\u00e7\u00facar Revoluciona a Produ\u00e7\u00e3o no Brasil - ConectaGr\u00e3o\",\"isPartOf\":{\"@id\":\"https:\\\/\\\/conectagrao.com.br\\\/blog\\\/#website\"},\"primaryImageOfPage\":{\"@id\":\"https:\\\/\\\/conectagrao.com.br\\\/blog\\\/conectagrao-com-br-blog-colheitadeira-de-cana-de-acucar\\\/#primaryimage\"},\"image\":{\"@id\":\"https:\\\/\\\/conectagrao.com.br\\\/blog\\\/conectagrao-com-br-blog-colheitadeira-de-cana-de-acucar\\\/#primaryimage\"},\"thumbnailUrl\":\"https:\\\/\\\/conectagrao.com.br\\\/blog\\\/wp-content\\\/uploads\\\/2025\\\/08\\\/colheita-cana-acucar.jpg\",\"datePublished\":\"2025-08-27T01:06:31+00:00\",\"dateModified\":\"2025-08-27T01:06:34+00:00\",\"description\":\"Colheitadeira de cana-de-a\u00e7\u00facar: conhe\u00e7a funcionamento, marcas, vantagens e desafios dessa m\u00e1quina essencial para o setor sucroenerg\u00e9tico.\",\"breadcrumb\":{\"@id\":\"https:\\\/\\\/conectagrao.com.br\\\/blog\\\/conectagrao-com-br-blog-colheitadeira-de-cana-de-acucar\\\/#breadcrumb\"},\"inLanguage\":\"pt-BR\",\"potentialAction\":[{\"@type\":\"ReadAction\",\"target\":[\"https:\\\/\\\/conectagrao.com.br\\\/blog\\\/conectagrao-com-br-blog-colheitadeira-de-cana-de-acucar\\\/\"]}]},{\"@type\":\"ImageObject\",\"inLanguage\":\"pt-BR\",\"@id\":\"https:\\\/\\\/conectagrao.com.br\\\/blog\\\/conectagrao-com-br-blog-colheitadeira-de-cana-de-acucar\\\/#primaryimage\",\"url\":\"https:\\\/\\\/conectagrao.com.br\\\/blog\\\/wp-content\\\/uploads\\\/2025\\\/08\\\/colheita-cana-acucar.jpg\",\"contentUrl\":\"https:\\\/\\\/conectagrao.com.br\\\/blog\\\/wp-content\\\/uploads\\\/2025\\\/08\\\/colheita-cana-acucar.jpg\",\"width\":1200,\"height\":800},{\"@type\":\"BreadcrumbList\",\"@id\":\"https:\\\/\\\/conectagrao.com.br\\\/blog\\\/conectagrao-com-br-blog-colheitadeira-de-cana-de-acucar\\\/#breadcrumb\",\"itemListElement\":[{\"@type\":\"ListItem\",\"position\":1,\"name\":\"In\u00edcio\",\"item\":\"https:\\\/\\\/conectagrao.com.br\\\/blog\\\/\"},{\"@type\":\"ListItem\",\"position\":2,\"name\":\"Como a Colheitadeira de Cana de A\u00e7\u00facar Revoluciona a Produ\u00e7\u00e3o no Brasil\"}]},{\"@type\":\"WebSite\",\"@id\":\"https:\\\/\\\/conectagrao.com.br\\\/blog\\\/#website\",\"url\":\"https:\\\/\\\/conectagrao.com.br\\\/blog\\\/\",\"name\":\"ConectaGr\u00e3o\",\"description\":\"Conectando o futuro com o agroneg\u00f3cio.\",\"publisher\":{\"@id\":\"https:\\\/\\\/conectagrao.com.br\\\/blog\\\/#organization\"},\"alternateName\":\"conectagrao\",\"potentialAction\":[{\"@type\":\"SearchAction\",\"target\":{\"@type\":\"EntryPoint\",\"urlTemplate\":\"https:\\\/\\\/conectagrao.com.br\\\/blog\\\/?s={search_term_string}\"},\"query-input\":{\"@type\":\"PropertyValueSpecification\",\"valueRequired\":true,\"valueName\":\"search_term_string\"}}],\"inLanguage\":\"pt-BR\"},{\"@type\":\"Organization\",\"@id\":\"https:\\\/\\\/conectagrao.com.br\\\/blog\\\/#organization\",\"name\":\"ConectaGr\u00e3o\",\"alternateName\":\"conectagrao\",\"url\":\"https:\\\/\\\/conectagrao.com.br\\\/blog\\\/\",\"logo\":{\"@type\":\"ImageObject\",\"inLanguage\":\"pt-BR\",\"@id\":\"https:\\\/\\\/conectagrao.com.br\\\/blog\\\/#\\\/schema\\\/logo\\\/image\\\/\",\"url\":\"https:\\\/\\\/conectagrao.com.br\\\/blog\\\/wp-content\\\/uploads\\\/2025\\\/07\\\/ConectaGrao-6.png\",\"contentUrl\":\"https:\\\/\\\/conectagrao.com.br\\\/blog\\\/wp-content\\\/uploads\\\/2025\\\/07\\\/ConectaGrao-6.png\",\"width\":447,\"height\":559,\"caption\":\"ConectaGr\u00e3o\"},\"image\":{\"@id\":\"https:\\\/\\\/conectagrao.com.br\\\/blog\\\/#\\\/schema\\\/logo\\\/image\\\/\"},\"sameAs\":[\"https:\\\/\\\/www.facebook.com\\\/conectagrao\\\/\",\"https:\\\/\\\/www.tiktok.com\\\/@conectagrao?_t=ZM-8xPuS2d6MFB&_r=1\",\"https:\\\/\\\/www.threads.com\\\/@conectagrao\",\"https:\\\/\\\/www.youtube.com\\\/@conectagrao\",\"https:\\\/\\\/www.instagram.com\\\/conectagrao\"]},{\"@type\":\"Person\",\"@id\":\"https:\\\/\\\/conectagrao.com.br\\\/blog\\\/#\\\/schema\\\/person\\\/0110c2a65e3fe8c1eb38193d9f186a59\",\"name\":\"Kao\u00ea Rauch\",\"image\":{\"@type\":\"ImageObject\",\"inLanguage\":\"pt-BR\",\"@id\":\"https:\\\/\\\/secure.gravatar.com\\\/avatar\\\/0a44a558d0f8cd204343bb0098142aaf503447c453c3557bdf65ce2104d4d5e3?s=96&d=mm&r=g\",\"url\":\"https:\\\/\\\/secure.gravatar.com\\\/avatar\\\/0a44a558d0f8cd204343bb0098142aaf503447c453c3557bdf65ce2104d4d5e3?s=96&d=mm&r=g\",\"contentUrl\":\"https:\\\/\\\/secure.gravatar.com\\\/avatar\\\/0a44a558d0f8cd204343bb0098142aaf503447c453c3557bdf65ce2104d4d5e3?s=96&d=mm&r=g\",\"caption\":\"Kao\u00ea Rauch\"},\"description\":\"Kaoe Rauch \u00e9 t\u00e9cnico agr\u00edcola e fundador da ConectaGr\u00e3o. Com experi\u00eancia pr\u00e1tica no campo e forte conex\u00e3o com o agro, escreve conte\u00fados que unem viv\u00eancia rural, conhecimento t\u00e9cnico e olhar de mercado, sempre com o objetivo de aproximar produtores da informa\u00e7\u00e3o que realmente importa.\",\"url\":\"https:\\\/\\\/conectagrao.com.br\\\/blog\\\/author\\\/kaoe-rauch\\\/\"}]}<\/script>\n<!-- \/ Yoast SEO plugin. -->","yoast_head_json":{"title":"Como a Colheitadeira de Cana de A\u00e7\u00facar Revoluciona a Produ\u00e7\u00e3o no Brasil - ConectaGr\u00e3o","description":"Colheitadeira de cana-de-a\u00e7\u00facar: conhe\u00e7a funcionamento, marcas, vantagens e desafios dessa m\u00e1quina essencial para o setor sucroenerg\u00e9tico.","robots":{"index":"index","follow":"follow","max-snippet":"max-snippet:-1","max-image-preview":"max-image-preview:large","max-video-preview":"max-video-preview:-1"},"canonical":"https:\/\/conectagrao.com.br\/blog\/conectagrao-com-br-blog-colheitadeira-de-cana-de-acucar\/","og_locale":"pt_BR","og_type":"article","og_title":"Como a Colheitadeira de Cana de A\u00e7\u00facar Revoluciona a Produ\u00e7\u00e3o no Brasil - ConectaGr\u00e3o","og_description":"Colheitadeira de cana-de-a\u00e7\u00facar: conhe\u00e7a funcionamento, marcas, vantagens e desafios dessa m\u00e1quina essencial para o setor sucroenerg\u00e9tico.","og_url":"https:\/\/conectagrao.com.br\/blog\/conectagrao-com-br-blog-colheitadeira-de-cana-de-acucar\/","og_site_name":"ConectaGr\u00e3o","article_publisher":"https:\/\/www.facebook.com\/conectagrao\/","article_published_time":"2025-08-27T01:06:31+00:00","article_modified_time":"2025-08-27T01:06:34+00:00","og_image":[{"width":1200,"height":800,"url":"https:\/\/conectagrao.com.br\/blog\/wp-content\/uploads\/2025\/08\/colheita-cana-acucar.jpg","type":"image\/jpeg"}],"author":"Kao\u00ea Rauch","twitter_card":"summary_large_image","twitter_misc":{"Escrito por":"Kao\u00ea Rauch","Est. tempo de leitura":"7 minutos"},"schema":{"@context":"https:\/\/schema.org","@graph":[{"@type":"Article","@id":"https:\/\/conectagrao.com.br\/blog\/conectagrao-com-br-blog-colheitadeira-de-cana-de-acucar\/#article","isPartOf":{"@id":"https:\/\/conectagrao.com.br\/blog\/conectagrao-com-br-blog-colheitadeira-de-cana-de-acucar\/"},"author":{"name":"Kao\u00ea Rauch","@id":"https:\/\/conectagrao.com.br\/blog\/#\/schema\/person\/0110c2a65e3fe8c1eb38193d9f186a59"},"headline":"Como a Colheitadeira de Cana de A\u00e7\u00facar Revoluciona a Produ\u00e7\u00e3o no Brasil","datePublished":"2025-08-27T01:06:31+00:00","dateModified":"2025-08-27T01:06:34+00:00","mainEntityOfPage":{"@id":"https:\/\/conectagrao.com.br\/blog\/conectagrao-com-br-blog-colheitadeira-de-cana-de-acucar\/"},"wordCount":959,"commentCount":0,"publisher":{"@id":"https:\/\/conectagrao.com.br\/blog\/#organization"},"image":{"@id":"https:\/\/conectagrao.com.br\/blog\/conectagrao-com-br-blog-colheitadeira-de-cana-de-acucar\/#primaryimage"},"thumbnailUrl":"https:\/\/conectagrao.com.br\/blog\/wp-content\/uploads\/2025\/08\/colheita-cana-acucar.jpg","keywords":["AGCO cana-de-a\u00e7\u00facar","Case IH colheitadeira cana","colheitadeira de cana","colheitadeira de cana-de-a\u00e7\u00facar","John Deere colheitadeira cana","m\u00e1quinas agr\u00edcolas cana","mecaniza\u00e7\u00e3o da colheita","tecnologia agr\u00edcola cana"],"articleSection":["Blog","Tecnologia &amp; Maquinas"],"inLanguage":"pt-BR","potentialAction":[{"@type":"CommentAction","name":"Comment","target":["https:\/\/conectagrao.com.br\/blog\/conectagrao-com-br-blog-colheitadeira-de-cana-de-acucar\/#respond"]}]},{"@type":"WebPage","@id":"https:\/\/conectagrao.com.br\/blog\/conectagrao-com-br-blog-colheitadeira-de-cana-de-acucar\/","url":"https:\/\/conectagrao.com.br\/blog\/conectagrao-com-br-blog-colheitadeira-de-cana-de-acucar\/","name":"Como a Colheitadeira de Cana de A\u00e7\u00facar Revoluciona a Produ\u00e7\u00e3o no Brasil - ConectaGr\u00e3o","isPartOf":{"@id":"https:\/\/conectagrao.com.br\/blog\/#website"},"primaryImageOfPage":{"@id":"https:\/\/conectagrao.com.br\/blog\/conectagrao-com-br-blog-colheitadeira-de-cana-de-acucar\/#primaryimage"},"image":{"@id":"https:\/\/conectagrao.com.br\/blog\/conectagrao-com-br-blog-colheitadeira-de-cana-de-acucar\/#primaryimage"},"thumbnailUrl":"https:\/\/conectagrao.com.br\/blog\/wp-content\/uploads\/2025\/08\/colheita-cana-acucar.jpg","datePublished":"2025-08-27T01:06:31+00:00","dateModified":"2025-08-27T01:06:34+00:00","description":"Colheitadeira de cana-de-a\u00e7\u00facar: conhe\u00e7a funcionamento, marcas, vantagens e desafios dessa m\u00e1quina essencial para o setor sucroenerg\u00e9tico.","breadcrumb":{"@id":"https:\/\/conectagrao.com.br\/blog\/conectagrao-com-br-blog-colheitadeira-de-cana-de-acucar\/#breadcrumb"},"inLanguage":"pt-BR","potentialAction":[{"@type":"ReadAction","target":["https:\/\/conectagrao.com.br\/blog\/conectagrao-com-br-blog-colheitadeira-de-cana-de-acucar\/"]}]},{"@type":"ImageObject","inLanguage":"pt-BR","@id":"https:\/\/conectagrao.com.br\/blog\/conectagrao-com-br-blog-colheitadeira-de-cana-de-acucar\/#primaryimage","url":"https:\/\/conectagrao.com.br\/blog\/wp-content\/uploads\/2025\/08\/colheita-cana-acucar.jpg","contentUrl":"https:\/\/conectagrao.com.br\/blog\/wp-content\/uploads\/2025\/08\/colheita-cana-acucar.jpg","width":1200,"height":800},{"@type":"BreadcrumbList","@id":"https:\/\/conectagrao.com.br\/blog\/conectagrao-com-br-blog-colheitadeira-de-cana-de-acucar\/#breadcrumb","itemListElement":[{"@type":"ListItem","position":1,"name":"In\u00edcio","item":"https:\/\/conectagrao.com.br\/blog\/"},{"@type":"ListItem","position":2,"name":"Como a Colheitadeira de Cana de A\u00e7\u00facar Revoluciona a Produ\u00e7\u00e3o no Brasil"}]},{"@type":"WebSite","@id":"https:\/\/conectagrao.com.br\/blog\/#website","url":"https:\/\/conectagrao.com.br\/blog\/","name":"ConectaGr\u00e3o","description":"Conectando o futuro com o agroneg\u00f3cio.","publisher":{"@id":"https:\/\/conectagrao.com.br\/blog\/#organization"},"alternateName":"conectagrao","potentialAction":[{"@type":"SearchAction","target":{"@type":"EntryPoint","urlTemplate":"https:\/\/conectagrao.com.br\/blog\/?s={search_term_string}"},"query-input":{"@type":"PropertyValueSpecification","valueRequired":true,"valueName":"search_term_string"}}],"inLanguage":"pt-BR"},{"@type":"Organization","@id":"https:\/\/conectagrao.com.br\/blog\/#organization","name":"ConectaGr\u00e3o","alternateName":"conectagrao","url":"https:\/\/conectagrao.com.br\/blog\/","logo":{"@type":"ImageObject","inLanguage":"pt-BR","@id":"https:\/\/conectagrao.com.br\/blog\/#\/schema\/logo\/image\/","url":"https:\/\/conectagrao.com.br\/blog\/wp-content\/uploads\/2025\/07\/ConectaGrao-6.png","contentUrl":"https:\/\/conectagrao.com.br\/blog\/wp-content\/uploads\/2025\/07\/ConectaGrao-6.png","width":447,"height":559,"caption":"ConectaGr\u00e3o"},"image":{"@id":"https:\/\/conectagrao.com.br\/blog\/#\/schema\/logo\/image\/"},"sameAs":["https:\/\/www.facebook.com\/conectagrao\/","https:\/\/www.tiktok.com\/@conectagrao?_t=ZM-8xPuS2d6MFB&_r=1","https:\/\/www.threads.com\/@conectagrao","https:\/\/www.youtube.com\/@conectagrao","https:\/\/www.instagram.com\/conectagrao"]},{"@type":"Person","@id":"https:\/\/conectagrao.com.br\/blog\/#\/schema\/person\/0110c2a65e3fe8c1eb38193d9f186a59","name":"Kao\u00ea Rauch","image":{"@type":"ImageObject","inLanguage":"pt-BR","@id":"https:\/\/secure.gravatar.com\/avatar\/0a44a558d0f8cd204343bb0098142aaf503447c453c3557bdf65ce2104d4d5e3?s=96&d=mm&r=g","url":"https:\/\/secure.gravatar.com\/avatar\/0a44a558d0f8cd204343bb0098142aaf503447c453c3557bdf65ce2104d4d5e3?s=96&d=mm&r=g","contentUrl":"https:\/\/secure.gravatar.com\/avatar\/0a44a558d0f8cd204343bb0098142aaf503447c453c3557bdf65ce2104d4d5e3?s=96&d=mm&r=g","caption":"Kao\u00ea Rauch"},"description":"Kaoe Rauch \u00e9 t\u00e9cnico agr\u00edcola e fundador da ConectaGr\u00e3o. Com experi\u00eancia pr\u00e1tica no campo e forte conex\u00e3o com o agro, escreve conte\u00fados que unem viv\u00eancia rural, conhecimento t\u00e9cnico e olhar de mercado, sempre com o objetivo de aproximar produtores da informa\u00e7\u00e3o que realmente importa.","url":"https:\/\/conectagrao.com.br\/blog\/author\/kaoe-rauch\/"}]}},"uagb_featured_image_src":{"full":["https:\/\/conectagrao.com.br\/blog\/wp-content\/uploads\/2025\/08\/colheita-cana-acucar.jpg",1200,800,false],"thumbnail":["https:\/\/conectagrao.com.br\/blog\/wp-content\/uploads\/2025\/08\/colheita-cana-acucar-150x150.jpg",150,150,true],"medium":["https:\/\/conectagrao.com.br\/blog\/wp-content\/uploads\/2025\/08\/colheita-cana-acucar-300x200.jpg",300,200,true],"medium_large":["https:\/\/conectagrao.com.br\/blog\/wp-content\/uploads\/2025\/08\/colheita-cana-acucar-768x512.jpg",640,427,true],"large":["https:\/\/conectagrao.com.br\/blog\/wp-content\/uploads\/2025\/08\/colheita-cana-acucar-1024x683.jpg",640,427,true],"1536x1536":["https:\/\/conectagrao.com.br\/blog\/wp-content\/uploads\/2025\/08\/colheita-cana-acucar.jpg",1200,800,false],"2048x2048":["https:\/\/conectagrao.com.br\/blog\/wp-content\/uploads\/2025\/08\/colheita-cana-acucar.jpg",1200,800,false],"cvmm-medium":["https:\/\/conectagrao.com.br\/blog\/wp-content\/uploads\/2025\/08\/colheita-cana-acucar-300x300.jpg",300,300,true],"cvmm-medium-plus":["https:\/\/conectagrao.com.br\/blog\/wp-content\/uploads\/2025\/08\/colheita-cana-acucar-305x207.jpg",305,207,true],"cvmm-portrait":["https:\/\/conectagrao.com.br\/blog\/wp-content\/uploads\/2025\/08\/colheita-cana-acucar-400x600.jpg",400,600,true],"cvmm-medium-square":["https:\/\/conectagrao.com.br\/blog\/wp-content\/uploads\/2025\/08\/colheita-cana-acucar-600x600.jpg",600,600,true],"cvmm-large":["https:\/\/conectagrao.com.br\/blog\/wp-content\/uploads\/2025\/08\/colheita-cana-acucar-1024x800.jpg",1024,800,true],"cvmm-small":["https:\/\/conectagrao.com.br\/blog\/wp-content\/uploads\/2025\/08\/colheita-cana-acucar-130x95.jpg",130,95,true],"news-portal-block-medium":["https:\/\/conectagrao.com.br\/blog\/wp-content\/uploads\/2025\/08\/colheita-cana-acucar-305x207.jpg",305,207,true],"news-portal-block-thumb":["https:\/\/conectagrao.com.br\/blog\/wp-content\/uploads\/2025\/08\/colheita-cana-acucar-136x102.jpg",136,102,true],"news-portal-slider-medium":["https:\/\/conectagrao.com.br\/blog\/wp-content\/uploads\/2025\/08\/colheita-cana-acucar-622x420.jpg",622,420,true],"news-portal-carousel-portrait":["https:\/\/conectagrao.com.br\/blog\/wp-content\/uploads\/2025\/08\/colheita-cana-acucar-400x600.jpg",400,600,true],"news-portal-alternate-grid":["https:\/\/conectagrao.com.br\/blog\/wp-content\/uploads\/2025\/08\/colheita-cana-acucar-340x316.jpg",340,316,true],"web-stories-poster-portrait":["https:\/\/conectagrao.com.br\/blog\/wp-content\/uploads\/2025\/08\/colheita-cana-acucar-640x800.jpg",640,800,true],"web-stories-publisher-logo":["https:\/\/conectagrao.com.br\/blog\/wp-content\/uploads\/2025\/08\/colheita-cana-acucar-96x96.jpg",96,96,true],"web-stories-thumbnail":["https:\/\/conectagrao.com.br\/blog\/wp-content\/uploads\/2025\/08\/colheita-cana-acucar-150x100.jpg",150,100,true]},"uagb_author_info":{"display_name":"Kao\u00ea Rauch","author_link":"https:\/\/conectagrao.com.br\/blog\/author\/kaoe-rauch\/"},"uagb_comment_info":0,"uagb_excerpt":"Descubra como funcionam as colheitadeiras de cana-de-a\u00e7\u00facar, principais marcas, tecnologias e impacto na produtividade do setor sucroenerg\u00e9tico.","blog_post_layout_featured_media_urls":{"thumbnail":["https:\/\/conectagrao.com.br\/blog\/wp-content\/uploads\/2025\/08\/colheita-cana-acucar-150x150.jpg",150,150,true],"full":["https:\/\/conectagrao.com.br\/blog\/wp-content\/uploads\/2025\/08\/colheita-cana-acucar.jpg",1200,800,false]},"categories_names":{"1":{"name":"Blog","link":"https:\/\/conectagrao.com.br\/blog\/blog\/"},"30":{"name":"Tecnologia &amp; Maquinas","link":"https:\/\/conectagrao.com.br\/blog\/tecnologia\/"}},"tags_names":{"224":{"name":"AGCO cana-de-a\u00e7\u00facar","link":"https:\/\/conectagrao.com.br\/blog\/tag\/agco-cana-de-acucar\/"},"225":{"name":"Case IH colheitadeira cana","link":"https:\/\/conectagrao.com.br\/blog\/tag\/case-ih-colheitadeira-cana\/"},"220":{"name":"colheitadeira de cana","link":"https:\/\/conectagrao.com.br\/blog\/tag\/colheitadeira-de-cana\/"},"219":{"name":"colheitadeira de cana-de-a\u00e7\u00facar","link":"https:\/\/conectagrao.com.br\/blog\/tag\/colheitadeira-de-cana-de-acucar\/"},"226":{"name":"John Deere colheitadeira cana","link":"https:\/\/conectagrao.com.br\/blog\/tag\/john-deere-colheitadeira-cana\/"},"221":{"name":"m\u00e1quinas agr\u00edcolas cana","link":"https:\/\/conectagrao.com.br\/blog\/tag\/maquinas-agricolas-cana\/"},"218":{"name":"mecaniza\u00e7\u00e3o da colheita","link":"https:\/\/conectagrao.com.br\/blog\/tag\/mecanizacao-da-colheita\/"},"217":{"name":"tecnologia agr\u00edcola cana","link":"https:\/\/conectagrao.com.br\/blog\/tag\/tecnologia-agricola-cana\/"}},"comments_number":"0","wpmagazine_modules_lite_featured_media_urls":{"thumbnail":["https:\/\/conectagrao.com.br\/blog\/wp-content\/uploads\/2025\/08\/colheita-cana-acucar-150x150.jpg",150,150,true],"cvmm-medium":["https:\/\/conectagrao.com.br\/blog\/wp-content\/uploads\/2025\/08\/colheita-cana-acucar-300x300.jpg",300,300,true],"cvmm-medium-plus":["https:\/\/conectagrao.com.br\/blog\/wp-content\/uploads\/2025\/08\/colheita-cana-acucar-305x207.jpg",305,207,true],"cvmm-portrait":["https:\/\/conectagrao.com.br\/blog\/wp-content\/uploads\/2025\/08\/colheita-cana-acucar-400x600.jpg",400,600,true],"cvmm-medium-square":["https:\/\/conectagrao.com.br\/blog\/wp-content\/uploads\/2025\/08\/colheita-cana-acucar-600x600.jpg",600,600,true],"cvmm-large":["https:\/\/conectagrao.com.br\/blog\/wp-content\/uploads\/2025\/08\/colheita-cana-acucar-1024x800.jpg",1024,800,true],"cvmm-small":["https:\/\/conectagrao.com.br\/blog\/wp-content\/uploads\/2025\/08\/colheita-cana-acucar-130x95.jpg",130,95,true],"full":["https:\/\/conectagrao.com.br\/blog\/wp-content\/uploads\/2025\/08\/colheita-cana-acucar.jpg",1200,800,false]},"_links":{"self":[{"href":"https:\/\/conectagrao.com.br\/blog\/wp-json\/wp\/v2\/posts\/1179","targetHints":{"allow":["GET"]}}],"collection":[{"href":"https:\/\/conectagrao.com.br\/blog\/wp-json\/wp\/v2\/posts"}],"about":[{"href":"https:\/\/conectagrao.com.br\/blog\/wp-json\/wp\/v2\/types\/post"}],"author":[{"embeddable":true,"href":"https:\/\/conectagrao.com.br\/blog\/wp-json\/wp\/v2\/users\/2"}],"replies":[{"embeddable":true,"href":"https:\/\/conectagrao.com.br\/blog\/wp-json\/wp\/v2\/comments?post=1179"}],"version-history":[{"count":2,"href":"https:\/\/conectagrao.com.br\/blog\/wp-json\/wp\/v2\/posts\/1179\/revisions"}],"predecessor-version":[{"id":1189,"href":"https:\/\/conectagrao.com.br\/blog\/wp-json\/wp\/v2\/posts\/1179\/revisions\/1189"}],"wp:featuredmedia":[{"embeddable":true,"href":"https:\/\/conectagrao.com.br\/blog\/wp-json\/wp\/v2\/media\/1181"}],"wp:attachment":[{"href":"https:\/\/conectagrao.com.br\/blog\/wp-json\/wp\/v2\/media?parent=1179"}],"wp:term":[{"taxonomy":"category","embeddable":true,"href":"https:\/\/conectagrao.com.br\/blog\/wp-json\/wp\/v2\/categories?post=1179"},{"taxonomy":"post_tag","embeddable":true,"href":"https:\/\/conectagrao.com.br\/blog\/wp-json\/wp\/v2\/tags?post=1179"}],"curies":[{"name":"wp","href":"https:\/\/api.w.org\/{rel}","templated":true}]}}