{"id":1197,"date":"2025-08-31T13:26:06","date_gmt":"2025-08-31T13:26:06","guid":{"rendered":"https:\/\/conectagrao.com.br\/blog\/?p=1197"},"modified":"2025-08-31T13:26:08","modified_gmt":"2025-08-31T13:26:08","slug":"pulverizacao-aerea-cuidados-para-reduzir-a-deriva","status":"publish","type":"post","link":"https:\/\/conectagrao.com.br\/blog\/pulverizacao-aerea-cuidados-para-reduzir-a-deriva\/","title":{"rendered":"Pulveriza\u00e7\u00e3o A\u00e9rea: Cuidados para Reduzir a Deriva"},"content":{"rendered":"\n<p>A pulveriza\u00e7\u00e3o a\u00e9rea \u00e9 uma das ferramentas mais estrat\u00e9gicas do agroneg\u00f3cio moderno. Isso porque, al\u00e9m de oferecer rapidez, ela garante efici\u00eancia no controle de pragas, doen\u00e7as e plantas daninhas em \u00e1reas extensas. No entanto, embora seja bastante vantajosa, a pr\u00e1tica exige aten\u00e7\u00e3o redobrada a um fator determinante: a <strong>deriva de defensivos agr\u00edcolas<\/strong>.<\/p>\n\n\n\n<p>Se esse fen\u00f4meno n\u00e3o for controlado, o produtor pode enfrentar s\u00e9rios problemas. Isso ocorre porque parte do produto aplicado acaba se deslocando para fora da \u00e1rea-alvo, o que resulta em desperd\u00edcio, danos a culturas vizinhas, impactos ambientais e at\u00e9 mesmo preju\u00edzos econ\u00f4micos. Portanto, conhecer os cuidados necess\u00e1rios \u00e9 essencial para garantir efici\u00eancia e seguran\u00e7a.<\/p>\n\n\n\n<h2 class=\"wp-block-heading\">O que \u00e9 a deriva na pulveriza\u00e7\u00e3o a\u00e9rea? <\/h2>\n\n\n\n<p>De forma simples, a deriva \u00e9 o deslocamento indesejado das gotas de defensivos para fora do local de aplica\u00e7\u00e3o. Esse problema surge, sobretudo, quando fatores clim\u00e1ticos ou t\u00e9cnicos n\u00e3o s\u00e3o devidamente respeitados.<\/p>\n\n\n\n<p>Assim, em vez de atingir a planta-alvo, o produto pode ser levado pelo vento ou evaporar rapidamente, reduzindo a efic\u00e1cia da pulveriza\u00e7\u00e3o e ampliando os riscos para \u00e1reas pr\u00f3ximas.<\/p>\n\n\n\n<h2 class=\"wp-block-heading\">Principais fatores que influenciam a deriva <\/h2>\n\n\n\n<p>Para entender melhor o problema, \u00e9 importante considerar que a deriva n\u00e3o acontece por acaso. Pelo contr\u00e1rio, ela \u00e9 resultado direto da combina\u00e7\u00e3o de vari\u00e1veis ambientais e operacionais. Entre os fatores que mais interferem est\u00e3o:<\/p>\n\n\n\n<ul class=\"wp-block-list\">\n<li><strong>Velocidade e dire\u00e7\u00e3o do vento<\/strong>: quando acima de 10 km\/h, aumentam consideravelmente o risco de deriva.<\/li>\n\n\n\n<li><strong>Tamanho das gotas<\/strong>: gotas muito finas s\u00e3o mais suscet\u00edveis ao transporte pelo vento.<\/li>\n\n\n\n<li><strong>Temperatura e umidade relativa<\/strong>: altas temperaturas e baixa umidade aceleram a evapora\u00e7\u00e3o do produto.<\/li>\n\n\n\n<li><strong>Altura de voo<\/strong>: aplica\u00e7\u00f5es em alturas elevadas ampliam a dispers\u00e3o do defensivo.<\/li>\n<\/ul>\n\n\n\n<p>Portanto, conhecer e monitorar esses pontos \u00e9 indispens\u00e1vel para reduzir perdas e melhorar os resultados da aplica\u00e7\u00e3o a\u00e9rea.<\/p>\n\n\n\n<h2 class=\"wp-block-heading\">Como reduzir os riscos de deriva na pulveriza\u00e7\u00e3o a\u00e9rea <\/h2>\n\n\n\n<p>Embora o problema exista, a boa not\u00edcia \u00e9 que ele pode ser controlado com pr\u00e1ticas simples e eficazes. Dessa forma, o produtor aumenta a efici\u00eancia da aplica\u00e7\u00e3o e ainda contribui para uma agricultura mais sustent\u00e1vel. Veja as principais recomenda\u00e7\u00f5es:<\/p>\n\n\n\n<ol class=\"wp-block-list\">\n<li><strong>Monitorar o clima antes da aplica\u00e7\u00e3o<\/strong> \n<ul class=\"wp-block-list\">\n<li>Em primeiro lugar, \u00e9 fundamental evitar pulveriza\u00e7\u00f5es em dias de vento forte, baixa umidade (&lt;55%) e temperaturas acima de 30\u00b0C.<\/li>\n<\/ul>\n<\/li>\n\n\n\n<li><strong>Escolher corretamente os bicos e pontas de pulveriza\u00e7\u00e3o<\/strong> \n<ul class=\"wp-block-list\">\n<li>Al\u00e9m disso, selecionar tecnologias que geram gotas maiores e mais uniformes ajuda a reduzir a chance de deriva.<\/li>\n<\/ul>\n<\/li>\n\n\n\n<li><strong>Definir altura e velocidade ideais de voo<\/strong> \n<ul class=\"wp-block-list\">\n<li>Assim, trabalhar com altura m\u00e9dia entre 2 e 4 metros sobre a cultura garante maior precis\u00e3o e menor dispers\u00e3o.<\/li>\n<\/ul>\n<\/li>\n\n\n\n<li><strong>Usar adjuvantes antideriva<\/strong> \n<ul class=\"wp-block-list\">\n<li>Por outro lado, quando o uso de gotas finas \u00e9 necess\u00e1rio, adjuvantes espec\u00edficos ajudam a aumentar seu di\u00e2metro e reduzir a evapora\u00e7\u00e3o.<\/li>\n<\/ul>\n<\/li>\n\n\n\n<li><strong>Treinar operadores e pilotos<\/strong> \n<ul class=\"wp-block-list\">\n<li>Finalmente, investir na capacita\u00e7\u00e3o da equipe garante mais seguran\u00e7a e efici\u00eancia em cada opera\u00e7\u00e3o.<\/li>\n<\/ul>\n<\/li>\n<\/ol>\n\n\n\n<h2 class=\"wp-block-heading\">Vantagens da pulveriza\u00e7\u00e3o a\u00e9rea quando bem manejada <\/h2>\n\n\n\n<p>Apesar dos riscos, a pulveriza\u00e7\u00e3o a\u00e9rea \u00e9 extremamente vantajosa quando realizada com planejamento. Entre os principais benef\u00edcios est\u00e3o:<\/p>\n\n\n\n<ul class=\"wp-block-list\">\n<li><strong>Maior rapidez na aplica\u00e7\u00e3o em grandes \u00e1reas<\/strong>;<\/li>\n\n\n\n<li><strong>Cobertura uniforme das plantas, mesmo em locais de dif\u00edcil acesso<\/strong>;<\/li>\n\n\n\n<li><strong>Redu\u00e7\u00e3o de perdas agr\u00edcolas causadas por pragas e doen\u00e7as<\/strong>.<\/li>\n<\/ul>\n\n\n\n<p>Assim, quando o produtor alia tecnologia, boas pr\u00e1ticas e monitoramento clim\u00e1tico, ele transforma a pulveriza\u00e7\u00e3o a\u00e9rea em uma ferramenta altamente eficiente.<\/p>\n\n\n\n<h2 class=\"wp-block-heading\">O futuro da pulveriza\u00e7\u00e3o a\u00e9rea no Brasil <\/h2>\n\n\n\n<p>Atualmente, a tecnologia est\u00e1 avan\u00e7ando rapidamente. Hoje j\u00e1 \u00e9 poss\u00edvel contar com <strong>drones agr\u00edcolas<\/strong>, sensores meteorol\u00f3gicos em tempo real e softwares inteligentes para auxiliar na tomada de decis\u00e3o. Al\u00e9m disso, a legisla\u00e7\u00e3o e as boas pr\u00e1ticas refor\u00e7am a necessidade de pulveriza\u00e7\u00f5es mais seguras e precisas.<\/p>\n\n\n\n<p>Portanto, a tend\u00eancia \u00e9 clara: a pulveriza\u00e7\u00e3o a\u00e9rea continuar\u00e1 crescendo, mas sempre acompanhada de crit\u00e9rios t\u00e9cnicos e sustent\u00e1veis. Dessa forma, o Brasil se fortalece como refer\u00eancia em agricultura moderna, eficiente e respons\u00e1vel.<\/p>\n","protected":false},"excerpt":{"rendered":"<p>A pulveriza\u00e7\u00e3o a\u00e9rea \u00e9 indispens\u00e1vel para grandes lavouras, mas exige aten\u00e7\u00e3o com a deriva. Com os cuidados certos \u2014 como monitorar o clima, ajustar altura de voo, escolher bicos adequados e usar adjuvantes \u2014 o produtor garante efici\u00eancia, economia e sustentabilidade.<\/p>\n","protected":false},"author":1,"featured_media":1200,"comment_status":"open","ping_status":"open","sticky":false,"template":"","format":"standard","meta":{"_coblocks_attr":"","_coblocks_dimensions":"","_coblocks_responsive_height":"","_coblocks_accordion_ie_support":"","_uag_custom_page_level_css":"","footnotes":""},"categories":[32,1],"tags":[206,239,240,237,236,235,238,234,209],"class_list":["post-1197","post","type-post","status-publish","format-standard","has-post-thumbnail","hentry","category-agricultura","category-blog","tag-agricultura-sustentavel","tag-aplicacao-de-defensivos","tag-aviacao-agricola","tag-boas-praticas-agricolas","tag-controle-de-pragas","tag-deriva-agricola","tag-eficiencia-no-agronegocio","tag-pulverizacao-aerea","tag-tecnologia-no-campo"],"yoast_head":"<!-- This site is optimized with the Yoast SEO plugin v27.4 - https:\/\/yoast.com\/product\/yoast-seo-wordpress\/ -->\n<title>Pulveriza\u00e7\u00e3o A\u00e9rea: Cuidados para Reduzir a Deriva - ConectaGr\u00e3o<\/title>\n<meta name=\"description\" content=\"Saiba como reduzir a deriva na pulveriza\u00e7\u00e3o a\u00e9rea e garantir efici\u00eancia no controle de pragas com t\u00e9cnicas seguras e sustent\u00e1veis.\" \/>\n<meta name=\"robots\" content=\"index, follow, max-snippet:-1, max-image-preview:large, max-video-preview:-1\" \/>\n<link rel=\"canonical\" href=\"https:\/\/conectagrao.com.br\/blog\/pulverizacao-aerea-cuidados-para-reduzir-a-deriva\/\" \/>\n<meta property=\"og:locale\" content=\"pt_BR\" \/>\n<meta property=\"og:type\" content=\"article\" \/>\n<meta property=\"og:title\" content=\"Pulveriza\u00e7\u00e3o A\u00e9rea: Cuidados para Reduzir a Deriva - ConectaGr\u00e3o\" \/>\n<meta property=\"og:description\" content=\"Saiba como reduzir a deriva na pulveriza\u00e7\u00e3o a\u00e9rea e garantir efici\u00eancia no controle de pragas com t\u00e9cnicas seguras e sustent\u00e1veis.\" \/>\n<meta property=\"og:url\" content=\"https:\/\/conectagrao.com.br\/blog\/pulverizacao-aerea-cuidados-para-reduzir-a-deriva\/\" \/>\n<meta property=\"og:site_name\" content=\"ConectaGr\u00e3o\" \/>\n<meta property=\"article:publisher\" content=\"https:\/\/www.facebook.com\/conectagrao\/\" \/>\n<meta property=\"article:author\" content=\"https:\/\/www.facebook.com\/share\/1A5mH5g3LK\/\" \/>\n<meta property=\"article:published_time\" content=\"2025-08-31T13:26:06+00:00\" \/>\n<meta property=\"article:modified_time\" content=\"2025-08-31T13:26:08+00:00\" \/>\n<meta property=\"og:image\" content=\"https:\/\/conectagrao.com.br\/blog\/wp-content\/uploads\/2025\/08\/pulverizacao.jpg\" \/>\n\t<meta property=\"og:image:width\" content=\"1200\" \/>\n\t<meta property=\"og:image:height\" content=\"754\" \/>\n\t<meta property=\"og:image:type\" content=\"image\/jpeg\" \/>\n<meta name=\"author\" content=\"conectagrao\" \/>\n<meta name=\"twitter:card\" content=\"summary_large_image\" \/>\n<meta name=\"twitter:label1\" content=\"Escrito por\" \/>\n\t<meta name=\"twitter:data1\" content=\"conectagrao\" \/>\n\t<meta name=\"twitter:label2\" content=\"Est. tempo de leitura\" \/>\n\t<meta name=\"twitter:data2\" content=\"4 minutos\" \/>\n<script type=\"application\/ld+json\" class=\"yoast-schema-graph\">{\"@context\":\"https:\\\/\\\/schema.org\",\"@graph\":[{\"@type\":\"Article\",\"@id\":\"https:\\\/\\\/conectagrao.com.br\\\/blog\\\/pulverizacao-aerea-cuidados-para-reduzir-a-deriva\\\/#article\",\"isPartOf\":{\"@id\":\"https:\\\/\\\/conectagrao.com.br\\\/blog\\\/pulverizacao-aerea-cuidados-para-reduzir-a-deriva\\\/\"},\"author\":{\"name\":\"conectagrao\",\"@id\":\"https:\\\/\\\/conectagrao.com.br\\\/blog\\\/#\\\/schema\\\/person\\\/ba64f63526cab8efbf8b1f8198926135\"},\"headline\":\"Pulveriza\u00e7\u00e3o A\u00e9rea: Cuidados para Reduzir a Deriva\",\"datePublished\":\"2025-08-31T13:26:06+00:00\",\"dateModified\":\"2025-08-31T13:26:08+00:00\",\"mainEntityOfPage\":{\"@id\":\"https:\\\/\\\/conectagrao.com.br\\\/blog\\\/pulverizacao-aerea-cuidados-para-reduzir-a-deriva\\\/\"},\"wordCount\":709,\"commentCount\":0,\"publisher\":{\"@id\":\"https:\\\/\\\/conectagrao.com.br\\\/blog\\\/#organization\"},\"image\":{\"@id\":\"https:\\\/\\\/conectagrao.com.br\\\/blog\\\/pulverizacao-aerea-cuidados-para-reduzir-a-deriva\\\/#primaryimage\"},\"thumbnailUrl\":\"https:\\\/\\\/conectagrao.com.br\\\/blog\\\/wp-content\\\/uploads\\\/2025\\\/08\\\/pulverizacao.jpg\",\"keywords\":[\"Agricultura sustent\u00e1vel\",\"Aplica\u00e7\u00e3o de defensivos\",\"Avia\u00e7\u00e3o agr\u00edcola\",\"Boas pr\u00e1ticas agr\u00edcolas\",\"Controle de pragas\",\"Deriva agr\u00edcola\",\"Efici\u00eancia no agroneg\u00f3cio\",\"Pulveriza\u00e7\u00e3o a\u00e9rea\",\"Tecnologia No Campo\"],\"articleSection\":[\"Agricultura\",\"Blog\"],\"inLanguage\":\"pt-BR\",\"potentialAction\":[{\"@type\":\"CommentAction\",\"name\":\"Comment\",\"target\":[\"https:\\\/\\\/conectagrao.com.br\\\/blog\\\/pulverizacao-aerea-cuidados-para-reduzir-a-deriva\\\/#respond\"]}]},{\"@type\":\"WebPage\",\"@id\":\"https:\\\/\\\/conectagrao.com.br\\\/blog\\\/pulverizacao-aerea-cuidados-para-reduzir-a-deriva\\\/\",\"url\":\"https:\\\/\\\/conectagrao.com.br\\\/blog\\\/pulverizacao-aerea-cuidados-para-reduzir-a-deriva\\\/\",\"name\":\"Pulveriza\u00e7\u00e3o A\u00e9rea: Cuidados para Reduzir a Deriva - ConectaGr\u00e3o\",\"isPartOf\":{\"@id\":\"https:\\\/\\\/conectagrao.com.br\\\/blog\\\/#website\"},\"primaryImageOfPage\":{\"@id\":\"https:\\\/\\\/conectagrao.com.br\\\/blog\\\/pulverizacao-aerea-cuidados-para-reduzir-a-deriva\\\/#primaryimage\"},\"image\":{\"@id\":\"https:\\\/\\\/conectagrao.com.br\\\/blog\\\/pulverizacao-aerea-cuidados-para-reduzir-a-deriva\\\/#primaryimage\"},\"thumbnailUrl\":\"https:\\\/\\\/conectagrao.com.br\\\/blog\\\/wp-content\\\/uploads\\\/2025\\\/08\\\/pulverizacao.jpg\",\"datePublished\":\"2025-08-31T13:26:06+00:00\",\"dateModified\":\"2025-08-31T13:26:08+00:00\",\"description\":\"Saiba como reduzir a deriva na pulveriza\u00e7\u00e3o a\u00e9rea e garantir efici\u00eancia no controle de pragas com t\u00e9cnicas seguras e sustent\u00e1veis.\",\"breadcrumb\":{\"@id\":\"https:\\\/\\\/conectagrao.com.br\\\/blog\\\/pulverizacao-aerea-cuidados-para-reduzir-a-deriva\\\/#breadcrumb\"},\"inLanguage\":\"pt-BR\",\"potentialAction\":[{\"@type\":\"ReadAction\",\"target\":[\"https:\\\/\\\/conectagrao.com.br\\\/blog\\\/pulverizacao-aerea-cuidados-para-reduzir-a-deriva\\\/\"]}]},{\"@type\":\"ImageObject\",\"inLanguage\":\"pt-BR\",\"@id\":\"https:\\\/\\\/conectagrao.com.br\\\/blog\\\/pulverizacao-aerea-cuidados-para-reduzir-a-deriva\\\/#primaryimage\",\"url\":\"https:\\\/\\\/conectagrao.com.br\\\/blog\\\/wp-content\\\/uploads\\\/2025\\\/08\\\/pulverizacao.jpg\",\"contentUrl\":\"https:\\\/\\\/conectagrao.com.br\\\/blog\\\/wp-content\\\/uploads\\\/2025\\\/08\\\/pulverizacao.jpg\",\"width\":1200,\"height\":754},{\"@type\":\"BreadcrumbList\",\"@id\":\"https:\\\/\\\/conectagrao.com.br\\\/blog\\\/pulverizacao-aerea-cuidados-para-reduzir-a-deriva\\\/#breadcrumb\",\"itemListElement\":[{\"@type\":\"ListItem\",\"position\":1,\"name\":\"In\u00edcio\",\"item\":\"https:\\\/\\\/conectagrao.com.br\\\/blog\\\/\"},{\"@type\":\"ListItem\",\"position\":2,\"name\":\"Pulveriza\u00e7\u00e3o A\u00e9rea: Cuidados para Reduzir a Deriva\"}]},{\"@type\":\"WebSite\",\"@id\":\"https:\\\/\\\/conectagrao.com.br\\\/blog\\\/#website\",\"url\":\"https:\\\/\\\/conectagrao.com.br\\\/blog\\\/\",\"name\":\"ConectaGr\u00e3o\",\"description\":\"Conectando o futuro com o agroneg\u00f3cio.\",\"publisher\":{\"@id\":\"https:\\\/\\\/conectagrao.com.br\\\/blog\\\/#organization\"},\"alternateName\":\"conectagrao\",\"potentialAction\":[{\"@type\":\"SearchAction\",\"target\":{\"@type\":\"EntryPoint\",\"urlTemplate\":\"https:\\\/\\\/conectagrao.com.br\\\/blog\\\/?s={search_term_string}\"},\"query-input\":{\"@type\":\"PropertyValueSpecification\",\"valueRequired\":true,\"valueName\":\"search_term_string\"}}],\"inLanguage\":\"pt-BR\"},{\"@type\":\"Organization\",\"@id\":\"https:\\\/\\\/conectagrao.com.br\\\/blog\\\/#organization\",\"name\":\"ConectaGr\u00e3o\",\"alternateName\":\"conectagrao\",\"url\":\"https:\\\/\\\/conectagrao.com.br\\\/blog\\\/\",\"logo\":{\"@type\":\"ImageObject\",\"inLanguage\":\"pt-BR\",\"@id\":\"https:\\\/\\\/conectagrao.com.br\\\/blog\\\/#\\\/schema\\\/logo\\\/image\\\/\",\"url\":\"https:\\\/\\\/conectagrao.com.br\\\/blog\\\/wp-content\\\/uploads\\\/2025\\\/07\\\/ConectaGrao-6.png\",\"contentUrl\":\"https:\\\/\\\/conectagrao.com.br\\\/blog\\\/wp-content\\\/uploads\\\/2025\\\/07\\\/ConectaGrao-6.png\",\"width\":447,\"height\":559,\"caption\":\"ConectaGr\u00e3o\"},\"image\":{\"@id\":\"https:\\\/\\\/conectagrao.com.br\\\/blog\\\/#\\\/schema\\\/logo\\\/image\\\/\"},\"sameAs\":[\"https:\\\/\\\/www.facebook.com\\\/conectagrao\\\/\",\"https:\\\/\\\/www.tiktok.com\\\/@conectagrao?_t=ZM-8xPuS2d6MFB&_r=1\",\"https:\\\/\\\/www.threads.com\\\/@conectagrao\",\"https:\\\/\\\/www.youtube.com\\\/@conectagrao\",\"https:\\\/\\\/www.instagram.com\\\/conectagrao\"]},{\"@type\":\"Person\",\"@id\":\"https:\\\/\\\/conectagrao.com.br\\\/blog\\\/#\\\/schema\\\/person\\\/ba64f63526cab8efbf8b1f8198926135\",\"name\":\"conectagrao\",\"image\":{\"@type\":\"ImageObject\",\"inLanguage\":\"pt-BR\",\"@id\":\"https:\\\/\\\/secure.gravatar.com\\\/avatar\\\/fb3dc2cba7f544171abec58358591c995847240e6fd4f1f7a4a8159970dca59e?s=96&d=mm&r=g\",\"url\":\"https:\\\/\\\/secure.gravatar.com\\\/avatar\\\/fb3dc2cba7f544171abec58358591c995847240e6fd4f1f7a4a8159970dca59e?s=96&d=mm&r=g\",\"contentUrl\":\"https:\\\/\\\/secure.gravatar.com\\\/avatar\\\/fb3dc2cba7f544171abec58358591c995847240e6fd4f1f7a4a8159970dca59e?s=96&d=mm&r=g\",\"caption\":\"conectagrao\"},\"description\":\"ConectaGr\u00e3o\u00ae \u00e9 uma plataforma digital que conecta produtores, empresas e compradores do agroneg\u00f3cio, oferecendo an\u00e1lises de mercado, cota\u00e7\u00f5es, ferramentas e conte\u00fados gratuitos para facilitar o dia a dia no campo. Fundada por Genecir Jacoboski e Kao\u00ea T. Rauch a ConectaGr\u00e3o\u00ae tem como miss\u00e3o valorizar o produtor e aproximar o campo do mercado com tecnologia, informa\u00e7\u00e3o e inova\u00e7\u00e3o.\",\"sameAs\":[\"https:\\\/\\\/conectagrao.com.br\\\/blog\",\"https:\\\/\\\/www.facebook.com\\\/share\\\/1A5mH5g3LK\\\/\",\"https:\\\/\\\/www.instagram.com\\\/conectagrao?igsh=azQ1dXBndnp4dzZw\",\"https:\\\/\\\/youtube.com\\\/@conectagrao?si=QnGS_Zm7Cuj1pznt\"],\"url\":\"https:\\\/\\\/conectagrao.com.br\\\/blog\\\/author\\\/conectagrao\\\/\"}]}<\/script>\n<!-- \/ Yoast SEO plugin. -->","yoast_head_json":{"title":"Pulveriza\u00e7\u00e3o A\u00e9rea: Cuidados para Reduzir a Deriva - ConectaGr\u00e3o","description":"Saiba como reduzir a deriva na pulveriza\u00e7\u00e3o a\u00e9rea e garantir efici\u00eancia no controle de pragas com t\u00e9cnicas seguras e sustent\u00e1veis.","robots":{"index":"index","follow":"follow","max-snippet":"max-snippet:-1","max-image-preview":"max-image-preview:large","max-video-preview":"max-video-preview:-1"},"canonical":"https:\/\/conectagrao.com.br\/blog\/pulverizacao-aerea-cuidados-para-reduzir-a-deriva\/","og_locale":"pt_BR","og_type":"article","og_title":"Pulveriza\u00e7\u00e3o A\u00e9rea: Cuidados para Reduzir a Deriva - ConectaGr\u00e3o","og_description":"Saiba como reduzir a deriva na pulveriza\u00e7\u00e3o a\u00e9rea e garantir efici\u00eancia no controle de pragas com t\u00e9cnicas seguras e sustent\u00e1veis.","og_url":"https:\/\/conectagrao.com.br\/blog\/pulverizacao-aerea-cuidados-para-reduzir-a-deriva\/","og_site_name":"ConectaGr\u00e3o","article_publisher":"https:\/\/www.facebook.com\/conectagrao\/","article_author":"https:\/\/www.facebook.com\/share\/1A5mH5g3LK\/","article_published_time":"2025-08-31T13:26:06+00:00","article_modified_time":"2025-08-31T13:26:08+00:00","og_image":[{"width":1200,"height":754,"url":"https:\/\/conectagrao.com.br\/blog\/wp-content\/uploads\/2025\/08\/pulverizacao.jpg","type":"image\/jpeg"}],"author":"conectagrao","twitter_card":"summary_large_image","twitter_misc":{"Escrito por":"conectagrao","Est. tempo de leitura":"4 minutos"},"schema":{"@context":"https:\/\/schema.org","@graph":[{"@type":"Article","@id":"https:\/\/conectagrao.com.br\/blog\/pulverizacao-aerea-cuidados-para-reduzir-a-deriva\/#article","isPartOf":{"@id":"https:\/\/conectagrao.com.br\/blog\/pulverizacao-aerea-cuidados-para-reduzir-a-deriva\/"},"author":{"name":"conectagrao","@id":"https:\/\/conectagrao.com.br\/blog\/#\/schema\/person\/ba64f63526cab8efbf8b1f8198926135"},"headline":"Pulveriza\u00e7\u00e3o A\u00e9rea: Cuidados para Reduzir a Deriva","datePublished":"2025-08-31T13:26:06+00:00","dateModified":"2025-08-31T13:26:08+00:00","mainEntityOfPage":{"@id":"https:\/\/conectagrao.com.br\/blog\/pulverizacao-aerea-cuidados-para-reduzir-a-deriva\/"},"wordCount":709,"commentCount":0,"publisher":{"@id":"https:\/\/conectagrao.com.br\/blog\/#organization"},"image":{"@id":"https:\/\/conectagrao.com.br\/blog\/pulverizacao-aerea-cuidados-para-reduzir-a-deriva\/#primaryimage"},"thumbnailUrl":"https:\/\/conectagrao.com.br\/blog\/wp-content\/uploads\/2025\/08\/pulverizacao.jpg","keywords":["Agricultura sustent\u00e1vel","Aplica\u00e7\u00e3o de defensivos","Avia\u00e7\u00e3o agr\u00edcola","Boas pr\u00e1ticas agr\u00edcolas","Controle de pragas","Deriva agr\u00edcola","Efici\u00eancia no agroneg\u00f3cio","Pulveriza\u00e7\u00e3o a\u00e9rea","Tecnologia No Campo"],"articleSection":["Agricultura","Blog"],"inLanguage":"pt-BR","potentialAction":[{"@type":"CommentAction","name":"Comment","target":["https:\/\/conectagrao.com.br\/blog\/pulverizacao-aerea-cuidados-para-reduzir-a-deriva\/#respond"]}]},{"@type":"WebPage","@id":"https:\/\/conectagrao.com.br\/blog\/pulverizacao-aerea-cuidados-para-reduzir-a-deriva\/","url":"https:\/\/conectagrao.com.br\/blog\/pulverizacao-aerea-cuidados-para-reduzir-a-deriva\/","name":"Pulveriza\u00e7\u00e3o A\u00e9rea: Cuidados para Reduzir a Deriva - ConectaGr\u00e3o","isPartOf":{"@id":"https:\/\/conectagrao.com.br\/blog\/#website"},"primaryImageOfPage":{"@id":"https:\/\/conectagrao.com.br\/blog\/pulverizacao-aerea-cuidados-para-reduzir-a-deriva\/#primaryimage"},"image":{"@id":"https:\/\/conectagrao.com.br\/blog\/pulverizacao-aerea-cuidados-para-reduzir-a-deriva\/#primaryimage"},"thumbnailUrl":"https:\/\/conectagrao.com.br\/blog\/wp-content\/uploads\/2025\/08\/pulverizacao.jpg","datePublished":"2025-08-31T13:26:06+00:00","dateModified":"2025-08-31T13:26:08+00:00","description":"Saiba como reduzir a deriva na pulveriza\u00e7\u00e3o a\u00e9rea e garantir efici\u00eancia no controle de pragas com t\u00e9cnicas seguras e sustent\u00e1veis.","breadcrumb":{"@id":"https:\/\/conectagrao.com.br\/blog\/pulverizacao-aerea-cuidados-para-reduzir-a-deriva\/#breadcrumb"},"inLanguage":"pt-BR","potentialAction":[{"@type":"ReadAction","target":["https:\/\/conectagrao.com.br\/blog\/pulverizacao-aerea-cuidados-para-reduzir-a-deriva\/"]}]},{"@type":"ImageObject","inLanguage":"pt-BR","@id":"https:\/\/conectagrao.com.br\/blog\/pulverizacao-aerea-cuidados-para-reduzir-a-deriva\/#primaryimage","url":"https:\/\/conectagrao.com.br\/blog\/wp-content\/uploads\/2025\/08\/pulverizacao.jpg","contentUrl":"https:\/\/conectagrao.com.br\/blog\/wp-content\/uploads\/2025\/08\/pulverizacao.jpg","width":1200,"height":754},{"@type":"BreadcrumbList","@id":"https:\/\/conectagrao.com.br\/blog\/pulverizacao-aerea-cuidados-para-reduzir-a-deriva\/#breadcrumb","itemListElement":[{"@type":"ListItem","position":1,"name":"In\u00edcio","item":"https:\/\/conectagrao.com.br\/blog\/"},{"@type":"ListItem","position":2,"name":"Pulveriza\u00e7\u00e3o A\u00e9rea: Cuidados para Reduzir a Deriva"}]},{"@type":"WebSite","@id":"https:\/\/conectagrao.com.br\/blog\/#website","url":"https:\/\/conectagrao.com.br\/blog\/","name":"ConectaGr\u00e3o","description":"Conectando o futuro com o agroneg\u00f3cio.","publisher":{"@id":"https:\/\/conectagrao.com.br\/blog\/#organization"},"alternateName":"conectagrao","potentialAction":[{"@type":"SearchAction","target":{"@type":"EntryPoint","urlTemplate":"https:\/\/conectagrao.com.br\/blog\/?s={search_term_string}"},"query-input":{"@type":"PropertyValueSpecification","valueRequired":true,"valueName":"search_term_string"}}],"inLanguage":"pt-BR"},{"@type":"Organization","@id":"https:\/\/conectagrao.com.br\/blog\/#organization","name":"ConectaGr\u00e3o","alternateName":"conectagrao","url":"https:\/\/conectagrao.com.br\/blog\/","logo":{"@type":"ImageObject","inLanguage":"pt-BR","@id":"https:\/\/conectagrao.com.br\/blog\/#\/schema\/logo\/image\/","url":"https:\/\/conectagrao.com.br\/blog\/wp-content\/uploads\/2025\/07\/ConectaGrao-6.png","contentUrl":"https:\/\/conectagrao.com.br\/blog\/wp-content\/uploads\/2025\/07\/ConectaGrao-6.png","width":447,"height":559,"caption":"ConectaGr\u00e3o"},"image":{"@id":"https:\/\/conectagrao.com.br\/blog\/#\/schema\/logo\/image\/"},"sameAs":["https:\/\/www.facebook.com\/conectagrao\/","https:\/\/www.tiktok.com\/@conectagrao?_t=ZM-8xPuS2d6MFB&_r=1","https:\/\/www.threads.com\/@conectagrao","https:\/\/www.youtube.com\/@conectagrao","https:\/\/www.instagram.com\/conectagrao"]},{"@type":"Person","@id":"https:\/\/conectagrao.com.br\/blog\/#\/schema\/person\/ba64f63526cab8efbf8b1f8198926135","name":"conectagrao","image":{"@type":"ImageObject","inLanguage":"pt-BR","@id":"https:\/\/secure.gravatar.com\/avatar\/fb3dc2cba7f544171abec58358591c995847240e6fd4f1f7a4a8159970dca59e?s=96&d=mm&r=g","url":"https:\/\/secure.gravatar.com\/avatar\/fb3dc2cba7f544171abec58358591c995847240e6fd4f1f7a4a8159970dca59e?s=96&d=mm&r=g","contentUrl":"https:\/\/secure.gravatar.com\/avatar\/fb3dc2cba7f544171abec58358591c995847240e6fd4f1f7a4a8159970dca59e?s=96&d=mm&r=g","caption":"conectagrao"},"description":"ConectaGr\u00e3o\u00ae \u00e9 uma plataforma digital que conecta produtores, empresas e compradores do agroneg\u00f3cio, oferecendo an\u00e1lises de mercado, cota\u00e7\u00f5es, ferramentas e conte\u00fados gratuitos para facilitar o dia a dia no campo. Fundada por Genecir Jacoboski e Kao\u00ea T. Rauch a ConectaGr\u00e3o\u00ae tem como miss\u00e3o valorizar o produtor e aproximar o campo do mercado com tecnologia, informa\u00e7\u00e3o e inova\u00e7\u00e3o.","sameAs":["https:\/\/conectagrao.com.br\/blog","https:\/\/www.facebook.com\/share\/1A5mH5g3LK\/","https:\/\/www.instagram.com\/conectagrao?igsh=azQ1dXBndnp4dzZw","https:\/\/youtube.com\/@conectagrao?si=QnGS_Zm7Cuj1pznt"],"url":"https:\/\/conectagrao.com.br\/blog\/author\/conectagrao\/"}]}},"uagb_featured_image_src":{"full":["https:\/\/conectagrao.com.br\/blog\/wp-content\/uploads\/2025\/08\/pulverizacao.jpg",1200,754,false],"thumbnail":["https:\/\/conectagrao.com.br\/blog\/wp-content\/uploads\/2025\/08\/pulverizacao-150x150.jpg",150,150,true],"medium":["https:\/\/conectagrao.com.br\/blog\/wp-content\/uploads\/2025\/08\/pulverizacao-300x189.jpg",300,189,true],"medium_large":["https:\/\/conectagrao.com.br\/blog\/wp-content\/uploads\/2025\/08\/pulverizacao-768x483.jpg",640,403,true],"large":["https:\/\/conectagrao.com.br\/blog\/wp-content\/uploads\/2025\/08\/pulverizacao-1024x643.jpg",640,402,true],"1536x1536":["https:\/\/conectagrao.com.br\/blog\/wp-content\/uploads\/2025\/08\/pulverizacao.jpg",1200,754,false],"2048x2048":["https:\/\/conectagrao.com.br\/blog\/wp-content\/uploads\/2025\/08\/pulverizacao.jpg",1200,754,false],"cvmm-medium":["https:\/\/conectagrao.com.br\/blog\/wp-content\/uploads\/2025\/08\/pulverizacao-300x300.jpg",300,300,true],"cvmm-medium-plus":["https:\/\/conectagrao.com.br\/blog\/wp-content\/uploads\/2025\/08\/pulverizacao-305x207.jpg",305,207,true],"cvmm-portrait":["https:\/\/conectagrao.com.br\/blog\/wp-content\/uploads\/2025\/08\/pulverizacao-400x600.jpg",400,600,true],"cvmm-medium-square":["https:\/\/conectagrao.com.br\/blog\/wp-content\/uploads\/2025\/08\/pulverizacao-600x600.jpg",600,600,true],"cvmm-large":["https:\/\/conectagrao.com.br\/blog\/wp-content\/uploads\/2025\/08\/pulverizacao-1024x754.jpg",1024,754,true],"cvmm-small":["https:\/\/conectagrao.com.br\/blog\/wp-content\/uploads\/2025\/08\/pulverizacao-130x95.jpg",130,95,true],"news-portal-block-medium":["https:\/\/conectagrao.com.br\/blog\/wp-content\/uploads\/2025\/08\/pulverizacao-305x207.jpg",305,207,true],"news-portal-block-thumb":["https:\/\/conectagrao.com.br\/blog\/wp-content\/uploads\/2025\/08\/pulverizacao-136x102.jpg",136,102,true],"news-portal-slider-medium":["https:\/\/conectagrao.com.br\/blog\/wp-content\/uploads\/2025\/08\/pulverizacao-622x420.jpg",622,420,true],"news-portal-carousel-portrait":["https:\/\/conectagrao.com.br\/blog\/wp-content\/uploads\/2025\/08\/pulverizacao-400x600.jpg",400,600,true],"news-portal-alternate-grid":["https:\/\/conectagrao.com.br\/blog\/wp-content\/uploads\/2025\/08\/pulverizacao-340x316.jpg",340,316,true],"web-stories-poster-portrait":["https:\/\/conectagrao.com.br\/blog\/wp-content\/uploads\/2025\/08\/pulverizacao-640x754.jpg",640,754,true],"web-stories-publisher-logo":["https:\/\/conectagrao.com.br\/blog\/wp-content\/uploads\/2025\/08\/pulverizacao-96x96.jpg",96,96,true],"web-stories-thumbnail":["https:\/\/conectagrao.com.br\/blog\/wp-content\/uploads\/2025\/08\/pulverizacao-150x94.jpg",150,94,true]},"uagb_author_info":{"display_name":"conectagrao","author_link":"https:\/\/conectagrao.com.br\/blog\/author\/conectagrao\/"},"uagb_comment_info":0,"uagb_excerpt":"A pulveriza\u00e7\u00e3o a\u00e9rea \u00e9 indispens\u00e1vel para grandes lavouras, mas exige aten\u00e7\u00e3o com a deriva. Com os cuidados certos \u2014 como monitorar o clima, ajustar altura de voo, escolher bicos adequados e usar adjuvantes \u2014 o produtor garante efici\u00eancia, economia e sustentabilidade.","blog_post_layout_featured_media_urls":{"thumbnail":["https:\/\/conectagrao.com.br\/blog\/wp-content\/uploads\/2025\/08\/pulverizacao-150x150.jpg",150,150,true],"full":["https:\/\/conectagrao.com.br\/blog\/wp-content\/uploads\/2025\/08\/pulverizacao.jpg",1200,754,false]},"categories_names":{"32":{"name":"Agricultura","link":"https:\/\/conectagrao.com.br\/blog\/agricultura\/"},"1":{"name":"Blog","link":"https:\/\/conectagrao.com.br\/blog\/blog\/"}},"tags_names":{"206":{"name":"Agricultura sustent\u00e1vel","link":"https:\/\/conectagrao.com.br\/blog\/tag\/agricultura-sustentavel\/"},"239":{"name":"Aplica\u00e7\u00e3o de defensivos","link":"https:\/\/conectagrao.com.br\/blog\/tag\/aplicacao-de-defensivos\/"},"240":{"name":"Avia\u00e7\u00e3o agr\u00edcola","link":"https:\/\/conectagrao.com.br\/blog\/tag\/aviacao-agricola\/"},"237":{"name":"Boas pr\u00e1ticas agr\u00edcolas","link":"https:\/\/conectagrao.com.br\/blog\/tag\/boas-praticas-agricolas\/"},"236":{"name":"Controle de pragas","link":"https:\/\/conectagrao.com.br\/blog\/tag\/controle-de-pragas\/"},"235":{"name":"Deriva agr\u00edcola","link":"https:\/\/conectagrao.com.br\/blog\/tag\/deriva-agricola\/"},"238":{"name":"Efici\u00eancia no agroneg\u00f3cio","link":"https:\/\/conectagrao.com.br\/blog\/tag\/eficiencia-no-agronegocio\/"},"234":{"name":"Pulveriza\u00e7\u00e3o a\u00e9rea","link":"https:\/\/conectagrao.com.br\/blog\/tag\/pulverizacao-aerea\/"},"209":{"name":"Tecnologia No Campo","link":"https:\/\/conectagrao.com.br\/blog\/tag\/tecnologia-no-campo\/"}},"comments_number":"0","wpmagazine_modules_lite_featured_media_urls":{"thumbnail":["https:\/\/conectagrao.com.br\/blog\/wp-content\/uploads\/2025\/08\/pulverizacao-150x150.jpg",150,150,true],"cvmm-medium":["https:\/\/conectagrao.com.br\/blog\/wp-content\/uploads\/2025\/08\/pulverizacao-300x300.jpg",300,300,true],"cvmm-medium-plus":["https:\/\/conectagrao.com.br\/blog\/wp-content\/uploads\/2025\/08\/pulverizacao-305x207.jpg",305,207,true],"cvmm-portrait":["https:\/\/conectagrao.com.br\/blog\/wp-content\/uploads\/2025\/08\/pulverizacao-400x600.jpg",400,600,true],"cvmm-medium-square":["https:\/\/conectagrao.com.br\/blog\/wp-content\/uploads\/2025\/08\/pulverizacao-600x600.jpg",600,600,true],"cvmm-large":["https:\/\/conectagrao.com.br\/blog\/wp-content\/uploads\/2025\/08\/pulverizacao-1024x754.jpg",1024,754,true],"cvmm-small":["https:\/\/conectagrao.com.br\/blog\/wp-content\/uploads\/2025\/08\/pulverizacao-130x95.jpg",130,95,true],"full":["https:\/\/conectagrao.com.br\/blog\/wp-content\/uploads\/2025\/08\/pulverizacao.jpg",1200,754,false]},"_links":{"self":[{"href":"https:\/\/conectagrao.com.br\/blog\/wp-json\/wp\/v2\/posts\/1197","targetHints":{"allow":["GET"]}}],"collection":[{"href":"https:\/\/conectagrao.com.br\/blog\/wp-json\/wp\/v2\/posts"}],"about":[{"href":"https:\/\/conectagrao.com.br\/blog\/wp-json\/wp\/v2\/types\/post"}],"author":[{"embeddable":true,"href":"https:\/\/conectagrao.com.br\/blog\/wp-json\/wp\/v2\/users\/1"}],"replies":[{"embeddable":true,"href":"https:\/\/conectagrao.com.br\/blog\/wp-json\/wp\/v2\/comments?post=1197"}],"version-history":[{"count":3,"href":"https:\/\/conectagrao.com.br\/blog\/wp-json\/wp\/v2\/posts\/1197\/revisions"}],"predecessor-version":[{"id":1201,"href":"https:\/\/conectagrao.com.br\/blog\/wp-json\/wp\/v2\/posts\/1197\/revisions\/1201"}],"wp:featuredmedia":[{"embeddable":true,"href":"https:\/\/conectagrao.com.br\/blog\/wp-json\/wp\/v2\/media\/1200"}],"wp:attachment":[{"href":"https:\/\/conectagrao.com.br\/blog\/wp-json\/wp\/v2\/media?parent=1197"}],"wp:term":[{"taxonomy":"category","embeddable":true,"href":"https:\/\/conectagrao.com.br\/blog\/wp-json\/wp\/v2\/categories?post=1197"},{"taxonomy":"post_tag","embeddable":true,"href":"https:\/\/conectagrao.com.br\/blog\/wp-json\/wp\/v2\/tags?post=1197"}],"curies":[{"name":"wp","href":"https:\/\/api.w.org\/{rel}","templated":true}]}}