{"id":1215,"date":"2025-09-04T01:40:12","date_gmt":"2025-09-04T01:40:12","guid":{"rendered":"https:\/\/conectagrao.com.br\/blog\/?p=1215"},"modified":"2025-09-04T01:40:15","modified_gmt":"2025-09-04T01:40:15","slug":"ataque-dos-estados-unidos-a-venezuela-afeta-o-agro-brasileiro-o-que-esperar","status":"publish","type":"post","link":"https:\/\/conectagrao.com.br\/blog\/ataque-dos-estados-unidos-a-venezuela-afeta-o-agro-brasileiro-o-que-esperar\/","title":{"rendered":"Ataque dos Estados Unidos \u00e0 Venezuela afeta o agro brasileiro: O que esperar"},"content":{"rendered":"\n<p>Eventos geopol\u00edticos globais podem influenciar diretamente o setor agr\u00edcola. O governo dos Estados Unidos autorizou um ataque a uma embarca\u00e7\u00e3o ligada ao narcotr\u00e1fico venezuelano, resultando em 11 mortes e maior confronto com o regime de Nicol\u00e1s Maduro. Embora n\u00e3o seja uma invas\u00e3o ampla, essa a\u00e7\u00e3o no Caribe \u2013 confirmada pelo presidente Trump \u2013 altera din\u00e2micas regionais. Como o ataque dos Estados Unidos \u00e0 Venezuela afeta o agro brasileiro? Aqui, exploramos impactos potenciais, com suporte em dados da ONU, USDA e an\u00e1lises econ\u00f4micas recentes. Al\u00e9m disso, discutimos estrat\u00e9gias para reduzir riscos.<\/p>\n\n\n\n<h3 class=\"wp-block-heading\">Contexto Geopol\u00edtico e Econ\u00f4mico<\/h3>\n\n\n\n<p>Para compreender o cen\u00e1rio, vale contextualizar as rela\u00e7\u00f5es entre EUA, Venezuela e Brasil. A Venezuela, com vastas reservas de petr\u00f3leo, sofre san\u00e7\u00f5es americanas desde 2017, reduzindo sua produ\u00e7\u00e3o em mais de 70% (dados do CFR). Isso intensificou a crise humanit\u00e1ria, com mais de 7,7 milh\u00f5es de migrantes venezuelanos \u2013 muitos direcionados ao Brasil. No agro brasileiro, que contribui com 25% do PIB nacional (IBGE, 2024), instabilidades vizinhas afetam custos e mercados.<\/p>\n\n\n\n<p>Por exemplo, o Brasil importa fertilizantes pot\u00e1ssicos e nitrogenados, cujos pre\u00e7os variam com o petr\u00f3leo. Com o ataque, h\u00e1 possibilidade de aumento nos combust\u00edveis, elevando custos de transporte e maquin\u00e1rio em at\u00e9 15%, conforme proje\u00e7\u00f5es da FAO para 2025. Assim, transi\u00e7\u00f5es para fontes alternativas tornam-se essenciais.<\/p>\n\n\n\n<h4 class=\"wp-block-heading\">Efeitos Imediatos no Setor de Insumos<\/h4>\n\n\n\n<p>Al\u00e9m disso, tens\u00f5es podem desviar rotas comerciais no Caribe, impactando o fluxo de insumos. O Brasil depende de importa\u00e7\u00f5es para 85% de seus fertilizantes (ANDA, 2024), o que poderia causar atrasos log\u00edsticos. Em 2024, o setor gastou R$ 120 bilh\u00f5es em insumos; uma escalada como o ataque dos Estados Unidos \u00e0 Venezuela afeta o agro brasileiro ao aumentar volatilidade nos pre\u00e7os, semelhante \u00e0 crise Ucr\u00e2nia-R\u00fassia. Consequentemente, monitoramento constante \u00e9 recomendado.<\/p>\n\n\n\n<h3 class=\"wp-block-heading\">Impactos na M\u00e3o de Obra e Migra\u00e7\u00f5es<\/h3>\n\n\n\n<p>Passando ao aspecto social, o fluxo migrat\u00f3rio venezuelano para o Brasil \u2013 cerca de 500 mil pessoas desde 2018 (OIM) \u2013 pode crescer com novas instabilidades. No agro, isso oferece m\u00e3o de obra acess\u00edvel, mas traz desafios. Por outro lado, regi\u00f5es como Roraima e Amazonas viram aumento de 20% na oferta de trabalhadores rurais, cortando custos em colheitas de soja e arroz.<\/p>\n\n\n\n<p>No entanto, sem pol\u00edticas adequadas, surgem riscos de conflitos sociais e sobrecarga em servi\u00e7os, indiretamente reduzindo produtividade. Portanto, integra\u00e7\u00e3o planejada \u00e9 chave para equilibrar benef\u00edcios.<\/p>\n\n\n\n<h4 class=\"wp-block-heading\">Antes e Depois das Tens\u00f5es<\/h4>\n\n\n\n<ul class=\"wp-block-list\">\n<li><strong>Antes (2020-2024)<\/strong>: Exporta\u00e7\u00f5es brasileiras para Venezuela ca\u00edram 40% devido a san\u00e7\u00f5es (MDIC), mas migra\u00e7\u00f5es estabilizaram m\u00e3o de obra.<\/li>\n\n\n\n<li><strong>Ap\u00f3s o Ataque (Proje\u00e7\u00e3o 2025)<\/strong>: Alta de 10-15% em custos de diesel (Petrobras estimativas); poss\u00edvel influxo de 100 mil migrantes adicionais (ONU proje\u00e7\u00f5es).<\/li>\n<\/ul>\n\n\n\n<p><strong>Dica Pr\u00e1tica Importante:<\/strong> Em cen\u00e1rios de alta no petr\u00f3leo devido a tens\u00f5es como o ataque dos Estados Unidos \u00e0 Venezuela, priorize efici\u00eancia energ\u00e9tica. M\u00e1quinas com tecnologia GPS podem reduzir consumo de diesel em 20%, segundo estudo da USDA (2024). Aplique para manter margens competitivas!<\/p>\n\n\n\n<div style=\"border: 2px solid #ff9800; border-radius: 10px; padding: 20px; background: #ffffff; box-shadow: 0 4px 12px rgba(0,0,0,0.1); font-family: Arial, sans-serif; width: 100%; max-width: 100%; margin: 20px 0; text-align: center; box-sizing: border-box;\">\n  \n  <h3 style=\"color: #ff9800; font-size: 24px; margin-top: 0; margin-bottom: 15px;\">\n    <span style=\"display: none;\" class=\"whatsapp-icon\">\n      <img decoding=\"async\" src=\"https:\/\/e7.pngegg.com\/pngimages\/347\/373\/png-clipart-computer-icons-whatsapp-whatsapp-text-trademark-thumbnail.png\" alt=\"WhatsApp\" style=\"width: 40px; height: 40px; border-radius: 50%; object-fit: cover;\">\n    <\/span>\n  <\/h3>\n  \n  <div style=\"display: flex; justify-content: center; align-items: center; flex-wrap: wrap; margin-bottom: 10px;\">\n    <div style=\"text-align: center; margin-right: 10px;\"> <!-- Reduzido o margin-right -->\n      <p style=\"font-size: 16px; color: #333; line-height: 1.5; margin: 0;\">\n        \ud83d\udcf0 Not\u00edcias &#038; Mercado | \ud83d\udd14 Novidades <span class=\"desktop-separator\">|<\/span>\n      <\/p>\n    <\/div>\n    <div style=\"text-align: center;\">\n      <p style=\"font-size: 16px; color: #333; line-height: 1.5; margin: 0;\">\n        \u26c5 Clima | \ud83d\ude80 Tecnologia | \ud83d\udcf1 Blog\n      <\/p>\n    <\/div>\n  <\/div>\n  \n  <a href=\"https:\/\/www.whatsapp.com\/channel\/0029VaLMT22GOj9f6eVOpJ0N\" target=\"_blank\" style=\"background: #25D366; color: #fff; padding: 10px 20px; font-size: 16px; font-weight: bold; text-decoration: none; border-radius: 30px; display: inline-block; transition: all 0.3s; position: relative;\">\n    <img decoding=\"async\" src=\"https:\/\/upload.wikimedia.org\/wikipedia\/commons\/6\/6b\/WhatsApp.svg\" alt=\"WhatsApp\" style=\"width: 20px; height: 20px; vertical-align: middle; margin-right: 5px;\">\n    Entrar no Canal\n  <\/a>\n  \n  <p style=\"font-size: 12px; color: #666; margin-top: 15px; font-weight: bold;\">\n    Sua conex\u00e3o com as melhores informa\u00e7\u00f5es do agroneg\u00f3cio!\n  <\/p>\n<\/div>\n\n<style>\n@media (max-width: 768px) {\n  .desktop-separator {\n    display: none; \/* Ocultar o separador \"|\" em dispositivos m\u00f3veis *\/\n  }\n  h3 {\n    font-size: 20px; \/* Diminuir o tamanho da fonte do t\u00edtulo em dispositivos m\u00f3veis *\/\n  }\n  p {\n    font-size: 14px; \/* Diminuir o tamanho da fonte dos par\u00e1grafos em dispositivos m\u00f3veis *\/\n  }\n  a {\n    font-size: 14px; \/* Diminuir o tamanho da fonte do bot\u00e3o em dispositivos m\u00f3veis *\/\n    padding: 8px 15px; \/* Ajustar o padding do bot\u00e3o em dispositivos m\u00f3veis *\/\n  }\n}\n<\/style>\n\n\n\n\n\n<h3 class=\"wp-block-heading\">Como o Ataque dos Estados Unidos \u00e0 Venezuela Afeta o Agro Brasileiro em Termos de Exporta\u00e7\u00f5es?<\/h3>\n\n\n\n<p>Essa pergunta destaca um ponto central. O Brasil exporta R$ 500 milh\u00f5es anuais em alimentos para a Venezuela (MDIC, 2024), como carne e gr\u00e3os. Com o ataque, Maduro pode impor barreiras comerciais, diminuindo demanda. No entanto, se san\u00e7\u00f5es americanas se intensificarem, o Brasil ganha espa\u00e7o em \u00f3leo de soja, substituindo exporta\u00e7\u00f5es venezuelanas. Por exemplo, em 2019, san\u00e7\u00f5es semelhantes elevaram exporta\u00e7\u00f5es brasileiras de milho para a Col\u00f4mbia em 25%. Assim, oportunidades surgem, mas volatilidade cambial exige prepara\u00e7\u00e3o.<\/p>\n\n\n\n<h3 class=\"wp-block-heading\">Conclus\u00e3o<\/h3>\n\n\n\n<p>Em s\u00edntese, como o ataque dos Estados Unidos \u00e0 Venezuela afeta o agro brasileiro? Sobretudo por meio de custos elevados de insumos, fluxos migrat\u00f3rios e instabilidades comerciais, embora com ganhos potenciais em m\u00e3o de obra e mercados alternativos. Monitore desenvolvimentos geopol\u00edticos e adote estrat\u00e9gias proativas, como diversifica\u00e7\u00e3o e efici\u00eancia, para converter desafios em vantagens. Aplique esses insights para fortalecer opera\u00e7\u00f5es agr\u00edcolas.<\/p>\n\n\n\n<h3 class=\"wp-block-heading\">Refer\u00eancias<\/h3>\n\n\n\n<ul class=\"wp-block-list\">\n<li>Council on Foreign Relations (CFR). &#8220;Venezuela: The Rise and Fall of a Petrostate&#8221;. Acessado em 03\/09\/2025.<\/li>\n\n\n\n<li>BBC News. &#8220;Trump says 11 killed in US strike on drug-carrying vessel from Venezuela&#8221;. Publicado em 02\/09\/2025.<\/li>\n\n\n\n<li>Al Jazeera. &#8220;How did US strike on Venezuelan boat come about? What it means&#8221;. Publicado em 03\/09\/2025.<\/li>\n\n\n\n<li>Organiza\u00e7\u00e3o Internacional para as Migra\u00e7\u00f5es (OIM). Relat\u00f3rios sobre migra\u00e7\u00f5es na Am\u00e9rica Latina, 2024.<\/li>\n\n\n\n<li>Minist\u00e9rio da Economia (MDIC). Dados de exporta\u00e7\u00f5es brasileiras, 2024.<\/li>\n\n\n\n<li>Embrapa. Estudos sobre biofertilizantes e efici\u00eancia agr\u00edcola, 2024.<\/li>\n<\/ul>\n","protected":false},"excerpt":{"rendered":"<p>O recente ataque militar dos Estados Unidos a uma embarca\u00e7\u00e3o venezuelana no Caribe, em 2 de setembro de 2025, aumentou as tens\u00f5es geopol\u00edticas na Am\u00e9rica Latina. Como o ataque dos Estados Unidos \u00e0 Venezuela afeta o agro brasileiro? Este artigo examina efeitos em custos operacionais, m\u00e3o de obra e exporta\u00e7\u00f5es, baseado em dados econ\u00f4micos e exemplos reais.<\/p>\n","protected":false},"author":1,"featured_media":1219,"comment_status":"open","ping_status":"open","sticky":false,"template":"","format":"standard","meta":{"_coblocks_attr":"","_coblocks_dimensions":"","_coblocks_responsive_height":"","_coblocks_accordion_ie_support":"","_uag_custom_page_level_css":"","footnotes":""},"categories":[1,29],"tags":[254,250,260,261,249,259,253,255,257,258],"class_list":["post-1215","post","type-post","status-publish","format-standard","has-post-thumbnail","hentry","category-blog","category-mercado","tag-ataque-eua-venezuela","tag-custos-insumos-agricolas","tag-estados-unidos-ataca-venezuela","tag-eua-atca-embarcacao-venezuelana","tag-exportacoes-brasileiras-venezuela","tag-guerra-eua-e-venezuela","tag-impacto-agro-brasil","tag-instabilidade-mercados-agro","tag-petroleo-e-fertilizantes-brasil","tag-sancoes-eua-agro"],"yoast_head":"<!-- This site is optimized with the Yoast SEO plugin v27.4 - https:\/\/yoast.com\/product\/yoast-seo-wordpress\/ -->\n<title>Ataque dos Estados Unidos \u00e0 Venezuela afeta o agro brasileiro: O que esperar - ConectaGr\u00e3o<\/title>\n<meta name=\"description\" content=\"O ataque dos Estados Unidos \u00e0 Venezuela pode impactar o agro brasileiro. Descubra como e quais as suas consequ\u00eancias.\" \/>\n<meta name=\"robots\" content=\"index, follow, max-snippet:-1, max-image-preview:large, max-video-preview:-1\" \/>\n<link rel=\"canonical\" href=\"https:\/\/conectagrao.com.br\/blog\/ataque-dos-estados-unidos-a-venezuela-afeta-o-agro-brasileiro-o-que-esperar\/\" \/>\n<meta property=\"og:locale\" content=\"pt_BR\" \/>\n<meta property=\"og:type\" content=\"article\" \/>\n<meta property=\"og:title\" content=\"Ataque dos Estados Unidos \u00e0 Venezuela afeta o agro brasileiro: O que esperar - ConectaGr\u00e3o\" \/>\n<meta property=\"og:description\" content=\"O ataque dos Estados Unidos \u00e0 Venezuela pode impactar o agro brasileiro. Descubra como e quais as suas consequ\u00eancias.\" \/>\n<meta property=\"og:url\" content=\"https:\/\/conectagrao.com.br\/blog\/ataque-dos-estados-unidos-a-venezuela-afeta-o-agro-brasileiro-o-que-esperar\/\" \/>\n<meta property=\"og:site_name\" content=\"ConectaGr\u00e3o\" \/>\n<meta property=\"article:publisher\" content=\"https:\/\/www.facebook.com\/conectagrao\/\" \/>\n<meta property=\"article:author\" content=\"https:\/\/www.facebook.com\/share\/1A5mH5g3LK\/\" \/>\n<meta property=\"article:published_time\" content=\"2025-09-04T01:40:12+00:00\" \/>\n<meta property=\"article:modified_time\" content=\"2025-09-04T01:40:15+00:00\" \/>\n<meta property=\"og:image\" content=\"https:\/\/conectagrao.com.br\/blog\/wp-content\/uploads\/2025\/09\/Design-sem-nome-5.png\" \/>\n\t<meta property=\"og:image:width\" content=\"1200\" \/>\n\t<meta property=\"og:image:height\" content=\"800\" \/>\n\t<meta property=\"og:image:type\" content=\"image\/png\" \/>\n<meta name=\"author\" content=\"conectagrao\" \/>\n<meta name=\"twitter:card\" content=\"summary_large_image\" \/>\n<meta name=\"twitter:label1\" content=\"Escrito por\" \/>\n\t<meta name=\"twitter:data1\" content=\"conectagrao\" \/>\n\t<meta name=\"twitter:label2\" content=\"Est. tempo de leitura\" \/>\n\t<meta name=\"twitter:data2\" content=\"5 minutos\" \/>\n<script type=\"application\/ld+json\" class=\"yoast-schema-graph\">{\"@context\":\"https:\\\/\\\/schema.org\",\"@graph\":[{\"@type\":\"Article\",\"@id\":\"https:\\\/\\\/conectagrao.com.br\\\/blog\\\/ataque-dos-estados-unidos-a-venezuela-afeta-o-agro-brasileiro-o-que-esperar\\\/#article\",\"isPartOf\":{\"@id\":\"https:\\\/\\\/conectagrao.com.br\\\/blog\\\/ataque-dos-estados-unidos-a-venezuela-afeta-o-agro-brasileiro-o-que-esperar\\\/\"},\"author\":{\"name\":\"conectagrao\",\"@id\":\"https:\\\/\\\/conectagrao.com.br\\\/blog\\\/#\\\/schema\\\/person\\\/ba64f63526cab8efbf8b1f8198926135\"},\"headline\":\"Ataque dos Estados Unidos \u00e0 Venezuela afeta o agro brasileiro: O que esperar\",\"datePublished\":\"2025-09-04T01:40:12+00:00\",\"dateModified\":\"2025-09-04T01:40:15+00:00\",\"mainEntityOfPage\":{\"@id\":\"https:\\\/\\\/conectagrao.com.br\\\/blog\\\/ataque-dos-estados-unidos-a-venezuela-afeta-o-agro-brasileiro-o-que-esperar\\\/\"},\"wordCount\":789,\"commentCount\":0,\"publisher\":{\"@id\":\"https:\\\/\\\/conectagrao.com.br\\\/blog\\\/#organization\"},\"image\":{\"@id\":\"https:\\\/\\\/conectagrao.com.br\\\/blog\\\/ataque-dos-estados-unidos-a-venezuela-afeta-o-agro-brasileiro-o-que-esperar\\\/#primaryimage\"},\"thumbnailUrl\":\"https:\\\/\\\/conectagrao.com.br\\\/blog\\\/wp-content\\\/uploads\\\/2025\\\/09\\\/Design-sem-nome-5.png\",\"keywords\":[\"ataque EUA Venezuela\",\"custos insumos agr\u00edcolas\",\"Estados unidos ataca Venezuela\",\"EUA atca embarca\u00e7\u00e3o venezuelana\",\"exporta\u00e7\u00f5es brasileiras Venezuela\",\"guerra EUA e Venezuela\",\"impacto agro Brasil\",\"instabilidade mercados agro\",\"petr\u00f3leo e fertilizantes Brasil\",\"san\u00e7\u00f5es EUA agro\"],\"articleSection\":[\"Blog\",\"Vis\u00e3o de Mercado\"],\"inLanguage\":\"pt-BR\",\"potentialAction\":[{\"@type\":\"CommentAction\",\"name\":\"Comment\",\"target\":[\"https:\\\/\\\/conectagrao.com.br\\\/blog\\\/ataque-dos-estados-unidos-a-venezuela-afeta-o-agro-brasileiro-o-que-esperar\\\/#respond\"]}]},{\"@type\":\"WebPage\",\"@id\":\"https:\\\/\\\/conectagrao.com.br\\\/blog\\\/ataque-dos-estados-unidos-a-venezuela-afeta-o-agro-brasileiro-o-que-esperar\\\/\",\"url\":\"https:\\\/\\\/conectagrao.com.br\\\/blog\\\/ataque-dos-estados-unidos-a-venezuela-afeta-o-agro-brasileiro-o-que-esperar\\\/\",\"name\":\"Ataque dos Estados Unidos \u00e0 Venezuela afeta o agro brasileiro: O que esperar - ConectaGr\u00e3o\",\"isPartOf\":{\"@id\":\"https:\\\/\\\/conectagrao.com.br\\\/blog\\\/#website\"},\"primaryImageOfPage\":{\"@id\":\"https:\\\/\\\/conectagrao.com.br\\\/blog\\\/ataque-dos-estados-unidos-a-venezuela-afeta-o-agro-brasileiro-o-que-esperar\\\/#primaryimage\"},\"image\":{\"@id\":\"https:\\\/\\\/conectagrao.com.br\\\/blog\\\/ataque-dos-estados-unidos-a-venezuela-afeta-o-agro-brasileiro-o-que-esperar\\\/#primaryimage\"},\"thumbnailUrl\":\"https:\\\/\\\/conectagrao.com.br\\\/blog\\\/wp-content\\\/uploads\\\/2025\\\/09\\\/Design-sem-nome-5.png\",\"datePublished\":\"2025-09-04T01:40:12+00:00\",\"dateModified\":\"2025-09-04T01:40:15+00:00\",\"description\":\"O ataque dos Estados Unidos \u00e0 Venezuela pode impactar o agro brasileiro. Descubra como e quais as suas consequ\u00eancias.\",\"breadcrumb\":{\"@id\":\"https:\\\/\\\/conectagrao.com.br\\\/blog\\\/ataque-dos-estados-unidos-a-venezuela-afeta-o-agro-brasileiro-o-que-esperar\\\/#breadcrumb\"},\"inLanguage\":\"pt-BR\",\"potentialAction\":[{\"@type\":\"ReadAction\",\"target\":[\"https:\\\/\\\/conectagrao.com.br\\\/blog\\\/ataque-dos-estados-unidos-a-venezuela-afeta-o-agro-brasileiro-o-que-esperar\\\/\"]}]},{\"@type\":\"ImageObject\",\"inLanguage\":\"pt-BR\",\"@id\":\"https:\\\/\\\/conectagrao.com.br\\\/blog\\\/ataque-dos-estados-unidos-a-venezuela-afeta-o-agro-brasileiro-o-que-esperar\\\/#primaryimage\",\"url\":\"https:\\\/\\\/conectagrao.com.br\\\/blog\\\/wp-content\\\/uploads\\\/2025\\\/09\\\/Design-sem-nome-5.png\",\"contentUrl\":\"https:\\\/\\\/conectagrao.com.br\\\/blog\\\/wp-content\\\/uploads\\\/2025\\\/09\\\/Design-sem-nome-5.png\",\"width\":1200,\"height\":800},{\"@type\":\"BreadcrumbList\",\"@id\":\"https:\\\/\\\/conectagrao.com.br\\\/blog\\\/ataque-dos-estados-unidos-a-venezuela-afeta-o-agro-brasileiro-o-que-esperar\\\/#breadcrumb\",\"itemListElement\":[{\"@type\":\"ListItem\",\"position\":1,\"name\":\"In\u00edcio\",\"item\":\"https:\\\/\\\/conectagrao.com.br\\\/blog\\\/\"},{\"@type\":\"ListItem\",\"position\":2,\"name\":\"Ataque dos Estados Unidos \u00e0 Venezuela afeta o agro brasileiro: O que esperar\"}]},{\"@type\":\"WebSite\",\"@id\":\"https:\\\/\\\/conectagrao.com.br\\\/blog\\\/#website\",\"url\":\"https:\\\/\\\/conectagrao.com.br\\\/blog\\\/\",\"name\":\"ConectaGr\u00e3o\",\"description\":\"Conectando o futuro com o agroneg\u00f3cio.\",\"publisher\":{\"@id\":\"https:\\\/\\\/conectagrao.com.br\\\/blog\\\/#organization\"},\"alternateName\":\"conectagrao\",\"potentialAction\":[{\"@type\":\"SearchAction\",\"target\":{\"@type\":\"EntryPoint\",\"urlTemplate\":\"https:\\\/\\\/conectagrao.com.br\\\/blog\\\/?s={search_term_string}\"},\"query-input\":{\"@type\":\"PropertyValueSpecification\",\"valueRequired\":true,\"valueName\":\"search_term_string\"}}],\"inLanguage\":\"pt-BR\"},{\"@type\":\"Organization\",\"@id\":\"https:\\\/\\\/conectagrao.com.br\\\/blog\\\/#organization\",\"name\":\"ConectaGr\u00e3o\",\"alternateName\":\"conectagrao\",\"url\":\"https:\\\/\\\/conectagrao.com.br\\\/blog\\\/\",\"logo\":{\"@type\":\"ImageObject\",\"inLanguage\":\"pt-BR\",\"@id\":\"https:\\\/\\\/conectagrao.com.br\\\/blog\\\/#\\\/schema\\\/logo\\\/image\\\/\",\"url\":\"https:\\\/\\\/conectagrao.com.br\\\/blog\\\/wp-content\\\/uploads\\\/2025\\\/07\\\/ConectaGrao-6.png\",\"contentUrl\":\"https:\\\/\\\/conectagrao.com.br\\\/blog\\\/wp-content\\\/uploads\\\/2025\\\/07\\\/ConectaGrao-6.png\",\"width\":447,\"height\":559,\"caption\":\"ConectaGr\u00e3o\"},\"image\":{\"@id\":\"https:\\\/\\\/conectagrao.com.br\\\/blog\\\/#\\\/schema\\\/logo\\\/image\\\/\"},\"sameAs\":[\"https:\\\/\\\/www.facebook.com\\\/conectagrao\\\/\",\"https:\\\/\\\/www.tiktok.com\\\/@conectagrao?_t=ZM-8xPuS2d6MFB&_r=1\",\"https:\\\/\\\/www.threads.com\\\/@conectagrao\",\"https:\\\/\\\/www.youtube.com\\\/@conectagrao\",\"https:\\\/\\\/www.instagram.com\\\/conectagrao\"]},{\"@type\":\"Person\",\"@id\":\"https:\\\/\\\/conectagrao.com.br\\\/blog\\\/#\\\/schema\\\/person\\\/ba64f63526cab8efbf8b1f8198926135\",\"name\":\"conectagrao\",\"image\":{\"@type\":\"ImageObject\",\"inLanguage\":\"pt-BR\",\"@id\":\"https:\\\/\\\/secure.gravatar.com\\\/avatar\\\/fb3dc2cba7f544171abec58358591c995847240e6fd4f1f7a4a8159970dca59e?s=96&d=mm&r=g\",\"url\":\"https:\\\/\\\/secure.gravatar.com\\\/avatar\\\/fb3dc2cba7f544171abec58358591c995847240e6fd4f1f7a4a8159970dca59e?s=96&d=mm&r=g\",\"contentUrl\":\"https:\\\/\\\/secure.gravatar.com\\\/avatar\\\/fb3dc2cba7f544171abec58358591c995847240e6fd4f1f7a4a8159970dca59e?s=96&d=mm&r=g\",\"caption\":\"conectagrao\"},\"description\":\"ConectaGr\u00e3o\u00ae \u00e9 uma plataforma digital que conecta produtores, empresas e compradores do agroneg\u00f3cio, oferecendo an\u00e1lises de mercado, cota\u00e7\u00f5es, ferramentas e conte\u00fados gratuitos para facilitar o dia a dia no campo. Fundada por Genecir Jacoboski e Kao\u00ea T. Rauch a ConectaGr\u00e3o\u00ae tem como miss\u00e3o valorizar o produtor e aproximar o campo do mercado com tecnologia, informa\u00e7\u00e3o e inova\u00e7\u00e3o.\",\"sameAs\":[\"https:\\\/\\\/conectagrao.com.br\\\/blog\",\"https:\\\/\\\/www.facebook.com\\\/share\\\/1A5mH5g3LK\\\/\",\"https:\\\/\\\/www.instagram.com\\\/conectagrao?igsh=azQ1dXBndnp4dzZw\",\"https:\\\/\\\/youtube.com\\\/@conectagrao?si=QnGS_Zm7Cuj1pznt\"],\"url\":\"https:\\\/\\\/conectagrao.com.br\\\/blog\\\/author\\\/conectagrao\\\/\"}]}<\/script>\n<!-- \/ Yoast SEO plugin. -->","yoast_head_json":{"title":"Ataque dos Estados Unidos \u00e0 Venezuela afeta o agro brasileiro: O que esperar - ConectaGr\u00e3o","description":"O ataque dos Estados Unidos \u00e0 Venezuela pode impactar o agro brasileiro. Descubra como e quais as suas consequ\u00eancias.","robots":{"index":"index","follow":"follow","max-snippet":"max-snippet:-1","max-image-preview":"max-image-preview:large","max-video-preview":"max-video-preview:-1"},"canonical":"https:\/\/conectagrao.com.br\/blog\/ataque-dos-estados-unidos-a-venezuela-afeta-o-agro-brasileiro-o-que-esperar\/","og_locale":"pt_BR","og_type":"article","og_title":"Ataque dos Estados Unidos \u00e0 Venezuela afeta o agro brasileiro: O que esperar - ConectaGr\u00e3o","og_description":"O ataque dos Estados Unidos \u00e0 Venezuela pode impactar o agro brasileiro. Descubra como e quais as suas consequ\u00eancias.","og_url":"https:\/\/conectagrao.com.br\/blog\/ataque-dos-estados-unidos-a-venezuela-afeta-o-agro-brasileiro-o-que-esperar\/","og_site_name":"ConectaGr\u00e3o","article_publisher":"https:\/\/www.facebook.com\/conectagrao\/","article_author":"https:\/\/www.facebook.com\/share\/1A5mH5g3LK\/","article_published_time":"2025-09-04T01:40:12+00:00","article_modified_time":"2025-09-04T01:40:15+00:00","og_image":[{"width":1200,"height":800,"url":"https:\/\/conectagrao.com.br\/blog\/wp-content\/uploads\/2025\/09\/Design-sem-nome-5.png","type":"image\/png"}],"author":"conectagrao","twitter_card":"summary_large_image","twitter_misc":{"Escrito por":"conectagrao","Est. tempo de leitura":"5 minutos"},"schema":{"@context":"https:\/\/schema.org","@graph":[{"@type":"Article","@id":"https:\/\/conectagrao.com.br\/blog\/ataque-dos-estados-unidos-a-venezuela-afeta-o-agro-brasileiro-o-que-esperar\/#article","isPartOf":{"@id":"https:\/\/conectagrao.com.br\/blog\/ataque-dos-estados-unidos-a-venezuela-afeta-o-agro-brasileiro-o-que-esperar\/"},"author":{"name":"conectagrao","@id":"https:\/\/conectagrao.com.br\/blog\/#\/schema\/person\/ba64f63526cab8efbf8b1f8198926135"},"headline":"Ataque dos Estados Unidos \u00e0 Venezuela afeta o agro brasileiro: O que esperar","datePublished":"2025-09-04T01:40:12+00:00","dateModified":"2025-09-04T01:40:15+00:00","mainEntityOfPage":{"@id":"https:\/\/conectagrao.com.br\/blog\/ataque-dos-estados-unidos-a-venezuela-afeta-o-agro-brasileiro-o-que-esperar\/"},"wordCount":789,"commentCount":0,"publisher":{"@id":"https:\/\/conectagrao.com.br\/blog\/#organization"},"image":{"@id":"https:\/\/conectagrao.com.br\/blog\/ataque-dos-estados-unidos-a-venezuela-afeta-o-agro-brasileiro-o-que-esperar\/#primaryimage"},"thumbnailUrl":"https:\/\/conectagrao.com.br\/blog\/wp-content\/uploads\/2025\/09\/Design-sem-nome-5.png","keywords":["ataque EUA Venezuela","custos insumos agr\u00edcolas","Estados unidos ataca Venezuela","EUA atca embarca\u00e7\u00e3o venezuelana","exporta\u00e7\u00f5es brasileiras Venezuela","guerra EUA e Venezuela","impacto agro Brasil","instabilidade mercados agro","petr\u00f3leo e fertilizantes Brasil","san\u00e7\u00f5es EUA agro"],"articleSection":["Blog","Vis\u00e3o de Mercado"],"inLanguage":"pt-BR","potentialAction":[{"@type":"CommentAction","name":"Comment","target":["https:\/\/conectagrao.com.br\/blog\/ataque-dos-estados-unidos-a-venezuela-afeta-o-agro-brasileiro-o-que-esperar\/#respond"]}]},{"@type":"WebPage","@id":"https:\/\/conectagrao.com.br\/blog\/ataque-dos-estados-unidos-a-venezuela-afeta-o-agro-brasileiro-o-que-esperar\/","url":"https:\/\/conectagrao.com.br\/blog\/ataque-dos-estados-unidos-a-venezuela-afeta-o-agro-brasileiro-o-que-esperar\/","name":"Ataque dos Estados Unidos \u00e0 Venezuela afeta o agro brasileiro: O que esperar - ConectaGr\u00e3o","isPartOf":{"@id":"https:\/\/conectagrao.com.br\/blog\/#website"},"primaryImageOfPage":{"@id":"https:\/\/conectagrao.com.br\/blog\/ataque-dos-estados-unidos-a-venezuela-afeta-o-agro-brasileiro-o-que-esperar\/#primaryimage"},"image":{"@id":"https:\/\/conectagrao.com.br\/blog\/ataque-dos-estados-unidos-a-venezuela-afeta-o-agro-brasileiro-o-que-esperar\/#primaryimage"},"thumbnailUrl":"https:\/\/conectagrao.com.br\/blog\/wp-content\/uploads\/2025\/09\/Design-sem-nome-5.png","datePublished":"2025-09-04T01:40:12+00:00","dateModified":"2025-09-04T01:40:15+00:00","description":"O ataque dos Estados Unidos \u00e0 Venezuela pode impactar o agro brasileiro. Descubra como e quais as suas consequ\u00eancias.","breadcrumb":{"@id":"https:\/\/conectagrao.com.br\/blog\/ataque-dos-estados-unidos-a-venezuela-afeta-o-agro-brasileiro-o-que-esperar\/#breadcrumb"},"inLanguage":"pt-BR","potentialAction":[{"@type":"ReadAction","target":["https:\/\/conectagrao.com.br\/blog\/ataque-dos-estados-unidos-a-venezuela-afeta-o-agro-brasileiro-o-que-esperar\/"]}]},{"@type":"ImageObject","inLanguage":"pt-BR","@id":"https:\/\/conectagrao.com.br\/blog\/ataque-dos-estados-unidos-a-venezuela-afeta-o-agro-brasileiro-o-que-esperar\/#primaryimage","url":"https:\/\/conectagrao.com.br\/blog\/wp-content\/uploads\/2025\/09\/Design-sem-nome-5.png","contentUrl":"https:\/\/conectagrao.com.br\/blog\/wp-content\/uploads\/2025\/09\/Design-sem-nome-5.png","width":1200,"height":800},{"@type":"BreadcrumbList","@id":"https:\/\/conectagrao.com.br\/blog\/ataque-dos-estados-unidos-a-venezuela-afeta-o-agro-brasileiro-o-que-esperar\/#breadcrumb","itemListElement":[{"@type":"ListItem","position":1,"name":"In\u00edcio","item":"https:\/\/conectagrao.com.br\/blog\/"},{"@type":"ListItem","position":2,"name":"Ataque dos Estados Unidos \u00e0 Venezuela afeta o agro brasileiro: O que esperar"}]},{"@type":"WebSite","@id":"https:\/\/conectagrao.com.br\/blog\/#website","url":"https:\/\/conectagrao.com.br\/blog\/","name":"ConectaGr\u00e3o","description":"Conectando o futuro com o agroneg\u00f3cio.","publisher":{"@id":"https:\/\/conectagrao.com.br\/blog\/#organization"},"alternateName":"conectagrao","potentialAction":[{"@type":"SearchAction","target":{"@type":"EntryPoint","urlTemplate":"https:\/\/conectagrao.com.br\/blog\/?s={search_term_string}"},"query-input":{"@type":"PropertyValueSpecification","valueRequired":true,"valueName":"search_term_string"}}],"inLanguage":"pt-BR"},{"@type":"Organization","@id":"https:\/\/conectagrao.com.br\/blog\/#organization","name":"ConectaGr\u00e3o","alternateName":"conectagrao","url":"https:\/\/conectagrao.com.br\/blog\/","logo":{"@type":"ImageObject","inLanguage":"pt-BR","@id":"https:\/\/conectagrao.com.br\/blog\/#\/schema\/logo\/image\/","url":"https:\/\/conectagrao.com.br\/blog\/wp-content\/uploads\/2025\/07\/ConectaGrao-6.png","contentUrl":"https:\/\/conectagrao.com.br\/blog\/wp-content\/uploads\/2025\/07\/ConectaGrao-6.png","width":447,"height":559,"caption":"ConectaGr\u00e3o"},"image":{"@id":"https:\/\/conectagrao.com.br\/blog\/#\/schema\/logo\/image\/"},"sameAs":["https:\/\/www.facebook.com\/conectagrao\/","https:\/\/www.tiktok.com\/@conectagrao?_t=ZM-8xPuS2d6MFB&_r=1","https:\/\/www.threads.com\/@conectagrao","https:\/\/www.youtube.com\/@conectagrao","https:\/\/www.instagram.com\/conectagrao"]},{"@type":"Person","@id":"https:\/\/conectagrao.com.br\/blog\/#\/schema\/person\/ba64f63526cab8efbf8b1f8198926135","name":"conectagrao","image":{"@type":"ImageObject","inLanguage":"pt-BR","@id":"https:\/\/secure.gravatar.com\/avatar\/fb3dc2cba7f544171abec58358591c995847240e6fd4f1f7a4a8159970dca59e?s=96&d=mm&r=g","url":"https:\/\/secure.gravatar.com\/avatar\/fb3dc2cba7f544171abec58358591c995847240e6fd4f1f7a4a8159970dca59e?s=96&d=mm&r=g","contentUrl":"https:\/\/secure.gravatar.com\/avatar\/fb3dc2cba7f544171abec58358591c995847240e6fd4f1f7a4a8159970dca59e?s=96&d=mm&r=g","caption":"conectagrao"},"description":"ConectaGr\u00e3o\u00ae \u00e9 uma plataforma digital que conecta produtores, empresas e compradores do agroneg\u00f3cio, oferecendo an\u00e1lises de mercado, cota\u00e7\u00f5es, ferramentas e conte\u00fados gratuitos para facilitar o dia a dia no campo. Fundada por Genecir Jacoboski e Kao\u00ea T. Rauch a ConectaGr\u00e3o\u00ae tem como miss\u00e3o valorizar o produtor e aproximar o campo do mercado com tecnologia, informa\u00e7\u00e3o e inova\u00e7\u00e3o.","sameAs":["https:\/\/conectagrao.com.br\/blog","https:\/\/www.facebook.com\/share\/1A5mH5g3LK\/","https:\/\/www.instagram.com\/conectagrao?igsh=azQ1dXBndnp4dzZw","https:\/\/youtube.com\/@conectagrao?si=QnGS_Zm7Cuj1pznt"],"url":"https:\/\/conectagrao.com.br\/blog\/author\/conectagrao\/"}]}},"uagb_featured_image_src":{"full":["https:\/\/conectagrao.com.br\/blog\/wp-content\/uploads\/2025\/09\/Design-sem-nome-5.png",1200,800,false],"thumbnail":["https:\/\/conectagrao.com.br\/blog\/wp-content\/uploads\/2025\/09\/Design-sem-nome-5-150x150.png",150,150,true],"medium":["https:\/\/conectagrao.com.br\/blog\/wp-content\/uploads\/2025\/09\/Design-sem-nome-5-300x200.png",300,200,true],"medium_large":["https:\/\/conectagrao.com.br\/blog\/wp-content\/uploads\/2025\/09\/Design-sem-nome-5-768x512.png",640,427,true],"large":["https:\/\/conectagrao.com.br\/blog\/wp-content\/uploads\/2025\/09\/Design-sem-nome-5-1024x683.png",640,427,true],"1536x1536":["https:\/\/conectagrao.com.br\/blog\/wp-content\/uploads\/2025\/09\/Design-sem-nome-5.png",1200,800,false],"2048x2048":["https:\/\/conectagrao.com.br\/blog\/wp-content\/uploads\/2025\/09\/Design-sem-nome-5.png",1200,800,false],"cvmm-medium":["https:\/\/conectagrao.com.br\/blog\/wp-content\/uploads\/2025\/09\/Design-sem-nome-5-300x300.png",300,300,true],"cvmm-medium-plus":["https:\/\/conectagrao.com.br\/blog\/wp-content\/uploads\/2025\/09\/Design-sem-nome-5-305x207.png",305,207,true],"cvmm-portrait":["https:\/\/conectagrao.com.br\/blog\/wp-content\/uploads\/2025\/09\/Design-sem-nome-5-400x600.png",400,600,true],"cvmm-medium-square":["https:\/\/conectagrao.com.br\/blog\/wp-content\/uploads\/2025\/09\/Design-sem-nome-5-600x600.png",600,600,true],"cvmm-large":["https:\/\/conectagrao.com.br\/blog\/wp-content\/uploads\/2025\/09\/Design-sem-nome-5-1024x800.png",1024,800,true],"cvmm-small":["https:\/\/conectagrao.com.br\/blog\/wp-content\/uploads\/2025\/09\/Design-sem-nome-5-130x95.png",130,95,true],"news-portal-block-medium":["https:\/\/conectagrao.com.br\/blog\/wp-content\/uploads\/2025\/09\/Design-sem-nome-5-305x207.png",305,207,true],"news-portal-block-thumb":["https:\/\/conectagrao.com.br\/blog\/wp-content\/uploads\/2025\/09\/Design-sem-nome-5-136x102.png",136,102,true],"news-portal-slider-medium":["https:\/\/conectagrao.com.br\/blog\/wp-content\/uploads\/2025\/09\/Design-sem-nome-5-622x420.png",622,420,true],"news-portal-carousel-portrait":["https:\/\/conectagrao.com.br\/blog\/wp-content\/uploads\/2025\/09\/Design-sem-nome-5-400x600.png",400,600,true],"news-portal-alternate-grid":["https:\/\/conectagrao.com.br\/blog\/wp-content\/uploads\/2025\/09\/Design-sem-nome-5-340x316.png",340,316,true],"web-stories-poster-portrait":["https:\/\/conectagrao.com.br\/blog\/wp-content\/uploads\/2025\/09\/Design-sem-nome-5-640x800.png",640,800,true],"web-stories-publisher-logo":["https:\/\/conectagrao.com.br\/blog\/wp-content\/uploads\/2025\/09\/Design-sem-nome-5-96x96.png",96,96,true],"web-stories-thumbnail":["https:\/\/conectagrao.com.br\/blog\/wp-content\/uploads\/2025\/09\/Design-sem-nome-5-150x100.png",150,100,true]},"uagb_author_info":{"display_name":"conectagrao","author_link":"https:\/\/conectagrao.com.br\/blog\/author\/conectagrao\/"},"uagb_comment_info":0,"uagb_excerpt":"O recente ataque militar dos Estados Unidos a uma embarca\u00e7\u00e3o venezuelana no Caribe, em 2 de setembro de 2025, aumentou as tens\u00f5es geopol\u00edticas na Am\u00e9rica Latina. Como o ataque dos Estados Unidos \u00e0 Venezuela afeta o agro brasileiro? Este artigo examina efeitos em custos operacionais, m\u00e3o de obra e exporta\u00e7\u00f5es, baseado em dados econ\u00f4micos e&hellip;","blog_post_layout_featured_media_urls":{"thumbnail":["https:\/\/conectagrao.com.br\/blog\/wp-content\/uploads\/2025\/09\/Design-sem-nome-5-150x150.png",150,150,true],"full":["https:\/\/conectagrao.com.br\/blog\/wp-content\/uploads\/2025\/09\/Design-sem-nome-5.png",1200,800,false]},"categories_names":{"1":{"name":"Blog","link":"https:\/\/conectagrao.com.br\/blog\/blog\/"},"29":{"name":"Vis\u00e3o de Mercado","link":"https:\/\/conectagrao.com.br\/blog\/mercado\/"}},"tags_names":{"254":{"name":"ataque EUA Venezuela","link":"https:\/\/conectagrao.com.br\/blog\/tag\/ataque-eua-venezuela\/"},"250":{"name":"custos insumos agr\u00edcolas","link":"https:\/\/conectagrao.com.br\/blog\/tag\/custos-insumos-agricolas\/"},"260":{"name":"Estados unidos ataca Venezuela","link":"https:\/\/conectagrao.com.br\/blog\/tag\/estados-unidos-ataca-venezuela\/"},"261":{"name":"EUA atca embarca\u00e7\u00e3o venezuelana","link":"https:\/\/conectagrao.com.br\/blog\/tag\/eua-atca-embarcacao-venezuelana\/"},"249":{"name":"exporta\u00e7\u00f5es brasileiras Venezuela","link":"https:\/\/conectagrao.com.br\/blog\/tag\/exportacoes-brasileiras-venezuela\/"},"259":{"name":"guerra EUA e Venezuela","link":"https:\/\/conectagrao.com.br\/blog\/tag\/guerra-eua-e-venezuela\/"},"253":{"name":"impacto agro Brasil","link":"https:\/\/conectagrao.com.br\/blog\/tag\/impacto-agro-brasil\/"},"255":{"name":"instabilidade mercados agro","link":"https:\/\/conectagrao.com.br\/blog\/tag\/instabilidade-mercados-agro\/"},"257":{"name":"petr\u00f3leo e fertilizantes Brasil","link":"https:\/\/conectagrao.com.br\/blog\/tag\/petroleo-e-fertilizantes-brasil\/"},"258":{"name":"san\u00e7\u00f5es EUA agro","link":"https:\/\/conectagrao.com.br\/blog\/tag\/sancoes-eua-agro\/"}},"comments_number":"0","wpmagazine_modules_lite_featured_media_urls":{"thumbnail":["https:\/\/conectagrao.com.br\/blog\/wp-content\/uploads\/2025\/09\/Design-sem-nome-5-150x150.png",150,150,true],"cvmm-medium":["https:\/\/conectagrao.com.br\/blog\/wp-content\/uploads\/2025\/09\/Design-sem-nome-5-300x300.png",300,300,true],"cvmm-medium-plus":["https:\/\/conectagrao.com.br\/blog\/wp-content\/uploads\/2025\/09\/Design-sem-nome-5-305x207.png",305,207,true],"cvmm-portrait":["https:\/\/conectagrao.com.br\/blog\/wp-content\/uploads\/2025\/09\/Design-sem-nome-5-400x600.png",400,600,true],"cvmm-medium-square":["https:\/\/conectagrao.com.br\/blog\/wp-content\/uploads\/2025\/09\/Design-sem-nome-5-600x600.png",600,600,true],"cvmm-large":["https:\/\/conectagrao.com.br\/blog\/wp-content\/uploads\/2025\/09\/Design-sem-nome-5-1024x800.png",1024,800,true],"cvmm-small":["https:\/\/conectagrao.com.br\/blog\/wp-content\/uploads\/2025\/09\/Design-sem-nome-5-130x95.png",130,95,true],"full":["https:\/\/conectagrao.com.br\/blog\/wp-content\/uploads\/2025\/09\/Design-sem-nome-5.png",1200,800,false]},"_links":{"self":[{"href":"https:\/\/conectagrao.com.br\/blog\/wp-json\/wp\/v2\/posts\/1215","targetHints":{"allow":["GET"]}}],"collection":[{"href":"https:\/\/conectagrao.com.br\/blog\/wp-json\/wp\/v2\/posts"}],"about":[{"href":"https:\/\/conectagrao.com.br\/blog\/wp-json\/wp\/v2\/types\/post"}],"author":[{"embeddable":true,"href":"https:\/\/conectagrao.com.br\/blog\/wp-json\/wp\/v2\/users\/1"}],"replies":[{"embeddable":true,"href":"https:\/\/conectagrao.com.br\/blog\/wp-json\/wp\/v2\/comments?post=1215"}],"version-history":[{"count":3,"href":"https:\/\/conectagrao.com.br\/blog\/wp-json\/wp\/v2\/posts\/1215\/revisions"}],"predecessor-version":[{"id":1220,"href":"https:\/\/conectagrao.com.br\/blog\/wp-json\/wp\/v2\/posts\/1215\/revisions\/1220"}],"wp:featuredmedia":[{"embeddable":true,"href":"https:\/\/conectagrao.com.br\/blog\/wp-json\/wp\/v2\/media\/1219"}],"wp:attachment":[{"href":"https:\/\/conectagrao.com.br\/blog\/wp-json\/wp\/v2\/media?parent=1215"}],"wp:term":[{"taxonomy":"category","embeddable":true,"href":"https:\/\/conectagrao.com.br\/blog\/wp-json\/wp\/v2\/categories?post=1215"},{"taxonomy":"post_tag","embeddable":true,"href":"https:\/\/conectagrao.com.br\/blog\/wp-json\/wp\/v2\/tags?post=1215"}],"curies":[{"name":"wp","href":"https:\/\/api.w.org\/{rel}","templated":true}]}}