{"id":1221,"date":"2025-09-04T08:00:00","date_gmt":"2025-09-04T08:00:00","guid":{"rendered":"https:\/\/conectagrao.com.br\/blog\/?p=1221"},"modified":"2025-09-04T02:58:52","modified_gmt":"2025-09-04T02:58:52","slug":"justica-bane-herbicida-24-d-na-campanha-gaucha-entenda-o-caso","status":"publish","type":"post","link":"https:\/\/conectagrao.com.br\/blog\/justica-bane-herbicida-24-d-na-campanha-gaucha-entenda-o-caso\/","title":{"rendered":"Justi\u00e7a Bane Herbicida 2,4-D na Campanha Ga\u00facha: Entenda o caso!"},"content":{"rendered":"\n<p>Recentemente, uma decis\u00e3o judicial agitou o setor agr\u00edcola no Rio Grande do Sul. A proibi\u00e7\u00e3o do herbicida 2,4-D na Campanha Ga\u00facha destaca preocupa\u00e7\u00f5es ambientais e econ\u00f4micas crescentes. Al\u00e9m disso, essa medida reflete a necessidade de equilibrar a produtividade com a sustentabilidade. Portanto, vamos explorar os detalhes dessa determina\u00e7\u00e3o, seus motivos e como voc\u00ea pode ajustar suas opera\u00e7\u00f5es agr\u00edcolas para manter a efici\u00eancia no campo.<\/p>\n\n\n\n<h2 class=\"wp-block-heading\">Proibi\u00e7\u00e3o do Herbicida 2,4-D: Entenda a Decis\u00e3o Judicial<\/h2>\n\n\n\n<p>A proibi\u00e7\u00e3o do herbicida 2,4-D na Campanha Ga\u00facha surge de um processo movido por associa\u00e7\u00f5es de produtores de ma\u00e7\u00e3s e vinhos finos. De acordo com o Tribunal de Justi\u00e7a do RS, o produto tem causado preju\u00edzos significativos por deriva \u2013 quando part\u00edculas se dispersam pelo ar e atingem \u00e1reas n\u00e3o pretendidas.<\/p>\n\n\n\n<p>Portanto, a ju\u00edza determinou a suspens\u00e3o imediata em toda a regi\u00e3o, abrangendo munic\u00edpios como Bag\u00e9 e Dom Pedrito, onde a soja e o milho s\u00e3o culturas predominantes.<\/p>\n\n\n\n<p>No entanto, a restri\u00e7\u00e3o n\u00e3o se limita \u00e0 Campanha. Em outras \u00e1reas do estado, o herbicida 2,4-D n\u00e3o pode ser aplicado a menos de 50 metros de vinhedos e pomares de ma\u00e7\u00e3, sob pena de multas di\u00e1rias de R$ 10 mil para agricultores e empresas.<\/p>\n\n\n\n<p>Al\u00e9m disso, o Estado deve implantar um sistema de monitoramento em 120 dias para rastrear o uso de herbicidas hormonais.<\/p>\n\n\n\n<h3 class=\"wp-block-heading\">Motivos Ambientais e Econ\u00f4micos<\/h3>\n\n\n\n<p>Os principais motivos incluem o alto risco de deriva do herbicida 2,4-D, que contamina lavouras vizinhas e causa preju\u00edzos significativos. Por exemplo, em anos anteriores, produtores de uva relataram perdas de at\u00e9 30% na produtividade devido a esses incidentes. Al\u00e9m disso, pareceres t\u00e9cnicos da Universidade Federal do Pampa (Unipampa) enfatizam impactos na sa\u00fade humana e na biodiversidade. Portanto, a omiss\u00e3o do Estado na fiscaliza\u00e7\u00e3o foi um fator decisivo na a\u00e7\u00e3o civil p\u00fablica.<\/p>\n\n\n\n<h3 class=\"wp-block-heading\">Impactos na Produ\u00e7\u00e3o de Soja e Milho <\/h3>\n\n\n\n<p>Na Campanha Ga\u00facha, o herbicida 2,4-D \u00e9 amplamente usado no controle de plantas daninhas em lavouras de soja e milho. Com a proibi\u00e7\u00e3o, produtores enfrentam desafios imediatos. Essa decis\u00e3o afeta diretamente cerca de 500 mil hectares de lavouras na Campanha Ga\u00facha, onde o herbicida \u00e9 amplamente usado no manejo pr\u00e9-plantio de soja.<\/p>\n\n\n\n<p>Consequentemente, produtores de gr\u00e3os podem enfrentar aumento de custos com alternativas mais caras ou menos eficientes.<\/p>\n\n\n\n<p>Entretanto, para fruticultores, representa um al\u00edvio: a deriva do herbicida 2,4-D j\u00e1 causou preju\u00edzos estimados em R$ 50 milh\u00f5es anuais no setor vitivin\u00edcola ga\u00facho<\/p>\n\n\n\n<h2 class=\"wp-block-heading\">A\u00e7\u00f5es para Produtores Ap\u00f3s a Proibi\u00e7\u00e3o<\/h2>\n\n\n\n<ul class=\"wp-block-list\">\n<li>Verifique imediatamente estoques de herbicida 2,4-D e suspenda aplica\u00e7\u00f5es na Campanha Ga\u00facha para evitar multas de R$ 10 mil di\u00e1rias.<\/li>\n\n\n\n<li>Consulte associa\u00e7\u00f5es locais, como a Associa\u00e7\u00e3o Ga\u00facha de Produtores de Ma\u00e7\u00e3, para orienta\u00e7\u00f5es sobre monitoramento.<\/li>\n\n\n\n<li>Avalie herbicidas alternativos, como glifosato ou dicamba, testando em pequenas \u00e1reas.<\/li>\n\n\n\n<li>Participe de treinamentos sobre manejo integrado de daninhas para reduzir depend\u00eancia qu\u00edmica.<\/li>\n\n\n\n<li>Monitore atualiza\u00e7\u00f5es judiciais e estaduais, pois o governo tem 120 dias para implantar sistemas de fiscaliza\u00e7\u00e3o.<\/li>\n<\/ul>\n\n\n\n<h4 class=\"wp-block-heading\"><strong>Evite Multas e Preju\u00edzos<\/strong><\/h4>\n\n\n\n<p><strong> <\/strong>Mantenha dist\u00e2ncia m\u00ednima de 50 metros de culturas sens\u00edveis ao aplicar qualquer herbicida hormonal. Use equipamentos com tecnologia anti-deriva, como bicos de pulveriza\u00e7\u00e3o de gotas grossas, para minimizar riscos ambientais e econ\u00f4micos.<\/p>\n\n\n\n<div style=\"border: 2px solid #ff9800; border-radius: 10px; padding: 20px; background: #ffffff; box-shadow: 0 4px 12px rgba(0,0,0,0.1); font-family: Arial, sans-serif; width: 100%; max-width: 100%; margin: 20px 0; text-align: center; box-sizing: border-box;\">\n  \n  <h3 style=\"color: #ff9800; font-size: 24px; margin-top: 0; margin-bottom: 15px;\">\n    <span style=\"display: none;\" class=\"whatsapp-icon\">\n      <img decoding=\"async\" src=\"https:\/\/e7.pngegg.com\/pngimages\/347\/373\/png-clipart-computer-icons-whatsapp-whatsapp-text-trademark-thumbnail.png\" alt=\"WhatsApp\" style=\"width: 40px; height: 40px; border-radius: 50%; object-fit: cover;\">\n    <\/span>\n  <\/h3>\n  \n  <div style=\"display: flex; justify-content: center; align-items: center; flex-wrap: wrap; margin-bottom: 10px;\">\n    <div style=\"text-align: center; margin-right: 10px;\"> <!-- Reduzido o margin-right -->\n      <p style=\"font-size: 16px; color: #333; line-height: 1.5; margin: 0;\">\n        \ud83d\udcf0 Not\u00edcias &#038; Mercado | \ud83d\udd14 Novidades <span class=\"desktop-separator\">|<\/span>\n      <\/p>\n    <\/div>\n    <div style=\"text-align: center;\">\n      <p style=\"font-size: 16px; color: #333; line-height: 1.5; margin: 0;\">\n        \u26c5 Clima | \ud83d\ude80 Tecnologia | \ud83d\udcf1 Blog\n      <\/p>\n    <\/div>\n  <\/div>\n  \n  <a href=\"https:\/\/www.whatsapp.com\/channel\/0029VaLMT22GOj9f6eVOpJ0N\" target=\"_blank\" style=\"background: #25D366; color: #fff; padding: 10px 20px; font-size: 16px; font-weight: bold; text-decoration: none; border-radius: 30px; display: inline-block; transition: all 0.3s; position: relative;\">\n    <img decoding=\"async\" src=\"https:\/\/upload.wikimedia.org\/wikipedia\/commons\/6\/6b\/WhatsApp.svg\" alt=\"WhatsApp\" style=\"width: 20px; height: 20px; vertical-align: middle; margin-right: 5px;\">\n    Entrar no Canal\n  <\/a>\n  \n  <p style=\"font-size: 12px; color: #666; margin-top: 15px; font-weight: bold;\">\n    Sua conex\u00e3o com as melhores informa\u00e7\u00f5es do agroneg\u00f3cio!\n  <\/p>\n<\/div>\n\n<style>\n@media (max-width: 768px) {\n  .desktop-separator {\n    display: none; \/* Ocultar o separador \"|\" em dispositivos m\u00f3veis *\/\n  }\n  h3 {\n    font-size: 20px; \/* Diminuir o tamanho da fonte do t\u00edtulo em dispositivos m\u00f3veis *\/\n  }\n  p {\n    font-size: 14px; \/* Diminuir o tamanho da fonte dos par\u00e1grafos em dispositivos m\u00f3veis *\/\n  }\n  a {\n    font-size: 14px; \/* Diminuir o tamanho da fonte do bot\u00e3o em dispositivos m\u00f3veis *\/\n    padding: 8px 15px; \/* Ajustar o padding do bot\u00e3o em dispositivos m\u00f3veis *\/\n  }\n}\n<\/style>\n\n\n\n\n\n<h2 class=\"wp-block-heading\">Quais S\u00e3o as Alternativas ao Herbicida 2,4-D para Controle Eficaz de Daninhas?<\/h2>\n\n\n\n<p> Voc\u00ea pode optar por herbicidas seletivos como o glifosato, combinado com pr\u00e1ticas culturais. Por exemplo, rota\u00e7\u00e3o de culturas reduz a infesta\u00e7\u00e3o de daninhas resistentes. Outas op\u00e7\u00f5es incluem herbicidas como o fluroxipir ou misturas com atrazina, que oferecem controle similar sem tanta volatilidade. Por exemplo, em testes da UFRGS, o fluroxipir reduziu infesta\u00e7\u00f5es de plantas daninhas em 85% em lavouras de milho, com menor impacto em culturas vizinhas. No entanto, sempre realize ensaios em pequena escala antes de adotar em larga \u00e1rea.<\/p>\n\n\n\n<p>Al\u00e9m disso, o manejo integrado de pragas (MIP) integra m\u00e9todos biol\u00f3gicos, como inimigos naturais, com qu\u00edmicos de menor impacto. No entanto, teste essas op\u00e7\u00f5es em sua propriedade para garantir efic\u00e1cia, considerando o solo e o clima local.<\/p>\n\n\n\n<p>Portanto, a proibi\u00e7\u00e3o do herbicida 2,4-D refor\u00e7a a import\u00e2ncia de pr\u00e1ticas agr\u00edcolas sustent\u00e1veis no Rio Grande do Sul. Portanto, adapte-se rapidamente a alternativas e invista em monitoramento para preservar a produtividade e o meio ambiente. Fique atento \u00e0s evolu\u00e7\u00f5es regulat\u00f3rias e aplique essas estrat\u00e9gias no dia a dia para um cultivo mais resiliente.<\/p>\n\n\n\n<p>Refer\u00eancias<\/p>\n\n\n\n<ul class=\"wp-block-list\">\n<li><a href=\"https:\/\/www.brasildefato.com.br\/2025\/09\/03\/justica-proibe-uso-do-agrotoxico-24-d-na-campanha-gaucha\/\">Brasil de Fato<\/a>: Justi\u00e7a pro\u00edbe uso do agrot\u00f3xico 2,4-D na Campanha ga\u00facha (2025).<\/li>\n\n\n\n<li><a href=\"https:\/\/globorural.globo.com\/sustentabilidade\/noticia\/2025\/09\/justica-do-rs-proibe-uso-do-herbicida-24-d-na-campanha-gaucha.ghtml\">Globo Rural: <\/a>Justi\u00e7a do RS pro\u00edbe uso do herbicida 2,4-D na Campanha Ga\u00facha (2025).<\/li>\n<\/ul>\n\n\n\n<p><\/p>\n","protected":false},"excerpt":{"rendered":"<p>A Justi\u00e7a do Rio Grande do Sul determinou a suspens\u00e3o imediata do uso do herbicida 2,4-D na regi\u00e3o da Campanha Ga\u00facha, atendendo a a\u00e7\u00e3o de associa\u00e7\u00f5es de produtores de ma\u00e7\u00e3 e vinhos. Essa medida visa combater os riscos de deriva que afetam culturas sens\u00edveis como uva e ma\u00e7\u00e3. Produtores de soja e milho precisam se adaptar rapidamente a novas pr\u00e1ticas de manejo.<\/p>\n","protected":false},"author":2,"featured_media":1222,"comment_status":"open","ping_status":"open","sticky":false,"template":"","format":"standard","meta":{"_coblocks_attr":"","_coblocks_dimensions":"","_coblocks_responsive_height":"","_coblocks_accordion_ie_support":"","_uag_custom_page_level_css":"","footnotes":""},"categories":[1,31],"tags":[268,269,264,265,274,270,272,273],"class_list":["post-1221","post","type-post","status-publish","format-standard","has-post-thumbnail","hentry","category-blog","category-pragas","tag-agricultura-campanha-gaucha","tag-deriva-herbicidas","tag-herbecida-2-4-d","tag-impacto-ambiental-soja","tag-manejo-daninhas-milho","tag-proibicao-agrotoxicos-rs","tag-regulamentacao-herbicidas","tag-sustentabilidade-viticultura"],"yoast_head":"<!-- This site is optimized with the Yoast SEO plugin v27.4 - https:\/\/yoast.com\/product\/yoast-seo-wordpress\/ -->\n<title>Justi\u00e7a Bane Herbicida 2,4-D na Campanha Ga\u00facha: Entenda o caso! - ConectaGr\u00e3o<\/title>\n<meta name=\"description\" content=\"Justi\u00e7a pro\u00edbe herbicida 2,4-D na Campanha Ga\u00facha devido a riscos de deriva. Entenda impactos na soja, alternativas e medidas para produtores\" \/>\n<meta name=\"robots\" content=\"index, follow, max-snippet:-1, max-image-preview:large, max-video-preview:-1\" \/>\n<link rel=\"canonical\" href=\"https:\/\/conectagrao.com.br\/blog\/justica-bane-herbicida-24-d-na-campanha-gaucha-entenda-o-caso\/\" \/>\n<meta property=\"og:locale\" content=\"pt_BR\" \/>\n<meta property=\"og:type\" content=\"article\" \/>\n<meta property=\"og:title\" content=\"Justi\u00e7a Bane Herbicida 2,4-D na Campanha Ga\u00facha: Entenda o caso! - ConectaGr\u00e3o\" \/>\n<meta property=\"og:description\" content=\"Justi\u00e7a pro\u00edbe herbicida 2,4-D na Campanha Ga\u00facha devido a riscos de deriva. Entenda impactos na soja, alternativas e medidas para produtores\" \/>\n<meta property=\"og:url\" content=\"https:\/\/conectagrao.com.br\/blog\/justica-bane-herbicida-24-d-na-campanha-gaucha-entenda-o-caso\/\" \/>\n<meta property=\"og:site_name\" content=\"ConectaGr\u00e3o\" \/>\n<meta property=\"article:publisher\" content=\"https:\/\/www.facebook.com\/conectagrao\/\" \/>\n<meta property=\"article:published_time\" content=\"2025-09-04T08:00:00+00:00\" \/>\n<meta property=\"og:image\" content=\"https:\/\/conectagrao.com.br\/blog\/wp-content\/uploads\/2025\/09\/Design-sem-nome-6-1024x683.png\" \/>\n\t<meta property=\"og:image:width\" content=\"1024\" \/>\n\t<meta property=\"og:image:height\" content=\"683\" \/>\n\t<meta property=\"og:image:type\" content=\"image\/png\" \/>\n<meta name=\"author\" content=\"Kao\u00ea Rauch\" \/>\n<meta name=\"twitter:card\" content=\"summary_large_image\" \/>\n<meta name=\"twitter:label1\" content=\"Escrito por\" \/>\n\t<meta name=\"twitter:data1\" content=\"Kao\u00ea Rauch\" \/>\n\t<meta name=\"twitter:label2\" content=\"Est. tempo de leitura\" \/>\n\t<meta name=\"twitter:data2\" content=\"5 minutos\" \/>\n<script type=\"application\/ld+json\" class=\"yoast-schema-graph\">{\"@context\":\"https:\\\/\\\/schema.org\",\"@graph\":[{\"@type\":\"Article\",\"@id\":\"https:\\\/\\\/conectagrao.com.br\\\/blog\\\/justica-bane-herbicida-24-d-na-campanha-gaucha-entenda-o-caso\\\/#article\",\"isPartOf\":{\"@id\":\"https:\\\/\\\/conectagrao.com.br\\\/blog\\\/justica-bane-herbicida-24-d-na-campanha-gaucha-entenda-o-caso\\\/\"},\"author\":{\"name\":\"Kao\u00ea Rauch\",\"@id\":\"https:\\\/\\\/conectagrao.com.br\\\/blog\\\/#\\\/schema\\\/person\\\/0110c2a65e3fe8c1eb38193d9f186a59\"},\"headline\":\"Justi\u00e7a Bane Herbicida 2,4-D na Campanha Ga\u00facha: Entenda o caso!\",\"datePublished\":\"2025-09-04T08:00:00+00:00\",\"mainEntityOfPage\":{\"@id\":\"https:\\\/\\\/conectagrao.com.br\\\/blog\\\/justica-bane-herbicida-24-d-na-campanha-gaucha-entenda-o-caso\\\/\"},\"wordCount\":835,\"commentCount\":0,\"publisher\":{\"@id\":\"https:\\\/\\\/conectagrao.com.br\\\/blog\\\/#organization\"},\"image\":{\"@id\":\"https:\\\/\\\/conectagrao.com.br\\\/blog\\\/justica-bane-herbicida-24-d-na-campanha-gaucha-entenda-o-caso\\\/#primaryimage\"},\"thumbnailUrl\":\"https:\\\/\\\/conectagrao.com.br\\\/blog\\\/wp-content\\\/uploads\\\/2025\\\/09\\\/Design-sem-nome-6.png\",\"keywords\":[\"agricultura Campanha Ga\u00facha\",\"deriva herbicidas\",\"herbecida 2-4-D\",\"impacto ambiental soja\",\"manejo daninhas milho\",\"proibi\u00e7\u00e3o agrot\u00f3xicos RS\",\"regulamenta\u00e7\u00e3o herbicidas\",\"sustentabilidade viticultura\"],\"articleSection\":[\"Blog\",\"Pragas &amp; Doen\u00e7as\"],\"inLanguage\":\"pt-BR\",\"potentialAction\":[{\"@type\":\"CommentAction\",\"name\":\"Comment\",\"target\":[\"https:\\\/\\\/conectagrao.com.br\\\/blog\\\/justica-bane-herbicida-24-d-na-campanha-gaucha-entenda-o-caso\\\/#respond\"]}]},{\"@type\":\"WebPage\",\"@id\":\"https:\\\/\\\/conectagrao.com.br\\\/blog\\\/justica-bane-herbicida-24-d-na-campanha-gaucha-entenda-o-caso\\\/\",\"url\":\"https:\\\/\\\/conectagrao.com.br\\\/blog\\\/justica-bane-herbicida-24-d-na-campanha-gaucha-entenda-o-caso\\\/\",\"name\":\"Justi\u00e7a Bane Herbicida 2,4-D na Campanha Ga\u00facha: Entenda o caso! - ConectaGr\u00e3o\",\"isPartOf\":{\"@id\":\"https:\\\/\\\/conectagrao.com.br\\\/blog\\\/#website\"},\"primaryImageOfPage\":{\"@id\":\"https:\\\/\\\/conectagrao.com.br\\\/blog\\\/justica-bane-herbicida-24-d-na-campanha-gaucha-entenda-o-caso\\\/#primaryimage\"},\"image\":{\"@id\":\"https:\\\/\\\/conectagrao.com.br\\\/blog\\\/justica-bane-herbicida-24-d-na-campanha-gaucha-entenda-o-caso\\\/#primaryimage\"},\"thumbnailUrl\":\"https:\\\/\\\/conectagrao.com.br\\\/blog\\\/wp-content\\\/uploads\\\/2025\\\/09\\\/Design-sem-nome-6.png\",\"datePublished\":\"2025-09-04T08:00:00+00:00\",\"description\":\"Justi\u00e7a pro\u00edbe herbicida 2,4-D na Campanha Ga\u00facha devido a riscos de deriva. Entenda impactos na soja, alternativas e medidas para produtores\",\"breadcrumb\":{\"@id\":\"https:\\\/\\\/conectagrao.com.br\\\/blog\\\/justica-bane-herbicida-24-d-na-campanha-gaucha-entenda-o-caso\\\/#breadcrumb\"},\"inLanguage\":\"pt-BR\",\"potentialAction\":[{\"@type\":\"ReadAction\",\"target\":[\"https:\\\/\\\/conectagrao.com.br\\\/blog\\\/justica-bane-herbicida-24-d-na-campanha-gaucha-entenda-o-caso\\\/\"]}]},{\"@type\":\"ImageObject\",\"inLanguage\":\"pt-BR\",\"@id\":\"https:\\\/\\\/conectagrao.com.br\\\/blog\\\/justica-bane-herbicida-24-d-na-campanha-gaucha-entenda-o-caso\\\/#primaryimage\",\"url\":\"https:\\\/\\\/conectagrao.com.br\\\/blog\\\/wp-content\\\/uploads\\\/2025\\\/09\\\/Design-sem-nome-6.png\",\"contentUrl\":\"https:\\\/\\\/conectagrao.com.br\\\/blog\\\/wp-content\\\/uploads\\\/2025\\\/09\\\/Design-sem-nome-6.png\",\"width\":1200,\"height\":800},{\"@type\":\"BreadcrumbList\",\"@id\":\"https:\\\/\\\/conectagrao.com.br\\\/blog\\\/justica-bane-herbicida-24-d-na-campanha-gaucha-entenda-o-caso\\\/#breadcrumb\",\"itemListElement\":[{\"@type\":\"ListItem\",\"position\":1,\"name\":\"In\u00edcio\",\"item\":\"https:\\\/\\\/conectagrao.com.br\\\/blog\\\/\"},{\"@type\":\"ListItem\",\"position\":2,\"name\":\"Justi\u00e7a Bane Herbicida 2,4-D na Campanha Ga\u00facha: Entenda o caso!\"}]},{\"@type\":\"WebSite\",\"@id\":\"https:\\\/\\\/conectagrao.com.br\\\/blog\\\/#website\",\"url\":\"https:\\\/\\\/conectagrao.com.br\\\/blog\\\/\",\"name\":\"ConectaGr\u00e3o\",\"description\":\"Conectando o futuro com o agroneg\u00f3cio.\",\"publisher\":{\"@id\":\"https:\\\/\\\/conectagrao.com.br\\\/blog\\\/#organization\"},\"alternateName\":\"conectagrao\",\"potentialAction\":[{\"@type\":\"SearchAction\",\"target\":{\"@type\":\"EntryPoint\",\"urlTemplate\":\"https:\\\/\\\/conectagrao.com.br\\\/blog\\\/?s={search_term_string}\"},\"query-input\":{\"@type\":\"PropertyValueSpecification\",\"valueRequired\":true,\"valueName\":\"search_term_string\"}}],\"inLanguage\":\"pt-BR\"},{\"@type\":\"Organization\",\"@id\":\"https:\\\/\\\/conectagrao.com.br\\\/blog\\\/#organization\",\"name\":\"ConectaGr\u00e3o\",\"alternateName\":\"conectagrao\",\"url\":\"https:\\\/\\\/conectagrao.com.br\\\/blog\\\/\",\"logo\":{\"@type\":\"ImageObject\",\"inLanguage\":\"pt-BR\",\"@id\":\"https:\\\/\\\/conectagrao.com.br\\\/blog\\\/#\\\/schema\\\/logo\\\/image\\\/\",\"url\":\"https:\\\/\\\/conectagrao.com.br\\\/blog\\\/wp-content\\\/uploads\\\/2025\\\/07\\\/ConectaGrao-6.png\",\"contentUrl\":\"https:\\\/\\\/conectagrao.com.br\\\/blog\\\/wp-content\\\/uploads\\\/2025\\\/07\\\/ConectaGrao-6.png\",\"width\":447,\"height\":559,\"caption\":\"ConectaGr\u00e3o\"},\"image\":{\"@id\":\"https:\\\/\\\/conectagrao.com.br\\\/blog\\\/#\\\/schema\\\/logo\\\/image\\\/\"},\"sameAs\":[\"https:\\\/\\\/www.facebook.com\\\/conectagrao\\\/\",\"https:\\\/\\\/www.tiktok.com\\\/@conectagrao?_t=ZM-8xPuS2d6MFB&_r=1\",\"https:\\\/\\\/www.threads.com\\\/@conectagrao\",\"https:\\\/\\\/www.youtube.com\\\/@conectagrao\",\"https:\\\/\\\/www.instagram.com\\\/conectagrao\"]},{\"@type\":\"Person\",\"@id\":\"https:\\\/\\\/conectagrao.com.br\\\/blog\\\/#\\\/schema\\\/person\\\/0110c2a65e3fe8c1eb38193d9f186a59\",\"name\":\"Kao\u00ea Rauch\",\"image\":{\"@type\":\"ImageObject\",\"inLanguage\":\"pt-BR\",\"@id\":\"https:\\\/\\\/secure.gravatar.com\\\/avatar\\\/0a44a558d0f8cd204343bb0098142aaf503447c453c3557bdf65ce2104d4d5e3?s=96&d=mm&r=g\",\"url\":\"https:\\\/\\\/secure.gravatar.com\\\/avatar\\\/0a44a558d0f8cd204343bb0098142aaf503447c453c3557bdf65ce2104d4d5e3?s=96&d=mm&r=g\",\"contentUrl\":\"https:\\\/\\\/secure.gravatar.com\\\/avatar\\\/0a44a558d0f8cd204343bb0098142aaf503447c453c3557bdf65ce2104d4d5e3?s=96&d=mm&r=g\",\"caption\":\"Kao\u00ea Rauch\"},\"description\":\"Kaoe Rauch \u00e9 t\u00e9cnico agr\u00edcola e fundador da ConectaGr\u00e3o. Com experi\u00eancia pr\u00e1tica no campo e forte conex\u00e3o com o agro, escreve conte\u00fados que unem viv\u00eancia rural, conhecimento t\u00e9cnico e olhar de mercado, sempre com o objetivo de aproximar produtores da informa\u00e7\u00e3o que realmente importa.\",\"url\":\"https:\\\/\\\/conectagrao.com.br\\\/blog\\\/author\\\/kaoe-rauch\\\/\"}]}<\/script>\n<!-- \/ Yoast SEO plugin. -->","yoast_head_json":{"title":"Justi\u00e7a Bane Herbicida 2,4-D na Campanha Ga\u00facha: Entenda o caso! - ConectaGr\u00e3o","description":"Justi\u00e7a pro\u00edbe herbicida 2,4-D na Campanha Ga\u00facha devido a riscos de deriva. Entenda impactos na soja, alternativas e medidas para produtores","robots":{"index":"index","follow":"follow","max-snippet":"max-snippet:-1","max-image-preview":"max-image-preview:large","max-video-preview":"max-video-preview:-1"},"canonical":"https:\/\/conectagrao.com.br\/blog\/justica-bane-herbicida-24-d-na-campanha-gaucha-entenda-o-caso\/","og_locale":"pt_BR","og_type":"article","og_title":"Justi\u00e7a Bane Herbicida 2,4-D na Campanha Ga\u00facha: Entenda o caso! - ConectaGr\u00e3o","og_description":"Justi\u00e7a pro\u00edbe herbicida 2,4-D na Campanha Ga\u00facha devido a riscos de deriva. Entenda impactos na soja, alternativas e medidas para produtores","og_url":"https:\/\/conectagrao.com.br\/blog\/justica-bane-herbicida-24-d-na-campanha-gaucha-entenda-o-caso\/","og_site_name":"ConectaGr\u00e3o","article_publisher":"https:\/\/www.facebook.com\/conectagrao\/","article_published_time":"2025-09-04T08:00:00+00:00","og_image":[{"width":1024,"height":683,"url":"https:\/\/conectagrao.com.br\/blog\/wp-content\/uploads\/2025\/09\/Design-sem-nome-6-1024x683.png","type":"image\/png"}],"author":"Kao\u00ea Rauch","twitter_card":"summary_large_image","twitter_misc":{"Escrito por":"Kao\u00ea Rauch","Est. tempo de leitura":"5 minutos"},"schema":{"@context":"https:\/\/schema.org","@graph":[{"@type":"Article","@id":"https:\/\/conectagrao.com.br\/blog\/justica-bane-herbicida-24-d-na-campanha-gaucha-entenda-o-caso\/#article","isPartOf":{"@id":"https:\/\/conectagrao.com.br\/blog\/justica-bane-herbicida-24-d-na-campanha-gaucha-entenda-o-caso\/"},"author":{"name":"Kao\u00ea Rauch","@id":"https:\/\/conectagrao.com.br\/blog\/#\/schema\/person\/0110c2a65e3fe8c1eb38193d9f186a59"},"headline":"Justi\u00e7a Bane Herbicida 2,4-D na Campanha Ga\u00facha: Entenda o caso!","datePublished":"2025-09-04T08:00:00+00:00","mainEntityOfPage":{"@id":"https:\/\/conectagrao.com.br\/blog\/justica-bane-herbicida-24-d-na-campanha-gaucha-entenda-o-caso\/"},"wordCount":835,"commentCount":0,"publisher":{"@id":"https:\/\/conectagrao.com.br\/blog\/#organization"},"image":{"@id":"https:\/\/conectagrao.com.br\/blog\/justica-bane-herbicida-24-d-na-campanha-gaucha-entenda-o-caso\/#primaryimage"},"thumbnailUrl":"https:\/\/conectagrao.com.br\/blog\/wp-content\/uploads\/2025\/09\/Design-sem-nome-6.png","keywords":["agricultura Campanha Ga\u00facha","deriva herbicidas","herbecida 2-4-D","impacto ambiental soja","manejo daninhas milho","proibi\u00e7\u00e3o agrot\u00f3xicos RS","regulamenta\u00e7\u00e3o herbicidas","sustentabilidade viticultura"],"articleSection":["Blog","Pragas &amp; Doen\u00e7as"],"inLanguage":"pt-BR","potentialAction":[{"@type":"CommentAction","name":"Comment","target":["https:\/\/conectagrao.com.br\/blog\/justica-bane-herbicida-24-d-na-campanha-gaucha-entenda-o-caso\/#respond"]}]},{"@type":"WebPage","@id":"https:\/\/conectagrao.com.br\/blog\/justica-bane-herbicida-24-d-na-campanha-gaucha-entenda-o-caso\/","url":"https:\/\/conectagrao.com.br\/blog\/justica-bane-herbicida-24-d-na-campanha-gaucha-entenda-o-caso\/","name":"Justi\u00e7a Bane Herbicida 2,4-D na Campanha Ga\u00facha: Entenda o caso! - ConectaGr\u00e3o","isPartOf":{"@id":"https:\/\/conectagrao.com.br\/blog\/#website"},"primaryImageOfPage":{"@id":"https:\/\/conectagrao.com.br\/blog\/justica-bane-herbicida-24-d-na-campanha-gaucha-entenda-o-caso\/#primaryimage"},"image":{"@id":"https:\/\/conectagrao.com.br\/blog\/justica-bane-herbicida-24-d-na-campanha-gaucha-entenda-o-caso\/#primaryimage"},"thumbnailUrl":"https:\/\/conectagrao.com.br\/blog\/wp-content\/uploads\/2025\/09\/Design-sem-nome-6.png","datePublished":"2025-09-04T08:00:00+00:00","description":"Justi\u00e7a pro\u00edbe herbicida 2,4-D na Campanha Ga\u00facha devido a riscos de deriva. Entenda impactos na soja, alternativas e medidas para produtores","breadcrumb":{"@id":"https:\/\/conectagrao.com.br\/blog\/justica-bane-herbicida-24-d-na-campanha-gaucha-entenda-o-caso\/#breadcrumb"},"inLanguage":"pt-BR","potentialAction":[{"@type":"ReadAction","target":["https:\/\/conectagrao.com.br\/blog\/justica-bane-herbicida-24-d-na-campanha-gaucha-entenda-o-caso\/"]}]},{"@type":"ImageObject","inLanguage":"pt-BR","@id":"https:\/\/conectagrao.com.br\/blog\/justica-bane-herbicida-24-d-na-campanha-gaucha-entenda-o-caso\/#primaryimage","url":"https:\/\/conectagrao.com.br\/blog\/wp-content\/uploads\/2025\/09\/Design-sem-nome-6.png","contentUrl":"https:\/\/conectagrao.com.br\/blog\/wp-content\/uploads\/2025\/09\/Design-sem-nome-6.png","width":1200,"height":800},{"@type":"BreadcrumbList","@id":"https:\/\/conectagrao.com.br\/blog\/justica-bane-herbicida-24-d-na-campanha-gaucha-entenda-o-caso\/#breadcrumb","itemListElement":[{"@type":"ListItem","position":1,"name":"In\u00edcio","item":"https:\/\/conectagrao.com.br\/blog\/"},{"@type":"ListItem","position":2,"name":"Justi\u00e7a Bane Herbicida 2,4-D na Campanha Ga\u00facha: Entenda o caso!"}]},{"@type":"WebSite","@id":"https:\/\/conectagrao.com.br\/blog\/#website","url":"https:\/\/conectagrao.com.br\/blog\/","name":"ConectaGr\u00e3o","description":"Conectando o futuro com o agroneg\u00f3cio.","publisher":{"@id":"https:\/\/conectagrao.com.br\/blog\/#organization"},"alternateName":"conectagrao","potentialAction":[{"@type":"SearchAction","target":{"@type":"EntryPoint","urlTemplate":"https:\/\/conectagrao.com.br\/blog\/?s={search_term_string}"},"query-input":{"@type":"PropertyValueSpecification","valueRequired":true,"valueName":"search_term_string"}}],"inLanguage":"pt-BR"},{"@type":"Organization","@id":"https:\/\/conectagrao.com.br\/blog\/#organization","name":"ConectaGr\u00e3o","alternateName":"conectagrao","url":"https:\/\/conectagrao.com.br\/blog\/","logo":{"@type":"ImageObject","inLanguage":"pt-BR","@id":"https:\/\/conectagrao.com.br\/blog\/#\/schema\/logo\/image\/","url":"https:\/\/conectagrao.com.br\/blog\/wp-content\/uploads\/2025\/07\/ConectaGrao-6.png","contentUrl":"https:\/\/conectagrao.com.br\/blog\/wp-content\/uploads\/2025\/07\/ConectaGrao-6.png","width":447,"height":559,"caption":"ConectaGr\u00e3o"},"image":{"@id":"https:\/\/conectagrao.com.br\/blog\/#\/schema\/logo\/image\/"},"sameAs":["https:\/\/www.facebook.com\/conectagrao\/","https:\/\/www.tiktok.com\/@conectagrao?_t=ZM-8xPuS2d6MFB&_r=1","https:\/\/www.threads.com\/@conectagrao","https:\/\/www.youtube.com\/@conectagrao","https:\/\/www.instagram.com\/conectagrao"]},{"@type":"Person","@id":"https:\/\/conectagrao.com.br\/blog\/#\/schema\/person\/0110c2a65e3fe8c1eb38193d9f186a59","name":"Kao\u00ea Rauch","image":{"@type":"ImageObject","inLanguage":"pt-BR","@id":"https:\/\/secure.gravatar.com\/avatar\/0a44a558d0f8cd204343bb0098142aaf503447c453c3557bdf65ce2104d4d5e3?s=96&d=mm&r=g","url":"https:\/\/secure.gravatar.com\/avatar\/0a44a558d0f8cd204343bb0098142aaf503447c453c3557bdf65ce2104d4d5e3?s=96&d=mm&r=g","contentUrl":"https:\/\/secure.gravatar.com\/avatar\/0a44a558d0f8cd204343bb0098142aaf503447c453c3557bdf65ce2104d4d5e3?s=96&d=mm&r=g","caption":"Kao\u00ea Rauch"},"description":"Kaoe Rauch \u00e9 t\u00e9cnico agr\u00edcola e fundador da ConectaGr\u00e3o. Com experi\u00eancia pr\u00e1tica no campo e forte conex\u00e3o com o agro, escreve conte\u00fados que unem viv\u00eancia rural, conhecimento t\u00e9cnico e olhar de mercado, sempre com o objetivo de aproximar produtores da informa\u00e7\u00e3o que realmente importa.","url":"https:\/\/conectagrao.com.br\/blog\/author\/kaoe-rauch\/"}]}},"uagb_featured_image_src":{"full":["https:\/\/conectagrao.com.br\/blog\/wp-content\/uploads\/2025\/09\/Design-sem-nome-6.png",1200,800,false],"thumbnail":["https:\/\/conectagrao.com.br\/blog\/wp-content\/uploads\/2025\/09\/Design-sem-nome-6-150x150.png",150,150,true],"medium":["https:\/\/conectagrao.com.br\/blog\/wp-content\/uploads\/2025\/09\/Design-sem-nome-6-300x200.png",300,200,true],"medium_large":["https:\/\/conectagrao.com.br\/blog\/wp-content\/uploads\/2025\/09\/Design-sem-nome-6-768x512.png",640,427,true],"large":["https:\/\/conectagrao.com.br\/blog\/wp-content\/uploads\/2025\/09\/Design-sem-nome-6-1024x683.png",640,427,true],"1536x1536":["https:\/\/conectagrao.com.br\/blog\/wp-content\/uploads\/2025\/09\/Design-sem-nome-6.png",1200,800,false],"2048x2048":["https:\/\/conectagrao.com.br\/blog\/wp-content\/uploads\/2025\/09\/Design-sem-nome-6.png",1200,800,false],"cvmm-medium":["https:\/\/conectagrao.com.br\/blog\/wp-content\/uploads\/2025\/09\/Design-sem-nome-6-300x300.png",300,300,true],"cvmm-medium-plus":["https:\/\/conectagrao.com.br\/blog\/wp-content\/uploads\/2025\/09\/Design-sem-nome-6-305x207.png",305,207,true],"cvmm-portrait":["https:\/\/conectagrao.com.br\/blog\/wp-content\/uploads\/2025\/09\/Design-sem-nome-6-400x600.png",400,600,true],"cvmm-medium-square":["https:\/\/conectagrao.com.br\/blog\/wp-content\/uploads\/2025\/09\/Design-sem-nome-6-600x600.png",600,600,true],"cvmm-large":["https:\/\/conectagrao.com.br\/blog\/wp-content\/uploads\/2025\/09\/Design-sem-nome-6-1024x800.png",1024,800,true],"cvmm-small":["https:\/\/conectagrao.com.br\/blog\/wp-content\/uploads\/2025\/09\/Design-sem-nome-6-130x95.png",130,95,true],"news-portal-block-medium":["https:\/\/conectagrao.com.br\/blog\/wp-content\/uploads\/2025\/09\/Design-sem-nome-6-305x207.png",305,207,true],"news-portal-block-thumb":["https:\/\/conectagrao.com.br\/blog\/wp-content\/uploads\/2025\/09\/Design-sem-nome-6-136x102.png",136,102,true],"news-portal-slider-medium":["https:\/\/conectagrao.com.br\/blog\/wp-content\/uploads\/2025\/09\/Design-sem-nome-6-622x420.png",622,420,true],"news-portal-carousel-portrait":["https:\/\/conectagrao.com.br\/blog\/wp-content\/uploads\/2025\/09\/Design-sem-nome-6-400x600.png",400,600,true],"news-portal-alternate-grid":["https:\/\/conectagrao.com.br\/blog\/wp-content\/uploads\/2025\/09\/Design-sem-nome-6-340x316.png",340,316,true],"web-stories-poster-portrait":["https:\/\/conectagrao.com.br\/blog\/wp-content\/uploads\/2025\/09\/Design-sem-nome-6-640x800.png",640,800,true],"web-stories-publisher-logo":["https:\/\/conectagrao.com.br\/blog\/wp-content\/uploads\/2025\/09\/Design-sem-nome-6-96x96.png",96,96,true],"web-stories-thumbnail":["https:\/\/conectagrao.com.br\/blog\/wp-content\/uploads\/2025\/09\/Design-sem-nome-6-150x100.png",150,100,true]},"uagb_author_info":{"display_name":"Kao\u00ea Rauch","author_link":"https:\/\/conectagrao.com.br\/blog\/author\/kaoe-rauch\/"},"uagb_comment_info":0,"uagb_excerpt":"A Justi\u00e7a do Rio Grande do Sul determinou a suspens\u00e3o imediata do uso do herbicida 2,4-D na regi\u00e3o da Campanha Ga\u00facha, atendendo a a\u00e7\u00e3o de associa\u00e7\u00f5es de produtores de ma\u00e7\u00e3 e vinhos. Essa medida visa combater os riscos de deriva que afetam culturas sens\u00edveis como uva e ma\u00e7\u00e3. Produtores de soja e milho precisam se&hellip;","blog_post_layout_featured_media_urls":{"thumbnail":["https:\/\/conectagrao.com.br\/blog\/wp-content\/uploads\/2025\/09\/Design-sem-nome-6-150x150.png",150,150,true],"full":["https:\/\/conectagrao.com.br\/blog\/wp-content\/uploads\/2025\/09\/Design-sem-nome-6.png",1200,800,false]},"categories_names":{"1":{"name":"Blog","link":"https:\/\/conectagrao.com.br\/blog\/blog\/"},"31":{"name":"Pragas &amp; Doen\u00e7as","link":"https:\/\/conectagrao.com.br\/blog\/pragas\/"}},"tags_names":{"268":{"name":"agricultura Campanha Ga\u00facha","link":"https:\/\/conectagrao.com.br\/blog\/tag\/agricultura-campanha-gaucha\/"},"269":{"name":"deriva herbicidas","link":"https:\/\/conectagrao.com.br\/blog\/tag\/deriva-herbicidas\/"},"264":{"name":"herbecida 2-4-D","link":"https:\/\/conectagrao.com.br\/blog\/tag\/herbecida-2-4-d\/"},"265":{"name":"impacto ambiental soja","link":"https:\/\/conectagrao.com.br\/blog\/tag\/impacto-ambiental-soja\/"},"274":{"name":"manejo daninhas milho","link":"https:\/\/conectagrao.com.br\/blog\/tag\/manejo-daninhas-milho\/"},"270":{"name":"proibi\u00e7\u00e3o agrot\u00f3xicos RS","link":"https:\/\/conectagrao.com.br\/blog\/tag\/proibicao-agrotoxicos-rs\/"},"272":{"name":"regulamenta\u00e7\u00e3o herbicidas","link":"https:\/\/conectagrao.com.br\/blog\/tag\/regulamentacao-herbicidas\/"},"273":{"name":"sustentabilidade viticultura","link":"https:\/\/conectagrao.com.br\/blog\/tag\/sustentabilidade-viticultura\/"}},"comments_number":"0","wpmagazine_modules_lite_featured_media_urls":{"thumbnail":["https:\/\/conectagrao.com.br\/blog\/wp-content\/uploads\/2025\/09\/Design-sem-nome-6-150x150.png",150,150,true],"cvmm-medium":["https:\/\/conectagrao.com.br\/blog\/wp-content\/uploads\/2025\/09\/Design-sem-nome-6-300x300.png",300,300,true],"cvmm-medium-plus":["https:\/\/conectagrao.com.br\/blog\/wp-content\/uploads\/2025\/09\/Design-sem-nome-6-305x207.png",305,207,true],"cvmm-portrait":["https:\/\/conectagrao.com.br\/blog\/wp-content\/uploads\/2025\/09\/Design-sem-nome-6-400x600.png",400,600,true],"cvmm-medium-square":["https:\/\/conectagrao.com.br\/blog\/wp-content\/uploads\/2025\/09\/Design-sem-nome-6-600x600.png",600,600,true],"cvmm-large":["https:\/\/conectagrao.com.br\/blog\/wp-content\/uploads\/2025\/09\/Design-sem-nome-6-1024x800.png",1024,800,true],"cvmm-small":["https:\/\/conectagrao.com.br\/blog\/wp-content\/uploads\/2025\/09\/Design-sem-nome-6-130x95.png",130,95,true],"full":["https:\/\/conectagrao.com.br\/blog\/wp-content\/uploads\/2025\/09\/Design-sem-nome-6.png",1200,800,false]},"_links":{"self":[{"href":"https:\/\/conectagrao.com.br\/blog\/wp-json\/wp\/v2\/posts\/1221","targetHints":{"allow":["GET"]}}],"collection":[{"href":"https:\/\/conectagrao.com.br\/blog\/wp-json\/wp\/v2\/posts"}],"about":[{"href":"https:\/\/conectagrao.com.br\/blog\/wp-json\/wp\/v2\/types\/post"}],"author":[{"embeddable":true,"href":"https:\/\/conectagrao.com.br\/blog\/wp-json\/wp\/v2\/users\/2"}],"replies":[{"embeddable":true,"href":"https:\/\/conectagrao.com.br\/blog\/wp-json\/wp\/v2\/comments?post=1221"}],"version-history":[{"count":1,"href":"https:\/\/conectagrao.com.br\/blog\/wp-json\/wp\/v2\/posts\/1221\/revisions"}],"predecessor-version":[{"id":1223,"href":"https:\/\/conectagrao.com.br\/blog\/wp-json\/wp\/v2\/posts\/1221\/revisions\/1223"}],"wp:featuredmedia":[{"embeddable":true,"href":"https:\/\/conectagrao.com.br\/blog\/wp-json\/wp\/v2\/media\/1222"}],"wp:attachment":[{"href":"https:\/\/conectagrao.com.br\/blog\/wp-json\/wp\/v2\/media?parent=1221"}],"wp:term":[{"taxonomy":"category","embeddable":true,"href":"https:\/\/conectagrao.com.br\/blog\/wp-json\/wp\/v2\/categories?post=1221"},{"taxonomy":"post_tag","embeddable":true,"href":"https:\/\/conectagrao.com.br\/blog\/wp-json\/wp\/v2\/tags?post=1221"}],"curies":[{"name":"wp","href":"https:\/\/api.w.org\/{rel}","templated":true}]}}