{"id":1225,"date":"2025-09-05T12:00:00","date_gmt":"2025-09-05T12:00:00","guid":{"rendered":"https:\/\/conectagrao.com.br\/blog\/?p=1225"},"modified":"2025-09-05T01:50:53","modified_gmt":"2025-09-05T01:50:53","slug":"gliricidia-a-leguminosa-que-se-tornou-a-alternativa-para-o-gado-na-seca-do-semiarido","status":"publish","type":"post","link":"https:\/\/conectagrao.com.br\/blog\/gliricidia-a-leguminosa-que-se-tornou-a-alternativa-para-o-gado-na-seca-do-semiarido\/","title":{"rendered":"Gliric\u00eddia: A Leguminosa que se Tornou a alternativa para o Gado na Seca do Semi\u00e1rido"},"content":{"rendered":"\n<p>No semi\u00e1rido brasileiro, a seca \u00e9 um desafio constante que afeta diretamente a pecu\u00e1ria, levando \u00e0 escassez de pastagens e ao aumento dos custos com suplementa\u00e7\u00e3o. No entanto, a gliric\u00eddia surge como uma aliada poderosa. Essa leguminosa arb\u00f3rea, origin\u00e1ria da Am\u00e9rica Central, adapta-se perfeitamente a solos pobres e climas \u00e1ridos, oferecendo uma fonte confi\u00e1vel de nutri\u00e7\u00e3o para o gado. Al\u00e9m disso, seu uso tem sido impulsionado por pesquisas da Embrapa, que destacam sua resili\u00eancia e valor nutritivo. Vamos explorar como a gliric\u00eddia pode transformar o manejo em sua propriedade, com base em dados e exemplos reais.<\/p>\n\n\n\n<h2 class=\"wp-block-heading\" id=\"caracteristicas-da-gliricidia\">Caracter\u00edsticas da Gliric\u00eddia<\/h2>\n\n\n\n<p> A gliric\u00eddia (Gliricidia sepium) \u00e9 uma \u00e1rvore perene que pode atingir at\u00e9 15 metros de altura, com folhas compostas e flores rosadas. Sua principal vantagem reside na toler\u00e2ncia \u00e0 seca: mesmo ap\u00f3s meses sem chuva, ela mant\u00e9m folhagem verde, gra\u00e7as a ra\u00edzes profundas que acessam \u00e1gua subterr\u00e2nea. Por exemplo, em Sergipe, durante uma seca prolongada em 2023, a gliric\u00eddia foi uma das poucas plantas a sobreviver, conforme relatado pelo Canal Rural.<\/p>\n\n\n\n<h3 class=\"wp-block-heading\" id=\"cultivo-e-manejo\">Cultivo e Manejo<\/h3>\n\n\n\n<p> O cultivo da gliric\u00eddia \u00e9 acess\u00edvel e de baixo custo. Ela propaga-se facilmente por estacas, plantadas em espa\u00e7amento de 1&#215;1 metro para bancos de prote\u00edna. Al\u00e9m disso, tolera solos com pH de 5 a 8 e requer pouca irriga\u00e7\u00e3o inicial. Em sistemas integrados, como os recomendados pela Embrapa, ela pode ser consorciada com gram\u00edneas, aumentando a biodiversidade do pasto.<\/p>\n\n\n\n<h2 class=\"wp-block-heading\" id=\"beneficios-da-gliricidia-para-o-gado-no-semiarido\">Benef\u00edcios da Gliric\u00eddia para o Gado no Semi\u00e1rido<\/h2>\n\n\n\n<p> A gliric\u00eddia destaca-se pelo alto teor de prote\u00edna bruta, variando de 20% a 30% na folhagem, o que a torna ideal para suplementar dietas deficientes durante a seca. Portanto, ela reduz a depend\u00eancia de ra\u00e7\u00f5es caras. Estudos da Embrapa mostram que ovinos e bovinos alimentados com gliric\u00eddia ganham peso di\u00e1rio de at\u00e9 200g, comparado a 100g em pastagens convencionais. Al\u00e9m disso, sua biomassa pode ser colhida m\u00faltiplas vezes ao ano, produzindo at\u00e9 20 toneladas de mat\u00e9ria seca por hectare.<\/p>\n\n\n<div class=\"wp-block-image\">\n<figure class=\"aligncenter size-full is-resized\"><img fetchpriority=\"high\" decoding=\"async\" width=\"940\" height=\"530\" src=\"https:\/\/conectagrao.com.br\/blog\/wp-content\/uploads\/2025\/09\/silagem-de-Gliricidia.jpg\" alt=\"\" class=\"wp-image-1227\" style=\"aspect-ratio:1.7736720554272518;width:662px;height:auto\" srcset=\"https:\/\/conectagrao.com.br\/blog\/wp-content\/uploads\/2025\/09\/silagem-de-Gliricidia.jpg 940w, https:\/\/conectagrao.com.br\/blog\/wp-content\/uploads\/2025\/09\/silagem-de-Gliricidia-300x169.jpg 300w, https:\/\/conectagrao.com.br\/blog\/wp-content\/uploads\/2025\/09\/silagem-de-Gliricidia-768x433.jpg 768w, https:\/\/conectagrao.com.br\/blog\/wp-content\/uploads\/2025\/09\/silagem-de-Gliricidia-150x85.jpg 150w\" sizes=\"(max-width: 940px) 100vw, 940px\" \/><figcaption class=\"wp-element-caption\">Silagem de Gliric\u00eddia<\/figcaption><\/figure>\n<\/div>\n\n\n<p><\/p>\n\n\n\n<p>Na pr\u00e1tica, a gliric\u00eddia serve como silagem, feno ou alimenta\u00e7\u00e3o direta. Em propriedades do Nordeste, produtores relatam redu\u00e7\u00e3o de 30% nos custos alimentares ao adot\u00e1-la como banco de prote\u00edna. No entanto, \u00e9 essencial monitorar o consumo inicial, pois animais podem precisar de adapta\u00e7\u00e3o gradual.<\/p>\n\n\n\n<h2 class=\"wp-block-heading\" id=\"implementar-gliricidia-na-sua-propriedade\">Implementar Gliric\u00eddia na Sua Propriedade<\/h2>\n\n\n\n<ul class=\"wp-block-list\">\n<li>Avalie o solo: Verifique pH e drenagem para garantir adapta\u00e7\u00e3o.<\/li>\n\n\n\n<li>Escolha mudas: Use estacas de 1-2 metros de plantas maduras.<\/li>\n\n\n\n<li>Planeje o espa\u00e7amento: Adote 1&#215;2 metros para cercas vivas ou 0,5&#215;0,5 para bancos intensivos.<\/li>\n\n\n\n<li>Monitore pragas: Embora resistente, inspecione por formigas cortadeiras.<\/li>\n\n\n\n<li>Colha periodicamente: Pode de 3 a 4 vezes ao ano para maximizar produ\u00e7\u00e3o.<\/li>\n\n\n\n<li>Integre com outros forrageiros: Combine com palma forrageira para dieta balanceada.<\/li>\n<\/ul>\n\n\n\n<p>Para um banco de prote\u00edna eficiente, plante gliric\u00eddia em linhas duplas ao redor de pastagens. Isso fornece at\u00e9 25% de prote\u00edna na dieta do gado, reduzindo perdas por subnutri\u00e7\u00e3o na seca (fonte: Embrapa, 2022).<\/p>\n\n\n\n<div style=\"border: 2px solid #ff9800; border-radius: 10px; padding: 20px; background: #ffffff; box-shadow: 0 4px 12px rgba(0,0,0,0.1); font-family: Arial, sans-serif; width: 100%; max-width: 100%; margin: 20px 0; text-align: center; box-sizing: border-box;\">\n  \n  <h3 style=\"color: #ff9800; font-size: 24px; margin-top: 0; margin-bottom: 15px;\">\n    <span style=\"display: none;\" class=\"whatsapp-icon\">\n      <img decoding=\"async\" src=\"https:\/\/e7.pngegg.com\/pngimages\/347\/373\/png-clipart-computer-icons-whatsapp-whatsapp-text-trademark-thumbnail.png\" alt=\"WhatsApp\" style=\"width: 40px; height: 40px; border-radius: 50%; object-fit: cover;\">\n    <\/span>\n  <\/h3>\n  \n  <div style=\"display: flex; justify-content: center; align-items: center; flex-wrap: wrap; margin-bottom: 10px;\">\n    <div style=\"text-align: center; margin-right: 10px;\"> <!-- Reduzido o margin-right -->\n      <p style=\"font-size: 16px; color: #333; line-height: 1.5; margin: 0;\">\n        \ud83d\udcf0 Not\u00edcias &#038; Mercado | \ud83d\udd14 Novidades <span class=\"desktop-separator\">|<\/span>\n      <\/p>\n    <\/div>\n    <div style=\"text-align: center;\">\n      <p style=\"font-size: 16px; color: #333; line-height: 1.5; margin: 0;\">\n        \u26c5 Clima | \ud83d\ude80 Tecnologia | \ud83d\udcf1 Blog\n      <\/p>\n    <\/div>\n  <\/div>\n  \n  <a href=\"https:\/\/www.whatsapp.com\/channel\/0029VaLMT22GOj9f6eVOpJ0N\" target=\"_blank\" style=\"background: #25D366; color: #fff; padding: 10px 20px; font-size: 16px; font-weight: bold; text-decoration: none; border-radius: 30px; display: inline-block; transition: all 0.3s; position: relative;\">\n    <img decoding=\"async\" src=\"https:\/\/upload.wikimedia.org\/wikipedia\/commons\/6\/6b\/WhatsApp.svg\" alt=\"WhatsApp\" style=\"width: 20px; height: 20px; vertical-align: middle; margin-right: 5px;\">\n    Entrar no Canal\n  <\/a>\n  \n  <p style=\"font-size: 12px; color: #666; margin-top: 15px; font-weight: bold;\">\n    Sua conex\u00e3o com as melhores informa\u00e7\u00f5es do agroneg\u00f3cio!\n  <\/p>\n<\/div>\n\n<style>\n@media (max-width: 768px) {\n  .desktop-separator {\n    display: none; \/* Ocultar o separador \"|\" em dispositivos m\u00f3veis *\/\n  }\n  h3 {\n    font-size: 20px; \/* Diminuir o tamanho da fonte do t\u00edtulo em dispositivos m\u00f3veis *\/\n  }\n  p {\n    font-size: 14px; \/* Diminuir o tamanho da fonte dos par\u00e1grafos em dispositivos m\u00f3veis *\/\n  }\n  a {\n    font-size: 14px; \/* Diminuir o tamanho da fonte do bot\u00e3o em dispositivos m\u00f3veis *\/\n    padding: 8px 15px; \/* Ajustar o padding do bot\u00e3o em dispositivos m\u00f3veis *\/\n  }\n}\n<\/style>\n\n\n\n\n\n<p><strong>Como a Gliric\u00eddia Impacta a Produtividade do Seu Rebanho Durante a Seca? <\/strong>Essa pergunta \u00e9 central para produtores que enfrentam ciclos irregulares de chuva. A gliric\u00eddia n\u00e3o s\u00f3 mant\u00e9m o gado nutrido, mas tamb\u00e9m melhora a sa\u00fade ruminal, gra\u00e7as a taninos moderados que previnem incha\u00e7o. Por exemplo, em experimentos da Embrapa no semi\u00e1rido baiano, rebanhos suplementados com gliric\u00eddia apresentaram 15% mais ganho de peso que grupos controle. Portanto, integrar essa leguminosa pode elevar sua efici\u00eancia econ\u00f4mica, especialmente em anos secos.<\/p>\n\n\n\n<p>Em resumo, a gliric\u00eddia representa uma inova\u00e7\u00e3o t\u00e9cnica acess\u00edvel que fortalece a resili\u00eancia da pecu\u00e1ria no semi\u00e1rido. Com sua capacidade de fornecer prote\u00edna de qualidade mesmo na seca, ela minimiza riscos e otimiza custos. Fique atento \u00e0s recomenda\u00e7\u00f5es da Embrapa e aplique esses conhecimentos na pr\u00e1tica para elevar a sustentabilidade da sua produ\u00e7\u00e3o.<\/p>\n\n\n\n<h2 class=\"wp-block-heading\">Refer\u00eancias<\/h2>\n\n\n\n<ul class=\"wp-block-list\">\n<li>Embrapa. <\/li>\n\n\n\n<li>Canal Rural. <\/li>\n\n\n\n<li>Estudo da UFS<\/li>\n<\/ul>\n\n\n\n<p><\/p>\n","protected":false},"excerpt":{"rendered":"<p>A gliric\u00eddia emerge como uma solu\u00e7\u00e3o inovadora para a pecu\u00e1ria no semi\u00e1rido brasileiro, onde a seca prolongada amea\u00e7a a alimenta\u00e7\u00e3o animal. Essa leguminosa, rica em prote\u00edna e resistente a condi\u00e7\u00f5es adversas, tem salvado rebanhos ao fornecer forragem nutritiva mesmo em per\u00edodos de escassez h\u00eddrica. Com cultivo simples e benef\u00edcios comprovados pela Embrapa, ela representa uma alternativa estrat\u00e9gica para manter a produtividade.<\/p>\n","protected":false},"author":1,"featured_media":1226,"comment_status":"open","ping_status":"open","sticky":false,"template":"","format":"standard","meta":{"_coblocks_attr":"","_coblocks_dimensions":"","_coblocks_responsive_height":"","_coblocks_accordion_ie_support":"","_uag_custom_page_level_css":"","footnotes":""},"categories":[32,1],"tags":[280,279,276,278,284,283,275,282],"class_list":["post-1225","post","type-post","status-publish","format-standard","has-post-thumbnail","hentry","category-agricultura","category-blog","tag-banco-de-proteina","tag-cultivo-leguminosas","tag-embrapa-gliricidia","tag-forragem-resistente","tag-gliricidia","tag-leguminosa-forrageira","tag-nutricao-animal-seca","tag-seca-semiarido"],"yoast_head":"<!-- This site is optimized with the Yoast SEO plugin v27.4 - https:\/\/yoast.com\/product\/yoast-seo-wordpress\/ -->\n<title>Gliric\u00eddia: A Leguminosa que se Tornou a alternativa para o Gado na Seca do Semi\u00e1rido - ConectaGr\u00e3o<\/title>\n<meta name=\"description\" content=\"Descubra como a gliric\u00eddia, leguminosa resistente \u00e0 seca, salvou o gado no semi\u00e1rido brasileiro com alto teor de prote\u00edna e cultivo f\u00e1cil.\" \/>\n<meta name=\"robots\" content=\"index, follow, max-snippet:-1, max-image-preview:large, max-video-preview:-1\" \/>\n<link rel=\"canonical\" href=\"https:\/\/conectagrao.com.br\/blog\/gliricidia-a-leguminosa-que-se-tornou-a-alternativa-para-o-gado-na-seca-do-semiarido\/\" \/>\n<meta property=\"og:locale\" content=\"pt_BR\" \/>\n<meta property=\"og:type\" content=\"article\" \/>\n<meta property=\"og:title\" content=\"Gliric\u00eddia: A Leguminosa que se Tornou a alternativa para o Gado na Seca do Semi\u00e1rido - ConectaGr\u00e3o\" \/>\n<meta property=\"og:description\" content=\"Descubra como a gliric\u00eddia, leguminosa resistente \u00e0 seca, salvou o gado no semi\u00e1rido brasileiro com alto teor de prote\u00edna e cultivo f\u00e1cil.\" \/>\n<meta property=\"og:url\" content=\"https:\/\/conectagrao.com.br\/blog\/gliricidia-a-leguminosa-que-se-tornou-a-alternativa-para-o-gado-na-seca-do-semiarido\/\" \/>\n<meta property=\"og:site_name\" content=\"ConectaGr\u00e3o\" \/>\n<meta property=\"article:publisher\" content=\"https:\/\/www.facebook.com\/conectagrao\/\" \/>\n<meta property=\"article:author\" content=\"https:\/\/www.facebook.com\/share\/1A5mH5g3LK\/\" \/>\n<meta property=\"article:published_time\" content=\"2025-09-05T12:00:00+00:00\" \/>\n<meta property=\"og:image\" content=\"https:\/\/conectagrao.com.br\/blog\/wp-content\/uploads\/2025\/09\/Gliricidia.jpg\" \/>\n\t<meta property=\"og:image:width\" content=\"2560\" \/>\n\t<meta property=\"og:image:height\" content=\"1707\" \/>\n\t<meta property=\"og:image:type\" content=\"image\/jpeg\" \/>\n<meta name=\"author\" content=\"conectagrao\" \/>\n<meta name=\"twitter:card\" content=\"summary_large_image\" \/>\n<meta name=\"twitter:label1\" content=\"Escrito por\" \/>\n\t<meta name=\"twitter:data1\" content=\"conectagrao\" \/>\n\t<meta name=\"twitter:label2\" content=\"Est. tempo de leitura\" \/>\n\t<meta name=\"twitter:data2\" content=\"5 minutos\" \/>\n<script type=\"application\/ld+json\" class=\"yoast-schema-graph\">{\"@context\":\"https:\\\/\\\/schema.org\",\"@graph\":[{\"@type\":\"Article\",\"@id\":\"https:\\\/\\\/conectagrao.com.br\\\/blog\\\/gliricidia-a-leguminosa-que-se-tornou-a-alternativa-para-o-gado-na-seca-do-semiarido\\\/#article\",\"isPartOf\":{\"@id\":\"https:\\\/\\\/conectagrao.com.br\\\/blog\\\/gliricidia-a-leguminosa-que-se-tornou-a-alternativa-para-o-gado-na-seca-do-semiarido\\\/\"},\"author\":{\"name\":\"conectagrao\",\"@id\":\"https:\\\/\\\/conectagrao.com.br\\\/blog\\\/#\\\/schema\\\/person\\\/ba64f63526cab8efbf8b1f8198926135\"},\"headline\":\"Gliric\u00eddia: A Leguminosa que se Tornou a alternativa para o Gado na Seca do Semi\u00e1rido\",\"datePublished\":\"2025-09-05T12:00:00+00:00\",\"mainEntityOfPage\":{\"@id\":\"https:\\\/\\\/conectagrao.com.br\\\/blog\\\/gliricidia-a-leguminosa-que-se-tornou-a-alternativa-para-o-gado-na-seca-do-semiarido\\\/\"},\"wordCount\":710,\"commentCount\":0,\"publisher\":{\"@id\":\"https:\\\/\\\/conectagrao.com.br\\\/blog\\\/#organization\"},\"image\":{\"@id\":\"https:\\\/\\\/conectagrao.com.br\\\/blog\\\/gliricidia-a-leguminosa-que-se-tornou-a-alternativa-para-o-gado-na-seca-do-semiarido\\\/#primaryimage\"},\"thumbnailUrl\":\"https:\\\/\\\/conectagrao.com.br\\\/blog\\\/wp-content\\\/uploads\\\/2025\\\/09\\\/Gliricidia.jpg\",\"keywords\":[\"banco de prote\u00edna\",\"cultivo leguminosas\",\"Embrapa gliric\u00eddia\",\"forragem resistente\",\"gliric\u00eddia\",\"leguminosa forrageira\",\"nutri\u00e7\u00e3o animal seca\",\"seca semi\u00e1rido\"],\"articleSection\":[\"Agricultura\",\"Blog\"],\"inLanguage\":\"pt-BR\",\"potentialAction\":[{\"@type\":\"CommentAction\",\"name\":\"Comment\",\"target\":[\"https:\\\/\\\/conectagrao.com.br\\\/blog\\\/gliricidia-a-leguminosa-que-se-tornou-a-alternativa-para-o-gado-na-seca-do-semiarido\\\/#respond\"]}]},{\"@type\":\"WebPage\",\"@id\":\"https:\\\/\\\/conectagrao.com.br\\\/blog\\\/gliricidia-a-leguminosa-que-se-tornou-a-alternativa-para-o-gado-na-seca-do-semiarido\\\/\",\"url\":\"https:\\\/\\\/conectagrao.com.br\\\/blog\\\/gliricidia-a-leguminosa-que-se-tornou-a-alternativa-para-o-gado-na-seca-do-semiarido\\\/\",\"name\":\"Gliric\u00eddia: A Leguminosa que se Tornou a alternativa para o Gado na Seca do Semi\u00e1rido - ConectaGr\u00e3o\",\"isPartOf\":{\"@id\":\"https:\\\/\\\/conectagrao.com.br\\\/blog\\\/#website\"},\"primaryImageOfPage\":{\"@id\":\"https:\\\/\\\/conectagrao.com.br\\\/blog\\\/gliricidia-a-leguminosa-que-se-tornou-a-alternativa-para-o-gado-na-seca-do-semiarido\\\/#primaryimage\"},\"image\":{\"@id\":\"https:\\\/\\\/conectagrao.com.br\\\/blog\\\/gliricidia-a-leguminosa-que-se-tornou-a-alternativa-para-o-gado-na-seca-do-semiarido\\\/#primaryimage\"},\"thumbnailUrl\":\"https:\\\/\\\/conectagrao.com.br\\\/blog\\\/wp-content\\\/uploads\\\/2025\\\/09\\\/Gliricidia.jpg\",\"datePublished\":\"2025-09-05T12:00:00+00:00\",\"description\":\"Descubra como a gliric\u00eddia, leguminosa resistente \u00e0 seca, salvou o gado no semi\u00e1rido brasileiro com alto teor de prote\u00edna e cultivo f\u00e1cil.\",\"breadcrumb\":{\"@id\":\"https:\\\/\\\/conectagrao.com.br\\\/blog\\\/gliricidia-a-leguminosa-que-se-tornou-a-alternativa-para-o-gado-na-seca-do-semiarido\\\/#breadcrumb\"},\"inLanguage\":\"pt-BR\",\"potentialAction\":[{\"@type\":\"ReadAction\",\"target\":[\"https:\\\/\\\/conectagrao.com.br\\\/blog\\\/gliricidia-a-leguminosa-que-se-tornou-a-alternativa-para-o-gado-na-seca-do-semiarido\\\/\"]}]},{\"@type\":\"ImageObject\",\"inLanguage\":\"pt-BR\",\"@id\":\"https:\\\/\\\/conectagrao.com.br\\\/blog\\\/gliricidia-a-leguminosa-que-se-tornou-a-alternativa-para-o-gado-na-seca-do-semiarido\\\/#primaryimage\",\"url\":\"https:\\\/\\\/conectagrao.com.br\\\/blog\\\/wp-content\\\/uploads\\\/2025\\\/09\\\/Gliricidia.jpg\",\"contentUrl\":\"https:\\\/\\\/conectagrao.com.br\\\/blog\\\/wp-content\\\/uploads\\\/2025\\\/09\\\/Gliricidia.jpg\",\"width\":2560,\"height\":1707},{\"@type\":\"BreadcrumbList\",\"@id\":\"https:\\\/\\\/conectagrao.com.br\\\/blog\\\/gliricidia-a-leguminosa-que-se-tornou-a-alternativa-para-o-gado-na-seca-do-semiarido\\\/#breadcrumb\",\"itemListElement\":[{\"@type\":\"ListItem\",\"position\":1,\"name\":\"In\u00edcio\",\"item\":\"https:\\\/\\\/conectagrao.com.br\\\/blog\\\/\"},{\"@type\":\"ListItem\",\"position\":2,\"name\":\"Gliric\u00eddia: A Leguminosa que se Tornou a alternativa para o Gado na Seca do Semi\u00e1rido\"}]},{\"@type\":\"WebSite\",\"@id\":\"https:\\\/\\\/conectagrao.com.br\\\/blog\\\/#website\",\"url\":\"https:\\\/\\\/conectagrao.com.br\\\/blog\\\/\",\"name\":\"ConectaGr\u00e3o\",\"description\":\"Conectando o futuro com o agroneg\u00f3cio.\",\"publisher\":{\"@id\":\"https:\\\/\\\/conectagrao.com.br\\\/blog\\\/#organization\"},\"alternateName\":\"conectagrao\",\"potentialAction\":[{\"@type\":\"SearchAction\",\"target\":{\"@type\":\"EntryPoint\",\"urlTemplate\":\"https:\\\/\\\/conectagrao.com.br\\\/blog\\\/?s={search_term_string}\"},\"query-input\":{\"@type\":\"PropertyValueSpecification\",\"valueRequired\":true,\"valueName\":\"search_term_string\"}}],\"inLanguage\":\"pt-BR\"},{\"@type\":\"Organization\",\"@id\":\"https:\\\/\\\/conectagrao.com.br\\\/blog\\\/#organization\",\"name\":\"ConectaGr\u00e3o\",\"alternateName\":\"conectagrao\",\"url\":\"https:\\\/\\\/conectagrao.com.br\\\/blog\\\/\",\"logo\":{\"@type\":\"ImageObject\",\"inLanguage\":\"pt-BR\",\"@id\":\"https:\\\/\\\/conectagrao.com.br\\\/blog\\\/#\\\/schema\\\/logo\\\/image\\\/\",\"url\":\"https:\\\/\\\/conectagrao.com.br\\\/blog\\\/wp-content\\\/uploads\\\/2025\\\/07\\\/ConectaGrao-6.png\",\"contentUrl\":\"https:\\\/\\\/conectagrao.com.br\\\/blog\\\/wp-content\\\/uploads\\\/2025\\\/07\\\/ConectaGrao-6.png\",\"width\":447,\"height\":559,\"caption\":\"ConectaGr\u00e3o\"},\"image\":{\"@id\":\"https:\\\/\\\/conectagrao.com.br\\\/blog\\\/#\\\/schema\\\/logo\\\/image\\\/\"},\"sameAs\":[\"https:\\\/\\\/www.facebook.com\\\/conectagrao\\\/\",\"https:\\\/\\\/www.tiktok.com\\\/@conectagrao?_t=ZM-8xPuS2d6MFB&_r=1\",\"https:\\\/\\\/www.threads.com\\\/@conectagrao\",\"https:\\\/\\\/www.youtube.com\\\/@conectagrao\",\"https:\\\/\\\/www.instagram.com\\\/conectagrao\"]},{\"@type\":\"Person\",\"@id\":\"https:\\\/\\\/conectagrao.com.br\\\/blog\\\/#\\\/schema\\\/person\\\/ba64f63526cab8efbf8b1f8198926135\",\"name\":\"conectagrao\",\"image\":{\"@type\":\"ImageObject\",\"inLanguage\":\"pt-BR\",\"@id\":\"https:\\\/\\\/secure.gravatar.com\\\/avatar\\\/fb3dc2cba7f544171abec58358591c995847240e6fd4f1f7a4a8159970dca59e?s=96&d=mm&r=g\",\"url\":\"https:\\\/\\\/secure.gravatar.com\\\/avatar\\\/fb3dc2cba7f544171abec58358591c995847240e6fd4f1f7a4a8159970dca59e?s=96&d=mm&r=g\",\"contentUrl\":\"https:\\\/\\\/secure.gravatar.com\\\/avatar\\\/fb3dc2cba7f544171abec58358591c995847240e6fd4f1f7a4a8159970dca59e?s=96&d=mm&r=g\",\"caption\":\"conectagrao\"},\"description\":\"ConectaGr\u00e3o\u00ae \u00e9 uma plataforma digital que conecta produtores, empresas e compradores do agroneg\u00f3cio, oferecendo an\u00e1lises de mercado, cota\u00e7\u00f5es, ferramentas e conte\u00fados gratuitos para facilitar o dia a dia no campo. Fundada por Genecir Jacoboski e Kao\u00ea T. Rauch a ConectaGr\u00e3o\u00ae tem como miss\u00e3o valorizar o produtor e aproximar o campo do mercado com tecnologia, informa\u00e7\u00e3o e inova\u00e7\u00e3o.\",\"sameAs\":[\"https:\\\/\\\/conectagrao.com.br\\\/blog\",\"https:\\\/\\\/www.facebook.com\\\/share\\\/1A5mH5g3LK\\\/\",\"https:\\\/\\\/www.instagram.com\\\/conectagrao?igsh=azQ1dXBndnp4dzZw\",\"https:\\\/\\\/youtube.com\\\/@conectagrao?si=QnGS_Zm7Cuj1pznt\"],\"url\":\"https:\\\/\\\/conectagrao.com.br\\\/blog\\\/author\\\/conectagrao\\\/\"}]}<\/script>\n<!-- \/ Yoast SEO plugin. -->","yoast_head_json":{"title":"Gliric\u00eddia: A Leguminosa que se Tornou a alternativa para o Gado na Seca do Semi\u00e1rido - ConectaGr\u00e3o","description":"Descubra como a gliric\u00eddia, leguminosa resistente \u00e0 seca, salvou o gado no semi\u00e1rido brasileiro com alto teor de prote\u00edna e cultivo f\u00e1cil.","robots":{"index":"index","follow":"follow","max-snippet":"max-snippet:-1","max-image-preview":"max-image-preview:large","max-video-preview":"max-video-preview:-1"},"canonical":"https:\/\/conectagrao.com.br\/blog\/gliricidia-a-leguminosa-que-se-tornou-a-alternativa-para-o-gado-na-seca-do-semiarido\/","og_locale":"pt_BR","og_type":"article","og_title":"Gliric\u00eddia: A Leguminosa que se Tornou a alternativa para o Gado na Seca do Semi\u00e1rido - ConectaGr\u00e3o","og_description":"Descubra como a gliric\u00eddia, leguminosa resistente \u00e0 seca, salvou o gado no semi\u00e1rido brasileiro com alto teor de prote\u00edna e cultivo f\u00e1cil.","og_url":"https:\/\/conectagrao.com.br\/blog\/gliricidia-a-leguminosa-que-se-tornou-a-alternativa-para-o-gado-na-seca-do-semiarido\/","og_site_name":"ConectaGr\u00e3o","article_publisher":"https:\/\/www.facebook.com\/conectagrao\/","article_author":"https:\/\/www.facebook.com\/share\/1A5mH5g3LK\/","article_published_time":"2025-09-05T12:00:00+00:00","og_image":[{"width":2560,"height":1707,"url":"https:\/\/conectagrao.com.br\/blog\/wp-content\/uploads\/2025\/09\/Gliricidia.jpg","type":"image\/jpeg"}],"author":"conectagrao","twitter_card":"summary_large_image","twitter_misc":{"Escrito por":"conectagrao","Est. tempo de leitura":"5 minutos"},"schema":{"@context":"https:\/\/schema.org","@graph":[{"@type":"Article","@id":"https:\/\/conectagrao.com.br\/blog\/gliricidia-a-leguminosa-que-se-tornou-a-alternativa-para-o-gado-na-seca-do-semiarido\/#article","isPartOf":{"@id":"https:\/\/conectagrao.com.br\/blog\/gliricidia-a-leguminosa-que-se-tornou-a-alternativa-para-o-gado-na-seca-do-semiarido\/"},"author":{"name":"conectagrao","@id":"https:\/\/conectagrao.com.br\/blog\/#\/schema\/person\/ba64f63526cab8efbf8b1f8198926135"},"headline":"Gliric\u00eddia: A Leguminosa que se Tornou a alternativa para o Gado na Seca do Semi\u00e1rido","datePublished":"2025-09-05T12:00:00+00:00","mainEntityOfPage":{"@id":"https:\/\/conectagrao.com.br\/blog\/gliricidia-a-leguminosa-que-se-tornou-a-alternativa-para-o-gado-na-seca-do-semiarido\/"},"wordCount":710,"commentCount":0,"publisher":{"@id":"https:\/\/conectagrao.com.br\/blog\/#organization"},"image":{"@id":"https:\/\/conectagrao.com.br\/blog\/gliricidia-a-leguminosa-que-se-tornou-a-alternativa-para-o-gado-na-seca-do-semiarido\/#primaryimage"},"thumbnailUrl":"https:\/\/conectagrao.com.br\/blog\/wp-content\/uploads\/2025\/09\/Gliricidia.jpg","keywords":["banco de prote\u00edna","cultivo leguminosas","Embrapa gliric\u00eddia","forragem resistente","gliric\u00eddia","leguminosa forrageira","nutri\u00e7\u00e3o animal seca","seca semi\u00e1rido"],"articleSection":["Agricultura","Blog"],"inLanguage":"pt-BR","potentialAction":[{"@type":"CommentAction","name":"Comment","target":["https:\/\/conectagrao.com.br\/blog\/gliricidia-a-leguminosa-que-se-tornou-a-alternativa-para-o-gado-na-seca-do-semiarido\/#respond"]}]},{"@type":"WebPage","@id":"https:\/\/conectagrao.com.br\/blog\/gliricidia-a-leguminosa-que-se-tornou-a-alternativa-para-o-gado-na-seca-do-semiarido\/","url":"https:\/\/conectagrao.com.br\/blog\/gliricidia-a-leguminosa-que-se-tornou-a-alternativa-para-o-gado-na-seca-do-semiarido\/","name":"Gliric\u00eddia: A Leguminosa que se Tornou a alternativa para o Gado na Seca do Semi\u00e1rido - ConectaGr\u00e3o","isPartOf":{"@id":"https:\/\/conectagrao.com.br\/blog\/#website"},"primaryImageOfPage":{"@id":"https:\/\/conectagrao.com.br\/blog\/gliricidia-a-leguminosa-que-se-tornou-a-alternativa-para-o-gado-na-seca-do-semiarido\/#primaryimage"},"image":{"@id":"https:\/\/conectagrao.com.br\/blog\/gliricidia-a-leguminosa-que-se-tornou-a-alternativa-para-o-gado-na-seca-do-semiarido\/#primaryimage"},"thumbnailUrl":"https:\/\/conectagrao.com.br\/blog\/wp-content\/uploads\/2025\/09\/Gliricidia.jpg","datePublished":"2025-09-05T12:00:00+00:00","description":"Descubra como a gliric\u00eddia, leguminosa resistente \u00e0 seca, salvou o gado no semi\u00e1rido brasileiro com alto teor de prote\u00edna e cultivo f\u00e1cil.","breadcrumb":{"@id":"https:\/\/conectagrao.com.br\/blog\/gliricidia-a-leguminosa-que-se-tornou-a-alternativa-para-o-gado-na-seca-do-semiarido\/#breadcrumb"},"inLanguage":"pt-BR","potentialAction":[{"@type":"ReadAction","target":["https:\/\/conectagrao.com.br\/blog\/gliricidia-a-leguminosa-que-se-tornou-a-alternativa-para-o-gado-na-seca-do-semiarido\/"]}]},{"@type":"ImageObject","inLanguage":"pt-BR","@id":"https:\/\/conectagrao.com.br\/blog\/gliricidia-a-leguminosa-que-se-tornou-a-alternativa-para-o-gado-na-seca-do-semiarido\/#primaryimage","url":"https:\/\/conectagrao.com.br\/blog\/wp-content\/uploads\/2025\/09\/Gliricidia.jpg","contentUrl":"https:\/\/conectagrao.com.br\/blog\/wp-content\/uploads\/2025\/09\/Gliricidia.jpg","width":2560,"height":1707},{"@type":"BreadcrumbList","@id":"https:\/\/conectagrao.com.br\/blog\/gliricidia-a-leguminosa-que-se-tornou-a-alternativa-para-o-gado-na-seca-do-semiarido\/#breadcrumb","itemListElement":[{"@type":"ListItem","position":1,"name":"In\u00edcio","item":"https:\/\/conectagrao.com.br\/blog\/"},{"@type":"ListItem","position":2,"name":"Gliric\u00eddia: A Leguminosa que se Tornou a alternativa para o Gado na Seca do Semi\u00e1rido"}]},{"@type":"WebSite","@id":"https:\/\/conectagrao.com.br\/blog\/#website","url":"https:\/\/conectagrao.com.br\/blog\/","name":"ConectaGr\u00e3o","description":"Conectando o futuro com o agroneg\u00f3cio.","publisher":{"@id":"https:\/\/conectagrao.com.br\/blog\/#organization"},"alternateName":"conectagrao","potentialAction":[{"@type":"SearchAction","target":{"@type":"EntryPoint","urlTemplate":"https:\/\/conectagrao.com.br\/blog\/?s={search_term_string}"},"query-input":{"@type":"PropertyValueSpecification","valueRequired":true,"valueName":"search_term_string"}}],"inLanguage":"pt-BR"},{"@type":"Organization","@id":"https:\/\/conectagrao.com.br\/blog\/#organization","name":"ConectaGr\u00e3o","alternateName":"conectagrao","url":"https:\/\/conectagrao.com.br\/blog\/","logo":{"@type":"ImageObject","inLanguage":"pt-BR","@id":"https:\/\/conectagrao.com.br\/blog\/#\/schema\/logo\/image\/","url":"https:\/\/conectagrao.com.br\/blog\/wp-content\/uploads\/2025\/07\/ConectaGrao-6.png","contentUrl":"https:\/\/conectagrao.com.br\/blog\/wp-content\/uploads\/2025\/07\/ConectaGrao-6.png","width":447,"height":559,"caption":"ConectaGr\u00e3o"},"image":{"@id":"https:\/\/conectagrao.com.br\/blog\/#\/schema\/logo\/image\/"},"sameAs":["https:\/\/www.facebook.com\/conectagrao\/","https:\/\/www.tiktok.com\/@conectagrao?_t=ZM-8xPuS2d6MFB&_r=1","https:\/\/www.threads.com\/@conectagrao","https:\/\/www.youtube.com\/@conectagrao","https:\/\/www.instagram.com\/conectagrao"]},{"@type":"Person","@id":"https:\/\/conectagrao.com.br\/blog\/#\/schema\/person\/ba64f63526cab8efbf8b1f8198926135","name":"conectagrao","image":{"@type":"ImageObject","inLanguage":"pt-BR","@id":"https:\/\/secure.gravatar.com\/avatar\/fb3dc2cba7f544171abec58358591c995847240e6fd4f1f7a4a8159970dca59e?s=96&d=mm&r=g","url":"https:\/\/secure.gravatar.com\/avatar\/fb3dc2cba7f544171abec58358591c995847240e6fd4f1f7a4a8159970dca59e?s=96&d=mm&r=g","contentUrl":"https:\/\/secure.gravatar.com\/avatar\/fb3dc2cba7f544171abec58358591c995847240e6fd4f1f7a4a8159970dca59e?s=96&d=mm&r=g","caption":"conectagrao"},"description":"ConectaGr\u00e3o\u00ae \u00e9 uma plataforma digital que conecta produtores, empresas e compradores do agroneg\u00f3cio, oferecendo an\u00e1lises de mercado, cota\u00e7\u00f5es, ferramentas e conte\u00fados gratuitos para facilitar o dia a dia no campo. Fundada por Genecir Jacoboski e Kao\u00ea T. Rauch a ConectaGr\u00e3o\u00ae tem como miss\u00e3o valorizar o produtor e aproximar o campo do mercado com tecnologia, informa\u00e7\u00e3o e inova\u00e7\u00e3o.","sameAs":["https:\/\/conectagrao.com.br\/blog","https:\/\/www.facebook.com\/share\/1A5mH5g3LK\/","https:\/\/www.instagram.com\/conectagrao?igsh=azQ1dXBndnp4dzZw","https:\/\/youtube.com\/@conectagrao?si=QnGS_Zm7Cuj1pznt"],"url":"https:\/\/conectagrao.com.br\/blog\/author\/conectagrao\/"}]}},"uagb_featured_image_src":{"full":["https:\/\/conectagrao.com.br\/blog\/wp-content\/uploads\/2025\/09\/Gliricidia.jpg",2560,1707,false],"thumbnail":["https:\/\/conectagrao.com.br\/blog\/wp-content\/uploads\/2025\/09\/Gliricidia-150x150.jpg",150,150,true],"medium":["https:\/\/conectagrao.com.br\/blog\/wp-content\/uploads\/2025\/09\/Gliricidia-300x200.jpg",300,200,true],"medium_large":["https:\/\/conectagrao.com.br\/blog\/wp-content\/uploads\/2025\/09\/Gliricidia-768x512.jpg",640,427,true],"large":["https:\/\/conectagrao.com.br\/blog\/wp-content\/uploads\/2025\/09\/Gliricidia-1024x683.jpg",640,427,true],"1536x1536":["https:\/\/conectagrao.com.br\/blog\/wp-content\/uploads\/2025\/09\/Gliricidia-1536x1024.jpg",1536,1024,true],"2048x2048":["https:\/\/conectagrao.com.br\/blog\/wp-content\/uploads\/2025\/09\/Gliricidia-2048x1366.jpg",2048,1366,true],"cvmm-medium":["https:\/\/conectagrao.com.br\/blog\/wp-content\/uploads\/2025\/09\/Gliricidia-300x300.jpg",300,300,true],"cvmm-medium-plus":["https:\/\/conectagrao.com.br\/blog\/wp-content\/uploads\/2025\/09\/Gliricidia-305x207.jpg",305,207,true],"cvmm-portrait":["https:\/\/conectagrao.com.br\/blog\/wp-content\/uploads\/2025\/09\/Gliricidia-400x600.jpg",400,600,true],"cvmm-medium-square":["https:\/\/conectagrao.com.br\/blog\/wp-content\/uploads\/2025\/09\/Gliricidia-600x600.jpg",600,600,true],"cvmm-large":["https:\/\/conectagrao.com.br\/blog\/wp-content\/uploads\/2025\/09\/Gliricidia-1024x1024.jpg",1024,1024,true],"cvmm-small":["https:\/\/conectagrao.com.br\/blog\/wp-content\/uploads\/2025\/09\/Gliricidia-130x95.jpg",130,95,true],"news-portal-block-medium":["https:\/\/conectagrao.com.br\/blog\/wp-content\/uploads\/2025\/09\/Gliricidia-305x207.jpg",305,207,true],"news-portal-block-thumb":["https:\/\/conectagrao.com.br\/blog\/wp-content\/uploads\/2025\/09\/Gliricidia-136x102.jpg",136,102,true],"news-portal-slider-medium":["https:\/\/conectagrao.com.br\/blog\/wp-content\/uploads\/2025\/09\/Gliricidia-622x420.jpg",622,420,true],"news-portal-carousel-portrait":["https:\/\/conectagrao.com.br\/blog\/wp-content\/uploads\/2025\/09\/Gliricidia-400x600.jpg",400,600,true],"news-portal-alternate-grid":["https:\/\/conectagrao.com.br\/blog\/wp-content\/uploads\/2025\/09\/Gliricidia-340x316.jpg",340,316,true],"web-stories-poster-portrait":["https:\/\/conectagrao.com.br\/blog\/wp-content\/uploads\/2025\/09\/Gliricidia-640x853.jpg",640,853,true],"web-stories-publisher-logo":["https:\/\/conectagrao.com.br\/blog\/wp-content\/uploads\/2025\/09\/Gliricidia-96x96.jpg",96,96,true],"web-stories-thumbnail":["https:\/\/conectagrao.com.br\/blog\/wp-content\/uploads\/2025\/09\/Gliricidia-150x100.jpg",150,100,true]},"uagb_author_info":{"display_name":"conectagrao","author_link":"https:\/\/conectagrao.com.br\/blog\/author\/conectagrao\/"},"uagb_comment_info":0,"uagb_excerpt":"A gliric\u00eddia emerge como uma solu\u00e7\u00e3o inovadora para a pecu\u00e1ria no semi\u00e1rido brasileiro, onde a seca prolongada amea\u00e7a a alimenta\u00e7\u00e3o animal. Essa leguminosa, rica em prote\u00edna e resistente a condi\u00e7\u00f5es adversas, tem salvado rebanhos ao fornecer forragem nutritiva mesmo em per\u00edodos de escassez h\u00eddrica. Com cultivo simples e benef\u00edcios comprovados pela Embrapa, ela representa uma&hellip;","blog_post_layout_featured_media_urls":{"thumbnail":["https:\/\/conectagrao.com.br\/blog\/wp-content\/uploads\/2025\/09\/Gliricidia-150x150.jpg",150,150,true],"full":["https:\/\/conectagrao.com.br\/blog\/wp-content\/uploads\/2025\/09\/Gliricidia.jpg",2560,1707,false]},"categories_names":{"32":{"name":"Agricultura","link":"https:\/\/conectagrao.com.br\/blog\/agricultura\/"},"1":{"name":"Blog","link":"https:\/\/conectagrao.com.br\/blog\/blog\/"}},"tags_names":{"280":{"name":"banco de prote\u00edna","link":"https:\/\/conectagrao.com.br\/blog\/tag\/banco-de-proteina\/"},"279":{"name":"cultivo leguminosas","link":"https:\/\/conectagrao.com.br\/blog\/tag\/cultivo-leguminosas\/"},"276":{"name":"Embrapa gliric\u00eddia","link":"https:\/\/conectagrao.com.br\/blog\/tag\/embrapa-gliricidia\/"},"278":{"name":"forragem resistente","link":"https:\/\/conectagrao.com.br\/blog\/tag\/forragem-resistente\/"},"284":{"name":"gliric\u00eddia","link":"https:\/\/conectagrao.com.br\/blog\/tag\/gliricidia\/"},"283":{"name":"leguminosa forrageira","link":"https:\/\/conectagrao.com.br\/blog\/tag\/leguminosa-forrageira\/"},"275":{"name":"nutri\u00e7\u00e3o animal seca","link":"https:\/\/conectagrao.com.br\/blog\/tag\/nutricao-animal-seca\/"},"282":{"name":"seca semi\u00e1rido","link":"https:\/\/conectagrao.com.br\/blog\/tag\/seca-semiarido\/"}},"comments_number":"0","wpmagazine_modules_lite_featured_media_urls":{"thumbnail":["https:\/\/conectagrao.com.br\/blog\/wp-content\/uploads\/2025\/09\/Gliricidia-150x150.jpg",150,150,true],"cvmm-medium":["https:\/\/conectagrao.com.br\/blog\/wp-content\/uploads\/2025\/09\/Gliricidia-300x300.jpg",300,300,true],"cvmm-medium-plus":["https:\/\/conectagrao.com.br\/blog\/wp-content\/uploads\/2025\/09\/Gliricidia-305x207.jpg",305,207,true],"cvmm-portrait":["https:\/\/conectagrao.com.br\/blog\/wp-content\/uploads\/2025\/09\/Gliricidia-400x600.jpg",400,600,true],"cvmm-medium-square":["https:\/\/conectagrao.com.br\/blog\/wp-content\/uploads\/2025\/09\/Gliricidia-600x600.jpg",600,600,true],"cvmm-large":["https:\/\/conectagrao.com.br\/blog\/wp-content\/uploads\/2025\/09\/Gliricidia-1024x1024.jpg",1024,1024,true],"cvmm-small":["https:\/\/conectagrao.com.br\/blog\/wp-content\/uploads\/2025\/09\/Gliricidia-130x95.jpg",130,95,true],"full":["https:\/\/conectagrao.com.br\/blog\/wp-content\/uploads\/2025\/09\/Gliricidia.jpg",2560,1707,false]},"_links":{"self":[{"href":"https:\/\/conectagrao.com.br\/blog\/wp-json\/wp\/v2\/posts\/1225","targetHints":{"allow":["GET"]}}],"collection":[{"href":"https:\/\/conectagrao.com.br\/blog\/wp-json\/wp\/v2\/posts"}],"about":[{"href":"https:\/\/conectagrao.com.br\/blog\/wp-json\/wp\/v2\/types\/post"}],"author":[{"embeddable":true,"href":"https:\/\/conectagrao.com.br\/blog\/wp-json\/wp\/v2\/users\/1"}],"replies":[{"embeddable":true,"href":"https:\/\/conectagrao.com.br\/blog\/wp-json\/wp\/v2\/comments?post=1225"}],"version-history":[{"count":1,"href":"https:\/\/conectagrao.com.br\/blog\/wp-json\/wp\/v2\/posts\/1225\/revisions"}],"predecessor-version":[{"id":1228,"href":"https:\/\/conectagrao.com.br\/blog\/wp-json\/wp\/v2\/posts\/1225\/revisions\/1228"}],"wp:featuredmedia":[{"embeddable":true,"href":"https:\/\/conectagrao.com.br\/blog\/wp-json\/wp\/v2\/media\/1226"}],"wp:attachment":[{"href":"https:\/\/conectagrao.com.br\/blog\/wp-json\/wp\/v2\/media?parent=1225"}],"wp:term":[{"taxonomy":"category","embeddable":true,"href":"https:\/\/conectagrao.com.br\/blog\/wp-json\/wp\/v2\/categories?post=1225"},{"taxonomy":"post_tag","embeddable":true,"href":"https:\/\/conectagrao.com.br\/blog\/wp-json\/wp\/v2\/tags?post=1225"}],"curies":[{"name":"wp","href":"https:\/\/api.w.org\/{rel}","templated":true}]}}