{"id":1239,"date":"2025-09-09T08:30:00","date_gmt":"2025-09-09T08:30:00","guid":{"rendered":"https:\/\/conectagrao.com.br\/blog\/?p=1239"},"modified":"2025-09-08T01:26:18","modified_gmt":"2025-09-08T01:26:18","slug":"tarifaco-dos-eua-que-coloca-em-risco-bilhoes-nas-exportacoes-do-sul-de-santa-catarina","status":"publish","type":"post","link":"https:\/\/conectagrao.com.br\/blog\/tarifaco-dos-eua-que-coloca-em-risco-bilhoes-nas-exportacoes-do-sul-de-santa-catarina\/","title":{"rendered":"Tarifa\u00e7o dos EUA, que Coloca em Risco Bilh\u00f5es nas Exporta\u00e7\u00f5es do Sul de Santa Catarina"},"content":{"rendered":"\n<p>Imagine um exportador de madeira no Sul de Santa Catarina acordando com a not\u00edcia de que suas remessas para os EUA agora custam 50% mais em tarifas, amea\u00e7ando contratos milion\u00e1rios. De fato, segundo a FIESC, o tarifa\u00e7o dos EUA, que coloca em risco bilh\u00f5es nas exporta\u00e7\u00f5es do Sul de Santa Catarina, pode impactar at\u00e9 88% das vendas regionais para o mercado norte-americano, o maior percentual do estado. No entanto, com an\u00e1lise t\u00e9cnica, \u00e9 poss\u00edvel transformar essa amea\u00e7a em oportunidade de diversifica\u00e7\u00e3o. Vamos explorar os detalhes para que voc\u00ea, produtor ou t\u00e9cnico, esteja \u00e0 frente dessa crise.<\/p>\n\n\n\n<h2 class=\"wp-block-heading\">Impactos do Tarifa\u00e7o na Economia Catarinense<\/h2>\n\n\n\n<p>O tarifa\u00e7o anunciado em 2025 eleva as tarifas de importa\u00e7\u00e3o para produtos brasileiros, focando em itens industriais e agr\u00edcolas. Portanto, regi\u00f5es como o Sul de Santa Catarina, dependentes de exporta\u00e7\u00f5es para os EUA, enfrentam perdas bilion\u00e1rias. Al\u00e9m disso, dados da Secretaria da Fazenda de SC (SEF) indicam que o estado \u00e9 o quarto mais afetado no pa\u00eds. Assim, compreender o contexto \u00e9 crucial para a\u00e7\u00f5es preventivas.<\/p>\n\n\n\n<h3 class=\"wp-block-heading\">Setores Mais Vulner\u00e1veis na Regi\u00e3o<\/h3>\n\n\n\n<p>Primeiramente, a cer\u00e2mica e a madeira destacam-se como os mais impactados, representando grande parte das exporta\u00e7\u00f5es sul-catarinenses. No entanto, o agroneg\u00f3cio, incluindo tabaco e carnes, tamb\u00e9m sofre. Por exemplo, em agosto de 2025, as vendas totais de SC para os EUA ca\u00edram 19,5%, com o setor madeireiro despencando de US$ 60 milh\u00f5es para US$ 33 milh\u00f5es. Dessa forma, identificar vulnerabilidades regionais incentiva estrat\u00e9gias personalizadas.<\/p>\n\n\n\n<h3 class=\"wp-block-heading\">Causas e Contexto Global<\/h3>\n\n\n\n<p>Al\u00e9m disso, o tarifa\u00e7o surge de pol\u00edticas protecionistas nos EUA, visando proteger ind\u00fastrias locais. Portanto, produtos como motores el\u00e9tricos e itens cer\u00e2micos enfrentam al\u00edquotas extras. De acordo com o Sebrae-SC, isso exige adapta\u00e7\u00e3o r\u00e1pida dos pequenos neg\u00f3cios. Assim, entender as ra\u00edzes geopol\u00edticas prepara melhor os exportadores para negocia\u00e7\u00f5es futuras.<\/p>\n\n\n\n<h2 class=\"wp-block-heading\">Estrat\u00e9gias de Mitiga\u00e7\u00e3o para Exportadores<\/h2>\n\n\n\n<p>No entanto, nem tudo est\u00e1 perdido: diversifica\u00e7\u00e3o de mercados \u00e9 chave. Al\u00e9m disso, o governo de SC lan\u00e7ou um pacote de R$ 435 milh\u00f5es para apoiar empresas afetadas, liberando cr\u00e9ditos e incentivos fiscais. Portanto, investir em inova\u00e7\u00e3o e compliance pode reduzir impactos. Dessa maneira, produtores fortalecem sua resili\u00eancia econ\u00f4mica.<\/p>\n\n\n\n<h3 class=\"wp-block-heading\">Alternativas de Mercado e Diversifica\u00e7\u00e3o<\/h3>\n\n\n\n<p>Primeiramente, explore destinos como Europa e \u00c1sia, onde tarifas s\u00e3o menores. Por exemplo, a Conab sugere foco em commodities agr\u00edcolas com demanda crescente na China. Assim, equilibrar portf\u00f3lios minimiza riscos do tarifa\u00e7o dos EUA, que coloca em risco bilh\u00f5es nas exporta\u00e7\u00f5es do Sul de Santa Catarina.<\/p>\n\n\n\n<ul class=\"wp-block-list\">\n<li><strong>Avalie seu portf\u00f3lio<\/strong>: Identifique produtos com mais de 20% de depend\u00eancia dos EUA e busque substitutos.<\/li>\n\n\n\n<li><strong>Acesse incentivos governamentais<\/strong>: Inscreva-se no pacote de R$ 435 milh\u00f5es da SEF para al\u00edvio fiscal.<\/li>\n\n\n\n<li><strong>Diversifique mercados<\/strong>: 1. Europa (baixas tarifas em cer\u00e2mica); 2. \u00c1sia (demanda por madeira); 3. Am\u00e9rica Latina (proximidade log\u00edstica).<\/li>\n\n\n\n<li><strong>Invista em inova\u00e7\u00e3o<\/strong>: Adote tecnologias sustent\u00e1veis para atrair compradores globais.<\/li>\n\n\n\n<li><strong>Monitore pol\u00edticas<\/strong>: Acompanhe atualiza\u00e7\u00f5es da FAO sobre com\u00e9rcio internacional.<\/li>\n<\/ul>\n\n\n\n<p> <strong>Dado Essencial da FIESC: Impacto Regional<\/strong> No Sul de Santa Catarina, 88% das exporta\u00e7\u00f5es para os EUA podem ser afetadas pelo tarifa\u00e7o, totalizando bilh\u00f5es em risco. Para mitigar, priorize auditorias de compliance e explore o Proex (Programa de Financiamento \u00e0s Exporta\u00e7\u00f5es) do MDIC. Essa abordagem pr\u00e1tica preserva competitividade.<\/p>\n\n\n\n<h3 class=\"wp-block-heading\">Como o Tarifa\u00e7o do EUA, Afeta Seu Neg\u00f3cio?<\/h3>\n\n\n\n<p>Essa medida pode elevar custos em 50%, reduzindo margens e competitividade. No entanto, exemplos da Embrapa mostram que diversificar para cultivos org\u00e2nicos atrai mercados premium. Portanto, avalie seu fluxo de caixa e ajuste planos. Assim, transformar desafios em oportunidades mant\u00e9m sua opera\u00e7\u00e3o sustent\u00e1vel.<\/p>\n\n\n\n<p>Em s\u00edntese, o tarifa\u00e7o dos EUA, que coloca em risco bilh\u00f5es nas exporta\u00e7\u00f5es do Sul de Santa Catarina, exige a\u00e7\u00f5es imediatas como diversifica\u00e7\u00e3o e uso de incentivos estatais, conforme dados da FIESC e SEF. Al\u00e9m disso, monitorar tend\u00eancias globais via FAO garante adapta\u00e7\u00e3o. Fique atento a essas estrat\u00e9gias e aplique-as na pr\u00e1tica para proteger sua produ\u00e7\u00e3o \u2013 e considere se inscrever em newsletters especializadas para atualiza\u00e7\u00f5es sobre com\u00e9rcio agr\u00edcola.<\/p>\n\n\n\n<div style=\"border: 2px solid #ff9800; border-radius: 10px; padding: 20px; background: #ffffff; box-shadow: 0 4px 12px rgba(0,0,0,0.1); font-family: Arial, sans-serif; width: 100%; max-width: 100%; margin: 20px 0; text-align: center; box-sizing: border-box;\">\n  \n  <h3 style=\"color: #ff9800; font-size: 24px; margin-top: 0; margin-bottom: 15px;\">\n    <span style=\"display: none;\" class=\"whatsapp-icon\">\n      <img decoding=\"async\" src=\"https:\/\/e7.pngegg.com\/pngimages\/347\/373\/png-clipart-computer-icons-whatsapp-whatsapp-text-trademark-thumbnail.png\" alt=\"WhatsApp\" style=\"width: 40px; height: 40px; border-radius: 50%; object-fit: cover;\">\n    <\/span>\n  <\/h3>\n  \n  <div style=\"display: flex; justify-content: center; align-items: center; flex-wrap: wrap; margin-bottom: 10px;\">\n    <div style=\"text-align: center; margin-right: 10px;\">\n      <p style=\"font-size: 16px; color: #333; line-height: 1.5; margin: 0;\">\n        \ud83d\udcf0 Not\u00edcias &#038; Mercado | \ud83d\udd14 Novidades <span class=\"desktop-separator\">|<\/span>\n      <\/p>\n    <\/div>\n    <div style=\"text-align: center;\">\n      <p style=\"font-size: 16px; color: #333; line-height: 1.5; margin: 0;\">\n        \u26c5 Clima | \ud83d\ude80 Tecnologia | \ud83d\udcf1 Blog\n      <\/p>\n    <\/div>\n  <\/div>\n  \n  <a href=\"https:\/\/www.whatsapp.com\/channel\/0029VaLMT22GOj9f6eVOpJ0N\" target=\"_blank\" style=\"background: #25D366; color: #fff; padding: 10px 20px; font-size: 16px; font-weight: bold; text-decoration: none; border-radius: 30px; display: inline-block; transition: all 0.3s; position: relative;\">\n    <img decoding=\"async\" src=\"https:\/\/upload.wikimedia.org\/wikipedia\/commons\/6\/6b\/WhatsApp.svg\" alt=\"WhatsApp\" style=\"width: 20px; height: 20px; vertical-align: middle; margin-right: 5px;\">\n    Entrar no Canal\n  <\/a>\n  \n  <p style=\"font-size: 12px; color: #666; margin-top: 15px; font-weight: bold;\">\n    Conecte-se agora e, al\u00e9m disso, receba informa\u00e7\u00f5es r\u00e1pidas e confi\u00e1veis sobre o agroneg\u00f3cio.  \n    Assim, voc\u00ea se mant\u00e9m atualizado em tempo real e, por fim, garante acesso a conte\u00fado exclusivo que fortalece sua tomada de decis\u00e3o no campo.\n  <\/p>\n<\/div>\n\n<style>\n@media (max-width: 768px) {\n  .desktop-separator {\n    display: none; \/* Ocultar o separador \"|\" em dispositivos m\u00f3veis *\/\n  }\n  h3 {\n    font-size: 20px;\n  }\n  p {\n    font-size: 14px;\n  }\n  a {\n    font-size: 14px;\n    padding: 8px 15px;\n  }\n}\n<\/style>\n\n\n\n\n\n\n<p><\/p>\n","protected":false},"excerpt":{"rendered":"<p>Imagine um exportador de madeira no Sul de Santa Catarina acordando com a not\u00edcia de que suas remessas para os EUA agora custam 50% mais em tarifas, amea\u00e7ando contratos milion\u00e1rios. De fato, segundo a FIESC, o tarifa\u00e7o dos EUA, que coloca em risco bilh\u00f5es nas exporta\u00e7\u00f5es do Sul de Santa Catarina, pode impactar at\u00e9 88% [&hellip;]<\/p>\n","protected":false},"author":1,"featured_media":1240,"comment_status":"open","ping_status":"open","sticky":false,"template":"","format":"standard","meta":{"_coblocks_attr":"","_coblocks_dimensions":"","_coblocks_responsive_height":"","_coblocks_accordion_ie_support":"","_uag_custom_page_level_css":"","footnotes":""},"categories":[1,29],"tags":[306,310,304,312,309,305,307,311,313],"class_list":["post-1239","post","type-post","status-publish","format-standard","has-post-thumbnail","hentry","category-blog","category-mercado","tag-comercio-internacional-agroindustria","tag-diversificacao-mercados-sul-santa-catarina","tag-estrategias-mitigacao-tarifas","tag-impactos-tarifas-americanas-brasil","tag-pacote-apoio-exportadores-sc","tag-prejuizos-bilionarios-exportacoes","tag-sebrae-adaptacao-pequenos-negocios","tag-setores-afetados-ceramica-madeira","tag-tarifaco-eua-exportacoes-sc"],"yoast_head":"<!-- This site is optimized with the Yoast SEO plugin v27.4 - https:\/\/yoast.com\/product\/yoast-seo-wordpress\/ -->\n<title>Tarifa\u00e7o dos EUA, que Coloca em Risco Bilh\u00f5es nas Exporta\u00e7\u00f5es do Sul de Santa Catarina - ConectaGr\u00e3o<\/title>\n<meta name=\"description\" content=\"Entenda os impactos do tarifa\u00e7o dos EUA, que coloca em risco bilh\u00f5es nas exporta\u00e7\u00f5es do Sul de Santa Catarina.\" \/>\n<meta name=\"robots\" content=\"index, follow, max-snippet:-1, max-image-preview:large, max-video-preview:-1\" \/>\n<link rel=\"canonical\" href=\"https:\/\/conectagrao.com.br\/blog\/tarifaco-dos-eua-que-coloca-em-risco-bilhoes-nas-exportacoes-do-sul-de-santa-catarina\/\" \/>\n<meta property=\"og:locale\" content=\"pt_BR\" \/>\n<meta property=\"og:type\" content=\"article\" \/>\n<meta property=\"og:title\" content=\"Tarifa\u00e7o dos EUA, que Coloca em Risco Bilh\u00f5es nas Exporta\u00e7\u00f5es do Sul de Santa Catarina - ConectaGr\u00e3o\" \/>\n<meta property=\"og:description\" content=\"Entenda os impactos do tarifa\u00e7o dos EUA, que coloca em risco bilh\u00f5es nas exporta\u00e7\u00f5es do Sul de Santa Catarina.\" \/>\n<meta property=\"og:url\" content=\"https:\/\/conectagrao.com.br\/blog\/tarifaco-dos-eua-que-coloca-em-risco-bilhoes-nas-exportacoes-do-sul-de-santa-catarina\/\" \/>\n<meta property=\"og:site_name\" content=\"ConectaGr\u00e3o\" \/>\n<meta property=\"article:publisher\" content=\"https:\/\/www.facebook.com\/conectagrao\/\" \/>\n<meta property=\"article:author\" content=\"https:\/\/www.facebook.com\/share\/1A5mH5g3LK\/\" \/>\n<meta property=\"article:published_time\" content=\"2025-09-09T08:30:00+00:00\" \/>\n<meta property=\"og:image\" content=\"https:\/\/conectagrao.com.br\/blog\/wp-content\/uploads\/2025\/09\/Design-sem-nome-9.png\" \/>\n\t<meta property=\"og:image:width\" content=\"1200\" \/>\n\t<meta property=\"og:image:height\" content=\"800\" \/>\n\t<meta property=\"og:image:type\" content=\"image\/png\" \/>\n<meta name=\"author\" content=\"conectagrao\" \/>\n<meta name=\"twitter:card\" content=\"summary_large_image\" \/>\n<meta name=\"twitter:label1\" content=\"Escrito por\" \/>\n\t<meta name=\"twitter:data1\" content=\"conectagrao\" \/>\n\t<meta name=\"twitter:label2\" content=\"Est. tempo de leitura\" \/>\n\t<meta name=\"twitter:data2\" content=\"5 minutos\" \/>\n<script type=\"application\/ld+json\" class=\"yoast-schema-graph\">{\"@context\":\"https:\\\/\\\/schema.org\",\"@graph\":[{\"@type\":\"Article\",\"@id\":\"https:\\\/\\\/conectagrao.com.br\\\/blog\\\/tarifaco-dos-eua-que-coloca-em-risco-bilhoes-nas-exportacoes-do-sul-de-santa-catarina\\\/#article\",\"isPartOf\":{\"@id\":\"https:\\\/\\\/conectagrao.com.br\\\/blog\\\/tarifaco-dos-eua-que-coloca-em-risco-bilhoes-nas-exportacoes-do-sul-de-santa-catarina\\\/\"},\"author\":{\"name\":\"conectagrao\",\"@id\":\"https:\\\/\\\/conectagrao.com.br\\\/blog\\\/#\\\/schema\\\/person\\\/ba64f63526cab8efbf8b1f8198926135\"},\"headline\":\"Tarifa\u00e7o dos EUA, que Coloca em Risco Bilh\u00f5es nas Exporta\u00e7\u00f5es do Sul de Santa Catarina\",\"datePublished\":\"2025-09-09T08:30:00+00:00\",\"mainEntityOfPage\":{\"@id\":\"https:\\\/\\\/conectagrao.com.br\\\/blog\\\/tarifaco-dos-eua-que-coloca-em-risco-bilhoes-nas-exportacoes-do-sul-de-santa-catarina\\\/\"},\"wordCount\":783,\"commentCount\":0,\"publisher\":{\"@id\":\"https:\\\/\\\/conectagrao.com.br\\\/blog\\\/#organization\"},\"image\":{\"@id\":\"https:\\\/\\\/conectagrao.com.br\\\/blog\\\/tarifaco-dos-eua-que-coloca-em-risco-bilhoes-nas-exportacoes-do-sul-de-santa-catarina\\\/#primaryimage\"},\"thumbnailUrl\":\"https:\\\/\\\/conectagrao.com.br\\\/blog\\\/wp-content\\\/uploads\\\/2025\\\/09\\\/Design-sem-nome-9.png\",\"keywords\":[\"com\u00e9rcio internacional agroind\u00fastria\",\"diversifica\u00e7\u00e3o mercados Sul Santa Catarina\",\"estrat\u00e9gias mitiga\u00e7\u00e3o tarifas.\",\"impactos tarifas americanas Brasil\",\"pacote apoio exportadores SC\",\"preju\u00edzos bilion\u00e1rios exporta\u00e7\u00f5es\",\"Sebrae adapta\u00e7\u00e3o pequenos neg\u00f3cios\",\"setores afetados cer\u00e2mica madeira\",\"tarifa\u00e7o EUA exporta\u00e7\u00f5es SC\"],\"articleSection\":[\"Blog\",\"Vis\u00e3o de Mercado\"],\"inLanguage\":\"pt-BR\",\"potentialAction\":[{\"@type\":\"CommentAction\",\"name\":\"Comment\",\"target\":[\"https:\\\/\\\/conectagrao.com.br\\\/blog\\\/tarifaco-dos-eua-que-coloca-em-risco-bilhoes-nas-exportacoes-do-sul-de-santa-catarina\\\/#respond\"]}]},{\"@type\":\"WebPage\",\"@id\":\"https:\\\/\\\/conectagrao.com.br\\\/blog\\\/tarifaco-dos-eua-que-coloca-em-risco-bilhoes-nas-exportacoes-do-sul-de-santa-catarina\\\/\",\"url\":\"https:\\\/\\\/conectagrao.com.br\\\/blog\\\/tarifaco-dos-eua-que-coloca-em-risco-bilhoes-nas-exportacoes-do-sul-de-santa-catarina\\\/\",\"name\":\"Tarifa\u00e7o dos EUA, que Coloca em Risco Bilh\u00f5es nas Exporta\u00e7\u00f5es do Sul de Santa Catarina - ConectaGr\u00e3o\",\"isPartOf\":{\"@id\":\"https:\\\/\\\/conectagrao.com.br\\\/blog\\\/#website\"},\"primaryImageOfPage\":{\"@id\":\"https:\\\/\\\/conectagrao.com.br\\\/blog\\\/tarifaco-dos-eua-que-coloca-em-risco-bilhoes-nas-exportacoes-do-sul-de-santa-catarina\\\/#primaryimage\"},\"image\":{\"@id\":\"https:\\\/\\\/conectagrao.com.br\\\/blog\\\/tarifaco-dos-eua-que-coloca-em-risco-bilhoes-nas-exportacoes-do-sul-de-santa-catarina\\\/#primaryimage\"},\"thumbnailUrl\":\"https:\\\/\\\/conectagrao.com.br\\\/blog\\\/wp-content\\\/uploads\\\/2025\\\/09\\\/Design-sem-nome-9.png\",\"datePublished\":\"2025-09-09T08:30:00+00:00\",\"description\":\"Entenda os impactos do tarifa\u00e7o dos EUA, que coloca em risco bilh\u00f5es nas exporta\u00e7\u00f5es do Sul de Santa Catarina.\",\"breadcrumb\":{\"@id\":\"https:\\\/\\\/conectagrao.com.br\\\/blog\\\/tarifaco-dos-eua-que-coloca-em-risco-bilhoes-nas-exportacoes-do-sul-de-santa-catarina\\\/#breadcrumb\"},\"inLanguage\":\"pt-BR\",\"potentialAction\":[{\"@type\":\"ReadAction\",\"target\":[\"https:\\\/\\\/conectagrao.com.br\\\/blog\\\/tarifaco-dos-eua-que-coloca-em-risco-bilhoes-nas-exportacoes-do-sul-de-santa-catarina\\\/\"]}]},{\"@type\":\"ImageObject\",\"inLanguage\":\"pt-BR\",\"@id\":\"https:\\\/\\\/conectagrao.com.br\\\/blog\\\/tarifaco-dos-eua-que-coloca-em-risco-bilhoes-nas-exportacoes-do-sul-de-santa-catarina\\\/#primaryimage\",\"url\":\"https:\\\/\\\/conectagrao.com.br\\\/blog\\\/wp-content\\\/uploads\\\/2025\\\/09\\\/Design-sem-nome-9.png\",\"contentUrl\":\"https:\\\/\\\/conectagrao.com.br\\\/blog\\\/wp-content\\\/uploads\\\/2025\\\/09\\\/Design-sem-nome-9.png\",\"width\":1200,\"height\":800},{\"@type\":\"BreadcrumbList\",\"@id\":\"https:\\\/\\\/conectagrao.com.br\\\/blog\\\/tarifaco-dos-eua-que-coloca-em-risco-bilhoes-nas-exportacoes-do-sul-de-santa-catarina\\\/#breadcrumb\",\"itemListElement\":[{\"@type\":\"ListItem\",\"position\":1,\"name\":\"In\u00edcio\",\"item\":\"https:\\\/\\\/conectagrao.com.br\\\/blog\\\/\"},{\"@type\":\"ListItem\",\"position\":2,\"name\":\"Tarifa\u00e7o dos EUA, que Coloca em Risco Bilh\u00f5es nas Exporta\u00e7\u00f5es do Sul de Santa Catarina\"}]},{\"@type\":\"WebSite\",\"@id\":\"https:\\\/\\\/conectagrao.com.br\\\/blog\\\/#website\",\"url\":\"https:\\\/\\\/conectagrao.com.br\\\/blog\\\/\",\"name\":\"ConectaGr\u00e3o\",\"description\":\"Conectando o futuro com o agroneg\u00f3cio.\",\"publisher\":{\"@id\":\"https:\\\/\\\/conectagrao.com.br\\\/blog\\\/#organization\"},\"alternateName\":\"conectagrao\",\"potentialAction\":[{\"@type\":\"SearchAction\",\"target\":{\"@type\":\"EntryPoint\",\"urlTemplate\":\"https:\\\/\\\/conectagrao.com.br\\\/blog\\\/?s={search_term_string}\"},\"query-input\":{\"@type\":\"PropertyValueSpecification\",\"valueRequired\":true,\"valueName\":\"search_term_string\"}}],\"inLanguage\":\"pt-BR\"},{\"@type\":\"Organization\",\"@id\":\"https:\\\/\\\/conectagrao.com.br\\\/blog\\\/#organization\",\"name\":\"ConectaGr\u00e3o\",\"alternateName\":\"conectagrao\",\"url\":\"https:\\\/\\\/conectagrao.com.br\\\/blog\\\/\",\"logo\":{\"@type\":\"ImageObject\",\"inLanguage\":\"pt-BR\",\"@id\":\"https:\\\/\\\/conectagrao.com.br\\\/blog\\\/#\\\/schema\\\/logo\\\/image\\\/\",\"url\":\"https:\\\/\\\/conectagrao.com.br\\\/blog\\\/wp-content\\\/uploads\\\/2025\\\/07\\\/ConectaGrao-6.png\",\"contentUrl\":\"https:\\\/\\\/conectagrao.com.br\\\/blog\\\/wp-content\\\/uploads\\\/2025\\\/07\\\/ConectaGrao-6.png\",\"width\":447,\"height\":559,\"caption\":\"ConectaGr\u00e3o\"},\"image\":{\"@id\":\"https:\\\/\\\/conectagrao.com.br\\\/blog\\\/#\\\/schema\\\/logo\\\/image\\\/\"},\"sameAs\":[\"https:\\\/\\\/www.facebook.com\\\/conectagrao\\\/\",\"https:\\\/\\\/www.tiktok.com\\\/@conectagrao?_t=ZM-8xPuS2d6MFB&_r=1\",\"https:\\\/\\\/www.threads.com\\\/@conectagrao\",\"https:\\\/\\\/www.youtube.com\\\/@conectagrao\",\"https:\\\/\\\/www.instagram.com\\\/conectagrao\"]},{\"@type\":\"Person\",\"@id\":\"https:\\\/\\\/conectagrao.com.br\\\/blog\\\/#\\\/schema\\\/person\\\/ba64f63526cab8efbf8b1f8198926135\",\"name\":\"conectagrao\",\"image\":{\"@type\":\"ImageObject\",\"inLanguage\":\"pt-BR\",\"@id\":\"https:\\\/\\\/secure.gravatar.com\\\/avatar\\\/fb3dc2cba7f544171abec58358591c995847240e6fd4f1f7a4a8159970dca59e?s=96&d=mm&r=g\",\"url\":\"https:\\\/\\\/secure.gravatar.com\\\/avatar\\\/fb3dc2cba7f544171abec58358591c995847240e6fd4f1f7a4a8159970dca59e?s=96&d=mm&r=g\",\"contentUrl\":\"https:\\\/\\\/secure.gravatar.com\\\/avatar\\\/fb3dc2cba7f544171abec58358591c995847240e6fd4f1f7a4a8159970dca59e?s=96&d=mm&r=g\",\"caption\":\"conectagrao\"},\"description\":\"ConectaGr\u00e3o\u00ae \u00e9 uma plataforma digital que conecta produtores, empresas e compradores do agroneg\u00f3cio, oferecendo an\u00e1lises de mercado, cota\u00e7\u00f5es, ferramentas e conte\u00fados gratuitos para facilitar o dia a dia no campo. Fundada por Genecir Jacoboski e Kao\u00ea T. Rauch a ConectaGr\u00e3o\u00ae tem como miss\u00e3o valorizar o produtor e aproximar o campo do mercado com tecnologia, informa\u00e7\u00e3o e inova\u00e7\u00e3o.\",\"sameAs\":[\"https:\\\/\\\/conectagrao.com.br\\\/blog\",\"https:\\\/\\\/www.facebook.com\\\/share\\\/1A5mH5g3LK\\\/\",\"https:\\\/\\\/www.instagram.com\\\/conectagrao?igsh=azQ1dXBndnp4dzZw\",\"https:\\\/\\\/youtube.com\\\/@conectagrao?si=QnGS_Zm7Cuj1pznt\"],\"url\":\"https:\\\/\\\/conectagrao.com.br\\\/blog\\\/author\\\/conectagrao\\\/\"}]}<\/script>\n<!-- \/ Yoast SEO plugin. -->","yoast_head_json":{"title":"Tarifa\u00e7o dos EUA, que Coloca em Risco Bilh\u00f5es nas Exporta\u00e7\u00f5es do Sul de Santa Catarina - ConectaGr\u00e3o","description":"Entenda os impactos do tarifa\u00e7o dos EUA, que coloca em risco bilh\u00f5es nas exporta\u00e7\u00f5es do Sul de Santa Catarina.","robots":{"index":"index","follow":"follow","max-snippet":"max-snippet:-1","max-image-preview":"max-image-preview:large","max-video-preview":"max-video-preview:-1"},"canonical":"https:\/\/conectagrao.com.br\/blog\/tarifaco-dos-eua-que-coloca-em-risco-bilhoes-nas-exportacoes-do-sul-de-santa-catarina\/","og_locale":"pt_BR","og_type":"article","og_title":"Tarifa\u00e7o dos EUA, que Coloca em Risco Bilh\u00f5es nas Exporta\u00e7\u00f5es do Sul de Santa Catarina - ConectaGr\u00e3o","og_description":"Entenda os impactos do tarifa\u00e7o dos EUA, que coloca em risco bilh\u00f5es nas exporta\u00e7\u00f5es do Sul de Santa Catarina.","og_url":"https:\/\/conectagrao.com.br\/blog\/tarifaco-dos-eua-que-coloca-em-risco-bilhoes-nas-exportacoes-do-sul-de-santa-catarina\/","og_site_name":"ConectaGr\u00e3o","article_publisher":"https:\/\/www.facebook.com\/conectagrao\/","article_author":"https:\/\/www.facebook.com\/share\/1A5mH5g3LK\/","article_published_time":"2025-09-09T08:30:00+00:00","og_image":[{"width":1200,"height":800,"url":"https:\/\/conectagrao.com.br\/blog\/wp-content\/uploads\/2025\/09\/Design-sem-nome-9.png","type":"image\/png"}],"author":"conectagrao","twitter_card":"summary_large_image","twitter_misc":{"Escrito por":"conectagrao","Est. tempo de leitura":"5 minutos"},"schema":{"@context":"https:\/\/schema.org","@graph":[{"@type":"Article","@id":"https:\/\/conectagrao.com.br\/blog\/tarifaco-dos-eua-que-coloca-em-risco-bilhoes-nas-exportacoes-do-sul-de-santa-catarina\/#article","isPartOf":{"@id":"https:\/\/conectagrao.com.br\/blog\/tarifaco-dos-eua-que-coloca-em-risco-bilhoes-nas-exportacoes-do-sul-de-santa-catarina\/"},"author":{"name":"conectagrao","@id":"https:\/\/conectagrao.com.br\/blog\/#\/schema\/person\/ba64f63526cab8efbf8b1f8198926135"},"headline":"Tarifa\u00e7o dos EUA, que Coloca em Risco Bilh\u00f5es nas Exporta\u00e7\u00f5es do Sul de Santa Catarina","datePublished":"2025-09-09T08:30:00+00:00","mainEntityOfPage":{"@id":"https:\/\/conectagrao.com.br\/blog\/tarifaco-dos-eua-que-coloca-em-risco-bilhoes-nas-exportacoes-do-sul-de-santa-catarina\/"},"wordCount":783,"commentCount":0,"publisher":{"@id":"https:\/\/conectagrao.com.br\/blog\/#organization"},"image":{"@id":"https:\/\/conectagrao.com.br\/blog\/tarifaco-dos-eua-que-coloca-em-risco-bilhoes-nas-exportacoes-do-sul-de-santa-catarina\/#primaryimage"},"thumbnailUrl":"https:\/\/conectagrao.com.br\/blog\/wp-content\/uploads\/2025\/09\/Design-sem-nome-9.png","keywords":["com\u00e9rcio internacional agroind\u00fastria","diversifica\u00e7\u00e3o mercados Sul Santa Catarina","estrat\u00e9gias mitiga\u00e7\u00e3o tarifas.","impactos tarifas americanas Brasil","pacote apoio exportadores SC","preju\u00edzos bilion\u00e1rios exporta\u00e7\u00f5es","Sebrae adapta\u00e7\u00e3o pequenos neg\u00f3cios","setores afetados cer\u00e2mica madeira","tarifa\u00e7o EUA exporta\u00e7\u00f5es SC"],"articleSection":["Blog","Vis\u00e3o de Mercado"],"inLanguage":"pt-BR","potentialAction":[{"@type":"CommentAction","name":"Comment","target":["https:\/\/conectagrao.com.br\/blog\/tarifaco-dos-eua-que-coloca-em-risco-bilhoes-nas-exportacoes-do-sul-de-santa-catarina\/#respond"]}]},{"@type":"WebPage","@id":"https:\/\/conectagrao.com.br\/blog\/tarifaco-dos-eua-que-coloca-em-risco-bilhoes-nas-exportacoes-do-sul-de-santa-catarina\/","url":"https:\/\/conectagrao.com.br\/blog\/tarifaco-dos-eua-que-coloca-em-risco-bilhoes-nas-exportacoes-do-sul-de-santa-catarina\/","name":"Tarifa\u00e7o dos EUA, que Coloca em Risco Bilh\u00f5es nas Exporta\u00e7\u00f5es do Sul de Santa Catarina - ConectaGr\u00e3o","isPartOf":{"@id":"https:\/\/conectagrao.com.br\/blog\/#website"},"primaryImageOfPage":{"@id":"https:\/\/conectagrao.com.br\/blog\/tarifaco-dos-eua-que-coloca-em-risco-bilhoes-nas-exportacoes-do-sul-de-santa-catarina\/#primaryimage"},"image":{"@id":"https:\/\/conectagrao.com.br\/blog\/tarifaco-dos-eua-que-coloca-em-risco-bilhoes-nas-exportacoes-do-sul-de-santa-catarina\/#primaryimage"},"thumbnailUrl":"https:\/\/conectagrao.com.br\/blog\/wp-content\/uploads\/2025\/09\/Design-sem-nome-9.png","datePublished":"2025-09-09T08:30:00+00:00","description":"Entenda os impactos do tarifa\u00e7o dos EUA, que coloca em risco bilh\u00f5es nas exporta\u00e7\u00f5es do Sul de Santa Catarina.","breadcrumb":{"@id":"https:\/\/conectagrao.com.br\/blog\/tarifaco-dos-eua-que-coloca-em-risco-bilhoes-nas-exportacoes-do-sul-de-santa-catarina\/#breadcrumb"},"inLanguage":"pt-BR","potentialAction":[{"@type":"ReadAction","target":["https:\/\/conectagrao.com.br\/blog\/tarifaco-dos-eua-que-coloca-em-risco-bilhoes-nas-exportacoes-do-sul-de-santa-catarina\/"]}]},{"@type":"ImageObject","inLanguage":"pt-BR","@id":"https:\/\/conectagrao.com.br\/blog\/tarifaco-dos-eua-que-coloca-em-risco-bilhoes-nas-exportacoes-do-sul-de-santa-catarina\/#primaryimage","url":"https:\/\/conectagrao.com.br\/blog\/wp-content\/uploads\/2025\/09\/Design-sem-nome-9.png","contentUrl":"https:\/\/conectagrao.com.br\/blog\/wp-content\/uploads\/2025\/09\/Design-sem-nome-9.png","width":1200,"height":800},{"@type":"BreadcrumbList","@id":"https:\/\/conectagrao.com.br\/blog\/tarifaco-dos-eua-que-coloca-em-risco-bilhoes-nas-exportacoes-do-sul-de-santa-catarina\/#breadcrumb","itemListElement":[{"@type":"ListItem","position":1,"name":"In\u00edcio","item":"https:\/\/conectagrao.com.br\/blog\/"},{"@type":"ListItem","position":2,"name":"Tarifa\u00e7o dos EUA, que Coloca em Risco Bilh\u00f5es nas Exporta\u00e7\u00f5es do Sul de Santa Catarina"}]},{"@type":"WebSite","@id":"https:\/\/conectagrao.com.br\/blog\/#website","url":"https:\/\/conectagrao.com.br\/blog\/","name":"ConectaGr\u00e3o","description":"Conectando o futuro com o agroneg\u00f3cio.","publisher":{"@id":"https:\/\/conectagrao.com.br\/blog\/#organization"},"alternateName":"conectagrao","potentialAction":[{"@type":"SearchAction","target":{"@type":"EntryPoint","urlTemplate":"https:\/\/conectagrao.com.br\/blog\/?s={search_term_string}"},"query-input":{"@type":"PropertyValueSpecification","valueRequired":true,"valueName":"search_term_string"}}],"inLanguage":"pt-BR"},{"@type":"Organization","@id":"https:\/\/conectagrao.com.br\/blog\/#organization","name":"ConectaGr\u00e3o","alternateName":"conectagrao","url":"https:\/\/conectagrao.com.br\/blog\/","logo":{"@type":"ImageObject","inLanguage":"pt-BR","@id":"https:\/\/conectagrao.com.br\/blog\/#\/schema\/logo\/image\/","url":"https:\/\/conectagrao.com.br\/blog\/wp-content\/uploads\/2025\/07\/ConectaGrao-6.png","contentUrl":"https:\/\/conectagrao.com.br\/blog\/wp-content\/uploads\/2025\/07\/ConectaGrao-6.png","width":447,"height":559,"caption":"ConectaGr\u00e3o"},"image":{"@id":"https:\/\/conectagrao.com.br\/blog\/#\/schema\/logo\/image\/"},"sameAs":["https:\/\/www.facebook.com\/conectagrao\/","https:\/\/www.tiktok.com\/@conectagrao?_t=ZM-8xPuS2d6MFB&_r=1","https:\/\/www.threads.com\/@conectagrao","https:\/\/www.youtube.com\/@conectagrao","https:\/\/www.instagram.com\/conectagrao"]},{"@type":"Person","@id":"https:\/\/conectagrao.com.br\/blog\/#\/schema\/person\/ba64f63526cab8efbf8b1f8198926135","name":"conectagrao","image":{"@type":"ImageObject","inLanguage":"pt-BR","@id":"https:\/\/secure.gravatar.com\/avatar\/fb3dc2cba7f544171abec58358591c995847240e6fd4f1f7a4a8159970dca59e?s=96&d=mm&r=g","url":"https:\/\/secure.gravatar.com\/avatar\/fb3dc2cba7f544171abec58358591c995847240e6fd4f1f7a4a8159970dca59e?s=96&d=mm&r=g","contentUrl":"https:\/\/secure.gravatar.com\/avatar\/fb3dc2cba7f544171abec58358591c995847240e6fd4f1f7a4a8159970dca59e?s=96&d=mm&r=g","caption":"conectagrao"},"description":"ConectaGr\u00e3o\u00ae \u00e9 uma plataforma digital que conecta produtores, empresas e compradores do agroneg\u00f3cio, oferecendo an\u00e1lises de mercado, cota\u00e7\u00f5es, ferramentas e conte\u00fados gratuitos para facilitar o dia a dia no campo. Fundada por Genecir Jacoboski e Kao\u00ea T. Rauch a ConectaGr\u00e3o\u00ae tem como miss\u00e3o valorizar o produtor e aproximar o campo do mercado com tecnologia, informa\u00e7\u00e3o e inova\u00e7\u00e3o.","sameAs":["https:\/\/conectagrao.com.br\/blog","https:\/\/www.facebook.com\/share\/1A5mH5g3LK\/","https:\/\/www.instagram.com\/conectagrao?igsh=azQ1dXBndnp4dzZw","https:\/\/youtube.com\/@conectagrao?si=QnGS_Zm7Cuj1pznt"],"url":"https:\/\/conectagrao.com.br\/blog\/author\/conectagrao\/"}]}},"uagb_featured_image_src":{"full":["https:\/\/conectagrao.com.br\/blog\/wp-content\/uploads\/2025\/09\/Design-sem-nome-9.png",1200,800,false],"thumbnail":["https:\/\/conectagrao.com.br\/blog\/wp-content\/uploads\/2025\/09\/Design-sem-nome-9-150x150.png",150,150,true],"medium":["https:\/\/conectagrao.com.br\/blog\/wp-content\/uploads\/2025\/09\/Design-sem-nome-9-300x200.png",300,200,true],"medium_large":["https:\/\/conectagrao.com.br\/blog\/wp-content\/uploads\/2025\/09\/Design-sem-nome-9-768x512.png",640,427,true],"large":["https:\/\/conectagrao.com.br\/blog\/wp-content\/uploads\/2025\/09\/Design-sem-nome-9-1024x683.png",640,427,true],"1536x1536":["https:\/\/conectagrao.com.br\/blog\/wp-content\/uploads\/2025\/09\/Design-sem-nome-9.png",1200,800,false],"2048x2048":["https:\/\/conectagrao.com.br\/blog\/wp-content\/uploads\/2025\/09\/Design-sem-nome-9.png",1200,800,false],"cvmm-medium":["https:\/\/conectagrao.com.br\/blog\/wp-content\/uploads\/2025\/09\/Design-sem-nome-9-300x300.png",300,300,true],"cvmm-medium-plus":["https:\/\/conectagrao.com.br\/blog\/wp-content\/uploads\/2025\/09\/Design-sem-nome-9-305x207.png",305,207,true],"cvmm-portrait":["https:\/\/conectagrao.com.br\/blog\/wp-content\/uploads\/2025\/09\/Design-sem-nome-9-400x600.png",400,600,true],"cvmm-medium-square":["https:\/\/conectagrao.com.br\/blog\/wp-content\/uploads\/2025\/09\/Design-sem-nome-9-600x600.png",600,600,true],"cvmm-large":["https:\/\/conectagrao.com.br\/blog\/wp-content\/uploads\/2025\/09\/Design-sem-nome-9-1024x800.png",1024,800,true],"cvmm-small":["https:\/\/conectagrao.com.br\/blog\/wp-content\/uploads\/2025\/09\/Design-sem-nome-9-130x95.png",130,95,true],"news-portal-block-medium":["https:\/\/conectagrao.com.br\/blog\/wp-content\/uploads\/2025\/09\/Design-sem-nome-9-305x207.png",305,207,true],"news-portal-block-thumb":["https:\/\/conectagrao.com.br\/blog\/wp-content\/uploads\/2025\/09\/Design-sem-nome-9-136x102.png",136,102,true],"news-portal-slider-medium":["https:\/\/conectagrao.com.br\/blog\/wp-content\/uploads\/2025\/09\/Design-sem-nome-9-622x420.png",622,420,true],"news-portal-carousel-portrait":["https:\/\/conectagrao.com.br\/blog\/wp-content\/uploads\/2025\/09\/Design-sem-nome-9-400x600.png",400,600,true],"news-portal-alternate-grid":["https:\/\/conectagrao.com.br\/blog\/wp-content\/uploads\/2025\/09\/Design-sem-nome-9-340x316.png",340,316,true],"web-stories-poster-portrait":["https:\/\/conectagrao.com.br\/blog\/wp-content\/uploads\/2025\/09\/Design-sem-nome-9-640x800.png",640,800,true],"web-stories-publisher-logo":["https:\/\/conectagrao.com.br\/blog\/wp-content\/uploads\/2025\/09\/Design-sem-nome-9-96x96.png",96,96,true],"web-stories-thumbnail":["https:\/\/conectagrao.com.br\/blog\/wp-content\/uploads\/2025\/09\/Design-sem-nome-9-150x100.png",150,100,true]},"uagb_author_info":{"display_name":"conectagrao","author_link":"https:\/\/conectagrao.com.br\/blog\/author\/conectagrao\/"},"uagb_comment_info":0,"uagb_excerpt":"Imagine um exportador de madeira no Sul de Santa Catarina acordando com a not\u00edcia de que suas remessas para os EUA agora custam 50% mais em tarifas, amea\u00e7ando contratos milion\u00e1rios. De fato, segundo a FIESC, o tarifa\u00e7o dos EUA, que coloca em risco bilh\u00f5es nas exporta\u00e7\u00f5es do Sul de Santa Catarina, pode impactar at\u00e9 88%&hellip;","blog_post_layout_featured_media_urls":{"thumbnail":["https:\/\/conectagrao.com.br\/blog\/wp-content\/uploads\/2025\/09\/Design-sem-nome-9-150x150.png",150,150,true],"full":["https:\/\/conectagrao.com.br\/blog\/wp-content\/uploads\/2025\/09\/Design-sem-nome-9.png",1200,800,false]},"categories_names":{"1":{"name":"Blog","link":"https:\/\/conectagrao.com.br\/blog\/blog\/"},"29":{"name":"Vis\u00e3o de Mercado","link":"https:\/\/conectagrao.com.br\/blog\/mercado\/"}},"tags_names":{"306":{"name":"com\u00e9rcio internacional agroind\u00fastria","link":"https:\/\/conectagrao.com.br\/blog\/tag\/comercio-internacional-agroindustria\/"},"310":{"name":"diversifica\u00e7\u00e3o mercados Sul Santa Catarina","link":"https:\/\/conectagrao.com.br\/blog\/tag\/diversificacao-mercados-sul-santa-catarina\/"},"304":{"name":"estrat\u00e9gias mitiga\u00e7\u00e3o tarifas.","link":"https:\/\/conectagrao.com.br\/blog\/tag\/estrategias-mitigacao-tarifas\/"},"312":{"name":"impactos tarifas americanas Brasil","link":"https:\/\/conectagrao.com.br\/blog\/tag\/impactos-tarifas-americanas-brasil\/"},"309":{"name":"pacote apoio exportadores SC","link":"https:\/\/conectagrao.com.br\/blog\/tag\/pacote-apoio-exportadores-sc\/"},"305":{"name":"preju\u00edzos bilion\u00e1rios exporta\u00e7\u00f5es","link":"https:\/\/conectagrao.com.br\/blog\/tag\/prejuizos-bilionarios-exportacoes\/"},"307":{"name":"Sebrae adapta\u00e7\u00e3o pequenos neg\u00f3cios","link":"https:\/\/conectagrao.com.br\/blog\/tag\/sebrae-adaptacao-pequenos-negocios\/"},"311":{"name":"setores afetados cer\u00e2mica madeira","link":"https:\/\/conectagrao.com.br\/blog\/tag\/setores-afetados-ceramica-madeira\/"},"313":{"name":"tarifa\u00e7o EUA exporta\u00e7\u00f5es SC","link":"https:\/\/conectagrao.com.br\/blog\/tag\/tarifaco-eua-exportacoes-sc\/"}},"comments_number":"0","wpmagazine_modules_lite_featured_media_urls":{"thumbnail":["https:\/\/conectagrao.com.br\/blog\/wp-content\/uploads\/2025\/09\/Design-sem-nome-9-150x150.png",150,150,true],"cvmm-medium":["https:\/\/conectagrao.com.br\/blog\/wp-content\/uploads\/2025\/09\/Design-sem-nome-9-300x300.png",300,300,true],"cvmm-medium-plus":["https:\/\/conectagrao.com.br\/blog\/wp-content\/uploads\/2025\/09\/Design-sem-nome-9-305x207.png",305,207,true],"cvmm-portrait":["https:\/\/conectagrao.com.br\/blog\/wp-content\/uploads\/2025\/09\/Design-sem-nome-9-400x600.png",400,600,true],"cvmm-medium-square":["https:\/\/conectagrao.com.br\/blog\/wp-content\/uploads\/2025\/09\/Design-sem-nome-9-600x600.png",600,600,true],"cvmm-large":["https:\/\/conectagrao.com.br\/blog\/wp-content\/uploads\/2025\/09\/Design-sem-nome-9-1024x800.png",1024,800,true],"cvmm-small":["https:\/\/conectagrao.com.br\/blog\/wp-content\/uploads\/2025\/09\/Design-sem-nome-9-130x95.png",130,95,true],"full":["https:\/\/conectagrao.com.br\/blog\/wp-content\/uploads\/2025\/09\/Design-sem-nome-9.png",1200,800,false]},"_links":{"self":[{"href":"https:\/\/conectagrao.com.br\/blog\/wp-json\/wp\/v2\/posts\/1239","targetHints":{"allow":["GET"]}}],"collection":[{"href":"https:\/\/conectagrao.com.br\/blog\/wp-json\/wp\/v2\/posts"}],"about":[{"href":"https:\/\/conectagrao.com.br\/blog\/wp-json\/wp\/v2\/types\/post"}],"author":[{"embeddable":true,"href":"https:\/\/conectagrao.com.br\/blog\/wp-json\/wp\/v2\/users\/1"}],"replies":[{"embeddable":true,"href":"https:\/\/conectagrao.com.br\/blog\/wp-json\/wp\/v2\/comments?post=1239"}],"version-history":[{"count":1,"href":"https:\/\/conectagrao.com.br\/blog\/wp-json\/wp\/v2\/posts\/1239\/revisions"}],"predecessor-version":[{"id":1241,"href":"https:\/\/conectagrao.com.br\/blog\/wp-json\/wp\/v2\/posts\/1239\/revisions\/1241"}],"wp:featuredmedia":[{"embeddable":true,"href":"https:\/\/conectagrao.com.br\/blog\/wp-json\/wp\/v2\/media\/1240"}],"wp:attachment":[{"href":"https:\/\/conectagrao.com.br\/blog\/wp-json\/wp\/v2\/media?parent=1239"}],"wp:term":[{"taxonomy":"category","embeddable":true,"href":"https:\/\/conectagrao.com.br\/blog\/wp-json\/wp\/v2\/categories?post=1239"},{"taxonomy":"post_tag","embeddable":true,"href":"https:\/\/conectagrao.com.br\/blog\/wp-json\/wp\/v2\/tags?post=1239"}],"curies":[{"name":"wp","href":"https:\/\/api.w.org\/{rel}","templated":true}]}}