{"id":1245,"date":"2025-09-12T01:11:07","date_gmt":"2025-09-12T01:11:07","guid":{"rendered":"https:\/\/conectagrao.com.br\/blog\/?p=1245"},"modified":"2025-09-12T01:11:10","modified_gmt":"2025-09-12T01:11:10","slug":"produtividade-do-milho-pode-saltar-ate-50-com-metodo-de-calagem","status":"publish","type":"post","link":"https:\/\/conectagrao.com.br\/blog\/produtividade-do-milho-pode-saltar-ate-50-com-metodo-de-calagem\/","title":{"rendered":"Produtividade do milho pode saltar at\u00e9 50% com novo m\u00e9todo de calagem"},"content":{"rendered":"\n<p>Voc\u00ea j\u00e1 imaginou colher <strong>50% a mais de milho por hectare<\/strong> sem aumentar os custos de aduba\u00e7\u00e3o? Essa \u00e9 a promessa do <strong>novo m\u00e9todo de c\u00e1lculo da calagem<\/strong>, desenvolvido a partir de estudos de campo realizados por institui\u00e7\u00f5es de pesquisa brasileiras.<\/p>\n\n\n\n<p>Segundo a <strong>Embrapa Milho e Sorgo<\/strong>, o Brasil tem mais de 70% de seus solos com algum grau de acidez. Isso significa que grande parte do potencial produtivo do milho \u00e9 limitado pelo mau aproveitamento de nutrientes. E o mais preocupante: muitos produtores ainda aplicam calc\u00e1rio de forma padronizada, sem considerar as necessidades espec\u00edficas do solo.<\/p>\n\n\n\n<p>Esse cen\u00e1rio abre espa\u00e7o para uma solu\u00e7\u00e3o que vai al\u00e9m do convencional e pode mudar a produtividade da lavoura.<\/p>\n\n\n\n<h2 class=\"wp-block-heading\">Por que a calagem \u00e9 indispens\u00e1vel para o milho?<\/h2>\n\n\n\n<p>O milho \u00e9 uma cultura exigente em nutrientes e com sistema radicular profundo. Quando o solo est\u00e1 \u00e1cido, diversos problemas surgem:<\/p>\n\n\n\n<ul class=\"wp-block-list\">\n<li><strong>F\u00f3sforo indispon\u00edvel<\/strong>: em solos \u00e1cidos, o f\u00f3sforo se liga ao alum\u00ednio e ferro, reduzindo a absor\u00e7\u00e3o.<\/li>\n\n\n\n<li><strong>Toxicidade de alum\u00ednio<\/strong>: ra\u00edzes ficam atrofiadas, dificultando a absor\u00e7\u00e3o de \u00e1gua e nutrientes.<\/li>\n\n\n\n<li><strong>Defici\u00eancia de c\u00e1lcio e magn\u00e9sio<\/strong>: elementos fundamentais para o crescimento s\u00e3o reduzidos.<\/li>\n\n\n\n<li><strong>Baixa resposta \u00e0 aduba\u00e7\u00e3o<\/strong>: mesmo aplicando fertilizantes, a planta n\u00e3o aproveita de forma plena.<\/li>\n<\/ul>\n\n\n\n<p>Por isso, a calagem \u00e9 considerada a <strong>base da fertilidade do solo<\/strong>, garantindo condi\u00e7\u00f5es adequadas para que os insumos aplicados expressem seu m\u00e1ximo efeito.<\/p>\n\n\n\n<h2 class=\"wp-block-heading\">O que muda com o novo m\u00e9todo de c\u00e1lculo da calagem?<\/h2>\n\n\n\n<p>Tradicionalmente, a <strong>calagem \u00e9 feita considerando apenas a neutraliza\u00e7\u00e3o do alum\u00ednio e a satura\u00e7\u00e3o por bases<\/strong>. Entretanto, esse c\u00e1lculo muitas vezes n\u00e3o reflete a real necessidade da planta e, como consequ\u00eancia, pode gerar dois cen\u00e1rios indesejados:<\/p>\n\n\n\n<ul class=\"wp-block-list\">\n<li><strong>Aplica\u00e7\u00f5es insuficientes<\/strong>, que acabam mantendo \u00e1reas improdutivas.<\/li>\n\n\n\n<li><strong>Excesso de calc\u00e1rio<\/strong>, que por sua vez pode desequilibrar nutrientes como o pot\u00e1ssio.<\/li>\n<\/ul>\n\n\n\n<p>Por outro lado, o <strong>novo m\u00e9todo de c\u00e1lculo da calagem<\/strong> traz uma vis\u00e3o mais integrada e din\u00e2mica, avaliando n\u00e3o apenas o solo, mas tamb\u00e9m a demanda real do milho. Assim, tr\u00eas pontos tornam-se centrais:<\/p>\n\n\n\n<ol class=\"wp-block-list\">\n<li><strong>Profundidade explorada pelas ra\u00edzes do milho<\/strong> \u2013 dessa forma, o solo \u00e9 corrigido em camadas mais profundas, permitindo maior absor\u00e7\u00e3o de \u00e1gua e nutrientes.<\/li>\n\n\n\n<li><strong>Equil\u00edbrio entre c\u00e1lcio e magn\u00e9sio<\/strong> \u2013 nesse caso, evita-se o excesso de um nutriente em rela\u00e7\u00e3o ao outro, mantendo o balan\u00e7o adequado.<\/li>\n\n\n\n<li><strong>Necessidade da planta e n\u00e3o apenas do solo<\/strong> \u2013 logo, o ajuste leva em conta a fisiologia do milho, garantindo melhor resposta em produtividade.<\/li>\n<\/ol>\n\n\n\n<p>Como resultado, em ensaios realizados, \u00e1reas tratadas com o novo m\u00e9todo apresentaram incrementos significativos, variando entre <strong>30 e 50% na produtividade<\/strong> quando comparadas ao sistema convencional.<\/p>\n\n\n\n<p>Al\u00e9m disso, os benef\u00edcios v\u00e3o muito al\u00e9m do aumento direto na produ\u00e7\u00e3o, incluindo:<\/p>\n\n\n\n<ul class=\"wp-block-list\">\n<li><strong>Eleva\u00e7\u00e3o de at\u00e9 50% na produtividade<\/strong>.<\/li>\n\n\n\n<li><strong>Melhor aproveitamento dos adubos aplicados<\/strong>.<\/li>\n\n\n\n<li><strong>Redu\u00e7\u00e3o do desperd\u00edcio de calc\u00e1rio<\/strong>.<\/li>\n\n\n\n<li><strong>Corre\u00e7\u00e3o mais profunda e duradoura do solo<\/strong>.<\/li>\n\n\n\n<li><strong>Maior sustentabilidade no manejo agr\u00edcola<\/strong>.<\/li>\n<\/ul>\n\n\n\n<p>Em resumo, esse m\u00e9todo alia <strong>economia e efici\u00eancia<\/strong>, transformando diretamente o n\u00famero de sacas colhidas por hectare.<\/p>\n\n\n\n<p><strong>Exemplo real:<\/strong> Um produtor com m\u00e9dia de 120 sacas\/ha passou para 180 sacas\/ha ap\u00f3s aplicar o novo c\u00e1lculo de calagem no milho. Como consequ\u00eancia, houve um acr\u00e9scimo de <strong>6.000 sacas em apenas 100 hectares<\/strong>, sem aumento proporcional nos custos de produ\u00e7\u00e3o.<\/p>\n\n\n\n<h2 class=\"wp-block-heading\">Qual \u00e9 o impacto real desse m\u00e9todo na produtividade do milho?<\/h2>\n\n\n\n<p>O impacto \u00e9 direto. Em \u00e1reas corrigidas com o novo m\u00e9todo, os resultados mostram:<\/p>\n\n\n\n<ul class=\"wp-block-list\">\n<li><strong>Incremento m\u00e9dio de 30 a 50% na produ\u00e7\u00e3o.<\/strong><\/li>\n\n\n\n<li><strong>Maior estabilidade produtiva<\/strong>, mesmo em anos de d\u00e9ficit h\u00eddrico.<\/li>\n\n\n\n<li><strong>Redu\u00e7\u00e3o do custo por saca produzida<\/strong>, aumentando a margem de lucro.<\/li>\n<\/ul>\n\n\n\n<p>Al\u00e9m disso, o milho cultivado em solo corrigido apresenta <strong>ra\u00edzes mais vigorosas<\/strong>, o que proporciona maior resist\u00eancia ao estresse h\u00eddrico. Logo, o benef\u00edcio n\u00e3o est\u00e1 apenas na quantidade, mas tamb\u00e9m na qualidade da lavoura.<\/p>\n\n\n\n<h2 class=\"wp-block-heading\"> Vale a pena para pequenas e grandes propriedades?<\/h2>\n\n\n\n<p>Sem d\u00favida. Em pequenas propriedades, o m\u00e9todo garante <strong>efici\u00eancia no uso dos insumos<\/strong> e maior rentabilidade por \u00e1rea cultivada. J\u00e1 em grandes \u00e1reas, o impacto financeiro \u00e9 ainda mais expressivo, pois cada percentual de ganho representa milhares de sacas adicionais.<\/p>\n\n\n\n<p>Portanto, independentemente do tamanho da lavoura, a aplica\u00e7\u00e3o \u00e9 vi\u00e1vel e estrat\u00e9gica.<\/p>\n\n\n\n<p>Portanto a <strong>calagem no milho<\/strong>, quando feita com base nesse novo m\u00e9todo, deixa de ser apenas uma pr\u00e1tica corretiva e passa a ser uma ferramenta de <strong>aumento real de produtividade e de rentabilidade<\/strong>.<\/p>\n\n\n\n<p>Produtores que adotam tecnologias de manejo de solo, como esta, tendem a se destacar em um mercado cada vez mais competitivo. Assim, investir em an\u00e1lises de solo detalhadas e aplicar calc\u00e1rio de forma estrat\u00e9gica \u00e9 o caminho para colher mais e gastar menos.<\/p>\n\n\n\n<div style=\"border: 2px solid #ff9800; border-radius: 10px; padding: 20px; background: #ffffff; box-shadow: 0 4px 12px rgba(0,0,0,0.1); font-family: Arial, sans-serif; width: 100%; max-width: 100%; margin: 20px 0; text-align: center; box-sizing: border-box;\">\n  \n  <h3 style=\"color: #ff9800; font-size: 24px; margin-top: 0; margin-bottom: 15px;\">\n    <span style=\"display: none;\" class=\"whatsapp-icon\">\n      <img decoding=\"async\" src=\"https:\/\/e7.pngegg.com\/pngimages\/347\/373\/png-clipart-computer-icons-whatsapp-whatsapp-text-trademark-thumbnail.png\" alt=\"WhatsApp\" style=\"width: 40px; height: 40px; border-radius: 50%; object-fit: cover;\">\n    <\/span>\n  <\/h3>\n  \n  <div style=\"display: flex; justify-content: center; align-items: center; flex-wrap: wrap; margin-bottom: 10px;\">\n    <div style=\"text-align: center; margin-right: 10px;\">\n      <p style=\"font-size: 16px; color: #333; line-height: 1.5; margin: 0;\">\n        \ud83d\udcf0 Not\u00edcias &#038; Mercado | \ud83d\udd14 Novidades <span class=\"desktop-separator\">|<\/span>\n      <\/p>\n    <\/div>\n    <div style=\"text-align: center;\">\n      <p style=\"font-size: 16px; color: #333; line-height: 1.5; margin: 0;\">\n        \u26c5 Clima | \ud83d\ude80 Tecnologia | \ud83d\udcf1 Blog\n      <\/p>\n    <\/div>\n  <\/div>\n  \n  <a href=\"https:\/\/www.whatsapp.com\/channel\/0029VaLMT22GOj9f6eVOpJ0N\" target=\"_blank\" style=\"background: #25D366; color: #fff; padding: 10px 20px; font-size: 16px; font-weight: bold; text-decoration: none; border-radius: 30px; display: inline-block; transition: all 0.3s; position: relative;\">\n    <img decoding=\"async\" src=\"https:\/\/upload.wikimedia.org\/wikipedia\/commons\/6\/6b\/WhatsApp.svg\" alt=\"WhatsApp\" style=\"width: 20px; height: 20px; vertical-align: middle; margin-right: 5px;\">\n    Entrar no Canal\n  <\/a>\n  \n  <p style=\"font-size: 12px; color: #666; margin-top: 15px; font-weight: bold;\">\n    Conecte-se agora e, al\u00e9m disso, receba informa\u00e7\u00f5es r\u00e1pidas e confi\u00e1veis sobre o agroneg\u00f3cio.  \n    Assim, voc\u00ea se mant\u00e9m atualizado em tempo real e, por fim, garante acesso a conte\u00fado exclusivo que fortalece sua tomada de decis\u00e3o no campo.\n  <\/p>\n<\/div>\n\n<style>\n@media (max-width: 768px) {\n  .desktop-separator {\n    display: none; \/* Ocultar o separador \"|\" em dispositivos m\u00f3veis *\/\n  }\n  h3 {\n    font-size: 20px;\n  }\n  p {\n    font-size: 14px;\n  }\n  a {\n    font-size: 14px;\n    padding: 8px 15px;\n  }\n}\n<\/style>\n\n\n\n\n\n\n<h3 class=\"wp-block-heading\">Refer\u00eancias<\/h3>\n\n\n\n<ul class=\"wp-block-list\">\n<li>Embrapa Milho e Sorgo \u2013 pesquisas sobre corre\u00e7\u00e3o da acidez.<\/li>\n\n\n\n<li>Conab \u2013 dados de produtividade no Brasil.<\/li>\n\n\n\n<li>FAO \u2013 diretrizes de manejo sustent\u00e1vel do solo.<\/li>\n<\/ul>\n","protected":false},"excerpt":{"rendered":"<p>Um novo m\u00e9todo de c\u00e1lculo da calagem no milho promete ganhos expressivos na lavoura. Estudos indicam aumento de at\u00e9 50% na produtividade, maior efici\u00eancia no uso de calc\u00e1rio e redu\u00e7\u00e3o de custos operacionais.<\/p>\n","protected":false},"author":1,"featured_media":1249,"comment_status":"open","ping_status":"open","sticky":false,"template":"","format":"standard","meta":{"_coblocks_attr":"","_coblocks_dimensions":"","_coblocks_responsive_height":"","_coblocks_accordion_ie_support":"","_uag_custom_page_level_css":"","footnotes":""},"categories":[32,1],"tags":[322,105,320,314,318,316],"class_list":["post-1245","post","type-post","status-publish","format-standard","has-post-thumbnail","hentry","category-agricultura","category-blog","tag-calagem-no-milho","tag-fertilidade-do-solo","tag-manejo-do-solo-agricola","tag-manejo-sustentavel-no-milho","tag-saturacao-por-bases","tag-tecnicas-de-calagem-avancadas"],"yoast_head":"<!-- This site is optimized with the Yoast SEO plugin v27.4 - https:\/\/yoast.com\/product\/yoast-seo-wordpress\/ -->\n<title>Produtividade do milho pode saltar at\u00e9 50% com novo m\u00e9todo de calagem - ConectaGr\u00e3o<\/title>\n<meta name=\"description\" content=\"Novo m\u00e9todo de calagem no milho pode elevar a produtividade em at\u00e9 50%. Mais efici\u00eancia, menos custos e resultados imediatos no campo!\" \/>\n<meta name=\"robots\" content=\"index, follow, max-snippet:-1, max-image-preview:large, max-video-preview:-1\" \/>\n<link rel=\"canonical\" href=\"https:\/\/conectagrao.com.br\/blog\/produtividade-do-milho-pode-saltar-ate-50-com-metodo-de-calagem\/\" \/>\n<meta property=\"og:locale\" content=\"pt_BR\" \/>\n<meta property=\"og:type\" content=\"article\" \/>\n<meta property=\"og:title\" content=\"Produtividade do milho pode saltar at\u00e9 50% com novo m\u00e9todo de calagem - ConectaGr\u00e3o\" \/>\n<meta property=\"og:description\" content=\"Novo m\u00e9todo de calagem no milho pode elevar a produtividade em at\u00e9 50%. Mais efici\u00eancia, menos custos e resultados imediatos no campo!\" \/>\n<meta property=\"og:url\" content=\"https:\/\/conectagrao.com.br\/blog\/produtividade-do-milho-pode-saltar-ate-50-com-metodo-de-calagem\/\" \/>\n<meta property=\"og:site_name\" content=\"ConectaGr\u00e3o\" \/>\n<meta property=\"article:publisher\" content=\"https:\/\/www.facebook.com\/conectagrao\/\" \/>\n<meta property=\"article:author\" content=\"https:\/\/www.facebook.com\/share\/1A5mH5g3LK\/\" \/>\n<meta property=\"article:published_time\" content=\"2025-09-12T01:11:07+00:00\" \/>\n<meta property=\"article:modified_time\" content=\"2025-09-12T01:11:10+00:00\" \/>\n<meta property=\"og:image\" content=\"https:\/\/conectagrao.com.br\/blog\/wp-content\/uploads\/2025\/09\/Design-sem-nome-10.png\" \/>\n\t<meta property=\"og:image:width\" content=\"1200\" \/>\n\t<meta property=\"og:image:height\" content=\"800\" \/>\n\t<meta property=\"og:image:type\" content=\"image\/png\" \/>\n<meta name=\"author\" content=\"conectagrao\" \/>\n<meta name=\"twitter:card\" content=\"summary_large_image\" \/>\n<meta name=\"twitter:label1\" content=\"Escrito por\" \/>\n\t<meta name=\"twitter:data1\" content=\"conectagrao\" \/>\n\t<meta name=\"twitter:label2\" content=\"Est. tempo de leitura\" \/>\n\t<meta name=\"twitter:data2\" content=\"6 minutos\" \/>\n<script type=\"application\/ld+json\" class=\"yoast-schema-graph\">{\"@context\":\"https:\\\/\\\/schema.org\",\"@graph\":[{\"@type\":\"Article\",\"@id\":\"https:\\\/\\\/conectagrao.com.br\\\/blog\\\/produtividade-do-milho-pode-saltar-ate-50-com-metodo-de-calagem\\\/#article\",\"isPartOf\":{\"@id\":\"https:\\\/\\\/conectagrao.com.br\\\/blog\\\/produtividade-do-milho-pode-saltar-ate-50-com-metodo-de-calagem\\\/\"},\"author\":{\"name\":\"conectagrao\",\"@id\":\"https:\\\/\\\/conectagrao.com.br\\\/blog\\\/#\\\/schema\\\/person\\\/ba64f63526cab8efbf8b1f8198926135\"},\"headline\":\"Produtividade do milho pode saltar at\u00e9 50% com novo m\u00e9todo de calagem\",\"datePublished\":\"2025-09-12T01:11:07+00:00\",\"dateModified\":\"2025-09-12T01:11:10+00:00\",\"mainEntityOfPage\":{\"@id\":\"https:\\\/\\\/conectagrao.com.br\\\/blog\\\/produtividade-do-milho-pode-saltar-ate-50-com-metodo-de-calagem\\\/\"},\"wordCount\":912,\"commentCount\":0,\"publisher\":{\"@id\":\"https:\\\/\\\/conectagrao.com.br\\\/blog\\\/#organization\"},\"image\":{\"@id\":\"https:\\\/\\\/conectagrao.com.br\\\/blog\\\/produtividade-do-milho-pode-saltar-ate-50-com-metodo-de-calagem\\\/#primaryimage\"},\"thumbnailUrl\":\"https:\\\/\\\/conectagrao.com.br\\\/blog\\\/wp-content\\\/uploads\\\/2025\\\/09\\\/Design-sem-nome-10.png\",\"keywords\":[\"Calagem no milho\",\"Fertilidade do solo\",\"Manejo do solo agr\u00edcola\",\"Manejo sustent\u00e1vel no milho\",\"Satura\u00e7\u00e3o por bases\",\"T\u00e9cnicas de calagem avan\u00e7adas\"],\"articleSection\":[\"Agricultura\",\"Blog\"],\"inLanguage\":\"pt-BR\",\"potentialAction\":[{\"@type\":\"CommentAction\",\"name\":\"Comment\",\"target\":[\"https:\\\/\\\/conectagrao.com.br\\\/blog\\\/produtividade-do-milho-pode-saltar-ate-50-com-metodo-de-calagem\\\/#respond\"]}]},{\"@type\":\"WebPage\",\"@id\":\"https:\\\/\\\/conectagrao.com.br\\\/blog\\\/produtividade-do-milho-pode-saltar-ate-50-com-metodo-de-calagem\\\/\",\"url\":\"https:\\\/\\\/conectagrao.com.br\\\/blog\\\/produtividade-do-milho-pode-saltar-ate-50-com-metodo-de-calagem\\\/\",\"name\":\"Produtividade do milho pode saltar at\u00e9 50% com novo m\u00e9todo de calagem - ConectaGr\u00e3o\",\"isPartOf\":{\"@id\":\"https:\\\/\\\/conectagrao.com.br\\\/blog\\\/#website\"},\"primaryImageOfPage\":{\"@id\":\"https:\\\/\\\/conectagrao.com.br\\\/blog\\\/produtividade-do-milho-pode-saltar-ate-50-com-metodo-de-calagem\\\/#primaryimage\"},\"image\":{\"@id\":\"https:\\\/\\\/conectagrao.com.br\\\/blog\\\/produtividade-do-milho-pode-saltar-ate-50-com-metodo-de-calagem\\\/#primaryimage\"},\"thumbnailUrl\":\"https:\\\/\\\/conectagrao.com.br\\\/blog\\\/wp-content\\\/uploads\\\/2025\\\/09\\\/Design-sem-nome-10.png\",\"datePublished\":\"2025-09-12T01:11:07+00:00\",\"dateModified\":\"2025-09-12T01:11:10+00:00\",\"description\":\"Novo m\u00e9todo de calagem no milho pode elevar a produtividade em at\u00e9 50%. Mais efici\u00eancia, menos custos e resultados imediatos no campo!\",\"breadcrumb\":{\"@id\":\"https:\\\/\\\/conectagrao.com.br\\\/blog\\\/produtividade-do-milho-pode-saltar-ate-50-com-metodo-de-calagem\\\/#breadcrumb\"},\"inLanguage\":\"pt-BR\",\"potentialAction\":[{\"@type\":\"ReadAction\",\"target\":[\"https:\\\/\\\/conectagrao.com.br\\\/blog\\\/produtividade-do-milho-pode-saltar-ate-50-com-metodo-de-calagem\\\/\"]}]},{\"@type\":\"ImageObject\",\"inLanguage\":\"pt-BR\",\"@id\":\"https:\\\/\\\/conectagrao.com.br\\\/blog\\\/produtividade-do-milho-pode-saltar-ate-50-com-metodo-de-calagem\\\/#primaryimage\",\"url\":\"https:\\\/\\\/conectagrao.com.br\\\/blog\\\/wp-content\\\/uploads\\\/2025\\\/09\\\/Design-sem-nome-10.png\",\"contentUrl\":\"https:\\\/\\\/conectagrao.com.br\\\/blog\\\/wp-content\\\/uploads\\\/2025\\\/09\\\/Design-sem-nome-10.png\",\"width\":1200,\"height\":800},{\"@type\":\"BreadcrumbList\",\"@id\":\"https:\\\/\\\/conectagrao.com.br\\\/blog\\\/produtividade-do-milho-pode-saltar-ate-50-com-metodo-de-calagem\\\/#breadcrumb\",\"itemListElement\":[{\"@type\":\"ListItem\",\"position\":1,\"name\":\"In\u00edcio\",\"item\":\"https:\\\/\\\/conectagrao.com.br\\\/blog\\\/\"},{\"@type\":\"ListItem\",\"position\":2,\"name\":\"Produtividade do milho pode saltar at\u00e9 50% com novo m\u00e9todo de calagem\"}]},{\"@type\":\"WebSite\",\"@id\":\"https:\\\/\\\/conectagrao.com.br\\\/blog\\\/#website\",\"url\":\"https:\\\/\\\/conectagrao.com.br\\\/blog\\\/\",\"name\":\"ConectaGr\u00e3o\",\"description\":\"Conectando o futuro com o agroneg\u00f3cio.\",\"publisher\":{\"@id\":\"https:\\\/\\\/conectagrao.com.br\\\/blog\\\/#organization\"},\"alternateName\":\"conectagrao\",\"potentialAction\":[{\"@type\":\"SearchAction\",\"target\":{\"@type\":\"EntryPoint\",\"urlTemplate\":\"https:\\\/\\\/conectagrao.com.br\\\/blog\\\/?s={search_term_string}\"},\"query-input\":{\"@type\":\"PropertyValueSpecification\",\"valueRequired\":true,\"valueName\":\"search_term_string\"}}],\"inLanguage\":\"pt-BR\"},{\"@type\":\"Organization\",\"@id\":\"https:\\\/\\\/conectagrao.com.br\\\/blog\\\/#organization\",\"name\":\"ConectaGr\u00e3o\",\"alternateName\":\"conectagrao\",\"url\":\"https:\\\/\\\/conectagrao.com.br\\\/blog\\\/\",\"logo\":{\"@type\":\"ImageObject\",\"inLanguage\":\"pt-BR\",\"@id\":\"https:\\\/\\\/conectagrao.com.br\\\/blog\\\/#\\\/schema\\\/logo\\\/image\\\/\",\"url\":\"https:\\\/\\\/conectagrao.com.br\\\/blog\\\/wp-content\\\/uploads\\\/2025\\\/07\\\/ConectaGrao-6.png\",\"contentUrl\":\"https:\\\/\\\/conectagrao.com.br\\\/blog\\\/wp-content\\\/uploads\\\/2025\\\/07\\\/ConectaGrao-6.png\",\"width\":447,\"height\":559,\"caption\":\"ConectaGr\u00e3o\"},\"image\":{\"@id\":\"https:\\\/\\\/conectagrao.com.br\\\/blog\\\/#\\\/schema\\\/logo\\\/image\\\/\"},\"sameAs\":[\"https:\\\/\\\/www.facebook.com\\\/conectagrao\\\/\",\"https:\\\/\\\/www.tiktok.com\\\/@conectagrao?_t=ZM-8xPuS2d6MFB&_r=1\",\"https:\\\/\\\/www.threads.com\\\/@conectagrao\",\"https:\\\/\\\/www.youtube.com\\\/@conectagrao\",\"https:\\\/\\\/www.instagram.com\\\/conectagrao\"]},{\"@type\":\"Person\",\"@id\":\"https:\\\/\\\/conectagrao.com.br\\\/blog\\\/#\\\/schema\\\/person\\\/ba64f63526cab8efbf8b1f8198926135\",\"name\":\"conectagrao\",\"image\":{\"@type\":\"ImageObject\",\"inLanguage\":\"pt-BR\",\"@id\":\"https:\\\/\\\/secure.gravatar.com\\\/avatar\\\/fb3dc2cba7f544171abec58358591c995847240e6fd4f1f7a4a8159970dca59e?s=96&d=mm&r=g\",\"url\":\"https:\\\/\\\/secure.gravatar.com\\\/avatar\\\/fb3dc2cba7f544171abec58358591c995847240e6fd4f1f7a4a8159970dca59e?s=96&d=mm&r=g\",\"contentUrl\":\"https:\\\/\\\/secure.gravatar.com\\\/avatar\\\/fb3dc2cba7f544171abec58358591c995847240e6fd4f1f7a4a8159970dca59e?s=96&d=mm&r=g\",\"caption\":\"conectagrao\"},\"description\":\"ConectaGr\u00e3o\u00ae \u00e9 uma plataforma digital que conecta produtores, empresas e compradores do agroneg\u00f3cio, oferecendo an\u00e1lises de mercado, cota\u00e7\u00f5es, ferramentas e conte\u00fados gratuitos para facilitar o dia a dia no campo. Fundada por Genecir Jacoboski e Kao\u00ea T. Rauch a ConectaGr\u00e3o\u00ae tem como miss\u00e3o valorizar o produtor e aproximar o campo do mercado com tecnologia, informa\u00e7\u00e3o e inova\u00e7\u00e3o.\",\"sameAs\":[\"https:\\\/\\\/conectagrao.com.br\\\/blog\",\"https:\\\/\\\/www.facebook.com\\\/share\\\/1A5mH5g3LK\\\/\",\"https:\\\/\\\/www.instagram.com\\\/conectagrao?igsh=azQ1dXBndnp4dzZw\",\"https:\\\/\\\/youtube.com\\\/@conectagrao?si=QnGS_Zm7Cuj1pznt\"],\"url\":\"https:\\\/\\\/conectagrao.com.br\\\/blog\\\/author\\\/conectagrao\\\/\"}]}<\/script>\n<!-- \/ Yoast SEO plugin. -->","yoast_head_json":{"title":"Produtividade do milho pode saltar at\u00e9 50% com novo m\u00e9todo de calagem - ConectaGr\u00e3o","description":"Novo m\u00e9todo de calagem no milho pode elevar a produtividade em at\u00e9 50%. Mais efici\u00eancia, menos custos e resultados imediatos no campo!","robots":{"index":"index","follow":"follow","max-snippet":"max-snippet:-1","max-image-preview":"max-image-preview:large","max-video-preview":"max-video-preview:-1"},"canonical":"https:\/\/conectagrao.com.br\/blog\/produtividade-do-milho-pode-saltar-ate-50-com-metodo-de-calagem\/","og_locale":"pt_BR","og_type":"article","og_title":"Produtividade do milho pode saltar at\u00e9 50% com novo m\u00e9todo de calagem - ConectaGr\u00e3o","og_description":"Novo m\u00e9todo de calagem no milho pode elevar a produtividade em at\u00e9 50%. Mais efici\u00eancia, menos custos e resultados imediatos no campo!","og_url":"https:\/\/conectagrao.com.br\/blog\/produtividade-do-milho-pode-saltar-ate-50-com-metodo-de-calagem\/","og_site_name":"ConectaGr\u00e3o","article_publisher":"https:\/\/www.facebook.com\/conectagrao\/","article_author":"https:\/\/www.facebook.com\/share\/1A5mH5g3LK\/","article_published_time":"2025-09-12T01:11:07+00:00","article_modified_time":"2025-09-12T01:11:10+00:00","og_image":[{"width":1200,"height":800,"url":"https:\/\/conectagrao.com.br\/blog\/wp-content\/uploads\/2025\/09\/Design-sem-nome-10.png","type":"image\/png"}],"author":"conectagrao","twitter_card":"summary_large_image","twitter_misc":{"Escrito por":"conectagrao","Est. tempo de leitura":"6 minutos"},"schema":{"@context":"https:\/\/schema.org","@graph":[{"@type":"Article","@id":"https:\/\/conectagrao.com.br\/blog\/produtividade-do-milho-pode-saltar-ate-50-com-metodo-de-calagem\/#article","isPartOf":{"@id":"https:\/\/conectagrao.com.br\/blog\/produtividade-do-milho-pode-saltar-ate-50-com-metodo-de-calagem\/"},"author":{"name":"conectagrao","@id":"https:\/\/conectagrao.com.br\/blog\/#\/schema\/person\/ba64f63526cab8efbf8b1f8198926135"},"headline":"Produtividade do milho pode saltar at\u00e9 50% com novo m\u00e9todo de calagem","datePublished":"2025-09-12T01:11:07+00:00","dateModified":"2025-09-12T01:11:10+00:00","mainEntityOfPage":{"@id":"https:\/\/conectagrao.com.br\/blog\/produtividade-do-milho-pode-saltar-ate-50-com-metodo-de-calagem\/"},"wordCount":912,"commentCount":0,"publisher":{"@id":"https:\/\/conectagrao.com.br\/blog\/#organization"},"image":{"@id":"https:\/\/conectagrao.com.br\/blog\/produtividade-do-milho-pode-saltar-ate-50-com-metodo-de-calagem\/#primaryimage"},"thumbnailUrl":"https:\/\/conectagrao.com.br\/blog\/wp-content\/uploads\/2025\/09\/Design-sem-nome-10.png","keywords":["Calagem no milho","Fertilidade do solo","Manejo do solo agr\u00edcola","Manejo sustent\u00e1vel no milho","Satura\u00e7\u00e3o por bases","T\u00e9cnicas de calagem avan\u00e7adas"],"articleSection":["Agricultura","Blog"],"inLanguage":"pt-BR","potentialAction":[{"@type":"CommentAction","name":"Comment","target":["https:\/\/conectagrao.com.br\/blog\/produtividade-do-milho-pode-saltar-ate-50-com-metodo-de-calagem\/#respond"]}]},{"@type":"WebPage","@id":"https:\/\/conectagrao.com.br\/blog\/produtividade-do-milho-pode-saltar-ate-50-com-metodo-de-calagem\/","url":"https:\/\/conectagrao.com.br\/blog\/produtividade-do-milho-pode-saltar-ate-50-com-metodo-de-calagem\/","name":"Produtividade do milho pode saltar at\u00e9 50% com novo m\u00e9todo de calagem - ConectaGr\u00e3o","isPartOf":{"@id":"https:\/\/conectagrao.com.br\/blog\/#website"},"primaryImageOfPage":{"@id":"https:\/\/conectagrao.com.br\/blog\/produtividade-do-milho-pode-saltar-ate-50-com-metodo-de-calagem\/#primaryimage"},"image":{"@id":"https:\/\/conectagrao.com.br\/blog\/produtividade-do-milho-pode-saltar-ate-50-com-metodo-de-calagem\/#primaryimage"},"thumbnailUrl":"https:\/\/conectagrao.com.br\/blog\/wp-content\/uploads\/2025\/09\/Design-sem-nome-10.png","datePublished":"2025-09-12T01:11:07+00:00","dateModified":"2025-09-12T01:11:10+00:00","description":"Novo m\u00e9todo de calagem no milho pode elevar a produtividade em at\u00e9 50%. Mais efici\u00eancia, menos custos e resultados imediatos no campo!","breadcrumb":{"@id":"https:\/\/conectagrao.com.br\/blog\/produtividade-do-milho-pode-saltar-ate-50-com-metodo-de-calagem\/#breadcrumb"},"inLanguage":"pt-BR","potentialAction":[{"@type":"ReadAction","target":["https:\/\/conectagrao.com.br\/blog\/produtividade-do-milho-pode-saltar-ate-50-com-metodo-de-calagem\/"]}]},{"@type":"ImageObject","inLanguage":"pt-BR","@id":"https:\/\/conectagrao.com.br\/blog\/produtividade-do-milho-pode-saltar-ate-50-com-metodo-de-calagem\/#primaryimage","url":"https:\/\/conectagrao.com.br\/blog\/wp-content\/uploads\/2025\/09\/Design-sem-nome-10.png","contentUrl":"https:\/\/conectagrao.com.br\/blog\/wp-content\/uploads\/2025\/09\/Design-sem-nome-10.png","width":1200,"height":800},{"@type":"BreadcrumbList","@id":"https:\/\/conectagrao.com.br\/blog\/produtividade-do-milho-pode-saltar-ate-50-com-metodo-de-calagem\/#breadcrumb","itemListElement":[{"@type":"ListItem","position":1,"name":"In\u00edcio","item":"https:\/\/conectagrao.com.br\/blog\/"},{"@type":"ListItem","position":2,"name":"Produtividade do milho pode saltar at\u00e9 50% com novo m\u00e9todo de calagem"}]},{"@type":"WebSite","@id":"https:\/\/conectagrao.com.br\/blog\/#website","url":"https:\/\/conectagrao.com.br\/blog\/","name":"ConectaGr\u00e3o","description":"Conectando o futuro com o agroneg\u00f3cio.","publisher":{"@id":"https:\/\/conectagrao.com.br\/blog\/#organization"},"alternateName":"conectagrao","potentialAction":[{"@type":"SearchAction","target":{"@type":"EntryPoint","urlTemplate":"https:\/\/conectagrao.com.br\/blog\/?s={search_term_string}"},"query-input":{"@type":"PropertyValueSpecification","valueRequired":true,"valueName":"search_term_string"}}],"inLanguage":"pt-BR"},{"@type":"Organization","@id":"https:\/\/conectagrao.com.br\/blog\/#organization","name":"ConectaGr\u00e3o","alternateName":"conectagrao","url":"https:\/\/conectagrao.com.br\/blog\/","logo":{"@type":"ImageObject","inLanguage":"pt-BR","@id":"https:\/\/conectagrao.com.br\/blog\/#\/schema\/logo\/image\/","url":"https:\/\/conectagrao.com.br\/blog\/wp-content\/uploads\/2025\/07\/ConectaGrao-6.png","contentUrl":"https:\/\/conectagrao.com.br\/blog\/wp-content\/uploads\/2025\/07\/ConectaGrao-6.png","width":447,"height":559,"caption":"ConectaGr\u00e3o"},"image":{"@id":"https:\/\/conectagrao.com.br\/blog\/#\/schema\/logo\/image\/"},"sameAs":["https:\/\/www.facebook.com\/conectagrao\/","https:\/\/www.tiktok.com\/@conectagrao?_t=ZM-8xPuS2d6MFB&_r=1","https:\/\/www.threads.com\/@conectagrao","https:\/\/www.youtube.com\/@conectagrao","https:\/\/www.instagram.com\/conectagrao"]},{"@type":"Person","@id":"https:\/\/conectagrao.com.br\/blog\/#\/schema\/person\/ba64f63526cab8efbf8b1f8198926135","name":"conectagrao","image":{"@type":"ImageObject","inLanguage":"pt-BR","@id":"https:\/\/secure.gravatar.com\/avatar\/fb3dc2cba7f544171abec58358591c995847240e6fd4f1f7a4a8159970dca59e?s=96&d=mm&r=g","url":"https:\/\/secure.gravatar.com\/avatar\/fb3dc2cba7f544171abec58358591c995847240e6fd4f1f7a4a8159970dca59e?s=96&d=mm&r=g","contentUrl":"https:\/\/secure.gravatar.com\/avatar\/fb3dc2cba7f544171abec58358591c995847240e6fd4f1f7a4a8159970dca59e?s=96&d=mm&r=g","caption":"conectagrao"},"description":"ConectaGr\u00e3o\u00ae \u00e9 uma plataforma digital que conecta produtores, empresas e compradores do agroneg\u00f3cio, oferecendo an\u00e1lises de mercado, cota\u00e7\u00f5es, ferramentas e conte\u00fados gratuitos para facilitar o dia a dia no campo. Fundada por Genecir Jacoboski e Kao\u00ea T. Rauch a ConectaGr\u00e3o\u00ae tem como miss\u00e3o valorizar o produtor e aproximar o campo do mercado com tecnologia, informa\u00e7\u00e3o e inova\u00e7\u00e3o.","sameAs":["https:\/\/conectagrao.com.br\/blog","https:\/\/www.facebook.com\/share\/1A5mH5g3LK\/","https:\/\/www.instagram.com\/conectagrao?igsh=azQ1dXBndnp4dzZw","https:\/\/youtube.com\/@conectagrao?si=QnGS_Zm7Cuj1pznt"],"url":"https:\/\/conectagrao.com.br\/blog\/author\/conectagrao\/"}]}},"uagb_featured_image_src":{"full":["https:\/\/conectagrao.com.br\/blog\/wp-content\/uploads\/2025\/09\/Design-sem-nome-10.png",1200,800,false],"thumbnail":["https:\/\/conectagrao.com.br\/blog\/wp-content\/uploads\/2025\/09\/Design-sem-nome-10-150x150.png",150,150,true],"medium":["https:\/\/conectagrao.com.br\/blog\/wp-content\/uploads\/2025\/09\/Design-sem-nome-10-300x200.png",300,200,true],"medium_large":["https:\/\/conectagrao.com.br\/blog\/wp-content\/uploads\/2025\/09\/Design-sem-nome-10-768x512.png",640,427,true],"large":["https:\/\/conectagrao.com.br\/blog\/wp-content\/uploads\/2025\/09\/Design-sem-nome-10-1024x683.png",640,427,true],"1536x1536":["https:\/\/conectagrao.com.br\/blog\/wp-content\/uploads\/2025\/09\/Design-sem-nome-10.png",1200,800,false],"2048x2048":["https:\/\/conectagrao.com.br\/blog\/wp-content\/uploads\/2025\/09\/Design-sem-nome-10.png",1200,800,false],"cvmm-medium":["https:\/\/conectagrao.com.br\/blog\/wp-content\/uploads\/2025\/09\/Design-sem-nome-10-300x300.png",300,300,true],"cvmm-medium-plus":["https:\/\/conectagrao.com.br\/blog\/wp-content\/uploads\/2025\/09\/Design-sem-nome-10-305x207.png",305,207,true],"cvmm-portrait":["https:\/\/conectagrao.com.br\/blog\/wp-content\/uploads\/2025\/09\/Design-sem-nome-10-400x600.png",400,600,true],"cvmm-medium-square":["https:\/\/conectagrao.com.br\/blog\/wp-content\/uploads\/2025\/09\/Design-sem-nome-10-600x600.png",600,600,true],"cvmm-large":["https:\/\/conectagrao.com.br\/blog\/wp-content\/uploads\/2025\/09\/Design-sem-nome-10-1024x800.png",1024,800,true],"cvmm-small":["https:\/\/conectagrao.com.br\/blog\/wp-content\/uploads\/2025\/09\/Design-sem-nome-10-130x95.png",130,95,true],"news-portal-block-medium":["https:\/\/conectagrao.com.br\/blog\/wp-content\/uploads\/2025\/09\/Design-sem-nome-10-305x207.png",305,207,true],"news-portal-block-thumb":["https:\/\/conectagrao.com.br\/blog\/wp-content\/uploads\/2025\/09\/Design-sem-nome-10-136x102.png",136,102,true],"news-portal-slider-medium":["https:\/\/conectagrao.com.br\/blog\/wp-content\/uploads\/2025\/09\/Design-sem-nome-10-622x420.png",622,420,true],"news-portal-carousel-portrait":["https:\/\/conectagrao.com.br\/blog\/wp-content\/uploads\/2025\/09\/Design-sem-nome-10-400x600.png",400,600,true],"news-portal-alternate-grid":["https:\/\/conectagrao.com.br\/blog\/wp-content\/uploads\/2025\/09\/Design-sem-nome-10-340x316.png",340,316,true],"web-stories-poster-portrait":["https:\/\/conectagrao.com.br\/blog\/wp-content\/uploads\/2025\/09\/Design-sem-nome-10-640x800.png",640,800,true],"web-stories-publisher-logo":["https:\/\/conectagrao.com.br\/blog\/wp-content\/uploads\/2025\/09\/Design-sem-nome-10-96x96.png",96,96,true],"web-stories-thumbnail":["https:\/\/conectagrao.com.br\/blog\/wp-content\/uploads\/2025\/09\/Design-sem-nome-10-150x100.png",150,100,true]},"uagb_author_info":{"display_name":"conectagrao","author_link":"https:\/\/conectagrao.com.br\/blog\/author\/conectagrao\/"},"uagb_comment_info":0,"uagb_excerpt":"Um novo m\u00e9todo de c\u00e1lculo da calagem no milho promete ganhos expressivos na lavoura. Estudos indicam aumento de at\u00e9 50% na produtividade, maior efici\u00eancia no uso de calc\u00e1rio e redu\u00e7\u00e3o de custos operacionais.","blog_post_layout_featured_media_urls":{"thumbnail":["https:\/\/conectagrao.com.br\/blog\/wp-content\/uploads\/2025\/09\/Design-sem-nome-10-150x150.png",150,150,true],"full":["https:\/\/conectagrao.com.br\/blog\/wp-content\/uploads\/2025\/09\/Design-sem-nome-10.png",1200,800,false]},"categories_names":{"32":{"name":"Agricultura","link":"https:\/\/conectagrao.com.br\/blog\/agricultura\/"},"1":{"name":"Blog","link":"https:\/\/conectagrao.com.br\/blog\/blog\/"}},"tags_names":{"322":{"name":"Calagem no milho","link":"https:\/\/conectagrao.com.br\/blog\/tag\/calagem-no-milho\/"},"105":{"name":"Fertilidade do solo","link":"https:\/\/conectagrao.com.br\/blog\/tag\/fertilidade-do-solo\/"},"320":{"name":"Manejo do solo agr\u00edcola","link":"https:\/\/conectagrao.com.br\/blog\/tag\/manejo-do-solo-agricola\/"},"314":{"name":"Manejo sustent\u00e1vel no milho","link":"https:\/\/conectagrao.com.br\/blog\/tag\/manejo-sustentavel-no-milho\/"},"318":{"name":"Satura\u00e7\u00e3o por bases","link":"https:\/\/conectagrao.com.br\/blog\/tag\/saturacao-por-bases\/"},"316":{"name":"T\u00e9cnicas de calagem avan\u00e7adas","link":"https:\/\/conectagrao.com.br\/blog\/tag\/tecnicas-de-calagem-avancadas\/"}},"comments_number":"0","wpmagazine_modules_lite_featured_media_urls":{"thumbnail":["https:\/\/conectagrao.com.br\/blog\/wp-content\/uploads\/2025\/09\/Design-sem-nome-10-150x150.png",150,150,true],"cvmm-medium":["https:\/\/conectagrao.com.br\/blog\/wp-content\/uploads\/2025\/09\/Design-sem-nome-10-300x300.png",300,300,true],"cvmm-medium-plus":["https:\/\/conectagrao.com.br\/blog\/wp-content\/uploads\/2025\/09\/Design-sem-nome-10-305x207.png",305,207,true],"cvmm-portrait":["https:\/\/conectagrao.com.br\/blog\/wp-content\/uploads\/2025\/09\/Design-sem-nome-10-400x600.png",400,600,true],"cvmm-medium-square":["https:\/\/conectagrao.com.br\/blog\/wp-content\/uploads\/2025\/09\/Design-sem-nome-10-600x600.png",600,600,true],"cvmm-large":["https:\/\/conectagrao.com.br\/blog\/wp-content\/uploads\/2025\/09\/Design-sem-nome-10-1024x800.png",1024,800,true],"cvmm-small":["https:\/\/conectagrao.com.br\/blog\/wp-content\/uploads\/2025\/09\/Design-sem-nome-10-130x95.png",130,95,true],"full":["https:\/\/conectagrao.com.br\/blog\/wp-content\/uploads\/2025\/09\/Design-sem-nome-10.png",1200,800,false]},"_links":{"self":[{"href":"https:\/\/conectagrao.com.br\/blog\/wp-json\/wp\/v2\/posts\/1245","targetHints":{"allow":["GET"]}}],"collection":[{"href":"https:\/\/conectagrao.com.br\/blog\/wp-json\/wp\/v2\/posts"}],"about":[{"href":"https:\/\/conectagrao.com.br\/blog\/wp-json\/wp\/v2\/types\/post"}],"author":[{"embeddable":true,"href":"https:\/\/conectagrao.com.br\/blog\/wp-json\/wp\/v2\/users\/1"}],"replies":[{"embeddable":true,"href":"https:\/\/conectagrao.com.br\/blog\/wp-json\/wp\/v2\/comments?post=1245"}],"version-history":[{"count":3,"href":"https:\/\/conectagrao.com.br\/blog\/wp-json\/wp\/v2\/posts\/1245\/revisions"}],"predecessor-version":[{"id":1248,"href":"https:\/\/conectagrao.com.br\/blog\/wp-json\/wp\/v2\/posts\/1245\/revisions\/1248"}],"wp:featuredmedia":[{"embeddable":true,"href":"https:\/\/conectagrao.com.br\/blog\/wp-json\/wp\/v2\/media\/1249"}],"wp:attachment":[{"href":"https:\/\/conectagrao.com.br\/blog\/wp-json\/wp\/v2\/media?parent=1245"}],"wp:term":[{"taxonomy":"category","embeddable":true,"href":"https:\/\/conectagrao.com.br\/blog\/wp-json\/wp\/v2\/categories?post=1245"},{"taxonomy":"post_tag","embeddable":true,"href":"https:\/\/conectagrao.com.br\/blog\/wp-json\/wp\/v2\/tags?post=1245"}],"curies":[{"name":"wp","href":"https:\/\/api.w.org\/{rel}","templated":true}]}}