{"id":1260,"date":"2025-09-15T00:54:14","date_gmt":"2025-09-15T00:54:14","guid":{"rendered":"https:\/\/conectagrao.com.br\/blog\/?p=1260"},"modified":"2025-09-15T00:54:18","modified_gmt":"2025-09-15T00:54:18","slug":"retirada-da-tarifa-sobre-exportacoes-brasileiras","status":"publish","type":"post","link":"https:\/\/conectagrao.com.br\/blog\/retirada-da-tarifa-sobre-exportacoes-brasileiras\/","title":{"rendered":"EUA retiram tarifa sobre exporta\u00e7\u00f5es brasileiras"},"content":{"rendered":"\n<p>Voc\u00ea sabia que, s\u00f3 em 2025, o Brasil deixou de lucrar milh\u00f5es por causa das tarifas impostas pelos Estados Unidos? Agora, com a <strong>retirada da tarifa sobre exporta\u00e7\u00f5es brasileiras de celulose e ferro-n\u00edquel<\/strong>, o jogo vira. Essa decis\u00e3o pode significar <strong>contratos mais vantajosos, margens de lucro ampliadas e um novo patamar para o agroneg\u00f3cio nacional<\/strong>.<\/p>\n\n\n\n<h2 class=\"wp-block-heading\">Como a retirada da tarifa muda o jogo para o agro brasileiro <\/h2>\n\n\n\n<p>A decis\u00e3o dos EUA elimina tarifas de 10% e sobretaxas de 40%. Assim, os efeitos imediatos j\u00e1 podem ser sentidos:<\/p>\n\n\n\n<ul class=\"wp-block-list\">\n<li><strong>Aumento da competitividade internacional<\/strong> da celulose brasileira.<\/li>\n\n\n\n<li><strong>Redu\u00e7\u00e3o de custos operacionais<\/strong> para ind\u00fastrias ligadas ao ferro-n\u00edquel.<\/li>\n\n\n\n<li><strong>Fortalecimento da balan\u00e7a comercial<\/strong> com maior confian\u00e7a internacional.<\/li>\n<\/ul>\n\n\n\n<p>Portanto, a <strong>retirada da tarifa sobre exporta\u00e7\u00f5es brasileiras<\/strong> n\u00e3o \u00e9 apenas uma vit\u00f3ria moment\u00e2nea. Pelo contr\u00e1rio, ela marca uma <strong>virada estrat\u00e9gica para o agroneg\u00f3cio nacional<\/strong>.<\/p>\n\n\n\n<h2 class=\"wp-block-heading\">Celulose: por que esse al\u00edvio pode transformar o setor florestal <\/h2>\n\n\n\n<p>A celulose \u00e9 um dos principais produtos de exporta\u00e7\u00e3o do Brasil. Com a retirada da tarifa, o setor passa a ter vantagens importantes:<\/p>\n\n\n\n<ul class=\"wp-block-list\">\n<li><strong>Maior competitividade contra pa\u00edses da \u00c1sia e da Europa<\/strong>.<\/li>\n\n\n\n<li><strong>Potencial de expans\u00e3o em contratos ligados ao papel e embalagens<\/strong>, que crescem com a demanda por sustentabilidade.<\/li>\n<\/ul>\n\n\n\n<p>Assim, a <strong>celulose brasileira torna-se ainda mais valorizada<\/strong>, consolidando o Brasil como l\u00edder mundial.<\/p>\n\n\n\n<h2 class=\"wp-block-heading\">Ferro-n\u00edquel: oportunidade oculta para o Brasil no mercado global <\/h2>\n\n\n\n<p>Embora menos comentado, o ferro-n\u00edquel \u00e9 vital para a ind\u00fastria sider\u00fargica. Nesse contexto, a retirada da tarifa abre novos caminhos:<\/p>\n\n\n\n<ul class=\"wp-block-list\">\n<li><strong>Exportadores podem ampliar participa\u00e7\u00e3o em um mercado de alto valor agregado<\/strong>.<\/li>\n\n\n\n<li><strong>Mineradoras brasileiras t\u00eam incentivo para investir em tecnologia e beneficiamento local<\/strong>.<\/li>\n<\/ul>\n\n\n\n<p>Portanto, o ferro-n\u00edquel n\u00e3o \u00e9 mais apenas uma commodity: ele se transforma em <strong>porta de entrada para novos investimentos e industrializa\u00e7\u00e3o<\/strong>.<\/p>\n\n\n\n<h3 class=\"wp-block-heading\">Benef\u00edcios imediatos da retirada da tarifa <\/h3>\n\n\n\n<ul class=\"wp-block-list\">\n<li> <strong>Competitividade global ampliada<\/strong>.<\/li>\n\n\n\n<li> <strong>Rentabilidade maior para exportadores<\/strong>.<\/li>\n\n\n\n<li> <strong>Presen\u00e7a refor\u00e7ada nos EUA<\/strong>.<\/li>\n\n\n\n<li> <strong>Expans\u00e3o de contratos de celulose<\/strong>.<\/li>\n\n\n\n<li> <strong>Est\u00edmulo \u00e0 industrializa\u00e7\u00e3o do ferro-n\u00edquel<\/strong>.<\/li>\n<\/ul>\n\n\n\n<p><strong>Dica pr\u00e1tica <\/strong>: aproveite a retirada da tarifa para renegociar contratos. Essa \u00e9 a hora de revisar pre\u00e7os e ampliar volumes de exporta\u00e7\u00e3o para os EUA.<\/p>\n\n\n\n<h2 class=\"wp-block-heading\">Qual \u00e9 o impacto real para produtores e para a balan\u00e7a comercial? <\/h2>\n\n\n\n<p>A curto prazo, o efeito mais claro \u00e9 o <strong>al\u00edvio imediato nos custos de exporta\u00e7\u00e3o<\/strong>.<br>J\u00e1 no m\u00e9dio prazo, a medida fortalece a posi\u00e7\u00e3o do Brasil no com\u00e9rcio internacional. Al\u00e9m disso, cria espa\u00e7o para que outros produtos agr\u00edcolas tamb\u00e9m sejam negociados com menos barreiras tarif\u00e1rias.<\/p>\n\n\n\n<p>Assim, a <strong>retirada da tarifa sobre exporta\u00e7\u00f5es brasileiras<\/strong> consolida o agro como protagonista no cen\u00e1rio global.<\/p>\n\n\n\n<p>Portanto a <strong>retirada da tarifa sobre exporta\u00e7\u00f5es brasileiras de celulose e ferro-n\u00edquel<\/strong> pelos EUA \u00e9 mais do que uma vit\u00f3ria pontual. Ela representa um <strong>movimento estrat\u00e9gico para aumentar a competitividade do agro<\/strong>, estimular novos investimentos e ampliar margens de lucro.<\/p>\n\n\n\n<p>Por isso, produtores, ind\u00fastrias e investidores devem acompanhar de perto os desdobramentos. Afinal, o momento \u00e9 ideal para ampliar mercados e firmar contratos de longo prazo.<\/p>\n","protected":false},"excerpt":{"rendered":"<p>A retirada da tarifa sobre exporta\u00e7\u00f5es brasileiras de celulose e ferro-n\u00edquel traz ganhos diretos para o agroneg\u00f3cio, ampliando competitividade e abrindo portas no mercado internacional.<\/p>\n","protected":false},"author":1,"featured_media":1261,"comment_status":"open","ping_status":"open","sticky":false,"template":"","format":"standard","meta":{"_coblocks_attr":"","_coblocks_dimensions":"","_coblocks_responsive_height":"","_coblocks_accordion_ie_support":"","_uag_custom_page_level_css":"","footnotes":""},"categories":[1,29],"tags":[113,337,338,340,339,335,341,334,336],"class_list":["post-1260","post","type-post","status-publish","format-standard","has-post-thumbnail","hentry","category-blog","category-mercado","tag-agronegocio-brasileiro","tag-balanca-comercial-brasil","tag-comercio-exterior-brasil-eua","tag-exportacoes-de-celulose","tag-exportacoes-de-ferro-niquel","tag-mercado-agricola-internacional","tag-retirada-da-tarifa-sobre-exportacoes-brasileiras","tag-setor-florestal-brasileiro","tag-tarifas-de-exportacao"],"yoast_head":"<!-- This site is optimized with the Yoast SEO plugin v27.4 - https:\/\/yoast.com\/product\/yoast-seo-wordpress\/ -->\n<title>EUA retiram tarifa sobre exporta\u00e7\u00f5es brasileiras - ConectaGr\u00e3o<\/title>\n<meta name=\"description\" content=\"EUA retiram tarifa sobre exporta\u00e7\u00f5es brasileiras de celulose e ferro-n\u00edquel, gerando al\u00edvio imediato e novas oportunidades no agroneg\u00f3cio.\" \/>\n<meta name=\"robots\" content=\"index, follow, max-snippet:-1, max-image-preview:large, max-video-preview:-1\" \/>\n<link rel=\"canonical\" href=\"https:\/\/conectagrao.com.br\/blog\/retirada-da-tarifa-sobre-exportacoes-brasileiras\/\" \/>\n<meta property=\"og:locale\" content=\"pt_BR\" \/>\n<meta property=\"og:type\" content=\"article\" \/>\n<meta property=\"og:title\" content=\"EUA retiram tarifa sobre exporta\u00e7\u00f5es brasileiras - ConectaGr\u00e3o\" \/>\n<meta property=\"og:description\" content=\"EUA retiram tarifa sobre exporta\u00e7\u00f5es brasileiras de celulose e ferro-n\u00edquel, gerando al\u00edvio imediato e novas oportunidades no agroneg\u00f3cio.\" \/>\n<meta property=\"og:url\" content=\"https:\/\/conectagrao.com.br\/blog\/retirada-da-tarifa-sobre-exportacoes-brasileiras\/\" \/>\n<meta property=\"og:site_name\" content=\"ConectaGr\u00e3o\" \/>\n<meta property=\"article:publisher\" content=\"https:\/\/www.facebook.com\/conectagrao\/\" \/>\n<meta property=\"article:author\" content=\"https:\/\/www.facebook.com\/share\/1A5mH5g3LK\/\" \/>\n<meta property=\"article:published_time\" content=\"2025-09-15T00:54:14+00:00\" \/>\n<meta property=\"article:modified_time\" content=\"2025-09-15T00:54:18+00:00\" \/>\n<meta property=\"og:image\" content=\"https:\/\/conectagrao.com.br\/blog\/wp-content\/uploads\/2025\/09\/Design-sem-nome-12-1024x683.png\" \/>\n\t<meta property=\"og:image:width\" content=\"1024\" \/>\n\t<meta property=\"og:image:height\" content=\"683\" \/>\n\t<meta property=\"og:image:type\" content=\"image\/png\" \/>\n<meta name=\"author\" content=\"conectagrao\" \/>\n<meta name=\"twitter:card\" content=\"summary_large_image\" \/>\n<meta name=\"twitter:label1\" content=\"Escrito por\" \/>\n\t<meta name=\"twitter:data1\" content=\"conectagrao\" \/>\n\t<meta name=\"twitter:label2\" content=\"Est. tempo de leitura\" \/>\n\t<meta name=\"twitter:data2\" content=\"3 minutos\" \/>\n<script type=\"application\/ld+json\" class=\"yoast-schema-graph\">{\"@context\":\"https:\\\/\\\/schema.org\",\"@graph\":[{\"@type\":\"Article\",\"@id\":\"https:\\\/\\\/conectagrao.com.br\\\/blog\\\/retirada-da-tarifa-sobre-exportacoes-brasileiras\\\/#article\",\"isPartOf\":{\"@id\":\"https:\\\/\\\/conectagrao.com.br\\\/blog\\\/retirada-da-tarifa-sobre-exportacoes-brasileiras\\\/\"},\"author\":{\"name\":\"conectagrao\",\"@id\":\"https:\\\/\\\/conectagrao.com.br\\\/blog\\\/#\\\/schema\\\/person\\\/ba64f63526cab8efbf8b1f8198926135\"},\"headline\":\"EUA retiram tarifa sobre exporta\u00e7\u00f5es brasileiras\",\"datePublished\":\"2025-09-15T00:54:14+00:00\",\"dateModified\":\"2025-09-15T00:54:18+00:00\",\"mainEntityOfPage\":{\"@id\":\"https:\\\/\\\/conectagrao.com.br\\\/blog\\\/retirada-da-tarifa-sobre-exportacoes-brasileiras\\\/\"},\"wordCount\":526,\"commentCount\":0,\"publisher\":{\"@id\":\"https:\\\/\\\/conectagrao.com.br\\\/blog\\\/#organization\"},\"image\":{\"@id\":\"https:\\\/\\\/conectagrao.com.br\\\/blog\\\/retirada-da-tarifa-sobre-exportacoes-brasileiras\\\/#primaryimage\"},\"thumbnailUrl\":\"https:\\\/\\\/conectagrao.com.br\\\/blog\\\/wp-content\\\/uploads\\\/2025\\\/09\\\/Design-sem-nome-12.png\",\"keywords\":[\"Agroneg\u00f3cio brasileiro\",\"Balan\u00e7a comercial Brasil\",\"Com\u00e9rcio exterior Brasil EUA\",\"Exporta\u00e7\u00f5es de celulose\",\"Exporta\u00e7\u00f5es de ferro-n\u00edquel\",\"Mercado agr\u00edcola internacional\",\"Retirada da tarifa sobre exporta\u00e7\u00f5es brasileiras\",\"Setor florestal brasileiro\",\"Tarifas de exporta\u00e7\u00e3o\"],\"articleSection\":[\"Blog\",\"Vis\u00e3o de Mercado\"],\"inLanguage\":\"pt-BR\",\"potentialAction\":[{\"@type\":\"CommentAction\",\"name\":\"Comment\",\"target\":[\"https:\\\/\\\/conectagrao.com.br\\\/blog\\\/retirada-da-tarifa-sobre-exportacoes-brasileiras\\\/#respond\"]}]},{\"@type\":\"WebPage\",\"@id\":\"https:\\\/\\\/conectagrao.com.br\\\/blog\\\/retirada-da-tarifa-sobre-exportacoes-brasileiras\\\/\",\"url\":\"https:\\\/\\\/conectagrao.com.br\\\/blog\\\/retirada-da-tarifa-sobre-exportacoes-brasileiras\\\/\",\"name\":\"EUA retiram tarifa sobre exporta\u00e7\u00f5es brasileiras - ConectaGr\u00e3o\",\"isPartOf\":{\"@id\":\"https:\\\/\\\/conectagrao.com.br\\\/blog\\\/#website\"},\"primaryImageOfPage\":{\"@id\":\"https:\\\/\\\/conectagrao.com.br\\\/blog\\\/retirada-da-tarifa-sobre-exportacoes-brasileiras\\\/#primaryimage\"},\"image\":{\"@id\":\"https:\\\/\\\/conectagrao.com.br\\\/blog\\\/retirada-da-tarifa-sobre-exportacoes-brasileiras\\\/#primaryimage\"},\"thumbnailUrl\":\"https:\\\/\\\/conectagrao.com.br\\\/blog\\\/wp-content\\\/uploads\\\/2025\\\/09\\\/Design-sem-nome-12.png\",\"datePublished\":\"2025-09-15T00:54:14+00:00\",\"dateModified\":\"2025-09-15T00:54:18+00:00\",\"description\":\"EUA retiram tarifa sobre exporta\u00e7\u00f5es brasileiras de celulose e ferro-n\u00edquel, gerando al\u00edvio imediato e novas oportunidades no agroneg\u00f3cio.\",\"breadcrumb\":{\"@id\":\"https:\\\/\\\/conectagrao.com.br\\\/blog\\\/retirada-da-tarifa-sobre-exportacoes-brasileiras\\\/#breadcrumb\"},\"inLanguage\":\"pt-BR\",\"potentialAction\":[{\"@type\":\"ReadAction\",\"target\":[\"https:\\\/\\\/conectagrao.com.br\\\/blog\\\/retirada-da-tarifa-sobre-exportacoes-brasileiras\\\/\"]}]},{\"@type\":\"ImageObject\",\"inLanguage\":\"pt-BR\",\"@id\":\"https:\\\/\\\/conectagrao.com.br\\\/blog\\\/retirada-da-tarifa-sobre-exportacoes-brasileiras\\\/#primaryimage\",\"url\":\"https:\\\/\\\/conectagrao.com.br\\\/blog\\\/wp-content\\\/uploads\\\/2025\\\/09\\\/Design-sem-nome-12.png\",\"contentUrl\":\"https:\\\/\\\/conectagrao.com.br\\\/blog\\\/wp-content\\\/uploads\\\/2025\\\/09\\\/Design-sem-nome-12.png\",\"width\":1200,\"height\":800},{\"@type\":\"BreadcrumbList\",\"@id\":\"https:\\\/\\\/conectagrao.com.br\\\/blog\\\/retirada-da-tarifa-sobre-exportacoes-brasileiras\\\/#breadcrumb\",\"itemListElement\":[{\"@type\":\"ListItem\",\"position\":1,\"name\":\"In\u00edcio\",\"item\":\"https:\\\/\\\/conectagrao.com.br\\\/blog\\\/\"},{\"@type\":\"ListItem\",\"position\":2,\"name\":\"EUA retiram tarifa sobre exporta\u00e7\u00f5es brasileiras\"}]},{\"@type\":\"WebSite\",\"@id\":\"https:\\\/\\\/conectagrao.com.br\\\/blog\\\/#website\",\"url\":\"https:\\\/\\\/conectagrao.com.br\\\/blog\\\/\",\"name\":\"ConectaGr\u00e3o\",\"description\":\"Conectando o futuro com o agroneg\u00f3cio.\",\"publisher\":{\"@id\":\"https:\\\/\\\/conectagrao.com.br\\\/blog\\\/#organization\"},\"alternateName\":\"conectagrao\",\"potentialAction\":[{\"@type\":\"SearchAction\",\"target\":{\"@type\":\"EntryPoint\",\"urlTemplate\":\"https:\\\/\\\/conectagrao.com.br\\\/blog\\\/?s={search_term_string}\"},\"query-input\":{\"@type\":\"PropertyValueSpecification\",\"valueRequired\":true,\"valueName\":\"search_term_string\"}}],\"inLanguage\":\"pt-BR\"},{\"@type\":\"Organization\",\"@id\":\"https:\\\/\\\/conectagrao.com.br\\\/blog\\\/#organization\",\"name\":\"ConectaGr\u00e3o\",\"alternateName\":\"conectagrao\",\"url\":\"https:\\\/\\\/conectagrao.com.br\\\/blog\\\/\",\"logo\":{\"@type\":\"ImageObject\",\"inLanguage\":\"pt-BR\",\"@id\":\"https:\\\/\\\/conectagrao.com.br\\\/blog\\\/#\\\/schema\\\/logo\\\/image\\\/\",\"url\":\"https:\\\/\\\/conectagrao.com.br\\\/blog\\\/wp-content\\\/uploads\\\/2025\\\/07\\\/ConectaGrao-6.png\",\"contentUrl\":\"https:\\\/\\\/conectagrao.com.br\\\/blog\\\/wp-content\\\/uploads\\\/2025\\\/07\\\/ConectaGrao-6.png\",\"width\":447,\"height\":559,\"caption\":\"ConectaGr\u00e3o\"},\"image\":{\"@id\":\"https:\\\/\\\/conectagrao.com.br\\\/blog\\\/#\\\/schema\\\/logo\\\/image\\\/\"},\"sameAs\":[\"https:\\\/\\\/www.facebook.com\\\/conectagrao\\\/\",\"https:\\\/\\\/www.tiktok.com\\\/@conectagrao?_t=ZM-8xPuS2d6MFB&_r=1\",\"https:\\\/\\\/www.threads.com\\\/@conectagrao\",\"https:\\\/\\\/www.youtube.com\\\/@conectagrao\",\"https:\\\/\\\/www.instagram.com\\\/conectagrao\"]},{\"@type\":\"Person\",\"@id\":\"https:\\\/\\\/conectagrao.com.br\\\/blog\\\/#\\\/schema\\\/person\\\/ba64f63526cab8efbf8b1f8198926135\",\"name\":\"conectagrao\",\"image\":{\"@type\":\"ImageObject\",\"inLanguage\":\"pt-BR\",\"@id\":\"https:\\\/\\\/secure.gravatar.com\\\/avatar\\\/fb3dc2cba7f544171abec58358591c995847240e6fd4f1f7a4a8159970dca59e?s=96&d=mm&r=g\",\"url\":\"https:\\\/\\\/secure.gravatar.com\\\/avatar\\\/fb3dc2cba7f544171abec58358591c995847240e6fd4f1f7a4a8159970dca59e?s=96&d=mm&r=g\",\"contentUrl\":\"https:\\\/\\\/secure.gravatar.com\\\/avatar\\\/fb3dc2cba7f544171abec58358591c995847240e6fd4f1f7a4a8159970dca59e?s=96&d=mm&r=g\",\"caption\":\"conectagrao\"},\"description\":\"ConectaGr\u00e3o\u00ae \u00e9 uma plataforma digital que conecta produtores, empresas e compradores do agroneg\u00f3cio, oferecendo an\u00e1lises de mercado, cota\u00e7\u00f5es, ferramentas e conte\u00fados gratuitos para facilitar o dia a dia no campo. Fundada por Genecir Jacoboski e Kao\u00ea T. Rauch a ConectaGr\u00e3o\u00ae tem como miss\u00e3o valorizar o produtor e aproximar o campo do mercado com tecnologia, informa\u00e7\u00e3o e inova\u00e7\u00e3o.\",\"sameAs\":[\"https:\\\/\\\/conectagrao.com.br\\\/blog\",\"https:\\\/\\\/www.facebook.com\\\/share\\\/1A5mH5g3LK\\\/\",\"https:\\\/\\\/www.instagram.com\\\/conectagrao?igsh=azQ1dXBndnp4dzZw\",\"https:\\\/\\\/youtube.com\\\/@conectagrao?si=QnGS_Zm7Cuj1pznt\"],\"url\":\"https:\\\/\\\/conectagrao.com.br\\\/blog\\\/author\\\/conectagrao\\\/\"}]}<\/script>\n<!-- \/ Yoast SEO plugin. -->","yoast_head_json":{"title":"EUA retiram tarifa sobre exporta\u00e7\u00f5es brasileiras - ConectaGr\u00e3o","description":"EUA retiram tarifa sobre exporta\u00e7\u00f5es brasileiras de celulose e ferro-n\u00edquel, gerando al\u00edvio imediato e novas oportunidades no agroneg\u00f3cio.","robots":{"index":"index","follow":"follow","max-snippet":"max-snippet:-1","max-image-preview":"max-image-preview:large","max-video-preview":"max-video-preview:-1"},"canonical":"https:\/\/conectagrao.com.br\/blog\/retirada-da-tarifa-sobre-exportacoes-brasileiras\/","og_locale":"pt_BR","og_type":"article","og_title":"EUA retiram tarifa sobre exporta\u00e7\u00f5es brasileiras - ConectaGr\u00e3o","og_description":"EUA retiram tarifa sobre exporta\u00e7\u00f5es brasileiras de celulose e ferro-n\u00edquel, gerando al\u00edvio imediato e novas oportunidades no agroneg\u00f3cio.","og_url":"https:\/\/conectagrao.com.br\/blog\/retirada-da-tarifa-sobre-exportacoes-brasileiras\/","og_site_name":"ConectaGr\u00e3o","article_publisher":"https:\/\/www.facebook.com\/conectagrao\/","article_author":"https:\/\/www.facebook.com\/share\/1A5mH5g3LK\/","article_published_time":"2025-09-15T00:54:14+00:00","article_modified_time":"2025-09-15T00:54:18+00:00","og_image":[{"width":1024,"height":683,"url":"https:\/\/conectagrao.com.br\/blog\/wp-content\/uploads\/2025\/09\/Design-sem-nome-12-1024x683.png","type":"image\/png"}],"author":"conectagrao","twitter_card":"summary_large_image","twitter_misc":{"Escrito por":"conectagrao","Est. tempo de leitura":"3 minutos"},"schema":{"@context":"https:\/\/schema.org","@graph":[{"@type":"Article","@id":"https:\/\/conectagrao.com.br\/blog\/retirada-da-tarifa-sobre-exportacoes-brasileiras\/#article","isPartOf":{"@id":"https:\/\/conectagrao.com.br\/blog\/retirada-da-tarifa-sobre-exportacoes-brasileiras\/"},"author":{"name":"conectagrao","@id":"https:\/\/conectagrao.com.br\/blog\/#\/schema\/person\/ba64f63526cab8efbf8b1f8198926135"},"headline":"EUA retiram tarifa sobre exporta\u00e7\u00f5es brasileiras","datePublished":"2025-09-15T00:54:14+00:00","dateModified":"2025-09-15T00:54:18+00:00","mainEntityOfPage":{"@id":"https:\/\/conectagrao.com.br\/blog\/retirada-da-tarifa-sobre-exportacoes-brasileiras\/"},"wordCount":526,"commentCount":0,"publisher":{"@id":"https:\/\/conectagrao.com.br\/blog\/#organization"},"image":{"@id":"https:\/\/conectagrao.com.br\/blog\/retirada-da-tarifa-sobre-exportacoes-brasileiras\/#primaryimage"},"thumbnailUrl":"https:\/\/conectagrao.com.br\/blog\/wp-content\/uploads\/2025\/09\/Design-sem-nome-12.png","keywords":["Agroneg\u00f3cio brasileiro","Balan\u00e7a comercial Brasil","Com\u00e9rcio exterior Brasil EUA","Exporta\u00e7\u00f5es de celulose","Exporta\u00e7\u00f5es de ferro-n\u00edquel","Mercado agr\u00edcola internacional","Retirada da tarifa sobre exporta\u00e7\u00f5es brasileiras","Setor florestal brasileiro","Tarifas de exporta\u00e7\u00e3o"],"articleSection":["Blog","Vis\u00e3o de Mercado"],"inLanguage":"pt-BR","potentialAction":[{"@type":"CommentAction","name":"Comment","target":["https:\/\/conectagrao.com.br\/blog\/retirada-da-tarifa-sobre-exportacoes-brasileiras\/#respond"]}]},{"@type":"WebPage","@id":"https:\/\/conectagrao.com.br\/blog\/retirada-da-tarifa-sobre-exportacoes-brasileiras\/","url":"https:\/\/conectagrao.com.br\/blog\/retirada-da-tarifa-sobre-exportacoes-brasileiras\/","name":"EUA retiram tarifa sobre exporta\u00e7\u00f5es brasileiras - ConectaGr\u00e3o","isPartOf":{"@id":"https:\/\/conectagrao.com.br\/blog\/#website"},"primaryImageOfPage":{"@id":"https:\/\/conectagrao.com.br\/blog\/retirada-da-tarifa-sobre-exportacoes-brasileiras\/#primaryimage"},"image":{"@id":"https:\/\/conectagrao.com.br\/blog\/retirada-da-tarifa-sobre-exportacoes-brasileiras\/#primaryimage"},"thumbnailUrl":"https:\/\/conectagrao.com.br\/blog\/wp-content\/uploads\/2025\/09\/Design-sem-nome-12.png","datePublished":"2025-09-15T00:54:14+00:00","dateModified":"2025-09-15T00:54:18+00:00","description":"EUA retiram tarifa sobre exporta\u00e7\u00f5es brasileiras de celulose e ferro-n\u00edquel, gerando al\u00edvio imediato e novas oportunidades no agroneg\u00f3cio.","breadcrumb":{"@id":"https:\/\/conectagrao.com.br\/blog\/retirada-da-tarifa-sobre-exportacoes-brasileiras\/#breadcrumb"},"inLanguage":"pt-BR","potentialAction":[{"@type":"ReadAction","target":["https:\/\/conectagrao.com.br\/blog\/retirada-da-tarifa-sobre-exportacoes-brasileiras\/"]}]},{"@type":"ImageObject","inLanguage":"pt-BR","@id":"https:\/\/conectagrao.com.br\/blog\/retirada-da-tarifa-sobre-exportacoes-brasileiras\/#primaryimage","url":"https:\/\/conectagrao.com.br\/blog\/wp-content\/uploads\/2025\/09\/Design-sem-nome-12.png","contentUrl":"https:\/\/conectagrao.com.br\/blog\/wp-content\/uploads\/2025\/09\/Design-sem-nome-12.png","width":1200,"height":800},{"@type":"BreadcrumbList","@id":"https:\/\/conectagrao.com.br\/blog\/retirada-da-tarifa-sobre-exportacoes-brasileiras\/#breadcrumb","itemListElement":[{"@type":"ListItem","position":1,"name":"In\u00edcio","item":"https:\/\/conectagrao.com.br\/blog\/"},{"@type":"ListItem","position":2,"name":"EUA retiram tarifa sobre exporta\u00e7\u00f5es brasileiras"}]},{"@type":"WebSite","@id":"https:\/\/conectagrao.com.br\/blog\/#website","url":"https:\/\/conectagrao.com.br\/blog\/","name":"ConectaGr\u00e3o","description":"Conectando o futuro com o agroneg\u00f3cio.","publisher":{"@id":"https:\/\/conectagrao.com.br\/blog\/#organization"},"alternateName":"conectagrao","potentialAction":[{"@type":"SearchAction","target":{"@type":"EntryPoint","urlTemplate":"https:\/\/conectagrao.com.br\/blog\/?s={search_term_string}"},"query-input":{"@type":"PropertyValueSpecification","valueRequired":true,"valueName":"search_term_string"}}],"inLanguage":"pt-BR"},{"@type":"Organization","@id":"https:\/\/conectagrao.com.br\/blog\/#organization","name":"ConectaGr\u00e3o","alternateName":"conectagrao","url":"https:\/\/conectagrao.com.br\/blog\/","logo":{"@type":"ImageObject","inLanguage":"pt-BR","@id":"https:\/\/conectagrao.com.br\/blog\/#\/schema\/logo\/image\/","url":"https:\/\/conectagrao.com.br\/blog\/wp-content\/uploads\/2025\/07\/ConectaGrao-6.png","contentUrl":"https:\/\/conectagrao.com.br\/blog\/wp-content\/uploads\/2025\/07\/ConectaGrao-6.png","width":447,"height":559,"caption":"ConectaGr\u00e3o"},"image":{"@id":"https:\/\/conectagrao.com.br\/blog\/#\/schema\/logo\/image\/"},"sameAs":["https:\/\/www.facebook.com\/conectagrao\/","https:\/\/www.tiktok.com\/@conectagrao?_t=ZM-8xPuS2d6MFB&_r=1","https:\/\/www.threads.com\/@conectagrao","https:\/\/www.youtube.com\/@conectagrao","https:\/\/www.instagram.com\/conectagrao"]},{"@type":"Person","@id":"https:\/\/conectagrao.com.br\/blog\/#\/schema\/person\/ba64f63526cab8efbf8b1f8198926135","name":"conectagrao","image":{"@type":"ImageObject","inLanguage":"pt-BR","@id":"https:\/\/secure.gravatar.com\/avatar\/fb3dc2cba7f544171abec58358591c995847240e6fd4f1f7a4a8159970dca59e?s=96&d=mm&r=g","url":"https:\/\/secure.gravatar.com\/avatar\/fb3dc2cba7f544171abec58358591c995847240e6fd4f1f7a4a8159970dca59e?s=96&d=mm&r=g","contentUrl":"https:\/\/secure.gravatar.com\/avatar\/fb3dc2cba7f544171abec58358591c995847240e6fd4f1f7a4a8159970dca59e?s=96&d=mm&r=g","caption":"conectagrao"},"description":"ConectaGr\u00e3o\u00ae \u00e9 uma plataforma digital que conecta produtores, empresas e compradores do agroneg\u00f3cio, oferecendo an\u00e1lises de mercado, cota\u00e7\u00f5es, ferramentas e conte\u00fados gratuitos para facilitar o dia a dia no campo. Fundada por Genecir Jacoboski e Kao\u00ea T. Rauch a ConectaGr\u00e3o\u00ae tem como miss\u00e3o valorizar o produtor e aproximar o campo do mercado com tecnologia, informa\u00e7\u00e3o e inova\u00e7\u00e3o.","sameAs":["https:\/\/conectagrao.com.br\/blog","https:\/\/www.facebook.com\/share\/1A5mH5g3LK\/","https:\/\/www.instagram.com\/conectagrao?igsh=azQ1dXBndnp4dzZw","https:\/\/youtube.com\/@conectagrao?si=QnGS_Zm7Cuj1pznt"],"url":"https:\/\/conectagrao.com.br\/blog\/author\/conectagrao\/"}]}},"uagb_featured_image_src":{"full":["https:\/\/conectagrao.com.br\/blog\/wp-content\/uploads\/2025\/09\/Design-sem-nome-12.png",1200,800,false],"thumbnail":["https:\/\/conectagrao.com.br\/blog\/wp-content\/uploads\/2025\/09\/Design-sem-nome-12-150x150.png",150,150,true],"medium":["https:\/\/conectagrao.com.br\/blog\/wp-content\/uploads\/2025\/09\/Design-sem-nome-12-300x200.png",300,200,true],"medium_large":["https:\/\/conectagrao.com.br\/blog\/wp-content\/uploads\/2025\/09\/Design-sem-nome-12-768x512.png",640,427,true],"large":["https:\/\/conectagrao.com.br\/blog\/wp-content\/uploads\/2025\/09\/Design-sem-nome-12-1024x683.png",640,427,true],"1536x1536":["https:\/\/conectagrao.com.br\/blog\/wp-content\/uploads\/2025\/09\/Design-sem-nome-12.png",1200,800,false],"2048x2048":["https:\/\/conectagrao.com.br\/blog\/wp-content\/uploads\/2025\/09\/Design-sem-nome-12.png",1200,800,false],"cvmm-medium":["https:\/\/conectagrao.com.br\/blog\/wp-content\/uploads\/2025\/09\/Design-sem-nome-12-300x300.png",300,300,true],"cvmm-medium-plus":["https:\/\/conectagrao.com.br\/blog\/wp-content\/uploads\/2025\/09\/Design-sem-nome-12-305x207.png",305,207,true],"cvmm-portrait":["https:\/\/conectagrao.com.br\/blog\/wp-content\/uploads\/2025\/09\/Design-sem-nome-12-400x600.png",400,600,true],"cvmm-medium-square":["https:\/\/conectagrao.com.br\/blog\/wp-content\/uploads\/2025\/09\/Design-sem-nome-12-600x600.png",600,600,true],"cvmm-large":["https:\/\/conectagrao.com.br\/blog\/wp-content\/uploads\/2025\/09\/Design-sem-nome-12-1024x800.png",1024,800,true],"cvmm-small":["https:\/\/conectagrao.com.br\/blog\/wp-content\/uploads\/2025\/09\/Design-sem-nome-12-130x95.png",130,95,true],"news-portal-block-medium":["https:\/\/conectagrao.com.br\/blog\/wp-content\/uploads\/2025\/09\/Design-sem-nome-12-305x207.png",305,207,true],"news-portal-block-thumb":["https:\/\/conectagrao.com.br\/blog\/wp-content\/uploads\/2025\/09\/Design-sem-nome-12-136x102.png",136,102,true],"news-portal-slider-medium":["https:\/\/conectagrao.com.br\/blog\/wp-content\/uploads\/2025\/09\/Design-sem-nome-12-622x420.png",622,420,true],"news-portal-carousel-portrait":["https:\/\/conectagrao.com.br\/blog\/wp-content\/uploads\/2025\/09\/Design-sem-nome-12-400x600.png",400,600,true],"news-portal-alternate-grid":["https:\/\/conectagrao.com.br\/blog\/wp-content\/uploads\/2025\/09\/Design-sem-nome-12-340x316.png",340,316,true],"web-stories-poster-portrait":["https:\/\/conectagrao.com.br\/blog\/wp-content\/uploads\/2025\/09\/Design-sem-nome-12-640x800.png",640,800,true],"web-stories-publisher-logo":["https:\/\/conectagrao.com.br\/blog\/wp-content\/uploads\/2025\/09\/Design-sem-nome-12-96x96.png",96,96,true],"web-stories-thumbnail":["https:\/\/conectagrao.com.br\/blog\/wp-content\/uploads\/2025\/09\/Design-sem-nome-12-150x100.png",150,100,true]},"uagb_author_info":{"display_name":"conectagrao","author_link":"https:\/\/conectagrao.com.br\/blog\/author\/conectagrao\/"},"uagb_comment_info":0,"uagb_excerpt":"A retirada da tarifa sobre exporta\u00e7\u00f5es brasileiras de celulose e ferro-n\u00edquel traz ganhos diretos para o agroneg\u00f3cio, ampliando competitividade e abrindo portas no mercado internacional.","blog_post_layout_featured_media_urls":{"thumbnail":["https:\/\/conectagrao.com.br\/blog\/wp-content\/uploads\/2025\/09\/Design-sem-nome-12-150x150.png",150,150,true],"full":["https:\/\/conectagrao.com.br\/blog\/wp-content\/uploads\/2025\/09\/Design-sem-nome-12.png",1200,800,false]},"categories_names":{"1":{"name":"Blog","link":"https:\/\/conectagrao.com.br\/blog\/blog\/"},"29":{"name":"Vis\u00e3o de Mercado","link":"https:\/\/conectagrao.com.br\/blog\/mercado\/"}},"tags_names":{"113":{"name":"Agroneg\u00f3cio brasileiro","link":"https:\/\/conectagrao.com.br\/blog\/tag\/agronegocio-brasileiro\/"},"337":{"name":"Balan\u00e7a comercial Brasil","link":"https:\/\/conectagrao.com.br\/blog\/tag\/balanca-comercial-brasil\/"},"338":{"name":"Com\u00e9rcio exterior Brasil EUA","link":"https:\/\/conectagrao.com.br\/blog\/tag\/comercio-exterior-brasil-eua\/"},"340":{"name":"Exporta\u00e7\u00f5es de celulose","link":"https:\/\/conectagrao.com.br\/blog\/tag\/exportacoes-de-celulose\/"},"339":{"name":"Exporta\u00e7\u00f5es de ferro-n\u00edquel","link":"https:\/\/conectagrao.com.br\/blog\/tag\/exportacoes-de-ferro-niquel\/"},"335":{"name":"Mercado agr\u00edcola internacional","link":"https:\/\/conectagrao.com.br\/blog\/tag\/mercado-agricola-internacional\/"},"341":{"name":"Retirada da tarifa sobre exporta\u00e7\u00f5es brasileiras","link":"https:\/\/conectagrao.com.br\/blog\/tag\/retirada-da-tarifa-sobre-exportacoes-brasileiras\/"},"334":{"name":"Setor florestal brasileiro","link":"https:\/\/conectagrao.com.br\/blog\/tag\/setor-florestal-brasileiro\/"},"336":{"name":"Tarifas de exporta\u00e7\u00e3o","link":"https:\/\/conectagrao.com.br\/blog\/tag\/tarifas-de-exportacao\/"}},"comments_number":"0","wpmagazine_modules_lite_featured_media_urls":{"thumbnail":["https:\/\/conectagrao.com.br\/blog\/wp-content\/uploads\/2025\/09\/Design-sem-nome-12-150x150.png",150,150,true],"cvmm-medium":["https:\/\/conectagrao.com.br\/blog\/wp-content\/uploads\/2025\/09\/Design-sem-nome-12-300x300.png",300,300,true],"cvmm-medium-plus":["https:\/\/conectagrao.com.br\/blog\/wp-content\/uploads\/2025\/09\/Design-sem-nome-12-305x207.png",305,207,true],"cvmm-portrait":["https:\/\/conectagrao.com.br\/blog\/wp-content\/uploads\/2025\/09\/Design-sem-nome-12-400x600.png",400,600,true],"cvmm-medium-square":["https:\/\/conectagrao.com.br\/blog\/wp-content\/uploads\/2025\/09\/Design-sem-nome-12-600x600.png",600,600,true],"cvmm-large":["https:\/\/conectagrao.com.br\/blog\/wp-content\/uploads\/2025\/09\/Design-sem-nome-12-1024x800.png",1024,800,true],"cvmm-small":["https:\/\/conectagrao.com.br\/blog\/wp-content\/uploads\/2025\/09\/Design-sem-nome-12-130x95.png",130,95,true],"full":["https:\/\/conectagrao.com.br\/blog\/wp-content\/uploads\/2025\/09\/Design-sem-nome-12.png",1200,800,false]},"_links":{"self":[{"href":"https:\/\/conectagrao.com.br\/blog\/wp-json\/wp\/v2\/posts\/1260","targetHints":{"allow":["GET"]}}],"collection":[{"href":"https:\/\/conectagrao.com.br\/blog\/wp-json\/wp\/v2\/posts"}],"about":[{"href":"https:\/\/conectagrao.com.br\/blog\/wp-json\/wp\/v2\/types\/post"}],"author":[{"embeddable":true,"href":"https:\/\/conectagrao.com.br\/blog\/wp-json\/wp\/v2\/users\/1"}],"replies":[{"embeddable":true,"href":"https:\/\/conectagrao.com.br\/blog\/wp-json\/wp\/v2\/comments?post=1260"}],"version-history":[{"count":1,"href":"https:\/\/conectagrao.com.br\/blog\/wp-json\/wp\/v2\/posts\/1260\/revisions"}],"predecessor-version":[{"id":1262,"href":"https:\/\/conectagrao.com.br\/blog\/wp-json\/wp\/v2\/posts\/1260\/revisions\/1262"}],"wp:featuredmedia":[{"embeddable":true,"href":"https:\/\/conectagrao.com.br\/blog\/wp-json\/wp\/v2\/media\/1261"}],"wp:attachment":[{"href":"https:\/\/conectagrao.com.br\/blog\/wp-json\/wp\/v2\/media?parent=1260"}],"wp:term":[{"taxonomy":"category","embeddable":true,"href":"https:\/\/conectagrao.com.br\/blog\/wp-json\/wp\/v2\/categories?post=1260"},{"taxonomy":"post_tag","embeddable":true,"href":"https:\/\/conectagrao.com.br\/blog\/wp-json\/wp\/v2\/tags?post=1260"}],"curies":[{"name":"wp","href":"https:\/\/api.w.org\/{rel}","templated":true}]}}