{"id":1269,"date":"2025-09-18T16:32:41","date_gmt":"2025-09-18T16:32:41","guid":{"rendered":"https:\/\/conectagrao.com.br\/blog\/?p=1269"},"modified":"2025-09-18T16:32:47","modified_gmt":"2025-09-18T16:32:47","slug":"agro-em-alta-no-ceara","status":"publish","type":"post","link":"https:\/\/conectagrao.com.br\/blog\/agro-em-alta-no-ceara\/","title":{"rendered":"Agro em Alta no Cear\u00e1: Os 5 Fatores que Fizeram o Setor Explodir 17% no PIB"},"content":{"rendered":"\n<p>Imagine um produtor em Limoeiro do Norte, no cora\u00e7\u00e3o do Vale do Jaguaribe, acordando ao amanhecer para colher mel\u00f5es que dobraram de produ\u00e7\u00e3o em um ano. Esse n\u00e3o \u00e9 um sonho: \u00e9 a realidade do <strong>agro em alta no Cear\u00e1<\/strong>, onde o setor agropecu\u00e1rio saltou 17,73% no valor adicionado ao PIB no segundo trimestre de 2025, segundo o Instituto de Pesquisa e Estrat\u00e9gia Econ\u00f4mica do Cear\u00e1 (Ipece). Enquanto chuvas abaixo da m\u00e9dia desafiavam o semi\u00e1rido, a inova\u00e7\u00e3o manteve o ritmo. Esse dado impactante n\u00e3o s\u00f3 elevou o PIB estadual em 3,8%, mas tamb\u00e9m gerou renda que se espalha para servi\u00e7os e ind\u00fastrias. Para produtores, t\u00e9cnicos e agr\u00f4nomos, essa hist\u00f3ria revela oportunidades reais \u2013 e urge a\u00e7\u00e3o para captur\u00e1-las.<\/p>\n\n\n\n<h2 class=\"wp-block-heading\">Fatores Chave por Tr\u00e1s do Agro em Alta no Cear\u00e1<\/h2>\n\n\n\n<p>O <strong>agro em alta no Cear\u00e1<\/strong> n\u00e3o surgiu do nada. Em vez disso, ele reflete uma combina\u00e7\u00e3o estrat\u00e9gica de recursos e planejamento. Primeiro, os reservat\u00f3rios de \u00e1gua fecharam o primeiro trimestre de 2025 com 51% de capacidade, subindo para 54% em junho, mitigando a seca \u2013 a pior em oito anos. Assim, produtores mantiveram a produ\u00e7\u00e3o em sequeiro, enquanto a irriga\u00e7\u00e3o moderna ampliou a produ\u00e7\u00e3o.<\/p>\n\n\n\n<p>Al\u00e9m disso, o foco em cultivos de exporta\u00e7\u00e3o, como frutas, impulsionou o setor. De acordo com a Conab, a safra nacional de gr\u00e3os 2024\/2025 projeta recorde de 332,9 milh\u00f5es de toneladas, e o Cear\u00e1 surfou nessa onda com mel\u00f5es e soja. No entanto, desafios como variabilidade clim\u00e1tica persistem, exigindo adapta\u00e7\u00f5es constante<\/p>\n\n\n\n<h3 class=\"wp-block-heading\">Reservat\u00f3rios e Irriga\u00e7\u00e3o: A Base da Resili\u00eancia<\/h3>\n\n\n\n<p>A irriga\u00e7\u00e3o eficiente, promovida pela Embrapa, foi pivotal. Por exemplo, sistemas de gotejamento reduziram perdas em at\u00e9 30% no semi\u00e1rido cearense. Portanto, com \u00e1gua armazenada, o agro em alta no Cear\u00e1 evitou colapsos sazonais.<\/p>\n\n\n\n<h3 class=\"wp-block-heading\">Exporta\u00e7\u00f5es e Diversifica\u00e7\u00e3o de Cultivos<\/h3>\n\n\n\n<p>Frutas como mel\u00e3o cresceram 122%, direcionadas a mercados europeus. Assim, o setor n\u00e3o s\u00f3 cresceu, mas diversificou, reduzindo depend\u00eancia de commodities vol\u00e1teis.<\/p>\n\n\n\n<h2 class=\"wp-block-heading\">Dados e Estat\u00edsticas que Ilustram o Boom<\/h2>\n\n\n\n<p>Vamos aos n\u00fameros concretos. O Ipece relata que cereais e leguminosas subiram 10,6%, enquanto tub\u00e9rculos e ra\u00edzes avan\u00e7aram 14%. Na pecu\u00e1ria, leite saltou 14,22%, e gado 10,42%. Esses ganhos, aliados \u00e0 proje\u00e7\u00e3o da Conab de 16,3% na soja nacional, posicionam o Cear\u00e1 como ponto central nordestino.<\/p>\n\n\n\n<p>Para contextualizar, a FAO destaca que o Nordeste brasileiro, incluindo o Cear\u00e1, aumentou exporta\u00e7\u00f5es agro em 20% nos \u00faltimos anos, gra\u00e7as a mecaniza\u00e7\u00e3o. No entanto, o setor representa apenas 5,82% do PIB estadual \u2013 um lembrete de seu potencial multiplicador.<\/p>\n\n\n\n<h3 class=\"wp-block-heading\">Agro em Alta no Cear\u00e1<\/h3>\n\n\n\n<p>Aqui vai uma <strong>lista comparativa de crescimentos chave no agro em alta no Cear\u00e1 (2025 vs. 2024)<\/strong>, baseada em dados do Ipece e Conab:<\/p>\n\n\n\n<ul class=\"wp-block-list\">\n<li><strong>Mel\u00e3o<\/strong>: +122% (l\u00edder em exporta\u00e7\u00f5es, com foco em Limoeiro do Norte).<\/li>\n\n\n\n<li><strong>Soja<\/strong>: +21,76% (influenciada pela produtividade nacional de 3.560 kg\/ha, per Embrapa).<\/li>\n\n\n\n<li><strong>Fava<\/strong>: +20,2% (essencial para rota\u00e7\u00e3o de solos no semi\u00e1rido).<\/li>\n\n\n\n<li><strong>Leite<\/strong>: +14,22% (impulsionado por melhoramento gen\u00e9tico).<\/li>\n\n\n\n<li><strong>Milho<\/strong>: +11,42% (base para ra\u00e7\u00e3o animal, com queda nacional mitigada localmente).<\/li>\n<\/ul>\n\n\n\n<p>Comparado \u00e0 m\u00e9dia nacional de 10%, o Cear\u00e1 brilha \u2013 mas exige monitoramento clim\u00e1tico para sustentar.<\/p>\n\n\n\n<p><strong>Dica R\u00e1pida: Otimize Sua Irriga\u00e7\u00e3o no Semi\u00e1rido<\/strong> Adote sensores de umidade do solo para irriga\u00e7\u00e3o precisa, reduzindo consumo de \u00e1gua em 25% e elevando a produ\u00e7\u00e3o em 15-20%. Custo inicial: R$ 500\/ha. Resultado? Mais lucro no agro em alta no Cear\u00e1. Aplique hoje para colher amanh\u00e3.<\/p>\n\n\n\n<h2 class=\"wp-block-heading\">Qual o Impacto Real do Agro em Alta no Cear\u00e1 para Produtores e Economia Local?<\/h2>\n\n\n\n<p>Pergunte a si mesmo: como um crescimento de 17% no PIB agropecu\u00e1rio afeta sua lavoura? Bem, ele gera renda que irradia para servi\u00e7os, elevando empregos em 5-7% fora da Regi\u00e3o Metropolitana de Fortaleza, per Ipece. Para estudantes e agr\u00f4nomos, isso significa mais investimentos em pesquisa \u2013 como os da Embrapa em variedades resistentes. No entanto, o truque \u00e9 escalar: integre tecnologia para capturar esse momentum.<\/p>\n\n\n\n<p>Em s\u00edntese, o <strong>agro em alta no Cear\u00e1<\/strong> de 17% no PIB em 2025 prova que resili\u00eancia clim\u00e1tica e foco exportador superam adversidades, assim com dados da Conab e Embrapa validando tend\u00eancias nacionais. Produtores devem priorizar irriga\u00e7\u00e3o e diversifica\u00e7\u00e3o para produ\u00e7\u00e3o sustent\u00e1veis, enquanto t\u00e9cnicos monitoram reservat\u00f3rios. Aplique essas estrat\u00e9gias na pr\u00e1tica e transforme desafios em colheitas recordes.<\/p>\n\n\n\n<p><\/p>\n","protected":false},"excerpt":{"rendered":"<p>O agro em alta no Cear\u00e1 registrou um crescimento impressionante de 17,73% no valor adicionado ao PIB no segundo trimestre de 2025, superando a m\u00e9dia nacional de 10%. Esse avan\u00e7o, impulsionado por reservat\u00f3rios de \u00e1gua e foco em exporta\u00e7\u00f5es, beneficia produtores e a economia local. Entenda os dados e estrat\u00e9gias para replicar esses ganhos.<\/p>\n","protected":false},"author":2,"featured_media":1270,"comment_status":"open","ping_status":"open","sticky":false,"template":"","format":"standard","meta":{"_coblocks_attr":"","_coblocks_dimensions":"","_coblocks_responsive_height":"","_coblocks_accordion_ie_support":"","_uag_custom_page_level_css":"","footnotes":""},"categories":[1],"tags":[113,360,356,358,359,352,354,353,355],"class_list":["post-1269","post","type-post","status-publish","format-standard","has-post-thumbnail","hentry","category-blog","tag-agronegocio-brasileiro","tag-crescimento-agro-ceara","tag-embrapa-variedades-resistentes","tag-exportacoes-frutas-ceara","tag-irrigacao-semiarido-nordeste","tag-mecanizacao-agro-nordeste","tag-melao-limoeiro-do-norte","tag-pecuaria-leite-ceara","tag-pib-agropecuario-ceara"],"yoast_head":"<!-- This site is optimized with the Yoast SEO plugin v27.4 - https:\/\/yoast.com\/product\/yoast-seo-wordpress\/ -->\n<title>Agro em Alta no Cear\u00e1: Os 5 Fatores que Fizeram o Setor Explodir 17% no PIB - ConectaGr\u00e3o<\/title>\n<meta name=\"description\" content=\"O agro em alta no Cear\u00e1 impulsionou 17% no PIB estadual em 2025, gra\u00e7as a irriga\u00e7\u00e3o e exporta\u00e7\u00f5es de frutas.\" \/>\n<meta name=\"robots\" content=\"index, follow, max-snippet:-1, max-image-preview:large, max-video-preview:-1\" \/>\n<link rel=\"canonical\" href=\"https:\/\/conectagrao.com.br\/blog\/agro-em-alta-no-ceara\/\" \/>\n<meta property=\"og:locale\" content=\"pt_BR\" \/>\n<meta property=\"og:type\" content=\"article\" \/>\n<meta property=\"og:title\" content=\"Agro em Alta no Cear\u00e1: Os 5 Fatores que Fizeram o Setor Explodir 17% no PIB - ConectaGr\u00e3o\" \/>\n<meta property=\"og:description\" content=\"O agro em alta no Cear\u00e1 impulsionou 17% no PIB estadual em 2025, gra\u00e7as a irriga\u00e7\u00e3o e exporta\u00e7\u00f5es de frutas.\" \/>\n<meta property=\"og:url\" content=\"https:\/\/conectagrao.com.br\/blog\/agro-em-alta-no-ceara\/\" \/>\n<meta property=\"og:site_name\" content=\"ConectaGr\u00e3o\" \/>\n<meta property=\"article:publisher\" content=\"https:\/\/www.facebook.com\/conectagrao\/\" \/>\n<meta property=\"article:published_time\" content=\"2025-09-18T16:32:41+00:00\" \/>\n<meta property=\"article:modified_time\" content=\"2025-09-18T16:32:47+00:00\" \/>\n<meta property=\"og:image\" content=\"https:\/\/conectagrao.com.br\/blog\/wp-content\/uploads\/2025\/09\/Design-sem-nome-14.png\" \/>\n\t<meta property=\"og:image:width\" content=\"1200\" \/>\n\t<meta property=\"og:image:height\" content=\"800\" \/>\n\t<meta property=\"og:image:type\" content=\"image\/png\" \/>\n<meta name=\"author\" content=\"Kao\u00ea Rauch\" \/>\n<meta name=\"twitter:card\" content=\"summary_large_image\" \/>\n<meta name=\"twitter:label1\" content=\"Escrito por\" \/>\n\t<meta name=\"twitter:data1\" content=\"Kao\u00ea Rauch\" \/>\n\t<meta name=\"twitter:label2\" content=\"Est. tempo de leitura\" \/>\n\t<meta name=\"twitter:data2\" content=\"4 minutos\" \/>\n<script type=\"application\/ld+json\" class=\"yoast-schema-graph\">{\"@context\":\"https:\\\/\\\/schema.org\",\"@graph\":[{\"@type\":\"Article\",\"@id\":\"https:\\\/\\\/conectagrao.com.br\\\/blog\\\/agro-em-alta-no-ceara\\\/#article\",\"isPartOf\":{\"@id\":\"https:\\\/\\\/conectagrao.com.br\\\/blog\\\/agro-em-alta-no-ceara\\\/\"},\"author\":{\"name\":\"Kao\u00ea Rauch\",\"@id\":\"https:\\\/\\\/conectagrao.com.br\\\/blog\\\/#\\\/schema\\\/person\\\/0110c2a65e3fe8c1eb38193d9f186a59\"},\"headline\":\"Agro em Alta no Cear\u00e1: Os 5 Fatores que Fizeram o Setor Explodir 17% no PIB\",\"datePublished\":\"2025-09-18T16:32:41+00:00\",\"dateModified\":\"2025-09-18T16:32:47+00:00\",\"mainEntityOfPage\":{\"@id\":\"https:\\\/\\\/conectagrao.com.br\\\/blog\\\/agro-em-alta-no-ceara\\\/\"},\"wordCount\":741,\"commentCount\":0,\"publisher\":{\"@id\":\"https:\\\/\\\/conectagrao.com.br\\\/blog\\\/#organization\"},\"image\":{\"@id\":\"https:\\\/\\\/conectagrao.com.br\\\/blog\\\/agro-em-alta-no-ceara\\\/#primaryimage\"},\"thumbnailUrl\":\"https:\\\/\\\/conectagrao.com.br\\\/blog\\\/wp-content\\\/uploads\\\/2025\\\/09\\\/Design-sem-nome-14.png\",\"keywords\":[\"Agroneg\u00f3cio brasileiro\",\"Crescimento agro Cear\u00e1\",\"Embrapa variedades resistentes\",\"Exporta\u00e7\u00f5es frutas Cear\u00e1\",\"Irriga\u00e7\u00e3o semi\u00e1rido Nordeste\",\"Mecaniza\u00e7\u00e3o agro Nordeste\",\"Mel\u00e3o Limoeiro do Norte\",\"Pecu\u00e1ria leite Cear\u00e1\",\"PIB agropecu\u00e1rio Cear\u00e1\"],\"articleSection\":[\"Blog\"],\"inLanguage\":\"pt-BR\",\"potentialAction\":[{\"@type\":\"CommentAction\",\"name\":\"Comment\",\"target\":[\"https:\\\/\\\/conectagrao.com.br\\\/blog\\\/agro-em-alta-no-ceara\\\/#respond\"]}]},{\"@type\":\"WebPage\",\"@id\":\"https:\\\/\\\/conectagrao.com.br\\\/blog\\\/agro-em-alta-no-ceara\\\/\",\"url\":\"https:\\\/\\\/conectagrao.com.br\\\/blog\\\/agro-em-alta-no-ceara\\\/\",\"name\":\"Agro em Alta no Cear\u00e1: Os 5 Fatores que Fizeram o Setor Explodir 17% no PIB - ConectaGr\u00e3o\",\"isPartOf\":{\"@id\":\"https:\\\/\\\/conectagrao.com.br\\\/blog\\\/#website\"},\"primaryImageOfPage\":{\"@id\":\"https:\\\/\\\/conectagrao.com.br\\\/blog\\\/agro-em-alta-no-ceara\\\/#primaryimage\"},\"image\":{\"@id\":\"https:\\\/\\\/conectagrao.com.br\\\/blog\\\/agro-em-alta-no-ceara\\\/#primaryimage\"},\"thumbnailUrl\":\"https:\\\/\\\/conectagrao.com.br\\\/blog\\\/wp-content\\\/uploads\\\/2025\\\/09\\\/Design-sem-nome-14.png\",\"datePublished\":\"2025-09-18T16:32:41+00:00\",\"dateModified\":\"2025-09-18T16:32:47+00:00\",\"description\":\"O agro em alta no Cear\u00e1 impulsionou 17% no PIB estadual em 2025, gra\u00e7as a irriga\u00e7\u00e3o e exporta\u00e7\u00f5es de frutas.\",\"breadcrumb\":{\"@id\":\"https:\\\/\\\/conectagrao.com.br\\\/blog\\\/agro-em-alta-no-ceara\\\/#breadcrumb\"},\"inLanguage\":\"pt-BR\",\"potentialAction\":[{\"@type\":\"ReadAction\",\"target\":[\"https:\\\/\\\/conectagrao.com.br\\\/blog\\\/agro-em-alta-no-ceara\\\/\"]}]},{\"@type\":\"ImageObject\",\"inLanguage\":\"pt-BR\",\"@id\":\"https:\\\/\\\/conectagrao.com.br\\\/blog\\\/agro-em-alta-no-ceara\\\/#primaryimage\",\"url\":\"https:\\\/\\\/conectagrao.com.br\\\/blog\\\/wp-content\\\/uploads\\\/2025\\\/09\\\/Design-sem-nome-14.png\",\"contentUrl\":\"https:\\\/\\\/conectagrao.com.br\\\/blog\\\/wp-content\\\/uploads\\\/2025\\\/09\\\/Design-sem-nome-14.png\",\"width\":1200,\"height\":800},{\"@type\":\"BreadcrumbList\",\"@id\":\"https:\\\/\\\/conectagrao.com.br\\\/blog\\\/agro-em-alta-no-ceara\\\/#breadcrumb\",\"itemListElement\":[{\"@type\":\"ListItem\",\"position\":1,\"name\":\"In\u00edcio\",\"item\":\"https:\\\/\\\/conectagrao.com.br\\\/blog\\\/\"},{\"@type\":\"ListItem\",\"position\":2,\"name\":\"Agro em Alta no Cear\u00e1: Os 5 Fatores que Fizeram o Setor Explodir 17% no PIB\"}]},{\"@type\":\"WebSite\",\"@id\":\"https:\\\/\\\/conectagrao.com.br\\\/blog\\\/#website\",\"url\":\"https:\\\/\\\/conectagrao.com.br\\\/blog\\\/\",\"name\":\"ConectaGr\u00e3o\",\"description\":\"Conectando o futuro com o agroneg\u00f3cio.\",\"publisher\":{\"@id\":\"https:\\\/\\\/conectagrao.com.br\\\/blog\\\/#organization\"},\"alternateName\":\"conectagrao\",\"potentialAction\":[{\"@type\":\"SearchAction\",\"target\":{\"@type\":\"EntryPoint\",\"urlTemplate\":\"https:\\\/\\\/conectagrao.com.br\\\/blog\\\/?s={search_term_string}\"},\"query-input\":{\"@type\":\"PropertyValueSpecification\",\"valueRequired\":true,\"valueName\":\"search_term_string\"}}],\"inLanguage\":\"pt-BR\"},{\"@type\":\"Organization\",\"@id\":\"https:\\\/\\\/conectagrao.com.br\\\/blog\\\/#organization\",\"name\":\"ConectaGr\u00e3o\",\"alternateName\":\"conectagrao\",\"url\":\"https:\\\/\\\/conectagrao.com.br\\\/blog\\\/\",\"logo\":{\"@type\":\"ImageObject\",\"inLanguage\":\"pt-BR\",\"@id\":\"https:\\\/\\\/conectagrao.com.br\\\/blog\\\/#\\\/schema\\\/logo\\\/image\\\/\",\"url\":\"https:\\\/\\\/conectagrao.com.br\\\/blog\\\/wp-content\\\/uploads\\\/2025\\\/07\\\/ConectaGrao-6.png\",\"contentUrl\":\"https:\\\/\\\/conectagrao.com.br\\\/blog\\\/wp-content\\\/uploads\\\/2025\\\/07\\\/ConectaGrao-6.png\",\"width\":447,\"height\":559,\"caption\":\"ConectaGr\u00e3o\"},\"image\":{\"@id\":\"https:\\\/\\\/conectagrao.com.br\\\/blog\\\/#\\\/schema\\\/logo\\\/image\\\/\"},\"sameAs\":[\"https:\\\/\\\/www.facebook.com\\\/conectagrao\\\/\",\"https:\\\/\\\/www.tiktok.com\\\/@conectagrao?_t=ZM-8xPuS2d6MFB&_r=1\",\"https:\\\/\\\/www.threads.com\\\/@conectagrao\",\"https:\\\/\\\/www.youtube.com\\\/@conectagrao\",\"https:\\\/\\\/www.instagram.com\\\/conectagrao\"]},{\"@type\":\"Person\",\"@id\":\"https:\\\/\\\/conectagrao.com.br\\\/blog\\\/#\\\/schema\\\/person\\\/0110c2a65e3fe8c1eb38193d9f186a59\",\"name\":\"Kao\u00ea Rauch\",\"image\":{\"@type\":\"ImageObject\",\"inLanguage\":\"pt-BR\",\"@id\":\"https:\\\/\\\/secure.gravatar.com\\\/avatar\\\/0a44a558d0f8cd204343bb0098142aaf503447c453c3557bdf65ce2104d4d5e3?s=96&d=mm&r=g\",\"url\":\"https:\\\/\\\/secure.gravatar.com\\\/avatar\\\/0a44a558d0f8cd204343bb0098142aaf503447c453c3557bdf65ce2104d4d5e3?s=96&d=mm&r=g\",\"contentUrl\":\"https:\\\/\\\/secure.gravatar.com\\\/avatar\\\/0a44a558d0f8cd204343bb0098142aaf503447c453c3557bdf65ce2104d4d5e3?s=96&d=mm&r=g\",\"caption\":\"Kao\u00ea Rauch\"},\"description\":\"Kaoe Rauch \u00e9 t\u00e9cnico agr\u00edcola e fundador da ConectaGr\u00e3o. Com experi\u00eancia pr\u00e1tica no campo e forte conex\u00e3o com o agro, escreve conte\u00fados que unem viv\u00eancia rural, conhecimento t\u00e9cnico e olhar de mercado, sempre com o objetivo de aproximar produtores da informa\u00e7\u00e3o que realmente importa.\",\"url\":\"https:\\\/\\\/conectagrao.com.br\\\/blog\\\/author\\\/kaoe-rauch\\\/\"}]}<\/script>\n<!-- \/ Yoast SEO plugin. -->","yoast_head_json":{"title":"Agro em Alta no Cear\u00e1: Os 5 Fatores que Fizeram o Setor Explodir 17% no PIB - ConectaGr\u00e3o","description":"O agro em alta no Cear\u00e1 impulsionou 17% no PIB estadual em 2025, gra\u00e7as a irriga\u00e7\u00e3o e exporta\u00e7\u00f5es de frutas.","robots":{"index":"index","follow":"follow","max-snippet":"max-snippet:-1","max-image-preview":"max-image-preview:large","max-video-preview":"max-video-preview:-1"},"canonical":"https:\/\/conectagrao.com.br\/blog\/agro-em-alta-no-ceara\/","og_locale":"pt_BR","og_type":"article","og_title":"Agro em Alta no Cear\u00e1: Os 5 Fatores que Fizeram o Setor Explodir 17% no PIB - ConectaGr\u00e3o","og_description":"O agro em alta no Cear\u00e1 impulsionou 17% no PIB estadual em 2025, gra\u00e7as a irriga\u00e7\u00e3o e exporta\u00e7\u00f5es de frutas.","og_url":"https:\/\/conectagrao.com.br\/blog\/agro-em-alta-no-ceara\/","og_site_name":"ConectaGr\u00e3o","article_publisher":"https:\/\/www.facebook.com\/conectagrao\/","article_published_time":"2025-09-18T16:32:41+00:00","article_modified_time":"2025-09-18T16:32:47+00:00","og_image":[{"width":1200,"height":800,"url":"https:\/\/conectagrao.com.br\/blog\/wp-content\/uploads\/2025\/09\/Design-sem-nome-14.png","type":"image\/png"}],"author":"Kao\u00ea Rauch","twitter_card":"summary_large_image","twitter_misc":{"Escrito por":"Kao\u00ea Rauch","Est. tempo de leitura":"4 minutos"},"schema":{"@context":"https:\/\/schema.org","@graph":[{"@type":"Article","@id":"https:\/\/conectagrao.com.br\/blog\/agro-em-alta-no-ceara\/#article","isPartOf":{"@id":"https:\/\/conectagrao.com.br\/blog\/agro-em-alta-no-ceara\/"},"author":{"name":"Kao\u00ea Rauch","@id":"https:\/\/conectagrao.com.br\/blog\/#\/schema\/person\/0110c2a65e3fe8c1eb38193d9f186a59"},"headline":"Agro em Alta no Cear\u00e1: Os 5 Fatores que Fizeram o Setor Explodir 17% no PIB","datePublished":"2025-09-18T16:32:41+00:00","dateModified":"2025-09-18T16:32:47+00:00","mainEntityOfPage":{"@id":"https:\/\/conectagrao.com.br\/blog\/agro-em-alta-no-ceara\/"},"wordCount":741,"commentCount":0,"publisher":{"@id":"https:\/\/conectagrao.com.br\/blog\/#organization"},"image":{"@id":"https:\/\/conectagrao.com.br\/blog\/agro-em-alta-no-ceara\/#primaryimage"},"thumbnailUrl":"https:\/\/conectagrao.com.br\/blog\/wp-content\/uploads\/2025\/09\/Design-sem-nome-14.png","keywords":["Agroneg\u00f3cio brasileiro","Crescimento agro Cear\u00e1","Embrapa variedades resistentes","Exporta\u00e7\u00f5es frutas Cear\u00e1","Irriga\u00e7\u00e3o semi\u00e1rido Nordeste","Mecaniza\u00e7\u00e3o agro Nordeste","Mel\u00e3o Limoeiro do Norte","Pecu\u00e1ria leite Cear\u00e1","PIB agropecu\u00e1rio Cear\u00e1"],"articleSection":["Blog"],"inLanguage":"pt-BR","potentialAction":[{"@type":"CommentAction","name":"Comment","target":["https:\/\/conectagrao.com.br\/blog\/agro-em-alta-no-ceara\/#respond"]}]},{"@type":"WebPage","@id":"https:\/\/conectagrao.com.br\/blog\/agro-em-alta-no-ceara\/","url":"https:\/\/conectagrao.com.br\/blog\/agro-em-alta-no-ceara\/","name":"Agro em Alta no Cear\u00e1: Os 5 Fatores que Fizeram o Setor Explodir 17% no PIB - ConectaGr\u00e3o","isPartOf":{"@id":"https:\/\/conectagrao.com.br\/blog\/#website"},"primaryImageOfPage":{"@id":"https:\/\/conectagrao.com.br\/blog\/agro-em-alta-no-ceara\/#primaryimage"},"image":{"@id":"https:\/\/conectagrao.com.br\/blog\/agro-em-alta-no-ceara\/#primaryimage"},"thumbnailUrl":"https:\/\/conectagrao.com.br\/blog\/wp-content\/uploads\/2025\/09\/Design-sem-nome-14.png","datePublished":"2025-09-18T16:32:41+00:00","dateModified":"2025-09-18T16:32:47+00:00","description":"O agro em alta no Cear\u00e1 impulsionou 17% no PIB estadual em 2025, gra\u00e7as a irriga\u00e7\u00e3o e exporta\u00e7\u00f5es de frutas.","breadcrumb":{"@id":"https:\/\/conectagrao.com.br\/blog\/agro-em-alta-no-ceara\/#breadcrumb"},"inLanguage":"pt-BR","potentialAction":[{"@type":"ReadAction","target":["https:\/\/conectagrao.com.br\/blog\/agro-em-alta-no-ceara\/"]}]},{"@type":"ImageObject","inLanguage":"pt-BR","@id":"https:\/\/conectagrao.com.br\/blog\/agro-em-alta-no-ceara\/#primaryimage","url":"https:\/\/conectagrao.com.br\/blog\/wp-content\/uploads\/2025\/09\/Design-sem-nome-14.png","contentUrl":"https:\/\/conectagrao.com.br\/blog\/wp-content\/uploads\/2025\/09\/Design-sem-nome-14.png","width":1200,"height":800},{"@type":"BreadcrumbList","@id":"https:\/\/conectagrao.com.br\/blog\/agro-em-alta-no-ceara\/#breadcrumb","itemListElement":[{"@type":"ListItem","position":1,"name":"In\u00edcio","item":"https:\/\/conectagrao.com.br\/blog\/"},{"@type":"ListItem","position":2,"name":"Agro em Alta no Cear\u00e1: Os 5 Fatores que Fizeram o Setor Explodir 17% no PIB"}]},{"@type":"WebSite","@id":"https:\/\/conectagrao.com.br\/blog\/#website","url":"https:\/\/conectagrao.com.br\/blog\/","name":"ConectaGr\u00e3o","description":"Conectando o futuro com o agroneg\u00f3cio.","publisher":{"@id":"https:\/\/conectagrao.com.br\/blog\/#organization"},"alternateName":"conectagrao","potentialAction":[{"@type":"SearchAction","target":{"@type":"EntryPoint","urlTemplate":"https:\/\/conectagrao.com.br\/blog\/?s={search_term_string}"},"query-input":{"@type":"PropertyValueSpecification","valueRequired":true,"valueName":"search_term_string"}}],"inLanguage":"pt-BR"},{"@type":"Organization","@id":"https:\/\/conectagrao.com.br\/blog\/#organization","name":"ConectaGr\u00e3o","alternateName":"conectagrao","url":"https:\/\/conectagrao.com.br\/blog\/","logo":{"@type":"ImageObject","inLanguage":"pt-BR","@id":"https:\/\/conectagrao.com.br\/blog\/#\/schema\/logo\/image\/","url":"https:\/\/conectagrao.com.br\/blog\/wp-content\/uploads\/2025\/07\/ConectaGrao-6.png","contentUrl":"https:\/\/conectagrao.com.br\/blog\/wp-content\/uploads\/2025\/07\/ConectaGrao-6.png","width":447,"height":559,"caption":"ConectaGr\u00e3o"},"image":{"@id":"https:\/\/conectagrao.com.br\/blog\/#\/schema\/logo\/image\/"},"sameAs":["https:\/\/www.facebook.com\/conectagrao\/","https:\/\/www.tiktok.com\/@conectagrao?_t=ZM-8xPuS2d6MFB&_r=1","https:\/\/www.threads.com\/@conectagrao","https:\/\/www.youtube.com\/@conectagrao","https:\/\/www.instagram.com\/conectagrao"]},{"@type":"Person","@id":"https:\/\/conectagrao.com.br\/blog\/#\/schema\/person\/0110c2a65e3fe8c1eb38193d9f186a59","name":"Kao\u00ea Rauch","image":{"@type":"ImageObject","inLanguage":"pt-BR","@id":"https:\/\/secure.gravatar.com\/avatar\/0a44a558d0f8cd204343bb0098142aaf503447c453c3557bdf65ce2104d4d5e3?s=96&d=mm&r=g","url":"https:\/\/secure.gravatar.com\/avatar\/0a44a558d0f8cd204343bb0098142aaf503447c453c3557bdf65ce2104d4d5e3?s=96&d=mm&r=g","contentUrl":"https:\/\/secure.gravatar.com\/avatar\/0a44a558d0f8cd204343bb0098142aaf503447c453c3557bdf65ce2104d4d5e3?s=96&d=mm&r=g","caption":"Kao\u00ea Rauch"},"description":"Kaoe Rauch \u00e9 t\u00e9cnico agr\u00edcola e fundador da ConectaGr\u00e3o. Com experi\u00eancia pr\u00e1tica no campo e forte conex\u00e3o com o agro, escreve conte\u00fados que unem viv\u00eancia rural, conhecimento t\u00e9cnico e olhar de mercado, sempre com o objetivo de aproximar produtores da informa\u00e7\u00e3o que realmente importa.","url":"https:\/\/conectagrao.com.br\/blog\/author\/kaoe-rauch\/"}]}},"uagb_featured_image_src":{"full":["https:\/\/conectagrao.com.br\/blog\/wp-content\/uploads\/2025\/09\/Design-sem-nome-14.png",1200,800,false],"thumbnail":["https:\/\/conectagrao.com.br\/blog\/wp-content\/uploads\/2025\/09\/Design-sem-nome-14-150x150.png",150,150,true],"medium":["https:\/\/conectagrao.com.br\/blog\/wp-content\/uploads\/2025\/09\/Design-sem-nome-14-300x200.png",300,200,true],"medium_large":["https:\/\/conectagrao.com.br\/blog\/wp-content\/uploads\/2025\/09\/Design-sem-nome-14-768x512.png",640,427,true],"large":["https:\/\/conectagrao.com.br\/blog\/wp-content\/uploads\/2025\/09\/Design-sem-nome-14-1024x683.png",640,427,true],"1536x1536":["https:\/\/conectagrao.com.br\/blog\/wp-content\/uploads\/2025\/09\/Design-sem-nome-14.png",1200,800,false],"2048x2048":["https:\/\/conectagrao.com.br\/blog\/wp-content\/uploads\/2025\/09\/Design-sem-nome-14.png",1200,800,false],"cvmm-medium":["https:\/\/conectagrao.com.br\/blog\/wp-content\/uploads\/2025\/09\/Design-sem-nome-14-300x300.png",300,300,true],"cvmm-medium-plus":["https:\/\/conectagrao.com.br\/blog\/wp-content\/uploads\/2025\/09\/Design-sem-nome-14-305x207.png",305,207,true],"cvmm-portrait":["https:\/\/conectagrao.com.br\/blog\/wp-content\/uploads\/2025\/09\/Design-sem-nome-14-400x600.png",400,600,true],"cvmm-medium-square":["https:\/\/conectagrao.com.br\/blog\/wp-content\/uploads\/2025\/09\/Design-sem-nome-14-600x600.png",600,600,true],"cvmm-large":["https:\/\/conectagrao.com.br\/blog\/wp-content\/uploads\/2025\/09\/Design-sem-nome-14-1024x800.png",1024,800,true],"cvmm-small":["https:\/\/conectagrao.com.br\/blog\/wp-content\/uploads\/2025\/09\/Design-sem-nome-14-130x95.png",130,95,true],"news-portal-block-medium":["https:\/\/conectagrao.com.br\/blog\/wp-content\/uploads\/2025\/09\/Design-sem-nome-14-305x207.png",305,207,true],"news-portal-block-thumb":["https:\/\/conectagrao.com.br\/blog\/wp-content\/uploads\/2025\/09\/Design-sem-nome-14-136x102.png",136,102,true],"news-portal-slider-medium":["https:\/\/conectagrao.com.br\/blog\/wp-content\/uploads\/2025\/09\/Design-sem-nome-14-622x420.png",622,420,true],"news-portal-carousel-portrait":["https:\/\/conectagrao.com.br\/blog\/wp-content\/uploads\/2025\/09\/Design-sem-nome-14-400x600.png",400,600,true],"news-portal-alternate-grid":["https:\/\/conectagrao.com.br\/blog\/wp-content\/uploads\/2025\/09\/Design-sem-nome-14-340x316.png",340,316,true],"web-stories-poster-portrait":["https:\/\/conectagrao.com.br\/blog\/wp-content\/uploads\/2025\/09\/Design-sem-nome-14-640x800.png",640,800,true],"web-stories-publisher-logo":["https:\/\/conectagrao.com.br\/blog\/wp-content\/uploads\/2025\/09\/Design-sem-nome-14-96x96.png",96,96,true],"web-stories-thumbnail":["https:\/\/conectagrao.com.br\/blog\/wp-content\/uploads\/2025\/09\/Design-sem-nome-14-150x100.png",150,100,true]},"uagb_author_info":{"display_name":"Kao\u00ea Rauch","author_link":"https:\/\/conectagrao.com.br\/blog\/author\/kaoe-rauch\/"},"uagb_comment_info":0,"uagb_excerpt":"O agro em alta no Cear\u00e1 registrou um crescimento impressionante de 17,73% no valor adicionado ao PIB no segundo trimestre de 2025, superando a m\u00e9dia nacional de 10%. Esse avan\u00e7o, impulsionado por reservat\u00f3rios de \u00e1gua e foco em exporta\u00e7\u00f5es, beneficia produtores e a economia local. Entenda os dados e estrat\u00e9gias para replicar esses ganhos.","blog_post_layout_featured_media_urls":{"thumbnail":["https:\/\/conectagrao.com.br\/blog\/wp-content\/uploads\/2025\/09\/Design-sem-nome-14-150x150.png",150,150,true],"full":["https:\/\/conectagrao.com.br\/blog\/wp-content\/uploads\/2025\/09\/Design-sem-nome-14.png",1200,800,false]},"categories_names":{"1":{"name":"Blog","link":"https:\/\/conectagrao.com.br\/blog\/blog\/"}},"tags_names":{"113":{"name":"Agroneg\u00f3cio brasileiro","link":"https:\/\/conectagrao.com.br\/blog\/tag\/agronegocio-brasileiro\/"},"360":{"name":"Crescimento agro Cear\u00e1","link":"https:\/\/conectagrao.com.br\/blog\/tag\/crescimento-agro-ceara\/"},"356":{"name":"Embrapa variedades resistentes","link":"https:\/\/conectagrao.com.br\/blog\/tag\/embrapa-variedades-resistentes\/"},"358":{"name":"Exporta\u00e7\u00f5es frutas Cear\u00e1","link":"https:\/\/conectagrao.com.br\/blog\/tag\/exportacoes-frutas-ceara\/"},"359":{"name":"Irriga\u00e7\u00e3o semi\u00e1rido Nordeste","link":"https:\/\/conectagrao.com.br\/blog\/tag\/irrigacao-semiarido-nordeste\/"},"352":{"name":"Mecaniza\u00e7\u00e3o agro Nordeste","link":"https:\/\/conectagrao.com.br\/blog\/tag\/mecanizacao-agro-nordeste\/"},"354":{"name":"Mel\u00e3o Limoeiro do Norte","link":"https:\/\/conectagrao.com.br\/blog\/tag\/melao-limoeiro-do-norte\/"},"353":{"name":"Pecu\u00e1ria leite Cear\u00e1","link":"https:\/\/conectagrao.com.br\/blog\/tag\/pecuaria-leite-ceara\/"},"355":{"name":"PIB agropecu\u00e1rio Cear\u00e1","link":"https:\/\/conectagrao.com.br\/blog\/tag\/pib-agropecuario-ceara\/"}},"comments_number":"0","wpmagazine_modules_lite_featured_media_urls":{"thumbnail":["https:\/\/conectagrao.com.br\/blog\/wp-content\/uploads\/2025\/09\/Design-sem-nome-14-150x150.png",150,150,true],"cvmm-medium":["https:\/\/conectagrao.com.br\/blog\/wp-content\/uploads\/2025\/09\/Design-sem-nome-14-300x300.png",300,300,true],"cvmm-medium-plus":["https:\/\/conectagrao.com.br\/blog\/wp-content\/uploads\/2025\/09\/Design-sem-nome-14-305x207.png",305,207,true],"cvmm-portrait":["https:\/\/conectagrao.com.br\/blog\/wp-content\/uploads\/2025\/09\/Design-sem-nome-14-400x600.png",400,600,true],"cvmm-medium-square":["https:\/\/conectagrao.com.br\/blog\/wp-content\/uploads\/2025\/09\/Design-sem-nome-14-600x600.png",600,600,true],"cvmm-large":["https:\/\/conectagrao.com.br\/blog\/wp-content\/uploads\/2025\/09\/Design-sem-nome-14-1024x800.png",1024,800,true],"cvmm-small":["https:\/\/conectagrao.com.br\/blog\/wp-content\/uploads\/2025\/09\/Design-sem-nome-14-130x95.png",130,95,true],"full":["https:\/\/conectagrao.com.br\/blog\/wp-content\/uploads\/2025\/09\/Design-sem-nome-14.png",1200,800,false]},"_links":{"self":[{"href":"https:\/\/conectagrao.com.br\/blog\/wp-json\/wp\/v2\/posts\/1269","targetHints":{"allow":["GET"]}}],"collection":[{"href":"https:\/\/conectagrao.com.br\/blog\/wp-json\/wp\/v2\/posts"}],"about":[{"href":"https:\/\/conectagrao.com.br\/blog\/wp-json\/wp\/v2\/types\/post"}],"author":[{"embeddable":true,"href":"https:\/\/conectagrao.com.br\/blog\/wp-json\/wp\/v2\/users\/2"}],"replies":[{"embeddable":true,"href":"https:\/\/conectagrao.com.br\/blog\/wp-json\/wp\/v2\/comments?post=1269"}],"version-history":[{"count":1,"href":"https:\/\/conectagrao.com.br\/blog\/wp-json\/wp\/v2\/posts\/1269\/revisions"}],"predecessor-version":[{"id":1271,"href":"https:\/\/conectagrao.com.br\/blog\/wp-json\/wp\/v2\/posts\/1269\/revisions\/1271"}],"wp:featuredmedia":[{"embeddable":true,"href":"https:\/\/conectagrao.com.br\/blog\/wp-json\/wp\/v2\/media\/1270"}],"wp:attachment":[{"href":"https:\/\/conectagrao.com.br\/blog\/wp-json\/wp\/v2\/media?parent=1269"}],"wp:term":[{"taxonomy":"category","embeddable":true,"href":"https:\/\/conectagrao.com.br\/blog\/wp-json\/wp\/v2\/categories?post=1269"},{"taxonomy":"post_tag","embeddable":true,"href":"https:\/\/conectagrao.com.br\/blog\/wp-json\/wp\/v2\/tags?post=1269"}],"curies":[{"name":"wp","href":"https:\/\/api.w.org\/{rel}","templated":true}]}}