{"id":1272,"date":"2025-09-22T16:37:32","date_gmt":"2025-09-22T16:37:32","guid":{"rendered":"https:\/\/conectagrao.com.br\/blog\/?p=1272"},"modified":"2025-09-22T16:37:36","modified_gmt":"2025-09-22T16:37:36","slug":"triangulacao-de-cafe-boom-de-578-nas-exportacoes-brasileiras-a-colombia","status":"publish","type":"post","link":"https:\/\/conectagrao.com.br\/blog\/triangulacao-de-cafe-boom-de-578-nas-exportacoes-brasileiras-a-colombia\/","title":{"rendered":"Triangula\u00e7\u00e3o de Caf\u00e9: Boom de 578% nas Exporta\u00e7\u00f5es Brasileiras \u00e0 Col\u00f4mbia"},"content":{"rendered":"\n<p>Imagine um produtor de conilon (caf\u00e9 Robusta) no Esp\u00edrito Santo, acordando com o telefone tocando sem parar: compradores colombianos oferecem contratos recordes para seu caf\u00e9 robusta. Em 2025, isso n\u00e3o \u00e9 fic\u00e7\u00e3o \u2013 \u00e9 realidade. Dados do Cecaf\u00e9 revelam um salto de <strong>578%<\/strong> nas exporta\u00e7\u00f5es brasileiras para a Col\u00f4mbia, o terceiro maior produtor mundial de gr\u00e3os. Mas ser\u00e1 triangula\u00e7\u00e3o de caf\u00e9 para driblar tarifas americanas de 50%? Ou algo mais estrat\u00e9gico? Vamos desvendar esse enigma que pode redefinir rotas comerciais no agro.<\/p>\n\n\n\n<h2 class=\"wp-block-heading\">O Que Est\u00e1 Por Tr\u00e1s da Triangula\u00e7\u00e3o de Caf\u00e9?<\/h2>\n\n\n\n<p>Embora o termo &#8220;triangula\u00e7\u00e3o de caf\u00e9&#8221; ecoe como uma manobra astuta para contornar barreiras, especialistas como Haroldo Bonf\u00e1, da Pharos Consultoria, esclarecem: <strong>n\u00e3o se trata de evas\u00e3o, mas de complementaridade estrat\u00e9gica<\/strong>. A Col\u00f4mbia, focada em ar\u00e1bica premium, importa robusta brasileiro para sua ind\u00fastria de sol\u00faveis, liberando seu pr\u00f3prio gr\u00e3o para exporta\u00e7\u00f5es de alto valor.<\/p>\n\n\n\n<p>Aqui, a triangula\u00e7\u00e3o de caf\u00e9 surge como uma pr\u00e1tica consolidada. Historicamente, a Col\u00f4mbia j\u00e1 comprou at\u00e9 <strong>975 mil sacas de ar\u00e1bica brasileiro<\/strong> em picos passados, transformando-os em blends (misturas) locais. No entanto, em 2025, o foco \u00e9 o robusta: mais barato e vers\u00e1til. Essa din\u00e2mica fortalece o mercado colombiano, que revende seu ar\u00e1bica a pre\u00e7os premium.<\/p>\n\n\n\n<h3 class=\"wp-block-heading\">Fatores Econ\u00f4micos que Aceleram as Exporta\u00e7\u00f5es<\/h3>\n\n\n\n<p>Primeiro, <strong>competitividade de pre\u00e7os<\/strong>: o caf\u00e9 robusta brasileiro sai a US$ 4.562 por tonelada (FOB Vit\u00f3ria-ES), contra US$ 4.856 do vietnamita \u2013 uma vantagem de 6%. Segundo, tarifas dos EUA: com 50% extras sobre o gr\u00e3o brasileiro, produtores buscam diversifica\u00e7\u00e3o. Terceiro, demanda por sol\u00faveis: a Col\u00f4mbia usa robusta importado para processar e exportar ar\u00e1bica puro.<\/p>\n\n\n\n<p>Esses elementos n\u00e3o s\u00e3o novidade. De acordo com a FAO, o Brasil responde por 40% da produ\u00e7\u00e3o global de robusta, tornando-o parceiro ideal. Assim, o que parece triangula\u00e7\u00e3o de caf\u00e9 \u00e9, na verdade, uma cadeia de valor otimizada.<\/p>\n\n\n\n<h2 class=\"wp-block-heading\">Triangula\u00e7\u00e3o de Caf\u00e9 em N\u00fameros: Um Comparativo Essencial<\/h2>\n\n\n\n<p>Para visualizar o impacto, comparemos dados recentes. A tabela abaixo, baseada em Pharos Consultoria, destaca pre\u00e7os FOB de robusta:<\/p>\n\n\n\n<figure class=\"wp-block-table\"><table class=\"has-fixed-layout\"><thead><tr><th>Produtor<\/th><th>Compra (US$\/ton)<\/th><th>Venda (US$\/ton)<\/th><th>Vantagem Competitiva<\/th><\/tr><\/thead><tbody><tr><td><strong>Brasil (Conilon )<\/strong><\/td><td>4.562,28<\/td><td>4.584,32<\/td><td>+6% vs. Vietn\u00e3<\/td><\/tr><tr><td><strong>Vietn\u00e3 (Grade )<\/strong><\/td><td>4.856,00<\/td><td>4.856,00<\/td><td>Refer\u00eancia global<\/td><\/tr><\/tbody><\/table><figcaption class=\"wp-element-caption\">Conilion=produtor de caf\u00e9 Robusta                            Grade= produtor de caf\u00e9 Robusta    <\/figcaption><\/figure>\n\n\n\n<p>Essa diferen\u00e7a de <strong>US$ 294 por tonelada<\/strong> explica o apelo brasileiro. Al\u00e9m disso, o Cecaf\u00e9 registra que, de janeiro a agosto de 2025, exporta\u00e7\u00f5es totais de caf\u00e9 brasileiro cresceram 15%, com Col\u00f4mbia como destino emergente.<\/p>\n\n\n\n<h4 class=\"wp-block-heading\">Listas ou comparativos<\/h4>\n\n\n\n<p><strong>Checklist para Exportadores de Caf\u00e9 Robusta no Contexto da Triangula\u00e7\u00e3o:<\/strong><\/p>\n\n\n\n<ul class=\"wp-block-list\">\n<li><strong>Monitore pre\u00e7os FOB di\u00e1rios<\/strong>: Use plataformas como Cecaf\u00e9 para rastrear varia\u00e7\u00f5es vs. Vietn\u00e3.<\/li>\n\n\n\n<li><strong>Diversifique destinos<\/strong>: Al\u00e9m da Col\u00f4mbia, avalie Europa e \u00c1sia para mitigar tarifas EUA.<\/li>\n\n\n\n<li><strong>Invista em certifica\u00e7\u00f5es<\/strong>: Org\u00e2nico ou sustent\u00e1vel eleva o valor em 20%, segundo Embrapa.<\/li>\n\n\n\n<li><strong>Analise contratos<\/strong>: Inclua cl\u00e1usulas de volume m\u00ednimo para sacas de 60kg, padr\u00e3o brasileiro.<\/li>\n\n\n\n<li><strong>Acompanhe safra colombiana<\/strong>: Quedas na produ\u00e7\u00e3o local (Conab projeta -5% em 2025) aumentam demandas importadas.<\/li>\n<\/ul>\n\n\n\n<p><strong>Como Escolher Variedades para Exporta\u00e7\u00e3o \u00e0 Col\u00f4mbia<\/strong> Para maximizar ganhos na triangula\u00e7\u00e3o de caf\u00e9, priorize conilon resistente (como BRS MG1 da Embrapa), com rendimento de at\u00e9 3.500 kg\/ha. Teste blends com 20% ar\u00e1bica para atender ind\u00fastrias sol\u00faveis \u2013 isso pode elevar o pre\u00e7o em 10%. Fonte: Embrapa Caf\u00e9. Aplique agora e veja retornos em 6 meses!<\/p>\n\n\n\n<div style=\"border: 2px solid #ff9800; border-radius: 10px; padding: 20px; background: #ffffff; box-shadow: 0 4px 12px rgba(0,0,0,0.1); font-family: Arial, sans-serif; width: 100%; max-width: 100%; margin: 20px 0; text-align: center; box-sizing: border-box;\">\n  \n  <h3 style=\"color: #ff9800; font-size: 24px; margin-top: 0; margin-bottom: 15px;\">\n    <span style=\"display: none;\" class=\"whatsapp-icon\">\n      <img decoding=\"async\" src=\"https:\/\/e7.pngegg.com\/pngimages\/347\/373\/png-clipart-computer-icons-whatsapp-whatsapp-text-trademark-thumbnail.png\" alt=\"WhatsApp\" style=\"width: 40px; height: 40px; border-radius: 50%; object-fit: cover;\">\n    <\/span>\n  <\/h3>\n  \n  <div style=\"display: flex; justify-content: center; align-items: center; flex-wrap: wrap; margin-bottom: 10px;\">\n    <div style=\"text-align: center; margin-right: 10px;\">\n      <p style=\"font-size: 16px; color: #333; line-height: 1.5; margin: 0;\">\n        \ud83d\udcf0 Not\u00edcias &#038; Mercado | \ud83d\udd14 Novidades <span class=\"desktop-separator\">|<\/span>\n      <\/p>\n    <\/div>\n    <div style=\"text-align: center;\">\n      <p style=\"font-size: 16px; color: #333; line-height: 1.5; margin: 0;\">\n        \u26c5 Clima | \ud83d\ude80 Tecnologia | \ud83d\udcf1 Blog\n      <\/p>\n    <\/div>\n  <\/div>\n  \n  <a href=\"https:\/\/www.whatsapp.com\/channel\/0029VaLMT22GOj9f6eVOpJ0N\" target=\"_blank\" style=\"background: #25D366; color: #fff; padding: 10px 20px; font-size: 16px; font-weight: bold; text-decoration: none; border-radius: 30px; display: inline-block; transition: all 0.3s; position: relative;\">\n    <img decoding=\"async\" src=\"https:\/\/upload.wikimedia.org\/wikipedia\/commons\/6\/6b\/WhatsApp.svg\" alt=\"WhatsApp\" style=\"width: 20px; height: 20px; vertical-align: middle; margin-right: 5px;\">\n    Entrar no Canal\n  <\/a>\n  \n  <p style=\"font-size: 12px; color: #666; margin-top: 15px; font-weight: bold;\">\n    Conecte-se agora e, al\u00e9m disso, receba informa\u00e7\u00f5es r\u00e1pidas e confi\u00e1veis sobre o agroneg\u00f3cio.  \n    Assim, voc\u00ea se mant\u00e9m atualizado em tempo real e, por fim, garante acesso a conte\u00fado exclusivo que fortalece sua tomada de decis\u00e3o no campo.\n  <\/p>\n<\/div>\n\n<style>\n@media (max-width: 768px) {\n  .desktop-separator {\n    display: none; \/* Ocultar o separador \"|\" em dispositivos m\u00f3veis *\/\n  }\n  h3 {\n    font-size: 20px;\n  }\n  p {\n    font-size: 14px;\n  }\n  a {\n    font-size: 14px;\n    padding: 8px 15px;\n  }\n}\n<\/style>\n\n\n\n\n\n\n<h4 class=\"wp-block-heading\">A Triangula\u00e7\u00e3o de Caf\u00e9 Pode Salvar Suas Exporta\u00e7\u00f5es das Tarifas Americanas?<\/h4>\n\n\n\n<p>Essa \u00e9 a pergunta que ronda produtores desde setembro de 2025, quando o Agro Estad\u00e3o alertou sobre rotas alternativas. Resposta curta: <strong>n\u00e3o diretamente, mas indiretamente sim<\/strong>. Especialistas da Conab enfatizam que, sem evas\u00e3o ilegal, a triangula\u00e7\u00e3o de caf\u00e9 refor\u00e7a parcerias regionais, reduzindo depend\u00eancia dos EUA (que absorviam 25% das exporta\u00e7\u00f5es brasileiras em 2024).<\/p>\n\n\n\n<p>Por\u00e9m, riscos existem: auditorias aduaneiras podem questionar origens. Para mitigar, adote rastreabilidade blockchain, recomendada pela FAO. No fim, essa estrat\u00e9gia n\u00e3o &#8220;salva&#8221;, mas <strong>evolui<\/strong> seu portf\u00f3lio \u2013 teste com um lote piloto para validar.<\/p>\n\n\n\n<p><strong>Veja como integrar isso \u00e0 sua opera\u00e7\u00e3o di\u00e1ria.<\/strong><\/p>\n\n\n\n<p>Em resumo, a triangula\u00e7\u00e3o de caf\u00e9 n\u00e3o \u00e9 um truque, mas uma alavanca estrat\u00e9gica: combina pre\u00e7os baixos brasileiros com demandas colombianas, projetando US$ 1 bilh\u00e3o em trocas bilaterais at\u00e9 2026 (estimativa Pharos). Para produtores e agr\u00f4nomos, o recado \u00e9 claro \u2013 diversifique rotas, priorize robusta certificada e monitore tarifas globais via Conab e Cecaf\u00e9. Aplique essas li\u00e7\u00f5es na safra 25\/26 para colher n\u00e3o s\u00f3 gr\u00e3os, mas lucros sustent\u00e1veis. Fique atento: o agro evolui r\u00e1pido, e quem se adapta lidera.<\/p>\n","protected":false},"excerpt":{"rendered":"<p>Em agosto de 2025, as exporta\u00e7\u00f5es de caf\u00e9 brasileiro para a Col\u00f4mbia dispararam 578%, de 16,6 mil para 112,9 mil sacas, gerando debates sobre triangula\u00e7\u00e3o de caf\u00e9. Apesar das tarifas de 50% impostas pelos EUA, especialistas descartam rotas evasivas e apontam para demandas hist\u00f3ricas por robusta. Entenda o que impulsiona esse movimento e suas li\u00e7\u00f5es para o setor.<\/p>\n","protected":false},"author":1,"featured_media":1273,"comment_status":"open","ping_status":"open","sticky":false,"template":"","format":"standard","meta":{"_coblocks_attr":"","_coblocks_dimensions":"","_coblocks_responsive_height":"","_coblocks_accordion_ie_support":"","_uag_custom_page_level_css":"","footnotes":""},"categories":[1,29],"tags":[371,367,365,372,363,368,369,364,362,370],"class_list":["post-1272","post","type-post","status-publish","format-standard","has-post-thumbnail","hentry","category-blog","category-mercado","tag-cafe-robusta-precos","tag-cecafe-exportacoes","tag-conilon-embrapa","tag-exportacao-de-cafe-brasil","tag-industria-soluveis-cafe","tag-mercado-cafe-colombia","tag-producao-cafe-arabica","tag-rotas-comerciais-agro","tag-safra-cafe-2025","tag-tarifas-eua-cafe"],"yoast_head":"<!-- This site is optimized with the Yoast SEO plugin v27.4 - https:\/\/yoast.com\/product\/yoast-seo-wordpress\/ -->\n<title>Triangula\u00e7\u00e3o de Caf\u00e9: Boom de 578% nas Exporta\u00e7\u00f5es Brasileiras \u00e0 Col\u00f4mbia Vis\u00e3o de Mercado - ConectaGr\u00e3o<\/title>\n<meta name=\"description\" content=\"Descubra a triangula\u00e7\u00e3o de caf\u00e9: exporta\u00e7\u00f5es brasileiras para a Col\u00f4mbia saltam 578% em meio a tarifas dos EUA.\" \/>\n<meta name=\"robots\" content=\"index, follow, max-snippet:-1, max-image-preview:large, max-video-preview:-1\" \/>\n<link rel=\"canonical\" href=\"https:\/\/conectagrao.com.br\/blog\/triangulacao-de-cafe-boom-de-578-nas-exportacoes-brasileiras-a-colombia\/\" \/>\n<meta property=\"og:locale\" content=\"pt_BR\" \/>\n<meta property=\"og:type\" content=\"article\" \/>\n<meta property=\"og:title\" content=\"Triangula\u00e7\u00e3o de Caf\u00e9: Boom de 578% nas Exporta\u00e7\u00f5es Brasileiras \u00e0 Col\u00f4mbia Vis\u00e3o de Mercado - ConectaGr\u00e3o\" \/>\n<meta property=\"og:description\" content=\"Descubra a triangula\u00e7\u00e3o de caf\u00e9: exporta\u00e7\u00f5es brasileiras para a Col\u00f4mbia saltam 578% em meio a tarifas dos EUA.\" \/>\n<meta property=\"og:url\" content=\"https:\/\/conectagrao.com.br\/blog\/triangulacao-de-cafe-boom-de-578-nas-exportacoes-brasileiras-a-colombia\/\" \/>\n<meta property=\"og:site_name\" content=\"ConectaGr\u00e3o\" \/>\n<meta property=\"article:publisher\" content=\"https:\/\/www.facebook.com\/conectagrao\/\" \/>\n<meta property=\"article:author\" content=\"https:\/\/www.facebook.com\/share\/1A5mH5g3LK\/\" \/>\n<meta property=\"article:published_time\" content=\"2025-09-22T16:37:32+00:00\" \/>\n<meta property=\"article:modified_time\" content=\"2025-09-22T16:37:36+00:00\" \/>\n<meta property=\"og:image\" content=\"https:\/\/conectagrao.com.br\/blog\/wp-content\/uploads\/2025\/09\/Design-sem-nome-15.png\" \/>\n\t<meta property=\"og:image:width\" content=\"1200\" \/>\n\t<meta property=\"og:image:height\" content=\"800\" \/>\n\t<meta property=\"og:image:type\" content=\"image\/png\" \/>\n<meta name=\"author\" content=\"conectagrao\" \/>\n<meta name=\"twitter:card\" content=\"summary_large_image\" \/>\n<meta name=\"twitter:label1\" content=\"Escrito por\" \/>\n\t<meta name=\"twitter:data1\" content=\"conectagrao\" \/>\n\t<meta name=\"twitter:label2\" content=\"Est. tempo de leitura\" \/>\n\t<meta name=\"twitter:data2\" content=\"5 minutos\" \/>\n<script type=\"application\/ld+json\" class=\"yoast-schema-graph\">{\"@context\":\"https:\\\/\\\/schema.org\",\"@graph\":[{\"@type\":\"Article\",\"@id\":\"https:\\\/\\\/conectagrao.com.br\\\/blog\\\/triangulacao-de-cafe-boom-de-578-nas-exportacoes-brasileiras-a-colombia\\\/#article\",\"isPartOf\":{\"@id\":\"https:\\\/\\\/conectagrao.com.br\\\/blog\\\/triangulacao-de-cafe-boom-de-578-nas-exportacoes-brasileiras-a-colombia\\\/\"},\"author\":{\"name\":\"conectagrao\",\"@id\":\"https:\\\/\\\/conectagrao.com.br\\\/blog\\\/#\\\/schema\\\/person\\\/ba64f63526cab8efbf8b1f8198926135\"},\"headline\":\"Triangula\u00e7\u00e3o de Caf\u00e9: Boom de 578% nas Exporta\u00e7\u00f5es Brasileiras \u00e0 Col\u00f4mbia\",\"datePublished\":\"2025-09-22T16:37:32+00:00\",\"dateModified\":\"2025-09-22T16:37:36+00:00\",\"mainEntityOfPage\":{\"@id\":\"https:\\\/\\\/conectagrao.com.br\\\/blog\\\/triangulacao-de-cafe-boom-de-578-nas-exportacoes-brasileiras-a-colombia\\\/\"},\"wordCount\":835,\"commentCount\":0,\"publisher\":{\"@id\":\"https:\\\/\\\/conectagrao.com.br\\\/blog\\\/#organization\"},\"image\":{\"@id\":\"https:\\\/\\\/conectagrao.com.br\\\/blog\\\/triangulacao-de-cafe-boom-de-578-nas-exportacoes-brasileiras-a-colombia\\\/#primaryimage\"},\"thumbnailUrl\":\"https:\\\/\\\/conectagrao.com.br\\\/blog\\\/wp-content\\\/uploads\\\/2025\\\/09\\\/Design-sem-nome-15.png\",\"keywords\":[\"Caf\u00e9 robusta pre\u00e7os\",\"Cecaf\u00e9 exporta\u00e7\u00f5es\",\"Conilon Embrapa\",\"Exporta\u00e7\u00e3o de caf\u00e9 Brasil\",\"Ind\u00fastria sol\u00faveis caf\u00e9\",\"Mercado caf\u00e9 Col\u00f4mbia\",\"Produ\u00e7\u00e3o caf\u00e9 ar\u00e1bica\",\"Rotas comerciais agro\",\"Safra caf\u00e9 2025\",\"Tarifas EUA caf\u00e9\"],\"articleSection\":[\"Blog\",\"Vis\u00e3o de Mercado\"],\"inLanguage\":\"pt-BR\",\"potentialAction\":[{\"@type\":\"CommentAction\",\"name\":\"Comment\",\"target\":[\"https:\\\/\\\/conectagrao.com.br\\\/blog\\\/triangulacao-de-cafe-boom-de-578-nas-exportacoes-brasileiras-a-colombia\\\/#respond\"]}]},{\"@type\":\"WebPage\",\"@id\":\"https:\\\/\\\/conectagrao.com.br\\\/blog\\\/triangulacao-de-cafe-boom-de-578-nas-exportacoes-brasileiras-a-colombia\\\/\",\"url\":\"https:\\\/\\\/conectagrao.com.br\\\/blog\\\/triangulacao-de-cafe-boom-de-578-nas-exportacoes-brasileiras-a-colombia\\\/\",\"name\":\"Triangula\u00e7\u00e3o de Caf\u00e9: Boom de 578% nas Exporta\u00e7\u00f5es Brasileiras \u00e0 Col\u00f4mbia Vis\u00e3o de Mercado - ConectaGr\u00e3o\",\"isPartOf\":{\"@id\":\"https:\\\/\\\/conectagrao.com.br\\\/blog\\\/#website\"},\"primaryImageOfPage\":{\"@id\":\"https:\\\/\\\/conectagrao.com.br\\\/blog\\\/triangulacao-de-cafe-boom-de-578-nas-exportacoes-brasileiras-a-colombia\\\/#primaryimage\"},\"image\":{\"@id\":\"https:\\\/\\\/conectagrao.com.br\\\/blog\\\/triangulacao-de-cafe-boom-de-578-nas-exportacoes-brasileiras-a-colombia\\\/#primaryimage\"},\"thumbnailUrl\":\"https:\\\/\\\/conectagrao.com.br\\\/blog\\\/wp-content\\\/uploads\\\/2025\\\/09\\\/Design-sem-nome-15.png\",\"datePublished\":\"2025-09-22T16:37:32+00:00\",\"dateModified\":\"2025-09-22T16:37:36+00:00\",\"description\":\"Descubra a triangula\u00e7\u00e3o de caf\u00e9: exporta\u00e7\u00f5es brasileiras para a Col\u00f4mbia saltam 578% em meio a tarifas dos EUA.\",\"breadcrumb\":{\"@id\":\"https:\\\/\\\/conectagrao.com.br\\\/blog\\\/triangulacao-de-cafe-boom-de-578-nas-exportacoes-brasileiras-a-colombia\\\/#breadcrumb\"},\"inLanguage\":\"pt-BR\",\"potentialAction\":[{\"@type\":\"ReadAction\",\"target\":[\"https:\\\/\\\/conectagrao.com.br\\\/blog\\\/triangulacao-de-cafe-boom-de-578-nas-exportacoes-brasileiras-a-colombia\\\/\"]}]},{\"@type\":\"ImageObject\",\"inLanguage\":\"pt-BR\",\"@id\":\"https:\\\/\\\/conectagrao.com.br\\\/blog\\\/triangulacao-de-cafe-boom-de-578-nas-exportacoes-brasileiras-a-colombia\\\/#primaryimage\",\"url\":\"https:\\\/\\\/conectagrao.com.br\\\/blog\\\/wp-content\\\/uploads\\\/2025\\\/09\\\/Design-sem-nome-15.png\",\"contentUrl\":\"https:\\\/\\\/conectagrao.com.br\\\/blog\\\/wp-content\\\/uploads\\\/2025\\\/09\\\/Design-sem-nome-15.png\",\"width\":1200,\"height\":800},{\"@type\":\"BreadcrumbList\",\"@id\":\"https:\\\/\\\/conectagrao.com.br\\\/blog\\\/triangulacao-de-cafe-boom-de-578-nas-exportacoes-brasileiras-a-colombia\\\/#breadcrumb\",\"itemListElement\":[{\"@type\":\"ListItem\",\"position\":1,\"name\":\"In\u00edcio\",\"item\":\"https:\\\/\\\/conectagrao.com.br\\\/blog\\\/\"},{\"@type\":\"ListItem\",\"position\":2,\"name\":\"Triangula\u00e7\u00e3o de Caf\u00e9: Boom de 578% nas Exporta\u00e7\u00f5es Brasileiras \u00e0 Col\u00f4mbia\"}]},{\"@type\":\"WebSite\",\"@id\":\"https:\\\/\\\/conectagrao.com.br\\\/blog\\\/#website\",\"url\":\"https:\\\/\\\/conectagrao.com.br\\\/blog\\\/\",\"name\":\"ConectaGr\u00e3o\",\"description\":\"Conectando o futuro com o agroneg\u00f3cio.\",\"publisher\":{\"@id\":\"https:\\\/\\\/conectagrao.com.br\\\/blog\\\/#organization\"},\"alternateName\":\"conectagrao\",\"potentialAction\":[{\"@type\":\"SearchAction\",\"target\":{\"@type\":\"EntryPoint\",\"urlTemplate\":\"https:\\\/\\\/conectagrao.com.br\\\/blog\\\/?s={search_term_string}\"},\"query-input\":{\"@type\":\"PropertyValueSpecification\",\"valueRequired\":true,\"valueName\":\"search_term_string\"}}],\"inLanguage\":\"pt-BR\"},{\"@type\":\"Organization\",\"@id\":\"https:\\\/\\\/conectagrao.com.br\\\/blog\\\/#organization\",\"name\":\"ConectaGr\u00e3o\",\"alternateName\":\"conectagrao\",\"url\":\"https:\\\/\\\/conectagrao.com.br\\\/blog\\\/\",\"logo\":{\"@type\":\"ImageObject\",\"inLanguage\":\"pt-BR\",\"@id\":\"https:\\\/\\\/conectagrao.com.br\\\/blog\\\/#\\\/schema\\\/logo\\\/image\\\/\",\"url\":\"https:\\\/\\\/conectagrao.com.br\\\/blog\\\/wp-content\\\/uploads\\\/2025\\\/07\\\/ConectaGrao-6.png\",\"contentUrl\":\"https:\\\/\\\/conectagrao.com.br\\\/blog\\\/wp-content\\\/uploads\\\/2025\\\/07\\\/ConectaGrao-6.png\",\"width\":447,\"height\":559,\"caption\":\"ConectaGr\u00e3o\"},\"image\":{\"@id\":\"https:\\\/\\\/conectagrao.com.br\\\/blog\\\/#\\\/schema\\\/logo\\\/image\\\/\"},\"sameAs\":[\"https:\\\/\\\/www.facebook.com\\\/conectagrao\\\/\",\"https:\\\/\\\/www.tiktok.com\\\/@conectagrao?_t=ZM-8xPuS2d6MFB&_r=1\",\"https:\\\/\\\/www.threads.com\\\/@conectagrao\",\"https:\\\/\\\/www.youtube.com\\\/@conectagrao\",\"https:\\\/\\\/www.instagram.com\\\/conectagrao\"]},{\"@type\":\"Person\",\"@id\":\"https:\\\/\\\/conectagrao.com.br\\\/blog\\\/#\\\/schema\\\/person\\\/ba64f63526cab8efbf8b1f8198926135\",\"name\":\"conectagrao\",\"image\":{\"@type\":\"ImageObject\",\"inLanguage\":\"pt-BR\",\"@id\":\"https:\\\/\\\/secure.gravatar.com\\\/avatar\\\/fb3dc2cba7f544171abec58358591c995847240e6fd4f1f7a4a8159970dca59e?s=96&d=mm&r=g\",\"url\":\"https:\\\/\\\/secure.gravatar.com\\\/avatar\\\/fb3dc2cba7f544171abec58358591c995847240e6fd4f1f7a4a8159970dca59e?s=96&d=mm&r=g\",\"contentUrl\":\"https:\\\/\\\/secure.gravatar.com\\\/avatar\\\/fb3dc2cba7f544171abec58358591c995847240e6fd4f1f7a4a8159970dca59e?s=96&d=mm&r=g\",\"caption\":\"conectagrao\"},\"description\":\"ConectaGr\u00e3o\u00ae \u00e9 uma plataforma digital que conecta produtores, empresas e compradores do agroneg\u00f3cio, oferecendo an\u00e1lises de mercado, cota\u00e7\u00f5es, ferramentas e conte\u00fados gratuitos para facilitar o dia a dia no campo. Fundada por Genecir Jacoboski e Kao\u00ea T. Rauch a ConectaGr\u00e3o\u00ae tem como miss\u00e3o valorizar o produtor e aproximar o campo do mercado com tecnologia, informa\u00e7\u00e3o e inova\u00e7\u00e3o.\",\"sameAs\":[\"https:\\\/\\\/conectagrao.com.br\\\/blog\",\"https:\\\/\\\/www.facebook.com\\\/share\\\/1A5mH5g3LK\\\/\",\"https:\\\/\\\/www.instagram.com\\\/conectagrao?igsh=azQ1dXBndnp4dzZw\",\"https:\\\/\\\/youtube.com\\\/@conectagrao?si=QnGS_Zm7Cuj1pznt\"],\"url\":\"https:\\\/\\\/conectagrao.com.br\\\/blog\\\/author\\\/conectagrao\\\/\"}]}<\/script>\n<!-- \/ Yoast SEO plugin. -->","yoast_head_json":{"title":"Triangula\u00e7\u00e3o de Caf\u00e9: Boom de 578% nas Exporta\u00e7\u00f5es Brasileiras \u00e0 Col\u00f4mbia Vis\u00e3o de Mercado - ConectaGr\u00e3o","description":"Descubra a triangula\u00e7\u00e3o de caf\u00e9: exporta\u00e7\u00f5es brasileiras para a Col\u00f4mbia saltam 578% em meio a tarifas dos EUA.","robots":{"index":"index","follow":"follow","max-snippet":"max-snippet:-1","max-image-preview":"max-image-preview:large","max-video-preview":"max-video-preview:-1"},"canonical":"https:\/\/conectagrao.com.br\/blog\/triangulacao-de-cafe-boom-de-578-nas-exportacoes-brasileiras-a-colombia\/","og_locale":"pt_BR","og_type":"article","og_title":"Triangula\u00e7\u00e3o de Caf\u00e9: Boom de 578% nas Exporta\u00e7\u00f5es Brasileiras \u00e0 Col\u00f4mbia Vis\u00e3o de Mercado - ConectaGr\u00e3o","og_description":"Descubra a triangula\u00e7\u00e3o de caf\u00e9: exporta\u00e7\u00f5es brasileiras para a Col\u00f4mbia saltam 578% em meio a tarifas dos EUA.","og_url":"https:\/\/conectagrao.com.br\/blog\/triangulacao-de-cafe-boom-de-578-nas-exportacoes-brasileiras-a-colombia\/","og_site_name":"ConectaGr\u00e3o","article_publisher":"https:\/\/www.facebook.com\/conectagrao\/","article_author":"https:\/\/www.facebook.com\/share\/1A5mH5g3LK\/","article_published_time":"2025-09-22T16:37:32+00:00","article_modified_time":"2025-09-22T16:37:36+00:00","og_image":[{"width":1200,"height":800,"url":"https:\/\/conectagrao.com.br\/blog\/wp-content\/uploads\/2025\/09\/Design-sem-nome-15.png","type":"image\/png"}],"author":"conectagrao","twitter_card":"summary_large_image","twitter_misc":{"Escrito por":"conectagrao","Est. tempo de leitura":"5 minutos"},"schema":{"@context":"https:\/\/schema.org","@graph":[{"@type":"Article","@id":"https:\/\/conectagrao.com.br\/blog\/triangulacao-de-cafe-boom-de-578-nas-exportacoes-brasileiras-a-colombia\/#article","isPartOf":{"@id":"https:\/\/conectagrao.com.br\/blog\/triangulacao-de-cafe-boom-de-578-nas-exportacoes-brasileiras-a-colombia\/"},"author":{"name":"conectagrao","@id":"https:\/\/conectagrao.com.br\/blog\/#\/schema\/person\/ba64f63526cab8efbf8b1f8198926135"},"headline":"Triangula\u00e7\u00e3o de Caf\u00e9: Boom de 578% nas Exporta\u00e7\u00f5es Brasileiras \u00e0 Col\u00f4mbia","datePublished":"2025-09-22T16:37:32+00:00","dateModified":"2025-09-22T16:37:36+00:00","mainEntityOfPage":{"@id":"https:\/\/conectagrao.com.br\/blog\/triangulacao-de-cafe-boom-de-578-nas-exportacoes-brasileiras-a-colombia\/"},"wordCount":835,"commentCount":0,"publisher":{"@id":"https:\/\/conectagrao.com.br\/blog\/#organization"},"image":{"@id":"https:\/\/conectagrao.com.br\/blog\/triangulacao-de-cafe-boom-de-578-nas-exportacoes-brasileiras-a-colombia\/#primaryimage"},"thumbnailUrl":"https:\/\/conectagrao.com.br\/blog\/wp-content\/uploads\/2025\/09\/Design-sem-nome-15.png","keywords":["Caf\u00e9 robusta pre\u00e7os","Cecaf\u00e9 exporta\u00e7\u00f5es","Conilon Embrapa","Exporta\u00e7\u00e3o de caf\u00e9 Brasil","Ind\u00fastria sol\u00faveis caf\u00e9","Mercado caf\u00e9 Col\u00f4mbia","Produ\u00e7\u00e3o caf\u00e9 ar\u00e1bica","Rotas comerciais agro","Safra caf\u00e9 2025","Tarifas EUA caf\u00e9"],"articleSection":["Blog","Vis\u00e3o de Mercado"],"inLanguage":"pt-BR","potentialAction":[{"@type":"CommentAction","name":"Comment","target":["https:\/\/conectagrao.com.br\/blog\/triangulacao-de-cafe-boom-de-578-nas-exportacoes-brasileiras-a-colombia\/#respond"]}]},{"@type":"WebPage","@id":"https:\/\/conectagrao.com.br\/blog\/triangulacao-de-cafe-boom-de-578-nas-exportacoes-brasileiras-a-colombia\/","url":"https:\/\/conectagrao.com.br\/blog\/triangulacao-de-cafe-boom-de-578-nas-exportacoes-brasileiras-a-colombia\/","name":"Triangula\u00e7\u00e3o de Caf\u00e9: Boom de 578% nas Exporta\u00e7\u00f5es Brasileiras \u00e0 Col\u00f4mbia Vis\u00e3o de Mercado - ConectaGr\u00e3o","isPartOf":{"@id":"https:\/\/conectagrao.com.br\/blog\/#website"},"primaryImageOfPage":{"@id":"https:\/\/conectagrao.com.br\/blog\/triangulacao-de-cafe-boom-de-578-nas-exportacoes-brasileiras-a-colombia\/#primaryimage"},"image":{"@id":"https:\/\/conectagrao.com.br\/blog\/triangulacao-de-cafe-boom-de-578-nas-exportacoes-brasileiras-a-colombia\/#primaryimage"},"thumbnailUrl":"https:\/\/conectagrao.com.br\/blog\/wp-content\/uploads\/2025\/09\/Design-sem-nome-15.png","datePublished":"2025-09-22T16:37:32+00:00","dateModified":"2025-09-22T16:37:36+00:00","description":"Descubra a triangula\u00e7\u00e3o de caf\u00e9: exporta\u00e7\u00f5es brasileiras para a Col\u00f4mbia saltam 578% em meio a tarifas dos EUA.","breadcrumb":{"@id":"https:\/\/conectagrao.com.br\/blog\/triangulacao-de-cafe-boom-de-578-nas-exportacoes-brasileiras-a-colombia\/#breadcrumb"},"inLanguage":"pt-BR","potentialAction":[{"@type":"ReadAction","target":["https:\/\/conectagrao.com.br\/blog\/triangulacao-de-cafe-boom-de-578-nas-exportacoes-brasileiras-a-colombia\/"]}]},{"@type":"ImageObject","inLanguage":"pt-BR","@id":"https:\/\/conectagrao.com.br\/blog\/triangulacao-de-cafe-boom-de-578-nas-exportacoes-brasileiras-a-colombia\/#primaryimage","url":"https:\/\/conectagrao.com.br\/blog\/wp-content\/uploads\/2025\/09\/Design-sem-nome-15.png","contentUrl":"https:\/\/conectagrao.com.br\/blog\/wp-content\/uploads\/2025\/09\/Design-sem-nome-15.png","width":1200,"height":800},{"@type":"BreadcrumbList","@id":"https:\/\/conectagrao.com.br\/blog\/triangulacao-de-cafe-boom-de-578-nas-exportacoes-brasileiras-a-colombia\/#breadcrumb","itemListElement":[{"@type":"ListItem","position":1,"name":"In\u00edcio","item":"https:\/\/conectagrao.com.br\/blog\/"},{"@type":"ListItem","position":2,"name":"Triangula\u00e7\u00e3o de Caf\u00e9: Boom de 578% nas Exporta\u00e7\u00f5es Brasileiras \u00e0 Col\u00f4mbia"}]},{"@type":"WebSite","@id":"https:\/\/conectagrao.com.br\/blog\/#website","url":"https:\/\/conectagrao.com.br\/blog\/","name":"ConectaGr\u00e3o","description":"Conectando o futuro com o agroneg\u00f3cio.","publisher":{"@id":"https:\/\/conectagrao.com.br\/blog\/#organization"},"alternateName":"conectagrao","potentialAction":[{"@type":"SearchAction","target":{"@type":"EntryPoint","urlTemplate":"https:\/\/conectagrao.com.br\/blog\/?s={search_term_string}"},"query-input":{"@type":"PropertyValueSpecification","valueRequired":true,"valueName":"search_term_string"}}],"inLanguage":"pt-BR"},{"@type":"Organization","@id":"https:\/\/conectagrao.com.br\/blog\/#organization","name":"ConectaGr\u00e3o","alternateName":"conectagrao","url":"https:\/\/conectagrao.com.br\/blog\/","logo":{"@type":"ImageObject","inLanguage":"pt-BR","@id":"https:\/\/conectagrao.com.br\/blog\/#\/schema\/logo\/image\/","url":"https:\/\/conectagrao.com.br\/blog\/wp-content\/uploads\/2025\/07\/ConectaGrao-6.png","contentUrl":"https:\/\/conectagrao.com.br\/blog\/wp-content\/uploads\/2025\/07\/ConectaGrao-6.png","width":447,"height":559,"caption":"ConectaGr\u00e3o"},"image":{"@id":"https:\/\/conectagrao.com.br\/blog\/#\/schema\/logo\/image\/"},"sameAs":["https:\/\/www.facebook.com\/conectagrao\/","https:\/\/www.tiktok.com\/@conectagrao?_t=ZM-8xPuS2d6MFB&_r=1","https:\/\/www.threads.com\/@conectagrao","https:\/\/www.youtube.com\/@conectagrao","https:\/\/www.instagram.com\/conectagrao"]},{"@type":"Person","@id":"https:\/\/conectagrao.com.br\/blog\/#\/schema\/person\/ba64f63526cab8efbf8b1f8198926135","name":"conectagrao","image":{"@type":"ImageObject","inLanguage":"pt-BR","@id":"https:\/\/secure.gravatar.com\/avatar\/fb3dc2cba7f544171abec58358591c995847240e6fd4f1f7a4a8159970dca59e?s=96&d=mm&r=g","url":"https:\/\/secure.gravatar.com\/avatar\/fb3dc2cba7f544171abec58358591c995847240e6fd4f1f7a4a8159970dca59e?s=96&d=mm&r=g","contentUrl":"https:\/\/secure.gravatar.com\/avatar\/fb3dc2cba7f544171abec58358591c995847240e6fd4f1f7a4a8159970dca59e?s=96&d=mm&r=g","caption":"conectagrao"},"description":"ConectaGr\u00e3o\u00ae \u00e9 uma plataforma digital que conecta produtores, empresas e compradores do agroneg\u00f3cio, oferecendo an\u00e1lises de mercado, cota\u00e7\u00f5es, ferramentas e conte\u00fados gratuitos para facilitar o dia a dia no campo. Fundada por Genecir Jacoboski e Kao\u00ea T. Rauch a ConectaGr\u00e3o\u00ae tem como miss\u00e3o valorizar o produtor e aproximar o campo do mercado com tecnologia, informa\u00e7\u00e3o e inova\u00e7\u00e3o.","sameAs":["https:\/\/conectagrao.com.br\/blog","https:\/\/www.facebook.com\/share\/1A5mH5g3LK\/","https:\/\/www.instagram.com\/conectagrao?igsh=azQ1dXBndnp4dzZw","https:\/\/youtube.com\/@conectagrao?si=QnGS_Zm7Cuj1pznt"],"url":"https:\/\/conectagrao.com.br\/blog\/author\/conectagrao\/"}]}},"uagb_featured_image_src":{"full":["https:\/\/conectagrao.com.br\/blog\/wp-content\/uploads\/2025\/09\/Design-sem-nome-15.png",1200,800,false],"thumbnail":["https:\/\/conectagrao.com.br\/blog\/wp-content\/uploads\/2025\/09\/Design-sem-nome-15-150x150.png",150,150,true],"medium":["https:\/\/conectagrao.com.br\/blog\/wp-content\/uploads\/2025\/09\/Design-sem-nome-15-300x200.png",300,200,true],"medium_large":["https:\/\/conectagrao.com.br\/blog\/wp-content\/uploads\/2025\/09\/Design-sem-nome-15-768x512.png",640,427,true],"large":["https:\/\/conectagrao.com.br\/blog\/wp-content\/uploads\/2025\/09\/Design-sem-nome-15-1024x683.png",640,427,true],"1536x1536":["https:\/\/conectagrao.com.br\/blog\/wp-content\/uploads\/2025\/09\/Design-sem-nome-15.png",1200,800,false],"2048x2048":["https:\/\/conectagrao.com.br\/blog\/wp-content\/uploads\/2025\/09\/Design-sem-nome-15.png",1200,800,false],"cvmm-medium":["https:\/\/conectagrao.com.br\/blog\/wp-content\/uploads\/2025\/09\/Design-sem-nome-15-300x300.png",300,300,true],"cvmm-medium-plus":["https:\/\/conectagrao.com.br\/blog\/wp-content\/uploads\/2025\/09\/Design-sem-nome-15-305x207.png",305,207,true],"cvmm-portrait":["https:\/\/conectagrao.com.br\/blog\/wp-content\/uploads\/2025\/09\/Design-sem-nome-15-400x600.png",400,600,true],"cvmm-medium-square":["https:\/\/conectagrao.com.br\/blog\/wp-content\/uploads\/2025\/09\/Design-sem-nome-15-600x600.png",600,600,true],"cvmm-large":["https:\/\/conectagrao.com.br\/blog\/wp-content\/uploads\/2025\/09\/Design-sem-nome-15-1024x800.png",1024,800,true],"cvmm-small":["https:\/\/conectagrao.com.br\/blog\/wp-content\/uploads\/2025\/09\/Design-sem-nome-15-130x95.png",130,95,true],"news-portal-block-medium":["https:\/\/conectagrao.com.br\/blog\/wp-content\/uploads\/2025\/09\/Design-sem-nome-15-305x207.png",305,207,true],"news-portal-block-thumb":["https:\/\/conectagrao.com.br\/blog\/wp-content\/uploads\/2025\/09\/Design-sem-nome-15-136x102.png",136,102,true],"news-portal-slider-medium":["https:\/\/conectagrao.com.br\/blog\/wp-content\/uploads\/2025\/09\/Design-sem-nome-15-622x420.png",622,420,true],"news-portal-carousel-portrait":["https:\/\/conectagrao.com.br\/blog\/wp-content\/uploads\/2025\/09\/Design-sem-nome-15-400x600.png",400,600,true],"news-portal-alternate-grid":["https:\/\/conectagrao.com.br\/blog\/wp-content\/uploads\/2025\/09\/Design-sem-nome-15-340x316.png",340,316,true],"web-stories-poster-portrait":["https:\/\/conectagrao.com.br\/blog\/wp-content\/uploads\/2025\/09\/Design-sem-nome-15-640x800.png",640,800,true],"web-stories-publisher-logo":["https:\/\/conectagrao.com.br\/blog\/wp-content\/uploads\/2025\/09\/Design-sem-nome-15-96x96.png",96,96,true],"web-stories-thumbnail":["https:\/\/conectagrao.com.br\/blog\/wp-content\/uploads\/2025\/09\/Design-sem-nome-15-150x100.png",150,100,true]},"uagb_author_info":{"display_name":"conectagrao","author_link":"https:\/\/conectagrao.com.br\/blog\/author\/conectagrao\/"},"uagb_comment_info":0,"uagb_excerpt":"Em agosto de 2025, as exporta\u00e7\u00f5es de caf\u00e9 brasileiro para a Col\u00f4mbia dispararam 578%, de 16,6 mil para 112,9 mil sacas, gerando debates sobre triangula\u00e7\u00e3o de caf\u00e9. Apesar das tarifas de 50% impostas pelos EUA, especialistas descartam rotas evasivas e apontam para demandas hist\u00f3ricas por robusta. Entenda o que impulsiona esse movimento e suas li\u00e7\u00f5es&hellip;","blog_post_layout_featured_media_urls":{"thumbnail":["https:\/\/conectagrao.com.br\/blog\/wp-content\/uploads\/2025\/09\/Design-sem-nome-15-150x150.png",150,150,true],"full":["https:\/\/conectagrao.com.br\/blog\/wp-content\/uploads\/2025\/09\/Design-sem-nome-15.png",1200,800,false]},"categories_names":{"1":{"name":"Blog","link":"https:\/\/conectagrao.com.br\/blog\/blog\/"},"29":{"name":"Vis\u00e3o de Mercado","link":"https:\/\/conectagrao.com.br\/blog\/mercado\/"}},"tags_names":{"371":{"name":"Caf\u00e9 robusta pre\u00e7os","link":"https:\/\/conectagrao.com.br\/blog\/tag\/cafe-robusta-precos\/"},"367":{"name":"Cecaf\u00e9 exporta\u00e7\u00f5es","link":"https:\/\/conectagrao.com.br\/blog\/tag\/cecafe-exportacoes\/"},"365":{"name":"Conilon Embrapa","link":"https:\/\/conectagrao.com.br\/blog\/tag\/conilon-embrapa\/"},"372":{"name":"Exporta\u00e7\u00e3o de caf\u00e9 Brasil","link":"https:\/\/conectagrao.com.br\/blog\/tag\/exportacao-de-cafe-brasil\/"},"363":{"name":"Ind\u00fastria sol\u00faveis caf\u00e9","link":"https:\/\/conectagrao.com.br\/blog\/tag\/industria-soluveis-cafe\/"},"368":{"name":"Mercado caf\u00e9 Col\u00f4mbia","link":"https:\/\/conectagrao.com.br\/blog\/tag\/mercado-cafe-colombia\/"},"369":{"name":"Produ\u00e7\u00e3o caf\u00e9 ar\u00e1bica","link":"https:\/\/conectagrao.com.br\/blog\/tag\/producao-cafe-arabica\/"},"364":{"name":"Rotas comerciais agro","link":"https:\/\/conectagrao.com.br\/blog\/tag\/rotas-comerciais-agro\/"},"362":{"name":"Safra caf\u00e9 2025","link":"https:\/\/conectagrao.com.br\/blog\/tag\/safra-cafe-2025\/"},"370":{"name":"Tarifas EUA caf\u00e9","link":"https:\/\/conectagrao.com.br\/blog\/tag\/tarifas-eua-cafe\/"}},"comments_number":"0","wpmagazine_modules_lite_featured_media_urls":{"thumbnail":["https:\/\/conectagrao.com.br\/blog\/wp-content\/uploads\/2025\/09\/Design-sem-nome-15-150x150.png",150,150,true],"cvmm-medium":["https:\/\/conectagrao.com.br\/blog\/wp-content\/uploads\/2025\/09\/Design-sem-nome-15-300x300.png",300,300,true],"cvmm-medium-plus":["https:\/\/conectagrao.com.br\/blog\/wp-content\/uploads\/2025\/09\/Design-sem-nome-15-305x207.png",305,207,true],"cvmm-portrait":["https:\/\/conectagrao.com.br\/blog\/wp-content\/uploads\/2025\/09\/Design-sem-nome-15-400x600.png",400,600,true],"cvmm-medium-square":["https:\/\/conectagrao.com.br\/blog\/wp-content\/uploads\/2025\/09\/Design-sem-nome-15-600x600.png",600,600,true],"cvmm-large":["https:\/\/conectagrao.com.br\/blog\/wp-content\/uploads\/2025\/09\/Design-sem-nome-15-1024x800.png",1024,800,true],"cvmm-small":["https:\/\/conectagrao.com.br\/blog\/wp-content\/uploads\/2025\/09\/Design-sem-nome-15-130x95.png",130,95,true],"full":["https:\/\/conectagrao.com.br\/blog\/wp-content\/uploads\/2025\/09\/Design-sem-nome-15.png",1200,800,false]},"_links":{"self":[{"href":"https:\/\/conectagrao.com.br\/blog\/wp-json\/wp\/v2\/posts\/1272","targetHints":{"allow":["GET"]}}],"collection":[{"href":"https:\/\/conectagrao.com.br\/blog\/wp-json\/wp\/v2\/posts"}],"about":[{"href":"https:\/\/conectagrao.com.br\/blog\/wp-json\/wp\/v2\/types\/post"}],"author":[{"embeddable":true,"href":"https:\/\/conectagrao.com.br\/blog\/wp-json\/wp\/v2\/users\/1"}],"replies":[{"embeddable":true,"href":"https:\/\/conectagrao.com.br\/blog\/wp-json\/wp\/v2\/comments?post=1272"}],"version-history":[{"count":1,"href":"https:\/\/conectagrao.com.br\/blog\/wp-json\/wp\/v2\/posts\/1272\/revisions"}],"predecessor-version":[{"id":1274,"href":"https:\/\/conectagrao.com.br\/blog\/wp-json\/wp\/v2\/posts\/1272\/revisions\/1274"}],"wp:featuredmedia":[{"embeddable":true,"href":"https:\/\/conectagrao.com.br\/blog\/wp-json\/wp\/v2\/media\/1273"}],"wp:attachment":[{"href":"https:\/\/conectagrao.com.br\/blog\/wp-json\/wp\/v2\/media?parent=1272"}],"wp:term":[{"taxonomy":"category","embeddable":true,"href":"https:\/\/conectagrao.com.br\/blog\/wp-json\/wp\/v2\/categories?post=1272"},{"taxonomy":"post_tag","embeddable":true,"href":"https:\/\/conectagrao.com.br\/blog\/wp-json\/wp\/v2\/tags?post=1272"}],"curies":[{"name":"wp","href":"https:\/\/api.w.org\/{rel}","templated":true}]}}