{"id":1281,"date":"2025-10-04T17:43:51","date_gmt":"2025-10-04T17:43:51","guid":{"rendered":"https:\/\/conectagrao.com.br\/blog\/?p=1281"},"modified":"2025-10-04T17:44:21","modified_gmt":"2025-10-04T17:44:21","slug":"por-que-produtores-estao-abandonando-areas-arrendadas-no-rs-fatos-que-vao-chocar-voce-em-2025","status":"publish","type":"post","link":"https:\/\/conectagrao.com.br\/blog\/por-que-produtores-estao-abandonando-areas-arrendadas-no-rs-fatos-que-vao-chocar-voce-em-2025\/","title":{"rendered":"Por Que Produtores Est\u00e3o Abandonando \u00c1reas Arrendadas no RS? Fatos que V\u00e3o Chocar Voc\u00ea em 2025!"},"content":{"rendered":"\n<p><br>Em 2024, enchentes devastaram 206 mil propriedades rurais no Rio Grande do Sul, enquanto secas e chuvas destru\u00edram 34 milh\u00f5es de toneladas de soja nas \u00faltimas seis safras, conforme Emater. Esse cen\u00e1rio catastr\u00f3fico, aliado a d\u00edvidas de R$ 72,81 bilh\u00f5es (Farsul), est\u00e1 for\u00e7ando o abandono de \u00e1reas arrendadas no RS. O agroneg\u00f3cio ga\u00facho, que sustenta 25% do PIB estadual segundo Conab, enfrenta um colapso iminente. Continue lendo para entender os impactos e descobrir estrat\u00e9gias para enfrentar essa crise.<\/p>\n\n\n\n<h2 class=\"wp-block-heading\"><strong>O Abandono de \u00c1reas Arrendadas no RS: Causas Clim\u00e1ticas e Econ\u00f4micas<\/strong><\/h2>\n\n\n\n<p>As \u00e1reas arrendadas no RS enfrentam abandono acelerado devido a eventos clim\u00e1ticos extremos.<br>Primeiramente, a enchente de abril-maio 2024 causou perdas irrepar\u00e1veis em solos e infraestruturas, impactando 46,99 mil hectares de arroz e gr\u00e3os, conforme Ipea.<br>No entanto, secas pr\u00e9vias agravaram o quadro: a safra 2024\/25 de soja caiu 27,4%, totalizando 13,2 milh\u00f5es de toneladas, segundo Emater.<br>Assim, produtores declaram que a agricultura \u201cn\u00e3o \u00e9 vida\u201d.<br>Em resumo, esses fatores clim\u00e1ticos impulsionam a descapitaliza\u00e7\u00e3o \u2013 prossiga para os n\u00fameros do endividamento.<\/p>\n\n\n\n<h3 class=\"wp-block-heading\">Sequ\u00eancia de Quebras na Produ\u00e7\u00e3o de Soja<\/h3>\n\n\n\n<p>A soja, carro-chefe ga\u00facho, sofreu quebras em seis das \u00faltimas sete safras, exceto 2020\/21.<br>Por exemplo, a produtividade m\u00e9dia despencou para 2.009 kg\/ha em 2024\/25, ante 3.180 kg\/ha projetados para 2025\/26.<br>Al\u00e9m disso, a \u00e1rea plantada encolheu para 6,74 milh\u00f5es de hectares, queda de 0,8%.<br>Consequentemente, o abandono de \u00e1reas arrendadas no RS reflete essa instabilidade.<br>Essa an\u00e1lise refor\u00e7a a urg\u00eancia de adapta\u00e7\u00f5es \u2013 leia sobre solu\u00e7\u00f5es legais a seguir.<\/p>\n\n\n\n<h2 class=\"wp-block-heading\"><strong>Endividamento e Riscos no Arrendamento Rural<\/strong><\/h2>\n\n\n\n<p class=\"has-text-align-left\">O endividamento rural no RS atinge R$ 72,81 bilh\u00f5es em 2025, com vencimentos de R$ 27,72 bilh\u00f5es s\u00f3 este ano, conforme levantamento da Farsul.<br>Portanto, arrendat\u00e1rios arcam com riscos totais, pagando alugu\u00e9is fixos mesmo em quebras.<br>No entanto, o governo federal libera R$ 12 bilh\u00f5es em cr\u00e9dito para renegocia\u00e7\u00e3o, beneficiando quem perdeu 30% em duas safras desde 2020.<br>Assim, a crise humana se intensifica.<br>Em conclus\u00e3o parcial, mitigar d\u00edvidas \u00e9 vital \u2013 avance para o checklist de a\u00e7\u00f5es.<\/p>\n\n\n\n<h3 class=\"wp-block-heading\"><strong>Principais Causas do Abandono de \u00c1reas Arrendadas no RS:<\/strong><\/h3>\n\n\n\n<ul class=\"wp-block-list\">\n<li><strong>Clima extremo:<\/strong> Enchentes 2024 afetaram 206 mil propriedades; secas causaram quebra de 17,4% na soja 2024\/25 (Emater).<\/li>\n\n\n\n<li><strong>Endividamento:<\/strong> D\u00edvidas totais de R$ 72,81 bi, com juros compostos elevando custos em 20-30% (Farsul).<\/li>\n\n\n\n<li><strong>Custos altos:<\/strong> Safra 2024\/25 foi uma das mais caras em 6 anos, com diesel e insumos subindo 15% (Conab).<\/li>\n\n\n\n<li><strong>Comparativo de \u00c1reas:<\/strong> De 12 mil ha assistidos em 2024 para 5 mil em 2025; nacionalmente, arrendamentos crescem 12%, mas RS cai 10-15% (Aprosoja-RS).<\/li>\n\n\n\n<li><strong>Procura em queda:<\/strong> Regi\u00f5es centrais veem redu\u00e7\u00e3o de 50% em contratos arrendados (Ireneu Orth, Aprosoja-RS).<\/li>\n<\/ul>\n\n\n\n<h2 class=\"wp-block-heading\"><strong>Estrat\u00e9gia Pr\u00e1tica: Rescis\u00e3o Unilateral de Contratos<\/strong><\/h2>\n\n\n\n<p>De acordo com o art. 473 do C\u00f3digo Civil, arrendat\u00e1rios podem rescindir unilateralmente sem multas em casos de for\u00e7a maior como enchentes, comprovando perdas clim\u00e1ticas via Emater. Negocie primeiro para ajustes de pre\u00e7o ou \u00e1rea \u2013 isso salvou 20% dos contratos em 2024, segundo IBDA. Aplique agora para a safra de ver\u00e3o.<\/p>\n\n\n\n<h2 class=\"wp-block-heading\"><strong>Como o Endividamento Est\u00e1 Acelerando o Abandono de \u00c1reas Arrendadas no RS?<\/strong><\/h2>\n\n\n\n<p>O endividamento, somado a cr\u00e9dito travado por inadimpl\u00eancia, for\u00e7a redu\u00e7\u00f5es dr\u00e1sticas: produtores cortam 50% das \u00e1reas.<br>Por outro lado, programas como o Plano Safra 2025 oferecem prorroga\u00e7\u00f5es de R$ 358 milh\u00f5es, mas exigem comprova\u00e7\u00e3o de perdas.<br>Entretanto, sem irriga\u00e7\u00e3o e armazenagem de \u00e1gua \u2013 recomendados pela Embrapa \u2013, o ciclo vicioso persiste.<br>Essa pergunta revela vulnerabilidades; explore a conclus\u00e3o para um plano de resili\u00eancia.<\/p>\n\n\n\n<p>Em s\u00edntese, o abandono de \u00e1reas arrendadas no RS exemplifica uma crise multifacetada: clim\u00e1tica, financeira e estrutural, com perdas de R$ 10 bilh\u00f5es s\u00f3 na quebra de gr\u00e3os 2024\/25, conforme AgFeed. Dados da Conab projetam recupera\u00e7\u00e3o de 57% na soja 2025\/26, mas dependem de pol\u00edticas como renegocia\u00e7\u00e3o de d\u00edvidas e investimentos em solos via Embrapa. Produtores, t\u00e9cnicos e agr\u00f4nomos: monitore relat\u00f3rios da Emater e adote rescis\u00f5es estrat\u00e9gicas para preservar viabilidade. Aplique essas li\u00e7\u00f5es na pr\u00e1tica para transformar desafios em oportunidades sustent\u00e1veis.<\/p>\n\n\n\n<p><\/p>\n","protected":false},"excerpt":{"rendered":"<p>No Rio Grande do Sul, o abandono de \u00e1reas arrendadas no RS acelera com d\u00edvidas de R$ 72,81 bilh\u00f5es e quebras sucessivas na soja, segundo Emater.<br \/>\nProdutores reduzem plantios em at\u00e9 50%, priorizando sobreviv\u00eancia ap\u00f3s enchentes de 2024.<br \/>\nEssa tend\u00eancia amea\u00e7a a safra 2025\/26, com queda de 0,8% na \u00e1rea de soja.<\/p>\n","protected":false},"author":1,"featured_media":1283,"comment_status":"open","ping_status":"open","sticky":false,"template":"","format":"standard","meta":{"_coblocks_attr":"","_coblocks_dimensions":"","_coblocks_responsive_height":"","_coblocks_accordion_ie_support":"","_uag_custom_page_level_css":"","footnotes":""},"categories":[1,29],"tags":[395,403,394,397,399,400,398,401,396],"class_list":["post-1281","post","type-post","status-publish","format-standard","has-post-thumbnail","hentry","category-blog","category-mercado","tag-aprosoja-rs-safra-2025","tag-areas-arrendadas-no-rs","tag-credito-rural-rs","tag-dividas-produtores-gauchos","tag-enchentes-agricultura-2024","tag-endividamento-agro-rs","tag-producao-soja-emater","tag-quebra-safra-soja-rs","tag-rescisao-contrato-rural"],"yoast_head":"<!-- This site is optimized with the Yoast SEO plugin v27.4 - https:\/\/yoast.com\/product\/yoast-seo-wordpress\/ -->\n<title>Por Que Produtores Est\u00e3o Abandonando \u00c1reas Arrendadas no RS? Fatos que V\u00e3o Chocar Voc\u00ea em 2025! - ConectaGr\u00e3o<\/title>\n<meta name=\"description\" content=\"Produtores no Rio Grande do Sul enfrentam crise com abandono de \u00e1reas arrendadas no RS devido a enchentes, secas e d\u00edvidas bilion\u00e1rias.\" \/>\n<meta name=\"robots\" content=\"index, follow, max-snippet:-1, max-image-preview:large, max-video-preview:-1\" \/>\n<link rel=\"canonical\" href=\"https:\/\/conectagrao.com.br\/blog\/por-que-produtores-estao-abandonando-areas-arrendadas-no-rs-fatos-que-vao-chocar-voce-em-2025\/\" \/>\n<meta property=\"og:locale\" content=\"pt_BR\" \/>\n<meta property=\"og:type\" content=\"article\" \/>\n<meta property=\"og:title\" content=\"Por Que Produtores Est\u00e3o Abandonando \u00c1reas Arrendadas no RS? Fatos que V\u00e3o Chocar Voc\u00ea em 2025! - ConectaGr\u00e3o\" \/>\n<meta property=\"og:description\" content=\"Produtores no Rio Grande do Sul enfrentam crise com abandono de \u00e1reas arrendadas no RS devido a enchentes, secas e d\u00edvidas bilion\u00e1rias.\" \/>\n<meta property=\"og:url\" content=\"https:\/\/conectagrao.com.br\/blog\/por-que-produtores-estao-abandonando-areas-arrendadas-no-rs-fatos-que-vao-chocar-voce-em-2025\/\" \/>\n<meta property=\"og:site_name\" content=\"ConectaGr\u00e3o\" \/>\n<meta property=\"article:publisher\" content=\"https:\/\/www.facebook.com\/conectagrao\/\" \/>\n<meta property=\"article:author\" content=\"https:\/\/www.facebook.com\/share\/1A5mH5g3LK\/\" \/>\n<meta property=\"article:published_time\" content=\"2025-10-04T17:43:51+00:00\" \/>\n<meta property=\"article:modified_time\" content=\"2025-10-04T17:44:21+00:00\" \/>\n<meta property=\"og:image\" content=\"https:\/\/conectagrao.com.br\/blog\/wp-content\/uploads\/2025\/10\/Design-sem-nome-18.png\" \/>\n\t<meta property=\"og:image:width\" content=\"1200\" \/>\n\t<meta property=\"og:image:height\" content=\"800\" \/>\n\t<meta property=\"og:image:type\" content=\"image\/png\" \/>\n<meta name=\"author\" content=\"conectagrao\" \/>\n<meta name=\"twitter:card\" content=\"summary_large_image\" \/>\n<meta name=\"twitter:label1\" content=\"Escrito por\" \/>\n\t<meta name=\"twitter:data1\" content=\"conectagrao\" \/>\n\t<meta name=\"twitter:label2\" content=\"Est. tempo de leitura\" \/>\n\t<meta name=\"twitter:data2\" content=\"4 minutos\" \/>\n<script type=\"application\/ld+json\" class=\"yoast-schema-graph\">{\"@context\":\"https:\\\/\\\/schema.org\",\"@graph\":[{\"@type\":\"Article\",\"@id\":\"https:\\\/\\\/conectagrao.com.br\\\/blog\\\/por-que-produtores-estao-abandonando-areas-arrendadas-no-rs-fatos-que-vao-chocar-voce-em-2025\\\/#article\",\"isPartOf\":{\"@id\":\"https:\\\/\\\/conectagrao.com.br\\\/blog\\\/por-que-produtores-estao-abandonando-areas-arrendadas-no-rs-fatos-que-vao-chocar-voce-em-2025\\\/\"},\"author\":{\"name\":\"conectagrao\",\"@id\":\"https:\\\/\\\/conectagrao.com.br\\\/blog\\\/#\\\/schema\\\/person\\\/ba64f63526cab8efbf8b1f8198926135\"},\"headline\":\"Por Que Produtores Est\u00e3o Abandonando \u00c1reas Arrendadas no RS? Fatos que V\u00e3o Chocar Voc\u00ea em 2025!\",\"datePublished\":\"2025-10-04T17:43:51+00:00\",\"dateModified\":\"2025-10-04T17:44:21+00:00\",\"mainEntityOfPage\":{\"@id\":\"https:\\\/\\\/conectagrao.com.br\\\/blog\\\/por-que-produtores-estao-abandonando-areas-arrendadas-no-rs-fatos-que-vao-chocar-voce-em-2025\\\/\"},\"wordCount\":690,\"commentCount\":0,\"publisher\":{\"@id\":\"https:\\\/\\\/conectagrao.com.br\\\/blog\\\/#organization\"},\"image\":{\"@id\":\"https:\\\/\\\/conectagrao.com.br\\\/blog\\\/por-que-produtores-estao-abandonando-areas-arrendadas-no-rs-fatos-que-vao-chocar-voce-em-2025\\\/#primaryimage\"},\"thumbnailUrl\":\"https:\\\/\\\/conectagrao.com.br\\\/blog\\\/wp-content\\\/uploads\\\/2025\\\/10\\\/Design-sem-nome-18.png\",\"keywords\":[\"Aprosoja-RS safra 2025\",\"\u00e1reas arrendadas no RS\",\"cr\u00e9dito rural RS\",\"d\u00edvidas produtores ga\u00fachos\",\"enchentes agricultura 2024\",\"endividamento agro RS\",\"produ\u00e7\u00e3o soja Emater\",\"quebra safra soja RS\",\"rescis\u00e3o contrato rural\"],\"articleSection\":[\"Blog\",\"Vis\u00e3o de Mercado\"],\"inLanguage\":\"pt-BR\",\"potentialAction\":[{\"@type\":\"CommentAction\",\"name\":\"Comment\",\"target\":[\"https:\\\/\\\/conectagrao.com.br\\\/blog\\\/por-que-produtores-estao-abandonando-areas-arrendadas-no-rs-fatos-que-vao-chocar-voce-em-2025\\\/#respond\"]}]},{\"@type\":\"WebPage\",\"@id\":\"https:\\\/\\\/conectagrao.com.br\\\/blog\\\/por-que-produtores-estao-abandonando-areas-arrendadas-no-rs-fatos-que-vao-chocar-voce-em-2025\\\/\",\"url\":\"https:\\\/\\\/conectagrao.com.br\\\/blog\\\/por-que-produtores-estao-abandonando-areas-arrendadas-no-rs-fatos-que-vao-chocar-voce-em-2025\\\/\",\"name\":\"Por Que Produtores Est\u00e3o Abandonando \u00c1reas Arrendadas no RS? Fatos que V\u00e3o Chocar Voc\u00ea em 2025! - ConectaGr\u00e3o\",\"isPartOf\":{\"@id\":\"https:\\\/\\\/conectagrao.com.br\\\/blog\\\/#website\"},\"primaryImageOfPage\":{\"@id\":\"https:\\\/\\\/conectagrao.com.br\\\/blog\\\/por-que-produtores-estao-abandonando-areas-arrendadas-no-rs-fatos-que-vao-chocar-voce-em-2025\\\/#primaryimage\"},\"image\":{\"@id\":\"https:\\\/\\\/conectagrao.com.br\\\/blog\\\/por-que-produtores-estao-abandonando-areas-arrendadas-no-rs-fatos-que-vao-chocar-voce-em-2025\\\/#primaryimage\"},\"thumbnailUrl\":\"https:\\\/\\\/conectagrao.com.br\\\/blog\\\/wp-content\\\/uploads\\\/2025\\\/10\\\/Design-sem-nome-18.png\",\"datePublished\":\"2025-10-04T17:43:51+00:00\",\"dateModified\":\"2025-10-04T17:44:21+00:00\",\"description\":\"Produtores no Rio Grande do Sul enfrentam crise com abandono de \u00e1reas arrendadas no RS devido a enchentes, secas e d\u00edvidas bilion\u00e1rias.\",\"breadcrumb\":{\"@id\":\"https:\\\/\\\/conectagrao.com.br\\\/blog\\\/por-que-produtores-estao-abandonando-areas-arrendadas-no-rs-fatos-que-vao-chocar-voce-em-2025\\\/#breadcrumb\"},\"inLanguage\":\"pt-BR\",\"potentialAction\":[{\"@type\":\"ReadAction\",\"target\":[\"https:\\\/\\\/conectagrao.com.br\\\/blog\\\/por-que-produtores-estao-abandonando-areas-arrendadas-no-rs-fatos-que-vao-chocar-voce-em-2025\\\/\"]}]},{\"@type\":\"ImageObject\",\"inLanguage\":\"pt-BR\",\"@id\":\"https:\\\/\\\/conectagrao.com.br\\\/blog\\\/por-que-produtores-estao-abandonando-areas-arrendadas-no-rs-fatos-que-vao-chocar-voce-em-2025\\\/#primaryimage\",\"url\":\"https:\\\/\\\/conectagrao.com.br\\\/blog\\\/wp-content\\\/uploads\\\/2025\\\/10\\\/Design-sem-nome-18.png\",\"contentUrl\":\"https:\\\/\\\/conectagrao.com.br\\\/blog\\\/wp-content\\\/uploads\\\/2025\\\/10\\\/Design-sem-nome-18.png\",\"width\":1200,\"height\":800},{\"@type\":\"BreadcrumbList\",\"@id\":\"https:\\\/\\\/conectagrao.com.br\\\/blog\\\/por-que-produtores-estao-abandonando-areas-arrendadas-no-rs-fatos-que-vao-chocar-voce-em-2025\\\/#breadcrumb\",\"itemListElement\":[{\"@type\":\"ListItem\",\"position\":1,\"name\":\"In\u00edcio\",\"item\":\"https:\\\/\\\/conectagrao.com.br\\\/blog\\\/\"},{\"@type\":\"ListItem\",\"position\":2,\"name\":\"Por Que Produtores Est\u00e3o Abandonando \u00c1reas Arrendadas no RS? Fatos que V\u00e3o Chocar Voc\u00ea em 2025!\"}]},{\"@type\":\"WebSite\",\"@id\":\"https:\\\/\\\/conectagrao.com.br\\\/blog\\\/#website\",\"url\":\"https:\\\/\\\/conectagrao.com.br\\\/blog\\\/\",\"name\":\"ConectaGr\u00e3o\",\"description\":\"Conectando o futuro com o agroneg\u00f3cio.\",\"publisher\":{\"@id\":\"https:\\\/\\\/conectagrao.com.br\\\/blog\\\/#organization\"},\"alternateName\":\"conectagrao\",\"potentialAction\":[{\"@type\":\"SearchAction\",\"target\":{\"@type\":\"EntryPoint\",\"urlTemplate\":\"https:\\\/\\\/conectagrao.com.br\\\/blog\\\/?s={search_term_string}\"},\"query-input\":{\"@type\":\"PropertyValueSpecification\",\"valueRequired\":true,\"valueName\":\"search_term_string\"}}],\"inLanguage\":\"pt-BR\"},{\"@type\":\"Organization\",\"@id\":\"https:\\\/\\\/conectagrao.com.br\\\/blog\\\/#organization\",\"name\":\"ConectaGr\u00e3o\",\"alternateName\":\"conectagrao\",\"url\":\"https:\\\/\\\/conectagrao.com.br\\\/blog\\\/\",\"logo\":{\"@type\":\"ImageObject\",\"inLanguage\":\"pt-BR\",\"@id\":\"https:\\\/\\\/conectagrao.com.br\\\/blog\\\/#\\\/schema\\\/logo\\\/image\\\/\",\"url\":\"https:\\\/\\\/conectagrao.com.br\\\/blog\\\/wp-content\\\/uploads\\\/2025\\\/07\\\/ConectaGrao-6.png\",\"contentUrl\":\"https:\\\/\\\/conectagrao.com.br\\\/blog\\\/wp-content\\\/uploads\\\/2025\\\/07\\\/ConectaGrao-6.png\",\"width\":447,\"height\":559,\"caption\":\"ConectaGr\u00e3o\"},\"image\":{\"@id\":\"https:\\\/\\\/conectagrao.com.br\\\/blog\\\/#\\\/schema\\\/logo\\\/image\\\/\"},\"sameAs\":[\"https:\\\/\\\/www.facebook.com\\\/conectagrao\\\/\",\"https:\\\/\\\/www.tiktok.com\\\/@conectagrao?_t=ZM-8xPuS2d6MFB&_r=1\",\"https:\\\/\\\/www.threads.com\\\/@conectagrao\",\"https:\\\/\\\/www.youtube.com\\\/@conectagrao\",\"https:\\\/\\\/www.instagram.com\\\/conectagrao\"]},{\"@type\":\"Person\",\"@id\":\"https:\\\/\\\/conectagrao.com.br\\\/blog\\\/#\\\/schema\\\/person\\\/ba64f63526cab8efbf8b1f8198926135\",\"name\":\"conectagrao\",\"image\":{\"@type\":\"ImageObject\",\"inLanguage\":\"pt-BR\",\"@id\":\"https:\\\/\\\/secure.gravatar.com\\\/avatar\\\/fb3dc2cba7f544171abec58358591c995847240e6fd4f1f7a4a8159970dca59e?s=96&d=mm&r=g\",\"url\":\"https:\\\/\\\/secure.gravatar.com\\\/avatar\\\/fb3dc2cba7f544171abec58358591c995847240e6fd4f1f7a4a8159970dca59e?s=96&d=mm&r=g\",\"contentUrl\":\"https:\\\/\\\/secure.gravatar.com\\\/avatar\\\/fb3dc2cba7f544171abec58358591c995847240e6fd4f1f7a4a8159970dca59e?s=96&d=mm&r=g\",\"caption\":\"conectagrao\"},\"description\":\"ConectaGr\u00e3o\u00ae \u00e9 uma plataforma digital que conecta produtores, empresas e compradores do agroneg\u00f3cio, oferecendo an\u00e1lises de mercado, cota\u00e7\u00f5es, ferramentas e conte\u00fados gratuitos para facilitar o dia a dia no campo. Fundada por Genecir Jacoboski e Kao\u00ea T. Rauch a ConectaGr\u00e3o\u00ae tem como miss\u00e3o valorizar o produtor e aproximar o campo do mercado com tecnologia, informa\u00e7\u00e3o e inova\u00e7\u00e3o.\",\"sameAs\":[\"https:\\\/\\\/conectagrao.com.br\\\/blog\",\"https:\\\/\\\/www.facebook.com\\\/share\\\/1A5mH5g3LK\\\/\",\"https:\\\/\\\/www.instagram.com\\\/conectagrao?igsh=azQ1dXBndnp4dzZw\",\"https:\\\/\\\/youtube.com\\\/@conectagrao?si=QnGS_Zm7Cuj1pznt\"],\"url\":\"https:\\\/\\\/conectagrao.com.br\\\/blog\\\/author\\\/conectagrao\\\/\"}]}<\/script>\n<!-- \/ Yoast SEO plugin. -->","yoast_head_json":{"title":"Por Que Produtores Est\u00e3o Abandonando \u00c1reas Arrendadas no RS? Fatos que V\u00e3o Chocar Voc\u00ea em 2025! - ConectaGr\u00e3o","description":"Produtores no Rio Grande do Sul enfrentam crise com abandono de \u00e1reas arrendadas no RS devido a enchentes, secas e d\u00edvidas bilion\u00e1rias.","robots":{"index":"index","follow":"follow","max-snippet":"max-snippet:-1","max-image-preview":"max-image-preview:large","max-video-preview":"max-video-preview:-1"},"canonical":"https:\/\/conectagrao.com.br\/blog\/por-que-produtores-estao-abandonando-areas-arrendadas-no-rs-fatos-que-vao-chocar-voce-em-2025\/","og_locale":"pt_BR","og_type":"article","og_title":"Por Que Produtores Est\u00e3o Abandonando \u00c1reas Arrendadas no RS? Fatos que V\u00e3o Chocar Voc\u00ea em 2025! - ConectaGr\u00e3o","og_description":"Produtores no Rio Grande do Sul enfrentam crise com abandono de \u00e1reas arrendadas no RS devido a enchentes, secas e d\u00edvidas bilion\u00e1rias.","og_url":"https:\/\/conectagrao.com.br\/blog\/por-que-produtores-estao-abandonando-areas-arrendadas-no-rs-fatos-que-vao-chocar-voce-em-2025\/","og_site_name":"ConectaGr\u00e3o","article_publisher":"https:\/\/www.facebook.com\/conectagrao\/","article_author":"https:\/\/www.facebook.com\/share\/1A5mH5g3LK\/","article_published_time":"2025-10-04T17:43:51+00:00","article_modified_time":"2025-10-04T17:44:21+00:00","og_image":[{"width":1200,"height":800,"url":"https:\/\/conectagrao.com.br\/blog\/wp-content\/uploads\/2025\/10\/Design-sem-nome-18.png","type":"image\/png"}],"author":"conectagrao","twitter_card":"summary_large_image","twitter_misc":{"Escrito por":"conectagrao","Est. tempo de leitura":"4 minutos"},"schema":{"@context":"https:\/\/schema.org","@graph":[{"@type":"Article","@id":"https:\/\/conectagrao.com.br\/blog\/por-que-produtores-estao-abandonando-areas-arrendadas-no-rs-fatos-que-vao-chocar-voce-em-2025\/#article","isPartOf":{"@id":"https:\/\/conectagrao.com.br\/blog\/por-que-produtores-estao-abandonando-areas-arrendadas-no-rs-fatos-que-vao-chocar-voce-em-2025\/"},"author":{"name":"conectagrao","@id":"https:\/\/conectagrao.com.br\/blog\/#\/schema\/person\/ba64f63526cab8efbf8b1f8198926135"},"headline":"Por Que Produtores Est\u00e3o Abandonando \u00c1reas Arrendadas no RS? Fatos que V\u00e3o Chocar Voc\u00ea em 2025!","datePublished":"2025-10-04T17:43:51+00:00","dateModified":"2025-10-04T17:44:21+00:00","mainEntityOfPage":{"@id":"https:\/\/conectagrao.com.br\/blog\/por-que-produtores-estao-abandonando-areas-arrendadas-no-rs-fatos-que-vao-chocar-voce-em-2025\/"},"wordCount":690,"commentCount":0,"publisher":{"@id":"https:\/\/conectagrao.com.br\/blog\/#organization"},"image":{"@id":"https:\/\/conectagrao.com.br\/blog\/por-que-produtores-estao-abandonando-areas-arrendadas-no-rs-fatos-que-vao-chocar-voce-em-2025\/#primaryimage"},"thumbnailUrl":"https:\/\/conectagrao.com.br\/blog\/wp-content\/uploads\/2025\/10\/Design-sem-nome-18.png","keywords":["Aprosoja-RS safra 2025","\u00e1reas arrendadas no RS","cr\u00e9dito rural RS","d\u00edvidas produtores ga\u00fachos","enchentes agricultura 2024","endividamento agro RS","produ\u00e7\u00e3o soja Emater","quebra safra soja RS","rescis\u00e3o contrato rural"],"articleSection":["Blog","Vis\u00e3o de Mercado"],"inLanguage":"pt-BR","potentialAction":[{"@type":"CommentAction","name":"Comment","target":["https:\/\/conectagrao.com.br\/blog\/por-que-produtores-estao-abandonando-areas-arrendadas-no-rs-fatos-que-vao-chocar-voce-em-2025\/#respond"]}]},{"@type":"WebPage","@id":"https:\/\/conectagrao.com.br\/blog\/por-que-produtores-estao-abandonando-areas-arrendadas-no-rs-fatos-que-vao-chocar-voce-em-2025\/","url":"https:\/\/conectagrao.com.br\/blog\/por-que-produtores-estao-abandonando-areas-arrendadas-no-rs-fatos-que-vao-chocar-voce-em-2025\/","name":"Por Que Produtores Est\u00e3o Abandonando \u00c1reas Arrendadas no RS? Fatos que V\u00e3o Chocar Voc\u00ea em 2025! - ConectaGr\u00e3o","isPartOf":{"@id":"https:\/\/conectagrao.com.br\/blog\/#website"},"primaryImageOfPage":{"@id":"https:\/\/conectagrao.com.br\/blog\/por-que-produtores-estao-abandonando-areas-arrendadas-no-rs-fatos-que-vao-chocar-voce-em-2025\/#primaryimage"},"image":{"@id":"https:\/\/conectagrao.com.br\/blog\/por-que-produtores-estao-abandonando-areas-arrendadas-no-rs-fatos-que-vao-chocar-voce-em-2025\/#primaryimage"},"thumbnailUrl":"https:\/\/conectagrao.com.br\/blog\/wp-content\/uploads\/2025\/10\/Design-sem-nome-18.png","datePublished":"2025-10-04T17:43:51+00:00","dateModified":"2025-10-04T17:44:21+00:00","description":"Produtores no Rio Grande do Sul enfrentam crise com abandono de \u00e1reas arrendadas no RS devido a enchentes, secas e d\u00edvidas bilion\u00e1rias.","breadcrumb":{"@id":"https:\/\/conectagrao.com.br\/blog\/por-que-produtores-estao-abandonando-areas-arrendadas-no-rs-fatos-que-vao-chocar-voce-em-2025\/#breadcrumb"},"inLanguage":"pt-BR","potentialAction":[{"@type":"ReadAction","target":["https:\/\/conectagrao.com.br\/blog\/por-que-produtores-estao-abandonando-areas-arrendadas-no-rs-fatos-que-vao-chocar-voce-em-2025\/"]}]},{"@type":"ImageObject","inLanguage":"pt-BR","@id":"https:\/\/conectagrao.com.br\/blog\/por-que-produtores-estao-abandonando-areas-arrendadas-no-rs-fatos-que-vao-chocar-voce-em-2025\/#primaryimage","url":"https:\/\/conectagrao.com.br\/blog\/wp-content\/uploads\/2025\/10\/Design-sem-nome-18.png","contentUrl":"https:\/\/conectagrao.com.br\/blog\/wp-content\/uploads\/2025\/10\/Design-sem-nome-18.png","width":1200,"height":800},{"@type":"BreadcrumbList","@id":"https:\/\/conectagrao.com.br\/blog\/por-que-produtores-estao-abandonando-areas-arrendadas-no-rs-fatos-que-vao-chocar-voce-em-2025\/#breadcrumb","itemListElement":[{"@type":"ListItem","position":1,"name":"In\u00edcio","item":"https:\/\/conectagrao.com.br\/blog\/"},{"@type":"ListItem","position":2,"name":"Por Que Produtores Est\u00e3o Abandonando \u00c1reas Arrendadas no RS? Fatos que V\u00e3o Chocar Voc\u00ea em 2025!"}]},{"@type":"WebSite","@id":"https:\/\/conectagrao.com.br\/blog\/#website","url":"https:\/\/conectagrao.com.br\/blog\/","name":"ConectaGr\u00e3o","description":"Conectando o futuro com o agroneg\u00f3cio.","publisher":{"@id":"https:\/\/conectagrao.com.br\/blog\/#organization"},"alternateName":"conectagrao","potentialAction":[{"@type":"SearchAction","target":{"@type":"EntryPoint","urlTemplate":"https:\/\/conectagrao.com.br\/blog\/?s={search_term_string}"},"query-input":{"@type":"PropertyValueSpecification","valueRequired":true,"valueName":"search_term_string"}}],"inLanguage":"pt-BR"},{"@type":"Organization","@id":"https:\/\/conectagrao.com.br\/blog\/#organization","name":"ConectaGr\u00e3o","alternateName":"conectagrao","url":"https:\/\/conectagrao.com.br\/blog\/","logo":{"@type":"ImageObject","inLanguage":"pt-BR","@id":"https:\/\/conectagrao.com.br\/blog\/#\/schema\/logo\/image\/","url":"https:\/\/conectagrao.com.br\/blog\/wp-content\/uploads\/2025\/07\/ConectaGrao-6.png","contentUrl":"https:\/\/conectagrao.com.br\/blog\/wp-content\/uploads\/2025\/07\/ConectaGrao-6.png","width":447,"height":559,"caption":"ConectaGr\u00e3o"},"image":{"@id":"https:\/\/conectagrao.com.br\/blog\/#\/schema\/logo\/image\/"},"sameAs":["https:\/\/www.facebook.com\/conectagrao\/","https:\/\/www.tiktok.com\/@conectagrao?_t=ZM-8xPuS2d6MFB&_r=1","https:\/\/www.threads.com\/@conectagrao","https:\/\/www.youtube.com\/@conectagrao","https:\/\/www.instagram.com\/conectagrao"]},{"@type":"Person","@id":"https:\/\/conectagrao.com.br\/blog\/#\/schema\/person\/ba64f63526cab8efbf8b1f8198926135","name":"conectagrao","image":{"@type":"ImageObject","inLanguage":"pt-BR","@id":"https:\/\/secure.gravatar.com\/avatar\/fb3dc2cba7f544171abec58358591c995847240e6fd4f1f7a4a8159970dca59e?s=96&d=mm&r=g","url":"https:\/\/secure.gravatar.com\/avatar\/fb3dc2cba7f544171abec58358591c995847240e6fd4f1f7a4a8159970dca59e?s=96&d=mm&r=g","contentUrl":"https:\/\/secure.gravatar.com\/avatar\/fb3dc2cba7f544171abec58358591c995847240e6fd4f1f7a4a8159970dca59e?s=96&d=mm&r=g","caption":"conectagrao"},"description":"ConectaGr\u00e3o\u00ae \u00e9 uma plataforma digital que conecta produtores, empresas e compradores do agroneg\u00f3cio, oferecendo an\u00e1lises de mercado, cota\u00e7\u00f5es, ferramentas e conte\u00fados gratuitos para facilitar o dia a dia no campo. Fundada por Genecir Jacoboski e Kao\u00ea T. Rauch a ConectaGr\u00e3o\u00ae tem como miss\u00e3o valorizar o produtor e aproximar o campo do mercado com tecnologia, informa\u00e7\u00e3o e inova\u00e7\u00e3o.","sameAs":["https:\/\/conectagrao.com.br\/blog","https:\/\/www.facebook.com\/share\/1A5mH5g3LK\/","https:\/\/www.instagram.com\/conectagrao?igsh=azQ1dXBndnp4dzZw","https:\/\/youtube.com\/@conectagrao?si=QnGS_Zm7Cuj1pznt"],"url":"https:\/\/conectagrao.com.br\/blog\/author\/conectagrao\/"}]}},"uagb_featured_image_src":{"full":["https:\/\/conectagrao.com.br\/blog\/wp-content\/uploads\/2025\/10\/Design-sem-nome-18.png",1200,800,false],"thumbnail":["https:\/\/conectagrao.com.br\/blog\/wp-content\/uploads\/2025\/10\/Design-sem-nome-18-150x150.png",150,150,true],"medium":["https:\/\/conectagrao.com.br\/blog\/wp-content\/uploads\/2025\/10\/Design-sem-nome-18-300x200.png",300,200,true],"medium_large":["https:\/\/conectagrao.com.br\/blog\/wp-content\/uploads\/2025\/10\/Design-sem-nome-18-768x512.png",640,427,true],"large":["https:\/\/conectagrao.com.br\/blog\/wp-content\/uploads\/2025\/10\/Design-sem-nome-18-1024x683.png",640,427,true],"1536x1536":["https:\/\/conectagrao.com.br\/blog\/wp-content\/uploads\/2025\/10\/Design-sem-nome-18.png",1200,800,false],"2048x2048":["https:\/\/conectagrao.com.br\/blog\/wp-content\/uploads\/2025\/10\/Design-sem-nome-18.png",1200,800,false],"cvmm-medium":["https:\/\/conectagrao.com.br\/blog\/wp-content\/uploads\/2025\/10\/Design-sem-nome-18-300x300.png",300,300,true],"cvmm-medium-plus":["https:\/\/conectagrao.com.br\/blog\/wp-content\/uploads\/2025\/10\/Design-sem-nome-18-305x207.png",305,207,true],"cvmm-portrait":["https:\/\/conectagrao.com.br\/blog\/wp-content\/uploads\/2025\/10\/Design-sem-nome-18-400x600.png",400,600,true],"cvmm-medium-square":["https:\/\/conectagrao.com.br\/blog\/wp-content\/uploads\/2025\/10\/Design-sem-nome-18-600x600.png",600,600,true],"cvmm-large":["https:\/\/conectagrao.com.br\/blog\/wp-content\/uploads\/2025\/10\/Design-sem-nome-18-1024x800.png",1024,800,true],"cvmm-small":["https:\/\/conectagrao.com.br\/blog\/wp-content\/uploads\/2025\/10\/Design-sem-nome-18-130x95.png",130,95,true],"news-portal-block-medium":["https:\/\/conectagrao.com.br\/blog\/wp-content\/uploads\/2025\/10\/Design-sem-nome-18-305x207.png",305,207,true],"news-portal-block-thumb":["https:\/\/conectagrao.com.br\/blog\/wp-content\/uploads\/2025\/10\/Design-sem-nome-18-136x102.png",136,102,true],"news-portal-slider-medium":["https:\/\/conectagrao.com.br\/blog\/wp-content\/uploads\/2025\/10\/Design-sem-nome-18-622x420.png",622,420,true],"news-portal-carousel-portrait":["https:\/\/conectagrao.com.br\/blog\/wp-content\/uploads\/2025\/10\/Design-sem-nome-18-400x600.png",400,600,true],"news-portal-alternate-grid":["https:\/\/conectagrao.com.br\/blog\/wp-content\/uploads\/2025\/10\/Design-sem-nome-18-340x316.png",340,316,true],"web-stories-poster-portrait":["https:\/\/conectagrao.com.br\/blog\/wp-content\/uploads\/2025\/10\/Design-sem-nome-18-640x800.png",640,800,true],"web-stories-publisher-logo":["https:\/\/conectagrao.com.br\/blog\/wp-content\/uploads\/2025\/10\/Design-sem-nome-18-96x96.png",96,96,true],"web-stories-thumbnail":["https:\/\/conectagrao.com.br\/blog\/wp-content\/uploads\/2025\/10\/Design-sem-nome-18-150x100.png",150,100,true]},"uagb_author_info":{"display_name":"conectagrao","author_link":"https:\/\/conectagrao.com.br\/blog\/author\/conectagrao\/"},"uagb_comment_info":0,"uagb_excerpt":"No Rio Grande do Sul, o abandono de \u00e1reas arrendadas no RS acelera com d\u00edvidas de R$ 72,81 bilh\u00f5es e quebras sucessivas na soja, segundo Emater. Produtores reduzem plantios em at\u00e9 50%, priorizando sobreviv\u00eancia ap\u00f3s enchentes de 2024. Essa tend\u00eancia amea\u00e7a a safra 2025\/26, com queda de 0,8% na \u00e1rea de soja.","blog_post_layout_featured_media_urls":{"thumbnail":["https:\/\/conectagrao.com.br\/blog\/wp-content\/uploads\/2025\/10\/Design-sem-nome-18-150x150.png",150,150,true],"full":["https:\/\/conectagrao.com.br\/blog\/wp-content\/uploads\/2025\/10\/Design-sem-nome-18.png",1200,800,false]},"categories_names":{"1":{"name":"Blog","link":"https:\/\/conectagrao.com.br\/blog\/blog\/"},"29":{"name":"Vis\u00e3o de Mercado","link":"https:\/\/conectagrao.com.br\/blog\/mercado\/"}},"tags_names":{"395":{"name":"Aprosoja-RS safra 2025","link":"https:\/\/conectagrao.com.br\/blog\/tag\/aprosoja-rs-safra-2025\/"},"403":{"name":"\u00e1reas arrendadas no RS","link":"https:\/\/conectagrao.com.br\/blog\/tag\/areas-arrendadas-no-rs\/"},"394":{"name":"cr\u00e9dito rural RS","link":"https:\/\/conectagrao.com.br\/blog\/tag\/credito-rural-rs\/"},"397":{"name":"d\u00edvidas produtores ga\u00fachos","link":"https:\/\/conectagrao.com.br\/blog\/tag\/dividas-produtores-gauchos\/"},"399":{"name":"enchentes agricultura 2024","link":"https:\/\/conectagrao.com.br\/blog\/tag\/enchentes-agricultura-2024\/"},"400":{"name":"endividamento agro RS","link":"https:\/\/conectagrao.com.br\/blog\/tag\/endividamento-agro-rs\/"},"398":{"name":"produ\u00e7\u00e3o soja Emater","link":"https:\/\/conectagrao.com.br\/blog\/tag\/producao-soja-emater\/"},"401":{"name":"quebra safra soja RS","link":"https:\/\/conectagrao.com.br\/blog\/tag\/quebra-safra-soja-rs\/"},"396":{"name":"rescis\u00e3o contrato rural","link":"https:\/\/conectagrao.com.br\/blog\/tag\/rescisao-contrato-rural\/"}},"comments_number":"0","wpmagazine_modules_lite_featured_media_urls":{"thumbnail":["https:\/\/conectagrao.com.br\/blog\/wp-content\/uploads\/2025\/10\/Design-sem-nome-18-150x150.png",150,150,true],"cvmm-medium":["https:\/\/conectagrao.com.br\/blog\/wp-content\/uploads\/2025\/10\/Design-sem-nome-18-300x300.png",300,300,true],"cvmm-medium-plus":["https:\/\/conectagrao.com.br\/blog\/wp-content\/uploads\/2025\/10\/Design-sem-nome-18-305x207.png",305,207,true],"cvmm-portrait":["https:\/\/conectagrao.com.br\/blog\/wp-content\/uploads\/2025\/10\/Design-sem-nome-18-400x600.png",400,600,true],"cvmm-medium-square":["https:\/\/conectagrao.com.br\/blog\/wp-content\/uploads\/2025\/10\/Design-sem-nome-18-600x600.png",600,600,true],"cvmm-large":["https:\/\/conectagrao.com.br\/blog\/wp-content\/uploads\/2025\/10\/Design-sem-nome-18-1024x800.png",1024,800,true],"cvmm-small":["https:\/\/conectagrao.com.br\/blog\/wp-content\/uploads\/2025\/10\/Design-sem-nome-18-130x95.png",130,95,true],"full":["https:\/\/conectagrao.com.br\/blog\/wp-content\/uploads\/2025\/10\/Design-sem-nome-18.png",1200,800,false]},"_links":{"self":[{"href":"https:\/\/conectagrao.com.br\/blog\/wp-json\/wp\/v2\/posts\/1281","targetHints":{"allow":["GET"]}}],"collection":[{"href":"https:\/\/conectagrao.com.br\/blog\/wp-json\/wp\/v2\/posts"}],"about":[{"href":"https:\/\/conectagrao.com.br\/blog\/wp-json\/wp\/v2\/types\/post"}],"author":[{"embeddable":true,"href":"https:\/\/conectagrao.com.br\/blog\/wp-json\/wp\/v2\/users\/1"}],"replies":[{"embeddable":true,"href":"https:\/\/conectagrao.com.br\/blog\/wp-json\/wp\/v2\/comments?post=1281"}],"version-history":[{"count":2,"href":"https:\/\/conectagrao.com.br\/blog\/wp-json\/wp\/v2\/posts\/1281\/revisions"}],"predecessor-version":[{"id":1286,"href":"https:\/\/conectagrao.com.br\/blog\/wp-json\/wp\/v2\/posts\/1281\/revisions\/1286"}],"wp:featuredmedia":[{"embeddable":true,"href":"https:\/\/conectagrao.com.br\/blog\/wp-json\/wp\/v2\/media\/1283"}],"wp:attachment":[{"href":"https:\/\/conectagrao.com.br\/blog\/wp-json\/wp\/v2\/media?parent=1281"}],"wp:term":[{"taxonomy":"category","embeddable":true,"href":"https:\/\/conectagrao.com.br\/blog\/wp-json\/wp\/v2\/categories?post=1281"},{"taxonomy":"post_tag","embeddable":true,"href":"https:\/\/conectagrao.com.br\/blog\/wp-json\/wp\/v2\/tags?post=1281"}],"curies":[{"name":"wp","href":"https:\/\/api.w.org\/{rel}","templated":true}]}}