{"id":1289,"date":"2025-10-08T21:15:43","date_gmt":"2025-10-08T21:15:43","guid":{"rendered":"https:\/\/conectagrao.com.br\/blog\/?p=1289"},"modified":"2025-10-08T21:15:46","modified_gmt":"2025-10-08T21:15:46","slug":"frente-fria-espalha-contrastes-climaticos-no-brasil-como-proteger-sua-lavoura","status":"publish","type":"post","link":"https:\/\/conectagrao.com.br\/blog\/frente-fria-espalha-contrastes-climaticos-no-brasil-como-proteger-sua-lavoura\/","title":{"rendered":"Frente Fria Espalha Contrastes Clim\u00e1ticos no Brasil: Como Proteger Sua Lavoura?"},"content":{"rendered":"\n<p>Imagine planejar o plantio da soja e, de repente, uma frente fria mudar tudo. Nesta quarta-feira, 8 de outubro de 2025, o Brasil vive contrastes clim\u00e1ticos intensos, com chuvas no Sul e calor de 37\u00b0C no Nordeste. Segundo a Embrapa, mudan\u00e7as bruscas no clima podem reduzir a produtividade agr\u00edcola em at\u00e9 20%. Como produtor, voc\u00ea est\u00e1 preparado para esses desafios? Neste artigo, exploramos como a frente fria impacta o agroneg\u00f3cio e oferecemos estrat\u00e9gias pr\u00e1ticas para proteger suas lavouras.<\/p>\n\n\n\n<h2 class=\"wp-block-heading\">O Impacto da Frente Fria no Clima Brasileiro<\/h2>\n\n\n\n<p>A <strong>frente fria<\/strong> que avan\u00e7a pelo Brasil est\u00e1 criando um mosaico clim\u00e1tico. Enquanto o Sul enfrenta pancadas de chuva, o interior nordestino sofre com calor e baixa umidade. Esses contrastes afetam diretamente o manejo agr\u00edcola, desde o plantio at\u00e9 a colheita. Vamos analisar as condi\u00e7\u00f5es por regi\u00e3o e seus efeitos no campo.<\/p>\n\n\n\n<h3 class=\"wp-block-heading\">Sul: Chuvas e Frio Polar<\/h3>\n\n\n\n<p>No Paran\u00e1 e norte de Santa Catarina, a circula\u00e7\u00e3o de umidade provoca <strong>pancadas de chuva moderadas a fortes<\/strong>, ideais para culturas como trigo, mas que exigem cuidado com o excesso de \u00e1gua. J\u00e1 no Rio Grande do Sul, uma massa de ar polar estabiliza o tempo, reduzindo temperaturas e favorecendo o manejo de pastagens. <strong>Dica<\/strong>: Monitore a drenagem do solo para evitar encharcamento.<\/p>\n\n\n\n<h3 class=\"wp-block-heading\">Sudeste: Chuvas e Al\u00edvio nas Temperaturas<\/h3>\n\n\n\n<p>No litoral de S\u00e3o Paulo e Rio de Janeiro, chuvas intensas podem atrasar o plantio de hortali\u00e7as. Em Minas Gerais, a Zona da Mata e o sul mineiro recebem precipita\u00e7\u00f5es, enquanto temperaturas amenas no centro-sul paulista beneficiam culturas como cana-de-a\u00e7\u00facar. <strong>Aten\u00e7\u00e3o<\/strong>: Verifique a umidade do solo antes de aplicar fertilizantes.<\/p>\n\n\n\n<h3 class=\"wp-block-heading\">Centro-Oeste: Calor Intenso e Chuvas Isoladas<\/h3>\n\n\n\n<p>Com m\u00e1ximas de 37\u00b0C em Sinop (MT), o calor predomina, mas chuvas isoladas no norte de Mato Grosso do Sul e sul de Goi\u00e1s oferecem al\u00edvio para culturas como milho e soja. A Conab alerta que altas temperaturas aumentam a evapotranspira\u00e7\u00e3o, exigindo irriga\u00e7\u00e3o eficiente. <strong>Planejamento \u00e9 chave<\/strong>: Ajuste os hor\u00e1rios de irriga\u00e7\u00e3o para o in\u00edcio da manh\u00e3 ou fim da tarde.<\/p>\n\n\n\n<h3 class=\"wp-block-heading\">Nordeste: Contraste entre Chuva e Seca<\/h3>\n\n\n\n<p>A faixa leste, de Pernambuco \u00e0 Bahia, recebe chuvas devido \u00e0 circula\u00e7\u00e3o mar\u00edtima, beneficiando o cultivo de coco e mandioca. Por\u00e9m, o interior, como Teresina (PI), enfrenta calor de 37\u00b0C e baixa umidade, desafiando culturas de sequeiro. <strong>Solu\u00e7\u00e3o<\/strong>: Considere cultivares resistentes \u00e0 seca, como recomendadas pela Embrapa.<\/p>\n\n\n\n<h3 class=\"wp-block-heading\">Norte: Temporais e Calor Persistente<\/h3>\n\n\n\n<p>Temporais isolados no Amazonas, Roraima e oeste do Par\u00e1 favorecem a agricultura de v\u00e1rzea, mas exigem cuidado com eros\u00e3o. No Acre e Tocantins, chuvas leves n\u00e3o aliviam o calor, impactando culturas como arroz. <strong>Estrat\u00e9gia<\/strong>: Use cobertura vegetal para proteger o solo.<\/p>\n\n\n\n<h2 class=\"wp-block-heading\">Leia tamb\u00e9m:<\/h2>\n\n\n\n\t\t\t<div class=\"wp-block-uagb-post-carousel uagb-post-grid  uagb-post__image-position-top uagb-post__image-enabled uagb-block-4963753c     uagb-post__arrow-outside uagb-post__items uagb-post__columns-3 is-carousel uagb-post__columns-tablet-2 uagb-post__columns-mobile-1\" data-total=\"21\" style=\"\">\n\n\t\t\t\t\t\t\t\t\t\t\t\t<article class=\"uagb-post__inner-wrap\">\t\t\t\t\t\t\t\t<div class='uagb-post__image'>\n\t\t\t\t\t\t\t\t\t<a href=\"https:\/\/conectagrao.com.br\/blog\/whatsapp-no-agro-agricultores-fecham-negocios-todos-os-dias\/\" target=\"_self\" rel=\"bookmark noopener noreferrer\"><img fetchpriority=\"high\" decoding=\"async\" width=\"640\" height=\"427\" src=\"https:\/\/conectagrao.com.br\/blog\/wp-content\/uploads\/2025\/08\/WhatsApp-no-AgroAgricultores-Fecham-Negocios-Todos-os-Dias-1024x683.jpeg\" class=\"attachment-large size-large\" alt=\"WhatsApp no Agro: Agricultores Fecham Neg\u00f3cios Todos os Dias\" srcset=\"https:\/\/conectagrao.com.br\/blog\/wp-content\/uploads\/2025\/08\/WhatsApp-no-AgroAgricultores-Fecham-Negocios-Todos-os-Dias-1024x683.jpeg 1024w, https:\/\/conectagrao.com.br\/blog\/wp-content\/uploads\/2025\/08\/WhatsApp-no-AgroAgricultores-Fecham-Negocios-Todos-os-Dias-300x200.jpeg 300w, https:\/\/conectagrao.com.br\/blog\/wp-content\/uploads\/2025\/08\/WhatsApp-no-AgroAgricultores-Fecham-Negocios-Todos-os-Dias-768x512.jpeg 768w, https:\/\/conectagrao.com.br\/blog\/wp-content\/uploads\/2025\/08\/WhatsApp-no-AgroAgricultores-Fecham-Negocios-Todos-os-Dias-1536x1024.jpeg 1536w, https:\/\/conectagrao.com.br\/blog\/wp-content\/uploads\/2025\/08\/WhatsApp-no-AgroAgricultores-Fecham-Negocios-Todos-os-Dias-2048x1366.jpeg 2048w, https:\/\/conectagrao.com.br\/blog\/wp-content\/uploads\/2025\/08\/WhatsApp-no-AgroAgricultores-Fecham-Negocios-Todos-os-Dias-150x100.jpeg 150w\" sizes=\"(max-width: 640px) 100vw, 640px\" \/>\t\t\t\t\t<\/a>\n\t\t\t\t\t\t\t\t\t<\/div>\n\t\t\t\t\t\t<h4 class=\"uagb-post__title uagb-post__text\">\n\t\t\t\t<a href=\"https:\/\/conectagrao.com.br\/blog\/whatsapp-no-agro-agricultores-fecham-negocios-todos-os-dias\/\" target=\"_self\" rel=\"bookmark noopener noreferrer\">WhatsApp no Agro: Agricultores Fecham Neg\u00f3cios Todos os Dias<\/a>\n\t\t\t<\/h4>\n\t\t\t\t\t\t\t<div class='uagb-post__text uagb-post__excerpt'>\n\t\t\t\t\t<p>H\u00e1 alguns anos, o WhatsApp era apenas um aplicativo de mensagens para conversar com amigos&#8230;\t\t\t\t<\/div>\n\t\t\t\t\t\t<div class=\"uagb-post__text uagb-post__cta wp-block-button\">\n\t\t\t\t<a class=\"wp-block-button__link uagb-text-link\" style=\"\" href=\"https:\/\/conectagrao.com.br\/blog\/whatsapp-no-agro-agricultores-fecham-negocios-todos-os-dias\/\" target=\"_self\" rel=\"bookmark noopener noreferrer\">Ler mais<\/a>\n\t\t\t<\/div>\n\t\t\t\n\t\t\t\t\t\t\t\t\t<\/article>\n\t\t\t\t\t\t\t\t\t\t\t\t\t\t\t\t<article class=\"uagb-post__inner-wrap\">\t\t\t\t\t\t\t\t<div class='uagb-post__image'>\n\t\t\t\t\t\t\t\t\t<a href=\"https:\/\/conectagrao.com.br\/blog\/vollverini-descompactador-rotativo-solo\/\" target=\"_self\" rel=\"bookmark noopener noreferrer\"><img decoding=\"async\" width=\"640\" height=\"427\" src=\"https:\/\/conectagrao.com.br\/blog\/wp-content\/uploads\/2025\/08\/equipamento_redimensionado_1200x800-1024x683.jpeg\" class=\"attachment-large size-large\" alt=\"\" srcset=\"https:\/\/conectagrao.com.br\/blog\/wp-content\/uploads\/2025\/08\/equipamento_redimensionado_1200x800-1024x683.jpeg 1024w, https:\/\/conectagrao.com.br\/blog\/wp-content\/uploads\/2025\/08\/equipamento_redimensionado_1200x800-300x200.jpeg 300w, https:\/\/conectagrao.com.br\/blog\/wp-content\/uploads\/2025\/08\/equipamento_redimensionado_1200x800-768x512.jpeg 768w, https:\/\/conectagrao.com.br\/blog\/wp-content\/uploads\/2025\/08\/equipamento_redimensionado_1200x800-150x100.jpeg 150w, https:\/\/conectagrao.com.br\/blog\/wp-content\/uploads\/2025\/08\/equipamento_redimensionado_1200x800.jpeg 1200w\" sizes=\"(max-width: 640px) 100vw, 640px\" \/>\t\t\t\t\t<\/a>\n\t\t\t\t\t\t\t\t\t<\/div>\n\t\t\t\t\t\t<h4 class=\"uagb-post__title uagb-post__text\">\n\t\t\t\t<a href=\"https:\/\/conectagrao.com.br\/blog\/vollverini-descompactador-rotativo-solo\/\" target=\"_self\" rel=\"bookmark noopener noreferrer\">Vollverini Agross: Descompactador Rotativo para um Solo Mais Produtivo<\/a>\n\t\t\t<\/h4>\n\t\t\t\t\t\t\t<div class='uagb-post__text uagb-post__excerpt'>\n\t\t\t\t\t<p>Quem vive da agricultura sabe que o solo \u00e9 o bem mais precioso da lavoura&#8230;.\t\t\t\t<\/div>\n\t\t\t\t\t\t<div class=\"uagb-post__text uagb-post__cta wp-block-button\">\n\t\t\t\t<a class=\"wp-block-button__link uagb-text-link\" style=\"\" href=\"https:\/\/conectagrao.com.br\/blog\/vollverini-descompactador-rotativo-solo\/\" target=\"_self\" rel=\"bookmark noopener noreferrer\">Ler mais<\/a>\n\t\t\t<\/div>\n\t\t\t\n\t\t\t\t\t\t\t\t\t<\/article>\n\t\t\t\t\t\t\t\t\t\t\t\t\t\t\t\t<article class=\"uagb-post__inner-wrap\">\t\t\t\t\t\t\t\t<div class='uagb-post__image'>\n\t\t\t\t\t\t\t\t\t<a href=\"https:\/\/conectagrao.com.br\/blog\/triangulacao-de-cafe-boom-de-578-nas-exportacoes-brasileiras-a-colombia\/\" target=\"_self\" rel=\"bookmark noopener noreferrer\"><img decoding=\"async\" width=\"640\" height=\"427\" src=\"https:\/\/conectagrao.com.br\/blog\/wp-content\/uploads\/2025\/09\/Design-sem-nome-15-1024x683.png\" class=\"attachment-large size-large\" alt=\"\" srcset=\"https:\/\/conectagrao.com.br\/blog\/wp-content\/uploads\/2025\/09\/Design-sem-nome-15-1024x683.png 1024w, https:\/\/conectagrao.com.br\/blog\/wp-content\/uploads\/2025\/09\/Design-sem-nome-15-300x200.png 300w, https:\/\/conectagrao.com.br\/blog\/wp-content\/uploads\/2025\/09\/Design-sem-nome-15-768x512.png 768w, https:\/\/conectagrao.com.br\/blog\/wp-content\/uploads\/2025\/09\/Design-sem-nome-15-150x100.png 150w, https:\/\/conectagrao.com.br\/blog\/wp-content\/uploads\/2025\/09\/Design-sem-nome-15.png 1200w\" sizes=\"(max-width: 640px) 100vw, 640px\" \/>\t\t\t\t\t<\/a>\n\t\t\t\t\t\t\t\t\t<\/div>\n\t\t\t\t\t\t<h4 class=\"uagb-post__title uagb-post__text\">\n\t\t\t\t<a href=\"https:\/\/conectagrao.com.br\/blog\/triangulacao-de-cafe-boom-de-578-nas-exportacoes-brasileiras-a-colombia\/\" target=\"_self\" rel=\"bookmark noopener noreferrer\">Triangula\u00e7\u00e3o de Caf\u00e9: Boom de 578% nas Exporta\u00e7\u00f5es Brasileiras \u00e0 Col\u00f4mbia<\/a>\n\t\t\t<\/h4>\n\t\t\t\t\t\t\t<div class='uagb-post__text uagb-post__excerpt'>\n\t\t\t\t\tEm agosto de 2025, as exporta\u00e7\u00f5es de caf\u00e9 brasileiro para a Col\u00f4mbia dispararam 578%, de&#8230;\t\t\t\t<\/div>\n\t\t\t\t\t\t<div class=\"uagb-post__text uagb-post__cta wp-block-button\">\n\t\t\t\t<a class=\"wp-block-button__link uagb-text-link\" style=\"\" href=\"https:\/\/conectagrao.com.br\/blog\/triangulacao-de-cafe-boom-de-578-nas-exportacoes-brasileiras-a-colombia\/\" target=\"_self\" rel=\"bookmark noopener noreferrer\">Ler mais<\/a>\n\t\t\t<\/div>\n\t\t\t\n\t\t\t\t\t\t\t\t\t<\/article>\n\t\t\t\t\t\t\t\t\t\t\t<\/div>\n\t\t\t\n\n\n<h2 class=\"wp-block-heading\">Como Proteger Sua Lavoura dos Contrastes Clim\u00e1ticos<\/h2>\n\n\n\n<ul class=\"wp-block-list\">\n<li><strong>Monitoramento clim\u00e1tico<\/strong>: Use aplicativos de previs\u00e3o do tempo, como os da Embrapa, para planejar atividades.<\/li>\n\n\n\n<li><strong>Manejo do solo<\/strong>: Ajuste a drenagem em \u00e1reas com chuva intensa e invista em cobertura vegetal em regi\u00f5es secas.<\/li>\n\n\n\n<li><strong>Irriga\u00e7\u00e3o eficiente<\/strong>: Priorize sistemas de gotejamento no Centro-Oeste e Nordeste para reduzir perdas por evapora\u00e7\u00e3o.<\/li>\n\n\n\n<li><strong>Escolha de cultivares<\/strong>: Opte por variedades resistentes ao calor ou \u00e0 umidade, conforme a regi\u00e3o.<\/li>\n\n\n\n<li><strong>Planejamento de plantio<\/strong>: Adie o plantio em \u00e1reas com risco de chuvas fortes, como o litoral sudeste.<\/li>\n<\/ul>\n\n\n\n<h2 class=\"wp-block-heading\">Como a Frente Fria Impacta a Produtividade Agr\u00edcola?<\/h2>\n\n\n\n<p>A <strong>frente fria espalha contrastes clim\u00e1ticos no Brasil<\/strong>, influenciando diretamente a produtividade. Chuvas excessivas no Sul podem causar perdas em culturas como trigo (at\u00e9 15%, segundo a Conab), enquanto o calor no Nordeste aumenta o estresse h\u00eddrico em milho e feij\u00e3o. ]<\/p>\n\n\n\n<p><strong>Como se preparar?<\/strong> Adote tecnologias como sensores de umidade e cultivares adaptados, al\u00e9m de consultar previs\u00f5es detalhadas para sua regi\u00e3o.<\/p>\n\n\n\n<h3 class=\"wp-block-heading\">Por que Investir em Monitoramento Clim\u00e1tico?<\/h3>\n\n\n\n<p>Produtores que utilizam dados clim\u00e1ticos, como os fornecidos pela Embrapa Clima Temperado, conseguem reduzir perdas em at\u00e9 25%. Ferramentas como esta\u00e7\u00f5es meteorol\u00f3gicas locais ajudam a prever chuvas e ajustar o manejo. <\/p>\n\n\n\n<p>]<strong>Fique atento<\/strong>: O monitoramento cont\u00ednuo \u00e9 essencial para antecipar os impactos da frente fria.<\/p>\n\n\n\n<p>A <strong>frente fria espalha contrastes clim\u00e1ticos no Brasil<\/strong>, desafiando produtores a adaptarem suas pr\u00e1ticas agr\u00edcolas. Com planejamento, monitoramento e tecnologias adequadas, \u00e9 poss\u00edvel transformar esses desafios em oportunidades.  <strong>O clima muda, mas sua prepara\u00e7\u00e3o faz a diferen\u00e7a.<\/strong><\/p>\n","protected":false},"excerpt":{"rendered":"<p>Uma frente fria traz chuvas ao Sul e Sudeste, enquanto calor intenso predomina no Nordeste. Entenda como esses contrastes clim\u00e1ticos afetam a agricultura.<\/p>\n","protected":false},"author":1,"featured_media":1290,"comment_status":"open","ping_status":"open","sticky":false,"template":"","format":"standard","meta":{"_coblocks_attr":"","_coblocks_dimensions":"","_coblocks_responsive_height":"","_coblocks_accordion_ie_support":"","_uag_custom_page_level_css":"","footnotes":""},"categories":[1,27],"tags":[406,408,409,404,405,407,410],"class_list":["post-1289","post","type-post","status-publish","format-standard","has-post-thumbnail","hentry","category-blog","category-clima","tag-calor-nordeste-agricultura","tag-chuvas-sul-brasil","tag-clima-agronegocio","tag-cultivares-resistentes-seca","tag-impacto-climatico-agricultura","tag-manejo-climatico-lavoura","tag-previsao-do-tempo-agricultura"],"yoast_head":"<!-- This site is optimized with the Yoast SEO plugin v27.4 - https:\/\/yoast.com\/product\/yoast-seo-wordpress\/ -->\n<title>Frente Fria Espalha Contrastes Clim\u00e1ticos no Brasil: Como Proteger Sua Lavoura? - ConectaGr\u00e3o<\/title>\n<meta name=\"description\" content=\"Frente fria espalha contrastes clim\u00e1ticos no Brasil: chuva no Sul, calor no Nordeste. Saiba como protejer sua lavoura!\" \/>\n<meta name=\"robots\" content=\"index, follow, max-snippet:-1, max-image-preview:large, max-video-preview:-1\" \/>\n<link rel=\"canonical\" href=\"https:\/\/conectagrao.com.br\/blog\/frente-fria-espalha-contrastes-climaticos-no-brasil-como-proteger-sua-lavoura\/\" \/>\n<meta property=\"og:locale\" content=\"pt_BR\" \/>\n<meta property=\"og:type\" content=\"article\" \/>\n<meta property=\"og:title\" content=\"Frente Fria Espalha Contrastes Clim\u00e1ticos no Brasil: Como Proteger Sua Lavoura? - ConectaGr\u00e3o\" \/>\n<meta property=\"og:description\" content=\"Frente fria espalha contrastes clim\u00e1ticos no Brasil: chuva no Sul, calor no Nordeste. Saiba como protejer sua lavoura!\" \/>\n<meta property=\"og:url\" content=\"https:\/\/conectagrao.com.br\/blog\/frente-fria-espalha-contrastes-climaticos-no-brasil-como-proteger-sua-lavoura\/\" \/>\n<meta property=\"og:site_name\" content=\"ConectaGr\u00e3o\" \/>\n<meta property=\"article:publisher\" content=\"https:\/\/www.facebook.com\/conectagrao\/\" \/>\n<meta property=\"article:author\" content=\"https:\/\/www.facebook.com\/share\/1A5mH5g3LK\/\" \/>\n<meta property=\"article:published_time\" content=\"2025-10-08T21:15:43+00:00\" \/>\n<meta property=\"article:modified_time\" content=\"2025-10-08T21:15:46+00:00\" \/>\n<meta property=\"og:image\" content=\"https:\/\/conectagrao.com.br\/blog\/wp-content\/uploads\/2025\/10\/Design-sem-nome-19.png\" \/>\n\t<meta property=\"og:image:width\" content=\"1200\" \/>\n\t<meta property=\"og:image:height\" content=\"800\" \/>\n\t<meta property=\"og:image:type\" content=\"image\/png\" \/>\n<meta name=\"author\" content=\"conectagrao\" \/>\n<meta name=\"twitter:card\" content=\"summary_large_image\" \/>\n<meta name=\"twitter:label1\" content=\"Escrito por\" \/>\n\t<meta name=\"twitter:data1\" content=\"conectagrao\" \/>\n\t<meta name=\"twitter:label2\" content=\"Est. tempo de leitura\" \/>\n\t<meta name=\"twitter:data2\" content=\"4 minutos\" \/>\n<script type=\"application\/ld+json\" class=\"yoast-schema-graph\">{\"@context\":\"https:\\\/\\\/schema.org\",\"@graph\":[{\"@type\":\"Article\",\"@id\":\"https:\\\/\\\/conectagrao.com.br\\\/blog\\\/frente-fria-espalha-contrastes-climaticos-no-brasil-como-proteger-sua-lavoura\\\/#article\",\"isPartOf\":{\"@id\":\"https:\\\/\\\/conectagrao.com.br\\\/blog\\\/frente-fria-espalha-contrastes-climaticos-no-brasil-como-proteger-sua-lavoura\\\/\"},\"author\":{\"name\":\"conectagrao\",\"@id\":\"https:\\\/\\\/conectagrao.com.br\\\/blog\\\/#\\\/schema\\\/person\\\/ba64f63526cab8efbf8b1f8198926135\"},\"headline\":\"Frente Fria Espalha Contrastes Clim\u00e1ticos no Brasil: Como Proteger Sua Lavoura?\",\"datePublished\":\"2025-10-08T21:15:43+00:00\",\"dateModified\":\"2025-10-08T21:15:46+00:00\",\"mainEntityOfPage\":{\"@id\":\"https:\\\/\\\/conectagrao.com.br\\\/blog\\\/frente-fria-espalha-contrastes-climaticos-no-brasil-como-proteger-sua-lavoura\\\/\"},\"wordCount\":735,\"commentCount\":0,\"publisher\":{\"@id\":\"https:\\\/\\\/conectagrao.com.br\\\/blog\\\/#organization\"},\"image\":{\"@id\":\"https:\\\/\\\/conectagrao.com.br\\\/blog\\\/frente-fria-espalha-contrastes-climaticos-no-brasil-como-proteger-sua-lavoura\\\/#primaryimage\"},\"thumbnailUrl\":\"https:\\\/\\\/conectagrao.com.br\\\/blog\\\/wp-content\\\/uploads\\\/2025\\\/10\\\/Design-sem-nome-19.png\",\"keywords\":[\"Calor Nordeste agricultura\",\"Chuvas Sul Brasil\",\"Clima agroneg\u00f3cio\",\"Cultivares resistentes seca\",\"Impacto clim\u00e1tico agricultura\",\"Manejo clim\u00e1tico lavoura\",\"Previs\u00e3o do tempo agricultura\"],\"articleSection\":[\"Blog\",\"Clima\"],\"inLanguage\":\"pt-BR\",\"potentialAction\":[{\"@type\":\"CommentAction\",\"name\":\"Comment\",\"target\":[\"https:\\\/\\\/conectagrao.com.br\\\/blog\\\/frente-fria-espalha-contrastes-climaticos-no-brasil-como-proteger-sua-lavoura\\\/#respond\"]}]},{\"@type\":\"WebPage\",\"@id\":\"https:\\\/\\\/conectagrao.com.br\\\/blog\\\/frente-fria-espalha-contrastes-climaticos-no-brasil-como-proteger-sua-lavoura\\\/\",\"url\":\"https:\\\/\\\/conectagrao.com.br\\\/blog\\\/frente-fria-espalha-contrastes-climaticos-no-brasil-como-proteger-sua-lavoura\\\/\",\"name\":\"Frente Fria Espalha Contrastes Clim\u00e1ticos no Brasil: Como Proteger Sua Lavoura? - ConectaGr\u00e3o\",\"isPartOf\":{\"@id\":\"https:\\\/\\\/conectagrao.com.br\\\/blog\\\/#website\"},\"primaryImageOfPage\":{\"@id\":\"https:\\\/\\\/conectagrao.com.br\\\/blog\\\/frente-fria-espalha-contrastes-climaticos-no-brasil-como-proteger-sua-lavoura\\\/#primaryimage\"},\"image\":{\"@id\":\"https:\\\/\\\/conectagrao.com.br\\\/blog\\\/frente-fria-espalha-contrastes-climaticos-no-brasil-como-proteger-sua-lavoura\\\/#primaryimage\"},\"thumbnailUrl\":\"https:\\\/\\\/conectagrao.com.br\\\/blog\\\/wp-content\\\/uploads\\\/2025\\\/10\\\/Design-sem-nome-19.png\",\"datePublished\":\"2025-10-08T21:15:43+00:00\",\"dateModified\":\"2025-10-08T21:15:46+00:00\",\"description\":\"Frente fria espalha contrastes clim\u00e1ticos no Brasil: chuva no Sul, calor no Nordeste. Saiba como protejer sua lavoura!\",\"breadcrumb\":{\"@id\":\"https:\\\/\\\/conectagrao.com.br\\\/blog\\\/frente-fria-espalha-contrastes-climaticos-no-brasil-como-proteger-sua-lavoura\\\/#breadcrumb\"},\"inLanguage\":\"pt-BR\",\"potentialAction\":[{\"@type\":\"ReadAction\",\"target\":[\"https:\\\/\\\/conectagrao.com.br\\\/blog\\\/frente-fria-espalha-contrastes-climaticos-no-brasil-como-proteger-sua-lavoura\\\/\"]}]},{\"@type\":\"ImageObject\",\"inLanguage\":\"pt-BR\",\"@id\":\"https:\\\/\\\/conectagrao.com.br\\\/blog\\\/frente-fria-espalha-contrastes-climaticos-no-brasil-como-proteger-sua-lavoura\\\/#primaryimage\",\"url\":\"https:\\\/\\\/conectagrao.com.br\\\/blog\\\/wp-content\\\/uploads\\\/2025\\\/10\\\/Design-sem-nome-19.png\",\"contentUrl\":\"https:\\\/\\\/conectagrao.com.br\\\/blog\\\/wp-content\\\/uploads\\\/2025\\\/10\\\/Design-sem-nome-19.png\",\"width\":1200,\"height\":800},{\"@type\":\"BreadcrumbList\",\"@id\":\"https:\\\/\\\/conectagrao.com.br\\\/blog\\\/frente-fria-espalha-contrastes-climaticos-no-brasil-como-proteger-sua-lavoura\\\/#breadcrumb\",\"itemListElement\":[{\"@type\":\"ListItem\",\"position\":1,\"name\":\"In\u00edcio\",\"item\":\"https:\\\/\\\/conectagrao.com.br\\\/blog\\\/\"},{\"@type\":\"ListItem\",\"position\":2,\"name\":\"Frente Fria Espalha Contrastes Clim\u00e1ticos no Brasil: Como Proteger Sua Lavoura?\"}]},{\"@type\":\"WebSite\",\"@id\":\"https:\\\/\\\/conectagrao.com.br\\\/blog\\\/#website\",\"url\":\"https:\\\/\\\/conectagrao.com.br\\\/blog\\\/\",\"name\":\"ConectaGr\u00e3o\",\"description\":\"Conectando o futuro com o agroneg\u00f3cio.\",\"publisher\":{\"@id\":\"https:\\\/\\\/conectagrao.com.br\\\/blog\\\/#organization\"},\"alternateName\":\"conectagrao\",\"potentialAction\":[{\"@type\":\"SearchAction\",\"target\":{\"@type\":\"EntryPoint\",\"urlTemplate\":\"https:\\\/\\\/conectagrao.com.br\\\/blog\\\/?s={search_term_string}\"},\"query-input\":{\"@type\":\"PropertyValueSpecification\",\"valueRequired\":true,\"valueName\":\"search_term_string\"}}],\"inLanguage\":\"pt-BR\"},{\"@type\":\"Organization\",\"@id\":\"https:\\\/\\\/conectagrao.com.br\\\/blog\\\/#organization\",\"name\":\"ConectaGr\u00e3o\",\"alternateName\":\"conectagrao\",\"url\":\"https:\\\/\\\/conectagrao.com.br\\\/blog\\\/\",\"logo\":{\"@type\":\"ImageObject\",\"inLanguage\":\"pt-BR\",\"@id\":\"https:\\\/\\\/conectagrao.com.br\\\/blog\\\/#\\\/schema\\\/logo\\\/image\\\/\",\"url\":\"https:\\\/\\\/conectagrao.com.br\\\/blog\\\/wp-content\\\/uploads\\\/2025\\\/07\\\/ConectaGrao-6.png\",\"contentUrl\":\"https:\\\/\\\/conectagrao.com.br\\\/blog\\\/wp-content\\\/uploads\\\/2025\\\/07\\\/ConectaGrao-6.png\",\"width\":447,\"height\":559,\"caption\":\"ConectaGr\u00e3o\"},\"image\":{\"@id\":\"https:\\\/\\\/conectagrao.com.br\\\/blog\\\/#\\\/schema\\\/logo\\\/image\\\/\"},\"sameAs\":[\"https:\\\/\\\/www.facebook.com\\\/conectagrao\\\/\",\"https:\\\/\\\/www.tiktok.com\\\/@conectagrao?_t=ZM-8xPuS2d6MFB&_r=1\",\"https:\\\/\\\/www.threads.com\\\/@conectagrao\",\"https:\\\/\\\/www.youtube.com\\\/@conectagrao\",\"https:\\\/\\\/www.instagram.com\\\/conectagrao\"]},{\"@type\":\"Person\",\"@id\":\"https:\\\/\\\/conectagrao.com.br\\\/blog\\\/#\\\/schema\\\/person\\\/ba64f63526cab8efbf8b1f8198926135\",\"name\":\"conectagrao\",\"image\":{\"@type\":\"ImageObject\",\"inLanguage\":\"pt-BR\",\"@id\":\"https:\\\/\\\/secure.gravatar.com\\\/avatar\\\/fb3dc2cba7f544171abec58358591c995847240e6fd4f1f7a4a8159970dca59e?s=96&d=mm&r=g\",\"url\":\"https:\\\/\\\/secure.gravatar.com\\\/avatar\\\/fb3dc2cba7f544171abec58358591c995847240e6fd4f1f7a4a8159970dca59e?s=96&d=mm&r=g\",\"contentUrl\":\"https:\\\/\\\/secure.gravatar.com\\\/avatar\\\/fb3dc2cba7f544171abec58358591c995847240e6fd4f1f7a4a8159970dca59e?s=96&d=mm&r=g\",\"caption\":\"conectagrao\"},\"description\":\"ConectaGr\u00e3o\u00ae \u00e9 uma plataforma digital que conecta produtores, empresas e compradores do agroneg\u00f3cio, oferecendo an\u00e1lises de mercado, cota\u00e7\u00f5es, ferramentas e conte\u00fados gratuitos para facilitar o dia a dia no campo. Fundada por Genecir Jacoboski e Kao\u00ea T. Rauch a ConectaGr\u00e3o\u00ae tem como miss\u00e3o valorizar o produtor e aproximar o campo do mercado com tecnologia, informa\u00e7\u00e3o e inova\u00e7\u00e3o.\",\"sameAs\":[\"https:\\\/\\\/conectagrao.com.br\\\/blog\",\"https:\\\/\\\/www.facebook.com\\\/share\\\/1A5mH5g3LK\\\/\",\"https:\\\/\\\/www.instagram.com\\\/conectagrao?igsh=azQ1dXBndnp4dzZw\",\"https:\\\/\\\/youtube.com\\\/@conectagrao?si=QnGS_Zm7Cuj1pznt\"],\"url\":\"https:\\\/\\\/conectagrao.com.br\\\/blog\\\/author\\\/conectagrao\\\/\"}]}<\/script>\n<!-- \/ Yoast SEO plugin. -->","yoast_head_json":{"title":"Frente Fria Espalha Contrastes Clim\u00e1ticos no Brasil: Como Proteger Sua Lavoura? - ConectaGr\u00e3o","description":"Frente fria espalha contrastes clim\u00e1ticos no Brasil: chuva no Sul, calor no Nordeste. Saiba como protejer sua lavoura!","robots":{"index":"index","follow":"follow","max-snippet":"max-snippet:-1","max-image-preview":"max-image-preview:large","max-video-preview":"max-video-preview:-1"},"canonical":"https:\/\/conectagrao.com.br\/blog\/frente-fria-espalha-contrastes-climaticos-no-brasil-como-proteger-sua-lavoura\/","og_locale":"pt_BR","og_type":"article","og_title":"Frente Fria Espalha Contrastes Clim\u00e1ticos no Brasil: Como Proteger Sua Lavoura? - ConectaGr\u00e3o","og_description":"Frente fria espalha contrastes clim\u00e1ticos no Brasil: chuva no Sul, calor no Nordeste. Saiba como protejer sua lavoura!","og_url":"https:\/\/conectagrao.com.br\/blog\/frente-fria-espalha-contrastes-climaticos-no-brasil-como-proteger-sua-lavoura\/","og_site_name":"ConectaGr\u00e3o","article_publisher":"https:\/\/www.facebook.com\/conectagrao\/","article_author":"https:\/\/www.facebook.com\/share\/1A5mH5g3LK\/","article_published_time":"2025-10-08T21:15:43+00:00","article_modified_time":"2025-10-08T21:15:46+00:00","og_image":[{"width":1200,"height":800,"url":"https:\/\/conectagrao.com.br\/blog\/wp-content\/uploads\/2025\/10\/Design-sem-nome-19.png","type":"image\/png"}],"author":"conectagrao","twitter_card":"summary_large_image","twitter_misc":{"Escrito por":"conectagrao","Est. tempo de leitura":"4 minutos"},"schema":{"@context":"https:\/\/schema.org","@graph":[{"@type":"Article","@id":"https:\/\/conectagrao.com.br\/blog\/frente-fria-espalha-contrastes-climaticos-no-brasil-como-proteger-sua-lavoura\/#article","isPartOf":{"@id":"https:\/\/conectagrao.com.br\/blog\/frente-fria-espalha-contrastes-climaticos-no-brasil-como-proteger-sua-lavoura\/"},"author":{"name":"conectagrao","@id":"https:\/\/conectagrao.com.br\/blog\/#\/schema\/person\/ba64f63526cab8efbf8b1f8198926135"},"headline":"Frente Fria Espalha Contrastes Clim\u00e1ticos no Brasil: Como Proteger Sua Lavoura?","datePublished":"2025-10-08T21:15:43+00:00","dateModified":"2025-10-08T21:15:46+00:00","mainEntityOfPage":{"@id":"https:\/\/conectagrao.com.br\/blog\/frente-fria-espalha-contrastes-climaticos-no-brasil-como-proteger-sua-lavoura\/"},"wordCount":735,"commentCount":0,"publisher":{"@id":"https:\/\/conectagrao.com.br\/blog\/#organization"},"image":{"@id":"https:\/\/conectagrao.com.br\/blog\/frente-fria-espalha-contrastes-climaticos-no-brasil-como-proteger-sua-lavoura\/#primaryimage"},"thumbnailUrl":"https:\/\/conectagrao.com.br\/blog\/wp-content\/uploads\/2025\/10\/Design-sem-nome-19.png","keywords":["Calor Nordeste agricultura","Chuvas Sul Brasil","Clima agroneg\u00f3cio","Cultivares resistentes seca","Impacto clim\u00e1tico agricultura","Manejo clim\u00e1tico lavoura","Previs\u00e3o do tempo agricultura"],"articleSection":["Blog","Clima"],"inLanguage":"pt-BR","potentialAction":[{"@type":"CommentAction","name":"Comment","target":["https:\/\/conectagrao.com.br\/blog\/frente-fria-espalha-contrastes-climaticos-no-brasil-como-proteger-sua-lavoura\/#respond"]}]},{"@type":"WebPage","@id":"https:\/\/conectagrao.com.br\/blog\/frente-fria-espalha-contrastes-climaticos-no-brasil-como-proteger-sua-lavoura\/","url":"https:\/\/conectagrao.com.br\/blog\/frente-fria-espalha-contrastes-climaticos-no-brasil-como-proteger-sua-lavoura\/","name":"Frente Fria Espalha Contrastes Clim\u00e1ticos no Brasil: Como Proteger Sua Lavoura? - ConectaGr\u00e3o","isPartOf":{"@id":"https:\/\/conectagrao.com.br\/blog\/#website"},"primaryImageOfPage":{"@id":"https:\/\/conectagrao.com.br\/blog\/frente-fria-espalha-contrastes-climaticos-no-brasil-como-proteger-sua-lavoura\/#primaryimage"},"image":{"@id":"https:\/\/conectagrao.com.br\/blog\/frente-fria-espalha-contrastes-climaticos-no-brasil-como-proteger-sua-lavoura\/#primaryimage"},"thumbnailUrl":"https:\/\/conectagrao.com.br\/blog\/wp-content\/uploads\/2025\/10\/Design-sem-nome-19.png","datePublished":"2025-10-08T21:15:43+00:00","dateModified":"2025-10-08T21:15:46+00:00","description":"Frente fria espalha contrastes clim\u00e1ticos no Brasil: chuva no Sul, calor no Nordeste. Saiba como protejer sua lavoura!","breadcrumb":{"@id":"https:\/\/conectagrao.com.br\/blog\/frente-fria-espalha-contrastes-climaticos-no-brasil-como-proteger-sua-lavoura\/#breadcrumb"},"inLanguage":"pt-BR","potentialAction":[{"@type":"ReadAction","target":["https:\/\/conectagrao.com.br\/blog\/frente-fria-espalha-contrastes-climaticos-no-brasil-como-proteger-sua-lavoura\/"]}]},{"@type":"ImageObject","inLanguage":"pt-BR","@id":"https:\/\/conectagrao.com.br\/blog\/frente-fria-espalha-contrastes-climaticos-no-brasil-como-proteger-sua-lavoura\/#primaryimage","url":"https:\/\/conectagrao.com.br\/blog\/wp-content\/uploads\/2025\/10\/Design-sem-nome-19.png","contentUrl":"https:\/\/conectagrao.com.br\/blog\/wp-content\/uploads\/2025\/10\/Design-sem-nome-19.png","width":1200,"height":800},{"@type":"BreadcrumbList","@id":"https:\/\/conectagrao.com.br\/blog\/frente-fria-espalha-contrastes-climaticos-no-brasil-como-proteger-sua-lavoura\/#breadcrumb","itemListElement":[{"@type":"ListItem","position":1,"name":"In\u00edcio","item":"https:\/\/conectagrao.com.br\/blog\/"},{"@type":"ListItem","position":2,"name":"Frente Fria Espalha Contrastes Clim\u00e1ticos no Brasil: Como Proteger Sua Lavoura?"}]},{"@type":"WebSite","@id":"https:\/\/conectagrao.com.br\/blog\/#website","url":"https:\/\/conectagrao.com.br\/blog\/","name":"ConectaGr\u00e3o","description":"Conectando o futuro com o agroneg\u00f3cio.","publisher":{"@id":"https:\/\/conectagrao.com.br\/blog\/#organization"},"alternateName":"conectagrao","potentialAction":[{"@type":"SearchAction","target":{"@type":"EntryPoint","urlTemplate":"https:\/\/conectagrao.com.br\/blog\/?s={search_term_string}"},"query-input":{"@type":"PropertyValueSpecification","valueRequired":true,"valueName":"search_term_string"}}],"inLanguage":"pt-BR"},{"@type":"Organization","@id":"https:\/\/conectagrao.com.br\/blog\/#organization","name":"ConectaGr\u00e3o","alternateName":"conectagrao","url":"https:\/\/conectagrao.com.br\/blog\/","logo":{"@type":"ImageObject","inLanguage":"pt-BR","@id":"https:\/\/conectagrao.com.br\/blog\/#\/schema\/logo\/image\/","url":"https:\/\/conectagrao.com.br\/blog\/wp-content\/uploads\/2025\/07\/ConectaGrao-6.png","contentUrl":"https:\/\/conectagrao.com.br\/blog\/wp-content\/uploads\/2025\/07\/ConectaGrao-6.png","width":447,"height":559,"caption":"ConectaGr\u00e3o"},"image":{"@id":"https:\/\/conectagrao.com.br\/blog\/#\/schema\/logo\/image\/"},"sameAs":["https:\/\/www.facebook.com\/conectagrao\/","https:\/\/www.tiktok.com\/@conectagrao?_t=ZM-8xPuS2d6MFB&_r=1","https:\/\/www.threads.com\/@conectagrao","https:\/\/www.youtube.com\/@conectagrao","https:\/\/www.instagram.com\/conectagrao"]},{"@type":"Person","@id":"https:\/\/conectagrao.com.br\/blog\/#\/schema\/person\/ba64f63526cab8efbf8b1f8198926135","name":"conectagrao","image":{"@type":"ImageObject","inLanguage":"pt-BR","@id":"https:\/\/secure.gravatar.com\/avatar\/fb3dc2cba7f544171abec58358591c995847240e6fd4f1f7a4a8159970dca59e?s=96&d=mm&r=g","url":"https:\/\/secure.gravatar.com\/avatar\/fb3dc2cba7f544171abec58358591c995847240e6fd4f1f7a4a8159970dca59e?s=96&d=mm&r=g","contentUrl":"https:\/\/secure.gravatar.com\/avatar\/fb3dc2cba7f544171abec58358591c995847240e6fd4f1f7a4a8159970dca59e?s=96&d=mm&r=g","caption":"conectagrao"},"description":"ConectaGr\u00e3o\u00ae \u00e9 uma plataforma digital que conecta produtores, empresas e compradores do agroneg\u00f3cio, oferecendo an\u00e1lises de mercado, cota\u00e7\u00f5es, ferramentas e conte\u00fados gratuitos para facilitar o dia a dia no campo. Fundada por Genecir Jacoboski e Kao\u00ea T. Rauch a ConectaGr\u00e3o\u00ae tem como miss\u00e3o valorizar o produtor e aproximar o campo do mercado com tecnologia, informa\u00e7\u00e3o e inova\u00e7\u00e3o.","sameAs":["https:\/\/conectagrao.com.br\/blog","https:\/\/www.facebook.com\/share\/1A5mH5g3LK\/","https:\/\/www.instagram.com\/conectagrao?igsh=azQ1dXBndnp4dzZw","https:\/\/youtube.com\/@conectagrao?si=QnGS_Zm7Cuj1pznt"],"url":"https:\/\/conectagrao.com.br\/blog\/author\/conectagrao\/"}]}},"uagb_featured_image_src":{"full":["https:\/\/conectagrao.com.br\/blog\/wp-content\/uploads\/2025\/10\/Design-sem-nome-19.png",1200,800,false],"thumbnail":["https:\/\/conectagrao.com.br\/blog\/wp-content\/uploads\/2025\/10\/Design-sem-nome-19-150x150.png",150,150,true],"medium":["https:\/\/conectagrao.com.br\/blog\/wp-content\/uploads\/2025\/10\/Design-sem-nome-19-300x200.png",300,200,true],"medium_large":["https:\/\/conectagrao.com.br\/blog\/wp-content\/uploads\/2025\/10\/Design-sem-nome-19-768x512.png",640,427,true],"large":["https:\/\/conectagrao.com.br\/blog\/wp-content\/uploads\/2025\/10\/Design-sem-nome-19-1024x683.png",640,427,true],"1536x1536":["https:\/\/conectagrao.com.br\/blog\/wp-content\/uploads\/2025\/10\/Design-sem-nome-19.png",1200,800,false],"2048x2048":["https:\/\/conectagrao.com.br\/blog\/wp-content\/uploads\/2025\/10\/Design-sem-nome-19.png",1200,800,false],"cvmm-medium":["https:\/\/conectagrao.com.br\/blog\/wp-content\/uploads\/2025\/10\/Design-sem-nome-19-300x300.png",300,300,true],"cvmm-medium-plus":["https:\/\/conectagrao.com.br\/blog\/wp-content\/uploads\/2025\/10\/Design-sem-nome-19-305x207.png",305,207,true],"cvmm-portrait":["https:\/\/conectagrao.com.br\/blog\/wp-content\/uploads\/2025\/10\/Design-sem-nome-19-400x600.png",400,600,true],"cvmm-medium-square":["https:\/\/conectagrao.com.br\/blog\/wp-content\/uploads\/2025\/10\/Design-sem-nome-19-600x600.png",600,600,true],"cvmm-large":["https:\/\/conectagrao.com.br\/blog\/wp-content\/uploads\/2025\/10\/Design-sem-nome-19-1024x800.png",1024,800,true],"cvmm-small":["https:\/\/conectagrao.com.br\/blog\/wp-content\/uploads\/2025\/10\/Design-sem-nome-19-130x95.png",130,95,true],"news-portal-block-medium":["https:\/\/conectagrao.com.br\/blog\/wp-content\/uploads\/2025\/10\/Design-sem-nome-19-305x207.png",305,207,true],"news-portal-block-thumb":["https:\/\/conectagrao.com.br\/blog\/wp-content\/uploads\/2025\/10\/Design-sem-nome-19-136x102.png",136,102,true],"news-portal-slider-medium":["https:\/\/conectagrao.com.br\/blog\/wp-content\/uploads\/2025\/10\/Design-sem-nome-19-622x420.png",622,420,true],"news-portal-carousel-portrait":["https:\/\/conectagrao.com.br\/blog\/wp-content\/uploads\/2025\/10\/Design-sem-nome-19-400x600.png",400,600,true],"news-portal-alternate-grid":["https:\/\/conectagrao.com.br\/blog\/wp-content\/uploads\/2025\/10\/Design-sem-nome-19-340x316.png",340,316,true],"web-stories-poster-portrait":["https:\/\/conectagrao.com.br\/blog\/wp-content\/uploads\/2025\/10\/Design-sem-nome-19-640x800.png",640,800,true],"web-stories-publisher-logo":["https:\/\/conectagrao.com.br\/blog\/wp-content\/uploads\/2025\/10\/Design-sem-nome-19-96x96.png",96,96,true],"web-stories-thumbnail":["https:\/\/conectagrao.com.br\/blog\/wp-content\/uploads\/2025\/10\/Design-sem-nome-19-150x100.png",150,100,true]},"uagb_author_info":{"display_name":"conectagrao","author_link":"https:\/\/conectagrao.com.br\/blog\/author\/conectagrao\/"},"uagb_comment_info":0,"uagb_excerpt":"Uma frente fria traz chuvas ao Sul e Sudeste, enquanto calor intenso predomina no Nordeste. Entenda como esses contrastes clim\u00e1ticos afetam a agricultura.","blog_post_layout_featured_media_urls":{"thumbnail":["https:\/\/conectagrao.com.br\/blog\/wp-content\/uploads\/2025\/10\/Design-sem-nome-19-150x150.png",150,150,true],"full":["https:\/\/conectagrao.com.br\/blog\/wp-content\/uploads\/2025\/10\/Design-sem-nome-19.png",1200,800,false]},"categories_names":{"1":{"name":"Blog","link":"https:\/\/conectagrao.com.br\/blog\/blog\/"},"27":{"name":"Clima","link":"https:\/\/conectagrao.com.br\/blog\/clima\/"}},"tags_names":{"406":{"name":"Calor Nordeste agricultura","link":"https:\/\/conectagrao.com.br\/blog\/tag\/calor-nordeste-agricultura\/"},"408":{"name":"Chuvas Sul Brasil","link":"https:\/\/conectagrao.com.br\/blog\/tag\/chuvas-sul-brasil\/"},"409":{"name":"Clima agroneg\u00f3cio","link":"https:\/\/conectagrao.com.br\/blog\/tag\/clima-agronegocio\/"},"404":{"name":"Cultivares resistentes seca","link":"https:\/\/conectagrao.com.br\/blog\/tag\/cultivares-resistentes-seca\/"},"405":{"name":"Impacto clim\u00e1tico agricultura","link":"https:\/\/conectagrao.com.br\/blog\/tag\/impacto-climatico-agricultura\/"},"407":{"name":"Manejo clim\u00e1tico lavoura","link":"https:\/\/conectagrao.com.br\/blog\/tag\/manejo-climatico-lavoura\/"},"410":{"name":"Previs\u00e3o do tempo agricultura","link":"https:\/\/conectagrao.com.br\/blog\/tag\/previsao-do-tempo-agricultura\/"}},"comments_number":"0","wpmagazine_modules_lite_featured_media_urls":{"thumbnail":["https:\/\/conectagrao.com.br\/blog\/wp-content\/uploads\/2025\/10\/Design-sem-nome-19-150x150.png",150,150,true],"cvmm-medium":["https:\/\/conectagrao.com.br\/blog\/wp-content\/uploads\/2025\/10\/Design-sem-nome-19-300x300.png",300,300,true],"cvmm-medium-plus":["https:\/\/conectagrao.com.br\/blog\/wp-content\/uploads\/2025\/10\/Design-sem-nome-19-305x207.png",305,207,true],"cvmm-portrait":["https:\/\/conectagrao.com.br\/blog\/wp-content\/uploads\/2025\/10\/Design-sem-nome-19-400x600.png",400,600,true],"cvmm-medium-square":["https:\/\/conectagrao.com.br\/blog\/wp-content\/uploads\/2025\/10\/Design-sem-nome-19-600x600.png",600,600,true],"cvmm-large":["https:\/\/conectagrao.com.br\/blog\/wp-content\/uploads\/2025\/10\/Design-sem-nome-19-1024x800.png",1024,800,true],"cvmm-small":["https:\/\/conectagrao.com.br\/blog\/wp-content\/uploads\/2025\/10\/Design-sem-nome-19-130x95.png",130,95,true],"full":["https:\/\/conectagrao.com.br\/blog\/wp-content\/uploads\/2025\/10\/Design-sem-nome-19.png",1200,800,false]},"_links":{"self":[{"href":"https:\/\/conectagrao.com.br\/blog\/wp-json\/wp\/v2\/posts\/1289","targetHints":{"allow":["GET"]}}],"collection":[{"href":"https:\/\/conectagrao.com.br\/blog\/wp-json\/wp\/v2\/posts"}],"about":[{"href":"https:\/\/conectagrao.com.br\/blog\/wp-json\/wp\/v2\/types\/post"}],"author":[{"embeddable":true,"href":"https:\/\/conectagrao.com.br\/blog\/wp-json\/wp\/v2\/users\/1"}],"replies":[{"embeddable":true,"href":"https:\/\/conectagrao.com.br\/blog\/wp-json\/wp\/v2\/comments?post=1289"}],"version-history":[{"count":1,"href":"https:\/\/conectagrao.com.br\/blog\/wp-json\/wp\/v2\/posts\/1289\/revisions"}],"predecessor-version":[{"id":1291,"href":"https:\/\/conectagrao.com.br\/blog\/wp-json\/wp\/v2\/posts\/1289\/revisions\/1291"}],"wp:featuredmedia":[{"embeddable":true,"href":"https:\/\/conectagrao.com.br\/blog\/wp-json\/wp\/v2\/media\/1290"}],"wp:attachment":[{"href":"https:\/\/conectagrao.com.br\/blog\/wp-json\/wp\/v2\/media?parent=1289"}],"wp:term":[{"taxonomy":"category","embeddable":true,"href":"https:\/\/conectagrao.com.br\/blog\/wp-json\/wp\/v2\/categories?post=1289"},{"taxonomy":"post_tag","embeddable":true,"href":"https:\/\/conectagrao.com.br\/blog\/wp-json\/wp\/v2\/tags?post=1289"}],"curies":[{"name":"wp","href":"https:\/\/api.w.org\/{rel}","templated":true}]}}