{"id":1292,"date":"2025-10-09T11:00:00","date_gmt":"2025-10-09T11:00:00","guid":{"rendered":"https:\/\/conectagrao.com.br\/blog\/?p=1292"},"modified":"2025-10-15T01:41:59","modified_gmt":"2025-10-15T01:41:59","slug":"bananas-resistentes-ao-fungo-como-a-embrapa-esta-salvando-as-plantacoes-do-brasil","status":"publish","type":"post","link":"https:\/\/conectagrao.com.br\/blog\/bananas-resistentes-ao-fungo-como-a-embrapa-esta-salvando-as-plantacoes-do-brasil\/","title":{"rendered":"Bananas Resistentes ao Fungo: Como a Embrapa Est\u00e1 Salvando as Planta\u00e7\u00f5es do Brasil"},"content":{"rendered":"\n<p>Imagine um mundo sem bananas. <strong>Embora<\/strong> pare\u00e7a exagero, a amea\u00e7a do fungo <em>Fusarium oxysporum<\/em> ra\u00e7a 4 tropical (R4T), conhecido como mal-do-Panam\u00e1, j\u00e1 devastou planta\u00e7\u00f5es em continentes como \u00c1sia, \u00c1frica e Am\u00e9ricas. <strong>Por isso<\/strong>, com preju\u00edzos bilion\u00e1rios e a possibilidade de atingir o Brasil, maior produtor de banana da Am\u00e9rica Latina, a Embrapa agiu rapidamente. <strong>Assim<\/strong>, por meio de d\u00e9cadas de pesquisa, a institui\u00e7\u00e3o criou <strong>bananas resistentes ao fungo<\/strong>, garantindo, <strong>portanto<\/strong>, a seguran\u00e7a alimentar e econ\u00f4mica. <strong>Neste artigo<\/strong>, exploraremos como essas cultivares podem transformar o agroneg\u00f3cio.<\/p>\n\n\n\n<h2 class=\"wp-block-heading\">O que \u00e9 o fungo Fusarium ra\u00e7a 4 e por que ele assusta?<\/h2>\n\n\n\n<p>O <em>Fusarium oxysporum<\/em> ra\u00e7a 4 tropical \u00e9 um pat\u00f3geno agressivo que bloqueia o sistema vascular da bananeira. <strong>Como resultado<\/strong>, impede a passagem de \u00e1gua e nutrientes, matando a planta rapidamente. <strong>Al\u00e9m disso<\/strong>, o fungo se espalha por solo contaminado, ferramentas, sapatos e at\u00e9 mudas aparentemente sadias. <strong>Por exemplo<\/strong>, j\u00e1 foi identificado em pa\u00edses vizinhos como Col\u00f4mbia (2019), Peru (2020) e Venezuela (2023). <strong>Portanto<\/strong>, a chegada ao Brasil \u00e9 iminente, especialmente em regi\u00f5es como o Vale do Ribeira, onde 70% da economia depende da banana.<\/p>\n\n\n\n<h3 class=\"wp-block-heading\">Como o fungo afeta a produ\u00e7\u00e3o global?<\/h3>\n\n\n\n<p>A variedade Cavendish, a banana nanica mais consumida no mundo, \u00e9 altamente suscet\u00edvel \u00e0 R4T. <strong>Diferentemente<\/strong> da ra\u00e7a 1, que dizimou a Gros Michel na d\u00e9cada de 1950, a ra\u00e7a 4 \u00e9 mais agressiva e ataca diversas variedades. <strong>Por isso<\/strong>, a Embrapa, ciente do problema, antecipou-se. <strong>Em resumo<\/strong>, as <strong>bananas resistentes ao fungo<\/strong> s\u00e3o uma resposta estrat\u00e9gica \u00e0 crise.<\/p>\n\n\n\n<h2 class=\"wp-block-heading\">As cultivares BRS Princesa e BRS Platina: A solu\u00e7\u00e3o brasileira<\/h2>\n\n\n\n<p><strong>Para enfrentar o desafio<\/strong>, a Embrapa Mandioca e Fruticultura, sob a lideran\u00e7a de pesquisadores como Fernando Haddad, desenvolveu as cultivares <strong>BRS Princesa<\/strong> (tipo ma\u00e7\u00e3) e <strong>BRS Platina<\/strong> (tipo prata). <strong>Assim<\/strong>, essas variedades foram testadas na Col\u00f4mbia, em parceria com a AgroSavia, em uma fazenda onde a R4T foi detectada. <strong>Ap\u00f3s<\/strong> oito meses de quarentena e experimentos em solo contaminado, menos de 1% das plantas foram afetadas, confirmando sua resist\u00eancia. <strong>Portanto<\/strong>, essas cultivares s\u00e3o uma barreira natural contra o fungo.<\/p>\n\n\n\n<h3 class=\"wp-block-heading\">Como foi o processo de desenvolvimento?<\/h3>\n\n\n\n<p><strong>Inicialmente<\/strong>, o melhoramento gen\u00e9tico focou na ra\u00e7a 1 do fungo. <strong>Por meio de<\/strong> cruzamentos com diploides (ancestrais das bananas modernas), a Embrapa criou variedades robustas. <strong>Atualmente<\/strong>, a <strong>BRS Princesa domina 90% do mercado de banana ma\u00e7\u00e3 na Ceagesp<\/strong>, enquanto a BRS Platina ganha espa\u00e7o. <strong>Em outras palavras<\/strong>, a ado\u00e7\u00e3o dessas cultivares est\u00e1 transformando a bananicultura brasileira.<\/p>\n\n\n\n<h2 class=\"wp-block-heading\">Benef\u00edcios das bananas resistentes ao fungo<\/h2>\n\n\n\n<p><strong>Al\u00e9m disso<\/strong>, as cultivares da Embrapa oferecem vantagens claras:<\/p>\n\n\n\n<ul class=\"wp-block-list\">\n<li><strong>Resist\u00eancia comprovada<\/strong>: Protegem contra a R4T, reduzindo perdas.<\/li>\n\n\n\n<li><strong>Sustentabilidade<\/strong>: <strong>Por exemplo<\/strong>, diminuem a necessidade de defensivos qu\u00edmicos.<\/li>\n\n\n\n<li><strong>Adaptabilidade<\/strong>: <strong>Assim<\/strong>, adequam-se a diferentes solos e climas brasileiros.<\/li>\n\n\n\n<li><strong>Impacto econ\u00f4mico<\/strong>: <strong>Portanto<\/strong>, preservam a renda de regi\u00f5es como o Vale do Ribeira.<\/li>\n<\/ul>\n\n\n\n<h3 class=\"wp-block-heading\">Por que adotar as cultivares da Embrapa?<\/h3>\n\n\n\n<ul class=\"wp-block-list\">\n<li>Resist\u00eancia ao Fusarium ra\u00e7a 4 tropical.<\/li>\n\n\n\n<li>Alta produtividade em condi\u00e7\u00f5es adversas.<\/li>\n\n\n\n<li>Qualidade comercial para mercados exigentes.<\/li>\n\n\n\n<li>Suporte t\u00e9cnico da Embrapa para implementa\u00e7\u00e3o.<\/li>\n<\/ul>\n\n\n\n<p><strong>Como implementar as cultivares resistentes?<\/strong> <strong>Primeiramente<\/strong>, escolha mudas certificadas da BRS Princesa ou BRS Platina, dispon\u00edveis em viveiros credenciados pela Embrapa. <strong>Em seguida<\/strong>, realize o manejo integrado de pragas e monitore o solo para evitar contamina\u00e7\u00f5es. <strong>Por fim<\/strong>, consulte extensionistas agr\u00edcolas para adaptar o cultivo \u00e0 sua regi\u00e3o.<\/p>\n\n\n\n<h2 class=\"wp-block-heading\">Como as bananas resistentes ao fungo impactam o mercado global?<\/h2>\n\n\n\n<p><strong>E se<\/strong> as <strong>bananas resistentes ao fungo<\/strong> pudessem evitar uma crise global? A Embrapa colabora com a Costa Rica (Corbana) para desenvolver h\u00edbridos da Cavendish com diploides resistentes. <strong>Al\u00e9m disso<\/strong>, os resultados na Col\u00f4mbia servir\u00e3o para criar novas variedades adaptadas a outros pa\u00edses. <strong>Portanto<\/strong>, essas cultivares podem ser a chave para proteger a produ\u00e7\u00e3o mundial de bananas.<\/p>\n\n\n\n<h2 class=\"wp-block-heading\">O futuro da bananicultura est\u00e1 garantido?<\/h2>\n\n\n\n<p>As <strong>bananas resistentes ao fungo<\/strong> desenvolvidas pela Embrapa s\u00e3o um marco para o agroneg\u00f3cio. <strong>Assim<\/strong>, com a BRS Princesa e a BRS Platina, o Brasil se posiciona como l\u00edder na luta contra o Fusarium ra\u00e7a 4. <strong>Por isso<\/strong>, produtores devem adotar essas variedades para proteger suas lavouras. <strong>Em conclus\u00e3o<\/strong>, acesse o site da Embrapa para mais informa\u00e7\u00f5es e planeje sua pr\u00f3xima safra com seguran\u00e7a.<\/p>\n\n\n\n<p><\/p>\n","protected":false},"excerpt":{"rendered":"<p>A Embrapa desenvolveu cultivares de bananas resistentes ao fungo Fusarium ra\u00e7a 4. Assim, protege planta\u00e7\u00f5es contra perdas bilion\u00e1rias. Conhe\u00e7a, portanto, as variedades BRS Princesa e BRS Platina.<\/p>\n","protected":false},"author":2,"featured_media":1293,"comment_status":"open","ping_status":"open","sticky":false,"template":"","format":"standard","meta":{"_coblocks_attr":"","_coblocks_dimensions":"","_coblocks_responsive_height":"","_coblocks_accordion_ie_support":"","_uag_custom_page_level_css":"","footnotes":""},"categories":[1,31],"tags":[206,113,413,416,415,418,414,412,411],"class_list":["post-1292","post","type-post","status-publish","format-standard","has-post-thumbnail","hentry","category-blog","category-pragas","tag-agricultura-sustentavel","tag-agronegocio-brasileiro","tag-bananicultura","tag-brs-platina","tag-embrapa-banana","tag-fusarium-raca-4","tag-mal-do-panama","tag-melhoramento-genetico","tag-vale-do-ribeira"],"yoast_head":"<!-- This site is optimized with the Yoast SEO plugin v27.4 - https:\/\/yoast.com\/product\/yoast-seo-wordpress\/ -->\n<title>Bananas Resistentes ao Fungo: Como a Embrapa Est\u00e1 Salvando as Planta\u00e7\u00f5es do Brasil - ConectaGr\u00e3o<\/title>\n<meta name=\"description\" content=\"Descubra como a Embrapa criou bananas resistentes ao fungo Fusarium ra\u00e7a 4, protegendo planta\u00e7\u00f5es e a economia agr\u00edcola. Saiba mais!\" \/>\n<meta name=\"robots\" content=\"index, follow, max-snippet:-1, max-image-preview:large, max-video-preview:-1\" \/>\n<link rel=\"canonical\" href=\"https:\/\/conectagrao.com.br\/blog\/bananas-resistentes-ao-fungo-como-a-embrapa-esta-salvando-as-plantacoes-do-brasil\/\" \/>\n<meta property=\"og:locale\" content=\"pt_BR\" \/>\n<meta property=\"og:type\" content=\"article\" \/>\n<meta property=\"og:title\" content=\"Bananas Resistentes ao Fungo: Como a Embrapa Est\u00e1 Salvando as Planta\u00e7\u00f5es do Brasil - ConectaGr\u00e3o\" \/>\n<meta property=\"og:description\" content=\"Descubra como a Embrapa criou bananas resistentes ao fungo Fusarium ra\u00e7a 4, protegendo planta\u00e7\u00f5es e a economia agr\u00edcola. Saiba mais!\" \/>\n<meta property=\"og:url\" content=\"https:\/\/conectagrao.com.br\/blog\/bananas-resistentes-ao-fungo-como-a-embrapa-esta-salvando-as-plantacoes-do-brasil\/\" \/>\n<meta property=\"og:site_name\" content=\"ConectaGr\u00e3o\" \/>\n<meta property=\"article:publisher\" content=\"https:\/\/www.facebook.com\/conectagrao\/\" \/>\n<meta property=\"article:published_time\" content=\"2025-10-09T11:00:00+00:00\" \/>\n<meta property=\"article:modified_time\" content=\"2025-10-15T01:41:59+00:00\" \/>\n<meta property=\"og:image\" content=\"https:\/\/conectagrao.com.br\/blog\/wp-content\/uploads\/2025\/10\/Design-sem-nome-20.png\" \/>\n\t<meta property=\"og:image:width\" content=\"1200\" \/>\n\t<meta property=\"og:image:height\" content=\"800\" \/>\n\t<meta property=\"og:image:type\" content=\"image\/png\" \/>\n<meta name=\"author\" content=\"Kao\u00ea Rauch\" \/>\n<meta name=\"twitter:card\" content=\"summary_large_image\" \/>\n<meta name=\"twitter:label1\" content=\"Escrito por\" \/>\n\t<meta name=\"twitter:data1\" content=\"Kao\u00ea Rauch\" \/>\n\t<meta name=\"twitter:label2\" content=\"Est. tempo de leitura\" \/>\n\t<meta name=\"twitter:data2\" content=\"4 minutos\" \/>\n<script type=\"application\/ld+json\" class=\"yoast-schema-graph\">{\"@context\":\"https:\\\/\\\/schema.org\",\"@graph\":[{\"@type\":\"Article\",\"@id\":\"https:\\\/\\\/conectagrao.com.br\\\/blog\\\/bananas-resistentes-ao-fungo-como-a-embrapa-esta-salvando-as-plantacoes-do-brasil\\\/#article\",\"isPartOf\":{\"@id\":\"https:\\\/\\\/conectagrao.com.br\\\/blog\\\/bananas-resistentes-ao-fungo-como-a-embrapa-esta-salvando-as-plantacoes-do-brasil\\\/\"},\"author\":{\"name\":\"Kao\u00ea Rauch\",\"@id\":\"https:\\\/\\\/conectagrao.com.br\\\/blog\\\/#\\\/schema\\\/person\\\/0110c2a65e3fe8c1eb38193d9f186a59\"},\"headline\":\"Bananas Resistentes ao Fungo: Como a Embrapa Est\u00e1 Salvando as Planta\u00e7\u00f5es do Brasil\",\"datePublished\":\"2025-10-09T11:00:00+00:00\",\"dateModified\":\"2025-10-15T01:41:59+00:00\",\"mainEntityOfPage\":{\"@id\":\"https:\\\/\\\/conectagrao.com.br\\\/blog\\\/bananas-resistentes-ao-fungo-como-a-embrapa-esta-salvando-as-plantacoes-do-brasil\\\/\"},\"wordCount\":728,\"commentCount\":0,\"publisher\":{\"@id\":\"https:\\\/\\\/conectagrao.com.br\\\/blog\\\/#organization\"},\"image\":{\"@id\":\"https:\\\/\\\/conectagrao.com.br\\\/blog\\\/bananas-resistentes-ao-fungo-como-a-embrapa-esta-salvando-as-plantacoes-do-brasil\\\/#primaryimage\"},\"thumbnailUrl\":\"https:\\\/\\\/conectagrao.com.br\\\/blog\\\/wp-content\\\/uploads\\\/2025\\\/10\\\/Design-sem-nome-20.png\",\"keywords\":[\"Agricultura sustent\u00e1vel\",\"Agroneg\u00f3cio brasileiro\",\"Bananicultura\",\"BRS Platina\",\"Embrapa banana\",\"Fusarium ra\u00e7a 4\",\"Mal-do-Panam\u00e1\",\"Melhoramento gen\u00e9tico\",\"Vale do Ribeira\"],\"articleSection\":[\"Blog\",\"Pragas &amp; Doen\u00e7as\"],\"inLanguage\":\"pt-BR\",\"potentialAction\":[{\"@type\":\"CommentAction\",\"name\":\"Comment\",\"target\":[\"https:\\\/\\\/conectagrao.com.br\\\/blog\\\/bananas-resistentes-ao-fungo-como-a-embrapa-esta-salvando-as-plantacoes-do-brasil\\\/#respond\"]}]},{\"@type\":\"WebPage\",\"@id\":\"https:\\\/\\\/conectagrao.com.br\\\/blog\\\/bananas-resistentes-ao-fungo-como-a-embrapa-esta-salvando-as-plantacoes-do-brasil\\\/\",\"url\":\"https:\\\/\\\/conectagrao.com.br\\\/blog\\\/bananas-resistentes-ao-fungo-como-a-embrapa-esta-salvando-as-plantacoes-do-brasil\\\/\",\"name\":\"Bananas Resistentes ao Fungo: Como a Embrapa Est\u00e1 Salvando as Planta\u00e7\u00f5es do Brasil - ConectaGr\u00e3o\",\"isPartOf\":{\"@id\":\"https:\\\/\\\/conectagrao.com.br\\\/blog\\\/#website\"},\"primaryImageOfPage\":{\"@id\":\"https:\\\/\\\/conectagrao.com.br\\\/blog\\\/bananas-resistentes-ao-fungo-como-a-embrapa-esta-salvando-as-plantacoes-do-brasil\\\/#primaryimage\"},\"image\":{\"@id\":\"https:\\\/\\\/conectagrao.com.br\\\/blog\\\/bananas-resistentes-ao-fungo-como-a-embrapa-esta-salvando-as-plantacoes-do-brasil\\\/#primaryimage\"},\"thumbnailUrl\":\"https:\\\/\\\/conectagrao.com.br\\\/blog\\\/wp-content\\\/uploads\\\/2025\\\/10\\\/Design-sem-nome-20.png\",\"datePublished\":\"2025-10-09T11:00:00+00:00\",\"dateModified\":\"2025-10-15T01:41:59+00:00\",\"description\":\"Descubra como a Embrapa criou bananas resistentes ao fungo Fusarium ra\u00e7a 4, protegendo planta\u00e7\u00f5es e a economia agr\u00edcola. Saiba mais!\",\"breadcrumb\":{\"@id\":\"https:\\\/\\\/conectagrao.com.br\\\/blog\\\/bananas-resistentes-ao-fungo-como-a-embrapa-esta-salvando-as-plantacoes-do-brasil\\\/#breadcrumb\"},\"inLanguage\":\"pt-BR\",\"potentialAction\":[{\"@type\":\"ReadAction\",\"target\":[\"https:\\\/\\\/conectagrao.com.br\\\/blog\\\/bananas-resistentes-ao-fungo-como-a-embrapa-esta-salvando-as-plantacoes-do-brasil\\\/\"]}]},{\"@type\":\"ImageObject\",\"inLanguage\":\"pt-BR\",\"@id\":\"https:\\\/\\\/conectagrao.com.br\\\/blog\\\/bananas-resistentes-ao-fungo-como-a-embrapa-esta-salvando-as-plantacoes-do-brasil\\\/#primaryimage\",\"url\":\"https:\\\/\\\/conectagrao.com.br\\\/blog\\\/wp-content\\\/uploads\\\/2025\\\/10\\\/Design-sem-nome-20.png\",\"contentUrl\":\"https:\\\/\\\/conectagrao.com.br\\\/blog\\\/wp-content\\\/uploads\\\/2025\\\/10\\\/Design-sem-nome-20.png\",\"width\":1200,\"height\":800},{\"@type\":\"BreadcrumbList\",\"@id\":\"https:\\\/\\\/conectagrao.com.br\\\/blog\\\/bananas-resistentes-ao-fungo-como-a-embrapa-esta-salvando-as-plantacoes-do-brasil\\\/#breadcrumb\",\"itemListElement\":[{\"@type\":\"ListItem\",\"position\":1,\"name\":\"In\u00edcio\",\"item\":\"https:\\\/\\\/conectagrao.com.br\\\/blog\\\/\"},{\"@type\":\"ListItem\",\"position\":2,\"name\":\"Bananas Resistentes ao Fungo: Como a Embrapa Est\u00e1 Salvando as Planta\u00e7\u00f5es do Brasil\"}]},{\"@type\":\"WebSite\",\"@id\":\"https:\\\/\\\/conectagrao.com.br\\\/blog\\\/#website\",\"url\":\"https:\\\/\\\/conectagrao.com.br\\\/blog\\\/\",\"name\":\"ConectaGr\u00e3o\",\"description\":\"Conectando o futuro com o agroneg\u00f3cio.\",\"publisher\":{\"@id\":\"https:\\\/\\\/conectagrao.com.br\\\/blog\\\/#organization\"},\"alternateName\":\"conectagrao\",\"potentialAction\":[{\"@type\":\"SearchAction\",\"target\":{\"@type\":\"EntryPoint\",\"urlTemplate\":\"https:\\\/\\\/conectagrao.com.br\\\/blog\\\/?s={search_term_string}\"},\"query-input\":{\"@type\":\"PropertyValueSpecification\",\"valueRequired\":true,\"valueName\":\"search_term_string\"}}],\"inLanguage\":\"pt-BR\"},{\"@type\":\"Organization\",\"@id\":\"https:\\\/\\\/conectagrao.com.br\\\/blog\\\/#organization\",\"name\":\"ConectaGr\u00e3o\",\"alternateName\":\"conectagrao\",\"url\":\"https:\\\/\\\/conectagrao.com.br\\\/blog\\\/\",\"logo\":{\"@type\":\"ImageObject\",\"inLanguage\":\"pt-BR\",\"@id\":\"https:\\\/\\\/conectagrao.com.br\\\/blog\\\/#\\\/schema\\\/logo\\\/image\\\/\",\"url\":\"https:\\\/\\\/conectagrao.com.br\\\/blog\\\/wp-content\\\/uploads\\\/2025\\\/07\\\/ConectaGrao-6.png\",\"contentUrl\":\"https:\\\/\\\/conectagrao.com.br\\\/blog\\\/wp-content\\\/uploads\\\/2025\\\/07\\\/ConectaGrao-6.png\",\"width\":447,\"height\":559,\"caption\":\"ConectaGr\u00e3o\"},\"image\":{\"@id\":\"https:\\\/\\\/conectagrao.com.br\\\/blog\\\/#\\\/schema\\\/logo\\\/image\\\/\"},\"sameAs\":[\"https:\\\/\\\/www.facebook.com\\\/conectagrao\\\/\",\"https:\\\/\\\/www.tiktok.com\\\/@conectagrao?_t=ZM-8xPuS2d6MFB&_r=1\",\"https:\\\/\\\/www.threads.com\\\/@conectagrao\",\"https:\\\/\\\/www.youtube.com\\\/@conectagrao\",\"https:\\\/\\\/www.instagram.com\\\/conectagrao\"]},{\"@type\":\"Person\",\"@id\":\"https:\\\/\\\/conectagrao.com.br\\\/blog\\\/#\\\/schema\\\/person\\\/0110c2a65e3fe8c1eb38193d9f186a59\",\"name\":\"Kao\u00ea Rauch\",\"image\":{\"@type\":\"ImageObject\",\"inLanguage\":\"pt-BR\",\"@id\":\"https:\\\/\\\/secure.gravatar.com\\\/avatar\\\/0a44a558d0f8cd204343bb0098142aaf503447c453c3557bdf65ce2104d4d5e3?s=96&d=mm&r=g\",\"url\":\"https:\\\/\\\/secure.gravatar.com\\\/avatar\\\/0a44a558d0f8cd204343bb0098142aaf503447c453c3557bdf65ce2104d4d5e3?s=96&d=mm&r=g\",\"contentUrl\":\"https:\\\/\\\/secure.gravatar.com\\\/avatar\\\/0a44a558d0f8cd204343bb0098142aaf503447c453c3557bdf65ce2104d4d5e3?s=96&d=mm&r=g\",\"caption\":\"Kao\u00ea Rauch\"},\"description\":\"Kaoe Rauch \u00e9 t\u00e9cnico agr\u00edcola e fundador da ConectaGr\u00e3o. Com experi\u00eancia pr\u00e1tica no campo e forte conex\u00e3o com o agro, escreve conte\u00fados que unem viv\u00eancia rural, conhecimento t\u00e9cnico e olhar de mercado, sempre com o objetivo de aproximar produtores da informa\u00e7\u00e3o que realmente importa.\",\"url\":\"https:\\\/\\\/conectagrao.com.br\\\/blog\\\/author\\\/kaoe-rauch\\\/\"}]}<\/script>\n<!-- \/ Yoast SEO plugin. -->","yoast_head_json":{"title":"Bananas Resistentes ao Fungo: Como a Embrapa Est\u00e1 Salvando as Planta\u00e7\u00f5es do Brasil - ConectaGr\u00e3o","description":"Descubra como a Embrapa criou bananas resistentes ao fungo Fusarium ra\u00e7a 4, protegendo planta\u00e7\u00f5es e a economia agr\u00edcola. Saiba mais!","robots":{"index":"index","follow":"follow","max-snippet":"max-snippet:-1","max-image-preview":"max-image-preview:large","max-video-preview":"max-video-preview:-1"},"canonical":"https:\/\/conectagrao.com.br\/blog\/bananas-resistentes-ao-fungo-como-a-embrapa-esta-salvando-as-plantacoes-do-brasil\/","og_locale":"pt_BR","og_type":"article","og_title":"Bananas Resistentes ao Fungo: Como a Embrapa Est\u00e1 Salvando as Planta\u00e7\u00f5es do Brasil - ConectaGr\u00e3o","og_description":"Descubra como a Embrapa criou bananas resistentes ao fungo Fusarium ra\u00e7a 4, protegendo planta\u00e7\u00f5es e a economia agr\u00edcola. Saiba mais!","og_url":"https:\/\/conectagrao.com.br\/blog\/bananas-resistentes-ao-fungo-como-a-embrapa-esta-salvando-as-plantacoes-do-brasil\/","og_site_name":"ConectaGr\u00e3o","article_publisher":"https:\/\/www.facebook.com\/conectagrao\/","article_published_time":"2025-10-09T11:00:00+00:00","article_modified_time":"2025-10-15T01:41:59+00:00","og_image":[{"width":1200,"height":800,"url":"https:\/\/conectagrao.com.br\/blog\/wp-content\/uploads\/2025\/10\/Design-sem-nome-20.png","type":"image\/png"}],"author":"Kao\u00ea Rauch","twitter_card":"summary_large_image","twitter_misc":{"Escrito por":"Kao\u00ea Rauch","Est. tempo de leitura":"4 minutos"},"schema":{"@context":"https:\/\/schema.org","@graph":[{"@type":"Article","@id":"https:\/\/conectagrao.com.br\/blog\/bananas-resistentes-ao-fungo-como-a-embrapa-esta-salvando-as-plantacoes-do-brasil\/#article","isPartOf":{"@id":"https:\/\/conectagrao.com.br\/blog\/bananas-resistentes-ao-fungo-como-a-embrapa-esta-salvando-as-plantacoes-do-brasil\/"},"author":{"name":"Kao\u00ea Rauch","@id":"https:\/\/conectagrao.com.br\/blog\/#\/schema\/person\/0110c2a65e3fe8c1eb38193d9f186a59"},"headline":"Bananas Resistentes ao Fungo: Como a Embrapa Est\u00e1 Salvando as Planta\u00e7\u00f5es do Brasil","datePublished":"2025-10-09T11:00:00+00:00","dateModified":"2025-10-15T01:41:59+00:00","mainEntityOfPage":{"@id":"https:\/\/conectagrao.com.br\/blog\/bananas-resistentes-ao-fungo-como-a-embrapa-esta-salvando-as-plantacoes-do-brasil\/"},"wordCount":728,"commentCount":0,"publisher":{"@id":"https:\/\/conectagrao.com.br\/blog\/#organization"},"image":{"@id":"https:\/\/conectagrao.com.br\/blog\/bananas-resistentes-ao-fungo-como-a-embrapa-esta-salvando-as-plantacoes-do-brasil\/#primaryimage"},"thumbnailUrl":"https:\/\/conectagrao.com.br\/blog\/wp-content\/uploads\/2025\/10\/Design-sem-nome-20.png","keywords":["Agricultura sustent\u00e1vel","Agroneg\u00f3cio brasileiro","Bananicultura","BRS Platina","Embrapa banana","Fusarium ra\u00e7a 4","Mal-do-Panam\u00e1","Melhoramento gen\u00e9tico","Vale do Ribeira"],"articleSection":["Blog","Pragas &amp; Doen\u00e7as"],"inLanguage":"pt-BR","potentialAction":[{"@type":"CommentAction","name":"Comment","target":["https:\/\/conectagrao.com.br\/blog\/bananas-resistentes-ao-fungo-como-a-embrapa-esta-salvando-as-plantacoes-do-brasil\/#respond"]}]},{"@type":"WebPage","@id":"https:\/\/conectagrao.com.br\/blog\/bananas-resistentes-ao-fungo-como-a-embrapa-esta-salvando-as-plantacoes-do-brasil\/","url":"https:\/\/conectagrao.com.br\/blog\/bananas-resistentes-ao-fungo-como-a-embrapa-esta-salvando-as-plantacoes-do-brasil\/","name":"Bananas Resistentes ao Fungo: Como a Embrapa Est\u00e1 Salvando as Planta\u00e7\u00f5es do Brasil - ConectaGr\u00e3o","isPartOf":{"@id":"https:\/\/conectagrao.com.br\/blog\/#website"},"primaryImageOfPage":{"@id":"https:\/\/conectagrao.com.br\/blog\/bananas-resistentes-ao-fungo-como-a-embrapa-esta-salvando-as-plantacoes-do-brasil\/#primaryimage"},"image":{"@id":"https:\/\/conectagrao.com.br\/blog\/bananas-resistentes-ao-fungo-como-a-embrapa-esta-salvando-as-plantacoes-do-brasil\/#primaryimage"},"thumbnailUrl":"https:\/\/conectagrao.com.br\/blog\/wp-content\/uploads\/2025\/10\/Design-sem-nome-20.png","datePublished":"2025-10-09T11:00:00+00:00","dateModified":"2025-10-15T01:41:59+00:00","description":"Descubra como a Embrapa criou bananas resistentes ao fungo Fusarium ra\u00e7a 4, protegendo planta\u00e7\u00f5es e a economia agr\u00edcola. Saiba mais!","breadcrumb":{"@id":"https:\/\/conectagrao.com.br\/blog\/bananas-resistentes-ao-fungo-como-a-embrapa-esta-salvando-as-plantacoes-do-brasil\/#breadcrumb"},"inLanguage":"pt-BR","potentialAction":[{"@type":"ReadAction","target":["https:\/\/conectagrao.com.br\/blog\/bananas-resistentes-ao-fungo-como-a-embrapa-esta-salvando-as-plantacoes-do-brasil\/"]}]},{"@type":"ImageObject","inLanguage":"pt-BR","@id":"https:\/\/conectagrao.com.br\/blog\/bananas-resistentes-ao-fungo-como-a-embrapa-esta-salvando-as-plantacoes-do-brasil\/#primaryimage","url":"https:\/\/conectagrao.com.br\/blog\/wp-content\/uploads\/2025\/10\/Design-sem-nome-20.png","contentUrl":"https:\/\/conectagrao.com.br\/blog\/wp-content\/uploads\/2025\/10\/Design-sem-nome-20.png","width":1200,"height":800},{"@type":"BreadcrumbList","@id":"https:\/\/conectagrao.com.br\/blog\/bananas-resistentes-ao-fungo-como-a-embrapa-esta-salvando-as-plantacoes-do-brasil\/#breadcrumb","itemListElement":[{"@type":"ListItem","position":1,"name":"In\u00edcio","item":"https:\/\/conectagrao.com.br\/blog\/"},{"@type":"ListItem","position":2,"name":"Bananas Resistentes ao Fungo: Como a Embrapa Est\u00e1 Salvando as Planta\u00e7\u00f5es do Brasil"}]},{"@type":"WebSite","@id":"https:\/\/conectagrao.com.br\/blog\/#website","url":"https:\/\/conectagrao.com.br\/blog\/","name":"ConectaGr\u00e3o","description":"Conectando o futuro com o agroneg\u00f3cio.","publisher":{"@id":"https:\/\/conectagrao.com.br\/blog\/#organization"},"alternateName":"conectagrao","potentialAction":[{"@type":"SearchAction","target":{"@type":"EntryPoint","urlTemplate":"https:\/\/conectagrao.com.br\/blog\/?s={search_term_string}"},"query-input":{"@type":"PropertyValueSpecification","valueRequired":true,"valueName":"search_term_string"}}],"inLanguage":"pt-BR"},{"@type":"Organization","@id":"https:\/\/conectagrao.com.br\/blog\/#organization","name":"ConectaGr\u00e3o","alternateName":"conectagrao","url":"https:\/\/conectagrao.com.br\/blog\/","logo":{"@type":"ImageObject","inLanguage":"pt-BR","@id":"https:\/\/conectagrao.com.br\/blog\/#\/schema\/logo\/image\/","url":"https:\/\/conectagrao.com.br\/blog\/wp-content\/uploads\/2025\/07\/ConectaGrao-6.png","contentUrl":"https:\/\/conectagrao.com.br\/blog\/wp-content\/uploads\/2025\/07\/ConectaGrao-6.png","width":447,"height":559,"caption":"ConectaGr\u00e3o"},"image":{"@id":"https:\/\/conectagrao.com.br\/blog\/#\/schema\/logo\/image\/"},"sameAs":["https:\/\/www.facebook.com\/conectagrao\/","https:\/\/www.tiktok.com\/@conectagrao?_t=ZM-8xPuS2d6MFB&_r=1","https:\/\/www.threads.com\/@conectagrao","https:\/\/www.youtube.com\/@conectagrao","https:\/\/www.instagram.com\/conectagrao"]},{"@type":"Person","@id":"https:\/\/conectagrao.com.br\/blog\/#\/schema\/person\/0110c2a65e3fe8c1eb38193d9f186a59","name":"Kao\u00ea Rauch","image":{"@type":"ImageObject","inLanguage":"pt-BR","@id":"https:\/\/secure.gravatar.com\/avatar\/0a44a558d0f8cd204343bb0098142aaf503447c453c3557bdf65ce2104d4d5e3?s=96&d=mm&r=g","url":"https:\/\/secure.gravatar.com\/avatar\/0a44a558d0f8cd204343bb0098142aaf503447c453c3557bdf65ce2104d4d5e3?s=96&d=mm&r=g","contentUrl":"https:\/\/secure.gravatar.com\/avatar\/0a44a558d0f8cd204343bb0098142aaf503447c453c3557bdf65ce2104d4d5e3?s=96&d=mm&r=g","caption":"Kao\u00ea Rauch"},"description":"Kaoe Rauch \u00e9 t\u00e9cnico agr\u00edcola e fundador da ConectaGr\u00e3o. Com experi\u00eancia pr\u00e1tica no campo e forte conex\u00e3o com o agro, escreve conte\u00fados que unem viv\u00eancia rural, conhecimento t\u00e9cnico e olhar de mercado, sempre com o objetivo de aproximar produtores da informa\u00e7\u00e3o que realmente importa.","url":"https:\/\/conectagrao.com.br\/blog\/author\/kaoe-rauch\/"}]}},"uagb_featured_image_src":{"full":["https:\/\/conectagrao.com.br\/blog\/wp-content\/uploads\/2025\/10\/Design-sem-nome-20.png",1200,800,false],"thumbnail":["https:\/\/conectagrao.com.br\/blog\/wp-content\/uploads\/2025\/10\/Design-sem-nome-20-150x150.png",150,150,true],"medium":["https:\/\/conectagrao.com.br\/blog\/wp-content\/uploads\/2025\/10\/Design-sem-nome-20-300x200.png",300,200,true],"medium_large":["https:\/\/conectagrao.com.br\/blog\/wp-content\/uploads\/2025\/10\/Design-sem-nome-20-768x512.png",640,427,true],"large":["https:\/\/conectagrao.com.br\/blog\/wp-content\/uploads\/2025\/10\/Design-sem-nome-20-1024x683.png",640,427,true],"1536x1536":["https:\/\/conectagrao.com.br\/blog\/wp-content\/uploads\/2025\/10\/Design-sem-nome-20.png",1200,800,false],"2048x2048":["https:\/\/conectagrao.com.br\/blog\/wp-content\/uploads\/2025\/10\/Design-sem-nome-20.png",1200,800,false],"cvmm-medium":["https:\/\/conectagrao.com.br\/blog\/wp-content\/uploads\/2025\/10\/Design-sem-nome-20-300x300.png",300,300,true],"cvmm-medium-plus":["https:\/\/conectagrao.com.br\/blog\/wp-content\/uploads\/2025\/10\/Design-sem-nome-20-305x207.png",305,207,true],"cvmm-portrait":["https:\/\/conectagrao.com.br\/blog\/wp-content\/uploads\/2025\/10\/Design-sem-nome-20-400x600.png",400,600,true],"cvmm-medium-square":["https:\/\/conectagrao.com.br\/blog\/wp-content\/uploads\/2025\/10\/Design-sem-nome-20-600x600.png",600,600,true],"cvmm-large":["https:\/\/conectagrao.com.br\/blog\/wp-content\/uploads\/2025\/10\/Design-sem-nome-20-1024x800.png",1024,800,true],"cvmm-small":["https:\/\/conectagrao.com.br\/blog\/wp-content\/uploads\/2025\/10\/Design-sem-nome-20-130x95.png",130,95,true],"news-portal-block-medium":["https:\/\/conectagrao.com.br\/blog\/wp-content\/uploads\/2025\/10\/Design-sem-nome-20-305x207.png",305,207,true],"news-portal-block-thumb":["https:\/\/conectagrao.com.br\/blog\/wp-content\/uploads\/2025\/10\/Design-sem-nome-20-136x102.png",136,102,true],"news-portal-slider-medium":["https:\/\/conectagrao.com.br\/blog\/wp-content\/uploads\/2025\/10\/Design-sem-nome-20-622x420.png",622,420,true],"news-portal-carousel-portrait":["https:\/\/conectagrao.com.br\/blog\/wp-content\/uploads\/2025\/10\/Design-sem-nome-20-400x600.png",400,600,true],"news-portal-alternate-grid":["https:\/\/conectagrao.com.br\/blog\/wp-content\/uploads\/2025\/10\/Design-sem-nome-20-340x316.png",340,316,true],"web-stories-poster-portrait":["https:\/\/conectagrao.com.br\/blog\/wp-content\/uploads\/2025\/10\/Design-sem-nome-20-640x800.png",640,800,true],"web-stories-publisher-logo":["https:\/\/conectagrao.com.br\/blog\/wp-content\/uploads\/2025\/10\/Design-sem-nome-20-96x96.png",96,96,true],"web-stories-thumbnail":["https:\/\/conectagrao.com.br\/blog\/wp-content\/uploads\/2025\/10\/Design-sem-nome-20-150x100.png",150,100,true]},"uagb_author_info":{"display_name":"Kao\u00ea Rauch","author_link":"https:\/\/conectagrao.com.br\/blog\/author\/kaoe-rauch\/"},"uagb_comment_info":0,"uagb_excerpt":"A Embrapa desenvolveu cultivares de bananas resistentes ao fungo Fusarium ra\u00e7a 4. Assim, protege planta\u00e7\u00f5es contra perdas bilion\u00e1rias. Conhe\u00e7a, portanto, as variedades BRS Princesa e BRS Platina.","blog_post_layout_featured_media_urls":{"thumbnail":["https:\/\/conectagrao.com.br\/blog\/wp-content\/uploads\/2025\/10\/Design-sem-nome-20-150x150.png",150,150,true],"full":["https:\/\/conectagrao.com.br\/blog\/wp-content\/uploads\/2025\/10\/Design-sem-nome-20.png",1200,800,false]},"categories_names":{"1":{"name":"Blog","link":"https:\/\/conectagrao.com.br\/blog\/blog\/"},"31":{"name":"Pragas &amp; Doen\u00e7as","link":"https:\/\/conectagrao.com.br\/blog\/pragas\/"}},"tags_names":{"206":{"name":"Agricultura sustent\u00e1vel","link":"https:\/\/conectagrao.com.br\/blog\/tag\/agricultura-sustentavel\/"},"113":{"name":"Agroneg\u00f3cio brasileiro","link":"https:\/\/conectagrao.com.br\/blog\/tag\/agronegocio-brasileiro\/"},"413":{"name":"Bananicultura","link":"https:\/\/conectagrao.com.br\/blog\/tag\/bananicultura\/"},"416":{"name":"BRS Platina","link":"https:\/\/conectagrao.com.br\/blog\/tag\/brs-platina\/"},"415":{"name":"Embrapa banana","link":"https:\/\/conectagrao.com.br\/blog\/tag\/embrapa-banana\/"},"418":{"name":"Fusarium ra\u00e7a 4","link":"https:\/\/conectagrao.com.br\/blog\/tag\/fusarium-raca-4\/"},"414":{"name":"Mal-do-Panam\u00e1","link":"https:\/\/conectagrao.com.br\/blog\/tag\/mal-do-panama\/"},"412":{"name":"Melhoramento gen\u00e9tico","link":"https:\/\/conectagrao.com.br\/blog\/tag\/melhoramento-genetico\/"},"411":{"name":"Vale do Ribeira","link":"https:\/\/conectagrao.com.br\/blog\/tag\/vale-do-ribeira\/"}},"comments_number":"0","wpmagazine_modules_lite_featured_media_urls":{"thumbnail":["https:\/\/conectagrao.com.br\/blog\/wp-content\/uploads\/2025\/10\/Design-sem-nome-20-150x150.png",150,150,true],"cvmm-medium":["https:\/\/conectagrao.com.br\/blog\/wp-content\/uploads\/2025\/10\/Design-sem-nome-20-300x300.png",300,300,true],"cvmm-medium-plus":["https:\/\/conectagrao.com.br\/blog\/wp-content\/uploads\/2025\/10\/Design-sem-nome-20-305x207.png",305,207,true],"cvmm-portrait":["https:\/\/conectagrao.com.br\/blog\/wp-content\/uploads\/2025\/10\/Design-sem-nome-20-400x600.png",400,600,true],"cvmm-medium-square":["https:\/\/conectagrao.com.br\/blog\/wp-content\/uploads\/2025\/10\/Design-sem-nome-20-600x600.png",600,600,true],"cvmm-large":["https:\/\/conectagrao.com.br\/blog\/wp-content\/uploads\/2025\/10\/Design-sem-nome-20-1024x800.png",1024,800,true],"cvmm-small":["https:\/\/conectagrao.com.br\/blog\/wp-content\/uploads\/2025\/10\/Design-sem-nome-20-130x95.png",130,95,true],"full":["https:\/\/conectagrao.com.br\/blog\/wp-content\/uploads\/2025\/10\/Design-sem-nome-20.png",1200,800,false]},"_links":{"self":[{"href":"https:\/\/conectagrao.com.br\/blog\/wp-json\/wp\/v2\/posts\/1292","targetHints":{"allow":["GET"]}}],"collection":[{"href":"https:\/\/conectagrao.com.br\/blog\/wp-json\/wp\/v2\/posts"}],"about":[{"href":"https:\/\/conectagrao.com.br\/blog\/wp-json\/wp\/v2\/types\/post"}],"author":[{"embeddable":true,"href":"https:\/\/conectagrao.com.br\/blog\/wp-json\/wp\/v2\/users\/2"}],"replies":[{"embeddable":true,"href":"https:\/\/conectagrao.com.br\/blog\/wp-json\/wp\/v2\/comments?post=1292"}],"version-history":[{"count":2,"href":"https:\/\/conectagrao.com.br\/blog\/wp-json\/wp\/v2\/posts\/1292\/revisions"}],"predecessor-version":[{"id":1319,"href":"https:\/\/conectagrao.com.br\/blog\/wp-json\/wp\/v2\/posts\/1292\/revisions\/1319"}],"wp:featuredmedia":[{"embeddable":true,"href":"https:\/\/conectagrao.com.br\/blog\/wp-json\/wp\/v2\/media\/1293"}],"wp:attachment":[{"href":"https:\/\/conectagrao.com.br\/blog\/wp-json\/wp\/v2\/media?parent=1292"}],"wp:term":[{"taxonomy":"category","embeddable":true,"href":"https:\/\/conectagrao.com.br\/blog\/wp-json\/wp\/v2\/categories?post=1292"},{"taxonomy":"post_tag","embeddable":true,"href":"https:\/\/conectagrao.com.br\/blog\/wp-json\/wp\/v2\/tags?post=1292"}],"curies":[{"name":"wp","href":"https:\/\/api.w.org\/{rel}","templated":true}]}}