{"id":1321,"date":"2025-10-16T14:03:00","date_gmt":"2025-10-16T14:03:00","guid":{"rendered":"https:\/\/conectagrao.com.br\/blog\/?p=1321"},"modified":"2025-10-15T03:15:03","modified_gmt":"2025-10-15T03:15:03","slug":"cacau-em-queda-precos-despencam-para-minimas-de-1-ano","status":"publish","type":"post","link":"https:\/\/conectagrao.com.br\/blog\/cacau-em-queda-precos-despencam-para-minimas-de-1-ano\/","title":{"rendered":"Cacau em Queda: Pre\u00e7os Despencam para M\u00ednimas de 1 Ano"},"content":{"rendered":"\n<p>O contrato de dezembro fechou a US$ 5.848 por tonelada. Al\u00e9m disso, oscilou entre US$ 5.811 e US$ 6.013. Portanto, caiu US$ 97 em um dia. Isso reflete sinais de sobrevenda. Assim, \u00edndices RSI est\u00e3o em d\u00edgitos \u00fanicos. Enquanto isso, bandas de Bollinger tocam o piso.<\/p>\n\n\n\n<p>Por outro lado, estoque nos EUA reduziu para 1.894.850 sacas. Em seguida, perdeu 16.023 sacas. Volumes de negocia\u00e7\u00e3o: 9.389 contratos di\u00e1rios. Logo, fatores t\u00e9cnicos dominam. O mercado consolida agora.<\/p>\n\n\n\n<h2 class=\"wp-block-heading\">Impactos do C\u00e2mbio e Demanda<\/h2>\n\n\n\n<p>Primeiramente, o real enfraquece frente ao d\u00f3lar. Contrato futuro: R$ 5,50. <strong>Assim<\/strong>, isso eleva custos para importadores brasileiros. Portanto, reduz competitividade no setor de cacau.<\/p>\n\n\n\n<p>Enquanto isso, aguardamos relat\u00f3rio de moagem. Previsto para os pr\u00f3ximos dias. Em resumo, pode confirmar desacelera\u00e7\u00e3o na demanda. Logo, afeta produ\u00e7\u00e3o de chocolate. Traders mant\u00eam 122.132 contratos em aberto. O piso t\u00e9cnico surge.<\/p>\n\n\n\n<h2 class=\"wp-block-heading\">Perspectivas para o Mercado<\/h2>\n\n\n\n<p>Por fim, poucos apostam no fim da liquida\u00e7\u00e3o. Diz Claudemir Zafalon: &#8220;Cautela domina&#8221;. Assim, o pre\u00e7o do cacau reflete volatilidade. Inclui c\u00e2mbio e estoques baixos. Portanto, monitore relat\u00f3rios. Ajuste hedges e suprimentos.<\/p>\n\n\n\n<p>Essa volatilidade no <strong>pre\u00e7o do cacau<\/strong> \u00e9 crucial. Dados de moagem guiam produtores e investidores. Eles mitigam riscos no mercado global. Continue acompanhando as inova\u00e7\u00f5es do campo. Fique por dentro das tend\u00eancias do agroneg\u00f3cio.<\/p>\n\n\n\n<pre class=\"wp-block-code\"><code><\/code><\/pre>\n\n\n\n<div style=\"border: 2px solid #ff9800; border-radius: 10px; padding: 20px; background: #ffffff; box-shadow: 0 4px 12px rgba(0,0,0,0.1); font-family: Arial, sans-serif; width: 100%; max-width: 100%; margin: 20px 0; text-align: center; box-sizing: border-box;\">\n  \n  <h3 style=\"color: #ff9800; font-size: 24px; margin-top: 0; margin-bottom: 15px;\">\n    <span style=\"display: none;\" class=\"whatsapp-icon\">\n      <img decoding=\"async\" src=\"https:\/\/e7.pngegg.com\/pngimages\/347\/373\/png-clipart-computer-icons-whatsapp-whatsapp-text-trademark-thumbnail.png\" alt=\"WhatsApp\" style=\"width: 40px; height: 40px; border-radius: 50%; object-fit: cover;\">\n    <\/span>\n  <\/h3>\n  \n  <div style=\"display: flex; justify-content: center; align-items: center; flex-wrap: wrap; margin-bottom: 10px;\">\n    <div style=\"text-align: center; margin-right: 10px;\">\n      <p style=\"font-size: 16px; color: #333; line-height: 1.5; margin: 0;\">\n        \ud83d\udcf0 Not\u00edcias &#038; Mercado | \ud83d\udd14 Novidades <span class=\"desktop-separator\">|<\/span>\n      <\/p>\n    <\/div>\n    <div style=\"text-align: center;\">\n      <p style=\"font-size: 16px; color: #333; line-height: 1.5; margin: 0;\">\n        \u26c5 Clima | \ud83d\ude80 Tecnologia | \ud83d\udcf1 Blog\n      <\/p>\n    <\/div>\n  <\/div>\n  \n  <a href=\"https:\/\/www.whatsapp.com\/channel\/0029VaLMT22GOj9f6eVOpJ0N\" target=\"_blank\" style=\"background: #25D366; color: #fff; padding: 10px 20px; font-size: 16px; font-weight: bold; text-decoration: none; border-radius: 30px; display: inline-block; transition: all 0.3s; position: relative;\">\n    <img decoding=\"async\" src=\"https:\/\/upload.wikimedia.org\/wikipedia\/commons\/6\/6b\/WhatsApp.svg\" alt=\"WhatsApp\" style=\"width: 20px; height: 20px; vertical-align: middle; margin-right: 5px;\">\n    Entrar no Canal\n  <\/a>\n  \n  <p style=\"font-size: 12px; color: #666; margin-top: 15px; font-weight: bold;\">\n    Conecte-se agora e, al\u00e9m disso, receba informa\u00e7\u00f5es r\u00e1pidas e confi\u00e1veis sobre o agroneg\u00f3cio.  \n    Assim, voc\u00ea se mant\u00e9m atualizado em tempo real e, por fim, garante acesso a conte\u00fado exclusivo que fortalece sua tomada de decis\u00e3o no campo.\n  <\/p>\n<\/div>\n\n<style>\n@media (max-width: 768px) {\n  .desktop-separator {\n    display: none; \/* Ocultar o separador \"|\" em dispositivos m\u00f3veis *\/\n  }\n  h3 {\n    font-size: 20px;\n  }\n  p {\n    font-size: 14px;\n  }\n  a {\n    font-size: 14px;\n    padding: 8px 15px;\n  }\n}\n<\/style>\n\n\n\n","protected":false},"excerpt":{"rendered":"<p>O pre\u00e7o do cacau despenca para m\u00ednimas de um ano. Contratos futuros caem para US$ 5.811 por tonelada. O mercado aguarda dados de moagem do terceiro trimestre.<\/p>\n","protected":false},"author":1,"featured_media":1322,"comment_status":"open","ping_status":"open","sticky":false,"template":"","format":"standard","meta":{"_coblocks_attr":"","_coblocks_dimensions":"","_coblocks_responsive_height":"","_coblocks_accordion_ie_support":"","_uag_custom_page_level_css":"","footnotes":""},"categories":[32,1],"tags":[449,443,447,444,445,446],"class_list":["post-1321","post","type-post","status-publish","format-standard","has-post-thumbnail","hentry","category-agricultura","category-blog","tag-cacau","tag-chocolate-producao","tag-contratos-futuros-cacau","tag-demanda-cacau","tag-estoques-cacau","tag-moagem-cacau"],"yoast_head":"<!-- This site is optimized with the Yoast SEO plugin v27.4 - https:\/\/yoast.com\/product\/yoast-seo-wordpress\/ -->\n<title>Cacau em Queda: Pre\u00e7os Despencam para M\u00ednimas de 1 Ano - ConectaGr\u00e3o<\/title>\n<meta name=\"description\" content=\"O pre\u00e7o do cacau despenca para m\u00ednimas de um ano, pressionado por fatores t\u00e9cnicos e c\u00e2mbio vol\u00e1til. Entenda os impactos no mercado do cacau.\" \/>\n<meta name=\"robots\" content=\"index, follow, max-snippet:-1, max-image-preview:large, max-video-preview:-1\" \/>\n<link rel=\"canonical\" href=\"https:\/\/conectagrao.com.br\/blog\/cacau-em-queda-precos-despencam-para-minimas-de-1-ano\/\" \/>\n<meta property=\"og:locale\" content=\"pt_BR\" \/>\n<meta property=\"og:type\" content=\"article\" \/>\n<meta property=\"og:title\" content=\"Cacau em Queda: Pre\u00e7os Despencam para M\u00ednimas de 1 Ano - ConectaGr\u00e3o\" \/>\n<meta property=\"og:description\" content=\"O pre\u00e7o do cacau despenca para m\u00ednimas de um ano, pressionado por fatores t\u00e9cnicos e c\u00e2mbio vol\u00e1til. Entenda os impactos no mercado do cacau.\" \/>\n<meta property=\"og:url\" content=\"https:\/\/conectagrao.com.br\/blog\/cacau-em-queda-precos-despencam-para-minimas-de-1-ano\/\" \/>\n<meta property=\"og:site_name\" content=\"ConectaGr\u00e3o\" \/>\n<meta property=\"article:publisher\" content=\"https:\/\/www.facebook.com\/conectagrao\/\" \/>\n<meta property=\"article:author\" content=\"https:\/\/www.facebook.com\/share\/1A5mH5g3LK\/\" \/>\n<meta property=\"article:published_time\" content=\"2025-10-16T14:03:00+00:00\" \/>\n<meta property=\"og:image\" content=\"https:\/\/conectagrao.com.br\/blog\/wp-content\/uploads\/2025\/10\/Design-sem-nome-23.png\" \/>\n\t<meta property=\"og:image:width\" content=\"1200\" \/>\n\t<meta property=\"og:image:height\" content=\"800\" \/>\n\t<meta property=\"og:image:type\" content=\"image\/png\" \/>\n<meta name=\"author\" content=\"conectagrao\" \/>\n<meta name=\"twitter:card\" content=\"summary_large_image\" \/>\n<meta name=\"twitter:label1\" content=\"Escrito por\" \/>\n\t<meta name=\"twitter:data1\" content=\"conectagrao\" \/>\n\t<meta name=\"twitter:label2\" content=\"Est. tempo de leitura\" \/>\n\t<meta name=\"twitter:data2\" content=\"3 minutos\" \/>\n<script type=\"application\/ld+json\" class=\"yoast-schema-graph\">{\"@context\":\"https:\\\/\\\/schema.org\",\"@graph\":[{\"@type\":\"Article\",\"@id\":\"https:\\\/\\\/conectagrao.com.br\\\/blog\\\/cacau-em-queda-precos-despencam-para-minimas-de-1-ano\\\/#article\",\"isPartOf\":{\"@id\":\"https:\\\/\\\/conectagrao.com.br\\\/blog\\\/cacau-em-queda-precos-despencam-para-minimas-de-1-ano\\\/\"},\"author\":{\"name\":\"conectagrao\",\"@id\":\"https:\\\/\\\/conectagrao.com.br\\\/blog\\\/#\\\/schema\\\/person\\\/ba64f63526cab8efbf8b1f8198926135\"},\"headline\":\"Cacau em Queda: Pre\u00e7os Despencam para M\u00ednimas de 1 Ano\",\"datePublished\":\"2025-10-16T14:03:00+00:00\",\"mainEntityOfPage\":{\"@id\":\"https:\\\/\\\/conectagrao.com.br\\\/blog\\\/cacau-em-queda-precos-despencam-para-minimas-de-1-ano\\\/\"},\"wordCount\":286,\"commentCount\":0,\"publisher\":{\"@id\":\"https:\\\/\\\/conectagrao.com.br\\\/blog\\\/#organization\"},\"image\":{\"@id\":\"https:\\\/\\\/conectagrao.com.br\\\/blog\\\/cacau-em-queda-precos-despencam-para-minimas-de-1-ano\\\/#primaryimage\"},\"thumbnailUrl\":\"https:\\\/\\\/conectagrao.com.br\\\/blog\\\/wp-content\\\/uploads\\\/2025\\\/10\\\/Design-sem-nome-23.png\",\"keywords\":[\"cacau\",\"chocolate produ\u00e7\u00e3o\",\"contratos futuros cacau\",\"demanda cacau\",\"estoques cacau\",\"moagem cacau\"],\"articleSection\":[\"Agricultura\",\"Blog\"],\"inLanguage\":\"pt-BR\",\"potentialAction\":[{\"@type\":\"CommentAction\",\"name\":\"Comment\",\"target\":[\"https:\\\/\\\/conectagrao.com.br\\\/blog\\\/cacau-em-queda-precos-despencam-para-minimas-de-1-ano\\\/#respond\"]}]},{\"@type\":\"WebPage\",\"@id\":\"https:\\\/\\\/conectagrao.com.br\\\/blog\\\/cacau-em-queda-precos-despencam-para-minimas-de-1-ano\\\/\",\"url\":\"https:\\\/\\\/conectagrao.com.br\\\/blog\\\/cacau-em-queda-precos-despencam-para-minimas-de-1-ano\\\/\",\"name\":\"Cacau em Queda: Pre\u00e7os Despencam para M\u00ednimas de 1 Ano - ConectaGr\u00e3o\",\"isPartOf\":{\"@id\":\"https:\\\/\\\/conectagrao.com.br\\\/blog\\\/#website\"},\"primaryImageOfPage\":{\"@id\":\"https:\\\/\\\/conectagrao.com.br\\\/blog\\\/cacau-em-queda-precos-despencam-para-minimas-de-1-ano\\\/#primaryimage\"},\"image\":{\"@id\":\"https:\\\/\\\/conectagrao.com.br\\\/blog\\\/cacau-em-queda-precos-despencam-para-minimas-de-1-ano\\\/#primaryimage\"},\"thumbnailUrl\":\"https:\\\/\\\/conectagrao.com.br\\\/blog\\\/wp-content\\\/uploads\\\/2025\\\/10\\\/Design-sem-nome-23.png\",\"datePublished\":\"2025-10-16T14:03:00+00:00\",\"description\":\"O pre\u00e7o do cacau despenca para m\u00ednimas de um ano, pressionado por fatores t\u00e9cnicos e c\u00e2mbio vol\u00e1til. Entenda os impactos no mercado do cacau.\",\"breadcrumb\":{\"@id\":\"https:\\\/\\\/conectagrao.com.br\\\/blog\\\/cacau-em-queda-precos-despencam-para-minimas-de-1-ano\\\/#breadcrumb\"},\"inLanguage\":\"pt-BR\",\"potentialAction\":[{\"@type\":\"ReadAction\",\"target\":[\"https:\\\/\\\/conectagrao.com.br\\\/blog\\\/cacau-em-queda-precos-despencam-para-minimas-de-1-ano\\\/\"]}]},{\"@type\":\"ImageObject\",\"inLanguage\":\"pt-BR\",\"@id\":\"https:\\\/\\\/conectagrao.com.br\\\/blog\\\/cacau-em-queda-precos-despencam-para-minimas-de-1-ano\\\/#primaryimage\",\"url\":\"https:\\\/\\\/conectagrao.com.br\\\/blog\\\/wp-content\\\/uploads\\\/2025\\\/10\\\/Design-sem-nome-23.png\",\"contentUrl\":\"https:\\\/\\\/conectagrao.com.br\\\/blog\\\/wp-content\\\/uploads\\\/2025\\\/10\\\/Design-sem-nome-23.png\",\"width\":1200,\"height\":800},{\"@type\":\"BreadcrumbList\",\"@id\":\"https:\\\/\\\/conectagrao.com.br\\\/blog\\\/cacau-em-queda-precos-despencam-para-minimas-de-1-ano\\\/#breadcrumb\",\"itemListElement\":[{\"@type\":\"ListItem\",\"position\":1,\"name\":\"In\u00edcio\",\"item\":\"https:\\\/\\\/conectagrao.com.br\\\/blog\\\/\"},{\"@type\":\"ListItem\",\"position\":2,\"name\":\"Cacau em Queda: Pre\u00e7os Despencam para M\u00ednimas de 1 Ano\"}]},{\"@type\":\"WebSite\",\"@id\":\"https:\\\/\\\/conectagrao.com.br\\\/blog\\\/#website\",\"url\":\"https:\\\/\\\/conectagrao.com.br\\\/blog\\\/\",\"name\":\"ConectaGr\u00e3o\",\"description\":\"Conectando o futuro com o agroneg\u00f3cio.\",\"publisher\":{\"@id\":\"https:\\\/\\\/conectagrao.com.br\\\/blog\\\/#organization\"},\"alternateName\":\"conectagrao\",\"potentialAction\":[{\"@type\":\"SearchAction\",\"target\":{\"@type\":\"EntryPoint\",\"urlTemplate\":\"https:\\\/\\\/conectagrao.com.br\\\/blog\\\/?s={search_term_string}\"},\"query-input\":{\"@type\":\"PropertyValueSpecification\",\"valueRequired\":true,\"valueName\":\"search_term_string\"}}],\"inLanguage\":\"pt-BR\"},{\"@type\":\"Organization\",\"@id\":\"https:\\\/\\\/conectagrao.com.br\\\/blog\\\/#organization\",\"name\":\"ConectaGr\u00e3o\",\"alternateName\":\"conectagrao\",\"url\":\"https:\\\/\\\/conectagrao.com.br\\\/blog\\\/\",\"logo\":{\"@type\":\"ImageObject\",\"inLanguage\":\"pt-BR\",\"@id\":\"https:\\\/\\\/conectagrao.com.br\\\/blog\\\/#\\\/schema\\\/logo\\\/image\\\/\",\"url\":\"https:\\\/\\\/conectagrao.com.br\\\/blog\\\/wp-content\\\/uploads\\\/2025\\\/07\\\/ConectaGrao-6.png\",\"contentUrl\":\"https:\\\/\\\/conectagrao.com.br\\\/blog\\\/wp-content\\\/uploads\\\/2025\\\/07\\\/ConectaGrao-6.png\",\"width\":447,\"height\":559,\"caption\":\"ConectaGr\u00e3o\"},\"image\":{\"@id\":\"https:\\\/\\\/conectagrao.com.br\\\/blog\\\/#\\\/schema\\\/logo\\\/image\\\/\"},\"sameAs\":[\"https:\\\/\\\/www.facebook.com\\\/conectagrao\\\/\",\"https:\\\/\\\/www.tiktok.com\\\/@conectagrao?_t=ZM-8xPuS2d6MFB&_r=1\",\"https:\\\/\\\/www.threads.com\\\/@conectagrao\",\"https:\\\/\\\/www.youtube.com\\\/@conectagrao\",\"https:\\\/\\\/www.instagram.com\\\/conectagrao\"]},{\"@type\":\"Person\",\"@id\":\"https:\\\/\\\/conectagrao.com.br\\\/blog\\\/#\\\/schema\\\/person\\\/ba64f63526cab8efbf8b1f8198926135\",\"name\":\"conectagrao\",\"image\":{\"@type\":\"ImageObject\",\"inLanguage\":\"pt-BR\",\"@id\":\"https:\\\/\\\/secure.gravatar.com\\\/avatar\\\/fb3dc2cba7f544171abec58358591c995847240e6fd4f1f7a4a8159970dca59e?s=96&d=mm&r=g\",\"url\":\"https:\\\/\\\/secure.gravatar.com\\\/avatar\\\/fb3dc2cba7f544171abec58358591c995847240e6fd4f1f7a4a8159970dca59e?s=96&d=mm&r=g\",\"contentUrl\":\"https:\\\/\\\/secure.gravatar.com\\\/avatar\\\/fb3dc2cba7f544171abec58358591c995847240e6fd4f1f7a4a8159970dca59e?s=96&d=mm&r=g\",\"caption\":\"conectagrao\"},\"description\":\"ConectaGr\u00e3o\u00ae \u00e9 uma plataforma digital que conecta produtores, empresas e compradores do agroneg\u00f3cio, oferecendo an\u00e1lises de mercado, cota\u00e7\u00f5es, ferramentas e conte\u00fados gratuitos para facilitar o dia a dia no campo. Fundada por Genecir Jacoboski e Kao\u00ea T. Rauch a ConectaGr\u00e3o\u00ae tem como miss\u00e3o valorizar o produtor e aproximar o campo do mercado com tecnologia, informa\u00e7\u00e3o e inova\u00e7\u00e3o.\",\"sameAs\":[\"https:\\\/\\\/conectagrao.com.br\\\/blog\",\"https:\\\/\\\/www.facebook.com\\\/share\\\/1A5mH5g3LK\\\/\",\"https:\\\/\\\/www.instagram.com\\\/conectagrao?igsh=azQ1dXBndnp4dzZw\",\"https:\\\/\\\/youtube.com\\\/@conectagrao?si=QnGS_Zm7Cuj1pznt\"],\"url\":\"https:\\\/\\\/conectagrao.com.br\\\/blog\\\/author\\\/conectagrao\\\/\"}]}<\/script>\n<!-- \/ Yoast SEO plugin. -->","yoast_head_json":{"title":"Cacau em Queda: Pre\u00e7os Despencam para M\u00ednimas de 1 Ano - ConectaGr\u00e3o","description":"O pre\u00e7o do cacau despenca para m\u00ednimas de um ano, pressionado por fatores t\u00e9cnicos e c\u00e2mbio vol\u00e1til. Entenda os impactos no mercado do cacau.","robots":{"index":"index","follow":"follow","max-snippet":"max-snippet:-1","max-image-preview":"max-image-preview:large","max-video-preview":"max-video-preview:-1"},"canonical":"https:\/\/conectagrao.com.br\/blog\/cacau-em-queda-precos-despencam-para-minimas-de-1-ano\/","og_locale":"pt_BR","og_type":"article","og_title":"Cacau em Queda: Pre\u00e7os Despencam para M\u00ednimas de 1 Ano - ConectaGr\u00e3o","og_description":"O pre\u00e7o do cacau despenca para m\u00ednimas de um ano, pressionado por fatores t\u00e9cnicos e c\u00e2mbio vol\u00e1til. Entenda os impactos no mercado do cacau.","og_url":"https:\/\/conectagrao.com.br\/blog\/cacau-em-queda-precos-despencam-para-minimas-de-1-ano\/","og_site_name":"ConectaGr\u00e3o","article_publisher":"https:\/\/www.facebook.com\/conectagrao\/","article_author":"https:\/\/www.facebook.com\/share\/1A5mH5g3LK\/","article_published_time":"2025-10-16T14:03:00+00:00","og_image":[{"width":1200,"height":800,"url":"https:\/\/conectagrao.com.br\/blog\/wp-content\/uploads\/2025\/10\/Design-sem-nome-23.png","type":"image\/png"}],"author":"conectagrao","twitter_card":"summary_large_image","twitter_misc":{"Escrito por":"conectagrao","Est. tempo de leitura":"3 minutos"},"schema":{"@context":"https:\/\/schema.org","@graph":[{"@type":"Article","@id":"https:\/\/conectagrao.com.br\/blog\/cacau-em-queda-precos-despencam-para-minimas-de-1-ano\/#article","isPartOf":{"@id":"https:\/\/conectagrao.com.br\/blog\/cacau-em-queda-precos-despencam-para-minimas-de-1-ano\/"},"author":{"name":"conectagrao","@id":"https:\/\/conectagrao.com.br\/blog\/#\/schema\/person\/ba64f63526cab8efbf8b1f8198926135"},"headline":"Cacau em Queda: Pre\u00e7os Despencam para M\u00ednimas de 1 Ano","datePublished":"2025-10-16T14:03:00+00:00","mainEntityOfPage":{"@id":"https:\/\/conectagrao.com.br\/blog\/cacau-em-queda-precos-despencam-para-minimas-de-1-ano\/"},"wordCount":286,"commentCount":0,"publisher":{"@id":"https:\/\/conectagrao.com.br\/blog\/#organization"},"image":{"@id":"https:\/\/conectagrao.com.br\/blog\/cacau-em-queda-precos-despencam-para-minimas-de-1-ano\/#primaryimage"},"thumbnailUrl":"https:\/\/conectagrao.com.br\/blog\/wp-content\/uploads\/2025\/10\/Design-sem-nome-23.png","keywords":["cacau","chocolate produ\u00e7\u00e3o","contratos futuros cacau","demanda cacau","estoques cacau","moagem cacau"],"articleSection":["Agricultura","Blog"],"inLanguage":"pt-BR","potentialAction":[{"@type":"CommentAction","name":"Comment","target":["https:\/\/conectagrao.com.br\/blog\/cacau-em-queda-precos-despencam-para-minimas-de-1-ano\/#respond"]}]},{"@type":"WebPage","@id":"https:\/\/conectagrao.com.br\/blog\/cacau-em-queda-precos-despencam-para-minimas-de-1-ano\/","url":"https:\/\/conectagrao.com.br\/blog\/cacau-em-queda-precos-despencam-para-minimas-de-1-ano\/","name":"Cacau em Queda: Pre\u00e7os Despencam para M\u00ednimas de 1 Ano - ConectaGr\u00e3o","isPartOf":{"@id":"https:\/\/conectagrao.com.br\/blog\/#website"},"primaryImageOfPage":{"@id":"https:\/\/conectagrao.com.br\/blog\/cacau-em-queda-precos-despencam-para-minimas-de-1-ano\/#primaryimage"},"image":{"@id":"https:\/\/conectagrao.com.br\/blog\/cacau-em-queda-precos-despencam-para-minimas-de-1-ano\/#primaryimage"},"thumbnailUrl":"https:\/\/conectagrao.com.br\/blog\/wp-content\/uploads\/2025\/10\/Design-sem-nome-23.png","datePublished":"2025-10-16T14:03:00+00:00","description":"O pre\u00e7o do cacau despenca para m\u00ednimas de um ano, pressionado por fatores t\u00e9cnicos e c\u00e2mbio vol\u00e1til. Entenda os impactos no mercado do cacau.","breadcrumb":{"@id":"https:\/\/conectagrao.com.br\/blog\/cacau-em-queda-precos-despencam-para-minimas-de-1-ano\/#breadcrumb"},"inLanguage":"pt-BR","potentialAction":[{"@type":"ReadAction","target":["https:\/\/conectagrao.com.br\/blog\/cacau-em-queda-precos-despencam-para-minimas-de-1-ano\/"]}]},{"@type":"ImageObject","inLanguage":"pt-BR","@id":"https:\/\/conectagrao.com.br\/blog\/cacau-em-queda-precos-despencam-para-minimas-de-1-ano\/#primaryimage","url":"https:\/\/conectagrao.com.br\/blog\/wp-content\/uploads\/2025\/10\/Design-sem-nome-23.png","contentUrl":"https:\/\/conectagrao.com.br\/blog\/wp-content\/uploads\/2025\/10\/Design-sem-nome-23.png","width":1200,"height":800},{"@type":"BreadcrumbList","@id":"https:\/\/conectagrao.com.br\/blog\/cacau-em-queda-precos-despencam-para-minimas-de-1-ano\/#breadcrumb","itemListElement":[{"@type":"ListItem","position":1,"name":"In\u00edcio","item":"https:\/\/conectagrao.com.br\/blog\/"},{"@type":"ListItem","position":2,"name":"Cacau em Queda: Pre\u00e7os Despencam para M\u00ednimas de 1 Ano"}]},{"@type":"WebSite","@id":"https:\/\/conectagrao.com.br\/blog\/#website","url":"https:\/\/conectagrao.com.br\/blog\/","name":"ConectaGr\u00e3o","description":"Conectando o futuro com o agroneg\u00f3cio.","publisher":{"@id":"https:\/\/conectagrao.com.br\/blog\/#organization"},"alternateName":"conectagrao","potentialAction":[{"@type":"SearchAction","target":{"@type":"EntryPoint","urlTemplate":"https:\/\/conectagrao.com.br\/blog\/?s={search_term_string}"},"query-input":{"@type":"PropertyValueSpecification","valueRequired":true,"valueName":"search_term_string"}}],"inLanguage":"pt-BR"},{"@type":"Organization","@id":"https:\/\/conectagrao.com.br\/blog\/#organization","name":"ConectaGr\u00e3o","alternateName":"conectagrao","url":"https:\/\/conectagrao.com.br\/blog\/","logo":{"@type":"ImageObject","inLanguage":"pt-BR","@id":"https:\/\/conectagrao.com.br\/blog\/#\/schema\/logo\/image\/","url":"https:\/\/conectagrao.com.br\/blog\/wp-content\/uploads\/2025\/07\/ConectaGrao-6.png","contentUrl":"https:\/\/conectagrao.com.br\/blog\/wp-content\/uploads\/2025\/07\/ConectaGrao-6.png","width":447,"height":559,"caption":"ConectaGr\u00e3o"},"image":{"@id":"https:\/\/conectagrao.com.br\/blog\/#\/schema\/logo\/image\/"},"sameAs":["https:\/\/www.facebook.com\/conectagrao\/","https:\/\/www.tiktok.com\/@conectagrao?_t=ZM-8xPuS2d6MFB&_r=1","https:\/\/www.threads.com\/@conectagrao","https:\/\/www.youtube.com\/@conectagrao","https:\/\/www.instagram.com\/conectagrao"]},{"@type":"Person","@id":"https:\/\/conectagrao.com.br\/blog\/#\/schema\/person\/ba64f63526cab8efbf8b1f8198926135","name":"conectagrao","image":{"@type":"ImageObject","inLanguage":"pt-BR","@id":"https:\/\/secure.gravatar.com\/avatar\/fb3dc2cba7f544171abec58358591c995847240e6fd4f1f7a4a8159970dca59e?s=96&d=mm&r=g","url":"https:\/\/secure.gravatar.com\/avatar\/fb3dc2cba7f544171abec58358591c995847240e6fd4f1f7a4a8159970dca59e?s=96&d=mm&r=g","contentUrl":"https:\/\/secure.gravatar.com\/avatar\/fb3dc2cba7f544171abec58358591c995847240e6fd4f1f7a4a8159970dca59e?s=96&d=mm&r=g","caption":"conectagrao"},"description":"ConectaGr\u00e3o\u00ae \u00e9 uma plataforma digital que conecta produtores, empresas e compradores do agroneg\u00f3cio, oferecendo an\u00e1lises de mercado, cota\u00e7\u00f5es, ferramentas e conte\u00fados gratuitos para facilitar o dia a dia no campo. Fundada por Genecir Jacoboski e Kao\u00ea T. Rauch a ConectaGr\u00e3o\u00ae tem como miss\u00e3o valorizar o produtor e aproximar o campo do mercado com tecnologia, informa\u00e7\u00e3o e inova\u00e7\u00e3o.","sameAs":["https:\/\/conectagrao.com.br\/blog","https:\/\/www.facebook.com\/share\/1A5mH5g3LK\/","https:\/\/www.instagram.com\/conectagrao?igsh=azQ1dXBndnp4dzZw","https:\/\/youtube.com\/@conectagrao?si=QnGS_Zm7Cuj1pznt"],"url":"https:\/\/conectagrao.com.br\/blog\/author\/conectagrao\/"}]}},"uagb_featured_image_src":{"full":["https:\/\/conectagrao.com.br\/blog\/wp-content\/uploads\/2025\/10\/Design-sem-nome-23.png",1200,800,false],"thumbnail":["https:\/\/conectagrao.com.br\/blog\/wp-content\/uploads\/2025\/10\/Design-sem-nome-23-150x150.png",150,150,true],"medium":["https:\/\/conectagrao.com.br\/blog\/wp-content\/uploads\/2025\/10\/Design-sem-nome-23-300x200.png",300,200,true],"medium_large":["https:\/\/conectagrao.com.br\/blog\/wp-content\/uploads\/2025\/10\/Design-sem-nome-23-768x512.png",640,427,true],"large":["https:\/\/conectagrao.com.br\/blog\/wp-content\/uploads\/2025\/10\/Design-sem-nome-23-1024x683.png",640,427,true],"1536x1536":["https:\/\/conectagrao.com.br\/blog\/wp-content\/uploads\/2025\/10\/Design-sem-nome-23.png",1200,800,false],"2048x2048":["https:\/\/conectagrao.com.br\/blog\/wp-content\/uploads\/2025\/10\/Design-sem-nome-23.png",1200,800,false],"cvmm-medium":["https:\/\/conectagrao.com.br\/blog\/wp-content\/uploads\/2025\/10\/Design-sem-nome-23-300x300.png",300,300,true],"cvmm-medium-plus":["https:\/\/conectagrao.com.br\/blog\/wp-content\/uploads\/2025\/10\/Design-sem-nome-23-305x207.png",305,207,true],"cvmm-portrait":["https:\/\/conectagrao.com.br\/blog\/wp-content\/uploads\/2025\/10\/Design-sem-nome-23-400x600.png",400,600,true],"cvmm-medium-square":["https:\/\/conectagrao.com.br\/blog\/wp-content\/uploads\/2025\/10\/Design-sem-nome-23-600x600.png",600,600,true],"cvmm-large":["https:\/\/conectagrao.com.br\/blog\/wp-content\/uploads\/2025\/10\/Design-sem-nome-23-1024x800.png",1024,800,true],"cvmm-small":["https:\/\/conectagrao.com.br\/blog\/wp-content\/uploads\/2025\/10\/Design-sem-nome-23-130x95.png",130,95,true],"news-portal-block-medium":["https:\/\/conectagrao.com.br\/blog\/wp-content\/uploads\/2025\/10\/Design-sem-nome-23-305x207.png",305,207,true],"news-portal-block-thumb":["https:\/\/conectagrao.com.br\/blog\/wp-content\/uploads\/2025\/10\/Design-sem-nome-23-136x102.png",136,102,true],"news-portal-slider-medium":["https:\/\/conectagrao.com.br\/blog\/wp-content\/uploads\/2025\/10\/Design-sem-nome-23-622x420.png",622,420,true],"news-portal-carousel-portrait":["https:\/\/conectagrao.com.br\/blog\/wp-content\/uploads\/2025\/10\/Design-sem-nome-23-400x600.png",400,600,true],"news-portal-alternate-grid":["https:\/\/conectagrao.com.br\/blog\/wp-content\/uploads\/2025\/10\/Design-sem-nome-23-340x316.png",340,316,true],"web-stories-poster-portrait":["https:\/\/conectagrao.com.br\/blog\/wp-content\/uploads\/2025\/10\/Design-sem-nome-23-640x800.png",640,800,true],"web-stories-publisher-logo":["https:\/\/conectagrao.com.br\/blog\/wp-content\/uploads\/2025\/10\/Design-sem-nome-23-96x96.png",96,96,true],"web-stories-thumbnail":["https:\/\/conectagrao.com.br\/blog\/wp-content\/uploads\/2025\/10\/Design-sem-nome-23-150x100.png",150,100,true]},"uagb_author_info":{"display_name":"conectagrao","author_link":"https:\/\/conectagrao.com.br\/blog\/author\/conectagrao\/"},"uagb_comment_info":0,"uagb_excerpt":"O pre\u00e7o do cacau despenca para m\u00ednimas de um ano. Contratos futuros caem para US$ 5.811 por tonelada. O mercado aguarda dados de moagem do terceiro trimestre.","blog_post_layout_featured_media_urls":{"thumbnail":["https:\/\/conectagrao.com.br\/blog\/wp-content\/uploads\/2025\/10\/Design-sem-nome-23-150x150.png",150,150,true],"full":["https:\/\/conectagrao.com.br\/blog\/wp-content\/uploads\/2025\/10\/Design-sem-nome-23.png",1200,800,false]},"categories_names":{"32":{"name":"Agricultura","link":"https:\/\/conectagrao.com.br\/blog\/agricultura\/"},"1":{"name":"Blog","link":"https:\/\/conectagrao.com.br\/blog\/blog\/"}},"tags_names":{"449":{"name":"cacau","link":"https:\/\/conectagrao.com.br\/blog\/tag\/cacau\/"},"443":{"name":"chocolate produ\u00e7\u00e3o","link":"https:\/\/conectagrao.com.br\/blog\/tag\/chocolate-producao\/"},"447":{"name":"contratos futuros cacau","link":"https:\/\/conectagrao.com.br\/blog\/tag\/contratos-futuros-cacau\/"},"444":{"name":"demanda cacau","link":"https:\/\/conectagrao.com.br\/blog\/tag\/demanda-cacau\/"},"445":{"name":"estoques cacau","link":"https:\/\/conectagrao.com.br\/blog\/tag\/estoques-cacau\/"},"446":{"name":"moagem cacau","link":"https:\/\/conectagrao.com.br\/blog\/tag\/moagem-cacau\/"}},"comments_number":"0","wpmagazine_modules_lite_featured_media_urls":{"thumbnail":["https:\/\/conectagrao.com.br\/blog\/wp-content\/uploads\/2025\/10\/Design-sem-nome-23-150x150.png",150,150,true],"cvmm-medium":["https:\/\/conectagrao.com.br\/blog\/wp-content\/uploads\/2025\/10\/Design-sem-nome-23-300x300.png",300,300,true],"cvmm-medium-plus":["https:\/\/conectagrao.com.br\/blog\/wp-content\/uploads\/2025\/10\/Design-sem-nome-23-305x207.png",305,207,true],"cvmm-portrait":["https:\/\/conectagrao.com.br\/blog\/wp-content\/uploads\/2025\/10\/Design-sem-nome-23-400x600.png",400,600,true],"cvmm-medium-square":["https:\/\/conectagrao.com.br\/blog\/wp-content\/uploads\/2025\/10\/Design-sem-nome-23-600x600.png",600,600,true],"cvmm-large":["https:\/\/conectagrao.com.br\/blog\/wp-content\/uploads\/2025\/10\/Design-sem-nome-23-1024x800.png",1024,800,true],"cvmm-small":["https:\/\/conectagrao.com.br\/blog\/wp-content\/uploads\/2025\/10\/Design-sem-nome-23-130x95.png",130,95,true],"full":["https:\/\/conectagrao.com.br\/blog\/wp-content\/uploads\/2025\/10\/Design-sem-nome-23.png",1200,800,false]},"_links":{"self":[{"href":"https:\/\/conectagrao.com.br\/blog\/wp-json\/wp\/v2\/posts\/1321","targetHints":{"allow":["GET"]}}],"collection":[{"href":"https:\/\/conectagrao.com.br\/blog\/wp-json\/wp\/v2\/posts"}],"about":[{"href":"https:\/\/conectagrao.com.br\/blog\/wp-json\/wp\/v2\/types\/post"}],"author":[{"embeddable":true,"href":"https:\/\/conectagrao.com.br\/blog\/wp-json\/wp\/v2\/users\/1"}],"replies":[{"embeddable":true,"href":"https:\/\/conectagrao.com.br\/blog\/wp-json\/wp\/v2\/comments?post=1321"}],"version-history":[{"count":1,"href":"https:\/\/conectagrao.com.br\/blog\/wp-json\/wp\/v2\/posts\/1321\/revisions"}],"predecessor-version":[{"id":1323,"href":"https:\/\/conectagrao.com.br\/blog\/wp-json\/wp\/v2\/posts\/1321\/revisions\/1323"}],"wp:featuredmedia":[{"embeddable":true,"href":"https:\/\/conectagrao.com.br\/blog\/wp-json\/wp\/v2\/media\/1322"}],"wp:attachment":[{"href":"https:\/\/conectagrao.com.br\/blog\/wp-json\/wp\/v2\/media?parent=1321"}],"wp:term":[{"taxonomy":"category","embeddable":true,"href":"https:\/\/conectagrao.com.br\/blog\/wp-json\/wp\/v2\/categories?post=1321"},{"taxonomy":"post_tag","embeddable":true,"href":"https:\/\/conectagrao.com.br\/blog\/wp-json\/wp\/v2\/tags?post=1321"}],"curies":[{"name":"wp","href":"https:\/\/api.w.org\/{rel}","templated":true}]}}