{"id":1328,"date":"2025-10-21T08:19:00","date_gmt":"2025-10-21T08:19:00","guid":{"rendered":"https:\/\/conectagrao.com.br\/blog\/?p=1328"},"modified":"2025-10-21T02:16:26","modified_gmt":"2025-10-21T02:16:26","slug":"por-que-o-cultivo-de-acai-esta-explodindo-em-sao-paulo","status":"publish","type":"post","link":"https:\/\/conectagrao.com.br\/blog\/por-que-o-cultivo-de-acai-esta-explodindo-em-sao-paulo\/","title":{"rendered":"Por Que o Cultivo de A\u00e7a\u00ed Est\u00e1 Explodindo em S\u00e3o Paulo?"},"content":{"rendered":"\n<p>Come\u00e7ando com um dado impactante: no Noroeste Paulista, cerca de dez projetos somam 50 hectares de <strong>cultivo de a\u00e7a\u00ed<\/strong>, uma expans\u00e3o que reflete a alta demanda por superalimentos. No entanto, o que torna essa tend\u00eancia vi\u00e1vel \u00e9 a adapta\u00e7\u00e3o tecnol\u00f3gica. A variedade <strong>A\u00e7a\u00ed Pai D&#8217;\u00c9gua<\/strong>, desenvolvida pela Embrapa, permite o plantio em \u00e1reas n\u00e3o alagadas, superando as condi\u00e7\u00f5es tropicais originais da Amaz\u00f4nia. Assim, produtores como Nelsindo Gonzales, em Ibir\u00e1, gerenciam 12 hectares com mais de quatro mil touceiras, metade j\u00e1 produtiva.<\/p>\n\n\n\n<p>Al\u00e9m disso, a sustentabilidade entra em cena. Cada palmeira pode render at\u00e9 quatro cachos anuais, com peso de tr\u00eas quilos cada, e o reaproveitamento de folhas como fertilizante natural enriquece o solo. Portanto, o <strong>cultivo de a\u00e7a\u00ed<\/strong> n\u00e3o s\u00f3 diversifica cultivos, mas tamb\u00e9m reduz custos ambientais, integrando-se perfeitamente ao agro moderno.<\/p>\n\n\n\n<h2 class=\"wp-block-heading\">T\u00e9cnicas Inovadoras no Manejo do A\u00e7a\u00ed Paulista<\/h2>\n\n\n\n<p>Avan\u00e7ando para o cerne t\u00e9cnico, a poliniza\u00e7\u00e3o surge como fator chave. Quase 20 esp\u00e9cies de abelhas, incluindo europeias e sem ferr\u00e3o, elevam a produ\u00e7\u00e3o em at\u00e9 50%, otimizando a produ\u00e7\u00e3o sem agrot\u00f3xicos excessivos. Por outro lado, o cons\u00f3rcio com banana e cacau maximiza o uso do espa\u00e7o, criando agroflorestas produtivas.<\/p>\n\n\n\n<p>Ademais, o ciclo de produ\u00e7\u00e3o \u00e9 eficiente: mudas do viveiro florescem em tr\u00eas anos, com investimentos iniciais recuperados pela valoriza\u00e7\u00e3o de mercado. Em Cedral, por exemplo, o <strong>cultivo de a\u00e7a\u00ed<\/strong> substitui a cana, gerando renda est\u00e1vel. Dessa forma, a CATI apoia esses projetos, fomentando uma rede de assist\u00eancia t\u00e9cnica que acelera a ado\u00e7\u00e3o.<\/p>\n\n\n\n<h2 class=\"wp-block-heading\">Desafios e Perspectivas para o Futuro do A\u00e7a\u00ed<\/h2>\n\n\n\n<p>Apesar dos avan\u00e7os, desafios persistem, como a expans\u00e3o limitada e a adapta\u00e7\u00e3o inicial ao solo sudestino. Contudo, com variedades resistentes, esses obst\u00e1culos se dissipam rapidamente. Olhando adiante, o potencial \u00e9 enorme: mais hectares plantados significam maior oferta local, reduzindo importa\u00e7\u00f5es e fortalecendo a economia regional.<\/p>\n\n\n\n<p>Em resumo, o <strong>cultivo de a\u00e7a\u00ed<\/strong> em S\u00e3o Paulo exemplifica como a inova\u00e7\u00e3o agropecu\u00e1ria pode equilibrar produtividade e ecologia. Essa pr\u00e1tica n\u00e3o s\u00f3 eleva a renda de produtores, mas tamb\u00e9m enriquece a dieta brasileira com um superalimento acess\u00edvel. Continue acompanhando as inova\u00e7\u00f5es do campo e fique por dentro das tend\u00eancias do agroneg\u00f3cio.<\/p>\n","protected":false},"excerpt":{"rendered":"<p>Produtores de S\u00e3o Paulo est\u00e3o apostando no cultivo de a\u00e7a\u00ed como alternativa rent\u00e1vel \u00e0 cana-de-a\u00e7\u00facar, adaptando a fruta amaz\u00f4nica ao clima do Sudeste com variedades resistentes da Embrapa. Essa inova\u00e7\u00e3o, que j\u00e1 soma 50 hectares no Noroeste Paulista, promete diversificar a renda rural e impulsionar o mercado de superalimentos. Com colheitas iniciais ap\u00f3s tr\u00eas anos, o cultivo de a\u00e7a\u00ed ganha espa\u00e7o em cons\u00f3rcios com banana e cacau.<\/p>\n","protected":false},"author":1,"featured_media":1329,"comment_status":"open","ping_status":"open","sticky":false,"template":"","format":"standard","meta":{"_coblocks_attr":"","_coblocks_dimensions":"","_coblocks_responsive_height":"","_coblocks_accordion_ie_support":"","_uag_custom_page_level_css":"","footnotes":""},"categories":[32,1],"tags":[459,462,465,463,460,461,458],"class_list":["post-1328","post","type-post","status-publish","format-standard","has-post-thumbnail","hentry","category-agricultura","category-blog","tag-adaptacao-acai-sudeste","tag-agrofloresta-acai","tag-cultivo-de-acai-em-sp","tag-polinizacao-abelhas-acai","tag-renda-rural-acai","tag-superalimento-acai","tag-viveiro-mudas-acai"],"yoast_head":"<!-- This site is optimized with the Yoast SEO plugin v27.4 - https:\/\/yoast.com\/product\/yoast-seo-wordpress\/ -->\n<title>Por Que o Cultivo de A\u00e7a\u00ed Est\u00e1 Explodindo em S\u00e3o Paulo? - ConectaGr\u00e3o<\/title>\n<meta name=\"description\" content=\"Produtores de S\u00e3o Paulo investem no cultivo de a\u00e7a\u00ed adaptado ao Sudeste, impulsionando renda e sustentabilidade.\" \/>\n<meta name=\"robots\" content=\"index, follow, max-snippet:-1, max-image-preview:large, max-video-preview:-1\" \/>\n<link rel=\"canonical\" href=\"https:\/\/conectagrao.com.br\/blog\/por-que-o-cultivo-de-acai-esta-explodindo-em-sao-paulo\/\" \/>\n<meta property=\"og:locale\" content=\"pt_BR\" \/>\n<meta property=\"og:type\" content=\"article\" \/>\n<meta property=\"og:title\" content=\"Por Que o Cultivo de A\u00e7a\u00ed Est\u00e1 Explodindo em S\u00e3o Paulo? - ConectaGr\u00e3o\" \/>\n<meta property=\"og:description\" content=\"Produtores de S\u00e3o Paulo investem no cultivo de a\u00e7a\u00ed adaptado ao Sudeste, impulsionando renda e sustentabilidade.\" \/>\n<meta property=\"og:url\" content=\"https:\/\/conectagrao.com.br\/blog\/por-que-o-cultivo-de-acai-esta-explodindo-em-sao-paulo\/\" \/>\n<meta property=\"og:site_name\" content=\"ConectaGr\u00e3o\" \/>\n<meta property=\"article:publisher\" content=\"https:\/\/www.facebook.com\/conectagrao\/\" \/>\n<meta property=\"article:author\" content=\"https:\/\/www.facebook.com\/share\/1A5mH5g3LK\/\" \/>\n<meta property=\"article:published_time\" content=\"2025-10-21T08:19:00+00:00\" \/>\n<meta property=\"og:image\" content=\"https:\/\/conectagrao.com.br\/blog\/wp-content\/uploads\/2025\/10\/Design-sem-nome-25.png\" \/>\n\t<meta property=\"og:image:width\" content=\"1200\" \/>\n\t<meta property=\"og:image:height\" content=\"800\" \/>\n\t<meta property=\"og:image:type\" content=\"image\/png\" \/>\n<meta name=\"author\" content=\"conectagrao\" \/>\n<meta name=\"twitter:card\" content=\"summary_large_image\" \/>\n<meta name=\"twitter:label1\" content=\"Escrito por\" \/>\n\t<meta name=\"twitter:data1\" content=\"conectagrao\" \/>\n\t<meta name=\"twitter:label2\" content=\"Est. tempo de leitura\" \/>\n\t<meta name=\"twitter:data2\" content=\"3 minutos\" \/>\n<script type=\"application\/ld+json\" class=\"yoast-schema-graph\">{\"@context\":\"https:\\\/\\\/schema.org\",\"@graph\":[{\"@type\":\"Article\",\"@id\":\"https:\\\/\\\/conectagrao.com.br\\\/blog\\\/por-que-o-cultivo-de-acai-esta-explodindo-em-sao-paulo\\\/#article\",\"isPartOf\":{\"@id\":\"https:\\\/\\\/conectagrao.com.br\\\/blog\\\/por-que-o-cultivo-de-acai-esta-explodindo-em-sao-paulo\\\/\"},\"author\":{\"name\":\"conectagrao\",\"@id\":\"https:\\\/\\\/conectagrao.com.br\\\/blog\\\/#\\\/schema\\\/person\\\/ba64f63526cab8efbf8b1f8198926135\"},\"headline\":\"Por Que o Cultivo de A\u00e7a\u00ed Est\u00e1 Explodindo em S\u00e3o Paulo?\",\"datePublished\":\"2025-10-21T08:19:00+00:00\",\"mainEntityOfPage\":{\"@id\":\"https:\\\/\\\/conectagrao.com.br\\\/blog\\\/por-que-o-cultivo-de-acai-esta-explodindo-em-sao-paulo\\\/\"},\"wordCount\":407,\"commentCount\":0,\"publisher\":{\"@id\":\"https:\\\/\\\/conectagrao.com.br\\\/blog\\\/#organization\"},\"image\":{\"@id\":\"https:\\\/\\\/conectagrao.com.br\\\/blog\\\/por-que-o-cultivo-de-acai-esta-explodindo-em-sao-paulo\\\/#primaryimage\"},\"thumbnailUrl\":\"https:\\\/\\\/conectagrao.com.br\\\/blog\\\/wp-content\\\/uploads\\\/2025\\\/10\\\/Design-sem-nome-25.png\",\"keywords\":[\"adapta\u00e7\u00e3o a\u00e7a\u00ed Sudeste\",\"agrofloresta a\u00e7a\u00ed\",\"cultivo de a\u00e7a\u00ed em SP\",\"poliniza\u00e7\u00e3o abelhas a\u00e7a\u00ed\",\"renda rural a\u00e7a\u00ed\",\"superalimento a\u00e7a\u00ed\",\"viveiro mudas a\u00e7a\u00ed.\"],\"articleSection\":[\"Agricultura\",\"Blog\"],\"inLanguage\":\"pt-BR\",\"potentialAction\":[{\"@type\":\"CommentAction\",\"name\":\"Comment\",\"target\":[\"https:\\\/\\\/conectagrao.com.br\\\/blog\\\/por-que-o-cultivo-de-acai-esta-explodindo-em-sao-paulo\\\/#respond\"]}]},{\"@type\":\"WebPage\",\"@id\":\"https:\\\/\\\/conectagrao.com.br\\\/blog\\\/por-que-o-cultivo-de-acai-esta-explodindo-em-sao-paulo\\\/\",\"url\":\"https:\\\/\\\/conectagrao.com.br\\\/blog\\\/por-que-o-cultivo-de-acai-esta-explodindo-em-sao-paulo\\\/\",\"name\":\"Por Que o Cultivo de A\u00e7a\u00ed Est\u00e1 Explodindo em S\u00e3o Paulo? - ConectaGr\u00e3o\",\"isPartOf\":{\"@id\":\"https:\\\/\\\/conectagrao.com.br\\\/blog\\\/#website\"},\"primaryImageOfPage\":{\"@id\":\"https:\\\/\\\/conectagrao.com.br\\\/blog\\\/por-que-o-cultivo-de-acai-esta-explodindo-em-sao-paulo\\\/#primaryimage\"},\"image\":{\"@id\":\"https:\\\/\\\/conectagrao.com.br\\\/blog\\\/por-que-o-cultivo-de-acai-esta-explodindo-em-sao-paulo\\\/#primaryimage\"},\"thumbnailUrl\":\"https:\\\/\\\/conectagrao.com.br\\\/blog\\\/wp-content\\\/uploads\\\/2025\\\/10\\\/Design-sem-nome-25.png\",\"datePublished\":\"2025-10-21T08:19:00+00:00\",\"description\":\"Produtores de S\u00e3o Paulo investem no cultivo de a\u00e7a\u00ed adaptado ao Sudeste, impulsionando renda e sustentabilidade.\",\"breadcrumb\":{\"@id\":\"https:\\\/\\\/conectagrao.com.br\\\/blog\\\/por-que-o-cultivo-de-acai-esta-explodindo-em-sao-paulo\\\/#breadcrumb\"},\"inLanguage\":\"pt-BR\",\"potentialAction\":[{\"@type\":\"ReadAction\",\"target\":[\"https:\\\/\\\/conectagrao.com.br\\\/blog\\\/por-que-o-cultivo-de-acai-esta-explodindo-em-sao-paulo\\\/\"]}]},{\"@type\":\"ImageObject\",\"inLanguage\":\"pt-BR\",\"@id\":\"https:\\\/\\\/conectagrao.com.br\\\/blog\\\/por-que-o-cultivo-de-acai-esta-explodindo-em-sao-paulo\\\/#primaryimage\",\"url\":\"https:\\\/\\\/conectagrao.com.br\\\/blog\\\/wp-content\\\/uploads\\\/2025\\\/10\\\/Design-sem-nome-25.png\",\"contentUrl\":\"https:\\\/\\\/conectagrao.com.br\\\/blog\\\/wp-content\\\/uploads\\\/2025\\\/10\\\/Design-sem-nome-25.png\",\"width\":1200,\"height\":800},{\"@type\":\"BreadcrumbList\",\"@id\":\"https:\\\/\\\/conectagrao.com.br\\\/blog\\\/por-que-o-cultivo-de-acai-esta-explodindo-em-sao-paulo\\\/#breadcrumb\",\"itemListElement\":[{\"@type\":\"ListItem\",\"position\":1,\"name\":\"In\u00edcio\",\"item\":\"https:\\\/\\\/conectagrao.com.br\\\/blog\\\/\"},{\"@type\":\"ListItem\",\"position\":2,\"name\":\"Por Que o Cultivo de A\u00e7a\u00ed Est\u00e1 Explodindo em S\u00e3o Paulo?\"}]},{\"@type\":\"WebSite\",\"@id\":\"https:\\\/\\\/conectagrao.com.br\\\/blog\\\/#website\",\"url\":\"https:\\\/\\\/conectagrao.com.br\\\/blog\\\/\",\"name\":\"ConectaGr\u00e3o\",\"description\":\"Conectando o futuro com o agroneg\u00f3cio.\",\"publisher\":{\"@id\":\"https:\\\/\\\/conectagrao.com.br\\\/blog\\\/#organization\"},\"alternateName\":\"conectagrao\",\"potentialAction\":[{\"@type\":\"SearchAction\",\"target\":{\"@type\":\"EntryPoint\",\"urlTemplate\":\"https:\\\/\\\/conectagrao.com.br\\\/blog\\\/?s={search_term_string}\"},\"query-input\":{\"@type\":\"PropertyValueSpecification\",\"valueRequired\":true,\"valueName\":\"search_term_string\"}}],\"inLanguage\":\"pt-BR\"},{\"@type\":\"Organization\",\"@id\":\"https:\\\/\\\/conectagrao.com.br\\\/blog\\\/#organization\",\"name\":\"ConectaGr\u00e3o\",\"alternateName\":\"conectagrao\",\"url\":\"https:\\\/\\\/conectagrao.com.br\\\/blog\\\/\",\"logo\":{\"@type\":\"ImageObject\",\"inLanguage\":\"pt-BR\",\"@id\":\"https:\\\/\\\/conectagrao.com.br\\\/blog\\\/#\\\/schema\\\/logo\\\/image\\\/\",\"url\":\"https:\\\/\\\/conectagrao.com.br\\\/blog\\\/wp-content\\\/uploads\\\/2025\\\/07\\\/ConectaGrao-6.png\",\"contentUrl\":\"https:\\\/\\\/conectagrao.com.br\\\/blog\\\/wp-content\\\/uploads\\\/2025\\\/07\\\/ConectaGrao-6.png\",\"width\":447,\"height\":559,\"caption\":\"ConectaGr\u00e3o\"},\"image\":{\"@id\":\"https:\\\/\\\/conectagrao.com.br\\\/blog\\\/#\\\/schema\\\/logo\\\/image\\\/\"},\"sameAs\":[\"https:\\\/\\\/www.facebook.com\\\/conectagrao\\\/\",\"https:\\\/\\\/www.tiktok.com\\\/@conectagrao?_t=ZM-8xPuS2d6MFB&_r=1\",\"https:\\\/\\\/www.threads.com\\\/@conectagrao\",\"https:\\\/\\\/www.youtube.com\\\/@conectagrao\",\"https:\\\/\\\/www.instagram.com\\\/conectagrao\"]},{\"@type\":\"Person\",\"@id\":\"https:\\\/\\\/conectagrao.com.br\\\/blog\\\/#\\\/schema\\\/person\\\/ba64f63526cab8efbf8b1f8198926135\",\"name\":\"conectagrao\",\"image\":{\"@type\":\"ImageObject\",\"inLanguage\":\"pt-BR\",\"@id\":\"https:\\\/\\\/secure.gravatar.com\\\/avatar\\\/fb3dc2cba7f544171abec58358591c995847240e6fd4f1f7a4a8159970dca59e?s=96&d=mm&r=g\",\"url\":\"https:\\\/\\\/secure.gravatar.com\\\/avatar\\\/fb3dc2cba7f544171abec58358591c995847240e6fd4f1f7a4a8159970dca59e?s=96&d=mm&r=g\",\"contentUrl\":\"https:\\\/\\\/secure.gravatar.com\\\/avatar\\\/fb3dc2cba7f544171abec58358591c995847240e6fd4f1f7a4a8159970dca59e?s=96&d=mm&r=g\",\"caption\":\"conectagrao\"},\"description\":\"ConectaGr\u00e3o\u00ae \u00e9 uma plataforma digital que conecta produtores, empresas e compradores do agroneg\u00f3cio, oferecendo an\u00e1lises de mercado, cota\u00e7\u00f5es, ferramentas e conte\u00fados gratuitos para facilitar o dia a dia no campo. Fundada por Genecir Jacoboski e Kao\u00ea T. Rauch a ConectaGr\u00e3o\u00ae tem como miss\u00e3o valorizar o produtor e aproximar o campo do mercado com tecnologia, informa\u00e7\u00e3o e inova\u00e7\u00e3o.\",\"sameAs\":[\"https:\\\/\\\/conectagrao.com.br\\\/blog\",\"https:\\\/\\\/www.facebook.com\\\/share\\\/1A5mH5g3LK\\\/\",\"https:\\\/\\\/www.instagram.com\\\/conectagrao?igsh=azQ1dXBndnp4dzZw\",\"https:\\\/\\\/youtube.com\\\/@conectagrao?si=QnGS_Zm7Cuj1pznt\"],\"url\":\"https:\\\/\\\/conectagrao.com.br\\\/blog\\\/author\\\/conectagrao\\\/\"}]}<\/script>\n<!-- \/ Yoast SEO plugin. -->","yoast_head_json":{"title":"Por Que o Cultivo de A\u00e7a\u00ed Est\u00e1 Explodindo em S\u00e3o Paulo? - ConectaGr\u00e3o","description":"Produtores de S\u00e3o Paulo investem no cultivo de a\u00e7a\u00ed adaptado ao Sudeste, impulsionando renda e sustentabilidade.","robots":{"index":"index","follow":"follow","max-snippet":"max-snippet:-1","max-image-preview":"max-image-preview:large","max-video-preview":"max-video-preview:-1"},"canonical":"https:\/\/conectagrao.com.br\/blog\/por-que-o-cultivo-de-acai-esta-explodindo-em-sao-paulo\/","og_locale":"pt_BR","og_type":"article","og_title":"Por Que o Cultivo de A\u00e7a\u00ed Est\u00e1 Explodindo em S\u00e3o Paulo? - ConectaGr\u00e3o","og_description":"Produtores de S\u00e3o Paulo investem no cultivo de a\u00e7a\u00ed adaptado ao Sudeste, impulsionando renda e sustentabilidade.","og_url":"https:\/\/conectagrao.com.br\/blog\/por-que-o-cultivo-de-acai-esta-explodindo-em-sao-paulo\/","og_site_name":"ConectaGr\u00e3o","article_publisher":"https:\/\/www.facebook.com\/conectagrao\/","article_author":"https:\/\/www.facebook.com\/share\/1A5mH5g3LK\/","article_published_time":"2025-10-21T08:19:00+00:00","og_image":[{"width":1200,"height":800,"url":"https:\/\/conectagrao.com.br\/blog\/wp-content\/uploads\/2025\/10\/Design-sem-nome-25.png","type":"image\/png"}],"author":"conectagrao","twitter_card":"summary_large_image","twitter_misc":{"Escrito por":"conectagrao","Est. tempo de leitura":"3 minutos"},"schema":{"@context":"https:\/\/schema.org","@graph":[{"@type":"Article","@id":"https:\/\/conectagrao.com.br\/blog\/por-que-o-cultivo-de-acai-esta-explodindo-em-sao-paulo\/#article","isPartOf":{"@id":"https:\/\/conectagrao.com.br\/blog\/por-que-o-cultivo-de-acai-esta-explodindo-em-sao-paulo\/"},"author":{"name":"conectagrao","@id":"https:\/\/conectagrao.com.br\/blog\/#\/schema\/person\/ba64f63526cab8efbf8b1f8198926135"},"headline":"Por Que o Cultivo de A\u00e7a\u00ed Est\u00e1 Explodindo em S\u00e3o Paulo?","datePublished":"2025-10-21T08:19:00+00:00","mainEntityOfPage":{"@id":"https:\/\/conectagrao.com.br\/blog\/por-que-o-cultivo-de-acai-esta-explodindo-em-sao-paulo\/"},"wordCount":407,"commentCount":0,"publisher":{"@id":"https:\/\/conectagrao.com.br\/blog\/#organization"},"image":{"@id":"https:\/\/conectagrao.com.br\/blog\/por-que-o-cultivo-de-acai-esta-explodindo-em-sao-paulo\/#primaryimage"},"thumbnailUrl":"https:\/\/conectagrao.com.br\/blog\/wp-content\/uploads\/2025\/10\/Design-sem-nome-25.png","keywords":["adapta\u00e7\u00e3o a\u00e7a\u00ed Sudeste","agrofloresta a\u00e7a\u00ed","cultivo de a\u00e7a\u00ed em SP","poliniza\u00e7\u00e3o abelhas a\u00e7a\u00ed","renda rural a\u00e7a\u00ed","superalimento a\u00e7a\u00ed","viveiro mudas a\u00e7a\u00ed."],"articleSection":["Agricultura","Blog"],"inLanguage":"pt-BR","potentialAction":[{"@type":"CommentAction","name":"Comment","target":["https:\/\/conectagrao.com.br\/blog\/por-que-o-cultivo-de-acai-esta-explodindo-em-sao-paulo\/#respond"]}]},{"@type":"WebPage","@id":"https:\/\/conectagrao.com.br\/blog\/por-que-o-cultivo-de-acai-esta-explodindo-em-sao-paulo\/","url":"https:\/\/conectagrao.com.br\/blog\/por-que-o-cultivo-de-acai-esta-explodindo-em-sao-paulo\/","name":"Por Que o Cultivo de A\u00e7a\u00ed Est\u00e1 Explodindo em S\u00e3o Paulo? - ConectaGr\u00e3o","isPartOf":{"@id":"https:\/\/conectagrao.com.br\/blog\/#website"},"primaryImageOfPage":{"@id":"https:\/\/conectagrao.com.br\/blog\/por-que-o-cultivo-de-acai-esta-explodindo-em-sao-paulo\/#primaryimage"},"image":{"@id":"https:\/\/conectagrao.com.br\/blog\/por-que-o-cultivo-de-acai-esta-explodindo-em-sao-paulo\/#primaryimage"},"thumbnailUrl":"https:\/\/conectagrao.com.br\/blog\/wp-content\/uploads\/2025\/10\/Design-sem-nome-25.png","datePublished":"2025-10-21T08:19:00+00:00","description":"Produtores de S\u00e3o Paulo investem no cultivo de a\u00e7a\u00ed adaptado ao Sudeste, impulsionando renda e sustentabilidade.","breadcrumb":{"@id":"https:\/\/conectagrao.com.br\/blog\/por-que-o-cultivo-de-acai-esta-explodindo-em-sao-paulo\/#breadcrumb"},"inLanguage":"pt-BR","potentialAction":[{"@type":"ReadAction","target":["https:\/\/conectagrao.com.br\/blog\/por-que-o-cultivo-de-acai-esta-explodindo-em-sao-paulo\/"]}]},{"@type":"ImageObject","inLanguage":"pt-BR","@id":"https:\/\/conectagrao.com.br\/blog\/por-que-o-cultivo-de-acai-esta-explodindo-em-sao-paulo\/#primaryimage","url":"https:\/\/conectagrao.com.br\/blog\/wp-content\/uploads\/2025\/10\/Design-sem-nome-25.png","contentUrl":"https:\/\/conectagrao.com.br\/blog\/wp-content\/uploads\/2025\/10\/Design-sem-nome-25.png","width":1200,"height":800},{"@type":"BreadcrumbList","@id":"https:\/\/conectagrao.com.br\/blog\/por-que-o-cultivo-de-acai-esta-explodindo-em-sao-paulo\/#breadcrumb","itemListElement":[{"@type":"ListItem","position":1,"name":"In\u00edcio","item":"https:\/\/conectagrao.com.br\/blog\/"},{"@type":"ListItem","position":2,"name":"Por Que o Cultivo de A\u00e7a\u00ed Est\u00e1 Explodindo em S\u00e3o Paulo?"}]},{"@type":"WebSite","@id":"https:\/\/conectagrao.com.br\/blog\/#website","url":"https:\/\/conectagrao.com.br\/blog\/","name":"ConectaGr\u00e3o","description":"Conectando o futuro com o agroneg\u00f3cio.","publisher":{"@id":"https:\/\/conectagrao.com.br\/blog\/#organization"},"alternateName":"conectagrao","potentialAction":[{"@type":"SearchAction","target":{"@type":"EntryPoint","urlTemplate":"https:\/\/conectagrao.com.br\/blog\/?s={search_term_string}"},"query-input":{"@type":"PropertyValueSpecification","valueRequired":true,"valueName":"search_term_string"}}],"inLanguage":"pt-BR"},{"@type":"Organization","@id":"https:\/\/conectagrao.com.br\/blog\/#organization","name":"ConectaGr\u00e3o","alternateName":"conectagrao","url":"https:\/\/conectagrao.com.br\/blog\/","logo":{"@type":"ImageObject","inLanguage":"pt-BR","@id":"https:\/\/conectagrao.com.br\/blog\/#\/schema\/logo\/image\/","url":"https:\/\/conectagrao.com.br\/blog\/wp-content\/uploads\/2025\/07\/ConectaGrao-6.png","contentUrl":"https:\/\/conectagrao.com.br\/blog\/wp-content\/uploads\/2025\/07\/ConectaGrao-6.png","width":447,"height":559,"caption":"ConectaGr\u00e3o"},"image":{"@id":"https:\/\/conectagrao.com.br\/blog\/#\/schema\/logo\/image\/"},"sameAs":["https:\/\/www.facebook.com\/conectagrao\/","https:\/\/www.tiktok.com\/@conectagrao?_t=ZM-8xPuS2d6MFB&_r=1","https:\/\/www.threads.com\/@conectagrao","https:\/\/www.youtube.com\/@conectagrao","https:\/\/www.instagram.com\/conectagrao"]},{"@type":"Person","@id":"https:\/\/conectagrao.com.br\/blog\/#\/schema\/person\/ba64f63526cab8efbf8b1f8198926135","name":"conectagrao","image":{"@type":"ImageObject","inLanguage":"pt-BR","@id":"https:\/\/secure.gravatar.com\/avatar\/fb3dc2cba7f544171abec58358591c995847240e6fd4f1f7a4a8159970dca59e?s=96&d=mm&r=g","url":"https:\/\/secure.gravatar.com\/avatar\/fb3dc2cba7f544171abec58358591c995847240e6fd4f1f7a4a8159970dca59e?s=96&d=mm&r=g","contentUrl":"https:\/\/secure.gravatar.com\/avatar\/fb3dc2cba7f544171abec58358591c995847240e6fd4f1f7a4a8159970dca59e?s=96&d=mm&r=g","caption":"conectagrao"},"description":"ConectaGr\u00e3o\u00ae \u00e9 uma plataforma digital que conecta produtores, empresas e compradores do agroneg\u00f3cio, oferecendo an\u00e1lises de mercado, cota\u00e7\u00f5es, ferramentas e conte\u00fados gratuitos para facilitar o dia a dia no campo. Fundada por Genecir Jacoboski e Kao\u00ea T. Rauch a ConectaGr\u00e3o\u00ae tem como miss\u00e3o valorizar o produtor e aproximar o campo do mercado com tecnologia, informa\u00e7\u00e3o e inova\u00e7\u00e3o.","sameAs":["https:\/\/conectagrao.com.br\/blog","https:\/\/www.facebook.com\/share\/1A5mH5g3LK\/","https:\/\/www.instagram.com\/conectagrao?igsh=azQ1dXBndnp4dzZw","https:\/\/youtube.com\/@conectagrao?si=QnGS_Zm7Cuj1pznt"],"url":"https:\/\/conectagrao.com.br\/blog\/author\/conectagrao\/"}]}},"uagb_featured_image_src":{"full":["https:\/\/conectagrao.com.br\/blog\/wp-content\/uploads\/2025\/10\/Design-sem-nome-25.png",1200,800,false],"thumbnail":["https:\/\/conectagrao.com.br\/blog\/wp-content\/uploads\/2025\/10\/Design-sem-nome-25-150x150.png",150,150,true],"medium":["https:\/\/conectagrao.com.br\/blog\/wp-content\/uploads\/2025\/10\/Design-sem-nome-25-300x200.png",300,200,true],"medium_large":["https:\/\/conectagrao.com.br\/blog\/wp-content\/uploads\/2025\/10\/Design-sem-nome-25-768x512.png",640,427,true],"large":["https:\/\/conectagrao.com.br\/blog\/wp-content\/uploads\/2025\/10\/Design-sem-nome-25-1024x683.png",640,427,true],"1536x1536":["https:\/\/conectagrao.com.br\/blog\/wp-content\/uploads\/2025\/10\/Design-sem-nome-25.png",1200,800,false],"2048x2048":["https:\/\/conectagrao.com.br\/blog\/wp-content\/uploads\/2025\/10\/Design-sem-nome-25.png",1200,800,false],"cvmm-medium":["https:\/\/conectagrao.com.br\/blog\/wp-content\/uploads\/2025\/10\/Design-sem-nome-25-300x300.png",300,300,true],"cvmm-medium-plus":["https:\/\/conectagrao.com.br\/blog\/wp-content\/uploads\/2025\/10\/Design-sem-nome-25-305x207.png",305,207,true],"cvmm-portrait":["https:\/\/conectagrao.com.br\/blog\/wp-content\/uploads\/2025\/10\/Design-sem-nome-25-400x600.png",400,600,true],"cvmm-medium-square":["https:\/\/conectagrao.com.br\/blog\/wp-content\/uploads\/2025\/10\/Design-sem-nome-25-600x600.png",600,600,true],"cvmm-large":["https:\/\/conectagrao.com.br\/blog\/wp-content\/uploads\/2025\/10\/Design-sem-nome-25-1024x800.png",1024,800,true],"cvmm-small":["https:\/\/conectagrao.com.br\/blog\/wp-content\/uploads\/2025\/10\/Design-sem-nome-25-130x95.png",130,95,true],"news-portal-block-medium":["https:\/\/conectagrao.com.br\/blog\/wp-content\/uploads\/2025\/10\/Design-sem-nome-25-305x207.png",305,207,true],"news-portal-block-thumb":["https:\/\/conectagrao.com.br\/blog\/wp-content\/uploads\/2025\/10\/Design-sem-nome-25-136x102.png",136,102,true],"news-portal-slider-medium":["https:\/\/conectagrao.com.br\/blog\/wp-content\/uploads\/2025\/10\/Design-sem-nome-25-622x420.png",622,420,true],"news-portal-carousel-portrait":["https:\/\/conectagrao.com.br\/blog\/wp-content\/uploads\/2025\/10\/Design-sem-nome-25-400x600.png",400,600,true],"news-portal-alternate-grid":["https:\/\/conectagrao.com.br\/blog\/wp-content\/uploads\/2025\/10\/Design-sem-nome-25-340x316.png",340,316,true],"web-stories-poster-portrait":["https:\/\/conectagrao.com.br\/blog\/wp-content\/uploads\/2025\/10\/Design-sem-nome-25-640x800.png",640,800,true],"web-stories-publisher-logo":["https:\/\/conectagrao.com.br\/blog\/wp-content\/uploads\/2025\/10\/Design-sem-nome-25-96x96.png",96,96,true],"web-stories-thumbnail":["https:\/\/conectagrao.com.br\/blog\/wp-content\/uploads\/2025\/10\/Design-sem-nome-25-150x100.png",150,100,true]},"uagb_author_info":{"display_name":"conectagrao","author_link":"https:\/\/conectagrao.com.br\/blog\/author\/conectagrao\/"},"uagb_comment_info":1,"uagb_excerpt":"Produtores de S\u00e3o Paulo est\u00e3o apostando no cultivo de a\u00e7a\u00ed como alternativa rent\u00e1vel \u00e0 cana-de-a\u00e7\u00facar, adaptando a fruta amaz\u00f4nica ao clima do Sudeste com variedades resistentes da Embrapa. Essa inova\u00e7\u00e3o, que j\u00e1 soma 50 hectares no Noroeste Paulista, promete diversificar a renda rural e impulsionar o mercado de superalimentos. Com colheitas iniciais ap\u00f3s tr\u00eas anos,&hellip;","blog_post_layout_featured_media_urls":{"thumbnail":["https:\/\/conectagrao.com.br\/blog\/wp-content\/uploads\/2025\/10\/Design-sem-nome-25-150x150.png",150,150,true],"full":["https:\/\/conectagrao.com.br\/blog\/wp-content\/uploads\/2025\/10\/Design-sem-nome-25.png",1200,800,false]},"categories_names":{"32":{"name":"Agricultura","link":"https:\/\/conectagrao.com.br\/blog\/agricultura\/"},"1":{"name":"Blog","link":"https:\/\/conectagrao.com.br\/blog\/blog\/"}},"tags_names":{"459":{"name":"adapta\u00e7\u00e3o a\u00e7a\u00ed Sudeste","link":"https:\/\/conectagrao.com.br\/blog\/tag\/adaptacao-acai-sudeste\/"},"462":{"name":"agrofloresta a\u00e7a\u00ed","link":"https:\/\/conectagrao.com.br\/blog\/tag\/agrofloresta-acai\/"},"465":{"name":"cultivo de a\u00e7a\u00ed em SP","link":"https:\/\/conectagrao.com.br\/blog\/tag\/cultivo-de-acai-em-sp\/"},"463":{"name":"poliniza\u00e7\u00e3o abelhas a\u00e7a\u00ed","link":"https:\/\/conectagrao.com.br\/blog\/tag\/polinizacao-abelhas-acai\/"},"460":{"name":"renda rural a\u00e7a\u00ed","link":"https:\/\/conectagrao.com.br\/blog\/tag\/renda-rural-acai\/"},"461":{"name":"superalimento a\u00e7a\u00ed","link":"https:\/\/conectagrao.com.br\/blog\/tag\/superalimento-acai\/"},"458":{"name":"viveiro mudas a\u00e7a\u00ed.","link":"https:\/\/conectagrao.com.br\/blog\/tag\/viveiro-mudas-acai\/"}},"comments_number":"0","wpmagazine_modules_lite_featured_media_urls":{"thumbnail":["https:\/\/conectagrao.com.br\/blog\/wp-content\/uploads\/2025\/10\/Design-sem-nome-25-150x150.png",150,150,true],"cvmm-medium":["https:\/\/conectagrao.com.br\/blog\/wp-content\/uploads\/2025\/10\/Design-sem-nome-25-300x300.png",300,300,true],"cvmm-medium-plus":["https:\/\/conectagrao.com.br\/blog\/wp-content\/uploads\/2025\/10\/Design-sem-nome-25-305x207.png",305,207,true],"cvmm-portrait":["https:\/\/conectagrao.com.br\/blog\/wp-content\/uploads\/2025\/10\/Design-sem-nome-25-400x600.png",400,600,true],"cvmm-medium-square":["https:\/\/conectagrao.com.br\/blog\/wp-content\/uploads\/2025\/10\/Design-sem-nome-25-600x600.png",600,600,true],"cvmm-large":["https:\/\/conectagrao.com.br\/blog\/wp-content\/uploads\/2025\/10\/Design-sem-nome-25-1024x800.png",1024,800,true],"cvmm-small":["https:\/\/conectagrao.com.br\/blog\/wp-content\/uploads\/2025\/10\/Design-sem-nome-25-130x95.png",130,95,true],"full":["https:\/\/conectagrao.com.br\/blog\/wp-content\/uploads\/2025\/10\/Design-sem-nome-25.png",1200,800,false]},"_links":{"self":[{"href":"https:\/\/conectagrao.com.br\/blog\/wp-json\/wp\/v2\/posts\/1328","targetHints":{"allow":["GET"]}}],"collection":[{"href":"https:\/\/conectagrao.com.br\/blog\/wp-json\/wp\/v2\/posts"}],"about":[{"href":"https:\/\/conectagrao.com.br\/blog\/wp-json\/wp\/v2\/types\/post"}],"author":[{"embeddable":true,"href":"https:\/\/conectagrao.com.br\/blog\/wp-json\/wp\/v2\/users\/1"}],"replies":[{"embeddable":true,"href":"https:\/\/conectagrao.com.br\/blog\/wp-json\/wp\/v2\/comments?post=1328"}],"version-history":[{"count":1,"href":"https:\/\/conectagrao.com.br\/blog\/wp-json\/wp\/v2\/posts\/1328\/revisions"}],"predecessor-version":[{"id":1330,"href":"https:\/\/conectagrao.com.br\/blog\/wp-json\/wp\/v2\/posts\/1328\/revisions\/1330"}],"wp:featuredmedia":[{"embeddable":true,"href":"https:\/\/conectagrao.com.br\/blog\/wp-json\/wp\/v2\/media\/1329"}],"wp:attachment":[{"href":"https:\/\/conectagrao.com.br\/blog\/wp-json\/wp\/v2\/media?parent=1328"}],"wp:term":[{"taxonomy":"category","embeddable":true,"href":"https:\/\/conectagrao.com.br\/blog\/wp-json\/wp\/v2\/categories?post=1328"},{"taxonomy":"post_tag","embeddable":true,"href":"https:\/\/conectagrao.com.br\/blog\/wp-json\/wp\/v2\/tags?post=1328"}],"curies":[{"name":"wp","href":"https:\/\/api.w.org\/{rel}","templated":true}]}}