{"id":1337,"date":"2025-11-07T08:11:00","date_gmt":"2025-11-07T08:11:00","guid":{"rendered":"https:\/\/conectagrao.com.br\/blog\/?p=1337"},"modified":"2025-11-06T01:10:12","modified_gmt":"2025-11-06T01:10:12","slug":"frete-cai-para-r-725-em-setembro-3-fatores-que-barateiam-a-logistica-agricola","status":"publish","type":"post","link":"https:\/\/conectagrao.com.br\/blog\/frete-cai-para-r-725-em-setembro-3-fatores-que-barateiam-a-logistica-agricola\/","title":{"rendered":"Frete Cai para R$ 7,25 em Setembro: 3 Fatores que Barateiam a Log\u00edstica Agr\u00edcola"},"content":{"rendered":"\n<p> O <strong>frete rodovi\u00e1rio<\/strong> nacional atingiu R$ 7,25 em setembro, o menor valor do ano at\u00e9 agora, baseado em 8 milh\u00f5es de transa\u00e7\u00f5es analisadas pela plataforma Repom. Essa queda de 1,49% \u2014 de R$ 7,36 em agosto \u2014 reflete um avan\u00e7o na efici\u00eancia log\u00edstica, especialmente para o setor agr\u00edcola, onde o transporte de gr\u00e3os e insumos representa at\u00e9 20% dos custos totais. No entanto, enquanto os produtores celebram, transportadoras precisam se adaptar a margens mais apertadas.<\/p>\n\n\n\n<h4 class=\"wp-block-heading\">Por Que o Frete Rodovi\u00e1rio Caiu em Setembro?<\/h4>\n\n\n\n<p>Primeiramente, o cen\u00e1rio macroecon\u00f4mico pesa a favor. A manuten\u00e7\u00e3o da taxa SELIC em 15% ao ano, combinada com a desvaloriza\u00e7\u00e3o do d\u00f3lar, reduziu os custos operacionais das frotas. Al\u00e9m disso, o diesel \u2014 combust\u00edvel vital para o <strong>frete rodovi\u00e1rio<\/strong> \u2014 registrou quedas: 0,32% no tipo comum (m\u00e9dia de R$ 6,17) e 0,16% no S-10 (R$ 6,21), segundo o \u00cdndice de Pre\u00e7os Edenred Ticket Log (IPTL). Consequentemente, esses fatores superaram press\u00f5es como o &#8220;tarifa\u00e7o&#8221; sobre exporta\u00e7\u00f5es e o menor ritmo industrial, resultando em um mercado mais acess\u00edvel. Por exemplo, Vinicios Fernandes, diretor da Edenred Frete, destaca: &#8220;Fatores macroecon\u00f4micos mais fortes que as press\u00f5es de custo impulsionaram essa redu\u00e7\u00e3o.&#8221;<\/p>\n\n\n\n<h4 class=\"wp-block-heading\">Impactos Pr\u00e1ticos no Agroneg\u00f3cio<\/h4>\n\n\n\n<p>Para o agroneg\u00f3cio, essa baixa no <strong>frete rodovi\u00e1rio<\/strong> significa economia imediata: <\/p>\n\n\n\n<p>Um produtor de soja em Mato Grosso pode cortar at\u00e9 5% nos gastos com escoamento de safra, liberando recursos para investimentos em tecnologia, como drones de monitoramento. No entanto, oscila\u00e7\u00f5es persistem, e a fiscaliza\u00e7\u00e3o intensificada pela ANTT desde 6 de outubro visa cumprir a Tabela de Pre\u00e7o M\u00ednimo de Frete, o que pode estabilizar o setor no \u00faltimo trimestre. Assim, enquanto a tend\u00eancia \u00e9 de pequenas varia\u00e7\u00f5es, o foco em gest\u00e3o digital \u2014 via plataformas como Repom \u2014 surge como aliada para otimizar rotas e negocia\u00e7\u00f5es.<\/p>\n\n\n\n<p>Por \u00faltimo, vale notar que essa din\u00e2mica refor\u00e7a a resili\u00eancia da log\u00edstica brasileira.                                   Com o <strong>frete rodovi\u00e1rio<\/strong> evoluindo de um custo vol\u00e1til para um indicador estrat\u00e9gico. Transi\u00e7\u00f5es como essas, ali\u00e1s, demandam monitoramento cont\u00ednuo para maximizar ganhos.<\/p>\n\n\n\n<p>Em resumo, a queda do <strong>frete rodovi\u00e1rio<\/strong> para R$ 7,25 em setembro n\u00e3o \u00e9 s\u00f3 uma estat\u00edstica \u2014 \u00e9 uma oportunidade pr\u00e1tica para o agroneg\u00f3cio reduzir despesas e impulsionar a competitividade global. Continue acompanhando as inova\u00e7\u00f5es do campo e fique por dentro das tend\u00eancias do agroneg\u00f3cio para navegar essas mudan\u00e7as com agilidade.<\/p>\n\n\n\n<p><strong>Fonte: <\/strong>Edenred Frete<\/p>\n\n\n\n<p><\/p>\n","protected":false},"excerpt":{"rendered":"<p>O pre\u00e7o m\u00e9dio do frete rodovi\u00e1rio despencou para R$ 7,25 por quil\u00f4metro em setembro de 2025, uma queda de 1,49% em rela\u00e7\u00e3o a agosto, conforme o \u00cdndice de Frete Rodovi\u00e1rio (IFR) da Edenred Frete. Essa redu\u00e7\u00e3o, impulsionada por fatores macroecon\u00f4micos e queda no diesel, traz al\u00edvio aos produtores rurais, otimizando a cadeia de suprimentos no agroneg\u00f3cio brasileiro.<\/p>\n","protected":false},"author":1,"featured_media":1338,"comment_status":"open","ping_status":"open","sticky":false,"template":"","format":"standard","meta":{"_coblocks_attr":"","_coblocks_dimensions":"","_coblocks_responsive_height":"","_coblocks_accordion_ie_support":"","_uag_custom_page_level_css":"","footnotes":""},"categories":[1,29],"tags":[477,475,480,476,473,474,478,479],"class_list":["post-1337","post","type-post","status-publish","format-standard","has-post-thumbnail","hentry","category-blog","category-mercado","tag-custos-diesel-agronegocio","tag-edenred-frete","tag-eficiencia-logistica-rural","tag-ifr-rodoviario","tag-logistica-agricola","tag-preco-frete-2025","tag-tabela-antt-frete","tag-transporte-graos"],"yoast_head":"<!-- This site is optimized with the Yoast SEO plugin v27.4 - https:\/\/yoast.com\/product\/yoast-seo-wordpress\/ -->\n<title>Frete Cai para R$ 7,25 em Setembro: 3 Fatores que Barateiam a Log\u00edstica Agr\u00edcola - ConectaGr\u00e3o<\/title>\n<meta name=\"description\" content=\"Frete rodovi\u00e1rio cai 1,49% em setembro de 2025, chegando a R$ 7,25 por km, segundo Edenred Frete.\" \/>\n<meta name=\"robots\" content=\"index, follow, max-snippet:-1, max-image-preview:large, max-video-preview:-1\" \/>\n<link rel=\"canonical\" href=\"https:\/\/conectagrao.com.br\/blog\/frete-cai-para-r-725-em-setembro-3-fatores-que-barateiam-a-logistica-agricola\/\" \/>\n<meta property=\"og:locale\" content=\"pt_BR\" \/>\n<meta property=\"og:type\" content=\"article\" \/>\n<meta property=\"og:title\" content=\"Frete Cai para R$ 7,25 em Setembro: 3 Fatores que Barateiam a Log\u00edstica Agr\u00edcola - ConectaGr\u00e3o\" \/>\n<meta property=\"og:description\" content=\"Frete rodovi\u00e1rio cai 1,49% em setembro de 2025, chegando a R$ 7,25 por km, segundo Edenred Frete.\" \/>\n<meta property=\"og:url\" content=\"https:\/\/conectagrao.com.br\/blog\/frete-cai-para-r-725-em-setembro-3-fatores-que-barateiam-a-logistica-agricola\/\" \/>\n<meta property=\"og:site_name\" content=\"ConectaGr\u00e3o\" \/>\n<meta property=\"article:publisher\" content=\"https:\/\/www.facebook.com\/conectagrao\/\" \/>\n<meta property=\"article:author\" content=\"https:\/\/www.facebook.com\/share\/1A5mH5g3LK\/\" \/>\n<meta property=\"article:published_time\" content=\"2025-11-07T08:11:00+00:00\" \/>\n<meta property=\"og:image\" content=\"https:\/\/conectagrao.com.br\/blog\/wp-content\/uploads\/2025\/10\/Design-sem-nome-27.png\" \/>\n\t<meta property=\"og:image:width\" content=\"1200\" \/>\n\t<meta property=\"og:image:height\" content=\"800\" \/>\n\t<meta property=\"og:image:type\" content=\"image\/png\" \/>\n<meta name=\"author\" content=\"conectagrao\" \/>\n<meta name=\"twitter:card\" content=\"summary_large_image\" \/>\n<meta name=\"twitter:label1\" content=\"Escrito por\" \/>\n\t<meta name=\"twitter:data1\" content=\"conectagrao\" \/>\n\t<meta name=\"twitter:label2\" content=\"Est. tempo de leitura\" \/>\n\t<meta name=\"twitter:data2\" content=\"3 minutos\" \/>\n<script type=\"application\/ld+json\" class=\"yoast-schema-graph\">{\"@context\":\"https:\\\/\\\/schema.org\",\"@graph\":[{\"@type\":\"Article\",\"@id\":\"https:\\\/\\\/conectagrao.com.br\\\/blog\\\/frete-cai-para-r-725-em-setembro-3-fatores-que-barateiam-a-logistica-agricola\\\/#article\",\"isPartOf\":{\"@id\":\"https:\\\/\\\/conectagrao.com.br\\\/blog\\\/frete-cai-para-r-725-em-setembro-3-fatores-que-barateiam-a-logistica-agricola\\\/\"},\"author\":{\"name\":\"conectagrao\",\"@id\":\"https:\\\/\\\/conectagrao.com.br\\\/blog\\\/#\\\/schema\\\/person\\\/ba64f63526cab8efbf8b1f8198926135\"},\"headline\":\"Frete Cai para R$ 7,25 em Setembro: 3 Fatores que Barateiam a Log\u00edstica Agr\u00edcola\",\"datePublished\":\"2025-11-07T08:11:00+00:00\",\"mainEntityOfPage\":{\"@id\":\"https:\\\/\\\/conectagrao.com.br\\\/blog\\\/frete-cai-para-r-725-em-setembro-3-fatores-que-barateiam-a-logistica-agricola\\\/\"},\"wordCount\":430,\"commentCount\":0,\"publisher\":{\"@id\":\"https:\\\/\\\/conectagrao.com.br\\\/blog\\\/#organization\"},\"image\":{\"@id\":\"https:\\\/\\\/conectagrao.com.br\\\/blog\\\/frete-cai-para-r-725-em-setembro-3-fatores-que-barateiam-a-logistica-agricola\\\/#primaryimage\"},\"thumbnailUrl\":\"https:\\\/\\\/conectagrao.com.br\\\/blog\\\/wp-content\\\/uploads\\\/2025\\\/10\\\/Design-sem-nome-27.png\",\"keywords\":[\"custos diesel agroneg\u00f3cio\",\"Edenred Frete\",\"efici\u00eancia log\u00edstica rural.\",\"IFR rodovi\u00e1rio\",\"log\u00edstica agr\u00edcola\",\"pre\u00e7o frete 2025\",\"tabela ANTT frete\",\"transporte gr\u00e3os\"],\"articleSection\":[\"Blog\",\"Vis\u00e3o de Mercado\"],\"inLanguage\":\"pt-BR\",\"potentialAction\":[{\"@type\":\"CommentAction\",\"name\":\"Comment\",\"target\":[\"https:\\\/\\\/conectagrao.com.br\\\/blog\\\/frete-cai-para-r-725-em-setembro-3-fatores-que-barateiam-a-logistica-agricola\\\/#respond\"]}]},{\"@type\":\"WebPage\",\"@id\":\"https:\\\/\\\/conectagrao.com.br\\\/blog\\\/frete-cai-para-r-725-em-setembro-3-fatores-que-barateiam-a-logistica-agricola\\\/\",\"url\":\"https:\\\/\\\/conectagrao.com.br\\\/blog\\\/frete-cai-para-r-725-em-setembro-3-fatores-que-barateiam-a-logistica-agricola\\\/\",\"name\":\"Frete Cai para R$ 7,25 em Setembro: 3 Fatores que Barateiam a Log\u00edstica Agr\u00edcola - ConectaGr\u00e3o\",\"isPartOf\":{\"@id\":\"https:\\\/\\\/conectagrao.com.br\\\/blog\\\/#website\"},\"primaryImageOfPage\":{\"@id\":\"https:\\\/\\\/conectagrao.com.br\\\/blog\\\/frete-cai-para-r-725-em-setembro-3-fatores-que-barateiam-a-logistica-agricola\\\/#primaryimage\"},\"image\":{\"@id\":\"https:\\\/\\\/conectagrao.com.br\\\/blog\\\/frete-cai-para-r-725-em-setembro-3-fatores-que-barateiam-a-logistica-agricola\\\/#primaryimage\"},\"thumbnailUrl\":\"https:\\\/\\\/conectagrao.com.br\\\/blog\\\/wp-content\\\/uploads\\\/2025\\\/10\\\/Design-sem-nome-27.png\",\"datePublished\":\"2025-11-07T08:11:00+00:00\",\"description\":\"Frete rodovi\u00e1rio cai 1,49% em setembro de 2025, chegando a R$ 7,25 por km, segundo Edenred Frete.\",\"breadcrumb\":{\"@id\":\"https:\\\/\\\/conectagrao.com.br\\\/blog\\\/frete-cai-para-r-725-em-setembro-3-fatores-que-barateiam-a-logistica-agricola\\\/#breadcrumb\"},\"inLanguage\":\"pt-BR\",\"potentialAction\":[{\"@type\":\"ReadAction\",\"target\":[\"https:\\\/\\\/conectagrao.com.br\\\/blog\\\/frete-cai-para-r-725-em-setembro-3-fatores-que-barateiam-a-logistica-agricola\\\/\"]}]},{\"@type\":\"ImageObject\",\"inLanguage\":\"pt-BR\",\"@id\":\"https:\\\/\\\/conectagrao.com.br\\\/blog\\\/frete-cai-para-r-725-em-setembro-3-fatores-que-barateiam-a-logistica-agricola\\\/#primaryimage\",\"url\":\"https:\\\/\\\/conectagrao.com.br\\\/blog\\\/wp-content\\\/uploads\\\/2025\\\/10\\\/Design-sem-nome-27.png\",\"contentUrl\":\"https:\\\/\\\/conectagrao.com.br\\\/blog\\\/wp-content\\\/uploads\\\/2025\\\/10\\\/Design-sem-nome-27.png\",\"width\":1200,\"height\":800},{\"@type\":\"BreadcrumbList\",\"@id\":\"https:\\\/\\\/conectagrao.com.br\\\/blog\\\/frete-cai-para-r-725-em-setembro-3-fatores-que-barateiam-a-logistica-agricola\\\/#breadcrumb\",\"itemListElement\":[{\"@type\":\"ListItem\",\"position\":1,\"name\":\"In\u00edcio\",\"item\":\"https:\\\/\\\/conectagrao.com.br\\\/blog\\\/\"},{\"@type\":\"ListItem\",\"position\":2,\"name\":\"Frete Cai para R$ 7,25 em Setembro: 3 Fatores que Barateiam a Log\u00edstica Agr\u00edcola\"}]},{\"@type\":\"WebSite\",\"@id\":\"https:\\\/\\\/conectagrao.com.br\\\/blog\\\/#website\",\"url\":\"https:\\\/\\\/conectagrao.com.br\\\/blog\\\/\",\"name\":\"ConectaGr\u00e3o\",\"description\":\"Conectando o futuro com o agroneg\u00f3cio.\",\"publisher\":{\"@id\":\"https:\\\/\\\/conectagrao.com.br\\\/blog\\\/#organization\"},\"alternateName\":\"conectagrao\",\"potentialAction\":[{\"@type\":\"SearchAction\",\"target\":{\"@type\":\"EntryPoint\",\"urlTemplate\":\"https:\\\/\\\/conectagrao.com.br\\\/blog\\\/?s={search_term_string}\"},\"query-input\":{\"@type\":\"PropertyValueSpecification\",\"valueRequired\":true,\"valueName\":\"search_term_string\"}}],\"inLanguage\":\"pt-BR\"},{\"@type\":\"Organization\",\"@id\":\"https:\\\/\\\/conectagrao.com.br\\\/blog\\\/#organization\",\"name\":\"ConectaGr\u00e3o\",\"alternateName\":\"conectagrao\",\"url\":\"https:\\\/\\\/conectagrao.com.br\\\/blog\\\/\",\"logo\":{\"@type\":\"ImageObject\",\"inLanguage\":\"pt-BR\",\"@id\":\"https:\\\/\\\/conectagrao.com.br\\\/blog\\\/#\\\/schema\\\/logo\\\/image\\\/\",\"url\":\"https:\\\/\\\/conectagrao.com.br\\\/blog\\\/wp-content\\\/uploads\\\/2025\\\/07\\\/ConectaGrao-6.png\",\"contentUrl\":\"https:\\\/\\\/conectagrao.com.br\\\/blog\\\/wp-content\\\/uploads\\\/2025\\\/07\\\/ConectaGrao-6.png\",\"width\":447,\"height\":559,\"caption\":\"ConectaGr\u00e3o\"},\"image\":{\"@id\":\"https:\\\/\\\/conectagrao.com.br\\\/blog\\\/#\\\/schema\\\/logo\\\/image\\\/\"},\"sameAs\":[\"https:\\\/\\\/www.facebook.com\\\/conectagrao\\\/\",\"https:\\\/\\\/www.tiktok.com\\\/@conectagrao?_t=ZM-8xPuS2d6MFB&_r=1\",\"https:\\\/\\\/www.threads.com\\\/@conectagrao\",\"https:\\\/\\\/www.youtube.com\\\/@conectagrao\",\"https:\\\/\\\/www.instagram.com\\\/conectagrao\"]},{\"@type\":\"Person\",\"@id\":\"https:\\\/\\\/conectagrao.com.br\\\/blog\\\/#\\\/schema\\\/person\\\/ba64f63526cab8efbf8b1f8198926135\",\"name\":\"conectagrao\",\"image\":{\"@type\":\"ImageObject\",\"inLanguage\":\"pt-BR\",\"@id\":\"https:\\\/\\\/secure.gravatar.com\\\/avatar\\\/fb3dc2cba7f544171abec58358591c995847240e6fd4f1f7a4a8159970dca59e?s=96&d=mm&r=g\",\"url\":\"https:\\\/\\\/secure.gravatar.com\\\/avatar\\\/fb3dc2cba7f544171abec58358591c995847240e6fd4f1f7a4a8159970dca59e?s=96&d=mm&r=g\",\"contentUrl\":\"https:\\\/\\\/secure.gravatar.com\\\/avatar\\\/fb3dc2cba7f544171abec58358591c995847240e6fd4f1f7a4a8159970dca59e?s=96&d=mm&r=g\",\"caption\":\"conectagrao\"},\"description\":\"ConectaGr\u00e3o\u00ae \u00e9 uma plataforma digital que conecta produtores, empresas e compradores do agroneg\u00f3cio, oferecendo an\u00e1lises de mercado, cota\u00e7\u00f5es, ferramentas e conte\u00fados gratuitos para facilitar o dia a dia no campo. Fundada por Genecir Jacoboski e Kao\u00ea T. Rauch a ConectaGr\u00e3o\u00ae tem como miss\u00e3o valorizar o produtor e aproximar o campo do mercado com tecnologia, informa\u00e7\u00e3o e inova\u00e7\u00e3o.\",\"sameAs\":[\"https:\\\/\\\/conectagrao.com.br\\\/blog\",\"https:\\\/\\\/www.facebook.com\\\/share\\\/1A5mH5g3LK\\\/\",\"https:\\\/\\\/www.instagram.com\\\/conectagrao?igsh=azQ1dXBndnp4dzZw\",\"https:\\\/\\\/youtube.com\\\/@conectagrao?si=QnGS_Zm7Cuj1pznt\"],\"url\":\"https:\\\/\\\/conectagrao.com.br\\\/blog\\\/author\\\/conectagrao\\\/\"}]}<\/script>\n<!-- \/ Yoast SEO plugin. -->","yoast_head_json":{"title":"Frete Cai para R$ 7,25 em Setembro: 3 Fatores que Barateiam a Log\u00edstica Agr\u00edcola - ConectaGr\u00e3o","description":"Frete rodovi\u00e1rio cai 1,49% em setembro de 2025, chegando a R$ 7,25 por km, segundo Edenred Frete.","robots":{"index":"index","follow":"follow","max-snippet":"max-snippet:-1","max-image-preview":"max-image-preview:large","max-video-preview":"max-video-preview:-1"},"canonical":"https:\/\/conectagrao.com.br\/blog\/frete-cai-para-r-725-em-setembro-3-fatores-que-barateiam-a-logistica-agricola\/","og_locale":"pt_BR","og_type":"article","og_title":"Frete Cai para R$ 7,25 em Setembro: 3 Fatores que Barateiam a Log\u00edstica Agr\u00edcola - ConectaGr\u00e3o","og_description":"Frete rodovi\u00e1rio cai 1,49% em setembro de 2025, chegando a R$ 7,25 por km, segundo Edenred Frete.","og_url":"https:\/\/conectagrao.com.br\/blog\/frete-cai-para-r-725-em-setembro-3-fatores-que-barateiam-a-logistica-agricola\/","og_site_name":"ConectaGr\u00e3o","article_publisher":"https:\/\/www.facebook.com\/conectagrao\/","article_author":"https:\/\/www.facebook.com\/share\/1A5mH5g3LK\/","article_published_time":"2025-11-07T08:11:00+00:00","og_image":[{"width":1200,"height":800,"url":"https:\/\/conectagrao.com.br\/blog\/wp-content\/uploads\/2025\/10\/Design-sem-nome-27.png","type":"image\/png"}],"author":"conectagrao","twitter_card":"summary_large_image","twitter_misc":{"Escrito por":"conectagrao","Est. tempo de leitura":"3 minutos"},"schema":{"@context":"https:\/\/schema.org","@graph":[{"@type":"Article","@id":"https:\/\/conectagrao.com.br\/blog\/frete-cai-para-r-725-em-setembro-3-fatores-que-barateiam-a-logistica-agricola\/#article","isPartOf":{"@id":"https:\/\/conectagrao.com.br\/blog\/frete-cai-para-r-725-em-setembro-3-fatores-que-barateiam-a-logistica-agricola\/"},"author":{"name":"conectagrao","@id":"https:\/\/conectagrao.com.br\/blog\/#\/schema\/person\/ba64f63526cab8efbf8b1f8198926135"},"headline":"Frete Cai para R$ 7,25 em Setembro: 3 Fatores que Barateiam a Log\u00edstica Agr\u00edcola","datePublished":"2025-11-07T08:11:00+00:00","mainEntityOfPage":{"@id":"https:\/\/conectagrao.com.br\/blog\/frete-cai-para-r-725-em-setembro-3-fatores-que-barateiam-a-logistica-agricola\/"},"wordCount":430,"commentCount":0,"publisher":{"@id":"https:\/\/conectagrao.com.br\/blog\/#organization"},"image":{"@id":"https:\/\/conectagrao.com.br\/blog\/frete-cai-para-r-725-em-setembro-3-fatores-que-barateiam-a-logistica-agricola\/#primaryimage"},"thumbnailUrl":"https:\/\/conectagrao.com.br\/blog\/wp-content\/uploads\/2025\/10\/Design-sem-nome-27.png","keywords":["custos diesel agroneg\u00f3cio","Edenred Frete","efici\u00eancia log\u00edstica rural.","IFR rodovi\u00e1rio","log\u00edstica agr\u00edcola","pre\u00e7o frete 2025","tabela ANTT frete","transporte gr\u00e3os"],"articleSection":["Blog","Vis\u00e3o de Mercado"],"inLanguage":"pt-BR","potentialAction":[{"@type":"CommentAction","name":"Comment","target":["https:\/\/conectagrao.com.br\/blog\/frete-cai-para-r-725-em-setembro-3-fatores-que-barateiam-a-logistica-agricola\/#respond"]}]},{"@type":"WebPage","@id":"https:\/\/conectagrao.com.br\/blog\/frete-cai-para-r-725-em-setembro-3-fatores-que-barateiam-a-logistica-agricola\/","url":"https:\/\/conectagrao.com.br\/blog\/frete-cai-para-r-725-em-setembro-3-fatores-que-barateiam-a-logistica-agricola\/","name":"Frete Cai para R$ 7,25 em Setembro: 3 Fatores que Barateiam a Log\u00edstica Agr\u00edcola - ConectaGr\u00e3o","isPartOf":{"@id":"https:\/\/conectagrao.com.br\/blog\/#website"},"primaryImageOfPage":{"@id":"https:\/\/conectagrao.com.br\/blog\/frete-cai-para-r-725-em-setembro-3-fatores-que-barateiam-a-logistica-agricola\/#primaryimage"},"image":{"@id":"https:\/\/conectagrao.com.br\/blog\/frete-cai-para-r-725-em-setembro-3-fatores-que-barateiam-a-logistica-agricola\/#primaryimage"},"thumbnailUrl":"https:\/\/conectagrao.com.br\/blog\/wp-content\/uploads\/2025\/10\/Design-sem-nome-27.png","datePublished":"2025-11-07T08:11:00+00:00","description":"Frete rodovi\u00e1rio cai 1,49% em setembro de 2025, chegando a R$ 7,25 por km, segundo Edenred Frete.","breadcrumb":{"@id":"https:\/\/conectagrao.com.br\/blog\/frete-cai-para-r-725-em-setembro-3-fatores-que-barateiam-a-logistica-agricola\/#breadcrumb"},"inLanguage":"pt-BR","potentialAction":[{"@type":"ReadAction","target":["https:\/\/conectagrao.com.br\/blog\/frete-cai-para-r-725-em-setembro-3-fatores-que-barateiam-a-logistica-agricola\/"]}]},{"@type":"ImageObject","inLanguage":"pt-BR","@id":"https:\/\/conectagrao.com.br\/blog\/frete-cai-para-r-725-em-setembro-3-fatores-que-barateiam-a-logistica-agricola\/#primaryimage","url":"https:\/\/conectagrao.com.br\/blog\/wp-content\/uploads\/2025\/10\/Design-sem-nome-27.png","contentUrl":"https:\/\/conectagrao.com.br\/blog\/wp-content\/uploads\/2025\/10\/Design-sem-nome-27.png","width":1200,"height":800},{"@type":"BreadcrumbList","@id":"https:\/\/conectagrao.com.br\/blog\/frete-cai-para-r-725-em-setembro-3-fatores-que-barateiam-a-logistica-agricola\/#breadcrumb","itemListElement":[{"@type":"ListItem","position":1,"name":"In\u00edcio","item":"https:\/\/conectagrao.com.br\/blog\/"},{"@type":"ListItem","position":2,"name":"Frete Cai para R$ 7,25 em Setembro: 3 Fatores que Barateiam a Log\u00edstica Agr\u00edcola"}]},{"@type":"WebSite","@id":"https:\/\/conectagrao.com.br\/blog\/#website","url":"https:\/\/conectagrao.com.br\/blog\/","name":"ConectaGr\u00e3o","description":"Conectando o futuro com o agroneg\u00f3cio.","publisher":{"@id":"https:\/\/conectagrao.com.br\/blog\/#organization"},"alternateName":"conectagrao","potentialAction":[{"@type":"SearchAction","target":{"@type":"EntryPoint","urlTemplate":"https:\/\/conectagrao.com.br\/blog\/?s={search_term_string}"},"query-input":{"@type":"PropertyValueSpecification","valueRequired":true,"valueName":"search_term_string"}}],"inLanguage":"pt-BR"},{"@type":"Organization","@id":"https:\/\/conectagrao.com.br\/blog\/#organization","name":"ConectaGr\u00e3o","alternateName":"conectagrao","url":"https:\/\/conectagrao.com.br\/blog\/","logo":{"@type":"ImageObject","inLanguage":"pt-BR","@id":"https:\/\/conectagrao.com.br\/blog\/#\/schema\/logo\/image\/","url":"https:\/\/conectagrao.com.br\/blog\/wp-content\/uploads\/2025\/07\/ConectaGrao-6.png","contentUrl":"https:\/\/conectagrao.com.br\/blog\/wp-content\/uploads\/2025\/07\/ConectaGrao-6.png","width":447,"height":559,"caption":"ConectaGr\u00e3o"},"image":{"@id":"https:\/\/conectagrao.com.br\/blog\/#\/schema\/logo\/image\/"},"sameAs":["https:\/\/www.facebook.com\/conectagrao\/","https:\/\/www.tiktok.com\/@conectagrao?_t=ZM-8xPuS2d6MFB&_r=1","https:\/\/www.threads.com\/@conectagrao","https:\/\/www.youtube.com\/@conectagrao","https:\/\/www.instagram.com\/conectagrao"]},{"@type":"Person","@id":"https:\/\/conectagrao.com.br\/blog\/#\/schema\/person\/ba64f63526cab8efbf8b1f8198926135","name":"conectagrao","image":{"@type":"ImageObject","inLanguage":"pt-BR","@id":"https:\/\/secure.gravatar.com\/avatar\/fb3dc2cba7f544171abec58358591c995847240e6fd4f1f7a4a8159970dca59e?s=96&d=mm&r=g","url":"https:\/\/secure.gravatar.com\/avatar\/fb3dc2cba7f544171abec58358591c995847240e6fd4f1f7a4a8159970dca59e?s=96&d=mm&r=g","contentUrl":"https:\/\/secure.gravatar.com\/avatar\/fb3dc2cba7f544171abec58358591c995847240e6fd4f1f7a4a8159970dca59e?s=96&d=mm&r=g","caption":"conectagrao"},"description":"ConectaGr\u00e3o\u00ae \u00e9 uma plataforma digital que conecta produtores, empresas e compradores do agroneg\u00f3cio, oferecendo an\u00e1lises de mercado, cota\u00e7\u00f5es, ferramentas e conte\u00fados gratuitos para facilitar o dia a dia no campo. Fundada por Genecir Jacoboski e Kao\u00ea T. Rauch a ConectaGr\u00e3o\u00ae tem como miss\u00e3o valorizar o produtor e aproximar o campo do mercado com tecnologia, informa\u00e7\u00e3o e inova\u00e7\u00e3o.","sameAs":["https:\/\/conectagrao.com.br\/blog","https:\/\/www.facebook.com\/share\/1A5mH5g3LK\/","https:\/\/www.instagram.com\/conectagrao?igsh=azQ1dXBndnp4dzZw","https:\/\/youtube.com\/@conectagrao?si=QnGS_Zm7Cuj1pznt"],"url":"https:\/\/conectagrao.com.br\/blog\/author\/conectagrao\/"}]}},"uagb_featured_image_src":{"full":["https:\/\/conectagrao.com.br\/blog\/wp-content\/uploads\/2025\/10\/Design-sem-nome-27.png",1200,800,false],"thumbnail":["https:\/\/conectagrao.com.br\/blog\/wp-content\/uploads\/2025\/10\/Design-sem-nome-27-150x150.png",150,150,true],"medium":["https:\/\/conectagrao.com.br\/blog\/wp-content\/uploads\/2025\/10\/Design-sem-nome-27-300x200.png",300,200,true],"medium_large":["https:\/\/conectagrao.com.br\/blog\/wp-content\/uploads\/2025\/10\/Design-sem-nome-27-768x512.png",640,427,true],"large":["https:\/\/conectagrao.com.br\/blog\/wp-content\/uploads\/2025\/10\/Design-sem-nome-27-1024x683.png",640,427,true],"1536x1536":["https:\/\/conectagrao.com.br\/blog\/wp-content\/uploads\/2025\/10\/Design-sem-nome-27.png",1200,800,false],"2048x2048":["https:\/\/conectagrao.com.br\/blog\/wp-content\/uploads\/2025\/10\/Design-sem-nome-27.png",1200,800,false],"cvmm-medium":["https:\/\/conectagrao.com.br\/blog\/wp-content\/uploads\/2025\/10\/Design-sem-nome-27-300x300.png",300,300,true],"cvmm-medium-plus":["https:\/\/conectagrao.com.br\/blog\/wp-content\/uploads\/2025\/10\/Design-sem-nome-27-305x207.png",305,207,true],"cvmm-portrait":["https:\/\/conectagrao.com.br\/blog\/wp-content\/uploads\/2025\/10\/Design-sem-nome-27-400x600.png",400,600,true],"cvmm-medium-square":["https:\/\/conectagrao.com.br\/blog\/wp-content\/uploads\/2025\/10\/Design-sem-nome-27-600x600.png",600,600,true],"cvmm-large":["https:\/\/conectagrao.com.br\/blog\/wp-content\/uploads\/2025\/10\/Design-sem-nome-27-1024x800.png",1024,800,true],"cvmm-small":["https:\/\/conectagrao.com.br\/blog\/wp-content\/uploads\/2025\/10\/Design-sem-nome-27-130x95.png",130,95,true],"news-portal-block-medium":["https:\/\/conectagrao.com.br\/blog\/wp-content\/uploads\/2025\/10\/Design-sem-nome-27-305x207.png",305,207,true],"news-portal-block-thumb":["https:\/\/conectagrao.com.br\/blog\/wp-content\/uploads\/2025\/10\/Design-sem-nome-27-136x102.png",136,102,true],"news-portal-slider-medium":["https:\/\/conectagrao.com.br\/blog\/wp-content\/uploads\/2025\/10\/Design-sem-nome-27-622x420.png",622,420,true],"news-portal-carousel-portrait":["https:\/\/conectagrao.com.br\/blog\/wp-content\/uploads\/2025\/10\/Design-sem-nome-27-400x600.png",400,600,true],"news-portal-alternate-grid":["https:\/\/conectagrao.com.br\/blog\/wp-content\/uploads\/2025\/10\/Design-sem-nome-27-340x316.png",340,316,true],"web-stories-poster-portrait":["https:\/\/conectagrao.com.br\/blog\/wp-content\/uploads\/2025\/10\/Design-sem-nome-27-640x800.png",640,800,true],"web-stories-publisher-logo":["https:\/\/conectagrao.com.br\/blog\/wp-content\/uploads\/2025\/10\/Design-sem-nome-27-96x96.png",96,96,true],"web-stories-thumbnail":["https:\/\/conectagrao.com.br\/blog\/wp-content\/uploads\/2025\/10\/Design-sem-nome-27-150x100.png",150,100,true]},"uagb_author_info":{"display_name":"conectagrao","author_link":"https:\/\/conectagrao.com.br\/blog\/author\/conectagrao\/"},"uagb_comment_info":0,"uagb_excerpt":"O pre\u00e7o m\u00e9dio do frete rodovi\u00e1rio despencou para R$ 7,25 por quil\u00f4metro em setembro de 2025, uma queda de 1,49% em rela\u00e7\u00e3o a agosto, conforme o \u00cdndice de Frete Rodovi\u00e1rio (IFR) da Edenred Frete. Essa redu\u00e7\u00e3o, impulsionada por fatores macroecon\u00f4micos e queda no diesel, traz al\u00edvio aos produtores rurais, otimizando a cadeia de suprimentos no&hellip;","blog_post_layout_featured_media_urls":{"thumbnail":["https:\/\/conectagrao.com.br\/blog\/wp-content\/uploads\/2025\/10\/Design-sem-nome-27-150x150.png",150,150,true],"full":["https:\/\/conectagrao.com.br\/blog\/wp-content\/uploads\/2025\/10\/Design-sem-nome-27.png",1200,800,false]},"categories_names":{"1":{"name":"Blog","link":"https:\/\/conectagrao.com.br\/blog\/blog\/"},"29":{"name":"Vis\u00e3o de Mercado","link":"https:\/\/conectagrao.com.br\/blog\/mercado\/"}},"tags_names":{"477":{"name":"custos diesel agroneg\u00f3cio","link":"https:\/\/conectagrao.com.br\/blog\/tag\/custos-diesel-agronegocio\/"},"475":{"name":"Edenred Frete","link":"https:\/\/conectagrao.com.br\/blog\/tag\/edenred-frete\/"},"480":{"name":"efici\u00eancia log\u00edstica rural.","link":"https:\/\/conectagrao.com.br\/blog\/tag\/eficiencia-logistica-rural\/"},"476":{"name":"IFR rodovi\u00e1rio","link":"https:\/\/conectagrao.com.br\/blog\/tag\/ifr-rodoviario\/"},"473":{"name":"log\u00edstica agr\u00edcola","link":"https:\/\/conectagrao.com.br\/blog\/tag\/logistica-agricola\/"},"474":{"name":"pre\u00e7o frete 2025","link":"https:\/\/conectagrao.com.br\/blog\/tag\/preco-frete-2025\/"},"478":{"name":"tabela ANTT frete","link":"https:\/\/conectagrao.com.br\/blog\/tag\/tabela-antt-frete\/"},"479":{"name":"transporte gr\u00e3os","link":"https:\/\/conectagrao.com.br\/blog\/tag\/transporte-graos\/"}},"comments_number":"0","wpmagazine_modules_lite_featured_media_urls":{"thumbnail":["https:\/\/conectagrao.com.br\/blog\/wp-content\/uploads\/2025\/10\/Design-sem-nome-27-150x150.png",150,150,true],"cvmm-medium":["https:\/\/conectagrao.com.br\/blog\/wp-content\/uploads\/2025\/10\/Design-sem-nome-27-300x300.png",300,300,true],"cvmm-medium-plus":["https:\/\/conectagrao.com.br\/blog\/wp-content\/uploads\/2025\/10\/Design-sem-nome-27-305x207.png",305,207,true],"cvmm-portrait":["https:\/\/conectagrao.com.br\/blog\/wp-content\/uploads\/2025\/10\/Design-sem-nome-27-400x600.png",400,600,true],"cvmm-medium-square":["https:\/\/conectagrao.com.br\/blog\/wp-content\/uploads\/2025\/10\/Design-sem-nome-27-600x600.png",600,600,true],"cvmm-large":["https:\/\/conectagrao.com.br\/blog\/wp-content\/uploads\/2025\/10\/Design-sem-nome-27-1024x800.png",1024,800,true],"cvmm-small":["https:\/\/conectagrao.com.br\/blog\/wp-content\/uploads\/2025\/10\/Design-sem-nome-27-130x95.png",130,95,true],"full":["https:\/\/conectagrao.com.br\/blog\/wp-content\/uploads\/2025\/10\/Design-sem-nome-27.png",1200,800,false]},"_links":{"self":[{"href":"https:\/\/conectagrao.com.br\/blog\/wp-json\/wp\/v2\/posts\/1337","targetHints":{"allow":["GET"]}}],"collection":[{"href":"https:\/\/conectagrao.com.br\/blog\/wp-json\/wp\/v2\/posts"}],"about":[{"href":"https:\/\/conectagrao.com.br\/blog\/wp-json\/wp\/v2\/types\/post"}],"author":[{"embeddable":true,"href":"https:\/\/conectagrao.com.br\/blog\/wp-json\/wp\/v2\/users\/1"}],"replies":[{"embeddable":true,"href":"https:\/\/conectagrao.com.br\/blog\/wp-json\/wp\/v2\/comments?post=1337"}],"version-history":[{"count":1,"href":"https:\/\/conectagrao.com.br\/blog\/wp-json\/wp\/v2\/posts\/1337\/revisions"}],"predecessor-version":[{"id":1342,"href":"https:\/\/conectagrao.com.br\/blog\/wp-json\/wp\/v2\/posts\/1337\/revisions\/1342"}],"wp:featuredmedia":[{"embeddable":true,"href":"https:\/\/conectagrao.com.br\/blog\/wp-json\/wp\/v2\/media\/1338"}],"wp:attachment":[{"href":"https:\/\/conectagrao.com.br\/blog\/wp-json\/wp\/v2\/media?parent=1337"}],"wp:term":[{"taxonomy":"category","embeddable":true,"href":"https:\/\/conectagrao.com.br\/blog\/wp-json\/wp\/v2\/categories?post=1337"},{"taxonomy":"post_tag","embeddable":true,"href":"https:\/\/conectagrao.com.br\/blog\/wp-json\/wp\/v2\/tags?post=1337"}],"curies":[{"name":"wp","href":"https:\/\/api.w.org\/{rel}","templated":true}]}}