{"id":1339,"date":"2025-11-06T01:01:28","date_gmt":"2025-11-06T01:01:28","guid":{"rendered":"https:\/\/conectagrao.com.br\/blog\/?p=1339"},"modified":"2025-11-06T01:01:33","modified_gmt":"2025-11-06T01:01:33","slug":"a-degradacao-do-solo-emerge-como-uma-ameaca-silenciosa-ao-agronegocio-mundial","status":"publish","type":"post","link":"https:\/\/conectagrao.com.br\/blog\/a-degradacao-do-solo-emerge-como-uma-ameaca-silenciosa-ao-agronegocio-mundial\/","title":{"rendered":"A Degrada\u00e7\u00e3o do Solo Emerge Como Uma Amea\u00e7a Silenciosa ao Agroneg\u00f3cio Mundial"},"content":{"rendered":"\n<p><\/p>\n\n\n\n<p>Imagine um peda\u00e7o de terra que antes dava boas colheitas, agora cansado e fraco, produzindo cada vez menos. Esse \u00e9 o impacto real da <strong>degrada\u00e7\u00e3o do solo<\/strong>, que, segundo o relat\u00f3rio da ONU de 2025, afeta mais de 33% das terras agr\u00edcolas do planeta. No Brasil, por exemplo, \u00e1reas como o Cerrado perdem at\u00e9 1 tonelada de solo por hectare ao ano devido ao uso intensivo, destruindo n\u00e3o s\u00f3 o substrato, mas o futuro do setor.<\/p>\n\n\n\n<h2 class=\"wp-block-heading\">Causas Principais da Degrada\u00e7\u00e3o do Solo<\/h2>\n\n\n\n<p>Primeiramente, pr\u00e1ticas agr\u00edcolas convencionais, como o monocultivo e o arado excessivo, aceleram a eros\u00e3o. Al\u00e9m disso, o uso indiscriminado de agrot\u00f3xicos e fertilizantes qu\u00edmicos compromete a microbiota do solo, essencial para a nutri\u00e7\u00e3o das plantas. Consequentemente, solos degradados ret\u00eam menos \u00e1gua e nutrientes, ampliando a vulnerabilidade a secas. No entanto, avan\u00e7os como a an\u00e1lise por sensoriamento remoto, via drones equipados com espectr\u00f4metros, permitem mapear esses danos em tempo real, facilitando interven\u00e7\u00f5es precisas.<\/p>\n\n\n\n<h2 class=\"wp-block-heading\">Impactos na Produtividade Agr\u00edcola<\/h2>\n\n\n\n<p>Em seguida, os efeitos se estendem \u00e0 economia: perdas globais estimadas em US$ 6,3 trilh\u00f5es anuais, com o Brasil enfrentando redu\u00e7\u00f5es de 10-15% na soja e milho. Por outro lado, a <strong>degrada\u00e7\u00e3o do solo<\/strong> agrava a fome em na\u00e7\u00f5es em desenvolvimento, onde 1,7 bilh\u00e3o de produtores familiares lutam para manter colheitas vi\u00e1veis. Assim, sem corre\u00e7\u00f5es, proje\u00e7\u00f5es indicam queda de 50% na produ\u00e7\u00e3o at\u00e9 2050.<\/p>\n\n\n\n<h2 class=\"wp-block-heading\">Solu\u00e7\u00f5es Tecnol\u00f3gicas e Sustent\u00e1veis<\/h2>\n\n\n\n<p>Por fim, a ado\u00e7\u00e3o de t\u00e9cnicas como o plantio direto e a rota\u00e7\u00e3o de culturas pode restaurar at\u00e9 70% da fertilidade em cinco anos. Al\u00e9m do mais, biofertilizantes \u00e0 base de microrganismos promovem a regenera\u00e7\u00e3o natural. Portanto, investir em monitoramento via IA, como plataformas que preveem eros\u00e3o com precis\u00e3o de 95%, \u00e9 crucial. Dessa forma, o agroneg\u00f3cio brasileiro pode liderar a transi\u00e7\u00e3o para solos resilientes, integrando sustentabilidade \u00e0 alta produtividade.<\/p>\n\n\n\n<p>Em resumo, combater a <strong>degrada\u00e7\u00e3o do solo<\/strong> n\u00e3o \u00e9 apenas uma necessidade ambiental, mas uma estrat\u00e9gia pr\u00e1tica para elevar a produtividade agr\u00edcola e assegurar o sustento de bilh\u00f5es. Ao adotar essas inova\u00e7\u00f5es, produtores podem transformar desafios em oportunidades de crescimento rent\u00e1vel. Continue acompanhando as inova\u00e7\u00f5es do campo e fique por dentro das tend\u00eancias do agroneg\u00f3cio.<\/p>\n\n\n\n<p><\/p>\n","protected":false},"excerpt":{"rendered":"<p>A degrada\u00e7\u00e3o do solo emerge como uma amea\u00e7a silenciosa ao agroneg\u00f3cio mundial, afetando diretamente 1,7 bilh\u00e3o de indiv\u00edduos dependentes da agricultura. De acordo com estudos recentes, esse fen\u00f4meno j\u00e1 corta a produtividade em at\u00e9 20% em regi\u00f5es vulner\u00e1veis, demandando a\u00e7\u00f5es urgentes para preservar a fertilidade da terra e garantir a seguran\u00e7a alimentar global.<\/p>\n","protected":false},"author":1,"featured_media":1340,"comment_status":"open","ping_status":"open","sticky":false,"template":"","format":"standard","meta":{"_coblocks_attr":"","_coblocks_dimensions":"","_coblocks_responsive_height":"","_coblocks_accordion_ie_support":"","_uag_custom_page_level_css":"","footnotes":""},"categories":[32,1],"tags":[206,482,481,485,171,486,483,484],"class_list":["post-1339","post","type-post","status-publish","format-standard","has-post-thumbnail","hentry","category-agricultura","category-blog","tag-agricultura-sustentavel","tag-conservacao-do-solo","tag-erosao-do-solo","tag-monitoramento-de-solos","tag-produtividade-agricola","tag-seguranca-alimentar-global","tag-solos-ferteis","tag-tecnicas-de-plantio-direto"],"yoast_head":"<!-- This site is optimized with the Yoast SEO plugin v27.4 - https:\/\/yoast.com\/product\/yoast-seo-wordpress\/ -->\n<title>A Degrada\u00e7\u00e3o do Solo Emerge Como Uma Amea\u00e7a Silenciosa ao Agroneg\u00f3cio Mundial - ConectaGr\u00e3o<\/title>\n<meta name=\"description\" content=\"A degrada\u00e7\u00e3o do solo j\u00e1 impacta 1,7 bilh\u00e3o de pessoas na agricultura global, reduzindo colheitas em at\u00e9 20%.\" \/>\n<meta name=\"robots\" content=\"index, follow, max-snippet:-1, max-image-preview:large, max-video-preview:-1\" \/>\n<link rel=\"canonical\" href=\"https:\/\/conectagrao.com.br\/blog\/a-degradacao-do-solo-emerge-como-uma-ameaca-silenciosa-ao-agronegocio-mundial\/\" \/>\n<meta property=\"og:locale\" content=\"pt_BR\" \/>\n<meta property=\"og:type\" content=\"article\" \/>\n<meta property=\"og:title\" content=\"A Degrada\u00e7\u00e3o do Solo Emerge Como Uma Amea\u00e7a Silenciosa ao Agroneg\u00f3cio Mundial - ConectaGr\u00e3o\" \/>\n<meta property=\"og:description\" content=\"A degrada\u00e7\u00e3o do solo j\u00e1 impacta 1,7 bilh\u00e3o de pessoas na agricultura global, reduzindo colheitas em at\u00e9 20%.\" \/>\n<meta property=\"og:url\" content=\"https:\/\/conectagrao.com.br\/blog\/a-degradacao-do-solo-emerge-como-uma-ameaca-silenciosa-ao-agronegocio-mundial\/\" \/>\n<meta property=\"og:site_name\" content=\"ConectaGr\u00e3o\" \/>\n<meta property=\"article:publisher\" content=\"https:\/\/www.facebook.com\/conectagrao\/\" \/>\n<meta property=\"article:author\" content=\"https:\/\/www.facebook.com\/share\/1A5mH5g3LK\/\" \/>\n<meta property=\"article:published_time\" content=\"2025-11-06T01:01:28+00:00\" \/>\n<meta property=\"article:modified_time\" content=\"2025-11-06T01:01:33+00:00\" \/>\n<meta property=\"og:image\" content=\"https:\/\/conectagrao.com.br\/blog\/wp-content\/uploads\/2025\/11\/Design-sem-nome-28.png\" \/>\n\t<meta property=\"og:image:width\" content=\"1200\" \/>\n\t<meta property=\"og:image:height\" content=\"800\" \/>\n\t<meta property=\"og:image:type\" content=\"image\/png\" \/>\n<meta name=\"author\" content=\"conectagrao\" \/>\n<meta name=\"twitter:card\" content=\"summary_large_image\" \/>\n<meta name=\"twitter:label1\" content=\"Escrito por\" \/>\n\t<meta name=\"twitter:data1\" content=\"conectagrao\" \/>\n\t<meta name=\"twitter:label2\" content=\"Est. tempo de leitura\" \/>\n\t<meta name=\"twitter:data2\" content=\"3 minutos\" \/>\n<script type=\"application\/ld+json\" class=\"yoast-schema-graph\">{\"@context\":\"https:\\\/\\\/schema.org\",\"@graph\":[{\"@type\":\"Article\",\"@id\":\"https:\\\/\\\/conectagrao.com.br\\\/blog\\\/a-degradacao-do-solo-emerge-como-uma-ameaca-silenciosa-ao-agronegocio-mundial\\\/#article\",\"isPartOf\":{\"@id\":\"https:\\\/\\\/conectagrao.com.br\\\/blog\\\/a-degradacao-do-solo-emerge-como-uma-ameaca-silenciosa-ao-agronegocio-mundial\\\/\"},\"author\":{\"name\":\"conectagrao\",\"@id\":\"https:\\\/\\\/conectagrao.com.br\\\/blog\\\/#\\\/schema\\\/person\\\/ba64f63526cab8efbf8b1f8198926135\"},\"headline\":\"A Degrada\u00e7\u00e3o do Solo Emerge Como Uma Amea\u00e7a Silenciosa ao Agroneg\u00f3cio Mundial\",\"datePublished\":\"2025-11-06T01:01:28+00:00\",\"dateModified\":\"2025-11-06T01:01:33+00:00\",\"mainEntityOfPage\":{\"@id\":\"https:\\\/\\\/conectagrao.com.br\\\/blog\\\/a-degradacao-do-solo-emerge-como-uma-ameaca-silenciosa-ao-agronegocio-mundial\\\/\"},\"wordCount\":402,\"commentCount\":0,\"publisher\":{\"@id\":\"https:\\\/\\\/conectagrao.com.br\\\/blog\\\/#organization\"},\"image\":{\"@id\":\"https:\\\/\\\/conectagrao.com.br\\\/blog\\\/a-degradacao-do-solo-emerge-como-uma-ameaca-silenciosa-ao-agronegocio-mundial\\\/#primaryimage\"},\"thumbnailUrl\":\"https:\\\/\\\/conectagrao.com.br\\\/blog\\\/wp-content\\\/uploads\\\/2025\\\/11\\\/Design-sem-nome-28.png\",\"keywords\":[\"Agricultura sustent\u00e1vel\",\"conserva\u00e7\u00e3o do solo\",\"eros\u00e3o do solo\",\"monitoramento de solos\",\"produtividade agr\u00edcola\",\"seguran\u00e7a alimentar global\",\"solos f\u00e9rteis\",\"t\u00e9cnicas de plantio direto\"],\"articleSection\":[\"Agricultura\",\"Blog\"],\"inLanguage\":\"pt-BR\",\"potentialAction\":[{\"@type\":\"CommentAction\",\"name\":\"Comment\",\"target\":[\"https:\\\/\\\/conectagrao.com.br\\\/blog\\\/a-degradacao-do-solo-emerge-como-uma-ameaca-silenciosa-ao-agronegocio-mundial\\\/#respond\"]}]},{\"@type\":\"WebPage\",\"@id\":\"https:\\\/\\\/conectagrao.com.br\\\/blog\\\/a-degradacao-do-solo-emerge-como-uma-ameaca-silenciosa-ao-agronegocio-mundial\\\/\",\"url\":\"https:\\\/\\\/conectagrao.com.br\\\/blog\\\/a-degradacao-do-solo-emerge-como-uma-ameaca-silenciosa-ao-agronegocio-mundial\\\/\",\"name\":\"A Degrada\u00e7\u00e3o do Solo Emerge Como Uma Amea\u00e7a Silenciosa ao Agroneg\u00f3cio Mundial - ConectaGr\u00e3o\",\"isPartOf\":{\"@id\":\"https:\\\/\\\/conectagrao.com.br\\\/blog\\\/#website\"},\"primaryImageOfPage\":{\"@id\":\"https:\\\/\\\/conectagrao.com.br\\\/blog\\\/a-degradacao-do-solo-emerge-como-uma-ameaca-silenciosa-ao-agronegocio-mundial\\\/#primaryimage\"},\"image\":{\"@id\":\"https:\\\/\\\/conectagrao.com.br\\\/blog\\\/a-degradacao-do-solo-emerge-como-uma-ameaca-silenciosa-ao-agronegocio-mundial\\\/#primaryimage\"},\"thumbnailUrl\":\"https:\\\/\\\/conectagrao.com.br\\\/blog\\\/wp-content\\\/uploads\\\/2025\\\/11\\\/Design-sem-nome-28.png\",\"datePublished\":\"2025-11-06T01:01:28+00:00\",\"dateModified\":\"2025-11-06T01:01:33+00:00\",\"description\":\"A degrada\u00e7\u00e3o do solo j\u00e1 impacta 1,7 bilh\u00e3o de pessoas na agricultura global, reduzindo colheitas em at\u00e9 20%.\",\"breadcrumb\":{\"@id\":\"https:\\\/\\\/conectagrao.com.br\\\/blog\\\/a-degradacao-do-solo-emerge-como-uma-ameaca-silenciosa-ao-agronegocio-mundial\\\/#breadcrumb\"},\"inLanguage\":\"pt-BR\",\"potentialAction\":[{\"@type\":\"ReadAction\",\"target\":[\"https:\\\/\\\/conectagrao.com.br\\\/blog\\\/a-degradacao-do-solo-emerge-como-uma-ameaca-silenciosa-ao-agronegocio-mundial\\\/\"]}]},{\"@type\":\"ImageObject\",\"inLanguage\":\"pt-BR\",\"@id\":\"https:\\\/\\\/conectagrao.com.br\\\/blog\\\/a-degradacao-do-solo-emerge-como-uma-ameaca-silenciosa-ao-agronegocio-mundial\\\/#primaryimage\",\"url\":\"https:\\\/\\\/conectagrao.com.br\\\/blog\\\/wp-content\\\/uploads\\\/2025\\\/11\\\/Design-sem-nome-28.png\",\"contentUrl\":\"https:\\\/\\\/conectagrao.com.br\\\/blog\\\/wp-content\\\/uploads\\\/2025\\\/11\\\/Design-sem-nome-28.png\",\"width\":1200,\"height\":800},{\"@type\":\"BreadcrumbList\",\"@id\":\"https:\\\/\\\/conectagrao.com.br\\\/blog\\\/a-degradacao-do-solo-emerge-como-uma-ameaca-silenciosa-ao-agronegocio-mundial\\\/#breadcrumb\",\"itemListElement\":[{\"@type\":\"ListItem\",\"position\":1,\"name\":\"In\u00edcio\",\"item\":\"https:\\\/\\\/conectagrao.com.br\\\/blog\\\/\"},{\"@type\":\"ListItem\",\"position\":2,\"name\":\"A Degrada\u00e7\u00e3o do Solo Emerge Como Uma Amea\u00e7a Silenciosa ao Agroneg\u00f3cio Mundial\"}]},{\"@type\":\"WebSite\",\"@id\":\"https:\\\/\\\/conectagrao.com.br\\\/blog\\\/#website\",\"url\":\"https:\\\/\\\/conectagrao.com.br\\\/blog\\\/\",\"name\":\"ConectaGr\u00e3o\",\"description\":\"Conectando o futuro com o agroneg\u00f3cio.\",\"publisher\":{\"@id\":\"https:\\\/\\\/conectagrao.com.br\\\/blog\\\/#organization\"},\"alternateName\":\"conectagrao\",\"potentialAction\":[{\"@type\":\"SearchAction\",\"target\":{\"@type\":\"EntryPoint\",\"urlTemplate\":\"https:\\\/\\\/conectagrao.com.br\\\/blog\\\/?s={search_term_string}\"},\"query-input\":{\"@type\":\"PropertyValueSpecification\",\"valueRequired\":true,\"valueName\":\"search_term_string\"}}],\"inLanguage\":\"pt-BR\"},{\"@type\":\"Organization\",\"@id\":\"https:\\\/\\\/conectagrao.com.br\\\/blog\\\/#organization\",\"name\":\"ConectaGr\u00e3o\",\"alternateName\":\"conectagrao\",\"url\":\"https:\\\/\\\/conectagrao.com.br\\\/blog\\\/\",\"logo\":{\"@type\":\"ImageObject\",\"inLanguage\":\"pt-BR\",\"@id\":\"https:\\\/\\\/conectagrao.com.br\\\/blog\\\/#\\\/schema\\\/logo\\\/image\\\/\",\"url\":\"https:\\\/\\\/conectagrao.com.br\\\/blog\\\/wp-content\\\/uploads\\\/2025\\\/07\\\/ConectaGrao-6.png\",\"contentUrl\":\"https:\\\/\\\/conectagrao.com.br\\\/blog\\\/wp-content\\\/uploads\\\/2025\\\/07\\\/ConectaGrao-6.png\",\"width\":447,\"height\":559,\"caption\":\"ConectaGr\u00e3o\"},\"image\":{\"@id\":\"https:\\\/\\\/conectagrao.com.br\\\/blog\\\/#\\\/schema\\\/logo\\\/image\\\/\"},\"sameAs\":[\"https:\\\/\\\/www.facebook.com\\\/conectagrao\\\/\",\"https:\\\/\\\/www.tiktok.com\\\/@conectagrao?_t=ZM-8xPuS2d6MFB&_r=1\",\"https:\\\/\\\/www.threads.com\\\/@conectagrao\",\"https:\\\/\\\/www.youtube.com\\\/@conectagrao\",\"https:\\\/\\\/www.instagram.com\\\/conectagrao\"]},{\"@type\":\"Person\",\"@id\":\"https:\\\/\\\/conectagrao.com.br\\\/blog\\\/#\\\/schema\\\/person\\\/ba64f63526cab8efbf8b1f8198926135\",\"name\":\"conectagrao\",\"image\":{\"@type\":\"ImageObject\",\"inLanguage\":\"pt-BR\",\"@id\":\"https:\\\/\\\/secure.gravatar.com\\\/avatar\\\/fb3dc2cba7f544171abec58358591c995847240e6fd4f1f7a4a8159970dca59e?s=96&d=mm&r=g\",\"url\":\"https:\\\/\\\/secure.gravatar.com\\\/avatar\\\/fb3dc2cba7f544171abec58358591c995847240e6fd4f1f7a4a8159970dca59e?s=96&d=mm&r=g\",\"contentUrl\":\"https:\\\/\\\/secure.gravatar.com\\\/avatar\\\/fb3dc2cba7f544171abec58358591c995847240e6fd4f1f7a4a8159970dca59e?s=96&d=mm&r=g\",\"caption\":\"conectagrao\"},\"description\":\"ConectaGr\u00e3o\u00ae \u00e9 uma plataforma digital que conecta produtores, empresas e compradores do agroneg\u00f3cio, oferecendo an\u00e1lises de mercado, cota\u00e7\u00f5es, ferramentas e conte\u00fados gratuitos para facilitar o dia a dia no campo. Fundada por Genecir Jacoboski e Kao\u00ea T. Rauch a ConectaGr\u00e3o\u00ae tem como miss\u00e3o valorizar o produtor e aproximar o campo do mercado com tecnologia, informa\u00e7\u00e3o e inova\u00e7\u00e3o.\",\"sameAs\":[\"https:\\\/\\\/conectagrao.com.br\\\/blog\",\"https:\\\/\\\/www.facebook.com\\\/share\\\/1A5mH5g3LK\\\/\",\"https:\\\/\\\/www.instagram.com\\\/conectagrao?igsh=azQ1dXBndnp4dzZw\",\"https:\\\/\\\/youtube.com\\\/@conectagrao?si=QnGS_Zm7Cuj1pznt\"],\"url\":\"https:\\\/\\\/conectagrao.com.br\\\/blog\\\/author\\\/conectagrao\\\/\"}]}<\/script>\n<!-- \/ Yoast SEO plugin. -->","yoast_head_json":{"title":"A Degrada\u00e7\u00e3o do Solo Emerge Como Uma Amea\u00e7a Silenciosa ao Agroneg\u00f3cio Mundial - ConectaGr\u00e3o","description":"A degrada\u00e7\u00e3o do solo j\u00e1 impacta 1,7 bilh\u00e3o de pessoas na agricultura global, reduzindo colheitas em at\u00e9 20%.","robots":{"index":"index","follow":"follow","max-snippet":"max-snippet:-1","max-image-preview":"max-image-preview:large","max-video-preview":"max-video-preview:-1"},"canonical":"https:\/\/conectagrao.com.br\/blog\/a-degradacao-do-solo-emerge-como-uma-ameaca-silenciosa-ao-agronegocio-mundial\/","og_locale":"pt_BR","og_type":"article","og_title":"A Degrada\u00e7\u00e3o do Solo Emerge Como Uma Amea\u00e7a Silenciosa ao Agroneg\u00f3cio Mundial - ConectaGr\u00e3o","og_description":"A degrada\u00e7\u00e3o do solo j\u00e1 impacta 1,7 bilh\u00e3o de pessoas na agricultura global, reduzindo colheitas em at\u00e9 20%.","og_url":"https:\/\/conectagrao.com.br\/blog\/a-degradacao-do-solo-emerge-como-uma-ameaca-silenciosa-ao-agronegocio-mundial\/","og_site_name":"ConectaGr\u00e3o","article_publisher":"https:\/\/www.facebook.com\/conectagrao\/","article_author":"https:\/\/www.facebook.com\/share\/1A5mH5g3LK\/","article_published_time":"2025-11-06T01:01:28+00:00","article_modified_time":"2025-11-06T01:01:33+00:00","og_image":[{"width":1200,"height":800,"url":"https:\/\/conectagrao.com.br\/blog\/wp-content\/uploads\/2025\/11\/Design-sem-nome-28.png","type":"image\/png"}],"author":"conectagrao","twitter_card":"summary_large_image","twitter_misc":{"Escrito por":"conectagrao","Est. tempo de leitura":"3 minutos"},"schema":{"@context":"https:\/\/schema.org","@graph":[{"@type":"Article","@id":"https:\/\/conectagrao.com.br\/blog\/a-degradacao-do-solo-emerge-como-uma-ameaca-silenciosa-ao-agronegocio-mundial\/#article","isPartOf":{"@id":"https:\/\/conectagrao.com.br\/blog\/a-degradacao-do-solo-emerge-como-uma-ameaca-silenciosa-ao-agronegocio-mundial\/"},"author":{"name":"conectagrao","@id":"https:\/\/conectagrao.com.br\/blog\/#\/schema\/person\/ba64f63526cab8efbf8b1f8198926135"},"headline":"A Degrada\u00e7\u00e3o do Solo Emerge Como Uma Amea\u00e7a Silenciosa ao Agroneg\u00f3cio Mundial","datePublished":"2025-11-06T01:01:28+00:00","dateModified":"2025-11-06T01:01:33+00:00","mainEntityOfPage":{"@id":"https:\/\/conectagrao.com.br\/blog\/a-degradacao-do-solo-emerge-como-uma-ameaca-silenciosa-ao-agronegocio-mundial\/"},"wordCount":402,"commentCount":0,"publisher":{"@id":"https:\/\/conectagrao.com.br\/blog\/#organization"},"image":{"@id":"https:\/\/conectagrao.com.br\/blog\/a-degradacao-do-solo-emerge-como-uma-ameaca-silenciosa-ao-agronegocio-mundial\/#primaryimage"},"thumbnailUrl":"https:\/\/conectagrao.com.br\/blog\/wp-content\/uploads\/2025\/11\/Design-sem-nome-28.png","keywords":["Agricultura sustent\u00e1vel","conserva\u00e7\u00e3o do solo","eros\u00e3o do solo","monitoramento de solos","produtividade agr\u00edcola","seguran\u00e7a alimentar global","solos f\u00e9rteis","t\u00e9cnicas de plantio direto"],"articleSection":["Agricultura","Blog"],"inLanguage":"pt-BR","potentialAction":[{"@type":"CommentAction","name":"Comment","target":["https:\/\/conectagrao.com.br\/blog\/a-degradacao-do-solo-emerge-como-uma-ameaca-silenciosa-ao-agronegocio-mundial\/#respond"]}]},{"@type":"WebPage","@id":"https:\/\/conectagrao.com.br\/blog\/a-degradacao-do-solo-emerge-como-uma-ameaca-silenciosa-ao-agronegocio-mundial\/","url":"https:\/\/conectagrao.com.br\/blog\/a-degradacao-do-solo-emerge-como-uma-ameaca-silenciosa-ao-agronegocio-mundial\/","name":"A Degrada\u00e7\u00e3o do Solo Emerge Como Uma Amea\u00e7a Silenciosa ao Agroneg\u00f3cio Mundial - ConectaGr\u00e3o","isPartOf":{"@id":"https:\/\/conectagrao.com.br\/blog\/#website"},"primaryImageOfPage":{"@id":"https:\/\/conectagrao.com.br\/blog\/a-degradacao-do-solo-emerge-como-uma-ameaca-silenciosa-ao-agronegocio-mundial\/#primaryimage"},"image":{"@id":"https:\/\/conectagrao.com.br\/blog\/a-degradacao-do-solo-emerge-como-uma-ameaca-silenciosa-ao-agronegocio-mundial\/#primaryimage"},"thumbnailUrl":"https:\/\/conectagrao.com.br\/blog\/wp-content\/uploads\/2025\/11\/Design-sem-nome-28.png","datePublished":"2025-11-06T01:01:28+00:00","dateModified":"2025-11-06T01:01:33+00:00","description":"A degrada\u00e7\u00e3o do solo j\u00e1 impacta 1,7 bilh\u00e3o de pessoas na agricultura global, reduzindo colheitas em at\u00e9 20%.","breadcrumb":{"@id":"https:\/\/conectagrao.com.br\/blog\/a-degradacao-do-solo-emerge-como-uma-ameaca-silenciosa-ao-agronegocio-mundial\/#breadcrumb"},"inLanguage":"pt-BR","potentialAction":[{"@type":"ReadAction","target":["https:\/\/conectagrao.com.br\/blog\/a-degradacao-do-solo-emerge-como-uma-ameaca-silenciosa-ao-agronegocio-mundial\/"]}]},{"@type":"ImageObject","inLanguage":"pt-BR","@id":"https:\/\/conectagrao.com.br\/blog\/a-degradacao-do-solo-emerge-como-uma-ameaca-silenciosa-ao-agronegocio-mundial\/#primaryimage","url":"https:\/\/conectagrao.com.br\/blog\/wp-content\/uploads\/2025\/11\/Design-sem-nome-28.png","contentUrl":"https:\/\/conectagrao.com.br\/blog\/wp-content\/uploads\/2025\/11\/Design-sem-nome-28.png","width":1200,"height":800},{"@type":"BreadcrumbList","@id":"https:\/\/conectagrao.com.br\/blog\/a-degradacao-do-solo-emerge-como-uma-ameaca-silenciosa-ao-agronegocio-mundial\/#breadcrumb","itemListElement":[{"@type":"ListItem","position":1,"name":"In\u00edcio","item":"https:\/\/conectagrao.com.br\/blog\/"},{"@type":"ListItem","position":2,"name":"A Degrada\u00e7\u00e3o do Solo Emerge Como Uma Amea\u00e7a Silenciosa ao Agroneg\u00f3cio Mundial"}]},{"@type":"WebSite","@id":"https:\/\/conectagrao.com.br\/blog\/#website","url":"https:\/\/conectagrao.com.br\/blog\/","name":"ConectaGr\u00e3o","description":"Conectando o futuro com o agroneg\u00f3cio.","publisher":{"@id":"https:\/\/conectagrao.com.br\/blog\/#organization"},"alternateName":"conectagrao","potentialAction":[{"@type":"SearchAction","target":{"@type":"EntryPoint","urlTemplate":"https:\/\/conectagrao.com.br\/blog\/?s={search_term_string}"},"query-input":{"@type":"PropertyValueSpecification","valueRequired":true,"valueName":"search_term_string"}}],"inLanguage":"pt-BR"},{"@type":"Organization","@id":"https:\/\/conectagrao.com.br\/blog\/#organization","name":"ConectaGr\u00e3o","alternateName":"conectagrao","url":"https:\/\/conectagrao.com.br\/blog\/","logo":{"@type":"ImageObject","inLanguage":"pt-BR","@id":"https:\/\/conectagrao.com.br\/blog\/#\/schema\/logo\/image\/","url":"https:\/\/conectagrao.com.br\/blog\/wp-content\/uploads\/2025\/07\/ConectaGrao-6.png","contentUrl":"https:\/\/conectagrao.com.br\/blog\/wp-content\/uploads\/2025\/07\/ConectaGrao-6.png","width":447,"height":559,"caption":"ConectaGr\u00e3o"},"image":{"@id":"https:\/\/conectagrao.com.br\/blog\/#\/schema\/logo\/image\/"},"sameAs":["https:\/\/www.facebook.com\/conectagrao\/","https:\/\/www.tiktok.com\/@conectagrao?_t=ZM-8xPuS2d6MFB&_r=1","https:\/\/www.threads.com\/@conectagrao","https:\/\/www.youtube.com\/@conectagrao","https:\/\/www.instagram.com\/conectagrao"]},{"@type":"Person","@id":"https:\/\/conectagrao.com.br\/blog\/#\/schema\/person\/ba64f63526cab8efbf8b1f8198926135","name":"conectagrao","image":{"@type":"ImageObject","inLanguage":"pt-BR","@id":"https:\/\/secure.gravatar.com\/avatar\/fb3dc2cba7f544171abec58358591c995847240e6fd4f1f7a4a8159970dca59e?s=96&d=mm&r=g","url":"https:\/\/secure.gravatar.com\/avatar\/fb3dc2cba7f544171abec58358591c995847240e6fd4f1f7a4a8159970dca59e?s=96&d=mm&r=g","contentUrl":"https:\/\/secure.gravatar.com\/avatar\/fb3dc2cba7f544171abec58358591c995847240e6fd4f1f7a4a8159970dca59e?s=96&d=mm&r=g","caption":"conectagrao"},"description":"ConectaGr\u00e3o\u00ae \u00e9 uma plataforma digital que conecta produtores, empresas e compradores do agroneg\u00f3cio, oferecendo an\u00e1lises de mercado, cota\u00e7\u00f5es, ferramentas e conte\u00fados gratuitos para facilitar o dia a dia no campo. Fundada por Genecir Jacoboski e Kao\u00ea T. Rauch a ConectaGr\u00e3o\u00ae tem como miss\u00e3o valorizar o produtor e aproximar o campo do mercado com tecnologia, informa\u00e7\u00e3o e inova\u00e7\u00e3o.","sameAs":["https:\/\/conectagrao.com.br\/blog","https:\/\/www.facebook.com\/share\/1A5mH5g3LK\/","https:\/\/www.instagram.com\/conectagrao?igsh=azQ1dXBndnp4dzZw","https:\/\/youtube.com\/@conectagrao?si=QnGS_Zm7Cuj1pznt"],"url":"https:\/\/conectagrao.com.br\/blog\/author\/conectagrao\/"}]}},"uagb_featured_image_src":{"full":["https:\/\/conectagrao.com.br\/blog\/wp-content\/uploads\/2025\/11\/Design-sem-nome-28.png",1200,800,false],"thumbnail":["https:\/\/conectagrao.com.br\/blog\/wp-content\/uploads\/2025\/11\/Design-sem-nome-28-150x150.png",150,150,true],"medium":["https:\/\/conectagrao.com.br\/blog\/wp-content\/uploads\/2025\/11\/Design-sem-nome-28-300x200.png",300,200,true],"medium_large":["https:\/\/conectagrao.com.br\/blog\/wp-content\/uploads\/2025\/11\/Design-sem-nome-28-768x512.png",640,427,true],"large":["https:\/\/conectagrao.com.br\/blog\/wp-content\/uploads\/2025\/11\/Design-sem-nome-28-1024x683.png",640,427,true],"1536x1536":["https:\/\/conectagrao.com.br\/blog\/wp-content\/uploads\/2025\/11\/Design-sem-nome-28.png",1200,800,false],"2048x2048":["https:\/\/conectagrao.com.br\/blog\/wp-content\/uploads\/2025\/11\/Design-sem-nome-28.png",1200,800,false],"cvmm-medium":["https:\/\/conectagrao.com.br\/blog\/wp-content\/uploads\/2025\/11\/Design-sem-nome-28-300x300.png",300,300,true],"cvmm-medium-plus":["https:\/\/conectagrao.com.br\/blog\/wp-content\/uploads\/2025\/11\/Design-sem-nome-28-305x207.png",305,207,true],"cvmm-portrait":["https:\/\/conectagrao.com.br\/blog\/wp-content\/uploads\/2025\/11\/Design-sem-nome-28-400x600.png",400,600,true],"cvmm-medium-square":["https:\/\/conectagrao.com.br\/blog\/wp-content\/uploads\/2025\/11\/Design-sem-nome-28-600x600.png",600,600,true],"cvmm-large":["https:\/\/conectagrao.com.br\/blog\/wp-content\/uploads\/2025\/11\/Design-sem-nome-28-1024x800.png",1024,800,true],"cvmm-small":["https:\/\/conectagrao.com.br\/blog\/wp-content\/uploads\/2025\/11\/Design-sem-nome-28-130x95.png",130,95,true],"news-portal-block-medium":["https:\/\/conectagrao.com.br\/blog\/wp-content\/uploads\/2025\/11\/Design-sem-nome-28-305x207.png",305,207,true],"news-portal-block-thumb":["https:\/\/conectagrao.com.br\/blog\/wp-content\/uploads\/2025\/11\/Design-sem-nome-28-136x102.png",136,102,true],"news-portal-slider-medium":["https:\/\/conectagrao.com.br\/blog\/wp-content\/uploads\/2025\/11\/Design-sem-nome-28-622x420.png",622,420,true],"news-portal-carousel-portrait":["https:\/\/conectagrao.com.br\/blog\/wp-content\/uploads\/2025\/11\/Design-sem-nome-28-400x600.png",400,600,true],"news-portal-alternate-grid":["https:\/\/conectagrao.com.br\/blog\/wp-content\/uploads\/2025\/11\/Design-sem-nome-28-340x316.png",340,316,true],"web-stories-poster-portrait":["https:\/\/conectagrao.com.br\/blog\/wp-content\/uploads\/2025\/11\/Design-sem-nome-28-640x800.png",640,800,true],"web-stories-publisher-logo":["https:\/\/conectagrao.com.br\/blog\/wp-content\/uploads\/2025\/11\/Design-sem-nome-28-96x96.png",96,96,true],"web-stories-thumbnail":["https:\/\/conectagrao.com.br\/blog\/wp-content\/uploads\/2025\/11\/Design-sem-nome-28-150x100.png",150,100,true]},"uagb_author_info":{"display_name":"conectagrao","author_link":"https:\/\/conectagrao.com.br\/blog\/author\/conectagrao\/"},"uagb_comment_info":0,"uagb_excerpt":"A degrada\u00e7\u00e3o do solo emerge como uma amea\u00e7a silenciosa ao agroneg\u00f3cio mundial, afetando diretamente 1,7 bilh\u00e3o de indiv\u00edduos dependentes da agricultura. De acordo com estudos recentes, esse fen\u00f4meno j\u00e1 corta a produtividade em at\u00e9 20% em regi\u00f5es vulner\u00e1veis, demandando a\u00e7\u00f5es urgentes para preservar a fertilidade da terra e garantir a seguran\u00e7a alimentar global.","blog_post_layout_featured_media_urls":{"thumbnail":["https:\/\/conectagrao.com.br\/blog\/wp-content\/uploads\/2025\/11\/Design-sem-nome-28-150x150.png",150,150,true],"full":["https:\/\/conectagrao.com.br\/blog\/wp-content\/uploads\/2025\/11\/Design-sem-nome-28.png",1200,800,false]},"categories_names":{"32":{"name":"Agricultura","link":"https:\/\/conectagrao.com.br\/blog\/agricultura\/"},"1":{"name":"Blog","link":"https:\/\/conectagrao.com.br\/blog\/blog\/"}},"tags_names":{"206":{"name":"Agricultura sustent\u00e1vel","link":"https:\/\/conectagrao.com.br\/blog\/tag\/agricultura-sustentavel\/"},"482":{"name":"conserva\u00e7\u00e3o do solo","link":"https:\/\/conectagrao.com.br\/blog\/tag\/conservacao-do-solo\/"},"481":{"name":"eros\u00e3o do solo","link":"https:\/\/conectagrao.com.br\/blog\/tag\/erosao-do-solo\/"},"485":{"name":"monitoramento de solos","link":"https:\/\/conectagrao.com.br\/blog\/tag\/monitoramento-de-solos\/"},"171":{"name":"produtividade agr\u00edcola","link":"https:\/\/conectagrao.com.br\/blog\/tag\/produtividade-agricola\/"},"486":{"name":"seguran\u00e7a alimentar global","link":"https:\/\/conectagrao.com.br\/blog\/tag\/seguranca-alimentar-global\/"},"483":{"name":"solos f\u00e9rteis","link":"https:\/\/conectagrao.com.br\/blog\/tag\/solos-ferteis\/"},"484":{"name":"t\u00e9cnicas de plantio direto","link":"https:\/\/conectagrao.com.br\/blog\/tag\/tecnicas-de-plantio-direto\/"}},"comments_number":"0","wpmagazine_modules_lite_featured_media_urls":{"thumbnail":["https:\/\/conectagrao.com.br\/blog\/wp-content\/uploads\/2025\/11\/Design-sem-nome-28-150x150.png",150,150,true],"cvmm-medium":["https:\/\/conectagrao.com.br\/blog\/wp-content\/uploads\/2025\/11\/Design-sem-nome-28-300x300.png",300,300,true],"cvmm-medium-plus":["https:\/\/conectagrao.com.br\/blog\/wp-content\/uploads\/2025\/11\/Design-sem-nome-28-305x207.png",305,207,true],"cvmm-portrait":["https:\/\/conectagrao.com.br\/blog\/wp-content\/uploads\/2025\/11\/Design-sem-nome-28-400x600.png",400,600,true],"cvmm-medium-square":["https:\/\/conectagrao.com.br\/blog\/wp-content\/uploads\/2025\/11\/Design-sem-nome-28-600x600.png",600,600,true],"cvmm-large":["https:\/\/conectagrao.com.br\/blog\/wp-content\/uploads\/2025\/11\/Design-sem-nome-28-1024x800.png",1024,800,true],"cvmm-small":["https:\/\/conectagrao.com.br\/blog\/wp-content\/uploads\/2025\/11\/Design-sem-nome-28-130x95.png",130,95,true],"full":["https:\/\/conectagrao.com.br\/blog\/wp-content\/uploads\/2025\/11\/Design-sem-nome-28.png",1200,800,false]},"_links":{"self":[{"href":"https:\/\/conectagrao.com.br\/blog\/wp-json\/wp\/v2\/posts\/1339","targetHints":{"allow":["GET"]}}],"collection":[{"href":"https:\/\/conectagrao.com.br\/blog\/wp-json\/wp\/v2\/posts"}],"about":[{"href":"https:\/\/conectagrao.com.br\/blog\/wp-json\/wp\/v2\/types\/post"}],"author":[{"embeddable":true,"href":"https:\/\/conectagrao.com.br\/blog\/wp-json\/wp\/v2\/users\/1"}],"replies":[{"embeddable":true,"href":"https:\/\/conectagrao.com.br\/blog\/wp-json\/wp\/v2\/comments?post=1339"}],"version-history":[{"count":1,"href":"https:\/\/conectagrao.com.br\/blog\/wp-json\/wp\/v2\/posts\/1339\/revisions"}],"predecessor-version":[{"id":1341,"href":"https:\/\/conectagrao.com.br\/blog\/wp-json\/wp\/v2\/posts\/1339\/revisions\/1341"}],"wp:featuredmedia":[{"embeddable":true,"href":"https:\/\/conectagrao.com.br\/blog\/wp-json\/wp\/v2\/media\/1340"}],"wp:attachment":[{"href":"https:\/\/conectagrao.com.br\/blog\/wp-json\/wp\/v2\/media?parent=1339"}],"wp:term":[{"taxonomy":"category","embeddable":true,"href":"https:\/\/conectagrao.com.br\/blog\/wp-json\/wp\/v2\/categories?post=1339"},{"taxonomy":"post_tag","embeddable":true,"href":"https:\/\/conectagrao.com.br\/blog\/wp-json\/wp\/v2\/tags?post=1339"}],"curies":[{"name":"wp","href":"https:\/\/api.w.org\/{rel}","templated":true}]}}