{"id":1343,"date":"2025-11-14T16:58:15","date_gmt":"2025-11-14T16:58:15","guid":{"rendered":"https:\/\/conectagrao.com.br\/blog\/?p=1343"},"modified":"2025-12-08T16:59:23","modified_gmt":"2025-12-08T16:59:23","slug":"demanda-por-fertilizantes-cai-em-2026-3-motivos-que-vao-impactar-o-agro-global","status":"publish","type":"post","link":"https:\/\/conectagrao.com.br\/blog\/demanda-por-fertilizantes-cai-em-2026-3-motivos-que-vao-impactar-o-agro-global\/","title":{"rendered":"Demanda por Fertilizantes Cai em 2026: 3 Motivos que V\u00e3o Impactar o Agro Global"},"content":{"rendered":"\n<p>A demanda global por fertilizantes deve entrar em um ciclo de contra\u00e7\u00e3o mais acentuada em 2026, impulsionada por pre\u00e7os elevados e menor poder de compra dos produtores rurais, conforme an\u00e1lise da RaboResearch. Esse recuo, ap\u00f3s um leve crescimento em nitrog\u00eanio em 2025, sinaliza desafios para o setor agr\u00edcola mundial, especialmente em pa\u00edses dependentes de importa\u00e7\u00f5es.<\/p>\n\n\n\n<h2 class=\"wp-block-heading\">Crescimento T\u00edmido em 2025<\/h2>\n\n\n\n<p>Em 2025, o mercado de <strong>fertilizantes<\/strong> apresenta um quadro misto. Por exemplo, o consumo global de nitrog\u00eanio deve registrar um leve aumento, mas os fosfatos j\u00e1 enfrentam uma queda de 4% devido aos pre\u00e7os da MAP e DAP, que subiram at\u00e9 15% no primeiro semestre. Al\u00e9m disso, a demanda por pot\u00e1ssio se recupera de 2024, mas os altos custos limitam o otimismo. No entanto, a produ\u00e7\u00e3o abundante de gr\u00e3os como milho, soja e trigo pressiona as margens agr\u00edcolas, reduzindo a capacidade de investimento em insumos.<\/p>\n\n\n\n<h2 class=\"wp-block-heading\">Previs\u00f5es para 2026: Recuo Acelerado por Acessibilidade<\/h2>\n\n\n\n<p>Olhando para 2026, a <strong>demanda global por fertilizantes<\/strong> deve cair de forma mais pronunciada, com o \u00edndice de acessibilidade voltando aos n\u00edveis cr\u00edticos de 2022. Especificamente, o nitrog\u00eanio enfrentar\u00e1 uma queda significativa, levando \u00e0 substitui\u00e7\u00e3o de ureia por alternativas como sulfato de am\u00f4nio, especialmente no Brasil. J\u00e1 os fosfatos continuar\u00e3o em decl\u00ednio, com volumes de com\u00e9rcio internacional ainda baixos, apesar de envios crescentes de Marrocos e Ar\u00e1bia Saudita. Por outro lado, o pot\u00e1ssio pode registrar recordes de importa\u00e7\u00e3o no Brasil, mas o resfriamento global persiste se os pre\u00e7os n\u00e3o arrefecerem.<\/p>\n\n\n\n<h2 class=\"wp-block-heading\">O Papel do CBAM na Europa<\/h2>\n\n\n\n<p>Ademais, o Mecanismo de Ajuste de Fronteiras de Carbono (CBAM) da Uni\u00e3o Europeia, que entra em vigor em 2026, agravar\u00e1 a situa\u00e7\u00e3o. Essa regula\u00e7\u00e3o impor\u00e1 uma taxa de carbono sobre fertilizantes importados, elevando os pre\u00e7os de am\u00f4nio em at\u00e9 20% e de ureia em 15% no primeiro ano. Consequentemente, produtores de baixo carbono, como Egito e Arg\u00e9lia, ganhar\u00e3o vantagem, enquanto exportadores de alta emiss\u00e3o, como China e Trinidad e Tobago, perder\u00e3o competitividade. Assim, regi\u00f5es africanas como Marrocos e Tun\u00edsia impulsionar\u00e3o a produ\u00e7\u00e3o de fosfatos, alterando o mapa global de suprimentos.<\/p>\n\n\n\n<p>Em resumo, essa contra\u00e7\u00e3o na <strong>demanda por fertilizantes<\/strong> em 2026 n\u00e3o \u00e9 apenas um sinal de alerta para os custos operacionais no agroneg\u00f3cio, mas uma oportunidade para inova\u00e7\u00e3o em pr\u00e1ticas sustent\u00e1veis e diversifica\u00e7\u00e3o de fontes. Produtores que se adaptarem cedo, priorizando fertilizantes de baixo carbono e efici\u00eancia no uso, poder\u00e3o mitigar riscos e manter a produtividade. Continue acompanhando as inova\u00e7\u00f5es do campo e fique por dentro das tend\u00eancias do agroneg\u00f3cio.<\/p>\n\n\n\n<p><\/p>\n","protected":false},"excerpt":{"rendered":"<p>Descubra por que a demanda global por fertilizantes deve recuar em 2026, com pre\u00e7os altos e acessibilidade reduzida.<\/p>\n","protected":false},"author":1,"featured_media":697,"comment_status":"open","ping_status":"open","sticky":false,"template":"","format":"standard","meta":{"_coblocks_attr":"","_coblocks_dimensions":"","_coblocks_responsive_height":"","_coblocks_accordion_ie_support":"","_uag_custom_page_level_css":"","footnotes":""},"categories":[32,1],"tags":[489,491,490,488,487],"class_list":["post-1343","post","type-post","status-publish","format-standard","has-post-thumbnail","hentry","category-agricultura","category-blog","tag-agronegocioglobal","tag-demanda-global-por-fertilizantes","tag-fertilizantes2026","tag-precosfertilizantes","tag-raboresearch"],"yoast_head":"<!-- This site is optimized with the Yoast SEO plugin v27.4 - https:\/\/yoast.com\/product\/yoast-seo-wordpress\/ -->\n<title>Demanda por Fertilizantes Cai em 2026: 3 Motivos que V\u00e3o Impactar o Agro Global - ConectaGr\u00e3o<\/title>\n<meta name=\"description\" content=\"Descubra por que a demanda global por fertilizantes deve recuar em 2026, com pre\u00e7os altos e acessibilidade reduzida.\" \/>\n<meta name=\"robots\" content=\"index, follow, max-snippet:-1, max-image-preview:large, max-video-preview:-1\" \/>\n<link rel=\"canonical\" href=\"https:\/\/conectagrao.com.br\/blog\/demanda-por-fertilizantes-cai-em-2026-3-motivos-que-vao-impactar-o-agro-global\/\" \/>\n<meta property=\"og:locale\" content=\"pt_BR\" \/>\n<meta property=\"og:type\" content=\"article\" \/>\n<meta property=\"og:title\" content=\"Demanda por Fertilizantes Cai em 2026: 3 Motivos que V\u00e3o Impactar o Agro Global - ConectaGr\u00e3o\" \/>\n<meta property=\"og:description\" content=\"Descubra por que a demanda global por fertilizantes deve recuar em 2026, com pre\u00e7os altos e acessibilidade reduzida.\" \/>\n<meta property=\"og:url\" content=\"https:\/\/conectagrao.com.br\/blog\/demanda-por-fertilizantes-cai-em-2026-3-motivos-que-vao-impactar-o-agro-global\/\" \/>\n<meta property=\"og:site_name\" content=\"ConectaGr\u00e3o\" \/>\n<meta property=\"article:publisher\" content=\"https:\/\/www.facebook.com\/conectagrao\/\" \/>\n<meta property=\"article:author\" content=\"https:\/\/www.facebook.com\/share\/1A5mH5g3LK\/\" \/>\n<meta property=\"article:published_time\" content=\"2025-11-14T16:58:15+00:00\" \/>\n<meta property=\"article:modified_time\" content=\"2025-12-08T16:59:23+00:00\" \/>\n<meta property=\"og:image\" content=\"https:\/\/conectagrao.com.br\/blog\/wp-content\/uploads\/2025\/07\/calcario-mina.jpeg\" \/>\n\t<meta property=\"og:image:width\" content=\"1280\" \/>\n\t<meta property=\"og:image:height\" content=\"851\" \/>\n\t<meta property=\"og:image:type\" content=\"image\/jpeg\" \/>\n<meta name=\"author\" content=\"conectagrao\" \/>\n<meta name=\"twitter:card\" content=\"summary_large_image\" \/>\n<meta name=\"twitter:label1\" content=\"Escrito por\" \/>\n\t<meta name=\"twitter:data1\" content=\"conectagrao\" \/>\n\t<meta name=\"twitter:label2\" content=\"Est. tempo de leitura\" \/>\n\t<meta name=\"twitter:data2\" content=\"3 minutos\" \/>\n<script type=\"application\/ld+json\" class=\"yoast-schema-graph\">{\"@context\":\"https:\\\/\\\/schema.org\",\"@graph\":[{\"@type\":\"Article\",\"@id\":\"https:\\\/\\\/conectagrao.com.br\\\/blog\\\/demanda-por-fertilizantes-cai-em-2026-3-motivos-que-vao-impactar-o-agro-global\\\/#article\",\"isPartOf\":{\"@id\":\"https:\\\/\\\/conectagrao.com.br\\\/blog\\\/demanda-por-fertilizantes-cai-em-2026-3-motivos-que-vao-impactar-o-agro-global\\\/\"},\"author\":{\"name\":\"conectagrao\",\"@id\":\"https:\\\/\\\/conectagrao.com.br\\\/blog\\\/#\\\/schema\\\/person\\\/ba64f63526cab8efbf8b1f8198926135\"},\"headline\":\"Demanda por Fertilizantes Cai em 2026: 3 Motivos que V\u00e3o Impactar o Agro Global\",\"datePublished\":\"2025-11-14T16:58:15+00:00\",\"dateModified\":\"2025-12-08T16:59:23+00:00\",\"mainEntityOfPage\":{\"@id\":\"https:\\\/\\\/conectagrao.com.br\\\/blog\\\/demanda-por-fertilizantes-cai-em-2026-3-motivos-que-vao-impactar-o-agro-global\\\/\"},\"wordCount\":459,\"commentCount\":0,\"publisher\":{\"@id\":\"https:\\\/\\\/conectagrao.com.br\\\/blog\\\/#organization\"},\"image\":{\"@id\":\"https:\\\/\\\/conectagrao.com.br\\\/blog\\\/demanda-por-fertilizantes-cai-em-2026-3-motivos-que-vao-impactar-o-agro-global\\\/#primaryimage\"},\"thumbnailUrl\":\"https:\\\/\\\/conectagrao.com.br\\\/blog\\\/wp-content\\\/uploads\\\/2025\\\/07\\\/calcario-mina.jpeg\",\"keywords\":[\"AgronegocioGlobal\",\"demanda global por fertilizantes\",\"Fertilizantes2026\",\"PrecosFertilizantes\",\"RaboResearch\"],\"articleSection\":[\"Agricultura\",\"Blog\"],\"inLanguage\":\"pt-BR\",\"potentialAction\":[{\"@type\":\"CommentAction\",\"name\":\"Comment\",\"target\":[\"https:\\\/\\\/conectagrao.com.br\\\/blog\\\/demanda-por-fertilizantes-cai-em-2026-3-motivos-que-vao-impactar-o-agro-global\\\/#respond\"]}]},{\"@type\":\"WebPage\",\"@id\":\"https:\\\/\\\/conectagrao.com.br\\\/blog\\\/demanda-por-fertilizantes-cai-em-2026-3-motivos-que-vao-impactar-o-agro-global\\\/\",\"url\":\"https:\\\/\\\/conectagrao.com.br\\\/blog\\\/demanda-por-fertilizantes-cai-em-2026-3-motivos-que-vao-impactar-o-agro-global\\\/\",\"name\":\"Demanda por Fertilizantes Cai em 2026: 3 Motivos que V\u00e3o Impactar o Agro Global - ConectaGr\u00e3o\",\"isPartOf\":{\"@id\":\"https:\\\/\\\/conectagrao.com.br\\\/blog\\\/#website\"},\"primaryImageOfPage\":{\"@id\":\"https:\\\/\\\/conectagrao.com.br\\\/blog\\\/demanda-por-fertilizantes-cai-em-2026-3-motivos-que-vao-impactar-o-agro-global\\\/#primaryimage\"},\"image\":{\"@id\":\"https:\\\/\\\/conectagrao.com.br\\\/blog\\\/demanda-por-fertilizantes-cai-em-2026-3-motivos-que-vao-impactar-o-agro-global\\\/#primaryimage\"},\"thumbnailUrl\":\"https:\\\/\\\/conectagrao.com.br\\\/blog\\\/wp-content\\\/uploads\\\/2025\\\/07\\\/calcario-mina.jpeg\",\"datePublished\":\"2025-11-14T16:58:15+00:00\",\"dateModified\":\"2025-12-08T16:59:23+00:00\",\"description\":\"Descubra por que a demanda global por fertilizantes deve recuar em 2026, com pre\u00e7os altos e acessibilidade reduzida.\",\"breadcrumb\":{\"@id\":\"https:\\\/\\\/conectagrao.com.br\\\/blog\\\/demanda-por-fertilizantes-cai-em-2026-3-motivos-que-vao-impactar-o-agro-global\\\/#breadcrumb\"},\"inLanguage\":\"pt-BR\",\"potentialAction\":[{\"@type\":\"ReadAction\",\"target\":[\"https:\\\/\\\/conectagrao.com.br\\\/blog\\\/demanda-por-fertilizantes-cai-em-2026-3-motivos-que-vao-impactar-o-agro-global\\\/\"]}]},{\"@type\":\"ImageObject\",\"inLanguage\":\"pt-BR\",\"@id\":\"https:\\\/\\\/conectagrao.com.br\\\/blog\\\/demanda-por-fertilizantes-cai-em-2026-3-motivos-que-vao-impactar-o-agro-global\\\/#primaryimage\",\"url\":\"https:\\\/\\\/conectagrao.com.br\\\/blog\\\/wp-content\\\/uploads\\\/2025\\\/07\\\/calcario-mina.jpeg\",\"contentUrl\":\"https:\\\/\\\/conectagrao.com.br\\\/blog\\\/wp-content\\\/uploads\\\/2025\\\/07\\\/calcario-mina.jpeg\",\"width\":1280,\"height\":851},{\"@type\":\"BreadcrumbList\",\"@id\":\"https:\\\/\\\/conectagrao.com.br\\\/blog\\\/demanda-por-fertilizantes-cai-em-2026-3-motivos-que-vao-impactar-o-agro-global\\\/#breadcrumb\",\"itemListElement\":[{\"@type\":\"ListItem\",\"position\":1,\"name\":\"In\u00edcio\",\"item\":\"https:\\\/\\\/conectagrao.com.br\\\/blog\\\/\"},{\"@type\":\"ListItem\",\"position\":2,\"name\":\"Demanda por Fertilizantes Cai em 2026: 3 Motivos que V\u00e3o Impactar o Agro Global\"}]},{\"@type\":\"WebSite\",\"@id\":\"https:\\\/\\\/conectagrao.com.br\\\/blog\\\/#website\",\"url\":\"https:\\\/\\\/conectagrao.com.br\\\/blog\\\/\",\"name\":\"ConectaGr\u00e3o\",\"description\":\"Conectando o futuro com o agroneg\u00f3cio.\",\"publisher\":{\"@id\":\"https:\\\/\\\/conectagrao.com.br\\\/blog\\\/#organization\"},\"alternateName\":\"conectagrao\",\"potentialAction\":[{\"@type\":\"SearchAction\",\"target\":{\"@type\":\"EntryPoint\",\"urlTemplate\":\"https:\\\/\\\/conectagrao.com.br\\\/blog\\\/?s={search_term_string}\"},\"query-input\":{\"@type\":\"PropertyValueSpecification\",\"valueRequired\":true,\"valueName\":\"search_term_string\"}}],\"inLanguage\":\"pt-BR\"},{\"@type\":\"Organization\",\"@id\":\"https:\\\/\\\/conectagrao.com.br\\\/blog\\\/#organization\",\"name\":\"ConectaGr\u00e3o\",\"alternateName\":\"conectagrao\",\"url\":\"https:\\\/\\\/conectagrao.com.br\\\/blog\\\/\",\"logo\":{\"@type\":\"ImageObject\",\"inLanguage\":\"pt-BR\",\"@id\":\"https:\\\/\\\/conectagrao.com.br\\\/blog\\\/#\\\/schema\\\/logo\\\/image\\\/\",\"url\":\"https:\\\/\\\/conectagrao.com.br\\\/blog\\\/wp-content\\\/uploads\\\/2025\\\/07\\\/ConectaGrao-6.png\",\"contentUrl\":\"https:\\\/\\\/conectagrao.com.br\\\/blog\\\/wp-content\\\/uploads\\\/2025\\\/07\\\/ConectaGrao-6.png\",\"width\":447,\"height\":559,\"caption\":\"ConectaGr\u00e3o\"},\"image\":{\"@id\":\"https:\\\/\\\/conectagrao.com.br\\\/blog\\\/#\\\/schema\\\/logo\\\/image\\\/\"},\"sameAs\":[\"https:\\\/\\\/www.facebook.com\\\/conectagrao\\\/\",\"https:\\\/\\\/www.tiktok.com\\\/@conectagrao?_t=ZM-8xPuS2d6MFB&_r=1\",\"https:\\\/\\\/www.threads.com\\\/@conectagrao\",\"https:\\\/\\\/www.youtube.com\\\/@conectagrao\",\"https:\\\/\\\/www.instagram.com\\\/conectagrao\"]},{\"@type\":\"Person\",\"@id\":\"https:\\\/\\\/conectagrao.com.br\\\/blog\\\/#\\\/schema\\\/person\\\/ba64f63526cab8efbf8b1f8198926135\",\"name\":\"conectagrao\",\"image\":{\"@type\":\"ImageObject\",\"inLanguage\":\"pt-BR\",\"@id\":\"https:\\\/\\\/secure.gravatar.com\\\/avatar\\\/fb3dc2cba7f544171abec58358591c995847240e6fd4f1f7a4a8159970dca59e?s=96&d=mm&r=g\",\"url\":\"https:\\\/\\\/secure.gravatar.com\\\/avatar\\\/fb3dc2cba7f544171abec58358591c995847240e6fd4f1f7a4a8159970dca59e?s=96&d=mm&r=g\",\"contentUrl\":\"https:\\\/\\\/secure.gravatar.com\\\/avatar\\\/fb3dc2cba7f544171abec58358591c995847240e6fd4f1f7a4a8159970dca59e?s=96&d=mm&r=g\",\"caption\":\"conectagrao\"},\"description\":\"ConectaGr\u00e3o\u00ae \u00e9 uma plataforma digital que conecta produtores, empresas e compradores do agroneg\u00f3cio, oferecendo an\u00e1lises de mercado, cota\u00e7\u00f5es, ferramentas e conte\u00fados gratuitos para facilitar o dia a dia no campo. Fundada por Genecir Jacoboski e Kao\u00ea T. Rauch a ConectaGr\u00e3o\u00ae tem como miss\u00e3o valorizar o produtor e aproximar o campo do mercado com tecnologia, informa\u00e7\u00e3o e inova\u00e7\u00e3o.\",\"sameAs\":[\"https:\\\/\\\/conectagrao.com.br\\\/blog\",\"https:\\\/\\\/www.facebook.com\\\/share\\\/1A5mH5g3LK\\\/\",\"https:\\\/\\\/www.instagram.com\\\/conectagrao?igsh=azQ1dXBndnp4dzZw\",\"https:\\\/\\\/youtube.com\\\/@conectagrao?si=QnGS_Zm7Cuj1pznt\"],\"url\":\"https:\\\/\\\/conectagrao.com.br\\\/blog\\\/author\\\/conectagrao\\\/\"}]}<\/script>\n<!-- \/ Yoast SEO plugin. -->","yoast_head_json":{"title":"Demanda por Fertilizantes Cai em 2026: 3 Motivos que V\u00e3o Impactar o Agro Global - ConectaGr\u00e3o","description":"Descubra por que a demanda global por fertilizantes deve recuar em 2026, com pre\u00e7os altos e acessibilidade reduzida.","robots":{"index":"index","follow":"follow","max-snippet":"max-snippet:-1","max-image-preview":"max-image-preview:large","max-video-preview":"max-video-preview:-1"},"canonical":"https:\/\/conectagrao.com.br\/blog\/demanda-por-fertilizantes-cai-em-2026-3-motivos-que-vao-impactar-o-agro-global\/","og_locale":"pt_BR","og_type":"article","og_title":"Demanda por Fertilizantes Cai em 2026: 3 Motivos que V\u00e3o Impactar o Agro Global - ConectaGr\u00e3o","og_description":"Descubra por que a demanda global por fertilizantes deve recuar em 2026, com pre\u00e7os altos e acessibilidade reduzida.","og_url":"https:\/\/conectagrao.com.br\/blog\/demanda-por-fertilizantes-cai-em-2026-3-motivos-que-vao-impactar-o-agro-global\/","og_site_name":"ConectaGr\u00e3o","article_publisher":"https:\/\/www.facebook.com\/conectagrao\/","article_author":"https:\/\/www.facebook.com\/share\/1A5mH5g3LK\/","article_published_time":"2025-11-14T16:58:15+00:00","article_modified_time":"2025-12-08T16:59:23+00:00","og_image":[{"width":1280,"height":851,"url":"https:\/\/conectagrao.com.br\/blog\/wp-content\/uploads\/2025\/07\/calcario-mina.jpeg","type":"image\/jpeg"}],"author":"conectagrao","twitter_card":"summary_large_image","twitter_misc":{"Escrito por":"conectagrao","Est. tempo de leitura":"3 minutos"},"schema":{"@context":"https:\/\/schema.org","@graph":[{"@type":"Article","@id":"https:\/\/conectagrao.com.br\/blog\/demanda-por-fertilizantes-cai-em-2026-3-motivos-que-vao-impactar-o-agro-global\/#article","isPartOf":{"@id":"https:\/\/conectagrao.com.br\/blog\/demanda-por-fertilizantes-cai-em-2026-3-motivos-que-vao-impactar-o-agro-global\/"},"author":{"name":"conectagrao","@id":"https:\/\/conectagrao.com.br\/blog\/#\/schema\/person\/ba64f63526cab8efbf8b1f8198926135"},"headline":"Demanda por Fertilizantes Cai em 2026: 3 Motivos que V\u00e3o Impactar o Agro Global","datePublished":"2025-11-14T16:58:15+00:00","dateModified":"2025-12-08T16:59:23+00:00","mainEntityOfPage":{"@id":"https:\/\/conectagrao.com.br\/blog\/demanda-por-fertilizantes-cai-em-2026-3-motivos-que-vao-impactar-o-agro-global\/"},"wordCount":459,"commentCount":0,"publisher":{"@id":"https:\/\/conectagrao.com.br\/blog\/#organization"},"image":{"@id":"https:\/\/conectagrao.com.br\/blog\/demanda-por-fertilizantes-cai-em-2026-3-motivos-que-vao-impactar-o-agro-global\/#primaryimage"},"thumbnailUrl":"https:\/\/conectagrao.com.br\/blog\/wp-content\/uploads\/2025\/07\/calcario-mina.jpeg","keywords":["AgronegocioGlobal","demanda global por fertilizantes","Fertilizantes2026","PrecosFertilizantes","RaboResearch"],"articleSection":["Agricultura","Blog"],"inLanguage":"pt-BR","potentialAction":[{"@type":"CommentAction","name":"Comment","target":["https:\/\/conectagrao.com.br\/blog\/demanda-por-fertilizantes-cai-em-2026-3-motivos-que-vao-impactar-o-agro-global\/#respond"]}]},{"@type":"WebPage","@id":"https:\/\/conectagrao.com.br\/blog\/demanda-por-fertilizantes-cai-em-2026-3-motivos-que-vao-impactar-o-agro-global\/","url":"https:\/\/conectagrao.com.br\/blog\/demanda-por-fertilizantes-cai-em-2026-3-motivos-que-vao-impactar-o-agro-global\/","name":"Demanda por Fertilizantes Cai em 2026: 3 Motivos que V\u00e3o Impactar o Agro Global - ConectaGr\u00e3o","isPartOf":{"@id":"https:\/\/conectagrao.com.br\/blog\/#website"},"primaryImageOfPage":{"@id":"https:\/\/conectagrao.com.br\/blog\/demanda-por-fertilizantes-cai-em-2026-3-motivos-que-vao-impactar-o-agro-global\/#primaryimage"},"image":{"@id":"https:\/\/conectagrao.com.br\/blog\/demanda-por-fertilizantes-cai-em-2026-3-motivos-que-vao-impactar-o-agro-global\/#primaryimage"},"thumbnailUrl":"https:\/\/conectagrao.com.br\/blog\/wp-content\/uploads\/2025\/07\/calcario-mina.jpeg","datePublished":"2025-11-14T16:58:15+00:00","dateModified":"2025-12-08T16:59:23+00:00","description":"Descubra por que a demanda global por fertilizantes deve recuar em 2026, com pre\u00e7os altos e acessibilidade reduzida.","breadcrumb":{"@id":"https:\/\/conectagrao.com.br\/blog\/demanda-por-fertilizantes-cai-em-2026-3-motivos-que-vao-impactar-o-agro-global\/#breadcrumb"},"inLanguage":"pt-BR","potentialAction":[{"@type":"ReadAction","target":["https:\/\/conectagrao.com.br\/blog\/demanda-por-fertilizantes-cai-em-2026-3-motivos-que-vao-impactar-o-agro-global\/"]}]},{"@type":"ImageObject","inLanguage":"pt-BR","@id":"https:\/\/conectagrao.com.br\/blog\/demanda-por-fertilizantes-cai-em-2026-3-motivos-que-vao-impactar-o-agro-global\/#primaryimage","url":"https:\/\/conectagrao.com.br\/blog\/wp-content\/uploads\/2025\/07\/calcario-mina.jpeg","contentUrl":"https:\/\/conectagrao.com.br\/blog\/wp-content\/uploads\/2025\/07\/calcario-mina.jpeg","width":1280,"height":851},{"@type":"BreadcrumbList","@id":"https:\/\/conectagrao.com.br\/blog\/demanda-por-fertilizantes-cai-em-2026-3-motivos-que-vao-impactar-o-agro-global\/#breadcrumb","itemListElement":[{"@type":"ListItem","position":1,"name":"In\u00edcio","item":"https:\/\/conectagrao.com.br\/blog\/"},{"@type":"ListItem","position":2,"name":"Demanda por Fertilizantes Cai em 2026: 3 Motivos que V\u00e3o Impactar o Agro Global"}]},{"@type":"WebSite","@id":"https:\/\/conectagrao.com.br\/blog\/#website","url":"https:\/\/conectagrao.com.br\/blog\/","name":"ConectaGr\u00e3o","description":"Conectando o futuro com o agroneg\u00f3cio.","publisher":{"@id":"https:\/\/conectagrao.com.br\/blog\/#organization"},"alternateName":"conectagrao","potentialAction":[{"@type":"SearchAction","target":{"@type":"EntryPoint","urlTemplate":"https:\/\/conectagrao.com.br\/blog\/?s={search_term_string}"},"query-input":{"@type":"PropertyValueSpecification","valueRequired":true,"valueName":"search_term_string"}}],"inLanguage":"pt-BR"},{"@type":"Organization","@id":"https:\/\/conectagrao.com.br\/blog\/#organization","name":"ConectaGr\u00e3o","alternateName":"conectagrao","url":"https:\/\/conectagrao.com.br\/blog\/","logo":{"@type":"ImageObject","inLanguage":"pt-BR","@id":"https:\/\/conectagrao.com.br\/blog\/#\/schema\/logo\/image\/","url":"https:\/\/conectagrao.com.br\/blog\/wp-content\/uploads\/2025\/07\/ConectaGrao-6.png","contentUrl":"https:\/\/conectagrao.com.br\/blog\/wp-content\/uploads\/2025\/07\/ConectaGrao-6.png","width":447,"height":559,"caption":"ConectaGr\u00e3o"},"image":{"@id":"https:\/\/conectagrao.com.br\/blog\/#\/schema\/logo\/image\/"},"sameAs":["https:\/\/www.facebook.com\/conectagrao\/","https:\/\/www.tiktok.com\/@conectagrao?_t=ZM-8xPuS2d6MFB&_r=1","https:\/\/www.threads.com\/@conectagrao","https:\/\/www.youtube.com\/@conectagrao","https:\/\/www.instagram.com\/conectagrao"]},{"@type":"Person","@id":"https:\/\/conectagrao.com.br\/blog\/#\/schema\/person\/ba64f63526cab8efbf8b1f8198926135","name":"conectagrao","image":{"@type":"ImageObject","inLanguage":"pt-BR","@id":"https:\/\/secure.gravatar.com\/avatar\/fb3dc2cba7f544171abec58358591c995847240e6fd4f1f7a4a8159970dca59e?s=96&d=mm&r=g","url":"https:\/\/secure.gravatar.com\/avatar\/fb3dc2cba7f544171abec58358591c995847240e6fd4f1f7a4a8159970dca59e?s=96&d=mm&r=g","contentUrl":"https:\/\/secure.gravatar.com\/avatar\/fb3dc2cba7f544171abec58358591c995847240e6fd4f1f7a4a8159970dca59e?s=96&d=mm&r=g","caption":"conectagrao"},"description":"ConectaGr\u00e3o\u00ae \u00e9 uma plataforma digital que conecta produtores, empresas e compradores do agroneg\u00f3cio, oferecendo an\u00e1lises de mercado, cota\u00e7\u00f5es, ferramentas e conte\u00fados gratuitos para facilitar o dia a dia no campo. Fundada por Genecir Jacoboski e Kao\u00ea T. Rauch a ConectaGr\u00e3o\u00ae tem como miss\u00e3o valorizar o produtor e aproximar o campo do mercado com tecnologia, informa\u00e7\u00e3o e inova\u00e7\u00e3o.","sameAs":["https:\/\/conectagrao.com.br\/blog","https:\/\/www.facebook.com\/share\/1A5mH5g3LK\/","https:\/\/www.instagram.com\/conectagrao?igsh=azQ1dXBndnp4dzZw","https:\/\/youtube.com\/@conectagrao?si=QnGS_Zm7Cuj1pznt"],"url":"https:\/\/conectagrao.com.br\/blog\/author\/conectagrao\/"}]}},"uagb_featured_image_src":{"full":["https:\/\/conectagrao.com.br\/blog\/wp-content\/uploads\/2025\/07\/calcario-mina.jpeg",1280,851,false],"thumbnail":["https:\/\/conectagrao.com.br\/blog\/wp-content\/uploads\/2025\/07\/calcario-mina-150x150.jpeg",150,150,true],"medium":["https:\/\/conectagrao.com.br\/blog\/wp-content\/uploads\/2025\/07\/calcario-mina-300x199.jpeg",300,199,true],"medium_large":["https:\/\/conectagrao.com.br\/blog\/wp-content\/uploads\/2025\/07\/calcario-mina-768x511.jpeg",640,426,true],"large":["https:\/\/conectagrao.com.br\/blog\/wp-content\/uploads\/2025\/07\/calcario-mina-1024x681.jpeg",640,426,true],"1536x1536":["https:\/\/conectagrao.com.br\/blog\/wp-content\/uploads\/2025\/07\/calcario-mina.jpeg",1280,851,false],"2048x2048":["https:\/\/conectagrao.com.br\/blog\/wp-content\/uploads\/2025\/07\/calcario-mina.jpeg",1280,851,false],"cvmm-medium":["https:\/\/conectagrao.com.br\/blog\/wp-content\/uploads\/2025\/07\/calcario-mina-300x300.jpeg",300,300,true],"cvmm-medium-plus":["https:\/\/conectagrao.com.br\/blog\/wp-content\/uploads\/2025\/07\/calcario-mina-305x207.jpeg",305,207,true],"cvmm-portrait":["https:\/\/conectagrao.com.br\/blog\/wp-content\/uploads\/2025\/07\/calcario-mina-400x600.jpeg",400,600,true],"cvmm-medium-square":["https:\/\/conectagrao.com.br\/blog\/wp-content\/uploads\/2025\/07\/calcario-mina-600x600.jpeg",600,600,true],"cvmm-large":["https:\/\/conectagrao.com.br\/blog\/wp-content\/uploads\/2025\/07\/calcario-mina-1024x851.jpeg",1024,851,true],"cvmm-small":["https:\/\/conectagrao.com.br\/blog\/wp-content\/uploads\/2025\/07\/calcario-mina-130x95.jpeg",130,95,true],"news-portal-block-medium":["https:\/\/conectagrao.com.br\/blog\/wp-content\/uploads\/2025\/07\/calcario-mina-305x207.jpeg",305,207,true],"news-portal-block-thumb":["https:\/\/conectagrao.com.br\/blog\/wp-content\/uploads\/2025\/07\/calcario-mina-136x102.jpeg",136,102,true],"news-portal-slider-medium":["https:\/\/conectagrao.com.br\/blog\/wp-content\/uploads\/2025\/07\/calcario-mina-622x420.jpeg",622,420,true],"news-portal-carousel-portrait":["https:\/\/conectagrao.com.br\/blog\/wp-content\/uploads\/2025\/07\/calcario-mina-400x600.jpeg",400,600,true],"news-portal-alternate-grid":["https:\/\/conectagrao.com.br\/blog\/wp-content\/uploads\/2025\/07\/calcario-mina-340x316.jpeg",340,316,true],"web-stories-poster-portrait":["https:\/\/conectagrao.com.br\/blog\/wp-content\/uploads\/2025\/07\/calcario-mina.jpeg",640,426,false],"web-stories-publisher-logo":["https:\/\/conectagrao.com.br\/blog\/wp-content\/uploads\/2025\/07\/calcario-mina.jpeg",96,64,false],"web-stories-thumbnail":["https:\/\/conectagrao.com.br\/blog\/wp-content\/uploads\/2025\/07\/calcario-mina.jpeg",150,100,false]},"uagb_author_info":{"display_name":"conectagrao","author_link":"https:\/\/conectagrao.com.br\/blog\/author\/conectagrao\/"},"uagb_comment_info":0,"uagb_excerpt":"Descubra por que a demanda global por fertilizantes deve recuar em 2026, com pre\u00e7os altos e acessibilidade reduzida.","blog_post_layout_featured_media_urls":{"thumbnail":["https:\/\/conectagrao.com.br\/blog\/wp-content\/uploads\/2025\/07\/calcario-mina-150x150.jpeg",150,150,true],"full":["https:\/\/conectagrao.com.br\/blog\/wp-content\/uploads\/2025\/07\/calcario-mina.jpeg",1280,851,false]},"categories_names":{"32":{"name":"Agricultura","link":"https:\/\/conectagrao.com.br\/blog\/agricultura\/"},"1":{"name":"Blog","link":"https:\/\/conectagrao.com.br\/blog\/blog\/"}},"tags_names":{"489":{"name":"AgronegocioGlobal","link":"https:\/\/conectagrao.com.br\/blog\/tag\/agronegocioglobal\/"},"491":{"name":"demanda global por fertilizantes","link":"https:\/\/conectagrao.com.br\/blog\/tag\/demanda-global-por-fertilizantes\/"},"490":{"name":"Fertilizantes2026","link":"https:\/\/conectagrao.com.br\/blog\/tag\/fertilizantes2026\/"},"488":{"name":"PrecosFertilizantes","link":"https:\/\/conectagrao.com.br\/blog\/tag\/precosfertilizantes\/"},"487":{"name":"RaboResearch","link":"https:\/\/conectagrao.com.br\/blog\/tag\/raboresearch\/"}},"comments_number":"0","wpmagazine_modules_lite_featured_media_urls":{"thumbnail":["https:\/\/conectagrao.com.br\/blog\/wp-content\/uploads\/2025\/07\/calcario-mina-150x150.jpeg",150,150,true],"cvmm-medium":["https:\/\/conectagrao.com.br\/blog\/wp-content\/uploads\/2025\/07\/calcario-mina-300x300.jpeg",300,300,true],"cvmm-medium-plus":["https:\/\/conectagrao.com.br\/blog\/wp-content\/uploads\/2025\/07\/calcario-mina-305x207.jpeg",305,207,true],"cvmm-portrait":["https:\/\/conectagrao.com.br\/blog\/wp-content\/uploads\/2025\/07\/calcario-mina-400x600.jpeg",400,600,true],"cvmm-medium-square":["https:\/\/conectagrao.com.br\/blog\/wp-content\/uploads\/2025\/07\/calcario-mina-600x600.jpeg",600,600,true],"cvmm-large":["https:\/\/conectagrao.com.br\/blog\/wp-content\/uploads\/2025\/07\/calcario-mina-1024x851.jpeg",1024,851,true],"cvmm-small":["https:\/\/conectagrao.com.br\/blog\/wp-content\/uploads\/2025\/07\/calcario-mina-130x95.jpeg",130,95,true],"full":["https:\/\/conectagrao.com.br\/blog\/wp-content\/uploads\/2025\/07\/calcario-mina.jpeg",1280,851,false]},"_links":{"self":[{"href":"https:\/\/conectagrao.com.br\/blog\/wp-json\/wp\/v2\/posts\/1343","targetHints":{"allow":["GET"]}}],"collection":[{"href":"https:\/\/conectagrao.com.br\/blog\/wp-json\/wp\/v2\/posts"}],"about":[{"href":"https:\/\/conectagrao.com.br\/blog\/wp-json\/wp\/v2\/types\/post"}],"author":[{"embeddable":true,"href":"https:\/\/conectagrao.com.br\/blog\/wp-json\/wp\/v2\/users\/1"}],"replies":[{"embeddable":true,"href":"https:\/\/conectagrao.com.br\/blog\/wp-json\/wp\/v2\/comments?post=1343"}],"version-history":[{"count":1,"href":"https:\/\/conectagrao.com.br\/blog\/wp-json\/wp\/v2\/posts\/1343\/revisions"}],"predecessor-version":[{"id":1344,"href":"https:\/\/conectagrao.com.br\/blog\/wp-json\/wp\/v2\/posts\/1343\/revisions\/1344"}],"wp:featuredmedia":[{"embeddable":true,"href":"https:\/\/conectagrao.com.br\/blog\/wp-json\/wp\/v2\/media\/697"}],"wp:attachment":[{"href":"https:\/\/conectagrao.com.br\/blog\/wp-json\/wp\/v2\/media?parent=1343"}],"wp:term":[{"taxonomy":"category","embeddable":true,"href":"https:\/\/conectagrao.com.br\/blog\/wp-json\/wp\/v2\/categories?post=1343"},{"taxonomy":"post_tag","embeddable":true,"href":"https:\/\/conectagrao.com.br\/blog\/wp-json\/wp\/v2\/tags?post=1343"}],"curies":[{"name":"wp","href":"https:\/\/api.w.org\/{rel}","templated":true}]}}