{"id":1350,"date":"2025-12-21T16:40:04","date_gmt":"2025-12-21T16:40:04","guid":{"rendered":"https:\/\/conectagrao.com.br\/blog\/?p=1350"},"modified":"2025-12-21T16:53:35","modified_gmt":"2025-12-21T16:53:35","slug":"alerta-no-agro-guerra-eua-x-venezuela-em-2025-como-isso-afeta-diretamente-o-agronegocio-brasileiro","status":"publish","type":"post","link":"https:\/\/conectagrao.com.br\/blog\/alerta-no-agro-guerra-eua-x-venezuela-em-2025-como-isso-afeta-diretamente-o-agronegocio-brasileiro\/","title":{"rendered":"Alerta no Agro: Guerra EUA x Venezuela em 2025 \u2013 Como Isso Afeta Diretamente o Agroneg\u00f3cio Brasileiro?"},"content":{"rendered":"\n<p>Imagine, por exemplo, o produtor rural brasileiro ligando a bomba de irriga\u00e7\u00e3o ou o caminh\u00e3o de transporte e, de repente, vendo os custos dispararem da noite para o dia. Agora, em dezembro de 2025, com os EUA impondo bloqueio total a petroleiros venezuelanos e posicionando for\u00e7as navais no Caribe, essa realidade se aproxima rapidamente. Portanto, a <strong>guerra EUA Venezuela agroneg\u00f3cio brasileiro<\/strong> n\u00e3o \u00e9 apenas uma manchete internacional. Pelo contr\u00e1rio, ela interfere diretamente na cadeia produtiva do campo, dos insumos \u00e0 exporta\u00e7\u00e3o. De acordo com an\u00e1lises recentes, o Brasil, que depende de importa\u00e7\u00f5es para 85% dos fertilizantes, sente os reflexos imediatos dessa crise geopol\u00edtica. Assim<strong>,<\/strong> produtores precisam se preparar para volatilidades que podem alterar toda a safra.<\/p>\n\n\n\n<h2 class=\"wp-block-heading\">Guerra EUA Venezuela Agroneg\u00f3cio Brasileiro: Os Principais Impactos Econ\u00f4micos<\/h2>\n\n\n\n<p>Primeiramente, a <strong>guerra EUA Venezuela agroneg\u00f3cio brasileiro<\/strong> ganha contornos reais com as san\u00e7\u00f5es ampliadas e apreens\u00f5es de navios. O petr\u00f3leo venezuelano, que \u00e9 o alvo principal, representa uma fatia relevante do mercado global. Com efeito, com o bloqueio imposto por Trump, especialistas preveem volatilidade nos pre\u00e7os internacionais.<\/p>\n\n\n\n<p><strong>Principais efeitos imediatos:<\/strong><\/p>\n\n\n\n<ul class=\"wp-block-list\">\n<li><strong>Em primeiro lugar<\/strong>, alta nos pre\u00e7os de combust\u00edveis: Diesel e gasolina mais caros elevam custos de m\u00e1quinas e transporte em at\u00e9 15-20% em cen\u00e1rios de pico, segundo proje\u00e7\u00f5es da Conab.<\/li>\n\n\n\n<li><strong>Al\u00e9m disso<\/strong>, insumos encarecidos: Fertilizantes nitrogenados, derivados de g\u00e1s natural, seguem a curva do petr\u00f3leo.<\/li>\n\n\n\n<li><strong>Por outro lado<\/strong>, desvios log\u00edsticos: Rotas no Caribe podem ser afetadas, aumentando fretes para exporta\u00e7\u00f5es de gr\u00e3os.<\/li>\n<\/ul>\n\n\n\n<p>Ademais, o Brasil exportou US$ 15,49 bilh\u00f5es em outubro de 2025. Consequentemente, qualquer instabilidade regional amea\u00e7a esse fluxo. Portanto, \u00e9 essencial monitorar esses desenvolvimentos de perto para mitigar riscos.<\/p>\n\n\n\n<h2 class=\"wp-block-heading\">Como a Crise Afeta os Custos de Produ\u00e7\u00e3o na Soja e Milho?<\/h2>\n\n\n\n<p>A soja e o milho, que s\u00e3o pilares do agroneg\u00f3cio brasileiro, s\u00e3o altamente sens\u00edveis a varia\u00e7\u00f5es energ\u00e9ticas. De fato, a Embrapa estima que o custo de produ\u00e7\u00e3o da soja pode subir 8-12% com alta sustentada do petr\u00f3leo acima de US$ 90 o barril. Assim, isso impacta diretamente a rentabilidade das lavouras.<\/p>\n\n\n\n<p><strong>Comparativo de custos (estimativa 2025 vs. cen\u00e1rio de crise):<\/strong><\/p>\n\n\n\n<ul class=\"wp-block-list\">\n<li>Diesel agr\u00edcola: +18%<\/li>\n\n\n\n<li>Fertilizantes NPK: +22%<\/li>\n\n\n\n<li>Frete rodovi\u00e1rio: +10-15%<\/li>\n<\/ul>\n\n\n\n<p>Em resumo, produtores precisam monitorar o mercado internacional com aten\u00e7\u00e3o redobrada. Dessa forma, conseguem antecipar ajustes necess\u00e1rios e manter a competitividade.<\/p>\n\n\n\n<div style=\"border: 2px solid #ff9800; border-radius: 10px; padding: 20px; background: #ffffff; box-shadow: 0 4px 12px rgba(0,0,0,0.1); font-family: Arial, sans-serif; width: 100%; max-width: 100%; margin: 20px 0; text-align: center; box-sizing: border-box;\">\n  \n  <h3 style=\"color: #ff9800; font-size: 24px; margin-top: 0; margin-bottom: 15px;\">\n    <span style=\"display: none;\" class=\"whatsapp-icon\">\n      <img decoding=\"async\" src=\"https:\/\/e7.pngegg.com\/pngimages\/347\/373\/png-clipart-computer-icons-whatsapp-whatsapp-text-trademark-thumbnail.png\" alt=\"WhatsApp\" style=\"width: 40px; height: 40px; border-radius: 50%; object-fit: cover;\">\n    <\/span>\n  <\/h3>\n  \n  <div style=\"display: flex; justify-content: center; align-items: center; flex-wrap: wrap; margin-bottom: 10px;\">\n    <div style=\"text-align: center; margin-right: 10px;\">\n      <p style=\"font-size: 16px; color: #333; line-height: 1.5; margin: 0;\">\n        \ud83d\udcf0 Not\u00edcias &#038; Mercado | \ud83d\udd14 Novidades <span class=\"desktop-separator\">|<\/span>\n      <\/p>\n    <\/div>\n    <div style=\"text-align: center;\">\n      <p style=\"font-size: 16px; color: #333; line-height: 1.5; margin: 0;\">\n        \u26c5 Clima | \ud83d\ude80 Tecnologia | \ud83d\udcf1 Blog\n      <\/p>\n    <\/div>\n  <\/div>\n  \n  <a href=\"https:\/\/www.whatsapp.com\/channel\/0029VaLMT22GOj9f6eVOpJ0N\" target=\"_blank\" style=\"background: #25D366; color: #fff; padding: 10px 20px; font-size: 16px; font-weight: bold; text-decoration: none; border-radius: 30px; display: inline-block; transition: all 0.3s; position: relative;\">\n    <img decoding=\"async\" src=\"https:\/\/upload.wikimedia.org\/wikipedia\/commons\/6\/6b\/WhatsApp.svg\" alt=\"WhatsApp\" style=\"width: 20px; height: 20px; vertical-align: middle; margin-right: 5px;\">\n    Entrar no Canal\n  <\/a>\n  \n  <p style=\"font-size: 12px; color: #666; margin-top: 15px; font-weight: bold;\">\n    Conecte-se agora e, al\u00e9m disso, receba informa\u00e7\u00f5es r\u00e1pidas e confi\u00e1veis sobre o agroneg\u00f3cio.  \n    Assim, voc\u00ea se mant\u00e9m atualizado em tempo real e, por fim, garante acesso a conte\u00fado exclusivo que fortalece sua tomada de decis\u00e3o no campo.\n  <\/p>\n<\/div>\n\n<style>\n@media (max-width: 768px) {\n  .desktop-separator {\n    display: none; \/* Ocultar o separador \"|\" em dispositivos m\u00f3veis *\/\n  }\n  h3 {\n    font-size: 20px;\n  }\n  p {\n    font-size: 14px;\n  }\n  a {\n    font-size: 14px;\n    padding: 8px 15px;\n  }\n}\n<\/style>\n\n\n\n\n\n\n<h2 class=\"wp-block-heading\">O Caso de Roraima e a Migra\u00e7\u00e3o Venezuelana<\/h2>\n\n\n\n<p>Em Roraima, que \u00e9 a fronteira direta com a Venezuela, a crise humanit\u00e1ria persiste. Por exemplo, mais de 9 mil ind\u00edgenas venezuelanos migraram nos \u00faltimos anos, e muitos est\u00e3o inseridos no agroneg\u00f3cio local como m\u00e3o de obra sazonal.<\/p>\n\n\n\n<p><strong>Vantagens e desafios:<\/strong><\/p>\n\n\n\n<ul class=\"wp-block-list\">\n<li><strong>Positivo:<\/strong> Aumento de m\u00e3o de obra dispon\u00edvel para colheita e plantio.<\/li>\n\n\n\n<li><strong>Negativo:<\/strong> Press\u00e3o sobre servi\u00e7os p\u00fablicos e infraestrutura rural.<\/li>\n<\/ul>\n\n\n\n<p>Se a tens\u00e3o escalar, novos fluxos migrat\u00f3rios podem alterar o mercado de trabalho em regi\u00f5es Norte. Portanto, embora traga oportunidades, tamb\u00e9m exige planejamento cuidadoso.<\/p>\n\n\n\n<h3 class=\"wp-block-heading\">Qual \u00e9 o Impacto Real da Guerra EUA Venezuela no Agroneg\u00f3cio Brasileiro a Longo Prazo?<\/h3>\n\n\n\n<p>Produtores e agr\u00f4nomos frequentemente perguntam: vale a pena diversificar fornecedores agora?<strong> A resposta \u00e9 sim<\/strong>, pois com riscos geopol\u00edticos elevados, o Brasil pode ganhar mercado como fornecedor est\u00e1vel de alimentos. No entanto, precisa mitigar custos internos. Assim, essa crise, embora desafiadora, abre janelas para inova\u00e7\u00e3o.<\/p>\n\n\n\n<ul class=\"wp-block-list\">\n<li><strong>Primeiramente<\/strong>, monitore diariamente cota\u00e7\u00f5es de petr\u00f3leo (Brent\/WTI).<\/li>\n\n\n\n<li><strong>Em seguida<\/strong>, busque contratos futuros de fertilizantes com fornecedores alternativos (Marrocos, Canad\u00e1).<\/li>\n\n\n\n<li><strong>Al\u00e9m disso<\/strong>, invista em efici\u00eancia energ\u00e9tica (biocombust\u00edveis, solar rural).<\/li>\n\n\n\n<li><strong>Tamb\u00e9m<\/strong>, participe de cooperativas para negocia\u00e7\u00f5es coletivas de insumos.<\/li>\n\n\n\n<li><strong>Finalmente<\/strong>, acompanhe boletins da Conab e Embrapa sobre proje\u00e7\u00f5es de safra.<\/li>\n<\/ul>\n\n\n\n<div class=\"wp-block-uagb-inline-notice uagb-inline_notice__align-left uagb-block-74ddaeb4\"><button class=\"uagb-notice-close-button\" type=\"button\" aria-label=\"Close\"><\/button><h4 class=\"uagb-notice-title\"><strong>Dica Pr\u00e1tica Valiosa<\/strong> <strong>A\u00e7\u00e3o imediata recomendada:<\/strong><\/h4><div class=\"uagb-notice-text\">\n<p>Diversifique fontes de nitrog\u00eanio com biofertilizantes. De fato, a Embrapa registra ganhos de at\u00e9 25% em produtividade com inoculantes biol\u00f3gicos em soja. <strong>Como <\/strong>r<strong>esultado<\/strong>, isso reduz depend\u00eancia de importa\u00e7\u00f5es energ\u00e9ticas e fortalece a resili\u00eancia da lavoura.<\/p>\n<\/div><\/div>\n\n\n\n<p>Em conclus\u00e3o, a guerra EUA Venezuela agroneg\u00f3cio brasileiro em 2025 refor\u00e7a a necessidade de resili\u00eancia no campo. Embora traga desafios como custos elevados e incertezas log\u00edsticas, por outro lado, abre janelas para inova\u00e7\u00e3o e posicionamento estrat\u00e9gico do Brasil como pot\u00eancia agroalimentar. Portanto, ficar atento \u00e0s atualiza\u00e7\u00f5es geopol\u00edticas, adotar tecnologias de baixo custo e diversificar insumos s\u00e3o medidas essenciais para manter a competitividade. Assim, o produtor que se antecipar sair\u00e1 fortalecido dessa crise. Fique de olho e aplique essas estrat\u00e9gias na pr\u00e1tica para proteger sua produ\u00e7\u00e3o.<\/p>\n\n\n\n<p class=\"is-style-info\"><\/p>\n","protected":false},"excerpt":{"rendered":"<p>A escalada militar e econ\u00f4mica entre Estados Unidos e Venezuela em dezembro de 2025, com bloqueios navais e amea\u00e7as de confrontos, gera impactos diretos no agroneg\u00f3cio brasileiro. Al\u00e9m disso, aumentos nos pre\u00e7os de petr\u00f3leo e fertilizantes elevam custos de produ\u00e7\u00e3o. Enquanto isso, riscos log\u00edsticos e migrat\u00f3rios afetam regi\u00f5es como Roraima, exigindo aten\u00e7\u00e3o imediata.<\/p>\n","protected":false},"author":1,"featured_media":1219,"comment_status":"open","ping_status":"open","sticky":false,"template":"","format":"standard","meta":{"_coblocks_attr":"","_coblocks_dimensions":"","_coblocks_responsive_height":"","_coblocks_accordion_ie_support":"","_uag_custom_page_level_css":"","footnotes":""},"categories":[1,29],"tags":[497,495,496,493,499],"class_list":["post-1350","post","type-post","status-publish","format-standard","has-post-thumbnail","hentry","category-blog","category-mercado","tag-crise-venezuela-roraima","tag-custos-producao-soja-2025","tag-geopolitica-agronegocio-brasileiro","tag-migracao-venezuelana-agro","tag-tensoes-eua-venezuela-2025"],"yoast_head":"<!-- This site is optimized with the Yoast SEO plugin v27.4 - https:\/\/yoast.com\/product\/yoast-seo-wordpress\/ -->\n<title>Alerta no Agro: Guerra EUA x Venezuela em 2025 \u2013 Como Isso Afeta Diretamente o Agroneg\u00f3cio Brasileiro? - ConectaGr\u00e3o<\/title>\n<meta name=\"robots\" content=\"index, follow, max-snippet:-1, max-image-preview:large, max-video-preview:-1\" \/>\n<link rel=\"canonical\" href=\"https:\/\/conectagrao.com.br\/blog\/alerta-no-agro-guerra-eua-x-venezuela-em-2025-como-isso-afeta-diretamente-o-agronegocio-brasileiro\/\" \/>\n<meta property=\"og:locale\" content=\"pt_BR\" \/>\n<meta property=\"og:type\" content=\"article\" \/>\n<meta property=\"og:title\" content=\"Alerta no Agro: Guerra EUA x Venezuela em 2025 \u2013 Como Isso Afeta Diretamente o Agroneg\u00f3cio Brasileiro? - ConectaGr\u00e3o\" \/>\n<meta property=\"og:description\" content=\"A escalada militar e econ\u00f4mica entre Estados Unidos e Venezuela em dezembro de 2025, com bloqueios navais e amea\u00e7as de confrontos, gera impactos diretos no agroneg\u00f3cio brasileiro. Al\u00e9m disso, aumentos nos pre\u00e7os de petr\u00f3leo e fertilizantes elevam custos de produ\u00e7\u00e3o. Enquanto isso, riscos log\u00edsticos e migrat\u00f3rios afetam regi\u00f5es como Roraima, exigindo aten\u00e7\u00e3o imediata.\" \/>\n<meta property=\"og:url\" content=\"https:\/\/conectagrao.com.br\/blog\/alerta-no-agro-guerra-eua-x-venezuela-em-2025-como-isso-afeta-diretamente-o-agronegocio-brasileiro\/\" \/>\n<meta property=\"og:site_name\" content=\"ConectaGr\u00e3o\" \/>\n<meta property=\"article:publisher\" content=\"https:\/\/www.facebook.com\/conectagrao\/\" \/>\n<meta property=\"article:author\" content=\"https:\/\/www.facebook.com\/share\/1A5mH5g3LK\/\" \/>\n<meta property=\"article:published_time\" content=\"2025-12-21T16:40:04+00:00\" \/>\n<meta property=\"article:modified_time\" content=\"2025-12-21T16:53:35+00:00\" \/>\n<meta property=\"og:image\" content=\"https:\/\/conectagrao.com.br\/blog\/wp-content\/uploads\/2025\/09\/Design-sem-nome-5.png\" \/>\n\t<meta property=\"og:image:width\" content=\"1200\" \/>\n\t<meta property=\"og:image:height\" content=\"800\" \/>\n\t<meta property=\"og:image:type\" content=\"image\/png\" \/>\n<meta name=\"author\" content=\"conectagrao\" \/>\n<meta name=\"twitter:card\" content=\"summary_large_image\" \/>\n<meta name=\"twitter:label1\" content=\"Escrito por\" \/>\n\t<meta name=\"twitter:data1\" content=\"conectagrao\" \/>\n\t<meta name=\"twitter:label2\" content=\"Est. tempo de leitura\" \/>\n\t<meta name=\"twitter:data2\" content=\"5 minutos\" \/>\n<script type=\"application\/ld+json\" class=\"yoast-schema-graph\">{\"@context\":\"https:\\\/\\\/schema.org\",\"@graph\":[{\"@type\":\"Article\",\"@id\":\"https:\\\/\\\/conectagrao.com.br\\\/blog\\\/alerta-no-agro-guerra-eua-x-venezuela-em-2025-como-isso-afeta-diretamente-o-agronegocio-brasileiro\\\/#article\",\"isPartOf\":{\"@id\":\"https:\\\/\\\/conectagrao.com.br\\\/blog\\\/alerta-no-agro-guerra-eua-x-venezuela-em-2025-como-isso-afeta-diretamente-o-agronegocio-brasileiro\\\/\"},\"author\":{\"name\":\"conectagrao\",\"@id\":\"https:\\\/\\\/conectagrao.com.br\\\/blog\\\/#\\\/schema\\\/person\\\/ba64f63526cab8efbf8b1f8198926135\"},\"headline\":\"Alerta no Agro: Guerra EUA x Venezuela em 2025 \u2013 Como Isso Afeta Diretamente o Agroneg\u00f3cio Brasileiro?\",\"datePublished\":\"2025-12-21T16:40:04+00:00\",\"dateModified\":\"2025-12-21T16:53:35+00:00\",\"mainEntityOfPage\":{\"@id\":\"https:\\\/\\\/conectagrao.com.br\\\/blog\\\/alerta-no-agro-guerra-eua-x-venezuela-em-2025-como-isso-afeta-diretamente-o-agronegocio-brasileiro\\\/\"},\"wordCount\":844,\"commentCount\":0,\"publisher\":{\"@id\":\"https:\\\/\\\/conectagrao.com.br\\\/blog\\\/#organization\"},\"image\":{\"@id\":\"https:\\\/\\\/conectagrao.com.br\\\/blog\\\/alerta-no-agro-guerra-eua-x-venezuela-em-2025-como-isso-afeta-diretamente-o-agronegocio-brasileiro\\\/#primaryimage\"},\"thumbnailUrl\":\"https:\\\/\\\/conectagrao.com.br\\\/blog\\\/wp-content\\\/uploads\\\/2025\\\/09\\\/Design-sem-nome-5.png\",\"keywords\":[\"Crise Venezuela Roraima\",\"Custos produ\u00e7\u00e3o soja 2025\",\"Geopol\u00edtica agroneg\u00f3cio brasileiro\",\"Migra\u00e7\u00e3o venezuelana agro\",\"Tens\u00f5es EUA Venezuela 2025\"],\"articleSection\":[\"Blog\",\"Vis\u00e3o de Mercado\"],\"inLanguage\":\"pt-BR\",\"potentialAction\":[{\"@type\":\"CommentAction\",\"name\":\"Comment\",\"target\":[\"https:\\\/\\\/conectagrao.com.br\\\/blog\\\/alerta-no-agro-guerra-eua-x-venezuela-em-2025-como-isso-afeta-diretamente-o-agronegocio-brasileiro\\\/#respond\"]}]},{\"@type\":\"WebPage\",\"@id\":\"https:\\\/\\\/conectagrao.com.br\\\/blog\\\/alerta-no-agro-guerra-eua-x-venezuela-em-2025-como-isso-afeta-diretamente-o-agronegocio-brasileiro\\\/\",\"url\":\"https:\\\/\\\/conectagrao.com.br\\\/blog\\\/alerta-no-agro-guerra-eua-x-venezuela-em-2025-como-isso-afeta-diretamente-o-agronegocio-brasileiro\\\/\",\"name\":\"Alerta no Agro: Guerra EUA x Venezuela em 2025 \u2013 Como Isso Afeta Diretamente o Agroneg\u00f3cio Brasileiro? - ConectaGr\u00e3o\",\"isPartOf\":{\"@id\":\"https:\\\/\\\/conectagrao.com.br\\\/blog\\\/#website\"},\"primaryImageOfPage\":{\"@id\":\"https:\\\/\\\/conectagrao.com.br\\\/blog\\\/alerta-no-agro-guerra-eua-x-venezuela-em-2025-como-isso-afeta-diretamente-o-agronegocio-brasileiro\\\/#primaryimage\"},\"image\":{\"@id\":\"https:\\\/\\\/conectagrao.com.br\\\/blog\\\/alerta-no-agro-guerra-eua-x-venezuela-em-2025-como-isso-afeta-diretamente-o-agronegocio-brasileiro\\\/#primaryimage\"},\"thumbnailUrl\":\"https:\\\/\\\/conectagrao.com.br\\\/blog\\\/wp-content\\\/uploads\\\/2025\\\/09\\\/Design-sem-nome-5.png\",\"datePublished\":\"2025-12-21T16:40:04+00:00\",\"dateModified\":\"2025-12-21T16:53:35+00:00\",\"breadcrumb\":{\"@id\":\"https:\\\/\\\/conectagrao.com.br\\\/blog\\\/alerta-no-agro-guerra-eua-x-venezuela-em-2025-como-isso-afeta-diretamente-o-agronegocio-brasileiro\\\/#breadcrumb\"},\"inLanguage\":\"pt-BR\",\"potentialAction\":[{\"@type\":\"ReadAction\",\"target\":[\"https:\\\/\\\/conectagrao.com.br\\\/blog\\\/alerta-no-agro-guerra-eua-x-venezuela-em-2025-como-isso-afeta-diretamente-o-agronegocio-brasileiro\\\/\"]}]},{\"@type\":\"ImageObject\",\"inLanguage\":\"pt-BR\",\"@id\":\"https:\\\/\\\/conectagrao.com.br\\\/blog\\\/alerta-no-agro-guerra-eua-x-venezuela-em-2025-como-isso-afeta-diretamente-o-agronegocio-brasileiro\\\/#primaryimage\",\"url\":\"https:\\\/\\\/conectagrao.com.br\\\/blog\\\/wp-content\\\/uploads\\\/2025\\\/09\\\/Design-sem-nome-5.png\",\"contentUrl\":\"https:\\\/\\\/conectagrao.com.br\\\/blog\\\/wp-content\\\/uploads\\\/2025\\\/09\\\/Design-sem-nome-5.png\",\"width\":1200,\"height\":800},{\"@type\":\"BreadcrumbList\",\"@id\":\"https:\\\/\\\/conectagrao.com.br\\\/blog\\\/alerta-no-agro-guerra-eua-x-venezuela-em-2025-como-isso-afeta-diretamente-o-agronegocio-brasileiro\\\/#breadcrumb\",\"itemListElement\":[{\"@type\":\"ListItem\",\"position\":1,\"name\":\"In\u00edcio\",\"item\":\"https:\\\/\\\/conectagrao.com.br\\\/blog\\\/\"},{\"@type\":\"ListItem\",\"position\":2,\"name\":\"Alerta no Agro: Guerra EUA x Venezuela em 2025 \u2013 Como Isso Afeta Diretamente o Agroneg\u00f3cio Brasileiro?\"}]},{\"@type\":\"WebSite\",\"@id\":\"https:\\\/\\\/conectagrao.com.br\\\/blog\\\/#website\",\"url\":\"https:\\\/\\\/conectagrao.com.br\\\/blog\\\/\",\"name\":\"ConectaGr\u00e3o\",\"description\":\"Conectando o futuro com o agroneg\u00f3cio.\",\"publisher\":{\"@id\":\"https:\\\/\\\/conectagrao.com.br\\\/blog\\\/#organization\"},\"alternateName\":\"conectagrao\",\"potentialAction\":[{\"@type\":\"SearchAction\",\"target\":{\"@type\":\"EntryPoint\",\"urlTemplate\":\"https:\\\/\\\/conectagrao.com.br\\\/blog\\\/?s={search_term_string}\"},\"query-input\":{\"@type\":\"PropertyValueSpecification\",\"valueRequired\":true,\"valueName\":\"search_term_string\"}}],\"inLanguage\":\"pt-BR\"},{\"@type\":\"Organization\",\"@id\":\"https:\\\/\\\/conectagrao.com.br\\\/blog\\\/#organization\",\"name\":\"ConectaGr\u00e3o\",\"alternateName\":\"conectagrao\",\"url\":\"https:\\\/\\\/conectagrao.com.br\\\/blog\\\/\",\"logo\":{\"@type\":\"ImageObject\",\"inLanguage\":\"pt-BR\",\"@id\":\"https:\\\/\\\/conectagrao.com.br\\\/blog\\\/#\\\/schema\\\/logo\\\/image\\\/\",\"url\":\"https:\\\/\\\/conectagrao.com.br\\\/blog\\\/wp-content\\\/uploads\\\/2025\\\/07\\\/ConectaGrao-6.png\",\"contentUrl\":\"https:\\\/\\\/conectagrao.com.br\\\/blog\\\/wp-content\\\/uploads\\\/2025\\\/07\\\/ConectaGrao-6.png\",\"width\":447,\"height\":559,\"caption\":\"ConectaGr\u00e3o\"},\"image\":{\"@id\":\"https:\\\/\\\/conectagrao.com.br\\\/blog\\\/#\\\/schema\\\/logo\\\/image\\\/\"},\"sameAs\":[\"https:\\\/\\\/www.facebook.com\\\/conectagrao\\\/\",\"https:\\\/\\\/www.tiktok.com\\\/@conectagrao?_t=ZM-8xPuS2d6MFB&_r=1\",\"https:\\\/\\\/www.threads.com\\\/@conectagrao\",\"https:\\\/\\\/www.youtube.com\\\/@conectagrao\",\"https:\\\/\\\/www.instagram.com\\\/conectagrao\"]},{\"@type\":\"Person\",\"@id\":\"https:\\\/\\\/conectagrao.com.br\\\/blog\\\/#\\\/schema\\\/person\\\/ba64f63526cab8efbf8b1f8198926135\",\"name\":\"conectagrao\",\"image\":{\"@type\":\"ImageObject\",\"inLanguage\":\"pt-BR\",\"@id\":\"https:\\\/\\\/secure.gravatar.com\\\/avatar\\\/fb3dc2cba7f544171abec58358591c995847240e6fd4f1f7a4a8159970dca59e?s=96&d=mm&r=g\",\"url\":\"https:\\\/\\\/secure.gravatar.com\\\/avatar\\\/fb3dc2cba7f544171abec58358591c995847240e6fd4f1f7a4a8159970dca59e?s=96&d=mm&r=g\",\"contentUrl\":\"https:\\\/\\\/secure.gravatar.com\\\/avatar\\\/fb3dc2cba7f544171abec58358591c995847240e6fd4f1f7a4a8159970dca59e?s=96&d=mm&r=g\",\"caption\":\"conectagrao\"},\"description\":\"ConectaGr\u00e3o\u00ae \u00e9 uma plataforma digital que conecta produtores, empresas e compradores do agroneg\u00f3cio, oferecendo an\u00e1lises de mercado, cota\u00e7\u00f5es, ferramentas e conte\u00fados gratuitos para facilitar o dia a dia no campo. Fundada por Genecir Jacoboski e Kao\u00ea T. Rauch a ConectaGr\u00e3o\u00ae tem como miss\u00e3o valorizar o produtor e aproximar o campo do mercado com tecnologia, informa\u00e7\u00e3o e inova\u00e7\u00e3o.\",\"sameAs\":[\"https:\\\/\\\/conectagrao.com.br\\\/blog\",\"https:\\\/\\\/www.facebook.com\\\/share\\\/1A5mH5g3LK\\\/\",\"https:\\\/\\\/www.instagram.com\\\/conectagrao?igsh=azQ1dXBndnp4dzZw\",\"https:\\\/\\\/youtube.com\\\/@conectagrao?si=QnGS_Zm7Cuj1pznt\"],\"url\":\"https:\\\/\\\/conectagrao.com.br\\\/blog\\\/author\\\/conectagrao\\\/\"}]}<\/script>\n<!-- \/ Yoast SEO plugin. -->","yoast_head_json":{"title":"Alerta no Agro: Guerra EUA x Venezuela em 2025 \u2013 Como Isso Afeta Diretamente o Agroneg\u00f3cio Brasileiro? - ConectaGr\u00e3o","robots":{"index":"index","follow":"follow","max-snippet":"max-snippet:-1","max-image-preview":"max-image-preview:large","max-video-preview":"max-video-preview:-1"},"canonical":"https:\/\/conectagrao.com.br\/blog\/alerta-no-agro-guerra-eua-x-venezuela-em-2025-como-isso-afeta-diretamente-o-agronegocio-brasileiro\/","og_locale":"pt_BR","og_type":"article","og_title":"Alerta no Agro: Guerra EUA x Venezuela em 2025 \u2013 Como Isso Afeta Diretamente o Agroneg\u00f3cio Brasileiro? - ConectaGr\u00e3o","og_description":"A escalada militar e econ\u00f4mica entre Estados Unidos e Venezuela em dezembro de 2025, com bloqueios navais e amea\u00e7as de confrontos, gera impactos diretos no agroneg\u00f3cio brasileiro. Al\u00e9m disso, aumentos nos pre\u00e7os de petr\u00f3leo e fertilizantes elevam custos de produ\u00e7\u00e3o. Enquanto isso, riscos log\u00edsticos e migrat\u00f3rios afetam regi\u00f5es como Roraima, exigindo aten\u00e7\u00e3o imediata.","og_url":"https:\/\/conectagrao.com.br\/blog\/alerta-no-agro-guerra-eua-x-venezuela-em-2025-como-isso-afeta-diretamente-o-agronegocio-brasileiro\/","og_site_name":"ConectaGr\u00e3o","article_publisher":"https:\/\/www.facebook.com\/conectagrao\/","article_author":"https:\/\/www.facebook.com\/share\/1A5mH5g3LK\/","article_published_time":"2025-12-21T16:40:04+00:00","article_modified_time":"2025-12-21T16:53:35+00:00","og_image":[{"width":1200,"height":800,"url":"https:\/\/conectagrao.com.br\/blog\/wp-content\/uploads\/2025\/09\/Design-sem-nome-5.png","type":"image\/png"}],"author":"conectagrao","twitter_card":"summary_large_image","twitter_misc":{"Escrito por":"conectagrao","Est. tempo de leitura":"5 minutos"},"schema":{"@context":"https:\/\/schema.org","@graph":[{"@type":"Article","@id":"https:\/\/conectagrao.com.br\/blog\/alerta-no-agro-guerra-eua-x-venezuela-em-2025-como-isso-afeta-diretamente-o-agronegocio-brasileiro\/#article","isPartOf":{"@id":"https:\/\/conectagrao.com.br\/blog\/alerta-no-agro-guerra-eua-x-venezuela-em-2025-como-isso-afeta-diretamente-o-agronegocio-brasileiro\/"},"author":{"name":"conectagrao","@id":"https:\/\/conectagrao.com.br\/blog\/#\/schema\/person\/ba64f63526cab8efbf8b1f8198926135"},"headline":"Alerta no Agro: Guerra EUA x Venezuela em 2025 \u2013 Como Isso Afeta Diretamente o Agroneg\u00f3cio Brasileiro?","datePublished":"2025-12-21T16:40:04+00:00","dateModified":"2025-12-21T16:53:35+00:00","mainEntityOfPage":{"@id":"https:\/\/conectagrao.com.br\/blog\/alerta-no-agro-guerra-eua-x-venezuela-em-2025-como-isso-afeta-diretamente-o-agronegocio-brasileiro\/"},"wordCount":844,"commentCount":0,"publisher":{"@id":"https:\/\/conectagrao.com.br\/blog\/#organization"},"image":{"@id":"https:\/\/conectagrao.com.br\/blog\/alerta-no-agro-guerra-eua-x-venezuela-em-2025-como-isso-afeta-diretamente-o-agronegocio-brasileiro\/#primaryimage"},"thumbnailUrl":"https:\/\/conectagrao.com.br\/blog\/wp-content\/uploads\/2025\/09\/Design-sem-nome-5.png","keywords":["Crise Venezuela Roraima","Custos produ\u00e7\u00e3o soja 2025","Geopol\u00edtica agroneg\u00f3cio brasileiro","Migra\u00e7\u00e3o venezuelana agro","Tens\u00f5es EUA Venezuela 2025"],"articleSection":["Blog","Vis\u00e3o de Mercado"],"inLanguage":"pt-BR","potentialAction":[{"@type":"CommentAction","name":"Comment","target":["https:\/\/conectagrao.com.br\/blog\/alerta-no-agro-guerra-eua-x-venezuela-em-2025-como-isso-afeta-diretamente-o-agronegocio-brasileiro\/#respond"]}]},{"@type":"WebPage","@id":"https:\/\/conectagrao.com.br\/blog\/alerta-no-agro-guerra-eua-x-venezuela-em-2025-como-isso-afeta-diretamente-o-agronegocio-brasileiro\/","url":"https:\/\/conectagrao.com.br\/blog\/alerta-no-agro-guerra-eua-x-venezuela-em-2025-como-isso-afeta-diretamente-o-agronegocio-brasileiro\/","name":"Alerta no Agro: Guerra EUA x Venezuela em 2025 \u2013 Como Isso Afeta Diretamente o Agroneg\u00f3cio Brasileiro? - ConectaGr\u00e3o","isPartOf":{"@id":"https:\/\/conectagrao.com.br\/blog\/#website"},"primaryImageOfPage":{"@id":"https:\/\/conectagrao.com.br\/blog\/alerta-no-agro-guerra-eua-x-venezuela-em-2025-como-isso-afeta-diretamente-o-agronegocio-brasileiro\/#primaryimage"},"image":{"@id":"https:\/\/conectagrao.com.br\/blog\/alerta-no-agro-guerra-eua-x-venezuela-em-2025-como-isso-afeta-diretamente-o-agronegocio-brasileiro\/#primaryimage"},"thumbnailUrl":"https:\/\/conectagrao.com.br\/blog\/wp-content\/uploads\/2025\/09\/Design-sem-nome-5.png","datePublished":"2025-12-21T16:40:04+00:00","dateModified":"2025-12-21T16:53:35+00:00","breadcrumb":{"@id":"https:\/\/conectagrao.com.br\/blog\/alerta-no-agro-guerra-eua-x-venezuela-em-2025-como-isso-afeta-diretamente-o-agronegocio-brasileiro\/#breadcrumb"},"inLanguage":"pt-BR","potentialAction":[{"@type":"ReadAction","target":["https:\/\/conectagrao.com.br\/blog\/alerta-no-agro-guerra-eua-x-venezuela-em-2025-como-isso-afeta-diretamente-o-agronegocio-brasileiro\/"]}]},{"@type":"ImageObject","inLanguage":"pt-BR","@id":"https:\/\/conectagrao.com.br\/blog\/alerta-no-agro-guerra-eua-x-venezuela-em-2025-como-isso-afeta-diretamente-o-agronegocio-brasileiro\/#primaryimage","url":"https:\/\/conectagrao.com.br\/blog\/wp-content\/uploads\/2025\/09\/Design-sem-nome-5.png","contentUrl":"https:\/\/conectagrao.com.br\/blog\/wp-content\/uploads\/2025\/09\/Design-sem-nome-5.png","width":1200,"height":800},{"@type":"BreadcrumbList","@id":"https:\/\/conectagrao.com.br\/blog\/alerta-no-agro-guerra-eua-x-venezuela-em-2025-como-isso-afeta-diretamente-o-agronegocio-brasileiro\/#breadcrumb","itemListElement":[{"@type":"ListItem","position":1,"name":"In\u00edcio","item":"https:\/\/conectagrao.com.br\/blog\/"},{"@type":"ListItem","position":2,"name":"Alerta no Agro: Guerra EUA x Venezuela em 2025 \u2013 Como Isso Afeta Diretamente o Agroneg\u00f3cio Brasileiro?"}]},{"@type":"WebSite","@id":"https:\/\/conectagrao.com.br\/blog\/#website","url":"https:\/\/conectagrao.com.br\/blog\/","name":"ConectaGr\u00e3o","description":"Conectando o futuro com o agroneg\u00f3cio.","publisher":{"@id":"https:\/\/conectagrao.com.br\/blog\/#organization"},"alternateName":"conectagrao","potentialAction":[{"@type":"SearchAction","target":{"@type":"EntryPoint","urlTemplate":"https:\/\/conectagrao.com.br\/blog\/?s={search_term_string}"},"query-input":{"@type":"PropertyValueSpecification","valueRequired":true,"valueName":"search_term_string"}}],"inLanguage":"pt-BR"},{"@type":"Organization","@id":"https:\/\/conectagrao.com.br\/blog\/#organization","name":"ConectaGr\u00e3o","alternateName":"conectagrao","url":"https:\/\/conectagrao.com.br\/blog\/","logo":{"@type":"ImageObject","inLanguage":"pt-BR","@id":"https:\/\/conectagrao.com.br\/blog\/#\/schema\/logo\/image\/","url":"https:\/\/conectagrao.com.br\/blog\/wp-content\/uploads\/2025\/07\/ConectaGrao-6.png","contentUrl":"https:\/\/conectagrao.com.br\/blog\/wp-content\/uploads\/2025\/07\/ConectaGrao-6.png","width":447,"height":559,"caption":"ConectaGr\u00e3o"},"image":{"@id":"https:\/\/conectagrao.com.br\/blog\/#\/schema\/logo\/image\/"},"sameAs":["https:\/\/www.facebook.com\/conectagrao\/","https:\/\/www.tiktok.com\/@conectagrao?_t=ZM-8xPuS2d6MFB&_r=1","https:\/\/www.threads.com\/@conectagrao","https:\/\/www.youtube.com\/@conectagrao","https:\/\/www.instagram.com\/conectagrao"]},{"@type":"Person","@id":"https:\/\/conectagrao.com.br\/blog\/#\/schema\/person\/ba64f63526cab8efbf8b1f8198926135","name":"conectagrao","image":{"@type":"ImageObject","inLanguage":"pt-BR","@id":"https:\/\/secure.gravatar.com\/avatar\/fb3dc2cba7f544171abec58358591c995847240e6fd4f1f7a4a8159970dca59e?s=96&d=mm&r=g","url":"https:\/\/secure.gravatar.com\/avatar\/fb3dc2cba7f544171abec58358591c995847240e6fd4f1f7a4a8159970dca59e?s=96&d=mm&r=g","contentUrl":"https:\/\/secure.gravatar.com\/avatar\/fb3dc2cba7f544171abec58358591c995847240e6fd4f1f7a4a8159970dca59e?s=96&d=mm&r=g","caption":"conectagrao"},"description":"ConectaGr\u00e3o\u00ae \u00e9 uma plataforma digital que conecta produtores, empresas e compradores do agroneg\u00f3cio, oferecendo an\u00e1lises de mercado, cota\u00e7\u00f5es, ferramentas e conte\u00fados gratuitos para facilitar o dia a dia no campo. Fundada por Genecir Jacoboski e Kao\u00ea T. Rauch a ConectaGr\u00e3o\u00ae tem como miss\u00e3o valorizar o produtor e aproximar o campo do mercado com tecnologia, informa\u00e7\u00e3o e inova\u00e7\u00e3o.","sameAs":["https:\/\/conectagrao.com.br\/blog","https:\/\/www.facebook.com\/share\/1A5mH5g3LK\/","https:\/\/www.instagram.com\/conectagrao?igsh=azQ1dXBndnp4dzZw","https:\/\/youtube.com\/@conectagrao?si=QnGS_Zm7Cuj1pznt"],"url":"https:\/\/conectagrao.com.br\/blog\/author\/conectagrao\/"}]}},"uagb_featured_image_src":{"full":["https:\/\/conectagrao.com.br\/blog\/wp-content\/uploads\/2025\/09\/Design-sem-nome-5.png",1200,800,false],"thumbnail":["https:\/\/conectagrao.com.br\/blog\/wp-content\/uploads\/2025\/09\/Design-sem-nome-5-150x150.png",150,150,true],"medium":["https:\/\/conectagrao.com.br\/blog\/wp-content\/uploads\/2025\/09\/Design-sem-nome-5-300x200.png",300,200,true],"medium_large":["https:\/\/conectagrao.com.br\/blog\/wp-content\/uploads\/2025\/09\/Design-sem-nome-5-768x512.png",640,427,true],"large":["https:\/\/conectagrao.com.br\/blog\/wp-content\/uploads\/2025\/09\/Design-sem-nome-5-1024x683.png",640,427,true],"1536x1536":["https:\/\/conectagrao.com.br\/blog\/wp-content\/uploads\/2025\/09\/Design-sem-nome-5.png",1200,800,false],"2048x2048":["https:\/\/conectagrao.com.br\/blog\/wp-content\/uploads\/2025\/09\/Design-sem-nome-5.png",1200,800,false],"cvmm-medium":["https:\/\/conectagrao.com.br\/blog\/wp-content\/uploads\/2025\/09\/Design-sem-nome-5-300x300.png",300,300,true],"cvmm-medium-plus":["https:\/\/conectagrao.com.br\/blog\/wp-content\/uploads\/2025\/09\/Design-sem-nome-5-305x207.png",305,207,true],"cvmm-portrait":["https:\/\/conectagrao.com.br\/blog\/wp-content\/uploads\/2025\/09\/Design-sem-nome-5-400x600.png",400,600,true],"cvmm-medium-square":["https:\/\/conectagrao.com.br\/blog\/wp-content\/uploads\/2025\/09\/Design-sem-nome-5-600x600.png",600,600,true],"cvmm-large":["https:\/\/conectagrao.com.br\/blog\/wp-content\/uploads\/2025\/09\/Design-sem-nome-5-1024x800.png",1024,800,true],"cvmm-small":["https:\/\/conectagrao.com.br\/blog\/wp-content\/uploads\/2025\/09\/Design-sem-nome-5-130x95.png",130,95,true],"news-portal-block-medium":["https:\/\/conectagrao.com.br\/blog\/wp-content\/uploads\/2025\/09\/Design-sem-nome-5-305x207.png",305,207,true],"news-portal-block-thumb":["https:\/\/conectagrao.com.br\/blog\/wp-content\/uploads\/2025\/09\/Design-sem-nome-5-136x102.png",136,102,true],"news-portal-slider-medium":["https:\/\/conectagrao.com.br\/blog\/wp-content\/uploads\/2025\/09\/Design-sem-nome-5-622x420.png",622,420,true],"news-portal-carousel-portrait":["https:\/\/conectagrao.com.br\/blog\/wp-content\/uploads\/2025\/09\/Design-sem-nome-5-400x600.png",400,600,true],"news-portal-alternate-grid":["https:\/\/conectagrao.com.br\/blog\/wp-content\/uploads\/2025\/09\/Design-sem-nome-5-340x316.png",340,316,true],"web-stories-poster-portrait":["https:\/\/conectagrao.com.br\/blog\/wp-content\/uploads\/2025\/09\/Design-sem-nome-5-640x800.png",640,800,true],"web-stories-publisher-logo":["https:\/\/conectagrao.com.br\/blog\/wp-content\/uploads\/2025\/09\/Design-sem-nome-5-96x96.png",96,96,true],"web-stories-thumbnail":["https:\/\/conectagrao.com.br\/blog\/wp-content\/uploads\/2025\/09\/Design-sem-nome-5-150x100.png",150,100,true]},"uagb_author_info":{"display_name":"conectagrao","author_link":"https:\/\/conectagrao.com.br\/blog\/author\/conectagrao\/"},"uagb_comment_info":0,"uagb_excerpt":"A escalada militar e econ\u00f4mica entre Estados Unidos e Venezuela em dezembro de 2025, com bloqueios navais e amea\u00e7as de confrontos, gera impactos diretos no agroneg\u00f3cio brasileiro. Al\u00e9m disso, aumentos nos pre\u00e7os de petr\u00f3leo e fertilizantes elevam custos de produ\u00e7\u00e3o. Enquanto isso, riscos log\u00edsticos e migrat\u00f3rios afetam regi\u00f5es como Roraima, exigindo aten\u00e7\u00e3o imediata.","blog_post_layout_featured_media_urls":{"thumbnail":["https:\/\/conectagrao.com.br\/blog\/wp-content\/uploads\/2025\/09\/Design-sem-nome-5-150x150.png",150,150,true],"full":["https:\/\/conectagrao.com.br\/blog\/wp-content\/uploads\/2025\/09\/Design-sem-nome-5.png",1200,800,false]},"categories_names":{"1":{"name":"Blog","link":"https:\/\/conectagrao.com.br\/blog\/blog\/"},"29":{"name":"Vis\u00e3o de Mercado","link":"https:\/\/conectagrao.com.br\/blog\/mercado\/"}},"tags_names":{"497":{"name":"Crise Venezuela Roraima","link":"https:\/\/conectagrao.com.br\/blog\/tag\/crise-venezuela-roraima\/"},"495":{"name":"Custos produ\u00e7\u00e3o soja 2025","link":"https:\/\/conectagrao.com.br\/blog\/tag\/custos-producao-soja-2025\/"},"496":{"name":"Geopol\u00edtica agroneg\u00f3cio brasileiro","link":"https:\/\/conectagrao.com.br\/blog\/tag\/geopolitica-agronegocio-brasileiro\/"},"493":{"name":"Migra\u00e7\u00e3o venezuelana agro","link":"https:\/\/conectagrao.com.br\/blog\/tag\/migracao-venezuelana-agro\/"},"499":{"name":"Tens\u00f5es EUA Venezuela 2025","link":"https:\/\/conectagrao.com.br\/blog\/tag\/tensoes-eua-venezuela-2025\/"}},"comments_number":"0","wpmagazine_modules_lite_featured_media_urls":{"thumbnail":["https:\/\/conectagrao.com.br\/blog\/wp-content\/uploads\/2025\/09\/Design-sem-nome-5-150x150.png",150,150,true],"cvmm-medium":["https:\/\/conectagrao.com.br\/blog\/wp-content\/uploads\/2025\/09\/Design-sem-nome-5-300x300.png",300,300,true],"cvmm-medium-plus":["https:\/\/conectagrao.com.br\/blog\/wp-content\/uploads\/2025\/09\/Design-sem-nome-5-305x207.png",305,207,true],"cvmm-portrait":["https:\/\/conectagrao.com.br\/blog\/wp-content\/uploads\/2025\/09\/Design-sem-nome-5-400x600.png",400,600,true],"cvmm-medium-square":["https:\/\/conectagrao.com.br\/blog\/wp-content\/uploads\/2025\/09\/Design-sem-nome-5-600x600.png",600,600,true],"cvmm-large":["https:\/\/conectagrao.com.br\/blog\/wp-content\/uploads\/2025\/09\/Design-sem-nome-5-1024x800.png",1024,800,true],"cvmm-small":["https:\/\/conectagrao.com.br\/blog\/wp-content\/uploads\/2025\/09\/Design-sem-nome-5-130x95.png",130,95,true],"full":["https:\/\/conectagrao.com.br\/blog\/wp-content\/uploads\/2025\/09\/Design-sem-nome-5.png",1200,800,false]},"_links":{"self":[{"href":"https:\/\/conectagrao.com.br\/blog\/wp-json\/wp\/v2\/posts\/1350","targetHints":{"allow":["GET"]}}],"collection":[{"href":"https:\/\/conectagrao.com.br\/blog\/wp-json\/wp\/v2\/posts"}],"about":[{"href":"https:\/\/conectagrao.com.br\/blog\/wp-json\/wp\/v2\/types\/post"}],"author":[{"embeddable":true,"href":"https:\/\/conectagrao.com.br\/blog\/wp-json\/wp\/v2\/users\/1"}],"replies":[{"embeddable":true,"href":"https:\/\/conectagrao.com.br\/blog\/wp-json\/wp\/v2\/comments?post=1350"}],"version-history":[{"count":1,"href":"https:\/\/conectagrao.com.br\/blog\/wp-json\/wp\/v2\/posts\/1350\/revisions"}],"predecessor-version":[{"id":1351,"href":"https:\/\/conectagrao.com.br\/blog\/wp-json\/wp\/v2\/posts\/1350\/revisions\/1351"}],"wp:featuredmedia":[{"embeddable":true,"href":"https:\/\/conectagrao.com.br\/blog\/wp-json\/wp\/v2\/media\/1219"}],"wp:attachment":[{"href":"https:\/\/conectagrao.com.br\/blog\/wp-json\/wp\/v2\/media?parent=1350"}],"wp:term":[{"taxonomy":"category","embeddable":true,"href":"https:\/\/conectagrao.com.br\/blog\/wp-json\/wp\/v2\/categories?post=1350"},{"taxonomy":"post_tag","embeddable":true,"href":"https:\/\/conectagrao.com.br\/blog\/wp-json\/wp\/v2\/tags?post=1350"}],"curies":[{"name":"wp","href":"https:\/\/api.w.org\/{rel}","templated":true}]}}