{"id":1356,"date":"2026-01-08T01:07:16","date_gmt":"2026-01-08T01:07:16","guid":{"rendered":"https:\/\/conectagrao.com.br\/blog\/?p=1356"},"modified":"2026-01-08T01:07:20","modified_gmt":"2026-01-08T01:07:20","slug":"cnpj-obrigatorio-para-produtores-rurais-em-2026-o-que-voce-precisa-saber-agora","status":"publish","type":"post","link":"https:\/\/conectagrao.com.br\/blog\/cnpj-obrigatorio-para-produtores-rurais-em-2026-o-que-voce-precisa-saber-agora\/","title":{"rendered":"CNPJ Obrigat\u00f3rio para Produtores Rurais em 2026: O Que Voc\u00ea Precisa Saber Agora"},"content":{"rendered":"\n<p>A partir de 2026, o <strong>CNPJ passa a ser obrigat\u00f3rio para produtores rurais<\/strong> em todo o pa\u00eds, marcando uma transi\u00e7\u00e3o importante na Reforma Tribut\u00e1ria. Essa medida uniformiza o cadastro fiscal e prepara o setor para os novos tributos IBS e CBS.<\/p>\n\n\n\n<h2 class=\"wp-block-heading\">Por Que o CNPJ Ser\u00e1 Obrigat\u00f3rio?<\/h2>\n\n\n\n<p>Com a aprova\u00e7\u00e3o da Reforma Tribut\u00e1ria em 2023, regulamentada pela Lei Complementar 214\/2025, todos os produtores rurais \u2014 pessoas f\u00edsicas ou jur\u00eddicas \u2014 precisar\u00e3o de <strong>CNPJ<\/strong> para exercer suas atividades. Anteriormente, essa exig\u00eancia era comum apenas em estados como S\u00e3o Paulo.<\/p>\n\n\n\n<p>No entanto, agora ela se torna nacional. Al\u00e9m disso, o cadastro facilitar\u00e1 a apura\u00e7\u00e3o de tributos, aumentando a transpar\u00eancia e a efici\u00eancia fiscal. Portanto, produtores que operavam apenas com CPF dever\u00e3o migrar gradualmente.<\/p>\n\n\n\n<div style=\"border: 2px solid #ff9800; border-radius: 10px; padding: 20px; background: #ffffff; box-shadow: 0 4px 12px rgba(0,0,0,0.1); font-family: Arial, sans-serif; width: 100%; max-width: 100%; margin: 20px 0; text-align: center; box-sizing: border-box;\">\n  \n  <h3 style=\"color: #ff9800; font-size: 24px; margin-top: 0; margin-bottom: 15px;\">\n    <span style=\"display: none;\" class=\"whatsapp-icon\">\n      <img decoding=\"async\" src=\"https:\/\/e7.pngegg.com\/pngimages\/347\/373\/png-clipart-computer-icons-whatsapp-whatsapp-text-trademark-thumbnail.png\" alt=\"WhatsApp\" style=\"width: 40px; height: 40px; border-radius: 50%; object-fit: cover;\">\n    <\/span>\n  <\/h3>\n  \n  <div style=\"display: flex; justify-content: center; align-items: center; flex-wrap: wrap; margin-bottom: 10px;\">\n    <div style=\"text-align: center; margin-right: 10px;\">\n      <p style=\"font-size: 16px; color: #333; line-height: 1.5; margin: 0;\">\n        \ud83d\udcf0 Not\u00edcias &#038; Mercado | \ud83d\udd14 Novidades <span class=\"desktop-separator\">|<\/span>\n      <\/p>\n    <\/div>\n    <div style=\"text-align: center;\">\n      <p style=\"font-size: 16px; color: #333; line-height: 1.5; margin: 0;\">\n        \u26c5 Clima | \ud83d\ude80 Tecnologia | \ud83d\udcf1 Blog\n      <\/p>\n    <\/div>\n  <\/div>\n  \n  <a href=\"https:\/\/www.whatsapp.com\/channel\/0029VaLMT22GOj9f6eVOpJ0N\" target=\"_blank\" style=\"background: #25D366; color: #fff; padding: 10px 20px; font-size: 16px; font-weight: bold; text-decoration: none; border-radius: 30px; display: inline-block; transition: all 0.3s; position: relative;\">\n    <img decoding=\"async\" src=\"https:\/\/upload.wikimedia.org\/wikipedia\/commons\/6\/6b\/WhatsApp.svg\" alt=\"WhatsApp\" style=\"width: 20px; height: 20px; vertical-align: middle; margin-right: 5px;\">\n    Entrar no Canal\n  <\/a>\n  \n  <p style=\"font-size: 12px; color: #666; margin-top: 15px; font-weight: bold;\">\n    Conecte-se agora e, al\u00e9m disso, receba informa\u00e7\u00f5es r\u00e1pidas e confi\u00e1veis sobre o agroneg\u00f3cio.  \n    Assim, voc\u00ea se mant\u00e9m atualizado em tempo real e, por fim, garante acesso a conte\u00fado exclusivo que fortalece sua tomada de decis\u00e3o no campo.\n  <\/p>\n<\/div>\n\n<style>\n@media (max-width: 768px) {\n  .desktop-separator {\n    display: none; \/* Ocultar o separador \"|\" em dispositivos m\u00f3veis *\/\n  }\n  h3 {\n    font-size: 20px;\n  }\n  p {\n    font-size: 14px;\n  }\n  a {\n    font-size: 14px;\n    padding: 8px 15px;\n  }\n}\n<\/style>\n\n\n\n\n\n\n<h2 class=\"wp-block-heading\">Impactos na Emiss\u00e3o de Notas Fiscais<\/h2>\n\n\n\n<p>A partir de janeiro de 2026, as notas fiscais eletr\u00f4nicas (NF-e) adotar\u00e3o novo layout, com campos para os tributos <strong>IBS<\/strong> e <strong>CBS<\/strong>. Inicialmente, aplica-se uma al\u00edquota-teste de 1%, sem recolhimento efetivo \u2014 trata-se de um per\u00edodo de adapta\u00e7\u00e3o.<\/p>\n\n\n\n<p>Por outro lado, muitos produtores ainda emitir\u00e3o documentos com CPF durante 2026, mas a migra\u00e7\u00e3o definitiva para <strong>CNPJ obrigat\u00f3rio para produtores rurais<\/strong> ocorrer\u00e1 a partir de 2027. Assim, especialistas recomendam antecipar o processo para evitar inconsist\u00eancias e problemas fiscais.<\/p>\n\n\n\n<h2 class=\"wp-block-heading\">Transi\u00e7\u00e3o e Benef\u00edcios para o Setor<\/h2>\n\n\n\n<p>Embora a mudan\u00e7a exija planejamento, ela n\u00e3o altera o regime de tributa\u00e7\u00e3o como pessoa f\u00edsica para a maioria. Ademais, produtores com faturamento acima de R$ 3,6 milh\u00f5es tornam-se contribuintes regulares dos novos impostos, enquanto os menores mant\u00eam tratamento simplificado.<\/p>\n\n\n\n<p>Essa uniformiza\u00e7\u00e3o, por conseguinte, promete maior seguran\u00e7a jur\u00eddica e integra\u00e7\u00e3o com sistemas digitais.<\/p>\n\n\n\n<p>Adotar o <strong>CNPJ obrigat\u00f3rio para produtores rurais<\/strong> em 2026 representa um avan\u00e7o para a moderniza\u00e7\u00e3o do agroneg\u00f3cio brasileiro. Essa medida garante conformidade fiscal e posiciona o produtor para as inova\u00e7\u00f5es tribut\u00e1rias futuras. Continue acompanhando as inova\u00e7\u00f5es do campo e fique por dentro das tend\u00eancias do agroneg\u00f3cio.<\/p>\n\n\n\n<p><\/p>\n\n\n\n<p> <\/p>\n","protected":false},"excerpt":{"rendered":"<p>A partir de 2026, o CNPJ passa a ser obrigat\u00f3rio para produtores rurais em todo o pa\u00eds, marcando uma transi\u00e7\u00e3o importante na Reforma Tribut\u00e1ria. Essa medida uniformiza o cadastro fiscal e prepara o setor para os novos tributos IBS e CBS.<\/p>\n","protected":false},"author":1,"featured_media":1357,"comment_status":"open","ping_status":"open","sticky":false,"template":"","format":"standard","meta":{"_coblocks_attr":"","_coblocks_dimensions":"","_coblocks_responsive_height":"","_coblocks_accordion_ie_support":"","_uag_custom_page_level_css":"","footnotes":""},"categories":[1,29],"tags":[514,510,511,508,509,507,513,512],"class_list":["post-1356","post","type-post","status-publish","format-standard","has-post-thumbnail","hentry","category-blog","category-mercado","tag-aliquota-teste-reforma-tributaria","tag-cadastro-produtor-rural","tag-cnpj-rural","tag-ibs-e-cbs-produtores-rurais","tag-nota-fiscal-eletronica-rural","tag-reforma-tributaria-agro","tag-transicao-fiscal-agro","tag-tributacao-agronegocio-2026"],"yoast_head":"<!-- This site is optimized with the Yoast SEO plugin v27.4 - https:\/\/yoast.com\/product\/yoast-seo-wordpress\/ -->\n<title>CNPJ Obrigat\u00f3rio para Produtores Rurais em 2026: O Que Voc\u00ea Precisa Saber Agora - ConectaGr\u00e3o<\/title>\n<meta name=\"description\" content=\"A partir de 2026, o CNPJ obrigat\u00f3rio para produtores rurais em todo o Brasil facilita a Reforma Tribut\u00e1ria. Entenda as mudan\u00e7as na emiss\u00e3o de notas fiscais e adapta\u00e7\u00e3o ao novo sistema.\" \/>\n<meta name=\"robots\" content=\"index, follow, max-snippet:-1, max-image-preview:large, max-video-preview:-1\" \/>\n<link rel=\"canonical\" href=\"https:\/\/conectagrao.com.br\/blog\/cnpj-obrigatorio-para-produtores-rurais-em-2026-o-que-voce-precisa-saber-agora\/\" \/>\n<meta property=\"og:locale\" content=\"pt_BR\" \/>\n<meta property=\"og:type\" content=\"article\" \/>\n<meta property=\"og:title\" content=\"CNPJ Obrigat\u00f3rio para Produtores Rurais em 2026: O Que Voc\u00ea Precisa Saber Agora - ConectaGr\u00e3o\" \/>\n<meta property=\"og:description\" content=\"A partir de 2026, o CNPJ obrigat\u00f3rio para produtores rurais em todo o Brasil facilita a Reforma Tribut\u00e1ria. Entenda as mudan\u00e7as na emiss\u00e3o de notas fiscais e adapta\u00e7\u00e3o ao novo sistema.\" \/>\n<meta property=\"og:url\" content=\"https:\/\/conectagrao.com.br\/blog\/cnpj-obrigatorio-para-produtores-rurais-em-2026-o-que-voce-precisa-saber-agora\/\" \/>\n<meta property=\"og:site_name\" content=\"ConectaGr\u00e3o\" \/>\n<meta property=\"article:publisher\" content=\"https:\/\/www.facebook.com\/conectagrao\/\" \/>\n<meta property=\"article:author\" content=\"https:\/\/www.facebook.com\/share\/1A5mH5g3LK\/\" \/>\n<meta property=\"article:published_time\" content=\"2026-01-08T01:07:16+00:00\" \/>\n<meta property=\"article:modified_time\" content=\"2026-01-08T01:07:20+00:00\" \/>\n<meta property=\"og:image\" content=\"https:\/\/conectagrao.com.br\/blog\/wp-content\/uploads\/2026\/01\/290b9db6-194d-4e41-bd52-835d5a69e73f.jpg\" \/>\n\t<meta property=\"og:image:width\" content=\"784\" \/>\n\t<meta property=\"og:image:height\" content=\"1168\" \/>\n\t<meta property=\"og:image:type\" content=\"image\/jpeg\" \/>\n<meta name=\"author\" content=\"conectagrao\" \/>\n<meta name=\"twitter:card\" content=\"summary_large_image\" \/>\n<meta name=\"twitter:label1\" content=\"Escrito por\" \/>\n\t<meta name=\"twitter:data1\" content=\"conectagrao\" \/>\n\t<meta name=\"twitter:label2\" content=\"Est. tempo de leitura\" \/>\n\t<meta name=\"twitter:data2\" content=\"3 minutos\" \/>\n<script type=\"application\/ld+json\" class=\"yoast-schema-graph\">{\"@context\":\"https:\\\/\\\/schema.org\",\"@graph\":[{\"@type\":\"Article\",\"@id\":\"https:\\\/\\\/conectagrao.com.br\\\/blog\\\/cnpj-obrigatorio-para-produtores-rurais-em-2026-o-que-voce-precisa-saber-agora\\\/#article\",\"isPartOf\":{\"@id\":\"https:\\\/\\\/conectagrao.com.br\\\/blog\\\/cnpj-obrigatorio-para-produtores-rurais-em-2026-o-que-voce-precisa-saber-agora\\\/\"},\"author\":{\"name\":\"conectagrao\",\"@id\":\"https:\\\/\\\/conectagrao.com.br\\\/blog\\\/#\\\/schema\\\/person\\\/ba64f63526cab8efbf8b1f8198926135\"},\"headline\":\"CNPJ Obrigat\u00f3rio para Produtores Rurais em 2026: O Que Voc\u00ea Precisa Saber Agora\",\"datePublished\":\"2026-01-08T01:07:16+00:00\",\"dateModified\":\"2026-01-08T01:07:20+00:00\",\"mainEntityOfPage\":{\"@id\":\"https:\\\/\\\/conectagrao.com.br\\\/blog\\\/cnpj-obrigatorio-para-produtores-rurais-em-2026-o-que-voce-precisa-saber-agora\\\/\"},\"wordCount\":412,\"commentCount\":0,\"publisher\":{\"@id\":\"https:\\\/\\\/conectagrao.com.br\\\/blog\\\/#organization\"},\"image\":{\"@id\":\"https:\\\/\\\/conectagrao.com.br\\\/blog\\\/cnpj-obrigatorio-para-produtores-rurais-em-2026-o-que-voce-precisa-saber-agora\\\/#primaryimage\"},\"thumbnailUrl\":\"https:\\\/\\\/conectagrao.com.br\\\/blog\\\/wp-content\\\/uploads\\\/2026\\\/01\\\/290b9db6-194d-4e41-bd52-835d5a69e73f.jpg\",\"keywords\":[\"al\u00edquota-teste Reforma Tribut\u00e1ria\",\"cadastro produtor rural\",\"CNPJ rural\",\"IBS e CBS produtores rurais\",\"nota fiscal eletr\u00f4nica rural\",\"Reforma Tribut\u00e1ria agro\",\"transi\u00e7\u00e3o fiscal agro\",\"tributa\u00e7\u00e3o agroneg\u00f3cio 2026\"],\"articleSection\":[\"Blog\",\"Vis\u00e3o de Mercado\"],\"inLanguage\":\"pt-BR\",\"potentialAction\":[{\"@type\":\"CommentAction\",\"name\":\"Comment\",\"target\":[\"https:\\\/\\\/conectagrao.com.br\\\/blog\\\/cnpj-obrigatorio-para-produtores-rurais-em-2026-o-que-voce-precisa-saber-agora\\\/#respond\"]}]},{\"@type\":\"WebPage\",\"@id\":\"https:\\\/\\\/conectagrao.com.br\\\/blog\\\/cnpj-obrigatorio-para-produtores-rurais-em-2026-o-que-voce-precisa-saber-agora\\\/\",\"url\":\"https:\\\/\\\/conectagrao.com.br\\\/blog\\\/cnpj-obrigatorio-para-produtores-rurais-em-2026-o-que-voce-precisa-saber-agora\\\/\",\"name\":\"CNPJ Obrigat\u00f3rio para Produtores Rurais em 2026: O Que Voc\u00ea Precisa Saber Agora - ConectaGr\u00e3o\",\"isPartOf\":{\"@id\":\"https:\\\/\\\/conectagrao.com.br\\\/blog\\\/#website\"},\"primaryImageOfPage\":{\"@id\":\"https:\\\/\\\/conectagrao.com.br\\\/blog\\\/cnpj-obrigatorio-para-produtores-rurais-em-2026-o-que-voce-precisa-saber-agora\\\/#primaryimage\"},\"image\":{\"@id\":\"https:\\\/\\\/conectagrao.com.br\\\/blog\\\/cnpj-obrigatorio-para-produtores-rurais-em-2026-o-que-voce-precisa-saber-agora\\\/#primaryimage\"},\"thumbnailUrl\":\"https:\\\/\\\/conectagrao.com.br\\\/blog\\\/wp-content\\\/uploads\\\/2026\\\/01\\\/290b9db6-194d-4e41-bd52-835d5a69e73f.jpg\",\"datePublished\":\"2026-01-08T01:07:16+00:00\",\"dateModified\":\"2026-01-08T01:07:20+00:00\",\"description\":\"A partir de 2026, o CNPJ obrigat\u00f3rio para produtores rurais em todo o Brasil facilita a Reforma Tribut\u00e1ria. Entenda as mudan\u00e7as na emiss\u00e3o de notas fiscais e adapta\u00e7\u00e3o ao novo sistema.\",\"breadcrumb\":{\"@id\":\"https:\\\/\\\/conectagrao.com.br\\\/blog\\\/cnpj-obrigatorio-para-produtores-rurais-em-2026-o-que-voce-precisa-saber-agora\\\/#breadcrumb\"},\"inLanguage\":\"pt-BR\",\"potentialAction\":[{\"@type\":\"ReadAction\",\"target\":[\"https:\\\/\\\/conectagrao.com.br\\\/blog\\\/cnpj-obrigatorio-para-produtores-rurais-em-2026-o-que-voce-precisa-saber-agora\\\/\"]}]},{\"@type\":\"ImageObject\",\"inLanguage\":\"pt-BR\",\"@id\":\"https:\\\/\\\/conectagrao.com.br\\\/blog\\\/cnpj-obrigatorio-para-produtores-rurais-em-2026-o-que-voce-precisa-saber-agora\\\/#primaryimage\",\"url\":\"https:\\\/\\\/conectagrao.com.br\\\/blog\\\/wp-content\\\/uploads\\\/2026\\\/01\\\/290b9db6-194d-4e41-bd52-835d5a69e73f.jpg\",\"contentUrl\":\"https:\\\/\\\/conectagrao.com.br\\\/blog\\\/wp-content\\\/uploads\\\/2026\\\/01\\\/290b9db6-194d-4e41-bd52-835d5a69e73f.jpg\",\"width\":784,\"height\":1168,\"caption\":\"Signature: a6UOKVx1ockqZawz7wpCpNt26H7aNf5R3B00NLloQoEvat8+bIi\\\/jnBZIqFUckfXJ9bjiAGmDqjFu3VlkynH0cC7DvoFer4uoMOQcPKMW0OJC77LCvQQfL6bYDMWBYAvpRRvzXGpOX3Nmqqh2w85VHXd9Ik3n2sQ95N9zJDauKEXinKVT4cn\\\/VIRPJhjH+3\\\/kmaPUB4vG\\\/1b2qaFMQN7TDkG\\\/eL4MDMOOHtNfu6rxD9fJKxSsZ3mOn57tYTriVczBMgJrc9Mt841opbvtSBSvXD3o0O7nmcjEA7Dv0Bt4jghFXDLc\\\/i2tkC8lu71dX8\\\/\"},{\"@type\":\"BreadcrumbList\",\"@id\":\"https:\\\/\\\/conectagrao.com.br\\\/blog\\\/cnpj-obrigatorio-para-produtores-rurais-em-2026-o-que-voce-precisa-saber-agora\\\/#breadcrumb\",\"itemListElement\":[{\"@type\":\"ListItem\",\"position\":1,\"name\":\"In\u00edcio\",\"item\":\"https:\\\/\\\/conectagrao.com.br\\\/blog\\\/\"},{\"@type\":\"ListItem\",\"position\":2,\"name\":\"CNPJ Obrigat\u00f3rio para Produtores Rurais em 2026: O Que Voc\u00ea Precisa Saber Agora\"}]},{\"@type\":\"WebSite\",\"@id\":\"https:\\\/\\\/conectagrao.com.br\\\/blog\\\/#website\",\"url\":\"https:\\\/\\\/conectagrao.com.br\\\/blog\\\/\",\"name\":\"ConectaGr\u00e3o\",\"description\":\"Conectando o futuro com o agroneg\u00f3cio.\",\"publisher\":{\"@id\":\"https:\\\/\\\/conectagrao.com.br\\\/blog\\\/#organization\"},\"alternateName\":\"conectagrao\",\"potentialAction\":[{\"@type\":\"SearchAction\",\"target\":{\"@type\":\"EntryPoint\",\"urlTemplate\":\"https:\\\/\\\/conectagrao.com.br\\\/blog\\\/?s={search_term_string}\"},\"query-input\":{\"@type\":\"PropertyValueSpecification\",\"valueRequired\":true,\"valueName\":\"search_term_string\"}}],\"inLanguage\":\"pt-BR\"},{\"@type\":\"Organization\",\"@id\":\"https:\\\/\\\/conectagrao.com.br\\\/blog\\\/#organization\",\"name\":\"ConectaGr\u00e3o\",\"alternateName\":\"conectagrao\",\"url\":\"https:\\\/\\\/conectagrao.com.br\\\/blog\\\/\",\"logo\":{\"@type\":\"ImageObject\",\"inLanguage\":\"pt-BR\",\"@id\":\"https:\\\/\\\/conectagrao.com.br\\\/blog\\\/#\\\/schema\\\/logo\\\/image\\\/\",\"url\":\"https:\\\/\\\/conectagrao.com.br\\\/blog\\\/wp-content\\\/uploads\\\/2025\\\/07\\\/ConectaGrao-6.png\",\"contentUrl\":\"https:\\\/\\\/conectagrao.com.br\\\/blog\\\/wp-content\\\/uploads\\\/2025\\\/07\\\/ConectaGrao-6.png\",\"width\":447,\"height\":559,\"caption\":\"ConectaGr\u00e3o\"},\"image\":{\"@id\":\"https:\\\/\\\/conectagrao.com.br\\\/blog\\\/#\\\/schema\\\/logo\\\/image\\\/\"},\"sameAs\":[\"https:\\\/\\\/www.facebook.com\\\/conectagrao\\\/\",\"https:\\\/\\\/www.tiktok.com\\\/@conectagrao?_t=ZM-8xPuS2d6MFB&_r=1\",\"https:\\\/\\\/www.threads.com\\\/@conectagrao\",\"https:\\\/\\\/www.youtube.com\\\/@conectagrao\",\"https:\\\/\\\/www.instagram.com\\\/conectagrao\"]},{\"@type\":\"Person\",\"@id\":\"https:\\\/\\\/conectagrao.com.br\\\/blog\\\/#\\\/schema\\\/person\\\/ba64f63526cab8efbf8b1f8198926135\",\"name\":\"conectagrao\",\"image\":{\"@type\":\"ImageObject\",\"inLanguage\":\"pt-BR\",\"@id\":\"https:\\\/\\\/secure.gravatar.com\\\/avatar\\\/fb3dc2cba7f544171abec58358591c995847240e6fd4f1f7a4a8159970dca59e?s=96&d=mm&r=g\",\"url\":\"https:\\\/\\\/secure.gravatar.com\\\/avatar\\\/fb3dc2cba7f544171abec58358591c995847240e6fd4f1f7a4a8159970dca59e?s=96&d=mm&r=g\",\"contentUrl\":\"https:\\\/\\\/secure.gravatar.com\\\/avatar\\\/fb3dc2cba7f544171abec58358591c995847240e6fd4f1f7a4a8159970dca59e?s=96&d=mm&r=g\",\"caption\":\"conectagrao\"},\"description\":\"ConectaGr\u00e3o\u00ae \u00e9 uma plataforma digital que conecta produtores, empresas e compradores do agroneg\u00f3cio, oferecendo an\u00e1lises de mercado, cota\u00e7\u00f5es, ferramentas e conte\u00fados gratuitos para facilitar o dia a dia no campo. Fundada por Genecir Jacoboski e Kao\u00ea T. Rauch a ConectaGr\u00e3o\u00ae tem como miss\u00e3o valorizar o produtor e aproximar o campo do mercado com tecnologia, informa\u00e7\u00e3o e inova\u00e7\u00e3o.\",\"sameAs\":[\"https:\\\/\\\/conectagrao.com.br\\\/blog\",\"https:\\\/\\\/www.facebook.com\\\/share\\\/1A5mH5g3LK\\\/\",\"https:\\\/\\\/www.instagram.com\\\/conectagrao?igsh=azQ1dXBndnp4dzZw\",\"https:\\\/\\\/youtube.com\\\/@conectagrao?si=QnGS_Zm7Cuj1pznt\"],\"url\":\"https:\\\/\\\/conectagrao.com.br\\\/blog\\\/author\\\/conectagrao\\\/\"}]}<\/script>\n<!-- \/ Yoast SEO plugin. -->","yoast_head_json":{"title":"CNPJ Obrigat\u00f3rio para Produtores Rurais em 2026: O Que Voc\u00ea Precisa Saber Agora - ConectaGr\u00e3o","description":"A partir de 2026, o CNPJ obrigat\u00f3rio para produtores rurais em todo o Brasil facilita a Reforma Tribut\u00e1ria. Entenda as mudan\u00e7as na emiss\u00e3o de notas fiscais e adapta\u00e7\u00e3o ao novo sistema.","robots":{"index":"index","follow":"follow","max-snippet":"max-snippet:-1","max-image-preview":"max-image-preview:large","max-video-preview":"max-video-preview:-1"},"canonical":"https:\/\/conectagrao.com.br\/blog\/cnpj-obrigatorio-para-produtores-rurais-em-2026-o-que-voce-precisa-saber-agora\/","og_locale":"pt_BR","og_type":"article","og_title":"CNPJ Obrigat\u00f3rio para Produtores Rurais em 2026: O Que Voc\u00ea Precisa Saber Agora - ConectaGr\u00e3o","og_description":"A partir de 2026, o CNPJ obrigat\u00f3rio para produtores rurais em todo o Brasil facilita a Reforma Tribut\u00e1ria. Entenda as mudan\u00e7as na emiss\u00e3o de notas fiscais e adapta\u00e7\u00e3o ao novo sistema.","og_url":"https:\/\/conectagrao.com.br\/blog\/cnpj-obrigatorio-para-produtores-rurais-em-2026-o-que-voce-precisa-saber-agora\/","og_site_name":"ConectaGr\u00e3o","article_publisher":"https:\/\/www.facebook.com\/conectagrao\/","article_author":"https:\/\/www.facebook.com\/share\/1A5mH5g3LK\/","article_published_time":"2026-01-08T01:07:16+00:00","article_modified_time":"2026-01-08T01:07:20+00:00","og_image":[{"width":784,"height":1168,"url":"https:\/\/conectagrao.com.br\/blog\/wp-content\/uploads\/2026\/01\/290b9db6-194d-4e41-bd52-835d5a69e73f.jpg","type":"image\/jpeg"}],"author":"conectagrao","twitter_card":"summary_large_image","twitter_misc":{"Escrito por":"conectagrao","Est. tempo de leitura":"3 minutos"},"schema":{"@context":"https:\/\/schema.org","@graph":[{"@type":"Article","@id":"https:\/\/conectagrao.com.br\/blog\/cnpj-obrigatorio-para-produtores-rurais-em-2026-o-que-voce-precisa-saber-agora\/#article","isPartOf":{"@id":"https:\/\/conectagrao.com.br\/blog\/cnpj-obrigatorio-para-produtores-rurais-em-2026-o-que-voce-precisa-saber-agora\/"},"author":{"name":"conectagrao","@id":"https:\/\/conectagrao.com.br\/blog\/#\/schema\/person\/ba64f63526cab8efbf8b1f8198926135"},"headline":"CNPJ Obrigat\u00f3rio para Produtores Rurais em 2026: O Que Voc\u00ea Precisa Saber Agora","datePublished":"2026-01-08T01:07:16+00:00","dateModified":"2026-01-08T01:07:20+00:00","mainEntityOfPage":{"@id":"https:\/\/conectagrao.com.br\/blog\/cnpj-obrigatorio-para-produtores-rurais-em-2026-o-que-voce-precisa-saber-agora\/"},"wordCount":412,"commentCount":0,"publisher":{"@id":"https:\/\/conectagrao.com.br\/blog\/#organization"},"image":{"@id":"https:\/\/conectagrao.com.br\/blog\/cnpj-obrigatorio-para-produtores-rurais-em-2026-o-que-voce-precisa-saber-agora\/#primaryimage"},"thumbnailUrl":"https:\/\/conectagrao.com.br\/blog\/wp-content\/uploads\/2026\/01\/290b9db6-194d-4e41-bd52-835d5a69e73f.jpg","keywords":["al\u00edquota-teste Reforma Tribut\u00e1ria","cadastro produtor rural","CNPJ rural","IBS e CBS produtores rurais","nota fiscal eletr\u00f4nica rural","Reforma Tribut\u00e1ria agro","transi\u00e7\u00e3o fiscal agro","tributa\u00e7\u00e3o agroneg\u00f3cio 2026"],"articleSection":["Blog","Vis\u00e3o de Mercado"],"inLanguage":"pt-BR","potentialAction":[{"@type":"CommentAction","name":"Comment","target":["https:\/\/conectagrao.com.br\/blog\/cnpj-obrigatorio-para-produtores-rurais-em-2026-o-que-voce-precisa-saber-agora\/#respond"]}]},{"@type":"WebPage","@id":"https:\/\/conectagrao.com.br\/blog\/cnpj-obrigatorio-para-produtores-rurais-em-2026-o-que-voce-precisa-saber-agora\/","url":"https:\/\/conectagrao.com.br\/blog\/cnpj-obrigatorio-para-produtores-rurais-em-2026-o-que-voce-precisa-saber-agora\/","name":"CNPJ Obrigat\u00f3rio para Produtores Rurais em 2026: O Que Voc\u00ea Precisa Saber Agora - ConectaGr\u00e3o","isPartOf":{"@id":"https:\/\/conectagrao.com.br\/blog\/#website"},"primaryImageOfPage":{"@id":"https:\/\/conectagrao.com.br\/blog\/cnpj-obrigatorio-para-produtores-rurais-em-2026-o-que-voce-precisa-saber-agora\/#primaryimage"},"image":{"@id":"https:\/\/conectagrao.com.br\/blog\/cnpj-obrigatorio-para-produtores-rurais-em-2026-o-que-voce-precisa-saber-agora\/#primaryimage"},"thumbnailUrl":"https:\/\/conectagrao.com.br\/blog\/wp-content\/uploads\/2026\/01\/290b9db6-194d-4e41-bd52-835d5a69e73f.jpg","datePublished":"2026-01-08T01:07:16+00:00","dateModified":"2026-01-08T01:07:20+00:00","description":"A partir de 2026, o CNPJ obrigat\u00f3rio para produtores rurais em todo o Brasil facilita a Reforma Tribut\u00e1ria. Entenda as mudan\u00e7as na emiss\u00e3o de notas fiscais e adapta\u00e7\u00e3o ao novo sistema.","breadcrumb":{"@id":"https:\/\/conectagrao.com.br\/blog\/cnpj-obrigatorio-para-produtores-rurais-em-2026-o-que-voce-precisa-saber-agora\/#breadcrumb"},"inLanguage":"pt-BR","potentialAction":[{"@type":"ReadAction","target":["https:\/\/conectagrao.com.br\/blog\/cnpj-obrigatorio-para-produtores-rurais-em-2026-o-que-voce-precisa-saber-agora\/"]}]},{"@type":"ImageObject","inLanguage":"pt-BR","@id":"https:\/\/conectagrao.com.br\/blog\/cnpj-obrigatorio-para-produtores-rurais-em-2026-o-que-voce-precisa-saber-agora\/#primaryimage","url":"https:\/\/conectagrao.com.br\/blog\/wp-content\/uploads\/2026\/01\/290b9db6-194d-4e41-bd52-835d5a69e73f.jpg","contentUrl":"https:\/\/conectagrao.com.br\/blog\/wp-content\/uploads\/2026\/01\/290b9db6-194d-4e41-bd52-835d5a69e73f.jpg","width":784,"height":1168,"caption":"Signature: a6UOKVx1ockqZawz7wpCpNt26H7aNf5R3B00NLloQoEvat8+bIi\/jnBZIqFUckfXJ9bjiAGmDqjFu3VlkynH0cC7DvoFer4uoMOQcPKMW0OJC77LCvQQfL6bYDMWBYAvpRRvzXGpOX3Nmqqh2w85VHXd9Ik3n2sQ95N9zJDauKEXinKVT4cn\/VIRPJhjH+3\/kmaPUB4vG\/1b2qaFMQN7TDkG\/eL4MDMOOHtNfu6rxD9fJKxSsZ3mOn57tYTriVczBMgJrc9Mt841opbvtSBSvXD3o0O7nmcjEA7Dv0Bt4jghFXDLc\/i2tkC8lu71dX8\/"},{"@type":"BreadcrumbList","@id":"https:\/\/conectagrao.com.br\/blog\/cnpj-obrigatorio-para-produtores-rurais-em-2026-o-que-voce-precisa-saber-agora\/#breadcrumb","itemListElement":[{"@type":"ListItem","position":1,"name":"In\u00edcio","item":"https:\/\/conectagrao.com.br\/blog\/"},{"@type":"ListItem","position":2,"name":"CNPJ Obrigat\u00f3rio para Produtores Rurais em 2026: O Que Voc\u00ea Precisa Saber Agora"}]},{"@type":"WebSite","@id":"https:\/\/conectagrao.com.br\/blog\/#website","url":"https:\/\/conectagrao.com.br\/blog\/","name":"ConectaGr\u00e3o","description":"Conectando o futuro com o agroneg\u00f3cio.","publisher":{"@id":"https:\/\/conectagrao.com.br\/blog\/#organization"},"alternateName":"conectagrao","potentialAction":[{"@type":"SearchAction","target":{"@type":"EntryPoint","urlTemplate":"https:\/\/conectagrao.com.br\/blog\/?s={search_term_string}"},"query-input":{"@type":"PropertyValueSpecification","valueRequired":true,"valueName":"search_term_string"}}],"inLanguage":"pt-BR"},{"@type":"Organization","@id":"https:\/\/conectagrao.com.br\/blog\/#organization","name":"ConectaGr\u00e3o","alternateName":"conectagrao","url":"https:\/\/conectagrao.com.br\/blog\/","logo":{"@type":"ImageObject","inLanguage":"pt-BR","@id":"https:\/\/conectagrao.com.br\/blog\/#\/schema\/logo\/image\/","url":"https:\/\/conectagrao.com.br\/blog\/wp-content\/uploads\/2025\/07\/ConectaGrao-6.png","contentUrl":"https:\/\/conectagrao.com.br\/blog\/wp-content\/uploads\/2025\/07\/ConectaGrao-6.png","width":447,"height":559,"caption":"ConectaGr\u00e3o"},"image":{"@id":"https:\/\/conectagrao.com.br\/blog\/#\/schema\/logo\/image\/"},"sameAs":["https:\/\/www.facebook.com\/conectagrao\/","https:\/\/www.tiktok.com\/@conectagrao?_t=ZM-8xPuS2d6MFB&_r=1","https:\/\/www.threads.com\/@conectagrao","https:\/\/www.youtube.com\/@conectagrao","https:\/\/www.instagram.com\/conectagrao"]},{"@type":"Person","@id":"https:\/\/conectagrao.com.br\/blog\/#\/schema\/person\/ba64f63526cab8efbf8b1f8198926135","name":"conectagrao","image":{"@type":"ImageObject","inLanguage":"pt-BR","@id":"https:\/\/secure.gravatar.com\/avatar\/fb3dc2cba7f544171abec58358591c995847240e6fd4f1f7a4a8159970dca59e?s=96&d=mm&r=g","url":"https:\/\/secure.gravatar.com\/avatar\/fb3dc2cba7f544171abec58358591c995847240e6fd4f1f7a4a8159970dca59e?s=96&d=mm&r=g","contentUrl":"https:\/\/secure.gravatar.com\/avatar\/fb3dc2cba7f544171abec58358591c995847240e6fd4f1f7a4a8159970dca59e?s=96&d=mm&r=g","caption":"conectagrao"},"description":"ConectaGr\u00e3o\u00ae \u00e9 uma plataforma digital que conecta produtores, empresas e compradores do agroneg\u00f3cio, oferecendo an\u00e1lises de mercado, cota\u00e7\u00f5es, ferramentas e conte\u00fados gratuitos para facilitar o dia a dia no campo. Fundada por Genecir Jacoboski e Kao\u00ea T. Rauch a ConectaGr\u00e3o\u00ae tem como miss\u00e3o valorizar o produtor e aproximar o campo do mercado com tecnologia, informa\u00e7\u00e3o e inova\u00e7\u00e3o.","sameAs":["https:\/\/conectagrao.com.br\/blog","https:\/\/www.facebook.com\/share\/1A5mH5g3LK\/","https:\/\/www.instagram.com\/conectagrao?igsh=azQ1dXBndnp4dzZw","https:\/\/youtube.com\/@conectagrao?si=QnGS_Zm7Cuj1pznt"],"url":"https:\/\/conectagrao.com.br\/blog\/author\/conectagrao\/"}]}},"uagb_featured_image_src":{"full":["https:\/\/conectagrao.com.br\/blog\/wp-content\/uploads\/2026\/01\/290b9db6-194d-4e41-bd52-835d5a69e73f.jpg",784,1168,false],"thumbnail":["https:\/\/conectagrao.com.br\/blog\/wp-content\/uploads\/2026\/01\/290b9db6-194d-4e41-bd52-835d5a69e73f-150x150.jpg",150,150,true],"medium":["https:\/\/conectagrao.com.br\/blog\/wp-content\/uploads\/2026\/01\/290b9db6-194d-4e41-bd52-835d5a69e73f-201x300.jpg",201,300,true],"medium_large":["https:\/\/conectagrao.com.br\/blog\/wp-content\/uploads\/2026\/01\/290b9db6-194d-4e41-bd52-835d5a69e73f-768x1144.jpg",640,953,true],"large":["https:\/\/conectagrao.com.br\/blog\/wp-content\/uploads\/2026\/01\/290b9db6-194d-4e41-bd52-835d5a69e73f-687x1024.jpg",640,954,true],"1536x1536":["https:\/\/conectagrao.com.br\/blog\/wp-content\/uploads\/2026\/01\/290b9db6-194d-4e41-bd52-835d5a69e73f.jpg",784,1168,false],"2048x2048":["https:\/\/conectagrao.com.br\/blog\/wp-content\/uploads\/2026\/01\/290b9db6-194d-4e41-bd52-835d5a69e73f.jpg",784,1168,false],"cvmm-medium":["https:\/\/conectagrao.com.br\/blog\/wp-content\/uploads\/2026\/01\/290b9db6-194d-4e41-bd52-835d5a69e73f-300x300.jpg",300,300,true],"cvmm-medium-plus":["https:\/\/conectagrao.com.br\/blog\/wp-content\/uploads\/2026\/01\/290b9db6-194d-4e41-bd52-835d5a69e73f-305x207.jpg",305,207,true],"cvmm-portrait":["https:\/\/conectagrao.com.br\/blog\/wp-content\/uploads\/2026\/01\/290b9db6-194d-4e41-bd52-835d5a69e73f-400x600.jpg",400,600,true],"cvmm-medium-square":["https:\/\/conectagrao.com.br\/blog\/wp-content\/uploads\/2026\/01\/290b9db6-194d-4e41-bd52-835d5a69e73f-600x600.jpg",600,600,true],"cvmm-large":["https:\/\/conectagrao.com.br\/blog\/wp-content\/uploads\/2026\/01\/290b9db6-194d-4e41-bd52-835d5a69e73f-784x1024.jpg",784,1024,true],"cvmm-small":["https:\/\/conectagrao.com.br\/blog\/wp-content\/uploads\/2026\/01\/290b9db6-194d-4e41-bd52-835d5a69e73f-130x95.jpg",130,95,true],"news-portal-block-medium":["https:\/\/conectagrao.com.br\/blog\/wp-content\/uploads\/2026\/01\/290b9db6-194d-4e41-bd52-835d5a69e73f-305x207.jpg",305,207,true],"news-portal-block-thumb":["https:\/\/conectagrao.com.br\/blog\/wp-content\/uploads\/2026\/01\/290b9db6-194d-4e41-bd52-835d5a69e73f-136x102.jpg",136,102,true],"news-portal-slider-medium":["https:\/\/conectagrao.com.br\/blog\/wp-content\/uploads\/2026\/01\/290b9db6-194d-4e41-bd52-835d5a69e73f-622x420.jpg",622,420,true],"news-portal-carousel-portrait":["https:\/\/conectagrao.com.br\/blog\/wp-content\/uploads\/2026\/01\/290b9db6-194d-4e41-bd52-835d5a69e73f-400x600.jpg",400,600,true],"news-portal-alternate-grid":["https:\/\/conectagrao.com.br\/blog\/wp-content\/uploads\/2026\/01\/290b9db6-194d-4e41-bd52-835d5a69e73f-340x316.jpg",340,316,true],"web-stories-poster-portrait":["https:\/\/conectagrao.com.br\/blog\/wp-content\/uploads\/2026\/01\/290b9db6-194d-4e41-bd52-835d5a69e73f-640x853.jpg",640,853,true],"web-stories-publisher-logo":["https:\/\/conectagrao.com.br\/blog\/wp-content\/uploads\/2026\/01\/290b9db6-194d-4e41-bd52-835d5a69e73f-96x96.jpg",96,96,true],"web-stories-thumbnail":["https:\/\/conectagrao.com.br\/blog\/wp-content\/uploads\/2026\/01\/290b9db6-194d-4e41-bd52-835d5a69e73f-150x223.jpg",150,223,true]},"uagb_author_info":{"display_name":"conectagrao","author_link":"https:\/\/conectagrao.com.br\/blog\/author\/conectagrao\/"},"uagb_comment_info":1,"uagb_excerpt":"A partir de 2026, o CNPJ passa a ser obrigat\u00f3rio para produtores rurais em todo o pa\u00eds, marcando uma transi\u00e7\u00e3o importante na Reforma Tribut\u00e1ria. Essa medida uniformiza o cadastro fiscal e prepara o setor para os novos tributos IBS e CBS.","blog_post_layout_featured_media_urls":{"thumbnail":["https:\/\/conectagrao.com.br\/blog\/wp-content\/uploads\/2026\/01\/290b9db6-194d-4e41-bd52-835d5a69e73f-150x150.jpg",150,150,true],"full":["https:\/\/conectagrao.com.br\/blog\/wp-content\/uploads\/2026\/01\/290b9db6-194d-4e41-bd52-835d5a69e73f.jpg",784,1168,false]},"categories_names":{"1":{"name":"Blog","link":"https:\/\/conectagrao.com.br\/blog\/blog\/"},"29":{"name":"Vis\u00e3o de Mercado","link":"https:\/\/conectagrao.com.br\/blog\/mercado\/"}},"tags_names":{"514":{"name":"al\u00edquota-teste Reforma Tribut\u00e1ria","link":"https:\/\/conectagrao.com.br\/blog\/tag\/aliquota-teste-reforma-tributaria\/"},"510":{"name":"cadastro produtor rural","link":"https:\/\/conectagrao.com.br\/blog\/tag\/cadastro-produtor-rural\/"},"511":{"name":"CNPJ rural","link":"https:\/\/conectagrao.com.br\/blog\/tag\/cnpj-rural\/"},"508":{"name":"IBS e CBS produtores rurais","link":"https:\/\/conectagrao.com.br\/blog\/tag\/ibs-e-cbs-produtores-rurais\/"},"509":{"name":"nota fiscal eletr\u00f4nica rural","link":"https:\/\/conectagrao.com.br\/blog\/tag\/nota-fiscal-eletronica-rural\/"},"507":{"name":"Reforma Tribut\u00e1ria agro","link":"https:\/\/conectagrao.com.br\/blog\/tag\/reforma-tributaria-agro\/"},"513":{"name":"transi\u00e7\u00e3o fiscal agro","link":"https:\/\/conectagrao.com.br\/blog\/tag\/transicao-fiscal-agro\/"},"512":{"name":"tributa\u00e7\u00e3o agroneg\u00f3cio 2026","link":"https:\/\/conectagrao.com.br\/blog\/tag\/tributacao-agronegocio-2026\/"}},"comments_number":"0","wpmagazine_modules_lite_featured_media_urls":{"thumbnail":["https:\/\/conectagrao.com.br\/blog\/wp-content\/uploads\/2026\/01\/290b9db6-194d-4e41-bd52-835d5a69e73f-150x150.jpg",150,150,true],"cvmm-medium":["https:\/\/conectagrao.com.br\/blog\/wp-content\/uploads\/2026\/01\/290b9db6-194d-4e41-bd52-835d5a69e73f-300x300.jpg",300,300,true],"cvmm-medium-plus":["https:\/\/conectagrao.com.br\/blog\/wp-content\/uploads\/2026\/01\/290b9db6-194d-4e41-bd52-835d5a69e73f-305x207.jpg",305,207,true],"cvmm-portrait":["https:\/\/conectagrao.com.br\/blog\/wp-content\/uploads\/2026\/01\/290b9db6-194d-4e41-bd52-835d5a69e73f-400x600.jpg",400,600,true],"cvmm-medium-square":["https:\/\/conectagrao.com.br\/blog\/wp-content\/uploads\/2026\/01\/290b9db6-194d-4e41-bd52-835d5a69e73f-600x600.jpg",600,600,true],"cvmm-large":["https:\/\/conectagrao.com.br\/blog\/wp-content\/uploads\/2026\/01\/290b9db6-194d-4e41-bd52-835d5a69e73f-784x1024.jpg",784,1024,true],"cvmm-small":["https:\/\/conectagrao.com.br\/blog\/wp-content\/uploads\/2026\/01\/290b9db6-194d-4e41-bd52-835d5a69e73f-130x95.jpg",130,95,true],"full":["https:\/\/conectagrao.com.br\/blog\/wp-content\/uploads\/2026\/01\/290b9db6-194d-4e41-bd52-835d5a69e73f.jpg",784,1168,false]},"_links":{"self":[{"href":"https:\/\/conectagrao.com.br\/blog\/wp-json\/wp\/v2\/posts\/1356","targetHints":{"allow":["GET"]}}],"collection":[{"href":"https:\/\/conectagrao.com.br\/blog\/wp-json\/wp\/v2\/posts"}],"about":[{"href":"https:\/\/conectagrao.com.br\/blog\/wp-json\/wp\/v2\/types\/post"}],"author":[{"embeddable":true,"href":"https:\/\/conectagrao.com.br\/blog\/wp-json\/wp\/v2\/users\/1"}],"replies":[{"embeddable":true,"href":"https:\/\/conectagrao.com.br\/blog\/wp-json\/wp\/v2\/comments?post=1356"}],"version-history":[{"count":1,"href":"https:\/\/conectagrao.com.br\/blog\/wp-json\/wp\/v2\/posts\/1356\/revisions"}],"predecessor-version":[{"id":1358,"href":"https:\/\/conectagrao.com.br\/blog\/wp-json\/wp\/v2\/posts\/1356\/revisions\/1358"}],"wp:featuredmedia":[{"embeddable":true,"href":"https:\/\/conectagrao.com.br\/blog\/wp-json\/wp\/v2\/media\/1357"}],"wp:attachment":[{"href":"https:\/\/conectagrao.com.br\/blog\/wp-json\/wp\/v2\/media?parent=1356"}],"wp:term":[{"taxonomy":"category","embeddable":true,"href":"https:\/\/conectagrao.com.br\/blog\/wp-json\/wp\/v2\/categories?post=1356"},{"taxonomy":"post_tag","embeddable":true,"href":"https:\/\/conectagrao.com.br\/blog\/wp-json\/wp\/v2\/tags?post=1356"}],"curies":[{"name":"wp","href":"https:\/\/api.w.org\/{rel}","templated":true}]}}