{"id":680,"date":"2025-06-27T02:10:10","date_gmt":"2025-06-27T02:10:10","guid":{"rendered":"https:\/\/conectagrao.com.br\/blog\/?p=680"},"modified":"2025-08-07T16:37:38","modified_gmt":"2025-08-07T16:37:38","slug":"ferrugem-asiatica-da-soja-entenda-a-doenca-sintomas-e-manejo","status":"publish","type":"post","link":"https:\/\/conectagrao.com.br\/blog\/ferrugem-asiatica-da-soja-entenda-a-doenca-sintomas-e-manejo\/","title":{"rendered":"Ferrugem Asi\u00e1tica da Soja: Entenda a Doen\u00e7a, Sintomas e Manejo"},"content":{"rendered":"\n<p>A ferrugem asi\u00e1tica \u00e9 uma das doen\u00e7as mais temidas da cultura da soja. Altamente agressiva, ela pode causar perdas severas na produtividade se n\u00e3o for identificada e controlada corretamente. Logo neste artigo, vamos explicar o que \u00e9 a ferrugem asi\u00e1tica, quais s\u00e3o seus sintomas, como ocorre sua dissemina\u00e7\u00e3o e quais estrat\u00e9gias podem ser adotadas no manejo.<\/p>\n\n\n<div class=\"wp-block-image\">\n<figure class=\"aligncenter size-large\"><img decoding=\"async\" src=\"https:\/\/www.iagro.ms.gov.br\/wp-content\/uploads\/2016\/12\/2201_ferrugem_soja.jpg\" alt=\"\"\/><figcaption class=\"wp-element-caption\">(Fonte: IAGRO)<\/figcaption><\/figure>\n<\/div>\n\n\n<h2 class=\"wp-block-heading\">O que \u00e9 a Ferrugem Asi\u00e1tica?<\/h2>\n\n\n\n<p>A ferrugem asi\u00e1tica da soja \u00e9 causada pelo fungo <em>Phakopsora pachyrhizi<\/em>. Essa doen\u00e7a afeta as folhas da planta, comprometendo a fotoss\u00edntese e acelerando a queda foliar precoce, o que prejudica diretamente o enchimento dos gr\u00e3os. Assim \u00e9 considerada uma das doen\u00e7as mais destrutivas da soja em todo o mundo.<\/p>\n\n\n\n<p>No Brasil, os produtores e t\u00e9cnicos agr\u00edcolas registraram sua ocorr\u00eancia pela primeira vez em 2001 e, desde ent\u00e3o, mant\u00eam vigil\u00e2ncia constante.<\/p>\n\n\n\n<h2 class=\"wp-block-heading\">Sintomas da Doen\u00e7a<\/h2>\n\n\n\n<p>O principal sintoma da ferrugem asi\u00e1tica s\u00e3o pequenas les\u00f5es marrons ou castanho-claras na face inferior das folhas, acompanhadas de estruturas semelhantes a pequenos vulc\u00f5es (ur\u00e9dias), que liberam esporos do fungo.<\/p>\n\n\n<div class=\"wp-block-image\">\n<figure class=\"aligncenter size-large is-resized\"><img decoding=\"async\" src=\"https:\/\/ihara.com.br\/wp-content\/uploads\/sites\/54\/2021\/03\/ferrugem-asiatica-folha-banner-530x398-1.jpg\" alt=\"\" style=\"width:364px;height:auto\"\/><figcaption class=\"wp-element-caption\">(Fonte: IHARA)<\/figcaption><\/figure>\n<\/div>\n\n\n<p>\u00c0 medida que a doen\u00e7a se desenvolve, ocorre a queda prematura das folhas, assim prejudicando o desenvolvimento das vagens e a forma\u00e7\u00e3o dos gr\u00e3os. Como o sintoma se parece com outras doen\u00e7as foliares, \u00e9 essencial identific\u00e1-lo corretamente.<\/p>\n\n\n\n<h2 class=\"wp-block-heading\">Condi\u00e7\u00f5es Favor\u00e1veis \u00e0 Dissemina\u00e7\u00e3o<\/h2>\n\n\n\n<p>A ferrugem asi\u00e1tica se espalha com facilidade em ambientes \u00famidos e com temperaturas entre 18\u202f\u00b0C e 26\u202f\u00b0C. Chuvas frequentes e orvalho favorecem assim a germina\u00e7\u00e3o dos esporos e a infec\u00e7\u00e3o nas folhas da soja.<\/p>\n\n\n\n<p>O vento pode potencializar a movimenta\u00e7\u00e3o dos esporos, assim facilitando a dissemina\u00e7\u00e3o da doen\u00e7a por grandes dist\u00e2ncias. Por isso, o monitoramento constante \u00e9 indispens\u00e1vel, especialmente em \u00e9pocas de clima mais \u00famido.<\/p>\n\n\n\n<h2 class=\"wp-block-heading\">Manejo da Ferrugem Asi\u00e1tica<\/h2>\n\n\n\n<p>Controlar a ferrugem asi\u00e1tica exige um manejo integrado e bem planejado. Portanto veja as principais estrat\u00e9gias utilizadas:<\/p>\n\n\n\n<h3 class=\"wp-block-heading\">1. Calend\u00e1rio de Plantio<\/h3>\n\n\n\n<p>Evitar o cultivo de soja fora da janela ideal \u00e9 fundamental. A semeadura tardia aumenta o risco de exposi\u00e7\u00e3o da planta \u00e0 doen\u00e7a em est\u00e1gios mais sens\u00edveis.<\/p>\n\n\n\n<h3 class=\"wp-block-heading\">2. Vazio Sanit\u00e1rio<\/h3>\n\n\n\n<p>O vazio sanit\u00e1rio consiste em um per\u00edodo sem a presen\u00e7a de plantas de soja no campo, interrompendo o ciclo do fungo e reduzindo a in\u00f3culo inicial para a pr\u00f3xima safra. Logo diversos estados brasileiros tornaram essa medida obrigat\u00f3ria, sendo uma das mais eficazes no controle da doen\u00e7a.<\/p>\n\n\n\n<h3 class=\"wp-block-heading\">3. Monitoramento<\/h3>\n\n\n\n<p>A inspe\u00e7\u00e3o constante das lavouras permite a detec\u00e7\u00e3o precoce da ferrugem. Existem coletores de esporos em v\u00e1rias regi\u00f5es do pa\u00eds que auxiliam os produtores a acompanhar a press\u00e3o da doen\u00e7a.<\/p>\n\n\n\n<h3 class=\"wp-block-heading\">4. Uso de Fungicidas<\/h3>\n\n\n\n<p>A aplica\u00e7\u00e3o de fungicidas \u00e9 uma pr\u00e1tica comum no combate \u00e0 ferrugem, por\u00e9m \u00e9 importante seguir as orienta\u00e7\u00f5es t\u00e9cnicas e utilizar produtos com diferentes modos de a\u00e7\u00e3o para evitar o desenvolvimento de resist\u00eancia do fungo.<\/p>\n\n\n\n<p>A rota\u00e7\u00e3o e a combina\u00e7\u00e3o de ativos, bem como a aplica\u00e7\u00e3o no momento correto (preferencialmente preventivo), s\u00e3o cruciais para a efic\u00e1cia do controle qu\u00edmico.<\/p>\n\n\n\n<h2 class=\"wp-block-heading\">Conclus\u00e3o<\/h2>\n\n\n\n<p>A ferrugem asi\u00e1tica representa uma amea\u00e7a real \u00e0 produtividade da soja no Brasil. O sucesso no controle depende da ado\u00e7\u00e3o de pr\u00e1ticas preventivas, monitoramento constante e uso consciente de defensivos agr\u00edcolas. A informa\u00e7\u00e3o e o planejamento s\u00e3o os melhores aliados do produtor na luta contra essa doen\u00e7a.<\/p>\n\n\n\n<div style=\"border: 2px solid #ff9800; border-radius: 10px; padding: 20px; background: #ffffff; box-shadow: 0 4px 12px rgba(0,0,0,0.1); font-family: Arial, sans-serif; width: 100%; max-width: 100%; margin: 20px 0; text-align: center; box-sizing: border-box;\">\n  \n  <h3 style=\"color: #ff9800; font-size: 24px; margin-top: 0; margin-bottom: 15px;\">\n    <span style=\"display: none;\" class=\"whatsapp-icon\">\n      <img decoding=\"async\" src=\"https:\/\/e7.pngegg.com\/pngimages\/347\/373\/png-clipart-computer-icons-whatsapp-whatsapp-text-trademark-thumbnail.png\" alt=\"WhatsApp\" style=\"width: 40px; height: 40px; border-radius: 50%; object-fit: cover;\">\n    <\/span>\n  <\/h3>\n  \n  <div style=\"display: flex; justify-content: center; align-items: center; flex-wrap: wrap; margin-bottom: 10px;\">\n    <div style=\"text-align: center; margin-right: 10px;\"> <!-- Reduzido o margin-right -->\n      <p style=\"font-size: 16px; color: #333; line-height: 1.5; margin: 0;\">\n        \ud83d\udcf0 Not\u00edcias &#038; Mercado | \ud83d\udd14 Novidades <span class=\"desktop-separator\">|<\/span>\n      <\/p>\n    <\/div>\n    <div style=\"text-align: center;\">\n      <p style=\"font-size: 16px; color: #333; line-height: 1.5; margin: 0;\">\n        \u26c5 Clima | \ud83d\ude80 Tecnologia | \ud83d\udcf1 Blog\n      <\/p>\n    <\/div>\n  <\/div>\n  \n  <a href=\"https:\/\/www.whatsapp.com\/channel\/0029VaLMT22GOj9f6eVOpJ0N\" target=\"_blank\" style=\"background: #25D366; color: #fff; padding: 10px 20px; font-size: 16px; font-weight: bold; text-decoration: none; border-radius: 30px; display: inline-block; transition: all 0.3s; position: relative;\">\n    <img decoding=\"async\" src=\"https:\/\/upload.wikimedia.org\/wikipedia\/commons\/6\/6b\/WhatsApp.svg\" alt=\"WhatsApp\" style=\"width: 20px; height: 20px; vertical-align: middle; margin-right: 5px;\">\n    Entrar no Canal\n  <\/a>\n  \n  <p style=\"font-size: 12px; color: #666; margin-top: 15px; font-weight: bold;\">\n    Sua conex\u00e3o com as melhores informa\u00e7\u00f5es do agroneg\u00f3cio!\n  <\/p>\n<\/div>\n\n<style>\n@media (max-width: 768px) {\n  .desktop-separator {\n    display: none; \/* Ocultar o separador \"|\" em dispositivos m\u00f3veis *\/\n  }\n  h3 {\n    font-size: 20px; \/* Diminuir o tamanho da fonte do t\u00edtulo em dispositivos m\u00f3veis *\/\n  }\n  p {\n    font-size: 14px; \/* Diminuir o tamanho da fonte dos par\u00e1grafos em dispositivos m\u00f3veis *\/\n  }\n  a {\n    font-size: 14px; \/* Diminuir o tamanho da fonte do bot\u00e3o em dispositivos m\u00f3veis *\/\n    padding: 8px 15px; \/* Ajustar o padding do bot\u00e3o em dispositivos m\u00f3veis *\/\n  }\n}\n<\/style>\n\n\n\n<p><strong>Fonte: <\/strong>Artigo original escrito por <em>Eng. Agr. Elcio Jorge Muraro<\/em> e publicado no <a href=\"https:\/\/blog.aegro.com.br\/ferrugem-asiatica-da-soja\" data-type=\"link\" data-id=\"https:\/\/blog.aegro.com.br\/ferrugem-asiatica-da-soja\">Blog da Aegro<\/a>. <\/p>\n\n\n\n<p><\/p>\n","protected":false},"excerpt":{"rendered":"<p>Saiba tudo sobre a ferrugem asi\u00e1tica da soja: sintomas, condi\u00e7\u00f5es favor\u00e1veis e as melhores estrat\u00e9gias de manejo para proteger sua lavoura e evitar preju\u00edzos.<\/p>\n","protected":false},"author":1,"featured_media":681,"comment_status":"open","ping_status":"open","sticky":false,"template":"","format":"standard","meta":{"_coblocks_attr":"","_coblocks_dimensions":"","_coblocks_responsive_height":"","_coblocks_accordion_ie_support":"","_uag_custom_page_level_css":"","footnotes":""},"categories":[1,31],"tags":[],"class_list":["post-680","post","type-post","status-publish","format-standard","has-post-thumbnail","hentry","category-blog","category-pragas"],"yoast_head":"<!-- This site is optimized with the Yoast SEO plugin v27.4 - https:\/\/yoast.com\/product\/yoast-seo-wordpress\/ -->\n<title>Ferrugem Asi\u00e1tica da Soja: Entenda a Doen\u00e7a, Sintomas e Manejo - ConectaGr\u00e3o<\/title>\n<meta name=\"description\" content=\"Ferrugem Asi\u00e1tica: sintomas, perdas e como manejar. Proteja sua soja dessa doen\u00e7a que pode devastar sua produtividade!\" \/>\n<meta name=\"robots\" content=\"index, follow, max-snippet:-1, max-image-preview:large, max-video-preview:-1\" \/>\n<link rel=\"canonical\" href=\"https:\/\/conectagrao.com.br\/blog\/ferrugem-asiatica-da-soja-entenda-a-doenca-sintomas-e-manejo\/\" \/>\n<meta property=\"og:locale\" content=\"pt_BR\" \/>\n<meta property=\"og:type\" content=\"article\" \/>\n<meta property=\"og:title\" content=\"Ferrugem Asi\u00e1tica da Soja: Entenda a Doen\u00e7a, Sintomas e Manejo - ConectaGr\u00e3o\" \/>\n<meta property=\"og:description\" content=\"Ferrugem Asi\u00e1tica: sintomas, perdas e como manejar. Proteja sua soja dessa doen\u00e7a que pode devastar sua produtividade!\" \/>\n<meta property=\"og:url\" content=\"https:\/\/conectagrao.com.br\/blog\/ferrugem-asiatica-da-soja-entenda-a-doenca-sintomas-e-manejo\/\" \/>\n<meta property=\"og:site_name\" content=\"ConectaGr\u00e3o\" \/>\n<meta property=\"article:publisher\" content=\"https:\/\/www.facebook.com\/conectagrao\/\" \/>\n<meta property=\"article:author\" content=\"https:\/\/www.facebook.com\/share\/1A5mH5g3LK\/\" \/>\n<meta property=\"article:published_time\" content=\"2025-06-27T02:10:10+00:00\" \/>\n<meta property=\"article:modified_time\" content=\"2025-08-07T16:37:38+00:00\" \/>\n<meta property=\"og:image\" content=\"https:\/\/conectagrao.com.br\/blog\/wp-content\/uploads\/2025\/06\/ferrugem-asiatica.jpg\" \/>\n\t<meta property=\"og:image:width\" content=\"1920\" \/>\n\t<meta property=\"og:image:height\" content=\"1080\" \/>\n\t<meta property=\"og:image:type\" content=\"image\/jpeg\" \/>\n<meta name=\"author\" content=\"conectagrao\" \/>\n<meta name=\"twitter:card\" content=\"summary_large_image\" \/>\n<meta name=\"twitter:label1\" content=\"Escrito por\" \/>\n\t<meta name=\"twitter:data1\" content=\"conectagrao\" \/>\n\t<meta name=\"twitter:label2\" content=\"Est. tempo de leitura\" \/>\n\t<meta name=\"twitter:data2\" content=\"5 minutos\" \/>\n<script type=\"application\/ld+json\" class=\"yoast-schema-graph\">{\"@context\":\"https:\\\/\\\/schema.org\",\"@graph\":[{\"@type\":\"Article\",\"@id\":\"https:\\\/\\\/conectagrao.com.br\\\/blog\\\/ferrugem-asiatica-da-soja-entenda-a-doenca-sintomas-e-manejo\\\/#article\",\"isPartOf\":{\"@id\":\"https:\\\/\\\/conectagrao.com.br\\\/blog\\\/ferrugem-asiatica-da-soja-entenda-a-doenca-sintomas-e-manejo\\\/\"},\"author\":{\"name\":\"conectagrao\",\"@id\":\"https:\\\/\\\/conectagrao.com.br\\\/blog\\\/#\\\/schema\\\/person\\\/ba64f63526cab8efbf8b1f8198926135\"},\"headline\":\"Ferrugem Asi\u00e1tica da Soja: Entenda a Doen\u00e7a, Sintomas e Manejo\",\"datePublished\":\"2025-06-27T02:10:10+00:00\",\"dateModified\":\"2025-08-07T16:37:38+00:00\",\"mainEntityOfPage\":{\"@id\":\"https:\\\/\\\/conectagrao.com.br\\\/blog\\\/ferrugem-asiatica-da-soja-entenda-a-doenca-sintomas-e-manejo\\\/\"},\"wordCount\":635,\"commentCount\":0,\"publisher\":{\"@id\":\"https:\\\/\\\/conectagrao.com.br\\\/blog\\\/#organization\"},\"image\":{\"@id\":\"https:\\\/\\\/conectagrao.com.br\\\/blog\\\/ferrugem-asiatica-da-soja-entenda-a-doenca-sintomas-e-manejo\\\/#primaryimage\"},\"thumbnailUrl\":\"https:\\\/\\\/conectagrao.com.br\\\/blog\\\/wp-content\\\/uploads\\\/2025\\\/06\\\/ferrugem-asiatica.jpg\",\"articleSection\":[\"Blog\",\"Pragas &amp; Doen\u00e7as\"],\"inLanguage\":\"pt-BR\",\"potentialAction\":[{\"@type\":\"CommentAction\",\"name\":\"Comment\",\"target\":[\"https:\\\/\\\/conectagrao.com.br\\\/blog\\\/ferrugem-asiatica-da-soja-entenda-a-doenca-sintomas-e-manejo\\\/#respond\"]}]},{\"@type\":\"WebPage\",\"@id\":\"https:\\\/\\\/conectagrao.com.br\\\/blog\\\/ferrugem-asiatica-da-soja-entenda-a-doenca-sintomas-e-manejo\\\/\",\"url\":\"https:\\\/\\\/conectagrao.com.br\\\/blog\\\/ferrugem-asiatica-da-soja-entenda-a-doenca-sintomas-e-manejo\\\/\",\"name\":\"Ferrugem Asi\u00e1tica da Soja: Entenda a Doen\u00e7a, Sintomas e Manejo - ConectaGr\u00e3o\",\"isPartOf\":{\"@id\":\"https:\\\/\\\/conectagrao.com.br\\\/blog\\\/#website\"},\"primaryImageOfPage\":{\"@id\":\"https:\\\/\\\/conectagrao.com.br\\\/blog\\\/ferrugem-asiatica-da-soja-entenda-a-doenca-sintomas-e-manejo\\\/#primaryimage\"},\"image\":{\"@id\":\"https:\\\/\\\/conectagrao.com.br\\\/blog\\\/ferrugem-asiatica-da-soja-entenda-a-doenca-sintomas-e-manejo\\\/#primaryimage\"},\"thumbnailUrl\":\"https:\\\/\\\/conectagrao.com.br\\\/blog\\\/wp-content\\\/uploads\\\/2025\\\/06\\\/ferrugem-asiatica.jpg\",\"datePublished\":\"2025-06-27T02:10:10+00:00\",\"dateModified\":\"2025-08-07T16:37:38+00:00\",\"description\":\"Ferrugem Asi\u00e1tica: sintomas, perdas e como manejar. Proteja sua soja dessa doen\u00e7a que pode devastar sua produtividade!\",\"breadcrumb\":{\"@id\":\"https:\\\/\\\/conectagrao.com.br\\\/blog\\\/ferrugem-asiatica-da-soja-entenda-a-doenca-sintomas-e-manejo\\\/#breadcrumb\"},\"inLanguage\":\"pt-BR\",\"potentialAction\":[{\"@type\":\"ReadAction\",\"target\":[\"https:\\\/\\\/conectagrao.com.br\\\/blog\\\/ferrugem-asiatica-da-soja-entenda-a-doenca-sintomas-e-manejo\\\/\"]}]},{\"@type\":\"ImageObject\",\"inLanguage\":\"pt-BR\",\"@id\":\"https:\\\/\\\/conectagrao.com.br\\\/blog\\\/ferrugem-asiatica-da-soja-entenda-a-doenca-sintomas-e-manejo\\\/#primaryimage\",\"url\":\"https:\\\/\\\/conectagrao.com.br\\\/blog\\\/wp-content\\\/uploads\\\/2025\\\/06\\\/ferrugem-asiatica.jpg\",\"contentUrl\":\"https:\\\/\\\/conectagrao.com.br\\\/blog\\\/wp-content\\\/uploads\\\/2025\\\/06\\\/ferrugem-asiatica.jpg\",\"width\":1920,\"height\":1080},{\"@type\":\"BreadcrumbList\",\"@id\":\"https:\\\/\\\/conectagrao.com.br\\\/blog\\\/ferrugem-asiatica-da-soja-entenda-a-doenca-sintomas-e-manejo\\\/#breadcrumb\",\"itemListElement\":[{\"@type\":\"ListItem\",\"position\":1,\"name\":\"In\u00edcio\",\"item\":\"https:\\\/\\\/conectagrao.com.br\\\/blog\\\/\"},{\"@type\":\"ListItem\",\"position\":2,\"name\":\"Ferrugem Asi\u00e1tica da Soja: Entenda a Doen\u00e7a, Sintomas e Manejo\"}]},{\"@type\":\"WebSite\",\"@id\":\"https:\\\/\\\/conectagrao.com.br\\\/blog\\\/#website\",\"url\":\"https:\\\/\\\/conectagrao.com.br\\\/blog\\\/\",\"name\":\"ConectaGr\u00e3o\",\"description\":\"Conectando o futuro com o agroneg\u00f3cio.\",\"publisher\":{\"@id\":\"https:\\\/\\\/conectagrao.com.br\\\/blog\\\/#organization\"},\"alternateName\":\"conectagrao\",\"potentialAction\":[{\"@type\":\"SearchAction\",\"target\":{\"@type\":\"EntryPoint\",\"urlTemplate\":\"https:\\\/\\\/conectagrao.com.br\\\/blog\\\/?s={search_term_string}\"},\"query-input\":{\"@type\":\"PropertyValueSpecification\",\"valueRequired\":true,\"valueName\":\"search_term_string\"}}],\"inLanguage\":\"pt-BR\"},{\"@type\":\"Organization\",\"@id\":\"https:\\\/\\\/conectagrao.com.br\\\/blog\\\/#organization\",\"name\":\"ConectaGr\u00e3o\",\"alternateName\":\"conectagrao\",\"url\":\"https:\\\/\\\/conectagrao.com.br\\\/blog\\\/\",\"logo\":{\"@type\":\"ImageObject\",\"inLanguage\":\"pt-BR\",\"@id\":\"https:\\\/\\\/conectagrao.com.br\\\/blog\\\/#\\\/schema\\\/logo\\\/image\\\/\",\"url\":\"https:\\\/\\\/conectagrao.com.br\\\/blog\\\/wp-content\\\/uploads\\\/2025\\\/07\\\/ConectaGrao-6.png\",\"contentUrl\":\"https:\\\/\\\/conectagrao.com.br\\\/blog\\\/wp-content\\\/uploads\\\/2025\\\/07\\\/ConectaGrao-6.png\",\"width\":447,\"height\":559,\"caption\":\"ConectaGr\u00e3o\"},\"image\":{\"@id\":\"https:\\\/\\\/conectagrao.com.br\\\/blog\\\/#\\\/schema\\\/logo\\\/image\\\/\"},\"sameAs\":[\"https:\\\/\\\/www.facebook.com\\\/conectagrao\\\/\",\"https:\\\/\\\/www.tiktok.com\\\/@conectagrao?_t=ZM-8xPuS2d6MFB&_r=1\",\"https:\\\/\\\/www.threads.com\\\/@conectagrao\",\"https:\\\/\\\/www.youtube.com\\\/@conectagrao\",\"https:\\\/\\\/www.instagram.com\\\/conectagrao\"]},{\"@type\":\"Person\",\"@id\":\"https:\\\/\\\/conectagrao.com.br\\\/blog\\\/#\\\/schema\\\/person\\\/ba64f63526cab8efbf8b1f8198926135\",\"name\":\"conectagrao\",\"image\":{\"@type\":\"ImageObject\",\"inLanguage\":\"pt-BR\",\"@id\":\"https:\\\/\\\/secure.gravatar.com\\\/avatar\\\/fb3dc2cba7f544171abec58358591c995847240e6fd4f1f7a4a8159970dca59e?s=96&d=mm&r=g\",\"url\":\"https:\\\/\\\/secure.gravatar.com\\\/avatar\\\/fb3dc2cba7f544171abec58358591c995847240e6fd4f1f7a4a8159970dca59e?s=96&d=mm&r=g\",\"contentUrl\":\"https:\\\/\\\/secure.gravatar.com\\\/avatar\\\/fb3dc2cba7f544171abec58358591c995847240e6fd4f1f7a4a8159970dca59e?s=96&d=mm&r=g\",\"caption\":\"conectagrao\"},\"description\":\"ConectaGr\u00e3o\u00ae \u00e9 uma plataforma digital que conecta produtores, empresas e compradores do agroneg\u00f3cio, oferecendo an\u00e1lises de mercado, cota\u00e7\u00f5es, ferramentas e conte\u00fados gratuitos para facilitar o dia a dia no campo. Fundada por Genecir Jacoboski e Kao\u00ea T. Rauch a ConectaGr\u00e3o\u00ae tem como miss\u00e3o valorizar o produtor e aproximar o campo do mercado com tecnologia, informa\u00e7\u00e3o e inova\u00e7\u00e3o.\",\"sameAs\":[\"https:\\\/\\\/conectagrao.com.br\\\/blog\",\"https:\\\/\\\/www.facebook.com\\\/share\\\/1A5mH5g3LK\\\/\",\"https:\\\/\\\/www.instagram.com\\\/conectagrao?igsh=azQ1dXBndnp4dzZw\",\"https:\\\/\\\/youtube.com\\\/@conectagrao?si=QnGS_Zm7Cuj1pznt\"],\"url\":\"https:\\\/\\\/conectagrao.com.br\\\/blog\\\/author\\\/conectagrao\\\/\"}]}<\/script>\n<!-- \/ Yoast SEO plugin. -->","yoast_head_json":{"title":"Ferrugem Asi\u00e1tica da Soja: Entenda a Doen\u00e7a, Sintomas e Manejo - ConectaGr\u00e3o","description":"Ferrugem Asi\u00e1tica: sintomas, perdas e como manejar. Proteja sua soja dessa doen\u00e7a que pode devastar sua produtividade!","robots":{"index":"index","follow":"follow","max-snippet":"max-snippet:-1","max-image-preview":"max-image-preview:large","max-video-preview":"max-video-preview:-1"},"canonical":"https:\/\/conectagrao.com.br\/blog\/ferrugem-asiatica-da-soja-entenda-a-doenca-sintomas-e-manejo\/","og_locale":"pt_BR","og_type":"article","og_title":"Ferrugem Asi\u00e1tica da Soja: Entenda a Doen\u00e7a, Sintomas e Manejo - ConectaGr\u00e3o","og_description":"Ferrugem Asi\u00e1tica: sintomas, perdas e como manejar. Proteja sua soja dessa doen\u00e7a que pode devastar sua produtividade!","og_url":"https:\/\/conectagrao.com.br\/blog\/ferrugem-asiatica-da-soja-entenda-a-doenca-sintomas-e-manejo\/","og_site_name":"ConectaGr\u00e3o","article_publisher":"https:\/\/www.facebook.com\/conectagrao\/","article_author":"https:\/\/www.facebook.com\/share\/1A5mH5g3LK\/","article_published_time":"2025-06-27T02:10:10+00:00","article_modified_time":"2025-08-07T16:37:38+00:00","og_image":[{"width":1920,"height":1080,"url":"https:\/\/conectagrao.com.br\/blog\/wp-content\/uploads\/2025\/06\/ferrugem-asiatica.jpg","type":"image\/jpeg"}],"author":"conectagrao","twitter_card":"summary_large_image","twitter_misc":{"Escrito por":"conectagrao","Est. tempo de leitura":"5 minutos"},"schema":{"@context":"https:\/\/schema.org","@graph":[{"@type":"Article","@id":"https:\/\/conectagrao.com.br\/blog\/ferrugem-asiatica-da-soja-entenda-a-doenca-sintomas-e-manejo\/#article","isPartOf":{"@id":"https:\/\/conectagrao.com.br\/blog\/ferrugem-asiatica-da-soja-entenda-a-doenca-sintomas-e-manejo\/"},"author":{"name":"conectagrao","@id":"https:\/\/conectagrao.com.br\/blog\/#\/schema\/person\/ba64f63526cab8efbf8b1f8198926135"},"headline":"Ferrugem Asi\u00e1tica da Soja: Entenda a Doen\u00e7a, Sintomas e Manejo","datePublished":"2025-06-27T02:10:10+00:00","dateModified":"2025-08-07T16:37:38+00:00","mainEntityOfPage":{"@id":"https:\/\/conectagrao.com.br\/blog\/ferrugem-asiatica-da-soja-entenda-a-doenca-sintomas-e-manejo\/"},"wordCount":635,"commentCount":0,"publisher":{"@id":"https:\/\/conectagrao.com.br\/blog\/#organization"},"image":{"@id":"https:\/\/conectagrao.com.br\/blog\/ferrugem-asiatica-da-soja-entenda-a-doenca-sintomas-e-manejo\/#primaryimage"},"thumbnailUrl":"https:\/\/conectagrao.com.br\/blog\/wp-content\/uploads\/2025\/06\/ferrugem-asiatica.jpg","articleSection":["Blog","Pragas &amp; Doen\u00e7as"],"inLanguage":"pt-BR","potentialAction":[{"@type":"CommentAction","name":"Comment","target":["https:\/\/conectagrao.com.br\/blog\/ferrugem-asiatica-da-soja-entenda-a-doenca-sintomas-e-manejo\/#respond"]}]},{"@type":"WebPage","@id":"https:\/\/conectagrao.com.br\/blog\/ferrugem-asiatica-da-soja-entenda-a-doenca-sintomas-e-manejo\/","url":"https:\/\/conectagrao.com.br\/blog\/ferrugem-asiatica-da-soja-entenda-a-doenca-sintomas-e-manejo\/","name":"Ferrugem Asi\u00e1tica da Soja: Entenda a Doen\u00e7a, Sintomas e Manejo - ConectaGr\u00e3o","isPartOf":{"@id":"https:\/\/conectagrao.com.br\/blog\/#website"},"primaryImageOfPage":{"@id":"https:\/\/conectagrao.com.br\/blog\/ferrugem-asiatica-da-soja-entenda-a-doenca-sintomas-e-manejo\/#primaryimage"},"image":{"@id":"https:\/\/conectagrao.com.br\/blog\/ferrugem-asiatica-da-soja-entenda-a-doenca-sintomas-e-manejo\/#primaryimage"},"thumbnailUrl":"https:\/\/conectagrao.com.br\/blog\/wp-content\/uploads\/2025\/06\/ferrugem-asiatica.jpg","datePublished":"2025-06-27T02:10:10+00:00","dateModified":"2025-08-07T16:37:38+00:00","description":"Ferrugem Asi\u00e1tica: sintomas, perdas e como manejar. Proteja sua soja dessa doen\u00e7a que pode devastar sua produtividade!","breadcrumb":{"@id":"https:\/\/conectagrao.com.br\/blog\/ferrugem-asiatica-da-soja-entenda-a-doenca-sintomas-e-manejo\/#breadcrumb"},"inLanguage":"pt-BR","potentialAction":[{"@type":"ReadAction","target":["https:\/\/conectagrao.com.br\/blog\/ferrugem-asiatica-da-soja-entenda-a-doenca-sintomas-e-manejo\/"]}]},{"@type":"ImageObject","inLanguage":"pt-BR","@id":"https:\/\/conectagrao.com.br\/blog\/ferrugem-asiatica-da-soja-entenda-a-doenca-sintomas-e-manejo\/#primaryimage","url":"https:\/\/conectagrao.com.br\/blog\/wp-content\/uploads\/2025\/06\/ferrugem-asiatica.jpg","contentUrl":"https:\/\/conectagrao.com.br\/blog\/wp-content\/uploads\/2025\/06\/ferrugem-asiatica.jpg","width":1920,"height":1080},{"@type":"BreadcrumbList","@id":"https:\/\/conectagrao.com.br\/blog\/ferrugem-asiatica-da-soja-entenda-a-doenca-sintomas-e-manejo\/#breadcrumb","itemListElement":[{"@type":"ListItem","position":1,"name":"In\u00edcio","item":"https:\/\/conectagrao.com.br\/blog\/"},{"@type":"ListItem","position":2,"name":"Ferrugem Asi\u00e1tica da Soja: Entenda a Doen\u00e7a, Sintomas e Manejo"}]},{"@type":"WebSite","@id":"https:\/\/conectagrao.com.br\/blog\/#website","url":"https:\/\/conectagrao.com.br\/blog\/","name":"ConectaGr\u00e3o","description":"Conectando o futuro com o agroneg\u00f3cio.","publisher":{"@id":"https:\/\/conectagrao.com.br\/blog\/#organization"},"alternateName":"conectagrao","potentialAction":[{"@type":"SearchAction","target":{"@type":"EntryPoint","urlTemplate":"https:\/\/conectagrao.com.br\/blog\/?s={search_term_string}"},"query-input":{"@type":"PropertyValueSpecification","valueRequired":true,"valueName":"search_term_string"}}],"inLanguage":"pt-BR"},{"@type":"Organization","@id":"https:\/\/conectagrao.com.br\/blog\/#organization","name":"ConectaGr\u00e3o","alternateName":"conectagrao","url":"https:\/\/conectagrao.com.br\/blog\/","logo":{"@type":"ImageObject","inLanguage":"pt-BR","@id":"https:\/\/conectagrao.com.br\/blog\/#\/schema\/logo\/image\/","url":"https:\/\/conectagrao.com.br\/blog\/wp-content\/uploads\/2025\/07\/ConectaGrao-6.png","contentUrl":"https:\/\/conectagrao.com.br\/blog\/wp-content\/uploads\/2025\/07\/ConectaGrao-6.png","width":447,"height":559,"caption":"ConectaGr\u00e3o"},"image":{"@id":"https:\/\/conectagrao.com.br\/blog\/#\/schema\/logo\/image\/"},"sameAs":["https:\/\/www.facebook.com\/conectagrao\/","https:\/\/www.tiktok.com\/@conectagrao?_t=ZM-8xPuS2d6MFB&_r=1","https:\/\/www.threads.com\/@conectagrao","https:\/\/www.youtube.com\/@conectagrao","https:\/\/www.instagram.com\/conectagrao"]},{"@type":"Person","@id":"https:\/\/conectagrao.com.br\/blog\/#\/schema\/person\/ba64f63526cab8efbf8b1f8198926135","name":"conectagrao","image":{"@type":"ImageObject","inLanguage":"pt-BR","@id":"https:\/\/secure.gravatar.com\/avatar\/fb3dc2cba7f544171abec58358591c995847240e6fd4f1f7a4a8159970dca59e?s=96&d=mm&r=g","url":"https:\/\/secure.gravatar.com\/avatar\/fb3dc2cba7f544171abec58358591c995847240e6fd4f1f7a4a8159970dca59e?s=96&d=mm&r=g","contentUrl":"https:\/\/secure.gravatar.com\/avatar\/fb3dc2cba7f544171abec58358591c995847240e6fd4f1f7a4a8159970dca59e?s=96&d=mm&r=g","caption":"conectagrao"},"description":"ConectaGr\u00e3o\u00ae \u00e9 uma plataforma digital que conecta produtores, empresas e compradores do agroneg\u00f3cio, oferecendo an\u00e1lises de mercado, cota\u00e7\u00f5es, ferramentas e conte\u00fados gratuitos para facilitar o dia a dia no campo. Fundada por Genecir Jacoboski e Kao\u00ea T. Rauch a ConectaGr\u00e3o\u00ae tem como miss\u00e3o valorizar o produtor e aproximar o campo do mercado com tecnologia, informa\u00e7\u00e3o e inova\u00e7\u00e3o.","sameAs":["https:\/\/conectagrao.com.br\/blog","https:\/\/www.facebook.com\/share\/1A5mH5g3LK\/","https:\/\/www.instagram.com\/conectagrao?igsh=azQ1dXBndnp4dzZw","https:\/\/youtube.com\/@conectagrao?si=QnGS_Zm7Cuj1pznt"],"url":"https:\/\/conectagrao.com.br\/blog\/author\/conectagrao\/"}]}},"uagb_featured_image_src":{"full":["https:\/\/conectagrao.com.br\/blog\/wp-content\/uploads\/2025\/06\/ferrugem-asiatica.jpg",1920,1080,false],"thumbnail":["https:\/\/conectagrao.com.br\/blog\/wp-content\/uploads\/2025\/06\/ferrugem-asiatica-150x150.jpg",150,150,true],"medium":["https:\/\/conectagrao.com.br\/blog\/wp-content\/uploads\/2025\/06\/ferrugem-asiatica-300x169.jpg",300,169,true],"medium_large":["https:\/\/conectagrao.com.br\/blog\/wp-content\/uploads\/2025\/06\/ferrugem-asiatica-768x432.jpg",640,360,true],"large":["https:\/\/conectagrao.com.br\/blog\/wp-content\/uploads\/2025\/06\/ferrugem-asiatica-1024x576.jpg",640,360,true],"1536x1536":["https:\/\/conectagrao.com.br\/blog\/wp-content\/uploads\/2025\/06\/ferrugem-asiatica-1536x864.jpg",1536,864,true],"2048x2048":["https:\/\/conectagrao.com.br\/blog\/wp-content\/uploads\/2025\/06\/ferrugem-asiatica.jpg",1920,1080,false],"cvmm-medium":["https:\/\/conectagrao.com.br\/blog\/wp-content\/uploads\/2025\/06\/ferrugem-asiatica-300x300.jpg",300,300,true],"cvmm-medium-plus":["https:\/\/conectagrao.com.br\/blog\/wp-content\/uploads\/2025\/06\/ferrugem-asiatica-305x207.jpg",305,207,true],"cvmm-portrait":["https:\/\/conectagrao.com.br\/blog\/wp-content\/uploads\/2025\/06\/ferrugem-asiatica-400x600.jpg",400,600,true],"cvmm-medium-square":["https:\/\/conectagrao.com.br\/blog\/wp-content\/uploads\/2025\/06\/ferrugem-asiatica-600x600.jpg",600,600,true],"cvmm-large":["https:\/\/conectagrao.com.br\/blog\/wp-content\/uploads\/2025\/06\/ferrugem-asiatica-1024x1024.jpg",1024,1024,true],"cvmm-small":["https:\/\/conectagrao.com.br\/blog\/wp-content\/uploads\/2025\/06\/ferrugem-asiatica-130x95.jpg",130,95,true],"news-portal-block-medium":["https:\/\/conectagrao.com.br\/blog\/wp-content\/uploads\/2025\/06\/ferrugem-asiatica-305x207.jpg",305,207,true],"news-portal-block-thumb":["https:\/\/conectagrao.com.br\/blog\/wp-content\/uploads\/2025\/06\/ferrugem-asiatica-136x102.jpg",136,102,true],"news-portal-slider-medium":["https:\/\/conectagrao.com.br\/blog\/wp-content\/uploads\/2025\/06\/ferrugem-asiatica-622x420.jpg",622,420,true],"news-portal-carousel-portrait":["https:\/\/conectagrao.com.br\/blog\/wp-content\/uploads\/2025\/06\/ferrugem-asiatica-400x600.jpg",400,600,true],"news-portal-alternate-grid":["https:\/\/conectagrao.com.br\/blog\/wp-content\/uploads\/2025\/06\/ferrugem-asiatica-340x316.jpg",340,316,true],"web-stories-poster-portrait":["https:\/\/conectagrao.com.br\/blog\/wp-content\/uploads\/2025\/06\/ferrugem-asiatica.jpg",640,360,false],"web-stories-publisher-logo":["https:\/\/conectagrao.com.br\/blog\/wp-content\/uploads\/2025\/06\/ferrugem-asiatica.jpg",96,54,false],"web-stories-thumbnail":["https:\/\/conectagrao.com.br\/blog\/wp-content\/uploads\/2025\/06\/ferrugem-asiatica.jpg",150,84,false]},"uagb_author_info":{"display_name":"conectagrao","author_link":"https:\/\/conectagrao.com.br\/blog\/author\/conectagrao\/"},"uagb_comment_info":0,"uagb_excerpt":"Saiba tudo sobre a ferrugem asi\u00e1tica da soja: sintomas, condi\u00e7\u00f5es favor\u00e1veis e as melhores estrat\u00e9gias de manejo para proteger sua lavoura e evitar preju\u00edzos.","blog_post_layout_featured_media_urls":{"thumbnail":["https:\/\/conectagrao.com.br\/blog\/wp-content\/uploads\/2025\/06\/ferrugem-asiatica-150x150.jpg",150,150,true],"full":["https:\/\/conectagrao.com.br\/blog\/wp-content\/uploads\/2025\/06\/ferrugem-asiatica.jpg",1920,1080,false]},"categories_names":{"1":{"name":"Blog","link":"https:\/\/conectagrao.com.br\/blog\/blog\/"},"31":{"name":"Pragas &amp; Doen\u00e7as","link":"https:\/\/conectagrao.com.br\/blog\/pragas\/"}},"tags_names":[],"comments_number":"0","wpmagazine_modules_lite_featured_media_urls":{"thumbnail":["https:\/\/conectagrao.com.br\/blog\/wp-content\/uploads\/2025\/06\/ferrugem-asiatica-150x150.jpg",150,150,true],"cvmm-medium":["https:\/\/conectagrao.com.br\/blog\/wp-content\/uploads\/2025\/06\/ferrugem-asiatica-300x300.jpg",300,300,true],"cvmm-medium-plus":["https:\/\/conectagrao.com.br\/blog\/wp-content\/uploads\/2025\/06\/ferrugem-asiatica-305x207.jpg",305,207,true],"cvmm-portrait":["https:\/\/conectagrao.com.br\/blog\/wp-content\/uploads\/2025\/06\/ferrugem-asiatica-400x600.jpg",400,600,true],"cvmm-medium-square":["https:\/\/conectagrao.com.br\/blog\/wp-content\/uploads\/2025\/06\/ferrugem-asiatica-600x600.jpg",600,600,true],"cvmm-large":["https:\/\/conectagrao.com.br\/blog\/wp-content\/uploads\/2025\/06\/ferrugem-asiatica-1024x1024.jpg",1024,1024,true],"cvmm-small":["https:\/\/conectagrao.com.br\/blog\/wp-content\/uploads\/2025\/06\/ferrugem-asiatica-130x95.jpg",130,95,true],"full":["https:\/\/conectagrao.com.br\/blog\/wp-content\/uploads\/2025\/06\/ferrugem-asiatica.jpg",1920,1080,false]},"_links":{"self":[{"href":"https:\/\/conectagrao.com.br\/blog\/wp-json\/wp\/v2\/posts\/680","targetHints":{"allow":["GET"]}}],"collection":[{"href":"https:\/\/conectagrao.com.br\/blog\/wp-json\/wp\/v2\/posts"}],"about":[{"href":"https:\/\/conectagrao.com.br\/blog\/wp-json\/wp\/v2\/types\/post"}],"author":[{"embeddable":true,"href":"https:\/\/conectagrao.com.br\/blog\/wp-json\/wp\/v2\/users\/1"}],"replies":[{"embeddable":true,"href":"https:\/\/conectagrao.com.br\/blog\/wp-json\/wp\/v2\/comments?post=680"}],"version-history":[{"count":5,"href":"https:\/\/conectagrao.com.br\/blog\/wp-json\/wp\/v2\/posts\/680\/revisions"}],"predecessor-version":[{"id":982,"href":"https:\/\/conectagrao.com.br\/blog\/wp-json\/wp\/v2\/posts\/680\/revisions\/982"}],"wp:featuredmedia":[{"embeddable":true,"href":"https:\/\/conectagrao.com.br\/blog\/wp-json\/wp\/v2\/media\/681"}],"wp:attachment":[{"href":"https:\/\/conectagrao.com.br\/blog\/wp-json\/wp\/v2\/media?parent=680"}],"wp:term":[{"taxonomy":"category","embeddable":true,"href":"https:\/\/conectagrao.com.br\/blog\/wp-json\/wp\/v2\/categories?post=680"},{"taxonomy":"post_tag","embeddable":true,"href":"https:\/\/conectagrao.com.br\/blog\/wp-json\/wp\/v2\/tags?post=680"}],"curies":[{"name":"wp","href":"https:\/\/api.w.org\/{rel}","templated":true}]}}