{"id":687,"date":"2025-06-28T10:29:42","date_gmt":"2025-06-28T10:29:42","guid":{"rendered":"https:\/\/conectagrao.com.br\/blog\/?p=687"},"modified":"2025-08-07T06:23:01","modified_gmt":"2025-08-07T06:23:01","slug":"produtores-batem-recorde-nacional","status":"publish","type":"post","link":"https:\/\/conectagrao.com.br\/blog\/produtores-batem-recorde-nacional\/","title":{"rendered":"Produtores Batem Recorde com 343,1 Sacas de Milho por H\u00e1."},"content":{"rendered":"\n<h2 class=\"wp-block-heading\">Um marco hist\u00f3rico na agricultura brasileira<\/h2>\n\n\n\n<p>Um grupo de irm\u00e3os produtores de <strong>Palmeira das Miss\u00f5es (RS)<\/strong> alcan\u00e7ou um feito extraordin\u00e1rio: a colheita de <strong>343,1 sacas de milho por hectare<\/strong>, o que representa o novo <strong>recorde nacional de produtividade<\/strong> da cultura. Assim o resultado foi divulgado pelo <strong>Comit\u00ea Estrat\u00e9gico Soja Brasil (Cesb)<\/strong> no \u00e2mbito do <strong>Desafio Nacional de M\u00e1xima Produtividade de Milho Ver\u00e3o 2023\/24<\/strong>.<\/p>\n\n\n\n<h2 class=\"wp-block-heading\">Resultado impressionante: mais de 20 toneladas por hectare<\/h2>\n\n\n\n<p>Assim a marca hist\u00f3rica foi registrada em uma lavoura irrigada conduzida com alt\u00edssimo n\u00edvel tecnol\u00f3gico. O rendimento alcan\u00e7ado foi de <strong>20.577 kg\/ha<\/strong>, ou seja, mais de 20 toneladas por hectare \u2014 mais do que o dobro da m\u00e9dia nacional, que gira em torno de 95 sacas por hectare.<\/p>\n\n\n<div class=\"wp-block-image\">\n<figure class=\"aligncenter size-full\"><img fetchpriority=\"high\" decoding=\"async\" width=\"708\" height=\"476\" src=\"https:\/\/conectagrao.com.br\/blog\/wp-content\/uploads\/2025\/06\/colheita.jpg\" alt=\"\" class=\"wp-image-690\" srcset=\"https:\/\/conectagrao.com.br\/blog\/wp-content\/uploads\/2025\/06\/colheita.jpg 708w, https:\/\/conectagrao.com.br\/blog\/wp-content\/uploads\/2025\/06\/colheita-300x202.jpg 300w\" sizes=\"(max-width: 708px) 100vw, 708px\" \/><\/figure>\n<\/div>\n\n\n<p class=\"has-text-align-left\">A consultoria GETAP (Grupo de Estrat\u00e9gias e Tecnologia para Alta Produtividade), reconhecida por seu foco em estrat\u00e9gias agron\u00f4micas avan\u00e7adas, acompanhou o trabalho.<\/p>\n\n\n\n<h2 class=\"wp-block-heading\">O segredo do sucesso: manejo de excel\u00eancia<\/h2>\n\n\n\n<p>Os irm\u00e3os produtores atribu\u00edram o sucesso \u00e0 <strong>dedica\u00e7\u00e3o total ao manejo da lavoura<\/strong>, que envolveu:<\/p>\n\n\n\n<ul class=\"wp-block-list\">\n<li>Uso de h\u00edbridos de alto potencial gen\u00e9tico;<\/li>\n\n\n\n<li>Corre\u00e7\u00e3o precisa do solo com base em an\u00e1lises detalhadas;<\/li>\n\n\n\n<li>Nutri\u00e7\u00e3o equilibrada e personalizada para a demanda da planta;<\/li>\n\n\n\n<li>Monitoramento di\u00e1rio da lavoura, com foco em pragas, doen\u00e7as e clima;<\/li>\n\n\n\n<li>Irriga\u00e7\u00e3o eficiente e controlada para garantir o m\u00e1ximo aproveitamento dos recursos.<\/li>\n<\/ul>\n\n\n\n<p>Al\u00e9m disso, o acompanhamento t\u00e9cnico constante, aliado ao investimento em inova\u00e7\u00e3o e conhecimento, foi decisivo para o resultado extraordin\u00e1rio.<\/p>\n\n\n\n<h2 class=\"wp-block-heading\">Exemplo para o Brasil<\/h2>\n\n\n\n<p>O recorde obtido no Rio Grande do Sul demonstra que o Brasil tem capacidade de competir em alto n\u00edvel de produtividade agr\u00edcola, desde que haja <strong>planejamento, tecnologia e conhecimento t\u00e9cnico aplicados de forma estrat\u00e9gica<\/strong>.<\/p>\n\n\n\n<p>Essa conquista inspira outros produtores e prova que, mesmo em cen\u00e1rios desafiadores, quem alia ci\u00eancia e dedica\u00e7\u00e3o no campo alcan\u00e7a resultados excepcionais.<\/p>\n\n\n\n<h2 class=\"wp-block-heading\">Conclus\u00e3o<\/h2>\n\n\n\n<p>O novo recorde brasileiro de produtividade no milho, com <strong>343,1 sacas por hectare<\/strong>, \u00e9 uma vit\u00f3ria da agricultura moderna. Fruto da uni\u00e3o entre conhecimento t\u00e9cnico, investimento em tecnologia e o esfor\u00e7o de produtores comprometidos com a excel\u00eancia, o feito dos irm\u00e3os de Palmeira das Miss\u00f5es (RS) entra para a hist\u00f3ria como exemplo de que <strong>a produtividade no campo brasileiro ainda tem muito espa\u00e7o para crescer<\/strong>.<\/p>\n\n\n\n<div style=\"border: 2px solid #ff9800; border-radius: 10px; padding: 20px; background: #ffffff; box-shadow: 0 4px 12px rgba(0,0,0,0.1); font-family: Arial, sans-serif; width: 100%; max-width: 100%; margin: 20px 0; text-align: center; box-sizing: border-box;\">\n  \n  <h3 style=\"color: #ff9800; font-size: 24px; margin-top: 0; margin-bottom: 15px;\">\n    <span style=\"display: none;\" class=\"whatsapp-icon\">\n      <img decoding=\"async\" src=\"https:\/\/e7.pngegg.com\/pngimages\/347\/373\/png-clipart-computer-icons-whatsapp-whatsapp-text-trademark-thumbnail.png\" alt=\"WhatsApp\" style=\"width: 40px; height: 40px; border-radius: 50%; object-fit: cover;\">\n    <\/span>\n  <\/h3>\n  \n  <div style=\"display: flex; justify-content: center; align-items: center; flex-wrap: wrap; margin-bottom: 10px;\">\n    <div style=\"text-align: center; margin-right: 10px;\"> <!-- Reduzido o margin-right -->\n      <p style=\"font-size: 16px; color: #333; line-height: 1.5; margin: 0;\">\n        \ud83d\udcf0 Not\u00edcias &#038; Mercado | \ud83d\udd14 Novidades <span class=\"desktop-separator\">|<\/span>\n      <\/p>\n    <\/div>\n    <div style=\"text-align: center;\">\n      <p style=\"font-size: 16px; color: #333; line-height: 1.5; margin: 0;\">\n        \u26c5 Clima | \ud83d\ude80 Tecnologia | \ud83d\udcf1 Blog\n      <\/p>\n    <\/div>\n  <\/div>\n  \n  <a href=\"https:\/\/www.whatsapp.com\/channel\/0029VaLMT22GOj9f6eVOpJ0N\" target=\"_blank\" style=\"background: #25D366; color: #fff; padding: 10px 20px; font-size: 16px; font-weight: bold; text-decoration: none; border-radius: 30px; display: inline-block; transition: all 0.3s; position: relative;\">\n    <img decoding=\"async\" src=\"https:\/\/upload.wikimedia.org\/wikipedia\/commons\/6\/6b\/WhatsApp.svg\" alt=\"WhatsApp\" style=\"width: 20px; height: 20px; vertical-align: middle; margin-right: 5px;\">\n    Entrar no Canal\n  <\/a>\n  \n  <p style=\"font-size: 12px; color: #666; margin-top: 15px; font-weight: bold;\">\n    Sua conex\u00e3o com as melhores informa\u00e7\u00f5es do agroneg\u00f3cio!\n  <\/p>\n<\/div>\n\n<style>\n@media (max-width: 768px) {\n  .desktop-separator {\n    display: none; \/* Ocultar o separador \"|\" em dispositivos m\u00f3veis *\/\n  }\n  h3 {\n    font-size: 20px; \/* Diminuir o tamanho da fonte do t\u00edtulo em dispositivos m\u00f3veis *\/\n  }\n  p {\n    font-size: 14px; \/* Diminuir o tamanho da fonte dos par\u00e1grafos em dispositivos m\u00f3veis *\/\n  }\n  a {\n    font-size: 14px; \/* Diminuir o tamanho da fonte do bot\u00e3o em dispositivos m\u00f3veis *\/\n    padding: 8px 15px; \/* Ajustar o padding do bot\u00e3o em dispositivos m\u00f3veis *\/\n  }\n}\n<\/style>\n\n\n\n\n<p><strong>Fonte:<\/strong> <a href=\"https:\/\/www.comprerural.com\/agricultor-bate-recorde-de-produtividade-de-milho-ao-colher-3431-sacas-por-hectare\/\" data-type=\"link\" data-id=\"https:\/\/www.comprerural.com\/agricultor-bate-recorde-de-produtividade-de-milho-ao-colher-3431-sacas-por-hectare\/\">Compre Rural<\/a> <\/p>\n\n\n\n<p>escrito por: Kao\u00ea Rauch-equipe ConectaGr\u00e3o<\/p>\n","protected":false},"excerpt":{"rendered":"<p>Produtores de Palmeira das Miss\u00f5es (RS) bateram o recorde nacional de produtividade de milho ao colher impressionantes 343,1 sacas por hectare, resultado de um manejo altamente tecnificado e acompanhado pela consultoria GETAP.<\/p>\n","protected":false},"author":1,"featured_media":688,"comment_status":"open","ping_status":"open","sticky":false,"template":"","format":"standard","meta":{"_coblocks_attr":"","_coblocks_dimensions":"","_coblocks_responsive_height":"","_coblocks_accordion_ie_support":"","_uag_custom_page_level_css":"","footnotes":""},"categories":[1,29],"tags":[],"class_list":["post-687","post","type-post","status-publish","format-standard","has-post-thumbnail","hentry","category-blog","category-mercado"],"yoast_head":"<!-- This site is optimized with the Yoast SEO plugin v27.4 - https:\/\/yoast.com\/product\/yoast-seo-wordpress\/ -->\n<title>ConectaGr\u00e3o Produtores Batem Recorde com 343,1 Sacas de Milho por H\u00e1. Blog -<\/title>\n<meta name=\"description\" content=\"Produtores alcan\u00e7am recorde hist\u00f3rico de 343,1 sacas de milho por hectare! Descubra as t\u00e9cnicas e manejos que levaram a esta produtividade.\" \/>\n<meta name=\"robots\" content=\"index, follow, max-snippet:-1, max-image-preview:large, max-video-preview:-1\" \/>\n<link rel=\"canonical\" href=\"https:\/\/conectagrao.com.br\/blog\/produtores-batem-recorde-nacional\/\" \/>\n<meta property=\"og:locale\" content=\"pt_BR\" \/>\n<meta property=\"og:type\" content=\"article\" \/>\n<meta property=\"og:title\" content=\"ConectaGr\u00e3o Produtores Batem Recorde com 343,1 Sacas de Milho por H\u00e1. Blog -\" \/>\n<meta property=\"og:description\" content=\"Produtores alcan\u00e7am recorde hist\u00f3rico de 343,1 sacas de milho por hectare! Descubra as t\u00e9cnicas e manejos que levaram a esta produtividade.\" \/>\n<meta property=\"og:url\" content=\"https:\/\/conectagrao.com.br\/blog\/produtores-batem-recorde-nacional\/\" \/>\n<meta property=\"og:site_name\" content=\"ConectaGr\u00e3o\" \/>\n<meta property=\"article:publisher\" content=\"https:\/\/www.facebook.com\/conectagrao\/\" \/>\n<meta property=\"article:author\" content=\"https:\/\/www.facebook.com\/share\/1A5mH5g3LK\/\" \/>\n<meta property=\"article:published_time\" content=\"2025-06-28T10:29:42+00:00\" \/>\n<meta property=\"article:modified_time\" content=\"2025-08-07T06:23:01+00:00\" \/>\n<meta property=\"og:image\" content=\"https:\/\/conectagrao.com.br\/blog\/wp-content\/uploads\/2025\/06\/recorde-de-milho.webp\" \/>\n\t<meta property=\"og:image:width\" content=\"1800\" \/>\n\t<meta property=\"og:image:height\" content=\"1013\" \/>\n\t<meta property=\"og:image:type\" content=\"image\/webp\" \/>\n<meta name=\"author\" content=\"conectagrao\" \/>\n<meta name=\"twitter:card\" content=\"summary_large_image\" \/>\n<meta name=\"twitter:label1\" content=\"Escrito por\" \/>\n\t<meta name=\"twitter:data1\" content=\"conectagrao\" \/>\n\t<meta name=\"twitter:label2\" content=\"Est. tempo de leitura\" \/>\n\t<meta name=\"twitter:data2\" content=\"3 minutos\" \/>\n<script type=\"application\/ld+json\" class=\"yoast-schema-graph\">{\"@context\":\"https:\\\/\\\/schema.org\",\"@graph\":[{\"@type\":\"Article\",\"@id\":\"https:\\\/\\\/conectagrao.com.br\\\/blog\\\/produtores-batem-recorde-nacional\\\/#article\",\"isPartOf\":{\"@id\":\"https:\\\/\\\/conectagrao.com.br\\\/blog\\\/produtores-batem-recorde-nacional\\\/\"},\"author\":{\"name\":\"conectagrao\",\"@id\":\"https:\\\/\\\/conectagrao.com.br\\\/blog\\\/#\\\/schema\\\/person\\\/ba64f63526cab8efbf8b1f8198926135\"},\"headline\":\"Produtores Batem Recorde com 343,1 Sacas de Milho por H\u00e1.\",\"datePublished\":\"2025-06-28T10:29:42+00:00\",\"dateModified\":\"2025-08-07T06:23:01+00:00\",\"mainEntityOfPage\":{\"@id\":\"https:\\\/\\\/conectagrao.com.br\\\/blog\\\/produtores-batem-recorde-nacional\\\/\"},\"wordCount\":438,\"commentCount\":0,\"publisher\":{\"@id\":\"https:\\\/\\\/conectagrao.com.br\\\/blog\\\/#organization\"},\"image\":{\"@id\":\"https:\\\/\\\/conectagrao.com.br\\\/blog\\\/produtores-batem-recorde-nacional\\\/#primaryimage\"},\"thumbnailUrl\":\"https:\\\/\\\/conectagrao.com.br\\\/blog\\\/wp-content\\\/uploads\\\/2025\\\/06\\\/recorde-de-milho.webp\",\"articleSection\":[\"Blog\",\"Vis\u00e3o de Mercado\"],\"inLanguage\":\"pt-BR\",\"potentialAction\":[{\"@type\":\"CommentAction\",\"name\":\"Comment\",\"target\":[\"https:\\\/\\\/conectagrao.com.br\\\/blog\\\/produtores-batem-recorde-nacional\\\/#respond\"]}]},{\"@type\":\"WebPage\",\"@id\":\"https:\\\/\\\/conectagrao.com.br\\\/blog\\\/produtores-batem-recorde-nacional\\\/\",\"url\":\"https:\\\/\\\/conectagrao.com.br\\\/blog\\\/produtores-batem-recorde-nacional\\\/\",\"name\":\"ConectaGr\u00e3o Produtores Batem Recorde com 343,1 Sacas de Milho por H\u00e1. Blog -\",\"isPartOf\":{\"@id\":\"https:\\\/\\\/conectagrao.com.br\\\/blog\\\/#website\"},\"primaryImageOfPage\":{\"@id\":\"https:\\\/\\\/conectagrao.com.br\\\/blog\\\/produtores-batem-recorde-nacional\\\/#primaryimage\"},\"image\":{\"@id\":\"https:\\\/\\\/conectagrao.com.br\\\/blog\\\/produtores-batem-recorde-nacional\\\/#primaryimage\"},\"thumbnailUrl\":\"https:\\\/\\\/conectagrao.com.br\\\/blog\\\/wp-content\\\/uploads\\\/2025\\\/06\\\/recorde-de-milho.webp\",\"datePublished\":\"2025-06-28T10:29:42+00:00\",\"dateModified\":\"2025-08-07T06:23:01+00:00\",\"description\":\"Produtores alcan\u00e7am recorde hist\u00f3rico de 343,1 sacas de milho por hectare! Descubra as t\u00e9cnicas e manejos que levaram a esta produtividade.\",\"breadcrumb\":{\"@id\":\"https:\\\/\\\/conectagrao.com.br\\\/blog\\\/produtores-batem-recorde-nacional\\\/#breadcrumb\"},\"inLanguage\":\"pt-BR\",\"potentialAction\":[{\"@type\":\"ReadAction\",\"target\":[\"https:\\\/\\\/conectagrao.com.br\\\/blog\\\/produtores-batem-recorde-nacional\\\/\"]}]},{\"@type\":\"ImageObject\",\"inLanguage\":\"pt-BR\",\"@id\":\"https:\\\/\\\/conectagrao.com.br\\\/blog\\\/produtores-batem-recorde-nacional\\\/#primaryimage\",\"url\":\"https:\\\/\\\/conectagrao.com.br\\\/blog\\\/wp-content\\\/uploads\\\/2025\\\/06\\\/recorde-de-milho.webp\",\"contentUrl\":\"https:\\\/\\\/conectagrao.com.br\\\/blog\\\/wp-content\\\/uploads\\\/2025\\\/06\\\/recorde-de-milho.webp\",\"width\":1800,\"height\":1013},{\"@type\":\"BreadcrumbList\",\"@id\":\"https:\\\/\\\/conectagrao.com.br\\\/blog\\\/produtores-batem-recorde-nacional\\\/#breadcrumb\",\"itemListElement\":[{\"@type\":\"ListItem\",\"position\":1,\"name\":\"In\u00edcio\",\"item\":\"https:\\\/\\\/conectagrao.com.br\\\/blog\\\/\"},{\"@type\":\"ListItem\",\"position\":2,\"name\":\"Produtores Batem Recorde com 343,1 Sacas de Milho por H\u00e1.\"}]},{\"@type\":\"WebSite\",\"@id\":\"https:\\\/\\\/conectagrao.com.br\\\/blog\\\/#website\",\"url\":\"https:\\\/\\\/conectagrao.com.br\\\/blog\\\/\",\"name\":\"ConectaGr\u00e3o\",\"description\":\"Conectando o futuro com o agroneg\u00f3cio.\",\"publisher\":{\"@id\":\"https:\\\/\\\/conectagrao.com.br\\\/blog\\\/#organization\"},\"alternateName\":\"conectagrao\",\"potentialAction\":[{\"@type\":\"SearchAction\",\"target\":{\"@type\":\"EntryPoint\",\"urlTemplate\":\"https:\\\/\\\/conectagrao.com.br\\\/blog\\\/?s={search_term_string}\"},\"query-input\":{\"@type\":\"PropertyValueSpecification\",\"valueRequired\":true,\"valueName\":\"search_term_string\"}}],\"inLanguage\":\"pt-BR\"},{\"@type\":\"Organization\",\"@id\":\"https:\\\/\\\/conectagrao.com.br\\\/blog\\\/#organization\",\"name\":\"ConectaGr\u00e3o\",\"alternateName\":\"conectagrao\",\"url\":\"https:\\\/\\\/conectagrao.com.br\\\/blog\\\/\",\"logo\":{\"@type\":\"ImageObject\",\"inLanguage\":\"pt-BR\",\"@id\":\"https:\\\/\\\/conectagrao.com.br\\\/blog\\\/#\\\/schema\\\/logo\\\/image\\\/\",\"url\":\"https:\\\/\\\/conectagrao.com.br\\\/blog\\\/wp-content\\\/uploads\\\/2025\\\/07\\\/ConectaGrao-6.png\",\"contentUrl\":\"https:\\\/\\\/conectagrao.com.br\\\/blog\\\/wp-content\\\/uploads\\\/2025\\\/07\\\/ConectaGrao-6.png\",\"width\":447,\"height\":559,\"caption\":\"ConectaGr\u00e3o\"},\"image\":{\"@id\":\"https:\\\/\\\/conectagrao.com.br\\\/blog\\\/#\\\/schema\\\/logo\\\/image\\\/\"},\"sameAs\":[\"https:\\\/\\\/www.facebook.com\\\/conectagrao\\\/\",\"https:\\\/\\\/www.tiktok.com\\\/@conectagrao?_t=ZM-8xPuS2d6MFB&_r=1\",\"https:\\\/\\\/www.threads.com\\\/@conectagrao\",\"https:\\\/\\\/www.youtube.com\\\/@conectagrao\",\"https:\\\/\\\/www.instagram.com\\\/conectagrao\"]},{\"@type\":\"Person\",\"@id\":\"https:\\\/\\\/conectagrao.com.br\\\/blog\\\/#\\\/schema\\\/person\\\/ba64f63526cab8efbf8b1f8198926135\",\"name\":\"conectagrao\",\"image\":{\"@type\":\"ImageObject\",\"inLanguage\":\"pt-BR\",\"@id\":\"https:\\\/\\\/secure.gravatar.com\\\/avatar\\\/fb3dc2cba7f544171abec58358591c995847240e6fd4f1f7a4a8159970dca59e?s=96&d=mm&r=g\",\"url\":\"https:\\\/\\\/secure.gravatar.com\\\/avatar\\\/fb3dc2cba7f544171abec58358591c995847240e6fd4f1f7a4a8159970dca59e?s=96&d=mm&r=g\",\"contentUrl\":\"https:\\\/\\\/secure.gravatar.com\\\/avatar\\\/fb3dc2cba7f544171abec58358591c995847240e6fd4f1f7a4a8159970dca59e?s=96&d=mm&r=g\",\"caption\":\"conectagrao\"},\"description\":\"ConectaGr\u00e3o\u00ae \u00e9 uma plataforma digital que conecta produtores, empresas e compradores do agroneg\u00f3cio, oferecendo an\u00e1lises de mercado, cota\u00e7\u00f5es, ferramentas e conte\u00fados gratuitos para facilitar o dia a dia no campo. Fundada por Genecir Jacoboski e Kao\u00ea T. Rauch a ConectaGr\u00e3o\u00ae tem como miss\u00e3o valorizar o produtor e aproximar o campo do mercado com tecnologia, informa\u00e7\u00e3o e inova\u00e7\u00e3o.\",\"sameAs\":[\"https:\\\/\\\/conectagrao.com.br\\\/blog\",\"https:\\\/\\\/www.facebook.com\\\/share\\\/1A5mH5g3LK\\\/\",\"https:\\\/\\\/www.instagram.com\\\/conectagrao?igsh=azQ1dXBndnp4dzZw\",\"https:\\\/\\\/youtube.com\\\/@conectagrao?si=QnGS_Zm7Cuj1pznt\"],\"url\":\"https:\\\/\\\/conectagrao.com.br\\\/blog\\\/author\\\/conectagrao\\\/\"}]}<\/script>\n<!-- \/ Yoast SEO plugin. -->","yoast_head_json":{"title":"ConectaGr\u00e3o Produtores Batem Recorde com 343,1 Sacas de Milho por H\u00e1. Blog -","description":"Produtores alcan\u00e7am recorde hist\u00f3rico de 343,1 sacas de milho por hectare! Descubra as t\u00e9cnicas e manejos que levaram a esta produtividade.","robots":{"index":"index","follow":"follow","max-snippet":"max-snippet:-1","max-image-preview":"max-image-preview:large","max-video-preview":"max-video-preview:-1"},"canonical":"https:\/\/conectagrao.com.br\/blog\/produtores-batem-recorde-nacional\/","og_locale":"pt_BR","og_type":"article","og_title":"ConectaGr\u00e3o Produtores Batem Recorde com 343,1 Sacas de Milho por H\u00e1. Blog -","og_description":"Produtores alcan\u00e7am recorde hist\u00f3rico de 343,1 sacas de milho por hectare! Descubra as t\u00e9cnicas e manejos que levaram a esta produtividade.","og_url":"https:\/\/conectagrao.com.br\/blog\/produtores-batem-recorde-nacional\/","og_site_name":"ConectaGr\u00e3o","article_publisher":"https:\/\/www.facebook.com\/conectagrao\/","article_author":"https:\/\/www.facebook.com\/share\/1A5mH5g3LK\/","article_published_time":"2025-06-28T10:29:42+00:00","article_modified_time":"2025-08-07T06:23:01+00:00","og_image":[{"width":1800,"height":1013,"url":"https:\/\/conectagrao.com.br\/blog\/wp-content\/uploads\/2025\/06\/recorde-de-milho.webp","type":"image\/webp"}],"author":"conectagrao","twitter_card":"summary_large_image","twitter_misc":{"Escrito por":"conectagrao","Est. tempo de leitura":"3 minutos"},"schema":{"@context":"https:\/\/schema.org","@graph":[{"@type":"Article","@id":"https:\/\/conectagrao.com.br\/blog\/produtores-batem-recorde-nacional\/#article","isPartOf":{"@id":"https:\/\/conectagrao.com.br\/blog\/produtores-batem-recorde-nacional\/"},"author":{"name":"conectagrao","@id":"https:\/\/conectagrao.com.br\/blog\/#\/schema\/person\/ba64f63526cab8efbf8b1f8198926135"},"headline":"Produtores Batem Recorde com 343,1 Sacas de Milho por H\u00e1.","datePublished":"2025-06-28T10:29:42+00:00","dateModified":"2025-08-07T06:23:01+00:00","mainEntityOfPage":{"@id":"https:\/\/conectagrao.com.br\/blog\/produtores-batem-recorde-nacional\/"},"wordCount":438,"commentCount":0,"publisher":{"@id":"https:\/\/conectagrao.com.br\/blog\/#organization"},"image":{"@id":"https:\/\/conectagrao.com.br\/blog\/produtores-batem-recorde-nacional\/#primaryimage"},"thumbnailUrl":"https:\/\/conectagrao.com.br\/blog\/wp-content\/uploads\/2025\/06\/recorde-de-milho.webp","articleSection":["Blog","Vis\u00e3o de Mercado"],"inLanguage":"pt-BR","potentialAction":[{"@type":"CommentAction","name":"Comment","target":["https:\/\/conectagrao.com.br\/blog\/produtores-batem-recorde-nacional\/#respond"]}]},{"@type":"WebPage","@id":"https:\/\/conectagrao.com.br\/blog\/produtores-batem-recorde-nacional\/","url":"https:\/\/conectagrao.com.br\/blog\/produtores-batem-recorde-nacional\/","name":"ConectaGr\u00e3o Produtores Batem Recorde com 343,1 Sacas de Milho por H\u00e1. Blog -","isPartOf":{"@id":"https:\/\/conectagrao.com.br\/blog\/#website"},"primaryImageOfPage":{"@id":"https:\/\/conectagrao.com.br\/blog\/produtores-batem-recorde-nacional\/#primaryimage"},"image":{"@id":"https:\/\/conectagrao.com.br\/blog\/produtores-batem-recorde-nacional\/#primaryimage"},"thumbnailUrl":"https:\/\/conectagrao.com.br\/blog\/wp-content\/uploads\/2025\/06\/recorde-de-milho.webp","datePublished":"2025-06-28T10:29:42+00:00","dateModified":"2025-08-07T06:23:01+00:00","description":"Produtores alcan\u00e7am recorde hist\u00f3rico de 343,1 sacas de milho por hectare! Descubra as t\u00e9cnicas e manejos que levaram a esta produtividade.","breadcrumb":{"@id":"https:\/\/conectagrao.com.br\/blog\/produtores-batem-recorde-nacional\/#breadcrumb"},"inLanguage":"pt-BR","potentialAction":[{"@type":"ReadAction","target":["https:\/\/conectagrao.com.br\/blog\/produtores-batem-recorde-nacional\/"]}]},{"@type":"ImageObject","inLanguage":"pt-BR","@id":"https:\/\/conectagrao.com.br\/blog\/produtores-batem-recorde-nacional\/#primaryimage","url":"https:\/\/conectagrao.com.br\/blog\/wp-content\/uploads\/2025\/06\/recorde-de-milho.webp","contentUrl":"https:\/\/conectagrao.com.br\/blog\/wp-content\/uploads\/2025\/06\/recorde-de-milho.webp","width":1800,"height":1013},{"@type":"BreadcrumbList","@id":"https:\/\/conectagrao.com.br\/blog\/produtores-batem-recorde-nacional\/#breadcrumb","itemListElement":[{"@type":"ListItem","position":1,"name":"In\u00edcio","item":"https:\/\/conectagrao.com.br\/blog\/"},{"@type":"ListItem","position":2,"name":"Produtores Batem Recorde com 343,1 Sacas de Milho por H\u00e1."}]},{"@type":"WebSite","@id":"https:\/\/conectagrao.com.br\/blog\/#website","url":"https:\/\/conectagrao.com.br\/blog\/","name":"ConectaGr\u00e3o","description":"Conectando o futuro com o agroneg\u00f3cio.","publisher":{"@id":"https:\/\/conectagrao.com.br\/blog\/#organization"},"alternateName":"conectagrao","potentialAction":[{"@type":"SearchAction","target":{"@type":"EntryPoint","urlTemplate":"https:\/\/conectagrao.com.br\/blog\/?s={search_term_string}"},"query-input":{"@type":"PropertyValueSpecification","valueRequired":true,"valueName":"search_term_string"}}],"inLanguage":"pt-BR"},{"@type":"Organization","@id":"https:\/\/conectagrao.com.br\/blog\/#organization","name":"ConectaGr\u00e3o","alternateName":"conectagrao","url":"https:\/\/conectagrao.com.br\/blog\/","logo":{"@type":"ImageObject","inLanguage":"pt-BR","@id":"https:\/\/conectagrao.com.br\/blog\/#\/schema\/logo\/image\/","url":"https:\/\/conectagrao.com.br\/blog\/wp-content\/uploads\/2025\/07\/ConectaGrao-6.png","contentUrl":"https:\/\/conectagrao.com.br\/blog\/wp-content\/uploads\/2025\/07\/ConectaGrao-6.png","width":447,"height":559,"caption":"ConectaGr\u00e3o"},"image":{"@id":"https:\/\/conectagrao.com.br\/blog\/#\/schema\/logo\/image\/"},"sameAs":["https:\/\/www.facebook.com\/conectagrao\/","https:\/\/www.tiktok.com\/@conectagrao?_t=ZM-8xPuS2d6MFB&_r=1","https:\/\/www.threads.com\/@conectagrao","https:\/\/www.youtube.com\/@conectagrao","https:\/\/www.instagram.com\/conectagrao"]},{"@type":"Person","@id":"https:\/\/conectagrao.com.br\/blog\/#\/schema\/person\/ba64f63526cab8efbf8b1f8198926135","name":"conectagrao","image":{"@type":"ImageObject","inLanguage":"pt-BR","@id":"https:\/\/secure.gravatar.com\/avatar\/fb3dc2cba7f544171abec58358591c995847240e6fd4f1f7a4a8159970dca59e?s=96&d=mm&r=g","url":"https:\/\/secure.gravatar.com\/avatar\/fb3dc2cba7f544171abec58358591c995847240e6fd4f1f7a4a8159970dca59e?s=96&d=mm&r=g","contentUrl":"https:\/\/secure.gravatar.com\/avatar\/fb3dc2cba7f544171abec58358591c995847240e6fd4f1f7a4a8159970dca59e?s=96&d=mm&r=g","caption":"conectagrao"},"description":"ConectaGr\u00e3o\u00ae \u00e9 uma plataforma digital que conecta produtores, empresas e compradores do agroneg\u00f3cio, oferecendo an\u00e1lises de mercado, cota\u00e7\u00f5es, ferramentas e conte\u00fados gratuitos para facilitar o dia a dia no campo. Fundada por Genecir Jacoboski e Kao\u00ea T. Rauch a ConectaGr\u00e3o\u00ae tem como miss\u00e3o valorizar o produtor e aproximar o campo do mercado com tecnologia, informa\u00e7\u00e3o e inova\u00e7\u00e3o.","sameAs":["https:\/\/conectagrao.com.br\/blog","https:\/\/www.facebook.com\/share\/1A5mH5g3LK\/","https:\/\/www.instagram.com\/conectagrao?igsh=azQ1dXBndnp4dzZw","https:\/\/youtube.com\/@conectagrao?si=QnGS_Zm7Cuj1pznt"],"url":"https:\/\/conectagrao.com.br\/blog\/author\/conectagrao\/"}]}},"uagb_featured_image_src":{"full":["https:\/\/conectagrao.com.br\/blog\/wp-content\/uploads\/2025\/06\/recorde-de-milho.webp",1800,1013,false],"thumbnail":["https:\/\/conectagrao.com.br\/blog\/wp-content\/uploads\/2025\/06\/recorde-de-milho-150x150.webp",150,150,true],"medium":["https:\/\/conectagrao.com.br\/blog\/wp-content\/uploads\/2025\/06\/recorde-de-milho-300x169.webp",300,169,true],"medium_large":["https:\/\/conectagrao.com.br\/blog\/wp-content\/uploads\/2025\/06\/recorde-de-milho-768x432.webp",640,360,true],"large":["https:\/\/conectagrao.com.br\/blog\/wp-content\/uploads\/2025\/06\/recorde-de-milho-1024x576.webp",640,360,true],"1536x1536":["https:\/\/conectagrao.com.br\/blog\/wp-content\/uploads\/2025\/06\/recorde-de-milho-1536x864.webp",1536,864,true],"2048x2048":["https:\/\/conectagrao.com.br\/blog\/wp-content\/uploads\/2025\/06\/recorde-de-milho.webp",1800,1013,false],"cvmm-medium":["https:\/\/conectagrao.com.br\/blog\/wp-content\/uploads\/2025\/06\/recorde-de-milho-300x300.webp",300,300,true],"cvmm-medium-plus":["https:\/\/conectagrao.com.br\/blog\/wp-content\/uploads\/2025\/06\/recorde-de-milho-305x207.webp",305,207,true],"cvmm-portrait":["https:\/\/conectagrao.com.br\/blog\/wp-content\/uploads\/2025\/06\/recorde-de-milho-400x600.webp",400,600,true],"cvmm-medium-square":["https:\/\/conectagrao.com.br\/blog\/wp-content\/uploads\/2025\/06\/recorde-de-milho-600x600.webp",600,600,true],"cvmm-large":["https:\/\/conectagrao.com.br\/blog\/wp-content\/uploads\/2025\/06\/recorde-de-milho-1024x1013.webp",1024,1013,true],"cvmm-small":["https:\/\/conectagrao.com.br\/blog\/wp-content\/uploads\/2025\/06\/recorde-de-milho-130x95.webp",130,95,true],"news-portal-block-medium":["https:\/\/conectagrao.com.br\/blog\/wp-content\/uploads\/2025\/06\/recorde-de-milho-305x207.webp",305,207,true],"news-portal-block-thumb":["https:\/\/conectagrao.com.br\/blog\/wp-content\/uploads\/2025\/06\/recorde-de-milho-136x102.webp",136,102,true],"news-portal-slider-medium":["https:\/\/conectagrao.com.br\/blog\/wp-content\/uploads\/2025\/06\/recorde-de-milho-622x420.webp",622,420,true],"news-portal-carousel-portrait":["https:\/\/conectagrao.com.br\/blog\/wp-content\/uploads\/2025\/06\/recorde-de-milho-400x600.webp",400,600,true],"news-portal-alternate-grid":["https:\/\/conectagrao.com.br\/blog\/wp-content\/uploads\/2025\/06\/recorde-de-milho-340x316.webp",340,316,true],"web-stories-poster-portrait":["https:\/\/conectagrao.com.br\/blog\/wp-content\/uploads\/2025\/06\/recorde-de-milho.webp",640,360,false],"web-stories-publisher-logo":["https:\/\/conectagrao.com.br\/blog\/wp-content\/uploads\/2025\/06\/recorde-de-milho.webp",96,54,false],"web-stories-thumbnail":["https:\/\/conectagrao.com.br\/blog\/wp-content\/uploads\/2025\/06\/recorde-de-milho.webp",150,84,false]},"uagb_author_info":{"display_name":"conectagrao","author_link":"https:\/\/conectagrao.com.br\/blog\/author\/conectagrao\/"},"uagb_comment_info":0,"uagb_excerpt":"Produtores de Palmeira das Miss\u00f5es (RS) bateram o recorde nacional de produtividade de milho ao colher impressionantes 343,1 sacas por hectare, resultado de um manejo altamente tecnificado e acompanhado pela consultoria GETAP.","blog_post_layout_featured_media_urls":{"thumbnail":["https:\/\/conectagrao.com.br\/blog\/wp-content\/uploads\/2025\/06\/recorde-de-milho-150x150.webp",150,150,true],"full":["https:\/\/conectagrao.com.br\/blog\/wp-content\/uploads\/2025\/06\/recorde-de-milho.webp",1800,1013,false]},"categories_names":{"1":{"name":"Blog","link":"https:\/\/conectagrao.com.br\/blog\/blog\/"},"29":{"name":"Vis\u00e3o de Mercado","link":"https:\/\/conectagrao.com.br\/blog\/mercado\/"}},"tags_names":[],"comments_number":"0","wpmagazine_modules_lite_featured_media_urls":{"thumbnail":["https:\/\/conectagrao.com.br\/blog\/wp-content\/uploads\/2025\/06\/recorde-de-milho-150x150.webp",150,150,true],"cvmm-medium":["https:\/\/conectagrao.com.br\/blog\/wp-content\/uploads\/2025\/06\/recorde-de-milho-300x300.webp",300,300,true],"cvmm-medium-plus":["https:\/\/conectagrao.com.br\/blog\/wp-content\/uploads\/2025\/06\/recorde-de-milho-305x207.webp",305,207,true],"cvmm-portrait":["https:\/\/conectagrao.com.br\/blog\/wp-content\/uploads\/2025\/06\/recorde-de-milho-400x600.webp",400,600,true],"cvmm-medium-square":["https:\/\/conectagrao.com.br\/blog\/wp-content\/uploads\/2025\/06\/recorde-de-milho-600x600.webp",600,600,true],"cvmm-large":["https:\/\/conectagrao.com.br\/blog\/wp-content\/uploads\/2025\/06\/recorde-de-milho-1024x1013.webp",1024,1013,true],"cvmm-small":["https:\/\/conectagrao.com.br\/blog\/wp-content\/uploads\/2025\/06\/recorde-de-milho-130x95.webp",130,95,true],"full":["https:\/\/conectagrao.com.br\/blog\/wp-content\/uploads\/2025\/06\/recorde-de-milho.webp",1800,1013,false]},"_links":{"self":[{"href":"https:\/\/conectagrao.com.br\/blog\/wp-json\/wp\/v2\/posts\/687","targetHints":{"allow":["GET"]}}],"collection":[{"href":"https:\/\/conectagrao.com.br\/blog\/wp-json\/wp\/v2\/posts"}],"about":[{"href":"https:\/\/conectagrao.com.br\/blog\/wp-json\/wp\/v2\/types\/post"}],"author":[{"embeddable":true,"href":"https:\/\/conectagrao.com.br\/blog\/wp-json\/wp\/v2\/users\/1"}],"replies":[{"embeddable":true,"href":"https:\/\/conectagrao.com.br\/blog\/wp-json\/wp\/v2\/comments?post=687"}],"version-history":[{"count":3,"href":"https:\/\/conectagrao.com.br\/blog\/wp-json\/wp\/v2\/posts\/687\/revisions"}],"predecessor-version":[{"id":976,"href":"https:\/\/conectagrao.com.br\/blog\/wp-json\/wp\/v2\/posts\/687\/revisions\/976"}],"wp:featuredmedia":[{"embeddable":true,"href":"https:\/\/conectagrao.com.br\/blog\/wp-json\/wp\/v2\/media\/688"}],"wp:attachment":[{"href":"https:\/\/conectagrao.com.br\/blog\/wp-json\/wp\/v2\/media?parent=687"}],"wp:term":[{"taxonomy":"category","embeddable":true,"href":"https:\/\/conectagrao.com.br\/blog\/wp-json\/wp\/v2\/categories?post=687"},{"taxonomy":"post_tag","embeddable":true,"href":"https:\/\/conectagrao.com.br\/blog\/wp-json\/wp\/v2\/tags?post=687"}],"curies":[{"name":"wp","href":"https:\/\/api.w.org\/{rel}","templated":true}]}}