{"id":707,"date":"2025-07-08T15:23:38","date_gmt":"2025-07-08T15:23:38","guid":{"rendered":"https:\/\/conectagrao.com.br\/blog\/?p=707"},"modified":"2025-08-10T14:37:59","modified_gmt":"2025-08-10T14:37:59","slug":"a-jornada-da-soja-da-asia-para-o-brasileiro","status":"publish","type":"post","link":"https:\/\/conectagrao.com.br\/blog\/a-jornada-da-soja-da-asia-para-o-brasileiro\/","title":{"rendered":"A Jornada da Soja: Da \u00c1sia para o Brasil"},"content":{"rendered":"\n<p>A soja \u00e9 hoje um dos principais pilares da economia agr\u00edcola mundial, sendo protagonista na alimenta\u00e7\u00e3o humana, na produ\u00e7\u00e3o de ra\u00e7\u00f5es animais e como mat\u00e9ria-prima para diversos produtos industriais. No entanto, seu caminho at\u00e9 os campos brasileiros tem ra\u00edzes antigas e uma jornada marcada por ci\u00eancia, adapta\u00e7\u00e3o e empreendedorismo.  portanto neste artigo, vamos explorar a origem da soja, sua chegada ao Brasil e como se tornou uma das culturas mais importantes do agroneg\u00f3cio nacional.<\/p>\n\n\n\n<h2 class=\"wp-block-heading\">Onde Tudo Come\u00e7ou: As Origens Asi\u00e1ticas da Soja<\/h2>\n\n\n\n<p>A hist\u00f3ria da soja tem in\u00edcio na \u00c1sia, especialmente na China, onde h\u00e1 registros de seu cultivo desde cerca de 5 mil anos atr\u00e1s. Logo os povos orientais j\u00e1 utilizavam a leguminosa como fonte essencial de prote\u00edna, preparando alimentos como tofu, miss\u00f4 e shoyu, que ainda hoje fazem parte da dieta de bilh\u00f5es de pessoas.<\/p>\n\n\n\n<p>Al\u00e9m da China, a soja tamb\u00e9m se espalhou para pa\u00edses vizinhos como Jap\u00e3o e Coreia, onde ganhou import\u00e2ncia cultural e econ\u00f4mica. Assim por muito tempo, o cultivo permaneceu restrito ao continente asi\u00e1tico, at\u00e9 que o Ocidente passou a explorar seu potencial.<\/p>\n\n\n\n<h2 class=\"wp-block-heading\">A Chegada da Soja ao Ocidente<\/h2>\n\n\n\n<p>Foi apenas no s\u00e9culo XVIII que a soja come\u00e7ou a chamar a aten\u00e7\u00e3o de estudiosos e agricultores europeus. Mission\u00e1rios e exploradores levaram sementes para a Europa, onde houve tentativas de adapta\u00e7\u00e3o ao clima e solo, mas com pouco sucesso inicial.<\/p>\n\n\n\n<p>Nos Estados Unidos, por\u00e9m, a hist\u00f3ria foi diferente. No s\u00e9culo XIX, a soja come\u00e7ou a ser estudada com mais profundidade, e em meados do s\u00e9culo XX j\u00e1 havia se consolidado como uma cultura de grande valor comercial, especialmente para a produ\u00e7\u00e3o de \u00f3leo e ra\u00e7\u00e3o animal.<\/p>\n\n\n\n<h2 class=\"wp-block-heading\">A Soja Chega ao Brasil<\/h2>\n\n\n\n<p>O Brasil conheceu a soja em 1882, por meio do Instituto Agron\u00f4mico de Campinas (IAC), em S\u00e3o Paulo. Inicialmente, a planta era vista apenas como uma curiosidade bot\u00e2nica, sem valor agr\u00edcola direto. No entanto, nas d\u00e9cadas seguintes, com o avan\u00e7o da pesquisa e a introdu\u00e7\u00e3o de cultivares mais adaptadas, a soja come\u00e7ou a mostrar seu potencial.<\/p>\n\n\n<div class=\"wp-block-image\">\n<figure class=\"aligncenter size-large is-resized\"><img fetchpriority=\"high\" decoding=\"async\" width=\"1024\" height=\"878\" src=\"https:\/\/conectagrao.com.br\/blog\/wp-content\/uploads\/2025\/07\/soja-brasil-1024x878.webp\" alt=\"\" class=\"wp-image-709\" style=\"width:422px;height:auto\" srcset=\"https:\/\/conectagrao.com.br\/blog\/wp-content\/uploads\/2025\/07\/soja-brasil-1024x878.webp 1024w, https:\/\/conectagrao.com.br\/blog\/wp-content\/uploads\/2025\/07\/soja-brasil-300x257.webp 300w, https:\/\/conectagrao.com.br\/blog\/wp-content\/uploads\/2025\/07\/soja-brasil-768x658.webp 768w, https:\/\/conectagrao.com.br\/blog\/wp-content\/uploads\/2025\/07\/soja-brasil.webp 1400w\" sizes=\"(max-width: 1024px) 100vw, 1024px\" \/><\/figure>\n<\/div>\n\n\n<p>Foi nos anos 1960 e 1970 que a cultura ganhou for\u00e7a de verdade no pa\u00eds. O apoio governamental, a expans\u00e3o agr\u00edcola para o Cerrado e a ado\u00e7\u00e3o de tecnologias como o plantio direto foram fundamentais para esse crescimento. Estados como Paran\u00e1, Rio Grande do Sul, Mato Grosso e Goi\u00e1s se tornaram pot\u00eancias na produ\u00e7\u00e3o da oleaginosa.<\/p>\n\n\n\n<h2 class=\"wp-block-heading\">O Brasil Como Pot\u00eancia Mundial da Soja<\/h2>\n\n\n\n<p>Hoje, o Brasil \u00e9 um dos maiores produtores e exportadores de soja do mundo, rivalizando com os Estados Unidos em volume e produtividade. A soja representa uma enorme fatia das exporta\u00e7\u00f5es brasileiras, especialmente para pa\u00edses como China, que utiliza o gr\u00e3o para alimentar sua produ\u00e7\u00e3o animal e abastecer sua ind\u00fastria aliment\u00edcia.<\/p>\n\n\n\n<p>A cultura tamb\u00e9m impulsionou o desenvolvimento de cidades e regi\u00f5es inteiras, promovendo crescimento econ\u00f4mico, gera\u00e7\u00e3o de empregos e inova\u00e7\u00e3o tecnol\u00f3gica no campo. Atualmente, o Brasil investe fortemente em melhoramento gen\u00e9tico, biotecnologia e pr\u00e1ticas sustent\u00e1veis para manter sua lideran\u00e7a global no setor.<\/p>\n\n\n\n<h2 class=\"wp-block-heading\">Muito Al\u00e9m de Um Gr\u00e3o<\/h2>\n\n\n\n<p>Ela deixou de ser apenas uma planta asi\u00e1tica e se transformou em uma das maiores riquezas agr\u00edcolas do Brasil. Sua hist\u00f3ria mostra como a adapta\u00e7\u00e3o ao clima, os investimentos em ci\u00eancia e a vis\u00e3o estrat\u00e9gica do agroneg\u00f3cio podem transformar culturas ex\u00f3ticas em motores econ\u00f4micos locais.<\/p>\n\n\n\n<p>Com ra\u00edzes no Oriente e um futuro promissor no Ocidente, a soja \u00e9 s\u00edmbolo da integra\u00e7\u00e3o entre tradi\u00e7\u00e3o e tecnologia no campo.<\/p>\n\n\n\n<hr class=\"wp-block-separator has-alpha-channel-opacity\"\/>\n\n\n\n<p><strong>Refer\u00eancia:<\/strong> <\/p>\n\n\n\n<p>AGROADVANCE.\u00a0<strong>A Origem da Soja: Da \u00c1sia ao Dom\u00ednio no Agroneg\u00f3cio Brasileiro<\/strong>. 2023. Dispon\u00edvel em:\u00a0<a href=\"https:\/\/agroadvance.com.br\/blog-origem-da-soja\/\" target=\"_blank\" rel=\"noreferrer noopener\">https:\/\/agroadvance.com.br\/blog-origem-da-soja\/<\/a>. Acesso em:18 de julho de 2025.<\/p>\n\n\n\n<p>Escrito por: Kao\u00ea Rauch-equipe ConectaGr\u00e3o<\/p>\n\n\n\n<p><\/p>\n","protected":false},"excerpt":{"rendered":"<p>Voc\u00ea sabia que a soja tem mais de 5 mil anos de hist\u00f3ria e nasceu do outro lado do mundo? Neste post, voc\u00ea vai descobrir como esse gr\u00e3o saiu da \u00c1sia, passou pelos Estados Unidos e chegou ao Brasil para se tornar um dos principais motores do nosso agroneg\u00f3cio. Uma jornada incr\u00edvel que une tradi\u00e7\u00e3o, ci\u00eancia e inova\u00e7\u00e3o!<\/p>\n","protected":false},"author":1,"featured_media":738,"comment_status":"open","ping_status":"open","sticky":false,"template":"","format":"standard","meta":{"_coblocks_attr":"","_coblocks_dimensions":"","_coblocks_responsive_height":"","_coblocks_accordion_ie_support":"","_uag_custom_page_level_css":"","footnotes":""},"categories":[32,1],"tags":[113,111,112,110,109,108],"class_list":["post-707","post","type-post","status-publish","format-standard","has-post-thumbnail","hentry","category-agricultura","category-blog","tag-agronegocio-brasileiro","tag-cadeia-produtiva-da-soja","tag-exportacao-de-soja","tag-importacao-de-soja","tag-producao-de-soja","tag-soja-no-brasil"],"yoast_head":"<!-- This site is optimized with the Yoast SEO plugin v27.4 - https:\/\/yoast.com\/product\/yoast-seo-wordpress\/ -->\n<title>A Jornada da Soja: Da \u00c1sia para o Brasil - ConectaGr\u00e3o<\/title>\n<meta name=\"description\" content=\"Como a soja saiu da \u00c1sia e dominou o Brasil? Conhe\u00e7a a hist\u00f3ria e os n\u00fameros dessa cultura que transformou nosso agro.\" \/>\n<meta name=\"robots\" content=\"index, follow, max-snippet:-1, max-image-preview:large, max-video-preview:-1\" \/>\n<link rel=\"canonical\" href=\"https:\/\/conectagrao.com.br\/blog\/a-jornada-da-soja-da-asia-para-o-brasileiro\/\" \/>\n<meta property=\"og:locale\" content=\"pt_BR\" \/>\n<meta property=\"og:type\" content=\"article\" \/>\n<meta property=\"og:title\" content=\"A Jornada da Soja: Da \u00c1sia para o Brasil - ConectaGr\u00e3o\" \/>\n<meta property=\"og:description\" content=\"Como a soja saiu da \u00c1sia e dominou o Brasil? Conhe\u00e7a a hist\u00f3ria e os n\u00fameros dessa cultura que transformou nosso agro.\" \/>\n<meta property=\"og:url\" content=\"https:\/\/conectagrao.com.br\/blog\/a-jornada-da-soja-da-asia-para-o-brasileiro\/\" \/>\n<meta property=\"og:site_name\" content=\"ConectaGr\u00e3o\" \/>\n<meta property=\"article:publisher\" content=\"https:\/\/www.facebook.com\/conectagrao\/\" \/>\n<meta property=\"article:author\" content=\"https:\/\/www.facebook.com\/share\/1A5mH5g3LK\/\" \/>\n<meta property=\"article:published_time\" content=\"2025-07-08T15:23:38+00:00\" \/>\n<meta property=\"article:modified_time\" content=\"2025-08-10T14:37:59+00:00\" \/>\n<meta property=\"og:image\" content=\"https:\/\/conectagrao.com.br\/blog\/wp-content\/uploads\/2025\/07\/soja.jpg\" \/>\n\t<meta property=\"og:image:width\" content=\"1080\" \/>\n\t<meta property=\"og:image:height\" content=\"810\" \/>\n\t<meta property=\"og:image:type\" content=\"image\/jpeg\" \/>\n<meta name=\"author\" content=\"conectagrao\" \/>\n<meta name=\"twitter:card\" content=\"summary_large_image\" \/>\n<meta name=\"twitter:label1\" content=\"Escrito por\" \/>\n\t<meta name=\"twitter:data1\" content=\"conectagrao\" \/>\n\t<meta name=\"twitter:label2\" content=\"Est. tempo de leitura\" \/>\n\t<meta name=\"twitter:data2\" content=\"4 minutos\" \/>\n<script type=\"application\/ld+json\" class=\"yoast-schema-graph\">{\"@context\":\"https:\\\/\\\/schema.org\",\"@graph\":[{\"@type\":\"Article\",\"@id\":\"https:\\\/\\\/conectagrao.com.br\\\/blog\\\/a-jornada-da-soja-da-asia-para-o-brasileiro\\\/#article\",\"isPartOf\":{\"@id\":\"https:\\\/\\\/conectagrao.com.br\\\/blog\\\/a-jornada-da-soja-da-asia-para-o-brasileiro\\\/\"},\"author\":{\"name\":\"conectagrao\",\"@id\":\"https:\\\/\\\/conectagrao.com.br\\\/blog\\\/#\\\/schema\\\/person\\\/ba64f63526cab8efbf8b1f8198926135\"},\"headline\":\"A Jornada da Soja: Da \u00c1sia para o Brasil\",\"datePublished\":\"2025-07-08T15:23:38+00:00\",\"dateModified\":\"2025-08-10T14:37:59+00:00\",\"mainEntityOfPage\":{\"@id\":\"https:\\\/\\\/conectagrao.com.br\\\/blog\\\/a-jornada-da-soja-da-asia-para-o-brasileiro\\\/\"},\"wordCount\":679,\"commentCount\":0,\"publisher\":{\"@id\":\"https:\\\/\\\/conectagrao.com.br\\\/blog\\\/#organization\"},\"image\":{\"@id\":\"https:\\\/\\\/conectagrao.com.br\\\/blog\\\/a-jornada-da-soja-da-asia-para-o-brasileiro\\\/#primaryimage\"},\"thumbnailUrl\":\"https:\\\/\\\/conectagrao.com.br\\\/blog\\\/wp-content\\\/uploads\\\/2025\\\/07\\\/soja.jpg\",\"keywords\":[\"Agroneg\u00f3cio brasileiro\",\"Cadeia produtiva da soja\",\"Exporta\u00e7\u00e3o de soja\",\"Importa\u00e7\u00e3o de soja\",\"Produ\u00e7\u00e3o de soja\",\"Soja no Brasil\"],\"articleSection\":[\"Agricultura\",\"Blog\"],\"inLanguage\":\"pt-BR\",\"potentialAction\":[{\"@type\":\"CommentAction\",\"name\":\"Comment\",\"target\":[\"https:\\\/\\\/conectagrao.com.br\\\/blog\\\/a-jornada-da-soja-da-asia-para-o-brasileiro\\\/#respond\"]}]},{\"@type\":\"WebPage\",\"@id\":\"https:\\\/\\\/conectagrao.com.br\\\/blog\\\/a-jornada-da-soja-da-asia-para-o-brasileiro\\\/\",\"url\":\"https:\\\/\\\/conectagrao.com.br\\\/blog\\\/a-jornada-da-soja-da-asia-para-o-brasileiro\\\/\",\"name\":\"A Jornada da Soja: Da \u00c1sia para o Brasil - ConectaGr\u00e3o\",\"isPartOf\":{\"@id\":\"https:\\\/\\\/conectagrao.com.br\\\/blog\\\/#website\"},\"primaryImageOfPage\":{\"@id\":\"https:\\\/\\\/conectagrao.com.br\\\/blog\\\/a-jornada-da-soja-da-asia-para-o-brasileiro\\\/#primaryimage\"},\"image\":{\"@id\":\"https:\\\/\\\/conectagrao.com.br\\\/blog\\\/a-jornada-da-soja-da-asia-para-o-brasileiro\\\/#primaryimage\"},\"thumbnailUrl\":\"https:\\\/\\\/conectagrao.com.br\\\/blog\\\/wp-content\\\/uploads\\\/2025\\\/07\\\/soja.jpg\",\"datePublished\":\"2025-07-08T15:23:38+00:00\",\"dateModified\":\"2025-08-10T14:37:59+00:00\",\"description\":\"Como a soja saiu da \u00c1sia e dominou o Brasil? Conhe\u00e7a a hist\u00f3ria e os n\u00fameros dessa cultura que transformou nosso agro.\",\"breadcrumb\":{\"@id\":\"https:\\\/\\\/conectagrao.com.br\\\/blog\\\/a-jornada-da-soja-da-asia-para-o-brasileiro\\\/#breadcrumb\"},\"inLanguage\":\"pt-BR\",\"potentialAction\":[{\"@type\":\"ReadAction\",\"target\":[\"https:\\\/\\\/conectagrao.com.br\\\/blog\\\/a-jornada-da-soja-da-asia-para-o-brasileiro\\\/\"]}]},{\"@type\":\"ImageObject\",\"inLanguage\":\"pt-BR\",\"@id\":\"https:\\\/\\\/conectagrao.com.br\\\/blog\\\/a-jornada-da-soja-da-asia-para-o-brasileiro\\\/#primaryimage\",\"url\":\"https:\\\/\\\/conectagrao.com.br\\\/blog\\\/wp-content\\\/uploads\\\/2025\\\/07\\\/soja.jpg\",\"contentUrl\":\"https:\\\/\\\/conectagrao.com.br\\\/blog\\\/wp-content\\\/uploads\\\/2025\\\/07\\\/soja.jpg\",\"width\":1080,\"height\":810},{\"@type\":\"BreadcrumbList\",\"@id\":\"https:\\\/\\\/conectagrao.com.br\\\/blog\\\/a-jornada-da-soja-da-asia-para-o-brasileiro\\\/#breadcrumb\",\"itemListElement\":[{\"@type\":\"ListItem\",\"position\":1,\"name\":\"In\u00edcio\",\"item\":\"https:\\\/\\\/conectagrao.com.br\\\/blog\\\/\"},{\"@type\":\"ListItem\",\"position\":2,\"name\":\"A Jornada da Soja: Da \u00c1sia para o Brasil\"}]},{\"@type\":\"WebSite\",\"@id\":\"https:\\\/\\\/conectagrao.com.br\\\/blog\\\/#website\",\"url\":\"https:\\\/\\\/conectagrao.com.br\\\/blog\\\/\",\"name\":\"ConectaGr\u00e3o\",\"description\":\"Conectando o futuro com o agroneg\u00f3cio.\",\"publisher\":{\"@id\":\"https:\\\/\\\/conectagrao.com.br\\\/blog\\\/#organization\"},\"alternateName\":\"conectagrao\",\"potentialAction\":[{\"@type\":\"SearchAction\",\"target\":{\"@type\":\"EntryPoint\",\"urlTemplate\":\"https:\\\/\\\/conectagrao.com.br\\\/blog\\\/?s={search_term_string}\"},\"query-input\":{\"@type\":\"PropertyValueSpecification\",\"valueRequired\":true,\"valueName\":\"search_term_string\"}}],\"inLanguage\":\"pt-BR\"},{\"@type\":\"Organization\",\"@id\":\"https:\\\/\\\/conectagrao.com.br\\\/blog\\\/#organization\",\"name\":\"ConectaGr\u00e3o\",\"alternateName\":\"conectagrao\",\"url\":\"https:\\\/\\\/conectagrao.com.br\\\/blog\\\/\",\"logo\":{\"@type\":\"ImageObject\",\"inLanguage\":\"pt-BR\",\"@id\":\"https:\\\/\\\/conectagrao.com.br\\\/blog\\\/#\\\/schema\\\/logo\\\/image\\\/\",\"url\":\"https:\\\/\\\/conectagrao.com.br\\\/blog\\\/wp-content\\\/uploads\\\/2025\\\/07\\\/ConectaGrao-6.png\",\"contentUrl\":\"https:\\\/\\\/conectagrao.com.br\\\/blog\\\/wp-content\\\/uploads\\\/2025\\\/07\\\/ConectaGrao-6.png\",\"width\":447,\"height\":559,\"caption\":\"ConectaGr\u00e3o\"},\"image\":{\"@id\":\"https:\\\/\\\/conectagrao.com.br\\\/blog\\\/#\\\/schema\\\/logo\\\/image\\\/\"},\"sameAs\":[\"https:\\\/\\\/www.facebook.com\\\/conectagrao\\\/\",\"https:\\\/\\\/www.tiktok.com\\\/@conectagrao?_t=ZM-8xPuS2d6MFB&_r=1\",\"https:\\\/\\\/www.threads.com\\\/@conectagrao\",\"https:\\\/\\\/www.youtube.com\\\/@conectagrao\",\"https:\\\/\\\/www.instagram.com\\\/conectagrao\"]},{\"@type\":\"Person\",\"@id\":\"https:\\\/\\\/conectagrao.com.br\\\/blog\\\/#\\\/schema\\\/person\\\/ba64f63526cab8efbf8b1f8198926135\",\"name\":\"conectagrao\",\"image\":{\"@type\":\"ImageObject\",\"inLanguage\":\"pt-BR\",\"@id\":\"https:\\\/\\\/secure.gravatar.com\\\/avatar\\\/fb3dc2cba7f544171abec58358591c995847240e6fd4f1f7a4a8159970dca59e?s=96&d=mm&r=g\",\"url\":\"https:\\\/\\\/secure.gravatar.com\\\/avatar\\\/fb3dc2cba7f544171abec58358591c995847240e6fd4f1f7a4a8159970dca59e?s=96&d=mm&r=g\",\"contentUrl\":\"https:\\\/\\\/secure.gravatar.com\\\/avatar\\\/fb3dc2cba7f544171abec58358591c995847240e6fd4f1f7a4a8159970dca59e?s=96&d=mm&r=g\",\"caption\":\"conectagrao\"},\"description\":\"ConectaGr\u00e3o\u00ae \u00e9 uma plataforma digital que conecta produtores, empresas e compradores do agroneg\u00f3cio, oferecendo an\u00e1lises de mercado, cota\u00e7\u00f5es, ferramentas e conte\u00fados gratuitos para facilitar o dia a dia no campo. Fundada por Genecir Jacoboski e Kao\u00ea T. Rauch a ConectaGr\u00e3o\u00ae tem como miss\u00e3o valorizar o produtor e aproximar o campo do mercado com tecnologia, informa\u00e7\u00e3o e inova\u00e7\u00e3o.\",\"sameAs\":[\"https:\\\/\\\/conectagrao.com.br\\\/blog\",\"https:\\\/\\\/www.facebook.com\\\/share\\\/1A5mH5g3LK\\\/\",\"https:\\\/\\\/www.instagram.com\\\/conectagrao?igsh=azQ1dXBndnp4dzZw\",\"https:\\\/\\\/youtube.com\\\/@conectagrao?si=QnGS_Zm7Cuj1pznt\"],\"url\":\"https:\\\/\\\/conectagrao.com.br\\\/blog\\\/author\\\/conectagrao\\\/\"}]}<\/script>\n<!-- \/ Yoast SEO plugin. -->","yoast_head_json":{"title":"A Jornada da Soja: Da \u00c1sia para o Brasil - ConectaGr\u00e3o","description":"Como a soja saiu da \u00c1sia e dominou o Brasil? Conhe\u00e7a a hist\u00f3ria e os n\u00fameros dessa cultura que transformou nosso agro.","robots":{"index":"index","follow":"follow","max-snippet":"max-snippet:-1","max-image-preview":"max-image-preview:large","max-video-preview":"max-video-preview:-1"},"canonical":"https:\/\/conectagrao.com.br\/blog\/a-jornada-da-soja-da-asia-para-o-brasileiro\/","og_locale":"pt_BR","og_type":"article","og_title":"A Jornada da Soja: Da \u00c1sia para o Brasil - ConectaGr\u00e3o","og_description":"Como a soja saiu da \u00c1sia e dominou o Brasil? Conhe\u00e7a a hist\u00f3ria e os n\u00fameros dessa cultura que transformou nosso agro.","og_url":"https:\/\/conectagrao.com.br\/blog\/a-jornada-da-soja-da-asia-para-o-brasileiro\/","og_site_name":"ConectaGr\u00e3o","article_publisher":"https:\/\/www.facebook.com\/conectagrao\/","article_author":"https:\/\/www.facebook.com\/share\/1A5mH5g3LK\/","article_published_time":"2025-07-08T15:23:38+00:00","article_modified_time":"2025-08-10T14:37:59+00:00","og_image":[{"width":1080,"height":810,"url":"https:\/\/conectagrao.com.br\/blog\/wp-content\/uploads\/2025\/07\/soja.jpg","type":"image\/jpeg"}],"author":"conectagrao","twitter_card":"summary_large_image","twitter_misc":{"Escrito por":"conectagrao","Est. tempo de leitura":"4 minutos"},"schema":{"@context":"https:\/\/schema.org","@graph":[{"@type":"Article","@id":"https:\/\/conectagrao.com.br\/blog\/a-jornada-da-soja-da-asia-para-o-brasileiro\/#article","isPartOf":{"@id":"https:\/\/conectagrao.com.br\/blog\/a-jornada-da-soja-da-asia-para-o-brasileiro\/"},"author":{"name":"conectagrao","@id":"https:\/\/conectagrao.com.br\/blog\/#\/schema\/person\/ba64f63526cab8efbf8b1f8198926135"},"headline":"A Jornada da Soja: Da \u00c1sia para o Brasil","datePublished":"2025-07-08T15:23:38+00:00","dateModified":"2025-08-10T14:37:59+00:00","mainEntityOfPage":{"@id":"https:\/\/conectagrao.com.br\/blog\/a-jornada-da-soja-da-asia-para-o-brasileiro\/"},"wordCount":679,"commentCount":0,"publisher":{"@id":"https:\/\/conectagrao.com.br\/blog\/#organization"},"image":{"@id":"https:\/\/conectagrao.com.br\/blog\/a-jornada-da-soja-da-asia-para-o-brasileiro\/#primaryimage"},"thumbnailUrl":"https:\/\/conectagrao.com.br\/blog\/wp-content\/uploads\/2025\/07\/soja.jpg","keywords":["Agroneg\u00f3cio brasileiro","Cadeia produtiva da soja","Exporta\u00e7\u00e3o de soja","Importa\u00e7\u00e3o de soja","Produ\u00e7\u00e3o de soja","Soja no Brasil"],"articleSection":["Agricultura","Blog"],"inLanguage":"pt-BR","potentialAction":[{"@type":"CommentAction","name":"Comment","target":["https:\/\/conectagrao.com.br\/blog\/a-jornada-da-soja-da-asia-para-o-brasileiro\/#respond"]}]},{"@type":"WebPage","@id":"https:\/\/conectagrao.com.br\/blog\/a-jornada-da-soja-da-asia-para-o-brasileiro\/","url":"https:\/\/conectagrao.com.br\/blog\/a-jornada-da-soja-da-asia-para-o-brasileiro\/","name":"A Jornada da Soja: Da \u00c1sia para o Brasil - ConectaGr\u00e3o","isPartOf":{"@id":"https:\/\/conectagrao.com.br\/blog\/#website"},"primaryImageOfPage":{"@id":"https:\/\/conectagrao.com.br\/blog\/a-jornada-da-soja-da-asia-para-o-brasileiro\/#primaryimage"},"image":{"@id":"https:\/\/conectagrao.com.br\/blog\/a-jornada-da-soja-da-asia-para-o-brasileiro\/#primaryimage"},"thumbnailUrl":"https:\/\/conectagrao.com.br\/blog\/wp-content\/uploads\/2025\/07\/soja.jpg","datePublished":"2025-07-08T15:23:38+00:00","dateModified":"2025-08-10T14:37:59+00:00","description":"Como a soja saiu da \u00c1sia e dominou o Brasil? Conhe\u00e7a a hist\u00f3ria e os n\u00fameros dessa cultura que transformou nosso agro.","breadcrumb":{"@id":"https:\/\/conectagrao.com.br\/blog\/a-jornada-da-soja-da-asia-para-o-brasileiro\/#breadcrumb"},"inLanguage":"pt-BR","potentialAction":[{"@type":"ReadAction","target":["https:\/\/conectagrao.com.br\/blog\/a-jornada-da-soja-da-asia-para-o-brasileiro\/"]}]},{"@type":"ImageObject","inLanguage":"pt-BR","@id":"https:\/\/conectagrao.com.br\/blog\/a-jornada-da-soja-da-asia-para-o-brasileiro\/#primaryimage","url":"https:\/\/conectagrao.com.br\/blog\/wp-content\/uploads\/2025\/07\/soja.jpg","contentUrl":"https:\/\/conectagrao.com.br\/blog\/wp-content\/uploads\/2025\/07\/soja.jpg","width":1080,"height":810},{"@type":"BreadcrumbList","@id":"https:\/\/conectagrao.com.br\/blog\/a-jornada-da-soja-da-asia-para-o-brasileiro\/#breadcrumb","itemListElement":[{"@type":"ListItem","position":1,"name":"In\u00edcio","item":"https:\/\/conectagrao.com.br\/blog\/"},{"@type":"ListItem","position":2,"name":"A Jornada da Soja: Da \u00c1sia para o Brasil"}]},{"@type":"WebSite","@id":"https:\/\/conectagrao.com.br\/blog\/#website","url":"https:\/\/conectagrao.com.br\/blog\/","name":"ConectaGr\u00e3o","description":"Conectando o futuro com o agroneg\u00f3cio.","publisher":{"@id":"https:\/\/conectagrao.com.br\/blog\/#organization"},"alternateName":"conectagrao","potentialAction":[{"@type":"SearchAction","target":{"@type":"EntryPoint","urlTemplate":"https:\/\/conectagrao.com.br\/blog\/?s={search_term_string}"},"query-input":{"@type":"PropertyValueSpecification","valueRequired":true,"valueName":"search_term_string"}}],"inLanguage":"pt-BR"},{"@type":"Organization","@id":"https:\/\/conectagrao.com.br\/blog\/#organization","name":"ConectaGr\u00e3o","alternateName":"conectagrao","url":"https:\/\/conectagrao.com.br\/blog\/","logo":{"@type":"ImageObject","inLanguage":"pt-BR","@id":"https:\/\/conectagrao.com.br\/blog\/#\/schema\/logo\/image\/","url":"https:\/\/conectagrao.com.br\/blog\/wp-content\/uploads\/2025\/07\/ConectaGrao-6.png","contentUrl":"https:\/\/conectagrao.com.br\/blog\/wp-content\/uploads\/2025\/07\/ConectaGrao-6.png","width":447,"height":559,"caption":"ConectaGr\u00e3o"},"image":{"@id":"https:\/\/conectagrao.com.br\/blog\/#\/schema\/logo\/image\/"},"sameAs":["https:\/\/www.facebook.com\/conectagrao\/","https:\/\/www.tiktok.com\/@conectagrao?_t=ZM-8xPuS2d6MFB&_r=1","https:\/\/www.threads.com\/@conectagrao","https:\/\/www.youtube.com\/@conectagrao","https:\/\/www.instagram.com\/conectagrao"]},{"@type":"Person","@id":"https:\/\/conectagrao.com.br\/blog\/#\/schema\/person\/ba64f63526cab8efbf8b1f8198926135","name":"conectagrao","image":{"@type":"ImageObject","inLanguage":"pt-BR","@id":"https:\/\/secure.gravatar.com\/avatar\/fb3dc2cba7f544171abec58358591c995847240e6fd4f1f7a4a8159970dca59e?s=96&d=mm&r=g","url":"https:\/\/secure.gravatar.com\/avatar\/fb3dc2cba7f544171abec58358591c995847240e6fd4f1f7a4a8159970dca59e?s=96&d=mm&r=g","contentUrl":"https:\/\/secure.gravatar.com\/avatar\/fb3dc2cba7f544171abec58358591c995847240e6fd4f1f7a4a8159970dca59e?s=96&d=mm&r=g","caption":"conectagrao"},"description":"ConectaGr\u00e3o\u00ae \u00e9 uma plataforma digital que conecta produtores, empresas e compradores do agroneg\u00f3cio, oferecendo an\u00e1lises de mercado, cota\u00e7\u00f5es, ferramentas e conte\u00fados gratuitos para facilitar o dia a dia no campo. Fundada por Genecir Jacoboski e Kao\u00ea T. Rauch a ConectaGr\u00e3o\u00ae tem como miss\u00e3o valorizar o produtor e aproximar o campo do mercado com tecnologia, informa\u00e7\u00e3o e inova\u00e7\u00e3o.","sameAs":["https:\/\/conectagrao.com.br\/blog","https:\/\/www.facebook.com\/share\/1A5mH5g3LK\/","https:\/\/www.instagram.com\/conectagrao?igsh=azQ1dXBndnp4dzZw","https:\/\/youtube.com\/@conectagrao?si=QnGS_Zm7Cuj1pznt"],"url":"https:\/\/conectagrao.com.br\/blog\/author\/conectagrao\/"}]}},"uagb_featured_image_src":{"full":["https:\/\/conectagrao.com.br\/blog\/wp-content\/uploads\/2025\/07\/soja.jpg",1080,810,false],"thumbnail":["https:\/\/conectagrao.com.br\/blog\/wp-content\/uploads\/2025\/07\/soja-150x150.jpg",150,150,true],"medium":["https:\/\/conectagrao.com.br\/blog\/wp-content\/uploads\/2025\/07\/soja-300x225.jpg",300,225,true],"medium_large":["https:\/\/conectagrao.com.br\/blog\/wp-content\/uploads\/2025\/07\/soja-768x576.jpg",640,480,true],"large":["https:\/\/conectagrao.com.br\/blog\/wp-content\/uploads\/2025\/07\/soja-1024x768.jpg",640,480,true],"1536x1536":["https:\/\/conectagrao.com.br\/blog\/wp-content\/uploads\/2025\/07\/soja.jpg",1080,810,false],"2048x2048":["https:\/\/conectagrao.com.br\/blog\/wp-content\/uploads\/2025\/07\/soja.jpg",1080,810,false],"cvmm-medium":["https:\/\/conectagrao.com.br\/blog\/wp-content\/uploads\/2025\/07\/soja-300x300.jpg",300,300,true],"cvmm-medium-plus":["https:\/\/conectagrao.com.br\/blog\/wp-content\/uploads\/2025\/07\/soja-305x207.jpg",305,207,true],"cvmm-portrait":["https:\/\/conectagrao.com.br\/blog\/wp-content\/uploads\/2025\/07\/soja-400x600.jpg",400,600,true],"cvmm-medium-square":["https:\/\/conectagrao.com.br\/blog\/wp-content\/uploads\/2025\/07\/soja-600x600.jpg",600,600,true],"cvmm-large":["https:\/\/conectagrao.com.br\/blog\/wp-content\/uploads\/2025\/07\/soja-1024x810.jpg",1024,810,true],"cvmm-small":["https:\/\/conectagrao.com.br\/blog\/wp-content\/uploads\/2025\/07\/soja-130x95.jpg",130,95,true],"news-portal-block-medium":["https:\/\/conectagrao.com.br\/blog\/wp-content\/uploads\/2025\/07\/soja-305x207.jpg",305,207,true],"news-portal-block-thumb":["https:\/\/conectagrao.com.br\/blog\/wp-content\/uploads\/2025\/07\/soja-136x102.jpg",136,102,true],"news-portal-slider-medium":["https:\/\/conectagrao.com.br\/blog\/wp-content\/uploads\/2025\/07\/soja-622x420.jpg",622,420,true],"news-portal-carousel-portrait":["https:\/\/conectagrao.com.br\/blog\/wp-content\/uploads\/2025\/07\/soja-400x600.jpg",400,600,true],"news-portal-alternate-grid":["https:\/\/conectagrao.com.br\/blog\/wp-content\/uploads\/2025\/07\/soja-340x316.jpg",340,316,true],"web-stories-poster-portrait":["https:\/\/conectagrao.com.br\/blog\/wp-content\/uploads\/2025\/07\/soja.jpg",640,480,false],"web-stories-publisher-logo":["https:\/\/conectagrao.com.br\/blog\/wp-content\/uploads\/2025\/07\/soja.jpg",96,72,false],"web-stories-thumbnail":["https:\/\/conectagrao.com.br\/blog\/wp-content\/uploads\/2025\/07\/soja.jpg",150,113,false]},"uagb_author_info":{"display_name":"conectagrao","author_link":"https:\/\/conectagrao.com.br\/blog\/author\/conectagrao\/"},"uagb_comment_info":0,"uagb_excerpt":"Voc\u00ea sabia que a soja tem mais de 5 mil anos de hist\u00f3ria e nasceu do outro lado do mundo? Neste post, voc\u00ea vai descobrir como esse gr\u00e3o saiu da \u00c1sia, passou pelos Estados Unidos e chegou ao Brasil para se tornar um dos principais motores do nosso agroneg\u00f3cio. Uma jornada incr\u00edvel que une tradi\u00e7\u00e3o,&hellip;","blog_post_layout_featured_media_urls":{"thumbnail":["https:\/\/conectagrao.com.br\/blog\/wp-content\/uploads\/2025\/07\/soja-150x150.jpg",150,150,true],"full":["https:\/\/conectagrao.com.br\/blog\/wp-content\/uploads\/2025\/07\/soja.jpg",1080,810,false]},"categories_names":{"32":{"name":"Agricultura","link":"https:\/\/conectagrao.com.br\/blog\/agricultura\/"},"1":{"name":"Blog","link":"https:\/\/conectagrao.com.br\/blog\/blog\/"}},"tags_names":{"113":{"name":"Agroneg\u00f3cio brasileiro","link":"https:\/\/conectagrao.com.br\/blog\/tag\/agronegocio-brasileiro\/"},"111":{"name":"Cadeia produtiva da soja","link":"https:\/\/conectagrao.com.br\/blog\/tag\/cadeia-produtiva-da-soja\/"},"112":{"name":"Exporta\u00e7\u00e3o de soja","link":"https:\/\/conectagrao.com.br\/blog\/tag\/exportacao-de-soja\/"},"110":{"name":"Importa\u00e7\u00e3o de soja","link":"https:\/\/conectagrao.com.br\/blog\/tag\/importacao-de-soja\/"},"109":{"name":"Produ\u00e7\u00e3o de soja","link":"https:\/\/conectagrao.com.br\/blog\/tag\/producao-de-soja\/"},"108":{"name":"Soja no Brasil","link":"https:\/\/conectagrao.com.br\/blog\/tag\/soja-no-brasil\/"}},"comments_number":"0","wpmagazine_modules_lite_featured_media_urls":{"thumbnail":["https:\/\/conectagrao.com.br\/blog\/wp-content\/uploads\/2025\/07\/soja-150x150.jpg",150,150,true],"cvmm-medium":["https:\/\/conectagrao.com.br\/blog\/wp-content\/uploads\/2025\/07\/soja-300x300.jpg",300,300,true],"cvmm-medium-plus":["https:\/\/conectagrao.com.br\/blog\/wp-content\/uploads\/2025\/07\/soja-305x207.jpg",305,207,true],"cvmm-portrait":["https:\/\/conectagrao.com.br\/blog\/wp-content\/uploads\/2025\/07\/soja-400x600.jpg",400,600,true],"cvmm-medium-square":["https:\/\/conectagrao.com.br\/blog\/wp-content\/uploads\/2025\/07\/soja-600x600.jpg",600,600,true],"cvmm-large":["https:\/\/conectagrao.com.br\/blog\/wp-content\/uploads\/2025\/07\/soja-1024x810.jpg",1024,810,true],"cvmm-small":["https:\/\/conectagrao.com.br\/blog\/wp-content\/uploads\/2025\/07\/soja-130x95.jpg",130,95,true],"full":["https:\/\/conectagrao.com.br\/blog\/wp-content\/uploads\/2025\/07\/soja.jpg",1080,810,false]},"_links":{"self":[{"href":"https:\/\/conectagrao.com.br\/blog\/wp-json\/wp\/v2\/posts\/707","targetHints":{"allow":["GET"]}}],"collection":[{"href":"https:\/\/conectagrao.com.br\/blog\/wp-json\/wp\/v2\/posts"}],"about":[{"href":"https:\/\/conectagrao.com.br\/blog\/wp-json\/wp\/v2\/types\/post"}],"author":[{"embeddable":true,"href":"https:\/\/conectagrao.com.br\/blog\/wp-json\/wp\/v2\/users\/1"}],"replies":[{"embeddable":true,"href":"https:\/\/conectagrao.com.br\/blog\/wp-json\/wp\/v2\/comments?post=707"}],"version-history":[{"count":2,"href":"https:\/\/conectagrao.com.br\/blog\/wp-json\/wp\/v2\/posts\/707\/revisions"}],"predecessor-version":[{"id":802,"href":"https:\/\/conectagrao.com.br\/blog\/wp-json\/wp\/v2\/posts\/707\/revisions\/802"}],"wp:featuredmedia":[{"embeddable":true,"href":"https:\/\/conectagrao.com.br\/blog\/wp-json\/wp\/v2\/media\/738"}],"wp:attachment":[{"href":"https:\/\/conectagrao.com.br\/blog\/wp-json\/wp\/v2\/media?parent=707"}],"wp:term":[{"taxonomy":"category","embeddable":true,"href":"https:\/\/conectagrao.com.br\/blog\/wp-json\/wp\/v2\/categories?post=707"},{"taxonomy":"post_tag","embeddable":true,"href":"https:\/\/conectagrao.com.br\/blog\/wp-json\/wp\/v2\/tags?post=707"}],"curies":[{"name":"wp","href":"https:\/\/api.w.org\/{rel}","templated":true}]}}