{"id":711,"date":"2025-07-08T19:07:39","date_gmt":"2025-07-08T19:07:39","guid":{"rendered":"https:\/\/conectagrao.com.br\/blog\/?p=711"},"modified":"2025-08-10T14:48:41","modified_gmt":"2025-08-10T14:48:41","slug":"escarificador-vs-subsolador-qual-quebra-melhor-a-compactacao","status":"publish","type":"post","link":"https:\/\/conectagrao.com.br\/blog\/escarificador-vs-subsolador-qual-quebra-melhor-a-compactacao\/","title":{"rendered":"Escarificador vs Subsolador: Qual Quebra Melhor a Compacta\u00e7\u00e3o?"},"content":{"rendered":"\n<p>A compacta\u00e7\u00e3o do solo \u00e9 um desafio s\u00e9rio para o produtor rural. Ela afeta diretamente o desenvolvimento das plantas, assim reduzindo a produtividade e dificulta a absor\u00e7\u00e3o de \u00e1gua e nutrientes. A princ\u00edpio neste artigo, vamos explicar as diferen\u00e7as entre escarificador e subsolador, al\u00e9m de mostrar quando e como utilizar cada um desses implementos agr\u00edcolas para melhorar o perfil do solo.<\/p>\n\n\n\n<h2 class=\"wp-block-heading\">Por Que \u00e9 Importante Descompactar o Solo?<\/h2>\n\n\n\n<h3 class=\"wp-block-heading\">Entendendo o problema da compacta\u00e7\u00e3o<\/h3>\n\n\n\n<p>Primeiramente a compacta\u00e7\u00e3o ocorre quando o solo perde sua estrutura natural, ficando mais denso e com menos poros. Desse modo isso dificulta a passagem do ar, da \u00e1gua e o crescimento das ra\u00edzes. Logo o resultado \u00e9 uma planta com menor vigor, menor absor\u00e7\u00e3o de nutrientes e, consequentemente, uma colheita menos produtiva.<\/p>\n\n\n<div class=\"wp-block-image\">\n<figure class=\"aligncenter size-full is-resized\"><img fetchpriority=\"high\" decoding=\"async\" width=\"428\" height=\"302\" src=\"https:\/\/conectagrao.com.br\/blog\/wp-content\/uploads\/2025\/07\/solo.jpg\" alt=\"\" class=\"wp-image-720\" style=\"width:422px;height:auto\" srcset=\"https:\/\/conectagrao.com.br\/blog\/wp-content\/uploads\/2025\/07\/solo.jpg 428w, https:\/\/conectagrao.com.br\/blog\/wp-content\/uploads\/2025\/07\/solo-300x212.jpg 300w\" sizes=\"(max-width: 428px) 100vw, 428px\" \/><figcaption class=\"wp-element-caption\">Compacta\u00e7\u00e3o do solo<\/figcaption><\/figure>\n<\/div>\n\n\n<h3 class=\"wp-block-heading\">Benef\u00edcios da descompacta\u00e7\u00e3o<\/h3>\n\n\n\n<p>Ao descompactar o solo, recuperamos sua estrutura f\u00edsica, melhoramos a infiltra\u00e7\u00e3o de \u00e1gua, assim aumentamos a aera\u00e7\u00e3o e permitimos que as ra\u00edzes se desenvolvam com mais liberdade. Portanto isso impacta diretamente na sa\u00fade da lavoura e na sua capacidade de enfrentar per\u00edodos secos ou chuvosos.<\/p>\n\n\n\n<h2 class=\"wp-block-heading\">Principais Causas da Compacta\u00e7\u00e3o<\/h2>\n\n\n\n<p>Algumas das situa\u00e7\u00f5es mais comuns que levam \u00e0 compacta\u00e7\u00e3o do solo incluem:<\/p>\n\n\n\n<ul class=\"wp-block-list\">\n<li>Tr\u00e1fego intenso de m\u00e1quinas agr\u00edcolas, especialmente em per\u00edodos de solo \u00famido;<\/li>\n\n\n\n<li>Pastejo excessivo de animais;<\/li>\n\n\n\n<li>Redu\u00e7\u00e3o dos n\u00edveis de mat\u00e9ria org\u00e2nica;<\/li>\n\n\n\n<li>Uso incorreto de insumos qu\u00edmicos;<\/li>\n\n\n\n<li>Irriga\u00e7\u00e3o mal planejada.<\/li>\n<\/ul>\n\n\n\n<p>Todas essas pr\u00e1ticas podem formar uma camada compactada no solo, que impede o bom desenvolvimento das culturas e exige uma corre\u00e7\u00e3o t\u00e9cnica adequada.<\/p>\n\n\n\n<h2 class=\"wp-block-heading\">M\u00e9todos de Descompacta\u00e7\u00e3o: Biol\u00f3gica e Mec\u00e2nica<\/h2>\n\n\n\n<h3 class=\"wp-block-heading\">Manejo biol\u00f3gico<\/h3>\n\n\n\n<p>A descompacta\u00e7\u00e3o biol\u00f3gica \u00e9 feita com o uso de plantas de cobertura de ra\u00edzes profundas, como a braqui\u00e1ria ou o nabo forrageiro. Essas ra\u00edzes penetram no solo e ajudam a reestruturar os poros naturalmente.<\/p>\n\n\n\n<h3 class=\"wp-block-heading\">Descompacta\u00e7\u00e3o mec\u00e2nica<\/h3>\n\n\n\n<p>J\u00e1 a descompacta\u00e7\u00e3o mec\u00e2nica \u00e9 realizada com implementos agr\u00edcolas, como escarificadores e subsoladores, que quebram fisicamente a camada compactada do solo. \u00c9 a forma mais r\u00e1pida e eficaz quando o problema \u00e9 severo ou profundo.<\/p>\n\n\n\n<h2 class=\"wp-block-heading\">Diferen\u00e7as Entre Escarificador e Subsolador<\/h2>\n\n\n\n<h3 class=\"wp-block-heading\">O que \u00e9 o subsolador?<\/h3>\n\n\n\n<p>O subsolador \u00e9 um implemento robusto, desenvolvido para atingir profundidades maiores, geralmente entre 35\u202fcm e 100\u202fcm. Ele \u00e9 indicado para solos com compacta\u00e7\u00f5es mais profundas, sendo ideal para \u00e1reas com hist\u00f3rico de tr\u00e1fego pesado de m\u00e1quinas ou problemas acumulados ao longo dos anos.<\/p>\n\n\n\n<figure class=\"wp-block-gallery has-nested-images columns-default is-cropped wp-block-gallery-1 is-layout-flex wp-block-gallery-is-layout-flex\">\n<figure class=\"wp-block-image size-large\"><img decoding=\"async\" width=\"599\" height=\"401\" data-id=\"715\" src=\"https:\/\/conectagrao.com.br\/blog\/wp-content\/uploads\/2025\/07\/subsolador.webp\" alt=\"\" class=\"wp-image-715\" srcset=\"https:\/\/conectagrao.com.br\/blog\/wp-content\/uploads\/2025\/07\/subsolador.webp 599w, https:\/\/conectagrao.com.br\/blog\/wp-content\/uploads\/2025\/07\/subsolador-300x201.webp 300w\" sizes=\"(max-width: 599px) 100vw, 599px\" \/><\/figure>\n\n\n\n<figure class=\"wp-block-image size-large\"><img decoding=\"async\" width=\"1024\" height=\"598\" data-id=\"716\" src=\"https:\/\/conectagrao.com.br\/blog\/wp-content\/uploads\/2025\/07\/Subsolador-SS-TM-1024x598.webp\" alt=\"\" class=\"wp-image-716\" srcset=\"https:\/\/conectagrao.com.br\/blog\/wp-content\/uploads\/2025\/07\/Subsolador-SS-TM-1024x598.webp 1024w, https:\/\/conectagrao.com.br\/blog\/wp-content\/uploads\/2025\/07\/Subsolador-SS-TM-300x175.webp 300w, https:\/\/conectagrao.com.br\/blog\/wp-content\/uploads\/2025\/07\/Subsolador-SS-TM-768x448.webp 768w, https:\/\/conectagrao.com.br\/blog\/wp-content\/uploads\/2025\/07\/Subsolador-SS-TM.webp 1072w\" sizes=\"(max-width: 1024px) 100vw, 1024px\" \/><\/figure>\n<\/figure>\n\n\n\n<p>Esse implemento conta com chassi, hastes e ponteiras, podendo ter rodas ou rolos. Seu uso exige tratores mais potentes, devido \u00e0 for\u00e7a necess\u00e1ria para atingir grandes profundidades.<\/p>\n\n\n\n<h3 class=\"wp-block-heading\">O que \u00e9 o escarificador?<\/h3>\n\n\n\n<p>O escarificador \u00e9 um equipamento usado para descompactar camadas mais superficiais do solo, geralmente de 15\u202fcm a 35\u202fcm. Ele pode ser leve ou pesado, dependendo da profundidade desejada.<\/p>\n\n\n\n<figure class=\"wp-block-gallery has-nested-images columns-default is-cropped wp-block-gallery-2 is-layout-flex wp-block-gallery-is-layout-flex\">\n<figure class=\"wp-block-image size-large\"><img loading=\"lazy\" decoding=\"async\" width=\"530\" height=\"330\" data-id=\"717\" src=\"https:\/\/conectagrao.com.br\/blog\/wp-content\/uploads\/2025\/07\/escarificadora-1.webp\" alt=\"\" class=\"wp-image-717\" srcset=\"https:\/\/conectagrao.com.br\/blog\/wp-content\/uploads\/2025\/07\/escarificadora-1.webp 530w, https:\/\/conectagrao.com.br\/blog\/wp-content\/uploads\/2025\/07\/escarificadora-1-300x187.webp 300w\" sizes=\"(max-width: 530px) 100vw, 530px\" \/><\/figure>\n\n\n\n<figure class=\"wp-block-image size-large\"><img loading=\"lazy\" decoding=\"async\" width=\"640\" height=\"360\" data-id=\"718\" src=\"https:\/\/conectagrao.com.br\/blog\/wp-content\/uploads\/2025\/07\/EST-MATIC-300-2.jpeg\" alt=\"\" class=\"wp-image-718\" srcset=\"https:\/\/conectagrao.com.br\/blog\/wp-content\/uploads\/2025\/07\/EST-MATIC-300-2.jpeg 640w, https:\/\/conectagrao.com.br\/blog\/wp-content\/uploads\/2025\/07\/EST-MATIC-300-2-300x169.jpeg 300w\" sizes=\"(max-width: 640px) 100vw, 640px\" \/><\/figure>\n<\/figure>\n\n\n\n<p>Com menor consumo de combust\u00edvel e menor exig\u00eancia de pot\u00eancia, o escarificador \u00e9 uma excelente op\u00e7\u00e3o para manuten\u00e7\u00e3o da estrutura do solo. Ele ainda ajuda a preservar a mat\u00e9ria org\u00e2nica da superf\u00edcie, promovendo um ambiente mais saud\u00e1vel para a atividade biol\u00f3gica.<\/p>\n\n\n\n<h2 class=\"wp-block-heading\">Como Regular Corretamente o Equipamento<\/h2>\n\n\n\n<h3 class=\"wp-block-heading\">Escolhendo a pot\u00eancia adequada<\/h3>\n\n\n\n<p>Antes de iniciar a opera\u00e7\u00e3o, \u00e9 essencial verificar se o trator possui a pot\u00eancia necess\u00e1ria. Por exemplo, cada haste do escarificador exige entre 10 e 15 cavalos de pot\u00eancia. Tamb\u00e9m \u00e9 recomendado manter uma margem de seguran\u00e7a de cerca de 10% da pot\u00eancia do trator.<\/p>\n\n\n\n<h3 class=\"wp-block-heading\">Definindo a profundidade de trabalho<\/h3>\n\n\n\n<p>A profundidade de trabalho deve ultrapassar a camada compactada em pelo menos 5 a 10\u202fcm. Se a compacta\u00e7\u00e3o estiver a 30\u202fcm, por exemplo, o implemento deve trabalhar a 35 ou at\u00e9 40\u202fcm de profundidade para romper completamente a barreira.<\/p>\n\n\n\n<h3 class=\"wp-block-heading\">Ajustando o espa\u00e7amento entre hastes<\/h3>\n\n\n\n<p>O espa\u00e7amento depende da largura da ponteira. Ponteiras estreitas (4 a 8\u202fcm) exigem um espa\u00e7amento de at\u00e9 1,5 vezes a profundidade de trabalho. Portanto as ponteiras mais largas (acima de 8\u202fcm) podem ser espa\u00e7adas em at\u00e9 2 vezes essa profundidade.<\/p>\n\n\n\n<h3 class=\"wp-block-heading\">Nivelamento e velocidade<\/h3>\n\n\n\n<p>\u00c9 importante testar o nivelamento do equipamento em um pequeno trecho da \u00e1rea antes de iniciar o trabalho completo. O subsolador deve operar entre 2 a 6\u202fkm\/h, enquanto o escarificador pode ser mais eficiente entre 4 e 8\u202fkm\/h, dependendo do tipo de solo e das condi\u00e7\u00f5es da lavoura.<\/p>\n\n\n<div class=\"wp-block-image\">\n<figure class=\"aligncenter size-large is-resized\"><img loading=\"lazy\" decoding=\"async\" width=\"1024\" height=\"768\" src=\"https:\/\/conectagrao.com.br\/blog\/wp-content\/uploads\/2025\/07\/Escarificador-1024x768.webp\" alt=\"\" class=\"wp-image-719\" style=\"width:368px;height:auto\" srcset=\"https:\/\/conectagrao.com.br\/blog\/wp-content\/uploads\/2025\/07\/Escarificador-1024x768.webp 1024w, https:\/\/conectagrao.com.br\/blog\/wp-content\/uploads\/2025\/07\/Escarificador-300x225.webp 300w, https:\/\/conectagrao.com.br\/blog\/wp-content\/uploads\/2025\/07\/Escarificador-768x576.webp 768w, https:\/\/conectagrao.com.br\/blog\/wp-content\/uploads\/2025\/07\/Escarificador-136x102.webp 136w, https:\/\/conectagrao.com.br\/blog\/wp-content\/uploads\/2025\/07\/Escarificador.webp 1032w\" sizes=\"(max-width: 1024px) 100vw, 1024px\" \/><\/figure>\n<\/div>\n\n\n<h2 class=\"wp-block-heading\">Conclus\u00e3o<\/h2>\n\n\n\n<p>Tanto o escarificador quanto o subsolador s\u00e3o ferramentas valiosas na recupera\u00e7\u00e3o da estrutura do solo. Assim a  escolha correta depende do tipo e profundidade da compacta\u00e7\u00e3o. Uma avalia\u00e7\u00e3o criteriosa, com aux\u00edlio de ferramentas como o penetr\u00f4metro, pode indicar qual implemento utilizar, evitando gastos desnecess\u00e1rios e garantindo maior efici\u00eancia na lavoura. A decis\u00e3o consciente e t\u00e9cnica \u00e9 o melhor caminho para um solo mais saud\u00e1vel e produtivo.<\/p>\n\n\n\n<div style=\"border: 2px solid #ff9800; border-radius: 10px; padding: 20px; background: #ffffff; box-shadow: 0 4px 12px rgba(0,0,0,0.1); font-family: Arial, sans-serif; width: 100%; max-width: 100%; margin: 20px 0; text-align: center; box-sizing: border-box;\">\n  \n  <h3 style=\"color: #ff9800; font-size: 24px; margin-top: 0; margin-bottom: 15px;\">\n    <span style=\"display: none;\" class=\"whatsapp-icon\">\n      <img decoding=\"async\" src=\"https:\/\/e7.pngegg.com\/pngimages\/347\/373\/png-clipart-computer-icons-whatsapp-whatsapp-text-trademark-thumbnail.png\" alt=\"WhatsApp\" style=\"width: 40px; height: 40px; border-radius: 50%; object-fit: cover;\">\n    <\/span>\n  <\/h3>\n  \n  <div style=\"display: flex; justify-content: center; align-items: center; flex-wrap: wrap; margin-bottom: 10px;\">\n    <div style=\"text-align: center; margin-right: 10px;\"> <!-- Reduzido o margin-right -->\n      <p style=\"font-size: 16px; color: #333; line-height: 1.5; margin: 0;\">\n        \ud83d\udcf0 Not\u00edcias &#038; Mercado | \ud83d\udd14 Novidades <span class=\"desktop-separator\">|<\/span>\n      <\/p>\n    <\/div>\n    <div style=\"text-align: center;\">\n      <p style=\"font-size: 16px; color: #333; line-height: 1.5; margin: 0;\">\n        \u26c5 Clima | \ud83d\ude80 Tecnologia | \ud83d\udcf1 Blog\n      <\/p>\n    <\/div>\n  <\/div>\n  \n  <a href=\"https:\/\/www.whatsapp.com\/channel\/0029VaLMT22GOj9f6eVOpJ0N\" target=\"_blank\" style=\"background: #25D366; color: #fff; padding: 10px 20px; font-size: 16px; font-weight: bold; text-decoration: none; border-radius: 30px; display: inline-block; transition: all 0.3s; position: relative;\">\n    <img decoding=\"async\" src=\"https:\/\/upload.wikimedia.org\/wikipedia\/commons\/6\/6b\/WhatsApp.svg\" alt=\"WhatsApp\" style=\"width: 20px; height: 20px; vertical-align: middle; margin-right: 5px;\">\n    Entrar no Canal\n  <\/a>\n  \n  <p style=\"font-size: 12px; color: #666; margin-top: 15px; font-weight: bold;\">\n    Sua conex\u00e3o com as melhores informa\u00e7\u00f5es do agroneg\u00f3cio!\n  <\/p>\n<\/div>\n\n<style>\n@media (max-width: 768px) {\n  .desktop-separator {\n    display: none; \/* Ocultar o separador \"|\" em dispositivos m\u00f3veis *\/\n  }\n  h3 {\n    font-size: 20px; \/* Diminuir o tamanho da fonte do t\u00edtulo em dispositivos m\u00f3veis *\/\n  }\n  p {\n    font-size: 14px; \/* Diminuir o tamanho da fonte dos par\u00e1grafos em dispositivos m\u00f3veis *\/\n  }\n  a {\n    font-size: 14px; \/* Diminuir o tamanho da fonte do bot\u00e3o em dispositivos m\u00f3veis *\/\n    padding: 8px 15px; \/* Ajustar o padding do bot\u00e3o em dispositivos m\u00f3veis *\/\n  }\n}\n<\/style>\n\n\n\n<hr class=\"wp-block-separator has-alpha-channel-opacity\"\/>\n\n\n\n<p><strong>Texto inspirado e adaptado do artigo original de Carla da Penha Simon, publicado no blog da <a class=\"\" href=\"https:\/\/agroadvance.com.br\/blog-escarificador-ou-subsolador\/\">AgroAdvance<\/a>.<\/strong><\/p>\n\n\n\n<p><\/p>\n","protected":false},"excerpt":{"rendered":"<p>Escarificador ou subsolador? Descubra qual \u00e9 o mais indicado para corrigir a compacta\u00e7\u00e3o do solo e garantir mais produtividade na lavoura.<\/p>\n","protected":false},"author":1,"featured_media":723,"comment_status":"open","ping_status":"open","sticky":false,"template":"","format":"standard","meta":{"_coblocks_attr":"","_coblocks_dimensions":"","_coblocks_responsive_height":"","_coblocks_accordion_ie_support":"","_uag_custom_page_level_css":"","footnotes":""},"categories":[1,30],"tags":[116,117,114,119,118,122,115],"class_list":["post-711","post","type-post","status-publish","format-standard","has-post-thumbnail","hentry","category-blog","category-tecnologia","tag-compactacao-do-solo","tag-descompactacao-agricola","tag-escarificador","tag-manejo-de-solo","tag-preparo-do-solo","tag-produtividade-no-campo","tag-subsolador"],"yoast_head":"<!-- This site is optimized with the Yoast SEO plugin v27.4 - https:\/\/yoast.com\/product\/yoast-seo-wordpress\/ -->\n<title>Escarificador vs Subsolador: Qual Quebra Melhor a Compacta\u00e7\u00e3o? - ConectaGr\u00e3o<\/title>\n<meta name=\"description\" content=\"Escarificador ou subsolador? Descubra qual \u00e9 melhor para descompactar seu solo e corrigir a compacta\u00e7\u00e3o. Aumente sua produtividade!\" \/>\n<meta name=\"robots\" content=\"index, follow, max-snippet:-1, max-image-preview:large, max-video-preview:-1\" \/>\n<link rel=\"canonical\" href=\"https:\/\/conectagrao.com.br\/blog\/escarificador-vs-subsolador-qual-quebra-melhor-a-compactacao\/\" \/>\n<meta property=\"og:locale\" content=\"pt_BR\" \/>\n<meta property=\"og:type\" content=\"article\" \/>\n<meta property=\"og:title\" content=\"Escarificador vs Subsolador: Qual Quebra Melhor a Compacta\u00e7\u00e3o? - ConectaGr\u00e3o\" \/>\n<meta property=\"og:description\" content=\"Escarificador ou subsolador? Descubra qual \u00e9 melhor para descompactar seu solo e corrigir a compacta\u00e7\u00e3o. Aumente sua produtividade!\" \/>\n<meta property=\"og:url\" content=\"https:\/\/conectagrao.com.br\/blog\/escarificador-vs-subsolador-qual-quebra-melhor-a-compactacao\/\" \/>\n<meta property=\"og:site_name\" content=\"ConectaGr\u00e3o\" \/>\n<meta property=\"article:publisher\" content=\"https:\/\/www.facebook.com\/conectagrao\/\" \/>\n<meta property=\"article:author\" content=\"https:\/\/www.facebook.com\/share\/1A5mH5g3LK\/\" \/>\n<meta property=\"article:published_time\" content=\"2025-07-08T19:07:39+00:00\" \/>\n<meta property=\"article:modified_time\" content=\"2025-08-10T14:48:41+00:00\" \/>\n<meta property=\"og:image\" content=\"https:\/\/conectagrao.com.br\/blog\/wp-content\/uploads\/2025\/07\/subsoladores.jpg\" \/>\n\t<meta property=\"og:image:width\" content=\"1299\" \/>\n\t<meta property=\"og:image:height\" content=\"863\" \/>\n\t<meta property=\"og:image:type\" content=\"image\/jpeg\" \/>\n<meta name=\"author\" content=\"conectagrao\" \/>\n<meta name=\"twitter:card\" content=\"summary_large_image\" \/>\n<meta name=\"twitter:label1\" content=\"Escrito por\" \/>\n\t<meta name=\"twitter:data1\" content=\"conectagrao\" \/>\n\t<meta name=\"twitter:label2\" content=\"Est. tempo de leitura\" \/>\n\t<meta name=\"twitter:data2\" content=\"7 minutos\" \/>\n<script type=\"application\/ld+json\" class=\"yoast-schema-graph\">{\"@context\":\"https:\\\/\\\/schema.org\",\"@graph\":[{\"@type\":\"Article\",\"@id\":\"https:\\\/\\\/conectagrao.com.br\\\/blog\\\/escarificador-vs-subsolador-qual-quebra-melhor-a-compactacao\\\/#article\",\"isPartOf\":{\"@id\":\"https:\\\/\\\/conectagrao.com.br\\\/blog\\\/escarificador-vs-subsolador-qual-quebra-melhor-a-compactacao\\\/\"},\"author\":{\"name\":\"conectagrao\",\"@id\":\"https:\\\/\\\/conectagrao.com.br\\\/blog\\\/#\\\/schema\\\/person\\\/ba64f63526cab8efbf8b1f8198926135\"},\"headline\":\"Escarificador vs Subsolador: Qual Quebra Melhor a Compacta\u00e7\u00e3o?\",\"datePublished\":\"2025-07-08T19:07:39+00:00\",\"dateModified\":\"2025-08-10T14:48:41+00:00\",\"mainEntityOfPage\":{\"@id\":\"https:\\\/\\\/conectagrao.com.br\\\/blog\\\/escarificador-vs-subsolador-qual-quebra-melhor-a-compactacao\\\/\"},\"wordCount\":853,\"commentCount\":0,\"publisher\":{\"@id\":\"https:\\\/\\\/conectagrao.com.br\\\/blog\\\/#organization\"},\"image\":{\"@id\":\"https:\\\/\\\/conectagrao.com.br\\\/blog\\\/escarificador-vs-subsolador-qual-quebra-melhor-a-compactacao\\\/#primaryimage\"},\"thumbnailUrl\":\"https:\\\/\\\/conectagrao.com.br\\\/blog\\\/wp-content\\\/uploads\\\/2025\\\/07\\\/subsoladores.jpg\",\"keywords\":[\"compacta\u00e7\u00e3o do solo\",\"descompacta\u00e7\u00e3o agr\u00edcola\",\"escarificador\",\"manejo de solo\",\"preparo do solo\",\"produtividade no campo\",\"subsolador\"],\"articleSection\":[\"Blog\",\"Tecnologia &amp; Maquinas\"],\"inLanguage\":\"pt-BR\",\"potentialAction\":[{\"@type\":\"CommentAction\",\"name\":\"Comment\",\"target\":[\"https:\\\/\\\/conectagrao.com.br\\\/blog\\\/escarificador-vs-subsolador-qual-quebra-melhor-a-compactacao\\\/#respond\"]}]},{\"@type\":\"WebPage\",\"@id\":\"https:\\\/\\\/conectagrao.com.br\\\/blog\\\/escarificador-vs-subsolador-qual-quebra-melhor-a-compactacao\\\/\",\"url\":\"https:\\\/\\\/conectagrao.com.br\\\/blog\\\/escarificador-vs-subsolador-qual-quebra-melhor-a-compactacao\\\/\",\"name\":\"Escarificador vs Subsolador: Qual Quebra Melhor a Compacta\u00e7\u00e3o? - ConectaGr\u00e3o\",\"isPartOf\":{\"@id\":\"https:\\\/\\\/conectagrao.com.br\\\/blog\\\/#website\"},\"primaryImageOfPage\":{\"@id\":\"https:\\\/\\\/conectagrao.com.br\\\/blog\\\/escarificador-vs-subsolador-qual-quebra-melhor-a-compactacao\\\/#primaryimage\"},\"image\":{\"@id\":\"https:\\\/\\\/conectagrao.com.br\\\/blog\\\/escarificador-vs-subsolador-qual-quebra-melhor-a-compactacao\\\/#primaryimage\"},\"thumbnailUrl\":\"https:\\\/\\\/conectagrao.com.br\\\/blog\\\/wp-content\\\/uploads\\\/2025\\\/07\\\/subsoladores.jpg\",\"datePublished\":\"2025-07-08T19:07:39+00:00\",\"dateModified\":\"2025-08-10T14:48:41+00:00\",\"description\":\"Escarificador ou subsolador? Descubra qual \u00e9 melhor para descompactar seu solo e corrigir a compacta\u00e7\u00e3o. Aumente sua produtividade!\",\"breadcrumb\":{\"@id\":\"https:\\\/\\\/conectagrao.com.br\\\/blog\\\/escarificador-vs-subsolador-qual-quebra-melhor-a-compactacao\\\/#breadcrumb\"},\"inLanguage\":\"pt-BR\",\"potentialAction\":[{\"@type\":\"ReadAction\",\"target\":[\"https:\\\/\\\/conectagrao.com.br\\\/blog\\\/escarificador-vs-subsolador-qual-quebra-melhor-a-compactacao\\\/\"]}]},{\"@type\":\"ImageObject\",\"inLanguage\":\"pt-BR\",\"@id\":\"https:\\\/\\\/conectagrao.com.br\\\/blog\\\/escarificador-vs-subsolador-qual-quebra-melhor-a-compactacao\\\/#primaryimage\",\"url\":\"https:\\\/\\\/conectagrao.com.br\\\/blog\\\/wp-content\\\/uploads\\\/2025\\\/07\\\/subsoladores.jpg\",\"contentUrl\":\"https:\\\/\\\/conectagrao.com.br\\\/blog\\\/wp-content\\\/uploads\\\/2025\\\/07\\\/subsoladores.jpg\",\"width\":1299,\"height\":863},{\"@type\":\"BreadcrumbList\",\"@id\":\"https:\\\/\\\/conectagrao.com.br\\\/blog\\\/escarificador-vs-subsolador-qual-quebra-melhor-a-compactacao\\\/#breadcrumb\",\"itemListElement\":[{\"@type\":\"ListItem\",\"position\":1,\"name\":\"In\u00edcio\",\"item\":\"https:\\\/\\\/conectagrao.com.br\\\/blog\\\/\"},{\"@type\":\"ListItem\",\"position\":2,\"name\":\"Escarificador vs Subsolador: Qual Quebra Melhor a Compacta\u00e7\u00e3o?\"}]},{\"@type\":\"WebSite\",\"@id\":\"https:\\\/\\\/conectagrao.com.br\\\/blog\\\/#website\",\"url\":\"https:\\\/\\\/conectagrao.com.br\\\/blog\\\/\",\"name\":\"ConectaGr\u00e3o\",\"description\":\"Conectando o futuro com o agroneg\u00f3cio.\",\"publisher\":{\"@id\":\"https:\\\/\\\/conectagrao.com.br\\\/blog\\\/#organization\"},\"alternateName\":\"conectagrao\",\"potentialAction\":[{\"@type\":\"SearchAction\",\"target\":{\"@type\":\"EntryPoint\",\"urlTemplate\":\"https:\\\/\\\/conectagrao.com.br\\\/blog\\\/?s={search_term_string}\"},\"query-input\":{\"@type\":\"PropertyValueSpecification\",\"valueRequired\":true,\"valueName\":\"search_term_string\"}}],\"inLanguage\":\"pt-BR\"},{\"@type\":\"Organization\",\"@id\":\"https:\\\/\\\/conectagrao.com.br\\\/blog\\\/#organization\",\"name\":\"ConectaGr\u00e3o\",\"alternateName\":\"conectagrao\",\"url\":\"https:\\\/\\\/conectagrao.com.br\\\/blog\\\/\",\"logo\":{\"@type\":\"ImageObject\",\"inLanguage\":\"pt-BR\",\"@id\":\"https:\\\/\\\/conectagrao.com.br\\\/blog\\\/#\\\/schema\\\/logo\\\/image\\\/\",\"url\":\"https:\\\/\\\/conectagrao.com.br\\\/blog\\\/wp-content\\\/uploads\\\/2025\\\/07\\\/ConectaGrao-6.png\",\"contentUrl\":\"https:\\\/\\\/conectagrao.com.br\\\/blog\\\/wp-content\\\/uploads\\\/2025\\\/07\\\/ConectaGrao-6.png\",\"width\":447,\"height\":559,\"caption\":\"ConectaGr\u00e3o\"},\"image\":{\"@id\":\"https:\\\/\\\/conectagrao.com.br\\\/blog\\\/#\\\/schema\\\/logo\\\/image\\\/\"},\"sameAs\":[\"https:\\\/\\\/www.facebook.com\\\/conectagrao\\\/\",\"https:\\\/\\\/www.tiktok.com\\\/@conectagrao?_t=ZM-8xPuS2d6MFB&_r=1\",\"https:\\\/\\\/www.threads.com\\\/@conectagrao\",\"https:\\\/\\\/www.youtube.com\\\/@conectagrao\",\"https:\\\/\\\/www.instagram.com\\\/conectagrao\"]},{\"@type\":\"Person\",\"@id\":\"https:\\\/\\\/conectagrao.com.br\\\/blog\\\/#\\\/schema\\\/person\\\/ba64f63526cab8efbf8b1f8198926135\",\"name\":\"conectagrao\",\"image\":{\"@type\":\"ImageObject\",\"inLanguage\":\"pt-BR\",\"@id\":\"https:\\\/\\\/secure.gravatar.com\\\/avatar\\\/fb3dc2cba7f544171abec58358591c995847240e6fd4f1f7a4a8159970dca59e?s=96&d=mm&r=g\",\"url\":\"https:\\\/\\\/secure.gravatar.com\\\/avatar\\\/fb3dc2cba7f544171abec58358591c995847240e6fd4f1f7a4a8159970dca59e?s=96&d=mm&r=g\",\"contentUrl\":\"https:\\\/\\\/secure.gravatar.com\\\/avatar\\\/fb3dc2cba7f544171abec58358591c995847240e6fd4f1f7a4a8159970dca59e?s=96&d=mm&r=g\",\"caption\":\"conectagrao\"},\"description\":\"ConectaGr\u00e3o\u00ae \u00e9 uma plataforma digital que conecta produtores, empresas e compradores do agroneg\u00f3cio, oferecendo an\u00e1lises de mercado, cota\u00e7\u00f5es, ferramentas e conte\u00fados gratuitos para facilitar o dia a dia no campo. Fundada por Genecir Jacoboski e Kao\u00ea T. Rauch a ConectaGr\u00e3o\u00ae tem como miss\u00e3o valorizar o produtor e aproximar o campo do mercado com tecnologia, informa\u00e7\u00e3o e inova\u00e7\u00e3o.\",\"sameAs\":[\"https:\\\/\\\/conectagrao.com.br\\\/blog\",\"https:\\\/\\\/www.facebook.com\\\/share\\\/1A5mH5g3LK\\\/\",\"https:\\\/\\\/www.instagram.com\\\/conectagrao?igsh=azQ1dXBndnp4dzZw\",\"https:\\\/\\\/youtube.com\\\/@conectagrao?si=QnGS_Zm7Cuj1pznt\"],\"url\":\"https:\\\/\\\/conectagrao.com.br\\\/blog\\\/author\\\/conectagrao\\\/\"}]}<\/script>\n<!-- \/ Yoast SEO plugin. -->","yoast_head_json":{"title":"Escarificador vs Subsolador: Qual Quebra Melhor a Compacta\u00e7\u00e3o? - ConectaGr\u00e3o","description":"Escarificador ou subsolador? Descubra qual \u00e9 melhor para descompactar seu solo e corrigir a compacta\u00e7\u00e3o. Aumente sua produtividade!","robots":{"index":"index","follow":"follow","max-snippet":"max-snippet:-1","max-image-preview":"max-image-preview:large","max-video-preview":"max-video-preview:-1"},"canonical":"https:\/\/conectagrao.com.br\/blog\/escarificador-vs-subsolador-qual-quebra-melhor-a-compactacao\/","og_locale":"pt_BR","og_type":"article","og_title":"Escarificador vs Subsolador: Qual Quebra Melhor a Compacta\u00e7\u00e3o? - ConectaGr\u00e3o","og_description":"Escarificador ou subsolador? Descubra qual \u00e9 melhor para descompactar seu solo e corrigir a compacta\u00e7\u00e3o. Aumente sua produtividade!","og_url":"https:\/\/conectagrao.com.br\/blog\/escarificador-vs-subsolador-qual-quebra-melhor-a-compactacao\/","og_site_name":"ConectaGr\u00e3o","article_publisher":"https:\/\/www.facebook.com\/conectagrao\/","article_author":"https:\/\/www.facebook.com\/share\/1A5mH5g3LK\/","article_published_time":"2025-07-08T19:07:39+00:00","article_modified_time":"2025-08-10T14:48:41+00:00","og_image":[{"width":1299,"height":863,"url":"https:\/\/conectagrao.com.br\/blog\/wp-content\/uploads\/2025\/07\/subsoladores.jpg","type":"image\/jpeg"}],"author":"conectagrao","twitter_card":"summary_large_image","twitter_misc":{"Escrito por":"conectagrao","Est. tempo de leitura":"7 minutos"},"schema":{"@context":"https:\/\/schema.org","@graph":[{"@type":"Article","@id":"https:\/\/conectagrao.com.br\/blog\/escarificador-vs-subsolador-qual-quebra-melhor-a-compactacao\/#article","isPartOf":{"@id":"https:\/\/conectagrao.com.br\/blog\/escarificador-vs-subsolador-qual-quebra-melhor-a-compactacao\/"},"author":{"name":"conectagrao","@id":"https:\/\/conectagrao.com.br\/blog\/#\/schema\/person\/ba64f63526cab8efbf8b1f8198926135"},"headline":"Escarificador vs Subsolador: Qual Quebra Melhor a Compacta\u00e7\u00e3o?","datePublished":"2025-07-08T19:07:39+00:00","dateModified":"2025-08-10T14:48:41+00:00","mainEntityOfPage":{"@id":"https:\/\/conectagrao.com.br\/blog\/escarificador-vs-subsolador-qual-quebra-melhor-a-compactacao\/"},"wordCount":853,"commentCount":0,"publisher":{"@id":"https:\/\/conectagrao.com.br\/blog\/#organization"},"image":{"@id":"https:\/\/conectagrao.com.br\/blog\/escarificador-vs-subsolador-qual-quebra-melhor-a-compactacao\/#primaryimage"},"thumbnailUrl":"https:\/\/conectagrao.com.br\/blog\/wp-content\/uploads\/2025\/07\/subsoladores.jpg","keywords":["compacta\u00e7\u00e3o do solo","descompacta\u00e7\u00e3o agr\u00edcola","escarificador","manejo de solo","preparo do solo","produtividade no campo","subsolador"],"articleSection":["Blog","Tecnologia &amp; Maquinas"],"inLanguage":"pt-BR","potentialAction":[{"@type":"CommentAction","name":"Comment","target":["https:\/\/conectagrao.com.br\/blog\/escarificador-vs-subsolador-qual-quebra-melhor-a-compactacao\/#respond"]}]},{"@type":"WebPage","@id":"https:\/\/conectagrao.com.br\/blog\/escarificador-vs-subsolador-qual-quebra-melhor-a-compactacao\/","url":"https:\/\/conectagrao.com.br\/blog\/escarificador-vs-subsolador-qual-quebra-melhor-a-compactacao\/","name":"Escarificador vs Subsolador: Qual Quebra Melhor a Compacta\u00e7\u00e3o? - ConectaGr\u00e3o","isPartOf":{"@id":"https:\/\/conectagrao.com.br\/blog\/#website"},"primaryImageOfPage":{"@id":"https:\/\/conectagrao.com.br\/blog\/escarificador-vs-subsolador-qual-quebra-melhor-a-compactacao\/#primaryimage"},"image":{"@id":"https:\/\/conectagrao.com.br\/blog\/escarificador-vs-subsolador-qual-quebra-melhor-a-compactacao\/#primaryimage"},"thumbnailUrl":"https:\/\/conectagrao.com.br\/blog\/wp-content\/uploads\/2025\/07\/subsoladores.jpg","datePublished":"2025-07-08T19:07:39+00:00","dateModified":"2025-08-10T14:48:41+00:00","description":"Escarificador ou subsolador? Descubra qual \u00e9 melhor para descompactar seu solo e corrigir a compacta\u00e7\u00e3o. Aumente sua produtividade!","breadcrumb":{"@id":"https:\/\/conectagrao.com.br\/blog\/escarificador-vs-subsolador-qual-quebra-melhor-a-compactacao\/#breadcrumb"},"inLanguage":"pt-BR","potentialAction":[{"@type":"ReadAction","target":["https:\/\/conectagrao.com.br\/blog\/escarificador-vs-subsolador-qual-quebra-melhor-a-compactacao\/"]}]},{"@type":"ImageObject","inLanguage":"pt-BR","@id":"https:\/\/conectagrao.com.br\/blog\/escarificador-vs-subsolador-qual-quebra-melhor-a-compactacao\/#primaryimage","url":"https:\/\/conectagrao.com.br\/blog\/wp-content\/uploads\/2025\/07\/subsoladores.jpg","contentUrl":"https:\/\/conectagrao.com.br\/blog\/wp-content\/uploads\/2025\/07\/subsoladores.jpg","width":1299,"height":863},{"@type":"BreadcrumbList","@id":"https:\/\/conectagrao.com.br\/blog\/escarificador-vs-subsolador-qual-quebra-melhor-a-compactacao\/#breadcrumb","itemListElement":[{"@type":"ListItem","position":1,"name":"In\u00edcio","item":"https:\/\/conectagrao.com.br\/blog\/"},{"@type":"ListItem","position":2,"name":"Escarificador vs Subsolador: Qual Quebra Melhor a Compacta\u00e7\u00e3o?"}]},{"@type":"WebSite","@id":"https:\/\/conectagrao.com.br\/blog\/#website","url":"https:\/\/conectagrao.com.br\/blog\/","name":"ConectaGr\u00e3o","description":"Conectando o futuro com o agroneg\u00f3cio.","publisher":{"@id":"https:\/\/conectagrao.com.br\/blog\/#organization"},"alternateName":"conectagrao","potentialAction":[{"@type":"SearchAction","target":{"@type":"EntryPoint","urlTemplate":"https:\/\/conectagrao.com.br\/blog\/?s={search_term_string}"},"query-input":{"@type":"PropertyValueSpecification","valueRequired":true,"valueName":"search_term_string"}}],"inLanguage":"pt-BR"},{"@type":"Organization","@id":"https:\/\/conectagrao.com.br\/blog\/#organization","name":"ConectaGr\u00e3o","alternateName":"conectagrao","url":"https:\/\/conectagrao.com.br\/blog\/","logo":{"@type":"ImageObject","inLanguage":"pt-BR","@id":"https:\/\/conectagrao.com.br\/blog\/#\/schema\/logo\/image\/","url":"https:\/\/conectagrao.com.br\/blog\/wp-content\/uploads\/2025\/07\/ConectaGrao-6.png","contentUrl":"https:\/\/conectagrao.com.br\/blog\/wp-content\/uploads\/2025\/07\/ConectaGrao-6.png","width":447,"height":559,"caption":"ConectaGr\u00e3o"},"image":{"@id":"https:\/\/conectagrao.com.br\/blog\/#\/schema\/logo\/image\/"},"sameAs":["https:\/\/www.facebook.com\/conectagrao\/","https:\/\/www.tiktok.com\/@conectagrao?_t=ZM-8xPuS2d6MFB&_r=1","https:\/\/www.threads.com\/@conectagrao","https:\/\/www.youtube.com\/@conectagrao","https:\/\/www.instagram.com\/conectagrao"]},{"@type":"Person","@id":"https:\/\/conectagrao.com.br\/blog\/#\/schema\/person\/ba64f63526cab8efbf8b1f8198926135","name":"conectagrao","image":{"@type":"ImageObject","inLanguage":"pt-BR","@id":"https:\/\/secure.gravatar.com\/avatar\/fb3dc2cba7f544171abec58358591c995847240e6fd4f1f7a4a8159970dca59e?s=96&d=mm&r=g","url":"https:\/\/secure.gravatar.com\/avatar\/fb3dc2cba7f544171abec58358591c995847240e6fd4f1f7a4a8159970dca59e?s=96&d=mm&r=g","contentUrl":"https:\/\/secure.gravatar.com\/avatar\/fb3dc2cba7f544171abec58358591c995847240e6fd4f1f7a4a8159970dca59e?s=96&d=mm&r=g","caption":"conectagrao"},"description":"ConectaGr\u00e3o\u00ae \u00e9 uma plataforma digital que conecta produtores, empresas e compradores do agroneg\u00f3cio, oferecendo an\u00e1lises de mercado, cota\u00e7\u00f5es, ferramentas e conte\u00fados gratuitos para facilitar o dia a dia no campo. Fundada por Genecir Jacoboski e Kao\u00ea T. Rauch a ConectaGr\u00e3o\u00ae tem como miss\u00e3o valorizar o produtor e aproximar o campo do mercado com tecnologia, informa\u00e7\u00e3o e inova\u00e7\u00e3o.","sameAs":["https:\/\/conectagrao.com.br\/blog","https:\/\/www.facebook.com\/share\/1A5mH5g3LK\/","https:\/\/www.instagram.com\/conectagrao?igsh=azQ1dXBndnp4dzZw","https:\/\/youtube.com\/@conectagrao?si=QnGS_Zm7Cuj1pznt"],"url":"https:\/\/conectagrao.com.br\/blog\/author\/conectagrao\/"}]}},"uagb_featured_image_src":{"full":["https:\/\/conectagrao.com.br\/blog\/wp-content\/uploads\/2025\/07\/subsoladores.jpg",1299,863,false],"thumbnail":["https:\/\/conectagrao.com.br\/blog\/wp-content\/uploads\/2025\/07\/subsoladores-150x150.jpg",150,150,true],"medium":["https:\/\/conectagrao.com.br\/blog\/wp-content\/uploads\/2025\/07\/subsoladores-300x199.jpg",300,199,true],"medium_large":["https:\/\/conectagrao.com.br\/blog\/wp-content\/uploads\/2025\/07\/subsoladores-768x510.jpg",640,425,true],"large":["https:\/\/conectagrao.com.br\/blog\/wp-content\/uploads\/2025\/07\/subsoladores-1024x680.jpg",640,425,true],"1536x1536":["https:\/\/conectagrao.com.br\/blog\/wp-content\/uploads\/2025\/07\/subsoladores.jpg",1299,863,false],"2048x2048":["https:\/\/conectagrao.com.br\/blog\/wp-content\/uploads\/2025\/07\/subsoladores.jpg",1299,863,false],"cvmm-medium":["https:\/\/conectagrao.com.br\/blog\/wp-content\/uploads\/2025\/07\/subsoladores-300x300.jpg",300,300,true],"cvmm-medium-plus":["https:\/\/conectagrao.com.br\/blog\/wp-content\/uploads\/2025\/07\/subsoladores-305x207.jpg",305,207,true],"cvmm-portrait":["https:\/\/conectagrao.com.br\/blog\/wp-content\/uploads\/2025\/07\/subsoladores-400x600.jpg",400,600,true],"cvmm-medium-square":["https:\/\/conectagrao.com.br\/blog\/wp-content\/uploads\/2025\/07\/subsoladores-600x600.jpg",600,600,true],"cvmm-large":["https:\/\/conectagrao.com.br\/blog\/wp-content\/uploads\/2025\/07\/subsoladores-1024x863.jpg",1024,863,true],"cvmm-small":["https:\/\/conectagrao.com.br\/blog\/wp-content\/uploads\/2025\/07\/subsoladores-130x95.jpg",130,95,true],"news-portal-block-medium":["https:\/\/conectagrao.com.br\/blog\/wp-content\/uploads\/2025\/07\/subsoladores-305x207.jpg",305,207,true],"news-portal-block-thumb":["https:\/\/conectagrao.com.br\/blog\/wp-content\/uploads\/2025\/07\/subsoladores-136x102.jpg",136,102,true],"news-portal-slider-medium":["https:\/\/conectagrao.com.br\/blog\/wp-content\/uploads\/2025\/07\/subsoladores-622x420.jpg",622,420,true],"news-portal-carousel-portrait":["https:\/\/conectagrao.com.br\/blog\/wp-content\/uploads\/2025\/07\/subsoladores-400x600.jpg",400,600,true],"news-portal-alternate-grid":["https:\/\/conectagrao.com.br\/blog\/wp-content\/uploads\/2025\/07\/subsoladores-340x316.jpg",340,316,true],"web-stories-poster-portrait":["https:\/\/conectagrao.com.br\/blog\/wp-content\/uploads\/2025\/07\/subsoladores.jpg",640,425,false],"web-stories-publisher-logo":["https:\/\/conectagrao.com.br\/blog\/wp-content\/uploads\/2025\/07\/subsoladores.jpg",96,64,false],"web-stories-thumbnail":["https:\/\/conectagrao.com.br\/blog\/wp-content\/uploads\/2025\/07\/subsoladores.jpg",150,100,false]},"uagb_author_info":{"display_name":"conectagrao","author_link":"https:\/\/conectagrao.com.br\/blog\/author\/conectagrao\/"},"uagb_comment_info":0,"uagb_excerpt":"Escarificador ou subsolador? Descubra qual \u00e9 o mais indicado para corrigir a compacta\u00e7\u00e3o do solo e garantir mais produtividade na lavoura.","blog_post_layout_featured_media_urls":{"thumbnail":["https:\/\/conectagrao.com.br\/blog\/wp-content\/uploads\/2025\/07\/subsoladores-150x150.jpg",150,150,true],"full":["https:\/\/conectagrao.com.br\/blog\/wp-content\/uploads\/2025\/07\/subsoladores.jpg",1299,863,false]},"categories_names":{"1":{"name":"Blog","link":"https:\/\/conectagrao.com.br\/blog\/blog\/"},"30":{"name":"Tecnologia &amp; Maquinas","link":"https:\/\/conectagrao.com.br\/blog\/tecnologia\/"}},"tags_names":{"116":{"name":"compacta\u00e7\u00e3o do solo","link":"https:\/\/conectagrao.com.br\/blog\/tag\/compactacao-do-solo\/"},"117":{"name":"descompacta\u00e7\u00e3o agr\u00edcola","link":"https:\/\/conectagrao.com.br\/blog\/tag\/descompactacao-agricola\/"},"114":{"name":"escarificador","link":"https:\/\/conectagrao.com.br\/blog\/tag\/escarificador\/"},"119":{"name":"manejo de solo","link":"https:\/\/conectagrao.com.br\/blog\/tag\/manejo-de-solo\/"},"118":{"name":"preparo do solo","link":"https:\/\/conectagrao.com.br\/blog\/tag\/preparo-do-solo\/"},"122":{"name":"produtividade no campo","link":"https:\/\/conectagrao.com.br\/blog\/tag\/produtividade-no-campo\/"},"115":{"name":"subsolador","link":"https:\/\/conectagrao.com.br\/blog\/tag\/subsolador\/"}},"comments_number":"0","wpmagazine_modules_lite_featured_media_urls":{"thumbnail":["https:\/\/conectagrao.com.br\/blog\/wp-content\/uploads\/2025\/07\/subsoladores-150x150.jpg",150,150,true],"cvmm-medium":["https:\/\/conectagrao.com.br\/blog\/wp-content\/uploads\/2025\/07\/subsoladores-300x300.jpg",300,300,true],"cvmm-medium-plus":["https:\/\/conectagrao.com.br\/blog\/wp-content\/uploads\/2025\/07\/subsoladores-305x207.jpg",305,207,true],"cvmm-portrait":["https:\/\/conectagrao.com.br\/blog\/wp-content\/uploads\/2025\/07\/subsoladores-400x600.jpg",400,600,true],"cvmm-medium-square":["https:\/\/conectagrao.com.br\/blog\/wp-content\/uploads\/2025\/07\/subsoladores-600x600.jpg",600,600,true],"cvmm-large":["https:\/\/conectagrao.com.br\/blog\/wp-content\/uploads\/2025\/07\/subsoladores-1024x863.jpg",1024,863,true],"cvmm-small":["https:\/\/conectagrao.com.br\/blog\/wp-content\/uploads\/2025\/07\/subsoladores-130x95.jpg",130,95,true],"full":["https:\/\/conectagrao.com.br\/blog\/wp-content\/uploads\/2025\/07\/subsoladores.jpg",1299,863,false]},"_links":{"self":[{"href":"https:\/\/conectagrao.com.br\/blog\/wp-json\/wp\/v2\/posts\/711","targetHints":{"allow":["GET"]}}],"collection":[{"href":"https:\/\/conectagrao.com.br\/blog\/wp-json\/wp\/v2\/posts"}],"about":[{"href":"https:\/\/conectagrao.com.br\/blog\/wp-json\/wp\/v2\/types\/post"}],"author":[{"embeddable":true,"href":"https:\/\/conectagrao.com.br\/blog\/wp-json\/wp\/v2\/users\/1"}],"replies":[{"embeddable":true,"href":"https:\/\/conectagrao.com.br\/blog\/wp-json\/wp\/v2\/comments?post=711"}],"version-history":[{"count":4,"href":"https:\/\/conectagrao.com.br\/blog\/wp-json\/wp\/v2\/posts\/711\/revisions"}],"predecessor-version":[{"id":1055,"href":"https:\/\/conectagrao.com.br\/blog\/wp-json\/wp\/v2\/posts\/711\/revisions\/1055"}],"wp:featuredmedia":[{"embeddable":true,"href":"https:\/\/conectagrao.com.br\/blog\/wp-json\/wp\/v2\/media\/723"}],"wp:attachment":[{"href":"https:\/\/conectagrao.com.br\/blog\/wp-json\/wp\/v2\/media?parent=711"}],"wp:term":[{"taxonomy":"category","embeddable":true,"href":"https:\/\/conectagrao.com.br\/blog\/wp-json\/wp\/v2\/categories?post=711"},{"taxonomy":"post_tag","embeddable":true,"href":"https:\/\/conectagrao.com.br\/blog\/wp-json\/wp\/v2\/tags?post=711"}],"curies":[{"name":"wp","href":"https:\/\/api.w.org\/{rel}","templated":true}]}}