{"id":724,"date":"2025-07-08T21:10:29","date_gmt":"2025-07-08T21:10:29","guid":{"rendered":"https:\/\/conectagrao.com.br\/blog\/?p=724"},"modified":"2025-08-10T17:25:43","modified_gmt":"2025-08-10T17:25:43","slug":"marketing-digital-no-agronegocio-como-posicionar-sua-marca-no-campo-conectado","status":"publish","type":"post","link":"https:\/\/conectagrao.com.br\/blog\/marketing-digital-no-agronegocio-como-posicionar-sua-marca-no-campo-conectado\/","title":{"rendered":"Marketing Digital no Agroneg\u00f3cio: Como posicionar sua marca no agroneg\u00f3cio em 2025?"},"content":{"rendered":"\n<p>O agroneg\u00f3cio brasileiro est\u00e1 em constante transforma\u00e7\u00e3o. Assim uma das maiores mudan\u00e7as recentes \u00e9 a digitaliza\u00e7\u00e3o do campo. O produtor rural est\u00e1 cada vez mais conectado, buscando informa\u00e7\u00f5es, produtos e servi\u00e7os online. Portanto nesse cen\u00e1rio, o marketing digital no agroneg\u00f3cio deixou de ser uma op\u00e7\u00e3o e se tornou uma necessidade estrat\u00e9gica para empresas que atuam no agro.<\/p>\n\n\n\n<p>Neste artigo, voc\u00ea vai entender como o marketing digital pode fortalecer sua marca no setor, assim gerar mais oportunidades de neg\u00f3cio e construir relacionamentos duradouros com o p\u00fablico rural.<\/p>\n\n\n\n<h3 class=\"wp-block-heading\">A Nova Realidade do Agro Conectado<\/h3>\n\n\n\n<p>Hoje em dia, o produtor rural usa a internet para pesquisar novas tecnologias, comparar pre\u00e7os, assistir v\u00eddeos t\u00e9cnicos, se informar sobre o clima e at\u00e9 comprar insumos. Plataformas como Google, YouTube, Facebook, Instagram e WhatsApp fazem parte da rotina de quem est\u00e1 no campo. Contudo isso abre espa\u00e7o para marcas que queiram dialogar diretamente com esse p\u00fablico por meio de estrat\u00e9gias digitais bem planejadas.<\/p>\n\n\n<div class=\"wp-block-image\">\n<figure class=\"aligncenter size-full is-resized\"><img fetchpriority=\"high\" decoding=\"async\" width=\"318\" height=\"159\" src=\"https:\/\/conectagrao.com.br\/blog\/wp-content\/uploads\/2025\/07\/Agencia-de-Marketing-e-Publicidade-Especialista-no-Agronegocio.webp\" alt=\"\" class=\"wp-image-726\" style=\"width:494px;height:auto\" srcset=\"https:\/\/conectagrao.com.br\/blog\/wp-content\/uploads\/2025\/07\/Agencia-de-Marketing-e-Publicidade-Especialista-no-Agronegocio.webp 318w, https:\/\/conectagrao.com.br\/blog\/wp-content\/uploads\/2025\/07\/Agencia-de-Marketing-e-Publicidade-Especialista-no-Agronegocio-300x150.webp 300w\" sizes=\"(max-width: 318px) 100vw, 318px\" \/><\/figure>\n<\/div>\n\n\n<h3 class=\"wp-block-heading\">SEO: Seja Encontrado por Quem Est\u00e1 Procurando<\/h3>\n\n\n\n<p>O primeiro passo para ter presen\u00e7a digital no agro \u00e9 garantir que sua empresa seja encontrada. Logo o SEO (Search Engine Optimization) \u00e9 a pr\u00e1tica de otimizar seu site e conte\u00fados para aparecer nas primeiras posi\u00e7\u00f5es dos mecanismos de busca, como o Google.<\/p>\n\n\n\n<p>Contudo no agroneg\u00f3cio, isso significa criar conte\u00fados relevantes sobre cultivo, manejo, solu\u00e7\u00f5es agr\u00edcolas, pragas, produtividade e tecnologia. Quando um produtor buscar por esses temas, logo sua marca estar\u00e1 l\u00e1, como refer\u00eancia confi\u00e1vel.<\/p>\n\n\n\n<h3 class=\"wp-block-heading\">Marketing de Conte\u00fado: Educar para Conquistar<\/h3>\n\n\n\n<p>O produtor rural valoriza informa\u00e7\u00f5es t\u00e9cnicas, pr\u00e1ticas e aplic\u00e1veis. Ao investir em marketing de conte\u00fado \u2014 como blog posts, v\u00eddeos, infogr\u00e1ficos e e-books \u2014 assim voc\u00ea oferece valor antes mesmo da venda.<\/p>\n\n\n\n<p>Portanto esse tipo de conte\u00fado ajuda sua empresa a se tornar autoridade no assunto, educando o p\u00fablico e gerando confian\u00e7a. Al\u00e9m disso, contribui para gerar leads qualificados e acompanhar o cliente durante toda a jornada de compra.<\/p>\n\n\n\n<h3 class=\"wp-block-heading\">Inbound Marketing: A Jornada do Produtor<\/h3>\n\n\n\n<p>O inbound marketing \u00e9 uma estrat\u00e9gia que combina conte\u00fado, automa\u00e7\u00e3o e segmenta\u00e7\u00e3o. Ele atrai o cliente de forma natural, mant\u00e9m o relacionamento ativo com e-mails e materiais personalizados, e conduz o lead at\u00e9 o momento da compra.<\/p>\n\n\n\n<p>No agro, isso \u00e9 especialmente \u00fatil porque o processo de decis\u00e3o costuma ser mais longo e t\u00e9cnico. Um bom fluxo de inbound garante que o produtor receba as informa\u00e7\u00f5es certas no momento certo.<\/p>\n\n\n\n<h3 class=\"wp-block-heading\">Tr\u00e1fego Pago: Alcance R\u00e1pido e Direcionado<\/h3>\n\n\n\n<p>Campanhas patrocinadas no Google e redes sociais permitem que sua marca apare\u00e7a rapidamente para o p\u00fablico certo. Voc\u00ea pode segmentar por localiza\u00e7\u00e3o, interesse, cargo (como engenheiro agr\u00f4nomo, produtor rural ou t\u00e9cnico agr\u00edcola) e at\u00e9 comportamento online.<\/p>\n\n\n\n<p>O tr\u00e1fego pago acelera os resultados e \u00e9 um excelente complemento \u00e0s estrat\u00e9gias org\u00e2nicas, como SEO e conte\u00fado.<\/p>\n\n\n\n<h3 class=\"wp-block-heading\">Redes Sociais: O Agro Est\u00e1 Online<\/h3>\n\n\n\n<p>Redes como Facebook, Instagram, LinkedIn e YouTube t\u00eam ganhado espa\u00e7o no dia a dia dos profissionais do campo. Al\u00e9m disso, o WhatsApp se tornou uma ferramenta poderosa de comunica\u00e7\u00e3o e atendimento.<\/p>\n\n\n\n<p>Estar presente nessas plataformas permite criar uma comunidade em torno da sua marca, compartilhar conte\u00fado educativo e manter contato constante com seu p\u00fablico.<\/p>\n\n\n\n<h3 class=\"wp-block-heading\">Automa\u00e7\u00e3o e CRM: Relacionamento Escal\u00e1vel<\/h3>\n\n\n\n<p>Com a automa\u00e7\u00e3o de marketing, \u00e9 poss\u00edvel enviar mensagens personalizadas, segmentar leads por interesse e comportamento, e acompanhar cada etapa do relacionamento. O uso de um CRM (Customer Relationship Management) permite organizar esses contatos, registrar o hist\u00f3rico de intera\u00e7\u00f5es e melhorar o atendimento.<\/p>\n\n\n\n<p>Para empresas do agro, isso significa agilidade no contato com distribuidores, cooperativas e produtores, al\u00e9m de maior efici\u00eancia na convers\u00e3o de leads.<\/p>\n\n\n\n<h3 class=\"wp-block-heading\">M\u00e9tricas e An\u00e1lise de Dados: Corrigir Rumo e Crescer<\/h3>\n\n\n\n<p>No marketing digital, tudo \u00e9 mensur\u00e1vel. Voc\u00ea pode acompanhar quantas pessoas acessaram seu site, quais conte\u00fados foram mais vistos, quais campanhas geraram mais vendas e quanto custou cada resultado.<\/p>\n\n\n\n<p>Essas informa\u00e7\u00f5es s\u00e3o fundamentais para ajustar a estrat\u00e9gia, corrigir erros e aproveitar as oportunidades de crescimento de forma mais inteligente.<\/p>\n\n\n\n<h3 class=\"wp-block-heading\">Por Que o Marketing Digital \u00e9 Essencial no Agroneg\u00f3cio?<\/h3>\n\n\n\n<ul class=\"wp-block-list\">\n<li><strong>Mais visibilidade:<\/strong> sua marca aparece para o produtor exatamente quando ele precisa.<\/li>\n\n\n\n<li><strong>Menor custo:<\/strong> campanhas digitais costumam ter melhor custo-benef\u00edcio do que as tradicionais.<\/li>\n\n\n\n<li><strong>Relacionamento mais forte:<\/strong> comunica\u00e7\u00e3o direta, personalizada e constante.<\/li>\n\n\n\n<li><strong>Maior autoridade:<\/strong> quem ensina e informa vira refer\u00eancia no setor.<\/li>\n\n\n\n<li><strong>Crescimento sustent\u00e1vel:<\/strong> com dados e estrat\u00e9gia, os resultados s\u00e3o duradouros.<\/li>\n<\/ul>\n\n\n\n<h2 class=\"wp-block-heading\">Conclus\u00e3o: O Futuro do Agro Passa pelo Digital<\/h2>\n\n\n\n<p>O campo est\u00e1 mudando, e o comportamento do produtor tamb\u00e9m. Empresas que souberem usar o marketing digital com intelig\u00eancia v\u00e3o sair na frente, se conectar melhor com o p\u00fablico e garantir presen\u00e7a forte em um mercado cada vez mais competitivo.<\/p>\n\n\n\n<p><strong>N\u00e3o se trata apenas de vender \u2014 trata-se de construir valor, gerar confian\u00e7a e crescer junto com o agroneg\u00f3cio brasileiro.<\/strong><\/p>\n\n\n\n<div style=\"border: 2px solid #ff9800; border-radius: 10px; padding: 20px; background: #ffffff; box-shadow: 0 4px 12px rgba(0,0,0,0.1); font-family: Arial, sans-serif; width: 100%; max-width: 100%; margin: 20px 0; text-align: center; box-sizing: border-box;\">\n  \n  <h3 style=\"color: #ff9800; font-size: 24px; margin-top: 0; margin-bottom: 15px;\">\n    <span style=\"display: none;\" class=\"whatsapp-icon\">\n      <img decoding=\"async\" src=\"https:\/\/e7.pngegg.com\/pngimages\/347\/373\/png-clipart-computer-icons-whatsapp-whatsapp-text-trademark-thumbnail.png\" alt=\"WhatsApp\" style=\"width: 40px; height: 40px; border-radius: 50%; object-fit: cover;\">\n    <\/span>\n  <\/h3>\n  \n  <div style=\"display: flex; justify-content: center; align-items: center; flex-wrap: wrap; margin-bottom: 10px;\">\n    <div style=\"text-align: center; margin-right: 10px;\"> <!-- Reduzido o margin-right -->\n      <p style=\"font-size: 16px; color: #333; line-height: 1.5; margin: 0;\">\n        \ud83d\udcf0 Not\u00edcias &#038; Mercado | \ud83d\udd14 Novidades <span class=\"desktop-separator\">|<\/span>\n      <\/p>\n    <\/div>\n    <div style=\"text-align: center;\">\n      <p style=\"font-size: 16px; color: #333; line-height: 1.5; margin: 0;\">\n        \u26c5 Clima | \ud83d\ude80 Tecnologia | \ud83d\udcf1 Blog\n      <\/p>\n    <\/div>\n  <\/div>\n  \n  <a href=\"https:\/\/www.whatsapp.com\/channel\/0029VaLMT22GOj9f6eVOpJ0N\" target=\"_blank\" style=\"background: #25D366; color: #fff; padding: 10px 20px; font-size: 16px; font-weight: bold; text-decoration: none; border-radius: 30px; display: inline-block; transition: all 0.3s; position: relative;\">\n    <img decoding=\"async\" src=\"https:\/\/upload.wikimedia.org\/wikipedia\/commons\/6\/6b\/WhatsApp.svg\" alt=\"WhatsApp\" style=\"width: 20px; height: 20px; vertical-align: middle; margin-right: 5px;\">\n    Entrar no Canal\n  <\/a>\n  \n  <p style=\"font-size: 12px; color: #666; margin-top: 15px; font-weight: bold;\">\n    Sua conex\u00e3o com as melhores informa\u00e7\u00f5es do agroneg\u00f3cio!\n  <\/p>\n<\/div>\n\n<style>\n@media (max-width: 768px) {\n  .desktop-separator {\n    display: none; \/* Ocultar o separador \"|\" em dispositivos m\u00f3veis *\/\n  }\n  h3 {\n    font-size: 20px; \/* Diminuir o tamanho da fonte do t\u00edtulo em dispositivos m\u00f3veis *\/\n  }\n  p {\n    font-size: 14px; \/* Diminuir o tamanho da fonte dos par\u00e1grafos em dispositivos m\u00f3veis *\/\n  }\n  a {\n    font-size: 14px; \/* Diminuir o tamanho da fonte do bot\u00e3o em dispositivos m\u00f3veis *\/\n    padding: 8px 15px; \/* Ajustar o padding do bot\u00e3o em dispositivos m\u00f3veis *\/\n  }\n}\n<\/style>\n\n\n\n\n<hr class=\"wp-block-separator has-alpha-channel-opacity\"\/>\n\n\n\n<blockquote class=\"wp-block-quote is-layout-flow wp-block-quote-is-layout-flow\">\n<p><em>Este conte\u00fado foi inspirado e adaptado com base no artigo original de L\u00edvia Amaral, publicado no blog da <a class=\"\" href=\"https:\/\/agroadvance.com.br\">Agroadvance<\/a>.<\/em><\/p>\n\n\n\n<p>Escrito por: Kao\u00ea Rauch- equipe ConectaGr\u00e3o<\/p>\n<\/blockquote>\n","protected":false},"excerpt":{"rendered":"<p>O agroneg\u00f3cio est\u00e1 cada vez mais digital. Descubra como o marketing online pode ajudar sua empresa a atrair produtores, gerar vendas e se destacar no campo conectado.<\/p>\n","protected":false},"author":1,"featured_media":725,"comment_status":"open","ping_status":"open","sticky":false,"template":"","format":"standard","meta":{"_coblocks_attr":"","_coblocks_dimensions":"","_coblocks_responsive_height":"","_coblocks_accordion_ie_support":"","_uag_custom_page_level_css":"","footnotes":""},"categories":[1,29],"tags":[130,124,131,129,126,128,123,127,125],"class_list":["post-724","post","type-post","status-publish","format-standard","has-post-thumbnail","hentry","category-blog","category-mercado","tag-agro-marketing-digita","tag-agronegocio-e-tecnologia","tag-branding-no-setor-agricola","tag-comunicacao-no-agronegocio","tag-estrategias-de-marketing-agricola","tag-inovacao-no-campo","tag-marketing-digital-no-agro","tag-marketing-para-produtores-rurais","tag-posicionamento-de-marca-rural"],"yoast_head":"<!-- This site is optimized with the Yoast SEO plugin v27.4 - https:\/\/yoast.com\/product\/yoast-seo-wordpress\/ -->\n<title>Marketing Digital no Agroneg\u00f3cio: Como posicionar sua marca?<\/title>\n<meta name=\"description\" content=\"O marketing digital no agroneg\u00f3cio brasileiro est\u00e1 em constante transforma\u00e7\u00e3o. E uma das maiores mudan\u00e7as recentes \u00e9 a digitaliza\u00e7\u00e3o do campo.\" \/>\n<meta name=\"robots\" content=\"index, follow, max-snippet:-1, max-image-preview:large, max-video-preview:-1\" \/>\n<link rel=\"canonical\" href=\"https:\/\/conectagrao.com.br\/blog\/marketing-digital-no-agronegocio-como-posicionar-sua-marca-no-campo-conectado\/\" \/>\n<meta property=\"og:locale\" content=\"pt_BR\" \/>\n<meta property=\"og:type\" content=\"article\" \/>\n<meta property=\"og:title\" content=\"Marketing Digital no Agroneg\u00f3cio: Como posicionar sua marca?\" \/>\n<meta property=\"og:description\" content=\"O marketing digital no agroneg\u00f3cio brasileiro est\u00e1 em constante transforma\u00e7\u00e3o. E uma das maiores mudan\u00e7as recentes \u00e9 a digitaliza\u00e7\u00e3o do campo.\" \/>\n<meta property=\"og:url\" content=\"https:\/\/conectagrao.com.br\/blog\/marketing-digital-no-agronegocio-como-posicionar-sua-marca-no-campo-conectado\/\" \/>\n<meta property=\"og:site_name\" content=\"ConectaGr\u00e3o\" \/>\n<meta property=\"article:publisher\" content=\"https:\/\/www.facebook.com\/conectagrao\/\" \/>\n<meta property=\"article:author\" content=\"https:\/\/www.facebook.com\/share\/1A5mH5g3LK\/\" \/>\n<meta property=\"article:published_time\" content=\"2025-07-08T21:10:29+00:00\" \/>\n<meta property=\"article:modified_time\" content=\"2025-08-10T17:25:43+00:00\" \/>\n<meta property=\"og:image\" content=\"https:\/\/conectagrao.com.br\/blog\/wp-content\/uploads\/2025\/07\/Marketing-Digital.jpg\" \/>\n\t<meta property=\"og:image:width\" content=\"1200\" \/>\n\t<meta property=\"og:image:height\" content=\"800\" \/>\n\t<meta property=\"og:image:type\" content=\"image\/jpeg\" \/>\n<meta name=\"author\" content=\"conectagrao\" \/>\n<meta name=\"twitter:card\" content=\"summary_large_image\" \/>\n<meta name=\"twitter:label1\" content=\"Escrito por\" \/>\n\t<meta name=\"twitter:data1\" content=\"conectagrao\" \/>\n\t<meta name=\"twitter:label2\" content=\"Est. tempo de leitura\" \/>\n\t<meta name=\"twitter:data2\" content=\"6 minutos\" \/>\n<script type=\"application\/ld+json\" class=\"yoast-schema-graph\">{\"@context\":\"https:\\\/\\\/schema.org\",\"@graph\":[{\"@type\":\"Article\",\"@id\":\"https:\\\/\\\/conectagrao.com.br\\\/blog\\\/marketing-digital-no-agronegocio-como-posicionar-sua-marca-no-campo-conectado\\\/#article\",\"isPartOf\":{\"@id\":\"https:\\\/\\\/conectagrao.com.br\\\/blog\\\/marketing-digital-no-agronegocio-como-posicionar-sua-marca-no-campo-conectado\\\/\"},\"author\":{\"name\":\"conectagrao\",\"@id\":\"https:\\\/\\\/conectagrao.com.br\\\/blog\\\/#\\\/schema\\\/person\\\/ba64f63526cab8efbf8b1f8198926135\"},\"headline\":\"Marketing Digital no Agroneg\u00f3cio: Como posicionar sua marca no agroneg\u00f3cio em 2025?\",\"datePublished\":\"2025-07-08T21:10:29+00:00\",\"dateModified\":\"2025-08-10T17:25:43+00:00\",\"mainEntityOfPage\":{\"@id\":\"https:\\\/\\\/conectagrao.com.br\\\/blog\\\/marketing-digital-no-agronegocio-como-posicionar-sua-marca-no-campo-conectado\\\/\"},\"wordCount\":914,\"commentCount\":0,\"publisher\":{\"@id\":\"https:\\\/\\\/conectagrao.com.br\\\/blog\\\/#organization\"},\"image\":{\"@id\":\"https:\\\/\\\/conectagrao.com.br\\\/blog\\\/marketing-digital-no-agronegocio-como-posicionar-sua-marca-no-campo-conectado\\\/#primaryimage\"},\"thumbnailUrl\":\"https:\\\/\\\/conectagrao.com.br\\\/blog\\\/wp-content\\\/uploads\\\/2025\\\/07\\\/Marketing-Digital.jpg\",\"keywords\":[\"agro marketing digita\",\"agroneg\u00f3cio e tecnologia\",\"branding no setor agr\u00edcola\",\"comunica\u00e7\u00e3o no agroneg\u00f3cio\",\"estrat\u00e9gias de marketing agr\u00edcola\",\"inova\u00e7\u00e3o no campo\",\"marketing digital no agro\",\"marketing para produtores rurais\",\"posicionamento de marca rural\"],\"articleSection\":[\"Blog\",\"Vis\u00e3o de Mercado\"],\"inLanguage\":\"pt-BR\",\"potentialAction\":[{\"@type\":\"CommentAction\",\"name\":\"Comment\",\"target\":[\"https:\\\/\\\/conectagrao.com.br\\\/blog\\\/marketing-digital-no-agronegocio-como-posicionar-sua-marca-no-campo-conectado\\\/#respond\"]}]},{\"@type\":\"WebPage\",\"@id\":\"https:\\\/\\\/conectagrao.com.br\\\/blog\\\/marketing-digital-no-agronegocio-como-posicionar-sua-marca-no-campo-conectado\\\/\",\"url\":\"https:\\\/\\\/conectagrao.com.br\\\/blog\\\/marketing-digital-no-agronegocio-como-posicionar-sua-marca-no-campo-conectado\\\/\",\"name\":\"Marketing Digital no Agroneg\u00f3cio: Como posicionar sua marca?\",\"isPartOf\":{\"@id\":\"https:\\\/\\\/conectagrao.com.br\\\/blog\\\/#website\"},\"primaryImageOfPage\":{\"@id\":\"https:\\\/\\\/conectagrao.com.br\\\/blog\\\/marketing-digital-no-agronegocio-como-posicionar-sua-marca-no-campo-conectado\\\/#primaryimage\"},\"image\":{\"@id\":\"https:\\\/\\\/conectagrao.com.br\\\/blog\\\/marketing-digital-no-agronegocio-como-posicionar-sua-marca-no-campo-conectado\\\/#primaryimage\"},\"thumbnailUrl\":\"https:\\\/\\\/conectagrao.com.br\\\/blog\\\/wp-content\\\/uploads\\\/2025\\\/07\\\/Marketing-Digital.jpg\",\"datePublished\":\"2025-07-08T21:10:29+00:00\",\"dateModified\":\"2025-08-10T17:25:43+00:00\",\"description\":\"O marketing digital no agroneg\u00f3cio brasileiro est\u00e1 em constante transforma\u00e7\u00e3o. E uma das maiores mudan\u00e7as recentes \u00e9 a digitaliza\u00e7\u00e3o do campo.\",\"breadcrumb\":{\"@id\":\"https:\\\/\\\/conectagrao.com.br\\\/blog\\\/marketing-digital-no-agronegocio-como-posicionar-sua-marca-no-campo-conectado\\\/#breadcrumb\"},\"inLanguage\":\"pt-BR\",\"potentialAction\":[{\"@type\":\"ReadAction\",\"target\":[\"https:\\\/\\\/conectagrao.com.br\\\/blog\\\/marketing-digital-no-agronegocio-como-posicionar-sua-marca-no-campo-conectado\\\/\"]}]},{\"@type\":\"ImageObject\",\"inLanguage\":\"pt-BR\",\"@id\":\"https:\\\/\\\/conectagrao.com.br\\\/blog\\\/marketing-digital-no-agronegocio-como-posicionar-sua-marca-no-campo-conectado\\\/#primaryimage\",\"url\":\"https:\\\/\\\/conectagrao.com.br\\\/blog\\\/wp-content\\\/uploads\\\/2025\\\/07\\\/Marketing-Digital.jpg\",\"contentUrl\":\"https:\\\/\\\/conectagrao.com.br\\\/blog\\\/wp-content\\\/uploads\\\/2025\\\/07\\\/Marketing-Digital.jpg\",\"width\":1200,\"height\":800},{\"@type\":\"BreadcrumbList\",\"@id\":\"https:\\\/\\\/conectagrao.com.br\\\/blog\\\/marketing-digital-no-agronegocio-como-posicionar-sua-marca-no-campo-conectado\\\/#breadcrumb\",\"itemListElement\":[{\"@type\":\"ListItem\",\"position\":1,\"name\":\"In\u00edcio\",\"item\":\"https:\\\/\\\/conectagrao.com.br\\\/blog\\\/\"},{\"@type\":\"ListItem\",\"position\":2,\"name\":\"Marketing Digital no Agroneg\u00f3cio: Como posicionar sua marca no agroneg\u00f3cio em 2025?\"}]},{\"@type\":\"WebSite\",\"@id\":\"https:\\\/\\\/conectagrao.com.br\\\/blog\\\/#website\",\"url\":\"https:\\\/\\\/conectagrao.com.br\\\/blog\\\/\",\"name\":\"ConectaGr\u00e3o\",\"description\":\"Conectando o futuro com o agroneg\u00f3cio.\",\"publisher\":{\"@id\":\"https:\\\/\\\/conectagrao.com.br\\\/blog\\\/#organization\"},\"alternateName\":\"conectagrao\",\"potentialAction\":[{\"@type\":\"SearchAction\",\"target\":{\"@type\":\"EntryPoint\",\"urlTemplate\":\"https:\\\/\\\/conectagrao.com.br\\\/blog\\\/?s={search_term_string}\"},\"query-input\":{\"@type\":\"PropertyValueSpecification\",\"valueRequired\":true,\"valueName\":\"search_term_string\"}}],\"inLanguage\":\"pt-BR\"},{\"@type\":\"Organization\",\"@id\":\"https:\\\/\\\/conectagrao.com.br\\\/blog\\\/#organization\",\"name\":\"ConectaGr\u00e3o\",\"alternateName\":\"conectagrao\",\"url\":\"https:\\\/\\\/conectagrao.com.br\\\/blog\\\/\",\"logo\":{\"@type\":\"ImageObject\",\"inLanguage\":\"pt-BR\",\"@id\":\"https:\\\/\\\/conectagrao.com.br\\\/blog\\\/#\\\/schema\\\/logo\\\/image\\\/\",\"url\":\"https:\\\/\\\/conectagrao.com.br\\\/blog\\\/wp-content\\\/uploads\\\/2025\\\/07\\\/ConectaGrao-6.png\",\"contentUrl\":\"https:\\\/\\\/conectagrao.com.br\\\/blog\\\/wp-content\\\/uploads\\\/2025\\\/07\\\/ConectaGrao-6.png\",\"width\":447,\"height\":559,\"caption\":\"ConectaGr\u00e3o\"},\"image\":{\"@id\":\"https:\\\/\\\/conectagrao.com.br\\\/blog\\\/#\\\/schema\\\/logo\\\/image\\\/\"},\"sameAs\":[\"https:\\\/\\\/www.facebook.com\\\/conectagrao\\\/\",\"https:\\\/\\\/www.tiktok.com\\\/@conectagrao?_t=ZM-8xPuS2d6MFB&_r=1\",\"https:\\\/\\\/www.threads.com\\\/@conectagrao\",\"https:\\\/\\\/www.youtube.com\\\/@conectagrao\",\"https:\\\/\\\/www.instagram.com\\\/conectagrao\"]},{\"@type\":\"Person\",\"@id\":\"https:\\\/\\\/conectagrao.com.br\\\/blog\\\/#\\\/schema\\\/person\\\/ba64f63526cab8efbf8b1f8198926135\",\"name\":\"conectagrao\",\"image\":{\"@type\":\"ImageObject\",\"inLanguage\":\"pt-BR\",\"@id\":\"https:\\\/\\\/secure.gravatar.com\\\/avatar\\\/fb3dc2cba7f544171abec58358591c995847240e6fd4f1f7a4a8159970dca59e?s=96&d=mm&r=g\",\"url\":\"https:\\\/\\\/secure.gravatar.com\\\/avatar\\\/fb3dc2cba7f544171abec58358591c995847240e6fd4f1f7a4a8159970dca59e?s=96&d=mm&r=g\",\"contentUrl\":\"https:\\\/\\\/secure.gravatar.com\\\/avatar\\\/fb3dc2cba7f544171abec58358591c995847240e6fd4f1f7a4a8159970dca59e?s=96&d=mm&r=g\",\"caption\":\"conectagrao\"},\"description\":\"ConectaGr\u00e3o\u00ae \u00e9 uma plataforma digital que conecta produtores, empresas e compradores do agroneg\u00f3cio, oferecendo an\u00e1lises de mercado, cota\u00e7\u00f5es, ferramentas e conte\u00fados gratuitos para facilitar o dia a dia no campo. Fundada por Genecir Jacoboski e Kao\u00ea T. Rauch a ConectaGr\u00e3o\u00ae tem como miss\u00e3o valorizar o produtor e aproximar o campo do mercado com tecnologia, informa\u00e7\u00e3o e inova\u00e7\u00e3o.\",\"sameAs\":[\"https:\\\/\\\/conectagrao.com.br\\\/blog\",\"https:\\\/\\\/www.facebook.com\\\/share\\\/1A5mH5g3LK\\\/\",\"https:\\\/\\\/www.instagram.com\\\/conectagrao?igsh=azQ1dXBndnp4dzZw\",\"https:\\\/\\\/youtube.com\\\/@conectagrao?si=QnGS_Zm7Cuj1pznt\"],\"url\":\"https:\\\/\\\/conectagrao.com.br\\\/blog\\\/author\\\/conectagrao\\\/\"}]}<\/script>\n<!-- \/ Yoast SEO plugin. -->","yoast_head_json":{"title":"Marketing Digital no Agroneg\u00f3cio: Como posicionar sua marca?","description":"O marketing digital no agroneg\u00f3cio brasileiro est\u00e1 em constante transforma\u00e7\u00e3o. E uma das maiores mudan\u00e7as recentes \u00e9 a digitaliza\u00e7\u00e3o do campo.","robots":{"index":"index","follow":"follow","max-snippet":"max-snippet:-1","max-image-preview":"max-image-preview:large","max-video-preview":"max-video-preview:-1"},"canonical":"https:\/\/conectagrao.com.br\/blog\/marketing-digital-no-agronegocio-como-posicionar-sua-marca-no-campo-conectado\/","og_locale":"pt_BR","og_type":"article","og_title":"Marketing Digital no Agroneg\u00f3cio: Como posicionar sua marca?","og_description":"O marketing digital no agroneg\u00f3cio brasileiro est\u00e1 em constante transforma\u00e7\u00e3o. E uma das maiores mudan\u00e7as recentes \u00e9 a digitaliza\u00e7\u00e3o do campo.","og_url":"https:\/\/conectagrao.com.br\/blog\/marketing-digital-no-agronegocio-como-posicionar-sua-marca-no-campo-conectado\/","og_site_name":"ConectaGr\u00e3o","article_publisher":"https:\/\/www.facebook.com\/conectagrao\/","article_author":"https:\/\/www.facebook.com\/share\/1A5mH5g3LK\/","article_published_time":"2025-07-08T21:10:29+00:00","article_modified_time":"2025-08-10T17:25:43+00:00","og_image":[{"width":1200,"height":800,"url":"https:\/\/conectagrao.com.br\/blog\/wp-content\/uploads\/2025\/07\/Marketing-Digital.jpg","type":"image\/jpeg"}],"author":"conectagrao","twitter_card":"summary_large_image","twitter_misc":{"Escrito por":"conectagrao","Est. tempo de leitura":"6 minutos"},"schema":{"@context":"https:\/\/schema.org","@graph":[{"@type":"Article","@id":"https:\/\/conectagrao.com.br\/blog\/marketing-digital-no-agronegocio-como-posicionar-sua-marca-no-campo-conectado\/#article","isPartOf":{"@id":"https:\/\/conectagrao.com.br\/blog\/marketing-digital-no-agronegocio-como-posicionar-sua-marca-no-campo-conectado\/"},"author":{"name":"conectagrao","@id":"https:\/\/conectagrao.com.br\/blog\/#\/schema\/person\/ba64f63526cab8efbf8b1f8198926135"},"headline":"Marketing Digital no Agroneg\u00f3cio: Como posicionar sua marca no agroneg\u00f3cio em 2025?","datePublished":"2025-07-08T21:10:29+00:00","dateModified":"2025-08-10T17:25:43+00:00","mainEntityOfPage":{"@id":"https:\/\/conectagrao.com.br\/blog\/marketing-digital-no-agronegocio-como-posicionar-sua-marca-no-campo-conectado\/"},"wordCount":914,"commentCount":0,"publisher":{"@id":"https:\/\/conectagrao.com.br\/blog\/#organization"},"image":{"@id":"https:\/\/conectagrao.com.br\/blog\/marketing-digital-no-agronegocio-como-posicionar-sua-marca-no-campo-conectado\/#primaryimage"},"thumbnailUrl":"https:\/\/conectagrao.com.br\/blog\/wp-content\/uploads\/2025\/07\/Marketing-Digital.jpg","keywords":["agro marketing digita","agroneg\u00f3cio e tecnologia","branding no setor agr\u00edcola","comunica\u00e7\u00e3o no agroneg\u00f3cio","estrat\u00e9gias de marketing agr\u00edcola","inova\u00e7\u00e3o no campo","marketing digital no agro","marketing para produtores rurais","posicionamento de marca rural"],"articleSection":["Blog","Vis\u00e3o de Mercado"],"inLanguage":"pt-BR","potentialAction":[{"@type":"CommentAction","name":"Comment","target":["https:\/\/conectagrao.com.br\/blog\/marketing-digital-no-agronegocio-como-posicionar-sua-marca-no-campo-conectado\/#respond"]}]},{"@type":"WebPage","@id":"https:\/\/conectagrao.com.br\/blog\/marketing-digital-no-agronegocio-como-posicionar-sua-marca-no-campo-conectado\/","url":"https:\/\/conectagrao.com.br\/blog\/marketing-digital-no-agronegocio-como-posicionar-sua-marca-no-campo-conectado\/","name":"Marketing Digital no Agroneg\u00f3cio: Como posicionar sua marca?","isPartOf":{"@id":"https:\/\/conectagrao.com.br\/blog\/#website"},"primaryImageOfPage":{"@id":"https:\/\/conectagrao.com.br\/blog\/marketing-digital-no-agronegocio-como-posicionar-sua-marca-no-campo-conectado\/#primaryimage"},"image":{"@id":"https:\/\/conectagrao.com.br\/blog\/marketing-digital-no-agronegocio-como-posicionar-sua-marca-no-campo-conectado\/#primaryimage"},"thumbnailUrl":"https:\/\/conectagrao.com.br\/blog\/wp-content\/uploads\/2025\/07\/Marketing-Digital.jpg","datePublished":"2025-07-08T21:10:29+00:00","dateModified":"2025-08-10T17:25:43+00:00","description":"O marketing digital no agroneg\u00f3cio brasileiro est\u00e1 em constante transforma\u00e7\u00e3o. E uma das maiores mudan\u00e7as recentes \u00e9 a digitaliza\u00e7\u00e3o do campo.","breadcrumb":{"@id":"https:\/\/conectagrao.com.br\/blog\/marketing-digital-no-agronegocio-como-posicionar-sua-marca-no-campo-conectado\/#breadcrumb"},"inLanguage":"pt-BR","potentialAction":[{"@type":"ReadAction","target":["https:\/\/conectagrao.com.br\/blog\/marketing-digital-no-agronegocio-como-posicionar-sua-marca-no-campo-conectado\/"]}]},{"@type":"ImageObject","inLanguage":"pt-BR","@id":"https:\/\/conectagrao.com.br\/blog\/marketing-digital-no-agronegocio-como-posicionar-sua-marca-no-campo-conectado\/#primaryimage","url":"https:\/\/conectagrao.com.br\/blog\/wp-content\/uploads\/2025\/07\/Marketing-Digital.jpg","contentUrl":"https:\/\/conectagrao.com.br\/blog\/wp-content\/uploads\/2025\/07\/Marketing-Digital.jpg","width":1200,"height":800},{"@type":"BreadcrumbList","@id":"https:\/\/conectagrao.com.br\/blog\/marketing-digital-no-agronegocio-como-posicionar-sua-marca-no-campo-conectado\/#breadcrumb","itemListElement":[{"@type":"ListItem","position":1,"name":"In\u00edcio","item":"https:\/\/conectagrao.com.br\/blog\/"},{"@type":"ListItem","position":2,"name":"Marketing Digital no Agroneg\u00f3cio: Como posicionar sua marca no agroneg\u00f3cio em 2025?"}]},{"@type":"WebSite","@id":"https:\/\/conectagrao.com.br\/blog\/#website","url":"https:\/\/conectagrao.com.br\/blog\/","name":"ConectaGr\u00e3o","description":"Conectando o futuro com o agroneg\u00f3cio.","publisher":{"@id":"https:\/\/conectagrao.com.br\/blog\/#organization"},"alternateName":"conectagrao","potentialAction":[{"@type":"SearchAction","target":{"@type":"EntryPoint","urlTemplate":"https:\/\/conectagrao.com.br\/blog\/?s={search_term_string}"},"query-input":{"@type":"PropertyValueSpecification","valueRequired":true,"valueName":"search_term_string"}}],"inLanguage":"pt-BR"},{"@type":"Organization","@id":"https:\/\/conectagrao.com.br\/blog\/#organization","name":"ConectaGr\u00e3o","alternateName":"conectagrao","url":"https:\/\/conectagrao.com.br\/blog\/","logo":{"@type":"ImageObject","inLanguage":"pt-BR","@id":"https:\/\/conectagrao.com.br\/blog\/#\/schema\/logo\/image\/","url":"https:\/\/conectagrao.com.br\/blog\/wp-content\/uploads\/2025\/07\/ConectaGrao-6.png","contentUrl":"https:\/\/conectagrao.com.br\/blog\/wp-content\/uploads\/2025\/07\/ConectaGrao-6.png","width":447,"height":559,"caption":"ConectaGr\u00e3o"},"image":{"@id":"https:\/\/conectagrao.com.br\/blog\/#\/schema\/logo\/image\/"},"sameAs":["https:\/\/www.facebook.com\/conectagrao\/","https:\/\/www.tiktok.com\/@conectagrao?_t=ZM-8xPuS2d6MFB&_r=1","https:\/\/www.threads.com\/@conectagrao","https:\/\/www.youtube.com\/@conectagrao","https:\/\/www.instagram.com\/conectagrao"]},{"@type":"Person","@id":"https:\/\/conectagrao.com.br\/blog\/#\/schema\/person\/ba64f63526cab8efbf8b1f8198926135","name":"conectagrao","image":{"@type":"ImageObject","inLanguage":"pt-BR","@id":"https:\/\/secure.gravatar.com\/avatar\/fb3dc2cba7f544171abec58358591c995847240e6fd4f1f7a4a8159970dca59e?s=96&d=mm&r=g","url":"https:\/\/secure.gravatar.com\/avatar\/fb3dc2cba7f544171abec58358591c995847240e6fd4f1f7a4a8159970dca59e?s=96&d=mm&r=g","contentUrl":"https:\/\/secure.gravatar.com\/avatar\/fb3dc2cba7f544171abec58358591c995847240e6fd4f1f7a4a8159970dca59e?s=96&d=mm&r=g","caption":"conectagrao"},"description":"ConectaGr\u00e3o\u00ae \u00e9 uma plataforma digital que conecta produtores, empresas e compradores do agroneg\u00f3cio, oferecendo an\u00e1lises de mercado, cota\u00e7\u00f5es, ferramentas e conte\u00fados gratuitos para facilitar o dia a dia no campo. Fundada por Genecir Jacoboski e Kao\u00ea T. Rauch a ConectaGr\u00e3o\u00ae tem como miss\u00e3o valorizar o produtor e aproximar o campo do mercado com tecnologia, informa\u00e7\u00e3o e inova\u00e7\u00e3o.","sameAs":["https:\/\/conectagrao.com.br\/blog","https:\/\/www.facebook.com\/share\/1A5mH5g3LK\/","https:\/\/www.instagram.com\/conectagrao?igsh=azQ1dXBndnp4dzZw","https:\/\/youtube.com\/@conectagrao?si=QnGS_Zm7Cuj1pznt"],"url":"https:\/\/conectagrao.com.br\/blog\/author\/conectagrao\/"}]}},"uagb_featured_image_src":{"full":["https:\/\/conectagrao.com.br\/blog\/wp-content\/uploads\/2025\/07\/Marketing-Digital.jpg",1200,800,false],"thumbnail":["https:\/\/conectagrao.com.br\/blog\/wp-content\/uploads\/2025\/07\/Marketing-Digital-150x150.jpg",150,150,true],"medium":["https:\/\/conectagrao.com.br\/blog\/wp-content\/uploads\/2025\/07\/Marketing-Digital-300x200.jpg",300,200,true],"medium_large":["https:\/\/conectagrao.com.br\/blog\/wp-content\/uploads\/2025\/07\/Marketing-Digital-768x512.jpg",640,427,true],"large":["https:\/\/conectagrao.com.br\/blog\/wp-content\/uploads\/2025\/07\/Marketing-Digital-1024x683.jpg",640,427,true],"1536x1536":["https:\/\/conectagrao.com.br\/blog\/wp-content\/uploads\/2025\/07\/Marketing-Digital.jpg",1200,800,false],"2048x2048":["https:\/\/conectagrao.com.br\/blog\/wp-content\/uploads\/2025\/07\/Marketing-Digital.jpg",1200,800,false],"cvmm-medium":["https:\/\/conectagrao.com.br\/blog\/wp-content\/uploads\/2025\/07\/Marketing-Digital-300x300.jpg",300,300,true],"cvmm-medium-plus":["https:\/\/conectagrao.com.br\/blog\/wp-content\/uploads\/2025\/07\/Marketing-Digital-305x207.jpg",305,207,true],"cvmm-portrait":["https:\/\/conectagrao.com.br\/blog\/wp-content\/uploads\/2025\/07\/Marketing-Digital-400x600.jpg",400,600,true],"cvmm-medium-square":["https:\/\/conectagrao.com.br\/blog\/wp-content\/uploads\/2025\/07\/Marketing-Digital-600x600.jpg",600,600,true],"cvmm-large":["https:\/\/conectagrao.com.br\/blog\/wp-content\/uploads\/2025\/07\/Marketing-Digital-1024x800.jpg",1024,800,true],"cvmm-small":["https:\/\/conectagrao.com.br\/blog\/wp-content\/uploads\/2025\/07\/Marketing-Digital-130x95.jpg",130,95,true],"news-portal-block-medium":["https:\/\/conectagrao.com.br\/blog\/wp-content\/uploads\/2025\/07\/Marketing-Digital-305x207.jpg",305,207,true],"news-portal-block-thumb":["https:\/\/conectagrao.com.br\/blog\/wp-content\/uploads\/2025\/07\/Marketing-Digital-136x102.jpg",136,102,true],"news-portal-slider-medium":["https:\/\/conectagrao.com.br\/blog\/wp-content\/uploads\/2025\/07\/Marketing-Digital-622x420.jpg",622,420,true],"news-portal-carousel-portrait":["https:\/\/conectagrao.com.br\/blog\/wp-content\/uploads\/2025\/07\/Marketing-Digital-400x600.jpg",400,600,true],"news-portal-alternate-grid":["https:\/\/conectagrao.com.br\/blog\/wp-content\/uploads\/2025\/07\/Marketing-Digital-340x316.jpg",340,316,true],"web-stories-poster-portrait":["https:\/\/conectagrao.com.br\/blog\/wp-content\/uploads\/2025\/07\/Marketing-Digital.jpg",640,427,false],"web-stories-publisher-logo":["https:\/\/conectagrao.com.br\/blog\/wp-content\/uploads\/2025\/07\/Marketing-Digital.jpg",96,64,false],"web-stories-thumbnail":["https:\/\/conectagrao.com.br\/blog\/wp-content\/uploads\/2025\/07\/Marketing-Digital.jpg",150,100,false]},"uagb_author_info":{"display_name":"conectagrao","author_link":"https:\/\/conectagrao.com.br\/blog\/author\/conectagrao\/"},"uagb_comment_info":0,"uagb_excerpt":"O agroneg\u00f3cio est\u00e1 cada vez mais digital. Descubra como o marketing online pode ajudar sua empresa a atrair produtores, gerar vendas e se destacar no campo conectado.","blog_post_layout_featured_media_urls":{"thumbnail":["https:\/\/conectagrao.com.br\/blog\/wp-content\/uploads\/2025\/07\/Marketing-Digital-150x150.jpg",150,150,true],"full":["https:\/\/conectagrao.com.br\/blog\/wp-content\/uploads\/2025\/07\/Marketing-Digital.jpg",1200,800,false]},"categories_names":{"1":{"name":"Blog","link":"https:\/\/conectagrao.com.br\/blog\/blog\/"},"29":{"name":"Vis\u00e3o de Mercado","link":"https:\/\/conectagrao.com.br\/blog\/mercado\/"}},"tags_names":{"130":{"name":"agro marketing digita","link":"https:\/\/conectagrao.com.br\/blog\/tag\/agro-marketing-digita\/"},"124":{"name":"agroneg\u00f3cio e tecnologia","link":"https:\/\/conectagrao.com.br\/blog\/tag\/agronegocio-e-tecnologia\/"},"131":{"name":"branding no setor agr\u00edcola","link":"https:\/\/conectagrao.com.br\/blog\/tag\/branding-no-setor-agricola\/"},"129":{"name":"comunica\u00e7\u00e3o no agroneg\u00f3cio","link":"https:\/\/conectagrao.com.br\/blog\/tag\/comunicacao-no-agronegocio\/"},"126":{"name":"estrat\u00e9gias de marketing agr\u00edcola","link":"https:\/\/conectagrao.com.br\/blog\/tag\/estrategias-de-marketing-agricola\/"},"128":{"name":"inova\u00e7\u00e3o no campo","link":"https:\/\/conectagrao.com.br\/blog\/tag\/inovacao-no-campo\/"},"123":{"name":"marketing digital no agro","link":"https:\/\/conectagrao.com.br\/blog\/tag\/marketing-digital-no-agro\/"},"127":{"name":"marketing para produtores rurais","link":"https:\/\/conectagrao.com.br\/blog\/tag\/marketing-para-produtores-rurais\/"},"125":{"name":"posicionamento de marca rural","link":"https:\/\/conectagrao.com.br\/blog\/tag\/posicionamento-de-marca-rural\/"}},"comments_number":"0","wpmagazine_modules_lite_featured_media_urls":{"thumbnail":["https:\/\/conectagrao.com.br\/blog\/wp-content\/uploads\/2025\/07\/Marketing-Digital-150x150.jpg",150,150,true],"cvmm-medium":["https:\/\/conectagrao.com.br\/blog\/wp-content\/uploads\/2025\/07\/Marketing-Digital-300x300.jpg",300,300,true],"cvmm-medium-plus":["https:\/\/conectagrao.com.br\/blog\/wp-content\/uploads\/2025\/07\/Marketing-Digital-305x207.jpg",305,207,true],"cvmm-portrait":["https:\/\/conectagrao.com.br\/blog\/wp-content\/uploads\/2025\/07\/Marketing-Digital-400x600.jpg",400,600,true],"cvmm-medium-square":["https:\/\/conectagrao.com.br\/blog\/wp-content\/uploads\/2025\/07\/Marketing-Digital-600x600.jpg",600,600,true],"cvmm-large":["https:\/\/conectagrao.com.br\/blog\/wp-content\/uploads\/2025\/07\/Marketing-Digital-1024x800.jpg",1024,800,true],"cvmm-small":["https:\/\/conectagrao.com.br\/blog\/wp-content\/uploads\/2025\/07\/Marketing-Digital-130x95.jpg",130,95,true],"full":["https:\/\/conectagrao.com.br\/blog\/wp-content\/uploads\/2025\/07\/Marketing-Digital.jpg",1200,800,false]},"_links":{"self":[{"href":"https:\/\/conectagrao.com.br\/blog\/wp-json\/wp\/v2\/posts\/724","targetHints":{"allow":["GET"]}}],"collection":[{"href":"https:\/\/conectagrao.com.br\/blog\/wp-json\/wp\/v2\/posts"}],"about":[{"href":"https:\/\/conectagrao.com.br\/blog\/wp-json\/wp\/v2\/types\/post"}],"author":[{"embeddable":true,"href":"https:\/\/conectagrao.com.br\/blog\/wp-json\/wp\/v2\/users\/1"}],"replies":[{"embeddable":true,"href":"https:\/\/conectagrao.com.br\/blog\/wp-json\/wp\/v2\/comments?post=724"}],"version-history":[{"count":3,"href":"https:\/\/conectagrao.com.br\/blog\/wp-json\/wp\/v2\/posts\/724\/revisions"}],"predecessor-version":[{"id":974,"href":"https:\/\/conectagrao.com.br\/blog\/wp-json\/wp\/v2\/posts\/724\/revisions\/974"}],"wp:featuredmedia":[{"embeddable":true,"href":"https:\/\/conectagrao.com.br\/blog\/wp-json\/wp\/v2\/media\/725"}],"wp:attachment":[{"href":"https:\/\/conectagrao.com.br\/blog\/wp-json\/wp\/v2\/media?parent=724"}],"wp:term":[{"taxonomy":"category","embeddable":true,"href":"https:\/\/conectagrao.com.br\/blog\/wp-json\/wp\/v2\/categories?post=724"},{"taxonomy":"post_tag","embeddable":true,"href":"https:\/\/conectagrao.com.br\/blog\/wp-json\/wp\/v2\/tags?post=724"}],"curies":[{"name":"wp","href":"https:\/\/api.w.org\/{rel}","templated":true}]}}