{"id":780,"date":"2025-07-18T01:20:58","date_gmt":"2025-07-18T01:20:58","guid":{"rendered":"https:\/\/conectagrao.com.br\/blog\/?p=780"},"modified":"2025-08-11T02:26:31","modified_gmt":"2025-08-11T02:26:31","slug":"ciclo-do-algodao","status":"publish","type":"post","link":"https:\/\/conectagrao.com.br\/blog\/ciclo-do-algodao\/","title":{"rendered":"Como Funciona o Ciclo do Algod\u00e3o: Manejo Inteligente"},"content":{"rendered":"\n<h2 class=\"wp-block-heading\"><strong>A Import\u00e2ncia de Entender o Ciclo do Algod\u00e3o<\/strong><\/h2>\n\n\n\n<p>O algod\u00e3o \u00e9 uma das culturas agr\u00edcolas mais importantes do mundo, logo cultivada em mais de 100 pa\u00edses e ocupando cerca de 33 milh\u00f5es de hectares.&nbsp;<strong>O Brasil se destaca como o 3\u00ba maior produtor global e l\u00edder nas exporta\u00e7\u00f5es<\/strong>, assim tendo comercializado aproximadamente 2,6 milh\u00f5es de toneladas na safra 2023\/24, assim neste post vamos entender como funciona o ciclo do algod\u00e3o e alguns manejos da cultura.<\/p>\n\n\n\n<p><strong>Entender o ciclo do algod\u00e3o e sua fenologia<\/strong>&nbsp;\u2014 ou seja, as etapas do seu desenvolvimento \u2014 \u00e9 fundamental para garantir produtividade, qualidade da fibra e efici\u00eancia no manejo da lavoura. Assim como cada fase exige cuidados espec\u00edficos, e o uso correto de t\u00e9cnicas agron\u00f4micas faz toda a diferen\u00e7a entre uma colheita de sucesso e resultados abaixo do esperado.<\/p>\n\n\n\n<h2 class=\"wp-block-heading\"><strong>O Que \u00c9 a Fenologia do Algod\u00e3o?<\/strong><\/h2>\n\n\n\n<p>Contudo a fenologia estuda o desenvolvimento das plantas ao longo do tempo, com base em caracter\u00edsticas visuais e fisiol\u00f3gicas.&nbsp;<strong>No ciclo do algod\u00e3o<\/strong>, essa din\u00e2mica \u00e9 organizada em uma escala proposta pelo IAPAR (2003), assim dividida em quatro fases principais, cada uma com subest\u00e1gios detalhados.<\/p>\n\n\n<div class=\"wp-block-image\">\n<figure class=\"aligncenter size-full\"><img fetchpriority=\"high\" decoding=\"async\" width=\"1080\" height=\"327\" src=\"https:\/\/conectagrao.com.br\/blog\/wp-content\/uploads\/2025\/07\/fenologica-do-algodao-1.jpg\" alt=\"\" class=\"wp-image-785\" srcset=\"https:\/\/conectagrao.com.br\/blog\/wp-content\/uploads\/2025\/07\/fenologica-do-algodao-1.jpg 1080w, https:\/\/conectagrao.com.br\/blog\/wp-content\/uploads\/2025\/07\/fenologica-do-algodao-1-300x91.jpg 300w, https:\/\/conectagrao.com.br\/blog\/wp-content\/uploads\/2025\/07\/fenologica-do-algodao-1-1024x310.jpg 1024w, https:\/\/conectagrao.com.br\/blog\/wp-content\/uploads\/2025\/07\/fenologica-do-algodao-1-768x233.jpg 768w\" sizes=\"(max-width: 1080px) 100vw, 1080px\" \/><\/figure>\n<\/div>\n\n\n<p><strong>Sempre que dominar essas fases permite ao agricultor tomar decis\u00f5es mais precisas sobre:<\/strong><br> Nutri\u00e7\u00e3o e aduba\u00e7\u00e3o<br> Uso de reguladores de crescimento<br> Monitoramento de pragas e doen\u00e7as<br> Momento ideal para aplica\u00e7\u00e3o de defensivos e colheita<\/p>\n\n\n\n<div style=\"border: 2px solid #ff9800; border-radius: 10px; padding: 20px; background: #ffffff; box-shadow: 0 4px 12px rgba(0,0,0,0.1); font-family: Arial, sans-serif; width: 100%; max-width: 100%; margin: 20px 0; text-align: center; box-sizing: border-box;\">\n  \n  <h3 style=\"color: #ff9800; font-size: 24px; margin-top: 0; margin-bottom: 15px;\">\n    <span style=\"display: none;\" class=\"whatsapp-icon\">\n      <img decoding=\"async\" src=\"https:\/\/e7.pngegg.com\/pngimages\/347\/373\/png-clipart-computer-icons-whatsapp-whatsapp-text-trademark-thumbnail.png\" alt=\"WhatsApp\" style=\"width: 40px; height: 40px; border-radius: 50%; object-fit: cover;\">\n    <\/span>\n  <\/h3>\n  \n  <div style=\"display: flex; justify-content: center; align-items: center; flex-wrap: wrap; margin-bottom: 10px;\">\n    <div style=\"text-align: center; margin-right: 10px;\"> <!-- Reduzido o margin-right -->\n      <p style=\"font-size: 16px; color: #333; line-height: 1.5; margin: 0;\">\n        \ud83d\udcf0 Not\u00edcias &#038; Mercado | \ud83d\udd14 Novidades <span class=\"desktop-separator\">|<\/span>\n      <\/p>\n    <\/div>\n    <div style=\"text-align: center;\">\n      <p style=\"font-size: 16px; color: #333; line-height: 1.5; margin: 0;\">\n        \u26c5 Clima | \ud83d\ude80 Tecnologia | \ud83d\udcf1 Blog\n      <\/p>\n    <\/div>\n  <\/div>\n  \n  <a href=\"https:\/\/www.whatsapp.com\/channel\/0029VaLMT22GOj9f6eVOpJ0N\" target=\"_blank\" style=\"background: #25D366; color: #fff; padding: 10px 20px; font-size: 16px; font-weight: bold; text-decoration: none; border-radius: 30px; display: inline-block; transition: all 0.3s; position: relative;\">\n    <img decoding=\"async\" src=\"https:\/\/upload.wikimedia.org\/wikipedia\/commons\/6\/6b\/WhatsApp.svg\" alt=\"WhatsApp\" style=\"width: 20px; height: 20px; vertical-align: middle; margin-right: 5px;\">\n    Entrar no Canal\n  <\/a>\n  \n  <p style=\"font-size: 12px; color: #666; margin-top: 15px; font-weight: bold;\">\n    Sua conex\u00e3o com as melhores informa\u00e7\u00f5es do agroneg\u00f3cio!\n  <\/p>\n<\/div>\n\n<style>\n@media (max-width: 768px) {\n  .desktop-separator {\n    display: none; \/* Ocultar o separador \"|\" em dispositivos m\u00f3veis *\/\n  }\n  h3 {\n    font-size: 20px; \/* Diminuir o tamanho da fonte do t\u00edtulo em dispositivos m\u00f3veis *\/\n  }\n  p {\n    font-size: 14px; \/* Diminuir o tamanho da fonte dos par\u00e1grafos em dispositivos m\u00f3veis *\/\n  }\n  a {\n    font-size: 14px; \/* Diminuir o tamanho da fonte do bot\u00e3o em dispositivos m\u00f3veis *\/\n    padding: 8px 15px; \/* Ajustar o padding do bot\u00e3o em dispositivos m\u00f3veis *\/\n  }\n}\n<\/style>\n\n\n\n\n<h2 class=\"wp-block-heading\"><strong>Primeira Etapa: Fase Vegetativa (Desenvolvimento Inicial)<\/strong><\/h2>\n\n\n\n<p>Enfim <strong>o ciclo do algod\u00e3o come\u00e7a com a fase vegetativa<\/strong>, que vai da semeadura at\u00e9 o in\u00edcio da frutifica\u00e7\u00e3o. A emerg\u00eancia da planta ocorre entre 5 e 10 dias ap\u00f3s o plantio, desde que as temperaturas do solo (m\u00ednimo de 20\u202f\u00b0C) e do ar (entre 25 e 30\u202f\u00b0C) sejam adequadas.<\/p>\n\n\n\n<h3 class=\"wp-block-heading\"><strong>Caracter\u00edsticas importantes:<\/strong><\/h3>\n\n\n\n<ul class=\"wp-block-list\">\n<li>A raiz pivotante pode atingir at\u00e9 90 cm de profundidade antes mesmo do alongamento total da parte a\u00e9rea.<\/li>\n\n\n\n<li>A forma\u00e7\u00e3o de folhas verdadeiras e ramos vegetativos indica o avan\u00e7o dessa fase.<\/li>\n<\/ul>\n\n\n\n<h3 class=\"wp-block-heading\"><strong>Subest\u00e1gios:<\/strong><\/h3>\n\n\n\n<ul class=\"wp-block-list\">\n<li><strong>V0:<\/strong>&nbsp;Emerg\u00eancia da pl\u00e2ntula<\/li>\n\n\n\n<li><strong>V1, V2, V3&#8230; Vn:<\/strong>&nbsp;Desenvolvimento das primeiras folhas e ramos<\/li>\n<\/ul>\n\n\n<div class=\"wp-block-image\">\n<figure class=\"aligncenter size-full\"><img decoding=\"async\" width=\"752\" height=\"341\" src=\"https:\/\/conectagrao.com.br\/blog\/wp-content\/uploads\/2025\/07\/estagio-vegetativo-algodao-2.webp\" alt=\"\" class=\"wp-image-784\" srcset=\"https:\/\/conectagrao.com.br\/blog\/wp-content\/uploads\/2025\/07\/estagio-vegetativo-algodao-2.webp 752w, https:\/\/conectagrao.com.br\/blog\/wp-content\/uploads\/2025\/07\/estagio-vegetativo-algodao-2-300x136.webp 300w\" sizes=\"(max-width: 752px) 100vw, 752px\" \/><\/figure>\n<\/div>\n\n\n<p><strong>Nesta etapa, \u00e9 essencial focar na aduba\u00e7\u00e3o nitrogenada e no controle de plantas daninhas<\/strong>, pois elas impactam diretamente o potencial produtivo da lavoura.<\/p>\n\n\n\n<h2 class=\"wp-block-heading\"><strong>Segunda Etapa: Forma\u00e7\u00e3o dos Bot\u00f5es Florais (In\u00edcio da Reprodu\u00e7\u00e3o)<\/strong><\/h2>\n\n\n\n<p><strong>Nesta fase do ciclo do algod\u00e3o<\/strong>, a planta come\u00e7a a transi\u00e7\u00e3o do crescimento vegetativo para o reprodutivo. Desse modo, com a forma\u00e7\u00e3o do primeiro bot\u00e3o floral vis\u00edvel.<\/p>\n\n\n\n<h3 class=\"wp-block-heading\"><strong>Pontos de aten\u00e7\u00e3o:<\/strong><\/h3>\n\n\n\n<ul class=\"wp-block-list\">\n<li>O equil\u00edbrio entre crescimento vegetativo e frutifica\u00e7\u00e3o \u00e9 crucial.<\/li>\n\n\n\n<li>Estresse h\u00eddrico e temperaturas noturnas acima de 25\u202f\u00b0C, assim podem causar a queda de bot\u00f5es, prejudicando a produtividade.<\/li>\n<\/ul>\n\n\n\n<h3 class=\"wp-block-heading\"><strong>Subest\u00e1gios:<\/strong><\/h3>\n\n\n\n<ul class=\"wp-block-list\">\n<li><strong>B1:<\/strong>&nbsp;Primeiro bot\u00e3o<\/li>\n\n\n\n<li><strong>B2, B3&#8230; Bn:<\/strong>&nbsp;Forma\u00e7\u00e3o progressiva de bot\u00f5es<\/li>\n<\/ul>\n\n\n\n<p><strong>Aqui, o uso de reguladores de crescimento (como o mepiquat) \u00e9 fundamental<\/strong>&nbsp;para evitar excesso de crescimento vegetativo e logo direcionar energia para os frutos.<\/p>\n\n\n\n<h2 class=\"wp-block-heading\"><strong>Terceira Etapa: Florescimento e Frutifica\u00e7\u00e3o<\/strong><\/h2>\n\n\n\n<p><strong>Uma das fases mais cr\u00edticas do ciclo do algod\u00e3o<\/strong>, o florescimento marca a abertura das flores e portanto o in\u00edcio da forma\u00e7\u00e3o dos capulhos (ma\u00e7\u00e3s).<\/p>\n\n\n\n<h3 class=\"wp-block-heading\"><strong>Fatores decisivos:<\/strong><\/h3>\n\n\n\n<ul class=\"wp-block-list\">\n<li>A cultura demanda de 4 a 8 mm de \u00e1gua por dia.<\/li>\n\n\n\n<li>Chuvas excessivas ou escassez prejudicam a poliniza\u00e7\u00e3o.<\/li>\n\n\n\n<li>Temperaturas acima de 30\u202f\u00b0C reduzem o pegamento dos frutos.<\/li>\n<\/ul>\n\n\n\n<h3 class=\"wp-block-heading\"><strong>Subest\u00e1gios:<\/strong><\/h3>\n\n\n\n<ul class=\"wp-block-list\">\n<li><strong>F1:<\/strong>&nbsp;Primeira flor no ramo reprodutivo<\/li>\n\n\n\n<li><strong>F2, F3&#8230; Fn:<\/strong>&nbsp;Florescimento sequencial<\/li>\n<\/ul>\n\n\n\n<figure class=\"wp-block-image size-full\"><img decoding=\"async\" width=\"1024\" height=\"184\" src=\"https:\/\/conectagrao.com.br\/blog\/wp-content\/uploads\/2025\/07\/botao-floral-do-algodoeiro-1.webp\" alt=\"\" class=\"wp-image-781\" srcset=\"https:\/\/conectagrao.com.br\/blog\/wp-content\/uploads\/2025\/07\/botao-floral-do-algodoeiro-1.webp 1024w, https:\/\/conectagrao.com.br\/blog\/wp-content\/uploads\/2025\/07\/botao-floral-do-algodoeiro-1-300x54.webp 300w, https:\/\/conectagrao.com.br\/blog\/wp-content\/uploads\/2025\/07\/botao-floral-do-algodoeiro-1-768x138.webp 768w\" sizes=\"(max-width: 1024px) 100vw, 1024px\" \/><\/figure>\n\n\n\n<p><strong>Neste per\u00edodo, a nutri\u00e7\u00e3o equilibrada \u00e9 essencial<\/strong>, com destaque para f\u00f3sforo, pot\u00e1ssio e micronutrientes como o boro.<\/p>\n\n\n\n<h2 class=\"wp-block-heading\"><strong>Quarta Etapa: Matura\u00e7\u00e3o e Abertura dos Capulhos<\/strong><\/h2>\n\n\n\n<p><strong>A fase final do ciclo do algod\u00e3o<\/strong>&nbsp;envolve o amadurecimento e abertura dos capulhos, assim expondo a fibra que ser\u00e1 colhida.<\/p>\n\n\n\n<h3 class=\"wp-block-heading\"><strong>Condi\u00e7\u00f5es ideais:<\/strong><\/h3>\n\n\n\n<ul class=\"wp-block-list\">\n<li>Temperaturas entre 21 e 26\u202f\u00b0C favorecem a abertura uniforme.<\/li>\n\n\n\n<li>Em regi\u00f5es mais quentes, o processo \u00e9 acelerado, mas os capulhos podem ser menores.<\/li>\n<\/ul>\n\n\n\n<h3 class=\"wp-block-heading\"><strong>Manejo recomendado:<\/strong><\/h3>\n\n\n\n<ul class=\"wp-block-list\">\n<li>Uso de desfolhantes e maturadores quando 70\u201380% dos capulhos estiverem prontos.<\/li>\n\n\n\n<li>Colheita planejada para evitar perdas por intemp\u00e9ries.<\/li>\n<\/ul>\n\n\n\n<figure class=\"wp-block-image size-full\"><img loading=\"lazy\" decoding=\"async\" width=\"800\" height=\"533\" src=\"https:\/\/conectagrao.com.br\/blog\/wp-content\/uploads\/2025\/07\/capulho-de-algodao-3.webp\" alt=\"\" class=\"wp-image-788\" srcset=\"https:\/\/conectagrao.com.br\/blog\/wp-content\/uploads\/2025\/07\/capulho-de-algodao-3.webp 800w, https:\/\/conectagrao.com.br\/blog\/wp-content\/uploads\/2025\/07\/capulho-de-algodao-3-300x200.webp 300w, https:\/\/conectagrao.com.br\/blog\/wp-content\/uploads\/2025\/07\/capulho-de-algodao-3-768x512.webp 768w\" sizes=\"(max-width: 800px) 100vw, 800px\" \/><\/figure>\n\n\n\n<h2 class=\"wp-block-heading\"><strong>Clima, Solo e \u00c1gua: Como o Ambiente Influencia o Ciclo do Algod\u00e3o<\/strong><\/h2>\n\n\n\n<p><strong>Por\u00e9m<\/strong> <strong>a fenologia do algodoeiro \u00e9 altamente sens\u00edvel a fatores externos.<\/strong>&nbsp;Por exemplo:<\/p>\n\n\n\n<h3 class=\"wp-block-heading\"><strong>Temperatura<\/strong><\/h3>\n\n\n\n<ul class=\"wp-block-list\">\n<li><strong>Ideal:<\/strong>&nbsp;20 a 30\u202f\u00b0C<\/li>\n\n\n\n<li>Abaixo de 15\u202f\u00b0C atrasa o crescimento; acima de 35\u202f\u00b0C prejudica a frutifica\u00e7\u00e3o.<\/li>\n<\/ul>\n\n\n\n<h3 class=\"wp-block-heading\"><strong>\u00c1gua<\/strong><\/h3>\n\n\n\n<ul class=\"wp-block-list\">\n<li>Necessidade: 500 a 1.500\u202fmm de chuva bem distribu\u00edda.<\/li>\n\n\n\n<li>Estresse h\u00eddrico no florescimento causa perdas severas.<\/li>\n<\/ul>\n\n\n\n<h3 class=\"wp-block-heading\"><strong>Solo<\/strong><\/h3>\n\n\n\n<ul class=\"wp-block-list\">\n<li>Solos profundos, bem drenados e f\u00e9rteis, logo favorecem o desenvolvimento.<\/li>\n\n\n\n<li>Compacta\u00e7\u00e3o e baixa mat\u00e9ria org\u00e2nica, assim reduzindo a efici\u00eancia nutricional.<\/li>\n<\/ul>\n\n\n\n<h2 class=\"wp-block-heading\"><strong>Estrat\u00e9gias de Manejo Baseadas no Ciclo do Algod\u00e3o<\/strong><\/h2>\n\n\n\n<h3 class=\"wp-block-heading\"><strong>Nutri\u00e7\u00e3o de Precis\u00e3o<\/strong><\/h3>\n\n\n\n<ul class=\"wp-block-list\">\n<li>Nitrog\u00eanio na fase vegetativa<\/li>\n\n\n\n<li>F\u00f3sforo e pot\u00e1ssio na frutifica\u00e7\u00e3o<\/li>\n\n\n\n<li>Micronutrientes (boro) no florescimento<\/li>\n<\/ul>\n\n\n\n<h3 class=\"wp-block-heading\"><strong>Uso de Reguladores de Crescimento<\/strong><\/h3>\n\n\n\n<ul class=\"wp-block-list\">\n<li>Reduzem altura da planta<\/li>\n\n\n\n<li>Uniformizam a matura\u00e7\u00e3o<\/li>\n\n\n\n<li>Evitam acamamento<\/li>\n<\/ul>\n\n\n\n<h3 class=\"wp-block-heading\"><strong>Controle Fitossanit\u00e1rio<\/strong><\/h3>\n\n\n\n<ul class=\"wp-block-list\">\n<li>Pragas (bicudo, lagartas, percevejos)<\/li>\n\n\n\n<li>Doen\u00e7as (ramulose, mancha-alvo, fusariose)<\/li>\n<\/ul>\n\n\n\n<h3 class=\"wp-block-heading\"><strong>Colheita Planejada<\/strong><\/h3>\n\n\n\n<ul class=\"wp-block-list\">\n<li>Ideal quando 70\u201380% dos capulhos est\u00e3o abertos<\/li>\n\n\n\n<li>Evita perdas por chuva ou deteriora\u00e7\u00e3o<\/li>\n<\/ul>\n\n\n\n<h2 class=\"wp-block-heading\"><strong>Domine o Ciclo do Algod\u00e3o para Maximizar Resultados<\/strong><\/h2>\n\n\n\n<p><strong>Conhecer cada fase do ciclo do algod\u00e3o \u00e9 a chave para uma lavoura produtiva e rent\u00e1vel.<\/strong>&nbsp;Assim como t\u00e9cnicas de manejo inteligente, nutri\u00e7\u00e3o balanceada e monitoramento constante, desde j\u00e1 os produtores podem alcan\u00e7ar excel\u00eancia na cotonicultura.<\/p>\n\n\n\n<p><strong>Contudo quer saber mais sobre o cultivo de algod\u00e3o?<\/strong>&nbsp;Confira nosso&nbsp;<a target=\"_blank\" rel=\"noreferrer noopener\">guia completo de manejo do algodoeiro<\/a>&nbsp;e&nbsp;<a target=\"_blank\" rel=\"noreferrer noopener\">dicas para aumentar a produtividade<\/a>.<\/p>\n\n\n\n<hr class=\"wp-block-separator has-alpha-channel-opacity\"\/>\n\n\n\n<p><strong>Fonte<\/strong>:<br>SILVA, Alasse Oliveira da. <em>Fenologia do algod\u00e3o: est\u00e1dios, manejo e impacto clim\u00e1tico no desenvolvimento da cultura.<\/em> Agroadvance. Acesso em 16\/07\/2025. Dispon\u00edvel em: <a class=\"\" href=\"https:\/\/agroadvance.com.br\/blog-fenologia-do-algodao\">https:\/\/agroadvance.com.br\/blog-fenologia-do-algodao<\/a><\/p>\n\n\n\n<p><em>Baseado no artigo original de Alasse Oliveira da Silva \u2013 Agroadvance (2025)<\/em><\/p>\n\n\n\n<p>Escrito por Kao\u00ea Rauch-equipe ConectaGr\u00e3o<\/p>\n\n\n\n<p><\/p>\n","protected":false},"excerpt":{"rendered":"<p>Entenda como o ciclo do algod\u00e3o influencia a produtividade da lavoura. Descubra os est\u00e1gios fenol\u00f3gicos, os impactos do clima e as pr\u00e1ticas de manejo ideais para cada fase da cultura.<\/p>\n","protected":false},"author":1,"featured_media":751,"comment_status":"open","ping_status":"open","sticky":false,"template":"","format":"standard","meta":{"_coblocks_attr":"","_coblocks_dimensions":"","_coblocks_responsive_height":"","_coblocks_accordion_ie_support":"","_uag_custom_page_level_css":"","footnotes":""},"categories":[32,1],"tags":[141,145,142,148,149,147,150,144,146,151],"class_list":["post-780","post","type-post","status-publish","format-standard","has-post-thumbnail","hentry","category-agricultura","category-blog","tag-ciclo-do-algodao","tag-colheita-do-algodao","tag-cultivo-de-algodao","tag-epoca-de-plantio-do-algodao","tag-fases-do-algodao","tag-manejo-do-algodao","tag-mercado-do-algodao","tag-plantio-de-algodao","tag-producao-de-algodao-no-brasil","tag-produtividade-do-algodao"],"yoast_head":"<!-- This site is optimized with the Yoast SEO plugin v27.4 - https:\/\/yoast.com\/product\/yoast-seo-wordpress\/ -->\n<title>Como Funciona o Ciclo do Algod\u00e3o: Manejo Inteligente - ConectaGr\u00e3o<\/title>\n<meta name=\"description\" content=\"Descubra como o ciclo do algod\u00e3o influencia a produtividade da lavoura. Aprenda sobre as fases vegetativa, reprodutiva e de matura\u00e7\u00e3o.\" \/>\n<meta name=\"robots\" content=\"index, follow, max-snippet:-1, max-image-preview:large, max-video-preview:-1\" \/>\n<link rel=\"canonical\" href=\"https:\/\/conectagrao.com.br\/blog\/ciclo-do-algodao\/\" \/>\n<meta property=\"og:locale\" content=\"pt_BR\" \/>\n<meta property=\"og:type\" content=\"article\" \/>\n<meta property=\"og:title\" content=\"Como Funciona o Ciclo do Algod\u00e3o: Manejo Inteligente - ConectaGr\u00e3o\" \/>\n<meta property=\"og:description\" content=\"Descubra como o ciclo do algod\u00e3o influencia a produtividade da lavoura. Aprenda sobre as fases vegetativa, reprodutiva e de matura\u00e7\u00e3o.\" \/>\n<meta property=\"og:url\" content=\"https:\/\/conectagrao.com.br\/blog\/ciclo-do-algodao\/\" \/>\n<meta property=\"og:site_name\" content=\"ConectaGr\u00e3o\" \/>\n<meta property=\"article:publisher\" content=\"https:\/\/www.facebook.com\/conectagrao\/\" \/>\n<meta property=\"article:author\" content=\"https:\/\/www.facebook.com\/share\/1A5mH5g3LK\/\" \/>\n<meta property=\"article:published_time\" content=\"2025-07-18T01:20:58+00:00\" \/>\n<meta property=\"article:modified_time\" content=\"2025-08-11T02:26:31+00:00\" \/>\n<meta property=\"og:image\" content=\"https:\/\/conectagrao.com.br\/blog\/wp-content\/uploads\/2025\/07\/algodao.png\" \/>\n\t<meta property=\"og:image:width\" content=\"1241\" \/>\n\t<meta property=\"og:image:height\" content=\"788\" \/>\n\t<meta property=\"og:image:type\" content=\"image\/png\" \/>\n<meta name=\"author\" content=\"conectagrao\" \/>\n<meta name=\"twitter:card\" content=\"summary_large_image\" \/>\n<meta name=\"twitter:label1\" content=\"Escrito por\" \/>\n\t<meta name=\"twitter:data1\" content=\"conectagrao\" \/>\n\t<meta name=\"twitter:label2\" content=\"Est. tempo de leitura\" \/>\n\t<meta name=\"twitter:data2\" content=\"7 minutos\" \/>\n<script type=\"application\/ld+json\" class=\"yoast-schema-graph\">{\"@context\":\"https:\\\/\\\/schema.org\",\"@graph\":[{\"@type\":\"Article\",\"@id\":\"https:\\\/\\\/conectagrao.com.br\\\/blog\\\/ciclo-do-algodao\\\/#article\",\"isPartOf\":{\"@id\":\"https:\\\/\\\/conectagrao.com.br\\\/blog\\\/ciclo-do-algodao\\\/\"},\"author\":{\"name\":\"conectagrao\",\"@id\":\"https:\\\/\\\/conectagrao.com.br\\\/blog\\\/#\\\/schema\\\/person\\\/ba64f63526cab8efbf8b1f8198926135\"},\"headline\":\"Como Funciona o Ciclo do Algod\u00e3o: Manejo Inteligente\",\"datePublished\":\"2025-07-18T01:20:58+00:00\",\"dateModified\":\"2025-08-11T02:26:31+00:00\",\"mainEntityOfPage\":{\"@id\":\"https:\\\/\\\/conectagrao.com.br\\\/blog\\\/ciclo-do-algodao\\\/\"},\"wordCount\":995,\"commentCount\":0,\"publisher\":{\"@id\":\"https:\\\/\\\/conectagrao.com.br\\\/blog\\\/#organization\"},\"image\":{\"@id\":\"https:\\\/\\\/conectagrao.com.br\\\/blog\\\/ciclo-do-algodao\\\/#primaryimage\"},\"thumbnailUrl\":\"https:\\\/\\\/conectagrao.com.br\\\/blog\\\/wp-content\\\/uploads\\\/2025\\\/07\\\/algodao.png\",\"keywords\":[\"ciclo do algod\u00e3o\",\"colheita do algod\u00e3o\",\"cultivo de algod\u00e3o\",\"\u00e9poca de plantio do algod\u00e3o\",\"fases do algod\u00e3o\",\"manejo do algod\u00e3o\",\"mercado do algod\u00e3o\",\"plantio de algod\u00e3o\",\"produ\u00e7\u00e3o de algod\u00e3o no Brasil\",\"produtividade do algod\u00e3o\"],\"articleSection\":[\"Agricultura\",\"Blog\"],\"inLanguage\":\"pt-BR\",\"potentialAction\":[{\"@type\":\"CommentAction\",\"name\":\"Comment\",\"target\":[\"https:\\\/\\\/conectagrao.com.br\\\/blog\\\/ciclo-do-algodao\\\/#respond\"]}]},{\"@type\":\"WebPage\",\"@id\":\"https:\\\/\\\/conectagrao.com.br\\\/blog\\\/ciclo-do-algodao\\\/\",\"url\":\"https:\\\/\\\/conectagrao.com.br\\\/blog\\\/ciclo-do-algodao\\\/\",\"name\":\"Como Funciona o Ciclo do Algod\u00e3o: Manejo Inteligente - ConectaGr\u00e3o\",\"isPartOf\":{\"@id\":\"https:\\\/\\\/conectagrao.com.br\\\/blog\\\/#website\"},\"primaryImageOfPage\":{\"@id\":\"https:\\\/\\\/conectagrao.com.br\\\/blog\\\/ciclo-do-algodao\\\/#primaryimage\"},\"image\":{\"@id\":\"https:\\\/\\\/conectagrao.com.br\\\/blog\\\/ciclo-do-algodao\\\/#primaryimage\"},\"thumbnailUrl\":\"https:\\\/\\\/conectagrao.com.br\\\/blog\\\/wp-content\\\/uploads\\\/2025\\\/07\\\/algodao.png\",\"datePublished\":\"2025-07-18T01:20:58+00:00\",\"dateModified\":\"2025-08-11T02:26:31+00:00\",\"description\":\"Descubra como o ciclo do algod\u00e3o influencia a produtividade da lavoura. Aprenda sobre as fases vegetativa, reprodutiva e de matura\u00e7\u00e3o.\",\"breadcrumb\":{\"@id\":\"https:\\\/\\\/conectagrao.com.br\\\/blog\\\/ciclo-do-algodao\\\/#breadcrumb\"},\"inLanguage\":\"pt-BR\",\"potentialAction\":[{\"@type\":\"ReadAction\",\"target\":[\"https:\\\/\\\/conectagrao.com.br\\\/blog\\\/ciclo-do-algodao\\\/\"]}]},{\"@type\":\"ImageObject\",\"inLanguage\":\"pt-BR\",\"@id\":\"https:\\\/\\\/conectagrao.com.br\\\/blog\\\/ciclo-do-algodao\\\/#primaryimage\",\"url\":\"https:\\\/\\\/conectagrao.com.br\\\/blog\\\/wp-content\\\/uploads\\\/2025\\\/07\\\/algodao.png\",\"contentUrl\":\"https:\\\/\\\/conectagrao.com.br\\\/blog\\\/wp-content\\\/uploads\\\/2025\\\/07\\\/algodao.png\",\"width\":1241,\"height\":788},{\"@type\":\"BreadcrumbList\",\"@id\":\"https:\\\/\\\/conectagrao.com.br\\\/blog\\\/ciclo-do-algodao\\\/#breadcrumb\",\"itemListElement\":[{\"@type\":\"ListItem\",\"position\":1,\"name\":\"In\u00edcio\",\"item\":\"https:\\\/\\\/conectagrao.com.br\\\/blog\\\/\"},{\"@type\":\"ListItem\",\"position\":2,\"name\":\"Como Funciona o Ciclo do Algod\u00e3o: Manejo Inteligente\"}]},{\"@type\":\"WebSite\",\"@id\":\"https:\\\/\\\/conectagrao.com.br\\\/blog\\\/#website\",\"url\":\"https:\\\/\\\/conectagrao.com.br\\\/blog\\\/\",\"name\":\"ConectaGr\u00e3o\",\"description\":\"Conectando o futuro com o agroneg\u00f3cio.\",\"publisher\":{\"@id\":\"https:\\\/\\\/conectagrao.com.br\\\/blog\\\/#organization\"},\"alternateName\":\"conectagrao\",\"potentialAction\":[{\"@type\":\"SearchAction\",\"target\":{\"@type\":\"EntryPoint\",\"urlTemplate\":\"https:\\\/\\\/conectagrao.com.br\\\/blog\\\/?s={search_term_string}\"},\"query-input\":{\"@type\":\"PropertyValueSpecification\",\"valueRequired\":true,\"valueName\":\"search_term_string\"}}],\"inLanguage\":\"pt-BR\"},{\"@type\":\"Organization\",\"@id\":\"https:\\\/\\\/conectagrao.com.br\\\/blog\\\/#organization\",\"name\":\"ConectaGr\u00e3o\",\"alternateName\":\"conectagrao\",\"url\":\"https:\\\/\\\/conectagrao.com.br\\\/blog\\\/\",\"logo\":{\"@type\":\"ImageObject\",\"inLanguage\":\"pt-BR\",\"@id\":\"https:\\\/\\\/conectagrao.com.br\\\/blog\\\/#\\\/schema\\\/logo\\\/image\\\/\",\"url\":\"https:\\\/\\\/conectagrao.com.br\\\/blog\\\/wp-content\\\/uploads\\\/2025\\\/07\\\/ConectaGrao-6.png\",\"contentUrl\":\"https:\\\/\\\/conectagrao.com.br\\\/blog\\\/wp-content\\\/uploads\\\/2025\\\/07\\\/ConectaGrao-6.png\",\"width\":447,\"height\":559,\"caption\":\"ConectaGr\u00e3o\"},\"image\":{\"@id\":\"https:\\\/\\\/conectagrao.com.br\\\/blog\\\/#\\\/schema\\\/logo\\\/image\\\/\"},\"sameAs\":[\"https:\\\/\\\/www.facebook.com\\\/conectagrao\\\/\",\"https:\\\/\\\/www.tiktok.com\\\/@conectagrao?_t=ZM-8xPuS2d6MFB&_r=1\",\"https:\\\/\\\/www.threads.com\\\/@conectagrao\",\"https:\\\/\\\/www.youtube.com\\\/@conectagrao\",\"https:\\\/\\\/www.instagram.com\\\/conectagrao\"]},{\"@type\":\"Person\",\"@id\":\"https:\\\/\\\/conectagrao.com.br\\\/blog\\\/#\\\/schema\\\/person\\\/ba64f63526cab8efbf8b1f8198926135\",\"name\":\"conectagrao\",\"image\":{\"@type\":\"ImageObject\",\"inLanguage\":\"pt-BR\",\"@id\":\"https:\\\/\\\/secure.gravatar.com\\\/avatar\\\/fb3dc2cba7f544171abec58358591c995847240e6fd4f1f7a4a8159970dca59e?s=96&d=mm&r=g\",\"url\":\"https:\\\/\\\/secure.gravatar.com\\\/avatar\\\/fb3dc2cba7f544171abec58358591c995847240e6fd4f1f7a4a8159970dca59e?s=96&d=mm&r=g\",\"contentUrl\":\"https:\\\/\\\/secure.gravatar.com\\\/avatar\\\/fb3dc2cba7f544171abec58358591c995847240e6fd4f1f7a4a8159970dca59e?s=96&d=mm&r=g\",\"caption\":\"conectagrao\"},\"description\":\"ConectaGr\u00e3o\u00ae \u00e9 uma plataforma digital que conecta produtores, empresas e compradores do agroneg\u00f3cio, oferecendo an\u00e1lises de mercado, cota\u00e7\u00f5es, ferramentas e conte\u00fados gratuitos para facilitar o dia a dia no campo. Fundada por Genecir Jacoboski e Kao\u00ea T. Rauch a ConectaGr\u00e3o\u00ae tem como miss\u00e3o valorizar o produtor e aproximar o campo do mercado com tecnologia, informa\u00e7\u00e3o e inova\u00e7\u00e3o.\",\"sameAs\":[\"https:\\\/\\\/conectagrao.com.br\\\/blog\",\"https:\\\/\\\/www.facebook.com\\\/share\\\/1A5mH5g3LK\\\/\",\"https:\\\/\\\/www.instagram.com\\\/conectagrao?igsh=azQ1dXBndnp4dzZw\",\"https:\\\/\\\/youtube.com\\\/@conectagrao?si=QnGS_Zm7Cuj1pznt\"],\"url\":\"https:\\\/\\\/conectagrao.com.br\\\/blog\\\/author\\\/conectagrao\\\/\"}]}<\/script>\n<!-- \/ Yoast SEO plugin. -->","yoast_head_json":{"title":"Como Funciona o Ciclo do Algod\u00e3o: Manejo Inteligente - ConectaGr\u00e3o","description":"Descubra como o ciclo do algod\u00e3o influencia a produtividade da lavoura. Aprenda sobre as fases vegetativa, reprodutiva e de matura\u00e7\u00e3o.","robots":{"index":"index","follow":"follow","max-snippet":"max-snippet:-1","max-image-preview":"max-image-preview:large","max-video-preview":"max-video-preview:-1"},"canonical":"https:\/\/conectagrao.com.br\/blog\/ciclo-do-algodao\/","og_locale":"pt_BR","og_type":"article","og_title":"Como Funciona o Ciclo do Algod\u00e3o: Manejo Inteligente - ConectaGr\u00e3o","og_description":"Descubra como o ciclo do algod\u00e3o influencia a produtividade da lavoura. Aprenda sobre as fases vegetativa, reprodutiva e de matura\u00e7\u00e3o.","og_url":"https:\/\/conectagrao.com.br\/blog\/ciclo-do-algodao\/","og_site_name":"ConectaGr\u00e3o","article_publisher":"https:\/\/www.facebook.com\/conectagrao\/","article_author":"https:\/\/www.facebook.com\/share\/1A5mH5g3LK\/","article_published_time":"2025-07-18T01:20:58+00:00","article_modified_time":"2025-08-11T02:26:31+00:00","og_image":[{"width":1241,"height":788,"url":"https:\/\/conectagrao.com.br\/blog\/wp-content\/uploads\/2025\/07\/algodao.png","type":"image\/png"}],"author":"conectagrao","twitter_card":"summary_large_image","twitter_misc":{"Escrito por":"conectagrao","Est. tempo de leitura":"7 minutos"},"schema":{"@context":"https:\/\/schema.org","@graph":[{"@type":"Article","@id":"https:\/\/conectagrao.com.br\/blog\/ciclo-do-algodao\/#article","isPartOf":{"@id":"https:\/\/conectagrao.com.br\/blog\/ciclo-do-algodao\/"},"author":{"name":"conectagrao","@id":"https:\/\/conectagrao.com.br\/blog\/#\/schema\/person\/ba64f63526cab8efbf8b1f8198926135"},"headline":"Como Funciona o Ciclo do Algod\u00e3o: Manejo Inteligente","datePublished":"2025-07-18T01:20:58+00:00","dateModified":"2025-08-11T02:26:31+00:00","mainEntityOfPage":{"@id":"https:\/\/conectagrao.com.br\/blog\/ciclo-do-algodao\/"},"wordCount":995,"commentCount":0,"publisher":{"@id":"https:\/\/conectagrao.com.br\/blog\/#organization"},"image":{"@id":"https:\/\/conectagrao.com.br\/blog\/ciclo-do-algodao\/#primaryimage"},"thumbnailUrl":"https:\/\/conectagrao.com.br\/blog\/wp-content\/uploads\/2025\/07\/algodao.png","keywords":["ciclo do algod\u00e3o","colheita do algod\u00e3o","cultivo de algod\u00e3o","\u00e9poca de plantio do algod\u00e3o","fases do algod\u00e3o","manejo do algod\u00e3o","mercado do algod\u00e3o","plantio de algod\u00e3o","produ\u00e7\u00e3o de algod\u00e3o no Brasil","produtividade do algod\u00e3o"],"articleSection":["Agricultura","Blog"],"inLanguage":"pt-BR","potentialAction":[{"@type":"CommentAction","name":"Comment","target":["https:\/\/conectagrao.com.br\/blog\/ciclo-do-algodao\/#respond"]}]},{"@type":"WebPage","@id":"https:\/\/conectagrao.com.br\/blog\/ciclo-do-algodao\/","url":"https:\/\/conectagrao.com.br\/blog\/ciclo-do-algodao\/","name":"Como Funciona o Ciclo do Algod\u00e3o: Manejo Inteligente - ConectaGr\u00e3o","isPartOf":{"@id":"https:\/\/conectagrao.com.br\/blog\/#website"},"primaryImageOfPage":{"@id":"https:\/\/conectagrao.com.br\/blog\/ciclo-do-algodao\/#primaryimage"},"image":{"@id":"https:\/\/conectagrao.com.br\/blog\/ciclo-do-algodao\/#primaryimage"},"thumbnailUrl":"https:\/\/conectagrao.com.br\/blog\/wp-content\/uploads\/2025\/07\/algodao.png","datePublished":"2025-07-18T01:20:58+00:00","dateModified":"2025-08-11T02:26:31+00:00","description":"Descubra como o ciclo do algod\u00e3o influencia a produtividade da lavoura. Aprenda sobre as fases vegetativa, reprodutiva e de matura\u00e7\u00e3o.","breadcrumb":{"@id":"https:\/\/conectagrao.com.br\/blog\/ciclo-do-algodao\/#breadcrumb"},"inLanguage":"pt-BR","potentialAction":[{"@type":"ReadAction","target":["https:\/\/conectagrao.com.br\/blog\/ciclo-do-algodao\/"]}]},{"@type":"ImageObject","inLanguage":"pt-BR","@id":"https:\/\/conectagrao.com.br\/blog\/ciclo-do-algodao\/#primaryimage","url":"https:\/\/conectagrao.com.br\/blog\/wp-content\/uploads\/2025\/07\/algodao.png","contentUrl":"https:\/\/conectagrao.com.br\/blog\/wp-content\/uploads\/2025\/07\/algodao.png","width":1241,"height":788},{"@type":"BreadcrumbList","@id":"https:\/\/conectagrao.com.br\/blog\/ciclo-do-algodao\/#breadcrumb","itemListElement":[{"@type":"ListItem","position":1,"name":"In\u00edcio","item":"https:\/\/conectagrao.com.br\/blog\/"},{"@type":"ListItem","position":2,"name":"Como Funciona o Ciclo do Algod\u00e3o: Manejo Inteligente"}]},{"@type":"WebSite","@id":"https:\/\/conectagrao.com.br\/blog\/#website","url":"https:\/\/conectagrao.com.br\/blog\/","name":"ConectaGr\u00e3o","description":"Conectando o futuro com o agroneg\u00f3cio.","publisher":{"@id":"https:\/\/conectagrao.com.br\/blog\/#organization"},"alternateName":"conectagrao","potentialAction":[{"@type":"SearchAction","target":{"@type":"EntryPoint","urlTemplate":"https:\/\/conectagrao.com.br\/blog\/?s={search_term_string}"},"query-input":{"@type":"PropertyValueSpecification","valueRequired":true,"valueName":"search_term_string"}}],"inLanguage":"pt-BR"},{"@type":"Organization","@id":"https:\/\/conectagrao.com.br\/blog\/#organization","name":"ConectaGr\u00e3o","alternateName":"conectagrao","url":"https:\/\/conectagrao.com.br\/blog\/","logo":{"@type":"ImageObject","inLanguage":"pt-BR","@id":"https:\/\/conectagrao.com.br\/blog\/#\/schema\/logo\/image\/","url":"https:\/\/conectagrao.com.br\/blog\/wp-content\/uploads\/2025\/07\/ConectaGrao-6.png","contentUrl":"https:\/\/conectagrao.com.br\/blog\/wp-content\/uploads\/2025\/07\/ConectaGrao-6.png","width":447,"height":559,"caption":"ConectaGr\u00e3o"},"image":{"@id":"https:\/\/conectagrao.com.br\/blog\/#\/schema\/logo\/image\/"},"sameAs":["https:\/\/www.facebook.com\/conectagrao\/","https:\/\/www.tiktok.com\/@conectagrao?_t=ZM-8xPuS2d6MFB&_r=1","https:\/\/www.threads.com\/@conectagrao","https:\/\/www.youtube.com\/@conectagrao","https:\/\/www.instagram.com\/conectagrao"]},{"@type":"Person","@id":"https:\/\/conectagrao.com.br\/blog\/#\/schema\/person\/ba64f63526cab8efbf8b1f8198926135","name":"conectagrao","image":{"@type":"ImageObject","inLanguage":"pt-BR","@id":"https:\/\/secure.gravatar.com\/avatar\/fb3dc2cba7f544171abec58358591c995847240e6fd4f1f7a4a8159970dca59e?s=96&d=mm&r=g","url":"https:\/\/secure.gravatar.com\/avatar\/fb3dc2cba7f544171abec58358591c995847240e6fd4f1f7a4a8159970dca59e?s=96&d=mm&r=g","contentUrl":"https:\/\/secure.gravatar.com\/avatar\/fb3dc2cba7f544171abec58358591c995847240e6fd4f1f7a4a8159970dca59e?s=96&d=mm&r=g","caption":"conectagrao"},"description":"ConectaGr\u00e3o\u00ae \u00e9 uma plataforma digital que conecta produtores, empresas e compradores do agroneg\u00f3cio, oferecendo an\u00e1lises de mercado, cota\u00e7\u00f5es, ferramentas e conte\u00fados gratuitos para facilitar o dia a dia no campo. Fundada por Genecir Jacoboski e Kao\u00ea T. Rauch a ConectaGr\u00e3o\u00ae tem como miss\u00e3o valorizar o produtor e aproximar o campo do mercado com tecnologia, informa\u00e7\u00e3o e inova\u00e7\u00e3o.","sameAs":["https:\/\/conectagrao.com.br\/blog","https:\/\/www.facebook.com\/share\/1A5mH5g3LK\/","https:\/\/www.instagram.com\/conectagrao?igsh=azQ1dXBndnp4dzZw","https:\/\/youtube.com\/@conectagrao?si=QnGS_Zm7Cuj1pznt"],"url":"https:\/\/conectagrao.com.br\/blog\/author\/conectagrao\/"}]}},"uagb_featured_image_src":{"full":["https:\/\/conectagrao.com.br\/blog\/wp-content\/uploads\/2025\/07\/algodao.png",1241,788,false],"thumbnail":["https:\/\/conectagrao.com.br\/blog\/wp-content\/uploads\/2025\/07\/algodao-150x150.png",150,150,true],"medium":["https:\/\/conectagrao.com.br\/blog\/wp-content\/uploads\/2025\/07\/algodao-300x190.png",300,190,true],"medium_large":["https:\/\/conectagrao.com.br\/blog\/wp-content\/uploads\/2025\/07\/algodao-768x488.png",640,407,true],"large":["https:\/\/conectagrao.com.br\/blog\/wp-content\/uploads\/2025\/07\/algodao-1024x650.png",640,406,true],"1536x1536":["https:\/\/conectagrao.com.br\/blog\/wp-content\/uploads\/2025\/07\/algodao.png",1241,788,false],"2048x2048":["https:\/\/conectagrao.com.br\/blog\/wp-content\/uploads\/2025\/07\/algodao.png",1241,788,false],"cvmm-medium":["https:\/\/conectagrao.com.br\/blog\/wp-content\/uploads\/2025\/07\/algodao-300x300.png",300,300,true],"cvmm-medium-plus":["https:\/\/conectagrao.com.br\/blog\/wp-content\/uploads\/2025\/07\/algodao-305x207.png",305,207,true],"cvmm-portrait":["https:\/\/conectagrao.com.br\/blog\/wp-content\/uploads\/2025\/07\/algodao-400x600.png",400,600,true],"cvmm-medium-square":["https:\/\/conectagrao.com.br\/blog\/wp-content\/uploads\/2025\/07\/algodao-600x600.png",600,600,true],"cvmm-large":["https:\/\/conectagrao.com.br\/blog\/wp-content\/uploads\/2025\/07\/algodao-1024x788.png",1024,788,true],"cvmm-small":["https:\/\/conectagrao.com.br\/blog\/wp-content\/uploads\/2025\/07\/algodao-130x95.png",130,95,true],"news-portal-block-medium":["https:\/\/conectagrao.com.br\/blog\/wp-content\/uploads\/2025\/07\/algodao-305x207.png",305,207,true],"news-portal-block-thumb":["https:\/\/conectagrao.com.br\/blog\/wp-content\/uploads\/2025\/07\/algodao-136x102.png",136,102,true],"news-portal-slider-medium":["https:\/\/conectagrao.com.br\/blog\/wp-content\/uploads\/2025\/07\/algodao-622x420.png",622,420,true],"news-portal-carousel-portrait":["https:\/\/conectagrao.com.br\/blog\/wp-content\/uploads\/2025\/07\/algodao-400x600.png",400,600,true],"news-portal-alternate-grid":["https:\/\/conectagrao.com.br\/blog\/wp-content\/uploads\/2025\/07\/algodao-340x316.png",340,316,true],"web-stories-poster-portrait":["https:\/\/conectagrao.com.br\/blog\/wp-content\/uploads\/2025\/07\/algodao.png",640,406,false],"web-stories-publisher-logo":["https:\/\/conectagrao.com.br\/blog\/wp-content\/uploads\/2025\/07\/algodao.png",96,61,false],"web-stories-thumbnail":["https:\/\/conectagrao.com.br\/blog\/wp-content\/uploads\/2025\/07\/algodao.png",150,95,false]},"uagb_author_info":{"display_name":"conectagrao","author_link":"https:\/\/conectagrao.com.br\/blog\/author\/conectagrao\/"},"uagb_comment_info":0,"uagb_excerpt":"Entenda como o ciclo do algod\u00e3o influencia a produtividade da lavoura. Descubra os est\u00e1gios fenol\u00f3gicos, os impactos do clima e as pr\u00e1ticas de manejo ideais para cada fase da cultura.","blog_post_layout_featured_media_urls":{"thumbnail":["https:\/\/conectagrao.com.br\/blog\/wp-content\/uploads\/2025\/07\/algodao-150x150.png",150,150,true],"full":["https:\/\/conectagrao.com.br\/blog\/wp-content\/uploads\/2025\/07\/algodao.png",1241,788,false]},"categories_names":{"32":{"name":"Agricultura","link":"https:\/\/conectagrao.com.br\/blog\/agricultura\/"},"1":{"name":"Blog","link":"https:\/\/conectagrao.com.br\/blog\/blog\/"}},"tags_names":{"141":{"name":"ciclo do algod\u00e3o","link":"https:\/\/conectagrao.com.br\/blog\/tag\/ciclo-do-algodao\/"},"145":{"name":"colheita do algod\u00e3o","link":"https:\/\/conectagrao.com.br\/blog\/tag\/colheita-do-algodao\/"},"142":{"name":"cultivo de algod\u00e3o","link":"https:\/\/conectagrao.com.br\/blog\/tag\/cultivo-de-algodao\/"},"148":{"name":"\u00e9poca de plantio do algod\u00e3o","link":"https:\/\/conectagrao.com.br\/blog\/tag\/epoca-de-plantio-do-algodao\/"},"149":{"name":"fases do algod\u00e3o","link":"https:\/\/conectagrao.com.br\/blog\/tag\/fases-do-algodao\/"},"147":{"name":"manejo do algod\u00e3o","link":"https:\/\/conectagrao.com.br\/blog\/tag\/manejo-do-algodao\/"},"150":{"name":"mercado do algod\u00e3o","link":"https:\/\/conectagrao.com.br\/blog\/tag\/mercado-do-algodao\/"},"144":{"name":"plantio de algod\u00e3o","link":"https:\/\/conectagrao.com.br\/blog\/tag\/plantio-de-algodao\/"},"146":{"name":"produ\u00e7\u00e3o de algod\u00e3o no Brasil","link":"https:\/\/conectagrao.com.br\/blog\/tag\/producao-de-algodao-no-brasil\/"},"151":{"name":"produtividade do algod\u00e3o","link":"https:\/\/conectagrao.com.br\/blog\/tag\/produtividade-do-algodao\/"}},"comments_number":"0","wpmagazine_modules_lite_featured_media_urls":{"thumbnail":["https:\/\/conectagrao.com.br\/blog\/wp-content\/uploads\/2025\/07\/algodao-150x150.png",150,150,true],"cvmm-medium":["https:\/\/conectagrao.com.br\/blog\/wp-content\/uploads\/2025\/07\/algodao-300x300.png",300,300,true],"cvmm-medium-plus":["https:\/\/conectagrao.com.br\/blog\/wp-content\/uploads\/2025\/07\/algodao-305x207.png",305,207,true],"cvmm-portrait":["https:\/\/conectagrao.com.br\/blog\/wp-content\/uploads\/2025\/07\/algodao-400x600.png",400,600,true],"cvmm-medium-square":["https:\/\/conectagrao.com.br\/blog\/wp-content\/uploads\/2025\/07\/algodao-600x600.png",600,600,true],"cvmm-large":["https:\/\/conectagrao.com.br\/blog\/wp-content\/uploads\/2025\/07\/algodao-1024x788.png",1024,788,true],"cvmm-small":["https:\/\/conectagrao.com.br\/blog\/wp-content\/uploads\/2025\/07\/algodao-130x95.png",130,95,true],"full":["https:\/\/conectagrao.com.br\/blog\/wp-content\/uploads\/2025\/07\/algodao.png",1241,788,false]},"_links":{"self":[{"href":"https:\/\/conectagrao.com.br\/blog\/wp-json\/wp\/v2\/posts\/780","targetHints":{"allow":["GET"]}}],"collection":[{"href":"https:\/\/conectagrao.com.br\/blog\/wp-json\/wp\/v2\/posts"}],"about":[{"href":"https:\/\/conectagrao.com.br\/blog\/wp-json\/wp\/v2\/types\/post"}],"author":[{"embeddable":true,"href":"https:\/\/conectagrao.com.br\/blog\/wp-json\/wp\/v2\/users\/1"}],"replies":[{"embeddable":true,"href":"https:\/\/conectagrao.com.br\/blog\/wp-json\/wp\/v2\/comments?post=780"}],"version-history":[{"count":5,"href":"https:\/\/conectagrao.com.br\/blog\/wp-json\/wp\/v2\/posts\/780\/revisions"}],"predecessor-version":[{"id":972,"href":"https:\/\/conectagrao.com.br\/blog\/wp-json\/wp\/v2\/posts\/780\/revisions\/972"}],"wp:featuredmedia":[{"embeddable":true,"href":"https:\/\/conectagrao.com.br\/blog\/wp-json\/wp\/v2\/media\/751"}],"wp:attachment":[{"href":"https:\/\/conectagrao.com.br\/blog\/wp-json\/wp\/v2\/media?parent=780"}],"wp:term":[{"taxonomy":"category","embeddable":true,"href":"https:\/\/conectagrao.com.br\/blog\/wp-json\/wp\/v2\/categories?post=780"},{"taxonomy":"post_tag","embeddable":true,"href":"https:\/\/conectagrao.com.br\/blog\/wp-json\/wp\/v2\/tags?post=780"}],"curies":[{"name":"wp","href":"https:\/\/api.w.org\/{rel}","templated":true}]}}