{"id":806,"date":"2025-07-21T16:34:50","date_gmt":"2025-07-21T16:34:50","guid":{"rendered":"https:\/\/conectagrao.com.br\/blog\/?p=806"},"modified":"2025-08-07T06:17:26","modified_gmt":"2025-08-07T06:17:26","slug":"resistencia-ao-glifosato-aumenta-uso-de-herbicidas","status":"publish","type":"post","link":"https:\/\/conectagrao.com.br\/blog\/resistencia-ao-glifosato-aumenta-uso-de-herbicidas\/","title":{"rendered":"Resist\u00eancia ao Glifosato Aumenta Uso de Herbicidas"},"content":{"rendered":"\n<p>Nos \u00faltimos 10 anos, o Brasil mais que dobrou o consumo de herbicidas. Em 2010, o pa\u00eds utilizava cerca de 157 mil toneladas; em 2020, esse n\u00famero saltou para quase 330 mil \u2014 ou seja, um aumento de 128%. Esse crescimento acentuado est\u00e1 diretamente ligado ao avan\u00e7o da <strong>resist\u00eancia de plantas daninhas ao glifosato<\/strong>, o herbicida mais utilizado nas lavouras brasileiras.<\/p>\n\n\n\n<h3 class=\"wp-block-heading\">Quadro atual<\/h3>\n\n\n\n<p>Atualmente, j\u00e1 s\u00e3o <strong>20 casos registrados<\/strong> de resist\u00eancia ao glifosato, envolvendo <strong>12 esp\u00e9cies<\/strong> como capim-amargoso, buva, caruru e capim-p\u00e9-de-galinha. Em raz\u00e3o disso, os produtores t\u00eam adotado estrat\u00e9gias como o aumento das doses, uso de herbicidas m\u00faltiplos ou aplica\u00e7\u00f5es sequenciais. Consequentemente, os custos de produ\u00e7\u00e3o aumentam e o impacto ambiental tamb\u00e9m se intensifica.<\/p>\n\n\n<div class=\"wp-block-image\">\n<figure class=\"aligncenter size-full\"><img fetchpriority=\"high\" decoding=\"async\" width=\"603\" height=\"393\" src=\"https:\/\/conectagrao.com.br\/blog\/wp-content\/uploads\/2025\/07\/resistentes-ao-glifosato.webp\" alt=\"\" class=\"wp-image-820\" srcset=\"https:\/\/conectagrao.com.br\/blog\/wp-content\/uploads\/2025\/07\/resistentes-ao-glifosato.webp 603w, https:\/\/conectagrao.com.br\/blog\/wp-content\/uploads\/2025\/07\/resistentes-ao-glifosato-300x196.webp 300w\" sizes=\"(max-width: 603px) 100vw, 603px\" \/><\/figure>\n<\/div>\n\n\n<h3 class=\"wp-block-heading\">Repercuss\u00f5es econ\u00f4micas e ambientais<\/h3>\n\n\n\n<p>Como resultado do uso intensivo, o custo por aplica\u00e7\u00e3o cresceu substancialmente. Al\u00e9m disso, a depend\u00eancia de herbicidas est\u00e1 gerando uma maior press\u00e3o qu\u00edmica sobre os agroecossistemas brasileiros. Paralelamente, cresce a preocupa\u00e7\u00e3o de consumidores europeus e de organiza\u00e7\u00f5es ambientalistas, principalmente em rela\u00e7\u00e3o aos efeitos nocivos dos defensivos e ao uso excessivo em biomas sens\u00edveis como Amaz\u00f4nia e Cerrado.<\/p>\n\n\n\n<h3 class=\"wp-block-heading\">Estrat\u00e9gias e alternativas<\/h3>\n\n\n\n<p>Diante desse cen\u00e1rio desafiador, diversas medidas v\u00eam sendo adotadas no campo. Em primeiro lugar, destaca-se a <strong>diversifica\u00e7\u00e3o qu\u00edmica<\/strong>. O uso de subst\u00e2ncias como glufosinato, diclosulam, flumioxazina, cletodim, triclopir e 2,4-D apresentou crescimento expressivo nos \u00faltimos anos. Essa mudan\u00e7a, embora positiva, demanda maior conhecimento t\u00e9cnico por parte dos agricultores.<\/p>\n\n\n\n<p>Em segundo lugar, o uso de <strong>herbicidas residuais e pr\u00e9-emergentes<\/strong> tornou-se uma estrat\u00e9gia eficiente, pois oferece controle mais estrat\u00e9gico das plantas daninhas e reduz a press\u00e3o sobre o glifosato. Al\u00e9m disso, <strong>bioherbicidas e m\u00e9todos f\u00edsicos<\/strong> \u2014 como laser, vapor e descargas el\u00e9tricas \u2014 est\u00e3o em fase de pesquisa. No entanto, essas tecnologias ainda n\u00e3o est\u00e3o dispon\u00edveis em larga escala, o que mant\u00e9m a depend\u00eancia dos produtos qu\u00edmicos.<\/p>\n\n\n\n<p>Outra abordagem fundamental \u00e9 o <strong>manejo integrado<\/strong> de plantas daninhas. Por meio da rota\u00e7\u00e3o de herbicidas, uso de pr\u00e9-emergentes, certifica\u00e7\u00e3o de boas pr\u00e1ticas e capacita\u00e7\u00e3o cont\u00ednua, \u00e9 poss\u00edvel retardar a evolu\u00e7\u00e3o da resist\u00eancia e promover um uso mais racional dos insumos.<\/p>\n\n\n<div class=\"wp-block-image\">\n<figure class=\"aligncenter size-full\"><img decoding=\"async\" width=\"818\" height=\"417\" src=\"https:\/\/conectagrao.com.br\/blog\/wp-content\/uploads\/2025\/07\/rotacao-de-herbecida.png\" alt=\"\" class=\"wp-image-822\" srcset=\"https:\/\/conectagrao.com.br\/blog\/wp-content\/uploads\/2025\/07\/rotacao-de-herbecida.png 818w, https:\/\/conectagrao.com.br\/blog\/wp-content\/uploads\/2025\/07\/rotacao-de-herbecida-300x153.png 300w, https:\/\/conectagrao.com.br\/blog\/wp-content\/uploads\/2025\/07\/rotacao-de-herbecida-768x392.png 768w\" sizes=\"(max-width: 818px) 100vw, 818px\" \/><\/figure>\n<\/div>\n\n\n<p>Por fim, a <strong>inova\u00e7\u00e3o tecnol\u00f3gica<\/strong> tem papel essencial. Pulverizadores com sensores para aplica\u00e7\u00e3o localizada e formula\u00e7\u00f5es nanoencapsuladas, por exemplo, otimizam o uso dos produtos e reduzem a quantidade necess\u00e1ria por hectare.<\/p>\n\n\n\n<h3 class=\"wp-block-heading\">Tend\u00eancias globais e regulamenta\u00e7\u00e3o<\/h3>\n\n\n\n<p>No cen\u00e1rio mundial, o mercado de glifosato \u00e9 estimado em bilh\u00f5es de d\u00f3lares, com previs\u00e3o de crescimento cont\u00ednuo at\u00e9 2033. A Am\u00e9rica Latina, liderada pelo Brasil, representa cerca de 50% dessa demanda. Entretanto, em regi\u00f5es como a Europa, as restri\u00e7\u00f5es ao uso do glifosato v\u00eam aumentando, o que tem impulsionado o desenvolvimento de alternativas mais sustent\u00e1veis.<\/p>\n\n\n\n<h3 class=\"wp-block-heading\">Impactos \u00e0 sa\u00fade e ao meio ambiente<\/h3>\n\n\n\n<p>A despeito das controv\u00e9rsias, o glifosato ainda \u00e9 liberado em diversas regi\u00f5es. No entanto, estudos indicam que ele pode ser &#8220;provavelmente cancer\u00edgeno&#8221;, al\u00e9m de contribuir para a contamina\u00e7\u00e3o de \u00e1guas subterr\u00e2neas, solos e fauna. Em vista disso, cresce a exig\u00eancia por pr\u00e1ticas agr\u00edcolas que respeitem os limites do ambiente e da sa\u00fade humana.<\/p>\n\n\n\n<h3 class=\"wp-block-heading\">Conclus\u00e3o<\/h3>\n\n\n\n<p>O Brasil enfrenta um momento decisivo em sua agricultura. O modelo atual, baseado no uso intensivo de herbicidas qu\u00edmicos, mostra sinais claros de esgotamento: custos elevados, surgimento de novas resist\u00eancias e riscos ambientais crescentes. Portanto, \u00e9 urgente adotar medidas que combinem:<\/p>\n\n\n\n<p>E, sobretudo, <strong>inova\u00e7\u00e3o tecnol\u00f3gica<\/strong>, com foco em reduzir a carga qu\u00edmica sem comprometer a produtividade.<\/p>\n\n\n\n<p><strong>Pol\u00edticas p\u00fablicas eficazes<\/strong>, com incentivo \u00e0 pesquisa e \u00e0 regulamenta\u00e7\u00e3o de novos produtos;<\/p>\n\n\n\n<p><strong>Capacita\u00e7\u00e3o t\u00e9cnica cont\u00ednua<\/strong>, garantindo que os produtores utilizem os herbicidas de forma consciente;<\/p>\n\n\n\n<div style=\"border: 2px solid #ff9800; border-radius: 10px; padding: 20px; background: #ffffff; box-shadow: 0 4px 12px rgba(0,0,0,0.1); font-family: Arial, sans-serif; width: 100%; max-width: 100%; margin: 20px 0; text-align: center; box-sizing: border-box;\">\n  \n  <h3 style=\"color: #ff9800; font-size: 24px; margin-top: 0; margin-bottom: 15px;\">\n    <span style=\"display: none;\" class=\"whatsapp-icon\">\n      <img decoding=\"async\" src=\"https:\/\/e7.pngegg.com\/pngimages\/347\/373\/png-clipart-computer-icons-whatsapp-whatsapp-text-trademark-thumbnail.png\" alt=\"WhatsApp\" style=\"width: 40px; height: 40px; border-radius: 50%; object-fit: cover;\">\n    <\/span>\n  <\/h3>\n  \n  <div style=\"display: flex; justify-content: center; align-items: center; flex-wrap: wrap; margin-bottom: 10px;\">\n    <div style=\"text-align: center; margin-right: 10px;\"> <!-- Reduzido o margin-right -->\n      <p style=\"font-size: 16px; color: #333; line-height: 1.5; margin: 0;\">\n        \ud83d\udcf0 Not\u00edcias &#038; Mercado | \ud83d\udd14 Novidades <span class=\"desktop-separator\">|<\/span>\n      <\/p>\n    <\/div>\n    <div style=\"text-align: center;\">\n      <p style=\"font-size: 16px; color: #333; line-height: 1.5; margin: 0;\">\n        \u26c5 Clima | \ud83d\ude80 Tecnologia | \ud83d\udcf1 Blog\n      <\/p>\n    <\/div>\n  <\/div>\n  \n  <a href=\"https:\/\/www.whatsapp.com\/channel\/0029VaLMT22GOj9f6eVOpJ0N\" target=\"_blank\" style=\"background: #25D366; color: #fff; padding: 10px 20px; font-size: 16px; font-weight: bold; text-decoration: none; border-radius: 30px; display: inline-block; transition: all 0.3s; position: relative;\">\n    <img decoding=\"async\" src=\"https:\/\/upload.wikimedia.org\/wikipedia\/commons\/6\/6b\/WhatsApp.svg\" alt=\"WhatsApp\" style=\"width: 20px; height: 20px; vertical-align: middle; margin-right: 5px;\">\n    Entrar no Canal\n  <\/a>\n  \n  <p style=\"font-size: 12px; color: #666; margin-top: 15px; font-weight: bold;\">\n    Sua conex\u00e3o com as melhores informa\u00e7\u00f5es do agroneg\u00f3cio!\n  <\/p>\n<\/div>\n\n<style>\n@media (max-width: 768px) {\n  .desktop-separator {\n    display: none; \/* Ocultar o separador \"|\" em dispositivos m\u00f3veis *\/\n  }\n  h3 {\n    font-size: 20px; \/* Diminuir o tamanho da fonte do t\u00edtulo em dispositivos m\u00f3veis *\/\n  }\n  p {\n    font-size: 14px; \/* Diminuir o tamanho da fonte dos par\u00e1grafos em dispositivos m\u00f3veis *\/\n  }\n  a {\n    font-size: 14px; \/* Diminuir o tamanho da fonte do bot\u00e3o em dispositivos m\u00f3veis *\/\n    padding: 8px 15px; \/* Ajustar o padding do bot\u00e3o em dispositivos m\u00f3veis *\/\n  }\n}\n<\/style>\n\n\n\n\n<hr class=\"wp-block-separator has-alpha-channel-opacity\"\/>\n\n\n\n<p><strong>REFER\u00caNCIAS<\/strong><\/p>\n\n\n\n<p>AGRO2. Uso de herbicidas dispara no Brasil com avan\u00e7o da resist\u00eancia ao glifosato. Agro2, 2024. Dispon\u00edvel em: <a class=\"\" href=\"https:\/\/agro2.com.br\/agricultura\/uso-de-herbicidas-dispara-no-brasil-com-avanco-da-resistencia-ao-glifosato\/\">https:\/\/agro2.com.br\/agricultura\/uso-de-herbicidas-dispara-no-brasil-com-avanco-da-resistencia-ao-glifosato\/<\/a>. Acesso em: 21 jul. 2025.<\/p>\n\n\n\n<p>EMBRAPA. Estudo revela que o uso de herbicidas no Brasil cresceu 128% entre 2010 e 2020. Embrapa, 2021. Dispon\u00edvel em: <a>https:\/\/www.embrapa.br\/busca-de-noticias\/-\/noticia\/101797650\/estudo-revela-que-o-uso-de-herbicidas-no-brasil-cresceu-128-entre-2010-e-2020<\/a>. Acesso em: 21 jul. 2025.<\/p>\n\n\n\n<p>SBA1. Estudo revela que o uso de herbicidas no Brasil cresceu 128% entre 2010 e 2020. SBA1, 2021. Dispon\u00edvel em: <a>https:\/\/sba1.com\/noticias\/noticia\/43251\/Estudo-revela-que-o-uso-de-herbicidas-no-Brasil-cresceu-128-entre-2010-e-2020<\/a>. Acesso em: 21 jul. 2025.<\/p>\n\n\n\n<p>REVISTA CULTIVAR. Resist\u00eancia ao glifosato redesenha o mercado de herbicidas no Brasil. Revista Cultivar, 2023. Dispon\u00edvel em: <a>https:\/\/revistacultivar.com.br\/noticias\/resistencia-ao-glifosato-redesenha-o-mercado-de-herbicidas-no-brasil<\/a>. Acesso em: 21 jul. 2025.<\/p>\n\n\n\n<p>SUMITOMO CHEMICAL. Como evitar a resist\u00eancia de plantas daninhas aos herbicidas. Sumitomo Chemical Brasil, 2022. Dispon\u00edvel em: <a>https:\/\/www.sumitomochemical.com.br\/artigos\/resistencia-plantas-daninhas\/<\/a>. Acesso em: 21 jul. 2025.<\/p>\n\n\n\n<p>Escrito por: Kao\u00ea Rauch &#8211; equipe ConectaGr\u00e3o<\/p>\n\n\n\n<p><\/p>\n","protected":false},"excerpt":{"rendered":"<p>O aumento da resist\u00eancia ao glifosato est\u00e1 levando ao uso crescente de herbicidas no Brasil e exigindo novas estrat\u00e9gias de manejo.<\/p>\n","protected":false},"author":2,"featured_media":819,"comment_status":"open","ping_status":"open","sticky":false,"template":"","format":"standard","meta":{"_coblocks_attr":"","_coblocks_dimensions":"","_coblocks_responsive_height":"","_coblocks_accordion_ie_support":"","_uag_custom_page_level_css":"","footnotes":""},"categories":[1,31],"tags":[],"class_list":["post-806","post","type-post","status-publish","format-standard","has-post-thumbnail","hentry","category-blog","category-pragas"],"yoast_head":"<!-- This site is optimized with the Yoast SEO plugin v27.4 - https:\/\/yoast.com\/product\/yoast-seo-wordpress\/ -->\n<title>Resist\u00eancia ao Glifosato Aumenta Uso de Herbicidas - ConectaGr\u00e3o<\/title>\n<meta name=\"description\" content=\"Uso de herbicidas aumenta no Brasil com a resist\u00eancia ao glifosato. Saiba os impactos e alternativas no campo.\" \/>\n<meta name=\"robots\" content=\"index, follow, max-snippet:-1, max-image-preview:large, max-video-preview:-1\" \/>\n<link rel=\"canonical\" href=\"https:\/\/conectagrao.com.br\/blog\/resistencia-ao-glifosato-aumenta-uso-de-herbicidas\/\" \/>\n<meta property=\"og:locale\" content=\"pt_BR\" \/>\n<meta property=\"og:type\" content=\"article\" \/>\n<meta property=\"og:title\" content=\"Resist\u00eancia ao Glifosato Aumenta Uso de Herbicidas - ConectaGr\u00e3o\" \/>\n<meta property=\"og:description\" content=\"Uso de herbicidas aumenta no Brasil com a resist\u00eancia ao glifosato. Saiba os impactos e alternativas no campo.\" \/>\n<meta property=\"og:url\" content=\"https:\/\/conectagrao.com.br\/blog\/resistencia-ao-glifosato-aumenta-uso-de-herbicidas\/\" \/>\n<meta property=\"og:site_name\" content=\"ConectaGr\u00e3o\" \/>\n<meta property=\"article:publisher\" content=\"https:\/\/www.facebook.com\/conectagrao\/\" \/>\n<meta property=\"article:published_time\" content=\"2025-07-21T16:34:50+00:00\" \/>\n<meta property=\"article:modified_time\" content=\"2025-08-07T06:17:26+00:00\" \/>\n<meta property=\"og:image\" content=\"https:\/\/conectagrao.com.br\/blog\/wp-content\/uploads\/2025\/07\/pulverizador-agricola.webp\" \/>\n\t<meta property=\"og:image:width\" content=\"1200\" \/>\n\t<meta property=\"og:image:height\" content=\"800\" \/>\n\t<meta property=\"og:image:type\" content=\"image\/webp\" \/>\n<meta name=\"author\" content=\"Kao\u00ea Rauch\" \/>\n<meta name=\"twitter:card\" content=\"summary_large_image\" \/>\n<meta name=\"twitter:label1\" content=\"Escrito por\" \/>\n\t<meta name=\"twitter:data1\" content=\"Kao\u00ea Rauch\" \/>\n\t<meta name=\"twitter:label2\" content=\"Est. tempo de leitura\" \/>\n\t<meta name=\"twitter:data2\" content=\"5 minutos\" \/>\n<script type=\"application\/ld+json\" class=\"yoast-schema-graph\">{\"@context\":\"https:\\\/\\\/schema.org\",\"@graph\":[{\"@type\":\"Article\",\"@id\":\"https:\\\/\\\/conectagrao.com.br\\\/blog\\\/resistencia-ao-glifosato-aumenta-uso-de-herbicidas\\\/#article\",\"isPartOf\":{\"@id\":\"https:\\\/\\\/conectagrao.com.br\\\/blog\\\/resistencia-ao-glifosato-aumenta-uso-de-herbicidas\\\/\"},\"author\":{\"name\":\"Kao\u00ea Rauch\",\"@id\":\"https:\\\/\\\/conectagrao.com.br\\\/blog\\\/#\\\/schema\\\/person\\\/0110c2a65e3fe8c1eb38193d9f186a59\"},\"headline\":\"Resist\u00eancia ao Glifosato Aumenta Uso de Herbicidas\",\"datePublished\":\"2025-07-21T16:34:50+00:00\",\"dateModified\":\"2025-08-07T06:17:26+00:00\",\"mainEntityOfPage\":{\"@id\":\"https:\\\/\\\/conectagrao.com.br\\\/blog\\\/resistencia-ao-glifosato-aumenta-uso-de-herbicidas\\\/\"},\"wordCount\":827,\"commentCount\":0,\"publisher\":{\"@id\":\"https:\\\/\\\/conectagrao.com.br\\\/blog\\\/#organization\"},\"image\":{\"@id\":\"https:\\\/\\\/conectagrao.com.br\\\/blog\\\/resistencia-ao-glifosato-aumenta-uso-de-herbicidas\\\/#primaryimage\"},\"thumbnailUrl\":\"https:\\\/\\\/conectagrao.com.br\\\/blog\\\/wp-content\\\/uploads\\\/2025\\\/07\\\/pulverizador-agricola.webp\",\"articleSection\":[\"Blog\",\"Pragas &amp; Doen\u00e7as\"],\"inLanguage\":\"pt-BR\",\"potentialAction\":[{\"@type\":\"CommentAction\",\"name\":\"Comment\",\"target\":[\"https:\\\/\\\/conectagrao.com.br\\\/blog\\\/resistencia-ao-glifosato-aumenta-uso-de-herbicidas\\\/#respond\"]}]},{\"@type\":\"WebPage\",\"@id\":\"https:\\\/\\\/conectagrao.com.br\\\/blog\\\/resistencia-ao-glifosato-aumenta-uso-de-herbicidas\\\/\",\"url\":\"https:\\\/\\\/conectagrao.com.br\\\/blog\\\/resistencia-ao-glifosato-aumenta-uso-de-herbicidas\\\/\",\"name\":\"Resist\u00eancia ao Glifosato Aumenta Uso de Herbicidas - ConectaGr\u00e3o\",\"isPartOf\":{\"@id\":\"https:\\\/\\\/conectagrao.com.br\\\/blog\\\/#website\"},\"primaryImageOfPage\":{\"@id\":\"https:\\\/\\\/conectagrao.com.br\\\/blog\\\/resistencia-ao-glifosato-aumenta-uso-de-herbicidas\\\/#primaryimage\"},\"image\":{\"@id\":\"https:\\\/\\\/conectagrao.com.br\\\/blog\\\/resistencia-ao-glifosato-aumenta-uso-de-herbicidas\\\/#primaryimage\"},\"thumbnailUrl\":\"https:\\\/\\\/conectagrao.com.br\\\/blog\\\/wp-content\\\/uploads\\\/2025\\\/07\\\/pulverizador-agricola.webp\",\"datePublished\":\"2025-07-21T16:34:50+00:00\",\"dateModified\":\"2025-08-07T06:17:26+00:00\",\"description\":\"Uso de herbicidas aumenta no Brasil com a resist\u00eancia ao glifosato. Saiba os impactos e alternativas no campo.\",\"breadcrumb\":{\"@id\":\"https:\\\/\\\/conectagrao.com.br\\\/blog\\\/resistencia-ao-glifosato-aumenta-uso-de-herbicidas\\\/#breadcrumb\"},\"inLanguage\":\"pt-BR\",\"potentialAction\":[{\"@type\":\"ReadAction\",\"target\":[\"https:\\\/\\\/conectagrao.com.br\\\/blog\\\/resistencia-ao-glifosato-aumenta-uso-de-herbicidas\\\/\"]}]},{\"@type\":\"ImageObject\",\"inLanguage\":\"pt-BR\",\"@id\":\"https:\\\/\\\/conectagrao.com.br\\\/blog\\\/resistencia-ao-glifosato-aumenta-uso-de-herbicidas\\\/#primaryimage\",\"url\":\"https:\\\/\\\/conectagrao.com.br\\\/blog\\\/wp-content\\\/uploads\\\/2025\\\/07\\\/pulverizador-agricola.webp\",\"contentUrl\":\"https:\\\/\\\/conectagrao.com.br\\\/blog\\\/wp-content\\\/uploads\\\/2025\\\/07\\\/pulverizador-agricola.webp\",\"width\":1200,\"height\":800},{\"@type\":\"BreadcrumbList\",\"@id\":\"https:\\\/\\\/conectagrao.com.br\\\/blog\\\/resistencia-ao-glifosato-aumenta-uso-de-herbicidas\\\/#breadcrumb\",\"itemListElement\":[{\"@type\":\"ListItem\",\"position\":1,\"name\":\"In\u00edcio\",\"item\":\"https:\\\/\\\/conectagrao.com.br\\\/blog\\\/\"},{\"@type\":\"ListItem\",\"position\":2,\"name\":\"Resist\u00eancia ao Glifosato Aumenta Uso de Herbicidas\"}]},{\"@type\":\"WebSite\",\"@id\":\"https:\\\/\\\/conectagrao.com.br\\\/blog\\\/#website\",\"url\":\"https:\\\/\\\/conectagrao.com.br\\\/blog\\\/\",\"name\":\"ConectaGr\u00e3o\",\"description\":\"Conectando o futuro com o agroneg\u00f3cio.\",\"publisher\":{\"@id\":\"https:\\\/\\\/conectagrao.com.br\\\/blog\\\/#organization\"},\"alternateName\":\"conectagrao\",\"potentialAction\":[{\"@type\":\"SearchAction\",\"target\":{\"@type\":\"EntryPoint\",\"urlTemplate\":\"https:\\\/\\\/conectagrao.com.br\\\/blog\\\/?s={search_term_string}\"},\"query-input\":{\"@type\":\"PropertyValueSpecification\",\"valueRequired\":true,\"valueName\":\"search_term_string\"}}],\"inLanguage\":\"pt-BR\"},{\"@type\":\"Organization\",\"@id\":\"https:\\\/\\\/conectagrao.com.br\\\/blog\\\/#organization\",\"name\":\"ConectaGr\u00e3o\",\"alternateName\":\"conectagrao\",\"url\":\"https:\\\/\\\/conectagrao.com.br\\\/blog\\\/\",\"logo\":{\"@type\":\"ImageObject\",\"inLanguage\":\"pt-BR\",\"@id\":\"https:\\\/\\\/conectagrao.com.br\\\/blog\\\/#\\\/schema\\\/logo\\\/image\\\/\",\"url\":\"https:\\\/\\\/conectagrao.com.br\\\/blog\\\/wp-content\\\/uploads\\\/2025\\\/07\\\/ConectaGrao-6.png\",\"contentUrl\":\"https:\\\/\\\/conectagrao.com.br\\\/blog\\\/wp-content\\\/uploads\\\/2025\\\/07\\\/ConectaGrao-6.png\",\"width\":447,\"height\":559,\"caption\":\"ConectaGr\u00e3o\"},\"image\":{\"@id\":\"https:\\\/\\\/conectagrao.com.br\\\/blog\\\/#\\\/schema\\\/logo\\\/image\\\/\"},\"sameAs\":[\"https:\\\/\\\/www.facebook.com\\\/conectagrao\\\/\",\"https:\\\/\\\/www.tiktok.com\\\/@conectagrao?_t=ZM-8xPuS2d6MFB&_r=1\",\"https:\\\/\\\/www.threads.com\\\/@conectagrao\",\"https:\\\/\\\/www.youtube.com\\\/@conectagrao\",\"https:\\\/\\\/www.instagram.com\\\/conectagrao\"]},{\"@type\":\"Person\",\"@id\":\"https:\\\/\\\/conectagrao.com.br\\\/blog\\\/#\\\/schema\\\/person\\\/0110c2a65e3fe8c1eb38193d9f186a59\",\"name\":\"Kao\u00ea Rauch\",\"image\":{\"@type\":\"ImageObject\",\"inLanguage\":\"pt-BR\",\"@id\":\"https:\\\/\\\/secure.gravatar.com\\\/avatar\\\/0a44a558d0f8cd204343bb0098142aaf503447c453c3557bdf65ce2104d4d5e3?s=96&d=mm&r=g\",\"url\":\"https:\\\/\\\/secure.gravatar.com\\\/avatar\\\/0a44a558d0f8cd204343bb0098142aaf503447c453c3557bdf65ce2104d4d5e3?s=96&d=mm&r=g\",\"contentUrl\":\"https:\\\/\\\/secure.gravatar.com\\\/avatar\\\/0a44a558d0f8cd204343bb0098142aaf503447c453c3557bdf65ce2104d4d5e3?s=96&d=mm&r=g\",\"caption\":\"Kao\u00ea Rauch\"},\"description\":\"Kaoe Rauch \u00e9 t\u00e9cnico agr\u00edcola e fundador da ConectaGr\u00e3o. Com experi\u00eancia pr\u00e1tica no campo e forte conex\u00e3o com o agro, escreve conte\u00fados que unem viv\u00eancia rural, conhecimento t\u00e9cnico e olhar de mercado, sempre com o objetivo de aproximar produtores da informa\u00e7\u00e3o que realmente importa.\",\"url\":\"https:\\\/\\\/conectagrao.com.br\\\/blog\\\/author\\\/kaoe-rauch\\\/\"}]}<\/script>\n<!-- \/ Yoast SEO plugin. -->","yoast_head_json":{"title":"Resist\u00eancia ao Glifosato Aumenta Uso de Herbicidas - ConectaGr\u00e3o","description":"Uso de herbicidas aumenta no Brasil com a resist\u00eancia ao glifosato. Saiba os impactos e alternativas no campo.","robots":{"index":"index","follow":"follow","max-snippet":"max-snippet:-1","max-image-preview":"max-image-preview:large","max-video-preview":"max-video-preview:-1"},"canonical":"https:\/\/conectagrao.com.br\/blog\/resistencia-ao-glifosato-aumenta-uso-de-herbicidas\/","og_locale":"pt_BR","og_type":"article","og_title":"Resist\u00eancia ao Glifosato Aumenta Uso de Herbicidas - ConectaGr\u00e3o","og_description":"Uso de herbicidas aumenta no Brasil com a resist\u00eancia ao glifosato. Saiba os impactos e alternativas no campo.","og_url":"https:\/\/conectagrao.com.br\/blog\/resistencia-ao-glifosato-aumenta-uso-de-herbicidas\/","og_site_name":"ConectaGr\u00e3o","article_publisher":"https:\/\/www.facebook.com\/conectagrao\/","article_published_time":"2025-07-21T16:34:50+00:00","article_modified_time":"2025-08-07T06:17:26+00:00","og_image":[{"width":1200,"height":800,"url":"https:\/\/conectagrao.com.br\/blog\/wp-content\/uploads\/2025\/07\/pulverizador-agricola.webp","type":"image\/webp"}],"author":"Kao\u00ea Rauch","twitter_card":"summary_large_image","twitter_misc":{"Escrito por":"Kao\u00ea Rauch","Est. tempo de leitura":"5 minutos"},"schema":{"@context":"https:\/\/schema.org","@graph":[{"@type":"Article","@id":"https:\/\/conectagrao.com.br\/blog\/resistencia-ao-glifosato-aumenta-uso-de-herbicidas\/#article","isPartOf":{"@id":"https:\/\/conectagrao.com.br\/blog\/resistencia-ao-glifosato-aumenta-uso-de-herbicidas\/"},"author":{"name":"Kao\u00ea Rauch","@id":"https:\/\/conectagrao.com.br\/blog\/#\/schema\/person\/0110c2a65e3fe8c1eb38193d9f186a59"},"headline":"Resist\u00eancia ao Glifosato Aumenta Uso de Herbicidas","datePublished":"2025-07-21T16:34:50+00:00","dateModified":"2025-08-07T06:17:26+00:00","mainEntityOfPage":{"@id":"https:\/\/conectagrao.com.br\/blog\/resistencia-ao-glifosato-aumenta-uso-de-herbicidas\/"},"wordCount":827,"commentCount":0,"publisher":{"@id":"https:\/\/conectagrao.com.br\/blog\/#organization"},"image":{"@id":"https:\/\/conectagrao.com.br\/blog\/resistencia-ao-glifosato-aumenta-uso-de-herbicidas\/#primaryimage"},"thumbnailUrl":"https:\/\/conectagrao.com.br\/blog\/wp-content\/uploads\/2025\/07\/pulverizador-agricola.webp","articleSection":["Blog","Pragas &amp; Doen\u00e7as"],"inLanguage":"pt-BR","potentialAction":[{"@type":"CommentAction","name":"Comment","target":["https:\/\/conectagrao.com.br\/blog\/resistencia-ao-glifosato-aumenta-uso-de-herbicidas\/#respond"]}]},{"@type":"WebPage","@id":"https:\/\/conectagrao.com.br\/blog\/resistencia-ao-glifosato-aumenta-uso-de-herbicidas\/","url":"https:\/\/conectagrao.com.br\/blog\/resistencia-ao-glifosato-aumenta-uso-de-herbicidas\/","name":"Resist\u00eancia ao Glifosato Aumenta Uso de Herbicidas - ConectaGr\u00e3o","isPartOf":{"@id":"https:\/\/conectagrao.com.br\/blog\/#website"},"primaryImageOfPage":{"@id":"https:\/\/conectagrao.com.br\/blog\/resistencia-ao-glifosato-aumenta-uso-de-herbicidas\/#primaryimage"},"image":{"@id":"https:\/\/conectagrao.com.br\/blog\/resistencia-ao-glifosato-aumenta-uso-de-herbicidas\/#primaryimage"},"thumbnailUrl":"https:\/\/conectagrao.com.br\/blog\/wp-content\/uploads\/2025\/07\/pulverizador-agricola.webp","datePublished":"2025-07-21T16:34:50+00:00","dateModified":"2025-08-07T06:17:26+00:00","description":"Uso de herbicidas aumenta no Brasil com a resist\u00eancia ao glifosato. Saiba os impactos e alternativas no campo.","breadcrumb":{"@id":"https:\/\/conectagrao.com.br\/blog\/resistencia-ao-glifosato-aumenta-uso-de-herbicidas\/#breadcrumb"},"inLanguage":"pt-BR","potentialAction":[{"@type":"ReadAction","target":["https:\/\/conectagrao.com.br\/blog\/resistencia-ao-glifosato-aumenta-uso-de-herbicidas\/"]}]},{"@type":"ImageObject","inLanguage":"pt-BR","@id":"https:\/\/conectagrao.com.br\/blog\/resistencia-ao-glifosato-aumenta-uso-de-herbicidas\/#primaryimage","url":"https:\/\/conectagrao.com.br\/blog\/wp-content\/uploads\/2025\/07\/pulverizador-agricola.webp","contentUrl":"https:\/\/conectagrao.com.br\/blog\/wp-content\/uploads\/2025\/07\/pulverizador-agricola.webp","width":1200,"height":800},{"@type":"BreadcrumbList","@id":"https:\/\/conectagrao.com.br\/blog\/resistencia-ao-glifosato-aumenta-uso-de-herbicidas\/#breadcrumb","itemListElement":[{"@type":"ListItem","position":1,"name":"In\u00edcio","item":"https:\/\/conectagrao.com.br\/blog\/"},{"@type":"ListItem","position":2,"name":"Resist\u00eancia ao Glifosato Aumenta Uso de Herbicidas"}]},{"@type":"WebSite","@id":"https:\/\/conectagrao.com.br\/blog\/#website","url":"https:\/\/conectagrao.com.br\/blog\/","name":"ConectaGr\u00e3o","description":"Conectando o futuro com o agroneg\u00f3cio.","publisher":{"@id":"https:\/\/conectagrao.com.br\/blog\/#organization"},"alternateName":"conectagrao","potentialAction":[{"@type":"SearchAction","target":{"@type":"EntryPoint","urlTemplate":"https:\/\/conectagrao.com.br\/blog\/?s={search_term_string}"},"query-input":{"@type":"PropertyValueSpecification","valueRequired":true,"valueName":"search_term_string"}}],"inLanguage":"pt-BR"},{"@type":"Organization","@id":"https:\/\/conectagrao.com.br\/blog\/#organization","name":"ConectaGr\u00e3o","alternateName":"conectagrao","url":"https:\/\/conectagrao.com.br\/blog\/","logo":{"@type":"ImageObject","inLanguage":"pt-BR","@id":"https:\/\/conectagrao.com.br\/blog\/#\/schema\/logo\/image\/","url":"https:\/\/conectagrao.com.br\/blog\/wp-content\/uploads\/2025\/07\/ConectaGrao-6.png","contentUrl":"https:\/\/conectagrao.com.br\/blog\/wp-content\/uploads\/2025\/07\/ConectaGrao-6.png","width":447,"height":559,"caption":"ConectaGr\u00e3o"},"image":{"@id":"https:\/\/conectagrao.com.br\/blog\/#\/schema\/logo\/image\/"},"sameAs":["https:\/\/www.facebook.com\/conectagrao\/","https:\/\/www.tiktok.com\/@conectagrao?_t=ZM-8xPuS2d6MFB&_r=1","https:\/\/www.threads.com\/@conectagrao","https:\/\/www.youtube.com\/@conectagrao","https:\/\/www.instagram.com\/conectagrao"]},{"@type":"Person","@id":"https:\/\/conectagrao.com.br\/blog\/#\/schema\/person\/0110c2a65e3fe8c1eb38193d9f186a59","name":"Kao\u00ea Rauch","image":{"@type":"ImageObject","inLanguage":"pt-BR","@id":"https:\/\/secure.gravatar.com\/avatar\/0a44a558d0f8cd204343bb0098142aaf503447c453c3557bdf65ce2104d4d5e3?s=96&d=mm&r=g","url":"https:\/\/secure.gravatar.com\/avatar\/0a44a558d0f8cd204343bb0098142aaf503447c453c3557bdf65ce2104d4d5e3?s=96&d=mm&r=g","contentUrl":"https:\/\/secure.gravatar.com\/avatar\/0a44a558d0f8cd204343bb0098142aaf503447c453c3557bdf65ce2104d4d5e3?s=96&d=mm&r=g","caption":"Kao\u00ea Rauch"},"description":"Kaoe Rauch \u00e9 t\u00e9cnico agr\u00edcola e fundador da ConectaGr\u00e3o. Com experi\u00eancia pr\u00e1tica no campo e forte conex\u00e3o com o agro, escreve conte\u00fados que unem viv\u00eancia rural, conhecimento t\u00e9cnico e olhar de mercado, sempre com o objetivo de aproximar produtores da informa\u00e7\u00e3o que realmente importa.","url":"https:\/\/conectagrao.com.br\/blog\/author\/kaoe-rauch\/"}]}},"uagb_featured_image_src":{"full":["https:\/\/conectagrao.com.br\/blog\/wp-content\/uploads\/2025\/07\/pulverizador-agricola.webp",1200,800,false],"thumbnail":["https:\/\/conectagrao.com.br\/blog\/wp-content\/uploads\/2025\/07\/pulverizador-agricola-150x150.webp",150,150,true],"medium":["https:\/\/conectagrao.com.br\/blog\/wp-content\/uploads\/2025\/07\/pulverizador-agricola-300x200.webp",300,200,true],"medium_large":["https:\/\/conectagrao.com.br\/blog\/wp-content\/uploads\/2025\/07\/pulverizador-agricola-768x512.webp",640,427,true],"large":["https:\/\/conectagrao.com.br\/blog\/wp-content\/uploads\/2025\/07\/pulverizador-agricola-1024x683.webp",640,427,true],"1536x1536":["https:\/\/conectagrao.com.br\/blog\/wp-content\/uploads\/2025\/07\/pulverizador-agricola.webp",1200,800,false],"2048x2048":["https:\/\/conectagrao.com.br\/blog\/wp-content\/uploads\/2025\/07\/pulverizador-agricola.webp",1200,800,false],"cvmm-medium":["https:\/\/conectagrao.com.br\/blog\/wp-content\/uploads\/2025\/07\/pulverizador-agricola-300x300.webp",300,300,true],"cvmm-medium-plus":["https:\/\/conectagrao.com.br\/blog\/wp-content\/uploads\/2025\/07\/pulverizador-agricola-305x207.webp",305,207,true],"cvmm-portrait":["https:\/\/conectagrao.com.br\/blog\/wp-content\/uploads\/2025\/07\/pulverizador-agricola-400x600.webp",400,600,true],"cvmm-medium-square":["https:\/\/conectagrao.com.br\/blog\/wp-content\/uploads\/2025\/07\/pulverizador-agricola-600x600.webp",600,600,true],"cvmm-large":["https:\/\/conectagrao.com.br\/blog\/wp-content\/uploads\/2025\/07\/pulverizador-agricola-1024x800.webp",1024,800,true],"cvmm-small":["https:\/\/conectagrao.com.br\/blog\/wp-content\/uploads\/2025\/07\/pulverizador-agricola-130x95.webp",130,95,true],"news-portal-block-medium":["https:\/\/conectagrao.com.br\/blog\/wp-content\/uploads\/2025\/07\/pulverizador-agricola-305x207.webp",305,207,true],"news-portal-block-thumb":["https:\/\/conectagrao.com.br\/blog\/wp-content\/uploads\/2025\/07\/pulverizador-agricola-136x102.webp",136,102,true],"news-portal-slider-medium":["https:\/\/conectagrao.com.br\/blog\/wp-content\/uploads\/2025\/07\/pulverizador-agricola-622x420.webp",622,420,true],"news-portal-carousel-portrait":["https:\/\/conectagrao.com.br\/blog\/wp-content\/uploads\/2025\/07\/pulverizador-agricola-400x600.webp",400,600,true],"news-portal-alternate-grid":["https:\/\/conectagrao.com.br\/blog\/wp-content\/uploads\/2025\/07\/pulverizador-agricola-340x316.webp",340,316,true],"web-stories-poster-portrait":["https:\/\/conectagrao.com.br\/blog\/wp-content\/uploads\/2025\/07\/pulverizador-agricola.webp",640,427,false],"web-stories-publisher-logo":["https:\/\/conectagrao.com.br\/blog\/wp-content\/uploads\/2025\/07\/pulverizador-agricola.webp",96,64,false],"web-stories-thumbnail":["https:\/\/conectagrao.com.br\/blog\/wp-content\/uploads\/2025\/07\/pulverizador-agricola.webp",150,100,false]},"uagb_author_info":{"display_name":"Kao\u00ea Rauch","author_link":"https:\/\/conectagrao.com.br\/blog\/author\/kaoe-rauch\/"},"uagb_comment_info":0,"uagb_excerpt":"O aumento da resist\u00eancia ao glifosato est\u00e1 levando ao uso crescente de herbicidas no Brasil e exigindo novas estrat\u00e9gias de manejo.","blog_post_layout_featured_media_urls":{"thumbnail":["https:\/\/conectagrao.com.br\/blog\/wp-content\/uploads\/2025\/07\/pulverizador-agricola-150x150.webp",150,150,true],"full":["https:\/\/conectagrao.com.br\/blog\/wp-content\/uploads\/2025\/07\/pulverizador-agricola.webp",1200,800,false]},"categories_names":{"1":{"name":"Blog","link":"https:\/\/conectagrao.com.br\/blog\/blog\/"},"31":{"name":"Pragas &amp; Doen\u00e7as","link":"https:\/\/conectagrao.com.br\/blog\/pragas\/"}},"tags_names":[],"comments_number":"0","wpmagazine_modules_lite_featured_media_urls":{"thumbnail":["https:\/\/conectagrao.com.br\/blog\/wp-content\/uploads\/2025\/07\/pulverizador-agricola-150x150.webp",150,150,true],"cvmm-medium":["https:\/\/conectagrao.com.br\/blog\/wp-content\/uploads\/2025\/07\/pulverizador-agricola-300x300.webp",300,300,true],"cvmm-medium-plus":["https:\/\/conectagrao.com.br\/blog\/wp-content\/uploads\/2025\/07\/pulverizador-agricola-305x207.webp",305,207,true],"cvmm-portrait":["https:\/\/conectagrao.com.br\/blog\/wp-content\/uploads\/2025\/07\/pulverizador-agricola-400x600.webp",400,600,true],"cvmm-medium-square":["https:\/\/conectagrao.com.br\/blog\/wp-content\/uploads\/2025\/07\/pulverizador-agricola-600x600.webp",600,600,true],"cvmm-large":["https:\/\/conectagrao.com.br\/blog\/wp-content\/uploads\/2025\/07\/pulverizador-agricola-1024x800.webp",1024,800,true],"cvmm-small":["https:\/\/conectagrao.com.br\/blog\/wp-content\/uploads\/2025\/07\/pulverizador-agricola-130x95.webp",130,95,true],"full":["https:\/\/conectagrao.com.br\/blog\/wp-content\/uploads\/2025\/07\/pulverizador-agricola.webp",1200,800,false]},"_links":{"self":[{"href":"https:\/\/conectagrao.com.br\/blog\/wp-json\/wp\/v2\/posts\/806","targetHints":{"allow":["GET"]}}],"collection":[{"href":"https:\/\/conectagrao.com.br\/blog\/wp-json\/wp\/v2\/posts"}],"about":[{"href":"https:\/\/conectagrao.com.br\/blog\/wp-json\/wp\/v2\/types\/post"}],"author":[{"embeddable":true,"href":"https:\/\/conectagrao.com.br\/blog\/wp-json\/wp\/v2\/users\/2"}],"replies":[{"embeddable":true,"href":"https:\/\/conectagrao.com.br\/blog\/wp-json\/wp\/v2\/comments?post=806"}],"version-history":[{"count":3,"href":"https:\/\/conectagrao.com.br\/blog\/wp-json\/wp\/v2\/posts\/806\/revisions"}],"predecessor-version":[{"id":969,"href":"https:\/\/conectagrao.com.br\/blog\/wp-json\/wp\/v2\/posts\/806\/revisions\/969"}],"wp:featuredmedia":[{"embeddable":true,"href":"https:\/\/conectagrao.com.br\/blog\/wp-json\/wp\/v2\/media\/819"}],"wp:attachment":[{"href":"https:\/\/conectagrao.com.br\/blog\/wp-json\/wp\/v2\/media?parent=806"}],"wp:term":[{"taxonomy":"category","embeddable":true,"href":"https:\/\/conectagrao.com.br\/blog\/wp-json\/wp\/v2\/categories?post=806"},{"taxonomy":"post_tag","embeddable":true,"href":"https:\/\/conectagrao.com.br\/blog\/wp-json\/wp\/v2\/tags?post=806"}],"curies":[{"name":"wp","href":"https:\/\/api.w.org\/{rel}","templated":true}]}}