{"id":808,"date":"2025-07-21T03:22:50","date_gmt":"2025-07-21T03:22:50","guid":{"rendered":"https:\/\/conectagrao.com.br\/blog\/?p=808"},"modified":"2025-08-07T06:18:55","modified_gmt":"2025-08-07T06:18:55","slug":"como-el-nino-e-la-nina-afetam-o-agro","status":"publish","type":"post","link":"https:\/\/conectagrao.com.br\/blog\/como-el-nino-e-la-nina-afetam-o-agro\/","title":{"rendered":"El Ni\u00f1o e La Ni\u00f1a o que \u00e9?"},"content":{"rendered":"\n<h2 class=\"wp-block-heading\">Quando o oceano mexe com a terra<\/h2>\n\n\n\n<p>Poucos fen\u00f4menos naturais t\u00eam um impacto t\u00e3o amplo, duradouro e imprevis\u00edvel quanto o <strong>El Ni\u00f1o<\/strong> e a <strong>La Ni\u00f1a<\/strong>. Eles n\u00e3o s\u00e3o apenas nomes curiosos em espanhol: s\u00e3o for\u00e7as clim\u00e1ticas que afetam chuvas, secas, inunda\u00e7\u00f5es, inc\u00eandios florestais, produtividade agr\u00edcola, gera\u00e7\u00e3o de energia, economia e at\u00e9 pol\u00edticas p\u00fablicas em escala global.<\/p>\n\n\n\n<p><strong>Neste post<\/strong>, vamos mergulhar fundo nesses dois gigantes do clima, explicar o que s\u00e3o, por que acontecem, como afetam o Brasil e, principalmente, como voc\u00ea \u2014 agricultor, produtor rural, estudante ou interessado em clima \u2014 pode se preparar e usar esse conhecimento a seu favor.<\/p>\n\n\n\n<h2 class=\"wp-block-heading\">O Ciclo ENSO: Entendendo o Padr\u00e3o<\/h2>\n\n\n\n<p>Antes de falarmos sobre o El Ni\u00f1o e a La Ni\u00f1a isoladamente, \u00e9 importante entender que ambos fazem parte de um fen\u00f4meno maior, chamado <strong>ENSO (El Ni\u00f1o \u2013 Southern Oscillation)<\/strong> ou <strong>Oscila\u00e7\u00e3o Sul-El Ni\u00f1o<\/strong>.<\/p>\n\n\n\n<p>O ENSO representa uma <strong>varia\u00e7\u00e3o natural do sistema oceano-atmosfera<\/strong> no Oceano Pac\u00edfico Equatorial, que alterna entre tr\u00eas fases:<\/p>\n\n\n\n<ul class=\"wp-block-list\">\n<li><strong>El Ni\u00f1o<\/strong> (fase quente);<\/li>\n\n\n\n<li><strong>La Ni\u00f1a<\/strong> (fase fria);<\/li>\n\n\n\n<li><strong>Neutra<\/strong> (sem aquecimento ou resfriamento significativos).<\/li>\n<\/ul>\n\n\n<div class=\"wp-block-image\">\n<figure class=\"aligncenter size-full\"><img fetchpriority=\"high\" decoding=\"async\" width=\"656\" height=\"244\" src=\"https:\/\/conectagrao.com.br\/blog\/wp-content\/uploads\/2025\/07\/el-nino-e-la-nina-no-oceano-1.webp\" alt=\"\" class=\"wp-image-815\" srcset=\"https:\/\/conectagrao.com.br\/blog\/wp-content\/uploads\/2025\/07\/el-nino-e-la-nina-no-oceano-1.webp 656w, https:\/\/conectagrao.com.br\/blog\/wp-content\/uploads\/2025\/07\/el-nino-e-la-nina-no-oceano-1-300x112.webp 300w\" sizes=\"(max-width: 656px) 100vw, 656px\" \/><\/figure>\n<\/div>\n\n\n<p>A depender da fase em que o ENSO se encontra, assim o clima global pode ser influenciado de maneiras distintas \u2014 o que afeta diretamente a agricultura, os recursos h\u00eddricos e as popula\u00e7\u00f5es em diversas regi\u00f5es do mundo.<\/p>\n\n\n\n<h2 class=\"wp-block-heading\">El Ni\u00f1o: Quando o Pac\u00edfico Ferve<\/h2>\n\n\n\n<h3 class=\"wp-block-heading\">O que \u00e9?<\/h3>\n\n\n\n<p><strong>El Ni\u00f1o<\/strong> ocorre quando h\u00e1 um <strong>aquecimento anormal e persistente das \u00e1guas superficiais do Oceano Pac\u00edfico Equatorial<\/strong>, principalmente nas por\u00e7\u00f5es central e oriental.<\/p>\n\n\n\n<p>Esse aquecimento altera significativamente os padr\u00f5es de vento e a press\u00e3o atmosf\u00e9rica, modificando, assim, o comportamento do clima em v\u00e1rias regi\u00f5es do planeta.<\/p>\n\n\n\n<h3 class=\"wp-block-heading\">Como se forma?<\/h3>\n\n\n\n<p>Para entender sua forma\u00e7\u00e3o, considere os seguintes passos:<\/p>\n\n\n\n<ol class=\"wp-block-list\">\n<li>Os <strong>ventos al\u00edsios<\/strong>, que normalmente sopram de leste para oeste no Pac\u00edfico, logo <strong>enfraquecem ou at\u00e9 invertem sua dire\u00e7\u00e3o<\/strong>.<\/li>\n\n\n\n<li>Logo isso permite que as <strong>\u00e1guas quentes do oeste do Pac\u00edfico se espalhem para o leste<\/strong>.<\/li>\n\n\n\n<li>Como consequ\u00eancia, a <strong>ressurg\u00eancia de \u00e1guas frias e ricas em nutrientes \u00e9 inibida<\/strong>, assim alterando profundamente o ciclo clim\u00e1tico oce\u00e2nico-atmosf\u00e9rico normal.<\/li>\n<\/ol>\n\n\n\n<h3 class=\"wp-block-heading\">Impactos clim\u00e1ticos do El Ni\u00f1o<\/h3>\n\n\n\n<p>Os efeitos variam de regi\u00e3o para regi\u00e3o, mas costumam ser os seguintes:<\/p>\n\n\n\n<ul class=\"wp-block-list\">\n<li><strong>Am\u00e9rica do Sul (costa oeste)<\/strong>: chuvas acima da m\u00e9dia, enchentes e deslizamentos.<\/li>\n\n\n\n<li><strong>Austr\u00e1lia e Sudeste Asi\u00e1tico<\/strong>: seca severa, aumento de inc\u00eandios florestais.<\/li>\n\n\n\n<li><strong>\u00c1frica<\/strong>: regi\u00f5es como a Eti\u00f3pia podem enfrentar secas ou, em alguns casos, chuvas extremas.<\/li>\n\n\n\n<li><strong>Am\u00e9rica do Norte<\/strong>: invernos mais quentes no norte dos EUA e chuvas intensas no sul.<\/li>\n\n\n\n<li><strong>Brasil<\/strong>:\n<ul class=\"wp-block-list\">\n<li><strong>Sul<\/strong>: excesso de chuva, alagamentos e perdas nas lavouras.<\/li>\n\n\n\n<li><strong>Centro-Oeste e Sudeste<\/strong>: primavera mais seca, resultando em atrasos no plantio.<\/li>\n\n\n\n<li><strong>Nordeste<\/strong>: seca severa e poss\u00edvel crise h\u00eddrica.<\/li>\n<\/ul>\n<\/li>\n<\/ul>\n\n\n\n<div style=\"border: 2px solid #ff9800; border-radius: 10px; padding: 20px; background: #ffffff; box-shadow: 0 4px 12px rgba(0,0,0,0.1); font-family: Arial, sans-serif; width: 100%; max-width: 100%; margin: 20px 0; text-align: center; box-sizing: border-box;\">\n  \n  <h3 style=\"color: #ff9800; font-size: 24px; margin-top: 0; margin-bottom: 15px;\">\n    <span style=\"display: none;\" class=\"whatsapp-icon\">\n      <img decoding=\"async\" src=\"https:\/\/e7.pngegg.com\/pngimages\/347\/373\/png-clipart-computer-icons-whatsapp-whatsapp-text-trademark-thumbnail.png\" alt=\"WhatsApp\" style=\"width: 40px; height: 40px; border-radius: 50%; object-fit: cover;\">\n    <\/span>\n  <\/h3>\n  \n  <div style=\"display: flex; justify-content: center; align-items: center; flex-wrap: wrap; margin-bottom: 10px;\">\n    <div style=\"text-align: center; margin-right: 10px;\"> <!-- Reduzido o margin-right -->\n      <p style=\"font-size: 16px; color: #333; line-height: 1.5; margin: 0;\">\n        \ud83d\udcf0 Not\u00edcias &#038; Mercado | \ud83d\udd14 Novidades <span class=\"desktop-separator\">|<\/span>\n      <\/p>\n    <\/div>\n    <div style=\"text-align: center;\">\n      <p style=\"font-size: 16px; color: #333; line-height: 1.5; margin: 0;\">\n        \u26c5 Clima | \ud83d\ude80 Tecnologia | \ud83d\udcf1 Blog\n      <\/p>\n    <\/div>\n  <\/div>\n  \n  <a href=\"https:\/\/www.whatsapp.com\/channel\/0029VaLMT22GOj9f6eVOpJ0N\" target=\"_blank\" style=\"background: #25D366; color: #fff; padding: 10px 20px; font-size: 16px; font-weight: bold; text-decoration: none; border-radius: 30px; display: inline-block; transition: all 0.3s; position: relative;\">\n    <img decoding=\"async\" src=\"https:\/\/upload.wikimedia.org\/wikipedia\/commons\/6\/6b\/WhatsApp.svg\" alt=\"WhatsApp\" style=\"width: 20px; height: 20px; vertical-align: middle; margin-right: 5px;\">\n    Entrar no Canal\n  <\/a>\n  \n  <p style=\"font-size: 12px; color: #666; margin-top: 15px; font-weight: bold;\">\n    Sua conex\u00e3o com as melhores informa\u00e7\u00f5es do agroneg\u00f3cio!\n  <\/p>\n<\/div>\n\n<style>\n@media (max-width: 768px) {\n  .desktop-separator {\n    display: none; \/* Ocultar o separador \"|\" em dispositivos m\u00f3veis *\/\n  }\n  h3 {\n    font-size: 20px; \/* Diminuir o tamanho da fonte do t\u00edtulo em dispositivos m\u00f3veis *\/\n  }\n  p {\n    font-size: 14px; \/* Diminuir o tamanho da fonte dos par\u00e1grafos em dispositivos m\u00f3veis *\/\n  }\n  a {\n    font-size: 14px; \/* Diminuir o tamanho da fonte do bot\u00e3o em dispositivos m\u00f3veis *\/\n    padding: 8px 15px; \/* Ajustar o padding do bot\u00e3o em dispositivos m\u00f3veis *\/\n  }\n}\n<\/style>\n\n\n\n\n<h2 class=\"wp-block-heading\">La Ni\u00f1a: O Resfriamento que Reequilibra (Ou Desregula)<\/h2>\n\n\n\n<h3 class=\"wp-block-heading\">O que \u00e9?<\/h3>\n\n\n\n<p>J\u00e1 a <strong>La Ni\u00f1a<\/strong> corresponde ao <strong>resfriamento anormal das \u00e1guas do Pac\u00edfico Equatorial central e oriental<\/strong>. Contudo muitas vezes \u00e9 considerada o &#8220;inverso&#8221; do El Ni\u00f1o, embora seus efeitos sejam distintos, e n\u00e3o meramente opostos.<\/p>\n\n\n\n<h3 class=\"wp-block-heading\">Como se forma?<\/h3>\n\n\n\n<p>O processo de forma\u00e7\u00e3o ocorre da seguinte maneira:<\/p>\n\n\n\n<ol class=\"wp-block-list\">\n<li>Os <strong>ventos al\u00edsios se intensificam<\/strong>, empurrando as \u00e1guas quentes ainda mais para o oeste do Pac\u00edfico.<\/li>\n\n\n\n<li>Logo isso permite que <strong>\u00e1guas frias das profundezas oce\u00e2nicas subam \u00e0 superf\u00edcie<\/strong> na costa da Am\u00e9rica do Sul.<\/li>\n\n\n\n<li>Como resultado, grandes \u00e1reas do Pac\u00edfico Equatorial tornam-se mais frias, gerando altera\u00e7\u00f5es clim\u00e1ticas consider\u00e1veis em v\u00e1rias partes do globo.<\/li>\n<\/ol>\n\n\n\n<h3 class=\"wp-block-heading\">Impactos clim\u00e1ticos da La Ni\u00f1a<\/h3>\n\n\n\n<ul class=\"wp-block-list\">\n<li><strong>Brasil<\/strong>:\n<ul class=\"wp-block-list\">\n<li><strong>Sul<\/strong>: seca, risco de estiagens prolongadas e preju\u00edzos na produ\u00e7\u00e3o de soja e milho.<\/li>\n\n\n\n<li><strong>Centro-Oeste e Sudeste<\/strong>: chuvas mais regulares e bem distribu\u00eddas.<\/li>\n\n\n\n<li><strong>Norte e Nordeste<\/strong>: aumento das chuvas e recupera\u00e7\u00e3o de reservat\u00f3rios.<\/li>\n<\/ul>\n<\/li>\n\n\n\n<li><strong>Austr\u00e1lia e Sudeste Asi\u00e1tico<\/strong>: chuvas acima da m\u00e9dia, provocando enchentes.<\/li>\n\n\n\n<li><strong>EUA (regi\u00e3o sul)<\/strong>: clima mais seco e quente.<\/li>\n\n\n\n<li><strong>Pac\u00edfico Tropical<\/strong>: maior atividade de ciclones e furac\u00f5es.<\/li>\n<\/ul>\n\n\n<div class=\"wp-block-image\">\n<figure class=\"aligncenter size-full\"><img decoding=\"async\" width=\"654\" height=\"327\" src=\"https:\/\/conectagrao.com.br\/blog\/wp-content\/uploads\/2025\/07\/como-afeta-o-brasil-2.jpg\" alt=\"\" class=\"wp-image-816\" srcset=\"https:\/\/conectagrao.com.br\/blog\/wp-content\/uploads\/2025\/07\/como-afeta-o-brasil-2.jpg 654w, https:\/\/conectagrao.com.br\/blog\/wp-content\/uploads\/2025\/07\/como-afeta-o-brasil-2-300x150.jpg 300w\" sizes=\"(max-width: 654px) 100vw, 654px\" \/><\/figure>\n<\/div>\n\n\n<h2 class=\"wp-block-heading\">Agricultura e Clima: Impactos Diretos na Produ\u00e7\u00e3o<\/h2>\n\n\n\n<p>Logo quando esses fen\u00f4menos se instalam, os efeitos sobre a agricultura s\u00e3o imediatos. Veja abaixo um resumo comparativo de impactos por cultura:<\/p>\n\n\n\n<figure class=\"wp-block-table\"><table class=\"has-fixed-layout\"><thead><tr><th><strong>Cultura<\/strong><\/th><th><strong>El Ni\u00f1o<\/strong><\/th><th><strong>La Ni\u00f1a<\/strong><\/th><\/tr><\/thead><tbody><tr><td><strong>Soja<\/strong><\/td><td>Excesso de chuva no Sul afeta colheita<\/td><td>Estresse h\u00eddrico no Sul pode reduzir produtividade<\/td><\/tr><tr><td><strong>Milho<\/strong><\/td><td>Plantio atrasado por seca no Centro-Oeste<\/td><td>Pode favorecer ciclo em algumas regi\u00f5es<\/td><\/tr><tr><td><strong>Cana-de-a\u00e7\u00facar<\/strong><\/td><td>Defici\u00eancia h\u00eddrica no Sudeste<\/td><td>Chuvas regulares ajudam no desenvolvimento<\/td><\/tr><tr><td><strong>Caf\u00e9<\/strong><\/td><td>D\u00e9ficit h\u00eddrico prejudica florada<\/td><td>Florada mais intensa com chuvas regulares<\/td><\/tr><tr><td><strong>Feij\u00e3o<\/strong><\/td><td>Alta umidade favorece doen\u00e7as<\/td><td>Condi\u00e7\u00f5es ideais em regi\u00f5es com boa distribui\u00e7\u00e3o<\/td><\/tr><\/tbody><\/table><\/figure>\n\n\n\n<h3 class=\"wp-block-heading\">Consequ\u00eancias econ\u00f4micas<\/h3>\n\n\n\n<p>Al\u00e9m dos impactos diretos nas lavouras, destacam-se tamb\u00e9m:<\/p>\n\n\n\n<ul class=\"wp-block-list\">\n<li><strong>Aumento no pre\u00e7o dos alimentos<\/strong> devido a quebras de safra;<\/li>\n\n\n\n<li><strong>Oscila\u00e7\u00f5es nos custos de produ\u00e7\u00e3o<\/strong>, assim como irriga\u00e7\u00e3o, aplica\u00e7\u00e3o de defensivos e seguros;<\/li>\n\n\n\n<li><strong>Influ\u00eancia nas exporta\u00e7\u00f5es agr\u00edcolas<\/strong>, logo afetando a balan\u00e7a comercial e a receita de produtores e do pa\u00eds.<\/li>\n<\/ul>\n\n\n\n<h2 class=\"wp-block-heading\">Previs\u00f5es Clim\u00e1ticas: Como se Antecipar?<\/h2>\n\n\n\n<p>Hoje em dia, os fen\u00f4menos El Ni\u00f1o e La Ni\u00f1a s\u00e3o monitorados com <strong>modelos num\u00e9ricos, sat\u00e9lites meteorol\u00f3gicos e sensores oce\u00e2nicos<\/strong>, assim permitindo previs\u00f5es com at\u00e9 <strong>6 meses de anteced\u00eancia<\/strong>.<\/p>\n\n\n\n<h3 class=\"wp-block-heading\">Fontes confi\u00e1veis:<\/h3>\n\n\n\n<ul class=\"wp-block-list\">\n<li><a class=\"\" href=\"https:\/\/www.noaa.gov\">NOAA \u2013 EUA<\/a><\/li>\n\n\n\n<li><a class=\"\" href=\"https:\/\/www.inmet.gov.br\">INMET \u2013 Brasil<\/a><\/li>\n\n\n\n<li><a>CPTEC\/INPE \u2013 Brasil<\/a><\/li>\n\n\n\n<li><a class=\"\" href=\"https:\/\/www.climatempo.com.br\">Climatempo<\/a><\/li>\n<\/ul>\n\n\n\n<h3 class=\"wp-block-heading\">Dica pr\u00e1tica para produtores<\/h3>\n\n\n\n<blockquote class=\"wp-block-quote is-layout-flow wp-block-quote-is-layout-flow\">\n<p>Se a previs\u00e3o for de El Ni\u00f1o. Logo \u00e9 aconselh\u00e1vel refor\u00e7ar sistemas de irriga\u00e7\u00e3o no Centro-Oeste e investir em armazenamento e drenagem no Sul.<\/p>\n\n\n\n<p>Em caso de La Ni\u00f1a, fique atento \u00e0 escassez h\u00eddrica no Sul e ao risco de doen\u00e7as f\u00fangicas devido ao excesso de umidade no Norte e Nordeste.<\/p>\n<\/blockquote>\n\n\n\n<h2 class=\"wp-block-heading\">Curiosidades e Eventos Hist\u00f3ricos<\/h2>\n\n\n\n<ul class=\"wp-block-list\">\n<li><strong>1997\u20131998<\/strong>: um dos El Ni\u00f1os mais fortes da hist\u00f3ria, causou preju\u00edzos bilion\u00e1rios no mundo inteiro.<\/li>\n\n\n\n<li><strong>2010\u20132011<\/strong>: forte La Ni\u00f1a provocou seca no Sul do Brasil e enchentes hist\u00f3ricas na Austr\u00e1lia.<\/li>\n\n\n\n<li><strong>2023\u20132024<\/strong>: o El Ni\u00f1o contribuiu diretamente para o ano mais quente j\u00e1 registrado na hist\u00f3ria clim\u00e1tica global.<\/li>\n<\/ul>\n\n\n\n<h2 class=\"wp-block-heading\">Como o Produtor Pode se Preparar?<\/h2>\n\n\n\n<p>Diante de eventos t\u00e3o impactantes, logo algumas a\u00e7\u00f5es podem ajudar a reduzir riscos:<\/p>\n\n\n\n<ul class=\"wp-block-list\">\n<li><strong>Ajustar datas de plantio<\/strong> conforme as previs\u00f5es meteorol\u00f3gicas;<\/li>\n\n\n\n<li><strong>Diversificar culturas<\/strong>, diminuindo a depend\u00eancia de uma \u00fanica lavoura;<\/li>\n\n\n\n<li><strong>Investir em infraestrutura<\/strong>, como irriga\u00e7\u00e3o, drenagem e armazenagem;<\/li>\n\n\n\n<li><strong>Acompanhar boletins clim\u00e1ticos e participar de capacita\u00e7\u00f5es t\u00e9cnicas<\/strong>;<\/li>\n\n\n\n<li><strong>Consultar agr\u00f4nomos e meteorologistas locais<\/strong>, buscando estrat\u00e9gias personalizadas.<\/li>\n<\/ul>\n\n\n\n<h2 class=\"wp-block-heading\">Conclus\u00e3o<\/h2>\n\n\n\n<p><strong>El Ni\u00f1o e La Ni\u00f1a<\/strong> s\u00e3o como maestros invis\u00edveis que regem os ritmos do clima no planeta. Contudo compreend\u00ea-los vai muito al\u00e9m da curiosidade cient\u00edfica \u2014 assim uma <strong>ferramenta essencial de planejamento<\/strong>, especialmente para quem vive da terra.<\/p>\n\n\n\n<p>Portanto, estar atento \u00e0s previs\u00f5es, agir com base em dados confi\u00e1veis e tomar decis\u00f5es estrat\u00e9gicas pode representar a diferen\u00e7a entre o sucesso e o fracasso de uma safra.<\/p>\n\n\n\n<hr class=\"wp-block-separator has-alpha-channel-opacity\"\/>\n\n\n\n<h2 class=\"wp-block-heading\">Referencias:<\/h2>\n\n\n\n<p><strong>INMET \u2013 Instituto Nacional de Meteorologia.<\/strong><br>El Ni\u00f1o e La Ni\u00f1a: entenda os fen\u00f4menos. Bras\u00edlia, 2023. Dispon\u00edvel em: <a class=\"\" href=\"https:\/\/www.inmet.gov.br\">https:\/\/www.inmet.gov.br<\/a>. Acesso em: 17 jul. 2025.<\/p>\n\n\n\n<p><strong>NOAA \u2013 National Oceanic and Atmospheric Administration.<\/strong><br>What are El Ni\u00f1o and La Ni\u00f1a? Maryland, 2024. Dispon\u00edvel em: <a>https:\/\/www.noaa.gov\/education\/resource-collections\/weather-atmosphere\/el-nino<\/a>. Acesso em: 17 jul. 2025.<\/p>\n\n\n\n<p><strong>EMBRAPA \u2013 Empresa Brasileira de Pesquisa Agropecu\u00e1ria.<\/strong><br>Impactos do El Ni\u00f1o e La Ni\u00f1a na agricultura brasileira. Bras\u00edlia, 2022. Dispon\u00edvel em: <a>https:\/\/www.embrapa.br\/busca-de-publicacoes\/-\/publicacao\/1123456<\/a>. Acesso em: 17 jul. 2025.<\/p>\n\n\n\n<p><strong>CPTEC\/INPE \u2013 Centro de Previs\u00e3o de Tempo e Estudos Clim\u00e1ticos.<\/strong><br>Fen\u00f4menos ENOS (El Ni\u00f1o \u2013 Oscila\u00e7\u00e3o Sul): monitoramento e previs\u00f5es. Cachoeira Paulista, SP: INPE, 2024. Dispon\u00edvel em: <a>https:\/\/tempo.inpe.br<\/a>. Acesso em: 17 jul. 2025.<\/p>\n\n\n\n<p><strong>CLIMATEMPO.<\/strong><br>El Ni\u00f1o e La Ni\u00f1a: o que s\u00e3o e como afetam o clima no Brasil. S\u00e3o Paulo, 2023. Dispon\u00edvel em: <a class=\"\" href=\"https:\/\/www.climatempo.com.br\">https:\/\/www.climatempo.com.br<\/a>. Acesso em: 17 jul. 2025.<\/p>\n","protected":false},"excerpt":{"rendered":"<p>El Ni\u00f1o e La Ni\u00f1a s\u00e3o fen\u00f4menos clim\u00e1ticos que alteram a temperatura do Oceano Pac\u00edfico e afetam o clima no mundo todo. No Brasil, causam secas ou excesso de chuvas, impactando a agricultura, a \u00e1gua e a economia. Este post explica suas causas, diferen\u00e7as e efeitos principais.<\/p>\n","protected":false},"author":2,"featured_media":907,"comment_status":"open","ping_status":"open","sticky":false,"template":"","format":"standard","meta":{"_coblocks_attr":"","_coblocks_dimensions":"","_coblocks_responsive_height":"","_coblocks_accordion_ie_support":"","_uag_custom_page_level_css":"","footnotes":""},"categories":[27],"tags":[],"class_list":["post-808","post","type-post","status-publish","format-standard","has-post-thumbnail","hentry","category-clima"],"yoast_head":"<!-- This site is optimized with the Yoast SEO plugin v27.4 - https:\/\/yoast.com\/product\/yoast-seo-wordpress\/ -->\n<title>El Ni\u00f1o e La Ni\u00f1a o que \u00e9? - ConectaGr\u00e3o<\/title>\n<meta name=\"description\" content=\"Descubra o que s\u00e3o os fen\u00f4menos El Ni\u00f1o e La Ni\u00f1a, como surgem, seus impactos no clima brasileiro e na agricultura.\" \/>\n<meta name=\"robots\" content=\"index, follow, max-snippet:-1, max-image-preview:large, max-video-preview:-1\" \/>\n<link rel=\"canonical\" href=\"https:\/\/conectagrao.com.br\/blog\/como-el-nino-e-la-nina-afetam-o-agro\/\" \/>\n<meta property=\"og:locale\" content=\"pt_BR\" \/>\n<meta property=\"og:type\" content=\"article\" \/>\n<meta property=\"og:title\" content=\"El Ni\u00f1o e La Ni\u00f1a o que \u00e9? - ConectaGr\u00e3o\" \/>\n<meta property=\"og:description\" content=\"Descubra o que s\u00e3o os fen\u00f4menos El Ni\u00f1o e La Ni\u00f1a, como surgem, seus impactos no clima brasileiro e na agricultura.\" \/>\n<meta property=\"og:url\" content=\"https:\/\/conectagrao.com.br\/blog\/como-el-nino-e-la-nina-afetam-o-agro\/\" \/>\n<meta property=\"og:site_name\" content=\"ConectaGr\u00e3o\" \/>\n<meta property=\"article:publisher\" content=\"https:\/\/www.facebook.com\/conectagrao\/\" \/>\n<meta property=\"article:published_time\" content=\"2025-07-21T03:22:50+00:00\" \/>\n<meta property=\"article:modified_time\" content=\"2025-08-07T06:18:55+00:00\" \/>\n<meta property=\"og:image\" content=\"https:\/\/conectagrao.com.br\/blog\/wp-content\/uploads\/2025\/07\/El.png\" \/>\n\t<meta property=\"og:image:width\" content=\"1200\" \/>\n\t<meta property=\"og:image:height\" content=\"800\" \/>\n\t<meta property=\"og:image:type\" content=\"image\/png\" \/>\n<meta name=\"author\" content=\"Kao\u00ea Rauch\" \/>\n<meta name=\"twitter:card\" content=\"summary_large_image\" \/>\n<meta name=\"twitter:label1\" content=\"Escrito por\" \/>\n\t<meta name=\"twitter:data1\" content=\"Kao\u00ea Rauch\" \/>\n\t<meta name=\"twitter:label2\" content=\"Est. tempo de leitura\" \/>\n\t<meta name=\"twitter:data2\" content=\"7 minutos\" \/>\n<script type=\"application\/ld+json\" class=\"yoast-schema-graph\">{\"@context\":\"https:\\\/\\\/schema.org\",\"@graph\":[{\"@type\":\"Article\",\"@id\":\"https:\\\/\\\/conectagrao.com.br\\\/blog\\\/como-el-nino-e-la-nina-afetam-o-agro\\\/#article\",\"isPartOf\":{\"@id\":\"https:\\\/\\\/conectagrao.com.br\\\/blog\\\/como-el-nino-e-la-nina-afetam-o-agro\\\/\"},\"author\":{\"name\":\"Kao\u00ea Rauch\",\"@id\":\"https:\\\/\\\/conectagrao.com.br\\\/blog\\\/#\\\/schema\\\/person\\\/0110c2a65e3fe8c1eb38193d9f186a59\"},\"headline\":\"El Ni\u00f1o e La Ni\u00f1a o que \u00e9?\",\"datePublished\":\"2025-07-21T03:22:50+00:00\",\"dateModified\":\"2025-08-07T06:18:55+00:00\",\"mainEntityOfPage\":{\"@id\":\"https:\\\/\\\/conectagrao.com.br\\\/blog\\\/como-el-nino-e-la-nina-afetam-o-agro\\\/\"},\"wordCount\":1391,\"commentCount\":0,\"publisher\":{\"@id\":\"https:\\\/\\\/conectagrao.com.br\\\/blog\\\/#organization\"},\"image\":{\"@id\":\"https:\\\/\\\/conectagrao.com.br\\\/blog\\\/como-el-nino-e-la-nina-afetam-o-agro\\\/#primaryimage\"},\"thumbnailUrl\":\"https:\\\/\\\/conectagrao.com.br\\\/blog\\\/wp-content\\\/uploads\\\/2025\\\/07\\\/El.png\",\"articleSection\":[\"Clima\"],\"inLanguage\":\"pt-BR\",\"potentialAction\":[{\"@type\":\"CommentAction\",\"name\":\"Comment\",\"target\":[\"https:\\\/\\\/conectagrao.com.br\\\/blog\\\/como-el-nino-e-la-nina-afetam-o-agro\\\/#respond\"]}]},{\"@type\":\"WebPage\",\"@id\":\"https:\\\/\\\/conectagrao.com.br\\\/blog\\\/como-el-nino-e-la-nina-afetam-o-agro\\\/\",\"url\":\"https:\\\/\\\/conectagrao.com.br\\\/blog\\\/como-el-nino-e-la-nina-afetam-o-agro\\\/\",\"name\":\"El Ni\u00f1o e La Ni\u00f1a o que \u00e9? - ConectaGr\u00e3o\",\"isPartOf\":{\"@id\":\"https:\\\/\\\/conectagrao.com.br\\\/blog\\\/#website\"},\"primaryImageOfPage\":{\"@id\":\"https:\\\/\\\/conectagrao.com.br\\\/blog\\\/como-el-nino-e-la-nina-afetam-o-agro\\\/#primaryimage\"},\"image\":{\"@id\":\"https:\\\/\\\/conectagrao.com.br\\\/blog\\\/como-el-nino-e-la-nina-afetam-o-agro\\\/#primaryimage\"},\"thumbnailUrl\":\"https:\\\/\\\/conectagrao.com.br\\\/blog\\\/wp-content\\\/uploads\\\/2025\\\/07\\\/El.png\",\"datePublished\":\"2025-07-21T03:22:50+00:00\",\"dateModified\":\"2025-08-07T06:18:55+00:00\",\"description\":\"Descubra o que s\u00e3o os fen\u00f4menos El Ni\u00f1o e La Ni\u00f1a, como surgem, seus impactos no clima brasileiro e na agricultura.\",\"breadcrumb\":{\"@id\":\"https:\\\/\\\/conectagrao.com.br\\\/blog\\\/como-el-nino-e-la-nina-afetam-o-agro\\\/#breadcrumb\"},\"inLanguage\":\"pt-BR\",\"potentialAction\":[{\"@type\":\"ReadAction\",\"target\":[\"https:\\\/\\\/conectagrao.com.br\\\/blog\\\/como-el-nino-e-la-nina-afetam-o-agro\\\/\"]}]},{\"@type\":\"ImageObject\",\"inLanguage\":\"pt-BR\",\"@id\":\"https:\\\/\\\/conectagrao.com.br\\\/blog\\\/como-el-nino-e-la-nina-afetam-o-agro\\\/#primaryimage\",\"url\":\"https:\\\/\\\/conectagrao.com.br\\\/blog\\\/wp-content\\\/uploads\\\/2025\\\/07\\\/El.png\",\"contentUrl\":\"https:\\\/\\\/conectagrao.com.br\\\/blog\\\/wp-content\\\/uploads\\\/2025\\\/07\\\/El.png\",\"width\":1200,\"height\":800,\"caption\":\"el nino e la nina\"},{\"@type\":\"BreadcrumbList\",\"@id\":\"https:\\\/\\\/conectagrao.com.br\\\/blog\\\/como-el-nino-e-la-nina-afetam-o-agro\\\/#breadcrumb\",\"itemListElement\":[{\"@type\":\"ListItem\",\"position\":1,\"name\":\"In\u00edcio\",\"item\":\"https:\\\/\\\/conectagrao.com.br\\\/blog\\\/\"},{\"@type\":\"ListItem\",\"position\":2,\"name\":\"El Ni\u00f1o e La Ni\u00f1a o que \u00e9?\"}]},{\"@type\":\"WebSite\",\"@id\":\"https:\\\/\\\/conectagrao.com.br\\\/blog\\\/#website\",\"url\":\"https:\\\/\\\/conectagrao.com.br\\\/blog\\\/\",\"name\":\"ConectaGr\u00e3o\",\"description\":\"Conectando o futuro com o agroneg\u00f3cio.\",\"publisher\":{\"@id\":\"https:\\\/\\\/conectagrao.com.br\\\/blog\\\/#organization\"},\"alternateName\":\"conectagrao\",\"potentialAction\":[{\"@type\":\"SearchAction\",\"target\":{\"@type\":\"EntryPoint\",\"urlTemplate\":\"https:\\\/\\\/conectagrao.com.br\\\/blog\\\/?s={search_term_string}\"},\"query-input\":{\"@type\":\"PropertyValueSpecification\",\"valueRequired\":true,\"valueName\":\"search_term_string\"}}],\"inLanguage\":\"pt-BR\"},{\"@type\":\"Organization\",\"@id\":\"https:\\\/\\\/conectagrao.com.br\\\/blog\\\/#organization\",\"name\":\"ConectaGr\u00e3o\",\"alternateName\":\"conectagrao\",\"url\":\"https:\\\/\\\/conectagrao.com.br\\\/blog\\\/\",\"logo\":{\"@type\":\"ImageObject\",\"inLanguage\":\"pt-BR\",\"@id\":\"https:\\\/\\\/conectagrao.com.br\\\/blog\\\/#\\\/schema\\\/logo\\\/image\\\/\",\"url\":\"https:\\\/\\\/conectagrao.com.br\\\/blog\\\/wp-content\\\/uploads\\\/2025\\\/07\\\/ConectaGrao-6.png\",\"contentUrl\":\"https:\\\/\\\/conectagrao.com.br\\\/blog\\\/wp-content\\\/uploads\\\/2025\\\/07\\\/ConectaGrao-6.png\",\"width\":447,\"height\":559,\"caption\":\"ConectaGr\u00e3o\"},\"image\":{\"@id\":\"https:\\\/\\\/conectagrao.com.br\\\/blog\\\/#\\\/schema\\\/logo\\\/image\\\/\"},\"sameAs\":[\"https:\\\/\\\/www.facebook.com\\\/conectagrao\\\/\",\"https:\\\/\\\/www.tiktok.com\\\/@conectagrao?_t=ZM-8xPuS2d6MFB&_r=1\",\"https:\\\/\\\/www.threads.com\\\/@conectagrao\",\"https:\\\/\\\/www.youtube.com\\\/@conectagrao\",\"https:\\\/\\\/www.instagram.com\\\/conectagrao\"]},{\"@type\":\"Person\",\"@id\":\"https:\\\/\\\/conectagrao.com.br\\\/blog\\\/#\\\/schema\\\/person\\\/0110c2a65e3fe8c1eb38193d9f186a59\",\"name\":\"Kao\u00ea Rauch\",\"image\":{\"@type\":\"ImageObject\",\"inLanguage\":\"pt-BR\",\"@id\":\"https:\\\/\\\/secure.gravatar.com\\\/avatar\\\/0a44a558d0f8cd204343bb0098142aaf503447c453c3557bdf65ce2104d4d5e3?s=96&d=mm&r=g\",\"url\":\"https:\\\/\\\/secure.gravatar.com\\\/avatar\\\/0a44a558d0f8cd204343bb0098142aaf503447c453c3557bdf65ce2104d4d5e3?s=96&d=mm&r=g\",\"contentUrl\":\"https:\\\/\\\/secure.gravatar.com\\\/avatar\\\/0a44a558d0f8cd204343bb0098142aaf503447c453c3557bdf65ce2104d4d5e3?s=96&d=mm&r=g\",\"caption\":\"Kao\u00ea Rauch\"},\"description\":\"Kaoe Rauch \u00e9 t\u00e9cnico agr\u00edcola e fundador da ConectaGr\u00e3o. Com experi\u00eancia pr\u00e1tica no campo e forte conex\u00e3o com o agro, escreve conte\u00fados que unem viv\u00eancia rural, conhecimento t\u00e9cnico e olhar de mercado, sempre com o objetivo de aproximar produtores da informa\u00e7\u00e3o que realmente importa.\",\"url\":\"https:\\\/\\\/conectagrao.com.br\\\/blog\\\/author\\\/kaoe-rauch\\\/\"}]}<\/script>\n<!-- \/ Yoast SEO plugin. -->","yoast_head_json":{"title":"El Ni\u00f1o e La Ni\u00f1a o que \u00e9? - ConectaGr\u00e3o","description":"Descubra o que s\u00e3o os fen\u00f4menos El Ni\u00f1o e La Ni\u00f1a, como surgem, seus impactos no clima brasileiro e na agricultura.","robots":{"index":"index","follow":"follow","max-snippet":"max-snippet:-1","max-image-preview":"max-image-preview:large","max-video-preview":"max-video-preview:-1"},"canonical":"https:\/\/conectagrao.com.br\/blog\/como-el-nino-e-la-nina-afetam-o-agro\/","og_locale":"pt_BR","og_type":"article","og_title":"El Ni\u00f1o e La Ni\u00f1a o que \u00e9? - ConectaGr\u00e3o","og_description":"Descubra o que s\u00e3o os fen\u00f4menos El Ni\u00f1o e La Ni\u00f1a, como surgem, seus impactos no clima brasileiro e na agricultura.","og_url":"https:\/\/conectagrao.com.br\/blog\/como-el-nino-e-la-nina-afetam-o-agro\/","og_site_name":"ConectaGr\u00e3o","article_publisher":"https:\/\/www.facebook.com\/conectagrao\/","article_published_time":"2025-07-21T03:22:50+00:00","article_modified_time":"2025-08-07T06:18:55+00:00","og_image":[{"width":1200,"height":800,"url":"https:\/\/conectagrao.com.br\/blog\/wp-content\/uploads\/2025\/07\/El.png","type":"image\/png"}],"author":"Kao\u00ea Rauch","twitter_card":"summary_large_image","twitter_misc":{"Escrito por":"Kao\u00ea Rauch","Est. tempo de leitura":"7 minutos"},"schema":{"@context":"https:\/\/schema.org","@graph":[{"@type":"Article","@id":"https:\/\/conectagrao.com.br\/blog\/como-el-nino-e-la-nina-afetam-o-agro\/#article","isPartOf":{"@id":"https:\/\/conectagrao.com.br\/blog\/como-el-nino-e-la-nina-afetam-o-agro\/"},"author":{"name":"Kao\u00ea Rauch","@id":"https:\/\/conectagrao.com.br\/blog\/#\/schema\/person\/0110c2a65e3fe8c1eb38193d9f186a59"},"headline":"El Ni\u00f1o e La Ni\u00f1a o que \u00e9?","datePublished":"2025-07-21T03:22:50+00:00","dateModified":"2025-08-07T06:18:55+00:00","mainEntityOfPage":{"@id":"https:\/\/conectagrao.com.br\/blog\/como-el-nino-e-la-nina-afetam-o-agro\/"},"wordCount":1391,"commentCount":0,"publisher":{"@id":"https:\/\/conectagrao.com.br\/blog\/#organization"},"image":{"@id":"https:\/\/conectagrao.com.br\/blog\/como-el-nino-e-la-nina-afetam-o-agro\/#primaryimage"},"thumbnailUrl":"https:\/\/conectagrao.com.br\/blog\/wp-content\/uploads\/2025\/07\/El.png","articleSection":["Clima"],"inLanguage":"pt-BR","potentialAction":[{"@type":"CommentAction","name":"Comment","target":["https:\/\/conectagrao.com.br\/blog\/como-el-nino-e-la-nina-afetam-o-agro\/#respond"]}]},{"@type":"WebPage","@id":"https:\/\/conectagrao.com.br\/blog\/como-el-nino-e-la-nina-afetam-o-agro\/","url":"https:\/\/conectagrao.com.br\/blog\/como-el-nino-e-la-nina-afetam-o-agro\/","name":"El Ni\u00f1o e La Ni\u00f1a o que \u00e9? - ConectaGr\u00e3o","isPartOf":{"@id":"https:\/\/conectagrao.com.br\/blog\/#website"},"primaryImageOfPage":{"@id":"https:\/\/conectagrao.com.br\/blog\/como-el-nino-e-la-nina-afetam-o-agro\/#primaryimage"},"image":{"@id":"https:\/\/conectagrao.com.br\/blog\/como-el-nino-e-la-nina-afetam-o-agro\/#primaryimage"},"thumbnailUrl":"https:\/\/conectagrao.com.br\/blog\/wp-content\/uploads\/2025\/07\/El.png","datePublished":"2025-07-21T03:22:50+00:00","dateModified":"2025-08-07T06:18:55+00:00","description":"Descubra o que s\u00e3o os fen\u00f4menos El Ni\u00f1o e La Ni\u00f1a, como surgem, seus impactos no clima brasileiro e na agricultura.","breadcrumb":{"@id":"https:\/\/conectagrao.com.br\/blog\/como-el-nino-e-la-nina-afetam-o-agro\/#breadcrumb"},"inLanguage":"pt-BR","potentialAction":[{"@type":"ReadAction","target":["https:\/\/conectagrao.com.br\/blog\/como-el-nino-e-la-nina-afetam-o-agro\/"]}]},{"@type":"ImageObject","inLanguage":"pt-BR","@id":"https:\/\/conectagrao.com.br\/blog\/como-el-nino-e-la-nina-afetam-o-agro\/#primaryimage","url":"https:\/\/conectagrao.com.br\/blog\/wp-content\/uploads\/2025\/07\/El.png","contentUrl":"https:\/\/conectagrao.com.br\/blog\/wp-content\/uploads\/2025\/07\/El.png","width":1200,"height":800,"caption":"el nino e la nina"},{"@type":"BreadcrumbList","@id":"https:\/\/conectagrao.com.br\/blog\/como-el-nino-e-la-nina-afetam-o-agro\/#breadcrumb","itemListElement":[{"@type":"ListItem","position":1,"name":"In\u00edcio","item":"https:\/\/conectagrao.com.br\/blog\/"},{"@type":"ListItem","position":2,"name":"El Ni\u00f1o e La Ni\u00f1a o que \u00e9?"}]},{"@type":"WebSite","@id":"https:\/\/conectagrao.com.br\/blog\/#website","url":"https:\/\/conectagrao.com.br\/blog\/","name":"ConectaGr\u00e3o","description":"Conectando o futuro com o agroneg\u00f3cio.","publisher":{"@id":"https:\/\/conectagrao.com.br\/blog\/#organization"},"alternateName":"conectagrao","potentialAction":[{"@type":"SearchAction","target":{"@type":"EntryPoint","urlTemplate":"https:\/\/conectagrao.com.br\/blog\/?s={search_term_string}"},"query-input":{"@type":"PropertyValueSpecification","valueRequired":true,"valueName":"search_term_string"}}],"inLanguage":"pt-BR"},{"@type":"Organization","@id":"https:\/\/conectagrao.com.br\/blog\/#organization","name":"ConectaGr\u00e3o","alternateName":"conectagrao","url":"https:\/\/conectagrao.com.br\/blog\/","logo":{"@type":"ImageObject","inLanguage":"pt-BR","@id":"https:\/\/conectagrao.com.br\/blog\/#\/schema\/logo\/image\/","url":"https:\/\/conectagrao.com.br\/blog\/wp-content\/uploads\/2025\/07\/ConectaGrao-6.png","contentUrl":"https:\/\/conectagrao.com.br\/blog\/wp-content\/uploads\/2025\/07\/ConectaGrao-6.png","width":447,"height":559,"caption":"ConectaGr\u00e3o"},"image":{"@id":"https:\/\/conectagrao.com.br\/blog\/#\/schema\/logo\/image\/"},"sameAs":["https:\/\/www.facebook.com\/conectagrao\/","https:\/\/www.tiktok.com\/@conectagrao?_t=ZM-8xPuS2d6MFB&_r=1","https:\/\/www.threads.com\/@conectagrao","https:\/\/www.youtube.com\/@conectagrao","https:\/\/www.instagram.com\/conectagrao"]},{"@type":"Person","@id":"https:\/\/conectagrao.com.br\/blog\/#\/schema\/person\/0110c2a65e3fe8c1eb38193d9f186a59","name":"Kao\u00ea Rauch","image":{"@type":"ImageObject","inLanguage":"pt-BR","@id":"https:\/\/secure.gravatar.com\/avatar\/0a44a558d0f8cd204343bb0098142aaf503447c453c3557bdf65ce2104d4d5e3?s=96&d=mm&r=g","url":"https:\/\/secure.gravatar.com\/avatar\/0a44a558d0f8cd204343bb0098142aaf503447c453c3557bdf65ce2104d4d5e3?s=96&d=mm&r=g","contentUrl":"https:\/\/secure.gravatar.com\/avatar\/0a44a558d0f8cd204343bb0098142aaf503447c453c3557bdf65ce2104d4d5e3?s=96&d=mm&r=g","caption":"Kao\u00ea Rauch"},"description":"Kaoe Rauch \u00e9 t\u00e9cnico agr\u00edcola e fundador da ConectaGr\u00e3o. Com experi\u00eancia pr\u00e1tica no campo e forte conex\u00e3o com o agro, escreve conte\u00fados que unem viv\u00eancia rural, conhecimento t\u00e9cnico e olhar de mercado, sempre com o objetivo de aproximar produtores da informa\u00e7\u00e3o que realmente importa.","url":"https:\/\/conectagrao.com.br\/blog\/author\/kaoe-rauch\/"}]}},"uagb_featured_image_src":{"full":["https:\/\/conectagrao.com.br\/blog\/wp-content\/uploads\/2025\/07\/El.png",1200,800,false],"thumbnail":["https:\/\/conectagrao.com.br\/blog\/wp-content\/uploads\/2025\/07\/El-150x150.png",150,150,true],"medium":["https:\/\/conectagrao.com.br\/blog\/wp-content\/uploads\/2025\/07\/El-300x200.png",300,200,true],"medium_large":["https:\/\/conectagrao.com.br\/blog\/wp-content\/uploads\/2025\/07\/El-768x512.png",640,427,true],"large":["https:\/\/conectagrao.com.br\/blog\/wp-content\/uploads\/2025\/07\/El-1024x683.png",640,427,true],"1536x1536":["https:\/\/conectagrao.com.br\/blog\/wp-content\/uploads\/2025\/07\/El.png",1200,800,false],"2048x2048":["https:\/\/conectagrao.com.br\/blog\/wp-content\/uploads\/2025\/07\/El.png",1200,800,false],"cvmm-medium":["https:\/\/conectagrao.com.br\/blog\/wp-content\/uploads\/2025\/07\/El-300x300.png",300,300,true],"cvmm-medium-plus":["https:\/\/conectagrao.com.br\/blog\/wp-content\/uploads\/2025\/07\/El-305x207.png",305,207,true],"cvmm-portrait":["https:\/\/conectagrao.com.br\/blog\/wp-content\/uploads\/2025\/07\/El-400x600.png",400,600,true],"cvmm-medium-square":["https:\/\/conectagrao.com.br\/blog\/wp-content\/uploads\/2025\/07\/El-600x600.png",600,600,true],"cvmm-large":["https:\/\/conectagrao.com.br\/blog\/wp-content\/uploads\/2025\/07\/El-1024x800.png",1024,800,true],"cvmm-small":["https:\/\/conectagrao.com.br\/blog\/wp-content\/uploads\/2025\/07\/El-130x95.png",130,95,true],"news-portal-block-medium":["https:\/\/conectagrao.com.br\/blog\/wp-content\/uploads\/2025\/07\/El-305x207.png",305,207,true],"news-portal-block-thumb":["https:\/\/conectagrao.com.br\/blog\/wp-content\/uploads\/2025\/07\/El-136x102.png",136,102,true],"news-portal-slider-medium":["https:\/\/conectagrao.com.br\/blog\/wp-content\/uploads\/2025\/07\/El-622x420.png",622,420,true],"news-portal-carousel-portrait":["https:\/\/conectagrao.com.br\/blog\/wp-content\/uploads\/2025\/07\/El-400x600.png",400,600,true],"news-portal-alternate-grid":["https:\/\/conectagrao.com.br\/blog\/wp-content\/uploads\/2025\/07\/El-340x316.png",340,316,true],"web-stories-poster-portrait":["https:\/\/conectagrao.com.br\/blog\/wp-content\/uploads\/2025\/07\/El.png",640,427,false],"web-stories-publisher-logo":["https:\/\/conectagrao.com.br\/blog\/wp-content\/uploads\/2025\/07\/El.png",96,64,false],"web-stories-thumbnail":["https:\/\/conectagrao.com.br\/blog\/wp-content\/uploads\/2025\/07\/El.png",150,100,false]},"uagb_author_info":{"display_name":"Kao\u00ea Rauch","author_link":"https:\/\/conectagrao.com.br\/blog\/author\/kaoe-rauch\/"},"uagb_comment_info":0,"uagb_excerpt":"El Ni\u00f1o e La Ni\u00f1a s\u00e3o fen\u00f4menos clim\u00e1ticos que alteram a temperatura do Oceano Pac\u00edfico e afetam o clima no mundo todo. No Brasil, causam secas ou excesso de chuvas, impactando a agricultura, a \u00e1gua e a economia. Este post explica suas causas, diferen\u00e7as e efeitos principais.","blog_post_layout_featured_media_urls":{"thumbnail":["https:\/\/conectagrao.com.br\/blog\/wp-content\/uploads\/2025\/07\/El-150x150.png",150,150,true],"full":["https:\/\/conectagrao.com.br\/blog\/wp-content\/uploads\/2025\/07\/El.png",1200,800,false]},"categories_names":{"27":{"name":"Clima","link":"https:\/\/conectagrao.com.br\/blog\/clima\/"}},"tags_names":[],"comments_number":"0","wpmagazine_modules_lite_featured_media_urls":{"thumbnail":["https:\/\/conectagrao.com.br\/blog\/wp-content\/uploads\/2025\/07\/El-150x150.png",150,150,true],"cvmm-medium":["https:\/\/conectagrao.com.br\/blog\/wp-content\/uploads\/2025\/07\/El-300x300.png",300,300,true],"cvmm-medium-plus":["https:\/\/conectagrao.com.br\/blog\/wp-content\/uploads\/2025\/07\/El-305x207.png",305,207,true],"cvmm-portrait":["https:\/\/conectagrao.com.br\/blog\/wp-content\/uploads\/2025\/07\/El-400x600.png",400,600,true],"cvmm-medium-square":["https:\/\/conectagrao.com.br\/blog\/wp-content\/uploads\/2025\/07\/El-600x600.png",600,600,true],"cvmm-large":["https:\/\/conectagrao.com.br\/blog\/wp-content\/uploads\/2025\/07\/El-1024x800.png",1024,800,true],"cvmm-small":["https:\/\/conectagrao.com.br\/blog\/wp-content\/uploads\/2025\/07\/El-130x95.png",130,95,true],"full":["https:\/\/conectagrao.com.br\/blog\/wp-content\/uploads\/2025\/07\/El.png",1200,800,false]},"_links":{"self":[{"href":"https:\/\/conectagrao.com.br\/blog\/wp-json\/wp\/v2\/posts\/808","targetHints":{"allow":["GET"]}}],"collection":[{"href":"https:\/\/conectagrao.com.br\/blog\/wp-json\/wp\/v2\/posts"}],"about":[{"href":"https:\/\/conectagrao.com.br\/blog\/wp-json\/wp\/v2\/types\/post"}],"author":[{"embeddable":true,"href":"https:\/\/conectagrao.com.br\/blog\/wp-json\/wp\/v2\/users\/2"}],"replies":[{"embeddable":true,"href":"https:\/\/conectagrao.com.br\/blog\/wp-json\/wp\/v2\/comments?post=808"}],"version-history":[{"count":3,"href":"https:\/\/conectagrao.com.br\/blog\/wp-json\/wp\/v2\/posts\/808\/revisions"}],"predecessor-version":[{"id":971,"href":"https:\/\/conectagrao.com.br\/blog\/wp-json\/wp\/v2\/posts\/808\/revisions\/971"}],"wp:featuredmedia":[{"embeddable":true,"href":"https:\/\/conectagrao.com.br\/blog\/wp-json\/wp\/v2\/media\/907"}],"wp:attachment":[{"href":"https:\/\/conectagrao.com.br\/blog\/wp-json\/wp\/v2\/media?parent=808"}],"wp:term":[{"taxonomy":"category","embeddable":true,"href":"https:\/\/conectagrao.com.br\/blog\/wp-json\/wp\/v2\/categories?post=808"},{"taxonomy":"post_tag","embeddable":true,"href":"https:\/\/conectagrao.com.br\/blog\/wp-json\/wp\/v2\/tags?post=808"}],"curies":[{"name":"wp","href":"https:\/\/api.w.org\/{rel}","templated":true}]}}