{"id":840,"date":"2025-07-25T02:42:17","date_gmt":"2025-07-25T02:42:17","guid":{"rendered":"https:\/\/conectagrao.com.br\/blog\/?p=840"},"modified":"2025-08-07T06:15:31","modified_gmt":"2025-08-07T06:15:31","slug":"commodities-agricolas-o-que-define-seus-precos-no-mercado","status":"publish","type":"post","link":"https:\/\/conectagrao.com.br\/blog\/commodities-agricolas-o-que-define-seus-precos-no-mercado\/","title":{"rendered":"Commodities Agr\u00edcolas: O que define pre\u00e7os no mercado?"},"content":{"rendered":"\n<p>As commodities agr\u00edcolas, como soja, milho, caf\u00e9 e algod\u00e3o, s\u00e3o a base da produ\u00e7\u00e3o do agroneg\u00f3cio no Brasil e no mundo. No entanto, poucos compreendem como os pre\u00e7os dessas culturas s\u00e3o definidos. Afinal, por que o valor da soja sobe em um dia e cai no outro? O que acontece nas bolsas internacionais que influencia o bolso do produtor rural?<\/p>\n\n\n\n<p>Neste post, vamos explicar como funciona a forma\u00e7\u00e3o de pre\u00e7os das commodities agr\u00edcolas nas bolsas de valores, destacando os principais fatores que impactam essas negocia\u00e7\u00f5es.<\/p>\n\n\n\n<h3 class=\"wp-block-heading\">O que s\u00e3o commodities agr\u00edcolas?<\/h3>\n\n\n\n<p>Em resumo, commodities s\u00e3o produtos de origem prim\u00e1ria, geralmente comercializados em grandes volumes, com pouca ou nenhuma diferencia\u00e7\u00e3o entre produtores. No caso das agr\u00edcolas, falamos de itens como milho, soja, trigo, caf\u00e9, arroz, entre outros.<\/p>\n\n\n\n<figure class=\"wp-block-image size-large\"><img fetchpriority=\"high\" decoding=\"async\" width=\"1024\" height=\"427\" src=\"https:\/\/conectagrao.com.br\/blog\/wp-content\/uploads\/2025\/07\/commodities-1024x427.png\" alt=\"\" class=\"wp-image-843\" srcset=\"https:\/\/conectagrao.com.br\/blog\/wp-content\/uploads\/2025\/07\/commodities-1024x427.png 1024w, https:\/\/conectagrao.com.br\/blog\/wp-content\/uploads\/2025\/07\/commodities-300x125.png 300w, https:\/\/conectagrao.com.br\/blog\/wp-content\/uploads\/2025\/07\/commodities-768x320.png 768w, https:\/\/conectagrao.com.br\/blog\/wp-content\/uploads\/2025\/07\/commodities-1536x640.png 1536w, https:\/\/conectagrao.com.br\/blog\/wp-content\/uploads\/2025\/07\/commodities.png 1920w\" sizes=\"(max-width: 1024px) 100vw, 1024px\" \/><\/figure>\n\n\n\n<p>Elas s\u00e3o essenciais para a economia global, j\u00e1 que alimentam n\u00e3o s\u00f3 as pessoas, como tamb\u00e9m animais e ind\u00fastrias. Dessa forma, entender sua precifica\u00e7\u00e3o \u00e9 fundamental para quem atua no setor agropecu\u00e1rio.<\/p>\n\n\n\n<h3 class=\"wp-block-heading\">Onde os pre\u00e7os s\u00e3o definidos?<\/h3>\n\n\n\n<p>Os pre\u00e7os das commodities agr\u00edcolas s\u00e3o definidos principalmente em bolsas internacionais, como a <strong>Bolsa de Chicago (CME Group)<\/strong>, a mais importante do mundo para o setor. Nela, negociam-se contratos futuros dessas mercadorias, que determinam quanto valer\u00e1 um produto em determinada data.<\/p>\n\n\n\n<p>Al\u00e9m disso, tamb\u00e9m existem bolsas como a <strong>ICE (Intercontinental Exchange)<\/strong>, onde \u00e9 comum a negocia\u00e7\u00e3o de caf\u00e9 e a\u00e7\u00facar, e bolsas locais, como a <strong>B3<\/strong>, no Brasil.<\/p>\n\n\n\n<h3 class=\"wp-block-heading\">Como funciona um contrato futuro?<\/h3>\n\n\n\n<p>Os contratos futuros s\u00e3o acordos de compra e venda de commodities com entrega e pagamento em uma data futura. Eles servem para proteger compradores e vendedores das oscila\u00e7\u00f5es de pre\u00e7o \u2014 o chamado hedge.<\/p>\n\n\n\n<p>Por exemplo, um produtor pode garantir a venda de sua safra de soja por um pre\u00e7o fixo para entrega em seis meses. Se o mercado cair nesse per\u00edodo, ele n\u00e3o perde, pois j\u00e1 fixou sua venda.<\/p>\n\n\n\n<p>Contudo, se o pre\u00e7o subir, ele tamb\u00e9m n\u00e3o poder\u00e1 vender por mais. Esse \u00e9 o custo da previsibilidade.<\/p>\n\n\n\n<h3 class=\"wp-block-heading\">Quais fatores influenciam os pre\u00e7os?<\/h3>\n\n\n\n<p>V\u00e1rios elementos afetam o valor das commodities agr\u00edcolas. Abaixo, listamos os principais:<\/p>\n\n\n\n<ul class=\"wp-block-list\">\n<li><strong>Oferta e demanda<\/strong>: Quanto maior a produ\u00e7\u00e3o ou menor o consumo, menor tende a ser o pre\u00e7o. O contr\u00e1rio tamb\u00e9m \u00e9 verdadeiro.<\/li>\n\n\n\n<li><strong>Clima<\/strong>: Seca ou excesso de chuva impactam diretamente nas safras.<\/li>\n\n\n\n<li><strong>Pol\u00edtica e economia global<\/strong>: Tens\u00f5es entre pa\u00edses, guerras e embargos comerciais alteram o fluxo de exporta\u00e7\u00f5es e importa\u00e7\u00f5es.<\/li>\n\n\n\n<li><strong>C\u00e2mbio<\/strong>: Como a maioria das negocia\u00e7\u00f5es \u00e9 em d\u00f3lar, a varia\u00e7\u00e3o do real influencia o pre\u00e7o interno.<\/li>\n\n\n\n<li><strong>Custos de produ\u00e7\u00e3o<\/strong>: Fertilizantes, combust\u00edveis e log\u00edstica afetam os pre\u00e7os negociados.<\/li>\n<\/ul>\n\n\n\n<p>Portanto, os pre\u00e7os s\u00e3o resultado de um cen\u00e1rio complexo e mut\u00e1vel.<\/p>\n\n\n\n<h3 class=\"wp-block-heading\">Qual o papel da especula\u00e7\u00e3o?<\/h3>\n\n\n\n<p>\u00c9 importante destacar que os pre\u00e7os nas bolsas tamb\u00e9m sofrem influ\u00eancia de <strong>especuladores<\/strong>, ou seja, investidores que compram ou vendem contratos visando lucro e n\u00e3o a entrega f\u00edsica do produto.<\/p>\n\n\n\n<p>Isso pode provocar oscila\u00e7\u00f5es di\u00e1rias nos pre\u00e7os, mesmo sem mudan\u00e7as reais na oferta e demanda. Contudo, essa liquidez traz dinamismo ao mercado e permite que produtores e compradores tenham mais ferramentas de prote\u00e7\u00e3o.<\/p>\n\n\n\n<h3 class=\"wp-block-heading\">Como o produtor pode acompanhar os pre\u00e7os?<\/h3>\n\n\n\n<p>Al\u00e9m de consultar fontes como sites especializados e plataformas de cota\u00e7\u00e3o em tempo real, \u00e9 essencial que o produtor entenda o funcionamento do mercado de futuros. Assim, pode tomar decis\u00f5es mais estrat\u00e9gicas sobre o melhor momento para vender sua produ\u00e7\u00e3o.<\/p>\n\n\n\n<p>Al\u00e9m disso, usar ferramentas como hedge, travas de c\u00e2mbio e contratos a termo pode ser uma excelente forma de garantir rentabilidade e reduzir riscos.<\/p>\n\n\n\n<h3 class=\"wp-block-heading\">Conclus\u00e3o<\/h3>\n\n\n\n<p>As commodities agr\u00edcolas s\u00e3o negociadas em um mercado altamente vol\u00e1til, onde fatores clim\u00e1ticos, econ\u00f4micos e pol\u00edticos desempenham pap\u00e9is cruciais. Entender como esses pre\u00e7os s\u00e3o formados nas bolsas \u00e9 essencial n\u00e3o s\u00f3 para os produtores, mas tamb\u00e9m para todos que dependem direta ou indiretamente da for\u00e7a do agroneg\u00f3cio. Consequentemente, acompanhar o mercado com aten\u00e7\u00e3o e buscar conhecimento constante pode ser o diferencial entre preju\u00edzo e lucro..<\/p>\n\n\n\n<div style=\"border: 2px solid #ff9800; border-radius: 10px; padding: 20px; background: #ffffff; box-shadow: 0 4px 12px rgba(0,0,0,0.1); font-family: Arial, sans-serif; width: 100%; max-width: 100%; margin: 20px 0; text-align: center; box-sizing: border-box;\">\n  \n  <h3 style=\"color: #ff9800; font-size: 24px; margin-top: 0; margin-bottom: 15px;\">\n    <span style=\"display: none;\" class=\"whatsapp-icon\">\n      <img decoding=\"async\" src=\"https:\/\/e7.pngegg.com\/pngimages\/347\/373\/png-clipart-computer-icons-whatsapp-whatsapp-text-trademark-thumbnail.png\" alt=\"WhatsApp\" style=\"width: 40px; height: 40px; border-radius: 50%; object-fit: cover;\">\n    <\/span>\n  <\/h3>\n  \n  <div style=\"display: flex; justify-content: center; align-items: center; flex-wrap: wrap; margin-bottom: 10px;\">\n    <div style=\"text-align: center; margin-right: 10px;\"> <!-- Reduzido o margin-right -->\n      <p style=\"font-size: 16px; color: #333; line-height: 1.5; margin: 0;\">\n        \ud83d\udcf0 Not\u00edcias &#038; Mercado | \ud83d\udd14 Novidades <span class=\"desktop-separator\">|<\/span>\n      <\/p>\n    <\/div>\n    <div style=\"text-align: center;\">\n      <p style=\"font-size: 16px; color: #333; line-height: 1.5; margin: 0;\">\n        \u26c5 Clima | \ud83d\ude80 Tecnologia | \ud83d\udcf1 Blog\n      <\/p>\n    <\/div>\n  <\/div>\n  \n  <a href=\"https:\/\/www.whatsapp.com\/channel\/0029VaLMT22GOj9f6eVOpJ0N\" target=\"_blank\" style=\"background: #25D366; color: #fff; padding: 10px 20px; font-size: 16px; font-weight: bold; text-decoration: none; border-radius: 30px; display: inline-block; transition: all 0.3s; position: relative;\">\n    <img decoding=\"async\" src=\"https:\/\/upload.wikimedia.org\/wikipedia\/commons\/6\/6b\/WhatsApp.svg\" alt=\"WhatsApp\" style=\"width: 20px; height: 20px; vertical-align: middle; margin-right: 5px;\">\n    Entrar no Canal\n  <\/a>\n  \n  <p style=\"font-size: 12px; color: #666; margin-top: 15px; font-weight: bold;\">\n    Sua conex\u00e3o com as melhores informa\u00e7\u00f5es do agroneg\u00f3cio!\n  <\/p>\n<\/div>\n\n<style>\n@media (max-width: 768px) {\n  .desktop-separator {\n    display: none; \/* Ocultar o separador \"|\" em dispositivos m\u00f3veis *\/\n  }\n  h3 {\n    font-size: 20px; \/* Diminuir o tamanho da fonte do t\u00edtulo em dispositivos m\u00f3veis *\/\n  }\n  p {\n    font-size: 14px; \/* Diminuir o tamanho da fonte dos par\u00e1grafos em dispositivos m\u00f3veis *\/\n  }\n  a {\n    font-size: 14px; \/* Diminuir o tamanho da fonte do bot\u00e3o em dispositivos m\u00f3veis *\/\n    padding: 8px 15px; \/* Ajustar o padding do bot\u00e3o em dispositivos m\u00f3veis *\/\n  }\n}\n<\/style>\n\n\n\n\n<hr class=\"wp-block-separator has-alpha-channel-opacity\"\/>\n\n\n\n<h3 class=\"wp-block-heading\"><strong>Refer\u00eancias:<\/strong><\/h3>\n\n\n\n<div class=\"wp-block-group\"><div class=\"wp-block-group__inner-container is-layout-constrained wp-block-group-is-layout-constrained\">\n<ul class=\"wp-block-list\">\n<li>LIMA, Jos\u00e9 Ricardo. <em>Commodities agr\u00edcolas: forma\u00e7\u00e3o de pre\u00e7os e mercado internacional<\/em>. S\u00e3o Paulo: Atlas, 2021.<\/li>\n\n\n\n<li>CEPEA \u2013 Centro de Estudos Avan\u00e7ados em Economia Aplicada. <em>Indicadores de Pre\u00e7os<\/em>. ESALQ\/USP. Dispon\u00edvel em: <a>https:\/\/www.cepea.esalq.usp.br\/<\/a>. Acesso em: 21 jul. 2025.<\/li>\n\n\n\n<li>PORTAL DO AGRONEG\u00d3CIO. Pre\u00e7os das commodities agr\u00edcolas. Dispon\u00edvel em: <a>https:\/\/www.portaldoagronegocio.com.br<\/a>. Acesso em: 21 jul. 2025.<\/li>\n\n\n\n<li>B3 \u2013 Brasil, Bolsa, Balc\u00e3o. <em>Commodities agr\u00edcolas<\/em>. Dispon\u00edvel em: <a>https:\/\/www.b3.com.br\/<\/a>. Acesso em: 21 jul. 2025.<\/li>\n<\/ul>\n<\/div><\/div>\n\n\n\n<p>Escrito por: Kao\u00ea Rauch &#8211; equipe ConectaGr\u00e3o<\/p>\n\n\n\n<p><\/p>\n","protected":false},"excerpt":{"rendered":"<p>Voc\u00ea j\u00e1 se perguntou por que os pre\u00e7os da soja, milho ou caf\u00e9 oscilam tanto? Neste artigo, entenda como funciona a forma\u00e7\u00e3o de pre\u00e7os das commodities agr\u00edcolas nas bolsas mundiais e por que fatores como clima, c\u00e2mbio e geopol\u00edtica fazem tanta diferen\u00e7a.<\/p>\n","protected":false},"author":2,"featured_media":857,"comment_status":"open","ping_status":"open","sticky":false,"template":"","format":"standard","meta":{"_coblocks_attr":"","_coblocks_dimensions":"","_coblocks_responsive_height":"","_coblocks_accordion_ie_support":"","_uag_custom_page_level_css":"","footnotes":""},"categories":[1,29],"tags":[],"class_list":["post-840","post","type-post","status-publish","format-standard","has-post-thumbnail","hentry","category-blog","category-mercado"],"yoast_head":"<!-- This site is optimized with the Yoast SEO plugin v27.4 - https:\/\/yoast.com\/product\/yoast-seo-wordpress\/ -->\n<title>Commodities Agr\u00edcolas: O que define pre\u00e7os no mercado? - ConectaGr\u00e3o<\/title>\n<meta name=\"description\" content=\"Descubra como os pre\u00e7os das commodities agr\u00edcolas s\u00e3o definidos nas bolsas e o que influencia suas varia\u00e7\u00f5es globais.\" \/>\n<meta name=\"robots\" content=\"index, follow, max-snippet:-1, max-image-preview:large, max-video-preview:-1\" \/>\n<link rel=\"canonical\" href=\"https:\/\/conectagrao.com.br\/blog\/commodities-agricolas-o-que-define-seus-precos-no-mercado\/\" \/>\n<meta property=\"og:locale\" content=\"pt_BR\" \/>\n<meta property=\"og:type\" content=\"article\" \/>\n<meta property=\"og:title\" content=\"Commodities Agr\u00edcolas: O que define pre\u00e7os no mercado? - ConectaGr\u00e3o\" \/>\n<meta property=\"og:description\" content=\"Descubra como os pre\u00e7os das commodities agr\u00edcolas s\u00e3o definidos nas bolsas e o que influencia suas varia\u00e7\u00f5es globais.\" \/>\n<meta property=\"og:url\" content=\"https:\/\/conectagrao.com.br\/blog\/commodities-agricolas-o-que-define-seus-precos-no-mercado\/\" \/>\n<meta property=\"og:site_name\" content=\"ConectaGr\u00e3o\" \/>\n<meta property=\"article:publisher\" content=\"https:\/\/www.facebook.com\/conectagrao\/\" \/>\n<meta property=\"article:published_time\" content=\"2025-07-25T02:42:17+00:00\" \/>\n<meta property=\"article:modified_time\" content=\"2025-08-07T06:15:31+00:00\" \/>\n<meta property=\"og:image\" content=\"https:\/\/conectagrao.com.br\/blog\/wp-content\/uploads\/2025\/07\/Commodities-agro.jpg\" \/>\n\t<meta property=\"og:image:width\" content=\"1200\" \/>\n\t<meta property=\"og:image:height\" content=\"900\" \/>\n\t<meta property=\"og:image:type\" content=\"image\/jpeg\" \/>\n<meta name=\"author\" content=\"Kao\u00ea Rauch\" \/>\n<meta name=\"twitter:card\" content=\"summary_large_image\" \/>\n<meta name=\"twitter:label1\" content=\"Escrito por\" \/>\n\t<meta name=\"twitter:data1\" content=\"Kao\u00ea Rauch\" \/>\n\t<meta name=\"twitter:label2\" content=\"Est. tempo de leitura\" \/>\n\t<meta name=\"twitter:data2\" content=\"5 minutos\" \/>\n<script type=\"application\/ld+json\" class=\"yoast-schema-graph\">{\"@context\":\"https:\\\/\\\/schema.org\",\"@graph\":[{\"@type\":\"Article\",\"@id\":\"https:\\\/\\\/conectagrao.com.br\\\/blog\\\/commodities-agricolas-o-que-define-seus-precos-no-mercado\\\/#article\",\"isPartOf\":{\"@id\":\"https:\\\/\\\/conectagrao.com.br\\\/blog\\\/commodities-agricolas-o-que-define-seus-precos-no-mercado\\\/\"},\"author\":{\"name\":\"Kao\u00ea Rauch\",\"@id\":\"https:\\\/\\\/conectagrao.com.br\\\/blog\\\/#\\\/schema\\\/person\\\/0110c2a65e3fe8c1eb38193d9f186a59\"},\"headline\":\"Commodities Agr\u00edcolas: O que define pre\u00e7os no mercado?\",\"datePublished\":\"2025-07-25T02:42:17+00:00\",\"dateModified\":\"2025-08-07T06:15:31+00:00\",\"mainEntityOfPage\":{\"@id\":\"https:\\\/\\\/conectagrao.com.br\\\/blog\\\/commodities-agricolas-o-que-define-seus-precos-no-mercado\\\/\"},\"wordCount\":852,\"commentCount\":0,\"publisher\":{\"@id\":\"https:\\\/\\\/conectagrao.com.br\\\/blog\\\/#organization\"},\"image\":{\"@id\":\"https:\\\/\\\/conectagrao.com.br\\\/blog\\\/commodities-agricolas-o-que-define-seus-precos-no-mercado\\\/#primaryimage\"},\"thumbnailUrl\":\"https:\\\/\\\/conectagrao.com.br\\\/blog\\\/wp-content\\\/uploads\\\/2025\\\/07\\\/Commodities-agro.jpg\",\"articleSection\":[\"Blog\",\"Vis\u00e3o de Mercado\"],\"inLanguage\":\"pt-BR\",\"potentialAction\":[{\"@type\":\"CommentAction\",\"name\":\"Comment\",\"target\":[\"https:\\\/\\\/conectagrao.com.br\\\/blog\\\/commodities-agricolas-o-que-define-seus-precos-no-mercado\\\/#respond\"]}]},{\"@type\":\"WebPage\",\"@id\":\"https:\\\/\\\/conectagrao.com.br\\\/blog\\\/commodities-agricolas-o-que-define-seus-precos-no-mercado\\\/\",\"url\":\"https:\\\/\\\/conectagrao.com.br\\\/blog\\\/commodities-agricolas-o-que-define-seus-precos-no-mercado\\\/\",\"name\":\"Commodities Agr\u00edcolas: O que define pre\u00e7os no mercado? - ConectaGr\u00e3o\",\"isPartOf\":{\"@id\":\"https:\\\/\\\/conectagrao.com.br\\\/blog\\\/#website\"},\"primaryImageOfPage\":{\"@id\":\"https:\\\/\\\/conectagrao.com.br\\\/blog\\\/commodities-agricolas-o-que-define-seus-precos-no-mercado\\\/#primaryimage\"},\"image\":{\"@id\":\"https:\\\/\\\/conectagrao.com.br\\\/blog\\\/commodities-agricolas-o-que-define-seus-precos-no-mercado\\\/#primaryimage\"},\"thumbnailUrl\":\"https:\\\/\\\/conectagrao.com.br\\\/blog\\\/wp-content\\\/uploads\\\/2025\\\/07\\\/Commodities-agro.jpg\",\"datePublished\":\"2025-07-25T02:42:17+00:00\",\"dateModified\":\"2025-08-07T06:15:31+00:00\",\"description\":\"Descubra como os pre\u00e7os das commodities agr\u00edcolas s\u00e3o definidos nas bolsas e o que influencia suas varia\u00e7\u00f5es globais.\",\"breadcrumb\":{\"@id\":\"https:\\\/\\\/conectagrao.com.br\\\/blog\\\/commodities-agricolas-o-que-define-seus-precos-no-mercado\\\/#breadcrumb\"},\"inLanguage\":\"pt-BR\",\"potentialAction\":[{\"@type\":\"ReadAction\",\"target\":[\"https:\\\/\\\/conectagrao.com.br\\\/blog\\\/commodities-agricolas-o-que-define-seus-precos-no-mercado\\\/\"]}]},{\"@type\":\"ImageObject\",\"inLanguage\":\"pt-BR\",\"@id\":\"https:\\\/\\\/conectagrao.com.br\\\/blog\\\/commodities-agricolas-o-que-define-seus-precos-no-mercado\\\/#primaryimage\",\"url\":\"https:\\\/\\\/conectagrao.com.br\\\/blog\\\/wp-content\\\/uploads\\\/2025\\\/07\\\/Commodities-agro.jpg\",\"contentUrl\":\"https:\\\/\\\/conectagrao.com.br\\\/blog\\\/wp-content\\\/uploads\\\/2025\\\/07\\\/Commodities-agro.jpg\",\"width\":1200,\"height\":900},{\"@type\":\"BreadcrumbList\",\"@id\":\"https:\\\/\\\/conectagrao.com.br\\\/blog\\\/commodities-agricolas-o-que-define-seus-precos-no-mercado\\\/#breadcrumb\",\"itemListElement\":[{\"@type\":\"ListItem\",\"position\":1,\"name\":\"In\u00edcio\",\"item\":\"https:\\\/\\\/conectagrao.com.br\\\/blog\\\/\"},{\"@type\":\"ListItem\",\"position\":2,\"name\":\"Commodities Agr\u00edcolas: O que define pre\u00e7os no mercado?\"}]},{\"@type\":\"WebSite\",\"@id\":\"https:\\\/\\\/conectagrao.com.br\\\/blog\\\/#website\",\"url\":\"https:\\\/\\\/conectagrao.com.br\\\/blog\\\/\",\"name\":\"ConectaGr\u00e3o\",\"description\":\"Conectando o futuro com o agroneg\u00f3cio.\",\"publisher\":{\"@id\":\"https:\\\/\\\/conectagrao.com.br\\\/blog\\\/#organization\"},\"alternateName\":\"conectagrao\",\"potentialAction\":[{\"@type\":\"SearchAction\",\"target\":{\"@type\":\"EntryPoint\",\"urlTemplate\":\"https:\\\/\\\/conectagrao.com.br\\\/blog\\\/?s={search_term_string}\"},\"query-input\":{\"@type\":\"PropertyValueSpecification\",\"valueRequired\":true,\"valueName\":\"search_term_string\"}}],\"inLanguage\":\"pt-BR\"},{\"@type\":\"Organization\",\"@id\":\"https:\\\/\\\/conectagrao.com.br\\\/blog\\\/#organization\",\"name\":\"ConectaGr\u00e3o\",\"alternateName\":\"conectagrao\",\"url\":\"https:\\\/\\\/conectagrao.com.br\\\/blog\\\/\",\"logo\":{\"@type\":\"ImageObject\",\"inLanguage\":\"pt-BR\",\"@id\":\"https:\\\/\\\/conectagrao.com.br\\\/blog\\\/#\\\/schema\\\/logo\\\/image\\\/\",\"url\":\"https:\\\/\\\/conectagrao.com.br\\\/blog\\\/wp-content\\\/uploads\\\/2025\\\/07\\\/ConectaGrao-6.png\",\"contentUrl\":\"https:\\\/\\\/conectagrao.com.br\\\/blog\\\/wp-content\\\/uploads\\\/2025\\\/07\\\/ConectaGrao-6.png\",\"width\":447,\"height\":559,\"caption\":\"ConectaGr\u00e3o\"},\"image\":{\"@id\":\"https:\\\/\\\/conectagrao.com.br\\\/blog\\\/#\\\/schema\\\/logo\\\/image\\\/\"},\"sameAs\":[\"https:\\\/\\\/www.facebook.com\\\/conectagrao\\\/\",\"https:\\\/\\\/www.tiktok.com\\\/@conectagrao?_t=ZM-8xPuS2d6MFB&_r=1\",\"https:\\\/\\\/www.threads.com\\\/@conectagrao\",\"https:\\\/\\\/www.youtube.com\\\/@conectagrao\",\"https:\\\/\\\/www.instagram.com\\\/conectagrao\"]},{\"@type\":\"Person\",\"@id\":\"https:\\\/\\\/conectagrao.com.br\\\/blog\\\/#\\\/schema\\\/person\\\/0110c2a65e3fe8c1eb38193d9f186a59\",\"name\":\"Kao\u00ea Rauch\",\"image\":{\"@type\":\"ImageObject\",\"inLanguage\":\"pt-BR\",\"@id\":\"https:\\\/\\\/secure.gravatar.com\\\/avatar\\\/0a44a558d0f8cd204343bb0098142aaf503447c453c3557bdf65ce2104d4d5e3?s=96&d=mm&r=g\",\"url\":\"https:\\\/\\\/secure.gravatar.com\\\/avatar\\\/0a44a558d0f8cd204343bb0098142aaf503447c453c3557bdf65ce2104d4d5e3?s=96&d=mm&r=g\",\"contentUrl\":\"https:\\\/\\\/secure.gravatar.com\\\/avatar\\\/0a44a558d0f8cd204343bb0098142aaf503447c453c3557bdf65ce2104d4d5e3?s=96&d=mm&r=g\",\"caption\":\"Kao\u00ea Rauch\"},\"description\":\"Kaoe Rauch \u00e9 t\u00e9cnico agr\u00edcola e fundador da ConectaGr\u00e3o. Com experi\u00eancia pr\u00e1tica no campo e forte conex\u00e3o com o agro, escreve conte\u00fados que unem viv\u00eancia rural, conhecimento t\u00e9cnico e olhar de mercado, sempre com o objetivo de aproximar produtores da informa\u00e7\u00e3o que realmente importa.\",\"url\":\"https:\\\/\\\/conectagrao.com.br\\\/blog\\\/author\\\/kaoe-rauch\\\/\"}]}<\/script>\n<!-- \/ Yoast SEO plugin. -->","yoast_head_json":{"title":"Commodities Agr\u00edcolas: O que define pre\u00e7os no mercado? - ConectaGr\u00e3o","description":"Descubra como os pre\u00e7os das commodities agr\u00edcolas s\u00e3o definidos nas bolsas e o que influencia suas varia\u00e7\u00f5es globais.","robots":{"index":"index","follow":"follow","max-snippet":"max-snippet:-1","max-image-preview":"max-image-preview:large","max-video-preview":"max-video-preview:-1"},"canonical":"https:\/\/conectagrao.com.br\/blog\/commodities-agricolas-o-que-define-seus-precos-no-mercado\/","og_locale":"pt_BR","og_type":"article","og_title":"Commodities Agr\u00edcolas: O que define pre\u00e7os no mercado? - ConectaGr\u00e3o","og_description":"Descubra como os pre\u00e7os das commodities agr\u00edcolas s\u00e3o definidos nas bolsas e o que influencia suas varia\u00e7\u00f5es globais.","og_url":"https:\/\/conectagrao.com.br\/blog\/commodities-agricolas-o-que-define-seus-precos-no-mercado\/","og_site_name":"ConectaGr\u00e3o","article_publisher":"https:\/\/www.facebook.com\/conectagrao\/","article_published_time":"2025-07-25T02:42:17+00:00","article_modified_time":"2025-08-07T06:15:31+00:00","og_image":[{"width":1200,"height":900,"url":"https:\/\/conectagrao.com.br\/blog\/wp-content\/uploads\/2025\/07\/Commodities-agro.jpg","type":"image\/jpeg"}],"author":"Kao\u00ea Rauch","twitter_card":"summary_large_image","twitter_misc":{"Escrito por":"Kao\u00ea Rauch","Est. tempo de leitura":"5 minutos"},"schema":{"@context":"https:\/\/schema.org","@graph":[{"@type":"Article","@id":"https:\/\/conectagrao.com.br\/blog\/commodities-agricolas-o-que-define-seus-precos-no-mercado\/#article","isPartOf":{"@id":"https:\/\/conectagrao.com.br\/blog\/commodities-agricolas-o-que-define-seus-precos-no-mercado\/"},"author":{"name":"Kao\u00ea Rauch","@id":"https:\/\/conectagrao.com.br\/blog\/#\/schema\/person\/0110c2a65e3fe8c1eb38193d9f186a59"},"headline":"Commodities Agr\u00edcolas: O que define pre\u00e7os no mercado?","datePublished":"2025-07-25T02:42:17+00:00","dateModified":"2025-08-07T06:15:31+00:00","mainEntityOfPage":{"@id":"https:\/\/conectagrao.com.br\/blog\/commodities-agricolas-o-que-define-seus-precos-no-mercado\/"},"wordCount":852,"commentCount":0,"publisher":{"@id":"https:\/\/conectagrao.com.br\/blog\/#organization"},"image":{"@id":"https:\/\/conectagrao.com.br\/blog\/commodities-agricolas-o-que-define-seus-precos-no-mercado\/#primaryimage"},"thumbnailUrl":"https:\/\/conectagrao.com.br\/blog\/wp-content\/uploads\/2025\/07\/Commodities-agro.jpg","articleSection":["Blog","Vis\u00e3o de Mercado"],"inLanguage":"pt-BR","potentialAction":[{"@type":"CommentAction","name":"Comment","target":["https:\/\/conectagrao.com.br\/blog\/commodities-agricolas-o-que-define-seus-precos-no-mercado\/#respond"]}]},{"@type":"WebPage","@id":"https:\/\/conectagrao.com.br\/blog\/commodities-agricolas-o-que-define-seus-precos-no-mercado\/","url":"https:\/\/conectagrao.com.br\/blog\/commodities-agricolas-o-que-define-seus-precos-no-mercado\/","name":"Commodities Agr\u00edcolas: O que define pre\u00e7os no mercado? - ConectaGr\u00e3o","isPartOf":{"@id":"https:\/\/conectagrao.com.br\/blog\/#website"},"primaryImageOfPage":{"@id":"https:\/\/conectagrao.com.br\/blog\/commodities-agricolas-o-que-define-seus-precos-no-mercado\/#primaryimage"},"image":{"@id":"https:\/\/conectagrao.com.br\/blog\/commodities-agricolas-o-que-define-seus-precos-no-mercado\/#primaryimage"},"thumbnailUrl":"https:\/\/conectagrao.com.br\/blog\/wp-content\/uploads\/2025\/07\/Commodities-agro.jpg","datePublished":"2025-07-25T02:42:17+00:00","dateModified":"2025-08-07T06:15:31+00:00","description":"Descubra como os pre\u00e7os das commodities agr\u00edcolas s\u00e3o definidos nas bolsas e o que influencia suas varia\u00e7\u00f5es globais.","breadcrumb":{"@id":"https:\/\/conectagrao.com.br\/blog\/commodities-agricolas-o-que-define-seus-precos-no-mercado\/#breadcrumb"},"inLanguage":"pt-BR","potentialAction":[{"@type":"ReadAction","target":["https:\/\/conectagrao.com.br\/blog\/commodities-agricolas-o-que-define-seus-precos-no-mercado\/"]}]},{"@type":"ImageObject","inLanguage":"pt-BR","@id":"https:\/\/conectagrao.com.br\/blog\/commodities-agricolas-o-que-define-seus-precos-no-mercado\/#primaryimage","url":"https:\/\/conectagrao.com.br\/blog\/wp-content\/uploads\/2025\/07\/Commodities-agro.jpg","contentUrl":"https:\/\/conectagrao.com.br\/blog\/wp-content\/uploads\/2025\/07\/Commodities-agro.jpg","width":1200,"height":900},{"@type":"BreadcrumbList","@id":"https:\/\/conectagrao.com.br\/blog\/commodities-agricolas-o-que-define-seus-precos-no-mercado\/#breadcrumb","itemListElement":[{"@type":"ListItem","position":1,"name":"In\u00edcio","item":"https:\/\/conectagrao.com.br\/blog\/"},{"@type":"ListItem","position":2,"name":"Commodities Agr\u00edcolas: O que define pre\u00e7os no mercado?"}]},{"@type":"WebSite","@id":"https:\/\/conectagrao.com.br\/blog\/#website","url":"https:\/\/conectagrao.com.br\/blog\/","name":"ConectaGr\u00e3o","description":"Conectando o futuro com o agroneg\u00f3cio.","publisher":{"@id":"https:\/\/conectagrao.com.br\/blog\/#organization"},"alternateName":"conectagrao","potentialAction":[{"@type":"SearchAction","target":{"@type":"EntryPoint","urlTemplate":"https:\/\/conectagrao.com.br\/blog\/?s={search_term_string}"},"query-input":{"@type":"PropertyValueSpecification","valueRequired":true,"valueName":"search_term_string"}}],"inLanguage":"pt-BR"},{"@type":"Organization","@id":"https:\/\/conectagrao.com.br\/blog\/#organization","name":"ConectaGr\u00e3o","alternateName":"conectagrao","url":"https:\/\/conectagrao.com.br\/blog\/","logo":{"@type":"ImageObject","inLanguage":"pt-BR","@id":"https:\/\/conectagrao.com.br\/blog\/#\/schema\/logo\/image\/","url":"https:\/\/conectagrao.com.br\/blog\/wp-content\/uploads\/2025\/07\/ConectaGrao-6.png","contentUrl":"https:\/\/conectagrao.com.br\/blog\/wp-content\/uploads\/2025\/07\/ConectaGrao-6.png","width":447,"height":559,"caption":"ConectaGr\u00e3o"},"image":{"@id":"https:\/\/conectagrao.com.br\/blog\/#\/schema\/logo\/image\/"},"sameAs":["https:\/\/www.facebook.com\/conectagrao\/","https:\/\/www.tiktok.com\/@conectagrao?_t=ZM-8xPuS2d6MFB&_r=1","https:\/\/www.threads.com\/@conectagrao","https:\/\/www.youtube.com\/@conectagrao","https:\/\/www.instagram.com\/conectagrao"]},{"@type":"Person","@id":"https:\/\/conectagrao.com.br\/blog\/#\/schema\/person\/0110c2a65e3fe8c1eb38193d9f186a59","name":"Kao\u00ea Rauch","image":{"@type":"ImageObject","inLanguage":"pt-BR","@id":"https:\/\/secure.gravatar.com\/avatar\/0a44a558d0f8cd204343bb0098142aaf503447c453c3557bdf65ce2104d4d5e3?s=96&d=mm&r=g","url":"https:\/\/secure.gravatar.com\/avatar\/0a44a558d0f8cd204343bb0098142aaf503447c453c3557bdf65ce2104d4d5e3?s=96&d=mm&r=g","contentUrl":"https:\/\/secure.gravatar.com\/avatar\/0a44a558d0f8cd204343bb0098142aaf503447c453c3557bdf65ce2104d4d5e3?s=96&d=mm&r=g","caption":"Kao\u00ea Rauch"},"description":"Kaoe Rauch \u00e9 t\u00e9cnico agr\u00edcola e fundador da ConectaGr\u00e3o. Com experi\u00eancia pr\u00e1tica no campo e forte conex\u00e3o com o agro, escreve conte\u00fados que unem viv\u00eancia rural, conhecimento t\u00e9cnico e olhar de mercado, sempre com o objetivo de aproximar produtores da informa\u00e7\u00e3o que realmente importa.","url":"https:\/\/conectagrao.com.br\/blog\/author\/kaoe-rauch\/"}]}},"uagb_featured_image_src":{"full":["https:\/\/conectagrao.com.br\/blog\/wp-content\/uploads\/2025\/07\/Commodities-agro.jpg",1200,900,false],"thumbnail":["https:\/\/conectagrao.com.br\/blog\/wp-content\/uploads\/2025\/07\/Commodities-agro-150x150.jpg",150,150,true],"medium":["https:\/\/conectagrao.com.br\/blog\/wp-content\/uploads\/2025\/07\/Commodities-agro-300x225.jpg",300,225,true],"medium_large":["https:\/\/conectagrao.com.br\/blog\/wp-content\/uploads\/2025\/07\/Commodities-agro-768x576.jpg",640,480,true],"large":["https:\/\/conectagrao.com.br\/blog\/wp-content\/uploads\/2025\/07\/Commodities-agro-1024x768.jpg",640,480,true],"1536x1536":["https:\/\/conectagrao.com.br\/blog\/wp-content\/uploads\/2025\/07\/Commodities-agro.jpg",1200,900,false],"2048x2048":["https:\/\/conectagrao.com.br\/blog\/wp-content\/uploads\/2025\/07\/Commodities-agro.jpg",1200,900,false],"cvmm-medium":["https:\/\/conectagrao.com.br\/blog\/wp-content\/uploads\/2025\/07\/Commodities-agro-300x300.jpg",300,300,true],"cvmm-medium-plus":["https:\/\/conectagrao.com.br\/blog\/wp-content\/uploads\/2025\/07\/Commodities-agro-305x207.jpg",305,207,true],"cvmm-portrait":["https:\/\/conectagrao.com.br\/blog\/wp-content\/uploads\/2025\/07\/Commodities-agro-400x600.jpg",400,600,true],"cvmm-medium-square":["https:\/\/conectagrao.com.br\/blog\/wp-content\/uploads\/2025\/07\/Commodities-agro-600x600.jpg",600,600,true],"cvmm-large":["https:\/\/conectagrao.com.br\/blog\/wp-content\/uploads\/2025\/07\/Commodities-agro-1024x900.jpg",1024,900,true],"cvmm-small":["https:\/\/conectagrao.com.br\/blog\/wp-content\/uploads\/2025\/07\/Commodities-agro-130x95.jpg",130,95,true],"news-portal-block-medium":["https:\/\/conectagrao.com.br\/blog\/wp-content\/uploads\/2025\/07\/Commodities-agro-305x207.jpg",305,207,true],"news-portal-block-thumb":["https:\/\/conectagrao.com.br\/blog\/wp-content\/uploads\/2025\/07\/Commodities-agro-136x102.jpg",136,102,true],"news-portal-slider-medium":["https:\/\/conectagrao.com.br\/blog\/wp-content\/uploads\/2025\/07\/Commodities-agro-622x420.jpg",622,420,true],"news-portal-carousel-portrait":["https:\/\/conectagrao.com.br\/blog\/wp-content\/uploads\/2025\/07\/Commodities-agro-400x600.jpg",400,600,true],"news-portal-alternate-grid":["https:\/\/conectagrao.com.br\/blog\/wp-content\/uploads\/2025\/07\/Commodities-agro-340x316.jpg",340,316,true],"web-stories-poster-portrait":["https:\/\/conectagrao.com.br\/blog\/wp-content\/uploads\/2025\/07\/Commodities-agro.jpg",640,480,false],"web-stories-publisher-logo":["https:\/\/conectagrao.com.br\/blog\/wp-content\/uploads\/2025\/07\/Commodities-agro.jpg",96,72,false],"web-stories-thumbnail":["https:\/\/conectagrao.com.br\/blog\/wp-content\/uploads\/2025\/07\/Commodities-agro.jpg",150,113,false]},"uagb_author_info":{"display_name":"Kao\u00ea Rauch","author_link":"https:\/\/conectagrao.com.br\/blog\/author\/kaoe-rauch\/"},"uagb_comment_info":0,"uagb_excerpt":"Voc\u00ea j\u00e1 se perguntou por que os pre\u00e7os da soja, milho ou caf\u00e9 oscilam tanto? Neste artigo, entenda como funciona a forma\u00e7\u00e3o de pre\u00e7os das commodities agr\u00edcolas nas bolsas mundiais e por que fatores como clima, c\u00e2mbio e geopol\u00edtica fazem tanta diferen\u00e7a.","blog_post_layout_featured_media_urls":{"thumbnail":["https:\/\/conectagrao.com.br\/blog\/wp-content\/uploads\/2025\/07\/Commodities-agro-150x150.jpg",150,150,true],"full":["https:\/\/conectagrao.com.br\/blog\/wp-content\/uploads\/2025\/07\/Commodities-agro.jpg",1200,900,false]},"categories_names":{"1":{"name":"Blog","link":"https:\/\/conectagrao.com.br\/blog\/blog\/"},"29":{"name":"Vis\u00e3o de Mercado","link":"https:\/\/conectagrao.com.br\/blog\/mercado\/"}},"tags_names":[],"comments_number":"0","wpmagazine_modules_lite_featured_media_urls":{"thumbnail":["https:\/\/conectagrao.com.br\/blog\/wp-content\/uploads\/2025\/07\/Commodities-agro-150x150.jpg",150,150,true],"cvmm-medium":["https:\/\/conectagrao.com.br\/blog\/wp-content\/uploads\/2025\/07\/Commodities-agro-300x300.jpg",300,300,true],"cvmm-medium-plus":["https:\/\/conectagrao.com.br\/blog\/wp-content\/uploads\/2025\/07\/Commodities-agro-305x207.jpg",305,207,true],"cvmm-portrait":["https:\/\/conectagrao.com.br\/blog\/wp-content\/uploads\/2025\/07\/Commodities-agro-400x600.jpg",400,600,true],"cvmm-medium-square":["https:\/\/conectagrao.com.br\/blog\/wp-content\/uploads\/2025\/07\/Commodities-agro-600x600.jpg",600,600,true],"cvmm-large":["https:\/\/conectagrao.com.br\/blog\/wp-content\/uploads\/2025\/07\/Commodities-agro-1024x900.jpg",1024,900,true],"cvmm-small":["https:\/\/conectagrao.com.br\/blog\/wp-content\/uploads\/2025\/07\/Commodities-agro-130x95.jpg",130,95,true],"full":["https:\/\/conectagrao.com.br\/blog\/wp-content\/uploads\/2025\/07\/Commodities-agro.jpg",1200,900,false]},"_links":{"self":[{"href":"https:\/\/conectagrao.com.br\/blog\/wp-json\/wp\/v2\/posts\/840","targetHints":{"allow":["GET"]}}],"collection":[{"href":"https:\/\/conectagrao.com.br\/blog\/wp-json\/wp\/v2\/posts"}],"about":[{"href":"https:\/\/conectagrao.com.br\/blog\/wp-json\/wp\/v2\/types\/post"}],"author":[{"embeddable":true,"href":"https:\/\/conectagrao.com.br\/blog\/wp-json\/wp\/v2\/users\/2"}],"replies":[{"embeddable":true,"href":"https:\/\/conectagrao.com.br\/blog\/wp-json\/wp\/v2\/comments?post=840"}],"version-history":[{"count":4,"href":"https:\/\/conectagrao.com.br\/blog\/wp-json\/wp\/v2\/posts\/840\/revisions"}],"predecessor-version":[{"id":966,"href":"https:\/\/conectagrao.com.br\/blog\/wp-json\/wp\/v2\/posts\/840\/revisions\/966"}],"wp:featuredmedia":[{"embeddable":true,"href":"https:\/\/conectagrao.com.br\/blog\/wp-json\/wp\/v2\/media\/857"}],"wp:attachment":[{"href":"https:\/\/conectagrao.com.br\/blog\/wp-json\/wp\/v2\/media?parent=840"}],"wp:term":[{"taxonomy":"category","embeddable":true,"href":"https:\/\/conectagrao.com.br\/blog\/wp-json\/wp\/v2\/categories?post=840"},{"taxonomy":"post_tag","embeddable":true,"href":"https:\/\/conectagrao.com.br\/blog\/wp-json\/wp\/v2\/tags?post=840"}],"curies":[{"name":"wp","href":"https:\/\/api.w.org\/{rel}","templated":true}]}}