{"id":858,"date":"2025-07-27T00:57:54","date_gmt":"2025-07-27T00:57:54","guid":{"rendered":"https:\/\/conectagrao.com.br\/blog\/?p=858"},"modified":"2025-08-07T06:11:16","modified_gmt":"2025-08-07T06:11:16","slug":"5-fatores-que-mais-causam-incendio-em-colheitadeiras","status":"publish","type":"post","link":"https:\/\/conectagrao.com.br\/blog\/5-fatores-que-mais-causam-incendio-em-colheitadeiras\/","title":{"rendered":"5 Fatores que mais causam inc\u00eandio em colheitadeiras"},"content":{"rendered":"\n<p>Quando pensamos em colheitadeiras, associamos imediatamente \u00e0 produtividade no campo. No entanto, esses equipamentos tamb\u00e9m est\u00e3o entre os que mais registram inc\u00eandios durante a safra. Por isso, entender os principais fatores que provocam essas ocorr\u00eancias \u00e9 essencial. Neste artigo, listamos cinco causas frequentes de fogo nas colheitadeiras e explicamos como evit\u00e1-las com a\u00e7\u00f5es pr\u00e1ticas.<\/p>\n\n\n\n<h4 class=\"wp-block-heading\"><strong>1. Ac\u00famulo de palha e poeira: risco silencioso<\/strong><\/h4>\n\n\n\n<p>Primeiramente, \u00e9 importante lembrar que a palha seca e a poeira acumulada em partes quentes da m\u00e1quina formam uma combina\u00e7\u00e3o altamente inflam\u00e1vel. Com o atrito constante ou at\u00e9 mesmo fa\u00edscas, o fogo pode se espalhar rapidamente. Portanto, a limpeza peri\u00f3dica \u00e9 indispens\u00e1vel.<\/p>\n\n\n\n<h4 class=\"wp-block-heading\"><strong>2. Superaquecimento de rolamentos e correias<\/strong><\/h4>\n\n\n\n<figure class=\"wp-block-gallery aligncenter has-nested-images columns-default is-cropped wp-block-gallery-1 is-layout-flex wp-block-gallery-is-layout-flex\">\n<figure class=\"wp-block-image size-full\"><img fetchpriority=\"high\" decoding=\"async\" width=\"800\" height=\"450\" data-id=\"860\" src=\"https:\/\/conectagrao.com.br\/blog\/wp-content\/uploads\/2025\/07\/superaquecimento-de-rolamento.jpeg\" alt=\"\" class=\"wp-image-860\" srcset=\"https:\/\/conectagrao.com.br\/blog\/wp-content\/uploads\/2025\/07\/superaquecimento-de-rolamento.jpeg 800w, https:\/\/conectagrao.com.br\/blog\/wp-content\/uploads\/2025\/07\/superaquecimento-de-rolamento-300x169.jpeg 300w, https:\/\/conectagrao.com.br\/blog\/wp-content\/uploads\/2025\/07\/superaquecimento-de-rolamento-768x432.jpeg 768w\" sizes=\"(max-width: 800px) 100vw, 800px\" \/><\/figure>\n\n\n\n<figure class=\"wp-block-image size-full\"><img decoding=\"async\" width=\"1600\" height=\"900\" data-id=\"861\" src=\"https:\/\/conectagrao.com.br\/blog\/wp-content\/uploads\/2025\/07\/colheita.jpeg\" alt=\"\" class=\"wp-image-861\" srcset=\"https:\/\/conectagrao.com.br\/blog\/wp-content\/uploads\/2025\/07\/colheita.jpeg 1600w, https:\/\/conectagrao.com.br\/blog\/wp-content\/uploads\/2025\/07\/colheita-300x169.jpeg 300w, https:\/\/conectagrao.com.br\/blog\/wp-content\/uploads\/2025\/07\/colheita-1024x576.jpeg 1024w, https:\/\/conectagrao.com.br\/blog\/wp-content\/uploads\/2025\/07\/colheita-768x432.jpeg 768w, https:\/\/conectagrao.com.br\/blog\/wp-content\/uploads\/2025\/07\/colheita-1536x864.jpeg 1536w\" sizes=\"(max-width: 1600px) 100vw, 1600px\" \/><\/figure>\n<\/figure>\n\n\n\n<p>Al\u00e9m do ac\u00famulo de sujeira, o desgaste de rolamentos e correias pode gerar altas temperaturas. Muitas vezes, o operador n\u00e3o percebe o problema at\u00e9 que seja tarde demais. Assim, \u00e9 fundamental fazer inspe\u00e7\u00f5es regulares e substitui\u00e7\u00f5es preventivas, quando necess\u00e1rio.<\/p>\n\n\n\n<h4 class=\"wp-block-heading\"><strong>3. Curto-circuito no sistema el\u00e9trico<\/strong><\/h4>\n\n\n\n<p>Outro ponto cr\u00edtico envolve o sistema el\u00e9trico. Fios desencapados ou mau contato em conex\u00f5es podem provocar fa\u00edscas, sobretudo em ambientes secos. Como resultado, ocorre um curto-circuito com potencial para iniciar um inc\u00eandio. Logo, manter a parte el\u00e9trica em boas condi\u00e7\u00f5es \u00e9 essencial.<\/p>\n\n\n\n<div style=\"border: 2px solid #ff9800; border-radius: 10px; padding: 20px; background: #ffffff; box-shadow: 0 4px 12px rgba(0,0,0,0.1); font-family: Arial, sans-serif; width: 100%; max-width: 100%; margin: 20px 0; text-align: center; box-sizing: border-box;\">\n  \n  <h3 style=\"color: #ff9800; font-size: 24px; margin-top: 0; margin-bottom: 15px;\">\n    <span style=\"display: none;\" class=\"whatsapp-icon\">\n      <img decoding=\"async\" src=\"https:\/\/e7.pngegg.com\/pngimages\/347\/373\/png-clipart-computer-icons-whatsapp-whatsapp-text-trademark-thumbnail.png\" alt=\"WhatsApp\" style=\"width: 40px; height: 40px; border-radius: 50%; object-fit: cover;\">\n    <\/span>\n  <\/h3>\n  \n  <div style=\"display: flex; justify-content: center; align-items: center; flex-wrap: wrap; margin-bottom: 10px;\">\n    <div style=\"text-align: center; margin-right: 10px;\"> <!-- Reduzido o margin-right -->\n      <p style=\"font-size: 16px; color: #333; line-height: 1.5; margin: 0;\">\n        \ud83d\udcf0 Not\u00edcias &#038; Mercado | \ud83d\udd14 Novidades <span class=\"desktop-separator\">|<\/span>\n      <\/p>\n    <\/div>\n    <div style=\"text-align: center;\">\n      <p style=\"font-size: 16px; color: #333; line-height: 1.5; margin: 0;\">\n        \u26c5 Clima | \ud83d\ude80 Tecnologia | \ud83d\udcf1 Blog\n      <\/p>\n    <\/div>\n  <\/div>\n  \n  <a href=\"https:\/\/www.whatsapp.com\/channel\/0029VaLMT22GOj9f6eVOpJ0N\" target=\"_blank\" style=\"background: #25D366; color: #fff; padding: 10px 20px; font-size: 16px; font-weight: bold; text-decoration: none; border-radius: 30px; display: inline-block; transition: all 0.3s; position: relative;\">\n    <img decoding=\"async\" src=\"https:\/\/upload.wikimedia.org\/wikipedia\/commons\/6\/6b\/WhatsApp.svg\" alt=\"WhatsApp\" style=\"width: 20px; height: 20px; vertical-align: middle; margin-right: 5px;\">\n    Entrar no Canal\n  <\/a>\n  \n  <p style=\"font-size: 12px; color: #666; margin-top: 15px; font-weight: bold;\">\n    Sua conex\u00e3o com as melhores informa\u00e7\u00f5es do agroneg\u00f3cio!\n  <\/p>\n<\/div>\n\n<style>\n@media (max-width: 768px) {\n  .desktop-separator {\n    display: none; \/* Ocultar o separador \"|\" em dispositivos m\u00f3veis *\/\n  }\n  h3 {\n    font-size: 20px; \/* Diminuir o tamanho da fonte do t\u00edtulo em dispositivos m\u00f3veis *\/\n  }\n  p {\n    font-size: 14px; \/* Diminuir o tamanho da fonte dos par\u00e1grafos em dispositivos m\u00f3veis *\/\n  }\n  a {\n    font-size: 14px; \/* Diminuir o tamanho da fonte do bot\u00e3o em dispositivos m\u00f3veis *\/\n    padding: 8px 15px; \/* Ajustar o padding do bot\u00e3o em dispositivos m\u00f3veis *\/\n  }\n}\n<\/style>\n\n\n\n\n<h4 class=\"wp-block-heading\"><strong>4. Vazamento de combust\u00edvel ou \u00f3leo hidr\u00e1ulico<\/strong><\/h4>\n\n\n\n<figure class=\"wp-block-gallery has-nested-images columns-default is-cropped wp-block-gallery-2 is-layout-flex wp-block-gallery-is-layout-flex\">\n<figure class=\"wp-block-image size-large\"><img decoding=\"async\" width=\"500\" height=\"261\" data-id=\"863\" src=\"https:\/\/conectagrao.com.br\/blog\/wp-content\/uploads\/2025\/07\/vasamento-de-oleo-pistao.jpg\" alt=\"\" class=\"wp-image-863\" srcset=\"https:\/\/conectagrao.com.br\/blog\/wp-content\/uploads\/2025\/07\/vasamento-de-oleo-pistao.jpg 500w, https:\/\/conectagrao.com.br\/blog\/wp-content\/uploads\/2025\/07\/vasamento-de-oleo-pistao-300x157.jpg 300w\" sizes=\"(max-width: 500px) 100vw, 500px\" \/><\/figure>\n\n\n\n<figure class=\"wp-block-image size-large\"><img loading=\"lazy\" decoding=\"async\" width=\"1024\" height=\"576\" data-id=\"864\" src=\"https:\/\/conectagrao.com.br\/blog\/wp-content\/uploads\/2025\/07\/pistao.oleo_-1024x576.jpg\" alt=\"\" class=\"wp-image-864\" srcset=\"https:\/\/conectagrao.com.br\/blog\/wp-content\/uploads\/2025\/07\/pistao.oleo_-1024x576.jpg 1024w, https:\/\/conectagrao.com.br\/blog\/wp-content\/uploads\/2025\/07\/pistao.oleo_-300x169.jpg 300w, https:\/\/conectagrao.com.br\/blog\/wp-content\/uploads\/2025\/07\/pistao.oleo_-768x432.jpg 768w, https:\/\/conectagrao.com.br\/blog\/wp-content\/uploads\/2025\/07\/pistao.oleo_.jpg 1280w\" sizes=\"(max-width: 1024px) 100vw, 1024px\" \/><\/figure>\n<\/figure>\n\n\n\n<p>Adicionalmente, vazamentos de diesel ou \u00f3leo hidr\u00e1ulico s\u00e3o grandes vil\u00f5es. Esses l\u00edquidos inflam\u00e1veis, quando em contato com partes aquecidas da m\u00e1quina, representam um perigo enorme. Por isso, realizar a manuten\u00e7\u00e3o adequada e ficar atento a qualquer sinal de vazamento \u00e9 imprescind\u00edvel.<\/p>\n\n\n\n<h4 class=\"wp-block-heading\"><strong>5. Falta de aten\u00e7\u00e3o e procedimentos incorretos<\/strong><\/h4>\n\n\n\n<p>Por fim, \u00e9 necess\u00e1rio destacar a import\u00e2ncia da capacita\u00e7\u00e3o dos operadores. Muitos inc\u00eandios ocorrem por falhas humanas, como o n\u00e3o desligamento da m\u00e1quina antes de realizar inspe\u00e7\u00f5es ou o uso de ferramentas met\u00e1licas pr\u00f3ximas a componentes energizados. Assim sendo, investir em treinamento pode evitar trag\u00e9dias.<\/p>\n\n\n\n<h3 class=\"wp-block-heading\"><strong>Conclus\u00e3o: seguran\u00e7a come\u00e7a na preven\u00e7\u00e3o<\/strong><\/h3>\n\n\n\n<p>Em resumo, evitar inc\u00eandios em colheitadeiras exige aten\u00e7\u00e3o, manuten\u00e7\u00e3o constante e pr\u00e1ticas corretas de opera\u00e7\u00e3o. Ao adotar medidas simples, mas eficazes, voc\u00ea protege sua lavoura, seus equipamentos e principalmente vidas. Afinal, quando o preju\u00edzo \u00e9 grande, o arrependimento n\u00e3o resolve. Previna-se!<\/p>\n\n\n\n<hr class=\"wp-block-separator has-alpha-channel-opacity\"\/>\n\n\n\n<h3 class=\"wp-block-heading\">Refer\u00eancias:<\/h3>\n\n\n\n<ul class=\"wp-block-list\">\n<li><strong>CUNHA, Roberto.<\/strong> <em>5 causas de inc\u00eandio em colheitadeiras e como evit\u00e1-las.<\/em> Stara, 2023. Dispon\u00edvel em:<a>https:\/\/blog.stara.com.br\/5-causas-de-incendio-em-colheitadeiras-e-como-evita-las\/<\/a>.Acesso em: 21 jul. 2025.<\/li>\n\n\n\n<li><strong>EQUIPE AGROFY.<\/strong> <em>Inc\u00eandio em colheitadeira: causas e como prevenir.<\/em> Agrofy News, 2023. Dispon\u00edvel em:<a>https:\/\/news.agrofy.com.br\/tecnologia\/incendio-em-colheitadeira-causas-e-como-prevenir\/<\/a>.Acesso em: 21 jul. 2025.<\/li>\n\n\n\n<li><strong>INSTITUTO BRASILEIRO DE DEFESA DO PRODUTOR.<\/strong> <em>Riscos de inc\u00eandio em m\u00e1quinas agr\u00edcolas.<\/em> IBDP, 2022. Dispon\u00edvel em:<a>https:\/\/ibdp.org.br\/blog\/riscos-de-incendio-em-maquinas-agricolas<\/a>.Acesso em: 21 jul. 2025.<\/li>\n<\/ul>\n\n\n\n<p>Escrito por Kao\u00ea Rauch <\/p>\n\n\n\n<p><\/p>\n","protected":false},"excerpt":{"rendered":"<p>Inc\u00eandios em colheitadeiras acontecem mais do que se imagina. Descubra os 5 fatores que mais causam fogo nas m\u00e1quinas e como evitar trag\u00e9dias no campo.<\/p>\n","protected":false},"author":2,"featured_media":859,"comment_status":"open","ping_status":"open","sticky":false,"template":"","format":"standard","meta":{"_coblocks_attr":"","_coblocks_dimensions":"","_coblocks_responsive_height":"","_coblocks_accordion_ie_support":"","_uag_custom_page_level_css":"","footnotes":""},"categories":[1,30],"tags":[],"class_list":["post-858","post","type-post","status-publish","format-standard","has-post-thumbnail","hentry","category-blog","category-tecnologia"],"yoast_head":"<!-- This site is optimized with the Yoast SEO plugin v27.4 - https:\/\/yoast.com\/product\/yoast-seo-wordpress\/ -->\n<title>5 Fatores que mais causam inc\u00eandio em colheitadeiras - ConectaGr\u00e3o<\/title>\n<meta name=\"description\" content=\"Veja as 5 principais causas de inc\u00eandio em colheitadeiras e como prevenir esse risco no campo com medidas simples.\" \/>\n<meta name=\"robots\" content=\"index, follow, max-snippet:-1, max-image-preview:large, max-video-preview:-1\" \/>\n<link rel=\"canonical\" href=\"https:\/\/conectagrao.com.br\/blog\/5-fatores-que-mais-causam-incendio-em-colheitadeiras\/\" \/>\n<meta property=\"og:locale\" content=\"pt_BR\" \/>\n<meta property=\"og:type\" content=\"article\" \/>\n<meta property=\"og:title\" content=\"5 Fatores que mais causam inc\u00eandio em colheitadeiras - ConectaGr\u00e3o\" \/>\n<meta property=\"og:description\" content=\"Veja as 5 principais causas de inc\u00eandio em colheitadeiras e como prevenir esse risco no campo com medidas simples.\" \/>\n<meta property=\"og:url\" content=\"https:\/\/conectagrao.com.br\/blog\/5-fatores-que-mais-causam-incendio-em-colheitadeiras\/\" \/>\n<meta property=\"og:site_name\" content=\"ConectaGr\u00e3o\" \/>\n<meta property=\"article:publisher\" content=\"https:\/\/www.facebook.com\/conectagrao\/\" \/>\n<meta property=\"article:published_time\" content=\"2025-07-27T00:57:54+00:00\" \/>\n<meta property=\"article:modified_time\" content=\"2025-08-07T06:11:16+00:00\" \/>\n<meta property=\"og:image\" content=\"https:\/\/conectagrao.com.br\/blog\/wp-content\/uploads\/2025\/07\/incendio-colheiradeira.jpg\" \/>\n\t<meta property=\"og:image:width\" content=\"1200\" \/>\n\t<meta property=\"og:image:height\" content=\"900\" \/>\n\t<meta property=\"og:image:type\" content=\"image\/jpeg\" \/>\n<meta name=\"author\" content=\"Kao\u00ea Rauch\" \/>\n<meta name=\"twitter:card\" content=\"summary_large_image\" \/>\n<meta name=\"twitter:label1\" content=\"Escrito por\" \/>\n\t<meta name=\"twitter:data1\" content=\"Kao\u00ea Rauch\" \/>\n\t<meta name=\"twitter:label2\" content=\"Est. tempo de leitura\" \/>\n\t<meta name=\"twitter:data2\" content=\"4 minutos\" \/>\n<script type=\"application\/ld+json\" class=\"yoast-schema-graph\">{\"@context\":\"https:\\\/\\\/schema.org\",\"@graph\":[{\"@type\":\"Article\",\"@id\":\"https:\\\/\\\/conectagrao.com.br\\\/blog\\\/5-fatores-que-mais-causam-incendio-em-colheitadeiras\\\/#article\",\"isPartOf\":{\"@id\":\"https:\\\/\\\/conectagrao.com.br\\\/blog\\\/5-fatores-que-mais-causam-incendio-em-colheitadeiras\\\/\"},\"author\":{\"name\":\"Kao\u00ea Rauch\",\"@id\":\"https:\\\/\\\/conectagrao.com.br\\\/blog\\\/#\\\/schema\\\/person\\\/0110c2a65e3fe8c1eb38193d9f186a59\"},\"headline\":\"5 Fatores que mais causam inc\u00eandio em colheitadeiras\",\"datePublished\":\"2025-07-27T00:57:54+00:00\",\"dateModified\":\"2025-08-07T06:11:16+00:00\",\"mainEntityOfPage\":{\"@id\":\"https:\\\/\\\/conectagrao.com.br\\\/blog\\\/5-fatores-que-mais-causam-incendio-em-colheitadeiras\\\/\"},\"wordCount\":501,\"commentCount\":0,\"publisher\":{\"@id\":\"https:\\\/\\\/conectagrao.com.br\\\/blog\\\/#organization\"},\"image\":{\"@id\":\"https:\\\/\\\/conectagrao.com.br\\\/blog\\\/5-fatores-que-mais-causam-incendio-em-colheitadeiras\\\/#primaryimage\"},\"thumbnailUrl\":\"https:\\\/\\\/conectagrao.com.br\\\/blog\\\/wp-content\\\/uploads\\\/2025\\\/07\\\/incendio-colheiradeira.jpg\",\"articleSection\":[\"Blog\",\"Tecnologia &amp; Maquinas\"],\"inLanguage\":\"pt-BR\",\"potentialAction\":[{\"@type\":\"CommentAction\",\"name\":\"Comment\",\"target\":[\"https:\\\/\\\/conectagrao.com.br\\\/blog\\\/5-fatores-que-mais-causam-incendio-em-colheitadeiras\\\/#respond\"]}]},{\"@type\":\"WebPage\",\"@id\":\"https:\\\/\\\/conectagrao.com.br\\\/blog\\\/5-fatores-que-mais-causam-incendio-em-colheitadeiras\\\/\",\"url\":\"https:\\\/\\\/conectagrao.com.br\\\/blog\\\/5-fatores-que-mais-causam-incendio-em-colheitadeiras\\\/\",\"name\":\"5 Fatores que mais causam inc\u00eandio em colheitadeiras - ConectaGr\u00e3o\",\"isPartOf\":{\"@id\":\"https:\\\/\\\/conectagrao.com.br\\\/blog\\\/#website\"},\"primaryImageOfPage\":{\"@id\":\"https:\\\/\\\/conectagrao.com.br\\\/blog\\\/5-fatores-que-mais-causam-incendio-em-colheitadeiras\\\/#primaryimage\"},\"image\":{\"@id\":\"https:\\\/\\\/conectagrao.com.br\\\/blog\\\/5-fatores-que-mais-causam-incendio-em-colheitadeiras\\\/#primaryimage\"},\"thumbnailUrl\":\"https:\\\/\\\/conectagrao.com.br\\\/blog\\\/wp-content\\\/uploads\\\/2025\\\/07\\\/incendio-colheiradeira.jpg\",\"datePublished\":\"2025-07-27T00:57:54+00:00\",\"dateModified\":\"2025-08-07T06:11:16+00:00\",\"description\":\"Veja as 5 principais causas de inc\u00eandio em colheitadeiras e como prevenir esse risco no campo com medidas simples.\",\"breadcrumb\":{\"@id\":\"https:\\\/\\\/conectagrao.com.br\\\/blog\\\/5-fatores-que-mais-causam-incendio-em-colheitadeiras\\\/#breadcrumb\"},\"inLanguage\":\"pt-BR\",\"potentialAction\":[{\"@type\":\"ReadAction\",\"target\":[\"https:\\\/\\\/conectagrao.com.br\\\/blog\\\/5-fatores-que-mais-causam-incendio-em-colheitadeiras\\\/\"]}]},{\"@type\":\"ImageObject\",\"inLanguage\":\"pt-BR\",\"@id\":\"https:\\\/\\\/conectagrao.com.br\\\/blog\\\/5-fatores-que-mais-causam-incendio-em-colheitadeiras\\\/#primaryimage\",\"url\":\"https:\\\/\\\/conectagrao.com.br\\\/blog\\\/wp-content\\\/uploads\\\/2025\\\/07\\\/incendio-colheiradeira.jpg\",\"contentUrl\":\"https:\\\/\\\/conectagrao.com.br\\\/blog\\\/wp-content\\\/uploads\\\/2025\\\/07\\\/incendio-colheiradeira.jpg\",\"width\":1200,\"height\":900},{\"@type\":\"BreadcrumbList\",\"@id\":\"https:\\\/\\\/conectagrao.com.br\\\/blog\\\/5-fatores-que-mais-causam-incendio-em-colheitadeiras\\\/#breadcrumb\",\"itemListElement\":[{\"@type\":\"ListItem\",\"position\":1,\"name\":\"In\u00edcio\",\"item\":\"https:\\\/\\\/conectagrao.com.br\\\/blog\\\/\"},{\"@type\":\"ListItem\",\"position\":2,\"name\":\"5 Fatores que mais causam inc\u00eandio em colheitadeiras\"}]},{\"@type\":\"WebSite\",\"@id\":\"https:\\\/\\\/conectagrao.com.br\\\/blog\\\/#website\",\"url\":\"https:\\\/\\\/conectagrao.com.br\\\/blog\\\/\",\"name\":\"ConectaGr\u00e3o\",\"description\":\"Conectando o futuro com o agroneg\u00f3cio.\",\"publisher\":{\"@id\":\"https:\\\/\\\/conectagrao.com.br\\\/blog\\\/#organization\"},\"alternateName\":\"conectagrao\",\"potentialAction\":[{\"@type\":\"SearchAction\",\"target\":{\"@type\":\"EntryPoint\",\"urlTemplate\":\"https:\\\/\\\/conectagrao.com.br\\\/blog\\\/?s={search_term_string}\"},\"query-input\":{\"@type\":\"PropertyValueSpecification\",\"valueRequired\":true,\"valueName\":\"search_term_string\"}}],\"inLanguage\":\"pt-BR\"},{\"@type\":\"Organization\",\"@id\":\"https:\\\/\\\/conectagrao.com.br\\\/blog\\\/#organization\",\"name\":\"ConectaGr\u00e3o\",\"alternateName\":\"conectagrao\",\"url\":\"https:\\\/\\\/conectagrao.com.br\\\/blog\\\/\",\"logo\":{\"@type\":\"ImageObject\",\"inLanguage\":\"pt-BR\",\"@id\":\"https:\\\/\\\/conectagrao.com.br\\\/blog\\\/#\\\/schema\\\/logo\\\/image\\\/\",\"url\":\"https:\\\/\\\/conectagrao.com.br\\\/blog\\\/wp-content\\\/uploads\\\/2025\\\/07\\\/ConectaGrao-6.png\",\"contentUrl\":\"https:\\\/\\\/conectagrao.com.br\\\/blog\\\/wp-content\\\/uploads\\\/2025\\\/07\\\/ConectaGrao-6.png\",\"width\":447,\"height\":559,\"caption\":\"ConectaGr\u00e3o\"},\"image\":{\"@id\":\"https:\\\/\\\/conectagrao.com.br\\\/blog\\\/#\\\/schema\\\/logo\\\/image\\\/\"},\"sameAs\":[\"https:\\\/\\\/www.facebook.com\\\/conectagrao\\\/\",\"https:\\\/\\\/www.tiktok.com\\\/@conectagrao?_t=ZM-8xPuS2d6MFB&_r=1\",\"https:\\\/\\\/www.threads.com\\\/@conectagrao\",\"https:\\\/\\\/www.youtube.com\\\/@conectagrao\",\"https:\\\/\\\/www.instagram.com\\\/conectagrao\"]},{\"@type\":\"Person\",\"@id\":\"https:\\\/\\\/conectagrao.com.br\\\/blog\\\/#\\\/schema\\\/person\\\/0110c2a65e3fe8c1eb38193d9f186a59\",\"name\":\"Kao\u00ea Rauch\",\"image\":{\"@type\":\"ImageObject\",\"inLanguage\":\"pt-BR\",\"@id\":\"https:\\\/\\\/secure.gravatar.com\\\/avatar\\\/0a44a558d0f8cd204343bb0098142aaf503447c453c3557bdf65ce2104d4d5e3?s=96&d=mm&r=g\",\"url\":\"https:\\\/\\\/secure.gravatar.com\\\/avatar\\\/0a44a558d0f8cd204343bb0098142aaf503447c453c3557bdf65ce2104d4d5e3?s=96&d=mm&r=g\",\"contentUrl\":\"https:\\\/\\\/secure.gravatar.com\\\/avatar\\\/0a44a558d0f8cd204343bb0098142aaf503447c453c3557bdf65ce2104d4d5e3?s=96&d=mm&r=g\",\"caption\":\"Kao\u00ea Rauch\"},\"description\":\"Kaoe Rauch \u00e9 t\u00e9cnico agr\u00edcola e fundador da ConectaGr\u00e3o. Com experi\u00eancia pr\u00e1tica no campo e forte conex\u00e3o com o agro, escreve conte\u00fados que unem viv\u00eancia rural, conhecimento t\u00e9cnico e olhar de mercado, sempre com o objetivo de aproximar produtores da informa\u00e7\u00e3o que realmente importa.\",\"url\":\"https:\\\/\\\/conectagrao.com.br\\\/blog\\\/author\\\/kaoe-rauch\\\/\"}]}<\/script>\n<!-- \/ Yoast SEO plugin. -->","yoast_head_json":{"title":"5 Fatores que mais causam inc\u00eandio em colheitadeiras - ConectaGr\u00e3o","description":"Veja as 5 principais causas de inc\u00eandio em colheitadeiras e como prevenir esse risco no campo com medidas simples.","robots":{"index":"index","follow":"follow","max-snippet":"max-snippet:-1","max-image-preview":"max-image-preview:large","max-video-preview":"max-video-preview:-1"},"canonical":"https:\/\/conectagrao.com.br\/blog\/5-fatores-que-mais-causam-incendio-em-colheitadeiras\/","og_locale":"pt_BR","og_type":"article","og_title":"5 Fatores que mais causam inc\u00eandio em colheitadeiras - ConectaGr\u00e3o","og_description":"Veja as 5 principais causas de inc\u00eandio em colheitadeiras e como prevenir esse risco no campo com medidas simples.","og_url":"https:\/\/conectagrao.com.br\/blog\/5-fatores-que-mais-causam-incendio-em-colheitadeiras\/","og_site_name":"ConectaGr\u00e3o","article_publisher":"https:\/\/www.facebook.com\/conectagrao\/","article_published_time":"2025-07-27T00:57:54+00:00","article_modified_time":"2025-08-07T06:11:16+00:00","og_image":[{"width":1200,"height":900,"url":"https:\/\/conectagrao.com.br\/blog\/wp-content\/uploads\/2025\/07\/incendio-colheiradeira.jpg","type":"image\/jpeg"}],"author":"Kao\u00ea Rauch","twitter_card":"summary_large_image","twitter_misc":{"Escrito por":"Kao\u00ea Rauch","Est. tempo de leitura":"4 minutos"},"schema":{"@context":"https:\/\/schema.org","@graph":[{"@type":"Article","@id":"https:\/\/conectagrao.com.br\/blog\/5-fatores-que-mais-causam-incendio-em-colheitadeiras\/#article","isPartOf":{"@id":"https:\/\/conectagrao.com.br\/blog\/5-fatores-que-mais-causam-incendio-em-colheitadeiras\/"},"author":{"name":"Kao\u00ea Rauch","@id":"https:\/\/conectagrao.com.br\/blog\/#\/schema\/person\/0110c2a65e3fe8c1eb38193d9f186a59"},"headline":"5 Fatores que mais causam inc\u00eandio em colheitadeiras","datePublished":"2025-07-27T00:57:54+00:00","dateModified":"2025-08-07T06:11:16+00:00","mainEntityOfPage":{"@id":"https:\/\/conectagrao.com.br\/blog\/5-fatores-que-mais-causam-incendio-em-colheitadeiras\/"},"wordCount":501,"commentCount":0,"publisher":{"@id":"https:\/\/conectagrao.com.br\/blog\/#organization"},"image":{"@id":"https:\/\/conectagrao.com.br\/blog\/5-fatores-que-mais-causam-incendio-em-colheitadeiras\/#primaryimage"},"thumbnailUrl":"https:\/\/conectagrao.com.br\/blog\/wp-content\/uploads\/2025\/07\/incendio-colheiradeira.jpg","articleSection":["Blog","Tecnologia &amp; Maquinas"],"inLanguage":"pt-BR","potentialAction":[{"@type":"CommentAction","name":"Comment","target":["https:\/\/conectagrao.com.br\/blog\/5-fatores-que-mais-causam-incendio-em-colheitadeiras\/#respond"]}]},{"@type":"WebPage","@id":"https:\/\/conectagrao.com.br\/blog\/5-fatores-que-mais-causam-incendio-em-colheitadeiras\/","url":"https:\/\/conectagrao.com.br\/blog\/5-fatores-que-mais-causam-incendio-em-colheitadeiras\/","name":"5 Fatores que mais causam inc\u00eandio em colheitadeiras - ConectaGr\u00e3o","isPartOf":{"@id":"https:\/\/conectagrao.com.br\/blog\/#website"},"primaryImageOfPage":{"@id":"https:\/\/conectagrao.com.br\/blog\/5-fatores-que-mais-causam-incendio-em-colheitadeiras\/#primaryimage"},"image":{"@id":"https:\/\/conectagrao.com.br\/blog\/5-fatores-que-mais-causam-incendio-em-colheitadeiras\/#primaryimage"},"thumbnailUrl":"https:\/\/conectagrao.com.br\/blog\/wp-content\/uploads\/2025\/07\/incendio-colheiradeira.jpg","datePublished":"2025-07-27T00:57:54+00:00","dateModified":"2025-08-07T06:11:16+00:00","description":"Veja as 5 principais causas de inc\u00eandio em colheitadeiras e como prevenir esse risco no campo com medidas simples.","breadcrumb":{"@id":"https:\/\/conectagrao.com.br\/blog\/5-fatores-que-mais-causam-incendio-em-colheitadeiras\/#breadcrumb"},"inLanguage":"pt-BR","potentialAction":[{"@type":"ReadAction","target":["https:\/\/conectagrao.com.br\/blog\/5-fatores-que-mais-causam-incendio-em-colheitadeiras\/"]}]},{"@type":"ImageObject","inLanguage":"pt-BR","@id":"https:\/\/conectagrao.com.br\/blog\/5-fatores-que-mais-causam-incendio-em-colheitadeiras\/#primaryimage","url":"https:\/\/conectagrao.com.br\/blog\/wp-content\/uploads\/2025\/07\/incendio-colheiradeira.jpg","contentUrl":"https:\/\/conectagrao.com.br\/blog\/wp-content\/uploads\/2025\/07\/incendio-colheiradeira.jpg","width":1200,"height":900},{"@type":"BreadcrumbList","@id":"https:\/\/conectagrao.com.br\/blog\/5-fatores-que-mais-causam-incendio-em-colheitadeiras\/#breadcrumb","itemListElement":[{"@type":"ListItem","position":1,"name":"In\u00edcio","item":"https:\/\/conectagrao.com.br\/blog\/"},{"@type":"ListItem","position":2,"name":"5 Fatores que mais causam inc\u00eandio em colheitadeiras"}]},{"@type":"WebSite","@id":"https:\/\/conectagrao.com.br\/blog\/#website","url":"https:\/\/conectagrao.com.br\/blog\/","name":"ConectaGr\u00e3o","description":"Conectando o futuro com o agroneg\u00f3cio.","publisher":{"@id":"https:\/\/conectagrao.com.br\/blog\/#organization"},"alternateName":"conectagrao","potentialAction":[{"@type":"SearchAction","target":{"@type":"EntryPoint","urlTemplate":"https:\/\/conectagrao.com.br\/blog\/?s={search_term_string}"},"query-input":{"@type":"PropertyValueSpecification","valueRequired":true,"valueName":"search_term_string"}}],"inLanguage":"pt-BR"},{"@type":"Organization","@id":"https:\/\/conectagrao.com.br\/blog\/#organization","name":"ConectaGr\u00e3o","alternateName":"conectagrao","url":"https:\/\/conectagrao.com.br\/blog\/","logo":{"@type":"ImageObject","inLanguage":"pt-BR","@id":"https:\/\/conectagrao.com.br\/blog\/#\/schema\/logo\/image\/","url":"https:\/\/conectagrao.com.br\/blog\/wp-content\/uploads\/2025\/07\/ConectaGrao-6.png","contentUrl":"https:\/\/conectagrao.com.br\/blog\/wp-content\/uploads\/2025\/07\/ConectaGrao-6.png","width":447,"height":559,"caption":"ConectaGr\u00e3o"},"image":{"@id":"https:\/\/conectagrao.com.br\/blog\/#\/schema\/logo\/image\/"},"sameAs":["https:\/\/www.facebook.com\/conectagrao\/","https:\/\/www.tiktok.com\/@conectagrao?_t=ZM-8xPuS2d6MFB&_r=1","https:\/\/www.threads.com\/@conectagrao","https:\/\/www.youtube.com\/@conectagrao","https:\/\/www.instagram.com\/conectagrao"]},{"@type":"Person","@id":"https:\/\/conectagrao.com.br\/blog\/#\/schema\/person\/0110c2a65e3fe8c1eb38193d9f186a59","name":"Kao\u00ea Rauch","image":{"@type":"ImageObject","inLanguage":"pt-BR","@id":"https:\/\/secure.gravatar.com\/avatar\/0a44a558d0f8cd204343bb0098142aaf503447c453c3557bdf65ce2104d4d5e3?s=96&d=mm&r=g","url":"https:\/\/secure.gravatar.com\/avatar\/0a44a558d0f8cd204343bb0098142aaf503447c453c3557bdf65ce2104d4d5e3?s=96&d=mm&r=g","contentUrl":"https:\/\/secure.gravatar.com\/avatar\/0a44a558d0f8cd204343bb0098142aaf503447c453c3557bdf65ce2104d4d5e3?s=96&d=mm&r=g","caption":"Kao\u00ea Rauch"},"description":"Kaoe Rauch \u00e9 t\u00e9cnico agr\u00edcola e fundador da ConectaGr\u00e3o. Com experi\u00eancia pr\u00e1tica no campo e forte conex\u00e3o com o agro, escreve conte\u00fados que unem viv\u00eancia rural, conhecimento t\u00e9cnico e olhar de mercado, sempre com o objetivo de aproximar produtores da informa\u00e7\u00e3o que realmente importa.","url":"https:\/\/conectagrao.com.br\/blog\/author\/kaoe-rauch\/"}]}},"uagb_featured_image_src":{"full":["https:\/\/conectagrao.com.br\/blog\/wp-content\/uploads\/2025\/07\/incendio-colheiradeira.jpg",1200,900,false],"thumbnail":["https:\/\/conectagrao.com.br\/blog\/wp-content\/uploads\/2025\/07\/incendio-colheiradeira-150x150.jpg",150,150,true],"medium":["https:\/\/conectagrao.com.br\/blog\/wp-content\/uploads\/2025\/07\/incendio-colheiradeira-300x225.jpg",300,225,true],"medium_large":["https:\/\/conectagrao.com.br\/blog\/wp-content\/uploads\/2025\/07\/incendio-colheiradeira-768x576.jpg",640,480,true],"large":["https:\/\/conectagrao.com.br\/blog\/wp-content\/uploads\/2025\/07\/incendio-colheiradeira-1024x768.jpg",640,480,true],"1536x1536":["https:\/\/conectagrao.com.br\/blog\/wp-content\/uploads\/2025\/07\/incendio-colheiradeira.jpg",1200,900,false],"2048x2048":["https:\/\/conectagrao.com.br\/blog\/wp-content\/uploads\/2025\/07\/incendio-colheiradeira.jpg",1200,900,false],"cvmm-medium":["https:\/\/conectagrao.com.br\/blog\/wp-content\/uploads\/2025\/07\/incendio-colheiradeira-300x300.jpg",300,300,true],"cvmm-medium-plus":["https:\/\/conectagrao.com.br\/blog\/wp-content\/uploads\/2025\/07\/incendio-colheiradeira-305x207.jpg",305,207,true],"cvmm-portrait":["https:\/\/conectagrao.com.br\/blog\/wp-content\/uploads\/2025\/07\/incendio-colheiradeira-400x600.jpg",400,600,true],"cvmm-medium-square":["https:\/\/conectagrao.com.br\/blog\/wp-content\/uploads\/2025\/07\/incendio-colheiradeira-600x600.jpg",600,600,true],"cvmm-large":["https:\/\/conectagrao.com.br\/blog\/wp-content\/uploads\/2025\/07\/incendio-colheiradeira-1024x900.jpg",1024,900,true],"cvmm-small":["https:\/\/conectagrao.com.br\/blog\/wp-content\/uploads\/2025\/07\/incendio-colheiradeira-130x95.jpg",130,95,true],"news-portal-block-medium":["https:\/\/conectagrao.com.br\/blog\/wp-content\/uploads\/2025\/07\/incendio-colheiradeira-305x207.jpg",305,207,true],"news-portal-block-thumb":["https:\/\/conectagrao.com.br\/blog\/wp-content\/uploads\/2025\/07\/incendio-colheiradeira-136x102.jpg",136,102,true],"news-portal-slider-medium":["https:\/\/conectagrao.com.br\/blog\/wp-content\/uploads\/2025\/07\/incendio-colheiradeira-622x420.jpg",622,420,true],"news-portal-carousel-portrait":["https:\/\/conectagrao.com.br\/blog\/wp-content\/uploads\/2025\/07\/incendio-colheiradeira-400x600.jpg",400,600,true],"news-portal-alternate-grid":["https:\/\/conectagrao.com.br\/blog\/wp-content\/uploads\/2025\/07\/incendio-colheiradeira-340x316.jpg",340,316,true],"web-stories-poster-portrait":["https:\/\/conectagrao.com.br\/blog\/wp-content\/uploads\/2025\/07\/incendio-colheiradeira.jpg",640,480,false],"web-stories-publisher-logo":["https:\/\/conectagrao.com.br\/blog\/wp-content\/uploads\/2025\/07\/incendio-colheiradeira.jpg",96,72,false],"web-stories-thumbnail":["https:\/\/conectagrao.com.br\/blog\/wp-content\/uploads\/2025\/07\/incendio-colheiradeira.jpg",150,113,false]},"uagb_author_info":{"display_name":"Kao\u00ea Rauch","author_link":"https:\/\/conectagrao.com.br\/blog\/author\/kaoe-rauch\/"},"uagb_comment_info":0,"uagb_excerpt":"Inc\u00eandios em colheitadeiras acontecem mais do que se imagina. Descubra os 5 fatores que mais causam fogo nas m\u00e1quinas e como evitar trag\u00e9dias no campo.","blog_post_layout_featured_media_urls":{"thumbnail":["https:\/\/conectagrao.com.br\/blog\/wp-content\/uploads\/2025\/07\/incendio-colheiradeira-150x150.jpg",150,150,true],"full":["https:\/\/conectagrao.com.br\/blog\/wp-content\/uploads\/2025\/07\/incendio-colheiradeira.jpg",1200,900,false]},"categories_names":{"1":{"name":"Blog","link":"https:\/\/conectagrao.com.br\/blog\/blog\/"},"30":{"name":"Tecnologia &amp; Maquinas","link":"https:\/\/conectagrao.com.br\/blog\/tecnologia\/"}},"tags_names":[],"comments_number":"0","wpmagazine_modules_lite_featured_media_urls":{"thumbnail":["https:\/\/conectagrao.com.br\/blog\/wp-content\/uploads\/2025\/07\/incendio-colheiradeira-150x150.jpg",150,150,true],"cvmm-medium":["https:\/\/conectagrao.com.br\/blog\/wp-content\/uploads\/2025\/07\/incendio-colheiradeira-300x300.jpg",300,300,true],"cvmm-medium-plus":["https:\/\/conectagrao.com.br\/blog\/wp-content\/uploads\/2025\/07\/incendio-colheiradeira-305x207.jpg",305,207,true],"cvmm-portrait":["https:\/\/conectagrao.com.br\/blog\/wp-content\/uploads\/2025\/07\/incendio-colheiradeira-400x600.jpg",400,600,true],"cvmm-medium-square":["https:\/\/conectagrao.com.br\/blog\/wp-content\/uploads\/2025\/07\/incendio-colheiradeira-600x600.jpg",600,600,true],"cvmm-large":["https:\/\/conectagrao.com.br\/blog\/wp-content\/uploads\/2025\/07\/incendio-colheiradeira-1024x900.jpg",1024,900,true],"cvmm-small":["https:\/\/conectagrao.com.br\/blog\/wp-content\/uploads\/2025\/07\/incendio-colheiradeira-130x95.jpg",130,95,true],"full":["https:\/\/conectagrao.com.br\/blog\/wp-content\/uploads\/2025\/07\/incendio-colheiradeira.jpg",1200,900,false]},"_links":{"self":[{"href":"https:\/\/conectagrao.com.br\/blog\/wp-json\/wp\/v2\/posts\/858","targetHints":{"allow":["GET"]}}],"collection":[{"href":"https:\/\/conectagrao.com.br\/blog\/wp-json\/wp\/v2\/posts"}],"about":[{"href":"https:\/\/conectagrao.com.br\/blog\/wp-json\/wp\/v2\/types\/post"}],"author":[{"embeddable":true,"href":"https:\/\/conectagrao.com.br\/blog\/wp-json\/wp\/v2\/users\/2"}],"replies":[{"embeddable":true,"href":"https:\/\/conectagrao.com.br\/blog\/wp-json\/wp\/v2\/comments?post=858"}],"version-history":[{"count":23,"href":"https:\/\/conectagrao.com.br\/blog\/wp-json\/wp\/v2\/posts\/858\/revisions"}],"predecessor-version":[{"id":962,"href":"https:\/\/conectagrao.com.br\/blog\/wp-json\/wp\/v2\/posts\/858\/revisions\/962"}],"wp:featuredmedia":[{"embeddable":true,"href":"https:\/\/conectagrao.com.br\/blog\/wp-json\/wp\/v2\/media\/859"}],"wp:attachment":[{"href":"https:\/\/conectagrao.com.br\/blog\/wp-json\/wp\/v2\/media?parent=858"}],"wp:term":[{"taxonomy":"category","embeddable":true,"href":"https:\/\/conectagrao.com.br\/blog\/wp-json\/wp\/v2\/categories?post=858"},{"taxonomy":"post_tag","embeddable":true,"href":"https:\/\/conectagrao.com.br\/blog\/wp-json\/wp\/v2\/tags?post=858"}],"curies":[{"name":"wp","href":"https:\/\/api.w.org\/{rel}","templated":true}]}}