{"id":866,"date":"2025-07-28T02:09:32","date_gmt":"2025-07-28T02:09:32","guid":{"rendered":"https:\/\/conectagrao.com.br\/blog\/?p=866"},"modified":"2025-08-07T06:13:52","modified_gmt":"2025-08-07T06:13:52","slug":"giberela-no-trigo-como-ocorre-e-como-prevenir","status":"publish","type":"post","link":"https:\/\/conectagrao.com.br\/blog\/giberela-no-trigo-como-ocorre-e-como-prevenir\/","title":{"rendered":"Giberela no Trigo: Como ocorre e como prevenir?"},"content":{"rendered":"\n<h2 class=\"wp-block-heading\">O Que \u00c9 a Giberela no Trigo?<\/h2>\n\n\n\n<p>A <strong>giberela no trigo<\/strong> \u00e9 uma das doen\u00e7as f\u00fangicas mais graves que acometem essa cultura, principalmente em regi\u00f5es com clima \u00famido. Ela \u00e9 causada pelo fungo <em>Fusarium graminearum<\/em> e atinge, sobretudo, as espigas da planta, causando perdas significativas de produtividade e qualidade.<\/p>\n\n\n\n<p>Al\u00e9m dos danos f\u00edsicos nos gr\u00e3os, essa doen\u00e7a \u00e9 capaz de produzir <strong>micotoxinas<\/strong> que tornam o trigo inadequado para consumo humano e animal \u2014 assim gerando, portanto, grandes preju\u00edzos econ\u00f4micos.<\/p>\n\n\n\n<h2 class=\"wp-block-heading\">Quando e Como a Giberela se Desenvolve?<\/h2>\n\n\n\n<p>O fungo causador da giberela se desenvolve especialmente durante o <strong>per\u00edodo de florescimento do trigo<\/strong>, quando h\u00e1:<\/p>\n\n\n\n<ul class=\"wp-block-list\">\n<li>Alta <strong>umidade relativa do ar<\/strong>;<\/li>\n\n\n\n<li>Temperaturas entre 20\u202f\u00b0C e 30\u202f\u00b0C;<\/li>\n\n\n\n<li><strong>Chuvas frequentes<\/strong> e dias consecutivos nublados.<\/li>\n<\/ul>\n\n\n\n<p>Essas condi\u00e7\u00f5es criam o ambiente ideal para que os esporos do fungo se espalhem pelo ar e atinjam as espigas, contaminando rapidamente grandes \u00e1reas da lavoura.<\/p>\n\n\n\n<h2 class=\"wp-block-heading\">Sintomas da Giberela: Como Identificar?<\/h2>\n\n\n\n<p>O diagn\u00f3stico da giberela no campo pode ser feito com base em alguns sintomas vis\u00edveis:<\/p>\n\n\n\n<ul class=\"wp-block-list\">\n<li>Espigas com colora\u00e7\u00e3o <strong>branca ou esbranqui\u00e7ada<\/strong> precocemente;<\/li>\n\n\n\n<li>Gr\u00e3os <strong>chochos, deformados<\/strong> e com aspecto opaco;<\/li>\n\n\n\n<li>Presen\u00e7a de <strong>mic\u00e9lio rosado<\/strong> nas espiguetas;<\/li>\n\n\n\n<li>Redu\u00e7\u00e3o do peso dos gr\u00e3os e <strong>queda na germina\u00e7\u00e3o<\/strong> das sementes.<\/li>\n<\/ul>\n\n\n<div class=\"wp-block-image\">\n<figure class=\"aligncenter size-full is-resized\"><img fetchpriority=\"high\" decoding=\"async\" width=\"441\" height=\"515\" src=\"https:\/\/conectagrao.com.br\/blog\/wp-content\/uploads\/2025\/07\/sintomas-giberela.png\" alt=\"\" class=\"wp-image-869\" style=\"width:254px;height:auto\" srcset=\"https:\/\/conectagrao.com.br\/blog\/wp-content\/uploads\/2025\/07\/sintomas-giberela.png 441w, https:\/\/conectagrao.com.br\/blog\/wp-content\/uploads\/2025\/07\/sintomas-giberela-257x300.png 257w\" sizes=\"(max-width: 441px) 100vw, 441px\" \/><\/figure>\n<\/div>\n\n\n<p>Portanto, \u00e9 essencial fazer o monitoramento frequente durante a flora\u00e7\u00e3o para identificar os primeiros sinais e agir rapidamente.<\/p>\n\n\n\n<h2 class=\"wp-block-heading\">Impactos da Giberela no Trigo<\/h2>\n\n\n\n<p>Os impactos da giberela v\u00e3o muito al\u00e9m da apar\u00eancia dos gr\u00e3os. Veja os principais preju\u00edzos:<\/p>\n\n\n\n<ul class=\"wp-block-list\">\n<li><strong>Perda de produtividade<\/strong> significativa por gr\u00e3os malformados;<\/li>\n\n\n\n<li>Presen\u00e7a de <strong>DON (deoxinivalenol)<\/strong> \u2014 uma micotoxina que contamina o alimento;<\/li>\n\n\n\n<li><strong>Desvaloriza\u00e7\u00e3o comercial<\/strong> do trigo pela ind\u00fastria e exportadores;<\/li>\n\n\n\n<li>Riscos \u00e0 sa\u00fade humana e animal em caso de consumo de gr\u00e3os contaminados.<\/li>\n<\/ul>\n\n\n<div class=\"wp-block-image\">\n<figure class=\"aligncenter size-full\"><img decoding=\"async\" width=\"300\" height=\"212\" src=\"https:\/\/conectagrao.com.br\/blog\/wp-content\/uploads\/2025\/07\/giberela-no-trigo.webp\" alt=\"\" class=\"wp-image-870\"\/><\/figure>\n<\/div>\n\n\n<p>Em outras palavras, uma lavoura contaminada pode ter sua safra toda comprometida, assim mesmo que pare\u00e7a produtiva visualmente.<\/p>\n\n\n\n<div style=\"border: 2px solid #ff9800; border-radius: 10px; padding: 20px; background: #ffffff; box-shadow: 0 4px 12px rgba(0,0,0,0.1); font-family: Arial, sans-serif; width: 100%; max-width: 100%; margin: 20px 0; text-align: center; box-sizing: border-box;\">\n  \n  <h3 style=\"color: #ff9800; font-size: 24px; margin-top: 0; margin-bottom: 15px;\">\n    <span style=\"display: none;\" class=\"whatsapp-icon\">\n      <img decoding=\"async\" src=\"https:\/\/e7.pngegg.com\/pngimages\/347\/373\/png-clipart-computer-icons-whatsapp-whatsapp-text-trademark-thumbnail.png\" alt=\"WhatsApp\" style=\"width: 40px; height: 40px; border-radius: 50%; object-fit: cover;\">\n    <\/span>\n  <\/h3>\n  \n  <div style=\"display: flex; justify-content: center; align-items: center; flex-wrap: wrap; margin-bottom: 10px;\">\n    <div style=\"text-align: center; margin-right: 10px;\"> <!-- Reduzido o margin-right -->\n      <p style=\"font-size: 16px; color: #333; line-height: 1.5; margin: 0;\">\n        \ud83d\udcf0 Not\u00edcias &#038; Mercado | \ud83d\udd14 Novidades <span class=\"desktop-separator\">|<\/span>\n      <\/p>\n    <\/div>\n    <div style=\"text-align: center;\">\n      <p style=\"font-size: 16px; color: #333; line-height: 1.5; margin: 0;\">\n        \u26c5 Clima | \ud83d\ude80 Tecnologia | \ud83d\udcf1 Blog\n      <\/p>\n    <\/div>\n  <\/div>\n  \n  <a href=\"https:\/\/www.whatsapp.com\/channel\/0029VaLMT22GOj9f6eVOpJ0N\" target=\"_blank\" style=\"background: #25D366; color: #fff; padding: 10px 20px; font-size: 16px; font-weight: bold; text-decoration: none; border-radius: 30px; display: inline-block; transition: all 0.3s; position: relative;\">\n    <img decoding=\"async\" src=\"https:\/\/upload.wikimedia.org\/wikipedia\/commons\/6\/6b\/WhatsApp.svg\" alt=\"WhatsApp\" style=\"width: 20px; height: 20px; vertical-align: middle; margin-right: 5px;\">\n    Entrar no Canal\n  <\/a>\n  \n  <p style=\"font-size: 12px; color: #666; margin-top: 15px; font-weight: bold;\">\n    Sua conex\u00e3o com as melhores informa\u00e7\u00f5es do agroneg\u00f3cio!\n  <\/p>\n<\/div>\n\n<style>\n@media (max-width: 768px) {\n  .desktop-separator {\n    display: none; \/* Ocultar o separador \"|\" em dispositivos m\u00f3veis *\/\n  }\n  h3 {\n    font-size: 20px; \/* Diminuir o tamanho da fonte do t\u00edtulo em dispositivos m\u00f3veis *\/\n  }\n  p {\n    font-size: 14px; \/* Diminuir o tamanho da fonte dos par\u00e1grafos em dispositivos m\u00f3veis *\/\n  }\n  a {\n    font-size: 14px; \/* Diminuir o tamanho da fonte do bot\u00e3o em dispositivos m\u00f3veis *\/\n    padding: 8px 15px; \/* Ajustar o padding do bot\u00e3o em dispositivos m\u00f3veis *\/\n  }\n}\n<\/style>\n\n\n\n\n<h2 class=\"wp-block-heading\">Como Controlar a Giberela no Trigo?<\/h2>\n\n\n\n<p>N\u00e3o existe controle \u00fanico, mas sim um conjunto de boas pr\u00e1ticas que, quando aplicadas corretamente, reduzem drasticamente os riscos:<\/p>\n\n\n\n<h3 class=\"wp-block-heading\">1. Rota\u00e7\u00e3o de Culturas<\/h3>\n\n\n\n<p>Evite cultivar trigo ap\u00f3s milho, pois o milho \u00e9 outro hospedeiro do <em>Fusarium<\/em> e seus restos culturais podem ser fonte de esporos.<\/p>\n\n\n\n<h3 class=\"wp-block-heading\">2. Cultivares Tolerantes<\/h3>\n\n\n\n<p>Contudo, d\u00ea prefer\u00eancia a variedades de trigo mais resistentes ou menos suscet\u00edveis \u00e0 giberela.<\/p>\n\n\n\n<h3 class=\"wp-block-heading\">3. Aplica\u00e7\u00e3o de Fungicidas<\/h3>\n\n\n\n<p>O momento ideal para aplica\u00e7\u00e3o \u00e9 <strong>na fase de espigamento\/flora\u00e7\u00e3o<\/strong>. Produtos \u00e0 base de <strong>triaz\u00f3is<\/strong> (como tebuconazol, protioconazol, metconazol) t\u00eam boa efici\u00eancia, assim especialmente quando aplicados com boa cobertura.<\/p>\n\n\n\n<h3 class=\"wp-block-heading\">4. Elimina\u00e7\u00e3o de Res\u00edduos<\/h3>\n\n\n\n<p>Sempre que poss\u00edvel, fa\u00e7a o manejo adequado dos restos culturais, pois o fungo pode sobreviver nos res\u00edduos e infectar lavouras futuras.<\/p>\n\n\n\n<h3 class=\"wp-block-heading\">5. Monitoramento Clim\u00e1tico<\/h3>\n\n\n\n<p>Esteja atento \u00e0s previs\u00f5es de chuva e umidade durante a flora\u00e7\u00e3o. Com isso, voc\u00ea pode antecipar aplica\u00e7\u00f5es preventivas e evitar surpresas.<\/p>\n\n\n\n<h2 class=\"wp-block-heading\">Conclus\u00e3o<\/h2>\n\n\n\n<p>A <strong>giberela no trigo<\/strong> \u00e9 uma doen\u00e7a trai\u00e7oeira: silenciosa no in\u00edcio, mas devastadora quando ignorada. Portanto, compreender suas causas, reconhecer seus sintomas e adotar pr\u00e1ticas integradas de manejo \u00e9 essencial para proteger sua lavoura, manter a qualidade do produto e garantir rentabilidade ao final da safra.<\/p>\n\n\n\n<p>Se voc\u00ea trabalha com trigo, fique atento \u00e0 flora\u00e7\u00e3o e n\u00e3o negligencie o risco da giberela. Afinal, um pequeno descuido pode custar caro.<\/p>\n\n\n\n<hr class=\"wp-block-separator has-alpha-channel-opacity\"\/>\n\n\n\n<h3 class=\"wp-block-heading\"><strong>Refer\u00eancias <\/strong><\/h3>\n\n\n\n<ul class=\"wp-block-list\">\n<li>EMBRAPA. <em>Giberela do trigo<\/em>. Dispon\u00edvel em: <a>https:\/\/www.embrapa.br\/trigo<\/a>. Acesso em: 27 jul. 2025.<\/li>\n\n\n\n<li>FUNDA\u00c7\u00c3O ABC. <em>Manejo de doen\u00e7as do trigo<\/em>. Castro: Funda\u00e7\u00e3o ABC, 2023. Dispon\u00edvel em: <a>https:\/\/www.fundacaoabc.org<\/a>. Acesso em: 27 jul. 2025.<\/li>\n\n\n\n<li>UNIVERSIDADE FEDERAL DE SANTA MARIA. <em>Departamento de Fitopatologia: doen\u00e7as em trigo<\/em>. Santa Maria: UFSM, 2024. Dispon\u00edvel em: <a>https:\/\/www.ufsm.br<\/a>. Acesso em: 27 jul. 2025.<\/li>\n<\/ul>\n\n\n\n<p>Escrito por: Kao\u00ea Rauch &#8211; equipe ConectaGr\u00e3o<\/p>\n\n\n\n<p><\/p>\n","protected":false},"excerpt":{"rendered":"<p>A giberela no trigo afeta espigas, reduz a produtividade e contamina os gr\u00e3os com toxinas. Aprenda a identificar e controlar essa amea\u00e7a.<\/p>\n","protected":false},"author":2,"featured_media":868,"comment_status":"open","ping_status":"open","sticky":false,"template":"","format":"standard","meta":{"_coblocks_attr":"","_coblocks_dimensions":"","_coblocks_responsive_height":"","_coblocks_accordion_ie_support":"","_uag_custom_page_level_css":"","footnotes":""},"categories":[1,31],"tags":[],"class_list":["post-866","post","type-post","status-publish","format-standard","has-post-thumbnail","hentry","category-blog","category-pragas"],"yoast_head":"<!-- This site is optimized with the Yoast SEO plugin v27.4 - https:\/\/yoast.com\/product\/yoast-seo-wordpress\/ -->\n<title>Giberela no Trigo: Como ocorre e como prevenir? - ConectaGr\u00e3o<\/title>\n<meta name=\"description\" content=\"Descubra como prevenir e controlar a giberela no trigo, doen\u00e7a que afeta a produtividade e a qualidade dos gr\u00e3os da lavoura.\" \/>\n<meta name=\"robots\" content=\"index, follow, max-snippet:-1, max-image-preview:large, max-video-preview:-1\" \/>\n<link rel=\"canonical\" href=\"https:\/\/conectagrao.com.br\/blog\/giberela-no-trigo-como-ocorre-e-como-prevenir\/\" \/>\n<meta property=\"og:locale\" content=\"pt_BR\" \/>\n<meta property=\"og:type\" content=\"article\" \/>\n<meta property=\"og:title\" content=\"Giberela no Trigo: Como ocorre e como prevenir? - ConectaGr\u00e3o\" \/>\n<meta property=\"og:description\" content=\"Descubra como prevenir e controlar a giberela no trigo, doen\u00e7a que afeta a produtividade e a qualidade dos gr\u00e3os da lavoura.\" \/>\n<meta property=\"og:url\" content=\"https:\/\/conectagrao.com.br\/blog\/giberela-no-trigo-como-ocorre-e-como-prevenir\/\" \/>\n<meta property=\"og:site_name\" content=\"ConectaGr\u00e3o\" \/>\n<meta property=\"article:publisher\" content=\"https:\/\/www.facebook.com\/conectagrao\/\" \/>\n<meta property=\"article:published_time\" content=\"2025-07-28T02:09:32+00:00\" \/>\n<meta property=\"article:modified_time\" content=\"2025-08-07T06:13:52+00:00\" \/>\n<meta property=\"og:image\" content=\"https:\/\/conectagrao.com.br\/blog\/wp-content\/uploads\/2025\/07\/girebela-no-trigo.webp\" \/>\n\t<meta property=\"og:image:width\" content=\"1200\" \/>\n\t<meta property=\"og:image:height\" content=\"800\" \/>\n\t<meta property=\"og:image:type\" content=\"image\/webp\" \/>\n<meta name=\"author\" content=\"Kao\u00ea Rauch\" \/>\n<meta name=\"twitter:card\" content=\"summary_large_image\" \/>\n<meta name=\"twitter:label1\" content=\"Escrito por\" \/>\n\t<meta name=\"twitter:data1\" content=\"Kao\u00ea Rauch\" \/>\n\t<meta name=\"twitter:label2\" content=\"Est. tempo de leitura\" \/>\n\t<meta name=\"twitter:data2\" content=\"5 minutos\" \/>\n<script type=\"application\/ld+json\" class=\"yoast-schema-graph\">{\"@context\":\"https:\\\/\\\/schema.org\",\"@graph\":[{\"@type\":\"Article\",\"@id\":\"https:\\\/\\\/conectagrao.com.br\\\/blog\\\/giberela-no-trigo-como-ocorre-e-como-prevenir\\\/#article\",\"isPartOf\":{\"@id\":\"https:\\\/\\\/conectagrao.com.br\\\/blog\\\/giberela-no-trigo-como-ocorre-e-como-prevenir\\\/\"},\"author\":{\"name\":\"Kao\u00ea Rauch\",\"@id\":\"https:\\\/\\\/conectagrao.com.br\\\/blog\\\/#\\\/schema\\\/person\\\/0110c2a65e3fe8c1eb38193d9f186a59\"},\"headline\":\"Giberela no Trigo: Como ocorre e como prevenir?\",\"datePublished\":\"2025-07-28T02:09:32+00:00\",\"dateModified\":\"2025-08-07T06:13:52+00:00\",\"mainEntityOfPage\":{\"@id\":\"https:\\\/\\\/conectagrao.com.br\\\/blog\\\/giberela-no-trigo-como-ocorre-e-como-prevenir\\\/\"},\"wordCount\":656,\"commentCount\":0,\"publisher\":{\"@id\":\"https:\\\/\\\/conectagrao.com.br\\\/blog\\\/#organization\"},\"image\":{\"@id\":\"https:\\\/\\\/conectagrao.com.br\\\/blog\\\/giberela-no-trigo-como-ocorre-e-como-prevenir\\\/#primaryimage\"},\"thumbnailUrl\":\"https:\\\/\\\/conectagrao.com.br\\\/blog\\\/wp-content\\\/uploads\\\/2025\\\/07\\\/girebela-no-trigo.webp\",\"articleSection\":[\"Blog\",\"Pragas &amp; Doen\u00e7as\"],\"inLanguage\":\"pt-BR\",\"potentialAction\":[{\"@type\":\"CommentAction\",\"name\":\"Comment\",\"target\":[\"https:\\\/\\\/conectagrao.com.br\\\/blog\\\/giberela-no-trigo-como-ocorre-e-como-prevenir\\\/#respond\"]}]},{\"@type\":\"WebPage\",\"@id\":\"https:\\\/\\\/conectagrao.com.br\\\/blog\\\/giberela-no-trigo-como-ocorre-e-como-prevenir\\\/\",\"url\":\"https:\\\/\\\/conectagrao.com.br\\\/blog\\\/giberela-no-trigo-como-ocorre-e-como-prevenir\\\/\",\"name\":\"Giberela no Trigo: Como ocorre e como prevenir? - ConectaGr\u00e3o\",\"isPartOf\":{\"@id\":\"https:\\\/\\\/conectagrao.com.br\\\/blog\\\/#website\"},\"primaryImageOfPage\":{\"@id\":\"https:\\\/\\\/conectagrao.com.br\\\/blog\\\/giberela-no-trigo-como-ocorre-e-como-prevenir\\\/#primaryimage\"},\"image\":{\"@id\":\"https:\\\/\\\/conectagrao.com.br\\\/blog\\\/giberela-no-trigo-como-ocorre-e-como-prevenir\\\/#primaryimage\"},\"thumbnailUrl\":\"https:\\\/\\\/conectagrao.com.br\\\/blog\\\/wp-content\\\/uploads\\\/2025\\\/07\\\/girebela-no-trigo.webp\",\"datePublished\":\"2025-07-28T02:09:32+00:00\",\"dateModified\":\"2025-08-07T06:13:52+00:00\",\"description\":\"Descubra como prevenir e controlar a giberela no trigo, doen\u00e7a que afeta a produtividade e a qualidade dos gr\u00e3os da lavoura.\",\"breadcrumb\":{\"@id\":\"https:\\\/\\\/conectagrao.com.br\\\/blog\\\/giberela-no-trigo-como-ocorre-e-como-prevenir\\\/#breadcrumb\"},\"inLanguage\":\"pt-BR\",\"potentialAction\":[{\"@type\":\"ReadAction\",\"target\":[\"https:\\\/\\\/conectagrao.com.br\\\/blog\\\/giberela-no-trigo-como-ocorre-e-como-prevenir\\\/\"]}]},{\"@type\":\"ImageObject\",\"inLanguage\":\"pt-BR\",\"@id\":\"https:\\\/\\\/conectagrao.com.br\\\/blog\\\/giberela-no-trigo-como-ocorre-e-como-prevenir\\\/#primaryimage\",\"url\":\"https:\\\/\\\/conectagrao.com.br\\\/blog\\\/wp-content\\\/uploads\\\/2025\\\/07\\\/girebela-no-trigo.webp\",\"contentUrl\":\"https:\\\/\\\/conectagrao.com.br\\\/blog\\\/wp-content\\\/uploads\\\/2025\\\/07\\\/girebela-no-trigo.webp\",\"width\":1200,\"height\":800},{\"@type\":\"BreadcrumbList\",\"@id\":\"https:\\\/\\\/conectagrao.com.br\\\/blog\\\/giberela-no-trigo-como-ocorre-e-como-prevenir\\\/#breadcrumb\",\"itemListElement\":[{\"@type\":\"ListItem\",\"position\":1,\"name\":\"In\u00edcio\",\"item\":\"https:\\\/\\\/conectagrao.com.br\\\/blog\\\/\"},{\"@type\":\"ListItem\",\"position\":2,\"name\":\"Giberela no Trigo: Como ocorre e como prevenir?\"}]},{\"@type\":\"WebSite\",\"@id\":\"https:\\\/\\\/conectagrao.com.br\\\/blog\\\/#website\",\"url\":\"https:\\\/\\\/conectagrao.com.br\\\/blog\\\/\",\"name\":\"ConectaGr\u00e3o\",\"description\":\"Conectando o futuro com o agroneg\u00f3cio.\",\"publisher\":{\"@id\":\"https:\\\/\\\/conectagrao.com.br\\\/blog\\\/#organization\"},\"alternateName\":\"conectagrao\",\"potentialAction\":[{\"@type\":\"SearchAction\",\"target\":{\"@type\":\"EntryPoint\",\"urlTemplate\":\"https:\\\/\\\/conectagrao.com.br\\\/blog\\\/?s={search_term_string}\"},\"query-input\":{\"@type\":\"PropertyValueSpecification\",\"valueRequired\":true,\"valueName\":\"search_term_string\"}}],\"inLanguage\":\"pt-BR\"},{\"@type\":\"Organization\",\"@id\":\"https:\\\/\\\/conectagrao.com.br\\\/blog\\\/#organization\",\"name\":\"ConectaGr\u00e3o\",\"alternateName\":\"conectagrao\",\"url\":\"https:\\\/\\\/conectagrao.com.br\\\/blog\\\/\",\"logo\":{\"@type\":\"ImageObject\",\"inLanguage\":\"pt-BR\",\"@id\":\"https:\\\/\\\/conectagrao.com.br\\\/blog\\\/#\\\/schema\\\/logo\\\/image\\\/\",\"url\":\"https:\\\/\\\/conectagrao.com.br\\\/blog\\\/wp-content\\\/uploads\\\/2025\\\/07\\\/ConectaGrao-6.png\",\"contentUrl\":\"https:\\\/\\\/conectagrao.com.br\\\/blog\\\/wp-content\\\/uploads\\\/2025\\\/07\\\/ConectaGrao-6.png\",\"width\":447,\"height\":559,\"caption\":\"ConectaGr\u00e3o\"},\"image\":{\"@id\":\"https:\\\/\\\/conectagrao.com.br\\\/blog\\\/#\\\/schema\\\/logo\\\/image\\\/\"},\"sameAs\":[\"https:\\\/\\\/www.facebook.com\\\/conectagrao\\\/\",\"https:\\\/\\\/www.tiktok.com\\\/@conectagrao?_t=ZM-8xPuS2d6MFB&_r=1\",\"https:\\\/\\\/www.threads.com\\\/@conectagrao\",\"https:\\\/\\\/www.youtube.com\\\/@conectagrao\",\"https:\\\/\\\/www.instagram.com\\\/conectagrao\"]},{\"@type\":\"Person\",\"@id\":\"https:\\\/\\\/conectagrao.com.br\\\/blog\\\/#\\\/schema\\\/person\\\/0110c2a65e3fe8c1eb38193d9f186a59\",\"name\":\"Kao\u00ea Rauch\",\"image\":{\"@type\":\"ImageObject\",\"inLanguage\":\"pt-BR\",\"@id\":\"https:\\\/\\\/secure.gravatar.com\\\/avatar\\\/0a44a558d0f8cd204343bb0098142aaf503447c453c3557bdf65ce2104d4d5e3?s=96&d=mm&r=g\",\"url\":\"https:\\\/\\\/secure.gravatar.com\\\/avatar\\\/0a44a558d0f8cd204343bb0098142aaf503447c453c3557bdf65ce2104d4d5e3?s=96&d=mm&r=g\",\"contentUrl\":\"https:\\\/\\\/secure.gravatar.com\\\/avatar\\\/0a44a558d0f8cd204343bb0098142aaf503447c453c3557bdf65ce2104d4d5e3?s=96&d=mm&r=g\",\"caption\":\"Kao\u00ea Rauch\"},\"description\":\"Kaoe Rauch \u00e9 t\u00e9cnico agr\u00edcola e fundador da ConectaGr\u00e3o. Com experi\u00eancia pr\u00e1tica no campo e forte conex\u00e3o com o agro, escreve conte\u00fados que unem viv\u00eancia rural, conhecimento t\u00e9cnico e olhar de mercado, sempre com o objetivo de aproximar produtores da informa\u00e7\u00e3o que realmente importa.\",\"url\":\"https:\\\/\\\/conectagrao.com.br\\\/blog\\\/author\\\/kaoe-rauch\\\/\"}]}<\/script>\n<!-- \/ Yoast SEO plugin. -->","yoast_head_json":{"title":"Giberela no Trigo: Como ocorre e como prevenir? - ConectaGr\u00e3o","description":"Descubra como prevenir e controlar a giberela no trigo, doen\u00e7a que afeta a produtividade e a qualidade dos gr\u00e3os da lavoura.","robots":{"index":"index","follow":"follow","max-snippet":"max-snippet:-1","max-image-preview":"max-image-preview:large","max-video-preview":"max-video-preview:-1"},"canonical":"https:\/\/conectagrao.com.br\/blog\/giberela-no-trigo-como-ocorre-e-como-prevenir\/","og_locale":"pt_BR","og_type":"article","og_title":"Giberela no Trigo: Como ocorre e como prevenir? - ConectaGr\u00e3o","og_description":"Descubra como prevenir e controlar a giberela no trigo, doen\u00e7a que afeta a produtividade e a qualidade dos gr\u00e3os da lavoura.","og_url":"https:\/\/conectagrao.com.br\/blog\/giberela-no-trigo-como-ocorre-e-como-prevenir\/","og_site_name":"ConectaGr\u00e3o","article_publisher":"https:\/\/www.facebook.com\/conectagrao\/","article_published_time":"2025-07-28T02:09:32+00:00","article_modified_time":"2025-08-07T06:13:52+00:00","og_image":[{"width":1200,"height":800,"url":"https:\/\/conectagrao.com.br\/blog\/wp-content\/uploads\/2025\/07\/girebela-no-trigo.webp","type":"image\/webp"}],"author":"Kao\u00ea Rauch","twitter_card":"summary_large_image","twitter_misc":{"Escrito por":"Kao\u00ea Rauch","Est. tempo de leitura":"5 minutos"},"schema":{"@context":"https:\/\/schema.org","@graph":[{"@type":"Article","@id":"https:\/\/conectagrao.com.br\/blog\/giberela-no-trigo-como-ocorre-e-como-prevenir\/#article","isPartOf":{"@id":"https:\/\/conectagrao.com.br\/blog\/giberela-no-trigo-como-ocorre-e-como-prevenir\/"},"author":{"name":"Kao\u00ea Rauch","@id":"https:\/\/conectagrao.com.br\/blog\/#\/schema\/person\/0110c2a65e3fe8c1eb38193d9f186a59"},"headline":"Giberela no Trigo: Como ocorre e como prevenir?","datePublished":"2025-07-28T02:09:32+00:00","dateModified":"2025-08-07T06:13:52+00:00","mainEntityOfPage":{"@id":"https:\/\/conectagrao.com.br\/blog\/giberela-no-trigo-como-ocorre-e-como-prevenir\/"},"wordCount":656,"commentCount":0,"publisher":{"@id":"https:\/\/conectagrao.com.br\/blog\/#organization"},"image":{"@id":"https:\/\/conectagrao.com.br\/blog\/giberela-no-trigo-como-ocorre-e-como-prevenir\/#primaryimage"},"thumbnailUrl":"https:\/\/conectagrao.com.br\/blog\/wp-content\/uploads\/2025\/07\/girebela-no-trigo.webp","articleSection":["Blog","Pragas &amp; Doen\u00e7as"],"inLanguage":"pt-BR","potentialAction":[{"@type":"CommentAction","name":"Comment","target":["https:\/\/conectagrao.com.br\/blog\/giberela-no-trigo-como-ocorre-e-como-prevenir\/#respond"]}]},{"@type":"WebPage","@id":"https:\/\/conectagrao.com.br\/blog\/giberela-no-trigo-como-ocorre-e-como-prevenir\/","url":"https:\/\/conectagrao.com.br\/blog\/giberela-no-trigo-como-ocorre-e-como-prevenir\/","name":"Giberela no Trigo: Como ocorre e como prevenir? - ConectaGr\u00e3o","isPartOf":{"@id":"https:\/\/conectagrao.com.br\/blog\/#website"},"primaryImageOfPage":{"@id":"https:\/\/conectagrao.com.br\/blog\/giberela-no-trigo-como-ocorre-e-como-prevenir\/#primaryimage"},"image":{"@id":"https:\/\/conectagrao.com.br\/blog\/giberela-no-trigo-como-ocorre-e-como-prevenir\/#primaryimage"},"thumbnailUrl":"https:\/\/conectagrao.com.br\/blog\/wp-content\/uploads\/2025\/07\/girebela-no-trigo.webp","datePublished":"2025-07-28T02:09:32+00:00","dateModified":"2025-08-07T06:13:52+00:00","description":"Descubra como prevenir e controlar a giberela no trigo, doen\u00e7a que afeta a produtividade e a qualidade dos gr\u00e3os da lavoura.","breadcrumb":{"@id":"https:\/\/conectagrao.com.br\/blog\/giberela-no-trigo-como-ocorre-e-como-prevenir\/#breadcrumb"},"inLanguage":"pt-BR","potentialAction":[{"@type":"ReadAction","target":["https:\/\/conectagrao.com.br\/blog\/giberela-no-trigo-como-ocorre-e-como-prevenir\/"]}]},{"@type":"ImageObject","inLanguage":"pt-BR","@id":"https:\/\/conectagrao.com.br\/blog\/giberela-no-trigo-como-ocorre-e-como-prevenir\/#primaryimage","url":"https:\/\/conectagrao.com.br\/blog\/wp-content\/uploads\/2025\/07\/girebela-no-trigo.webp","contentUrl":"https:\/\/conectagrao.com.br\/blog\/wp-content\/uploads\/2025\/07\/girebela-no-trigo.webp","width":1200,"height":800},{"@type":"BreadcrumbList","@id":"https:\/\/conectagrao.com.br\/blog\/giberela-no-trigo-como-ocorre-e-como-prevenir\/#breadcrumb","itemListElement":[{"@type":"ListItem","position":1,"name":"In\u00edcio","item":"https:\/\/conectagrao.com.br\/blog\/"},{"@type":"ListItem","position":2,"name":"Giberela no Trigo: Como ocorre e como prevenir?"}]},{"@type":"WebSite","@id":"https:\/\/conectagrao.com.br\/blog\/#website","url":"https:\/\/conectagrao.com.br\/blog\/","name":"ConectaGr\u00e3o","description":"Conectando o futuro com o agroneg\u00f3cio.","publisher":{"@id":"https:\/\/conectagrao.com.br\/blog\/#organization"},"alternateName":"conectagrao","potentialAction":[{"@type":"SearchAction","target":{"@type":"EntryPoint","urlTemplate":"https:\/\/conectagrao.com.br\/blog\/?s={search_term_string}"},"query-input":{"@type":"PropertyValueSpecification","valueRequired":true,"valueName":"search_term_string"}}],"inLanguage":"pt-BR"},{"@type":"Organization","@id":"https:\/\/conectagrao.com.br\/blog\/#organization","name":"ConectaGr\u00e3o","alternateName":"conectagrao","url":"https:\/\/conectagrao.com.br\/blog\/","logo":{"@type":"ImageObject","inLanguage":"pt-BR","@id":"https:\/\/conectagrao.com.br\/blog\/#\/schema\/logo\/image\/","url":"https:\/\/conectagrao.com.br\/blog\/wp-content\/uploads\/2025\/07\/ConectaGrao-6.png","contentUrl":"https:\/\/conectagrao.com.br\/blog\/wp-content\/uploads\/2025\/07\/ConectaGrao-6.png","width":447,"height":559,"caption":"ConectaGr\u00e3o"},"image":{"@id":"https:\/\/conectagrao.com.br\/blog\/#\/schema\/logo\/image\/"},"sameAs":["https:\/\/www.facebook.com\/conectagrao\/","https:\/\/www.tiktok.com\/@conectagrao?_t=ZM-8xPuS2d6MFB&_r=1","https:\/\/www.threads.com\/@conectagrao","https:\/\/www.youtube.com\/@conectagrao","https:\/\/www.instagram.com\/conectagrao"]},{"@type":"Person","@id":"https:\/\/conectagrao.com.br\/blog\/#\/schema\/person\/0110c2a65e3fe8c1eb38193d9f186a59","name":"Kao\u00ea Rauch","image":{"@type":"ImageObject","inLanguage":"pt-BR","@id":"https:\/\/secure.gravatar.com\/avatar\/0a44a558d0f8cd204343bb0098142aaf503447c453c3557bdf65ce2104d4d5e3?s=96&d=mm&r=g","url":"https:\/\/secure.gravatar.com\/avatar\/0a44a558d0f8cd204343bb0098142aaf503447c453c3557bdf65ce2104d4d5e3?s=96&d=mm&r=g","contentUrl":"https:\/\/secure.gravatar.com\/avatar\/0a44a558d0f8cd204343bb0098142aaf503447c453c3557bdf65ce2104d4d5e3?s=96&d=mm&r=g","caption":"Kao\u00ea Rauch"},"description":"Kaoe Rauch \u00e9 t\u00e9cnico agr\u00edcola e fundador da ConectaGr\u00e3o. Com experi\u00eancia pr\u00e1tica no campo e forte conex\u00e3o com o agro, escreve conte\u00fados que unem viv\u00eancia rural, conhecimento t\u00e9cnico e olhar de mercado, sempre com o objetivo de aproximar produtores da informa\u00e7\u00e3o que realmente importa.","url":"https:\/\/conectagrao.com.br\/blog\/author\/kaoe-rauch\/"}]}},"uagb_featured_image_src":{"full":["https:\/\/conectagrao.com.br\/blog\/wp-content\/uploads\/2025\/07\/girebela-no-trigo.webp",1200,800,false],"thumbnail":["https:\/\/conectagrao.com.br\/blog\/wp-content\/uploads\/2025\/07\/girebela-no-trigo-150x150.webp",150,150,true],"medium":["https:\/\/conectagrao.com.br\/blog\/wp-content\/uploads\/2025\/07\/girebela-no-trigo-300x200.webp",300,200,true],"medium_large":["https:\/\/conectagrao.com.br\/blog\/wp-content\/uploads\/2025\/07\/girebela-no-trigo-768x512.webp",640,427,true],"large":["https:\/\/conectagrao.com.br\/blog\/wp-content\/uploads\/2025\/07\/girebela-no-trigo-1024x683.webp",640,427,true],"1536x1536":["https:\/\/conectagrao.com.br\/blog\/wp-content\/uploads\/2025\/07\/girebela-no-trigo.webp",1200,800,false],"2048x2048":["https:\/\/conectagrao.com.br\/blog\/wp-content\/uploads\/2025\/07\/girebela-no-trigo.webp",1200,800,false],"cvmm-medium":["https:\/\/conectagrao.com.br\/blog\/wp-content\/uploads\/2025\/07\/girebela-no-trigo-300x300.webp",300,300,true],"cvmm-medium-plus":["https:\/\/conectagrao.com.br\/blog\/wp-content\/uploads\/2025\/07\/girebela-no-trigo-305x207.webp",305,207,true],"cvmm-portrait":["https:\/\/conectagrao.com.br\/blog\/wp-content\/uploads\/2025\/07\/girebela-no-trigo-400x600.webp",400,600,true],"cvmm-medium-square":["https:\/\/conectagrao.com.br\/blog\/wp-content\/uploads\/2025\/07\/girebela-no-trigo-600x600.webp",600,600,true],"cvmm-large":["https:\/\/conectagrao.com.br\/blog\/wp-content\/uploads\/2025\/07\/girebela-no-trigo-1024x800.webp",1024,800,true],"cvmm-small":["https:\/\/conectagrao.com.br\/blog\/wp-content\/uploads\/2025\/07\/girebela-no-trigo-130x95.webp",130,95,true],"news-portal-block-medium":["https:\/\/conectagrao.com.br\/blog\/wp-content\/uploads\/2025\/07\/girebela-no-trigo-305x207.webp",305,207,true],"news-portal-block-thumb":["https:\/\/conectagrao.com.br\/blog\/wp-content\/uploads\/2025\/07\/girebela-no-trigo-136x102.webp",136,102,true],"news-portal-slider-medium":["https:\/\/conectagrao.com.br\/blog\/wp-content\/uploads\/2025\/07\/girebela-no-trigo-622x420.webp",622,420,true],"news-portal-carousel-portrait":["https:\/\/conectagrao.com.br\/blog\/wp-content\/uploads\/2025\/07\/girebela-no-trigo-400x600.webp",400,600,true],"news-portal-alternate-grid":["https:\/\/conectagrao.com.br\/blog\/wp-content\/uploads\/2025\/07\/girebela-no-trigo-340x316.webp",340,316,true],"web-stories-poster-portrait":["https:\/\/conectagrao.com.br\/blog\/wp-content\/uploads\/2025\/07\/girebela-no-trigo.webp",640,427,false],"web-stories-publisher-logo":["https:\/\/conectagrao.com.br\/blog\/wp-content\/uploads\/2025\/07\/girebela-no-trigo.webp",96,64,false],"web-stories-thumbnail":["https:\/\/conectagrao.com.br\/blog\/wp-content\/uploads\/2025\/07\/girebela-no-trigo.webp",150,100,false]},"uagb_author_info":{"display_name":"Kao\u00ea Rauch","author_link":"https:\/\/conectagrao.com.br\/blog\/author\/kaoe-rauch\/"},"uagb_comment_info":0,"uagb_excerpt":"A giberela no trigo afeta espigas, reduz a produtividade e contamina os gr\u00e3os com toxinas. Aprenda a identificar e controlar essa amea\u00e7a.","blog_post_layout_featured_media_urls":{"thumbnail":["https:\/\/conectagrao.com.br\/blog\/wp-content\/uploads\/2025\/07\/girebela-no-trigo-150x150.webp",150,150,true],"full":["https:\/\/conectagrao.com.br\/blog\/wp-content\/uploads\/2025\/07\/girebela-no-trigo.webp",1200,800,false]},"categories_names":{"1":{"name":"Blog","link":"https:\/\/conectagrao.com.br\/blog\/blog\/"},"31":{"name":"Pragas &amp; Doen\u00e7as","link":"https:\/\/conectagrao.com.br\/blog\/pragas\/"}},"tags_names":[],"comments_number":"0","wpmagazine_modules_lite_featured_media_urls":{"thumbnail":["https:\/\/conectagrao.com.br\/blog\/wp-content\/uploads\/2025\/07\/girebela-no-trigo-150x150.webp",150,150,true],"cvmm-medium":["https:\/\/conectagrao.com.br\/blog\/wp-content\/uploads\/2025\/07\/girebela-no-trigo-300x300.webp",300,300,true],"cvmm-medium-plus":["https:\/\/conectagrao.com.br\/blog\/wp-content\/uploads\/2025\/07\/girebela-no-trigo-305x207.webp",305,207,true],"cvmm-portrait":["https:\/\/conectagrao.com.br\/blog\/wp-content\/uploads\/2025\/07\/girebela-no-trigo-400x600.webp",400,600,true],"cvmm-medium-square":["https:\/\/conectagrao.com.br\/blog\/wp-content\/uploads\/2025\/07\/girebela-no-trigo-600x600.webp",600,600,true],"cvmm-large":["https:\/\/conectagrao.com.br\/blog\/wp-content\/uploads\/2025\/07\/girebela-no-trigo-1024x800.webp",1024,800,true],"cvmm-small":["https:\/\/conectagrao.com.br\/blog\/wp-content\/uploads\/2025\/07\/girebela-no-trigo-130x95.webp",130,95,true],"full":["https:\/\/conectagrao.com.br\/blog\/wp-content\/uploads\/2025\/07\/girebela-no-trigo.webp",1200,800,false]},"_links":{"self":[{"href":"https:\/\/conectagrao.com.br\/blog\/wp-json\/wp\/v2\/posts\/866","targetHints":{"allow":["GET"]}}],"collection":[{"href":"https:\/\/conectagrao.com.br\/blog\/wp-json\/wp\/v2\/posts"}],"about":[{"href":"https:\/\/conectagrao.com.br\/blog\/wp-json\/wp\/v2\/types\/post"}],"author":[{"embeddable":true,"href":"https:\/\/conectagrao.com.br\/blog\/wp-json\/wp\/v2\/users\/2"}],"replies":[{"embeddable":true,"href":"https:\/\/conectagrao.com.br\/blog\/wp-json\/wp\/v2\/comments?post=866"}],"version-history":[{"count":3,"href":"https:\/\/conectagrao.com.br\/blog\/wp-json\/wp\/v2\/posts\/866\/revisions"}],"predecessor-version":[{"id":964,"href":"https:\/\/conectagrao.com.br\/blog\/wp-json\/wp\/v2\/posts\/866\/revisions\/964"}],"wp:featuredmedia":[{"embeddable":true,"href":"https:\/\/conectagrao.com.br\/blog\/wp-json\/wp\/v2\/media\/868"}],"wp:attachment":[{"href":"https:\/\/conectagrao.com.br\/blog\/wp-json\/wp\/v2\/media?parent=866"}],"wp:term":[{"taxonomy":"category","embeddable":true,"href":"https:\/\/conectagrao.com.br\/blog\/wp-json\/wp\/v2\/categories?post=866"},{"taxonomy":"post_tag","embeddable":true,"href":"https:\/\/conectagrao.com.br\/blog\/wp-json\/wp\/v2\/tags?post=866"}],"curies":[{"name":"wp","href":"https:\/\/api.w.org\/{rel}","templated":true}]}}