{"id":908,"date":"2025-08-01T16:28:35","date_gmt":"2025-08-01T16:28:35","guid":{"rendered":"https:\/\/conectagrao.com.br\/blog\/?p=908"},"modified":"2025-08-07T06:12:34","modified_gmt":"2025-08-07T06:12:34","slug":"como-o-tarifaco-dos-eua-ameaca-o-agronegocio-brasileiro","status":"publish","type":"post","link":"https:\/\/conectagrao.com.br\/blog\/como-o-tarifaco-dos-eua-ameaca-o-agronegocio-brasileiro\/","title":{"rendered":"Como o tarifa\u00e7o dos EUA amea\u00e7a o agroneg\u00f3cio brasileiro?"},"content":{"rendered":"\n<p>Nos \u00faltimos anos, o agroneg\u00f3cio brasileiro enfrentou diversos desafios externos. No entanto, agora, a press\u00e3o se intensifica com o novo \u201ctarifa\u00e7o\u201d dos EUA (Estados Unidos), que entrar\u00e1 em vigor a partir de 1\u00ba de agosto de 2025. Essa medida pode elevar tarifas de 10% para at\u00e9 50%, afetando diretamente exporta\u00e7\u00f5es como carne bovina, suco de laranja, caf\u00e9 e frutas frescas. Assim, o setor agropecu\u00e1rio corre risco de perdas bilion\u00e1rias e de uma nova onda de recupera\u00e7\u00f5es judiciais. Neste artigo, voc\u00ea vai entender os efeitos econ\u00f4micos, os riscos jur\u00eddicos e as solu\u00e7\u00f5es poss\u00edveis para enfrentar esse cen\u00e1rio adverso.<\/p>\n\n\n\n<h2 class=\"wp-block-heading\"><strong>Impactos diretos no agroneg\u00f3cio brasileiro<\/strong><\/h2>\n\n\n\n<h3 class=\"wp-block-heading\"><strong>1. Setores mais atingidos<\/strong><\/h3>\n\n\n\n<p>Antes de tudo, \u00e9 importante destacar quais s\u00e3o os segmentos mais vulner\u00e1veis \u00e0s novas tarifas. Entre eles, destacam-se:<\/p>\n\n\n\n<ul class=\"wp-block-list\">\n<li><strong>Carne bovina<\/strong>, cujas exporta\u00e7\u00f5es para os EUA representam um dos principais pilares do mercado externo;<\/li>\n\n\n\n<li><strong>Caf\u00e9 e suco de laranja<\/strong>, produtos nos quais o Brasil ocupa posi\u00e7\u00f5es de lideran\u00e7a global;<\/li>\n\n\n\n<li><strong>Frutas frescas<\/strong>, como manga, lim\u00e3o e c\u00edtricos, que j\u00e1 est\u00e3o em rota de exporta\u00e7\u00e3o, tornando dif\u00edcil o redirecionamento log\u00edstico.<\/li>\n<\/ul>\n\n\n<div class=\"wp-block-image\">\n<figure class=\"aligncenter size-large is-resized\"><img fetchpriority=\"high\" decoding=\"async\" width=\"1024\" height=\"1024\" src=\"https:\/\/conectagrao.com.br\/blog\/wp-content\/uploads\/2025\/08\/participacao_setores-1024x1024.png\" alt=\"\" class=\"wp-image-913\" style=\"width:394px;height:auto\" srcset=\"https:\/\/conectagrao.com.br\/blog\/wp-content\/uploads\/2025\/08\/participacao_setores-1024x1024.png 1024w, https:\/\/conectagrao.com.br\/blog\/wp-content\/uploads\/2025\/08\/participacao_setores-300x300.png 300w, https:\/\/conectagrao.com.br\/blog\/wp-content\/uploads\/2025\/08\/participacao_setores-150x150.png 150w, https:\/\/conectagrao.com.br\/blog\/wp-content\/uploads\/2025\/08\/participacao_setores-768x768.png 768w, https:\/\/conectagrao.com.br\/blog\/wp-content\/uploads\/2025\/08\/participacao_setores-600x600.png 600w, https:\/\/conectagrao.com.br\/blog\/wp-content\/uploads\/2025\/08\/participacao_setores.png 1400w\" sizes=\"(max-width: 1024px) 100vw, 1024px\" \/><\/figure>\n<\/div>\n\n\n<p>Portanto, caso as tarifas entrem em vigor conforme anunciado, a competitividade desses produtos no mercado americano ser\u00e1 drasticamente reduzida.<\/p>\n\n\n\n<h3 class=\"wp-block-heading\"><strong>2. Consequ\u00eancias econ\u00f4micas e sociais<\/strong><\/h3>\n\n\n\n<p>Al\u00e9m disso, os efeitos se espalham de forma preocupante. Conforme estimativas da CNA (Confedera\u00e7\u00e3o da Agricultura e Pecu\u00e1ria do Brasil), as exporta\u00e7\u00f5es brasileiras do setor agro para os EUA podem cair pela metade, passando de US$ 12,1 bilh\u00f5es para cerca de US$ 6 bilh\u00f5es.<\/p>\n\n\n<div class=\"wp-block-image\">\n<figure class=\"aligncenter size-large is-resized\"><img decoding=\"async\" width=\"1024\" height=\"640\" src=\"https:\/\/conectagrao.com.br\/blog\/wp-content\/uploads\/2025\/08\/exportacoes_usa-1-1024x640.png\" alt=\"\" class=\"wp-image-912\" style=\"width:594px;height:auto\" srcset=\"https:\/\/conectagrao.com.br\/blog\/wp-content\/uploads\/2025\/08\/exportacoes_usa-1-1024x640.png 1024w, https:\/\/conectagrao.com.br\/blog\/wp-content\/uploads\/2025\/08\/exportacoes_usa-1-300x188.png 300w, https:\/\/conectagrao.com.br\/blog\/wp-content\/uploads\/2025\/08\/exportacoes_usa-1-768x480.png 768w, https:\/\/conectagrao.com.br\/blog\/wp-content\/uploads\/2025\/08\/exportacoes_usa-1-1536x960.png 1536w, https:\/\/conectagrao.com.br\/blog\/wp-content\/uploads\/2025\/08\/exportacoes_usa-1.png 1600w\" sizes=\"(max-width: 1024px) 100vw, 1024px\" \/><\/figure>\n<\/div>\n\n\n<p>Como resultado, estados que dependem fortemente desse com\u00e9rcio exterior \u2014 como S\u00e3o Paulo, Paran\u00e1, Esp\u00edrito Santo, Para\u00edba e Cear\u00e1 \u2014 podem acumular perdas que ultrapassam R$ 19 bilh\u00f5es. Al\u00e9m disso, h\u00e1 risco de desemprego no campo e colapso em cadeias produtivas inteiras<\/p>\n\n\n\n<h2 class=\"wp-block-heading\"><strong>Aumento de recupera\u00e7\u00f5es judiciais e riscos jur\u00eddicos<\/strong><\/h2>\n\n\n\n<h3 class=\"wp-block-heading\"><strong>O que dizem os especialistas?<\/strong><\/h3>\n\n\n\n<p>Segundo a Serasa Experian, s\u00f3 no primeiro trimestre de 2025 j\u00e1 foram registrados mais de <strong>400 pedidos de recupera\u00e7\u00e3o judicial no setor rural<\/strong>, representando um aumento de 21,5% em rela\u00e7\u00e3o ao trimestre anterior. A tend\u00eancia, infelizmente, \u00e9 de alta.<\/p>\n\n\n<div class=\"wp-block-image\">\n<figure class=\"aligncenter size-large is-resized\"><img decoding=\"async\" width=\"1024\" height=\"640\" src=\"https:\/\/conectagrao.com.br\/blog\/wp-content\/uploads\/2025\/08\/recuperacao_judicial-1024x640.png\" alt=\"\" class=\"wp-image-914\" style=\"width:438px;height:auto\" srcset=\"https:\/\/conectagrao.com.br\/blog\/wp-content\/uploads\/2025\/08\/recuperacao_judicial-1024x640.png 1024w, https:\/\/conectagrao.com.br\/blog\/wp-content\/uploads\/2025\/08\/recuperacao_judicial-300x188.png 300w, https:\/\/conectagrao.com.br\/blog\/wp-content\/uploads\/2025\/08\/recuperacao_judicial-768x480.png 768w, https:\/\/conectagrao.com.br\/blog\/wp-content\/uploads\/2025\/08\/recuperacao_judicial-1536x960.png 1536w, https:\/\/conectagrao.com.br\/blog\/wp-content\/uploads\/2025\/08\/recuperacao_judicial.png 1600w\" sizes=\"(max-width: 1024px) 100vw, 1024px\" \/><\/figure>\n<\/div>\n\n\n<p>De acordo com os especialistas Cybelle Guedes Campos e Odair de Moraes Junior, o cen\u00e1rio atual se configura como uma <strong>crise externa imprevis\u00edvel<\/strong>. Portanto, produtores e empresas podem recorrer \u00e0 recupera\u00e7\u00e3o judicial, desde que comprovem a origem ex\u00f3gena da crise e demonstrem boa-f\u00e9 na gest\u00e3o anterior.<\/p>\n\n\n\n<h2 class=\"wp-block-heading\"><strong>Setor por setor: veja os preju\u00edzos previstos<\/strong><\/h2>\n\n\n\n<h3 class=\"wp-block-heading\"><strong>Carne bovina<\/strong><\/h3>\n\n\n\n<p>Sem d\u00favida, esse \u00e9 o setor mais exposto. Estima-se que a nova tarifa possa causar <strong>perdas superiores a US$ 1 bilh\u00e3o<\/strong> em exporta\u00e7\u00f5es. Isso porque, apenas no primeiro semestre de 2025, o Brasil j\u00e1 exportou 181 mil toneladas de carne bovina para os EUA, com alta de mais de 100% em compara\u00e7\u00e3o ao mesmo per\u00edodo do ano passado.<\/p>\n\n\n\n<p>Se, por um lado, a demanda americana permanece aquecida, por outro, o aumento nas tarifas poder\u00e1 inviabilizar financeiramente esses contratos.<\/p>\n\n\n\n<h3 class=\"wp-block-heading\"><strong>Caf\u00e9<\/strong><\/h3>\n\n\n\n<p>Al\u00e9m da carne, o caf\u00e9 tamb\u00e9m est\u00e1 sob amea\u00e7a. Atualmente, o Brasil \u00e9 respons\u00e1vel por cerca de <strong>30% do caf\u00e9 consumido nos EUA<\/strong>. Mesmo que outros fornecedores, como Vietn\u00e3 e Col\u00f4mbia, possam tentar suprir a demanda, a substitui\u00e7\u00e3o ser\u00e1 limitada \u2014 especialmente no curto prazo. Como consequ\u00eancia, o pre\u00e7o interno pode sofrer oscila\u00e7\u00f5es e o faturamento cair.<\/p>\n\n\n\n<h3 class=\"wp-block-heading\"><strong>Suco de laranja<\/strong><\/h3>\n\n\n\n<p>No caso do suco de laranja, a situa\u00e7\u00e3o \u00e9 igualmente grave. O Brasil responde por mais de <strong>60% do suco importado pelos EUA<\/strong>, com faturamento superior a US$ 1,3 bilh\u00e3o em 2024. Contudo, com a tarifa de 50%, o produto brasileiro perder\u00e1 competitividade frente a outros fornecedores, pressionando margens e retraindo vendas.<\/p>\n\n\n\n<h3 class=\"wp-block-heading\"><strong>Frutas frescas<\/strong><\/h3>\n\n\n\n<p>Por fim, frutas como manga, lim\u00e3o e laranja enfrentam um dilema log\u00edstico. Muitos contratos de exporta\u00e7\u00e3o j\u00e1 est\u00e3o firmados, com embarques programados para os pr\u00f3ximos meses. Dessa forma, n\u00e3o h\u00e1 tempo h\u00e1bil para redirecionar a produ\u00e7\u00e3o ou renegociar destinos, o que pode resultar em perdas significativas para pequenos e m\u00e9dios produtores.<\/p>\n\n\n\n<div style=\"border: 2px solid #ff9800; border-radius: 10px; padding: 20px; background: #ffffff; box-shadow: 0 4px 12px rgba(0,0,0,0.1); font-family: Arial, sans-serif; width: 100%; max-width: 100%; margin: 20px 0; text-align: center; box-sizing: border-box;\">\n  \n  <h3 style=\"color: #ff9800; font-size: 24px; margin-top: 0; margin-bottom: 15px;\">\n    <span style=\"display: none;\" class=\"whatsapp-icon\">\n      <img decoding=\"async\" src=\"https:\/\/e7.pngegg.com\/pngimages\/347\/373\/png-clipart-computer-icons-whatsapp-whatsapp-text-trademark-thumbnail.png\" alt=\"WhatsApp\" style=\"width: 40px; height: 40px; border-radius: 50%; object-fit: cover;\">\n    <\/span>\n  <\/h3>\n  \n  <div style=\"display: flex; justify-content: center; align-items: center; flex-wrap: wrap; margin-bottom: 10px;\">\n    <div style=\"text-align: center; margin-right: 10px;\"> <!-- Reduzido o margin-right -->\n      <p style=\"font-size: 16px; color: #333; line-height: 1.5; margin: 0;\">\n        \ud83d\udcf0 Not\u00edcias &#038; Mercado | \ud83d\udd14 Novidades <span class=\"desktop-separator\">|<\/span>\n      <\/p>\n    <\/div>\n    <div style=\"text-align: center;\">\n      <p style=\"font-size: 16px; color: #333; line-height: 1.5; margin: 0;\">\n        \u26c5 Clima | \ud83d\ude80 Tecnologia | \ud83d\udcf1 Blog\n      <\/p>\n    <\/div>\n  <\/div>\n  \n  <a href=\"https:\/\/www.whatsapp.com\/channel\/0029VaLMT22GOj9f6eVOpJ0N\" target=\"_blank\" style=\"background: #25D366; color: #fff; padding: 10px 20px; font-size: 16px; font-weight: bold; text-decoration: none; border-radius: 30px; display: inline-block; transition: all 0.3s; position: relative;\">\n    <img decoding=\"async\" src=\"https:\/\/upload.wikimedia.org\/wikipedia\/commons\/6\/6b\/WhatsApp.svg\" alt=\"WhatsApp\" style=\"width: 20px; height: 20px; vertical-align: middle; margin-right: 5px;\">\n    Entrar no Canal\n  <\/a>\n  \n  <p style=\"font-size: 12px; color: #666; margin-top: 15px; font-weight: bold;\">\n    Sua conex\u00e3o com as melhores informa\u00e7\u00f5es do agroneg\u00f3cio!\n  <\/p>\n<\/div>\n\n<style>\n@media (max-width: 768px) {\n  .desktop-separator {\n    display: none; \/* Ocultar o separador \"|\" em dispositivos m\u00f3veis *\/\n  }\n  h3 {\n    font-size: 20px; \/* Diminuir o tamanho da fonte do t\u00edtulo em dispositivos m\u00f3veis *\/\n  }\n  p {\n    font-size: 14px; \/* Diminuir o tamanho da fonte dos par\u00e1grafos em dispositivos m\u00f3veis *\/\n  }\n  a {\n    font-size: 14px; \/* Diminuir o tamanho da fonte do bot\u00e3o em dispositivos m\u00f3veis *\/\n    padding: 8px 15px; \/* Ajustar o padding do bot\u00e3o em dispositivos m\u00f3veis *\/\n  }\n}\n<\/style>\n\n\n\n\n<h2 class=\"wp-block-heading\"><strong>Estrat\u00e9gias recomendadas para o agro evitar o colapso<\/strong><\/h2>\n\n\n\n<h3 class=\"wp-block-heading\"><strong>1. A\u00e7\u00f5es jur\u00eddicas e gest\u00e3o de risco<\/strong><\/h3>\n\n\n\n<p>Para enfrentar esse cen\u00e1rio, \u00e9 crucial agir estrategicamente. Entre as recomenda\u00e7\u00f5es, est\u00e3o:<\/p>\n\n\n\n<ul class=\"wp-block-list\">\n<li>Avaliar a possibilidade de <strong>ingressar com pedido de recupera\u00e7\u00e3o judicial preventiva<\/strong>, se houver risco real de inadimpl\u00eancia;<\/li>\n\n\n\n<li><strong>Renegociar contratos com fornecedores e bancos<\/strong>, buscando prazos mais flex\u00edveis;<\/li>\n\n\n\n<li>Adotar consultoria especializada para reestrutura\u00e7\u00e3o de d\u00edvidas e mitiga\u00e7\u00e3o de riscos jur\u00eddicos.<\/li>\n<\/ul>\n\n\n\n<p>Al\u00e9m disso, \u00e9 fundamental manter transpar\u00eancia na comunica\u00e7\u00e3o com stakeholders e adotar uma postura de gest\u00e3o respons\u00e1vel, mesmo em meio \u00e0 crise.<\/p>\n\n\n\n<h3 class=\"wp-block-heading\"><strong>2. Diversifica\u00e7\u00e3o de mercados e parcerias<\/strong><\/h3>\n\n\n\n<p>Al\u00e9m da resposta jur\u00eddica, \u00e9 necess\u00e1rio buscar alternativas comerciais. O governo federal e entidades do setor j\u00e1 trabalham na <strong>abertura de novos mercados<\/strong>, incluindo Jap\u00e3o, Vietn\u00e3, M\u00e9xico, Oriente M\u00e9dio e Coreia do Sul.<\/p>\n\n\n\n<p>Da mesma forma, h\u00e1 um esfor\u00e7o coordenado para habilitar mais frigor\u00edficos e processadoras a exportar para regi\u00f5es com menor risco tarif\u00e1rio. Se bem executadas, essas estrat\u00e9gias podem reduzir a depend\u00eancia dos EUA e aumentar a resili\u00eancia do agro brasileiro.<\/p>\n\n\n\n<p>Em resumo, o \u201ctarifa\u00e7o\u201d americano representa um dos maiores desafios externos recentes para o agroneg\u00f3cio do Brasil. O impacto econ\u00f4mico \u00e9 expressivo, os riscos jur\u00eddicos s\u00e3o reais e a margem para erro \u00e9 pequena. Contudo, com planejamento, a\u00e7\u00e3o coordenada e busca por novos mercados, o setor pode transformar essa crise em oportunidade.<\/p>\n\n\n\n<p class=\"is-style-default\">Agora, mais do que nunca, \u00e9 hora de inovar, negociar e proteger o cora\u00e7\u00e3o da economia brasileira: o agro.<\/p>\n\n\n\n<hr class=\"wp-block-separator has-alpha-channel-opacity\"\/>\n\n\n\n<h2 class=\"wp-block-heading\"><strong>Refer\u00eancias<\/strong><\/h2>\n\n\n\n<ul class=\"wp-block-list\">\n<li>Agrolink: Setor agr\u00edcola sente impacto de tarifa\u00e7o americano, Leonardo Gottems <a href=\"https:\/\/www.agrolink.com.br\/noticias\/setor-agricola-sente-impacto-de-tarifaco-americano_504453.html?utm_source=chatgpt.com\" target=\"_blank\" rel=\"noreferrer noopener\">CNN Brasil+10Agrolink+10MUSSICOM+10<\/a><\/li>\n\n\n\n<li>CNN Brasil: Tarifas dos EUA e a\u00e7\u00e3o de governo federal para redirecionamento de exporta\u00e7\u00f5es <a href=\"https:\/\/www.cnnbrasil.com.br\/economia\/macroeconomia\/tarifas-dos-eua-governo-mapeia-mercados-para-redirecionar-produtos-do-agro\/?utm_source=chatgpt.com\" target=\"_blank\" rel=\"noreferrer noopener\">CNN Brasil<\/a><\/li>\n\n\n\n<li>Ciana\/faep e CNA: proje\u00e7\u00f5es de perdas em estados brasileiros e exporta\u00e7\u00f5es <a href=\"https:\/\/minutomt.com.br\/agro\/estados-brasileiros-mais-dependentes-dos-eua-podem-perder-ate-r-19-bilhoes-com-novo-tarifaco-americano\/?utm_source=chatgpt.com\" target=\"_blank\" rel=\"noreferrer noopener\">MINUTO MT<\/a><a href=\"https:\/\/www.cnabrasil.org.br\/noticias\/tarifaco-dos-eua-coloca-em-risco-us-1-5-bilhao-em-exportacoes-do-agro-do-parana?utm_source=chatgpt.com\" target=\"_blank\" rel=\"noreferrer noopener\">CNA<\/a><\/li>\n\n\n\n<li>Reuters: estimativa de US$\u202f1\u202fbilh\u00e3o de perdas na carne bovina <a href=\"https:\/\/www.reuters.com\/world\/americas\/brazil-beef-packers-estimate-1-billion-losses-if-us-tariffs-apply-2025-07-29\/?utm_source=chatgpt.com\" target=\"_blank\" rel=\"noreferrer noopener\">CNN Brasil+2Reuters+2Exame+2<\/a><\/li>\n\n\n\n<li>Exame: impacto da tarifa sobre caf\u00e9, carne e suco de laranja nos EUA<\/li>\n<\/ul>\n\n\n\n<p><\/p>\n","protected":false},"excerpt":{"rendered":"<p>Tarifas de at\u00e9 50 % impostas pelos EUA podem cortar bilh\u00f5es das exporta\u00e7\u00f5es brasileiras de carne, caf\u00e9, suco de laranja e frutas, colocando o agroneg\u00f3cio sob forte risco financeiro.<\/p>\n","protected":false},"author":2,"featured_media":910,"comment_status":"open","ping_status":"open","sticky":false,"template":"","format":"standard","meta":{"_coblocks_attr":"","_coblocks_dimensions":"","_coblocks_responsive_height":"","_coblocks_accordion_ie_support":"","_uag_custom_page_level_css":"","footnotes":""},"categories":[1,29],"tags":[],"class_list":["post-908","post","type-post","status-publish","format-standard","has-post-thumbnail","hentry","category-blog","category-mercado"],"yoast_head":"<!-- This site is optimized with the Yoast SEO plugin v27.4 - https:\/\/yoast.com\/product\/yoast-seo-wordpress\/ -->\n<title>Como o tarifa\u00e7o dos EUA amea\u00e7a o agroneg\u00f3cio brasileiro? - ConectaGr\u00e3o<\/title>\n<meta name=\"description\" content=\"Tarifa americana de at\u00e9 50% impacta diretamente o agroneg\u00f3cio do Brasil. Veja os setores mais afetados, riscos e estrat\u00e9gias recomendadas.\" \/>\n<meta name=\"robots\" content=\"index, follow, max-snippet:-1, max-image-preview:large, max-video-preview:-1\" \/>\n<link rel=\"canonical\" href=\"https:\/\/conectagrao.com.br\/blog\/como-o-tarifaco-dos-eua-ameaca-o-agronegocio-brasileiro\/\" \/>\n<meta property=\"og:locale\" content=\"pt_BR\" \/>\n<meta property=\"og:type\" content=\"article\" \/>\n<meta property=\"og:title\" content=\"Como o tarifa\u00e7o dos EUA amea\u00e7a o agroneg\u00f3cio brasileiro? - ConectaGr\u00e3o\" \/>\n<meta property=\"og:description\" content=\"Tarifa americana de at\u00e9 50% impacta diretamente o agroneg\u00f3cio do Brasil. Veja os setores mais afetados, riscos e estrat\u00e9gias recomendadas.\" \/>\n<meta property=\"og:url\" content=\"https:\/\/conectagrao.com.br\/blog\/como-o-tarifaco-dos-eua-ameaca-o-agronegocio-brasileiro\/\" \/>\n<meta property=\"og:site_name\" content=\"ConectaGr\u00e3o\" \/>\n<meta property=\"article:publisher\" content=\"https:\/\/www.facebook.com\/conectagrao\/\" \/>\n<meta property=\"article:published_time\" content=\"2025-08-01T16:28:35+00:00\" \/>\n<meta property=\"article:modified_time\" content=\"2025-08-07T06:12:34+00:00\" \/>\n<meta property=\"og:image\" content=\"https:\/\/conectagrao.com.br\/blog\/wp-content\/uploads\/2025\/07\/Tarifaco-americano.jpg\" \/>\n\t<meta property=\"og:image:width\" content=\"1600\" \/>\n\t<meta property=\"og:image:height\" content=\"900\" \/>\n\t<meta property=\"og:image:type\" content=\"image\/jpeg\" \/>\n<meta name=\"author\" content=\"Kao\u00ea Rauch\" \/>\n<meta name=\"twitter:card\" content=\"summary_large_image\" \/>\n<meta name=\"twitter:label1\" content=\"Escrito por\" \/>\n\t<meta name=\"twitter:data1\" content=\"Kao\u00ea Rauch\" \/>\n\t<meta name=\"twitter:label2\" content=\"Est. tempo de leitura\" \/>\n\t<meta name=\"twitter:data2\" content=\"7 minutos\" \/>\n<script type=\"application\/ld+json\" class=\"yoast-schema-graph\">{\"@context\":\"https:\\\/\\\/schema.org\",\"@graph\":[{\"@type\":\"Article\",\"@id\":\"https:\\\/\\\/conectagrao.com.br\\\/blog\\\/como-o-tarifaco-dos-eua-ameaca-o-agronegocio-brasileiro\\\/#article\",\"isPartOf\":{\"@id\":\"https:\\\/\\\/conectagrao.com.br\\\/blog\\\/como-o-tarifaco-dos-eua-ameaca-o-agronegocio-brasileiro\\\/\"},\"author\":{\"name\":\"Kao\u00ea Rauch\",\"@id\":\"https:\\\/\\\/conectagrao.com.br\\\/blog\\\/#\\\/schema\\\/person\\\/0110c2a65e3fe8c1eb38193d9f186a59\"},\"headline\":\"Como o tarifa\u00e7o dos EUA amea\u00e7a o agroneg\u00f3cio brasileiro?\",\"datePublished\":\"2025-08-01T16:28:35+00:00\",\"dateModified\":\"2025-08-07T06:12:34+00:00\",\"mainEntityOfPage\":{\"@id\":\"https:\\\/\\\/conectagrao.com.br\\\/blog\\\/como-o-tarifaco-dos-eua-ameaca-o-agronegocio-brasileiro\\\/\"},\"wordCount\":1059,\"commentCount\":0,\"publisher\":{\"@id\":\"https:\\\/\\\/conectagrao.com.br\\\/blog\\\/#organization\"},\"image\":{\"@id\":\"https:\\\/\\\/conectagrao.com.br\\\/blog\\\/como-o-tarifaco-dos-eua-ameaca-o-agronegocio-brasileiro\\\/#primaryimage\"},\"thumbnailUrl\":\"https:\\\/\\\/conectagrao.com.br\\\/blog\\\/wp-content\\\/uploads\\\/2025\\\/07\\\/Tarifaco-americano.jpg\",\"articleSection\":[\"Blog\",\"Vis\u00e3o de Mercado\"],\"inLanguage\":\"pt-BR\",\"potentialAction\":[{\"@type\":\"CommentAction\",\"name\":\"Comment\",\"target\":[\"https:\\\/\\\/conectagrao.com.br\\\/blog\\\/como-o-tarifaco-dos-eua-ameaca-o-agronegocio-brasileiro\\\/#respond\"]}]},{\"@type\":\"WebPage\",\"@id\":\"https:\\\/\\\/conectagrao.com.br\\\/blog\\\/como-o-tarifaco-dos-eua-ameaca-o-agronegocio-brasileiro\\\/\",\"url\":\"https:\\\/\\\/conectagrao.com.br\\\/blog\\\/como-o-tarifaco-dos-eua-ameaca-o-agronegocio-brasileiro\\\/\",\"name\":\"Como o tarifa\u00e7o dos EUA amea\u00e7a o agroneg\u00f3cio brasileiro? - ConectaGr\u00e3o\",\"isPartOf\":{\"@id\":\"https:\\\/\\\/conectagrao.com.br\\\/blog\\\/#website\"},\"primaryImageOfPage\":{\"@id\":\"https:\\\/\\\/conectagrao.com.br\\\/blog\\\/como-o-tarifaco-dos-eua-ameaca-o-agronegocio-brasileiro\\\/#primaryimage\"},\"image\":{\"@id\":\"https:\\\/\\\/conectagrao.com.br\\\/blog\\\/como-o-tarifaco-dos-eua-ameaca-o-agronegocio-brasileiro\\\/#primaryimage\"},\"thumbnailUrl\":\"https:\\\/\\\/conectagrao.com.br\\\/blog\\\/wp-content\\\/uploads\\\/2025\\\/07\\\/Tarifaco-americano.jpg\",\"datePublished\":\"2025-08-01T16:28:35+00:00\",\"dateModified\":\"2025-08-07T06:12:34+00:00\",\"description\":\"Tarifa americana de at\u00e9 50% impacta diretamente o agroneg\u00f3cio do Brasil. Veja os setores mais afetados, riscos e estrat\u00e9gias recomendadas.\",\"breadcrumb\":{\"@id\":\"https:\\\/\\\/conectagrao.com.br\\\/blog\\\/como-o-tarifaco-dos-eua-ameaca-o-agronegocio-brasileiro\\\/#breadcrumb\"},\"inLanguage\":\"pt-BR\",\"potentialAction\":[{\"@type\":\"ReadAction\",\"target\":[\"https:\\\/\\\/conectagrao.com.br\\\/blog\\\/como-o-tarifaco-dos-eua-ameaca-o-agronegocio-brasileiro\\\/\"]}]},{\"@type\":\"ImageObject\",\"inLanguage\":\"pt-BR\",\"@id\":\"https:\\\/\\\/conectagrao.com.br\\\/blog\\\/como-o-tarifaco-dos-eua-ameaca-o-agronegocio-brasileiro\\\/#primaryimage\",\"url\":\"https:\\\/\\\/conectagrao.com.br\\\/blog\\\/wp-content\\\/uploads\\\/2025\\\/07\\\/Tarifaco-americano.jpg\",\"contentUrl\":\"https:\\\/\\\/conectagrao.com.br\\\/blog\\\/wp-content\\\/uploads\\\/2025\\\/07\\\/Tarifaco-americano.jpg\",\"width\":1600,\"height\":900},{\"@type\":\"BreadcrumbList\",\"@id\":\"https:\\\/\\\/conectagrao.com.br\\\/blog\\\/como-o-tarifaco-dos-eua-ameaca-o-agronegocio-brasileiro\\\/#breadcrumb\",\"itemListElement\":[{\"@type\":\"ListItem\",\"position\":1,\"name\":\"In\u00edcio\",\"item\":\"https:\\\/\\\/conectagrao.com.br\\\/blog\\\/\"},{\"@type\":\"ListItem\",\"position\":2,\"name\":\"Como o tarifa\u00e7o dos EUA amea\u00e7a o agroneg\u00f3cio brasileiro?\"}]},{\"@type\":\"WebSite\",\"@id\":\"https:\\\/\\\/conectagrao.com.br\\\/blog\\\/#website\",\"url\":\"https:\\\/\\\/conectagrao.com.br\\\/blog\\\/\",\"name\":\"ConectaGr\u00e3o\",\"description\":\"Conectando o futuro com o agroneg\u00f3cio.\",\"publisher\":{\"@id\":\"https:\\\/\\\/conectagrao.com.br\\\/blog\\\/#organization\"},\"alternateName\":\"conectagrao\",\"potentialAction\":[{\"@type\":\"SearchAction\",\"target\":{\"@type\":\"EntryPoint\",\"urlTemplate\":\"https:\\\/\\\/conectagrao.com.br\\\/blog\\\/?s={search_term_string}\"},\"query-input\":{\"@type\":\"PropertyValueSpecification\",\"valueRequired\":true,\"valueName\":\"search_term_string\"}}],\"inLanguage\":\"pt-BR\"},{\"@type\":\"Organization\",\"@id\":\"https:\\\/\\\/conectagrao.com.br\\\/blog\\\/#organization\",\"name\":\"ConectaGr\u00e3o\",\"alternateName\":\"conectagrao\",\"url\":\"https:\\\/\\\/conectagrao.com.br\\\/blog\\\/\",\"logo\":{\"@type\":\"ImageObject\",\"inLanguage\":\"pt-BR\",\"@id\":\"https:\\\/\\\/conectagrao.com.br\\\/blog\\\/#\\\/schema\\\/logo\\\/image\\\/\",\"url\":\"https:\\\/\\\/conectagrao.com.br\\\/blog\\\/wp-content\\\/uploads\\\/2025\\\/07\\\/ConectaGrao-6.png\",\"contentUrl\":\"https:\\\/\\\/conectagrao.com.br\\\/blog\\\/wp-content\\\/uploads\\\/2025\\\/07\\\/ConectaGrao-6.png\",\"width\":447,\"height\":559,\"caption\":\"ConectaGr\u00e3o\"},\"image\":{\"@id\":\"https:\\\/\\\/conectagrao.com.br\\\/blog\\\/#\\\/schema\\\/logo\\\/image\\\/\"},\"sameAs\":[\"https:\\\/\\\/www.facebook.com\\\/conectagrao\\\/\",\"https:\\\/\\\/www.tiktok.com\\\/@conectagrao?_t=ZM-8xPuS2d6MFB&_r=1\",\"https:\\\/\\\/www.threads.com\\\/@conectagrao\",\"https:\\\/\\\/www.youtube.com\\\/@conectagrao\",\"https:\\\/\\\/www.instagram.com\\\/conectagrao\"]},{\"@type\":\"Person\",\"@id\":\"https:\\\/\\\/conectagrao.com.br\\\/blog\\\/#\\\/schema\\\/person\\\/0110c2a65e3fe8c1eb38193d9f186a59\",\"name\":\"Kao\u00ea Rauch\",\"image\":{\"@type\":\"ImageObject\",\"inLanguage\":\"pt-BR\",\"@id\":\"https:\\\/\\\/secure.gravatar.com\\\/avatar\\\/0a44a558d0f8cd204343bb0098142aaf503447c453c3557bdf65ce2104d4d5e3?s=96&d=mm&r=g\",\"url\":\"https:\\\/\\\/secure.gravatar.com\\\/avatar\\\/0a44a558d0f8cd204343bb0098142aaf503447c453c3557bdf65ce2104d4d5e3?s=96&d=mm&r=g\",\"contentUrl\":\"https:\\\/\\\/secure.gravatar.com\\\/avatar\\\/0a44a558d0f8cd204343bb0098142aaf503447c453c3557bdf65ce2104d4d5e3?s=96&d=mm&r=g\",\"caption\":\"Kao\u00ea Rauch\"},\"description\":\"Kaoe Rauch \u00e9 t\u00e9cnico agr\u00edcola e fundador da ConectaGr\u00e3o. Com experi\u00eancia pr\u00e1tica no campo e forte conex\u00e3o com o agro, escreve conte\u00fados que unem viv\u00eancia rural, conhecimento t\u00e9cnico e olhar de mercado, sempre com o objetivo de aproximar produtores da informa\u00e7\u00e3o que realmente importa.\",\"url\":\"https:\\\/\\\/conectagrao.com.br\\\/blog\\\/author\\\/kaoe-rauch\\\/\"}]}<\/script>\n<!-- \/ Yoast SEO plugin. -->","yoast_head_json":{"title":"Como o tarifa\u00e7o dos EUA amea\u00e7a o agroneg\u00f3cio brasileiro? - ConectaGr\u00e3o","description":"Tarifa americana de at\u00e9 50% impacta diretamente o agroneg\u00f3cio do Brasil. Veja os setores mais afetados, riscos e estrat\u00e9gias recomendadas.","robots":{"index":"index","follow":"follow","max-snippet":"max-snippet:-1","max-image-preview":"max-image-preview:large","max-video-preview":"max-video-preview:-1"},"canonical":"https:\/\/conectagrao.com.br\/blog\/como-o-tarifaco-dos-eua-ameaca-o-agronegocio-brasileiro\/","og_locale":"pt_BR","og_type":"article","og_title":"Como o tarifa\u00e7o dos EUA amea\u00e7a o agroneg\u00f3cio brasileiro? - ConectaGr\u00e3o","og_description":"Tarifa americana de at\u00e9 50% impacta diretamente o agroneg\u00f3cio do Brasil. Veja os setores mais afetados, riscos e estrat\u00e9gias recomendadas.","og_url":"https:\/\/conectagrao.com.br\/blog\/como-o-tarifaco-dos-eua-ameaca-o-agronegocio-brasileiro\/","og_site_name":"ConectaGr\u00e3o","article_publisher":"https:\/\/www.facebook.com\/conectagrao\/","article_published_time":"2025-08-01T16:28:35+00:00","article_modified_time":"2025-08-07T06:12:34+00:00","og_image":[{"width":1600,"height":900,"url":"https:\/\/conectagrao.com.br\/blog\/wp-content\/uploads\/2025\/07\/Tarifaco-americano.jpg","type":"image\/jpeg"}],"author":"Kao\u00ea Rauch","twitter_card":"summary_large_image","twitter_misc":{"Escrito por":"Kao\u00ea Rauch","Est. tempo de leitura":"7 minutos"},"schema":{"@context":"https:\/\/schema.org","@graph":[{"@type":"Article","@id":"https:\/\/conectagrao.com.br\/blog\/como-o-tarifaco-dos-eua-ameaca-o-agronegocio-brasileiro\/#article","isPartOf":{"@id":"https:\/\/conectagrao.com.br\/blog\/como-o-tarifaco-dos-eua-ameaca-o-agronegocio-brasileiro\/"},"author":{"name":"Kao\u00ea Rauch","@id":"https:\/\/conectagrao.com.br\/blog\/#\/schema\/person\/0110c2a65e3fe8c1eb38193d9f186a59"},"headline":"Como o tarifa\u00e7o dos EUA amea\u00e7a o agroneg\u00f3cio brasileiro?","datePublished":"2025-08-01T16:28:35+00:00","dateModified":"2025-08-07T06:12:34+00:00","mainEntityOfPage":{"@id":"https:\/\/conectagrao.com.br\/blog\/como-o-tarifaco-dos-eua-ameaca-o-agronegocio-brasileiro\/"},"wordCount":1059,"commentCount":0,"publisher":{"@id":"https:\/\/conectagrao.com.br\/blog\/#organization"},"image":{"@id":"https:\/\/conectagrao.com.br\/blog\/como-o-tarifaco-dos-eua-ameaca-o-agronegocio-brasileiro\/#primaryimage"},"thumbnailUrl":"https:\/\/conectagrao.com.br\/blog\/wp-content\/uploads\/2025\/07\/Tarifaco-americano.jpg","articleSection":["Blog","Vis\u00e3o de Mercado"],"inLanguage":"pt-BR","potentialAction":[{"@type":"CommentAction","name":"Comment","target":["https:\/\/conectagrao.com.br\/blog\/como-o-tarifaco-dos-eua-ameaca-o-agronegocio-brasileiro\/#respond"]}]},{"@type":"WebPage","@id":"https:\/\/conectagrao.com.br\/blog\/como-o-tarifaco-dos-eua-ameaca-o-agronegocio-brasileiro\/","url":"https:\/\/conectagrao.com.br\/blog\/como-o-tarifaco-dos-eua-ameaca-o-agronegocio-brasileiro\/","name":"Como o tarifa\u00e7o dos EUA amea\u00e7a o agroneg\u00f3cio brasileiro? - ConectaGr\u00e3o","isPartOf":{"@id":"https:\/\/conectagrao.com.br\/blog\/#website"},"primaryImageOfPage":{"@id":"https:\/\/conectagrao.com.br\/blog\/como-o-tarifaco-dos-eua-ameaca-o-agronegocio-brasileiro\/#primaryimage"},"image":{"@id":"https:\/\/conectagrao.com.br\/blog\/como-o-tarifaco-dos-eua-ameaca-o-agronegocio-brasileiro\/#primaryimage"},"thumbnailUrl":"https:\/\/conectagrao.com.br\/blog\/wp-content\/uploads\/2025\/07\/Tarifaco-americano.jpg","datePublished":"2025-08-01T16:28:35+00:00","dateModified":"2025-08-07T06:12:34+00:00","description":"Tarifa americana de at\u00e9 50% impacta diretamente o agroneg\u00f3cio do Brasil. Veja os setores mais afetados, riscos e estrat\u00e9gias recomendadas.","breadcrumb":{"@id":"https:\/\/conectagrao.com.br\/blog\/como-o-tarifaco-dos-eua-ameaca-o-agronegocio-brasileiro\/#breadcrumb"},"inLanguage":"pt-BR","potentialAction":[{"@type":"ReadAction","target":["https:\/\/conectagrao.com.br\/blog\/como-o-tarifaco-dos-eua-ameaca-o-agronegocio-brasileiro\/"]}]},{"@type":"ImageObject","inLanguage":"pt-BR","@id":"https:\/\/conectagrao.com.br\/blog\/como-o-tarifaco-dos-eua-ameaca-o-agronegocio-brasileiro\/#primaryimage","url":"https:\/\/conectagrao.com.br\/blog\/wp-content\/uploads\/2025\/07\/Tarifaco-americano.jpg","contentUrl":"https:\/\/conectagrao.com.br\/blog\/wp-content\/uploads\/2025\/07\/Tarifaco-americano.jpg","width":1600,"height":900},{"@type":"BreadcrumbList","@id":"https:\/\/conectagrao.com.br\/blog\/como-o-tarifaco-dos-eua-ameaca-o-agronegocio-brasileiro\/#breadcrumb","itemListElement":[{"@type":"ListItem","position":1,"name":"In\u00edcio","item":"https:\/\/conectagrao.com.br\/blog\/"},{"@type":"ListItem","position":2,"name":"Como o tarifa\u00e7o dos EUA amea\u00e7a o agroneg\u00f3cio brasileiro?"}]},{"@type":"WebSite","@id":"https:\/\/conectagrao.com.br\/blog\/#website","url":"https:\/\/conectagrao.com.br\/blog\/","name":"ConectaGr\u00e3o","description":"Conectando o futuro com o agroneg\u00f3cio.","publisher":{"@id":"https:\/\/conectagrao.com.br\/blog\/#organization"},"alternateName":"conectagrao","potentialAction":[{"@type":"SearchAction","target":{"@type":"EntryPoint","urlTemplate":"https:\/\/conectagrao.com.br\/blog\/?s={search_term_string}"},"query-input":{"@type":"PropertyValueSpecification","valueRequired":true,"valueName":"search_term_string"}}],"inLanguage":"pt-BR"},{"@type":"Organization","@id":"https:\/\/conectagrao.com.br\/blog\/#organization","name":"ConectaGr\u00e3o","alternateName":"conectagrao","url":"https:\/\/conectagrao.com.br\/blog\/","logo":{"@type":"ImageObject","inLanguage":"pt-BR","@id":"https:\/\/conectagrao.com.br\/blog\/#\/schema\/logo\/image\/","url":"https:\/\/conectagrao.com.br\/blog\/wp-content\/uploads\/2025\/07\/ConectaGrao-6.png","contentUrl":"https:\/\/conectagrao.com.br\/blog\/wp-content\/uploads\/2025\/07\/ConectaGrao-6.png","width":447,"height":559,"caption":"ConectaGr\u00e3o"},"image":{"@id":"https:\/\/conectagrao.com.br\/blog\/#\/schema\/logo\/image\/"},"sameAs":["https:\/\/www.facebook.com\/conectagrao\/","https:\/\/www.tiktok.com\/@conectagrao?_t=ZM-8xPuS2d6MFB&_r=1","https:\/\/www.threads.com\/@conectagrao","https:\/\/www.youtube.com\/@conectagrao","https:\/\/www.instagram.com\/conectagrao"]},{"@type":"Person","@id":"https:\/\/conectagrao.com.br\/blog\/#\/schema\/person\/0110c2a65e3fe8c1eb38193d9f186a59","name":"Kao\u00ea Rauch","image":{"@type":"ImageObject","inLanguage":"pt-BR","@id":"https:\/\/secure.gravatar.com\/avatar\/0a44a558d0f8cd204343bb0098142aaf503447c453c3557bdf65ce2104d4d5e3?s=96&d=mm&r=g","url":"https:\/\/secure.gravatar.com\/avatar\/0a44a558d0f8cd204343bb0098142aaf503447c453c3557bdf65ce2104d4d5e3?s=96&d=mm&r=g","contentUrl":"https:\/\/secure.gravatar.com\/avatar\/0a44a558d0f8cd204343bb0098142aaf503447c453c3557bdf65ce2104d4d5e3?s=96&d=mm&r=g","caption":"Kao\u00ea Rauch"},"description":"Kaoe Rauch \u00e9 t\u00e9cnico agr\u00edcola e fundador da ConectaGr\u00e3o. Com experi\u00eancia pr\u00e1tica no campo e forte conex\u00e3o com o agro, escreve conte\u00fados que unem viv\u00eancia rural, conhecimento t\u00e9cnico e olhar de mercado, sempre com o objetivo de aproximar produtores da informa\u00e7\u00e3o que realmente importa.","url":"https:\/\/conectagrao.com.br\/blog\/author\/kaoe-rauch\/"}]}},"uagb_featured_image_src":{"full":["https:\/\/conectagrao.com.br\/blog\/wp-content\/uploads\/2025\/07\/Tarifaco-americano.jpg",1600,900,false],"thumbnail":["https:\/\/conectagrao.com.br\/blog\/wp-content\/uploads\/2025\/07\/Tarifaco-americano-150x150.jpg",150,150,true],"medium":["https:\/\/conectagrao.com.br\/blog\/wp-content\/uploads\/2025\/07\/Tarifaco-americano-300x169.jpg",300,169,true],"medium_large":["https:\/\/conectagrao.com.br\/blog\/wp-content\/uploads\/2025\/07\/Tarifaco-americano-768x432.jpg",640,360,true],"large":["https:\/\/conectagrao.com.br\/blog\/wp-content\/uploads\/2025\/07\/Tarifaco-americano-1024x576.jpg",640,360,true],"1536x1536":["https:\/\/conectagrao.com.br\/blog\/wp-content\/uploads\/2025\/07\/Tarifaco-americano-1536x864.jpg",1536,864,true],"2048x2048":["https:\/\/conectagrao.com.br\/blog\/wp-content\/uploads\/2025\/07\/Tarifaco-americano.jpg",1600,900,false],"cvmm-medium":["https:\/\/conectagrao.com.br\/blog\/wp-content\/uploads\/2025\/07\/Tarifaco-americano-300x300.jpg",300,300,true],"cvmm-medium-plus":["https:\/\/conectagrao.com.br\/blog\/wp-content\/uploads\/2025\/07\/Tarifaco-americano-305x207.jpg",305,207,true],"cvmm-portrait":["https:\/\/conectagrao.com.br\/blog\/wp-content\/uploads\/2025\/07\/Tarifaco-americano-400x600.jpg",400,600,true],"cvmm-medium-square":["https:\/\/conectagrao.com.br\/blog\/wp-content\/uploads\/2025\/07\/Tarifaco-americano-600x600.jpg",600,600,true],"cvmm-large":["https:\/\/conectagrao.com.br\/blog\/wp-content\/uploads\/2025\/07\/Tarifaco-americano-1024x900.jpg",1024,900,true],"cvmm-small":["https:\/\/conectagrao.com.br\/blog\/wp-content\/uploads\/2025\/07\/Tarifaco-americano-130x95.jpg",130,95,true],"news-portal-block-medium":["https:\/\/conectagrao.com.br\/blog\/wp-content\/uploads\/2025\/07\/Tarifaco-americano-305x207.jpg",305,207,true],"news-portal-block-thumb":["https:\/\/conectagrao.com.br\/blog\/wp-content\/uploads\/2025\/07\/Tarifaco-americano-136x102.jpg",136,102,true],"news-portal-slider-medium":["https:\/\/conectagrao.com.br\/blog\/wp-content\/uploads\/2025\/07\/Tarifaco-americano-622x420.jpg",622,420,true],"news-portal-carousel-portrait":["https:\/\/conectagrao.com.br\/blog\/wp-content\/uploads\/2025\/07\/Tarifaco-americano-400x600.jpg",400,600,true],"news-portal-alternate-grid":["https:\/\/conectagrao.com.br\/blog\/wp-content\/uploads\/2025\/07\/Tarifaco-americano-340x316.jpg",340,316,true],"web-stories-poster-portrait":["https:\/\/conectagrao.com.br\/blog\/wp-content\/uploads\/2025\/07\/Tarifaco-americano.jpg",640,360,false],"web-stories-publisher-logo":["https:\/\/conectagrao.com.br\/blog\/wp-content\/uploads\/2025\/07\/Tarifaco-americano.jpg",96,54,false],"web-stories-thumbnail":["https:\/\/conectagrao.com.br\/blog\/wp-content\/uploads\/2025\/07\/Tarifaco-americano.jpg",150,84,false]},"uagb_author_info":{"display_name":"Kao\u00ea Rauch","author_link":"https:\/\/conectagrao.com.br\/blog\/author\/kaoe-rauch\/"},"uagb_comment_info":0,"uagb_excerpt":"Tarifas de at\u00e9 50 % impostas pelos EUA podem cortar bilh\u00f5es das exporta\u00e7\u00f5es brasileiras de carne, caf\u00e9, suco de laranja e frutas, colocando o agroneg\u00f3cio sob forte risco financeiro.","blog_post_layout_featured_media_urls":{"thumbnail":["https:\/\/conectagrao.com.br\/blog\/wp-content\/uploads\/2025\/07\/Tarifaco-americano-150x150.jpg",150,150,true],"full":["https:\/\/conectagrao.com.br\/blog\/wp-content\/uploads\/2025\/07\/Tarifaco-americano.jpg",1600,900,false]},"categories_names":{"1":{"name":"Blog","link":"https:\/\/conectagrao.com.br\/blog\/blog\/"},"29":{"name":"Vis\u00e3o de Mercado","link":"https:\/\/conectagrao.com.br\/blog\/mercado\/"}},"tags_names":[],"comments_number":"0","wpmagazine_modules_lite_featured_media_urls":{"thumbnail":["https:\/\/conectagrao.com.br\/blog\/wp-content\/uploads\/2025\/07\/Tarifaco-americano-150x150.jpg",150,150,true],"cvmm-medium":["https:\/\/conectagrao.com.br\/blog\/wp-content\/uploads\/2025\/07\/Tarifaco-americano-300x300.jpg",300,300,true],"cvmm-medium-plus":["https:\/\/conectagrao.com.br\/blog\/wp-content\/uploads\/2025\/07\/Tarifaco-americano-305x207.jpg",305,207,true],"cvmm-portrait":["https:\/\/conectagrao.com.br\/blog\/wp-content\/uploads\/2025\/07\/Tarifaco-americano-400x600.jpg",400,600,true],"cvmm-medium-square":["https:\/\/conectagrao.com.br\/blog\/wp-content\/uploads\/2025\/07\/Tarifaco-americano-600x600.jpg",600,600,true],"cvmm-large":["https:\/\/conectagrao.com.br\/blog\/wp-content\/uploads\/2025\/07\/Tarifaco-americano-1024x900.jpg",1024,900,true],"cvmm-small":["https:\/\/conectagrao.com.br\/blog\/wp-content\/uploads\/2025\/07\/Tarifaco-americano-130x95.jpg",130,95,true],"full":["https:\/\/conectagrao.com.br\/blog\/wp-content\/uploads\/2025\/07\/Tarifaco-americano.jpg",1600,900,false]},"_links":{"self":[{"href":"https:\/\/conectagrao.com.br\/blog\/wp-json\/wp\/v2\/posts\/908","targetHints":{"allow":["GET"]}}],"collection":[{"href":"https:\/\/conectagrao.com.br\/blog\/wp-json\/wp\/v2\/posts"}],"about":[{"href":"https:\/\/conectagrao.com.br\/blog\/wp-json\/wp\/v2\/types\/post"}],"author":[{"embeddable":true,"href":"https:\/\/conectagrao.com.br\/blog\/wp-json\/wp\/v2\/users\/2"}],"replies":[{"embeddable":true,"href":"https:\/\/conectagrao.com.br\/blog\/wp-json\/wp\/v2\/comments?post=908"}],"version-history":[{"count":3,"href":"https:\/\/conectagrao.com.br\/blog\/wp-json\/wp\/v2\/posts\/908\/revisions"}],"predecessor-version":[{"id":963,"href":"https:\/\/conectagrao.com.br\/blog\/wp-json\/wp\/v2\/posts\/908\/revisions\/963"}],"wp:featuredmedia":[{"embeddable":true,"href":"https:\/\/conectagrao.com.br\/blog\/wp-json\/wp\/v2\/media\/910"}],"wp:attachment":[{"href":"https:\/\/conectagrao.com.br\/blog\/wp-json\/wp\/v2\/media?parent=908"}],"wp:term":[{"taxonomy":"category","embeddable":true,"href":"https:\/\/conectagrao.com.br\/blog\/wp-json\/wp\/v2\/categories?post=908"},{"taxonomy":"post_tag","embeddable":true,"href":"https:\/\/conectagrao.com.br\/blog\/wp-json\/wp\/v2\/tags?post=908"}],"curies":[{"name":"wp","href":"https:\/\/api.w.org\/{rel}","templated":true}]}}