{"id":979,"date":"2025-08-08T13:29:00","date_gmt":"2025-08-08T13:29:00","guid":{"rendered":"https:\/\/conectagrao.com.br\/blog\/?p=979"},"modified":"2025-08-08T18:54:04","modified_gmt":"2025-08-08T18:54:04","slug":"vollverini-descompactador-rotativo-solo","status":"publish","type":"post","link":"https:\/\/conectagrao.com.br\/blog\/vollverini-descompactador-rotativo-solo\/","title":{"rendered":"Vollverini Agross: Descompactador Rotativo para um Solo Mais Produtivo"},"content":{"rendered":"\n<p>Quem vive da agricultura sabe que o solo \u00e9 o bem mais precioso da lavoura. Se ele estiver bem cuidado, a produ\u00e7\u00e3o vem. No entanto, se estiver maltratado, n\u00e3o adianta nem investir em sementes ou insumos de qualidade \u2014 o preju\u00edzo bate \u00e0 porta.<\/p>\n\n\n\n<p>Pensando nisso, a Agross desenvolveu o <strong>Vollverini<\/strong>, um equipamento feito especialmente para quem quer produzir mais <strong>sem agredir o solo<\/strong>. Ele \u00e9 ideal para \u00e1reas com <strong>palhada de milho<\/strong> e traz uma s\u00e9rie de vantagens no manejo, tudo de forma simples, eficiente e sustent\u00e1vel.<\/p>\n\n\n\n<p>A seguir, vamos explicar por que o Vollverini pode ser um grande aliado na sua propriedade rural.<\/p>\n\n\n\n<h2 class=\"wp-block-heading\">Descompacta sem estragar<\/h2>\n\n\n\n<p>Antes de mais nada, o Vollverini quebra camadas compactadas do solo <strong>sem revirar tudo<\/strong>. Isso, por sua vez, melhora a entrada da \u00e1gua e deixa o ambiente mais solto para as ra\u00edzes crescerem \u2014 sem causar aquele desgaste que outros equipamentos provocam.<\/p>\n\n\n\n<h2 class=\"wp-block-heading\">Palhada protegida, solo alimentado<\/h2>\n\n\n\n<p>Al\u00e9m da descompacta\u00e7\u00e3o, um dos grandes diferenciais do Vollverini \u00e9 que ele <strong>mant\u00e9m a palhada onde ela est\u00e1<\/strong>: sobre o solo. Isso ajuda a:<\/p>\n\n\n\n<ul class=\"wp-block-list\">\n<li>Segurar a umidade;<\/li>\n\n\n\n<li>Reduzir o impacto da chuva;<\/li>\n\n\n\n<li>Proteger contra eros\u00e3o;<\/li>\n\n\n\n<li>Alimentar o solo com <strong>mat\u00e9ria org\u00e2nica<\/strong> ao longo do tempo.<\/li>\n<\/ul>\n\n\n\n<p>Portanto, o resultado \u00e9 um solo mais vivo, f\u00e9rtil e produtivo.<\/p>\n\n\n\n<div class=\"wp-block-uagb-image uagb-block-d6590c12 wp-block-uagb-image--layout-default wp-block-uagb-image--effect-static wp-block-uagb-image--align-none\"><figure class=\"wp-block-uagb-image__figure\"><img loading=\"lazy\" decoding=\"async\" srcset=\"https:\/\/conectagrao.com.br\/blog\/wp-content\/uploads\/2025\/08\/tratorpuxandovolverine.png ,https:\/\/conectagrao.com.br\/blog\/wp-content\/uploads\/2025\/08\/tratorpuxandovolverine.png 780w, https:\/\/conectagrao.com.br\/blog\/wp-content\/uploads\/2025\/08\/tratorpuxandovolverine.png 360w\" sizes=\"auto, (max-width: 480px) 150px\" src=\"https:\/\/conectagrao.com.br\/blog\/wp-content\/uploads\/2025\/08\/tratorpuxandovolverine.png\" alt=\"\" class=\"uag-image-1000\" width=\"603\" height=\"294\" title=\"tratorpuxandovolverine\" loading=\"lazy\" role=\"img\"\/><\/figure><\/div>\n\n\n\n<h2 class=\"wp-block-heading\">Trabalho limpo e conservador<\/h2>\n\n\n\n<p>Nada de misturar camadas ou deixar o solo exposto. Em vez disso, o Vollverini faz um servi\u00e7o <strong>pontual e preciso<\/strong>, mantendo a estrutura do terreno intacta e favorecendo a vida no solo \u2014 assim como minhocas, fungos e microrganismos que ajudam no desenvolvimento das plantas.<\/p>\n\n\n\n<p>Assim, o produtor promove um ambiente mais saud\u00e1vel para o sistema radicular.<\/p>\n\n\n\n<div class=\"wp-block-uagb-container uagb-block-f7439f1b alignfull uagb-is-root-container\"><div class=\"uagb-container-inner-blocks-wrap\">\n<div class=\"wp-block-uagb-container uagb-block-cb6e366c\">\n<div class=\"wp-block-uagb-image uagb-block-8fec29e3 wp-block-uagb-image--layout-default wp-block-uagb-image--effect-static wp-block-uagb-image--align-none\"><figure class=\"wp-block-uagb-image__figure\"><img loading=\"lazy\" decoding=\"async\" srcset=\"https:\/\/conectagrao.com.br\/blog\/wp-content\/uploads\/2025\/08\/volverinenapalhademilho.jpg ,https:\/\/conectagrao.com.br\/blog\/wp-content\/uploads\/2025\/08\/volverinenapalhademilho.jpg 780w, https:\/\/conectagrao.com.br\/blog\/wp-content\/uploads\/2025\/08\/volverinenapalhademilho.jpg 360w\" sizes=\"auto, (max-width: 480px) 150px\" src=\"https:\/\/conectagrao.com.br\/blog\/wp-content\/uploads\/2025\/08\/volverinenapalhademilho.jpg\" alt=\"\" class=\"uag-image-996\" width=\"1024\" height=\"768\" title=\"volverinenapalhademilho\" loading=\"lazy\" role=\"img\"\/><\/figure><\/div>\n<\/div>\n\n\n\n<div class=\"wp-block-uagb-container uagb-block-69eeeae0\">\n<div class=\"wp-block-uagb-image uagb-block-7ba0e6df wp-block-uagb-image--layout-default wp-block-uagb-image--effect-static wp-block-uagb-image--align-none\"><figure class=\"wp-block-uagb-image__figure\"><img loading=\"lazy\" decoding=\"async\" srcset=\"https:\/\/conectagrao.com.br\/blog\/wp-content\/uploads\/2025\/08\/volverinenapalhada-1.jpg ,https:\/\/conectagrao.com.br\/blog\/wp-content\/uploads\/2025\/08\/volverinenapalhada-1.jpg 780w, https:\/\/conectagrao.com.br\/blog\/wp-content\/uploads\/2025\/08\/volverinenapalhada-1.jpg 360w\" sizes=\"auto, (max-width: 480px) 150px\" src=\"https:\/\/conectagrao.com.br\/blog\/wp-content\/uploads\/2025\/08\/volverinenapalhada-1.jpg\" alt=\"\" class=\"uag-image-997\" width=\"1024\" height=\"768\" title=\"volverinenapalhada\" loading=\"lazy\" role=\"img\"\/><\/figure><\/div>\n<\/div>\n<\/div><\/div>\n\n\n\n<h2 class=\"wp-block-heading\">Micro-bacias: \u00e1gua onde precisa estar<\/h2>\n\n\n\n<p>Durante o trabalho, o equipamento forma <strong>pequenas depress\u00f5es no solo<\/strong> que acumulam \u00e1gua da chuva. Isso evita que a \u00e1gua v\u00e1 embora logo ap\u00f3s chover e garante mais disponibilidade h\u00eddrica nas ra\u00edzes, assim mesmo nos per\u00edodos mais secos.<\/p>\n\n\n<div class=\"wp-block-image\">\n<figure class=\"alignleft size-full is-resized\"><img fetchpriority=\"high\" decoding=\"async\" width=\"643\" height=\"383\" src=\"https:\/\/conectagrao.com.br\/blog\/wp-content\/uploads\/2025\/08\/image.png\" alt=\"\" class=\"wp-image-998\" style=\"width:447px;height:auto\" srcset=\"https:\/\/conectagrao.com.br\/blog\/wp-content\/uploads\/2025\/08\/image.png 643w, https:\/\/conectagrao.com.br\/blog\/wp-content\/uploads\/2025\/08\/image-300x179.png 300w, https:\/\/conectagrao.com.br\/blog\/wp-content\/uploads\/2025\/08\/image-150x89.png 150w\" sizes=\"(max-width: 643px) 100vw, 643px\" \/><\/figure>\n<\/div>\n\n\n<p>A imagem ilustra claramente o efeito do uso do subsolador Vollverini em compara\u00e7\u00e3o com o arado tradicional no relevo do solo e na performance da \u00e1gua. Assim \u00e9 poss\u00edvel ver uma <strong>descompacta\u00e7\u00e3o mais uniforme<\/strong> e uma <strong>melhor dispers\u00e3o da \u00e1gua<\/strong>.<\/p>\n\n\n\n<p>Logo, o resultado final \u00e9 um solo mais eficiente na capta\u00e7\u00e3o e reten\u00e7\u00e3o de \u00e1gua.<\/p>\n\n\n\n<h2 class=\"wp-block-heading\">Tabela de tamanhos dos modelos<\/h2>\n\n\n\n<p>O Vollverini est\u00e1 dispon\u00edvel em diversas vers\u00f5es, com larguras de trabalho que variam de <strong>2 at\u00e9 5,6 metros<\/strong>, assim atendendo desde <strong>pequenos produtores<\/strong> at\u00e9 grandes \u00e1reas mecanizadas, como <strong>lavouras de cana-de-a\u00e7\u00facar<\/strong>.<\/p>\n\n\n\n<p><strong>Valores m\u00e9dios<\/strong>:<\/p>\n\n\n\n<ul class=\"wp-block-list\">\n<li><strong>Modelo menor (2 metros):<\/strong> em torno de <strong>R$ 150 mil<\/strong>, variando conforme configura\u00e7\u00e3o, regi\u00e3o e negocia\u00e7\u00e3o.<\/li>\n\n\n\n<li><strong>Modelos maiores:<\/strong> exigem mais pot\u00eancia do trator e investimento proporcional, mas oferecem <strong>maior rendimento operacional<\/strong>.<\/li>\n<\/ul>\n\n\n\n<p>Ou seja, h\u00e1 uma vers\u00e3o ideal para cada perfil de produtor.<\/p>\n\n\n\n<div class=\"wp-block-uagb-image uagb-block-e9b6e4c4 wp-block-uagb-image--layout-default wp-block-uagb-image--effect-static wp-block-uagb-image--align-none\"><figure class=\"wp-block-uagb-image__figure\"><img loading=\"lazy\" decoding=\"async\" srcset=\"https:\/\/conectagrao.com.br\/blog\/wp-content\/uploads\/2025\/08\/tabeladecomprimentovolverine.png ,https:\/\/conectagrao.com.br\/blog\/wp-content\/uploads\/2025\/08\/tabeladecomprimentovolverine.png 780w, https:\/\/conectagrao.com.br\/blog\/wp-content\/uploads\/2025\/08\/tabeladecomprimentovolverine.png 360w\" sizes=\"auto, (max-width: 480px) 150px\" src=\"https:\/\/conectagrao.com.br\/blog\/wp-content\/uploads\/2025\/08\/tabeladecomprimentovolverine.png\" alt=\"\" class=\"uag-image-984\" width=\"626\" height=\"565\" title=\"tabeladecomprimentovolverine\" loading=\"lazy\" role=\"img\"\/><\/figure><\/div>\n\n\n\n<h2 class=\"wp-block-heading\">Estrutura e componentes do Vollverini<\/h2>\n\n\n\n<p>O Vollverini foi projetado com uma estrutura <strong>refor\u00e7ada em a\u00e7o de alta resist\u00eancia<\/strong>, preparada para enfrentar as mais diversas condi\u00e7\u00f5es de campo sem comprometer o desempenho.<\/p>\n\n\n\n<h3 class=\"wp-block-heading\">Componentes principais:<\/h3>\n\n\n\n<ul class=\"wp-block-list\">\n<li><strong>Hastes descompactadoras<\/strong> com sistema de <strong>mola helicoidal individual<\/strong> (efici\u00eancia na penetra\u00e7\u00e3o com m\u00ednima vibra\u00e7\u00e3o);<\/li>\n\n\n\n<li><strong>Rolo destorroador segmentado<\/strong> na parte traseira (nivela o terreno e forma micro-bacias);<\/li>\n\n\n\n<li><strong>Reservat\u00f3rios superiores<\/strong> para <strong>condicionadores de solo<\/strong> (descompacta\u00e7\u00e3o e corre\u00e7\u00e3o em uma s\u00f3 opera\u00e7\u00e3o).<\/li>\n<\/ul>\n\n\n\n<p>Dessa forma, o produtor consegue realizar <strong>duas opera\u00e7\u00f5es em uma \u00fanica passada<\/strong>.<\/p>\n\n\n\n<div class=\"wp-block-uagb-container uagb-block-a65c5f0a alignfull uagb-is-root-container\"><div class=\"uagb-container-inner-blocks-wrap\">\n<div class=\"wp-block-uagb-container uagb-block-be79c086\">\n<div class=\"wp-block-uagb-image uagb-block-15aa71c6 wp-block-uagb-image--layout-default wp-block-uagb-image--effect-static wp-block-uagb-image--align-none\"><figure class=\"wp-block-uagb-image__figure\"><img loading=\"lazy\" decoding=\"async\" srcset=\"https:\/\/conectagrao.com.br\/blog\/wp-content\/uploads\/2025\/08\/volverinedefrente.jpeg ,https:\/\/conectagrao.com.br\/blog\/wp-content\/uploads\/2025\/08\/volverinedefrente.jpeg 780w, https:\/\/conectagrao.com.br\/blog\/wp-content\/uploads\/2025\/08\/volverinedefrente.jpeg 360w\" sizes=\"auto, (max-width: 480px) 150px\" src=\"https:\/\/conectagrao.com.br\/blog\/wp-content\/uploads\/2025\/08\/volverinedefrente.jpeg\" alt=\"\" class=\"uag-image-993\" width=\"390\" height=\"249\" title=\"volverinedefrente\" loading=\"lazy\" role=\"img\"\/><\/figure><\/div>\n<\/div>\n\n\n\n<div class=\"wp-block-uagb-container uagb-block-cdd9f960\">\n<div class=\"wp-block-uagb-image uagb-block-a05dbb1a wp-block-uagb-image--layout-default wp-block-uagb-image--effect-static wp-block-uagb-image--align-none\"><figure class=\"wp-block-uagb-image__figure\"><img loading=\"lazy\" decoding=\"async\" srcset=\"https:\/\/conectagrao.com.br\/blog\/wp-content\/uploads\/2025\/08\/volverinedetras.jpeg ,https:\/\/conectagrao.com.br\/blog\/wp-content\/uploads\/2025\/08\/volverinedetras.jpeg 780w, https:\/\/conectagrao.com.br\/blog\/wp-content\/uploads\/2025\/08\/volverinedetras.jpeg 360w\" sizes=\"auto, (max-width: 480px) 150px\" src=\"https:\/\/conectagrao.com.br\/blog\/wp-content\/uploads\/2025\/08\/volverinedetras.jpeg\" alt=\"\" class=\"uag-image-994\" width=\"366\" height=\"256\" title=\"volverinedetras\" loading=\"lazy\" role=\"img\"\/><\/figure><\/div>\n<\/div>\n<\/div><\/div>\n\n\n\n<h2 class=\"wp-block-heading\">Como medir a compacta\u00e7\u00e3o do seu solo?<\/h2>\n\n\n\n<p>A ferramenta ideal para isso \u00e9 o <strong>penetr\u00f4metro<\/strong>, que mede a resist\u00eancia do solo \u00e0 penetra\u00e7\u00e3o \u2014 expressa em <strong>MPa<\/strong> ou <strong>PSI<\/strong>.<\/p>\n\n\n\n<h3 class=\"wp-block-heading\">Interpreta\u00e7\u00e3o dos dados:<\/h3>\n\n\n\n<ul class=\"wp-block-list\">\n<li><strong>At\u00e9 1,0 MPa (~150 PSI):<\/strong> solo bem estruturado.<\/li>\n\n\n\n<li><strong>Entre 1,0 e 2,0 MPa:<\/strong> solo com sinais de compacta\u00e7\u00e3o.<\/li>\n\n\n\n<li><strong>Acima de 2,0 MPa:<\/strong> compacta\u00e7\u00e3o severa \u2014 exige a\u00e7\u00e3o imediata.<\/li>\n<\/ul>\n\n\n\n<p>\ud83d\udd0d <strong>Dica:<\/strong> me\u00e7a em v\u00e1rios pontos e profundidades (at\u00e9 40 cm) com o solo \u00famido, para maior precis\u00e3o. Assim, ser\u00e1 poss\u00edvel identificar com clareza as zonas compactadas e planejar interven\u00e7\u00f5es mais eficientes.<\/p>\n\n\n\n<div class=\"wp-block-uagb-image uagb-block-ea2626d1 wp-block-uagb-image--layout-default wp-block-uagb-image--effect-static wp-block-uagb-image--align-none\"><figure class=\"wp-block-uagb-image__figure\"><img loading=\"lazy\" decoding=\"async\" srcset=\"https:\/\/conectagrao.com.br\/blog\/wp-content\/uploads\/2025\/08\/medircompactacaodosolo.png ,https:\/\/conectagrao.com.br\/blog\/wp-content\/uploads\/2025\/08\/medircompactacaodosolo.png 780w, https:\/\/conectagrao.com.br\/blog\/wp-content\/uploads\/2025\/08\/medircompactacaodosolo.png 360w\" sizes=\"auto, (max-width: 480px) 150px\" src=\"https:\/\/conectagrao.com.br\/blog\/wp-content\/uploads\/2025\/08\/medircompactacaodosolo.png\" alt=\"\" class=\"uag-image-985\" width=\"675\" height=\"404\" title=\"medircompacta\u00e7aodosolo\" loading=\"lazy\" role=\"img\"\/><\/figure><\/div>\n\n\n\n<h2 class=\"wp-block-heading\">Resultados de experimentos lado a lado<\/h2>\n\n\n\n<p>Essas imagens mostram o <strong>comparativo entre uma \u00e1rea compactada<\/strong> e outra <strong>descompactada com o Vollverini<\/strong>, em uma safra de soja sob estiagem.<\/p>\n\n\n\n<div class=\"wp-block-uagb-image uagb-block-19604616 wp-block-uagb-image--layout-default wp-block-uagb-image--effect-static wp-block-uagb-image--align-none\"><figure class=\"wp-block-uagb-image__figure\"><img loading=\"lazy\" decoding=\"async\" srcset=\"https:\/\/conectagrao.com.br\/blog\/wp-content\/uploads\/2025\/08\/ladoaladoemsoja-3.png ,https:\/\/conectagrao.com.br\/blog\/wp-content\/uploads\/2025\/08\/ladoaladoemsoja-3.png 780w, https:\/\/conectagrao.com.br\/blog\/wp-content\/uploads\/2025\/08\/ladoaladoemsoja-3.png 360w\" sizes=\"auto, (max-width: 480px) 150px\" src=\"https:\/\/conectagrao.com.br\/blog\/wp-content\/uploads\/2025\/08\/ladoaladoemsoja-3.png\" alt=\"\" class=\"uag-image-991\" width=\"610\" height=\"273\" title=\"ladoaladoemsoja\" loading=\"lazy\" role=\"img\"\/><\/figure><\/div>\n\n\n\n<p>Resultados vis\u00edveis:<\/p>\n\n\n\n<ul class=\"wp-block-list\">\n<li><strong>Plantas mais vigorosas<\/strong><\/li>\n\n\n\n<li><strong>Maior cobertura foliar<\/strong><\/li>\n\n\n\n<li><strong>Sistema radicular mais profundo<\/strong><\/li>\n<\/ul>\n\n\n\n<p>Isso prova que a descompacta\u00e7\u00e3o com Vollverini <strong>aumenta a infiltra\u00e7\u00e3o e reten\u00e7\u00e3o de \u00e1gua<\/strong>, reduz os efeitos do estresse h\u00eddrico e melhora o aproveitamento de nutrientes. Consequentemente, a produtividade aumenta.<\/p>\n\n\n\n<div class=\"wp-block-group\"><div class=\"wp-block-group__inner-container is-layout-constrained wp-block-group-is-layout-constrained\">\n<div class=\"wp-block-columns is-layout-flex wp-container-core-columns-is-layout-9d6595d7 wp-block-columns-is-layout-flex\">\n<div class=\"wp-block-column is-layout-flow wp-block-column-is-layout-flow\" style=\"flex-basis:100%\">\n<div class=\"wp-block-uagb-image uagb-block-55eaffb3 wp-block-uagb-image--layout-default wp-block-uagb-image--effect-static wp-block-uagb-image--align-none\"><figure class=\"wp-block-uagb-image__figure\"><img loading=\"lazy\" decoding=\"async\" srcset=\"https:\/\/conectagrao.com.br\/blog\/wp-content\/uploads\/2025\/08\/testeladoalado-1.png ,https:\/\/conectagrao.com.br\/blog\/wp-content\/uploads\/2025\/08\/testeladoalado-1.png 780w, https:\/\/conectagrao.com.br\/blog\/wp-content\/uploads\/2025\/08\/testeladoalado-1.png 360w\" sizes=\"auto, (max-width: 480px) 150px\" src=\"https:\/\/conectagrao.com.br\/blog\/wp-content\/uploads\/2025\/08\/testeladoalado-1.png\" alt=\"\" class=\"uag-image-990\" width=\"701\" height=\"349\" title=\"testeladoalado\" loading=\"lazy\" role=\"img\"\/><\/figure><\/div>\n<\/div>\n<\/div>\n\n\n\n<p><\/p>\n<\/div><\/div>\n\n\n\n<h2 class=\"wp-block-heading\">Vantagens do rolo faca no plantio direto<\/h2>\n\n\n\n<div class=\"wp-block-uagb-image uagb-block-b5ff0632 wp-block-uagb-image--layout-default wp-block-uagb-image--effect-static wp-block-uagb-image--align-none\"><figure class=\"wp-block-uagb-image__figure\"><img loading=\"lazy\" decoding=\"async\" srcset=\"https:\/\/conectagrao.com.br\/blog\/wp-content\/uploads\/2025\/08\/rolagemdecoberturadesolo.png ,https:\/\/conectagrao.com.br\/blog\/wp-content\/uploads\/2025\/08\/rolagemdecoberturadesolo.png 780w, https:\/\/conectagrao.com.br\/blog\/wp-content\/uploads\/2025\/08\/rolagemdecoberturadesolo.png 360w\" sizes=\"auto, (max-width: 480px) 150px\" src=\"https:\/\/conectagrao.com.br\/blog\/wp-content\/uploads\/2025\/08\/rolagemdecoberturadesolo.png\" alt=\"\" class=\"uag-image-999\" width=\"822\" height=\"314\" title=\"rolagemdecoberturadesolo\" loading=\"lazy\" role=\"img\"\/><\/figure><\/div>\n\n\n\n<p>O <strong>rolo faca acoplado ao Vollverini<\/strong> \u00e9 uma solu\u00e7\u00e3o altamente eficiente para sistemas de <strong>plantio direto<\/strong>, com fun\u00e7\u00f5es de:<\/p>\n\n\n\n<ul class=\"wp-block-list\">\n<li>Corte e acamamento da vegeta\u00e7\u00e3o;<\/li>\n\n\n\n<li>Forma\u00e7\u00e3o de camada uniforme de palha;<\/li>\n\n\n\n<li>Prote\u00e7\u00e3o contra eros\u00e3o e controle t\u00e9rmico;<\/li>\n\n\n\n<li><strong>Redu\u00e7\u00e3o da competi\u00e7\u00e3o com daninhas<\/strong>;<\/li>\n\n\n\n<li><strong>Menor uso de herbicidas<\/strong> \u2014 mais sustentabilidade.<\/li>\n<\/ul>\n\n\n\n<p>Al\u00e9m disso, o preparo do solo \u00e9 otimizado sem necessidade de <strong>ara\u00e7\u00e3o ou gradagem<\/strong>. A palhada formada favorece a infiltra\u00e7\u00e3o de \u00e1gua, conserva mat\u00e9ria org\u00e2nica e promove a <strong>atividade biol\u00f3gica<\/strong> do solo.<\/p>\n\n\n\n<p>Como resultado, o manejo se torna mais eficiente, econ\u00f4mico e ambientalmente respons\u00e1vel.<\/p>\n\n\n\n<h2 class=\"wp-block-heading\">Produtividade com conserva\u00e7\u00e3o<\/h2>\n\n\n\n<p>O Vollverini representa uma <strong>evolu\u00e7\u00e3o no manejo do solo<\/strong>. Contudo ele alia <strong>tecnologia e sustentabilidade<\/strong>, proporcionando um preparo eficiente <strong>sem agredir o solo<\/strong>, mantendo a palhada e formando micro-bacias que garantem a reten\u00e7\u00e3o h\u00eddrica.<\/p>\n\n\n\n<p>Para quem busca <strong>mais produtividade, conserva\u00e7\u00e3o ambiental e redu\u00e7\u00e3o de custos<\/strong>, o Vollverini com rolo faca \u00e9 a escolha certa.<\/p>\n\n\n\n<div style=\"border: 2px solid #ff9800; border-radius: 10px; padding: 20px; background: #ffffff; box-shadow: 0 4px 12px rgba(0,0,0,0.1); font-family: Arial, sans-serif; width: 100%; max-width: 100%; margin: 20px 0; text-align: center; box-sizing: border-box;\">\n  \n  <h3 style=\"color: #ff9800; font-size: 24px; margin-top: 0; margin-bottom: 15px;\">\n    <span style=\"display: none;\" class=\"whatsapp-icon\">\n      <img decoding=\"async\" src=\"https:\/\/e7.pngegg.com\/pngimages\/347\/373\/png-clipart-computer-icons-whatsapp-whatsapp-text-trademark-thumbnail.png\" alt=\"WhatsApp\" style=\"width: 40px; height: 40px; border-radius: 50%; object-fit: cover;\">\n    <\/span>\n  <\/h3>\n  \n  <div style=\"display: flex; justify-content: center; align-items: center; flex-wrap: wrap; margin-bottom: 10px;\">\n    <div style=\"text-align: center; margin-right: 10px;\"> <!-- Reduzido o margin-right -->\n      <p style=\"font-size: 16px; color: #333; line-height: 1.5; margin: 0;\">\n        \ud83d\udcf0 Not\u00edcias &#038; Mercado | \ud83d\udd14 Novidades <span class=\"desktop-separator\">|<\/span>\n      <\/p>\n    <\/div>\n    <div style=\"text-align: center;\">\n      <p style=\"font-size: 16px; color: #333; line-height: 1.5; margin: 0;\">\n        \u26c5 Clima | \ud83d\ude80 Tecnologia | \ud83d\udcf1 Blog\n      <\/p>\n    <\/div>\n  <\/div>\n  \n  <a href=\"https:\/\/www.whatsapp.com\/channel\/0029VaLMT22GOj9f6eVOpJ0N\" target=\"_blank\" style=\"background: #25D366; color: #fff; padding: 10px 20px; font-size: 16px; font-weight: bold; text-decoration: none; border-radius: 30px; display: inline-block; transition: all 0.3s; position: relative;\">\n    <img decoding=\"async\" src=\"https:\/\/upload.wikimedia.org\/wikipedia\/commons\/6\/6b\/WhatsApp.svg\" alt=\"WhatsApp\" style=\"width: 20px; height: 20px; vertical-align: middle; margin-right: 5px;\">\n    Entrar no Canal\n  <\/a>\n  \n  <p style=\"font-size: 12px; color: #666; margin-top: 15px; font-weight: bold;\">\n    Sua conex\u00e3o com as melhores informa\u00e7\u00f5es do agroneg\u00f3cio!\n  <\/p>\n<\/div>\n\n<style>\n@media (max-width: 768px) {\n  .desktop-separator {\n    display: none; \/* Ocultar o separador \"|\" em dispositivos m\u00f3veis *\/\n  }\n  h3 {\n    font-size: 20px; \/* Diminuir o tamanho da fonte do t\u00edtulo em dispositivos m\u00f3veis *\/\n  }\n  p {\n    font-size: 14px; \/* Diminuir o tamanho da fonte dos par\u00e1grafos em dispositivos m\u00f3veis *\/\n  }\n  a {\n    font-size: 14px; \/* Diminuir o tamanho da fonte do bot\u00e3o em dispositivos m\u00f3veis *\/\n    padding: 8px 15px; \/* Ajustar o padding do bot\u00e3o em dispositivos m\u00f3veis *\/\n  }\n}\n<\/style>\n","protected":false},"excerpt":{"rendered":"<p>Quem vive da agricultura sabe que o solo \u00e9 o bem mais precioso da lavoura. Se ele estiver bem cuidado, a produ\u00e7\u00e3o vem. No entanto, se estiver maltratado, n\u00e3o adianta nem investir em sementes ou insumos de qualidade \u2014 o preju\u00edzo bate \u00e0 porta. Pensando nisso, a Agross desenvolveu o Vollverini, um equipamento feito especialmente [&hellip;]<\/p>\n","protected":false},"author":2,"featured_media":1010,"comment_status":"open","ping_status":"open","sticky":false,"template":"","format":"standard","meta":{"_coblocks_attr":"","_coblocks_dimensions":"","_coblocks_responsive_height":"","_coblocks_accordion_ie_support":"","_uag_custom_page_level_css":"","footnotes":""},"categories":[1,30],"tags":[],"class_list":["post-979","post","type-post","status-publish","format-standard","has-post-thumbnail","hentry","category-blog","category-tecnologia"],"yoast_head":"<!-- This site is optimized with the Yoast SEO plugin v27.4 - https:\/\/yoast.com\/product\/yoast-seo-wordpress\/ -->\n<title>Vollverini Agross: Descompactador Rotativo para um Solo Mais Produtivo - ConectaGr\u00e3o<\/title>\n<meta name=\"description\" content=\"Descubra como o Vollverini descompacta o solo sem agress\u00e3o, protege a palhada e aumenta a produtividade de forma sustent\u00e1vel.\" \/>\n<meta name=\"robots\" content=\"index, follow, max-snippet:-1, max-image-preview:large, max-video-preview:-1\" \/>\n<link rel=\"canonical\" href=\"https:\/\/conectagrao.com.br\/blog\/vollverini-descompactador-rotativo-solo\/\" \/>\n<meta property=\"og:locale\" content=\"pt_BR\" \/>\n<meta property=\"og:type\" content=\"article\" \/>\n<meta property=\"og:title\" content=\"Vollverini Agross: Descompactador Rotativo para um Solo Mais Produtivo - ConectaGr\u00e3o\" \/>\n<meta property=\"og:description\" content=\"Descubra como o Vollverini descompacta o solo sem agress\u00e3o, protege a palhada e aumenta a produtividade de forma sustent\u00e1vel.\" \/>\n<meta property=\"og:url\" content=\"https:\/\/conectagrao.com.br\/blog\/vollverini-descompactador-rotativo-solo\/\" \/>\n<meta property=\"og:site_name\" content=\"ConectaGr\u00e3o\" \/>\n<meta property=\"article:publisher\" content=\"https:\/\/www.facebook.com\/conectagrao\/\" \/>\n<meta property=\"article:published_time\" content=\"2025-08-08T13:29:00+00:00\" \/>\n<meta property=\"article:modified_time\" content=\"2025-08-08T18:54:04+00:00\" \/>\n<meta property=\"og:image\" content=\"https:\/\/conectagrao.com.br\/blog\/wp-content\/uploads\/2025\/08\/equipamento_redimensionado_1200x800.jpeg\" \/>\n\t<meta property=\"og:image:width\" content=\"1200\" \/>\n\t<meta property=\"og:image:height\" content=\"800\" \/>\n\t<meta property=\"og:image:type\" content=\"image\/jpeg\" \/>\n<meta name=\"author\" content=\"Kao\u00ea Rauch\" \/>\n<meta name=\"twitter:card\" content=\"summary_large_image\" \/>\n<meta name=\"twitter:label1\" content=\"Escrito por\" \/>\n\t<meta name=\"twitter:data1\" content=\"Kao\u00ea Rauch\" \/>\n\t<meta name=\"twitter:label2\" content=\"Est. tempo de leitura\" \/>\n\t<meta name=\"twitter:data2\" content=\"8 minutos\" \/>\n<script type=\"application\/ld+json\" class=\"yoast-schema-graph\">{\"@context\":\"https:\\\/\\\/schema.org\",\"@graph\":[{\"@type\":\"Article\",\"@id\":\"https:\\\/\\\/conectagrao.com.br\\\/blog\\\/vollverini-descompactador-rotativo-solo\\\/#article\",\"isPartOf\":{\"@id\":\"https:\\\/\\\/conectagrao.com.br\\\/blog\\\/vollverini-descompactador-rotativo-solo\\\/\"},\"author\":{\"name\":\"Kao\u00ea Rauch\",\"@id\":\"https:\\\/\\\/conectagrao.com.br\\\/blog\\\/#\\\/schema\\\/person\\\/0110c2a65e3fe8c1eb38193d9f186a59\"},\"headline\":\"Vollverini Agross: Descompactador Rotativo para um Solo Mais Produtivo\",\"datePublished\":\"2025-08-08T13:29:00+00:00\",\"dateModified\":\"2025-08-08T18:54:04+00:00\",\"mainEntityOfPage\":{\"@id\":\"https:\\\/\\\/conectagrao.com.br\\\/blog\\\/vollverini-descompactador-rotativo-solo\\\/\"},\"wordCount\":941,\"commentCount\":0,\"publisher\":{\"@id\":\"https:\\\/\\\/conectagrao.com.br\\\/blog\\\/#organization\"},\"image\":{\"@id\":\"https:\\\/\\\/conectagrao.com.br\\\/blog\\\/vollverini-descompactador-rotativo-solo\\\/#primaryimage\"},\"thumbnailUrl\":\"https:\\\/\\\/conectagrao.com.br\\\/blog\\\/wp-content\\\/uploads\\\/2025\\\/08\\\/equipamento_redimensionado_1200x800.jpeg\",\"articleSection\":[\"Blog\",\"Tecnologia &amp; Maquinas\"],\"inLanguage\":\"pt-BR\",\"potentialAction\":[{\"@type\":\"CommentAction\",\"name\":\"Comment\",\"target\":[\"https:\\\/\\\/conectagrao.com.br\\\/blog\\\/vollverini-descompactador-rotativo-solo\\\/#respond\"]}]},{\"@type\":\"WebPage\",\"@id\":\"https:\\\/\\\/conectagrao.com.br\\\/blog\\\/vollverini-descompactador-rotativo-solo\\\/\",\"url\":\"https:\\\/\\\/conectagrao.com.br\\\/blog\\\/vollverini-descompactador-rotativo-solo\\\/\",\"name\":\"Vollverini Agross: Descompactador Rotativo para um Solo Mais Produtivo - ConectaGr\u00e3o\",\"isPartOf\":{\"@id\":\"https:\\\/\\\/conectagrao.com.br\\\/blog\\\/#website\"},\"primaryImageOfPage\":{\"@id\":\"https:\\\/\\\/conectagrao.com.br\\\/blog\\\/vollverini-descompactador-rotativo-solo\\\/#primaryimage\"},\"image\":{\"@id\":\"https:\\\/\\\/conectagrao.com.br\\\/blog\\\/vollverini-descompactador-rotativo-solo\\\/#primaryimage\"},\"thumbnailUrl\":\"https:\\\/\\\/conectagrao.com.br\\\/blog\\\/wp-content\\\/uploads\\\/2025\\\/08\\\/equipamento_redimensionado_1200x800.jpeg\",\"datePublished\":\"2025-08-08T13:29:00+00:00\",\"dateModified\":\"2025-08-08T18:54:04+00:00\",\"description\":\"Descubra como o Vollverini descompacta o solo sem agress\u00e3o, protege a palhada e aumenta a produtividade de forma sustent\u00e1vel.\",\"breadcrumb\":{\"@id\":\"https:\\\/\\\/conectagrao.com.br\\\/blog\\\/vollverini-descompactador-rotativo-solo\\\/#breadcrumb\"},\"inLanguage\":\"pt-BR\",\"potentialAction\":[{\"@type\":\"ReadAction\",\"target\":[\"https:\\\/\\\/conectagrao.com.br\\\/blog\\\/vollverini-descompactador-rotativo-solo\\\/\"]}]},{\"@type\":\"ImageObject\",\"inLanguage\":\"pt-BR\",\"@id\":\"https:\\\/\\\/conectagrao.com.br\\\/blog\\\/vollverini-descompactador-rotativo-solo\\\/#primaryimage\",\"url\":\"https:\\\/\\\/conectagrao.com.br\\\/blog\\\/wp-content\\\/uploads\\\/2025\\\/08\\\/equipamento_redimensionado_1200x800.jpeg\",\"contentUrl\":\"https:\\\/\\\/conectagrao.com.br\\\/blog\\\/wp-content\\\/uploads\\\/2025\\\/08\\\/equipamento_redimensionado_1200x800.jpeg\",\"width\":1200,\"height\":800},{\"@type\":\"BreadcrumbList\",\"@id\":\"https:\\\/\\\/conectagrao.com.br\\\/blog\\\/vollverini-descompactador-rotativo-solo\\\/#breadcrumb\",\"itemListElement\":[{\"@type\":\"ListItem\",\"position\":1,\"name\":\"In\u00edcio\",\"item\":\"https:\\\/\\\/conectagrao.com.br\\\/blog\\\/\"},{\"@type\":\"ListItem\",\"position\":2,\"name\":\"Vollverini Agross: Descompactador Rotativo para um Solo Mais Produtivo\"}]},{\"@type\":\"WebSite\",\"@id\":\"https:\\\/\\\/conectagrao.com.br\\\/blog\\\/#website\",\"url\":\"https:\\\/\\\/conectagrao.com.br\\\/blog\\\/\",\"name\":\"ConectaGr\u00e3o\",\"description\":\"Conectando o futuro com o agroneg\u00f3cio.\",\"publisher\":{\"@id\":\"https:\\\/\\\/conectagrao.com.br\\\/blog\\\/#organization\"},\"alternateName\":\"conectagrao\",\"potentialAction\":[{\"@type\":\"SearchAction\",\"target\":{\"@type\":\"EntryPoint\",\"urlTemplate\":\"https:\\\/\\\/conectagrao.com.br\\\/blog\\\/?s={search_term_string}\"},\"query-input\":{\"@type\":\"PropertyValueSpecification\",\"valueRequired\":true,\"valueName\":\"search_term_string\"}}],\"inLanguage\":\"pt-BR\"},{\"@type\":\"Organization\",\"@id\":\"https:\\\/\\\/conectagrao.com.br\\\/blog\\\/#organization\",\"name\":\"ConectaGr\u00e3o\",\"alternateName\":\"conectagrao\",\"url\":\"https:\\\/\\\/conectagrao.com.br\\\/blog\\\/\",\"logo\":{\"@type\":\"ImageObject\",\"inLanguage\":\"pt-BR\",\"@id\":\"https:\\\/\\\/conectagrao.com.br\\\/blog\\\/#\\\/schema\\\/logo\\\/image\\\/\",\"url\":\"https:\\\/\\\/conectagrao.com.br\\\/blog\\\/wp-content\\\/uploads\\\/2025\\\/07\\\/ConectaGrao-6.png\",\"contentUrl\":\"https:\\\/\\\/conectagrao.com.br\\\/blog\\\/wp-content\\\/uploads\\\/2025\\\/07\\\/ConectaGrao-6.png\",\"width\":447,\"height\":559,\"caption\":\"ConectaGr\u00e3o\"},\"image\":{\"@id\":\"https:\\\/\\\/conectagrao.com.br\\\/blog\\\/#\\\/schema\\\/logo\\\/image\\\/\"},\"sameAs\":[\"https:\\\/\\\/www.facebook.com\\\/conectagrao\\\/\",\"https:\\\/\\\/www.tiktok.com\\\/@conectagrao?_t=ZM-8xPuS2d6MFB&_r=1\",\"https:\\\/\\\/www.threads.com\\\/@conectagrao\",\"https:\\\/\\\/www.youtube.com\\\/@conectagrao\",\"https:\\\/\\\/www.instagram.com\\\/conectagrao\"]},{\"@type\":\"Person\",\"@id\":\"https:\\\/\\\/conectagrao.com.br\\\/blog\\\/#\\\/schema\\\/person\\\/0110c2a65e3fe8c1eb38193d9f186a59\",\"name\":\"Kao\u00ea Rauch\",\"image\":{\"@type\":\"ImageObject\",\"inLanguage\":\"pt-BR\",\"@id\":\"https:\\\/\\\/secure.gravatar.com\\\/avatar\\\/0a44a558d0f8cd204343bb0098142aaf503447c453c3557bdf65ce2104d4d5e3?s=96&d=mm&r=g\",\"url\":\"https:\\\/\\\/secure.gravatar.com\\\/avatar\\\/0a44a558d0f8cd204343bb0098142aaf503447c453c3557bdf65ce2104d4d5e3?s=96&d=mm&r=g\",\"contentUrl\":\"https:\\\/\\\/secure.gravatar.com\\\/avatar\\\/0a44a558d0f8cd204343bb0098142aaf503447c453c3557bdf65ce2104d4d5e3?s=96&d=mm&r=g\",\"caption\":\"Kao\u00ea Rauch\"},\"description\":\"Kaoe Rauch \u00e9 t\u00e9cnico agr\u00edcola e fundador da ConectaGr\u00e3o. Com experi\u00eancia pr\u00e1tica no campo e forte conex\u00e3o com o agro, escreve conte\u00fados que unem viv\u00eancia rural, conhecimento t\u00e9cnico e olhar de mercado, sempre com o objetivo de aproximar produtores da informa\u00e7\u00e3o que realmente importa.\",\"url\":\"https:\\\/\\\/conectagrao.com.br\\\/blog\\\/author\\\/kaoe-rauch\\\/\"}]}<\/script>\n<!-- \/ Yoast SEO plugin. -->","yoast_head_json":{"title":"Vollverini Agross: Descompactador Rotativo para um Solo Mais Produtivo - ConectaGr\u00e3o","description":"Descubra como o Vollverini descompacta o solo sem agress\u00e3o, protege a palhada e aumenta a produtividade de forma sustent\u00e1vel.","robots":{"index":"index","follow":"follow","max-snippet":"max-snippet:-1","max-image-preview":"max-image-preview:large","max-video-preview":"max-video-preview:-1"},"canonical":"https:\/\/conectagrao.com.br\/blog\/vollverini-descompactador-rotativo-solo\/","og_locale":"pt_BR","og_type":"article","og_title":"Vollverini Agross: Descompactador Rotativo para um Solo Mais Produtivo - ConectaGr\u00e3o","og_description":"Descubra como o Vollverini descompacta o solo sem agress\u00e3o, protege a palhada e aumenta a produtividade de forma sustent\u00e1vel.","og_url":"https:\/\/conectagrao.com.br\/blog\/vollverini-descompactador-rotativo-solo\/","og_site_name":"ConectaGr\u00e3o","article_publisher":"https:\/\/www.facebook.com\/conectagrao\/","article_published_time":"2025-08-08T13:29:00+00:00","article_modified_time":"2025-08-08T18:54:04+00:00","og_image":[{"width":1200,"height":800,"url":"https:\/\/conectagrao.com.br\/blog\/wp-content\/uploads\/2025\/08\/equipamento_redimensionado_1200x800.jpeg","type":"image\/jpeg"}],"author":"Kao\u00ea Rauch","twitter_card":"summary_large_image","twitter_misc":{"Escrito por":"Kao\u00ea Rauch","Est. tempo de leitura":"8 minutos"},"schema":{"@context":"https:\/\/schema.org","@graph":[{"@type":"Article","@id":"https:\/\/conectagrao.com.br\/blog\/vollverini-descompactador-rotativo-solo\/#article","isPartOf":{"@id":"https:\/\/conectagrao.com.br\/blog\/vollverini-descompactador-rotativo-solo\/"},"author":{"name":"Kao\u00ea Rauch","@id":"https:\/\/conectagrao.com.br\/blog\/#\/schema\/person\/0110c2a65e3fe8c1eb38193d9f186a59"},"headline":"Vollverini Agross: Descompactador Rotativo para um Solo Mais Produtivo","datePublished":"2025-08-08T13:29:00+00:00","dateModified":"2025-08-08T18:54:04+00:00","mainEntityOfPage":{"@id":"https:\/\/conectagrao.com.br\/blog\/vollverini-descompactador-rotativo-solo\/"},"wordCount":941,"commentCount":0,"publisher":{"@id":"https:\/\/conectagrao.com.br\/blog\/#organization"},"image":{"@id":"https:\/\/conectagrao.com.br\/blog\/vollverini-descompactador-rotativo-solo\/#primaryimage"},"thumbnailUrl":"https:\/\/conectagrao.com.br\/blog\/wp-content\/uploads\/2025\/08\/equipamento_redimensionado_1200x800.jpeg","articleSection":["Blog","Tecnologia &amp; Maquinas"],"inLanguage":"pt-BR","potentialAction":[{"@type":"CommentAction","name":"Comment","target":["https:\/\/conectagrao.com.br\/blog\/vollverini-descompactador-rotativo-solo\/#respond"]}]},{"@type":"WebPage","@id":"https:\/\/conectagrao.com.br\/blog\/vollverini-descompactador-rotativo-solo\/","url":"https:\/\/conectagrao.com.br\/blog\/vollverini-descompactador-rotativo-solo\/","name":"Vollverini Agross: Descompactador Rotativo para um Solo Mais Produtivo - ConectaGr\u00e3o","isPartOf":{"@id":"https:\/\/conectagrao.com.br\/blog\/#website"},"primaryImageOfPage":{"@id":"https:\/\/conectagrao.com.br\/blog\/vollverini-descompactador-rotativo-solo\/#primaryimage"},"image":{"@id":"https:\/\/conectagrao.com.br\/blog\/vollverini-descompactador-rotativo-solo\/#primaryimage"},"thumbnailUrl":"https:\/\/conectagrao.com.br\/blog\/wp-content\/uploads\/2025\/08\/equipamento_redimensionado_1200x800.jpeg","datePublished":"2025-08-08T13:29:00+00:00","dateModified":"2025-08-08T18:54:04+00:00","description":"Descubra como o Vollverini descompacta o solo sem agress\u00e3o, protege a palhada e aumenta a produtividade de forma sustent\u00e1vel.","breadcrumb":{"@id":"https:\/\/conectagrao.com.br\/blog\/vollverini-descompactador-rotativo-solo\/#breadcrumb"},"inLanguage":"pt-BR","potentialAction":[{"@type":"ReadAction","target":["https:\/\/conectagrao.com.br\/blog\/vollverini-descompactador-rotativo-solo\/"]}]},{"@type":"ImageObject","inLanguage":"pt-BR","@id":"https:\/\/conectagrao.com.br\/blog\/vollverini-descompactador-rotativo-solo\/#primaryimage","url":"https:\/\/conectagrao.com.br\/blog\/wp-content\/uploads\/2025\/08\/equipamento_redimensionado_1200x800.jpeg","contentUrl":"https:\/\/conectagrao.com.br\/blog\/wp-content\/uploads\/2025\/08\/equipamento_redimensionado_1200x800.jpeg","width":1200,"height":800},{"@type":"BreadcrumbList","@id":"https:\/\/conectagrao.com.br\/blog\/vollverini-descompactador-rotativo-solo\/#breadcrumb","itemListElement":[{"@type":"ListItem","position":1,"name":"In\u00edcio","item":"https:\/\/conectagrao.com.br\/blog\/"},{"@type":"ListItem","position":2,"name":"Vollverini Agross: Descompactador Rotativo para um Solo Mais Produtivo"}]},{"@type":"WebSite","@id":"https:\/\/conectagrao.com.br\/blog\/#website","url":"https:\/\/conectagrao.com.br\/blog\/","name":"ConectaGr\u00e3o","description":"Conectando o futuro com o agroneg\u00f3cio.","publisher":{"@id":"https:\/\/conectagrao.com.br\/blog\/#organization"},"alternateName":"conectagrao","potentialAction":[{"@type":"SearchAction","target":{"@type":"EntryPoint","urlTemplate":"https:\/\/conectagrao.com.br\/blog\/?s={search_term_string}"},"query-input":{"@type":"PropertyValueSpecification","valueRequired":true,"valueName":"search_term_string"}}],"inLanguage":"pt-BR"},{"@type":"Organization","@id":"https:\/\/conectagrao.com.br\/blog\/#organization","name":"ConectaGr\u00e3o","alternateName":"conectagrao","url":"https:\/\/conectagrao.com.br\/blog\/","logo":{"@type":"ImageObject","inLanguage":"pt-BR","@id":"https:\/\/conectagrao.com.br\/blog\/#\/schema\/logo\/image\/","url":"https:\/\/conectagrao.com.br\/blog\/wp-content\/uploads\/2025\/07\/ConectaGrao-6.png","contentUrl":"https:\/\/conectagrao.com.br\/blog\/wp-content\/uploads\/2025\/07\/ConectaGrao-6.png","width":447,"height":559,"caption":"ConectaGr\u00e3o"},"image":{"@id":"https:\/\/conectagrao.com.br\/blog\/#\/schema\/logo\/image\/"},"sameAs":["https:\/\/www.facebook.com\/conectagrao\/","https:\/\/www.tiktok.com\/@conectagrao?_t=ZM-8xPuS2d6MFB&_r=1","https:\/\/www.threads.com\/@conectagrao","https:\/\/www.youtube.com\/@conectagrao","https:\/\/www.instagram.com\/conectagrao"]},{"@type":"Person","@id":"https:\/\/conectagrao.com.br\/blog\/#\/schema\/person\/0110c2a65e3fe8c1eb38193d9f186a59","name":"Kao\u00ea Rauch","image":{"@type":"ImageObject","inLanguage":"pt-BR","@id":"https:\/\/secure.gravatar.com\/avatar\/0a44a558d0f8cd204343bb0098142aaf503447c453c3557bdf65ce2104d4d5e3?s=96&d=mm&r=g","url":"https:\/\/secure.gravatar.com\/avatar\/0a44a558d0f8cd204343bb0098142aaf503447c453c3557bdf65ce2104d4d5e3?s=96&d=mm&r=g","contentUrl":"https:\/\/secure.gravatar.com\/avatar\/0a44a558d0f8cd204343bb0098142aaf503447c453c3557bdf65ce2104d4d5e3?s=96&d=mm&r=g","caption":"Kao\u00ea Rauch"},"description":"Kaoe Rauch \u00e9 t\u00e9cnico agr\u00edcola e fundador da ConectaGr\u00e3o. Com experi\u00eancia pr\u00e1tica no campo e forte conex\u00e3o com o agro, escreve conte\u00fados que unem viv\u00eancia rural, conhecimento t\u00e9cnico e olhar de mercado, sempre com o objetivo de aproximar produtores da informa\u00e7\u00e3o que realmente importa.","url":"https:\/\/conectagrao.com.br\/blog\/author\/kaoe-rauch\/"}]}},"uagb_featured_image_src":{"full":["https:\/\/conectagrao.com.br\/blog\/wp-content\/uploads\/2025\/08\/equipamento_redimensionado_1200x800.jpeg",1200,800,false],"thumbnail":["https:\/\/conectagrao.com.br\/blog\/wp-content\/uploads\/2025\/08\/equipamento_redimensionado_1200x800-150x150.jpeg",150,150,true],"medium":["https:\/\/conectagrao.com.br\/blog\/wp-content\/uploads\/2025\/08\/equipamento_redimensionado_1200x800-300x200.jpeg",300,200,true],"medium_large":["https:\/\/conectagrao.com.br\/blog\/wp-content\/uploads\/2025\/08\/equipamento_redimensionado_1200x800-768x512.jpeg",640,427,true],"large":["https:\/\/conectagrao.com.br\/blog\/wp-content\/uploads\/2025\/08\/equipamento_redimensionado_1200x800-1024x683.jpeg",640,427,true],"1536x1536":["https:\/\/conectagrao.com.br\/blog\/wp-content\/uploads\/2025\/08\/equipamento_redimensionado_1200x800.jpeg",1200,800,false],"2048x2048":["https:\/\/conectagrao.com.br\/blog\/wp-content\/uploads\/2025\/08\/equipamento_redimensionado_1200x800.jpeg",1200,800,false],"cvmm-medium":["https:\/\/conectagrao.com.br\/blog\/wp-content\/uploads\/2025\/08\/equipamento_redimensionado_1200x800-300x300.jpeg",300,300,true],"cvmm-medium-plus":["https:\/\/conectagrao.com.br\/blog\/wp-content\/uploads\/2025\/08\/equipamento_redimensionado_1200x800-305x207.jpeg",305,207,true],"cvmm-portrait":["https:\/\/conectagrao.com.br\/blog\/wp-content\/uploads\/2025\/08\/equipamento_redimensionado_1200x800-400x600.jpeg",400,600,true],"cvmm-medium-square":["https:\/\/conectagrao.com.br\/blog\/wp-content\/uploads\/2025\/08\/equipamento_redimensionado_1200x800-600x600.jpeg",600,600,true],"cvmm-large":["https:\/\/conectagrao.com.br\/blog\/wp-content\/uploads\/2025\/08\/equipamento_redimensionado_1200x800-1024x800.jpeg",1024,800,true],"cvmm-small":["https:\/\/conectagrao.com.br\/blog\/wp-content\/uploads\/2025\/08\/equipamento_redimensionado_1200x800-130x95.jpeg",130,95,true],"news-portal-block-medium":["https:\/\/conectagrao.com.br\/blog\/wp-content\/uploads\/2025\/08\/equipamento_redimensionado_1200x800-305x207.jpeg",305,207,true],"news-portal-block-thumb":["https:\/\/conectagrao.com.br\/blog\/wp-content\/uploads\/2025\/08\/equipamento_redimensionado_1200x800-136x102.jpeg",136,102,true],"news-portal-slider-medium":["https:\/\/conectagrao.com.br\/blog\/wp-content\/uploads\/2025\/08\/equipamento_redimensionado_1200x800-622x420.jpeg",622,420,true],"news-portal-carousel-portrait":["https:\/\/conectagrao.com.br\/blog\/wp-content\/uploads\/2025\/08\/equipamento_redimensionado_1200x800-400x600.jpeg",400,600,true],"news-portal-alternate-grid":["https:\/\/conectagrao.com.br\/blog\/wp-content\/uploads\/2025\/08\/equipamento_redimensionado_1200x800-340x316.jpeg",340,316,true],"web-stories-poster-portrait":["https:\/\/conectagrao.com.br\/blog\/wp-content\/uploads\/2025\/08\/equipamento_redimensionado_1200x800-640x800.jpeg",640,800,true],"web-stories-publisher-logo":["https:\/\/conectagrao.com.br\/blog\/wp-content\/uploads\/2025\/08\/equipamento_redimensionado_1200x800-96x96.jpeg",96,96,true],"web-stories-thumbnail":["https:\/\/conectagrao.com.br\/blog\/wp-content\/uploads\/2025\/08\/equipamento_redimensionado_1200x800-150x100.jpeg",150,100,true]},"uagb_author_info":{"display_name":"Kao\u00ea Rauch","author_link":"https:\/\/conectagrao.com.br\/blog\/author\/kaoe-rauch\/"},"uagb_comment_info":1,"uagb_excerpt":"Quem vive da agricultura sabe que o solo \u00e9 o bem mais precioso da lavoura. Se ele estiver bem cuidado, a produ\u00e7\u00e3o vem. No entanto, se estiver maltratado, n\u00e3o adianta nem investir em sementes ou insumos de qualidade \u2014 o preju\u00edzo bate \u00e0 porta. Pensando nisso, a Agross desenvolveu o Vollverini, um equipamento feito especialmente&hellip;","blog_post_layout_featured_media_urls":{"thumbnail":["https:\/\/conectagrao.com.br\/blog\/wp-content\/uploads\/2025\/08\/equipamento_redimensionado_1200x800-150x150.jpeg",150,150,true],"full":["https:\/\/conectagrao.com.br\/blog\/wp-content\/uploads\/2025\/08\/equipamento_redimensionado_1200x800.jpeg",1200,800,false]},"categories_names":{"1":{"name":"Blog","link":"https:\/\/conectagrao.com.br\/blog\/blog\/"},"30":{"name":"Tecnologia &amp; Maquinas","link":"https:\/\/conectagrao.com.br\/blog\/tecnologia\/"}},"tags_names":[],"comments_number":"0","wpmagazine_modules_lite_featured_media_urls":{"thumbnail":["https:\/\/conectagrao.com.br\/blog\/wp-content\/uploads\/2025\/08\/equipamento_redimensionado_1200x800-150x150.jpeg",150,150,true],"cvmm-medium":["https:\/\/conectagrao.com.br\/blog\/wp-content\/uploads\/2025\/08\/equipamento_redimensionado_1200x800-300x300.jpeg",300,300,true],"cvmm-medium-plus":["https:\/\/conectagrao.com.br\/blog\/wp-content\/uploads\/2025\/08\/equipamento_redimensionado_1200x800-305x207.jpeg",305,207,true],"cvmm-portrait":["https:\/\/conectagrao.com.br\/blog\/wp-content\/uploads\/2025\/08\/equipamento_redimensionado_1200x800-400x600.jpeg",400,600,true],"cvmm-medium-square":["https:\/\/conectagrao.com.br\/blog\/wp-content\/uploads\/2025\/08\/equipamento_redimensionado_1200x800-600x600.jpeg",600,600,true],"cvmm-large":["https:\/\/conectagrao.com.br\/blog\/wp-content\/uploads\/2025\/08\/equipamento_redimensionado_1200x800-1024x800.jpeg",1024,800,true],"cvmm-small":["https:\/\/conectagrao.com.br\/blog\/wp-content\/uploads\/2025\/08\/equipamento_redimensionado_1200x800-130x95.jpeg",130,95,true],"full":["https:\/\/conectagrao.com.br\/blog\/wp-content\/uploads\/2025\/08\/equipamento_redimensionado_1200x800.jpeg",1200,800,false]},"_links":{"self":[{"href":"https:\/\/conectagrao.com.br\/blog\/wp-json\/wp\/v2\/posts\/979","targetHints":{"allow":["GET"]}}],"collection":[{"href":"https:\/\/conectagrao.com.br\/blog\/wp-json\/wp\/v2\/posts"}],"about":[{"href":"https:\/\/conectagrao.com.br\/blog\/wp-json\/wp\/v2\/types\/post"}],"author":[{"embeddable":true,"href":"https:\/\/conectagrao.com.br\/blog\/wp-json\/wp\/v2\/users\/2"}],"replies":[{"embeddable":true,"href":"https:\/\/conectagrao.com.br\/blog\/wp-json\/wp\/v2\/comments?post=979"}],"version-history":[{"count":7,"href":"https:\/\/conectagrao.com.br\/blog\/wp-json\/wp\/v2\/posts\/979\/revisions"}],"predecessor-version":[{"id":1013,"href":"https:\/\/conectagrao.com.br\/blog\/wp-json\/wp\/v2\/posts\/979\/revisions\/1013"}],"wp:featuredmedia":[{"embeddable":true,"href":"https:\/\/conectagrao.com.br\/blog\/wp-json\/wp\/v2\/media\/1010"}],"wp:attachment":[{"href":"https:\/\/conectagrao.com.br\/blog\/wp-json\/wp\/v2\/media?parent=979"}],"wp:term":[{"taxonomy":"category","embeddable":true,"href":"https:\/\/conectagrao.com.br\/blog\/wp-json\/wp\/v2\/categories?post=979"},{"taxonomy":"post_tag","embeddable":true,"href":"https:\/\/conectagrao.com.br\/blog\/wp-json\/wp\/v2\/tags?post=979"}],"curies":[{"name":"wp","href":"https:\/\/api.w.org\/{rel}","templated":true}]}}